{"id":17681,"date":"2024-05-06T17:34:20","date_gmt":"2024-05-06T16:34:20","guid":{"rendered":"https:\/\/kommentatorenblog.de\/?p=17681"},"modified":"2024-05-08T19:14:51","modified_gmt":"2024-05-08T18:14:51","slug":"1423-endspurt","status":"publish","type":"post","link":"http:\/\/kommentatorenblog.de\/?p=17681","title":{"rendered":"1423 &#8211; Endspurt"},"content":{"rendered":"\n<p>N&#8217;Abend allerseits,<\/p>\n\n\n\n<p>drei Tage, vier Highlights, das ist die Bilanz aus deutscher Sicht f\u00fcr die den Zeitraum Dienstag bis Donnerstag. Erst stehen die beiden Champions League- Halbfinals der M\u00e4nner an, dann das DFB- Pokalfinale der Frauen am Donnerstagnachmittag und am Abend dann das Europa League- Halbfinale der M\u00e4nner mit Bayer Leverkusen. Alles zu den Europapokalpartien gibt es unten in der Analyse. Hier geht jetzt der Blick auf das DFB- Pokalfinale der Frauen:<\/p>\n\n\n\n<p>Am Donnerstag kommt es im DFB- Pokalfinale zum Klassiker: Der alte und neue deutsche Meister FC Bayern M\u00fcnchen trifft auf den Dauer- Pokalsieger und Tabellenzweiten aus Wolfsburg. Die W\u00f6lfinnen sind seit 49 (!) Spielen ungeschlagen in diesem Wettbewerb, haben letztmals in der Saison 2013\/14 ein Pokalspiel verloren und nunmehr neunmal in Folge den DFB- Pokal gewonnen.<\/p>\n\n\n\n<p>Egal, wer die Partie am Donnerstag gewinnt, sicher ist schon, dass die beiden Mannschaften voraussichtlich Ende August wieder aufeinandertreffen. Dann beim wiedereingef\u00fchrten Supercup. Austragungsort k\u00f6nnte Dresden sein, die \u00dcbertragungspartner sind uns noch nicht bekannt. Daf\u00fcr aber die Sender, die das diesj\u00e4hrige Pokalfinale \u00fcbertragen: Neben Sky zeigt das ZDF nach einigen Jahren auch wieder das Finale. Bereits in den 2010er Jahren \u00fcbertrug man, anschlie\u00dfend zeigte das Erste die (Halb- und) Finals live, ehe das Zweite letzte Saison wieder in die Pokalwettbewerbe (auch bei den M\u00e4nnern) einstieg und nun im Wechsel mit dem Ersten \u00fcbertr\u00e4gt. So \u00fcbernahm die ARD dieses Jahr das Halbfinale, letzte Jahr gab es dort das Finale und im Zweiten das Halbfinale zu sehen. Insgesamt d\u00fcrfte sich die Anzahl der \u00fcbertragenen Pokalspiele in den n\u00e4chsten Jahren durchaus gerne erh\u00f6hen, sowohl bei ARD und ZDF als auch bei Sky.<\/p>\n\n\n\n<p>Wenig \u00fcberraschend \u00fcbernimmt Claudia Neumann ein solches Finale im Zweiten, hat sie doch in letzter Zeit alle Finalspiele der Frauen im ZDF als Kommentatorin begleitet. Zeitgleich k\u00f6nnte es auch ihre Premiere bei einem DFB- Pokalfinale sein. Als Moderatorin wird Katja Streso fungieren, ihr erster Einsatz bei einem Fu\u00dfballspiel in diesem Jahr. Allerdings auch nicht ihr letzter in diesem Monat, denn sie wird auch das EM- Qualifikationsspiel gegen Polen begleiten, auch dann wird wieder Kathrin Lehmann als Expertin an ihrer Seite sein. <\/p>\n\n\n\n<p>Wie bereits erw\u00e4hnt zeigt auch Sky das Finale, und setzt hier wenig \u00fcberraschend auf Hannes Herrmann als Kommentator. Herrmann hat, seit Sky den DFB- Pokal der Frauen \u00fcbertr\u00e4gt, nahezu alle Partien (sofern zeitlich m\u00f6glich) kommentiert. Moderiert wird die \u00dcbertragung von Nele Schenker, als Expertinnen fungieren Julia Simic als auch Rachel Rinast, wobei Rinast wohl als Co- Kommentatorin im Einsatz sein wird. Sowohl Sky als auch das ZDF meldet sich ebenso wie das ARD- H\u00f6rfunkteam aus dem RheinEnergie Stadion in K\u00f6ln. F\u00fcr den H\u00f6rfunk d\u00fcrften Sara Schwedmann und Marc Eschweiler (UKW- Einblendungen), Taufig Khalil und Kristoffer Klein (Radiovollreportage) als auch Holger Dahl (Netcast) zum Einsatz kommen.<\/p>\n\n\n\n<p><strong>Die Ansetzungen vom 07. Mai bis zum 09. Mai 2024<\/strong><\/p>\n\n\n\n<hr class=\"wp-block-separator\"\/>\n\n\n\n<p><strong>DFB- Pokal Finale der Frauen (ZDF\/Sky)<\/strong><\/p>\n\n\n\n<p><span style=\"text-decoration: underline;\">Donnerstag, 09. Mai 2024, ab 15.40 Uhr (ZDF)<\/span><\/p>\n\n\n\n<p><em><strong>FC Bayern M\u00fcnchen<em><strong><span><b style=\"font-style: italic;\"> \u2013 <\/b><\/span><\/strong><\/em>VfL Wolfsburg (16.00 Uhr)<\/strong><\/em><br><img loading=\"lazy\" decoding=\"async\" width=\"10\" height=\"21\" class=\"wp-image-3656\" style=\"width: 10px;\" src=\"http:\/\/kommentatorenblog.de\/wp-content\/uploads\/2020\/09\/shure-55sh-ii-e1601485394796.jpg\" alt=\"\" srcset=\"http:\/\/kommentatorenblog.de\/wp-content\/uploads\/2020\/09\/shure-55sh-ii-e1601485394796.jpg 415w, http:\/\/kommentatorenblog.de\/wp-content\/uploads\/2020\/09\/shure-55sh-ii-e1601485394796-142x300.jpg 142w\" sizes=\"auto, (max-width: 10px) 100vw, 10px\" \/> ZDF: Claudia Neumann<br>Moderation (ZDF): Katja Streso, Expertin: Kathrin Lehmann, Field- Reporter\/in: Eike Papsdorf, Gari Paubandt<br><img loading=\"lazy\" decoding=\"async\" width=\"10\" height=\"21\" class=\"wp-image-3656\" style=\"width: 10px;\" src=\"http:\/\/kommentatorenblog.de\/wp-content\/uploads\/2020\/09\/shure-55sh-ii-e1601485394796.jpg\" alt=\"\" srcset=\"http:\/\/kommentatorenblog.de\/wp-content\/uploads\/2020\/09\/shure-55sh-ii-e1601485394796.jpg 415w, http:\/\/kommentatorenblog.de\/wp-content\/uploads\/2020\/09\/shure-55sh-ii-e1601485394796-142x300.jpg 142w\" sizes=\"auto, (max-width: 10px) 100vw, 10px\" \/> Sky: Hannes Herrmann, Expertin: Rachel Rinast<br>Moderation: Nele Schenker, Expertin: Julia Simic, Field- Reporter: Martin Gro\u00df<\/p>\n\n\n\n<p><strong>UEFA<\/strong> <strong>Champions League, Halbfinal-Hinspiele (Prime Video\/DAZN)<\/strong><\/p>\n\n\n\n<p><span style=\"text-decoration: underline;\">Dienstag, 07. Mai 2024, ab 20.00 Uhr (Prime)<\/span><\/p>\n\n\n\n<p><em><strong>Paris Saint- Germain<em><strong><span><b style=\"font-style: italic;\"> \u2013 <\/b><\/span><\/strong><\/em>Borussia Dortmund (21.00 Uhr)<\/strong><\/em><br><img loading=\"lazy\" decoding=\"async\" width=\"10\" height=\"21\" class=\"wp-image-3656\" style=\"width: 10px;\" src=\"http:\/\/kommentatorenblog.de\/wp-content\/uploads\/2020\/09\/shure-55sh-ii-e1601485394796.jpg\" alt=\"\" srcset=\"http:\/\/kommentatorenblog.de\/wp-content\/uploads\/2020\/09\/shure-55sh-ii-e1601485394796.jpg 415w, http:\/\/kommentatorenblog.de\/wp-content\/uploads\/2020\/09\/shure-55sh-ii-e1601485394796-142x300.jpg 142w\" sizes=\"auto, (max-width: 10px) 100vw, 10px\" \/> Jonas Friedrich, Experte: Benedikt H\u00f6wedes<br>Field-Reporter:innen: Annika Zimmermann und Sebastian Benesch<br>Moderation: Sebastian Hellmann, Expert:innen: Matthias Sammer, Tabea Kemme und Miroslav Klose <br>Schiedsrichter-Experte: Lutz Wagner <\/p>\n\n\n\n<p><span style=\"text-decoration: underline;\">Mittwoch, 08. Mai 2024, ab 20.00 Uhr (DAZN)<\/span><\/p>\n\n\n\n<p><em><strong>Real Madrid<em><strong><span><b style=\"font-style: italic;\"> \u2013 FC Bayern M\u00fcnchen<\/b><\/span><\/strong><\/em> (21.00 Uhr)<\/strong><\/em><br><img loading=\"lazy\" decoding=\"async\" width=\"10\" height=\"21\" class=\"wp-image-3656\" style=\"width: 10px;\" src=\"http:\/\/kommentatorenblog.de\/wp-content\/uploads\/2020\/09\/shure-55sh-ii-e1601485394796.jpg\" alt=\"\" srcset=\"http:\/\/kommentatorenblog.de\/wp-content\/uploads\/2020\/09\/shure-55sh-ii-e1601485394796.jpg 415w, http:\/\/kommentatorenblog.de\/wp-content\/uploads\/2020\/09\/shure-55sh-ii-e1601485394796-142x300.jpg 142w\" sizes=\"auto, (max-width: 10px) 100vw, 10px\" \/> Jan Platte, Experten: Michael Ballack und Sami Khedira<br>Moderation: Laura Wontorra, Field-Reporter: Daniel Herzog<\/p>\n\n\n\n<p><strong>UEFA<\/strong> <strong>Europa League \/ UEFA Europa Conference League, Halbfinal-Hinspiele (RTL\/RTL+)<\/strong><\/p>\n\n\n\n<p><span style=\"text-decoration: underline;\">Mittwoch, 08. Mai 2024, ab 18.45 Uhr (RTL+)<\/span><\/p>\n\n\n\n<p><em><strong>Club Br\u00fcgge \u2013 AC Florenz (18.45 Uhr)<\/strong><\/em><br><img loading=\"lazy\" decoding=\"async\" width=\"10\" height=\"21\" class=\"wp-image-3656\" style=\"width: 10px;\" src=\"http:\/\/kommentatorenblog.de\/wp-content\/uploads\/2020\/09\/shure-55sh-ii-e1601485394796.jpg\" alt=\"\" srcset=\"http:\/\/kommentatorenblog.de\/wp-content\/uploads\/2020\/09\/shure-55sh-ii-e1601485394796.jpg 415w, http:\/\/kommentatorenblog.de\/wp-content\/uploads\/2020\/09\/shure-55sh-ii-e1601485394796-142x300.jpg 142w\" sizes=\"auto, (max-width: 10px) 100vw, 10px\" \/> Stefan Fuckert (Einzelspiel)<\/p>\n\n\n\n<p><span style=\"text-decoration: underline;\">Donnerstag, 09. Mai 2024, ab 20.15 Uhr (RTL \/ RTL+)<\/span><\/p>\n\n\n\n<p><em><strong><span><b style=\"font-style: italic;\">Bayer 04 Leverkusen \u2013 AS Rom<\/b><\/span><\/strong><\/em> <em><strong>(21.00 Uhr)<\/strong><\/em><\/p>\n\n\n\n<p><em>RTL: <\/em><img loading=\"lazy\" decoding=\"async\" width=\"10\" height=\"21\" class=\"wp-image-3656\" style=\"width: 10px;\" src=\"http:\/\/kommentatorenblog.de\/wp-content\/uploads\/2020\/09\/shure-55sh-ii-e1601485394796.jpg\" alt=\"\" srcset=\"http:\/\/kommentatorenblog.de\/wp-content\/uploads\/2020\/09\/shure-55sh-ii-e1601485394796.jpg 415w, http:\/\/kommentatorenblog.de\/wp-content\/uploads\/2020\/09\/shure-55sh-ii-e1601485394796-142x300.jpg 142w\" sizes=\"auto, (max-width: 10px) 100vw, 10px\" \/> Marco Hagemann, Experte: Steffen Freund<br>Moderation (RTL): Laura Papendick, Experte: Lothar Matth\u00e4us<\/p>\n\n\n\n<p><em>RTL+: <\/em><img loading=\"lazy\" decoding=\"async\" width=\"10\" height=\"21\" class=\"wp-image-3656\" style=\"width: 10px;\" src=\"http:\/\/kommentatorenblog.de\/wp-content\/uploads\/2020\/09\/shure-55sh-ii-e1601485394796.jpg\" alt=\"\" srcset=\"http:\/\/kommentatorenblog.de\/wp-content\/uploads\/2020\/09\/shure-55sh-ii-e1601485394796.jpg 415w, http:\/\/kommentatorenblog.de\/wp-content\/uploads\/2020\/09\/shure-55sh-ii-e1601485394796-142x300.jpg 142w\" sizes=\"auto, (max-width: 10px) 100vw, 10px\" \/> Robby Hunke, Experte: Ansgar Brinkmann (Einzelspiel), Klaus Veltman (Konferenz)<\/p>\n\n\n\n<p>Field-Reporter: Felix G\u00f6rner und Christoph K\u00fcppers<\/p>\n\n\n\n<p><span style=\"text-decoration: underline;\">ab 20.15 Uhr (RTL+)<\/span><\/p>\n\n\n\n<p><strong><em>Atalanta Bergamo \u2013 Olympique Marseille (21.00 Uhr)<\/em><\/strong><br><img loading=\"lazy\" decoding=\"async\" width=\"10\" height=\"21\" class=\"wp-image-3656\" style=\"width: 10px;\" src=\"http:\/\/kommentatorenblog.de\/wp-content\/uploads\/2020\/09\/shure-55sh-ii-e1601485394796.jpg\" alt=\"\" srcset=\"http:\/\/kommentatorenblog.de\/wp-content\/uploads\/2020\/09\/shure-55sh-ii-e1601485394796.jpg 415w, http:\/\/kommentatorenblog.de\/wp-content\/uploads\/2020\/09\/shure-55sh-ii-e1601485394796-142x300.jpg 142w\" sizes=\"auto, (max-width: 10px) 100vw, 10px\" \/> Cornelius K\u00fcpper, Experte: Felix Kroos (Einzelspiel), Christian Stra\u00dfburger (Konferenz)<br>Field-Reporter: Thomas Wagner<\/p>\n\n\n\n<p><em><strong><em><strong>Olympiakos Pir\u00e4us \u2013 Aston Villa<\/strong><\/em> (21.00 Uhr)<\/strong><\/em><br><img loading=\"lazy\" decoding=\"async\" width=\"10\" height=\"21\" class=\"wp-image-3656\" style=\"width: 10px;\" src=\"http:\/\/kommentatorenblog.de\/wp-content\/uploads\/2020\/09\/shure-55sh-ii-e1601485394796.jpg\" alt=\"\" srcset=\"http:\/\/kommentatorenblog.de\/wp-content\/uploads\/2020\/09\/shure-55sh-ii-e1601485394796.jpg 415w, http:\/\/kommentatorenblog.de\/wp-content\/uploads\/2020\/09\/shure-55sh-ii-e1601485394796-142x300.jpg 142w\" sizes=\"auto, (max-width: 10px) 100vw, 10px\" \/> Michael Born (Einzelspiel), Oliver Seidler (Konferenz)<\/p>\n\n\n\n<p>Moderation (RTL+): Anna Kraft, Experte: Patrick Helmes<br>Community Host: Julius Fellermann<\/p>\n\n\n\n<hr class=\"wp-block-separator\"\/>\n\n\n\n<p><strong>2. Bundesliga (GER), Nachholspiel 32. Spieltag (Sky)<\/strong><\/p>\n\n\n\n<p><span style=\"text-decoration: underline;\"><span style=\"text-decoration: underline;\">Dienstag, 07. Mai 2024, ab 18.15 Uhr<\/span><\/span><\/p>\n\n\n\n<p><strong><em>VfL Osnabr\u00fcck<em><strong> \u2013 <\/strong><\/em>FC Schalke 04 (18.30 Uhr)<\/em><\/strong><br><img loading=\"lazy\" decoding=\"async\" width=\"10\" height=\"21\" class=\"wp-image-3656\" style=\"width: 10px;\" src=\"http:\/\/kommentatorenblog.de\/wp-content\/uploads\/2020\/09\/shure-55sh-ii-e1601485394796.jpg\" alt=\"\" srcset=\"http:\/\/kommentatorenblog.de\/wp-content\/uploads\/2020\/09\/shure-55sh-ii-e1601485394796.jpg 415w, http:\/\/kommentatorenblog.de\/wp-content\/uploads\/2020\/09\/shure-55sh-ii-e1601485394796-142x300.jpg 142w\" sizes=\"auto, (max-width: 10px) 100vw, 10px\" \/> Torsten Kunde<br>Field- Reporter: Dirk gro\u00dfe Schlarmann<\/p>\n\n\n\n<p><strong>Croky Cup (BEL), Finale<\/strong> <strong>(Sport1+)<\/strong><\/p>\n\n\n\n<p><span style=\"text-decoration: underline;\">Donnerstag, 09. Mai 2024<\/span><\/p>\n\n\n\n<p><strong><em>Royale Union Saint-Gilloise &#8211; Royal Antwerpen (15.30 Uhr)<\/em><\/strong><br><img loading=\"lazy\" decoding=\"async\" width=\"10\" height=\"21\" class=\"wp-image-3656\" style=\"width: 10px;\" src=\"http:\/\/kommentatorenblog.de\/wp-content\/uploads\/2020\/09\/shure-55sh-ii-e1601485394796.jpg\" alt=\"\" srcset=\"http:\/\/kommentatorenblog.de\/wp-content\/uploads\/2020\/09\/shure-55sh-ii-e1601485394796.jpg 415w, http:\/\/kommentatorenblog.de\/wp-content\/uploads\/2020\/09\/shure-55sh-ii-e1601485394796-142x300.jpg 142w\" sizes=\"auto, (max-width: 10px) 100vw, 10px\" \/> Hans- Joachim Wolff<\/p>\n\n\n\n<p><strong><strong>League One <\/strong>(ENG), <strong><strong>Playoff-Halbfinale, R\u00fcckspiel<\/strong><\/strong>e (Sportdigital FUSSBALL\/DAZN)<\/strong><\/p>\n\n\n\n<p><span style=\"text-decoration: underline;\">Dienstag, 07. Mai 2024<\/span><\/p>\n\n\n\n<p><strong><em>Bolton Wanderers &#8211; FC Barnsley (21.00 Uhr)<\/em><\/strong><br><img loading=\"lazy\" decoding=\"async\" width=\"10\" height=\"21\" class=\"wp-image-3656\" style=\"width: 10px;\" src=\"http:\/\/kommentatorenblog.de\/wp-content\/uploads\/2020\/09\/shure-55sh-ii-e1601485394796.jpg\" alt=\"\" srcset=\"http:\/\/kommentatorenblog.de\/wp-content\/uploads\/2020\/09\/shure-55sh-ii-e1601485394796.jpg 415w, http:\/\/kommentatorenblog.de\/wp-content\/uploads\/2020\/09\/shure-55sh-ii-e1601485394796-142x300.jpg 142w\" sizes=\"auto, (max-width: 10px) 100vw, 10px\" \/> Sportdigital FUSSBALL: Max Giesen<br><img loading=\"lazy\" decoding=\"async\" width=\"10\" height=\"21\" class=\"wp-image-3656\" style=\"width: 10px;\" src=\"http:\/\/kommentatorenblog.de\/wp-content\/uploads\/2020\/09\/shure-55sh-ii-e1601485394796.jpg\" alt=\"\" srcset=\"http:\/\/kommentatorenblog.de\/wp-content\/uploads\/2020\/09\/shure-55sh-ii-e1601485394796.jpg 415w, http:\/\/kommentatorenblog.de\/wp-content\/uploads\/2020\/09\/shure-55sh-ii-e1601485394796-142x300.jpg 142w\" sizes=\"auto, (max-width: 10px) 100vw, 10px\" \/> DAZN: Korbinian Rundel<\/p>\n\n\n\n<p><span style=\"text-decoration: underline;\">Mittwoch, 08. Mai 2024<\/span><\/p>\n\n\n\n<p><strong><em>Peterborough United &#8211; Oxford United (21.00 Uhr)<\/em><\/strong><br><img loading=\"lazy\" decoding=\"async\" width=\"10\" height=\"21\" class=\"wp-image-3656\" style=\"width: 10px;\" src=\"http:\/\/kommentatorenblog.de\/wp-content\/uploads\/2020\/09\/shure-55sh-ii-e1601485394796.jpg\" alt=\"\" srcset=\"http:\/\/kommentatorenblog.de\/wp-content\/uploads\/2020\/09\/shure-55sh-ii-e1601485394796.jpg 415w, http:\/\/kommentatorenblog.de\/wp-content\/uploads\/2020\/09\/shure-55sh-ii-e1601485394796-142x300.jpg 142w\" sizes=\"auto, (max-width: 10px) 100vw, 10px\" \/> Sportdigital FUSSBALL: Jonathan Dreier<br><img loading=\"lazy\" decoding=\"async\" width=\"10\" height=\"21\" class=\"wp-image-3656\" style=\"width: 10px;\" src=\"http:\/\/kommentatorenblog.de\/wp-content\/uploads\/2020\/09\/shure-55sh-ii-e1601485394796.jpg\" alt=\"\" srcset=\"http:\/\/kommentatorenblog.de\/wp-content\/uploads\/2020\/09\/shure-55sh-ii-e1601485394796.jpg 415w, http:\/\/kommentatorenblog.de\/wp-content\/uploads\/2020\/09\/shure-55sh-ii-e1601485394796-142x300.jpg 142w\" sizes=\"auto, (max-width: 10px) 100vw, 10px\" \/> DAZN: <s>Michael Brandes<\/s> Simon Sterzer<\/p>\n\n\n\n<p><strong><strong>League Two <\/strong>(ENG), <strong><strong>Playoff-Halbfinale, Hinspiel<\/strong><\/strong> (DAZN)<\/strong><\/p>\n\n\n\n<p><strong><em>Crawley Town FC &#8211; Milton Keynes Dons (20.30 Uhr)<\/em><\/strong><br><img loading=\"lazy\" decoding=\"async\" width=\"10\" height=\"21\" class=\"wp-image-3656\" style=\"width: 10px;\" src=\"http:\/\/kommentatorenblog.de\/wp-content\/uploads\/2020\/09\/shure-55sh-ii-e1601485394796.jpg\" alt=\"\" srcset=\"http:\/\/kommentatorenblog.de\/wp-content\/uploads\/2020\/09\/shure-55sh-ii-e1601485394796.jpg 415w, http:\/\/kommentatorenblog.de\/wp-content\/uploads\/2020\/09\/shure-55sh-ii-e1601485394796-142x300.jpg 142w\" sizes=\"auto, (max-width: 10px) 100vw, 10px\" \/> Oliver Fa\u00dfnacht<\/p>\n\n\n\n<hr class=\"wp-block-separator\"\/>\n\n\n\n<p><strong>Copa Libertadores, Gruppenphase<\/strong> <strong>(Sport1+)<\/strong><\/p>\n\n\n\n<p><span style=\"text-decoration: underline;\">Mittwoch, 08. Mai 2024<\/span><\/p>\n\n\n\n<p><strong><em>Rosario Central &#8211; Atl\u00e9tico Mineiro (00.00 Uhr)<\/em><\/strong><br><img loading=\"lazy\" decoding=\"async\" width=\"10\" height=\"21\" class=\"wp-image-3656\" style=\"width: 10px;\" src=\"http:\/\/kommentatorenblog.de\/wp-content\/uploads\/2020\/09\/shure-55sh-ii-e1601485394796.jpg\" alt=\"\" srcset=\"http:\/\/kommentatorenblog.de\/wp-content\/uploads\/2020\/09\/shure-55sh-ii-e1601485394796.jpg 415w, http:\/\/kommentatorenblog.de\/wp-content\/uploads\/2020\/09\/shure-55sh-ii-e1601485394796-142x300.jpg 142w\" sizes=\"auto, (max-width: 10px) 100vw, 10px\" \/> Christoph Fetzer<\/p>\n\n\n\n<p><strong><em>Nacional Montevideo &#8211; River Plate (02.00 Uhr)<\/em><\/strong><br><img loading=\"lazy\" decoding=\"async\" width=\"10\" height=\"21\" class=\"wp-image-3656\" style=\"width: 10px;\" src=\"http:\/\/kommentatorenblog.de\/wp-content\/uploads\/2020\/09\/shure-55sh-ii-e1601485394796.jpg\" alt=\"\" srcset=\"http:\/\/kommentatorenblog.de\/wp-content\/uploads\/2020\/09\/shure-55sh-ii-e1601485394796.jpg 415w, http:\/\/kommentatorenblog.de\/wp-content\/uploads\/2020\/09\/shure-55sh-ii-e1601485394796-142x300.jpg 142w\" sizes=\"auto, (max-width: 10px) 100vw, 10px\" \/> Tobias Fischbeck<\/p>\n\n\n\n<p><strong><code>ANALYSE<\/code><\/strong><\/p>\n\n\n\n<p><strong>CL- Kracher<\/strong><\/p>\n\n\n\n<p>Am Dienstag gilt es f\u00fcr den BVB seinen 1:0 Vorsprung im Pariser Prinzenpark gegen PSG zu verteidigen. F\u00fcr die Dortmunder w\u00e4re es das erste Finale seit 2013 &#8211; damals verlor man in Wembley (auch dieses Jahr Finalort) gegen den FC Bayern. Das Duell gegen Paris \u00fcbertr\u00e4gt Prime wie gewohnt mit gro\u00dfer Crew live aus dem Stadion. Kommentieren wird dabei Jonas Friedrich zusammen mit Benedikt H\u00f6wedes. Die Expertenrunde an der Seite von Sebastian Hellmann reduziert sich wieder auf drei, Arjen Robben f\u00e4llt weg und anstelle von Josy Henning \u00fcbernimmt Tabea Kemme. Den Netcast der ARD kommentieren diesmal Armin Lehmann und Tim Wichmann.<\/p>\n\n\n\n<p>Am Mittwoch ist dann DAZN mit der \u00dcbertragung dran und sendet auch mit der kompletten, wenn auch im Vergleich zu Prime, kleineren Crew, aus dem Stadion, wenn Real Madrid den FC Bayern empfangen wird. Moderieren wird Laura Wontorra zusammen mit Michael Ballack, welcher auch an der Seite von Jan Platte die Partie kommentieren wird. Auf Stimmenfang wird Daniel Herzog gehen.  Florian Eckl und Andre Siems kommen zudem bei der Radiovollreportage der ARD- Infowellen und im Netcast zum Einsatz.<\/p>\n\n\n\n<p>Letztmals im Finale standen die M\u00fcnchner 2020, damals konnte man den Titel, wie auch 2013, gewinnen und schlug Paris Saint- Germain mit 1:0. <\/p>\n\n\n\n<p><strong>Leverkusen daheim gegen Rom<\/strong><\/p>\n\n\n\n<p>Champions League- Sieger konnte Bayer Leverkusen noch nie werden, 2002, der &#8222;Vizekusen&#8220;- Saison verlor man im Finale. Daf\u00fcr wurde man 1988 UEFA-Pokalsieger. Nun gilt es im R\u00fcckspiel gegen Rom in der heimischen BayArena den 2:0- Hinspielerfolg zu verteidigen. RTL \u00fcbertr\u00e4gt die Partie sowohl im Free- TV als auch auf ihrer Streamingplattform live. Bei RTL sind dabei wie gewohnt Marco Hagemann und Steffen Freund zu h\u00f6ren, bei RTL+ gibt es bez\u00fcglich des Leverkusenspiels eine kleine \u00dcberraschung, hier kommentiert Robert Hunke, aber nicht mit Patrick Helmes, sondern mit Ansgar Brinkmann. In der Konferenz \u00fcbernimmt wieder Klaus Veltman die Werkself. Die Konferenz besteht dabei diesmal nur aus drei Partien, da das Halbfinale zwischen Florenz und Br\u00fcgge bereits am fr\u00fchen Mittwochabend stattfindet. Es kommentiert Stefan Fuckert<\/p>\n\n\n\n<p>Bei den Field- Reportern mischt RTL einmal kr\u00e4ftig durch, K\u00fcppers und G\u00f6rner sind in Leverkusen im Einsatz, w\u00e4hrend Wagner in Bergamo auf Stimmenfang geht. Die Vollreportage f\u00fcr den ARD-H\u00f6rfunk \u00fcbernehmen Holger Dahl und Daniel Neuhaus.<\/p>\n\n\n\n<p>Neben den K.o.- Spielen findet zudem am Dienstag noch das 2. Liga- Nachholspiel zwischen Osnabr\u00fcck und Schalke statt, kommentieren wird Torsten Kunde aus der Box. Im Millerntorstadion wird Dirk gro\u00dfe Schlarmann die Interviews f\u00fchren.<\/p>\n\n\n\n<p>Damit w\u00fcnschen wir euch eine sch\u00f6ne Woche, am Donnerstag meldet sich dann Karl mit dem vorletzten Spieltag.<\/p>\n","protected":false},"excerpt":{"rendered":"<p>N&#8217;Abend allerseits, drei Tage, vier Highlights, das ist die Bilanz aus deutscher Sicht f\u00fcr die den Zeitraum Dienstag bis Donnerstag. Erst stehen die beiden Champions League- Halbfinals der M\u00e4nner an, dann das DFB- Pokalfinale der Frauen am Donnerstagnachmittag und am Abend dann das Europa League- Halbfinale der M\u00e4nner mit Bayer Leverkusen. Alles zu den Europapokalpartien [&hellip;]<\/p>\n","protected":false},"author":10,"featured_media":0,"comment_status":"open","ping_status":"open","sticky":false,"template":"","format":"standard","meta":{"footnotes":""},"categories":[425,504],"tags":[517,689,337,35,302,668,36,614,212,13,392,797,611,695,32,104,792,48,69,507,1094,737,676,962,75,44,31,43,1037,500,114,742,369,665,113,903,947,966,853,98,22,134,394,151,33,927,87,37],"class_list":["post-17681","post","type-post","status-publish","format-standard","hentry","category-champions-league-und-co","category-dfb-pokal-co","tag-anna-kraft","tag-ansgar-brinkmann","tag-benedikt-hoewedes","tag-christian-strassburger","tag-christoph-fetzer","tag-christoph-kueppers","tag-claudia-neumann","tag-cornelius-kuepper","tag-daniel-herzog","tag-dazn","tag-dirk-grosse-schlarmann","tag-eike-papsdorf","tag-felix-goerner","tag-felix-kroos","tag-gari-paubandt","tag-hannes-herrmann","tag-hans-joachim-wolff","tag-jan-platte","tag-jonas-friedrich","tag-jonathan-dreier","tag-julius-fellermann","tag-kathrin-lehmann","tag-klaus-veltman","tag-korbinian-rundel","tag-laura-papendick","tag-laura-wontorra","tag-lothar-matthaeus","tag-marco-hagemann","tag-max-giesen","tag-michael-ballack","tag-michael-born","tag-michael-brandes","tag-nele-schenker","tag-oliver-fassnacht-2","tag-oliver-seidler","tag-patrick-helmes","tag-prime","tag-rachel-rinast","tag-robert-hunke","tag-sebastian-hellmann","tag-sky","tag-sportdigital-fussball","tag-stefan-fuckert","tag-steffen-freund","tag-thomas-wagner","tag-tobias-fischbeck","tag-torsten-kunde","tag-zdf"],"_links":{"self":[{"href":"http:\/\/kommentatorenblog.de\/index.php?rest_route=\/wp\/v2\/posts\/17681","targetHints":{"allow":["GET"]}}],"collection":[{"href":"http:\/\/kommentatorenblog.de\/index.php?rest_route=\/wp\/v2\/posts"}],"about":[{"href":"http:\/\/kommentatorenblog.de\/index.php?rest_route=\/wp\/v2\/types\/post"}],"author":[{"embeddable":true,"href":"http:\/\/kommentatorenblog.de\/index.php?rest_route=\/wp\/v2\/users\/10"}],"replies":[{"embeddable":true,"href":"http:\/\/kommentatorenblog.de\/index.php?rest_route=%2Fwp%2Fv2%2Fcomments&post=17681"}],"version-history":[{"count":17,"href":"http:\/\/kommentatorenblog.de\/index.php?rest_route=\/wp\/v2\/posts\/17681\/revisions"}],"predecessor-version":[{"id":17761,"href":"http:\/\/kommentatorenblog.de\/index.php?rest_route=\/wp\/v2\/posts\/17681\/revisions\/17761"}],"wp:attachment":[{"href":"http:\/\/kommentatorenblog.de\/index.php?rest_route=%2Fwp%2Fv2%2Fmedia&parent=17681"}],"wp:term":[{"taxonomy":"category","embeddable":true,"href":"http:\/\/kommentatorenblog.de\/index.php?rest_route=%2Fwp%2Fv2%2Fcategories&post=17681"},{"taxonomy":"post_tag","embeddable":true,"href":"http:\/\/kommentatorenblog.de\/index.php?rest_route=%2Fwp%2Fv2%2Ftags&post=17681"}],"curies":[{"name":"wp","href":"https:\/\/api.w.org\/{rel}","templated":true}]}}