{"id":17752,"date":"2024-05-30T19:48:56","date_gmt":"2024-05-30T18:48:56","guid":{"rendered":"https:\/\/kommentatorenblog.de\/?p=17752"},"modified":"2024-06-05T06:41:44","modified_gmt":"2024-06-05T05:41:44","slug":"1428-wembley-calling","status":"publish","type":"post","link":"http:\/\/kommentatorenblog.de\/?p=17752","title":{"rendered":"1428 &#8211; Wembley calling"},"content":{"rendered":"\n<p>N&#8217;Abend allerseits,<\/p>\n\n\n\n<p><span style=\"text-decoration: underline;\">25. Mai 2013, Wembley- Stadion, Champions League- Finale <\/span><\/p>\n\n\n\n<p><strong><em>Borussia Dortmund &#8211; FC Bayern M\u00fcnchen <\/em><\/strong><br><img loading=\"lazy\" decoding=\"async\" width=\"10\" height=\"21\" class=\"wp-image-3656\" style=\"width: 10px;\" src=\"http:\/\/kommentatorenblog.de\/wp-content\/uploads\/2020\/09\/shure-55sh-ii-e1601485394796.jpg\" alt=\"\" srcset=\"http:\/\/kommentatorenblog.de\/wp-content\/uploads\/2020\/09\/shure-55sh-ii-e1601485394796.jpg 415w, http:\/\/kommentatorenblog.de\/wp-content\/uploads\/2020\/09\/shure-55sh-ii-e1601485394796-142x300.jpg 142w\" sizes=\"auto, (max-width: 10px) 100vw, 10px\" \/> <em>ZDF<\/em>: Bela R\u00e9thy<br>Moderation (ZDF): Oliver Welke, Experten: Oliver Kahn, Field- Reporter: Jochen Breyer und Boris B\u00fcchler<\/p>\n\n\n\n<p><img loading=\"lazy\" decoding=\"async\" width=\"10\" height=\"21\" class=\"wp-image-3656\" style=\"width: 10px;\" src=\"http:\/\/kommentatorenblog.de\/wp-content\/uploads\/2020\/09\/shure-55sh-ii-e1601485394796.jpg\" alt=\"\" srcset=\"http:\/\/kommentatorenblog.de\/wp-content\/uploads\/2020\/09\/shure-55sh-ii-e1601485394796.jpg 415w, http:\/\/kommentatorenblog.de\/wp-content\/uploads\/2020\/09\/shure-55sh-ii-e1601485394796-142x300.jpg 142w\" sizes=\"auto, (max-width: 10px) 100vw, 10px\" \/> <em>Sky<\/em>: Marcel Reif<br>Moderation (Sky Stadion): Patrick Wasserziehr, Experten: Franz Beckenbauer<br>Moderation (Sky Studio): Sebastian Hellmann, Experten: Ottmar Hitzfeld, Christoph Metzelder, Harald Schmidt &amp; Erik Meijer<br>Field- Reporter: Jan Henkel, Michael Leopold, Trib\u00fcne: Jessica Kastrop<\/p>\n\n\n\n<p>Gut 11 Jahre sp\u00e4ter hei\u00dft es wieder Wembley, wieder Champions League- Finale, wieder der BVB und fast auch die Bayern. Wieder im ZDF, anstelle von Sky aber bei DAZN.<\/p>\n\n\n\n<p>Am Samstag, den 01. Juni trifft Dortmund im Finale der K\u00f6nigsklasse auf Real Madrid, der Mannschaft, die man 2013 im Halbfinale durch einen 4:1- Hinspielsieg bezwingen konnte. Nun also das Duell im Finale, gleichzeitig auch das letzte Spiel von Toni Kroos f\u00fcr die K\u00f6niglichen. F\u00fcnf Champions League- Titel hat Kroos ja bereits gewonnen, einer davon 2013 in Wembley mit den Bayern gegen den BVB.<\/p>\n\n\n\n<p>Nun also ein spanisch- deutsches Finale in England als Kroos- Abschied bei Real, bald dann die Euro im eigenen Land als letztes Turnier in der Karriere eines Gro\u00dfen, der Ausgang nat\u00fcrlich ungewiss, das Interesse am DFB- Team scheint aber da zu sein, nimmt man die Zuschauerzahlen beim \u00f6ffentlichen Training in Jena als Grundlage.<\/p>\n\n\n\n<p>Zwischen CL- Finale und der Europameisterschaft in Deutschland kommt auch noch was anderes europ\u00e4isches und sehr wichtiges: die Europawahl n\u00e4chsten Sonntag (09.06 | je nach Ort dann auch noch weitere Wahlen). Dazu der Aufruf von <em>mir<\/em>: Geht w\u00e4hlen! F\u00fcr Freiheit und Demokratie!<\/p>\n\n\n\n<p><span style=\"text-decoration: underline;\">Jetzt aber die Ansetzungen vom 31. Mai 2024 bis 04. Juni 2024:<\/span><\/p>\n\n\n\n<p><strong>Champions League, Finale (ZDF\/DAZN)<\/strong><\/p>\n\n\n\n<p><span style=\"text-decoration: underline;\">Samstag, 01. Juni 2024, ab <s>19.25<\/s> 19.35 Uhr (ZDF) bzw. ab 20.15 Uhr (DAZN)<\/span><\/p>\n\n\n\n<p><strong><em>Borussia Dortmund &#8211; Real Madrid (21.00 Uhr)<\/em><\/strong><br><img loading=\"lazy\" decoding=\"async\" width=\"10\" height=\"21\" class=\"wp-image-3656\" style=\"width: 10px;\" src=\"http:\/\/kommentatorenblog.de\/wp-content\/uploads\/2020\/09\/shure-55sh-ii-e1601485394796.jpg\" alt=\"\" srcset=\"http:\/\/kommentatorenblog.de\/wp-content\/uploads\/2020\/09\/shure-55sh-ii-e1601485394796.jpg 415w, http:\/\/kommentatorenblog.de\/wp-content\/uploads\/2020\/09\/shure-55sh-ii-e1601485394796-142x300.jpg 142w\" sizes=\"auto, (max-width: 10px) 100vw, 10px\" \/> <em>ZDF<\/em>: Oliver Schmidt, Experte: Moritz Volz<br>Moderation (ZDF): Jochen Breyer, Experten: Per Mertesacker und Christoph Kramer<br>Field- Reporter\/in: Nils Kaben und <s>Claudia Neumann<\/s> Franziska M\u00fcllers, Schiri- Experte: Manuel Gr\u00e4fe<\/p>\n\n\n\n<p><img loading=\"lazy\" decoding=\"async\" width=\"10\" height=\"21\" class=\"wp-image-3656\" style=\"width: 10px;\" src=\"http:\/\/kommentatorenblog.de\/wp-content\/uploads\/2020\/09\/shure-55sh-ii-e1601485394796.jpg\" alt=\"\" srcset=\"http:\/\/kommentatorenblog.de\/wp-content\/uploads\/2020\/09\/shure-55sh-ii-e1601485394796.jpg 415w, http:\/\/kommentatorenblog.de\/wp-content\/uploads\/2020\/09\/shure-55sh-ii-e1601485394796-142x300.jpg 142w\" sizes=\"auto, (max-width: 10px) 100vw, 10px\" \/> <em>DAZN<\/em>: Jan Platte<br>Moderation (DAZN): Laura Wontorra, Experte: Michael Ballack, Field- Reporter: Daniel Herzog, Reporterin: Miriam Sinno<\/p>\n\n\n\n<p><strong>EM- Qualifikation Frauen, 3. und 4. Spieltag (ZDF\/ARD)<\/strong><\/p>\n\n\n\n<p><span style=\"text-decoration: underline;\">Freitag, 31. Mai 2024, 20.15 Uhr (ZDF)<\/span><\/p>\n\n\n\n<p><strong><em>Deutschland &#8211; Polen (20.30 Uhr)<\/em><\/strong><br><img loading=\"lazy\" decoding=\"async\" width=\"10\" height=\"21\" class=\"wp-image-3656\" style=\"width: 10px;\" src=\"http:\/\/kommentatorenblog.de\/wp-content\/uploads\/2020\/09\/shure-55sh-ii-e1601485394796.jpg\" alt=\"\" srcset=\"http:\/\/kommentatorenblog.de\/wp-content\/uploads\/2020\/09\/shure-55sh-ii-e1601485394796.jpg 415w, http:\/\/kommentatorenblog.de\/wp-content\/uploads\/2020\/09\/shure-55sh-ii-e1601485394796-142x300.jpg 142w\" sizes=\"auto, (max-width: 10px) 100vw, 10px\" \/> Gari Paubandt<br>Moderation: Katja Streso, Expertin: Kathrin Lehmann<br>Field- Reporterin: Mareile Scheidemann<\/p>\n\n\n\n<p><span style=\"text-decoration: underline;\">Dienstag, 04. Juni 2024, 17.45 Uhr (ARD)<\/span><\/p>\n\n\n\n<p><strong><em>Polen &#8211; Deutschland (18.00 Uhr)<\/em><\/strong><br><img loading=\"lazy\" decoding=\"async\" width=\"10\" height=\"21\" class=\"wp-image-3656\" style=\"width: 10px;\" src=\"http:\/\/kommentatorenblog.de\/wp-content\/uploads\/2020\/09\/shure-55sh-ii-e1601485394796.jpg\" alt=\"\" srcset=\"http:\/\/kommentatorenblog.de\/wp-content\/uploads\/2020\/09\/shure-55sh-ii-e1601485394796.jpg 415w, http:\/\/kommentatorenblog.de\/wp-content\/uploads\/2020\/09\/shure-55sh-ii-e1601485394796-142x300.jpg 142w\" sizes=\"auto, (max-width: 10px) 100vw, 10px\" \/> Stephanie Baczyk<br>Moderation: Claus Lufen, Expertin: Almuth Schult<br>Field- Reporter:innen: Patrick Halatsch, Inka Blumensaat und Tabea Kunze<\/p>\n\n\n\n<p><strong>L\u00e4nderspiel der Herren, Testspiel (ARD)<\/strong><\/p>\n\n\n\n<p><span style=\"text-decoration: underline;\">Montag, 03. Juni 2024, ab 20.15 (ARD<\/span>)<\/p>\n\n\n\n<p><strong><em>Deutschland &#8211; Ukraine (20.45 Uhr)<\/em><\/strong><br><img loading=\"lazy\" decoding=\"async\" width=\"10\" height=\"21\" class=\"wp-image-3656\" style=\"width: 10px;\" src=\"http:\/\/kommentatorenblog.de\/wp-content\/uploads\/2020\/09\/shure-55sh-ii-e1601485394796.jpg\" alt=\"\" srcset=\"http:\/\/kommentatorenblog.de\/wp-content\/uploads\/2020\/09\/shure-55sh-ii-e1601485394796.jpg 415w, http:\/\/kommentatorenblog.de\/wp-content\/uploads\/2020\/09\/shure-55sh-ii-e1601485394796-142x300.jpg 142w\" sizes=\"auto, (max-width: 10px) 100vw, 10px\" \/> Tom Bartels, Experte: Thomas Broich<br>Moderation: Alexander Bommes, Experte: Bastian Schweinsteiger<br>Field- Reporterinnen: Julia Scharf und Julia B\u00fcchler<\/p>\n\n\n\n<p><strong>L\u00e4nderspiel der Herren, Testspiel (RTL\/DAZN)<\/strong><\/p>\n\n\n\n<p><span style=\"text-decoration: underline;\">Dienstag, 04. Juni 2024, ab 20.15 Uhr (RTL) bzw. ab 21.00 Uhr (DAZN)<\/span><\/p>\n\n\n\n<p><strong><em>Italien &#8211; T\u00fcrkei (21.00 Uhr)<\/em><\/strong><br><img loading=\"lazy\" decoding=\"async\" width=\"10\" height=\"21\" class=\"wp-image-3656\" style=\"width: 10px;\" src=\"http:\/\/kommentatorenblog.de\/wp-content\/uploads\/2020\/09\/shure-55sh-ii-e1601485394796.jpg\" alt=\"\" srcset=\"http:\/\/kommentatorenblog.de\/wp-content\/uploads\/2020\/09\/shure-55sh-ii-e1601485394796.jpg 415w, http:\/\/kommentatorenblog.de\/wp-content\/uploads\/2020\/09\/shure-55sh-ii-e1601485394796-142x300.jpg 142w\" sizes=\"auto, (max-width: 10px) 100vw, 10px\" \/> <em>RTL: <\/em>Marco Hagemann, Experte: Steffen Freund<br>Moderation (<em>RTL<\/em>): Laura Papendick, Experte: Felix Kroos<br>Field-Reporter: Thomas Wagner<\/p>\n\n\n\n<p><img loading=\"lazy\" decoding=\"async\" width=\"10\" height=\"21\" class=\"wp-image-3656\" style=\"width: 10px;\" src=\"http:\/\/kommentatorenblog.de\/wp-content\/uploads\/2020\/09\/shure-55sh-ii-e1601485394796.jpg\" alt=\"\" srcset=\"http:\/\/kommentatorenblog.de\/wp-content\/uploads\/2020\/09\/shure-55sh-ii-e1601485394796.jpg 415w, http:\/\/kommentatorenblog.de\/wp-content\/uploads\/2020\/09\/shure-55sh-ii-e1601485394796-142x300.jpg 142w\" sizes=\"auto, (max-width: 10px) 100vw, 10px\" \/> <em>DAZN:<\/em> Mario Rieker<\/p>\n\n\n\n<p><strong>L\u00e4nderspiel der Herren, Testspiele (DAZN)<\/strong><br><span style=\"text-decoration: underline;\">Montag, 03. Juni 2024<\/span><\/p>\n\n\n\n<p><strong><em>England &#8211; Bosnien-Herzegowina (20.45 Uhr)<\/em><\/strong><br><img loading=\"lazy\" decoding=\"async\" width=\"10\" height=\"21\" class=\"wp-image-3656\" style=\"width: 10px;\" src=\"http:\/\/kommentatorenblog.de\/wp-content\/uploads\/2020\/09\/shure-55sh-ii-e1601485394796.jpg\" alt=\"\" srcset=\"http:\/\/kommentatorenblog.de\/wp-content\/uploads\/2020\/09\/shure-55sh-ii-e1601485394796.jpg 415w, http:\/\/kommentatorenblog.de\/wp-content\/uploads\/2020\/09\/shure-55sh-ii-e1601485394796-142x300.jpg 142w\" sizes=\"auto, (max-width: 10px) 100vw, 10px\" \/> David Ploch<\/p>\n\n\n\n<p><span style=\"text-decoration: underline;\">Dienstag, 04. Juni 2024<\/span><br><strong><em>Schweiz &#8211; Estland (20.15 Uhr)<\/em><\/strong><br><img loading=\"lazy\" decoding=\"async\" width=\"10\" height=\"21\" class=\"wp-image-3656\" style=\"width: 10px;\" src=\"http:\/\/kommentatorenblog.de\/wp-content\/uploads\/2020\/09\/shure-55sh-ii-e1601485394796.jpg\" alt=\"\" srcset=\"http:\/\/kommentatorenblog.de\/wp-content\/uploads\/2020\/09\/shure-55sh-ii-e1601485394796.jpg 415w, http:\/\/kommentatorenblog.de\/wp-content\/uploads\/2020\/09\/shure-55sh-ii-e1601485394796-142x300.jpg 142w\" sizes=\"auto, (max-width: 10px) 100vw, 10px\" \/> Tobias Fischbeck<\/p>\n\n\n\n<p><strong><em>\u00d6sterreich &#8211; Serbien (20.45 Uhr)<\/em><\/strong><br><img loading=\"lazy\" decoding=\"async\" width=\"10\" height=\"21\" class=\"wp-image-3656\" style=\"width: 10px;\" src=\"http:\/\/kommentatorenblog.de\/wp-content\/uploads\/2020\/09\/shure-55sh-ii-e1601485394796.jpg\" alt=\"\" srcset=\"http:\/\/kommentatorenblog.de\/wp-content\/uploads\/2020\/09\/shure-55sh-ii-e1601485394796.jpg 415w, http:\/\/kommentatorenblog.de\/wp-content\/uploads\/2020\/09\/shure-55sh-ii-e1601485394796-142x300.jpg 142w\" sizes=\"auto, (max-width: 10px) 100vw, 10px\" \/> Oliver Fa\u00dfnacht<\/p>\n\n\n\n<p><strong>3. Liga, Aufstiegsspiele, R\u00fcckspiel (Magenta Sport)<\/strong><\/p>\n\n\n\n<p><span style=\"text-decoration: underline;\">Sonntag, 02. Juni 2024, ab 13.15 Uhr<\/span><br><strong><em>Hannover 96 II &#8211; FC W\u00fcrzburger Kickers (13.30 Uhr)<\/em><\/strong><br><img loading=\"lazy\" decoding=\"async\" width=\"10\" height=\"21\" class=\"wp-image-3656\" style=\"width: 10px;\" src=\"http:\/\/kommentatorenblog.de\/wp-content\/uploads\/2020\/09\/shure-55sh-ii-e1601485394796.jpg\" alt=\"\" srcset=\"http:\/\/kommentatorenblog.de\/wp-content\/uploads\/2020\/09\/shure-55sh-ii-e1601485394796.jpg 415w, http:\/\/kommentatorenblog.de\/wp-content\/uploads\/2020\/09\/shure-55sh-ii-e1601485394796-142x300.jpg 142w\" sizes=\"auto, (max-width: 10px) 100vw, 10px\" \/> Andreas Mann<br>Moderation: Christina Rann<\/p>\n\n\n\n<p><strong>Ligue 1, Relegation, R\u00fcckspiel (DAZN)<\/strong><\/p>\n\n\n\n<p><span style=\"text-decoration: underline;\">Samstag, 01. Juni 2024<\/span><br><strong><em>FC Metz &#8211; AS Saint-\u00c9tienne (17.00 Uhr)<\/em><\/strong><br><img loading=\"lazy\" decoding=\"async\" width=\"10\" height=\"21\" class=\"wp-image-3656\" style=\"width: 10px;\" src=\"http:\/\/kommentatorenblog.de\/wp-content\/uploads\/2020\/09\/shure-55sh-ii-e1601485394796.jpg\" alt=\"\" srcset=\"http:\/\/kommentatorenblog.de\/wp-content\/uploads\/2020\/09\/shure-55sh-ii-e1601485394796.jpg 415w, http:\/\/kommentatorenblog.de\/wp-content\/uploads\/2020\/09\/shure-55sh-ii-e1601485394796-142x300.jpg 142w\" sizes=\"auto, (max-width: 10px) 100vw, 10px\" \/> Stefan Galler<\/p>\n\n\n\n<p><strong><strong>Liga Profesional, 4. Spieltag (sportdigital Fu\u00dfball)<\/strong><\/strong><\/p>\n\n\n\n<p><span style=\"text-decoration: underline;\">Sonntag, 02. Juni 2024<\/span><br><strong><em>CA Platense &#8211; Boca Juniors (19.30 Uhr)<\/em><\/strong><br><img loading=\"lazy\" decoding=\"async\" width=\"10\" height=\"21\" class=\"wp-image-3656\" style=\"width: 10px;\" src=\"http:\/\/kommentatorenblog.de\/wp-content\/uploads\/2020\/09\/shure-55sh-ii-e1601485394796.jpg\" alt=\"\" srcset=\"http:\/\/kommentatorenblog.de\/wp-content\/uploads\/2020\/09\/shure-55sh-ii-e1601485394796.jpg 415w, http:\/\/kommentatorenblog.de\/wp-content\/uploads\/2020\/09\/shure-55sh-ii-e1601485394796-142x300.jpg 142w\" sizes=\"auto, (max-width: 10px) 100vw, 10px\" \/> Marvin Kirsch<\/p>\n\n\n\n<p><strong><strong>J. League, 17. Spieltag (sportdigital Fu\u00dfball)<\/strong><\/strong><\/p>\n\n\n\n<p><span style=\"text-decoration: underline;\">Samstag, 01. Juni 2024<\/span><br><strong><em>Urawa Red Diamonds &#8211; Vissel Kobe (09.00 Uhr)<\/em><\/strong><br><img loading=\"lazy\" decoding=\"async\" width=\"10\" height=\"21\" class=\"wp-image-3656\" style=\"width: 10px;\" src=\"http:\/\/kommentatorenblog.de\/wp-content\/uploads\/2020\/09\/shure-55sh-ii-e1601485394796.jpg\" alt=\"\" srcset=\"http:\/\/kommentatorenblog.de\/wp-content\/uploads\/2020\/09\/shure-55sh-ii-e1601485394796.jpg 415w, http:\/\/kommentatorenblog.de\/wp-content\/uploads\/2020\/09\/shure-55sh-ii-e1601485394796-142x300.jpg 142w\" sizes=\"auto, (max-width: 10px) 100vw, 10px\" \/> Jonathan Dreier<\/p>\n\n\n\n<p><strong><strong><code>ANALYSE<\/code><\/strong><\/strong><\/p>\n\n\n\n<p>Das letzte Spiel der &#8222;alten&#8220; Champions League steht an, ab n\u00e4chster Saison gibt es dann anstelle der Gruppenphase ein Liga- System. <br>Blickt man auf das Personal im Zweiten, so w\u00fcrde ich behaupten, setzt das ZDF mit Jochen Breyer und Oliver Schmidt seine &#8222;Nummer 1&#8220; auf der jeweiligen Position ein. Schmidt kommentiert dabei nicht alleine, sondern erh\u00e4lt Unterst\u00fctzung von Moritz Volz, der u.a. schon f\u00fcr Magenta und DAZN sowie beim Bundesliga- Worldfeed im Einsatz war und nun auch Kandidat f\u00fcr die Euro sein k\u00f6nnte. Breyer, der 2013 \u00fcbrigens Fielder war, analysiert die Partie mit Kramer und Mertesacker, die sicher bei der Euro dabei sind.<\/p>\n\n\n\n<p>Bei DAZN meldet sich insgesamt ein kleineres Team, hier \u00fcbernimmt Laura Wontorra die Moderation. Alex Schl\u00fcter hatte sich ja bereits am 33. Spieltag verabschiedet, ein CL- Finale als Abschiedsgeschenk bekommt er nicht. Als Kommentator fungiert Jan Platte.<\/p>\n\n\n\n<p>Bereits am Freitag \u00fcbertr\u00e4gt das ZDF das dritte Qualifikationsspiel f\u00fcr die Euro 2025 der Frauen. Nachdem Claudia Neumann das DFB- Pokalfinale kommentiert hat, \u00fcbernimmt nun wieder Gari Paubandt. Am Dienstag steht dann auch das vierte Gruppenspiel an, diesmal in Polen und im Ersten zu sehen. Wenig \u00fcberraschend analysiert Claus Lufen mit Almuth Schult die Partie, Kommentatorin wird diesmal Stephanie Baczyk sein.<\/p>\n\n\n\n<p>Bereits am Vorabend hat das Erste eine Fu\u00dfball-Partie im Angebot: den vorletzten Test der DFB- M\u00e4nner vor der EM. Bommes und Bartels f\u00fchren dabei mit Schweinsteiger und Broich durch die Partie, ein Quartett, das auch so beim EM- Finale zum Einsatz kommen k\u00f6nnte.<\/p>\n\n\n\n<p>Damit allen ein sch\u00f6nes Wochenende.  Am Montag meldet sich Hannes an der Stelle mit einem neuen Beitrag und einem ganz besonderen Interview. Zu Gast: eine Legende. Mehr dazu dann wie gesagt am Montag und Donnerstag.<br>Rechtzeitig vor der EM liefern wir euch nochmal einen \u00dcberblick \u00fcber die TV- Teams der jeweiligen Sender und dann nat\u00fcrlich auch alle Ansetzungen, sowohl hier im Blog als nat\u00fcrlich auch auf unserem <a href=\"https:\/\/www.instagram.com\/kommentatorenblog.de\/\">Instagram- Kanal<\/a>. Dort findet ihr auch einen \u00dcbersicht, wer wie h\u00e4ufig euren Bundesliga-Club in der abgelaufenen Saison kommentiert hat.<\/p>\n\n\n\n<hr class=\"wp-block-separator\"\/>\n\n\n\n<p><\/p>\n","protected":false},"excerpt":{"rendered":"<p>N&#8217;Abend allerseits, 25. Mai 2013, Wembley- Stadion, Champions League- Finale Borussia Dortmund &#8211; FC Bayern M\u00fcnchen ZDF: Bela R\u00e9thyModeration (ZDF): Oliver Welke, Experten: Oliver Kahn, Field- Reporter: Jochen Breyer und Boris B\u00fcchler Sky: Marcel ReifModeration (Sky Stadion): Patrick Wasserziehr, Experten: Franz BeckenbauerModeration (Sky Studio): Sebastian Hellmann, Experten: Ottmar Hitzfeld, Christoph Metzelder, Harald Schmidt &amp; Erik [&hellip;]<\/p>\n","protected":false},"author":10,"featured_media":0,"comment_status":"open","ping_status":"open","sticky":false,"template":"","format":"standard","meta":{"footnotes":""},"categories":[426],"tags":[246,548,216,19,355,657,544,36,636,212,165,13,695,830,32,1075,48,39,507,605,248,737,958,75,44,9,1112,43,1113,243,581,1111,733,665,109,497,161,138,154,151,620,1133,247,33,927,273,37],"class_list":["post-17752","post","type-post","status-publish","format-standard","hentry","category-laenderspiele","tag-alexander-bommes","tag-almuth-schult","tag-andreas-mann","tag-ard","tag-bastian-schweinsteiger","tag-christina-rann","tag-christoph-kramer","tag-claudia-neumann","tag-claus-lufen","tag-daniel-herzog","tag-david-ploch","tag-dazn","tag-felix-kroos","tag-franziska-muellers","tag-gari-paubandt","tag-inka-blumensaat","tag-jan-platte","tag-jochen-breyer","tag-jonathan-dreier","tag-julia-buechler","tag-julia-scharf","tag-kathrin-lehmann","tag-katja-streso","tag-laura-papendick","tag-laura-wontorra","tag-magenta-sport","tag-manuel-graefe","tag-marco-hagemann","tag-mareile-scheidemann","tag-mario-rieker","tag-marvin-kirsch","tag-moritz-volz","tag-nils-kaben","tag-oliver-fassnacht-2","tag-oliver-schmidt","tag-patrick-halatsch","tag-per-mertesacker","tag-rtl","tag-stefan-galler","tag-steffen-freund","tag-stephanie-baczyk","tag-tabea-kunze","tag-thomas-broich","tag-thomas-wagner","tag-tobias-fischbeck","tag-tom-bartels","tag-zdf"],"_links":{"self":[{"href":"http:\/\/kommentatorenblog.de\/index.php?rest_route=\/wp\/v2\/posts\/17752","targetHints":{"allow":["GET"]}}],"collection":[{"href":"http:\/\/kommentatorenblog.de\/index.php?rest_route=\/wp\/v2\/posts"}],"about":[{"href":"http:\/\/kommentatorenblog.de\/index.php?rest_route=\/wp\/v2\/types\/post"}],"author":[{"embeddable":true,"href":"http:\/\/kommentatorenblog.de\/index.php?rest_route=\/wp\/v2\/users\/10"}],"replies":[{"embeddable":true,"href":"http:\/\/kommentatorenblog.de\/index.php?rest_route=%2Fwp%2Fv2%2Fcomments&post=17752"}],"version-history":[{"count":39,"href":"http:\/\/kommentatorenblog.de\/index.php?rest_route=\/wp\/v2\/posts\/17752\/revisions"}],"predecessor-version":[{"id":18098,"href":"http:\/\/kommentatorenblog.de\/index.php?rest_route=\/wp\/v2\/posts\/17752\/revisions\/18098"}],"wp:attachment":[{"href":"http:\/\/kommentatorenblog.de\/index.php?rest_route=%2Fwp%2Fv2%2Fmedia&parent=17752"}],"wp:term":[{"taxonomy":"category","embeddable":true,"href":"http:\/\/kommentatorenblog.de\/index.php?rest_route=%2Fwp%2Fv2%2Fcategories&post=17752"},{"taxonomy":"post_tag","embeddable":true,"href":"http:\/\/kommentatorenblog.de\/index.php?rest_route=%2Fwp%2Fv2%2Ftags&post=17752"}],"curies":[{"name":"wp","href":"https:\/\/api.w.org\/{rel}","templated":true}]}}