{"id":1777,"date":"2020-03-15T11:16:09","date_gmt":"2020-03-15T11:16:09","guid":{"rendered":"https:\/\/kommentatorenblog.de\/?p=1777"},"modified":"2020-12-30T16:05:56","modified_gmt":"2020-12-30T16:05:56","slug":"1065-waere-waere-fahrradkette","status":"publish","type":"post","link":"http:\/\/kommentatorenblog.de\/?p=1777","title":{"rendered":"1065 \u2013 W\u00e4re, w\u00e4re -Fahrradkette"},"content":{"rendered":"\n<p>Nachtrag: <\/p>\n\n\n\n<p>Ansetzungen f\u00fcr das kommende Wochende:<\/p>\n\n\n\n<p>Freitag, 20. M\u00e4rz 2020<\/p>\n\n\n\n<p>Hyundai A-League, 27. Spieltag: <strong><em>Brisbane Roar \u2013 Newcastle United Jets (09.36 Uhr)<\/em><\/strong><\/p>\n\n\n\n<p>Sportdigital FUSSBALL\/DAZN: Karsten Linke<\/p>\n\n\n\n<p>Samstag, 21. M\u00e4rz 2020<\/p>\n\n\n\n<p>Hyundai A-League, 24. Spieltag: <strong><em>Western Sydney Wanderers \u2013 Sydney FC (09.36 Uhr)<\/em><\/strong><\/p>\n\n\n\n<p>Sportdigital FUSSBALL\/DAZN: Karsten Linke<\/p>\n\n\n\n<p>Montag, 22. M\u00e4rz 2020, ab 09.00 Uhr<\/p>\n\n\n\n<p>Hyundai A-League, 26. Spieltag: <strong><em>Newcastle United Jets \u2013 Melbourne City (09.36 Uhr)<\/em><\/strong><\/p>\n\n\n\n<p>Sportdigital FUSSBALL\/DAZN\/Sky: Karsten Linke<\/p>\n\n\n\n<p>Hyundai A-League, 24. Spieltag: <strong><em>Perth Glory &#8211; Western United FC (11.36 Uhr)<\/em><\/strong><\/p>\n\n\n\n<p>Sportdigital FUSSBALL\/DAZN\/Sky: Florian Obst<\/p>\n\n\n\n<p>Moderation (Sportdigital FUSSBALL): Uli Pingel<\/p>\n\n\n\n<p>Kleine Analyse:<\/p>\n\n\n\n<p>Am Wochenende wird noch ein bisschen in Australien gekickt. Karsten Linke darf sogar gleich 3 Mal ran! Sch\u00f6nes Wochenende <\/p>\n\n\n\n<p><\/p>\n\n\n\n<p>N&#8217;Abend allerseits,<\/p>\n\n\n\n<p>W\u00e4re, w\u00e4re &#8211; Fahrradkette &#8211; so war damals die neuartige Sprichwortsch\u00f6pfung von Matth\u00e4us w\u00e4hrend einer Topspiel\u00fcbertragung von Sky. <\/p>\n\n\n\n<p>Jener Lothar Matth\u00e4us H\u00c4TTE von einer stimmungsvollen Partie an der Alten F\u00f6rsterei berichtet. Ein packendes Revierderby H\u00c4TTEN wir mit Wolff-Fuss wohl erlebt. Jogi Hebel W\u00c4RE mit drei Live-Spielen an zwei Tage der Kommentator der Wochenendes gewesen. Und den Abschluss des Fu\u00dfball-Wochenendes H\u00c4TTE am Montag das Merseyside-Derby mit Schmiso und Mladen Petric gebildet. Ihr merkt: Ganz sch\u00f6n viel Konjunktiv!<\/p>\n\n\n\n<p>Aber: Fussball hat Pause, um die Verbreitung des Coronavirus zu zu verlangsamen &#8211; nat\u00fcrlich die richtige Entscheidung. Das <a href=\"https:\/\/www.rki.de\/DE\/Home\/homepage_node.html\">Robert Koch Institut<\/a> und der <a href=\"https:\/\/www.ndr.de\/nachrichten\/info\/podcast4684.html\">NDR Podcast von Virologe Christian Drosten <\/a> sind jetzt Pflichtprogramm.<\/p>\n\n\n\n<p><strong>Wie geht\u00b4s bei uns weiter?!<\/strong><\/p>\n\n\n\n<p>Keine Spiele bedeutet keine Ansetzungen &#8211; steile These. Falls noch irgendwo gespielt wird (z.B. in Australien) werden wir die Ansetzungen an den Anfang dieses Eintrags setzen.<\/p>\n\n\n\n<p>Gibt\u00b4s irgendwelche W\u00fcnsche, Anregungen, Ideen eurerseits f\u00fcr die n\u00e4chsten Wochen? (beispielsweise Umfragen, etc.)<\/p>\n\n\n\n<p>Der Blog wird quasi zun\u00e4chst bis Ende M\u00e4rz pausieren. Derweil basteln wir weiter an der &#8222;Versch\u00f6nerung&#8220; der Website und unserer Social Media-Auftritte.<\/p>\n\n\n\n<p>Da wir bereits die Ansetzungen f\u00fcr die kommende Woche (zumindest Champions League und 3. Liga) gesammelt und vorbereitet hatten, werden wir sie euch nicht vorenthalten. Wie hei\u00dft es so sch\u00f6n? Au\u00dfergew\u00f6hnliche Situationen erfordern au\u00dfergew\u00f6hnliche Ma\u00dfnahmen! Schlie\u00dflich haben wir ja auch die angek\u00fcndigte \u00dcberraschung aus der vergangenen Woche aufzul\u00f6sen (Field-Reporterin in Madrid!)<\/p>\n\n\n\n<p>LG, euer Kommentatorenblog-Team <\/p>\n\n\n\n<p>Das W\u00c4REN die Ansetzungen gewesen, wenn die Spiele stattgefunden H\u00c4TTEN&#8230;<\/p>\n\n\n\n<p><strong>UEFA Champions League, R\u00fcckspiel Achtelfinale<\/strong><\/p>\n\n\n\n<p><span style=\"text-decoration: underline;\">Dienstag, 17. M\u00e4rz, ab 19.30 Uhr (Sky)<\/span><\/p>\n\n\n\n<p><strong><em>Manchester City \u2013 Real Madrid (21.00 Uhr)<\/em><\/strong><\/p>\n\n\n\n<p>Sky: Frank Buschmann (Einzelspiel), Martin Gro\u00df (Konferenz)<\/p>\n\n\n\n<p>Field-Reporterin: Britta Hofmann<\/p>\n\n\n\n<p><span style=\"text-decoration: underline;\">ab 20.45 Uhr (DAZN)\/ ab 19.30 Uhr (Sky)<\/span><\/p>\n\n\n\n<p><strong><em>Juventus Turin \u2013 Olympique Lyon (21.00 Uhr)<\/em><\/strong><\/p>\n\n\n\n<p>DAZN: Marco Hagemann, Experte: Sebastian Knei\u00dfl<\/p>\n\n\n\n<p>Moderation (DAZN): Tobi Wahnschaffe<\/p>\n\n\n\n<p>Sky: Roland Evers (Konferenz)<\/p>\n\n\n\n<p>Moderation (Sky): Michael Leopold, Experten: Didi Hamann &amp; Erik Meijer<\/p>\n\n\n\n<p><span style=\"text-decoration: underline;\">Mittwoch, 18. M\u00e4rz, ab 19.30 Uhr (Sky)<\/span><\/p>\n\n\n\n<p><strong><em>Bayern M\u00fcnchen \u2013 FC Chelsea (21.00 Uhr)<\/em><\/strong><\/p>\n\n\n\n<p>Sky: Wolff Fuss (Einzelspiel), Kai Dittmann (Konferenz)<\/p>\n\n\n\n<p>Field-Reporter (Sky): Patrick Wasserziehr<\/p>\n\n\n\n<p><span style=\"text-decoration: underline;\">ab 20.45 Uhr (DAZN)\/ ab 19.30 Uhr (Sky)<\/span><\/p>\n\n\n\n<p><strong><em>FC Barcelona \u2013 SSC Neapel (21.00 Uhr)<\/em><\/strong><\/p>\n\n\n\n<p>DAZN: Jan Platte, Experte: Jonas Hummels<\/p>\n\n\n\n<p>Moderation (DAZN): Alex Schl\u00fcter<\/p>\n\n\n\n<p>Sky: Tom Bayer (Konferenz)<\/p>\n\n\n\n<p>Moderation (Sky): Sebastian Hellmann, Experten: Lothar Matth\u00e4us, &amp; Erik Meijer<\/p>\n\n\n\n<p><strong>3.Liga, 29. Spieltag<\/strong><\/p>\n\n\n\n<p><span style=\"text-decoration: underline;\">Dienstag, 17. M\u00e4rz, ab 18.45 Uhr (Magenta Sport)<\/span> <\/p>\n\n\n\n<p><strong><em>Konferenz (19.00 Uhr)<\/em><\/strong><\/p>\n\n\n\n<p>Magenta Sport: Alexander Kunz und Alexander Klich<\/p>\n\n\n\n<p><strong><em>1.FC <\/em><\/strong><em style=\"font-weight: bold;\">Kaiserslautern \u2013 1860 M\u00fcnchen (19.00 Uhr)<\/em><\/p>\n\n\n\n<p>Magenta Sport: Markus H\u00f6hner<\/p>\n\n\n\n<p>Moderation (Magenta Sport): Thomas Wagner, Experte: Michael Lanig<\/p>\n\n\n\n<p><strong><em>Hallescher FC \u2013 Eintracht Braunschweig (19.00 Uhr)<\/em><\/strong><\/p>\n\n\n\n<p>Magenta Sport: Andreas Mann<\/p>\n\n\n\n<p>Moderation (Magenta Sport): Anett Sattler<\/p>\n\n\n\n<p><strong><em>Bayern M\u00fcnchen II \u2013 Preu\u00dfen M\u00fcnster (19.00 Uhr)<\/em><\/strong><\/p>\n\n\n\n<p>Magenta Sport: Martin Piller<\/p>\n\n\n\n<p>Moderation (Magenta Sport): Sascha Bandermann<\/p>\n\n\n\n<p><strong><em>SpVgg Unterhaching \u2013 FC Ingolstadt (19.00 Uhr)<\/em><\/strong><\/p>\n\n\n\n<p>Magenta Sport: Franz B\u00fcchner<\/p>\n\n\n\n<p>Moderation (Magenta Sport): Simon K\u00f6pfer<\/p>\n\n\n\n<p><strong><em>KFC Uerdingen \u2013 SV Meppen (19.00 Uhr)<\/em><\/strong><\/p>\n\n\n\n<p>Magenta Sport: Stefan Fuckert<\/p>\n\n\n\n<p>Moderation (Magenta Sport): Konstantin Klostermann<\/p>\n\n\n\n<p><span style=\"text-decoration: underline;\">Mittwoch, 18. M\u00e4rz, ab 18.45 Uhr (Magenta Sport)<\/span> <\/p>\n\n\n\n<p><strong><em>Konferenz (19.00 Uhr)<\/em><\/strong><\/p>\n\n\n\n<p>Magenta Sport: Sascha Bandermann, Martin Piller<\/p>\n\n\n\n<p><strong><em>Viktoria K\u00f6ln \u2013 FSV Zwickau (19.00 Uhr)<\/em><\/strong><\/p>\n\n\n\n<p>Magenta Sport: Markus H\u00f6hner<\/p>\n\n\n\n<p>Moderation (Magenta Sport): Cedric Pick<\/p>\n\n\n\n<p><strong><em>Chemnitzer FC \u2013 Sonnenhof Gro\u00dfaspach (19.00 Uhr)<\/em><\/strong><\/p>\n\n\n\n<p>Magenta Sport: Markus Herwig<\/p>\n\n\n\n<p>Moderation (Magenta Sport): Benni Zander<\/p>\n\n\n\n<p><strong><em>MSV Duisburg \u2013 Carl Zeiss Jena (19.00 Uhr)<\/em><\/strong><\/p>\n\n\n\n<p>Magenta Sport: Mario Bast<\/p>\n\n\n\n<p>Moderation (Magenta Sport): Kamilla Benschop<\/p>\n\n\n\n<p><strong><em>W\u00fcrzburger Kickers \u2013 1.FC Magdeburg (19.00 Uhr)<\/em><\/strong><\/p>\n\n\n\n<p>Magenta Sport: S\u00f6nke Sievers<\/p>\n\n\n\n<p>Moderation (Magenta Sport): Alexander Klich<\/p>\n\n\n\n<p><strong><em>Hansa Rostock \u2013 Waldhof Mannheim (19.00 Uhr)<\/em><\/strong><\/p>\n\n\n\n<p>Magenta Sport: Alexander K\u00fcpper<\/p>\n\n\n\n<p>Moderation (Magenta Sport): Stefanie Blochwitz<\/p>\n\n\n\n<p><strong>Die Analyse<\/strong><\/p>\n\n\n\n<p>Die Spiele finden bekanntlich ja nicht statt, sodass wir letztendlich auf die Analyse verzichten!<\/p>\n\n\n\n<p><\/p>\n","protected":false},"excerpt":{"rendered":"<p>Nachtrag: Ansetzungen f\u00fcr das kommende Wochende: Freitag, 20. M\u00e4rz 2020 Hyundai A-League, 27. Spieltag: Brisbane Roar \u2013 Newcastle United Jets (09.36 Uhr) Sportdigital FUSSBALL\/DAZN: Karsten Linke Samstag, 21. M\u00e4rz 2020 Hyundai A-League, 24. Spieltag: Western Sydney Wanderers \u2013 Sydney FC (09.36 Uhr) Sportdigital FUSSBALL\/DAZN: Karsten Linke Montag, 22. M\u00e4rz 2020, ab 09.00 Uhr Hyundai A-League, [&hellip;]<\/p>\n","protected":false},"author":1,"featured_media":0,"comment_status":"closed","ping_status":"open","sticky":false,"template":"","format":"standard","meta":{"footnotes":""},"categories":[425],"tags":[10,73,160,13,9,43,22,107],"class_list":["post-1777","post","type-post","status-publish","format-standard","hentry","category-champions-league-und-co","tag-3-liga","tag-britta-hofmann","tag-champions-league","tag-dazn","tag-magenta-sport","tag-marco-hagemann","tag-sky","tag-wolff-fuss"],"_links":{"self":[{"href":"http:\/\/kommentatorenblog.de\/index.php?rest_route=\/wp\/v2\/posts\/1777","targetHints":{"allow":["GET"]}}],"collection":[{"href":"http:\/\/kommentatorenblog.de\/index.php?rest_route=\/wp\/v2\/posts"}],"about":[{"href":"http:\/\/kommentatorenblog.de\/index.php?rest_route=\/wp\/v2\/types\/post"}],"author":[{"embeddable":true,"href":"http:\/\/kommentatorenblog.de\/index.php?rest_route=\/wp\/v2\/users\/1"}],"replies":[{"embeddable":true,"href":"http:\/\/kommentatorenblog.de\/index.php?rest_route=%2Fwp%2Fv2%2Fcomments&post=1777"}],"version-history":[{"count":27,"href":"http:\/\/kommentatorenblog.de\/index.php?rest_route=\/wp\/v2\/posts\/1777\/revisions"}],"predecessor-version":[{"id":1936,"href":"http:\/\/kommentatorenblog.de\/index.php?rest_route=\/wp\/v2\/posts\/1777\/revisions\/1936"}],"wp:attachment":[{"href":"http:\/\/kommentatorenblog.de\/index.php?rest_route=%2Fwp%2Fv2%2Fmedia&parent=1777"}],"wp:term":[{"taxonomy":"category","embeddable":true,"href":"http:\/\/kommentatorenblog.de\/index.php?rest_route=%2Fwp%2Fv2%2Fcategories&post=1777"},{"taxonomy":"post_tag","embeddable":true,"href":"http:\/\/kommentatorenblog.de\/index.php?rest_route=%2Fwp%2Fv2%2Ftags&post=1777"}],"curies":[{"name":"wp","href":"https:\/\/api.w.org\/{rel}","templated":true}]}}