{"id":18271,"date":"2024-06-28T20:14:07","date_gmt":"2024-06-28T19:14:07","guid":{"rendered":"https:\/\/kommentatorenblog.de\/?p=18271"},"modified":"2024-07-11T20:14:28","modified_gmt":"2024-07-11T19:14:28","slug":"1435-achtelfinale","status":"publish","type":"post","link":"http:\/\/kommentatorenblog.de\/?p=18271","title":{"rendered":"1435 &#8211; Achtelfinale"},"content":{"rendered":"\n<p>N&#8217;Abend allerseits,<\/p>\n\n\n\n<p>die Vorrunde der EM ist vorbei und wir k\u00f6nnen bereits auf 2 tolle Wochen mit vielen spannenden, auch einigen entt\u00e4uschenden Spielen, toller Stimmung und viel internationaler Fankultur zur\u00fcckblicken. <\/p>\n\n\n\n<p>Neben dem umfangreichen Rundumservice des Hauptrechteinhabers Telekom (MagentaTV) ist deutlich sichtbar, dass auch die ARD sehr viel in die EM investiert. Das ist neben der Pr\u00e4senz vor Ort bei den selbst \u00fcbertragenen Spielen und dem Verzicht auf ein Studio auch in den \u00fcberraschend abwechslungsreich besetzten H\u00f6rfunk-Vollreportagen und -Konferenzen, der h\u00e4ufigen Anwesenheit von Field-Reportern, Dokumentationen \u00fcber die Fankultur in der Mediathek sowie nicht zuletzt der Bereitstellung von 90-min\u00fctigen, selbst vertonten Wiederholungen der Spiele, auch derer, die nicht im eigenen Programm live \u00fcbertragen wurden. Neben dem &#8222;ausgebooteten&#8220; Florian Na\u00df durften sich so auch Benedikt Brinsa, Florian Eckl, Eik Galley, Philipp Sohmer, Jan Neumann sowie die w\u00e4hrend des Turniers \u00fcberwiegend im H\u00f6rfunk t\u00e4tigen Stephanie Baczyk und Jan Wochner empfehlen. Auch der Taktik-Feed ist bei einigen Spielen verf\u00fcgbar, allerdings ausschlie\u00dflich ohne Kommentar, und mit der auf Twitch, TikTok und YouTube \u00fcbertragenen EM-Watchparty mit Malte V\u00f6lz gibt es auch eine Alternative zur Reaction-Show.<\/p>\n\n\n\n<p>Zum Fall Na\u00df wurde viel spekuliert, ich glaube, dass die ARD zwar nicht unzufrieden mit seiner Leistung im Fu\u00dfball war, sondern eher eine gewisse Fairness gegen\u00fcber anderen Kolleg:innen eine Rolle gespielt hat, da er schon j\u00e4hrlich die Handball-EMs und -WMs sowie die Tour de France der M\u00e4nner (die \u00fcbrigens am Wochenende losgeht) und der Frauen begleitet. Spannend wird die Besetzung der DFB-Pokal-\u00dcbertragungen ab der kommenden Saison.<\/p>\n\n\n\n<p>H\u00f6rt au\u00dferdem gerne in die neue Sonderfolge zur UEFA EURO 2024 unseres Kooperationspartners SCREENTIME SPORT rein, bei der unser Teammitglied und Instagram-Manager Hannes zu Gast war:<\/p>\n\n\n\n<figure class=\"wp-block-embed is-type-rich is-provider-spotify wp-block-embed-spotify wp-embed-aspect-21-9 wp-has-aspect-ratio\"><div class=\"wp-block-embed__wrapper\">\n<iframe title=\"Spotify Embed: Verpasstes Fu\u00dfball-Feeling? Keine Original Konferenz bei Magenta\" style=\"border-radius: 12px\" width=\"100%\" height=\"152\" frameborder=\"0\" allowfullscreen allow=\"autoplay; clipboard-write; encrypted-media; fullscreen; picture-in-picture\" loading=\"lazy\" src=\"https:\/\/open.spotify.com\/embed\/episode\/7MoPRh3iTcBkj92oIycYrc?utm_source=oembed\"><\/iframe>\n<\/div><\/figure>\n\n\n\n<p>Nun zu den Ansetzungen, sicher k\u00f6nnt ihr es wie ich kaum erwarten, dass die hei\u00dfe Phase des Turniers jetzt endlich losgeht, f\u00fcr jede Mannschaft k\u00f6nnte das n\u00e4chste Spiel bereits das letzte sein.<\/p>\n\n\n\n<hr class=\"wp-block-separator\"\/>\n\n\n\n<p><strong>Die Ansetzungen vom 29. Juni bis zum 03. Juli 2024<\/strong><\/p>\n\n\n\n<hr class=\"wp-block-separator\"\/>\n\n\n\n<p><strong>UEFA EURO 2024, Achtelfinale<\/strong><\/p>\n\n\n\n<p><span style=\"text-decoration: underline;\">Samstag, 29. Juni 2024, ab 16.00 Uhr (RTL\/MagentaTV) bzw. ab 17.30 Uhr (Magenta Sport)<\/span><\/p>\n\n\n\n<p><strong><em>Schweiz &#8211; Italien (18.00 Uhr)<\/em><\/strong><br><img loading=\"lazy\" decoding=\"async\" width=\"10\" height=\"21\" class=\"wp-image-3656\" style=\"width: 10px;\" src=\"http:\/\/kommentatorenblog.de\/wp-content\/uploads\/2020\/09\/shure-55sh-ii-e1601485394796.jpg\" alt=\"\" srcset=\"http:\/\/kommentatorenblog.de\/wp-content\/uploads\/2020\/09\/shure-55sh-ii-e1601485394796.jpg 415w, http:\/\/kommentatorenblog.de\/wp-content\/uploads\/2020\/09\/shure-55sh-ii-e1601485394796-142x300.jpg 142w\" sizes=\"auto, (max-width: 10px) 100vw, 10px\" \/> Marco Hagemann, Experte: Steffen Freund<br>Moderation Stadion: Florian K\u00f6nig, Experte: Lothar Matth\u00e4us, Field-Reporterin: Anna Sara Lange<br>Moderation Studio: Laura Wontorra, Experte: Michael Ballack<\/p>\n\n\n\n<p><span style=\"text-decoration: underline;\">ab 19.25 Uhr (ZDF) bzw. ab 20.15 Uhr (MagentaTV) bzw. ab 20.30 Uhr (Magenta Sport)<\/span><\/p>\n\n\n\n<p><strong><em>Deutschland &#8211; D\u00e4nemark (21.00 Uhr)<\/em><\/strong><\/p>\n\n\n\n<p><img loading=\"lazy\" decoding=\"async\" width=\"10\" height=\"21\" class=\"wp-image-3656\" style=\"width: 10px;\" src=\"http:\/\/kommentatorenblog.de\/wp-content\/uploads\/2020\/09\/shure-55sh-ii-e1601485394796.jpg\" alt=\"\" srcset=\"http:\/\/kommentatorenblog.de\/wp-content\/uploads\/2020\/09\/shure-55sh-ii-e1601485394796.jpg 415w, http:\/\/kommentatorenblog.de\/wp-content\/uploads\/2020\/09\/shure-55sh-ii-e1601485394796-142x300.jpg 142w\" sizes=\"auto, (max-width: 10px) 100vw, 10px\" \/> ZDF: Oliver Schmidt<br>Moderation Stadion (ZDF): Katrin M\u00fcller-Hohenstein, Experten: Christoph Kramer und Per Mertesacker, Field-Reporter:innen: Sven Voss, Amelie Stiefvatter, Nils Kaben, Boris B\u00fcchler und Johanna R\u00fcdiger<br>Moderation Studio (ZDF): Jochen Breyer, Expertin: Friederike Kromp<\/p>\n\n\n\n<p><img loading=\"lazy\" decoding=\"async\" width=\"10\" height=\"21\" class=\"wp-image-3656\" style=\"width: 10px;\" src=\"http:\/\/kommentatorenblog.de\/wp-content\/uploads\/2020\/09\/shure-55sh-ii-e1601485394796.jpg\" alt=\"\" srcset=\"http:\/\/kommentatorenblog.de\/wp-content\/uploads\/2020\/09\/shure-55sh-ii-e1601485394796.jpg 415w, http:\/\/kommentatorenblog.de\/wp-content\/uploads\/2020\/09\/shure-55sh-ii-e1601485394796-142x300.jpg 142w\" sizes=\"auto, (max-width: 10px) 100vw, 10px\" \/> Magenta TV\/Sport: Wolff Fuss<br><img loading=\"lazy\" decoding=\"async\" width=\"10\" height=\"21\" class=\"wp-image-3656\" style=\"width: 10px;\" src=\"http:\/\/kommentatorenblog.de\/wp-content\/uploads\/2020\/09\/shure-55sh-ii-e1601485394796.jpg\" alt=\"\" srcset=\"http:\/\/kommentatorenblog.de\/wp-content\/uploads\/2020\/09\/shure-55sh-ii-e1601485394796.jpg 415w, http:\/\/kommentatorenblog.de\/wp-content\/uploads\/2020\/09\/shure-55sh-ii-e1601485394796-142x300.jpg 142w\" sizes=\"auto, (max-width: 10px) 100vw, 10px\" \/> Magenta TV (Taktik-Feed): Jan Platte, Experte: Tim Borowski<br>Moderation Stadion (Magenta TV\/Sport): Johannes B. Kerner, Expert:innen: Robin Gosens und Tabea Kemme, Field-Reporter:innen: Anna Kraft und Thomas Wagner<br>Moderation Studio (Magenta TV\/Sport): Laura Wontorra, Experte: Michael Ballack<\/p>\n\n\n\n<p><span style=\"text-decoration: underline;\">Sonntag, 30. Juni 2024, ab 16.30 Uhr (MagentaTV) bzw. ab 17.05 Uhr (ZDF) bzw. ab 17.30 Uhr (Magenta Sport)<\/span><\/p>\n\n\n\n<p><strong><em>England &#8211; Slowakei (18.00 Uhr)<\/em><\/strong><\/p>\n\n\n\n<p><img loading=\"lazy\" decoding=\"async\" width=\"10\" height=\"21\" class=\"wp-image-3656\" style=\"width: 10px;\" src=\"http:\/\/kommentatorenblog.de\/wp-content\/uploads\/2020\/09\/shure-55sh-ii-e1601485394796.jpg\" alt=\"\" srcset=\"http:\/\/kommentatorenblog.de\/wp-content\/uploads\/2020\/09\/shure-55sh-ii-e1601485394796.jpg 415w, http:\/\/kommentatorenblog.de\/wp-content\/uploads\/2020\/09\/shure-55sh-ii-e1601485394796-142x300.jpg 142w\" sizes=\"auto, (max-width: 10px) 100vw, 10px\" \/> ZDF: Claudia Neumann, Experte: Moritz Volz<br>Moderation (ZDF): Jochen Breyer, Expert:innen: Christoph Kramer, Per Mertesacker und Friederike Kromp, Field-Reporterin: Lena Kesting<\/p>\n\n\n\n<p><img loading=\"lazy\" decoding=\"async\" width=\"10\" height=\"21\" class=\"wp-image-3656\" style=\"width: 10px;\" src=\"http:\/\/kommentatorenblog.de\/wp-content\/uploads\/2020\/09\/shure-55sh-ii-e1601485394796.jpg\" alt=\"\" srcset=\"http:\/\/kommentatorenblog.de\/wp-content\/uploads\/2020\/09\/shure-55sh-ii-e1601485394796.jpg 415w, http:\/\/kommentatorenblog.de\/wp-content\/uploads\/2020\/09\/shure-55sh-ii-e1601485394796-142x300.jpg 142w\" sizes=\"auto, (max-width: 10px) 100vw, 10px\" \/> Magenta TV\/Sport: Markus H\u00f6hner, Experte: Owen Hargreaves<br>Field-Reporterin (Magenta TV\/Sport): Anna Kraft<br>Moderation Studio (Magenta TV\/Sport): Johannes B. Kerner, Experte: Michael Ballack<\/p>\n\n\n\n<p><span style=\"text-decoration: underline;\">ab 20.15 Uhr (ARD\/MagentaTV) bzw. ab 20.30 Uhr (Magenta Sport)<\/span><\/p>\n\n\n\n<p><strong><em>Spanien &#8211; Georgien (21.00 Uhr)<\/em><\/strong><\/p>\n\n\n\n<p><img loading=\"lazy\" decoding=\"async\" width=\"10\" height=\"21\" class=\"wp-image-3656\" style=\"width: 10px;\" src=\"http:\/\/kommentatorenblog.de\/wp-content\/uploads\/2020\/09\/shure-55sh-ii-e1601485394796.jpg\" alt=\"\" srcset=\"http:\/\/kommentatorenblog.de\/wp-content\/uploads\/2020\/09\/shure-55sh-ii-e1601485394796.jpg 415w, http:\/\/kommentatorenblog.de\/wp-content\/uploads\/2020\/09\/shure-55sh-ii-e1601485394796-142x300.jpg 142w\" sizes=\"auto, (max-width: 10px) 100vw, 10px\" \/> ARD: Tom Bartels, Expertin: Almuth Schult<br>Moderation (ARD): Alexander Bommes, Experte: Bastian Schweinsteiger, Field-Reporter: Ben Wozny<\/p>\n\n\n\n<p><img loading=\"lazy\" decoding=\"async\" width=\"10\" height=\"21\" class=\"wp-image-3656\" style=\"width: 10px;\" src=\"http:\/\/kommentatorenblog.de\/wp-content\/uploads\/2020\/09\/shure-55sh-ii-e1601485394796.jpg\" alt=\"\" srcset=\"http:\/\/kommentatorenblog.de\/wp-content\/uploads\/2020\/09\/shure-55sh-ii-e1601485394796.jpg 415w, http:\/\/kommentatorenblog.de\/wp-content\/uploads\/2020\/09\/shure-55sh-ii-e1601485394796-142x300.jpg 142w\" sizes=\"auto, (max-width: 10px) 100vw, 10px\" \/> Magenta TV\/Sport: Jan Platte, Experte: Tim Borowski<br><img loading=\"lazy\" decoding=\"async\" width=\"10\" height=\"21\" class=\"wp-image-3656\" style=\"width: 10px;\" src=\"http:\/\/kommentatorenblog.de\/wp-content\/uploads\/2020\/09\/shure-55sh-ii-e1601485394796.jpg\" alt=\"\" srcset=\"http:\/\/kommentatorenblog.de\/wp-content\/uploads\/2020\/09\/shure-55sh-ii-e1601485394796.jpg 415w, http:\/\/kommentatorenblog.de\/wp-content\/uploads\/2020\/09\/shure-55sh-ii-e1601485394796-142x300.jpg 142w\" sizes=\"auto, (max-width: 10px) 100vw, 10px\" \/> Magenta TV (Taktik-Feed): Manuel Baum und Shkodran Mustafi<br>Field-Reporter (Magenta TV\/Sport): Sascha Bandermann<br>Moderation Studio (Magenta TV\/Sport): Johannes B. Kerner, Experte: Michael Ballack<\/p>\n\n\n\n<p><span style=\"text-decoration: underline;\">Montag, 01. Juli 2024, ab 16.30 Uhr (MagentaTV) bzw. ab 17.05 Uhr (ZDF) bzw. ab 17.30 Uhr (Magenta Sport)<\/span><\/p>\n\n\n\n<p><strong><em>Frankreich &#8211; Belgien (18.00 Uhr)<\/em><\/strong><\/p>\n\n\n\n<p><img loading=\"lazy\" decoding=\"async\" width=\"10\" height=\"21\" class=\"wp-image-3656\" style=\"width: 10px;\" src=\"http:\/\/kommentatorenblog.de\/wp-content\/uploads\/2020\/09\/shure-55sh-ii-e1601485394796.jpg\" alt=\"\" srcset=\"http:\/\/kommentatorenblog.de\/wp-content\/uploads\/2020\/09\/shure-55sh-ii-e1601485394796.jpg 415w, http:\/\/kommentatorenblog.de\/wp-content\/uploads\/2020\/09\/shure-55sh-ii-e1601485394796-142x300.jpg 142w\" sizes=\"auto, (max-width: 10px) 100vw, 10px\" \/> ZDF: Martin Schneider, Experte: Hanno Balitsch<br>Moderation (ZDF): Katrin M\u00fcller-Hohenstein, Expert:innen: Christoph Kramer, Per Mertesacker und Friederike Kromp, Field-Reporter: Florian Zschiedrich<\/p>\n\n\n\n<p><img loading=\"lazy\" decoding=\"async\" width=\"10\" height=\"21\" class=\"wp-image-3656\" style=\"width: 10px;\" src=\"http:\/\/kommentatorenblog.de\/wp-content\/uploads\/2020\/09\/shure-55sh-ii-e1601485394796.jpg\" alt=\"\" srcset=\"http:\/\/kommentatorenblog.de\/wp-content\/uploads\/2020\/09\/shure-55sh-ii-e1601485394796.jpg 415w, http:\/\/kommentatorenblog.de\/wp-content\/uploads\/2020\/09\/shure-55sh-ii-e1601485394796-142x300.jpg 142w\" sizes=\"auto, (max-width: 10px) 100vw, 10px\" \/> Magenta TV\/Sport: Christian Stra\u00dfburger<br><img loading=\"lazy\" decoding=\"async\" width=\"10\" height=\"21\" class=\"wp-image-3656\" style=\"width: 10px;\" src=\"http:\/\/kommentatorenblog.de\/wp-content\/uploads\/2020\/09\/shure-55sh-ii-e1601485394796.jpg\" alt=\"\" srcset=\"http:\/\/kommentatorenblog.de\/wp-content\/uploads\/2020\/09\/shure-55sh-ii-e1601485394796.jpg 415w, http:\/\/kommentatorenblog.de\/wp-content\/uploads\/2020\/09\/shure-55sh-ii-e1601485394796-142x300.jpg 142w\" sizes=\"auto, (max-width: 10px) 100vw, 10px\" \/> Magenta TV (Taktik-Feed): Benni Zander, Experte: Manuel Baum<br>Moderation Stadion (Magenta TV\/Sport): Johannes B. Kerner, Experte: Shkodran Mustafi, Field-Reporterin: Ruth Hofmann<br>Moderation Studio (Magenta TV\/Sport): Sascha Bandermann, Expertin: Tabea Kemme<\/p>\n\n\n\n<p><span style=\"text-decoration: underline;\">ab 20.15 Uhr (ARD\/MagentaTV) bzw. ab 20.30 Uhr (Magenta Sport)<\/span><\/p>\n\n\n\n<p><strong><em>Portugal &#8211; Slowenien (21.00 Uhr)<\/em><\/strong><\/p>\n\n\n\n<p><img loading=\"lazy\" decoding=\"async\" width=\"10\" height=\"21\" class=\"wp-image-3656\" style=\"width: 10px;\" src=\"http:\/\/kommentatorenblog.de\/wp-content\/uploads\/2020\/09\/shure-55sh-ii-e1601485394796.jpg\" alt=\"\" srcset=\"http:\/\/kommentatorenblog.de\/wp-content\/uploads\/2020\/09\/shure-55sh-ii-e1601485394796.jpg 415w, http:\/\/kommentatorenblog.de\/wp-content\/uploads\/2020\/09\/shure-55sh-ii-e1601485394796-142x300.jpg 142w\" sizes=\"auto, (max-width: 10px) 100vw, 10px\" \/> ARD: Christina Graf, Experte: Thomas Broich<br>Moderation (ARD): Esther Sedlaczek, Experte: Bastian Schweinsteiger, Field-Reporter: Claus Lufen<\/p>\n\n\n\n<p><img loading=\"lazy\" decoding=\"async\" width=\"10\" height=\"21\" class=\"wp-image-3656\" style=\"width: 10px;\" src=\"http:\/\/kommentatorenblog.de\/wp-content\/uploads\/2020\/09\/shure-55sh-ii-e1601485394796.jpg\" alt=\"\" srcset=\"http:\/\/kommentatorenblog.de\/wp-content\/uploads\/2020\/09\/shure-55sh-ii-e1601485394796.jpg 415w, http:\/\/kommentatorenblog.de\/wp-content\/uploads\/2020\/09\/shure-55sh-ii-e1601485394796-142x300.jpg 142w\" sizes=\"auto, (max-width: 10px) 100vw, 10px\" \/> Magenta TV\/Sport: Christina Rann<br>Moderation Studio (Magenta TV\/Sport): Sascha Bandermann, Expertin: Tabea Kemme<\/p>\n\n\n\n<p><span style=\"text-decoration: underline;\">Dienstag, 02. Juli 2024, ab 16.30 Uhr (MagentaTV) bzw. ab 17.05 Uhr (ARD) bzw. ab 17.30 Uhr (Magenta Sport)<\/span><\/p>\n\n\n\n<p><strong><em>Rum\u00e4nien &#8211; Niederlande (18.00 Uhr)<\/em><\/strong><\/p>\n\n\n\n<p><img loading=\"lazy\" decoding=\"async\" width=\"10\" height=\"21\" class=\"wp-image-3656\" style=\"width: 10px;\" src=\"http:\/\/kommentatorenblog.de\/wp-content\/uploads\/2020\/09\/shure-55sh-ii-e1601485394796.jpg\" alt=\"\" srcset=\"http:\/\/kommentatorenblog.de\/wp-content\/uploads\/2020\/09\/shure-55sh-ii-e1601485394796.jpg 415w, http:\/\/kommentatorenblog.de\/wp-content\/uploads\/2020\/09\/shure-55sh-ii-e1601485394796-142x300.jpg 142w\" sizes=\"auto, (max-width: 10px) 100vw, 10px\" \/> ARD: Gerd Gottlob, Experte: Thomas Hitzlsperger<br>Moderation (ARD): Alexander Bommes, Experte: Bastian Schweinsteiger, Field-Reporterin: Julia Scharf<\/p>\n\n\n\n<p><img loading=\"lazy\" decoding=\"async\" width=\"10\" height=\"21\" class=\"wp-image-3656\" style=\"width: 10px;\" src=\"http:\/\/kommentatorenblog.de\/wp-content\/uploads\/2020\/09\/shure-55sh-ii-e1601485394796.jpg\" alt=\"\" srcset=\"http:\/\/kommentatorenblog.de\/wp-content\/uploads\/2020\/09\/shure-55sh-ii-e1601485394796.jpg 415w, http:\/\/kommentatorenblog.de\/wp-content\/uploads\/2020\/09\/shure-55sh-ii-e1601485394796-142x300.jpg 142w\" sizes=\"auto, (max-width: 10px) 100vw, 10px\" \/> Magenta TV\/Sport: Marco Hagemann<br><img loading=\"lazy\" decoding=\"async\" width=\"10\" height=\"21\" class=\"wp-image-3656\" style=\"width: 10px;\" src=\"http:\/\/kommentatorenblog.de\/wp-content\/uploads\/2020\/09\/shure-55sh-ii-e1601485394796.jpg\" alt=\"\" srcset=\"http:\/\/kommentatorenblog.de\/wp-content\/uploads\/2020\/09\/shure-55sh-ii-e1601485394796.jpg 415w, http:\/\/kommentatorenblog.de\/wp-content\/uploads\/2020\/09\/shure-55sh-ii-e1601485394796-142x300.jpg 142w\" sizes=\"auto, (max-width: 10px) 100vw, 10px\" \/> Magenta TV (Taktik-Feed): Benni Zander, Experte: Patrick Ittrich<br>Field-Reporterin (Magenta TV\/Sport): Ruth Hofmann<br>Moderation Studio (Magenta TV\/Sport): Sascha Bandermann, Experte: Michael Ballack<\/p>\n\n\n\n<p><span style=\"text-decoration: underline;\">ab 20.15 Uhr (MagentaTV) bzw. ab 20.30 Uhr (Magenta Sport)<\/span><\/p>\n\n\n\n<p><em><strong>\u00d6sterreich &#8211; T\u00fcrkei (21.00 Uhr)<\/strong><\/em><br><img loading=\"lazy\" decoding=\"async\" width=\"10\" height=\"21\" class=\"wp-image-3656\" style=\"width: 10px;\" src=\"http:\/\/kommentatorenblog.de\/wp-content\/uploads\/2020\/09\/shure-55sh-ii-e1601485394796.jpg\" alt=\"\" srcset=\"http:\/\/kommentatorenblog.de\/wp-content\/uploads\/2020\/09\/shure-55sh-ii-e1601485394796.jpg 415w, http:\/\/kommentatorenblog.de\/wp-content\/uploads\/2020\/09\/shure-55sh-ii-e1601485394796-142x300.jpg 142w\" sizes=\"auto, (max-width: 10px) 100vw, 10px\" \/> Wolff Fuss, Experte: Lothar Matth\u00e4us<br>Moderation Stadion: Laura Wontorra, Expertin: Tabea Kemme, Field-Reporterin: Anna Sara Lange<br>Moderation Studio: Sascha Bandermann, Experte: Michael Ballack<\/p>\n\n\n\n<hr class=\"wp-block-separator\"\/>\n\n\n\n<p><strong>Copa America, Gruppenphase, 2. Spieltag (Sportdigital FUSSBALL)<\/strong><\/p>\n\n\n\n<p><span style=\"text-decoration: underline;\">Samstag, 29. Juni 2024<\/span><\/p>\n\n\n\n<p><strong><em>Kolumbien &#8211; Costa Rica (00.00 Uhr)<\/em><\/strong><br><img loading=\"lazy\" decoding=\"async\" width=\"10\" height=\"21\" class=\"wp-image-3656\" style=\"width: 10px;\" src=\"http:\/\/kommentatorenblog.de\/wp-content\/uploads\/2020\/09\/shure-55sh-ii-e1601485394796.jpg\" alt=\"\" srcset=\"http:\/\/kommentatorenblog.de\/wp-content\/uploads\/2020\/09\/shure-55sh-ii-e1601485394796.jpg 415w, http:\/\/kommentatorenblog.de\/wp-content\/uploads\/2020\/09\/shure-55sh-ii-e1601485394796-142x300.jpg 142w\" sizes=\"auto, (max-width: 10px) 100vw, 10px\" \/> Moritz Knorr<\/p>\n\n\n\n<p><strong><em>Paraguay &#8211; Brasilien (03.00 Uhr)<\/em><\/strong><br><img loading=\"lazy\" decoding=\"async\" width=\"10\" height=\"21\" class=\"wp-image-3656\" style=\"width: 10px;\" src=\"http:\/\/kommentatorenblog.de\/wp-content\/uploads\/2020\/09\/shure-55sh-ii-e1601485394796.jpg\" alt=\"\" srcset=\"http:\/\/kommentatorenblog.de\/wp-content\/uploads\/2020\/09\/shure-55sh-ii-e1601485394796.jpg 415w, http:\/\/kommentatorenblog.de\/wp-content\/uploads\/2020\/09\/shure-55sh-ii-e1601485394796-142x300.jpg 142w\" sizes=\"auto, (max-width: 10px) 100vw, 10px\" \/> Jakob Vogel<\/p>\n\n\n\n<p><strong>3. Spieltag<\/strong><\/p>\n\n\n\n<p><span style=\"text-decoration: underline;\">Sonntag, 30. Juni 2024<\/span><\/p>\n\n\n\n<p><strong><em>Argentinien &#8211; Peru (02.00 Uhr)<\/em><\/strong><br><img loading=\"lazy\" decoding=\"async\" width=\"10\" height=\"21\" class=\"wp-image-3656\" style=\"width: 10px;\" src=\"http:\/\/kommentatorenblog.de\/wp-content\/uploads\/2020\/09\/shure-55sh-ii-e1601485394796.jpg\" alt=\"\" srcset=\"http:\/\/kommentatorenblog.de\/wp-content\/uploads\/2020\/09\/shure-55sh-ii-e1601485394796.jpg 415w, http:\/\/kommentatorenblog.de\/wp-content\/uploads\/2020\/09\/shure-55sh-ii-e1601485394796-142x300.jpg 142w\" sizes=\"auto, (max-width: 10px) 100vw, 10px\" \/> Originalkommentar<\/p>\n\n\n\n<p><strong><em>Kanada &#8211; Chile (02.00 Uhr)<\/em><\/strong><br><img loading=\"lazy\" decoding=\"async\" width=\"10\" height=\"21\" class=\"wp-image-3656\" style=\"width: 10px;\" src=\"http:\/\/kommentatorenblog.de\/wp-content\/uploads\/2020\/09\/shure-55sh-ii-e1601485394796.jpg\" alt=\"\" srcset=\"http:\/\/kommentatorenblog.de\/wp-content\/uploads\/2020\/09\/shure-55sh-ii-e1601485394796.jpg 415w, http:\/\/kommentatorenblog.de\/wp-content\/uploads\/2020\/09\/shure-55sh-ii-e1601485394796-142x300.jpg 142w\" sizes=\"auto, (max-width: 10px) 100vw, 10px\" \/> Martin Hahn<\/p>\n\n\n\n<p><span style=\"text-decoration: underline;\">Montag, 01. Juli 2024<\/span><\/p>\n\n\n\n<p><strong><em>Jamaika &#8211; Venezuela (02.00 Uhr)<\/em><\/strong><br><img loading=\"lazy\" decoding=\"async\" width=\"10\" height=\"21\" class=\"wp-image-3656\" style=\"width: 10px;\" src=\"http:\/\/kommentatorenblog.de\/wp-content\/uploads\/2020\/09\/shure-55sh-ii-e1601485394796.jpg\" alt=\"\" srcset=\"http:\/\/kommentatorenblog.de\/wp-content\/uploads\/2020\/09\/shure-55sh-ii-e1601485394796.jpg 415w, http:\/\/kommentatorenblog.de\/wp-content\/uploads\/2020\/09\/shure-55sh-ii-e1601485394796-142x300.jpg 142w\" sizes=\"auto, (max-width: 10px) 100vw, 10px\" \/> Originalkommentar<\/p>\n\n\n\n<p><strong><em>Mexiko &#8211; Ecuador (02.00 Uhr)<\/em><\/strong><br><img loading=\"lazy\" decoding=\"async\" width=\"10\" height=\"21\" class=\"wp-image-3656\" style=\"width: 10px;\" src=\"http:\/\/kommentatorenblog.de\/wp-content\/uploads\/2020\/09\/shure-55sh-ii-e1601485394796.jpg\" alt=\"\" srcset=\"http:\/\/kommentatorenblog.de\/wp-content\/uploads\/2020\/09\/shure-55sh-ii-e1601485394796.jpg 415w, http:\/\/kommentatorenblog.de\/wp-content\/uploads\/2020\/09\/shure-55sh-ii-e1601485394796-142x300.jpg 142w\" sizes=\"auto, (max-width: 10px) 100vw, 10px\" \/> Marvin Kirsch<\/p>\n\n\n\n<p><span style=\"text-decoration: underline;\">Dienstag, 02. Juli 2024<\/span><\/p>\n\n\n\n<p><strong><em>Bolivien &#8211; Panama (03.00 Uhr)<\/em><\/strong><br><img loading=\"lazy\" decoding=\"async\" width=\"10\" height=\"21\" class=\"wp-image-3656\" style=\"width: 10px;\" src=\"http:\/\/kommentatorenblog.de\/wp-content\/uploads\/2020\/09\/shure-55sh-ii-e1601485394796.jpg\" alt=\"\" srcset=\"http:\/\/kommentatorenblog.de\/wp-content\/uploads\/2020\/09\/shure-55sh-ii-e1601485394796.jpg 415w, http:\/\/kommentatorenblog.de\/wp-content\/uploads\/2020\/09\/shure-55sh-ii-e1601485394796-142x300.jpg 142w\" sizes=\"auto, (max-width: 10px) 100vw, 10px\" \/> Originalkommentar<\/p>\n\n\n\n<p><strong><em>USA &#8211; Uruguay (03.00 Uhr)<\/em><\/strong><br><img loading=\"lazy\" decoding=\"async\" width=\"10\" height=\"21\" class=\"wp-image-3656\" style=\"width: 10px;\" src=\"http:\/\/kommentatorenblog.de\/wp-content\/uploads\/2020\/09\/shure-55sh-ii-e1601485394796.jpg\" alt=\"\" srcset=\"http:\/\/kommentatorenblog.de\/wp-content\/uploads\/2020\/09\/shure-55sh-ii-e1601485394796.jpg 415w, http:\/\/kommentatorenblog.de\/wp-content\/uploads\/2020\/09\/shure-55sh-ii-e1601485394796-142x300.jpg 142w\" sizes=\"auto, (max-width: 10px) 100vw, 10px\" \/> Jakob Vogel<\/p>\n\n\n\n<p><span style=\"text-decoration: underline;\">Mittwoch, 03. Juli 2024<\/span><\/p>\n\n\n\n<p><strong><em>Costa Rica &#8211; Paraguay (03.00 Uhr)<\/em><\/strong><br><img loading=\"lazy\" decoding=\"async\" width=\"10\" height=\"21\" class=\"wp-image-3656\" style=\"width: 10px;\" src=\"http:\/\/kommentatorenblog.de\/wp-content\/uploads\/2020\/09\/shure-55sh-ii-e1601485394796.jpg\" alt=\"\" srcset=\"http:\/\/kommentatorenblog.de\/wp-content\/uploads\/2020\/09\/shure-55sh-ii-e1601485394796.jpg 415w, http:\/\/kommentatorenblog.de\/wp-content\/uploads\/2020\/09\/shure-55sh-ii-e1601485394796-142x300.jpg 142w\" sizes=\"auto, (max-width: 10px) 100vw, 10px\" \/> Originalkommentar<\/p>\n\n\n\n<p><strong><em>Brasilien &#8211; Kolumbien (03.00 Uhr)<\/em><\/strong><br><img loading=\"lazy\" decoding=\"async\" width=\"10\" height=\"21\" class=\"wp-image-3656\" style=\"width: 10px;\" src=\"http:\/\/kommentatorenblog.de\/wp-content\/uploads\/2020\/09\/shure-55sh-ii-e1601485394796.jpg\" alt=\"\" srcset=\"http:\/\/kommentatorenblog.de\/wp-content\/uploads\/2020\/09\/shure-55sh-ii-e1601485394796.jpg 415w, http:\/\/kommentatorenblog.de\/wp-content\/uploads\/2020\/09\/shure-55sh-ii-e1601485394796-142x300.jpg 142w\" sizes=\"auto, (max-width: 10px) 100vw, 10px\" \/> Marvin Kirsch<\/p>\n\n\n\n<hr class=\"wp-block-separator\"\/>\n\n\n\n<p><strong>Die Analyse<\/strong><\/p>\n\n\n\n<p>Die Achtelfinalpartien starten mit der Begegnung zwischen der Schweiz und Italien im Berliner Olympiastadion. Diese Partie ist als einziges Achtelfinale auch bei RTL zu sehen, naheliegenderweise kommentieren Marco Hagemann und Steffen Freund, w\u00e4hrend Florian K\u00f6nig gemeinsam mit Lothar Matth\u00e4us moderiert. Laura Papendick ist hingegen am Wochenende in der Formel 1 im Einsatz. Am Abend ist dann die Gastgebermannschaft in Dortmund gegen D\u00e4nemark gefordert, wie bei den 3 Vorrundenspielen der deutschen Nationalmannschaft ist abermals Johannes B. Kerner vor Ort, neben ihm Robin Gosens und Tabea Kemme, Wolff Fuss kommentiert, w\u00e4hrend Laura Wontorra mit Michael Ballack im Studio durch den gesamten Spieltag f\u00fchrt. F\u00fcr das ZDF kommentiert nach dem Er\u00f6ffnungsspiel erneut Oliver Schmidt, auch die Moderations- und Expertencrew ist wieder im Stadion, diesmal allerdings mit Katrin M\u00fcller-Hohenstein, w\u00e4hrend Jochen Breyer mit Friederike Kromp im Studio bleibt. Kromp ist w\u00e4hrend der Achtelfinalspiele die einzige Expertin des ZDF.<\/p>\n\n\n\n<p>Am Sonntag steigt dann zun\u00e4chst die Partie von England gegen die Slowakei in Gelsenkirchen, die bei Magenta von Markus H\u00f6hner kommentiert wird. Es bleibt weiter dabei, dass die Spiele unter Beteiligung Englands weiterhin nur vom ZDF \u00fcbertragen werden, wo Moritz Volz als Spezialexperte an Bord ist, nach dem Beginn mit Oliver Schmidt kommentiert er nun bereits zum dritten Mal an der Seite von Claudia Neumann. Darauf folgt das ungleiche Duell von Titel-Mitfavorit Spanien mit der georgischen Auswahl in K\u00f6ln, die nach der erstmaligen Teilnahme an einer EM-Endrunde gleich den Einzug in die KO-Runde feiern konnten. Bei Magenta ist Jan Platte wieder an der Reihe, bei der ARD bekommt das Duo Bartels\/Schult eine weitere Chance. Alexander Bommes moderiert, Bastian Schweinsteiger ist in der KO-Phase mit maximal einem Spiel pro Tag im Ersten nun der einzige Analyse-Experte. Bei Magenta bekommt am Sonntag erneut Michael Ballack eine Studioschicht, Johannes B. Kerner moderiert diesmal.<\/p>\n\n\n\n<p>Am fr\u00fchen Montagabend darf Kerner erneut ins Stadion, diesmal nach D\u00fcsseldorf, wo mit Frankreich und Belgien bereits zwei engere Konkurrenten aufeinandertreffen. Christian Stra\u00dfburger \u00fcbernimmt den Kommentar f\u00fcr Magenta, das Duo Schneider\/Balitsch f\u00fcr das ZDF. Am sp\u00e4teren Abend ist die Partie zwischen Portugal und Slowenien in Frankfurt nicht nur doppelt weiblich, sondern auch mit zwei Christinas besetzt: Rann kommentiert f\u00fcr Magenta, Graf f\u00fcr die ARD, letztere hat auch wieder ihren bisherigen Stamm-Experten Thomas Broich an der Seite. Die Moderation \u00fcbernimmt diesmal Esther Sedlaczek f\u00fcr die ARD, Sascha Bandermann f\u00fchrt im Studio f\u00fcr Magenta gemeinsam mit Tabea Kemme durch den Abend.<\/p>\n\n\n\n<p>Am Dienstag finden dann die letzten beiden Achtelfinals statt, zun\u00e4chst Rum\u00e4nien gegen Niederlande in M\u00fcnchen. F\u00fcr die ARD haben dann auch Gerd Gottlob und Thomas Hitzlsperger ihren Einsatz, w\u00e4hrend Bommes im regelm\u00e4\u00dfigen Wechselspiel erneut die Moderation \u00fcbernimmt. Wer das Spiel f\u00fcr Magenta kommentieren wird, steht aktuell noch nicht fest, wir werden es aber erg\u00e4nzen, sobald Informationen dazu vorliegen. <strong>Update: <\/strong>Marco Hagemann wird wohl kommentieren. Das sp\u00e4te Spiel T\u00fcrkei gegen \u00d6sterreich ist in Deutschland ausschlie\u00dflich bei MagentaTV bzw. Magenta Sport zu sehen, wie k\u00fcrzlich angek\u00fcndigt wird hier erstmals Lothar Matth\u00e4us auch ohne Beteiligung von RTL als Teil des bew\u00e4hrten Topspiel-Duos neben Wolff Fuss kommentieren, Laura Wontorra \u00fcbernimmt nach zweit\u00e4giger Pause die Moderation im Stadion. Nach einem Tag Pause kehrt auch Ballack ins Studio zur\u00fcck, die Moderation \u00fcbernimmt erneut Bandermann.<\/p>\n\n\n\n<p>Bei MagentaTV wird es von den Achtelfinals bei 4 Spielen (Deutschland &#8211; D\u00e4nemark, Spanien &#8211; Georgien, Frankreich &#8211; Belgien und Rum\u00e4nien &#8211; Niederlande) \u00dcbertragungen mit dem Taktik-Feed geben.<\/p>\n\n\n\n<p>Bitte nicht von den Angaben bei Magenta Sport irritieren lassen: diese sind bislang noch nicht aktualisiert und weichen erheblich von den tats\u00e4chlichen Ansetzungen ab, die es vorerst exklusiv bei uns gibt.<\/p>\n\n\n\n<p>Bei Sportdigital FUSSBALL gibt es au\u00dferdem die letzten Spiele der Gruppenphase der Copa America zu sehen. Weiterhin wird auf die erfahrenen Kr\u00e4fte um Karsten Linke und Christian Blunck verzichtet, stattdessen wird eher auf den Nachwuchs um Martin Hahn, Jakob Vogel, Moritz Knorr und Marvin Kirsch zur\u00fcckgegriffen. Auff\u00e4llig ist, dass wenn zwei Spiele gleichzeitig stattfinden, nur eines davon mit deutschem Kommentar \u00fcbertragen wird.<\/p>\n\n\n\n<p>Damit w\u00fcnsche ich euch einen sch\u00f6nen und vor allem spannenden Start in die KO-Phase der EM, am kommenden Donnerstag wird Tim euch dann \u00fcber die Viertelfinals informieren, die am darauffolgenden Freitag losgehen.<\/p>\n\n\n\n<p>Bis bald!<\/p>\n","protected":false},"excerpt":{"rendered":"<p>N&#8217;Abend allerseits, die Vorrunde der EM ist vorbei und wir k\u00f6nnen bereits auf 2 tolle Wochen mit vielen spannenden, auch einigen entt\u00e4uschenden Spielen, toller Stimmung und viel internationaler Fankultur zur\u00fcckblicken. Neben dem umfangreichen Rundumservice des Hauptrechteinhabers Telekom (MagentaTV) ist deutlich sichtbar, dass auch die ARD sehr viel in die EM investiert. Das ist neben der [&hellip;]<\/p>\n","protected":false},"author":17,"featured_media":0,"comment_status":"open","ping_status":"open","sticky":false,"template":"","format":"standard","meta":{"footnotes":""},"categories":[1132],"tags":[246,548,920,517,1122,19,355,490,21,240,35,615,657,544,36,636,97,148,908,1140,272,540,405,48,39,960,520,248,50,44,935,31,9,542,488,43,67,649,38,581,500,715,1111,733,109,1121,561,161,1141,76,12,1087,134,151,710,639,247,891,33,836,273,107,37],"class_list":["post-18271","post","type-post","status-publish","format-standard","hentry","category-em-2024","tag-alexander-bommes","tag-almuth-schult","tag-amelie-stiefvatter","tag-anna-kraft","tag-anna-sara-lange","tag-ard","tag-bastian-schweinsteiger","tag-ben-wozny","tag-benni-zander","tag-boris-buechler","tag-christian-strassburger","tag-christina-graf","tag-christina-rann","tag-christoph-kramer","tag-claudia-neumann","tag-claus-lufen","tag-esther-sedlaczek","tag-florian-koenig","tag-florian-zschiedrich","tag-friederike-kromp","tag-gerd-gottlob","tag-hanno-balitsch","tag-jakob-vogel","tag-jan-platte","tag-jochen-breyer","tag-johanna-ruediger","tag-johannes-b-kerner","tag-julia-scharf","tag-katrin-mueller-hohenstein","tag-laura-wontorra","tag-lena-kesting","tag-lothar-matthaeus","tag-magenta-sport","tag-magentatv","tag-manuel-baum","tag-marco-hagemann","tag-markus-hoehner","tag-martin-hahn","tag-martin-schneider","tag-marvin-kirsch","tag-michael-ballack","tag-moritz-knorr","tag-moritz-volz","tag-nils-kaben","tag-oliver-schmidt","tag-owen-hagreaves","tag-patrick-ittrich","tag-per-mertesacker","tag-robin-gosens","tag-ruth-hofmann","tag-sascha-bandermann","tag-shkodran-mustafi","tag-sportdigital-fussball","tag-steffen-freund","tag-sven-voss","tag-tabea-kemme","tag-thomas-broich","tag-thomas-hitzlsperger","tag-thomas-wagner","tag-tim-borowski","tag-tom-bartels","tag-wolff-fuss","tag-zdf"],"_links":{"self":[{"href":"http:\/\/kommentatorenblog.de\/index.php?rest_route=\/wp\/v2\/posts\/18271","targetHints":{"allow":["GET"]}}],"collection":[{"href":"http:\/\/kommentatorenblog.de\/index.php?rest_route=\/wp\/v2\/posts"}],"about":[{"href":"http:\/\/kommentatorenblog.de\/index.php?rest_route=\/wp\/v2\/types\/post"}],"author":[{"embeddable":true,"href":"http:\/\/kommentatorenblog.de\/index.php?rest_route=\/wp\/v2\/users\/17"}],"replies":[{"embeddable":true,"href":"http:\/\/kommentatorenblog.de\/index.php?rest_route=%2Fwp%2Fv2%2Fcomments&post=18271"}],"version-history":[{"count":36,"href":"http:\/\/kommentatorenblog.de\/index.php?rest_route=\/wp\/v2\/posts\/18271\/revisions"}],"predecessor-version":[{"id":18335,"href":"http:\/\/kommentatorenblog.de\/index.php?rest_route=\/wp\/v2\/posts\/18271\/revisions\/18335"}],"wp:attachment":[{"href":"http:\/\/kommentatorenblog.de\/index.php?rest_route=%2Fwp%2Fv2%2Fmedia&parent=18271"}],"wp:term":[{"taxonomy":"category","embeddable":true,"href":"http:\/\/kommentatorenblog.de\/index.php?rest_route=%2Fwp%2Fv2%2Fcategories&post=18271"},{"taxonomy":"post_tag","embeddable":true,"href":"http:\/\/kommentatorenblog.de\/index.php?rest_route=%2Fwp%2Fv2%2Ftags&post=18271"}],"curies":[{"name":"wp","href":"https:\/\/api.w.org\/{rel}","templated":true}]}}