{"id":19385,"date":"2024-10-21T21:19:32","date_gmt":"2024-10-21T19:19:32","guid":{"rendered":"https:\/\/kommentatorenblog.de\/?p=19385"},"modified":"2024-10-24T23:24:43","modified_gmt":"2024-10-24T21:24:43","slug":"1459-goldene-baelle-und-andere-awards","status":"publish","type":"post","link":"http:\/\/kommentatorenblog.de\/?p=19385","title":{"rendered":"1459 &#8211; Goldene B\u00e4lle und andere Awards"},"content":{"rendered":"\n<p>N&#8217;Abend allerseits, <\/p>\n\n\n\n<p>n\u00e4chste Woche ist es wieder soweit: Der renommierteste Fu\u00dfball-Preis f\u00fcr Einzelspieler:innen wird vergeben. Trotz streitbarer Vergaben ist der Ballon d&#8217;Or von <em>France Football <\/em>eine Institution im Weltfu\u00dfball &#8211; und wird ab dieser Saison in Kooperation mit der UEFA vergeben, die daf\u00fcr auf die K\u00fcr von Europas Fu\u00dfballer:innen des Jahres verzichtet. In den 2010ern hatte <em>France Football<\/em> bereits eine Kooperation mit der FIFA. <br>Am Abstimmungsprozedere hat die neue Zusammenarbeit mit der UEFA keine Auswirkungen, der Kontinentalverband organisiert die Gala. Diese findet n\u00e4chsten Montag (28. Oktober) um 20 Uhr im Th\u00e9\u00e2tre du Ch\u00e2telet in Paris statt.<br>Neue Awards in diesem Jahr sind die Preise f\u00fcr den:die beste Trainer:in im M\u00e4nner- und im Frauen-Bereich. Dar\u00fcber hinaus werden die beste M\u00e4nner- und beste Frauenmannschaft, die Gerd-M\u00fcller-Troph\u00e4e f\u00fcr den besten Angreifer, die Yashin-Troph\u00e4e f\u00fcr den bestin Torh\u00fcter, die Kopa-Troph\u00e4e f\u00fcr den besten jungen Spieler und nat\u00fcrlich die beiden Ballon d&#8217;Or f\u00fcr den:die beste:n Spieler:in vergeben. Z\u00e4hlender Zeitraum ist zwischen August 2023 und Juli 2024.<\/p>\n\n\n\n<p>F\u00fcr letzteren Award geht Aitana Bonmat\u00ed (ESP\/Barcelona) als Titelverteidigierin ins Rennen, bei den M\u00e4nnern ist Vorjahressieger Lionel Messi nicht mal mehr auf der 30-k\u00f6pfigen Shortlist. Die Shortlist mit je 30 Spieler:innen stellten Didier Drogba, Vertreter:innen von <em>France Football <\/em>und der Medienvertreter, der bei der letzten Wahl mit seiner Punktevergabe dem Endergebnis am n\u00e4chsten kam. Abstimmen innerhalb dieser Shortlist darf ein Journalist pro Land der Top 100 FIFA-Weltrangliste. Der n\u00e4chste Gewinner im Herrenbereich scheint mit Vin\u00edcius J\u00fanior (BRA\/Real) allerdings schon festzustehen &#8211; eine sehr unw\u00fcrdige Wahl, wenn man den mangelnden Sportgeist des Real-Stars betrachtet. Weiterer Favorit ist Rodri (ESP\/ManCity). <\/p>\n\n\n\n<p>Zu den Nominierten mit Bezug zu Deutschland bzw. der Bundesliga geh\u00f6ren Toni Kroos (GER\/Real), Mats Hummels (GER\/Dortmund), Antonio R\u00fcdiger (GER\/Real), Florian Wirtz (GER\/Leverkusen), Granit Xhaka (SUI\/Leverkusen), Harry Kane (ENG\/Bayern) und Dani Olmo (ESP\/Leipzig) beim Ballon d&#8217;Or der Herren sowie Giulia Gwinn (GER\/Bayern), Lea Sch\u00fcller (GER\/Bayern), Sjoeke N\u00fcsken (GER\/Chelsea), Gl\u00f3d\u00eds Vigg\u00f3sd\u00f3ttir (ISL\/Bayern) und Ewa Pajor (POL\/Wolfsburg) beim Ballon d&#8217;Or der Damen. Auch bei den anderen Kategorien gibt es Vertreter:innen mit deutschem Bezug: Gregor Kobel (SUI\/Dortmund) bei den Torh\u00fctern, Mathys Tel (FRA\/Bayern) f\u00fcr die Kopa-Troph\u00e4e, Xabi Alonso (ESP\/Leverkusen) als Trainer des Jahres und Bayer Leverkusen und Borussia Dortmund f\u00fcr den Award als Klubmannschaft des Jahres. <\/p>\n\n\n\n<p>In diesem Zuge kann ich verk\u00fcnden, dass auch wir zusammen mit euch in diesem Jahr wieder Awards vergeben. Nach dem gro\u00dfen Erfolg mit \u00fcber 30.000 abgegebenen Stimmen im vergangenen Jahr kommt es noch in diesem Jahr zur neuen Auflage der <em>Kommentatorenblog Community Awards<\/em>!<\/p>\n\n\n\n<p>Auch hier freuen wir uns wieder \u00fcber eure Mitarbeit, um im ersten Schritt die Kategorien festzulegen und ggf. im Vergleich zum letzten Jahr zu optimieren. Im letzten Jahr lauteten die Kategorien:<\/p>\n\n\n\n<ul class=\"wp-block-list\"><li>Beste:r Kommenator:in Bundesliga<\/li><li>Beste:r Kommenator:in 2.\/3. Liga<\/li><li>Beste:r Kommenator:in Europapokal<\/li><li>Beste:r Kommenator:in Ausland<\/li><li>Beste:r Kommenator:in L\u00e4nderspiele<\/li><li>Beste:r Konferenzkommenator:in <\/li><li>Beste:r Co-Kommenator:in <\/li><li>Bestes Kommentatorenduo<\/li><li>Beste:r Experte\/Expertin<\/li><li>Beste:r Moderator:in<\/li><li>Beste:r Field-Reporter:in<\/li><li>Beste:r Newcomer:in<\/li><li>Special Award zur Frauen-WM 2023<\/li><\/ul>\n\n\n\n<p>Die Special Awards werden in diesem Jahr nat\u00fcrlich dann f\u00fcr die EM sowie f\u00fcr Olympia vergeben. Ansonsten freuen wir uns auf eure \u00c4nderungs- und Erg\u00e4nzungsvorschl\u00e4ge zu den Kategorien in den Kommentaren!<br>Wir bitten aber, <strong>noch keine Personen zu nominieren\/vorzuschlagen!<\/strong> <\/p>\n\n\n\n<hr class=\"wp-block-separator\"\/>\n\n\n\n<h5 class=\"wp-block-heading\"><strong>Die Ansetzungen vom 22. Oktober 2024 bis 24. Oktober 2024<\/strong><\/h5>\n\n\n\n<hr class=\"wp-block-separator is-style-default\"\/>\n\n\n\n<p><strong>UEFA Champions League, Ligaphase, 3. Spieltag (DAZN\/Prime Video)<\/strong><\/p>\n\n\n\n<p><span style=\"text-decoration: underline;\">Dienstag, 22. Oktober 2024, ab 18.15 Uhr (DAZN)<\/span> <\/p>\n\n\n\n<p><em><strong>AC Mailand <\/strong>(ITA)<strong> \u2013 Club Br\u00fcgge<\/strong><\/em> <em>(BEL)<strong> (18.45 Uhr)<\/strong><\/em><br><img loading=\"lazy\" decoding=\"async\" width=\"10\" height=\"21\" class=\"wp-image-3656\" style=\"width: 10px;\" src=\"http:\/\/kommentatorenblog.de\/wp-content\/uploads\/2020\/09\/shure-55sh-ii-e1601485394796.jpg\" alt=\"\" srcset=\"http:\/\/kommentatorenblog.de\/wp-content\/uploads\/2020\/09\/shure-55sh-ii-e1601485394796.jpg 415w, http:\/\/kommentatorenblog.de\/wp-content\/uploads\/2020\/09\/shure-55sh-ii-e1601485394796-142x300.jpg 142w\" sizes=\"auto, (max-width: 10px) 100vw, 10px\" \/> Carsten Fu\u00df (Einzelspiel), Oliver Forster (Konferenz)<\/p>\n\n\n\n<p><em><strong>AS Monaco <\/strong>(FRA)<strong> \u2013 Roter Stern Belgrad<\/strong><\/em> <em>(SRG)<strong> (18.45 Uhr)<\/strong><\/em><br><img loading=\"lazy\" decoding=\"async\" width=\"10\" height=\"21\" class=\"wp-image-3656\" style=\"width: 10px;\" src=\"http:\/\/kommentatorenblog.de\/wp-content\/uploads\/2020\/09\/shure-55sh-ii-e1601485394796.jpg\" alt=\"\" srcset=\"http:\/\/kommentatorenblog.de\/wp-content\/uploads\/2020\/09\/shure-55sh-ii-e1601485394796.jpg 415w, http:\/\/kommentatorenblog.de\/wp-content\/uploads\/2020\/09\/shure-55sh-ii-e1601485394796-142x300.jpg 142w\" sizes=\"auto, (max-width: 10px) 100vw, 10px\" \/> Stefan Galler (Einzelspiel), Julian Engelhard (Konferenz)<\/p>\n\n\n\n<p><span style=\"text-decoration: underline;\">ab 20.00 Uhr (Prime Video)<\/span> <\/p>\n\n\n\n<p><em><strong>Real Madrid <\/strong>(ESP)<strong> \u2013 Borussia Dortmund<\/strong><\/em> <em>(GER)<strong> (21.00 Uhr)<\/strong><\/em><br><img loading=\"lazy\" decoding=\"async\" width=\"10\" height=\"21\" class=\"wp-image-3656\" style=\"width: 10px;\" src=\"http:\/\/kommentatorenblog.de\/wp-content\/uploads\/2020\/09\/shure-55sh-ii-e1601485394796.jpg\" alt=\"\" srcset=\"http:\/\/kommentatorenblog.de\/wp-content\/uploads\/2020\/09\/shure-55sh-ii-e1601485394796.jpg 415w, http:\/\/kommentatorenblog.de\/wp-content\/uploads\/2020\/09\/shure-55sh-ii-e1601485394796-142x300.jpg 142w\" sizes=\"auto, (max-width: 10px) 100vw, 10px\" \/> Jonas Friedrich, Experte: Benedikt H\u00f6wedes<br>Field-Reporter:in: Cayana Freeman &amp; <s>Sebastian Benesch<\/s> Jan Krebs<br>Moderation: Alex Schl\u00fcter, Expert:innen: Matthias Sammer, <s>Josephine Henning<\/s> Tabea Kemme und Christoph Kramer<\/p>\n\n\n\n<p><span style=\"text-decoration: underline;\">ab 20.15 Uhr (DAZN)<\/span> <\/p>\n\n\n\n<p><em><strong>Juventus Turin <\/strong>(ITA)<strong> \u2013 VfB Stuttgart<\/strong><\/em> <em>(GER)<strong> (21.00 Uhr)<\/strong><\/em><br><img loading=\"lazy\" decoding=\"async\" width=\"10\" height=\"21\" class=\"wp-image-3656\" style=\"width: 10px;\" src=\"http:\/\/kommentatorenblog.de\/wp-content\/uploads\/2020\/09\/shure-55sh-ii-e1601485394796.jpg\" alt=\"\" srcset=\"http:\/\/kommentatorenblog.de\/wp-content\/uploads\/2020\/09\/shure-55sh-ii-e1601485394796.jpg 415w, http:\/\/kommentatorenblog.de\/wp-content\/uploads\/2020\/09\/shure-55sh-ii-e1601485394796-142x300.jpg 142w\" sizes=\"auto, (max-width: 10px) 100vw, 10px\" \/> Max Siebald, Experte: Sami Khedira (Einzelspiel), Max Gross (Konferenz)<br>Moderation: Daniel Herzog<\/p>\n\n\n\n<p><span style=\"text-decoration: underline;\">ab 20.45 Uhr (DAZN)<\/span> <\/p>\n\n\n\n<p><em><strong>Paris Saint-Germain <\/strong>(FRA)<strong> \u2013 PSV Eindhoven<\/strong><\/em> <em>(NED)<strong> (21.00 Uhr)<\/strong><\/em><br><img loading=\"lazy\" decoding=\"async\" width=\"10\" height=\"21\" class=\"wp-image-3656\" style=\"width: 10px;\" src=\"http:\/\/kommentatorenblog.de\/wp-content\/uploads\/2020\/09\/shure-55sh-ii-e1601485394796.jpg\" alt=\"\" srcset=\"http:\/\/kommentatorenblog.de\/wp-content\/uploads\/2020\/09\/shure-55sh-ii-e1601485394796.jpg 415w, http:\/\/kommentatorenblog.de\/wp-content\/uploads\/2020\/09\/shure-55sh-ii-e1601485394796-142x300.jpg 142w\" sizes=\"auto, (max-width: 10px) 100vw, 10px\" \/> Simon Sterzer (Einzelspiel), Freddy Harder (Konferenz)<\/p>\n\n\n\n<p><em><strong>Aston Villa <\/strong>(ENG)<strong> \u2013 FC Bologna<\/strong><\/em> <em>(ITA)<strong> (21.00 Uhr)<\/strong><\/em><br><img loading=\"lazy\" decoding=\"async\" width=\"10\" height=\"21\" class=\"wp-image-3656\" style=\"width: 10px;\" src=\"http:\/\/kommentatorenblog.de\/wp-content\/uploads\/2020\/09\/shure-55sh-ii-e1601485394796.jpg\" alt=\"\" srcset=\"http:\/\/kommentatorenblog.de\/wp-content\/uploads\/2020\/09\/shure-55sh-ii-e1601485394796.jpg 415w, http:\/\/kommentatorenblog.de\/wp-content\/uploads\/2020\/09\/shure-55sh-ii-e1601485394796-142x300.jpg 142w\" sizes=\"auto, (max-width: 10px) 100vw, 10px\" \/> Marcel Seufert (Einzelspiel), Mario Rieker (Konferenz)<\/p>\n\n\n\n<p><em><strong>SK Sturm Graz <\/strong>(AUT)<strong> \u2013 Sporting Lissabon<\/strong><\/em> <em>(POR)<strong> (21.00 Uhr)<\/strong><\/em><br><img loading=\"lazy\" decoding=\"async\" width=\"10\" height=\"21\" class=\"wp-image-3656\" style=\"width: 10px;\" src=\"http:\/\/kommentatorenblog.de\/wp-content\/uploads\/2020\/09\/shure-55sh-ii-e1601485394796.jpg\" alt=\"\" srcset=\"http:\/\/kommentatorenblog.de\/wp-content\/uploads\/2020\/09\/shure-55sh-ii-e1601485394796.jpg 415w, http:\/\/kommentatorenblog.de\/wp-content\/uploads\/2020\/09\/shure-55sh-ii-e1601485394796-142x300.jpg 142w\" sizes=\"auto, (max-width: 10px) 100vw, 10px\" \/> Uwe Morawe (Einzelspiel), Nico Seepe (Konferenz)<\/p>\n\n\n\n<p><em><strong>FC Arsenal <\/strong>(ENG)<strong> \u2013 Shakhtar Donezk<\/strong><\/em> <em>(UKR)<strong> (21.00 Uhr)<\/strong><\/em><br><img loading=\"lazy\" decoding=\"async\" width=\"10\" height=\"21\" class=\"wp-image-3656\" style=\"width: 10px;\" src=\"http:\/\/kommentatorenblog.de\/wp-content\/uploads\/2020\/09\/shure-55sh-ii-e1601485394796.jpg\" alt=\"\" srcset=\"http:\/\/kommentatorenblog.de\/wp-content\/uploads\/2020\/09\/shure-55sh-ii-e1601485394796.jpg 415w, http:\/\/kommentatorenblog.de\/wp-content\/uploads\/2020\/09\/shure-55sh-ii-e1601485394796-142x300.jpg 142w\" sizes=\"auto, (max-width: 10px) 100vw, 10px\" \/> Michael Born (Einzelspiel), Lukas Sch\u00f6nm\u00fcller (Konferenz)<\/p>\n\n\n\n<p><em><strong>FC Girona <\/strong>(ESP)<strong> \u2013 SK Slovan Bratislava<\/strong><\/em> <em>(SVK)<strong> (21.00 Uhr)<\/strong><\/em><br><img loading=\"lazy\" decoding=\"async\" width=\"10\" height=\"21\" class=\"wp-image-3656\" style=\"width: 10px;\" src=\"http:\/\/kommentatorenblog.de\/wp-content\/uploads\/2020\/09\/shure-55sh-ii-e1601485394796.jpg\" alt=\"\" srcset=\"http:\/\/kommentatorenblog.de\/wp-content\/uploads\/2020\/09\/shure-55sh-ii-e1601485394796.jpg 415w, http:\/\/kommentatorenblog.de\/wp-content\/uploads\/2020\/09\/shure-55sh-ii-e1601485394796-142x300.jpg 142w\" sizes=\"auto, (max-width: 10px) 100vw, 10px\" \/> Freddie Schulz (Einzelspiel), Chris Putz (Konferenz)<\/p>\n\n\n\n<p><span style=\"text-decoration: underline;\">Mittwoch, 23. Oktober 2024, ab 18.15 Uhr (DAZN)<\/span> <\/p>\n\n\n\n<p><em><strong>Stade Brest 29 <\/strong>(FRA)<strong> \u2013 Bayer 04 Leverkusen<\/strong><\/em> <em>(GER)<strong> (18.45 Uhr)<\/strong><\/em><br><img loading=\"lazy\" decoding=\"async\" width=\"10\" height=\"21\" class=\"wp-image-3656\" style=\"width: 10px;\" src=\"http:\/\/kommentatorenblog.de\/wp-content\/uploads\/2020\/09\/shure-55sh-ii-e1601485394796.jpg\" alt=\"\" srcset=\"http:\/\/kommentatorenblog.de\/wp-content\/uploads\/2020\/09\/shure-55sh-ii-e1601485394796.jpg 415w, http:\/\/kommentatorenblog.de\/wp-content\/uploads\/2020\/09\/shure-55sh-ii-e1601485394796-142x300.jpg 142w\" sizes=\"auto, (max-width: 10px) 100vw, 10px\" \/> Nico Seepe, Experte: Sebastian Knei\u00dfl (Einzelspiel), Michael Born (Konferenz)<br>Moderation: Andres Veredas Salazar, Field-Reporter: Tobi Wahnschaffe<\/p>\n\n\n\n<p><em><strong>Atalanta Bergamo <\/strong>(ITA)<strong> \u2013 Celtic Glasgow<\/strong><\/em> <em>(SCO)<strong> (18.45 Uhr)<\/strong><\/em><br><img loading=\"lazy\" decoding=\"async\" width=\"10\" height=\"21\" class=\"wp-image-3656\" style=\"width: 10px;\" src=\"http:\/\/kommentatorenblog.de\/wp-content\/uploads\/2020\/09\/shure-55sh-ii-e1601485394796.jpg\" alt=\"\" srcset=\"http:\/\/kommentatorenblog.de\/wp-content\/uploads\/2020\/09\/shure-55sh-ii-e1601485394796.jpg 415w, http:\/\/kommentatorenblog.de\/wp-content\/uploads\/2020\/09\/shure-55sh-ii-e1601485394796-142x300.jpg 142w\" sizes=\"auto, (max-width: 10px) 100vw, 10px\" \/> Simon Sterzer (Einzelspiel), Chris Putz (Konferenz)<\/p>\n\n\n\n<p><span style=\"text-decoration: underline;\">ab 20.00 Uhr (DAZN)<\/span> <\/p>\n\n\n\n<p><em><strong>FC Barcelona <\/strong>(ESP)<strong> \u2013 FC Bayern M\u00fcnchen<\/strong><\/em> <em>(GER)<strong> (21.00 Uhr)<\/strong><\/em><br><img loading=\"lazy\" decoding=\"async\" width=\"10\" height=\"21\" class=\"wp-image-3656\" style=\"width: 10px;\" src=\"http:\/\/kommentatorenblog.de\/wp-content\/uploads\/2020\/09\/shure-55sh-ii-e1601485394796.jpg\" alt=\"\" srcset=\"http:\/\/kommentatorenblog.de\/wp-content\/uploads\/2020\/09\/shure-55sh-ii-e1601485394796.jpg 415w, http:\/\/kommentatorenblog.de\/wp-content\/uploads\/2020\/09\/shure-55sh-ii-e1601485394796-142x300.jpg 142w\" sizes=\"auto, (max-width: 10px) 100vw, 10px\" \/> Jan Platte, Experte: Michael Ballack (Einzelspiel), Tom Kirsten (Konferenz)<br>Moderation: Laura Wontorra, Field-Reporter: Marco Hagemann<\/p>\n\n\n\n<p><span style=\"text-decoration: underline;\">ab 20.30 Uhr (DAZN)<\/span> <\/p>\n\n\n\n<p><em><strong>RasenBallsport Leipzig <\/strong>(GER)<strong> \u2013 FC Liverpool<\/strong><\/em> <em>(ENG)<strong> (21.00 Uhr)<\/strong><\/em><br><img loading=\"lazy\" decoding=\"async\" width=\"10\" height=\"21\" class=\"wp-image-3656\" style=\"width: 10px;\" src=\"http:\/\/kommentatorenblog.de\/wp-content\/uploads\/2020\/09\/shure-55sh-ii-e1601485394796.jpg\" alt=\"\" srcset=\"http:\/\/kommentatorenblog.de\/wp-content\/uploads\/2020\/09\/shure-55sh-ii-e1601485394796.jpg 415w, http:\/\/kommentatorenblog.de\/wp-content\/uploads\/2020\/09\/shure-55sh-ii-e1601485394796-142x300.jpg 142w\" sizes=\"auto, (max-width: 10px) 100vw, 10px\" \/> Uli Hebel, Experte: Tobias Schweinsteiger (Einzelspiel), Marcel Seufert (Konferenz)<br>Moderation: Benni Zander<\/p>\n\n\n\n<p><span style=\"text-decoration: underline;\">ab 20.45 Uhr (DAZN)<\/span> <\/p>\n\n\n\n<p><em><strong>Manchester City <\/strong>(ENG)<strong> \u2013 Sparta Prag<\/strong><\/em> <em>(CZE)<strong> (21.00 Uhr)<\/strong><\/em><br><img loading=\"lazy\" decoding=\"async\" width=\"10\" height=\"21\" class=\"wp-image-3656\" style=\"width: 10px;\" src=\"http:\/\/kommentatorenblog.de\/wp-content\/uploads\/2020\/09\/shure-55sh-ii-e1601485394796.jpg\" alt=\"\" srcset=\"http:\/\/kommentatorenblog.de\/wp-content\/uploads\/2020\/09\/shure-55sh-ii-e1601485394796.jpg 415w, http:\/\/kommentatorenblog.de\/wp-content\/uploads\/2020\/09\/shure-55sh-ii-e1601485394796-142x300.jpg 142w\" sizes=\"auto, (max-width: 10px) 100vw, 10px\" \/> Joachim Hebel (Einzelspiel), Flo Hauser (Konferenz)<\/p>\n\n\n\n<p><em><strong>Atl\u00e9tico Madrid <\/strong>(ESP)<strong> \u2013 OSC Lille<\/strong><\/em> <em>(FRA)<strong> (21.00 Uhr)<\/strong><\/em><br><img loading=\"lazy\" decoding=\"async\" width=\"10\" height=\"21\" class=\"wp-image-3656\" style=\"width: 10px;\" src=\"http:\/\/kommentatorenblog.de\/wp-content\/uploads\/2020\/09\/shure-55sh-ii-e1601485394796.jpg\" alt=\"\" srcset=\"http:\/\/kommentatorenblog.de\/wp-content\/uploads\/2020\/09\/shure-55sh-ii-e1601485394796.jpg 415w, http:\/\/kommentatorenblog.de\/wp-content\/uploads\/2020\/09\/shure-55sh-ii-e1601485394796-142x300.jpg 142w\" sizes=\"auto, (max-width: 10px) 100vw, 10px\" \/> Freddie Schulz (Einzelspiel), Freddy Harder (Konferenz)<\/p>\n\n\n\n<p><em><strong>Benfica Lisssabon <\/strong>(POR)<strong> \u2013 <strong>Feyenoord Rotterdam<\/strong><\/strong><\/em> <em>(NED)<strong> (21.00 Uhr)<\/strong><\/em><br><img loading=\"lazy\" decoding=\"async\" width=\"10\" height=\"21\" class=\"wp-image-3656\" style=\"width: 10px;\" src=\"http:\/\/kommentatorenblog.de\/wp-content\/uploads\/2020\/09\/shure-55sh-ii-e1601485394796.jpg\" alt=\"\" srcset=\"http:\/\/kommentatorenblog.de\/wp-content\/uploads\/2020\/09\/shure-55sh-ii-e1601485394796.jpg 415w, http:\/\/kommentatorenblog.de\/wp-content\/uploads\/2020\/09\/shure-55sh-ii-e1601485394796-142x300.jpg 142w\" sizes=\"auto, (max-width: 10px) 100vw, 10px\" \/> David Ploch (Einzelspiel), Stephanie Baczyk (Konferenz)<\/p>\n\n\n\n<p><em><strong>FC Salzburg <\/strong>(AUT)<strong> \u2013 <strong>Dinamo Zagreb<\/strong><\/strong><\/em> <em>(CRO)<strong> (21.00 Uhr)<\/strong><\/em><br><img loading=\"lazy\" decoding=\"async\" width=\"10\" height=\"21\" class=\"wp-image-3656\" style=\"width: 10px;\" src=\"http:\/\/kommentatorenblog.de\/wp-content\/uploads\/2020\/09\/shure-55sh-ii-e1601485394796.jpg\" alt=\"\" srcset=\"http:\/\/kommentatorenblog.de\/wp-content\/uploads\/2020\/09\/shure-55sh-ii-e1601485394796.jpg 415w, http:\/\/kommentatorenblog.de\/wp-content\/uploads\/2020\/09\/shure-55sh-ii-e1601485394796-142x300.jpg 142w\" sizes=\"auto, (max-width: 10px) 100vw, 10px\" \/> Max Gross (Einzelspiel), Julian Engelhard (Konferenz)<\/p>\n\n\n\n<p><em><strong>Young Boys Bern <\/strong>(SUI)<strong> \u2013 <strong>Inter Mailand<\/strong><\/strong><\/em> <em>(ITA)<strong> (21.00 Uhr)<\/strong><\/em><br><img loading=\"lazy\" decoding=\"async\" width=\"10\" height=\"21\" class=\"wp-image-3656\" style=\"width: 10px;\" src=\"http:\/\/kommentatorenblog.de\/wp-content\/uploads\/2020\/09\/shure-55sh-ii-e1601485394796.jpg\" alt=\"\" srcset=\"http:\/\/kommentatorenblog.de\/wp-content\/uploads\/2020\/09\/shure-55sh-ii-e1601485394796.jpg 415w, http:\/\/kommentatorenblog.de\/wp-content\/uploads\/2020\/09\/shure-55sh-ii-e1601485394796-142x300.jpg 142w\" sizes=\"auto, (max-width: 10px) 100vw, 10px\" \/> Carsten Fu\u00df (Einzelspiel), Mario Rieker (Konferenz)<\/p>\n\n\n\n<hr class=\"wp-block-separator\"\/>\n\n\n\n<p><strong>UEFA Europa\/Conference League, Ligaphase, 3.\/2. Spieltag (RTL\/RTL+\/Sky)<\/strong><\/p>\n\n\n\n<p><span style=\"text-decoration: underline;\">Mittwoch, 23. Oktober 2024 (RTL+)<\/span><\/p>\n\n\n\n<p><em><strong>Galatasaray Istanbul <\/strong>(TUR)<strong> \u2013 IF Elfsborg<\/strong><\/em> <em>(SWE)<strong> (16.30 Uhr)<\/strong><\/em><br><img loading=\"lazy\" decoding=\"async\" width=\"10\" height=\"21\" class=\"wp-image-3656\" style=\"width: 10px;\" src=\"http:\/\/kommentatorenblog.de\/wp-content\/uploads\/2020\/09\/shure-55sh-ii-e1601485394796.jpg\" alt=\"\" srcset=\"http:\/\/kommentatorenblog.de\/wp-content\/uploads\/2020\/09\/shure-55sh-ii-e1601485394796.jpg 415w, http:\/\/kommentatorenblog.de\/wp-content\/uploads\/2020\/09\/shure-55sh-ii-e1601485394796-142x300.jpg 142w\" sizes=\"auto, (max-width: 10px) 100vw, 10px\" \/> Constantin Eckner<\/p>\n\n\n\n<p><span style=\"text-decoration: underline;\">Donnerstag, 24. Oktober 2024, ab 18.15 Uhr (RTL+)<\/span><\/p>\n\n\n\n<p><em><strong>Eintracht Frankfurt <\/strong>(GER)<strong> \u2013 FC R\u012bgas FS<\/strong><\/em> <em>(LVA)<strong> (18.45 Uhr)<\/strong><\/em><br><img loading=\"lazy\" decoding=\"async\" width=\"10\" height=\"21\" class=\"wp-image-3656\" style=\"width: 10px;\" src=\"http:\/\/kommentatorenblog.de\/wp-content\/uploads\/2020\/09\/shure-55sh-ii-e1601485394796.jpg\" alt=\"\" srcset=\"http:\/\/kommentatorenblog.de\/wp-content\/uploads\/2020\/09\/shure-55sh-ii-e1601485394796.jpg 415w, http:\/\/kommentatorenblog.de\/wp-content\/uploads\/2020\/09\/shure-55sh-ii-e1601485394796-142x300.jpg 142w\" sizes=\"auto, (max-width: 10px) 100vw, 10px\" \/> Cornelius K\u00fcpper, Expertin: Inka Grings (Einzelspiel), Klaus Veltman (Konferenz)<br>Field-Reporter: Christoph K\u00fcppers<\/p>\n\n\n\n<p><em><strong>AS Rom <\/strong>(ITA)<strong> \u2013 Dynamo Kyjiw<\/strong><\/em> <em>(UKR)<strong> (18.45 Uhr)<\/strong><\/em><br><img loading=\"lazy\" decoding=\"async\" width=\"10\" height=\"21\" class=\"wp-image-3656\" style=\"width: 10px;\" src=\"http:\/\/kommentatorenblog.de\/wp-content\/uploads\/2020\/09\/shure-55sh-ii-e1601485394796.jpg\" alt=\"\" srcset=\"http:\/\/kommentatorenblog.de\/wp-content\/uploads\/2020\/09\/shure-55sh-ii-e1601485394796.jpg 415w, http:\/\/kommentatorenblog.de\/wp-content\/uploads\/2020\/09\/shure-55sh-ii-e1601485394796-142x300.jpg 142w\" sizes=\"auto, (max-width: 10px) 100vw, 10px\" \/> Julian Engelhard (Einzelspiel), Philip Konrad (Konferenz)<\/p>\n\n\n\n<p><em><strong>Qarabag FK <\/strong>(AZE)<strong> \u2013 Ajax Amsterdam<\/strong><\/em> <em>(NED)<strong> (18.45 Uhr)<\/strong><\/em><br><img loading=\"lazy\" decoding=\"async\" width=\"10\" height=\"21\" class=\"wp-image-3656\" style=\"width: 10px;\" src=\"http:\/\/kommentatorenblog.de\/wp-content\/uploads\/2020\/09\/shure-55sh-ii-e1601485394796.jpg\" alt=\"\" srcset=\"http:\/\/kommentatorenblog.de\/wp-content\/uploads\/2020\/09\/shure-55sh-ii-e1601485394796.jpg 415w, http:\/\/kommentatorenblog.de\/wp-content\/uploads\/2020\/09\/shure-55sh-ii-e1601485394796-142x300.jpg 142w\" sizes=\"auto, (max-width: 10px) 100vw, 10px\" \/> Alexander K\u00fcpper (Konferenz)<\/p>\n\n\n\n<p><span style=\"text-decoration: underline;\">ab 18.30 Uhr (RTL+\/Sky)<\/span><\/p>\n\n\n\n<p><em><strong>Panathinaikos Athen <\/strong>(GRE)<strong> \u2013 FC Chelsea<\/strong><\/em> <em>(ENG)<strong> (18.45 Uhr)<\/strong><\/em><br><img loading=\"lazy\" decoding=\"async\" width=\"10\" height=\"21\" class=\"wp-image-3656\" style=\"width: 10px;\" src=\"http:\/\/kommentatorenblog.de\/wp-content\/uploads\/2020\/09\/shure-55sh-ii-e1601485394796.jpg\" alt=\"\" srcset=\"http:\/\/kommentatorenblog.de\/wp-content\/uploads\/2020\/09\/shure-55sh-ii-e1601485394796.jpg 415w, http:\/\/kommentatorenblog.de\/wp-content\/uploads\/2020\/09\/shure-55sh-ii-e1601485394796-142x300.jpg 142w\" sizes=\"auto, (max-width: 10px) 100vw, 10px\" \/> <em>RTL+\/Sky: <\/em>Michael Born (Einzelspiel), <em>RTL+: <\/em>Stefan Fuckert (Konferenz)<\/p>\n\n\n\n<p><span style=\"text-decoration: underline;\">ab 20.15 Uhr (RTL) bzw. ab 20.45 Uhr (RTL+)<\/span><\/p>\n\n\n\n<p><em><strong>FC Porto <\/strong>(POR)<strong> \u2013 TSG 1899 Hoffenheim<\/strong><\/em> <em>(GER)<strong> (21.00 Uhr)<\/strong><\/em><\/p>\n\n\n\n<p><img loading=\"lazy\" decoding=\"async\" width=\"10\" height=\"21\" class=\"wp-image-3656\" style=\"width: 10px;\" src=\"http:\/\/kommentatorenblog.de\/wp-content\/uploads\/2020\/09\/shure-55sh-ii-e1601485394796.jpg\" alt=\"\" srcset=\"http:\/\/kommentatorenblog.de\/wp-content\/uploads\/2020\/09\/shure-55sh-ii-e1601485394796.jpg 415w, http:\/\/kommentatorenblog.de\/wp-content\/uploads\/2020\/09\/shure-55sh-ii-e1601485394796-142x300.jpg 142w\" sizes=\"auto, (max-width: 10px) 100vw, 10px\" \/> <em>RTL: <\/em>Marco Hagemann, Experte: Lothar Matth\u00e4us<br>Moderation (<em>RTL<\/em>): Laura Papendick, Field-Reporter:innen: Thomas Wagner und Jessica Matyschok<\/p>\n\n\n\n<p><img loading=\"lazy\" decoding=\"async\" width=\"10\" height=\"21\" class=\"wp-image-3656\" style=\"width: 10px;\" src=\"http:\/\/kommentatorenblog.de\/wp-content\/uploads\/2020\/09\/shure-55sh-ii-e1601485394796.jpg\" alt=\"\" srcset=\"http:\/\/kommentatorenblog.de\/wp-content\/uploads\/2020\/09\/shure-55sh-ii-e1601485394796.jpg 415w, http:\/\/kommentatorenblog.de\/wp-content\/uploads\/2020\/09\/shure-55sh-ii-e1601485394796-142x300.jpg 142w\" sizes=\"auto, (max-width: 10px) 100vw, 10px\" \/> <em>RTL+: <\/em>Robby Hunke (Einzelspiel), Florian von Stackelberg (Konferenz)<\/p>\n\n\n\n<p><span style=\"text-decoration: underline;\">ab 20.45 Uhr (RTL+)<\/span><\/p>\n\n\n\n<p><em><strong>Pafos F.C. <\/strong>(CYP)<strong> \u2013 1. FC Heidenheim<\/strong><\/em> <em>(GER)<strong> (21.00 Uhr)<\/strong><\/em><br><img loading=\"lazy\" decoding=\"async\" width=\"10\" height=\"21\" class=\"wp-image-3656\" style=\"width: 10px;\" src=\"http:\/\/kommentatorenblog.de\/wp-content\/uploads\/2020\/09\/shure-55sh-ii-e1601485394796.jpg\" alt=\"\" srcset=\"http:\/\/kommentatorenblog.de\/wp-content\/uploads\/2020\/09\/shure-55sh-ii-e1601485394796.jpg 415w, http:\/\/kommentatorenblog.de\/wp-content\/uploads\/2020\/09\/shure-55sh-ii-e1601485394796-142x300.jpg 142w\" sizes=\"auto, (max-width: 10px) 100vw, 10px\" \/> Oliver Seidler (Einzelspiel), J\u00fcrgen Schmitz (Konferenz)<br>Field-Reporter: Jonas Gerdes<\/p>\n\n\n\n<p><em><strong>Fenerbahce Istanbul <\/strong>(TUR)<strong> \u2013 Manchester United<\/strong><\/em> <em>(ENG)<strong> (<em><strong>21.00<\/strong><\/em> Uhr)<\/strong><\/em><br><img loading=\"lazy\" decoding=\"async\" width=\"10\" height=\"21\" class=\"wp-image-3656\" style=\"width: 10px;\" src=\"http:\/\/kommentatorenblog.de\/wp-content\/uploads\/2020\/09\/shure-55sh-ii-e1601485394796.jpg\" alt=\"\" srcset=\"http:\/\/kommentatorenblog.de\/wp-content\/uploads\/2020\/09\/shure-55sh-ii-e1601485394796.jpg 415w, http:\/\/kommentatorenblog.de\/wp-content\/uploads\/2020\/09\/shure-55sh-ii-e1601485394796-142x300.jpg 142w\" sizes=\"auto, (max-width: 10px) 100vw, 10px\" \/> Christoph Stadtler (Einzelspiel), Freddie Schultz (Konferenz)<\/p>\n\n\n\n<p><em><strong>Olympique Lyon <\/strong>(FRA)<strong> \u2013 Besiktas Istanbul<\/strong><\/em> <em>(TUR)<strong> (<em><strong>21.00<\/strong><\/em> Uhr)<\/strong><\/em><br><img loading=\"lazy\" decoding=\"async\" width=\"10\" height=\"21\" class=\"wp-image-3656\" style=\"width: 10px;\" src=\"http:\/\/kommentatorenblog.de\/wp-content\/uploads\/2020\/09\/shure-55sh-ii-e1601485394796.jpg\" alt=\"\" srcset=\"http:\/\/kommentatorenblog.de\/wp-content\/uploads\/2020\/09\/shure-55sh-ii-e1601485394796.jpg 415w, http:\/\/kommentatorenblog.de\/wp-content\/uploads\/2020\/09\/shure-55sh-ii-e1601485394796-142x300.jpg 142w\" sizes=\"auto, (max-width: 10px) 100vw, 10px\" \/> Tim Hemmrich (Einzelspiel), Stefan Galler (Konferenz)<\/p>\n\n\n\n<p><em><strong>FC Twente Enschede <\/strong>(NED)<strong> \u2013 Lazio Rom<\/strong><\/em> <em>(ITA)<strong> (<em><strong>21.00<\/strong><\/em> Uhr)<\/strong><\/em><br><img loading=\"lazy\" decoding=\"async\" width=\"10\" height=\"21\" class=\"wp-image-3656\" style=\"width: 10px;\" src=\"http:\/\/kommentatorenblog.de\/wp-content\/uploads\/2020\/09\/shure-55sh-ii-e1601485394796.jpg\" alt=\"\" srcset=\"http:\/\/kommentatorenblog.de\/wp-content\/uploads\/2020\/09\/shure-55sh-ii-e1601485394796.jpg 415w, http:\/\/kommentatorenblog.de\/wp-content\/uploads\/2020\/09\/shure-55sh-ii-e1601485394796-142x300.jpg 142w\" sizes=\"auto, (max-width: 10px) 100vw, 10px\" \/> Simon Sterzer (Einzelspiel)<\/p>\n\n\n\n<p><span style=\"text-decoration: underline;\">ab 20.45 Uhr (RTL+\/Sky)<\/span><\/p>\n\n\n\n<p><em><strong>Tottenham Hotspur <\/strong>(ENG)<strong> \u2013 AZ Alkmaar<\/strong><\/em> <em>(NED)<strong> (<em><strong>21.00<\/strong><\/em> Uhr)<\/strong><\/em><br><img loading=\"lazy\" decoding=\"async\" width=\"10\" height=\"21\" class=\"wp-image-3656\" style=\"width: 10px;\" src=\"http:\/\/kommentatorenblog.de\/wp-content\/uploads\/2020\/09\/shure-55sh-ii-e1601485394796.jpg\" alt=\"\" srcset=\"http:\/\/kommentatorenblog.de\/wp-content\/uploads\/2020\/09\/shure-55sh-ii-e1601485394796.jpg 415w, http:\/\/kommentatorenblog.de\/wp-content\/uploads\/2020\/09\/shure-55sh-ii-e1601485394796-142x300.jpg 142w\" sizes=\"auto, (max-width: 10px) 100vw, 10px\" \/> <em>RTL+\/Sky: <\/em>Rene Langhoff (Einzelspiel), <em>RTL+: <\/em>Peter Reichert (Konferenz)<\/p>\n\n\n\n<p>Moderation (<em>RTL+<\/em>): Anna Kraft, Experte: Felix Kroos<br>Community Host: Alessa-Luisa Naujoks<\/p>\n\n\n\n<hr class=\"wp-block-separator is-style-default\"\/>\n\n\n\n<p><strong>UEFA Youth League, Ligaphase, 3. Spieltag (DAZN)<\/strong><\/p>\n\n\n\n<p><span style=\"text-decoration: underline;\">Dienstag, 22. Oktober 2024<\/span><\/p>\n\n\n\n<p><em><strong>Real Madrid U19 <\/strong>(ESP)<strong> \u2013 Borussia Dortmund U19<\/strong><\/em> <em>(GER)<strong> (16.00 Uhr)<\/strong><\/em><br><img loading=\"lazy\" decoding=\"async\" width=\"10\" height=\"21\" class=\"wp-image-3656\" style=\"width: 10px;\" src=\"http:\/\/kommentatorenblog.de\/wp-content\/uploads\/2020\/09\/shure-55sh-ii-e1601485394796.jpg\" alt=\"\" srcset=\"http:\/\/kommentatorenblog.de\/wp-content\/uploads\/2020\/09\/shure-55sh-ii-e1601485394796.jpg 415w, http:\/\/kommentatorenblog.de\/wp-content\/uploads\/2020\/09\/shure-55sh-ii-e1601485394796-142x300.jpg 142w\" sizes=\"auto, (max-width: 10px) 100vw, 10px\" \/> Jan-Lucas Krenzer<\/p>\n\n\n\n<p><span style=\"text-decoration: underline;\">Mittwoch, 23. Oktober 2024<\/span><\/p>\n\n\n\n<p><em><strong>FC Barcelona U19 <\/strong>(ESP)<strong> \u2013 FC Bayern M\u00fcnchen U19<\/strong><\/em> <em>(GER)<strong> (16.00 Uhr)<\/strong><\/em><br><img loading=\"lazy\" decoding=\"async\" width=\"10\" height=\"21\" class=\"wp-image-3656\" style=\"width: 10px;\" src=\"http:\/\/kommentatorenblog.de\/wp-content\/uploads\/2020\/09\/shure-55sh-ii-e1601485394796.jpg\" alt=\"\" srcset=\"http:\/\/kommentatorenblog.de\/wp-content\/uploads\/2020\/09\/shure-55sh-ii-e1601485394796.jpg 415w, http:\/\/kommentatorenblog.de\/wp-content\/uploads\/2020\/09\/shure-55sh-ii-e1601485394796-142x300.jpg 142w\" sizes=\"auto, (max-width: 10px) 100vw, 10px\" \/> Jan-Lucas Krenzer<\/p>\n\n\n\n<hr class=\"wp-block-separator is-style-default\"\/>\n\n\n\n<hr class=\"wp-block-separator is-style-default\"\/>\n\n\n\n<p><strong>3. Liga (GER), 11. Spieltag (Magenta Sport)<\/strong><\/p>\n\n\n\n<p><span style=\"text-decoration: underline;\">Dienstag, 22. Oktober 2024, ab 18.30 Uhr<\/span><\/p>\n\n\n\n<p><em><strong>Die Dienstagskonferenz (19.00 Uhr)<\/strong><\/em><br><img loading=\"lazy\" decoding=\"async\" width=\"10\" height=\"21\" class=\"wp-image-3656\" style=\"width: 10px;\" src=\"http:\/\/kommentatorenblog.de\/wp-content\/uploads\/2020\/09\/shure-55sh-ii-e1601485394796.jpg\" alt=\"\" srcset=\"http:\/\/kommentatorenblog.de\/wp-content\/uploads\/2020\/09\/shure-55sh-ii-e1601485394796.jpg 415w, http:\/\/kommentatorenblog.de\/wp-content\/uploads\/2020\/09\/shure-55sh-ii-e1601485394796-142x300.jpg 142w\" sizes=\"auto, (max-width: 10px) 100vw, 10px\" \/> Alexander Klich, Experte: Steven Ruprecht<\/p>\n\n\n\n<p><span style=\"text-decoration: underline;\">ab 18.45 Uhr<\/span><\/p>\n\n\n\n<p><em><strong>1. FC Saarbr\u00fccken \u2013 F.C. Hansa Rostock (19.00 Uhr)<\/strong><\/em><br><img loading=\"lazy\" decoding=\"async\" width=\"10\" height=\"21\" class=\"wp-image-3656\" style=\"width: 10px;\" src=\"http:\/\/kommentatorenblog.de\/wp-content\/uploads\/2020\/09\/shure-55sh-ii-e1601485394796.jpg\" alt=\"\" srcset=\"http:\/\/kommentatorenblog.de\/wp-content\/uploads\/2020\/09\/shure-55sh-ii-e1601485394796.jpg 415w, http:\/\/kommentatorenblog.de\/wp-content\/uploads\/2020\/09\/shure-55sh-ii-e1601485394796-142x300.jpg 142w\" sizes=\"auto, (max-width: 10px) 100vw, 10px\" \/> Christian Stra\u00dfburger<br>Moderation: Thomas Wagner<\/p>\n\n\n\n<p><em><strong>FC Viktoria K\u00f6ln \u2013 FC Ingolstadt 04 (19.00 Uhr)<\/strong><\/em><br><img loading=\"lazy\" decoding=\"async\" width=\"10\" height=\"21\" class=\"wp-image-3656\" style=\"width: 10px;\" src=\"http:\/\/kommentatorenblog.de\/wp-content\/uploads\/2020\/09\/shure-55sh-ii-e1601485394796.jpg\" alt=\"\" srcset=\"http:\/\/kommentatorenblog.de\/wp-content\/uploads\/2020\/09\/shure-55sh-ii-e1601485394796.jpg 415w, http:\/\/kommentatorenblog.de\/wp-content\/uploads\/2020\/09\/shure-55sh-ii-e1601485394796-142x300.jpg 142w\" sizes=\"auto, (max-width: 10px) 100vw, 10px\" \/> Markus H\u00f6hner<br>Moderation: Konstantin Klostermann<\/p>\n\n\n\n<p><em><strong>FC Erzgebirge Aue \u2013 FC Energie Cottbus (19.00 Uhr)<\/strong><\/em><br><img loading=\"lazy\" decoding=\"async\" width=\"10\" height=\"21\" class=\"wp-image-3656\" style=\"width: 10px;\" src=\"http:\/\/kommentatorenblog.de\/wp-content\/uploads\/2020\/09\/shure-55sh-ii-e1601485394796.jpg\" alt=\"\" srcset=\"http:\/\/kommentatorenblog.de\/wp-content\/uploads\/2020\/09\/shure-55sh-ii-e1601485394796.jpg 415w, http:\/\/kommentatorenblog.de\/wp-content\/uploads\/2020\/09\/shure-55sh-ii-e1601485394796-142x300.jpg 142w\" sizes=\"auto, (max-width: 10px) 100vw, 10px\" \/> Andreas Mann<br>Moderation: Stefanie Blochwitz<\/p>\n\n\n\n<p><em><strong>Borussia Dortmund II \u2013 SV Waldhof Mannheim (19.00 Uhr)<\/strong><\/em><br><img loading=\"lazy\" decoding=\"async\" width=\"10\" height=\"21\" class=\"wp-image-3656\" style=\"width: 10px;\" src=\"http:\/\/kommentatorenblog.de\/wp-content\/uploads\/2020\/09\/shure-55sh-ii-e1601485394796.jpg\" alt=\"\" srcset=\"http:\/\/kommentatorenblog.de\/wp-content\/uploads\/2020\/09\/shure-55sh-ii-e1601485394796.jpg 415w, http:\/\/kommentatorenblog.de\/wp-content\/uploads\/2020\/09\/shure-55sh-ii-e1601485394796-142x300.jpg 142w\" sizes=\"auto, (max-width: 10px) 100vw, 10px\" \/> Mike M\u00fcnkel<br>Moderation: Kamila Benschop<\/p>\n\n\n\n<p><em><strong>SV Sandhausen \u2013 VfB Stuttgart II (19.00 Uhr)<\/strong><\/em><br><img loading=\"lazy\" decoding=\"async\" width=\"10\" height=\"21\" class=\"wp-image-3656\" style=\"width: 10px;\" src=\"http:\/\/kommentatorenblog.de\/wp-content\/uploads\/2020\/09\/shure-55sh-ii-e1601485394796.jpg\" alt=\"\" srcset=\"http:\/\/kommentatorenblog.de\/wp-content\/uploads\/2020\/09\/shure-55sh-ii-e1601485394796.jpg 415w, http:\/\/kommentatorenblog.de\/wp-content\/uploads\/2020\/09\/shure-55sh-ii-e1601485394796-142x300.jpg 142w\" sizes=\"auto, (max-width: 10px) 100vw, 10px\" \/> Oskar Heirler<br>Moderation: Kevin Gerwin<\/p>\n\n\n\n<p><span style=\"text-decoration: underline;\">Mittwoch, 23. Oktober 2024, ab 18.30 Uhr<\/span><\/p>\n\n\n\n<p><em><strong>Die Mittwochskonferenz (19.00 Uhr)<\/strong><\/em><br><img loading=\"lazy\" decoding=\"async\" width=\"10\" height=\"21\" class=\"wp-image-3656\" style=\"width: 10px;\" src=\"http:\/\/kommentatorenblog.de\/wp-content\/uploads\/2020\/09\/shure-55sh-ii-e1601485394796.jpg\" alt=\"\" srcset=\"http:\/\/kommentatorenblog.de\/wp-content\/uploads\/2020\/09\/shure-55sh-ii-e1601485394796.jpg 415w, http:\/\/kommentatorenblog.de\/wp-content\/uploads\/2020\/09\/shure-55sh-ii-e1601485394796-142x300.jpg 142w\" sizes=\"auto, (max-width: 10px) 100vw, 10px\" \/> Sascha Bandermann, Experte: Steven Ruprecht<\/p>\n\n\n\n<p><span style=\"text-decoration: underline;\">ab 18.45 Uhr<\/span><\/p>\n\n\n\n<p><em><strong>Hannover 96 II \u2013 DSC Arminia Bielefeld (19.00 Uhr)<\/strong><\/em><br><img loading=\"lazy\" decoding=\"async\" width=\"10\" height=\"21\" class=\"wp-image-3656\" style=\"width: 10px;\" src=\"http:\/\/kommentatorenblog.de\/wp-content\/uploads\/2020\/09\/shure-55sh-ii-e1601485394796.jpg\" alt=\"\" srcset=\"http:\/\/kommentatorenblog.de\/wp-content\/uploads\/2020\/09\/shure-55sh-ii-e1601485394796.jpg 415w, http:\/\/kommentatorenblog.de\/wp-content\/uploads\/2020\/09\/shure-55sh-ii-e1601485394796-142x300.jpg 142w\" sizes=\"auto, (max-width: 10px) 100vw, 10px\" \/> Edgar Mielke<br>Moderation: Holger Speckhahn<\/p>\n\n\n\n<p><em><strong>SV Wehen Wiesbaden \u2013 SG Dynamo Dresden (19.00 Uhr)<\/strong><\/em><br><img loading=\"lazy\" decoding=\"async\" width=\"10\" height=\"21\" class=\"wp-image-3656\" style=\"width: 10px;\" src=\"http:\/\/kommentatorenblog.de\/wp-content\/uploads\/2020\/09\/shure-55sh-ii-e1601485394796.jpg\" alt=\"\" srcset=\"http:\/\/kommentatorenblog.de\/wp-content\/uploads\/2020\/09\/shure-55sh-ii-e1601485394796.jpg 415w, http:\/\/kommentatorenblog.de\/wp-content\/uploads\/2020\/09\/shure-55sh-ii-e1601485394796-142x300.jpg 142w\" sizes=\"auto, (max-width: 10px) 100vw, 10px\" \/> Christian Stra\u00dfburger<br>Moderation: Tobi Sch\u00e4fer<\/p>\n\n\n\n<p><em><strong>Alemannia Aachen \u2013 SpVgg Unterhaching (19.00 Uhr)<\/strong><\/em><br><img loading=\"lazy\" decoding=\"async\" width=\"10\" height=\"21\" class=\"wp-image-3656\" style=\"width: 10px;\" src=\"http:\/\/kommentatorenblog.de\/wp-content\/uploads\/2020\/09\/shure-55sh-ii-e1601485394796.jpg\" alt=\"\" srcset=\"http:\/\/kommentatorenblog.de\/wp-content\/uploads\/2020\/09\/shure-55sh-ii-e1601485394796.jpg 415w, http:\/\/kommentatorenblog.de\/wp-content\/uploads\/2020\/09\/shure-55sh-ii-e1601485394796-142x300.jpg 142w\" sizes=\"auto, (max-width: 10px) 100vw, 10px\" \/> Philip Konrad<br>Moderation: Stefan Fuckert<\/p>\n\n\n\n<p><em><strong>Rot-Weiss Essen \u2013 SC Verl (19.00 Uhr)<\/strong><\/em><br><img loading=\"lazy\" decoding=\"async\" width=\"10\" height=\"21\" class=\"wp-image-3656\" style=\"width: 10px;\" src=\"http:\/\/kommentatorenblog.de\/wp-content\/uploads\/2020\/09\/shure-55sh-ii-e1601485394796.jpg\" alt=\"\" srcset=\"http:\/\/kommentatorenblog.de\/wp-content\/uploads\/2020\/09\/shure-55sh-ii-e1601485394796.jpg 415w, http:\/\/kommentatorenblog.de\/wp-content\/uploads\/2020\/09\/shure-55sh-ii-e1601485394796-142x300.jpg 142w\" sizes=\"auto, (max-width: 10px) 100vw, 10px\" \/> Markus H\u00f6hner<br>Moderation: Kamila Benschop<\/p>\n\n\n\n<p><em><strong>TSV 1860 M\u00fcnchen \u2013 VfL Osnabr\u00fcck (19.00 Uhr)<\/strong><\/em><br><img loading=\"lazy\" decoding=\"async\" width=\"10\" height=\"21\" class=\"wp-image-3656\" style=\"width: 10px;\" src=\"http:\/\/kommentatorenblog.de\/wp-content\/uploads\/2020\/09\/shure-55sh-ii-e1601485394796.jpg\" alt=\"\" srcset=\"http:\/\/kommentatorenblog.de\/wp-content\/uploads\/2020\/09\/shure-55sh-ii-e1601485394796.jpg 415w, http:\/\/kommentatorenblog.de\/wp-content\/uploads\/2020\/09\/shure-55sh-ii-e1601485394796-142x300.jpg 142w\" sizes=\"auto, (max-width: 10px) 100vw, 10px\" \/> Oliver Forster<br>Moderation: Alexander K\u00fcpper<\/p>\n\n\n\n<hr class=\"wp-block-separator\"\/>\n\n\n\n<p><strong>CONMEBOL Libertadores, Halbfinale, Hinspiele (Sport1+)<\/strong><\/p>\n\n\n\n<p><span style=\"text-decoration: underline;\">Mittwoch, 23. Oktober 2024<\/span><\/p>\n\n\n\n<p><em><strong>Atl\u00e9tico Mineiro <\/strong>(BRA)<strong> \u2013 CA River Plate<\/strong><\/em> <em>(ARG)<strong> (02.30 Uhr)<\/strong><\/em><br><img loading=\"lazy\" decoding=\"async\" width=\"10\" height=\"21\" class=\"wp-image-3656\" style=\"width: 10px;\" src=\"http:\/\/kommentatorenblog.de\/wp-content\/uploads\/2020\/09\/shure-55sh-ii-e1601485394796.jpg\" alt=\"\" srcset=\"http:\/\/kommentatorenblog.de\/wp-content\/uploads\/2020\/09\/shure-55sh-ii-e1601485394796.jpg 415w, http:\/\/kommentatorenblog.de\/wp-content\/uploads\/2020\/09\/shure-55sh-ii-e1601485394796-142x300.jpg 142w\" sizes=\"auto, (max-width: 10px) 100vw, 10px\" \/> Tobi Fischbeck<\/p>\n\n\n\n<p><span style=\"text-decoration: underline;\">Donnerstag, 24. Oktober 2024<\/span><\/p>\n\n\n\n<p><em><strong>Botafogo FR <\/strong>(BRA)<strong> \u2013 Pe\u00f1arol Montevideo<\/strong><\/em> <em>(URU)<strong> (02.30 Uhr)<\/strong><\/em><br><img loading=\"lazy\" decoding=\"async\" width=\"10\" height=\"21\" class=\"wp-image-3656\" style=\"width: 10px;\" src=\"http:\/\/kommentatorenblog.de\/wp-content\/uploads\/2020\/09\/shure-55sh-ii-e1601485394796.jpg\" alt=\"\" srcset=\"http:\/\/kommentatorenblog.de\/wp-content\/uploads\/2020\/09\/shure-55sh-ii-e1601485394796.jpg 415w, http:\/\/kommentatorenblog.de\/wp-content\/uploads\/2020\/09\/shure-55sh-ii-e1601485394796-142x300.jpg 142w\" sizes=\"auto, (max-width: 10px) 100vw, 10px\" \/> Christoph Fetzer<\/p>\n\n\n\n<hr class=\"wp-block-separator is-style-default\"\/>\n\n\n\n<p><strong>AFC Champions League Elite, Gruppe Ost, Ligaphase, 3. Spieltag (Sport1+)<\/strong><\/p>\n\n\n\n<p><span style=\"text-decoration: underline;\">Dienstag, 22. Oktober 2024<\/span><\/p>\n\n\n\n<p><em><strong>Shanghai Port FC <\/strong>(CHN)<strong> \u2013 Central Coast Mariners<\/strong><\/em> <em>(AUS)<strong> (12.00 Uhr)<\/strong><\/em><br><img loading=\"lazy\" decoding=\"async\" width=\"10\" height=\"21\" class=\"wp-image-3656\" style=\"width: 10px;\" src=\"http:\/\/kommentatorenblog.de\/wp-content\/uploads\/2020\/09\/shure-55sh-ii-e1601485394796.jpg\" alt=\"\" srcset=\"http:\/\/kommentatorenblog.de\/wp-content\/uploads\/2020\/09\/shure-55sh-ii-e1601485394796.jpg 415w, http:\/\/kommentatorenblog.de\/wp-content\/uploads\/2020\/09\/shure-55sh-ii-e1601485394796-142x300.jpg 142w\" sizes=\"auto, (max-width: 10px) 100vw, 10px\" \/> Steffen Bohleber<\/p>\n\n\n\n<hr class=\"wp-block-separator\"\/>\n\n\n\n<p><strong>AFC Champions League Two, Gruppe E, 3. Spieltag (Sportdigital Fu\u00dfball)<\/strong><\/p>\n\n\n\n<p><span style=\"text-decoration: underline;\">Mittwoch, 23. Oktober 2024<\/span><\/p>\n\n\n\n<p><em><strong>Sanfrecce Hiroshima <\/strong>(JPN)<strong> \u2013 Sydney FC<\/strong><\/em> <em>(AUS)<strong> (12.00 Uhr)<\/strong><\/em><br><img loading=\"lazy\" decoding=\"async\" width=\"10\" height=\"21\" class=\"wp-image-3656\" style=\"width: 10px;\" src=\"http:\/\/kommentatorenblog.de\/wp-content\/uploads\/2020\/09\/shure-55sh-ii-e1601485394796.jpg\" alt=\"\" srcset=\"http:\/\/kommentatorenblog.de\/wp-content\/uploads\/2020\/09\/shure-55sh-ii-e1601485394796.jpg 415w, http:\/\/kommentatorenblog.de\/wp-content\/uploads\/2020\/09\/shure-55sh-ii-e1601485394796-142x300.jpg 142w\" sizes=\"auto, (max-width: 10px) 100vw, 10px\" \/> Max Giesen<\/p>\n\n\n\n<hr class=\"wp-block-separator\"\/>\n\n\n\n<p><strong>Regionalliga Bayern, 16. Spieltag (BR24Sport)<\/strong><\/p>\n\n\n\n<p><span style=\"text-decoration: underline;\">Dienstag, 22. Oktober 2024, ab 18.55 Uhr<\/span><\/p>\n\n\n\n<p><em><strong>SpVgg Bayreuth \u2013<\/strong><\/em> <em><strong>SpVgg Hankofen-Hailing (19.00 Uhr)<\/strong><\/em><br><img loading=\"lazy\" decoding=\"async\" width=\"10\" height=\"21\" class=\"wp-image-3656\" style=\"width: 10px;\" src=\"http:\/\/kommentatorenblog.de\/wp-content\/uploads\/2020\/09\/shure-55sh-ii-e1601485394796.jpg\" alt=\"\" srcset=\"http:\/\/kommentatorenblog.de\/wp-content\/uploads\/2020\/09\/shure-55sh-ii-e1601485394796.jpg 415w, http:\/\/kommentatorenblog.de\/wp-content\/uploads\/2020\/09\/shure-55sh-ii-e1601485394796-142x300.jpg 142w\" sizes=\"auto, (max-width: 10px) 100vw, 10px\" \/> Thomas Kattenbeck<\/p>\n\n\n\n<hr class=\"wp-block-separator is-style-default\"\/>\n\n\n\n<p><strong><code>DIE ANALYSE<\/code><\/strong><\/p>\n\n\n\n<p>Outstanding sind diese Woche selbstredend die beiden Neuauflagen der CL-Halbfinals 2013 zwischen Real und Dortmund sowie Barcelona und Bayern. Man k\u00f6nnte nat\u00fcrlich auch j\u00fcngere Vergleiche heranziehen (*hust* 8:2), um die Brisanz der Duelle zu verdeutlichen. <\/p>\n\n\n\n<p>Da die beiden CL-Finalisten der vergangenen Saison an einem Dienstag aufeinandertreffen, ist klar, dass sich Prime Video diese Partie krallt. Ebenso wenig \u00fcberraschend wie dieser Pick ist die Crew: Die Stammkr\u00e4fte Friedrich, Schl\u00fcter, H\u00f6wedes, Kramer, Sammer, Freeman und <s>Benesch<\/s> Krebs werden diese Woche wieder von Expertin <s>Josephine Henning<\/s> Tabea Kemme unterst\u00fctzt. Vorberichte starten wie gewohnt um 20 Uhr aus dem Tempel des Fu\u00dfballs.<\/p>\n\n\n\n<p>Parallel dazu steigt der n\u00e4chste Ausw\u00e4rtskracher f\u00fcr den VfB Stuttgart &#8211; hier ist logischerweise dann DAZN der \u00fcbertragende Sender &#8211; im Einzelspiel und im Gegensatz zum Real-BVB auch in der Konferenz. Zur Primetime melden sich Herzog, Siebald und Ex-Juve-Spieler Khedira aus der piemontesischen Hauptstadt. In der Konferenz k\u00fcmmert sich Max Gross um diesen VfB-Kracher. Die weiteren Besetzungen in der DAZN sind recht intuitiv. Ich pers\u00f6nlich freue mich im Zusammenhang mit der Personalie Oliver Forster auf die fr\u00fche Konferenz.<\/p>\n\n\n\n<p>Wie mathematische Gepflogenheiten sagen, bedeuten zwei deutsche Clubs am Dienstag auch drei am Mittwoch. Wie besprochen ist der FC Bayern zu Gast beim Ex-Trainer in Barcelona. Wie gewohnt ist Mittwoch DAZN-Tag. Wie erwartet kommentiert Jan Platte diese spanisch-deutsche Angelegenheit. Wie erwartet moderiert Laura Wontorra und Michael Ballack ist als Experte vor Ort. Weniger erwartet ist der Einsatz von Marco Hagemann als Field-Reporter (als einziger DAZN-Einsatz in dieser Europapokalwoche), was aber mit seinem RTL-Engagement am Donnerstag in Porto zusammenh\u00e4ngen d\u00fcrfte. <\/p>\n\n\n\n<p>30 Minuten weniger Vorlauf als der deutsche Rekordmeister bekommt RasenBallsport bei seinem Heimspiel gegen Liverpool, was allerdings am etwa siebenstelligen Faktor der geringeren Fanbasis liegen d\u00fcrfte. Wie gewohnt ist Benni Zander bei Leipziger Heimspielen in der Messestadt auf Stimmenfang. Uli Hebel und Tobi Schweinsteiger \u00fcbernehmen die 90 Minuten aus dem Stadion. <br>Bleibt noch der deutsche Meister bei Stade Brest &#8211; beide Teams noch ohne Punktverlust in dieser K\u00f6nigsklassen-Saison &#8211; bereits um 18:45 Uhr auf DAZN. Field-Reporter Tobi Wahnschaffe ist hier vor Ort. <\/p>\n\n\n\n<p>In der Europa League zeigt RTL die Primetime-Partie von Hoffenheim bei Porto im Free-TV &#8211; mit der gewohnten Crew aus Papendick, Matth\u00e4us und angesprochenem Ibero-Tour-Gast Hagemann. Bedeutet auch, dass die Frankfurter Eintracht exklusiv bei RTL+ gezeigt wird. Hier \u00fcbernimmt Corni K\u00fcpper zusammen mit der ehemaligen Nationalspielerin Inka Grings den Kommentar. Einziger Stamm-Experte am Abend ist Felix Kroos, der im Matchday-Studio sein wird. Bei RTL+ kommen dar\u00fcber hinaus keine weiteren Co-Kommentator:innen zum Einsatz &#8211; auch nicht bei den Partien von Hoffenheim und Heidenheim. Sky hat sich zwei Partien mit englischer Beteiligung ausgesucht. <\/p>\n\n\n\n<p>Damit steht die Taktik f\u00fcr die kommenden Tage. Anpfiff und ab daf\u00fcr!<\/p>\n","protected":false},"excerpt":{"rendered":"<p>N&#8217;Abend allerseits, n\u00e4chste Woche ist es wieder soweit: Der renommierteste Fu\u00dfball-Preis f\u00fcr Einzelspieler:innen wird vergeben. Trotz streitbarer Vergaben ist der Ballon d&#8217;Or von France Football eine Institution im Weltfu\u00dfball &#8211; und wird ab dieser Saison in Kooperation mit der UEFA vergeben, die daf\u00fcr auf die K\u00fcr von Europas Fu\u00dfballer:innen des Jahres verzichtet. In den 2010ern [&hellip;]<\/p>\n","protected":false},"author":12,"featured_media":0,"comment_status":"open","ping_status":"open","sticky":false,"template":"","format":"standard","meta":{"footnotes":""},"categories":[425],"tags":[],"class_list":["post-19385","post","type-post","status-publish","format-standard","hentry","category-champions-league-und-co"],"_links":{"self":[{"href":"http:\/\/kommentatorenblog.de\/index.php?rest_route=\/wp\/v2\/posts\/19385","targetHints":{"allow":["GET"]}}],"collection":[{"href":"http:\/\/kommentatorenblog.de\/index.php?rest_route=\/wp\/v2\/posts"}],"about":[{"href":"http:\/\/kommentatorenblog.de\/index.php?rest_route=\/wp\/v2\/types\/post"}],"author":[{"embeddable":true,"href":"http:\/\/kommentatorenblog.de\/index.php?rest_route=\/wp\/v2\/users\/12"}],"replies":[{"embeddable":true,"href":"http:\/\/kommentatorenblog.de\/index.php?rest_route=%2Fwp%2Fv2%2Fcomments&post=19385"}],"version-history":[{"count":18,"href":"http:\/\/kommentatorenblog.de\/index.php?rest_route=\/wp\/v2\/posts\/19385\/revisions"}],"predecessor-version":[{"id":19423,"href":"http:\/\/kommentatorenblog.de\/index.php?rest_route=\/wp\/v2\/posts\/19385\/revisions\/19423"}],"wp:attachment":[{"href":"http:\/\/kommentatorenblog.de\/index.php?rest_route=%2Fwp%2Fv2%2Fmedia&parent=19385"}],"wp:term":[{"taxonomy":"category","embeddable":true,"href":"http:\/\/kommentatorenblog.de\/index.php?rest_route=%2Fwp%2Fv2%2Fcategories&post=19385"},{"taxonomy":"post_tag","embeddable":true,"href":"http:\/\/kommentatorenblog.de\/index.php?rest_route=%2Fwp%2Fv2%2Ftags&post=19385"}],"curies":[{"name":"wp","href":"https:\/\/api.w.org\/{rel}","templated":true}]}}