{"id":19410,"date":"2024-10-28T14:38:44","date_gmt":"2024-10-28T12:38:44","guid":{"rendered":"https:\/\/kommentatorenblog.de\/?p=19410"},"modified":"2024-10-30T22:11:59","modified_gmt":"2024-10-30T20:11:59","slug":"1461-deja-vu-in-leverkusen-wolfsburg-und-bielefeld","status":"publish","type":"post","link":"http:\/\/kommentatorenblog.de\/?p=19410","title":{"rendered":"1461 &#8211; D\u00e9j\u00e0-vu in Leverkusen, Wolfsburg und Bielefeld"},"content":{"rendered":"\n<p><a href=\"https:\/\/www.google.com\/search?q=deja+vu&amp;sca_esv=6b85669aac26ce9a&amp;sxsrf=ADLYWIIWBK-2Oo3ikmyQ1c4FiL2Lu-mY7A:1729983620700&amp;udm=2&amp;source=iu&amp;ictx=1&amp;vet=1&amp;fir=mONSl-aVYtBPMM%252CJA3I1hfWyxUxGM%252C%252Fm%252F02gdb%253BuEUe2Rr1DFqxMM%252CYnYzNhSoWcwdJM%252C_%253B5sLVx8ZFHLbo9M%252Cz5hi8tBjpmLaaM%252C_%253B1EyFdu7TGNemPM%252CtOpwcWH5PnWaFM%252C_%253BYdkfUYOYU02vXM%252ChCJxDFN8D0KoEM%252C_%253BWxwDs2z8PkwLHM%252CZS_NpFyBns9rxM%252C_&amp;usg=AI4_-kRPxkc-D5EmxvO0stQGmdQCCi5KEw&amp;sa=X&amp;ved=2ahUKEwjX_baZk62JAxXdX_EDHSaEIQQQ_B16BAgzEAE#vhid=mONSl-aVYtBPMM&amp;vssid=mosaic\"><\/a>N&#8217;Abend allerseits,<\/p>\n\n\n\n<p>der Oktober neigt sich dem Ende zu, und damit ist wie \u00fcblich ein gutes Viertel der Fu\u00dfballsaison rum. Bislang \u2013 so finde ich \u2013 kann man \u00fcber den Unterhaltungswert dieser Spielzeit nicht meckern. Wenn ich an das vergangene Wochenende denke, gab\u2019s beispielsweise eine spannende und unterhaltsame Konferenz sowie viele Tore in Liga zwei (auch wenn es f\u00fcr den Rekord nicht gereicht hat) \u2013 speziell in N\u00fcrnberg mit einem \u00fcberragenden Klaus Veltman am Mikro. Apropos: An dieser Stelle schlie\u00dfe ich mich gerne den Gl\u00fcckw\u00fcnschen an, die Max Zielke bereits an Klaus Veltman, der zum zweiten Mal Gro\u00dfvater geworden ist, richtete.<\/p>\n\n\n\n<p>Aber zur\u00fcck zum Sportlichen: Unter der Woche geht es \u2013 fast schon traditionell rund um Halloween\/Reformationstag\/den 31. Oktober (wie auch immer ihr wollt) \u2013 im DFB-Pokal weiter. Die 2. Hauptrunde steht auf dem Programm. Leider gibt es hier seit der Saison 2020\/21 die Situation, dass nicht mehr alle Spiele aus dem Stadion kommentiert werden. Langj\u00e4hrige Sky-Zuschauer und Blog-Leser erinnern sich sicher an Zeiten, in denen alle Spiele dieses wunderbar-bekloppten Wettbewerbs aus dem Stadion \u00fcbertragen wurden. Damals \u00fcbernahmen Kommentatoren oft eine Doppelrolle als Kommentator und Field-Reporter. So kam man auch mal in den Genuss, die Herren Wolff Fuss und Kai Dittmann als Field-Reporter zu erleben. Diese Doppelrolle \u2013 wie es sie auch in der 2. Liga bis 2019 gab \u2013 ist leider pass\u00e9. An diesem Spieltag werden nur die H\u00e4lfte der Spiele aus dem Stadion kommentiert, bei diesen (und einigen weiteren) sind zus\u00e4tzliche Field-Reporter im Einsatz.<\/p>\n\n\n\n<p>Zur \u00dcbersicht f\u00fcr euch, welche Spiele aus dem Stadion und welche aus der Box \u00fcbertragen werden, verweise ich a) auf die Analyse und b) auf die Ansetzungsbl\u00f6cke, die durch einen Trennstrich gegliedert sind \u2013 alle Spiele oberhalb des Striches werden aus dem Stadion \u00fcbertragen, alle Spiele unterhalb aus der Box in Unterf\u00f6hring.<\/p>\n\n\n\n<p>So viel zur Theorie, nun aber rein in die Materie der Ansetzungen!<\/p>\n\n\n\n<hr class=\"wp-block-separator\"\/>\n\n\n\n<p><strong>Die Ansetzungen vom 29. bis zum 31. Oktober 2024<\/strong><\/p>\n\n\n\n<hr class=\"wp-block-separator\"\/>\n\n\n\n<p><strong>DFB-Pokal, 2. Runde<\/strong><\/p>\n\n\n\n<p><span style=\"text-decoration: underline;\">Dienstag, 29. Oktober 2024, ab 17.30 Uhr (Sky)<\/span><\/p>\n\n\n\n<p><strong><em>Bayer 04 Leverkusen &#8211; SV Elversberg (18.00 Uhr)<\/em><\/strong><br><img loading=\"lazy\" decoding=\"async\" width=\"10\" height=\"21\" class=\"wp-image-3656\" style=\"width: 10px;\" src=\"http:\/\/kommentatorenblog.de\/wp-content\/uploads\/2020\/09\/shure-55sh-ii-e1601485394796.jpg\" alt=\"\" srcset=\"http:\/\/kommentatorenblog.de\/wp-content\/uploads\/2020\/09\/shure-55sh-ii-e1601485394796.jpg 415w, http:\/\/kommentatorenblog.de\/wp-content\/uploads\/2020\/09\/shure-55sh-ii-e1601485394796-142x300.jpg 142w\" sizes=\"auto, (max-width: 10px) 100vw, 10px\" \/> Marcus Lindemann (Einzelspiel), Hansi K\u00fcpper (Konferenz)<br>Field-Reporter: Ulli Potofski<\/p>\n\n\n\n<p><strong><em>Kickers Offenbach &#8211; Karlsruher SC (18.00 Uhr)<\/em><\/strong><br><img loading=\"lazy\" decoding=\"async\" width=\"10\" height=\"21\" class=\"wp-image-3656\" style=\"width: 10px;\" src=\"http:\/\/kommentatorenblog.de\/wp-content\/uploads\/2020\/09\/shure-55sh-ii-e1601485394796.jpg\" alt=\"\" srcset=\"http:\/\/kommentatorenblog.de\/wp-content\/uploads\/2020\/09\/shure-55sh-ii-e1601485394796.jpg 415w, http:\/\/kommentatorenblog.de\/wp-content\/uploads\/2020\/09\/shure-55sh-ii-e1601485394796-142x300.jpg 142w\" sizes=\"auto, (max-width: 10px) 100vw, 10px\" \/> Klaus Veltman (Einzelspiel), Jonas Friedrich (Konferenz)<br>Field-Reporter: Martin Gro\u00df<\/p>\n\n\n\n<hr class=\"wp-block-separator\"\/>\n\n\n\n<p><strong><em>RB Leipzig &#8211; FC St. Pauli (18.00 Uhr)<\/em><\/strong><br><img loading=\"lazy\" decoding=\"async\" width=\"10\" height=\"21\" class=\"wp-image-3656\" style=\"width: 10px;\" src=\"http:\/\/kommentatorenblog.de\/wp-content\/uploads\/2020\/09\/shure-55sh-ii-e1601485394796.jpg\" alt=\"\" srcset=\"http:\/\/kommentatorenblog.de\/wp-content\/uploads\/2020\/09\/shure-55sh-ii-e1601485394796.jpg 415w, http:\/\/kommentatorenblog.de\/wp-content\/uploads\/2020\/09\/shure-55sh-ii-e1601485394796-142x300.jpg 142w\" sizes=\"auto, (max-width: 10px) 100vw, 10px\" \/> Dominik M\u00fcller (Einzelspiel), Kai Dittmann (Konferenz)<br>Field-Reporter: Karsten Petrzika<\/p>\n\n\n\n<p><strong><em>FC Augsburg &#8211; FC Schalke 04 (18.00 Uhr)<\/em><\/strong><br><img loading=\"lazy\" decoding=\"async\" width=\"10\" height=\"21\" class=\"wp-image-3656\" style=\"width: 10px;\" src=\"http:\/\/kommentatorenblog.de\/wp-content\/uploads\/2020\/09\/shure-55sh-ii-e1601485394796.jpg\" alt=\"\" srcset=\"http:\/\/kommentatorenblog.de\/wp-content\/uploads\/2020\/09\/shure-55sh-ii-e1601485394796.jpg 415w, http:\/\/kommentatorenblog.de\/wp-content\/uploads\/2020\/09\/shure-55sh-ii-e1601485394796-142x300.jpg 142w\" sizes=\"auto, (max-width: 10px) 100vw, 10px\" \/> Marcel Meinert <s>Toni Tomic<\/s> (Einzelspiel), Hannes Herrmann (Konferenz)<br>Field-Reporter: Max Zielke<\/p>\n\n\n\n<p><span style=\"text-decoration: underline;\">ab 20.15 Uhr (ARD) bzw. ab 20.40 Uhr (Sky)<\/span><\/p>\n\n\n\n<p><strong><em>VfL Wolfsburg &#8211; Borussia Dortmund (20.45 Uhr)<\/em><\/strong><\/p>\n\n\n\n<p><img loading=\"lazy\" decoding=\"async\" width=\"10\" height=\"21\" class=\"wp-image-3656\" style=\"width: 10px;\" src=\"http:\/\/kommentatorenblog.de\/wp-content\/uploads\/2020\/09\/shure-55sh-ii-e1601485394796.jpg\" alt=\"\" srcset=\"http:\/\/kommentatorenblog.de\/wp-content\/uploads\/2020\/09\/shure-55sh-ii-e1601485394796.jpg 415w, http:\/\/kommentatorenblog.de\/wp-content\/uploads\/2020\/09\/shure-55sh-ii-e1601485394796-142x300.jpg 142w\" sizes=\"auto, (max-width: 10px) 100vw, 10px\" \/> ARD: Tom Bartels<br>Moderation (ARD): Alexander Bommes, Experte: Bastian Schweinsteiger, Field-Reporterin: Inka Blumensaat<\/p>\n\n\n\n<p><img loading=\"lazy\" decoding=\"async\" width=\"10\" height=\"21\" class=\"wp-image-3656\" style=\"width: 10px;\" src=\"http:\/\/kommentatorenblog.de\/wp-content\/uploads\/2020\/09\/shure-55sh-ii-e1601485394796.jpg\" alt=\"\" srcset=\"http:\/\/kommentatorenblog.de\/wp-content\/uploads\/2020\/09\/shure-55sh-ii-e1601485394796.jpg 415w, http:\/\/kommentatorenblog.de\/wp-content\/uploads\/2020\/09\/shure-55sh-ii-e1601485394796-142x300.jpg 142w\" sizes=\"auto, (max-width: 10px) 100vw, 10px\" \/> Sky: Oliver Seidler (Einzelspiel), Frank Buschmann (Konferenz)<br>Field-Reporter (Sky): Patrick Wasserziehr<\/p>\n\n\n\n<p><span style=\"text-decoration: underline;\">ab 20.35 Uhr (Sky)<\/span><\/p>\n\n\n\n<p><strong><em>VfB Stuttgart &#8211; 1. FC Kaiserslautern (20.45 Uhr)<\/em><\/strong><br><img loading=\"lazy\" decoding=\"async\" width=\"10\" height=\"21\" class=\"wp-image-3656\" style=\"width: 10px;\" src=\"http:\/\/kommentatorenblog.de\/wp-content\/uploads\/2020\/09\/shure-55sh-ii-e1601485394796.jpg\" alt=\"\" srcset=\"http:\/\/kommentatorenblog.de\/wp-content\/uploads\/2020\/09\/shure-55sh-ii-e1601485394796.jpg 415w, http:\/\/kommentatorenblog.de\/wp-content\/uploads\/2020\/09\/shure-55sh-ii-e1601485394796-142x300.jpg 142w\" sizes=\"auto, (max-width: 10px) 100vw, 10px\" \/> Wolff Fuss (Einzelspiel), Markus G\u00f6tz (Konferenz)<br>Field-Reporter: Yannick Erkenbrecher<\/p>\n\n\n\n<hr class=\"wp-block-separator\"\/>\n\n\n\n<p><strong><em>1. FC K\u00f6ln &#8211; Holstein Kiel (20.45 Uhr)<\/em><\/strong><br><img loading=\"lazy\" decoding=\"async\" width=\"10\" height=\"21\" class=\"wp-image-3656\" style=\"width: 10px;\" src=\"http:\/\/kommentatorenblog.de\/wp-content\/uploads\/2020\/09\/shure-55sh-ii-e1601485394796.jpg\" alt=\"\" srcset=\"http:\/\/kommentatorenblog.de\/wp-content\/uploads\/2020\/09\/shure-55sh-ii-e1601485394796.jpg 415w, http:\/\/kommentatorenblog.de\/wp-content\/uploads\/2020\/09\/shure-55sh-ii-e1601485394796-142x300.jpg 142w\" sizes=\"auto, (max-width: 10px) 100vw, 10px\" \/> Joachim Hebel (Einzelspiel), Roland Evers (Konferenz)<br>Field-Reporter: Thomas Wagner<\/p>\n\n\n\n<p><strong><em>SSV Jahn Regensburg &#8211; SpVgg Greuther F\u00fcrth (20.45 Uhr)<\/em><\/strong><br><img loading=\"lazy\" decoding=\"async\" width=\"10\" height=\"21\" class=\"wp-image-3656\" style=\"width: 10px;\" src=\"http:\/\/kommentatorenblog.de\/wp-content\/uploads\/2020\/09\/shure-55sh-ii-e1601485394796.jpg\" alt=\"\" srcset=\"http:\/\/kommentatorenblog.de\/wp-content\/uploads\/2020\/09\/shure-55sh-ii-e1601485394796.jpg 415w, http:\/\/kommentatorenblog.de\/wp-content\/uploads\/2020\/09\/shure-55sh-ii-e1601485394796-142x300.jpg 142w\" sizes=\"auto, (max-width: 10px) 100vw, 10px\" \/> Sven Schr\u00f6ter (Einzelspiel), Markus Gaupp (Konferenz)<br>Interviews: Schalte<\/p>\n\n\n\n<p>Moderation (Sky): Michael Leopold<\/p>\n\n\n\n<p><span style=\"text-decoration: underline;\">Mittwoch, 30. Oktober 2024, ab 17.30 Uhr (Sky)<\/span><\/p>\n\n\n\n<p><strong><em>Eintracht Frankfurt &#8211; Borussia M\u00f6nchengladbach (18.00 Uhr)<\/em><\/strong><br><img loading=\"lazy\" decoding=\"async\" width=\"10\" height=\"21\" class=\"wp-image-3656\" style=\"width: 10px;\" src=\"http:\/\/kommentatorenblog.de\/wp-content\/uploads\/2020\/09\/shure-55sh-ii-e1601485394796.jpg\" alt=\"\" srcset=\"http:\/\/kommentatorenblog.de\/wp-content\/uploads\/2020\/09\/shure-55sh-ii-e1601485394796.jpg 415w, http:\/\/kommentatorenblog.de\/wp-content\/uploads\/2020\/09\/shure-55sh-ii-e1601485394796-142x300.jpg 142w\" sizes=\"auto, (max-width: 10px) 100vw, 10px\" \/> Martin Gro\u00df (Einzelspiel), Frank Buschmann (Konferenz)<br>Field-Reporter: Patrick Wasserziehr<\/p>\n\n\n\n<p><strong><em>SC Freiburg &#8211; Hamburger SV (18.00 Uhr)<\/em><\/strong><br><img loading=\"lazy\" decoding=\"async\" width=\"10\" height=\"21\" class=\"wp-image-3656\" style=\"width: 10px;\" src=\"http:\/\/kommentatorenblog.de\/wp-content\/uploads\/2020\/09\/shure-55sh-ii-e1601485394796.jpg\" alt=\"\" srcset=\"http:\/\/kommentatorenblog.de\/wp-content\/uploads\/2020\/09\/shure-55sh-ii-e1601485394796.jpg 415w, http:\/\/kommentatorenblog.de\/wp-content\/uploads\/2020\/09\/shure-55sh-ii-e1601485394796-142x300.jpg 142w\" sizes=\"auto, (max-width: 10px) 100vw, 10px\" \/> Klaus Veltman (Einzelspiel), Hansi K\u00fcpper (Konferenz)<br>Field-Reporter: Yannick Erkenbrecher<\/p>\n\n\n\n<hr class=\"wp-block-separator\"\/>\n\n\n\n<p><strong><em>SC Paderborn &#8211; SV Werder Bremen (18.00 Uhr)<\/em><\/strong><br><img loading=\"lazy\" decoding=\"async\" width=\"10\" height=\"21\" class=\"wp-image-3656\" style=\"width: 10px;\" src=\"http:\/\/kommentatorenblog.de\/wp-content\/uploads\/2020\/09\/shure-55sh-ii-e1601485394796.jpg\" alt=\"\" srcset=\"http:\/\/kommentatorenblog.de\/wp-content\/uploads\/2020\/09\/shure-55sh-ii-e1601485394796.jpg 415w, http:\/\/kommentatorenblog.de\/wp-content\/uploads\/2020\/09\/shure-55sh-ii-e1601485394796-142x300.jpg 142w\" sizes=\"auto, (max-width: 10px) 100vw, 10px\" \/> Rachel Rinast (Einzelspiel), Roland Evers (Konferenz)<br>Field-Reporter: Dirk gro\u00dfe Schlarmann<\/p>\n\n\n\n<p><strong><em>Hertha BSC &#8211; 1. FC Heidenheim (18.00 Uhr)<\/em><\/strong><br><img loading=\"lazy\" decoding=\"async\" width=\"10\" height=\"21\" class=\"wp-image-3656\" style=\"width: 10px;\" src=\"http:\/\/kommentatorenblog.de\/wp-content\/uploads\/2020\/09\/shure-55sh-ii-e1601485394796.jpg\" alt=\"\" srcset=\"http:\/\/kommentatorenblog.de\/wp-content\/uploads\/2020\/09\/shure-55sh-ii-e1601485394796.jpg 415w, http:\/\/kommentatorenblog.de\/wp-content\/uploads\/2020\/09\/shure-55sh-ii-e1601485394796-142x300.jpg 142w\" sizes=\"auto, (max-width: 10px) 100vw, 10px\" \/> <s>Toni Tomic<\/s> Stefan Hempel (Einzelspiel), Michael Leopold (Konferenz)<br>Interviews: Schalte<\/p>\n\n\n\n<p><span style=\"text-decoration: underline;\">ab 20.15 Uhr (ZDF) bzw. ab 20.30 Uhr (Sky)<\/span><\/p>\n\n\n\n<p><strong><em>1. FSV Mainz 05 &#8211; FC Bayern M\u00fcnchen (20.45 Uhr)<\/em><\/strong><\/p>\n\n\n\n<p><img loading=\"lazy\" decoding=\"async\" width=\"10\" height=\"21\" class=\"wp-image-3656\" style=\"width: 10px;\" src=\"http:\/\/kommentatorenblog.de\/wp-content\/uploads\/2020\/09\/shure-55sh-ii-e1601485394796.jpg\" alt=\"\" srcset=\"http:\/\/kommentatorenblog.de\/wp-content\/uploads\/2020\/09\/shure-55sh-ii-e1601485394796.jpg 415w, http:\/\/kommentatorenblog.de\/wp-content\/uploads\/2020\/09\/shure-55sh-ii-e1601485394796-142x300.jpg 142w\" sizes=\"auto, (max-width: 10px) 100vw, 10px\" \/> ZDF: Gari Paubandt<br>Moderation (ZDF): Sven Voss, Experte: Ren\u00e9 Adler, Field-Reporter: Boris B\u00fcchler<\/p>\n\n\n\n<p><img loading=\"lazy\" decoding=\"async\" width=\"10\" height=\"21\" class=\"wp-image-3656\" style=\"width: 10px;\" src=\"http:\/\/kommentatorenblog.de\/wp-content\/uploads\/2020\/09\/shure-55sh-ii-e1601485394796.jpg\" alt=\"\" srcset=\"http:\/\/kommentatorenblog.de\/wp-content\/uploads\/2020\/09\/shure-55sh-ii-e1601485394796.jpg 415w, http:\/\/kommentatorenblog.de\/wp-content\/uploads\/2020\/09\/shure-55sh-ii-e1601485394796-142x300.jpg 142w\" sizes=\"auto, (max-width: 10px) 100vw, 10px\" \/> Sky: Kai Dittmann (Einzelspiel), Wolff Fuss (Konferenz)<br>Field-Reporterin (Sky): Britta Hofmann<\/p>\n\n\n\n<p><span style=\"text-decoration: underline;\">ab 20.30 Uhr (Sky)<\/span><\/p>\n\n\n\n<p><strong><em>DSC Arminia Bielefeld &#8211; 1. FC Union Berlin (20.45 Uhr)<\/em><\/strong><br><img loading=\"lazy\" decoding=\"async\" width=\"10\" height=\"21\" class=\"wp-image-3656\" style=\"width: 10px;\" src=\"http:\/\/kommentatorenblog.de\/wp-content\/uploads\/2020\/09\/shure-55sh-ii-e1601485394796.jpg\" alt=\"\" srcset=\"http:\/\/kommentatorenblog.de\/wp-content\/uploads\/2020\/09\/shure-55sh-ii-e1601485394796.jpg 415w, http:\/\/kommentatorenblog.de\/wp-content\/uploads\/2020\/09\/shure-55sh-ii-e1601485394796-142x300.jpg 142w\" sizes=\"auto, (max-width: 10px) 100vw, 10px\" \/> Marcus Lindemann (Einzelspiel), Jonas Friedrich (Konferenz)<br>Field-Reporter: Jens Westen<\/p>\n\n\n\n<hr class=\"wp-block-separator\"\/>\n\n\n\n<p><strong><em>TSG 1899 Hoffenheim &#8211; 1. FC N\u00fcrnberg (20.45 Uhr)<\/em><\/strong><br><img loading=\"lazy\" decoding=\"async\" width=\"10\" height=\"21\" class=\"wp-image-3656\" style=\"width: 10px;\" src=\"http:\/\/kommentatorenblog.de\/wp-content\/uploads\/2020\/09\/shure-55sh-ii-e1601485394796.jpg\" alt=\"\" srcset=\"http:\/\/kommentatorenblog.de\/wp-content\/uploads\/2020\/09\/shure-55sh-ii-e1601485394796.jpg 415w, http:\/\/kommentatorenblog.de\/wp-content\/uploads\/2020\/09\/shure-55sh-ii-e1601485394796-142x300.jpg 142w\" sizes=\"auto, (max-width: 10px) 100vw, 10px\" \/> Markus Gaupp (Einzelspiel), Florian Schmidt-Sommerfeld (Konferenz)<br>Interviews: Schalte<\/p>\n\n\n\n<p><strong><em>SG Dynamo Dresden &#8211; SV Darmstadt 98 (20.45 Uhr)<\/em><\/strong><br><img loading=\"lazy\" decoding=\"async\" width=\"10\" height=\"21\" class=\"wp-image-3656\" style=\"width: 10px;\" src=\"http:\/\/kommentatorenblog.de\/wp-content\/uploads\/2020\/09\/shure-55sh-ii-e1601485394796.jpg\" alt=\"\" srcset=\"http:\/\/kommentatorenblog.de\/wp-content\/uploads\/2020\/09\/shure-55sh-ii-e1601485394796.jpg 415w, http:\/\/kommentatorenblog.de\/wp-content\/uploads\/2020\/09\/shure-55sh-ii-e1601485394796-142x300.jpg 142w\" sizes=\"auto, (max-width: 10px) 100vw, 10px\" \/> Hannes Herrmann (Einzelspiel), Markus G\u00f6tz (Konferenz)<br>Interviews: Schalte<\/p>\n\n\n\n<p>Moderation (Sky): Nele Ocik<\/p>\n\n\n\n<hr class=\"wp-block-separator\"\/>\n\n\n\n<p><strong>Serie A, 10. Spieltag (DAZN)<\/strong><\/p>\n\n\n\n<p><span style=\"text-decoration: underline;\">Dienstag, 29. Oktober 2024<\/span><\/p>\n\n\n\n<p><strong><em>AC Mailand &#8211; SSC Neapel (20.45 Uhr)<\/em><\/strong><br><img loading=\"lazy\" decoding=\"async\" width=\"10\" height=\"21\" class=\"wp-image-3656\" style=\"width: 10px;\" src=\"http:\/\/kommentatorenblog.de\/wp-content\/uploads\/2020\/09\/shure-55sh-ii-e1601485394796.jpg\" alt=\"\" srcset=\"http:\/\/kommentatorenblog.de\/wp-content\/uploads\/2020\/09\/shure-55sh-ii-e1601485394796.jpg 415w, http:\/\/kommentatorenblog.de\/wp-content\/uploads\/2020\/09\/shure-55sh-ii-e1601485394796-142x300.jpg 142w\" sizes=\"auto, (max-width: 10px) 100vw, 10px\" \/> Mario Rieker, Experte: Marc Schnatterer<\/p>\n\n\n\n<p><span style=\"text-decoration: underline;\">Mittwoch, 30. Oktober 2024<\/span><\/p>\n\n\n\n<p><strong><em>FC Empoli &#8211; Inter Mailand (18.30 Uhr)<\/em><\/strong><br><img loading=\"lazy\" decoding=\"async\" width=\"10\" height=\"21\" class=\"wp-image-3656\" style=\"width: 10px;\" src=\"http:\/\/kommentatorenblog.de\/wp-content\/uploads\/2020\/09\/shure-55sh-ii-e1601485394796.jpg\" alt=\"\" srcset=\"http:\/\/kommentatorenblog.de\/wp-content\/uploads\/2020\/09\/shure-55sh-ii-e1601485394796.jpg 415w, http:\/\/kommentatorenblog.de\/wp-content\/uploads\/2020\/09\/shure-55sh-ii-e1601485394796-142x300.jpg 142w\" sizes=\"auto, (max-width: 10px) 100vw, 10px\" \/> Manuel Angstenberger<\/p>\n\n\n\n<p><strong><em>Juventus Turin &#8211; FC Parma (20.45 Uhr)<\/em><\/strong><br><img loading=\"lazy\" decoding=\"async\" width=\"10\" height=\"21\" class=\"wp-image-3656\" style=\"width: 10px;\" src=\"http:\/\/kommentatorenblog.de\/wp-content\/uploads\/2020\/09\/shure-55sh-ii-e1601485394796.jpg\" alt=\"\" srcset=\"http:\/\/kommentatorenblog.de\/wp-content\/uploads\/2020\/09\/shure-55sh-ii-e1601485394796.jpg 415w, http:\/\/kommentatorenblog.de\/wp-content\/uploads\/2020\/09\/shure-55sh-ii-e1601485394796-142x300.jpg 142w\" sizes=\"auto, (max-width: 10px) 100vw, 10px\" \/> Carsten Fu\u00df<\/p>\n\n\n\n<p><span style=\"text-decoration: underline;\">Donnerstag, 31. Oktober 2024<\/span><\/p>\n\n\n\n<p><strong><em>AS Roma &#8211; FC Turin (20.45 Uhr)<\/em><\/strong><br><img loading=\"lazy\" decoding=\"async\" width=\"10\" height=\"21\" class=\"wp-image-3656\" style=\"width: 10px;\" src=\"http:\/\/kommentatorenblog.de\/wp-content\/uploads\/2020\/09\/shure-55sh-ii-e1601485394796.jpg\" alt=\"\" srcset=\"http:\/\/kommentatorenblog.de\/wp-content\/uploads\/2020\/09\/shure-55sh-ii-e1601485394796.jpg 415w, http:\/\/kommentatorenblog.de\/wp-content\/uploads\/2020\/09\/shure-55sh-ii-e1601485394796-142x300.jpg 142w\" sizes=\"auto, (max-width: 10px) 100vw, 10px\" \/> Michael Brandes<\/p>\n\n\n\n<hr class=\"wp-block-separator\"\/>\n\n\n\n<p><strong>Copa del Rey, 1. Spieltag (Sportdigital FUSSBALL)<\/strong><\/p>\n\n\n\n<p><span style=\"text-decoration: underline;\">Dienstag, 29. Oktober 2024<\/span><\/p>\n\n\n\n<p><strong><em>UD Poblense &#8211; Villarreal CF (21.00 Uhr)<\/em><\/strong><br><img loading=\"lazy\" decoding=\"async\" width=\"10\" height=\"21\" class=\"wp-image-3656\" style=\"width: 10px;\" src=\"http:\/\/kommentatorenblog.de\/wp-content\/uploads\/2020\/09\/shure-55sh-ii-e1601485394796.jpg\" alt=\"\" srcset=\"http:\/\/kommentatorenblog.de\/wp-content\/uploads\/2020\/09\/shure-55sh-ii-e1601485394796.jpg 415w, http:\/\/kommentatorenblog.de\/wp-content\/uploads\/2020\/09\/shure-55sh-ii-e1601485394796-142x300.jpg 142w\" sizes=\"auto, (max-width: 10px) 100vw, 10px\" \/> Marvin Kirsch<\/p>\n\n\n\n<p><span style=\"text-decoration: underline;\">Donnerstag, 31. Oktober 2024<\/span><\/p>\n\n\n\n<p><strong><em>UE Vic &#8211; Atletico Madrid (19.00 Uhr)<\/em><\/strong><br><img loading=\"lazy\" decoding=\"async\" width=\"10\" height=\"21\" class=\"wp-image-3656\" style=\"width: 10px;\" src=\"http:\/\/kommentatorenblog.de\/wp-content\/uploads\/2020\/09\/shure-55sh-ii-e1601485394796.jpg\" alt=\"\" srcset=\"http:\/\/kommentatorenblog.de\/wp-content\/uploads\/2020\/09\/shure-55sh-ii-e1601485394796.jpg 415w, http:\/\/kommentatorenblog.de\/wp-content\/uploads\/2020\/09\/shure-55sh-ii-e1601485394796-142x300.jpg 142w\" sizes=\"auto, (max-width: 10px) 100vw, 10px\" \/> J\u00f6rg Steiger<\/p>\n\n\n\n<hr class=\"wp-block-separator\"\/>\n\n\n\n<p><strong>Eredivisie, 4. Spieltag, Nachholspiel (Sportdigital FUSSBALL)<\/strong><\/p>\n\n\n\n<p><span style=\"text-decoration: underline;\">Mittwoch, 30. Oktober 2024<\/span><\/p>\n\n\n\n<p><strong><em>Feyenoord Rotterdam &#8211; Ajax Amsterdam (18.00 Uhr)<\/em><\/strong><br><img loading=\"lazy\" decoding=\"async\" width=\"10\" height=\"21\" class=\"wp-image-3656\" style=\"width: 10px;\" src=\"http:\/\/kommentatorenblog.de\/wp-content\/uploads\/2020\/09\/shure-55sh-ii-e1601485394796.jpg\" alt=\"\" srcset=\"http:\/\/kommentatorenblog.de\/wp-content\/uploads\/2020\/09\/shure-55sh-ii-e1601485394796.jpg 415w, http:\/\/kommentatorenblog.de\/wp-content\/uploads\/2020\/09\/shure-55sh-ii-e1601485394796-142x300.jpg 142w\" sizes=\"auto, (max-width: 10px) 100vw, 10px\" \/> Jakob Vogel<\/p>\n\n\n\n<hr class=\"wp-block-separator\"\/>\n\n\n\n<p><strong>Scottish Premiership, 10.Spieltag (Sportdigital FUSSBALL)<\/strong><\/p>\n\n\n\n<p><span style=\"text-decoration: underline;\">Mittwoch, 30. Oktober 2024<\/span><\/p>\n\n\n\n<p><strong><em>FC Aberdeen &#8211; Glasgow Rangers (21.00 Uhr)<\/em><\/strong><br><img loading=\"lazy\" decoding=\"async\" width=\"10\" height=\"21\" class=\"wp-image-3656\" style=\"width: 10px;\" src=\"http:\/\/kommentatorenblog.de\/wp-content\/uploads\/2020\/09\/shure-55sh-ii-e1601485394796.jpg\" alt=\"\" srcset=\"http:\/\/kommentatorenblog.de\/wp-content\/uploads\/2020\/09\/shure-55sh-ii-e1601485394796.jpg 415w, http:\/\/kommentatorenblog.de\/wp-content\/uploads\/2020\/09\/shure-55sh-ii-e1601485394796-142x300.jpg 142w\" sizes=\"auto, (max-width: 10px) 100vw, 10px\" \/> Martin Hahn<\/p>\n\n\n\n<hr class=\"wp-block-separator\"\/>\n\n\n\n<p><strong>Copa Libertadores, Halbfinale, R\u00fcckspiele (SPORT1+)<\/strong><\/p>\n\n\n\n<p><span style=\"text-decoration: underline;\">Mittwoch, 30. Oktober 2024, ab 20.05 Uhr (relive)<\/span><\/p>\n\n\n\n<p><strong><em>River Plate <\/em><\/strong><em>(ARG)<\/em><strong><em> &#8211; Atl\u00e9tico Mineiro <\/em><\/strong><em>(BRA)<\/em> <strong><em>(01.30 Uhr)<\/em><\/strong><br><img loading=\"lazy\" decoding=\"async\" width=\"10\" height=\"21\" class=\"wp-image-3656\" style=\"width: 10px;\" src=\"http:\/\/kommentatorenblog.de\/wp-content\/uploads\/2020\/09\/shure-55sh-ii-e1601485394796.jpg\" alt=\"\" srcset=\"http:\/\/kommentatorenblog.de\/wp-content\/uploads\/2020\/09\/shure-55sh-ii-e1601485394796.jpg 415w, http:\/\/kommentatorenblog.de\/wp-content\/uploads\/2020\/09\/shure-55sh-ii-e1601485394796-142x300.jpg 142w\" sizes=\"auto, (max-width: 10px) 100vw, 10px\" \/> Tobi Fischbeck<\/p>\n\n\n\n<p><span style=\"text-decoration: underline;\">Donnerstag, 31. Oktober 2024, ab 12.45 Uhr (relive)<\/span><\/p>\n\n\n\n<p><strong><em>Pe\u00f1arol Montevideo <\/em><\/strong><em>(URU)<\/em><strong><em> &#8211; Botafogo FR <\/em><\/strong><em>(BRA)<\/em> <strong><em>(01.30 Uhr)<\/em><\/strong><br><img loading=\"lazy\" decoding=\"async\" width=\"10\" height=\"21\" class=\"wp-image-3656\" style=\"width: 10px;\" src=\"http:\/\/kommentatorenblog.de\/wp-content\/uploads\/2020\/09\/shure-55sh-ii-e1601485394796.jpg\" alt=\"\" srcset=\"http:\/\/kommentatorenblog.de\/wp-content\/uploads\/2020\/09\/shure-55sh-ii-e1601485394796.jpg 415w, http:\/\/kommentatorenblog.de\/wp-content\/uploads\/2020\/09\/shure-55sh-ii-e1601485394796-142x300.jpg 142w\" sizes=\"auto, (max-width: 10px) 100vw, 10px\" \/> Christoph Fetzer<\/p>\n\n\n\n<hr class=\"wp-block-separator\"\/>\n\n\n\n<p><strong>Regionalliga West, 11. Spieltag, Nachholspiel (Sporttotal)<\/strong><\/p>\n\n\n\n<p><span style=\"text-decoration: underline;\">Mittwoch, 30. Oktober 2024<\/span><\/p>\n\n\n\n<p><strong><em>1. FC Bocholt &#8211; MSV Duisburg (19.30 Uhr)<\/em><\/strong><br><img loading=\"lazy\" decoding=\"async\" width=\"10\" height=\"21\" class=\"wp-image-3656\" style=\"width: 10px;\" src=\"http:\/\/kommentatorenblog.de\/wp-content\/uploads\/2020\/09\/shure-55sh-ii-e1601485394796.jpg\" alt=\"\" srcset=\"http:\/\/kommentatorenblog.de\/wp-content\/uploads\/2020\/09\/shure-55sh-ii-e1601485394796.jpg 415w, http:\/\/kommentatorenblog.de\/wp-content\/uploads\/2020\/09\/shure-55sh-ii-e1601485394796-142x300.jpg 142w\" sizes=\"auto, (max-width: 10px) 100vw, 10px\" \/> Marvin Domalewski<\/p>\n\n\n\n<hr class=\"wp-block-separator\"\/>\n\n\n\n<p><strong>Die Analyse<\/strong><\/p>\n\n\n\n<p>In den Pokaldienstag startet Sky ab 17.30 Uhr aus dem Studio, wo Michael Leopold auf die Spiele einstimmt. Der Blick geht dabei unter anderem zum Titelverteidiger nach Leverkusen, der die SV Elversberg empf\u00e4ngt. Ich pers\u00f6nlich finde es \u2013 gerade bei solchen Begegnungen \u2013 schade, dass nicht automatisch der unterklassigere Verein das Heimrecht bekommt. In der BayArena wird Ulli Potofski auf Stimmenfang gehen, w\u00e4hrend Marcus Lindemann die 90 Minuten kommentiert. Lindemann kennt diese Partie nat\u00fcrlich noch gut: In der 1. Runde der Pokalsaison 2022\/23 besiegte die SVE als Drittligist die Werkself mit 4:3 \u2013 ebenfalls mit Marcus Lindemann am Mikro. Der einzig verbliebene Regionalligist &#8211; die Kickers Offenbach &#8211; empf\u00e4ngt zeitgleich den KSC. Martin Gro\u00df \u00fcbernimmt den Part als Field-Reporter und der &#8222;Hessen-Beauftragte&#8220; Klaus Veltman kommentiert die Chose. <\/p>\n\n\n\n<p>Die beiden weiteren Spiele der Dienstags-Fr\u00fchschicht werden aus der Box kommentiert. Sowohl in Leipzig mit Karsten Petrzika als auch in Augsburg mit Max Zielke sind aber zumindest zwei Field-Reporter dabei. In der Konferenz schaut sich Hansi K\u00fcpper den Titelverteidiger an, w\u00e4hrend sich Kai Dittmann bei der Partie Leipzig-St. Pauli um zwei Teams k\u00fcmmert, die er bereits in der 1. Hauptrunde begleitete. Au\u00dferdem dabei sind Jonas Friedrich (Offenbach-KSC) und Hannes Herrmann (Augsburg-Schalke). <\/p>\n\n\n\n<p>In der Sp\u00e4tschicht steigt die ARD ein und zeigt das Duell vom VfL Wolfsburg gegen Borussia Dortmund \u2013 ein Aufeinandertreffen zweier derzeit eher kriselnder Clubs, die zuletzt beim Pokalfinale 2015 in diesem Wettbewerb aufeinandertrafen. Der Kommentator der Partie f\u00fcr die ARD ist damals wie heute Tom Bartels. Au\u00dferdem in der Autostadt sind Moderator Alex Bommes und Experte Bastian Schweinsteiger, sowie Field-Reporterin Inka Blumensaat, die mit dem VfL ja recht h\u00e4ufig zu tun hat. Zu sehen gibt es die Partie nat\u00fcrlich auch bei Sky, hier ist Patrick Wasserziehr der Mann f\u00fcr die Interviews &#8211; begr\u00fc\u00dfen wird er unter anderem Dieter Hecking, der ja in besagtem Pokalfinale 2015 mit dem VfL als HecKING den Pott holte. Kommentator der Partie ist &#8211; erstmals in dieser Saison in Wolfsburg &#8211; Oliver Seidler. <\/p>\n\n\n\n<p>Die Parallelspiele gibt es dann exklusiv auf Sky. Bei der Partie Stuttgart gegen den Vorjahresfinalisten Kaiserslautern l\u00e4sst sich dabei Topspielkommentator Wolff Fuss nicht zweimal bitten, w\u00e4hrend SSN-Reporter Dennis Bayer die Stimmen einf\u00e4ngt. Einer seiner Glanzparaden Co-Hosts, Thomas Wagner, ist w\u00e4hrenddessen in K\u00f6ln-M\u00fcngersdorf als Field-Reporter, w\u00e4hrend der Kommentator der Partie des Effzeh gegen Kiel, Jogi Hebel, die Partie leider nur aus Unterf\u00f6hring begleiten wird. Die letzte Partie ist die reine Zweitligabegegnung zwischen Regensburg und F\u00fcrth, hier gibt es weder Kommentar aus dem Stadion noch aus dem Field-Reporter, nichtsdestotrotz sind Schalten in die Arena m\u00f6glich. <\/p>\n\n\n\n<p>Mit Blick auf die Konferenz &#8211; wir sprachen \u00fcber die Glanzparade &#8211; k\u00fcmmert sich Frank &#8222;Buschi&#8220; Buschmann wie am Wochenende um den BVB, w\u00e4hrend Markus G\u00f6tz &#8222;seinen&#8220; VfB gegen Lautern \u00fcbernimmt. Ebenso Teil des Quartetts sind Roland Evers und der untersch\u00e4tzte und in Konferenzen stets hochunterhaltsame Markus Gaupp.<\/p>\n\n\n\n<p>Springen wir zum Mittwoch: Borussia M\u00f6nchengladbach tritt bereits zum zweiten Mal in dieser Saison in Frankfurt an. Ob es erfolgreicher wird als bei der 2:0-Niederlage in der Liga, werden Field-Reporter Patrick Wasserziehr (lange Anreise aus Wolfsburg) und Kommentator Martin Gro\u00df (kurze Anreise aus Offenbach) in Erfahrung bringen. Au\u00dferdem geht es f\u00fcr den HSV zum SC Freiburg, mit dabei sind die Herren Veltman und Erkenbrecher. Bei den Spielen in Berlin und Paderborn &#8211; hier gibt Rachel Rinast ihr Deb\u00fct im Pokal &#8211; kommt der Kommentar aus der Box.<\/p>\n\n\n\n<p>In der Konferenz gibt sich Konferenz-Urgestein Michael Leopold mit Hertha-Heidenheim die seltene Ehre &#8211; \u00dcbergaben an Hansi K\u00fcpper, der sich um Freiburg-Hamburg k\u00fcmmert, wird er aber sicher nicht verlernt haben. Au\u00dferdem mit dabei sind Roland Evers und Buschi, die damit wie K\u00fcpper gleich zweimal in der Konferenz im Einsatz sind. <\/p>\n\n\n\n<p>Nach der ARD am Dienstag \u00fcbernimmt das ZDF am Mittwoch und zeigt erwartungsgem\u00e4\u00df die Bayern, die es ausw\u00e4rts mit Mainz 05 zu tun bekommen. Sven Voss meldet sich mit dem Ex-Mainzer Ren\u00e9 Adler aus der Mewa-Arena, wo Gari Paubandt erstmals als Live-Kommentator im DFB-Pokal auftritt. Mit Blick auf seine vielen Eins\u00e4tze bei den Topspielen in der Bundesliga f\u00fcr das aktuelle Sportstudio wohl aber gar keine so gro\u00dfe \u00dcberraschung &#8211; verdient ist es allemal! Bei Sky hat hier Britta Hofmann eine kurze Anreise, w\u00e4hrend es f\u00fcr Kai Dittmann nach der Konferenz am Vorabend Stadionluft gibt. <\/p>\n\n\n\n<p>Apropos Stadionluft: Auch Jens Westen darf nat\u00fcrlich in der Pokal-Woche nicht fehlen, f\u00fcr ihn geht es in die Bielefelder Sch\u00fcco-Arena, wo die Arminia gegen Union auf eine \u00dcberraschung hofft. Mutmacher: Das letzte Ligaduell der beiden ging mit 1:0 an die Arminia &#8211; sowohl im Februar 2022 und auch an diesem Mittwoch war und ist der Kommentator Marcus Lindemann. Bei den beiden weiteren Spielen in Sinsheim und Dresden gibt es lediglich Schaltm\u00f6glichkeiten und der Kommentar kommt aus der Box.<\/p>\n\n\n\n<p>In der letzten Konferenz der 2. Pokalrunde gibt es unter anderem einen der seltenen Besuche von Wolff Fuss, der sich um die Bayern in Mainz k\u00fcmmert, w\u00e4hrend es f\u00fcr Stammgast Schmiso statt Seattle &#8222;Tor in Sinsheim&#8220; hei\u00dft. Au\u00dferdem mit dabei sind Jonas Friedrich und Markus G\u00f6tz mit den Drittligisten Bielefeld und Dresden. Durch den gesamten Mittwoch wird &#8211; die Info bin ich noch schuldig &#8211; wird im \u00fcbrigen Nele Ocik f\u00fchren. <\/p>\n\n\n\n<p>Zum Abschluss noch ein Blick \u00fcber den Tellerrand: Neben der 2. Pokalrunde steht in Italien eine englische Woche in der Serie A an <s>(die Ansetzungen vom Donnerstag folgen)<\/s> und bei Sportdigital gibt es ein bisschen Copa del Rey zu sehen. Bis dahin, viel Spa\u00df mit dieser Pokalrunde und eine sch\u00f6ne Woche euch allen!<\/p>\n","protected":false},"excerpt":{"rendered":"<p>N&#8217;Abend allerseits, der Oktober neigt sich dem Ende zu, und damit ist wie \u00fcblich ein gutes Viertel der Fu\u00dfballsaison rum. Bislang \u2013 so finde ich \u2013 kann man \u00fcber den Unterhaltungswert dieser Spielzeit nicht meckern. Wenn ich an das vergangene Wochenende denke, gab\u2019s beispielsweise eine spannende und unterhaltsame Konferenz sowie viele Tore in Liga zwei [&hellip;]<\/p>\n","protected":false},"author":5,"featured_media":0,"comment_status":"open","ping_status":"open","sticky":false,"template":"","format":"standard","meta":{"footnotes":""},"categories":[504],"tags":[246,19,355,240,73,131,302,13,392,580,89,61,32,104,25,1075,405,213,347,69,58,93,91,676,834,1042,70,112,243,121,126,95,649,1242,581,449,742,88,1238,113,94,966,84,45,22,434,134,985,27,710,33,152,273,24,289,107,196,37],"class_list":["post-19410","post","type-post","status-publish","format-standard","hentry","category-dfb-pokal-co","tag-alexander-bommes","tag-ard","tag-bastian-schweinsteiger","tag-boris-buechler","tag-britta-hofmann","tag-carsten-fuss","tag-christoph-fetzer","tag-dazn","tag-dirk-grosse-schlarmann","tag-dominik-mueller","tag-florian-schmidt-sommerfeld","tag-frank-buschmann","tag-gari-paubandt","tag-hannes-herrmann","tag-hansi-kuepper","tag-inka-blumensaat","tag-jakob-vogel","tag-jens-westen","tag-joachim-hebel","tag-jonas-friedrich","tag-joerg-steiger","tag-kai-dittmann","tag-karsten-petrzika","tag-klaus-veltman","tag-manuel-angstenberger","tag-marc-schnatterer","tag-marcel-meinert","tag-marcus-lindemann","tag-mario-rieker","tag-markus-gaupp","tag-markus-goetz","tag-martin-gross","tag-martin-hahn","tag-marvin-domalewski","tag-marvin-kirsch","tag-max-zielke","tag-michael-brandes","tag-michael-leopold","tag-nele-ocik","tag-oliver-seidler","tag-patrick-wasserziehr","tag-rachel-rinast","tag-rene-adler","tag-roland-evers","tag-sky","tag-sport1-2","tag-sportdigital-fussball","tag-sporttotal","tag-sven-schroeter","tag-sven-voss","tag-thomas-wagner","tag-tobi-fischbeck","tag-tom-bartels","tag-toni-tomic","tag-ulli-potofski","tag-wolff-fuss","tag-yannick-erkenbrecher","tag-zdf"],"_links":{"self":[{"href":"http:\/\/kommentatorenblog.de\/index.php?rest_route=\/wp\/v2\/posts\/19410","targetHints":{"allow":["GET"]}}],"collection":[{"href":"http:\/\/kommentatorenblog.de\/index.php?rest_route=\/wp\/v2\/posts"}],"about":[{"href":"http:\/\/kommentatorenblog.de\/index.php?rest_route=\/wp\/v2\/types\/post"}],"author":[{"embeddable":true,"href":"http:\/\/kommentatorenblog.de\/index.php?rest_route=\/wp\/v2\/users\/5"}],"replies":[{"embeddable":true,"href":"http:\/\/kommentatorenblog.de\/index.php?rest_route=%2Fwp%2Fv2%2Fcomments&post=19410"}],"version-history":[{"count":23,"href":"http:\/\/kommentatorenblog.de\/index.php?rest_route=\/wp\/v2\/posts\/19410\/revisions"}],"predecessor-version":[{"id":19496,"href":"http:\/\/kommentatorenblog.de\/index.php?rest_route=\/wp\/v2\/posts\/19410\/revisions\/19496"}],"wp:attachment":[{"href":"http:\/\/kommentatorenblog.de\/index.php?rest_route=%2Fwp%2Fv2%2Fmedia&parent=19410"}],"wp:term":[{"taxonomy":"category","embeddable":true,"href":"http:\/\/kommentatorenblog.de\/index.php?rest_route=%2Fwp%2Fv2%2Fcategories&post=19410"},{"taxonomy":"post_tag","embeddable":true,"href":"http:\/\/kommentatorenblog.de\/index.php?rest_route=%2Fwp%2Fv2%2Ftags&post=19410"}],"curies":[{"name":"wp","href":"https:\/\/api.w.org\/{rel}","templated":true}]}}