{"id":19465,"date":"2025-08-07T21:48:52","date_gmt":"2025-08-07T20:48:52","guid":{"rendered":"http:\/\/kommentatorenblog.de\/?p=19465"},"modified":"2025-08-17T00:41:40","modified_gmt":"2025-08-16T23:41:40","slug":"1528-wo-sind-die-highlights-jetzt-zu-sehen","status":"publish","type":"post","link":"http:\/\/kommentatorenblog.de\/?p=19465","title":{"rendered":"1528 &#8211; Wo sind die Highlights jetzt zu sehen?"},"content":{"rendered":"\n<p>N&#8217;Abend allerseits,<\/p>\n\n\n\n<p>gerne h\u00e4tte ich den Beitrag sofort mit Blick auf die neue Situation bei den Bundesliga-Highlights begonnen, zun\u00e4chst muss ich allerdings erst einmal ein trauriges Thema ansprechen: Reporter-Legende UIrich &#8222;Ulli&#8220; Potofski, der Mann, der den Grundstein f\u00fcr Fu\u00dfball im TV abseits von ARD und ZDF gelegt hat und bis zuletzt noch regelm\u00e4\u00dfig f\u00fcr Sky als Field-Reporter t\u00e4tig war, ist bereits am vergangenen Sonntag nach l\u00e4ngerer Krankheit, dennoch unerwartet im Alter von 73 Jahren von uns gegangen. Wir werden ihn geb\u00fchrend mit einem Nachruf ehren, den Nico in den kommenden Tagen hier im Blog ver\u00f6ffentlichen wird.<\/p>\n\n\n\n<p>Nun aber zum eigentlichen Thema dieses Beitrags: die neue Bundesliga-Saison bei den M\u00e4nnern steht an und damit auch der Start in den neue Rechtezyklus. Wir blicken hier mal darauf, wo ihr welche Highlights verfolgen k\u00f6nnt:<\/p>\n\n\n\n<p><strong>Free-TV<\/strong><\/p>\n\n\n\n<ul class=\"wp-block-list\">\n<li>Freitagabend, ab 23.10 Uhr &#8211; <mark style=\"background-color:rgba(0, 0, 0, 0)\" class=\"has-inline-color has-vivid-cyan-blue-color\">Sportschau (Das Erste) <\/mark><\/li>\n\n\n\n<li>Samstagabend, ab 18.00 Uhr &#8211; <mark style=\"background-color:rgba(0, 0, 0, 0)\" class=\"has-inline-color has-vivid-cyan-blue-color\">Sportschau (Das Erste) <\/mark><\/li>\n\n\n\n<li>Samstagabend, ab 22.30 Uhr &#8211; <mark style=\"background-color:rgba(0, 0, 0, 0)\" class=\"has-inline-color has-luminous-vivid-orange-color\">Das aktuelle Sportstudio (ZDF)<\/mark><\/li>\n\n\n\n<li>Sonntagfr\u00fch, ab 06.00 Uhr &#8211; Bundesliga Pur (Sport<mark style=\"background-color:rgba(0, 0, 0, 0)\" class=\"has-inline-color has-luminous-vivid-amber-color\">1<\/mark>)<\/li>\n\n\n\n<li>Sonntagabend, ab 19.15 Uhr &#8211; <mark style=\"background-color:rgba(0, 0, 0, 0)\" class=\"has-inline-color has-vivid-cyan-blue-color\">Sportschau (Das Erste) <\/mark><\/li>\n\n\n\n<li>Sonntagabend, ab 21.45 Uhr &#8211; <mark style=\"background-color:rgba(0, 0, 0, 0)\" class=\"has-inline-color has-vivid-cyan-blue-color\">Sportschau <\/mark><mark style=\"background-color:rgba(0, 0, 0, 0)\" class=\"has-inline-color has-black-color\">(3.Programme)<\/mark><\/li>\n<\/ul>\n\n\n\n<p>Die gr\u00f6\u00dfte Neuerung gibt es am Freitagabend: hier wechselt die Sportschau mit dem Start der Bundesliga von one ins Erste, die ARD wird hier nicht nur die Hightlights der 2. Bundesliga pr\u00e4sentieren, sondern darf nun bereits am Abend vom Freitagsspiel aus Liga 1 berichten &#8211; die Moderation k\u00f6nnte bei ausgew\u00e4hlten Spielen sogar aus dem Stadion erfolgen. Personaltechnisch gab es bei der ARD ja auch eine \u00dcberraschung: Alexander Bommes tritt k\u00fcrzer, weshalb die ARD das Team mit Alex Schl\u00fcter verst\u00e4rken wird, der auch freitags die Sportschau begleiten wird. Sein Deb\u00fct ist \u00fcbrigens an diesem Samstag, den 9. August. In den letzten Jahren wurde die Freitags-Sportschau in der Regel durch Tobi Sch\u00e4fer und Okka Gundel begleitet. Ansonsten sind bei der Sportschau personaltechnisch keine gro\u00dfen Ver\u00e4nderungen zu erwarten.<\/p>\n\n\n\n<p><strong>Pay-TV<\/strong><\/p>\n\n\n\n<ul class=\"wp-block-list\">\n<li>nach Abpfiff &#8211; Highlights\/Kurzclips (<mark style=\"background-color:rgba(0, 0, 0, 0)\" class=\"has-inline-color has-vivid-purple-color\">RTL+<\/mark>)<\/li>\n\n\n\n<li>nach Abpfiff Topspiel &#8211; Bundesliga-Show &#8222;Complete&#8220; (<mark style=\"background-color:rgba(0, 0, 0, 0)\" class=\"has-inline-color has-vivid-purple-color\">RTL+<\/mark>)<\/li>\n<\/ul>\n\n\n\n<p>Gr\u00f6\u00dfer ist dagegen die \u00c4nderung im Pay-TV, hier wandern die Highlight-Rechte zu RTL, dabei wird es zum einen Zusammenfassungen (k\u00fcrzere unmittelbar nach Abpfiff) sowie eine Bundesliga-Show geben. Diese h\u00f6rt auf den Namen &#8222;Complete&#8220; und wird im Anschluss an das Bundesliga-Topspiel laufen. Bislang lagen die Rechte f\u00fcr den Pay-Bereich bei Axel Springer, wo die damals von Sportdigital produzierten Kurzclips bei BILD+ angeboten wurden, auch eine Highlightshow mit Corni K\u00fcpper und Valentina Maceri bzw. sp\u00e4ter Marcel Weier und Filip Thiel gab es an den Abenden. Diese war im Vergleich zu Konkurrenzsendungen wie dem aktuellen Sportstudio allerdings sehr kompakt gehalten. Man kann davon ausgehen, dass die RTL+-Sendung \u00e4hnlich aussehen wird, zumal Weier auch hier die redaktionelle Verantwortung haben, jedoch nicht mehr selbst vor der Kamera stehen wird. Die Moderation \u00fcbernehmen die \u00fcberwiegend von ntv bekannten Sportmoderatorinnen Vivian Bahlmann und Jessica Matyschok. Selbstverst\u00e4ndlich sind auch bei den live \u00fcbertragenden Anbietern Sky und DAZN weiterhin alle Highlights nach Abpfiff verf\u00fcgbar.<\/p>\n\n\n\n<p><strong>Online<\/strong><\/p>\n\n\n\n<ul class=\"wp-block-list\">\n<li>Lange Zusammenfassungen: Montagfr\u00fch, ab 0.00 Uhr &#8211; <mark style=\"background-color:rgba(0, 0, 0, 0)\" class=\"has-inline-color has-luminous-vivid-orange-color\">sportstudio.de (ZDF)<\/mark> \/ <mark style=\"background-color:rgba(0, 0, 0, 0)\" class=\"has-inline-color has-vivid-cyan-blue-color\">sportschau.de (ARD)<\/mark><\/li>\n\n\n\n<li>Kurzclips: Montagfr\u00fch, ab 0.00 Uhr &#8211; <mark style=\"background-color:rgba(0, 0, 0, 0)\" class=\"has-inline-color has-vivid-red-color\">BILD<\/mark><\/li>\n<\/ul>\n\n\n\n<p>Das non-lineare Paket f\u00fcr Highlights ab Montag wurde im Vergleich zur bisherigen Periode nur noch an einen Sender vergeben, das ZDF hatte sich hier durchgesetzt. Nach dem ersten Spieltag der 2. Bundesliga l\u00e4sst sich allerdings bereits sicher sagen: die Highlights zu allen Spielen sind weiterhin auch auf den Online-Pr\u00e4senzen der Sportschau zu finden, bereits vor einiger Zeit hatte der epd \u00fcber Gespr\u00e4che \u00fcber eine m\u00f6gliche Sublizenz berichtet. Vom ZDF wird es von der 2. Bundesliga, wie es aussieht, weiterhin nur Highlightvideos zu ausgew\u00e4hlten Spielen geben. Bei SPORT1 werden Spielzusammenfassungen zwar weiterhin im linearen TV zu sehen sein, auch beim Doppelpass eingeblendet werden k\u00f6nnen, online sind sie allerdings nicht mehr verf\u00fcgbar.<\/p>\n\n\n\n<p>Eine Neuheit bereits bei der Ausschreibung stellte das Highlight-Paket f\u00fcr Kurzclips dar, wobei sich die Axel Springer SE durchsetzte. K\u00fcnftig wird es einen &#8222;BILDplay Bundesliga&#8220; genannten Bereich geben, bei welchem viele kurze Videos, wie man sie aus sozialen Medien kennt, erscheinen werden. Diese werden neben aktuellen Spielausschnitten (ab Montagfr\u00fch) auch Interviews sowie historische Bilder beinhalten. Neben BILD.de wird der Bereich auch bei TikTok, Instagram und weiteren Online-Plattformen verf\u00fcgbar sein.<\/p>\n\n\n\n<hr class=\"wp-block-separator has-alpha-channel-opacity\"\/>\n\n\n\n<p><strong>Die Ansetzungen vom 08. bis zum 14. August 2025<\/strong><\/p>\n\n\n\n<hr class=\"wp-block-separator has-alpha-channel-opacity\"\/>\n\n\n\n<p><strong>UEFA Super Cup, Finale (DAZN)<\/strong><\/p>\n\n\n\n<p><span style=\"text-decoration: underline;\">Mittwoch, 13. August 2025<\/span><\/p>\n\n\n\n<p><strong><em>Paris Saint-Germain <\/em><\/strong><em>(FRA)<\/em><strong><em> &#8211; Tottenham Hotspur <\/em><\/strong><em>(ENG)<\/em><strong><em> (21.00 Uhr)<\/em><\/strong><br><em><strong><img loading=\"lazy\" decoding=\"async\" width=\"415\" height=\"874\" class=\"wp-image-3656\" style=\"width: 10px\" src=\"http:\/\/kommentatorenblog.de\/wp-content\/uploads\/2020\/09\/shure-55sh-ii-e1601485394796.jpg\" alt=\"\" srcset=\"http:\/\/kommentatorenblog.de\/wp-content\/uploads\/2020\/09\/shure-55sh-ii-e1601485394796.jpg 415w, http:\/\/kommentatorenblog.de\/wp-content\/uploads\/2020\/09\/shure-55sh-ii-e1601485394796-142x300.jpg 142w\" sizes=\"auto, (max-width: 415px) 100vw, 415px\" \/><\/strong><\/em> Freddy Harder, Experte: Tobias Schweinsteiger<\/p>\n\n\n\n<hr class=\"wp-block-separator has-alpha-channel-opacity\"\/>\n\n\n\n<p><strong>UEFA Champions League, 3. Qualifikationsrunde, R\u00fcckspiel (SPORT1)<\/strong><\/p>\n\n\n\n<p><span style=\"text-decoration: underline;\">Dienstag, 12. August 2025, ab 18.55 Uhr<\/span><\/p>\n\n\n\n<p><strong><em>Fenerbahce Istanbul <\/em><\/strong><em>(TUR)<\/em><strong><em> &#8211; Feyenoord Rotterdam <\/em><\/strong><em>(NED)<\/em><strong><em> (19.00 Uhr)<\/em><\/strong><br><em><strong><img loading=\"lazy\" decoding=\"async\" width=\"415\" height=\"874\" class=\"wp-image-3656\" style=\"width: 10px\" src=\"http:\/\/kommentatorenblog.de\/wp-content\/uploads\/2020\/09\/shure-55sh-ii-e1601485394796.jpg\" alt=\"\" srcset=\"http:\/\/kommentatorenblog.de\/wp-content\/uploads\/2020\/09\/shure-55sh-ii-e1601485394796.jpg 415w, http:\/\/kommentatorenblog.de\/wp-content\/uploads\/2020\/09\/shure-55sh-ii-e1601485394796-142x300.jpg 142w\" sizes=\"auto, (max-width: 415px) 100vw, 415px\" \/><\/strong><\/em> Oliver Forster<\/p>\n\n\n\n<hr class=\"wp-block-separator has-alpha-channel-opacity\"\/>\n\n\n\n<p><strong>2. Bundesliga (GER), 2. Spieltag (Sky\/<mark style=\"background-color:rgba(0, 0, 0, 0)\" class=\"has-inline-color has-vivid-purple-color\">RTL<\/mark>)<\/strong><\/p>\n\n\n\n<p><span style=\"text-decoration: underline;\">Freitag, 08. August 2025, ab 18.00 Uhr (Sky)<\/span><\/p>\n\n\n\n<p><strong><em>Die Konferenz (18.30 Uhr)<\/em><\/strong><br><em><strong><img loading=\"lazy\" decoding=\"async\" width=\"415\" height=\"874\" class=\"wp-image-3656\" style=\"width: 10px\" src=\"http:\/\/kommentatorenblog.de\/wp-content\/uploads\/2020\/09\/shure-55sh-ii-e1601485394796.jpg\" alt=\"\" srcset=\"http:\/\/kommentatorenblog.de\/wp-content\/uploads\/2020\/09\/shure-55sh-ii-e1601485394796.jpg 415w, http:\/\/kommentatorenblog.de\/wp-content\/uploads\/2020\/09\/shure-55sh-ii-e1601485394796-142x300.jpg 142w\" sizes=\"auto, (max-width: 415px) 100vw, 415px\" \/><\/strong><\/em> Hannes Herrmann (Fokus auf FCN-SVD)<\/p>\n\n\n\n<p><strong><em>1. FC N\u00fcrnberg &#8211; SV Darmstadt 98 (18.30 Uhr)<\/em><\/strong><br><em><strong><img loading=\"lazy\" decoding=\"async\" width=\"415\" height=\"874\" class=\"wp-image-3656\" style=\"width: 10px\" src=\"http:\/\/kommentatorenblog.de\/wp-content\/uploads\/2020\/09\/shure-55sh-ii-e1601485394796.jpg\" alt=\"\" srcset=\"http:\/\/kommentatorenblog.de\/wp-content\/uploads\/2020\/09\/shure-55sh-ii-e1601485394796.jpg 415w, http:\/\/kommentatorenblog.de\/wp-content\/uploads\/2020\/09\/shure-55sh-ii-e1601485394796-142x300.jpg 142w\" sizes=\"auto, (max-width: 415px) 100vw, 415px\" \/><\/strong><\/em> Martin Gro\u00df<\/p>\n\n\n\n<p><strong><em>SC Preu\u00dfen M\u00fcnster &#8211; SC Paderborn 07 (18.30 Uhr)<\/em><\/strong><br><em><strong><img loading=\"lazy\" decoding=\"async\" width=\"415\" height=\"874\" class=\"wp-image-3656\" style=\"width: 10px\" src=\"http:\/\/kommentatorenblog.de\/wp-content\/uploads\/2020\/09\/shure-55sh-ii-e1601485394796.jpg\" alt=\"\" srcset=\"http:\/\/kommentatorenblog.de\/wp-content\/uploads\/2020\/09\/shure-55sh-ii-e1601485394796.jpg 415w, http:\/\/kommentatorenblog.de\/wp-content\/uploads\/2020\/09\/shure-55sh-ii-e1601485394796-142x300.jpg 142w\" sizes=\"auto, (max-width: 415px) 100vw, 415px\" \/><\/strong><\/em> Kai Dittmann<br>Field-Reporterin: Lisa de Ruiter<\/p>\n\n\n\n<p>Moderation (aus N\u00fcrnberg): Stefan Hempel, Experte: Tobias Kempe<\/p>\n\n\n\n<p><span style=\"text-decoration: underline;\">Samstag, 09. August 2025, ab 12.30 Uhr (Sky)<\/span><\/p>\n\n\n\n<p><strong><em>SG Dynamo Dresden &#8211; 1. FC Magdeburg (13.00 Uhr)<\/em><\/strong><br><em><strong><img loading=\"lazy\" decoding=\"async\" width=\"415\" height=\"874\" class=\"wp-image-3656\" style=\"width: 10px\" src=\"http:\/\/kommentatorenblog.de\/wp-content\/uploads\/2020\/09\/shure-55sh-ii-e1601485394796.jpg\" alt=\"\" srcset=\"http:\/\/kommentatorenblog.de\/wp-content\/uploads\/2020\/09\/shure-55sh-ii-e1601485394796.jpg 415w, http:\/\/kommentatorenblog.de\/wp-content\/uploads\/2020\/09\/shure-55sh-ii-e1601485394796-142x300.jpg 142w\" sizes=\"auto, (max-width: 415px) 100vw, 415px\" \/><\/strong><\/em> Karsten Petrzika (Einzelspiel), Martin Gro\u00df (Konferenz)<\/p>\n\n\n\n<p><strong><em>Fortuna D\u00fcsseldorf &#8211; Hannover 96 (13.00 Uhr)<\/em><\/strong><br><em><strong><img loading=\"lazy\" decoding=\"async\" width=\"415\" height=\"874\" class=\"wp-image-3656\" style=\"width: 10px\" src=\"http:\/\/kommentatorenblog.de\/wp-content\/uploads\/2020\/09\/shure-55sh-ii-e1601485394796.jpg\" alt=\"\" srcset=\"http:\/\/kommentatorenblog.de\/wp-content\/uploads\/2020\/09\/shure-55sh-ii-e1601485394796.jpg 415w, http:\/\/kommentatorenblog.de\/wp-content\/uploads\/2020\/09\/shure-55sh-ii-e1601485394796-142x300.jpg 142w\" sizes=\"auto, (max-width: 415px) 100vw, 415px\" \/><\/strong><\/em> Marcus Lindemann (Einzelspiel), Florian Schmidt-Sommerfeld (Konferenz)<br>Field-Reporter: Hartmut von Kameke<\/p>\n\n\n\n<p><strong><em>Eintracht Braunschweig &#8211; SpVgg Greuther F\u00fcrth (13.00 Uhr)<\/em><\/strong><br><em><strong><img loading=\"lazy\" decoding=\"async\" width=\"415\" height=\"874\" class=\"wp-image-3656\" style=\"width: 10px\" src=\"http:\/\/kommentatorenblog.de\/wp-content\/uploads\/2020\/09\/shure-55sh-ii-e1601485394796.jpg\" alt=\"\" srcset=\"http:\/\/kommentatorenblog.de\/wp-content\/uploads\/2020\/09\/shure-55sh-ii-e1601485394796.jpg 415w, http:\/\/kommentatorenblog.de\/wp-content\/uploads\/2020\/09\/shure-55sh-ii-e1601485394796-142x300.jpg 142w\" sizes=\"auto, (max-width: 415px) 100vw, 415px\" \/><\/strong><\/em> Timo Sch\u00e4fers (Einzelspiel), Hansi K\u00fcpper (Konferenz)<br>Field-Reporter: Sven T\u00f6llner<\/p>\n\n\n\n<p>Moderation (aus Dresden): Nele Ocik, Experte: Torsten Mattuschka<\/p>\n\n\n\n<p><span style=\"text-decoration: underline;\">ab 19.30 Uhr (Sky) bzw. ab 20.15 Uhr (<mark style=\"background-color:rgba(0, 0, 0, 0)\" class=\"has-inline-color has-vivid-purple-color\">RTL<\/mark>)<\/span><\/p>\n\n\n\n<p><strong><em>1. FC Kaiserslautern &#8211; FC Schalke 04 (20.30 Uhr)<\/em><\/strong><\/p>\n\n\n\n<p><em><strong><img loading=\"lazy\" decoding=\"async\" width=\"415\" height=\"874\" class=\"wp-image-3656\" style=\"width: 10px\" src=\"http:\/\/kommentatorenblog.de\/wp-content\/uploads\/2020\/09\/shure-55sh-ii-e1601485394796.jpg\" alt=\"\" srcset=\"http:\/\/kommentatorenblog.de\/wp-content\/uploads\/2020\/09\/shure-55sh-ii-e1601485394796.jpg 415w, http:\/\/kommentatorenblog.de\/wp-content\/uploads\/2020\/09\/shure-55sh-ii-e1601485394796-142x300.jpg 142w\" sizes=\"auto, (max-width: 415px) 100vw, 415px\" \/><\/strong><\/em> <em><mark style=\"background-color:rgba(0, 0, 0, 0)\" class=\"has-inline-color has-vivid-purple-color\">RTL<\/mark><\/em>: Marco Hagemann, Experte: Felix Kroos<br>Moderation (<em><mark style=\"background-color:rgba(0, 0, 0, 0)\" class=\"has-inline-color has-vivid-purple-color\">RTL<\/mark><\/em>): Florian K\u00f6nig, <s>G\u00e4stin: Lisa K\u00fcppers<\/s>, Field-Reporterin: Jana Wosnitza, Fan-Reporter: Kai Fedrau, Social Media: Clark Senger<\/p>\n\n\n\n<p><em><strong><img loading=\"lazy\" decoding=\"async\" width=\"415\" height=\"874\" class=\"wp-image-3656\" style=\"width: 10px\" src=\"http:\/\/kommentatorenblog.de\/wp-content\/uploads\/2020\/09\/shure-55sh-ii-e1601485394796.jpg\" alt=\"\" srcset=\"http:\/\/kommentatorenblog.de\/wp-content\/uploads\/2020\/09\/shure-55sh-ii-e1601485394796.jpg 415w, http:\/\/kommentatorenblog.de\/wp-content\/uploads\/2020\/09\/shure-55sh-ii-e1601485394796-142x300.jpg 142w\" sizes=\"auto, (max-width: 415px) 100vw, 415px\" \/><\/strong><\/em> <em>Sky<\/em>: Klaus Veltman, Experte: S\u00f6ren Gonther<br>Moderation (<em>Sky<\/em>): Yannick Erkenbrecher, Field-Reporter: Patrick Berger<\/p>\n\n\n\n<p><span style=\"text-decoration: underline;\">Sonntag, 10. August 2025, ab 13.00 Uhr (Sky)<\/span><\/p>\n\n\n\n<p><strong><em>Hertha BSC &#8211; Karlsruher SC (13.30 Uhr)<\/em><\/strong><br><em><strong><img loading=\"lazy\" decoding=\"async\" width=\"415\" height=\"874\" class=\"wp-image-3656\" style=\"width: 10px\" src=\"http:\/\/kommentatorenblog.de\/wp-content\/uploads\/2020\/09\/shure-55sh-ii-e1601485394796.jpg\" alt=\"\" srcset=\"http:\/\/kommentatorenblog.de\/wp-content\/uploads\/2020\/09\/shure-55sh-ii-e1601485394796.jpg 415w, http:\/\/kommentatorenblog.de\/wp-content\/uploads\/2020\/09\/shure-55sh-ii-e1601485394796-142x300.jpg 142w\" sizes=\"auto, (max-width: 415px) 100vw, 415px\" \/><\/strong><\/em> Joachim Hebel (Einzelspiel), Christian Stra\u00dfburger (Konferenz)<\/p>\n\n\n\n<p><strong><em>VfL Bochum &#8211; SV Elversberg (13.30 Uhr)<\/em><\/strong><br><em><strong><img loading=\"lazy\" decoding=\"async\" width=\"415\" height=\"874\" class=\"wp-image-3656\" style=\"width: 10px\" src=\"http:\/\/kommentatorenblog.de\/wp-content\/uploads\/2020\/09\/shure-55sh-ii-e1601485394796.jpg\" alt=\"\" srcset=\"http:\/\/kommentatorenblog.de\/wp-content\/uploads\/2020\/09\/shure-55sh-ii-e1601485394796.jpg 415w, http:\/\/kommentatorenblog.de\/wp-content\/uploads\/2020\/09\/shure-55sh-ii-e1601485394796-142x300.jpg 142w\" sizes=\"auto, (max-width: 415px) 100vw, 415px\" \/><\/strong><\/em> Marcel Meinert (Einzelspiel), Kai Dittmann (Konferenz)<br>Field-Reporter: Hartmut von Kameke<\/p>\n\n\n\n<p><strong><em>KSV Holstein Kiel &#8211; DSC Arminia Bielefeld (13.30 Uhr)<\/em><\/strong><br><em><strong><img loading=\"lazy\" decoding=\"async\" width=\"415\" height=\"874\" class=\"wp-image-3656\" style=\"width: 10px\" src=\"http:\/\/kommentatorenblog.de\/wp-content\/uploads\/2020\/09\/shure-55sh-ii-e1601485394796.jpg\" alt=\"\" srcset=\"http:\/\/kommentatorenblog.de\/wp-content\/uploads\/2020\/09\/shure-55sh-ii-e1601485394796.jpg 415w, http:\/\/kommentatorenblog.de\/wp-content\/uploads\/2020\/09\/shure-55sh-ii-e1601485394796-142x300.jpg 142w\" sizes=\"auto, (max-width: 415px) 100vw, 415px\" \/><\/strong><\/em> Karsten Petrzika (Einzelspiel), Martin Gro\u00df (Konferenz)<br>Field-Reporter: Sven T\u00f6llner<\/p>\n\n\n\n<p>Moderation (aus Berlin): Max Zielke, Experte: Torsten Mattuschka<\/p>\n\n\n\n<hr class=\"wp-block-separator has-alpha-channel-opacity\"\/>\n\n\n\n<p><strong>3. Liga (GER), 2. Spieltag (<mark style=\"background-color:rgba(0, 0, 0, 0)\" class=\"has-inline-color has-pale-pink-color\">Magenta Sport<\/mark>\/<mark style=\"background-color:rgba(0, 0, 0, 0);color:#3fa7ab\" class=\"has-inline-color\">SR<\/mark>\/<mark style=\"background-color:rgba(0, 0, 0, 0)\" class=\"has-inline-color has-vivid-cyan-blue-color\">WDR<\/mark>\/<mark style=\"background-color:rgba(0, 0, 0, 0)\" class=\"has-inline-color has-pale-cyan-blue-color\">BR<\/mark>\/<mark style=\"background-color:rgba(0, 0, 0, 0);color:#27234f\" class=\"has-inline-color\">NDR<\/mark>)<\/strong><\/p>\n\n\n\n<p><span style=\"text-decoration: underline;\">Freitag, 08. August 2025, ab 18.30 Uhr (<mark style=\"background-color:rgba(0, 0, 0, 0)\" class=\"has-inline-color has-pale-pink-color\">Magenta Sport<\/mark>)<\/span><\/p>\n\n\n\n<p><strong><em>1. FC Schweinfurt 05 &#8211; FC Energie Cottbus (19.00 Uhr)<\/em><\/strong><br><em><strong><img loading=\"lazy\" decoding=\"async\" width=\"415\" height=\"874\" class=\"wp-image-3656\" style=\"width: 10px\" src=\"http:\/\/kommentatorenblog.de\/wp-content\/uploads\/2020\/09\/shure-55sh-ii-e1601485394796.jpg\" alt=\"\" srcset=\"http:\/\/kommentatorenblog.de\/wp-content\/uploads\/2020\/09\/shure-55sh-ii-e1601485394796.jpg 415w, http:\/\/kommentatorenblog.de\/wp-content\/uploads\/2020\/09\/shure-55sh-ii-e1601485394796-142x300.jpg 142w\" sizes=\"auto, (max-width: 415px) 100vw, 415px\" \/><\/strong><\/em> Andreas Mann, Experte: Daniel Flottmann<br>Moderation: Stefanie Blochwitz<\/p>\n\n\n\n<p><span style=\"text-decoration: underline;\">Samstag, 09. August 2025, ab 13.30 Uhr (<mark style=\"background-color:rgba(0, 0, 0, 0)\" class=\"has-inline-color has-pale-pink-color\">Magenta Sport<\/mark>)<\/span><\/p>\n\n\n\n<p><strong><em>Die Konferenz (14.00 Uhr)<\/em><\/strong><br><em><strong><img loading=\"lazy\" decoding=\"async\" width=\"415\" height=\"874\" class=\"wp-image-3656\" style=\"width: 10px\" src=\"http:\/\/kommentatorenblog.de\/wp-content\/uploads\/2020\/09\/shure-55sh-ii-e1601485394796.jpg\" alt=\"\" srcset=\"http:\/\/kommentatorenblog.de\/wp-content\/uploads\/2020\/09\/shure-55sh-ii-e1601485394796.jpg 415w, http:\/\/kommentatorenblog.de\/wp-content\/uploads\/2020\/09\/shure-55sh-ii-e1601485394796-142x300.jpg 142w\" sizes=\"auto, (max-width: 415px) 100vw, 415px\" \/><\/strong><\/em> Sascha Bandermann, Experte: Steven Ruprecht<\/p>\n\n\n\n<p><span style=\"text-decoration: underline;\">ab 13.45 Uhr (<mark style=\"background-color:rgba(0, 0, 0, 0)\" class=\"has-inline-color has-pale-pink-color\">Magenta Sport<\/mark>)<\/span><\/p>\n\n\n\n<p><strong><em>SSV Ulm 1846 &#8211; FC Erzgebirge Aue (14.00 Uhr)<\/em><\/strong><br><em><strong><img loading=\"lazy\" decoding=\"async\" width=\"415\" height=\"874\" class=\"wp-image-3656\" style=\"width: 10px\" src=\"http:\/\/kommentatorenblog.de\/wp-content\/uploads\/2020\/09\/shure-55sh-ii-e1601485394796.jpg\" alt=\"\" srcset=\"http:\/\/kommentatorenblog.de\/wp-content\/uploads\/2020\/09\/shure-55sh-ii-e1601485394796.jpg 415w, http:\/\/kommentatorenblog.de\/wp-content\/uploads\/2020\/09\/shure-55sh-ii-e1601485394796-142x300.jpg 142w\" sizes=\"auto, (max-width: 415px) 100vw, 415px\" \/><\/strong><\/em> Franz B\u00fcchner<br>Moderation: Jan L\u00fcdeke<\/p>\n\n\n\n<p><strong><em>TSV Havelse &#8211; Rot-Weiss Essen (14.00 Uhr)<\/em><\/strong><br><em><strong><img loading=\"lazy\" decoding=\"async\" width=\"415\" height=\"874\" class=\"wp-image-3656\" style=\"width: 10px\" src=\"http:\/\/kommentatorenblog.de\/wp-content\/uploads\/2020\/09\/shure-55sh-ii-e1601485394796.jpg\" alt=\"\" srcset=\"http:\/\/kommentatorenblog.de\/wp-content\/uploads\/2020\/09\/shure-55sh-ii-e1601485394796.jpg 415w, http:\/\/kommentatorenblog.de\/wp-content\/uploads\/2020\/09\/shure-55sh-ii-e1601485394796-142x300.jpg 142w\" sizes=\"auto, (max-width: 415px) 100vw, 415px\" \/><\/strong><\/em> Benni Zander<br>Moderation: Hannes Jakobi<\/p>\n\n\n\n<p><strong><em>Alemannia Aachen &#8211; TSG 1899 Hoffenheim II (14.00 Uhr)<\/em><\/strong><br><em><strong><img loading=\"lazy\" decoding=\"async\" width=\"415\" height=\"874\" class=\"wp-image-3656\" style=\"width: 10px\" src=\"http:\/\/kommentatorenblog.de\/wp-content\/uploads\/2020\/09\/shure-55sh-ii-e1601485394796.jpg\" alt=\"\" srcset=\"http:\/\/kommentatorenblog.de\/wp-content\/uploads\/2020\/09\/shure-55sh-ii-e1601485394796.jpg 415w, http:\/\/kommentatorenblog.de\/wp-content\/uploads\/2020\/09\/shure-55sh-ii-e1601485394796-142x300.jpg 142w\" sizes=\"auto, (max-width: 415px) 100vw, 415px\" \/><\/strong><\/em> Markus H\u00f6hner<br>Moderation: Tobi Sch\u00e4fer<\/p>\n\n\n\n<p><span style=\"text-decoration: underline;\">ab 13.45 Uhr (<mark style=\"background-color:rgba(0, 0, 0, 0)\" class=\"has-inline-color has-pale-pink-color\">Magenta Sport<\/mark>) bzw. ab 13.58 Uhr (<mark style=\"background-color:rgba(0, 0, 0, 0)\" class=\"has-inline-color has-vivid-green-cyan-color\"><mark style=\"background-color:rgba(0, 0, 0, 0);color:#3fa7ab\" class=\"has-inline-color\">SR<\/mark><\/mark>\/<mark style=\"background-color:rgba(0, 0, 0, 0)\" class=\"has-inline-color has-vivid-cyan-blue-color\">WDR<\/mark>)<\/span><\/p>\n\n\n\n<p><strong><em>1. FC Saarbr\u00fccken &#8211; FC Viktoria K\u00f6ln (14.00 Uhr)<\/em><\/strong><\/p>\n\n\n\n<p><em><strong><img loading=\"lazy\" decoding=\"async\" width=\"415\" height=\"874\" class=\"wp-image-3656\" style=\"width: 10px\" src=\"http:\/\/kommentatorenblog.de\/wp-content\/uploads\/2020\/09\/shure-55sh-ii-e1601485394796.jpg\" alt=\"\" srcset=\"http:\/\/kommentatorenblog.de\/wp-content\/uploads\/2020\/09\/shure-55sh-ii-e1601485394796.jpg 415w, http:\/\/kommentatorenblog.de\/wp-content\/uploads\/2020\/09\/shure-55sh-ii-e1601485394796-142x300.jpg 142w\" sizes=\"auto, (max-width: 415px) 100vw, 415px\" \/><\/strong><\/em> <em><mark style=\"background-color:rgba(0, 0, 0, 0)\" class=\"has-inline-color has-pale-pink-color\">Magenta Sport<\/mark><\/em>: Michael Bollenbacher<br>Moderation (<mark style=\"background-color:rgba(0, 0, 0, 0)\" class=\"has-inline-color has-pale-pink-color\"><em>Magenta Sport<\/em><\/mark>): Stefan Fuckert<\/p>\n\n\n\n<p><em><strong><img loading=\"lazy\" decoding=\"async\" width=\"415\" height=\"874\" class=\"wp-image-3656\" style=\"width: 10px\" src=\"http:\/\/kommentatorenblog.de\/wp-content\/uploads\/2020\/09\/shure-55sh-ii-e1601485394796.jpg\" alt=\"\" srcset=\"http:\/\/kommentatorenblog.de\/wp-content\/uploads\/2020\/09\/shure-55sh-ii-e1601485394796.jpg 415w, http:\/\/kommentatorenblog.de\/wp-content\/uploads\/2020\/09\/shure-55sh-ii-e1601485394796-142x300.jpg 142w\" sizes=\"auto, (max-width: 415px) 100vw, 415px\" \/><\/strong><\/em> <em><mark style=\"background-color:rgba(0, 0, 0, 0)\" class=\"has-inline-color has-vivid-green-cyan-color\"><mark style=\"background-color:rgba(0, 0, 0, 0);color:#3fa7ab\" class=\"has-inline-color\">SR<\/mark><\/mark><\/em>\/<mark style=\"background-color:rgba(0, 0, 0, 0)\" class=\"has-inline-color has-vivid-cyan-blue-color\"><em>WDR<\/em><\/mark>: Frank Grundhever<br>Moderation (<em><mark style=\"background-color:rgba(0, 0, 0, 0)\" class=\"has-inline-color has-vivid-green-cyan-color\"><em><mark style=\"background-color:rgba(0, 0, 0, 0)\" class=\"has-inline-color has-vivid-green-cyan-color\"><mark style=\"background-color:rgba(0, 0, 0, 0);color:#3fa7ab\" class=\"has-inline-color\">SR<\/mark><\/mark><\/em><\/mark><\/em>\/<em><mark style=\"background-color:rgba(0, 0, 0, 0)\" class=\"has-inline-color has-vivid-cyan-blue-color\">WDR<\/mark><\/em>): Anne Hilt, Experte: Lukas Kohler<\/p>\n\n\n\n<p><span style=\"text-decoration: underline;\">ab 13.45 Uhr (<mark style=\"background-color:rgba(0, 0, 0, 0)\" class=\"has-inline-color has-pale-pink-color\">Magenta Sport<\/mark>) bzw. ab 14.00 Uhr (<mark style=\"background-color:rgba(0, 0, 0, 0)\" class=\"has-inline-color has-pale-cyan-blue-color\">BR<\/mark>\/<mark style=\"background-color:rgba(0, 0, 0, 0);color:#27234f\" class=\"has-inline-color\">NDR<\/mark>)<\/span><\/p>\n\n\n\n<p><strong><em>TSV 1860 M\u00fcnchen &#8211; VfL Osnabr\u00fcck (14.00 Uhr)<\/em><\/strong><\/p>\n\n\n\n<p><em><strong><img loading=\"lazy\" decoding=\"async\" width=\"415\" height=\"874\" class=\"wp-image-3656\" style=\"width: 10px\" src=\"http:\/\/kommentatorenblog.de\/wp-content\/uploads\/2020\/09\/shure-55sh-ii-e1601485394796.jpg\" alt=\"\" srcset=\"http:\/\/kommentatorenblog.de\/wp-content\/uploads\/2020\/09\/shure-55sh-ii-e1601485394796.jpg 415w, http:\/\/kommentatorenblog.de\/wp-content\/uploads\/2020\/09\/shure-55sh-ii-e1601485394796-142x300.jpg 142w\" sizes=\"auto, (max-width: 415px) 100vw, 415px\" \/><\/strong><\/em> <em><mark style=\"background-color:rgba(0, 0, 0, 0)\" class=\"has-inline-color has-pale-pink-color\">Magenta Sport<\/mark><\/em>: Alex Klich<br>Moderation (<em><mark style=\"background-color:rgba(0, 0, 0, 0)\" class=\"has-inline-color has-pale-pink-color\">Magenta Sport<\/mark><\/em>): Alex K\u00fcpper<\/p>\n\n\n\n<p><em><strong><img loading=\"lazy\" decoding=\"async\" width=\"415\" height=\"874\" class=\"wp-image-3656\" style=\"width: 10px\" src=\"http:\/\/kommentatorenblog.de\/wp-content\/uploads\/2020\/09\/shure-55sh-ii-e1601485394796.jpg\" alt=\"\" srcset=\"http:\/\/kommentatorenblog.de\/wp-content\/uploads\/2020\/09\/shure-55sh-ii-e1601485394796.jpg 415w, http:\/\/kommentatorenblog.de\/wp-content\/uploads\/2020\/09\/shure-55sh-ii-e1601485394796-142x300.jpg 142w\" sizes=\"auto, (max-width: 415px) 100vw, 415px\" \/><\/strong><\/em> <em><mark style=\"background-color:rgba(0, 0, 0, 0)\" class=\"has-inline-color has-pale-cyan-blue-color\">BR<\/mark><\/em>: Bernd Schmelzer, Experte: Benny Lauth<br>Moderation (<em><mark style=\"background-color:rgba(0, 0, 0, 0)\" class=\"has-inline-color has-pale-cyan-blue-color\">BR<\/mark><\/em>): Markus Othmer<\/p>\n\n\n\n<p><em><strong><img loading=\"lazy\" decoding=\"async\" width=\"415\" height=\"874\" class=\"wp-image-3656\" style=\"width: 10px\" src=\"http:\/\/kommentatorenblog.de\/wp-content\/uploads\/2020\/09\/shure-55sh-ii-e1601485394796.jpg\" alt=\"\" srcset=\"http:\/\/kommentatorenblog.de\/wp-content\/uploads\/2020\/09\/shure-55sh-ii-e1601485394796.jpg 415w, http:\/\/kommentatorenblog.de\/wp-content\/uploads\/2020\/09\/shure-55sh-ii-e1601485394796-142x300.jpg 142w\" sizes=\"auto, (max-width: 415px) 100vw, 415px\" \/><\/strong><\/em> <mark style=\"background-color:rgba(0, 0, 0, 0);color:#27234f\" class=\"has-inline-color\"><em>NDR<\/em><\/mark>: Patrick Halatsch<br>Moderation (<mark style=\"background-color:rgba(0, 0, 0, 0);color:#27234f\" class=\"has-inline-color\"><em>NDR<\/em><\/mark>): Ina Kast, Gast: Ralf Heskamp<\/p>\n\n\n\n<p><span style=\"text-decoration: underline;\">ab 16.15 Uhr (<mark style=\"background-color:rgba(0, 0, 0, 0)\" class=\"has-inline-color has-pale-pink-color\">Magenta Sport<\/mark>)<\/span><\/p>\n\n\n\n<p><strong><em>SC Verl &#8211; SV Wehen Wiesbaden (16.30 Uhr)<\/em><\/strong><br><em><strong><img loading=\"lazy\" decoding=\"async\" width=\"415\" height=\"874\" class=\"wp-image-3656\" style=\"width: 10px\" src=\"http:\/\/kommentatorenblog.de\/wp-content\/uploads\/2020\/09\/shure-55sh-ii-e1601485394796.jpg\" alt=\"\" srcset=\"http:\/\/kommentatorenblog.de\/wp-content\/uploads\/2020\/09\/shure-55sh-ii-e1601485394796.jpg 415w, http:\/\/kommentatorenblog.de\/wp-content\/uploads\/2020\/09\/shure-55sh-ii-e1601485394796-142x300.jpg 142w\" sizes=\"auto, (max-width: 415px) 100vw, 415px\" \/><\/strong><\/em> Martin Hahn<br>Moderation: Cedric Pick<\/p>\n\n\n\n<p><span style=\"text-decoration: underline;\">Sonntag, 10. August 2025, ab 13.15 Uhr (<mark style=\"background-color:rgba(0, 0, 0, 0)\" class=\"has-inline-color has-pale-pink-color\">Magenta Sport<\/mark>)<\/span><\/p>\n\n\n\n<p><strong><em>SSV Jahn Regensburg &#8211; MSV Duisburg (13.30 Uhr)<\/em><\/strong><br><em><strong><img loading=\"lazy\" decoding=\"async\" width=\"415\" height=\"874\" class=\"wp-image-3656\" style=\"width: 10px\" src=\"http:\/\/kommentatorenblog.de\/wp-content\/uploads\/2020\/09\/shure-55sh-ii-e1601485394796.jpg\" alt=\"\" srcset=\"http:\/\/kommentatorenblog.de\/wp-content\/uploads\/2020\/09\/shure-55sh-ii-e1601485394796.jpg 415w, http:\/\/kommentatorenblog.de\/wp-content\/uploads\/2020\/09\/shure-55sh-ii-e1601485394796-142x300.jpg 142w\" sizes=\"auto, (max-width: 415px) 100vw, 415px\" \/><\/strong><\/em> Martin Piller<br>Moderation: Sascha Bandermann<\/p>\n\n\n\n<p><span style=\"text-decoration: underline;\">ab 16.15 Uhr (<mark style=\"background-color:rgba(0, 0, 0, 0)\" class=\"has-inline-color has-pale-pink-color\">Magenta Sport<\/mark>)<\/span><\/p>\n\n\n\n<p><strong><em>FC Hansa Rostock &#8211; SV Waldhof Mannheim (16.30 Uhr)<\/em><\/strong><br><em><strong><img loading=\"lazy\" decoding=\"async\" width=\"415\" height=\"874\" class=\"wp-image-3656\" style=\"width: 10px\" src=\"http:\/\/kommentatorenblog.de\/wp-content\/uploads\/2020\/09\/shure-55sh-ii-e1601485394796.jpg\" alt=\"\" srcset=\"http:\/\/kommentatorenblog.de\/wp-content\/uploads\/2020\/09\/shure-55sh-ii-e1601485394796.jpg 415w, http:\/\/kommentatorenblog.de\/wp-content\/uploads\/2020\/09\/shure-55sh-ii-e1601485394796-142x300.jpg 142w\" sizes=\"auto, (max-width: 415px) 100vw, 415px\" \/><\/strong><\/em> Mike M\u00fcnkel<br>Moderation: Holger Speckhahn<\/p>\n\n\n\n<p><span style=\"text-decoration: underline;\">ab 19.15 Uhr (<mark style=\"background-color:rgba(0, 0, 0, 0)\" class=\"has-inline-color has-pale-pink-color\">Magenta Sport<\/mark>)<\/span><\/p>\n\n\n\n<p><strong><em>VfB Stuttgart II &#8211; FC Ingolstadt 04 (19.30 Uhr)<\/em><\/strong><br><em><strong><img loading=\"lazy\" decoding=\"async\" width=\"415\" height=\"874\" class=\"wp-image-3656\" style=\"width: 10px\" src=\"http:\/\/kommentatorenblog.de\/wp-content\/uploads\/2020\/09\/shure-55sh-ii-e1601485394796.jpg\" alt=\"\" srcset=\"http:\/\/kommentatorenblog.de\/wp-content\/uploads\/2020\/09\/shure-55sh-ii-e1601485394796.jpg 415w, http:\/\/kommentatorenblog.de\/wp-content\/uploads\/2020\/09\/shure-55sh-ii-e1601485394796-142x300.jpg 142w\" sizes=\"auto, (max-width: 415px) 100vw, 415px\" \/><\/strong><\/em> Oliver Forster<br>Moderation: Thomas Wagner<\/p>\n\n\n\n<hr class=\"wp-block-separator has-alpha-channel-opacity\"\/>\n\n\n\n<p><strong>Regionalliga Nordost (GER), 3. Spieltag (<mark style=\"background-color:rgba(0, 0, 0, 0)\" class=\"has-inline-color has-vivid-red-color\">OST<\/mark>SPORT.<mark style=\"background-color:rgba(0, 0, 0, 0)\" class=\"has-inline-color has-vivid-red-color\">TV<\/mark>\/<mark style=\"background-color:rgba(0, 0, 0, 0)\" class=\"has-inline-color has-vivid-cyan-blue-color\">MDR<\/mark>)<\/strong><\/p>\n\n\n\n<p><span style=\"text-decoration: underline;\">Freitag, 08. August 2025, ab 18.50 Uhr (<mark style=\"background-color:rgba(0, 0, 0, 0)\" class=\"has-inline-color has-vivid-red-color\">OST<\/mark>SPORT.<mark style=\"background-color:rgba(0, 0, 0, 0)\" class=\"has-inline-color has-vivid-red-color\">TV<\/mark> \u00fcber TA\/OTZ\/TLZ)<\/span><\/p>\n\n\n\n<p><strong><em>VSG Altglienicke &#8211; FC Carl Zeiss Jena (19.00 Uhr)<\/em><\/strong><br><em><strong><img loading=\"lazy\" decoding=\"async\" width=\"415\" height=\"874\" class=\"wp-image-3656\" style=\"width: 10px\" src=\"http:\/\/kommentatorenblog.de\/wp-content\/uploads\/2020\/09\/shure-55sh-ii-e1601485394796.jpg\" alt=\"\" srcset=\"http:\/\/kommentatorenblog.de\/wp-content\/uploads\/2020\/09\/shure-55sh-ii-e1601485394796.jpg 415w, http:\/\/kommentatorenblog.de\/wp-content\/uploads\/2020\/09\/shure-55sh-ii-e1601485394796-142x300.jpg 142w\" sizes=\"auto, (max-width: 415px) 100vw, 415px\" \/><\/strong><\/em> Heiko Mallwitz<br>Moderation: Toni Mielke<\/p>\n\n\n\n<p><span style=\"text-decoration: underline;\">Samstag, 09. August 2025, ab 14.00 Uhr (<mark style=\"background-color:rgba(0, 0, 0, 0)\" class=\"has-inline-color has-vivid-cyan-blue-color\">MDR<\/mark>)<\/span><\/p>\n\n\n\n<p><strong><em>SV Babelsberg 03 &#8211; FSV Zwickau (14.00 Uhr)<\/em><\/strong><br><em><strong><img loading=\"lazy\" decoding=\"async\" width=\"415\" height=\"874\" class=\"wp-image-3656\" style=\"width: 10px\" src=\"http:\/\/kommentatorenblog.de\/wp-content\/uploads\/2020\/09\/shure-55sh-ii-e1601485394796.jpg\" alt=\"\" srcset=\"http:\/\/kommentatorenblog.de\/wp-content\/uploads\/2020\/09\/shure-55sh-ii-e1601485394796.jpg 415w, http:\/\/kommentatorenblog.de\/wp-content\/uploads\/2020\/09\/shure-55sh-ii-e1601485394796-142x300.jpg 142w\" sizes=\"auto, (max-width: 415px) 100vw, 415px\" \/><\/strong><\/em> Torsten P\u00fcschel, Experte: Lutz Lindemann<br>Moderation: Ren\u00e9 Kindermann<\/p>\n\n\n\n<p><span style=\"text-decoration: underline;\">Sonntag, 10. August 2025, ab 13.45 Uhr (<mark style=\"background-color:rgba(0, 0, 0, 0)\" class=\"has-inline-color has-vivid-red-color\">OST<\/mark>SPORT.<mark style=\"background-color:rgba(0, 0, 0, 0)\" class=\"has-inline-color has-vivid-red-color\">TV<\/mark> \u00fcber LVZ\/SZ)<\/span><\/p>\n\n\n\n<p><strong><em>1. FC Lokomotive Leipzig &#8211; ZFC Meuselwitz (14.00 Uhr)<\/em><\/strong><br><em><strong><img loading=\"lazy\" decoding=\"async\" width=\"415\" height=\"874\" class=\"wp-image-3656\" style=\"width: 10px\" src=\"http:\/\/kommentatorenblog.de\/wp-content\/uploads\/2020\/09\/shure-55sh-ii-e1601485394796.jpg\" alt=\"\" srcset=\"http:\/\/kommentatorenblog.de\/wp-content\/uploads\/2020\/09\/shure-55sh-ii-e1601485394796.jpg 415w, http:\/\/kommentatorenblog.de\/wp-content\/uploads\/2020\/09\/shure-55sh-ii-e1601485394796-142x300.jpg 142w\" sizes=\"auto, (max-width: 415px) 100vw, 415px\" \/><\/strong><\/em> Heiko Mallwitz<br>Moderation: Toni Mielke<\/p>\n\n\n\n<p><span style=\"text-decoration: underline;\">Mittwoch, 13. August 2025, ab 18.55 Uhr (<mark style=\"background-color:rgba(0, 0, 0, 0)\" class=\"has-inline-color has-vivid-cyan-blue-color\">MDR-Livestream<\/mark>)<\/span><\/p>\n\n\n\n<p><strong><em>Chemnitzer FC &#8211; BSG Chemie Leipzig (19.00 Uhr)<\/em><\/strong><br><em><strong><img loading=\"lazy\" decoding=\"async\" width=\"415\" height=\"874\" class=\"wp-image-3656\" style=\"width: 10px\" src=\"http:\/\/kommentatorenblog.de\/wp-content\/uploads\/2020\/09\/shure-55sh-ii-e1601485394796.jpg\" alt=\"\" srcset=\"http:\/\/kommentatorenblog.de\/wp-content\/uploads\/2020\/09\/shure-55sh-ii-e1601485394796.jpg 415w, http:\/\/kommentatorenblog.de\/wp-content\/uploads\/2020\/09\/shure-55sh-ii-e1601485394796-142x300.jpg 142w\" sizes=\"auto, (max-width: 415px) 100vw, 415px\" \/><\/strong><\/em> Eik Galley<\/p>\n\n\n\n<hr class=\"wp-block-separator has-alpha-channel-opacity\"\/>\n\n\n\n<p><strong>Regionalliga West (GER), 3. Spieltag (<mark style=\"background-color:rgba(0, 0, 0, 0)\" class=\"has-inline-color has-pale-cyan-blue-color\">Leagues<\/mark>)<\/strong><\/p>\n\n\n\n<p><span style=\"text-decoration: underline;\">Freitag, 08. August 2025<\/span><\/p>\n\n\n\n<p><strong><em>SC Paderborn 07 II &#8211; 1. FC K\u00f6ln II (19.00 Uhr)<\/em><\/strong><br><em><strong><img loading=\"lazy\" decoding=\"async\" width=\"415\" height=\"874\" class=\"wp-image-3656\" style=\"width: 10px\" src=\"http:\/\/kommentatorenblog.de\/wp-content\/uploads\/2020\/09\/shure-55sh-ii-e1601485394796.jpg\" alt=\"\" srcset=\"http:\/\/kommentatorenblog.de\/wp-content\/uploads\/2020\/09\/shure-55sh-ii-e1601485394796.jpg 415w, http:\/\/kommentatorenblog.de\/wp-content\/uploads\/2020\/09\/shure-55sh-ii-e1601485394796-142x300.jpg 142w\" sizes=\"auto, (max-width: 415px) 100vw, 415px\" \/><\/strong><\/em> Malik Miles Fengler<\/p>\n\n\n\n<p><span style=\"text-decoration: underline;\">Samstag, 09. August 2025<\/span><\/p>\n\n\n\n<p><strong><em>1. FC Bocholt &#8211; SC Wiedenbr\u00fcck (14.00 Uhr)<\/em><\/strong><br><em><strong><img loading=\"lazy\" decoding=\"async\" width=\"415\" height=\"874\" class=\"wp-image-3656\" style=\"width: 10px\" src=\"http:\/\/kommentatorenblog.de\/wp-content\/uploads\/2020\/09\/shure-55sh-ii-e1601485394796.jpg\" alt=\"\" srcset=\"http:\/\/kommentatorenblog.de\/wp-content\/uploads\/2020\/09\/shure-55sh-ii-e1601485394796.jpg 415w, http:\/\/kommentatorenblog.de\/wp-content\/uploads\/2020\/09\/shure-55sh-ii-e1601485394796-142x300.jpg 142w\" sizes=\"auto, (max-width: 415px) 100vw, 415px\" \/><\/strong><\/em> Sven Lesser<\/p>\n\n\n\n<p><strong><em>Borussia M\u00f6nchengladbach II &#8211; SC Fortuna K\u00f6ln (14.00 Uhr)<\/em><\/strong><br><em><strong><img loading=\"lazy\" decoding=\"async\" width=\"415\" height=\"874\" class=\"wp-image-3656\" style=\"width: 10px\" src=\"http:\/\/kommentatorenblog.de\/wp-content\/uploads\/2020\/09\/shure-55sh-ii-e1601485394796.jpg\" alt=\"\" srcset=\"http:\/\/kommentatorenblog.de\/wp-content\/uploads\/2020\/09\/shure-55sh-ii-e1601485394796.jpg 415w, http:\/\/kommentatorenblog.de\/wp-content\/uploads\/2020\/09\/shure-55sh-ii-e1601485394796-142x300.jpg 142w\" sizes=\"auto, (max-width: 415px) 100vw, 415px\" \/><\/strong><\/em> Claas Sch\u00f6nfeld<\/p>\n\n\n\n<p><strong><em>Wuppertaler SV &#8211; SV R\u00f6dinghausen (14.00 Uhr)<\/em><\/strong><br><em><strong><img loading=\"lazy\" decoding=\"async\" width=\"415\" height=\"874\" class=\"wp-image-3656\" style=\"width: 10px\" src=\"http:\/\/kommentatorenblog.de\/wp-content\/uploads\/2020\/09\/shure-55sh-ii-e1601485394796.jpg\" alt=\"\" srcset=\"http:\/\/kommentatorenblog.de\/wp-content\/uploads\/2020\/09\/shure-55sh-ii-e1601485394796.jpg 415w, http:\/\/kommentatorenblog.de\/wp-content\/uploads\/2020\/09\/shure-55sh-ii-e1601485394796-142x300.jpg 142w\" sizes=\"auto, (max-width: 415px) 100vw, 415px\" \/><\/strong><\/em> Henry Nischan<\/p>\n\n\n\n<p><strong><em>Sportfreunde Siegen &#8211; FC Schalke 04 II (14.00 Uhr)<\/em><\/strong><br><em><strong><img loading=\"lazy\" decoding=\"async\" width=\"415\" height=\"874\" class=\"wp-image-3656\" style=\"width: 10px\" src=\"http:\/\/kommentatorenblog.de\/wp-content\/uploads\/2020\/09\/shure-55sh-ii-e1601485394796.jpg\" alt=\"\" srcset=\"http:\/\/kommentatorenblog.de\/wp-content\/uploads\/2020\/09\/shure-55sh-ii-e1601485394796.jpg 415w, http:\/\/kommentatorenblog.de\/wp-content\/uploads\/2020\/09\/shure-55sh-ii-e1601485394796-142x300.jpg 142w\" sizes=\"auto, (max-width: 415px) 100vw, 415px\" \/><\/strong><\/em> Johannes H\u00fclstrung<\/p>\n\n\n\n<p><strong><em>FC G\u00fctersloh &#8211; Fortuna D\u00fcsseldorf II (14.00 Uhr)<\/em><\/strong><br><em><strong><img loading=\"lazy\" decoding=\"async\" width=\"415\" height=\"874\" class=\"wp-image-3656\" style=\"width: 10px\" src=\"http:\/\/kommentatorenblog.de\/wp-content\/uploads\/2020\/09\/shure-55sh-ii-e1601485394796.jpg\" alt=\"\" srcset=\"http:\/\/kommentatorenblog.de\/wp-content\/uploads\/2020\/09\/shure-55sh-ii-e1601485394796.jpg 415w, http:\/\/kommentatorenblog.de\/wp-content\/uploads\/2020\/09\/shure-55sh-ii-e1601485394796-142x300.jpg 142w\" sizes=\"auto, (max-width: 415px) 100vw, 415px\" \/><\/strong><\/em> Marvin Scholz<\/p>\n\n\n\n<p><span style=\"text-decoration: underline;\">Sonntag, 10. August 2025<\/span><\/p>\n\n\n\n<p><strong><em>VfL Sportfreunde Lotte &#8211; Borussia Dortmund II (14.00 Uhr)<\/em><\/strong><br><em><strong><img loading=\"lazy\" decoding=\"async\" width=\"415\" height=\"874\" class=\"wp-image-3656\" style=\"width: 10px\" src=\"http:\/\/kommentatorenblog.de\/wp-content\/uploads\/2020\/09\/shure-55sh-ii-e1601485394796.jpg\" alt=\"\" srcset=\"http:\/\/kommentatorenblog.de\/wp-content\/uploads\/2020\/09\/shure-55sh-ii-e1601485394796.jpg 415w, http:\/\/kommentatorenblog.de\/wp-content\/uploads\/2020\/09\/shure-55sh-ii-e1601485394796-142x300.jpg 142w\" sizes=\"auto, (max-width: 415px) 100vw, 415px\" \/><\/strong><\/em> Jonas J\u00fctz<\/p>\n\n\n\n<p><strong><em>SC Rot-Wei\u00df Oberhausen &#8211; Bonner SC (14.00 Uhr)<\/em><\/strong><br><em><strong><img loading=\"lazy\" decoding=\"async\" width=\"415\" height=\"874\" class=\"wp-image-3656\" style=\"width: 10px\" src=\"http:\/\/kommentatorenblog.de\/wp-content\/uploads\/2020\/09\/shure-55sh-ii-e1601485394796.jpg\" alt=\"\" srcset=\"http:\/\/kommentatorenblog.de\/wp-content\/uploads\/2020\/09\/shure-55sh-ii-e1601485394796.jpg 415w, http:\/\/kommentatorenblog.de\/wp-content\/uploads\/2020\/09\/shure-55sh-ii-e1601485394796-142x300.jpg 142w\" sizes=\"auto, (max-width: 415px) 100vw, 415px\" \/><\/strong><\/em> Noah Kersting<\/p>\n\n\n\n<p><span style=\"text-decoration: underline;\">Montag, 11. August 2025<\/span><\/p>\n\n\n\n<p><strong><em>VfL Bochum II &#8211; SSVg Velbert 02 (20.00 Uhr)<\/em><\/strong><br><em><strong><img loading=\"lazy\" decoding=\"async\" width=\"415\" height=\"874\" class=\"wp-image-3656\" style=\"width: 10px\" src=\"http:\/\/kommentatorenblog.de\/wp-content\/uploads\/2020\/09\/shure-55sh-ii-e1601485394796.jpg\" alt=\"\" srcset=\"http:\/\/kommentatorenblog.de\/wp-content\/uploads\/2020\/09\/shure-55sh-ii-e1601485394796.jpg 415w, http:\/\/kommentatorenblog.de\/wp-content\/uploads\/2020\/09\/shure-55sh-ii-e1601485394796-142x300.jpg 142w\" sizes=\"auto, (max-width: 415px) 100vw, 415px\" \/><\/strong><\/em> Marc Rohde<\/p>\n\n\n\n<hr class=\"wp-block-separator has-alpha-channel-opacity\"\/>\n\n\n\n<p><strong>Regionalliga Bayern (GER), 3. Spieltag (<mark style=\"background-color:rgba(0, 0, 0, 0)\" class=\"has-inline-color has-pale-cyan-blue-color\">BR24Sport<\/mark>)<\/strong><\/p>\n\n\n\n<p><span style=\"text-decoration: underline;\">Freitag, 08. August 2025<\/span><\/p>\n\n\n\n<p><strong><em>SpVgg Bayreuth &#8211; Viktoria Aschaffenburg (19.00 Uhr)<\/em><\/strong><br><em><strong><img loading=\"lazy\" decoding=\"async\" width=\"415\" height=\"874\" class=\"wp-image-3656\" style=\"width: 10px\" src=\"http:\/\/kommentatorenblog.de\/wp-content\/uploads\/2020\/09\/shure-55sh-ii-e1601485394796.jpg\" alt=\"\" srcset=\"http:\/\/kommentatorenblog.de\/wp-content\/uploads\/2020\/09\/shure-55sh-ii-e1601485394796.jpg 415w, http:\/\/kommentatorenblog.de\/wp-content\/uploads\/2020\/09\/shure-55sh-ii-e1601485394796-142x300.jpg 142w\" sizes=\"auto, (max-width: 415px) 100vw, 415px\" \/><\/strong><\/em> Edgar Endres<\/p>\n\n\n\n<hr class=\"wp-block-separator has-alpha-channel-opacity\"\/>\n\n\n\n<p><strong>U19-DFB-Nachwuchsliga (GER), 2. Spieltag<\/strong> <strong>(Sky\/DFB-TV)<\/strong><\/p>\n\n\n\n<p><span style=\"text-decoration: underline;\">Sonntag, 10. August 2025 (Sky\/sport.sky.de)<\/span><\/p>\n\n\n\n<p><strong><em>FC Bayern M\u00fcnchen U19 &#8211; SpVgg Unterhaching U19 (11.00 Uhr)<\/em><\/strong><br><em><strong><img loading=\"lazy\" decoding=\"async\" width=\"415\" height=\"874\" class=\"wp-image-3656\" style=\"width: 10px\" src=\"http:\/\/kommentatorenblog.de\/wp-content\/uploads\/2020\/09\/shure-55sh-ii-e1601485394796.jpg\" alt=\"\" srcset=\"http:\/\/kommentatorenblog.de\/wp-content\/uploads\/2020\/09\/shure-55sh-ii-e1601485394796.jpg 415w, http:\/\/kommentatorenblog.de\/wp-content\/uploads\/2020\/09\/shure-55sh-ii-e1601485394796-142x300.jpg 142w\" sizes=\"auto, (max-width: 415px) 100vw, 415px\" \/><\/strong><\/em> Sven Schr\u00f6ter<\/p>\n\n\n\n<p><span style=\"text-decoration: underline;\">(DFB-TV \u00fcber YouTube\/sport.sky.de)<\/span><\/p>\n\n\n\n<p><strong><em>SV Werder Bremen U19 &#8211; Hamburger SV U19 (13.00 Uhr)<\/em><\/strong><br><em><strong><img loading=\"lazy\" decoding=\"async\" width=\"415\" height=\"874\" class=\"wp-image-3656\" style=\"width: 10px\" src=\"http:\/\/kommentatorenblog.de\/wp-content\/uploads\/2020\/09\/shure-55sh-ii-e1601485394796.jpg\" alt=\"\" srcset=\"http:\/\/kommentatorenblog.de\/wp-content\/uploads\/2020\/09\/shure-55sh-ii-e1601485394796.jpg 415w, http:\/\/kommentatorenblog.de\/wp-content\/uploads\/2020\/09\/shure-55sh-ii-e1601485394796-142x300.jpg 142w\" sizes=\"auto, (max-width: 415px) 100vw, 415px\" \/><\/strong><\/em> Constantin Eckner<\/p>\n\n\n\n<hr class=\"wp-block-separator has-alpha-channel-opacity\"\/>\n\n\n\n<p><strong>FA Community Shield (ENG), Finale (DAZN)<\/strong><\/p>\n\n\n\n<p><span style=\"text-decoration: underline;\">Sonntag, 10. August 2025, ab 15.45 Uhr<\/span><\/p>\n\n\n\n<p><strong><em>Crystal Palace &#8211; FC Liverpool (16.00 Uhr)<\/em><\/strong><br><em><strong><img loading=\"lazy\" decoding=\"async\" width=\"415\" height=\"874\" class=\"wp-image-3656\" style=\"width: 10px\" src=\"http:\/\/kommentatorenblog.de\/wp-content\/uploads\/2020\/09\/shure-55sh-ii-e1601485394796.jpg\" alt=\"\" srcset=\"http:\/\/kommentatorenblog.de\/wp-content\/uploads\/2020\/09\/shure-55sh-ii-e1601485394796.jpg 415w, http:\/\/kommentatorenblog.de\/wp-content\/uploads\/2020\/09\/shure-55sh-ii-e1601485394796-142x300.jpg 142w\" sizes=\"auto, (max-width: 415px) 100vw, 415px\" \/><\/strong><\/em> Uli Hebel, Experte: Sebastian Knei\u00dfl<\/p>\n\n\n\n<hr class=\"wp-block-separator has-alpha-channel-opacity\"\/>\n\n\n\n<p><strong>EFL Cup (Carabao Cup) <strong>(ENG)<\/strong>, 1. Runde (Sky)<\/strong><\/p>\n\n\n\n<p><span style=\"text-decoration: underline;\">Mittwoch, 13. August 2025, ab 20.50 Uhr<\/span><\/p>\n\n\n\n<p><strong><em>Birmingham City &#8211; Sheffield United (21.00 Uhr)<\/em><\/strong><br><em><strong><img loading=\"lazy\" decoding=\"async\" width=\"415\" height=\"874\" class=\"wp-image-3656\" style=\"width: 10px\" src=\"http:\/\/kommentatorenblog.de\/wp-content\/uploads\/2020\/09\/shure-55sh-ii-e1601485394796.jpg\" alt=\"\" srcset=\"http:\/\/kommentatorenblog.de\/wp-content\/uploads\/2020\/09\/shure-55sh-ii-e1601485394796.jpg 415w, http:\/\/kommentatorenblog.de\/wp-content\/uploads\/2020\/09\/shure-55sh-ii-e1601485394796-142x300.jpg 142w\" sizes=\"auto, (max-width: 415px) 100vw, 415px\" \/><\/strong><\/em> Joachim Hebel<\/p>\n\n\n\n<hr class=\"wp-block-separator has-alpha-channel-opacity\"\/>\n\n\n\n<p><strong>EFL Championship (ENG), 1. Spieltag (Sky)<\/strong><\/p>\n\n\n\n<p><span style=\"text-decoration: underline;\">Freitag, 08. August 2025, ab 20.50 Uhr<\/span><\/p>\n\n\n\n<p><strong><em>Birmingham City &#8211; Ipswich Town (21.00 Uhr)<\/em><\/strong><br><em><strong><img loading=\"lazy\" decoding=\"async\" width=\"415\" height=\"874\" class=\"wp-image-3656\" style=\"width: 10px\" src=\"http:\/\/kommentatorenblog.de\/wp-content\/uploads\/2020\/09\/shure-55sh-ii-e1601485394796.jpg\" alt=\"\" srcset=\"http:\/\/kommentatorenblog.de\/wp-content\/uploads\/2020\/09\/shure-55sh-ii-e1601485394796.jpg 415w, http:\/\/kommentatorenblog.de\/wp-content\/uploads\/2020\/09\/shure-55sh-ii-e1601485394796-142x300.jpg 142w\" sizes=\"auto, (max-width: 415px) 100vw, 415px\" \/><\/strong><\/em> Joachim Hebel<\/p>\n\n\n\n<hr class=\"wp-block-separator has-alpha-channel-opacity\"\/>\n\n\n\n<p><strong>Primeira Liga (POR), 1. Spieltag (<mark style=\"background-color:rgba(0, 0, 0, 0)\" class=\"has-inline-color has-pale-cyan-blue-color\">Sportdigital<\/mark>)<\/strong><\/p>\n\n\n\n<p><span style=\"text-decoration: underline;\">Freitag, 08. August 2025<\/span><\/p>\n\n\n\n<p><strong><em>Casa Pia AC &#8211; Sporting Lissabon (21.15 Uhr)<\/em><\/strong><br><em><strong><img loading=\"lazy\" decoding=\"async\" width=\"415\" height=\"874\" class=\"wp-image-3656\" style=\"width: 10px\" src=\"http:\/\/kommentatorenblog.de\/wp-content\/uploads\/2020\/09\/shure-55sh-ii-e1601485394796.jpg\" alt=\"\" srcset=\"http:\/\/kommentatorenblog.de\/wp-content\/uploads\/2020\/09\/shure-55sh-ii-e1601485394796.jpg 415w, http:\/\/kommentatorenblog.de\/wp-content\/uploads\/2020\/09\/shure-55sh-ii-e1601485394796-142x300.jpg 142w\" sizes=\"auto, (max-width: 415px) 100vw, 415px\" \/><\/strong><\/em> Jonathan Dreier<\/p>\n\n\n\n<p><span style=\"text-decoration: underline;\">Montag, 11. August 2025<\/span><\/p>\n\n\n\n<p><strong><em>FC Porto &#8211; Vitoria Guimaraes (21.45 Uhr)<\/em><\/strong><br><em><strong><img loading=\"lazy\" decoding=\"async\" width=\"415\" height=\"874\" class=\"wp-image-3656\" style=\"width: 10px\" src=\"http:\/\/kommentatorenblog.de\/wp-content\/uploads\/2020\/09\/shure-55sh-ii-e1601485394796.jpg\" alt=\"\" srcset=\"http:\/\/kommentatorenblog.de\/wp-content\/uploads\/2020\/09\/shure-55sh-ii-e1601485394796.jpg 415w, http:\/\/kommentatorenblog.de\/wp-content\/uploads\/2020\/09\/shure-55sh-ii-e1601485394796-142x300.jpg 142w\" sizes=\"auto, (max-width: 415px) 100vw, 415px\" \/><\/strong><\/em> J\u00f6rg Steiger<\/p>\n\n\n\n<hr class=\"wp-block-separator has-alpha-channel-opacity\"\/>\n\n\n\n<p><strong>Eredivisie (NED), 1. Spieltag (<mark style=\"background-color:rgba(0, 0, 0, 0)\" class=\"has-inline-color has-pale-cyan-blue-color\">Sportdigital<\/mark>)<\/strong><\/p>\n\n\n\n<p><span style=\"text-decoration: underline;\">Samstag, 09. August 2025<\/span><\/p>\n\n\n\n<p><strong><em>Feyenoord Rotterdam &#8211; NAC Breda (18.45 Uhr)<\/em><\/strong><br><em><strong><img loading=\"lazy\" decoding=\"async\" width=\"415\" height=\"874\" class=\"wp-image-3656\" style=\"width: 10px\" src=\"http:\/\/kommentatorenblog.de\/wp-content\/uploads\/2020\/09\/shure-55sh-ii-e1601485394796.jpg\" alt=\"\" srcset=\"http:\/\/kommentatorenblog.de\/wp-content\/uploads\/2020\/09\/shure-55sh-ii-e1601485394796.jpg 415w, http:\/\/kommentatorenblog.de\/wp-content\/uploads\/2020\/09\/shure-55sh-ii-e1601485394796-142x300.jpg 142w\" sizes=\"auto, (max-width: 415px) 100vw, 415px\" \/><\/strong><\/em> Karsten Linke<\/p>\n\n\n\n<p><strong><em>PSV Eindhoven &#8211; Sparta Rotterdam (21.00 Uhr)<\/em><\/strong><br><em><strong><img loading=\"lazy\" decoding=\"async\" width=\"415\" height=\"874\" class=\"wp-image-3656\" style=\"width: 10px\" src=\"http:\/\/kommentatorenblog.de\/wp-content\/uploads\/2020\/09\/shure-55sh-ii-e1601485394796.jpg\" alt=\"\" srcset=\"http:\/\/kommentatorenblog.de\/wp-content\/uploads\/2020\/09\/shure-55sh-ii-e1601485394796.jpg 415w, http:\/\/kommentatorenblog.de\/wp-content\/uploads\/2020\/09\/shure-55sh-ii-e1601485394796-142x300.jpg 142w\" sizes=\"auto, (max-width: 415px) 100vw, 415px\" \/><\/strong><\/em> Jakob Vogel<\/p>\n\n\n\n<p><span style=\"text-decoration: underline;\">Sonntag, 10. August 2025<\/span><\/p>\n\n\n\n<p><strong><em>Ajax Amsterdam &#8211; SC Telstar (14.30 Uhr)<\/em><\/strong><br><em><strong><img loading=\"lazy\" decoding=\"async\" width=\"415\" height=\"874\" class=\"wp-image-3656\" style=\"width: 10px\" src=\"http:\/\/kommentatorenblog.de\/wp-content\/uploads\/2020\/09\/shure-55sh-ii-e1601485394796.jpg\" alt=\"\" srcset=\"http:\/\/kommentatorenblog.de\/wp-content\/uploads\/2020\/09\/shure-55sh-ii-e1601485394796.jpg 415w, http:\/\/kommentatorenblog.de\/wp-content\/uploads\/2020\/09\/shure-55sh-ii-e1601485394796-142x300.jpg 142w\" sizes=\"auto, (max-width: 415px) 100vw, 415px\" \/><\/strong><\/em> J\u00f6rg Steiger<\/p>\n\n\n\n<hr class=\"wp-block-separator has-alpha-channel-opacity\"\/>\n\n\n\n<p><strong>Ekstraklasa (POL), 4. Spieltag (<mark style=\"background-color:rgba(0, 0, 0, 0)\" class=\"has-inline-color has-pale-cyan-blue-color\">Sportdigital<\/mark>)<\/strong><\/p>\n\n\n\n<p><span style=\"text-decoration: underline;\">Sonntag, 10. August 2025<\/span><\/p>\n\n\n\n<p><strong><em>Jagiellonia Bialystok &#8211; Cracovia Krakau (17.30 Uhr)<\/em><\/strong><br><em><strong><img loading=\"lazy\" decoding=\"async\" width=\"415\" height=\"874\" class=\"wp-image-3656\" style=\"width: 10px\" src=\"http:\/\/kommentatorenblog.de\/wp-content\/uploads\/2020\/09\/shure-55sh-ii-e1601485394796.jpg\" alt=\"\" srcset=\"http:\/\/kommentatorenblog.de\/wp-content\/uploads\/2020\/09\/shure-55sh-ii-e1601485394796.jpg 415w, http:\/\/kommentatorenblog.de\/wp-content\/uploads\/2020\/09\/shure-55sh-ii-e1601485394796-142x300.jpg 142w\" sizes=\"auto, (max-width: 415px) 100vw, 415px\" \/><\/strong><\/em> Marcus Radefeld<\/p>\n\n\n\n<hr class=\"wp-block-separator has-alpha-channel-opacity\"\/>\n\n\n\n<p><strong>Liga Profesional (ARG), 4. Spieltag (<mark style=\"background-color:rgba(0, 0, 0, 0)\" class=\"has-inline-color has-pale-cyan-blue-color\">Sportdigital<\/mark>)<\/strong><\/p>\n\n\n\n<p><span style=\"text-decoration: underline;\">Samstag, 09. August 2025<\/span><\/p>\n\n\n\n<p><strong><em>CA Independiente &#8211; CA River Plate (23.30 Uhr)<\/em><\/strong><br><em><strong><img loading=\"lazy\" decoding=\"async\" width=\"415\" height=\"874\" class=\"wp-image-3656\" style=\"width: 10px\" src=\"http:\/\/kommentatorenblog.de\/wp-content\/uploads\/2020\/09\/shure-55sh-ii-e1601485394796.jpg\" alt=\"\" srcset=\"http:\/\/kommentatorenblog.de\/wp-content\/uploads\/2020\/09\/shure-55sh-ii-e1601485394796.jpg 415w, http:\/\/kommentatorenblog.de\/wp-content\/uploads\/2020\/09\/shure-55sh-ii-e1601485394796-142x300.jpg 142w\" sizes=\"auto, (max-width: 415px) 100vw, 415px\" \/><\/strong><\/em> Ulf Kahmke<\/p>\n\n\n\n<hr class=\"wp-block-separator has-alpha-channel-opacity\"\/>\n\n\n\n<p><strong>Campeonato Brasileiro (BRA), 19. Spieltag (<mark style=\"background-color:rgba(0, 0, 0, 0)\" class=\"has-inline-color has-pale-cyan-blue-color\">Sportdigital<\/mark>)<\/strong><\/p>\n\n\n\n<p><span style=\"text-decoration: underline;\">Sonntag, 10. August 2025<\/span><\/p>\n\n\n\n<p><strong><em>Palmeiras &#8211; Ceara SC (21.00 Uhr)<\/em><\/strong><br><em><strong><img loading=\"lazy\" decoding=\"async\" width=\"415\" height=\"874\" class=\"wp-image-3656\" style=\"width: 10px\" src=\"http:\/\/kommentatorenblog.de\/wp-content\/uploads\/2020\/09\/shure-55sh-ii-e1601485394796.jpg\" alt=\"\" srcset=\"http:\/\/kommentatorenblog.de\/wp-content\/uploads\/2020\/09\/shure-55sh-ii-e1601485394796.jpg 415w, http:\/\/kommentatorenblog.de\/wp-content\/uploads\/2020\/09\/shure-55sh-ii-e1601485394796-142x300.jpg 142w\" sizes=\"auto, (max-width: 415px) 100vw, 415px\" \/><\/strong><\/em> Martin Hahn<\/p>\n\n\n\n<p><strong><em>Cruzeiro Belo Horizonte &#8211; Santos FC (23.30 Uhr)<\/em><\/strong><br><em><strong><img loading=\"lazy\" decoding=\"async\" width=\"415\" height=\"874\" class=\"wp-image-3656\" style=\"width: 10px\" src=\"http:\/\/kommentatorenblog.de\/wp-content\/uploads\/2020\/09\/shure-55sh-ii-e1601485394796.jpg\" alt=\"\" srcset=\"http:\/\/kommentatorenblog.de\/wp-content\/uploads\/2020\/09\/shure-55sh-ii-e1601485394796.jpg 415w, http:\/\/kommentatorenblog.de\/wp-content\/uploads\/2020\/09\/shure-55sh-ii-e1601485394796-142x300.jpg 142w\" sizes=\"auto, (max-width: 415px) 100vw, 415px\" \/><\/strong><\/em> <s>Christian Blunck<\/s> Karsten Linke<\/p>\n\n\n\n<hr class=\"wp-block-separator has-alpha-channel-opacity\"\/>\n\n\n\n<p><strong>Major League Soccer (USA), 26. Spieltag (<mark style=\"background-color:rgba(0, 0, 0, 0)\" class=\"has-inline-color has-pale-cyan-blue-color\">Sportdigital<\/mark>)<\/strong><\/p>\n\n\n\n<p><span style=\"text-decoration: underline;\">Montag, 11. August 2025<\/span><\/p>\n\n\n\n<p><strong><em>Orlando City &#8211; Inter Miami (02.12 Uhr)<\/em><\/strong><br><em><strong><img loading=\"lazy\" decoding=\"async\" width=\"415\" height=\"874\" class=\"wp-image-3656\" style=\"width: 10px\" src=\"http:\/\/kommentatorenblog.de\/wp-content\/uploads\/2020\/09\/shure-55sh-ii-e1601485394796.jpg\" alt=\"\" srcset=\"http:\/\/kommentatorenblog.de\/wp-content\/uploads\/2020\/09\/shure-55sh-ii-e1601485394796.jpg 415w, http:\/\/kommentatorenblog.de\/wp-content\/uploads\/2020\/09\/shure-55sh-ii-e1601485394796-142x300.jpg 142w\" sizes=\"auto, (max-width: 415px) 100vw, 415px\" \/><\/strong><\/em> Arne Malsch<\/p>\n\n\n\n<hr class=\"wp-block-separator has-alpha-channel-opacity\"\/>\n\n\n\n<p><strong>J. League (JPN), 25. Spieltag (<mark style=\"background-color:rgba(0, 0, 0, 0)\" class=\"has-inline-color has-pale-cyan-blue-color\">Sportdigital<\/mark>)<\/strong><\/p>\n\n\n\n<p><span style=\"text-decoration: underline;\">Sonntag, 10. August 2025<\/span><\/p>\n\n\n\n<p><strong><em>FC Machida Zelvia &#8211; Vissel Kobe (12.03 Uhr)<\/em><\/strong><br><em><strong><img loading=\"lazy\" decoding=\"async\" width=\"415\" height=\"874\" class=\"wp-image-3656\" style=\"width: 10px\" src=\"http:\/\/kommentatorenblog.de\/wp-content\/uploads\/2020\/09\/shure-55sh-ii-e1601485394796.jpg\" alt=\"\" srcset=\"http:\/\/kommentatorenblog.de\/wp-content\/uploads\/2020\/09\/shure-55sh-ii-e1601485394796.jpg 415w, http:\/\/kommentatorenblog.de\/wp-content\/uploads\/2020\/09\/shure-55sh-ii-e1601485394796-142x300.jpg 142w\" sizes=\"auto, (max-width: 415px) 100vw, 415px\" \/><\/strong><\/em> Marvin Domalewski<\/p>\n\n\n\n<hr class=\"wp-block-separator has-alpha-channel-opacity\"\/>\n\n\n\n<p><strong>\u00d6sterreichische Fu\u00dfball-Bundesliga (AUT), 2. Runde (Sky)<\/strong><\/p>\n\n\n\n<p><span style=\"text-decoration: underline;\">Samstag, 09. August 2025, ab 16.30 Uhr<\/span><\/p>\n\n\n\n<p><strong><em>FC Blau-Wei\u00df Linz &#8211; TSV Hartberg (17.00 Uhr)<\/em><\/strong><br><em><strong><img loading=\"lazy\" decoding=\"async\" width=\"415\" height=\"874\" class=\"wp-image-3656\" style=\"width: 10px\" src=\"http:\/\/kommentatorenblog.de\/wp-content\/uploads\/2020\/09\/shure-55sh-ii-e1601485394796.jpg\" alt=\"\" srcset=\"http:\/\/kommentatorenblog.de\/wp-content\/uploads\/2020\/09\/shure-55sh-ii-e1601485394796.jpg 415w, http:\/\/kommentatorenblog.de\/wp-content\/uploads\/2020\/09\/shure-55sh-ii-e1601485394796-142x300.jpg 142w\" sizes=\"auto, (max-width: 415px) 100vw, 415px\" \/><\/strong><\/em> Tom Ole Mink (Einzelspiel), Otto Rosenauer (Konferenz)<br>Field-Reporterin: Kimberly Budinsky<\/p>\n\n\n\n<p><strong><em>SCR Altach &#8211; SV Ried (17.00 Uhr)<\/em><\/strong><br><em><strong><img loading=\"lazy\" decoding=\"async\" width=\"415\" height=\"874\" class=\"wp-image-3656\" style=\"width: 10px\" src=\"http:\/\/kommentatorenblog.de\/wp-content\/uploads\/2020\/09\/shure-55sh-ii-e1601485394796.jpg\" alt=\"\" srcset=\"http:\/\/kommentatorenblog.de\/wp-content\/uploads\/2020\/09\/shure-55sh-ii-e1601485394796.jpg 415w, http:\/\/kommentatorenblog.de\/wp-content\/uploads\/2020\/09\/shure-55sh-ii-e1601485394796-142x300.jpg 142w\" sizes=\"auto, (max-width: 415px) 100vw, 415px\" \/><\/strong><\/em> Gerhard Krabath (Einzelspiel), Benjamin Vollmann (Konferenz)<br>Field-Reporterin: Lisa Perstaller<\/p>\n\n\n\n<p><span style=\"text-decoration: underline;\">ab 19.00 Uhr<\/span><\/p>\n\n\n\n<p><strong><em>FC Salzburg &#8211; Grazer AK 1902 (19.30 Uhr)<\/em><\/strong><br><em><strong><img loading=\"lazy\" decoding=\"async\" width=\"415\" height=\"874\" class=\"wp-image-3656\" style=\"width: 10px\" src=\"http:\/\/kommentatorenblog.de\/wp-content\/uploads\/2020\/09\/shure-55sh-ii-e1601485394796.jpg\" alt=\"\" srcset=\"http:\/\/kommentatorenblog.de\/wp-content\/uploads\/2020\/09\/shure-55sh-ii-e1601485394796.jpg 415w, http:\/\/kommentatorenblog.de\/wp-content\/uploads\/2020\/09\/shure-55sh-ii-e1601485394796-142x300.jpg 142w\" sizes=\"auto, (max-width: 415px) 100vw, 415px\" \/><\/strong><\/em> David Eder<br>Field-Reporterin: Constanze Weiss<\/p>\n\n\n\n<p>Moderation: Marko Stankovic, Experte: Thomas Silberberger<\/p>\n\n\n\n<p><span style=\"text-decoration: underline;\">Sonntag, 10. August 2025, ab 16.30 Uhr<\/span><\/p>\n\n\n\n<p><strong><em>SK Sturm Graz &#8211; SK Rapid Wien (17.00 Uhr)<\/em><\/strong><br><em><strong><img loading=\"lazy\" decoding=\"async\" width=\"415\" height=\"874\" class=\"wp-image-3656\" style=\"width: 10px\" src=\"http:\/\/kommentatorenblog.de\/wp-content\/uploads\/2020\/09\/shure-55sh-ii-e1601485394796.jpg\" alt=\"\" srcset=\"http:\/\/kommentatorenblog.de\/wp-content\/uploads\/2020\/09\/shure-55sh-ii-e1601485394796.jpg 415w, http:\/\/kommentatorenblog.de\/wp-content\/uploads\/2020\/09\/shure-55sh-ii-e1601485394796-142x300.jpg 142w\" sizes=\"auto, (max-width: 415px) 100vw, 415px\" \/><\/strong><\/em> Martin Konrad (Einzelspiel), Philipp Paternina (Konferenz)<br>Field-Reporter: Johannes Brandl<\/p>\n\n\n\n<p><strong><em>FK Austria Wien &#8211; Wolfsberger AC (17.00 Uhr)<\/em><\/strong><br><em><strong><img loading=\"lazy\" decoding=\"async\" width=\"415\" height=\"874\" class=\"wp-image-3656\" style=\"width: 10px\" src=\"http:\/\/kommentatorenblog.de\/wp-content\/uploads\/2020\/09\/shure-55sh-ii-e1601485394796.jpg\" alt=\"\" srcset=\"http:\/\/kommentatorenblog.de\/wp-content\/uploads\/2020\/09\/shure-55sh-ii-e1601485394796.jpg 415w, http:\/\/kommentatorenblog.de\/wp-content\/uploads\/2020\/09\/shure-55sh-ii-e1601485394796-142x300.jpg 142w\" sizes=\"auto, (max-width: 415px) 100vw, 415px\" \/><\/strong><\/em> Gerfried Pr\u00f6ll (Einzelspiel), Guido Friedrich (Konferenz)<br>Field-Reporterin: Kimberly Budinsky<\/p>\n\n\n\n<p><strong><em>WSG Tirol &#8211; LASK (17.00 Uhr)<\/em><\/strong><br><em><strong><img loading=\"lazy\" decoding=\"async\" width=\"415\" height=\"874\" class=\"wp-image-3656\" style=\"width: 10px\" src=\"http:\/\/kommentatorenblog.de\/wp-content\/uploads\/2020\/09\/shure-55sh-ii-e1601485394796.jpg\" alt=\"\" srcset=\"http:\/\/kommentatorenblog.de\/wp-content\/uploads\/2020\/09\/shure-55sh-ii-e1601485394796.jpg 415w, http:\/\/kommentatorenblog.de\/wp-content\/uploads\/2020\/09\/shure-55sh-ii-e1601485394796-142x300.jpg 142w\" sizes=\"auto, (max-width: 415px) 100vw, 415px\" \/><\/strong><\/em> Luca Kielhauser (Einzelspiel), Andi Brandt (Konferenz)<br>Field-Reporterin: Lisa Perstaller<\/p>\n\n\n\n<p>Moderation: Michael Ganh\u00f6r, Experte: Andreas Herzog<\/p>\n\n\n\n<hr class=\"wp-block-separator has-alpha-channel-opacity\"\/>\n\n\n\n<p><strong>Testspiele<\/strong><\/p>\n\n\n\n<p><span style=\"text-decoration: underline;\">Freitag, 08. August 2025, ab 19.55 Uhr (<mark style=\"background-color:rgba(0, 0, 0, 0);color:#150e2e\" class=\"has-inline-color\">DF1<\/mark>\/<mark style=\"background-color:rgba(0, 0, 0, 0)\" class=\"has-inline-color has-vivid-red-color\">ServusTV On<\/mark>)<\/span><\/p>\n\n\n\n<p><strong><em>FC Chelsea <\/em><\/strong><em>(ENG)<\/em><strong><em> &#8211; Bayer 04 Leverkusen <\/em><\/strong><em>(GER)<\/em><strong><em> (20.00 Uhr)<\/em><\/strong><br><em><strong><img loading=\"lazy\" decoding=\"async\" width=\"415\" height=\"874\" class=\"wp-image-3656\" style=\"width: 10px\" src=\"http:\/\/kommentatorenblog.de\/wp-content\/uploads\/2020\/09\/shure-55sh-ii-e1601485394796.jpg\" alt=\"\" srcset=\"http:\/\/kommentatorenblog.de\/wp-content\/uploads\/2020\/09\/shure-55sh-ii-e1601485394796.jpg 415w, http:\/\/kommentatorenblog.de\/wp-content\/uploads\/2020\/09\/shure-55sh-ii-e1601485394796-142x300.jpg 142w\" sizes=\"auto, (max-width: 415px) 100vw, 415px\" \/><\/strong><\/em> Klaus Veltman<\/p>\n\n\n\n<p><span style=\"text-decoration: underline;\">Samstag, 09. August 2025, ab 15.00 Uhr (<mark style=\"background-color:rgba(0, 0, 0, 0)\" class=\"has-inline-color has-pale-pink-color\">Magenta Sport<\/mark>)<\/span><\/p>\n\n\n\n<p><strong><em>1. FC K\u00f6ln <\/em><\/strong><em>(GER)<\/em><strong><em> &#8211; Atalanta Bergamo <\/em><\/strong><em>(ITA)<\/em><strong><em> (15.30 Uhr)<\/em><\/strong><br><em><strong><img loading=\"lazy\" decoding=\"async\" width=\"415\" height=\"874\" class=\"wp-image-3656\" style=\"width: 10px\" src=\"http:\/\/kommentatorenblog.de\/wp-content\/uploads\/2020\/09\/shure-55sh-ii-e1601485394796.jpg\" alt=\"\" srcset=\"http:\/\/kommentatorenblog.de\/wp-content\/uploads\/2020\/09\/shure-55sh-ii-e1601485394796.jpg 415w, http:\/\/kommentatorenblog.de\/wp-content\/uploads\/2020\/09\/shure-55sh-ii-e1601485394796-142x300.jpg 142w\" sizes=\"auto, (max-width: 415px) 100vw, 415px\" \/><\/strong><\/em> Christian Stra\u00dfburger<br>Moderation: Thomas Wagner, Experten: Fabian Klos und Mark Uth, Field-Reporterin: Kamila Benschop<\/p>\n\n\n\n<p><span style=\"text-decoration: underline;\">ab 15.15 Uhr (Sky\/sport.sky.de)<\/span><\/p>\n\n\n\n<p><strong><em>1. FC Union Berlin <\/em><\/strong><em>(GER)<\/em><strong><em> &#8211; Olympiakos Pir\u00e4us <\/em><\/strong><em>(GRE)<\/em><strong><em> (15.30 Uhr)<\/em><\/strong><br><em><strong><img loading=\"lazy\" decoding=\"async\" width=\"415\" height=\"874\" class=\"wp-image-3656\" style=\"width: 10px\" src=\"http:\/\/kommentatorenblog.de\/wp-content\/uploads\/2020\/09\/shure-55sh-ii-e1601485394796.jpg\" alt=\"\" srcset=\"http:\/\/kommentatorenblog.de\/wp-content\/uploads\/2020\/09\/shure-55sh-ii-e1601485394796.jpg 415w, http:\/\/kommentatorenblog.de\/wp-content\/uploads\/2020\/09\/shure-55sh-ii-e1601485394796-142x300.jpg 142w\" sizes=\"auto, (max-width: 415px) 100vw, 415px\" \/><\/strong><\/em> Uli Hebel<br>Moderation: Lisa de Ruiter<\/p>\n\n\n\n<p><span style=\"text-decoration: underline;\">ab 16.45 Uhr (<mark style=\"background-color:rgba(0, 0, 0, 0)\" class=\"has-inline-color has-vivid-purple-color\">SWR Baden-W\u00fcrttemberg<\/mark>)<\/span><\/p>\n\n\n\n<p><strong><em>VfB Stuttgart <\/em><\/strong><em>(GER)<\/em><strong><em> &#8211; FC Bologna <\/em><\/strong><em>(ITA)<\/em><strong><em> (17.00 Uhr)<\/em><\/strong><br><em><strong><img loading=\"lazy\" decoding=\"async\" width=\"415\" height=\"874\" class=\"wp-image-3656\" style=\"width: 10px\" src=\"http:\/\/kommentatorenblog.de\/wp-content\/uploads\/2020\/09\/shure-55sh-ii-e1601485394796.jpg\" alt=\"\" srcset=\"http:\/\/kommentatorenblog.de\/wp-content\/uploads\/2020\/09\/shure-55sh-ii-e1601485394796.jpg 415w, http:\/\/kommentatorenblog.de\/wp-content\/uploads\/2020\/09\/shure-55sh-ii-e1601485394796-142x300.jpg 142w\" sizes=\"auto, (max-width: 415px) 100vw, 415px\" \/><\/strong><\/em> Tom Bartels<br>Moderation: D\u00e9sir\u00e9e Krause<\/p>\n\n\n\n<p><span style=\"text-decoration: underline;\">ab 16.55 Uhr (Ruhrsport.tv \u00fcber Twitch)<\/span><\/p>\n\n\n\n<p><strong><em>SGS Essen (Frauen) <\/em><\/strong><em>(GER)<\/em><strong><em> &#8211; FC Twente Enschede (Frauen) <\/em><\/strong><em>(NED)<\/em><strong><em> (17.00 Uhr)<\/em><\/strong><br><em><strong><img loading=\"lazy\" decoding=\"async\" width=\"415\" height=\"874\" class=\"wp-image-3656\" style=\"width: 10px\" src=\"http:\/\/kommentatorenblog.de\/wp-content\/uploads\/2020\/09\/shure-55sh-ii-e1601485394796.jpg\" alt=\"\" srcset=\"http:\/\/kommentatorenblog.de\/wp-content\/uploads\/2020\/09\/shure-55sh-ii-e1601485394796.jpg 415w, http:\/\/kommentatorenblog.de\/wp-content\/uploads\/2020\/09\/shure-55sh-ii-e1601485394796-142x300.jpg 142w\" sizes=\"auto, (max-width: 415px) 100vw, 415px\" \/><\/strong><\/em> ohne Kommentar<\/p>\n\n\n\n<p><span style=\"text-decoration: underline;\">ab 17.55 Uhr (Sky\/sport.sky.de)<\/span><\/p>\n\n\n\n<p><strong><em>Brighton &amp; Hove Albion <\/em><\/strong><em>(ENG)<\/em><strong><em> &#8211; VfL Wolfsburg <\/em><\/strong><em>(GER)<\/em><strong><em> (18.00 Uhr)<\/em><\/strong><br><em><strong><img loading=\"lazy\" decoding=\"async\" width=\"415\" height=\"874\" class=\"wp-image-3656\" style=\"width: 10px\" src=\"http:\/\/kommentatorenblog.de\/wp-content\/uploads\/2020\/09\/shure-55sh-ii-e1601485394796.jpg\" alt=\"\" srcset=\"http:\/\/kommentatorenblog.de\/wp-content\/uploads\/2020\/09\/shure-55sh-ii-e1601485394796.jpg 415w, http:\/\/kommentatorenblog.de\/wp-content\/uploads\/2020\/09\/shure-55sh-ii-e1601485394796-142x300.jpg 142w\" sizes=\"auto, (max-width: 415px) 100vw, 415px\" \/><\/strong><\/em> Dominik M\u00fcller<\/p>\n\n\n\n<p><span style=\"text-decoration: underline;\">ab 20.00 Uhr (DAZN)<\/span><\/p>\n\n\n\n<p><strong><em>RCD Mallorca <\/em><\/strong><em>(ESP)<\/em><strong><em> &#8211; Hamburger SV <\/em><\/strong><em>(GER)<\/em><strong><em> (20.00 Uhr)<\/em><\/strong><br><em><strong><img loading=\"lazy\" decoding=\"async\" width=\"415\" height=\"874\" class=\"wp-image-3656\" style=\"width: 10px\" src=\"http:\/\/kommentatorenblog.de\/wp-content\/uploads\/2020\/09\/shure-55sh-ii-e1601485394796.jpg\" alt=\"\" srcset=\"http:\/\/kommentatorenblog.de\/wp-content\/uploads\/2020\/09\/shure-55sh-ii-e1601485394796.jpg 415w, http:\/\/kommentatorenblog.de\/wp-content\/uploads\/2020\/09\/shure-55sh-ii-e1601485394796-142x300.jpg 142w\" sizes=\"auto, (max-width: 415px) 100vw, 415px\" \/><\/strong><\/em> Tom Kirsten<\/p>\n\n\n\n<p><span style=\"text-decoration: underline;\">Sonntag, 10. August 2025, ab 17.15 Uhr (Sky\/sport.sky.de)<\/span><\/p>\n\n\n\n<p><strong><em>Borussia Dortmund <\/em><\/strong><em>(GER)<\/em><strong><em> &#8211; Juventus Turin <\/em><\/strong><em>(ITA)<\/em><strong><em> (17.30 Uhr)<\/em><\/strong><br><em><strong><img loading=\"lazy\" decoding=\"async\" width=\"415\" height=\"874\" class=\"wp-image-3656\" style=\"width: 10px\" src=\"http:\/\/kommentatorenblog.de\/wp-content\/uploads\/2020\/09\/shure-55sh-ii-e1601485394796.jpg\" alt=\"\" srcset=\"http:\/\/kommentatorenblog.de\/wp-content\/uploads\/2020\/09\/shure-55sh-ii-e1601485394796.jpg 415w, http:\/\/kommentatorenblog.de\/wp-content\/uploads\/2020\/09\/shure-55sh-ii-e1601485394796-142x300.jpg 142w\" sizes=\"auto, (max-width: 415px) 100vw, 415px\" \/><\/strong><\/em> Dominik M\u00fcller<br>Moderation: Marlon Irlbacher<\/p>\n\n\n\n<p><span style=\"text-decoration: underline;\">Dienstag, 12. August 2025, ab 18.55 Uhr (Sky)<\/span><\/p>\n\n\n\n<p><strong><em>WSG Tirol <\/em><\/strong><em>(AUT)<\/em><strong><em> &#8211; Real Madrid <\/em><\/strong><em>(ESP)<\/em><strong><em> (19.00 Uhr)<\/em><\/strong><br><em><strong><img loading=\"lazy\" decoding=\"async\" width=\"415\" height=\"874\" class=\"wp-image-3656\" style=\"width: 10px\" src=\"http:\/\/kommentatorenblog.de\/wp-content\/uploads\/2020\/09\/shure-55sh-ii-e1601485394796.jpg\" alt=\"\" srcset=\"http:\/\/kommentatorenblog.de\/wp-content\/uploads\/2020\/09\/shure-55sh-ii-e1601485394796.jpg 415w, http:\/\/kommentatorenblog.de\/wp-content\/uploads\/2020\/09\/shure-55sh-ii-e1601485394796-142x300.jpg 142w\" sizes=\"auto, (max-width: 415px) 100vw, 415px\" \/><\/strong><\/em> Timo Sch\u00e4fers<br>Field-Reporter:innen: Lisa Perstaller und Kerry Hau<\/p>\n\n\n\n<hr class=\"wp-block-separator has-alpha-channel-opacity\"\/>\n\n\n\n<p><strong>Die Analyse<\/strong><\/p>\n\n\n\n<p><strong>Lindemann weiterhin bei Sky<\/strong><\/p>\n\n\n\n<p>Viel Verwirrung gab es in den vergangenen Monaten um Marcus Lindemann. Auf Instagram deutete er gegen Ende der vergangenen Bundesliga-Saison an, dass es seine letzten Spiele sein w\u00fcrden, die er kommentiert. Anschlie\u00dfend vermuteten viele, dass er Sky verlassen w\u00fcrde, nun ist allerdings klarzustellen: Lindemann wird auch weiterhin bei Sky kommentieren, allerdings werden sich seine Einsatzbereiche und auch sein Arbeitsumfeld \u00e4ndern: k\u00fcnftig wird er wohl vor allem Spiele der 2. Bundesliga kommentieren und das dementsprechend auch nicht mehr im Stadion, so wie in den letzten Jahren nahezu immer, sondern in der Box in M\u00fcnchen. Ob er auch Topspiele bekommen wird, wird sich erst zeigen. Zu begr\u00fcnden ist diese Entwicklung wahrscheinlich mit der ver\u00e4nderten Rechtesituation und den Reaktionen Skys darauf, dass nun weniger Personal in der Bundesliga ben\u00f6tigt wird und daf\u00fcr umso mehr in der 2. Bundesliga, nachdem die Original-Konferenzen dort wieder eingef\u00fchrt wurden.<\/p>\n\n\n\n<p>Am Freitagabend begr\u00fc\u00dft Stefan Hempel in N\u00fcrnberg Tobias Kempe als Experten. Beim Ausw\u00e4rtsteam SV Darmstadt 98 hat dieser im Sommer seine Karriere beendet, ob noch weitere Eins\u00e4tze folgen werden, ist noch nicht bekannt. Die \u00fcbrigen Schichten \u00fcbernehmen Torsten Mattuschka in Dresden und der Berliner Heimat sowie S\u00f6ren Gonther in Kaiserlautern als Co-Kommentator von Klaus Veltman. RTL tritt in Kaiserslautern noch einmal fast mit der gleichen Besetzung wie in der Vorwoche in Bielefeld an, nur Jana Wosnitza ersetzt Thomas Wagner als Field-Reporterin. <s>Zu Gast bei RTL wird die Influencerin und Schauspielerin Lisa K\u00fcppers sein<\/s>. Kai Fedrau wird als &#8222;Fan-Reporter&#8220; wohl die neu erm\u00f6glichten Einblicke hinter die Kulissen nehmen.<\/p>\n\n\n\n<p>Leider haben wir noch keine vollst\u00e4ndigen Informationen, wer am 2. Spieltag bei den Konferenzen im Einsatz sein wird. Die einzige konkrete Information, die ich derzeit habe, ist, dass Hansi K\u00fcpper wahrscheinlich Braunschweig &#8211; F\u00fcrth am Samstag \u00fcbernehmen wird. Da es weiterhin keine zentrale \u00dcbersicht im Internet daf\u00fcr gibt, anders als bei der Bundesliga bis zur letzten Saison, sind wir auf externe Informationen angewiesen. Wir hoffen, dass wir die Infos zu den Konferenzen morgen noch nachreichen k\u00f6nnen.<\/p>\n\n\n\n<p><strong>Lauth jetzt auch beim BR<\/strong><\/p>\n\n\n\n<p>Das Topspiel der 3. Liga findet am 2. Spieltag direkt beim Aufsteiger aus Schweinfurt statt, wohin Andreas Mann und Stefanie Blochwitz aus Sachsen hinreisen werden. Dabei wird sie auch Daniel Flottmann als Experte unterst\u00fctzen. Auch in Havelse ist am Samstag ein Ost-Duo im Einsatz, mangels Heimspielen in der eigenen Zone: Benni Zander und Hannes Jakobi haben dort ihr Saisondeb\u00fct. Die Begegnung zwischen dem TSV 1860 M\u00fcnchen und dem VfL Osnabr\u00fcck wird auch bei BR und NDR \u00fcbertragen, beide stellen auch einen eigenen Kommentar zur Verf\u00fcgung. L\u00f6wen-Legende Benny Lauth wird Bernd Schmelzer bei der &#8222;Blickpunkt Sport live&#8220;-\u00dcbertragung als Co-Kommentator unterst\u00fctzen, zuk\u00fcnftig soll dies auch h\u00e4ufiger vorkommen, hat der BR mitgeteilt. Eins\u00e4tze von Co-Kommentatoren sind dort nicht grunds\u00e4tzlich neu, kamen jedoch eher bei Ausw\u00e4rtsspielen, die im Studio kommentiert wurden, vor. Der SR geht ohne das langj\u00e4hrige &#8222;Sportarena&#8220;-Gesicht Thomas Braml in die neue Saison, der sich in den Ruhestand verabschiedet hat, im Gegenzug war bereits in diesem Kalenderjahr die bisherige Radiomoderatorin Anne Hilt h\u00e4ufiger im TV im Einsatz. Der MDR \u00fcbertr\u00e4gt am Samstag um 14 Uhr hingegen wie so h\u00e4ufig ein Regionalligaspiel (Babelsberg &#8211; Zwickau), allerdings sonst auch kein weiteres. Schade, denn so bleibt etwa Erfurt gegen Greifswald g\u00e4nzlich ohne \u00dcbertragung.<\/p>\n\n\n\n<p>Ansonsten starten immer mehr Ligen auch im Ausland in die neue Saison, die meisten von ihnen sind bei Sportdigital zu sehen, die Championship allerdings jetzt bei Sky. Das Spiel Birmingham &#8211; Ipswich am Freitag wird wohl Jogi Hebel kommentieren, ob am Samstag auch ein deutscher Kommentator im Einsatz sein wird, wei\u00df ich noch nicht. <strong>Update:<\/strong> nein, ist nicht der Fall.<\/p>\n\n\n\n<p><strong>&#8222;Effzeh&#8220; in der Konferenz der 3. Liga<\/strong><\/p>\n\n\n\n<p>Eine Woche vor der ersten Runde des DFB-Pokals bestreiten die Bundesligisten ihre letzten Testspiele, meist gegen Gegner aus Italien. Auch der 1. FC K\u00f6ln bestreitet eine Generalprobe gegen Atalanta Bergamo, die bei Magenta Sport zu sehen sein wird &#8211; kein Wunder, schlie\u00dflich wird der &#8222;Effzeh&#8220; genau wie der FC Bayern von der Telekom gesponsert. Christian Stra\u00dfburger wird erneut kommentieren, neben Fabian Klos wird auch Neu-Fu\u00dfball-Rentner Mark Uth als Experte dabei sein, w\u00e4hrend Thomas Wagner die Moderation \u00fcbernimmt. Sonderbar ist jedoch, dass auch in der Konferenz der 3. Liga immer wieder nach M\u00fcngersdorf geschaltet werden soll, sobald das Spiel begonnen hat, wie bei &#8222;4zu3&#8220; angek\u00fcndigt.<\/p>\n\n\n\n<p>Die meisten Testspiele zeigt weiterhin Sky, die mit &#8222;sport.sky.de&#8220; gekennzeichneten Spiele (also hier alle) werden auch auf dem YouTube-Kanal von Sky Sport DE gestreamt und sind dort auch im Anschluss auch noch einmal relive ansehbar. DAZN zelebriert weiterhin den erstmaligen Einzug des HSV in den Kreis der von DAZN \u00fcbertragenen Vereine mit einem weiteren Testspiel, diesmal gegen den RCD Mallorca. Als der HSV zum bislang letzten Mal in der Bundesliga spielte, wurde diese noch \u00fcberwiegend bei Sky \u00fcbertragen, ausgenommen des Freitagsspiels bei Eurosport 2 Xtra.<\/p>\n\n\n\n<p>Am Montag wird noch ein kleines Update folgen, welches den UEFA Super Cup und noch ein paar weitere Spiele beinhalten wird.<\/p>\n\n\n\n<hr class=\"wp-block-separator has-alpha-channel-opacity\"\/>\n\n\n\n<p><strong>Hockey-EM in M\u00f6nchengladbach<\/strong> <strong>bei <mark style=\"background-color:rgba(0, 0, 0, 0)\" class=\"has-inline-color has-pale-pink-color\">Magenta Sport<\/mark><\/strong><\/p>\n\n\n\n<p>Die Hockey-Europameisterschaften der M\u00e4nner und der Frauen finden wie immer zeitgleich statt und machen wieder einmal in M\u00f6nchengladbach Station. Sie beginnen bereits am Freitag, den 8. August, und enden am Sonntag, den 17. August. Erstmals allerdings werden sie bei Magenta Sport \u00fcbertragen, wo zuletzt schon die FIH Pro League der M\u00e4nner und der Frauen zu sehen waren. Auf diese Weise sollen, anders als zuletzt bei ARD und ZDF, nicht nur die Spiele der deutschen Nationalteams \u00fcbertragen werden, sondern auch alle K.O.-Spiele. An ein Abo gebunden sind die \u00dcbertragungen nicht, anders als noch zu DAZN-Zeiten, in denen das deutsche M\u00e4nnerteam ausgerechnet seinen zuletzt gr\u00f6\u00dften Erfolg feiern konnte. Die Gruppenspiele der deutschen Teams wird allesamt <strong>Adrian von der Groeben<\/strong> kommentieren, der in der Vergangenheit auch schon f\u00fcr das ZDF und f\u00fcr DAZN Hockey-Turniere begleitet hat, anschlie\u00dfend wird auch <strong>Basti Schwele<\/strong> bei einigen K.O.-Partien im Einsatz sein. Beide sind feste Mitglieder des DEL-Teams von Magenta Sport, wobei von der Groeben selbst vom Feldhockey, Schwele hingegen vom Eishockey kommt. Als Experten werden die ehemaligen Nationalspieler:innen <strong>Anne Schr\u00f6der<\/strong>, <strong>Moritz Trompertz<\/strong>, <strong>Niklas Wellen<\/strong>, <strong>Florian Fuchs<\/strong>, <strong>Charlotte Stapenhorst<\/strong> und <strong>Janne M\u00fcller-Wieland<\/strong> im Einsatz sein &#8211; letztere kennt von der Groeben bereits vom ZDF. Der bekannteste aller Hockey-Kommentatoren, Christian &#8222;B\u00fcdi&#8220; Blunck, wurde hingegen nicht ber\u00fccksichtigt, nachdem er den gro\u00dfen Turnieren bislang zu Sportdigital, SPORT1, DAZN und zur ARD gefolgt war. Stattdessen wird er weiter f\u00fcr Sportdigital ausl\u00e4ndischen Fu\u00dfball kommentieren. Moderiert werden die Spiele von <strong>Simon K\u00f6pfer<\/strong> und <strong>Hans Finger<\/strong>, au\u00dferdem wird <strong>Lisa Ramuschkat<\/strong>, die fr\u00fcher in der Hockey-Bundesliga der Frauen spielte und auch schon einige Pro-League-Partien der &#8222;Danas&#8220; kommentieren durfte, Interviews f\u00fchren.<\/p>\n","protected":false},"excerpt":{"rendered":"<p>N&#8217;Abend allerseits, gerne h\u00e4tte ich den Beitrag sofort mit Blick auf die neue Situation bei den Bundesliga-Highlights begonnen, zun\u00e4chst muss ich allerdings erst einmal ein trauriges Thema ansprechen: Reporter-Legende UIrich &#8222;Ulli&#8220; Potofski, der Mann, der den Grundstein f\u00fcr Fu\u00dfball im TV abseits von ARD und ZDF gelegt hat und bis zuletzt noch regelm\u00e4\u00dfig f\u00fcr Sky [&hellip;]<\/p>\n","protected":false},"author":17,"featured_media":0,"comment_status":"open","ping_status":"open","sticky":false,"template":"","format":"standard","meta":{"footnotes":""},"categories":[424],"tags":[949,163,1089,1051,216,1060,263,1245,21,166,582,178,1194,256,57,35,1278,1355,1012,850,652,846,13,998,1017,580,1106,462,1212,695,148,89,420,120,295,842,844,849,104,945,25,211,92,1303,352,1168,405,123,723,347,1025,1036,1316,507,58,93,1354,489,59,91,1105,1069,676,1276,1022,1326,1243,837,526,9,1293,806,70,43,112,503,1052,67,250,722,95,649,847,130,1242,1213,449,17,593,1038,409,15,1238,1011,183,1041,848,1020,497,199,525,138,1348,12,222,1208,22,940,66,134,344,394,28,135,673,983,27,102,16,1215,33,838,395,1353,882,273,200,1244,1008,346,705,402,105,18,196],"class_list":["post-19465","post","type-post","status-publish","format-standard","hentry","category-bundesliga-und-co","tag-alexander-klich-2","tag-alexander-kuepper","tag-andreas-brandt","tag-andreas-herzog","tag-andreas-mann","tag-anne-hilt","tag-arne-malsch","tag-benjamin-vollmann","tag-benni-zander","tag-benny-lauth","tag-bernd-schmelzer","tag-br","tag-br24sport","tag-cedric-pick","tag-christian-blunck","tag-christian-strassburger","tag-claas-schoenfeld","tag-clark-senger","tag-constantin-eckner","tag-constanze-weiss","tag-daniel-flottmann","tag-david-eder","tag-dazn","tag-desiree-krause","tag-df1","tag-dominik-mueller","tag-edgar-endres","tag-eik-galley","tag-fabian-klos","tag-felix-kroos","tag-florian-koenig","tag-florian-schmidt-sommerfeld","tag-frank-grundhever","tag-franz-buechner","tag-freddy-harder","tag-gerfried-proell","tag-gerhard-krabath","tag-guido-friedrich","tag-hannes-herrmann","tag-hannes-jakobi","tag-hansi-kuepper","tag-hartmut-von-kameke","tag-heiko-mallwitz","tag-henry-nischan","tag-holger-speckhahn","tag-ina-kast","tag-jakob-vogel","tag-jan-luedeke","tag-jana-wosnitza","tag-joachim-hebel","tag-johannes-brandl","tag-johannes-huelstrung","tag-jonas-juetz","tag-jonathan-dreier","tag-joerg-steiger","tag-kai-dittmann","tag-kai-fedrau","tag-kamila-benschop","tag-karsten-linke","tag-karsten-petrzika","tag-kerry-hau","tag-kimberly-budinsky","tag-klaus-veltman","tag-leagues","tag-lisa-de-ruiter","tag-lisa-perstaller","tag-luca-kielhauser","tag-lukas-kohler","tag-lutz-lindemann","tag-magenta-sport","tag-malik-miles-fengler","tag-marc-rohde","tag-marcel-meinert","tag-marco-hagemann","tag-marcus-lindemann","tag-marcus-radefeld","tag-marko-stankovic","tag-markus-hoehner","tag-markus-othmer","tag-marlon-irlbacher","tag-martin-gross","tag-martin-hahn","tag-martin-konrad","tag-martin-piller","tag-marvin-domalewski","tag-marvin-scholz","tag-max-zielke","tag-mdr","tag-michael-bollenbacher","tag-michael-ganhoer","tag-mike-muenkel","tag-ndr","tag-nele-ocik","tag-noah-kersting","tag-oliver-forster","tag-ostsport-tv","tag-otto-rosenauer","tag-patrick-berger","tag-patrick-halatsch","tag-philipp-paternina","tag-rene-kindermann","tag-rtl","tag-ruhrsport-tv","tag-sascha-bandermann","tag-sebastian-kneissl","tag-servustv-on","tag-sky","tag-soeren-gonther","tag-sport1","tag-sportdigital-fussball","tag-sr","tag-stefan-fuckert","tag-stefan-hempel","tag-stefanie-blochwitz","tag-steven-ruprecht","tag-sven-lesser","tag-sven-schroeter","tag-sven-toellner","tag-swr","tag-thomas-silberberger","tag-thomas-wagner","tag-timo-schaefers","tag-tobi-schaefer","tag-tobias-kempe","tag-tobias-schweinsteiger","tag-tom-bartels","tag-tom-kirsten","tag-tom-ole-mink","tag-toni-mielke","tag-torsten-mattuschka","tag-torsten-pueschel","tag-ulf-kahmke","tag-uli-hebel","tag-wdr","tag-yannick-erkenbrecher"],"_links":{"self":[{"href":"http:\/\/kommentatorenblog.de\/index.php?rest_route=\/wp\/v2\/posts\/19465","targetHints":{"allow":["GET"]}}],"collection":[{"href":"http:\/\/kommentatorenblog.de\/index.php?rest_route=\/wp\/v2\/posts"}],"about":[{"href":"http:\/\/kommentatorenblog.de\/index.php?rest_route=\/wp\/v2\/types\/post"}],"author":[{"embeddable":true,"href":"http:\/\/kommentatorenblog.de\/index.php?rest_route=\/wp\/v2\/users\/17"}],"replies":[{"embeddable":true,"href":"http:\/\/kommentatorenblog.de\/index.php?rest_route=%2Fwp%2Fv2%2Fcomments&post=19465"}],"version-history":[{"count":59,"href":"http:\/\/kommentatorenblog.de\/index.php?rest_route=\/wp\/v2\/posts\/19465\/revisions"}],"predecessor-version":[{"id":22484,"href":"http:\/\/kommentatorenblog.de\/index.php?rest_route=\/wp\/v2\/posts\/19465\/revisions\/22484"}],"wp:attachment":[{"href":"http:\/\/kommentatorenblog.de\/index.php?rest_route=%2Fwp%2Fv2%2Fmedia&parent=19465"}],"wp:term":[{"taxonomy":"category","embeddable":true,"href":"http:\/\/kommentatorenblog.de\/index.php?rest_route=%2Fwp%2Fv2%2Fcategories&post=19465"},{"taxonomy":"post_tag","embeddable":true,"href":"http:\/\/kommentatorenblog.de\/index.php?rest_route=%2Fwp%2Fv2%2Ftags&post=19465"}],"curies":[{"name":"wp","href":"https:\/\/api.w.org\/{rel}","templated":true}]}}