{"id":1951,"date":"2020-04-02T06:57:52","date_gmt":"2020-04-02T06:57:52","guid":{"rendered":"https:\/\/kommentatorenblog.de\/?p=1951"},"modified":"2020-12-30T15:35:03","modified_gmt":"2020-12-30T15:35:03","slug":"1066-histooorische-sky-konferenz","status":"publish","type":"post","link":"http:\/\/kommentatorenblog.de\/?p=1951","title":{"rendered":"1066 \u2013 \u201ehisTOOORische Sky Konferenz\u201c"},"content":{"rendered":"\n<p>N\u00b4Abend allerseits, <\/p>\n\n\n\n<p>wir haben, trotz fehlendem Live-Fu\u00dfball, wieder Ansetzungen f\u00fcr euch.  Sky zeigt auf Basis des festgesetzten Spielplans an den kommenden Samstagen um 15.30 Uhr die besten Bundesliga-Partien der vergangenen Jahre in live produzierten Konferenzen. Der Sender aus Unterf\u00f6hring plant diese Art der Berichterstattung solange fortzusetzen, bis die Liga wieder ihren regelm\u00e4\u00dfigen Spielbetrieb aufnimmt. Die Idee hatte der ehemalige DFL-Gesch\u00e4ftsf\u00fchrer Andreas Rettig, der zuletzt im aktuellen Sportstudio und bei 100% Bundesliga zu Gast war. <\/p>\n\n\n\n<p>Zum Auftakt zeigt Sky an diesem Wochenende die Partien, die laut Spielplan der aktuellen Saison tats\u00e4chlich am Samstag, 4. April um 15.30 Uhr auf dem Programm gestanden h\u00e4tten \u2013 zusammengestellt aus den spektakul\u00e4rsten Spielen zwischen den jeweiligen Klubs in den vergangenen 20 Jahren. Grunds\u00e4tzlich wird Sky in den n\u00e4chsten Wochen vorher nicht mehr verraten, welche Einzelspiel-Klassiker ausgew\u00e4hlt worden sind. Spannung bis zum Ansto\u00df quasi garantiert. <\/p>\n\n\n\n<p>Im Anschluss gibt\u00b4s zudem einen historischen Topspiel-Klassiker &#8211; folglich diese Woche ein Duell zwischen Borussia Dortmund und dem FC Bayern M\u00fcnchen. Hier ist noch unklar, welche &#8222;alte&#8220; Begegnung gezeigt wird. Zwei Spiele stehen noch zur Auswahl. Samstagabend wissen wir mehr. <\/p>\n\n\n\n<p>Michael Leopold und Didi Hamann stimmen uns eine halbe Stunde vor Anpfiff auf die Konferenz ein. Im Anschluss wird Sky im Rahmen von \u201eAlle Spiele, alle Tore\u201c die Highlights des Spieltags zusammenfassen und jeweils eine fiktive Tabelle auf Basis der historischen Partien pr\u00e4sentieren. Toni Tomic, Jonas Friedrich, Kai Dittmann, Hansi K\u00fcpper und Roland Evers kommentieren live aus Unterf\u00f6hring. Kennern f\u00e4llt auf: Bayer, Born, Pfandt &amp; Co fehlen &#8211; Sky verzichtet auf Ansetzungen, die l\u00e4ngere und aufwendige Anreisen n\u00f6tig machen.  <\/p>\n\n\n\n<p>Die Rolle der Kommentatoren und Redakteure wirkt spannend. Wie bereitet sich ein Kommentator auf einen derartigen Einsatz vor? Wie wirkt der Kommentar auf die Zuschauer? Haben sich die &#8222;Konferenz-Redakteure&#8220; vorher notiert, wann die Tore (dieses Wochenende werden es \u00fcbrigens 27 sein) fallen? Fragen \u00fcber Fragen zu einem wilden Experiment. Wir schauen uns das Spektakel am Wochenende an und vielleicht h\u00f6ren wir uns n\u00e4chste Woche mal bei den handelnden Personen um. <\/p>\n\n\n\n<p>Die Auflistung der Partien mit dem jeweiligen Kommentator findet ihr unten &#8211; inklusive Angabe der Spielzeit. F\u00fcr die Spannung gibt\u00b4s das Ganze ohne Ergebnisse :). <\/p>\n\n\n\n<p>Zus\u00e4tzlich hat DAZN auch neu vertonte CL-Klassiker im Pogramm. <\/p>\n\n\n\n<p><strong><em>Die Ansetzungen vom 02. April 2020 bis 04. April 2020 <\/em><\/strong><\/p>\n\n\n\n<p><strong>Bundesliga<\/strong> <strong>\u2013<\/strong> <strong>\u201ehisTOOORische Sky Konferenz\u201c<\/strong> <\/p>\n\n\n\n<p><span style=\"text-decoration: underline;\">Samstag, 04. April 2020, ab 15.00 Uhr (Sky)<\/span><\/p>\n\n\n\n<p><strong><em>Bayer 04 Leverkusen \u2013 VfL Wolfsburg (2014\/15)<\/em><\/strong><\/p>\n\n\n\n<p>Sky: Kai Dittmann<\/p>\n\n\n\n<p><strong><em>RB Leipzig \u2013 Hertha BSC (2018\/19)<\/em><\/strong><\/p>\n\n\n\n<p>Sky: Toni Tomic<\/p>\n\n\n\n<p><strong><em>TSG 1899 Hoffenheim \u2013 1. FC K\u00f6ln (2017\/18)<\/em><\/strong><\/p>\n\n\n\n<p>Sky: Roland Evers<\/p>\n\n\n\n<p><strong><em>1. FC Union Berlin \u2013 1. FSV Mainz 05 (2001\/02)<\/em><\/strong><\/p>\n\n\n\n<p>Sky: Hansi K\u00fcpper <\/p>\n\n\n\n<p><strong><em>FC Augsburg \u2013 SC Paderborn (2014\/15)<\/em><\/strong><\/p>\n\n\n\n<p>Sky: Jonas Friedrich<\/p>\n\n\n\n<p>Moderation (Sky): Michael Leopold, Experte: Didi Hamann<\/p>\n\n\n\n<p><strong>Champions League &#8211; Klassiker<\/strong><\/p>\n\n\n\n<p><span style=\"text-decoration: underline;\">Donnerstag, 02. April 2020, ab 18.00 Uhr<\/span><\/p>\n\n\n\n<p><strong><em>Inter Mailand \u2013 FC Schalke 04 (2010\/11)<\/em><\/strong><\/p>\n\n\n\n<p>DAZN: Max Siebald, Experte: Sebastian Knei\u00dfl<\/p>\n\n\n\n<p><span style=\"text-decoration: underline;\">Samstag, 04. April 2020, ab 18.00 Uhr<\/span><\/p>\n\n\n\n<p><strong><em>Borussia Dortmund \u2013 FC Malaga (2012\/13)<\/em><\/strong><\/p>\n\n\n\n<p>DAZN: Alex Schl\u00fcter, Experte: Ilkay G\u00fcndogan <\/p>\n","protected":false},"excerpt":{"rendered":"<p>N\u00b4Abend allerseits, wir haben, trotz fehlendem Live-Fu\u00dfball, wieder Ansetzungen f\u00fcr euch. Sky zeigt auf Basis des festgesetzten Spielplans an den kommenden Samstagen um 15.30 Uhr die besten Bundesliga-Partien der vergangenen Jahre in live produzierten Konferenzen. Der Sender aus Unterf\u00f6hring plant diese Art der Berichterstattung solange fortzusetzen, bis die Liga wieder ihren regelm\u00e4\u00dfigen Spielbetrieb aufnimmt. Die [&hellip;]<\/p>\n","protected":false},"author":1,"featured_media":0,"comment_status":"open","ping_status":"open","sticky":false,"template":"","format":"standard","meta":{"footnotes":""},"categories":[429],"tags":[60,115,160,13,30,25,69,93,279,88,45,222,22,24],"class_list":["post-1951","post","type-post","status-publish","format-standard","hentry","category-diverses","tag-bundesliga","tag-1-bundesliga","tag-champions-league","tag-dazn","tag-didi-hamann","tag-hansi-kuepper","tag-jonas-friedrich","tag-kai-dittmann","tag-max-siebald","tag-michael-leopold","tag-roland-evers","tag-sebastian-kneissl","tag-sky","tag-toni-tomic"],"_links":{"self":[{"href":"http:\/\/kommentatorenblog.de\/index.php?rest_route=\/wp\/v2\/posts\/1951","targetHints":{"allow":["GET"]}}],"collection":[{"href":"http:\/\/kommentatorenblog.de\/index.php?rest_route=\/wp\/v2\/posts"}],"about":[{"href":"http:\/\/kommentatorenblog.de\/index.php?rest_route=\/wp\/v2\/types\/post"}],"author":[{"embeddable":true,"href":"http:\/\/kommentatorenblog.de\/index.php?rest_route=\/wp\/v2\/users\/1"}],"replies":[{"embeddable":true,"href":"http:\/\/kommentatorenblog.de\/index.php?rest_route=%2Fwp%2Fv2%2Fcomments&post=1951"}],"version-history":[{"count":21,"href":"http:\/\/kommentatorenblog.de\/index.php?rest_route=\/wp\/v2\/posts\/1951\/revisions"}],"predecessor-version":[{"id":1988,"href":"http:\/\/kommentatorenblog.de\/index.php?rest_route=\/wp\/v2\/posts\/1951\/revisions\/1988"}],"wp:attachment":[{"href":"http:\/\/kommentatorenblog.de\/index.php?rest_route=%2Fwp%2Fv2%2Fmedia&parent=1951"}],"wp:term":[{"taxonomy":"category","embeddable":true,"href":"http:\/\/kommentatorenblog.de\/index.php?rest_route=%2Fwp%2Fv2%2Fcategories&post=1951"},{"taxonomy":"post_tag","embeddable":true,"href":"http:\/\/kommentatorenblog.de\/index.php?rest_route=%2Fwp%2Fv2%2Ftags&post=1951"}],"curies":[{"name":"wp","href":"https:\/\/api.w.org\/{rel}","templated":true}]}}