{"id":19538,"date":"2024-11-05T00:31:45","date_gmt":"2024-11-04T22:31:45","guid":{"rendered":"https:\/\/kommentatorenblog.de\/?p=19538"},"modified":"2024-11-07T15:13:18","modified_gmt":"2024-11-07T13:13:18","slug":"1463-dreier-konferenz-bei-rtl","status":"publish","type":"post","link":"http:\/\/kommentatorenblog.de\/?p=19538","title":{"rendered":"1463 &#8211; Dreier-Konferenz bei RTL"},"content":{"rendered":"\n<p>N\u2019Abend allerseits,<\/p>\n\n\n\n<p>in einer Woche, die vornehmlich von politischen Themen gepr\u00e4gt sein wird, auf die wir allerdings kaum bis keinen Einfluss haben werden*, bietet der n\u00e4chste Spieltag der Europapokalwettbewerbe eine willkommene Ablenkung. Leverkusen muss bereits am Dienstag an der Anfield Road antreten, der FC Bayern steht am Mittwoch gegen Benfica Lissabon bereits unter Zugzwang.<\/p>\n\n\n\n<p>*(Kleine Klarstellung von Karl: meine Formulierung bezog sich auf die US-Wahl. Die Ereignisse in Deutschland waren zum Zeitpunkt des Textes noch nicht konkret absehbar.)<\/p>\n\n\n\n<p>Schauen wir mal dorthin, wo wir hier im Blog normalerweise nicht so stark ins Detail gehen: neben Alex Schl\u00fcter und Cayana Freeman hat Prime noch weitere Neuzug\u00e4nge verpflichtet, die allerdings erst nach Spielende zum Einsatz kommen und die Highlights der anderen Spiele vertonen, welche neben Prime auch auf YouTube verf\u00fcgbar sind. Bislang gaben dort Julian-Luca Sch\u00e4fer, Jarno Pusch, Peter Reichert und J\u00f6rg Steiger ihr Deb\u00fct in der neuen Saison. Au\u00dferdem wurde der vom WDR bekannte Andreas Kramer als weiterer Interviewer neben Jan Krebs bei Parallelspielen verpflichtet. Nicht mehr dabei ist Cornelius K\u00fcpper, der dienstags nun nahezu ausnahmslos bei den Aufzeichnungen der neuen Show von Stefan Raab bei RTL+ beteiligt ist.<\/p>\n\n\n\n<p>Wer kein Abonnement bei DAZN oder Prime hat, bekam in den vergangenen Jahren bei SPORT1 zwar keine Livebilder, aber fachkundige Gespr\u00e4che und Analysen im Fantalk parallel zur Champions League geboten. Trotz zuverl\u00e4ssig guter Quoten verschwand das Format zur neuen Saison zugunsten eines neuen Reality-Formats aus dem Programm, was naheliegenderweise f\u00fcr viel Kritik sorgte. Vor 2 Wochen gab es dann wieder 2 neue Ausgaben des Fantalks, allerdings in deutlich abgespeckter Form und ausschlie\u00dflich online. Die Resonanz hat offensichtlich nicht dazu gef\u00fchrt, dass man dieses Modell (regelm\u00e4\u00dfig) weiterverfolgt, in dieser Woche sucht man auf den Internetplattformen von SPORT1 wieder vergeblich nach Streams dieser Art. Grunds\u00e4tzlich scheint bei SPORT1 einiges auf der Kippe zu stehen, nachdem k\u00fcrzlich eine gr\u00f6\u00dfere Entlassungswelle angek\u00fcndigt wurde. Nachdem vor kurzem selbst die SPORT1-News f\u00fcr eine Fashion-Show mit Harald Gl\u00f6\u00f6ckler ins Netz verschoben wurden, stellt sich die Frage, ob SPORT1 wohl in Zukunft als Player in der Sportberichterstattung erhalten bleiben wird, zumindest entstand in den letzten Wochen nicht gerade der Eindruck, als ob der Sport noch Priorit\u00e4t im TV h\u00e4tte, jedenfalls unter der Woche. Richtungsweisend wird die Rechtevergabe der 2. Bundesliga sein, deren Topspiel f\u00fcr SPORT1 zuletzt eigentlich ein wichtiger Anker war.<\/p>\n\n\n\n<p>Das (vor\u00fcbergehende) Ende des Fantalks sorgte auch daf\u00fcr, dass von anderen Institutionen Alternativen entwickelt wurden. Die BILD sendete vor 2 Wochen erstmals den &#8222;Henkelpott-Talk&#8220;, u.a. mit Felix Magath, Markus Babbel und dem bereits erw\u00e4hnten Cornelius K\u00fcpper, der der Raab-Show und damit quasi sich selbst am Mittwochabend Konkurrenz machte. Ob weitere Ausgaben folgen werden, ist noch nicht bekannt, diese Woche gibt es jedenfalls noch keine Fortsetzung. Bereits in dieser Woche dehnt hingegen Sky sein Talkangebot aus: neben dem gewohnten &#8222;Triple&#8220;-Talk mit Riccardo Basile am Donnerstag wird in den CL-Wochen eine Live-Ausgabe am Mittwoch sowie eine &#8222;Primetime Spezial&#8220; genannte Variante, die im Wechsel von Mara Mones und Nele Ocik moderiert wird, am Dienstag hinzugef\u00fcgt. Beide Sendungen sind auch kostenfrei bei sport.sky.de und YouTube verf\u00fcgbar. Sie nehmen im Prinzip den Platz des vor 1 1\/2 Jahren eingestellten &#8222;Sky Corners&#8220; ein.<\/p>\n\n\n\n<p>Nun aber genug getalkt, werfen wir einen Blick auf das, was wirklich auf und neben dem Platz passiert:<\/p>\n\n\n\n<hr class=\"wp-block-separator\"\/>\n\n\n\n<p><strong>Die Ansetzungen vom 05. November 2024 bis 07. November 2024<\/strong><\/p>\n\n\n\n<hr class=\"wp-block-separator is-style-default\"\/>\n\n\n\n<p><strong>UEFA Champions League, Ligaphase, 4. Spieltag (DAZN\/Prime)<\/strong><\/p>\n\n\n\n<p><span style=\"text-decoration: underline;\">Dienstag, 05. November 2024, ab 18.15 Uhr (DAZN)<\/span> <\/p>\n\n\n\n<p><strong style=\"font-style: italic;\">Slovan Bratislava \u2013 Dinamo Zagreb<\/strong><em><strong> (<\/strong><\/em><em><strong>18.45 Uhr)<\/strong><\/em><br><img loading=\"lazy\" decoding=\"async\" width=\"10\" height=\"21\" class=\"wp-image-3656\" style=\"width: 10px;\" src=\"http:\/\/kommentatorenblog.de\/wp-content\/uploads\/2020\/09\/shure-55sh-ii-e1601485394796.jpg\" alt=\"\" srcset=\"http:\/\/kommentatorenblog.de\/wp-content\/uploads\/2020\/09\/shure-55sh-ii-e1601485394796.jpg 415w, http:\/\/kommentatorenblog.de\/wp-content\/uploads\/2020\/09\/shure-55sh-ii-e1601485394796-142x300.jpg 142w\" sizes=\"auto, (max-width: 10px) 100vw, 10px\" \/> Uwe Morawe (Einzelspiel), Christoph Stadtler (Konferenz)<\/p>\n\n\n\n<p><strong style=\"font-style: italic;\">PSV Eindhoven \u2013 FC Girona<\/strong><em><strong> (<\/strong><\/em><em><strong>18.45 Uhr)<\/strong><\/em><br><img loading=\"lazy\" decoding=\"async\" width=\"10\" height=\"21\" class=\"wp-image-3656\" style=\"width: 10px;\" src=\"http:\/\/kommentatorenblog.de\/wp-content\/uploads\/2020\/09\/shure-55sh-ii-e1601485394796.jpg\" alt=\"\" srcset=\"http:\/\/kommentatorenblog.de\/wp-content\/uploads\/2020\/09\/shure-55sh-ii-e1601485394796.jpg 415w, http:\/\/kommentatorenblog.de\/wp-content\/uploads\/2020\/09\/shure-55sh-ii-e1601485394796-142x300.jpg 142w\" sizes=\"auto, (max-width: 10px) 100vw, 10px\" \/> David Ploch (Einzelspiel), Julian Engelhard (Konferenz)<\/p>\n\n\n\n<p><span style=\"text-decoration: underline;\">ab 20.00 Uhr (Prime)<\/span> <\/p>\n\n\n\n<p><em><strong>FC Liverpool \u2013 Bayer 04 Leverkusen (21.00 Uhr)<\/strong><\/em><br><img loading=\"lazy\" decoding=\"async\" width=\"10\" height=\"21\" class=\"wp-image-3656\" style=\"width: 10px;\" src=\"http:\/\/kommentatorenblog.de\/wp-content\/uploads\/2020\/09\/shure-55sh-ii-e1601485394796.jpg\" alt=\"\" srcset=\"http:\/\/kommentatorenblog.de\/wp-content\/uploads\/2020\/09\/shure-55sh-ii-e1601485394796.jpg 415w, http:\/\/kommentatorenblog.de\/wp-content\/uploads\/2020\/09\/shure-55sh-ii-e1601485394796-142x300.jpg 142w\" sizes=\"auto, (max-width: 10px) 100vw, 10px\" \/> Jonas Friedrich, Experte: Benedikt H\u00f6wedes<br>Field-Reporter:innen: Cayana Freeman &amp; <s>Sebastian Benesch<\/s> Nikolas Schmitz<br>Moderation: Alex Schl\u00fcter, Expert:innen: Christoph Kramer, Josephine Henning &amp; Benedikt H\u00f6wedes, Schiedsrichter-Experte: Lutz Wagner<\/p>\n\n\n\n<p><span style=\"text-decoration: underline;\">ab 20.00 Uhr (DAZN)<\/span> <\/p>\n\n\n\n<p><em><strong><strong><em>Borussia Dortmund \u2013 Sturm Graz <\/em><\/strong>(21.00 Uhr)<\/strong><\/em><br><img loading=\"lazy\" decoding=\"async\" width=\"10\" height=\"21\" class=\"wp-image-3656\" style=\"width: 10px;\" src=\"http:\/\/kommentatorenblog.de\/wp-content\/uploads\/2020\/09\/shure-55sh-ii-e1601485394796.jpg\" alt=\"\" srcset=\"http:\/\/kommentatorenblog.de\/wp-content\/uploads\/2020\/09\/shure-55sh-ii-e1601485394796.jpg 415w, http:\/\/kommentatorenblog.de\/wp-content\/uploads\/2020\/09\/shure-55sh-ii-e1601485394796-142x300.jpg 142w\" sizes=\"auto, (max-width: 10px) 100vw, 10px\" \/> Lukas Sch\u00f6nm\u00fcller, Experte: Tobias Schweinsteiger (Einzelspiel), Jan Platte (Konferenz)<br>Moderation: Daniel Herzog, Field-Reporterin: Ann-Sophie Kimmel<\/p>\n\n\n\n<p><em><strong><strong><em>Celtic Glasgow \u2013 RB Leipzig <\/em><\/strong>(21.00 Uhr)<\/strong><\/em><br><img loading=\"lazy\" decoding=\"async\" width=\"10\" height=\"21\" class=\"wp-image-3656\" style=\"width: 10px;\" src=\"http:\/\/kommentatorenblog.de\/wp-content\/uploads\/2020\/09\/shure-55sh-ii-e1601485394796.jpg\" alt=\"\" srcset=\"http:\/\/kommentatorenblog.de\/wp-content\/uploads\/2020\/09\/shure-55sh-ii-e1601485394796.jpg 415w, http:\/\/kommentatorenblog.de\/wp-content\/uploads\/2020\/09\/shure-55sh-ii-e1601485394796-142x300.jpg 142w\" sizes=\"auto, (max-width: 10px) 100vw, 10px\" \/> Freddy Harder, Experte: Sebastian Knei\u00dfl (Einzelspiel), Tom Kirsten (Konferenz)<br>Field-Reporter: Mario Rieker<\/p>\n\n\n\n<p><span style=\"text-decoration: underline;\">ab 20.45 Uhr (DAZN)<\/span> <\/p>\n\n\n\n<p><em><strong>Real Madrid \u2013 AC Mailand (21.00 Uhr)<\/strong><\/em><br><img loading=\"lazy\" decoding=\"async\" width=\"10\" height=\"21\" class=\"wp-image-3656\" style=\"width: 10px;\" src=\"http:\/\/kommentatorenblog.de\/wp-content\/uploads\/2020\/09\/shure-55sh-ii-e1601485394796.jpg\" alt=\"\" srcset=\"http:\/\/kommentatorenblog.de\/wp-content\/uploads\/2020\/09\/shure-55sh-ii-e1601485394796.jpg 415w, http:\/\/kommentatorenblog.de\/wp-content\/uploads\/2020\/09\/shure-55sh-ii-e1601485394796-142x300.jpg 142w\" sizes=\"auto, (max-width: 10px) 100vw, 10px\" \/> Nico Seepe (Einzelspiel), Michael Born (Konferenz)<\/p>\n\n\n\n<p><em><strong>Sporting Lissabon \u2013 Manchester City (21.00 Uhr)<\/strong><\/em><br><img loading=\"lazy\" decoding=\"async\" width=\"10\" height=\"21\" class=\"wp-image-3656\" style=\"width: 10px;\" src=\"http:\/\/kommentatorenblog.de\/wp-content\/uploads\/2020\/09\/shure-55sh-ii-e1601485394796.jpg\" alt=\"\" srcset=\"http:\/\/kommentatorenblog.de\/wp-content\/uploads\/2020\/09\/shure-55sh-ii-e1601485394796.jpg 415w, http:\/\/kommentatorenblog.de\/wp-content\/uploads\/2020\/09\/shure-55sh-ii-e1601485394796-142x300.jpg 142w\" sizes=\"auto, (max-width: 10px) 100vw, 10px\" \/> Chris Putz (Einzelspiel), Flo Hauser (Konferenz)<\/p>\n\n\n\n<p><em><strong>OSC Lille \u2013 Juventus Turin (21.00 Uhr)<\/strong><\/em><br><img loading=\"lazy\" decoding=\"async\" width=\"10\" height=\"21\" class=\"wp-image-3656\" style=\"width: 10px;\" src=\"http:\/\/kommentatorenblog.de\/wp-content\/uploads\/2020\/09\/shure-55sh-ii-e1601485394796.jpg\" alt=\"\" srcset=\"http:\/\/kommentatorenblog.de\/wp-content\/uploads\/2020\/09\/shure-55sh-ii-e1601485394796.jpg 415w, http:\/\/kommentatorenblog.de\/wp-content\/uploads\/2020\/09\/shure-55sh-ii-e1601485394796-142x300.jpg 142w\" sizes=\"auto, (max-width: 10px) 100vw, 10px\" \/> Marcel Seufert (Einzelspiel), Freddie Schulz (Konferenz)<\/p>\n\n\n\n<p><em><strong>FC Bologna \u2013 AS Monaco (21.00 Uhr)<\/strong><\/em><br><img loading=\"lazy\" decoding=\"async\" width=\"10\" height=\"21\" class=\"wp-image-3656\" style=\"width: 10px;\" src=\"http:\/\/kommentatorenblog.de\/wp-content\/uploads\/2020\/09\/shure-55sh-ii-e1601485394796.jpg\" alt=\"\" srcset=\"http:\/\/kommentatorenblog.de\/wp-content\/uploads\/2020\/09\/shure-55sh-ii-e1601485394796.jpg 415w, http:\/\/kommentatorenblog.de\/wp-content\/uploads\/2020\/09\/shure-55sh-ii-e1601485394796-142x300.jpg 142w\" sizes=\"auto, (max-width: 10px) 100vw, 10px\" \/> Carsten Fu\u00df (Einzelspiel), Christina Rann (Konferenz)<\/p>\n\n\n\n<p><span style=\"text-decoration: underline;\">Mittwoch, 06. November 2024, ab 18.15 Uhr (DAZN)<\/span> <\/p>\n\n\n\n<p><strong style=\"font-style: italic;\">Shakhtar Donetsk \u2013 Young Boys Bern<\/strong><em><strong> (18.45 Uhr)<\/strong><\/em><br><img loading=\"lazy\" decoding=\"async\" width=\"10\" height=\"21\" class=\"wp-image-3656\" style=\"width: 10px;\" src=\"http:\/\/kommentatorenblog.de\/wp-content\/uploads\/2020\/09\/shure-55sh-ii-e1601485394796.jpg\" alt=\"\" srcset=\"http:\/\/kommentatorenblog.de\/wp-content\/uploads\/2020\/09\/shure-55sh-ii-e1601485394796.jpg 415w, http:\/\/kommentatorenblog.de\/wp-content\/uploads\/2020\/09\/shure-55sh-ii-e1601485394796-142x300.jpg 142w\" sizes=\"auto, (max-width: 10px) 100vw, 10px\" \/> Uwe Morawe (Einzelspiel), Julian Engelhard (Konferenz)<\/p>\n\n\n\n<p><strong style=\"font-style: italic;\">Club Br\u00fcgge \u2013 Aston Villa<\/strong><em><strong> (18.45 Uhr)<\/strong><\/em><br><img loading=\"lazy\" decoding=\"async\" width=\"10\" height=\"21\" class=\"wp-image-3656\" style=\"width: 10px;\" src=\"http:\/\/kommentatorenblog.de\/wp-content\/uploads\/2020\/09\/shure-55sh-ii-e1601485394796.jpg\" alt=\"\" srcset=\"http:\/\/kommentatorenblog.de\/wp-content\/uploads\/2020\/09\/shure-55sh-ii-e1601485394796.jpg 415w, http:\/\/kommentatorenblog.de\/wp-content\/uploads\/2020\/09\/shure-55sh-ii-e1601485394796-142x300.jpg 142w\" sizes=\"auto, (max-width: 10px) 100vw, 10px\" \/> Joachim Hebel (Einzelspiel), Chris Putz (Konferenz)<\/p>\n\n\n\n<p><span style=\"text-decoration: underline;\">ab 20.00 Uhr (DAZN)<\/span> <\/p>\n\n\n\n<p><em><strong>FC Bayern M\u00fcnchen \u2013 Benfica Lissabon (<s>21.00<\/s>  21.15 Uhr)<\/strong><\/em><br><img loading=\"lazy\" decoding=\"async\" width=\"10\" height=\"21\" class=\"wp-image-3656\" style=\"width: 10px;\" src=\"http:\/\/kommentatorenblog.de\/wp-content\/uploads\/2020\/09\/shure-55sh-ii-e1601485394796.jpg\" alt=\"\" srcset=\"http:\/\/kommentatorenblog.de\/wp-content\/uploads\/2020\/09\/shure-55sh-ii-e1601485394796.jpg 415w, http:\/\/kommentatorenblog.de\/wp-content\/uploads\/2020\/09\/shure-55sh-ii-e1601485394796-142x300.jpg 142w\" sizes=\"auto, (max-width: 10px) 100vw, 10px\" \/> Max Siebald, Experte: Michael Ballack (Einzelspiel), Nico Seepe (Konferenz)<br>Moderation: Laura Wontorra, Field-Reporter: Marco Hagemann<\/p>\n\n\n\n<p><em><strong>VfB Stuttgart \u2013 Atalanta Bergamo (21.00 Uhr)<\/strong><\/em><br><img loading=\"lazy\" decoding=\"async\" width=\"10\" height=\"21\" class=\"wp-image-3656\" style=\"width: 10px;\" src=\"http:\/\/kommentatorenblog.de\/wp-content\/uploads\/2020\/09\/shure-55sh-ii-e1601485394796.jpg\" alt=\"\" srcset=\"http:\/\/kommentatorenblog.de\/wp-content\/uploads\/2020\/09\/shure-55sh-ii-e1601485394796.jpg 415w, http:\/\/kommentatorenblog.de\/wp-content\/uploads\/2020\/09\/shure-55sh-ii-e1601485394796-142x300.jpg 142w\" sizes=\"auto, (max-width: 10px) 100vw, 10px\" \/> Max Gross, Experte: Sascha Bigalke (Einzelspiel), Michael Born (Konferenz)<br>Field-Reporterin: Christina Rann<\/p>\n\n\n\n<p><span style=\"text-decoration: underline;\">ab 20.45 Uhr (DAZN)<\/span> <\/p>\n\n\n\n<p><em><strong>Inter Mailand \u2013 FC Arsenal (21.00 Uhr)<\/strong><\/em><br><img loading=\"lazy\" decoding=\"async\" width=\"10\" height=\"21\" class=\"wp-image-3656\" style=\"width: 10px;\" src=\"http:\/\/kommentatorenblog.de\/wp-content\/uploads\/2020\/09\/shure-55sh-ii-e1601485394796.jpg\" alt=\"\" srcset=\"http:\/\/kommentatorenblog.de\/wp-content\/uploads\/2020\/09\/shure-55sh-ii-e1601485394796.jpg 415w, http:\/\/kommentatorenblog.de\/wp-content\/uploads\/2020\/09\/shure-55sh-ii-e1601485394796-142x300.jpg 142w\" sizes=\"auto, (max-width: 10px) 100vw, 10px\" \/> Uli Hebel (Einzelspiel), Mario Rieker (Konferenz)<\/p>\n\n\n\n<p><em><strong>Feyenoord Rotterdam \u2013 FC Salzburg (21.00 Uhr)<\/strong><\/em><br><img loading=\"lazy\" decoding=\"async\" width=\"10\" height=\"21\" class=\"wp-image-3656\" style=\"width: 10px;\" src=\"http:\/\/kommentatorenblog.de\/wp-content\/uploads\/2020\/09\/shure-55sh-ii-e1601485394796.jpg\" alt=\"\" srcset=\"http:\/\/kommentatorenblog.de\/wp-content\/uploads\/2020\/09\/shure-55sh-ii-e1601485394796.jpg 415w, http:\/\/kommentatorenblog.de\/wp-content\/uploads\/2020\/09\/shure-55sh-ii-e1601485394796-142x300.jpg 142w\" sizes=\"auto, (max-width: 10px) 100vw, 10px\" \/> Adrian Geiler (Einzelspiel), Freddy Harder (Konferenz)<\/p>\n\n\n\n<p><em><strong>Paris Saint-Germain \u2013 Atl\u00e9tico Madrid (21.00 Uhr)<\/strong><\/em><br><img loading=\"lazy\" decoding=\"async\" width=\"10\" height=\"21\" class=\"wp-image-3656\" style=\"width: 10px;\" src=\"http:\/\/kommentatorenblog.de\/wp-content\/uploads\/2020\/09\/shure-55sh-ii-e1601485394796.jpg\" alt=\"\" srcset=\"http:\/\/kommentatorenblog.de\/wp-content\/uploads\/2020\/09\/shure-55sh-ii-e1601485394796.jpg 415w, http:\/\/kommentatorenblog.de\/wp-content\/uploads\/2020\/09\/shure-55sh-ii-e1601485394796-142x300.jpg 142w\" sizes=\"auto, (max-width: 10px) 100vw, 10px\" \/> Tom Kirsten (Einzelspiel), Marcel Seufert (Konferenz)<\/p>\n\n\n\n<p><em><strong>Roter Stern Belgrad \u2013 FC Barcelona (21.00 Uhr)<\/strong><\/em><br><img loading=\"lazy\" decoding=\"async\" width=\"10\" height=\"21\" class=\"wp-image-3656\" style=\"width: 10px;\" src=\"http:\/\/kommentatorenblog.de\/wp-content\/uploads\/2020\/09\/shure-55sh-ii-e1601485394796.jpg\" alt=\"\" srcset=\"http:\/\/kommentatorenblog.de\/wp-content\/uploads\/2020\/09\/shure-55sh-ii-e1601485394796.jpg 415w, http:\/\/kommentatorenblog.de\/wp-content\/uploads\/2020\/09\/shure-55sh-ii-e1601485394796-142x300.jpg 142w\" sizes=\"auto, (max-width: 10px) 100vw, 10px\" \/> Jan Platte (Einzelspiel), David Ploch (Konferenz)<\/p>\n\n\n\n<p><em><strong>Sparta Prag \u2013 Stade Brest (21.00 Uhr)<\/strong><\/em><br><img loading=\"lazy\" decoding=\"async\" width=\"10\" height=\"21\" class=\"wp-image-3656\" style=\"width: 10px;\" src=\"http:\/\/kommentatorenblog.de\/wp-content\/uploads\/2020\/09\/shure-55sh-ii-e1601485394796.jpg\" alt=\"\" srcset=\"http:\/\/kommentatorenblog.de\/wp-content\/uploads\/2020\/09\/shure-55sh-ii-e1601485394796.jpg 415w, http:\/\/kommentatorenblog.de\/wp-content\/uploads\/2020\/09\/shure-55sh-ii-e1601485394796-142x300.jpg 142w\" sizes=\"auto, (max-width: 10px) 100vw, 10px\" \/> Matthias Naebers (Einzelspiel), Flo Hauser (Konferenz)<\/p>\n\n\n\n<hr class=\"wp-block-separator\"\/>\n\n\n\n<p><strong>UEFA Europa League &amp; UEFA Conference League, Ligaphase, 4. &amp; 3. Spieltag (RTL\/RTL+)<\/strong><\/p>\n\n\n\n<p><span style=\"text-decoration: underline;\">Mittwoch, 05. November 2024, ab 16.25 Uhr (RTL+)<\/span><\/p>\n\n\n\n<p><em><strong>Besiktas Instanbul \u2013 Malm\u00f6 FF (16.30 Uhr)<\/strong><\/em><br><img loading=\"lazy\" decoding=\"async\" width=\"10\" height=\"21\" class=\"wp-image-3656\" style=\"width: 10px;\" src=\"http:\/\/kommentatorenblog.de\/wp-content\/uploads\/2020\/09\/shure-55sh-ii-e1601485394796.jpg\" alt=\"\" srcset=\"http:\/\/kommentatorenblog.de\/wp-content\/uploads\/2020\/09\/shure-55sh-ii-e1601485394796.jpg 415w, http:\/\/kommentatorenblog.de\/wp-content\/uploads\/2020\/09\/shure-55sh-ii-e1601485394796-142x300.jpg 142w\" sizes=\"auto, (max-width: 10px) 100vw, 10px\" \/> Philip Konrad<\/p>\n\n\n\n<p><span style=\"text-decoration: underline;\">Donnerstag, 06. November 2024, ab 18.15 Uhr (RTL+)<\/span><\/p>\n\n\n\n<p><em><strong>Eintracht Frankfurt \u2013 Slavia Prag<\/strong><\/em> <em><strong>(18.45 Uhr)<\/strong><\/em><br><img loading=\"lazy\" decoding=\"async\" width=\"10\" height=\"21\" class=\"wp-image-3656\" style=\"width: 10px;\" src=\"http:\/\/kommentatorenblog.de\/wp-content\/uploads\/2020\/09\/shure-55sh-ii-e1601485394796.jpg\" alt=\"\" srcset=\"http:\/\/kommentatorenblog.de\/wp-content\/uploads\/2020\/09\/shure-55sh-ii-e1601485394796.jpg 415w, http:\/\/kommentatorenblog.de\/wp-content\/uploads\/2020\/09\/shure-55sh-ii-e1601485394796-142x300.jpg 142w\" sizes=\"auto, (max-width: 10px) 100vw, 10px\" \/> Robby Hunke, Experte: Nils Petersen (Einzelspiel), Klaus Veltman (Konferenz)<br>Field-Reporter: Thomas Wagner<\/p>\n\n\n\n<p><em><strong>Galatasaray Istanbul&nbsp; &#8211; Tottenham Hotspur (18.45 Uhr)<\/strong><\/em><br><img loading=\"lazy\" decoding=\"async\" width=\"10\" height=\"21\" class=\"wp-image-3656\" style=\"width: 10px;\" src=\"http:\/\/kommentatorenblog.de\/wp-content\/uploads\/2020\/09\/shure-55sh-ii-e1601485394796.jpg\" alt=\"\" srcset=\"http:\/\/kommentatorenblog.de\/wp-content\/uploads\/2020\/09\/shure-55sh-ii-e1601485394796.jpg 415w, http:\/\/kommentatorenblog.de\/wp-content\/uploads\/2020\/09\/shure-55sh-ii-e1601485394796-142x300.jpg 142w\" sizes=\"auto, (max-width: 10px) 100vw, 10px\" \/> Rene Langhoff (Einzelspiel), Peter Reichert (Konferenz)<\/p>\n\n\n\n<p><em><strong>Union Saint-Gilloise \u2013 AS Rom (18.45 Uhr)<\/strong><\/em><br><img loading=\"lazy\" decoding=\"async\" width=\"10\" height=\"21\" class=\"wp-image-3656\" style=\"width: 10px;\" src=\"http:\/\/kommentatorenblog.de\/wp-content\/uploads\/2020\/09\/shure-55sh-ii-e1601485394796.jpg\" alt=\"\" srcset=\"http:\/\/kommentatorenblog.de\/wp-content\/uploads\/2020\/09\/shure-55sh-ii-e1601485394796.jpg 415w, http:\/\/kommentatorenblog.de\/wp-content\/uploads\/2020\/09\/shure-55sh-ii-e1601485394796-142x300.jpg 142w\" sizes=\"auto, (max-width: 10px) 100vw, 10px\" \/> Constantin Eckner (Einzelspiel), Alexander Klich (Konferenz)<\/p>\n\n\n\n<p><span style=\"text-decoration: underline;\">ab 18.15 Uhr (RTL+) bzw. ab 18.35 Uhr (Sky)<\/span><\/p>\n\n\n\n<p><em><strong>Olympiakos Pir\u00e4us \u2013 Glasgow Rangers (18.45 Uhr)<\/strong><\/em><br><img loading=\"lazy\" decoding=\"async\" width=\"10\" height=\"21\" class=\"wp-image-3656\" style=\"width: 10px;\" src=\"http:\/\/kommentatorenblog.de\/wp-content\/uploads\/2020\/09\/shure-55sh-ii-e1601485394796.jpg\" alt=\"\" srcset=\"http:\/\/kommentatorenblog.de\/wp-content\/uploads\/2020\/09\/shure-55sh-ii-e1601485394796.jpg 415w, http:\/\/kommentatorenblog.de\/wp-content\/uploads\/2020\/09\/shure-55sh-ii-e1601485394796-142x300.jpg 142w\" sizes=\"auto, (max-width: 10px) 100vw, 10px\" \/> RTL+\/Sky: Alexander K\u00fcpper (Einzelspiel)<br><img loading=\"lazy\" decoding=\"async\" width=\"10\" height=\"21\" class=\"wp-image-3656\" style=\"width: 10px;\" src=\"http:\/\/kommentatorenblog.de\/wp-content\/uploads\/2020\/09\/shure-55sh-ii-e1601485394796.jpg\" alt=\"\" srcset=\"http:\/\/kommentatorenblog.de\/wp-content\/uploads\/2020\/09\/shure-55sh-ii-e1601485394796.jpg 415w, http:\/\/kommentatorenblog.de\/wp-content\/uploads\/2020\/09\/shure-55sh-ii-e1601485394796-142x300.jpg 142w\" sizes=\"auto, (max-width: 10px) 100vw, 10px\" \/> RTL+: Tim Hemmrich (Konferenz)<\/p>\n\n\n\n<p><span style=\"text-decoration: underline;\"><span style=\"text-decoration: underline;\">ab <s>20.15<\/s> 20.45 Uhr (RTL) bzw. ab 20.40 Uhr (RTL+)<\/span> <\/span><\/p>\n\n\n\n<p><em><strong>TSG 1899 Hoffenheim \u2013 Olympique Lyon (21.00 Uhr)<\/strong><\/em><br><img loading=\"lazy\" decoding=\"async\" width=\"10\" height=\"21\" class=\"wp-image-3656\" style=\"width: 10px;\" src=\"http:\/\/kommentatorenblog.de\/wp-content\/uploads\/2020\/09\/shure-55sh-ii-e1601485394796.jpg\" alt=\"\" srcset=\"http:\/\/kommentatorenblog.de\/wp-content\/uploads\/2020\/09\/shure-55sh-ii-e1601485394796.jpg 415w, http:\/\/kommentatorenblog.de\/wp-content\/uploads\/2020\/09\/shure-55sh-ii-e1601485394796-142x300.jpg 142w\" sizes=\"auto, (max-width: 10px) 100vw, 10px\" \/> RTL: Marco Hagemann, Experte: Lothar Matth\u00e4us (FreeTV-Konferenz)<br><img loading=\"lazy\" decoding=\"async\" width=\"10\" height=\"21\" class=\"wp-image-3656\" style=\"width: 10px;\" src=\"http:\/\/kommentatorenblog.de\/wp-content\/uploads\/2020\/09\/shure-55sh-ii-e1601485394796.jpg\" alt=\"\" srcset=\"http:\/\/kommentatorenblog.de\/wp-content\/uploads\/2020\/09\/shure-55sh-ii-e1601485394796.jpg 415w, http:\/\/kommentatorenblog.de\/wp-content\/uploads\/2020\/09\/shure-55sh-ii-e1601485394796-142x300.jpg 142w\" sizes=\"auto, (max-width: 10px) 100vw, 10px\" \/> RTL+: Stefan Galler (Einzelspiel), J\u00fcrgen Schmitz (Konferenz)<br>Field-Reporter: Felix G\u00f6rner &amp; Christoph K\u00fcppers<\/p>\n\n\n\n<p><em><strong>Heart of Midlothian &#8211; 1. FC Heidenheim<\/strong><\/em> <em><strong>(21.00 Uhr)<\/strong><\/em><br><img loading=\"lazy\" decoding=\"async\" width=\"10\" height=\"21\" class=\"wp-image-3656\" style=\"width: 10px;\" src=\"http:\/\/kommentatorenblog.de\/wp-content\/uploads\/2020\/09\/shure-55sh-ii-e1601485394796.jpg\" alt=\"\" srcset=\"http:\/\/kommentatorenblog.de\/wp-content\/uploads\/2020\/09\/shure-55sh-ii-e1601485394796.jpg 415w, http:\/\/kommentatorenblog.de\/wp-content\/uploads\/2020\/09\/shure-55sh-ii-e1601485394796-142x300.jpg 142w\" sizes=\"auto, (max-width: 10px) 100vw, 10px\" \/> RTL: Cornelius K\u00fcpper (FreeTV-Konferenz)<br><img loading=\"lazy\" decoding=\"async\" width=\"10\" height=\"21\" class=\"wp-image-3656\" style=\"width: 10px;\" src=\"http:\/\/kommentatorenblog.de\/wp-content\/uploads\/2020\/09\/shure-55sh-ii-e1601485394796.jpg\" alt=\"\" srcset=\"http:\/\/kommentatorenblog.de\/wp-content\/uploads\/2020\/09\/shure-55sh-ii-e1601485394796.jpg 415w, http:\/\/kommentatorenblog.de\/wp-content\/uploads\/2020\/09\/shure-55sh-ii-e1601485394796-142x300.jpg 142w\" sizes=\"auto, (max-width: 10px) 100vw, 10px\" \/> RTL+: Oliver Seidler (Einzelspiel), Freddie Schulz (Konferenz)<br>Field-Reporter: Jonas Gerdes<\/p>\n\n\n\n<p><span style=\"text-decoration: underline;\">ab <s>20.15<\/s> 20.40 Uhr (RTL) \/ ab 20.40 Uhr (RTL+) bzw. ab 20.50 Uhr (Sky)<\/span><\/p>\n\n\n\n<p><em><strong>Manchester United &#8211; PAOK Saloniki<\/strong><\/em> <em><strong>(21.00 Uhr)<\/strong><\/em><br><img loading=\"lazy\" decoding=\"async\" width=\"10\" height=\"21\" class=\"wp-image-3656\" style=\"width: 10px;\" src=\"http:\/\/kommentatorenblog.de\/wp-content\/uploads\/2020\/09\/shure-55sh-ii-e1601485394796.jpg\" alt=\"\" srcset=\"http:\/\/kommentatorenblog.de\/wp-content\/uploads\/2020\/09\/shure-55sh-ii-e1601485394796.jpg 415w, http:\/\/kommentatorenblog.de\/wp-content\/uploads\/2020\/09\/shure-55sh-ii-e1601485394796-142x300.jpg 142w\" sizes=\"auto, (max-width: 10px) 100vw, 10px\" \/> RTL: Christian Stra\u00dfburger (FreeTV-Konferenz)<br><img loading=\"lazy\" decoding=\"async\" width=\"10\" height=\"21\" class=\"wp-image-3656\" style=\"width: 10px;\" src=\"http:\/\/kommentatorenblog.de\/wp-content\/uploads\/2020\/09\/shure-55sh-ii-e1601485394796.jpg\" alt=\"\" srcset=\"http:\/\/kommentatorenblog.de\/wp-content\/uploads\/2020\/09\/shure-55sh-ii-e1601485394796.jpg 415w, http:\/\/kommentatorenblog.de\/wp-content\/uploads\/2020\/09\/shure-55sh-ii-e1601485394796-142x300.jpg 142w\" sizes=\"auto, (max-width: 10px) 100vw, 10px\" \/> RTL+\/Sky: Christoph Stadtler (Einzelspiel)<br><img loading=\"lazy\" decoding=\"async\" width=\"10\" height=\"21\" class=\"wp-image-3656\" style=\"width: 10px;\" src=\"http:\/\/kommentatorenblog.de\/wp-content\/uploads\/2020\/09\/shure-55sh-ii-e1601485394796.jpg\" alt=\"\" srcset=\"http:\/\/kommentatorenblog.de\/wp-content\/uploads\/2020\/09\/shure-55sh-ii-e1601485394796.jpg 415w, http:\/\/kommentatorenblog.de\/wp-content\/uploads\/2020\/09\/shure-55sh-ii-e1601485394796-142x300.jpg 142w\" sizes=\"auto, (max-width: 10px) 100vw, 10px\" \/> RTL+: Michael Born (Konferenz)<\/p>\n\n\n\n<p>Moderation (RTL) (aus Sinsheim): Laura Papendick<\/p>\n\n\n\n<p><span style=\"text-decoration: underline;\"><span style=\"text-decoration: underline;\">ab 20.40 Uhr (RTL+)<\/span> <\/span><\/p>\n\n\n\n<p><em><strong>AZ Alkmaar \u2013 Fenerbahce Istanbul<\/strong><\/em> <em><strong>(21.00 Uhr)<\/strong><\/em><br><img loading=\"lazy\" decoding=\"async\" width=\"10\" height=\"21\" class=\"wp-image-3656\" style=\"width: 10px;\" src=\"http:\/\/kommentatorenblog.de\/wp-content\/uploads\/2020\/09\/shure-55sh-ii-e1601485394796.jpg\" alt=\"\" srcset=\"http:\/\/kommentatorenblog.de\/wp-content\/uploads\/2020\/09\/shure-55sh-ii-e1601485394796.jpg 415w, http:\/\/kommentatorenblog.de\/wp-content\/uploads\/2020\/09\/shure-55sh-ii-e1601485394796-142x300.jpg 142w\" sizes=\"auto, (max-width: 10px) 100vw, 10px\" \/> Simon Sterzer (Einzelspiel), Florian von Stackelberg (Konferenz)<\/p>\n\n\n\n<p><em><strong>FC Chelsea &#8211; FC Noa<\/strong><\/em><strong><em>h<\/em><\/strong><em><strong>&nbsp;(21.00 Uhr)<\/strong><\/em><br><img loading=\"lazy\" decoding=\"async\" width=\"10\" height=\"21\" class=\"wp-image-3656\" style=\"width: 10px;\" src=\"http:\/\/kommentatorenblog.de\/wp-content\/uploads\/2020\/09\/shure-55sh-ii-e1601485394796.jpg\" alt=\"\" srcset=\"http:\/\/kommentatorenblog.de\/wp-content\/uploads\/2020\/09\/shure-55sh-ii-e1601485394796.jpg 415w, http:\/\/kommentatorenblog.de\/wp-content\/uploads\/2020\/09\/shure-55sh-ii-e1601485394796-142x300.jpg 142w\" sizes=\"auto, (max-width: 10px) 100vw, 10px\" \/> Julian Engelhard (Einzelspiel), Stefan Fuckert (Konferenz)<\/p>\n\n\n\n<p>Matchday-Moderation (RTL+): Anna Kraft, Experte: Patrick Helmes, Community-Host: Jessica Matyschok<\/p>\n\n\n\n<hr class=\"wp-block-separator\"\/>\n\n\n\n<p><strong>UEFA Youth League, Ligaphase, 4. Spieltag (DAZN)<\/strong><\/p>\n\n\n\n<p><span style=\"text-decoration: underline;\">Mittwoch, 06. November 2024<\/span><\/p>\n\n\n\n<p><em><strong>Feyenoord Rotterdam U19 \u2013 FC Salzburg U19 (14.00 Uhr)<\/strong><\/em><br><img loading=\"lazy\" decoding=\"async\" width=\"10\" height=\"21\" class=\"wp-image-3656\" style=\"width: 10px;\" src=\"http:\/\/kommentatorenblog.de\/wp-content\/uploads\/2020\/09\/shure-55sh-ii-e1601485394796.jpg\" alt=\"\" srcset=\"http:\/\/kommentatorenblog.de\/wp-content\/uploads\/2020\/09\/shure-55sh-ii-e1601485394796.jpg 415w, http:\/\/kommentatorenblog.de\/wp-content\/uploads\/2020\/09\/shure-55sh-ii-e1601485394796-142x300.jpg 142w\" sizes=\"auto, (max-width: 10px) 100vw, 10px\" \/> Korbinian Rundel<\/p>\n\n\n\n<hr class=\"wp-block-separator\"\/>\n\n\n\n<p><strong>AFC Champions League Elite, 4. Spieltag (SPORT1+)<\/strong><\/p>\n\n\n\n<p><strong>Gruppe West<\/strong><\/p>\n\n\n\n<p><span style=\"text-decoration: underline;\">Dienstag, 05. November 2024<\/span><\/p>\n\n\n\n<p><strong><em>Al-Nassr &#8211; Al-Ain (19.00 Uhr)<\/em><\/strong><br><img loading=\"lazy\" decoding=\"async\" width=\"10\" height=\"21\" class=\"wp-image-3656\" style=\"width: 10px;\" src=\"http:\/\/kommentatorenblog.de\/wp-content\/uploads\/2020\/09\/shure-55sh-ii-e1601485394796.jpg\" alt=\"\" srcset=\"http:\/\/kommentatorenblog.de\/wp-content\/uploads\/2020\/09\/shure-55sh-ii-e1601485394796.jpg 415w, http:\/\/kommentatorenblog.de\/wp-content\/uploads\/2020\/09\/shure-55sh-ii-e1601485394796-142x300.jpg 142w\" sizes=\"auto, (max-width: 10px) 100vw, 10px\" \/> Steffen Bohleber<\/p>\n\n\n\n<p><strong>Gruppe Ost<\/strong><\/p>\n\n\n\n<p><span style=\"text-decoration: underline;\">Mittwoch, 06. November 2024<\/span><\/p>\n\n\n\n<p><strong><em>Yokohama F. Marinos &#8211; Buriram United (11.00 Uhr)<\/em><\/strong><br><img loading=\"lazy\" decoding=\"async\" width=\"10\" height=\"21\" class=\"wp-image-3656\" style=\"width: 10px;\" src=\"http:\/\/kommentatorenblog.de\/wp-content\/uploads\/2020\/09\/shure-55sh-ii-e1601485394796.jpg\" alt=\"\" srcset=\"http:\/\/kommentatorenblog.de\/wp-content\/uploads\/2020\/09\/shure-55sh-ii-e1601485394796.jpg 415w, http:\/\/kommentatorenblog.de\/wp-content\/uploads\/2020\/09\/shure-55sh-ii-e1601485394796-142x300.jpg 142w\" sizes=\"auto, (max-width: 10px) 100vw, 10px\" \/> Oliver Forster<\/p>\n\n\n\n<hr class=\"wp-block-separator\"\/>\n\n\n\n<p><strong>Saudi Pro League, 10. Spieltag (Sportdigital FUSSBALL)<\/strong><\/p>\n\n\n\n<p><span style=\"text-decoration: underline;\">Donnerstag<span style=\"text-decoration: underline;\">, 07. November 2024<\/span><\/span><\/p>\n\n\n\n<p><em><strong>Al-Orobah &#8211; Al-Ittihad (18.00 Uhr)<\/strong><\/em><br><img loading=\"lazy\" decoding=\"async\" width=\"10\" height=\"21\" class=\"wp-image-3656\" style=\"width: 10px;\" src=\"http:\/\/kommentatorenblog.de\/wp-content\/uploads\/2020\/09\/shure-55sh-ii-e1601485394796.jpg\" alt=\"\" srcset=\"http:\/\/kommentatorenblog.de\/wp-content\/uploads\/2020\/09\/shure-55sh-ii-e1601485394796.jpg 415w, http:\/\/kommentatorenblog.de\/wp-content\/uploads\/2020\/09\/shure-55sh-ii-e1601485394796-142x300.jpg 142w\" sizes=\"auto, (max-width: 10px) 100vw, 10px\" \/> Ulf Kahmke<\/p>\n\n\n\n<hr class=\"wp-block-separator\"\/>\n\n\n\n<p><strong>Liga Profesional, 21. Spieltag (Sportdigital FUSSBALL)<\/strong><\/p>\n\n\n\n<p><span style=\"text-decoration: underline;\">Mittwo<span style=\"text-decoration: underline;\">ch, 06. November 2024<\/span><\/span><\/p>\n\n\n\n<p><strong><em>Boca Juniors &#8211; CD Godoy Cruz (23.30 Uhr)<\/em><\/strong><br><img loading=\"lazy\" decoding=\"async\" width=\"10\" height=\"21\" class=\"wp-image-3656\" style=\"width: 10px;\" src=\"http:\/\/kommentatorenblog.de\/wp-content\/uploads\/2020\/09\/shure-55sh-ii-e1601485394796.jpg\" alt=\"\" srcset=\"http:\/\/kommentatorenblog.de\/wp-content\/uploads\/2020\/09\/shure-55sh-ii-e1601485394796.jpg 415w, http:\/\/kommentatorenblog.de\/wp-content\/uploads\/2020\/09\/shure-55sh-ii-e1601485394796-142x300.jpg 142w\" sizes=\"auto, (max-width: 10px) 100vw, 10px\" \/> Jonathan Dreier<\/p>\n\n\n\n<p><span style=\"text-decoration: underline;\">Donnerstag, 07. November 2024<\/span><\/p>\n\n\n\n<p><strong><em>Instituto AC Cordoba &#8211; CA River Plate (01.30 Uhr)<\/em><\/strong><br><img loading=\"lazy\" decoding=\"async\" width=\"10\" height=\"21\" class=\"wp-image-3656\" style=\"width: 10px;\" src=\"http:\/\/kommentatorenblog.de\/wp-content\/uploads\/2020\/09\/shure-55sh-ii-e1601485394796.jpg\" alt=\"\" srcset=\"http:\/\/kommentatorenblog.de\/wp-content\/uploads\/2020\/09\/shure-55sh-ii-e1601485394796.jpg 415w, http:\/\/kommentatorenblog.de\/wp-content\/uploads\/2020\/09\/shure-55sh-ii-e1601485394796-142x300.jpg 142w\" sizes=\"auto, (max-width: 10px) 100vw, 10px\" \/> Arne Malsch<\/p>\n\n\n\n<hr class=\"wp-block-separator\"\/>\n\n\n\n<p><strong>Regionalliga Bayern, 13. Spieltag, Nachholspiel (BR24Sport)<\/strong><\/p>\n\n\n\n<p><span style=\"text-decoration: underline;\">Dienstag, 05. November 2024<\/span><\/p>\n\n\n\n<p><strong><em>Viktoria Aschaffenburg &#8211; FC Eintracht Bamberg (19.00 Uhr)<\/em><\/strong><br><img loading=\"lazy\" decoding=\"async\" width=\"10\" height=\"21\" class=\"wp-image-3656\" style=\"width: 10px;\" src=\"http:\/\/kommentatorenblog.de\/wp-content\/uploads\/2020\/09\/shure-55sh-ii-e1601485394796.jpg\" alt=\"\" srcset=\"http:\/\/kommentatorenblog.de\/wp-content\/uploads\/2020\/09\/shure-55sh-ii-e1601485394796.jpg 415w, http:\/\/kommentatorenblog.de\/wp-content\/uploads\/2020\/09\/shure-55sh-ii-e1601485394796-142x300.jpg 142w\" sizes=\"auto, (max-width: 10px) 100vw, 10px\" \/> Bernd Schmelzer<\/p>\n\n\n\n<hr class=\"wp-block-separator\"\/>\n\n\n\n<p><strong>Die Analyse<\/strong><\/p>\n\n\n\n<p>Am ersten Champions-League-Tag sind Leverkusen in Liverpool, der BVB zu Hause gegen Sturm Graz sowie RB Leipzig im Celtic Park gefordert. Prime hat sich nat\u00fcrlich f\u00fcr die klangvolle Partie an der Anfield Road entschieden. Das parallel stattfindende Spiel in Dortmund sorgt offensichtlich daf\u00fcr, dass Matthias Sammer seiner gewohnten Expertenrolle bei Prime nicht nachgehen kann, Benedikt H\u00f6wedes wird ihn in Liverpool zus\u00e4tzlich zu seiner Aufgabe als Co-Kommentator von Jonas Friedrich ersetzen, daneben werden erneut Christoph Kramer, der bald sein fu\u00dfballerisches Comeback bei der Kleinfeld-WM geben wird, und Josie Henning, die \u00fcbrigens auch Expertin bei den CL-\u00dcbertragungen bei Prime in Gro\u00dfbritannien ist, bei Alex Schl\u00fcter am Tisch stehen. Bei DAZN wird Lukas Sch\u00f6nm\u00fcller im Signal Iduna Park gemeinsam mit Tobi Schweinsteiger die Einzel\u00fcbertragung des BVB-Spiels gegen Sturm Graz kommentieren, w\u00e4hrend Jan Platte das Spiel in der Konferenz beobachten wird. Ein Rollentausch, war Sch\u00f6nm\u00fcller in den ersten Wochen noch in der Konferenz gesetzt, w\u00e4hrend Platte ausschlie\u00dflich Einzelspiele kommentierte. F\u00fcr das dritte Spiel mit deutscher Beteiligung reisen Freddy Harder, Seb Knei\u00dfl und Mario Rieker nach Glasgow, Tom Kirsten \u00fcbernimmt die Konferenz. Christina Rann gibt bei Bologna &#8211; Monaco ihr Deb\u00fct in der Konferenz, ansonsten ergibt sich ein recht \u00fcbliches Bild.<\/p>\n\n\n\n<p>Am Mittwoch verzichtet DAZN erstmals in dieser Saison auf Jan Platte als Kommentator des Bayern-Spiels, stattdessen begleitet Max Siebald mit Michael Ballack die Partie gegen Benfica. Laura Wontorra ist aber nat\u00fcrlich wieder in der Allianz Arena, au\u00dferdem Marco Hagemann als Field-Reporter, der somit zum zweiten Mal in Folge kein CL-Spiel kommentiert. Platte weicht hingegen mit dem FC Barcelona auf eine ihm ebenso bestens vertraute Mannschaft aus, die diesmal in Belgrad spielt. Das Heimspiel des VfB Stuttgart gegen Atalanta Bergamo kommentiert Max Gross mit Sascha Bigalke, Field-Reporterin wird Christina Rann sein &#8211; eine Rolle, die sie nach einj\u00e4hriger Pause k\u00fcnftig auch wieder in der Bundesliga aus\u00fcben wird. In der Konferenz betreuen Nico Seepe und Michael Born die Spiele mit deutscher Beteiligung. Bei letzterem kommt es bekanntlich nicht mehr h\u00e4ufig vor, dass er deutsche Teams kommentiert. Freddy Harder und Mario Rieker m\u00fcssen nur einen Tag nach ihrem Schottland-Trip ebenfalls wieder in der Konferenz ran, die Hebel-Br\u00fcder kommentieren wie gewohnt jeweils Einzelspiele, naheliegenderweise mit englischer Beteiligung. Einen seltenen Fu\u00dfball-Einsatz bei DAZN bekommt mal wieder Adrian Geiler bei Feyenoord &#8211; Salzburg, zuletzt war er am 2. Spieltag dabei. Sein CL-Saisondeb\u00fct gibt au\u00dferdem Matthias Naebers bei Sparta Prag &#8211; Stade Brest. Oliver Forster ist in dieser Woche zwar in der Champions League im Einsatz, allerdings in der der AFC statt derer der UEFA und kommentiert ein japanisch-thail\u00e4ndisches Duell bei SPORT1+.<\/p>\n\n\n\n<p>In der Europa League und Conference League l\u00f6st RTL endlich ein schon vor l\u00e4ngerer Zeit angek\u00fcndigtes Versprechen ein: erstmals seit dem Erwerb der kompletten TV-Rechte 2021 wird im Free-TV eine Konferenz ausgestrahlt. Urspr\u00fcnglich sollte im Oktober 2021 bereits eine komplette Konferenz, wie sie sonst nur bei RTL+ (damals TVNOW) gezeigt wird, im Free-TV laufen, damals wurden allerdings kurzfristig die Pl\u00e4ne zugunsten von Eintracht Frankfurt ge\u00e4ndert, immerhin wurden 2 Einzelspiele gesendet. Anders als damals geplant wird nicht das volle Programm bei RTL laufen, aber die parallel zueinander stattfindenden Spiele der beiden deutschen Vertreter TSG Hoffenheim und 1. FC Heidenheim gegen Olympique Lyon bzw. Heart of Midlothian. Kurzfristig verst\u00e4rkt man die Konferenz zus\u00e4tzlich mit dem Spiel Manchester United gegen PAOK Saloniki. Warum man noch ein Spiel ohne deutsche Beteiligung ber\u00fccksichtigt? &#8222;Digitalfernsehen.de&#8220; spekuliert dar\u00fcber, ob RTL Hoffenheim und Heidenheim m\u00f6glicherweise nicht zutraut, sich alleine gegen den Start von &#8222;Destination X&#8220; bei ProSieben durchsetzen zu k\u00f6nnen. Am letzten Spieltag setzte RTL noch auf eine Einzel\u00fcbertragung der TSG, mit dem FC Porto jedenfalls gegen einen namhaften Gegner.<\/p>\n\n\n\n<p>Marco Hagemann und Lothar Matth\u00e4us werden genau wie Laura Papendick, Felix G\u00f6rner und Christoph K\u00fcppers in Sinsheim anwesend sein und in der Konferenz \u00fcber die Partie berichten, das Ausw\u00e4rtsspiel des FCH in Schottland verfolgt Cornelius K\u00fcpper hingegen von K\u00f6ln aus, genau wie Christian Stra\u00dfburger das Spiel der Red Devils gegen PAOK. Obwohl mit letzteren beiden schon zwei Kommentatoren von RTL+ ins Free-TV bef\u00f6rdert werden, werden alle 9 \u00fcbertragenen Spiele am Donnerstag sowohl als Einzelspiel als auch in der gro\u00dfen Konferenz kommentiert. Robby Hunke kommentiert das fr\u00fche Spiel der Eintracht gegen Slavia Prag gemeinsam mit Nils Petersen, w\u00e4hrend Patrick Helmes Analyse-Experte der Matchday-Sendung ist, Felix Kroos setzt diesmal aus. Motorsport-Stimme Peter Reichert ist mittlerweile eine feste Gr\u00f6\u00dfe in der Konferenz, daf\u00fcr konzentriert sich Heiko Wasser wieder auf die Formel 1.<\/p>\n\n\n\n<p>Damit w\u00fcnschen wir euch viel Spa\u00df mit dem Europacup in dieser Woche, am Donnerstag folgt der n\u00e4chste Bundesliga-Beitrag, bevor es danach erneut und zum letzten Mal in diesem Jahr in die L\u00e4nderspielpause geht.<\/p>\n\n\n\n<p>Bis demn\u00e4chst!<\/p>\n","protected":false},"excerpt":{"rendered":"<p>N\u2019Abend allerseits, in einer Woche, die vornehmlich von politischen Themen gepr\u00e4gt sein wird, auf die wir allerdings kaum bis keinen Einfluss haben werden*, bietet der n\u00e4chste Spieltag der Europapokalwettbewerbe eine willkommene Ablenkung. Leverkusen muss bereits am Dienstag an der Anfield Road antreten, der FC Bayern steht am Mittwoch gegen Benfica Lissabon bereits unter Zugzwang. *(Kleine [&hellip;]<\/p>\n","protected":false},"author":18,"featured_media":0,"comment_status":"open","ping_status":"open","sticky":false,"template":"","format":"standard","meta":{"footnotes":""},"categories":[425],"tags":[598,49,949,163,404,517,263,337,582,178,131,1252,499,35,657,544,668,171,1012,614,212,165,13,611,132,703,331,295,48,1082,347,69,647,507,675,315,86,676,962,75,44,31,205,1080,276,43,243,223,283,279,500,114,191,1253,1236,183,113,903,1081,690,947,874,162,138,656,361,189,222,696,22,434,134,394,154,528,33,854,882,200,402,105,149],"class_list":["post-19538","post","type-post","status-publish","format-standard","hentry","category-champions-league-und-co","tag-adrian-geiler","tag-alex-schlueter","tag-alexander-klich-2","tag-alexander-kuepper","tag-ann-sophie-kimmel","tag-anna-kraft","tag-arne-malsch","tag-benedikt-hoewedes","tag-bernd-schmelzer","tag-br","tag-carsten-fuss","tag-cayana-freeman","tag-chris-putz","tag-christian-strassburger","tag-christina-rann","tag-christoph-kramer","tag-christoph-kueppers","tag-christoph-stadtler","tag-constantin-eckner","tag-cornelius-kuepper","tag-daniel-herzog","tag-david-ploch","tag-dazn","tag-felix-goerner","tag-flo-hauser","tag-florian-von-stackelberg","tag-freddie-schulz","tag-freddy-harder","tag-jan-platte","tag-jessica-matyschok","tag-joachim-hebel","tag-jonas-friedrich","tag-jonas-gerdes","tag-jonathan-dreier","tag-josephine-henning","tag-julian-engelhard","tag-juergen-schmitz","tag-klaus-veltman","tag-korbinian-rundel","tag-laura-papendick","tag-laura-wontorra","tag-lothar-matthaeus","tag-lukas-schoenmueller","tag-lutz-wagner","tag-marcel-seufert","tag-marco-hagemann","tag-mario-rieker","tag-matthias-naebers","tag-max-gross","tag-max-siebald","tag-michael-ballack","tag-michael-born","tag-nico-seepe","tag-nikolas-schmitz","tag-nils-petersen","tag-oliver-forster","tag-oliver-seidler","tag-patrick-helmes","tag-peter-reichert","tag-philip-konrad","tag-prime","tag-rene-langhoff","tag-robby-hunke","tag-rtl","tag-rtl-2","tag-sascha-bigalke","tag-sebastian-benesch","tag-sebastian-kneissl","tag-simon-sterzer","tag-sky","tag-sport1-2","tag-sportdigital-fussball","tag-stefan-fuckert","tag-stefan-galler","tag-steffen-bohleber","tag-thomas-wagner","tag-tim-hemmrich","tag-tobias-schweinsteiger","tag-tom-kirsten","tag-ulf-kahmke","tag-uli-hebel","tag-uwe-morawe"],"_links":{"self":[{"href":"http:\/\/kommentatorenblog.de\/index.php?rest_route=\/wp\/v2\/posts\/19538","targetHints":{"allow":["GET"]}}],"collection":[{"href":"http:\/\/kommentatorenblog.de\/index.php?rest_route=\/wp\/v2\/posts"}],"about":[{"href":"http:\/\/kommentatorenblog.de\/index.php?rest_route=\/wp\/v2\/types\/post"}],"author":[{"embeddable":true,"href":"http:\/\/kommentatorenblog.de\/index.php?rest_route=\/wp\/v2\/users\/18"}],"replies":[{"embeddable":true,"href":"http:\/\/kommentatorenblog.de\/index.php?rest_route=%2Fwp%2Fv2%2Fcomments&post=19538"}],"version-history":[{"count":34,"href":"http:\/\/kommentatorenblog.de\/index.php?rest_route=\/wp\/v2\/posts\/19538\/revisions"}],"predecessor-version":[{"id":19585,"href":"http:\/\/kommentatorenblog.de\/index.php?rest_route=\/wp\/v2\/posts\/19538\/revisions\/19585"}],"wp:attachment":[{"href":"http:\/\/kommentatorenblog.de\/index.php?rest_route=%2Fwp%2Fv2%2Fmedia&parent=19538"}],"wp:term":[{"taxonomy":"category","embeddable":true,"href":"http:\/\/kommentatorenblog.de\/index.php?rest_route=%2Fwp%2Fv2%2Fcategories&post=19538"},{"taxonomy":"post_tag","embeddable":true,"href":"http:\/\/kommentatorenblog.de\/index.php?rest_route=%2Fwp%2Fv2%2Ftags&post=19538"}],"curies":[{"name":"wp","href":"https:\/\/api.w.org\/{rel}","templated":true}]}}