{"id":19642,"date":"2024-11-13T22:22:17","date_gmt":"2024-11-13T20:22:17","guid":{"rendered":"https:\/\/kommentatorenblog.de\/?p=19642"},"modified":"2024-11-21T07:59:03","modified_gmt":"2024-11-21T05:59:03","slug":"1465-laenderspiel-jahresabschluss","status":"publish","type":"post","link":"http:\/\/kommentatorenblog.de\/?p=19642","title":{"rendered":"1465 &#8211; L\u00e4nderspiel-Jahresabschluss"},"content":{"rendered":"\n<p>N&#8217;Abend allerseits,<\/p>\n\n\n\n<p>ein letztes Mal geht es in diesem Jahr in die L\u00e4nderspielpause, die letzten beiden Spieltage der Nations League entscheiden \u00fcber den Ausgang der Gruppenphase und die Teilnahme an der KO-Runde im kommenden Sommer. Bereits im M\u00e4rz geht es in Europa mit der Qualifikation f\u00fcr die WM 2026 los &#8211; und mit der KO-Phase der Nations League. Gegen Bosnien-Herzegowina und Ungarn kann die deutsche Mannschaft den Gruppensieg und das Ticket f\u00fcr die KO-Phase hoffentlich perfekt manchen, die Chancen sind jedenfalls sehr hoch.<\/p>\n\n\n\n<p>Zur Rechtevergabe der DFL gibt es noch nichts neues zu vermelden, anders sieht das bei anderen Rechten aus: nachdem Sport1 k\u00fcrzlich bereits die Absicht erkl\u00e4rt hatte, sich k\u00fcnftig auf die drei S\u00e4ulen Free-TV, Digitales und das Online-Gl\u00fccksspiel Jackpot50 zu konzentrieren, kam am heutigen Mittwoch die Best\u00e4tigung, dass man sich aus dem Segment Pay-TV zur\u00fcckzieht und die beiden Bezahlsender Sport1+ und eSportsOne zum Jahreswechsel an Sportdigital ver\u00e4u\u00dfern wird. Sport1+ wird ab dann unter dem Namen Sportdigital1+, eSportsOne unter unver\u00e4ndertem Namen weiter betrieben, beide werden das Kanalportfolio um Sportdigital FUSSBALL 1 und 2, Scooore TV und Edge TV erweitern. Gemeinsam mit Sport1+ wandern auch die Rechte an der belgischen Division 1A, der AFC Champions League Elite, der Copa Libertadores sowie der Major League Baseball, der National Rugby League oder der NASCAR Cup Series zu Sportdigital, womit man erstmals seit \u00fcber 10 Jahren auch wieder andere Sportarten neben Fu\u00dfball \u00fcbertragen wird. Ob man die vertrauten Stimmen von Rudi Br\u00fcckner, Hajo Wolff oder Mannie Winter weiterhin h\u00f6ren wird, wird sich allerdings zeigen, die Auswahl der Kommentatoren d\u00fcrfte sich k\u00fcnftig auch eher an der von Sportdigital FUSSBALL orientieren.<\/p>\n\n\n\n<p>Somit steht auch fest, dass Sport1 sich von weiteren Sportrechten vorzeitig trennt, weitere stehen bekanntlich demn\u00e4chst auf dem Pr\u00fcfstand. Den Aussagen von Sport1-Chef Bernhard Burgener zufolge wird man auch weiterhin f\u00fcr Bundesliga-Rechte mitbieten, die bekanntlich auch f\u00fcr den Doppelpass n\u00fctzlich sind, der weiterhin im Programm bleiben soll. Wie hoch die Bereitschaft daf\u00fcr ausf\u00e4llt, wird sich zeigen.<\/p>\n\n\n\n<p>Nat\u00fcrlich geht es auch mit unseren Awards weiter! Hier k\u00f6nnt ihr nun Vorschl\u00e4ge f\u00fcr die weiteren 9 Kategorien einreichen:<\/p>\n\n\n\n<div class=\"wp-block-buttons is-layout-flex wp-block-buttons-is-layout-flex\">\n<div class=\"wp-block-button\"><a class=\"wp-block-button__link\" href=\"https:\/\/kommentatorenblog.de\/?page_id=19685\">Vorschl\u00e4ge einreichen<\/a><\/div>\n<\/div>\n\n\n\n<hr class=\"wp-block-separator\"\/>\n\n\n\n<p><strong>Die Ansetzungen vom 14. bis zum 21. November 2024<\/strong><\/p>\n\n\n\n<hr class=\"wp-block-separator\"\/>\n\n\n\n<p><strong>UEFA Nations League, Gruppenphase, 5. Spieltag<\/strong><\/p>\n\n\n\n<p><span style=\"text-decoration: underline;\">Donnerstag, 14. November 2024 (DAZN)<\/span><\/p>\n\n\n\n<p><strong><em>Kasachstan &#8211; \u00d6sterreich (16.00 Uhr)<\/em><\/strong><br><em><strong><img loading=\"lazy\" decoding=\"async\" width=\"10\" height=\"21\" class=\"wp-image-3656\" style=\"width: 10px;\" src=\"http:\/\/kommentatorenblog.de\/wp-content\/uploads\/2020\/09\/shure-55sh-ii-e1601485394796.jpg\" alt=\"\" srcset=\"http:\/\/kommentatorenblog.de\/wp-content\/uploads\/2020\/09\/shure-55sh-ii-e1601485394796.jpg 415w, http:\/\/kommentatorenblog.de\/wp-content\/uploads\/2020\/09\/shure-55sh-ii-e1601485394796-142x300.jpg 142w\" sizes=\"auto, (max-width: 10px) 100vw, 10px\" \/><\/strong><\/em> Michael Brandes<\/p>\n\n\n\n<p><strong><em>Belgien &#8211; Italien (20.45 Uhr)<\/em><\/strong><br><em><strong><img loading=\"lazy\" decoding=\"async\" width=\"10\" height=\"21\" class=\"wp-image-3656\" style=\"width: 10px;\" src=\"http:\/\/kommentatorenblog.de\/wp-content\/uploads\/2020\/09\/shure-55sh-ii-e1601485394796.jpg\" alt=\"\" srcset=\"http:\/\/kommentatorenblog.de\/wp-content\/uploads\/2020\/09\/shure-55sh-ii-e1601485394796.jpg 415w, http:\/\/kommentatorenblog.de\/wp-content\/uploads\/2020\/09\/shure-55sh-ii-e1601485394796-142x300.jpg 142w\" sizes=\"auto, (max-width: 10px) 100vw, 10px\" \/><\/strong><\/em> Carsten Fu\u00df<\/p>\n\n\n\n<p><strong><em>Frankreich &#8211; Israel (20.45 Uhr)<\/em><\/strong><br><em><strong><img loading=\"lazy\" decoding=\"async\" width=\"10\" height=\"21\" class=\"wp-image-3656\" style=\"width: 10px;\" src=\"http:\/\/kommentatorenblog.de\/wp-content\/uploads\/2020\/09\/shure-55sh-ii-e1601485394796.jpg\" alt=\"\" srcset=\"http:\/\/kommentatorenblog.de\/wp-content\/uploads\/2020\/09\/shure-55sh-ii-e1601485394796.jpg 415w, http:\/\/kommentatorenblog.de\/wp-content\/uploads\/2020\/09\/shure-55sh-ii-e1601485394796-142x300.jpg 142w\" sizes=\"auto, (max-width: 10px) 100vw, 10px\" \/><\/strong><\/em> Stefan Galler<\/p>\n\n\n\n<p><strong><em>Griechenland &#8211; England (20.45 Uhr)<\/em><\/strong><br><em><strong><img loading=\"lazy\" decoding=\"async\" width=\"10\" height=\"21\" class=\"wp-image-3656\" style=\"width: 10px;\" src=\"http:\/\/kommentatorenblog.de\/wp-content\/uploads\/2020\/09\/shure-55sh-ii-e1601485394796.jpg\" alt=\"\" srcset=\"http:\/\/kommentatorenblog.de\/wp-content\/uploads\/2020\/09\/shure-55sh-ii-e1601485394796.jpg 415w, http:\/\/kommentatorenblog.de\/wp-content\/uploads\/2020\/09\/shure-55sh-ii-e1601485394796-142x300.jpg 142w\" sizes=\"auto, (max-width: 10px) 100vw, 10px\" \/><\/strong><\/em> Nico Seepe<\/p>\n\n\n\n<p><span style=\"text-decoration: underline;\">Freitag, 15. November 2024 (DAZN)<\/span><\/p>\n\n\n\n<p><strong><em>Portugal &#8211; Polen (20.45 Uhr)<\/em><\/strong><br><em><strong><img loading=\"lazy\" decoding=\"async\" width=\"10\" height=\"21\" class=\"wp-image-3656\" style=\"width: 10px;\" src=\"http:\/\/kommentatorenblog.de\/wp-content\/uploads\/2020\/09\/shure-55sh-ii-e1601485394796.jpg\" alt=\"\" srcset=\"http:\/\/kommentatorenblog.de\/wp-content\/uploads\/2020\/09\/shure-55sh-ii-e1601485394796.jpg 415w, http:\/\/kommentatorenblog.de\/wp-content\/uploads\/2020\/09\/shure-55sh-ii-e1601485394796-142x300.jpg 142w\" sizes=\"auto, (max-width: 10px) 100vw, 10px\" \/><\/strong><\/em> Flo Hauser<\/p>\n\n\n\n<p><strong><em>D\u00e4nemark &#8211; Spanien (20.45 Uhr)<\/em><\/strong><br><em><strong><img loading=\"lazy\" decoding=\"async\" width=\"10\" height=\"21\" class=\"wp-image-3656\" style=\"width: 10px;\" src=\"http:\/\/kommentatorenblog.de\/wp-content\/uploads\/2020\/09\/shure-55sh-ii-e1601485394796.jpg\" alt=\"\" srcset=\"http:\/\/kommentatorenblog.de\/wp-content\/uploads\/2020\/09\/shure-55sh-ii-e1601485394796.jpg 415w, http:\/\/kommentatorenblog.de\/wp-content\/uploads\/2020\/09\/shure-55sh-ii-e1601485394796-142x300.jpg 142w\" sizes=\"auto, (max-width: 10px) 100vw, 10px\" \/><\/strong><\/em> Chris Putz<\/p>\n\n\n\n<p><strong><em>Schweiz &#8211; Serbien (20.45 Uhr)<\/em><\/strong><br><em><strong><img loading=\"lazy\" decoding=\"async\" width=\"10\" height=\"21\" class=\"wp-image-3656\" style=\"width: 10px;\" src=\"http:\/\/kommentatorenblog.de\/wp-content\/uploads\/2020\/09\/shure-55sh-ii-e1601485394796.jpg\" alt=\"\" srcset=\"http:\/\/kommentatorenblog.de\/wp-content\/uploads\/2020\/09\/shure-55sh-ii-e1601485394796.jpg 415w, http:\/\/kommentatorenblog.de\/wp-content\/uploads\/2020\/09\/shure-55sh-ii-e1601485394796-142x300.jpg 142w\" sizes=\"auto, (max-width: 10px) 100vw, 10px\" \/><\/strong><\/em> Tobi Fischbeck<\/p>\n\n\n\n<p><span style=\"text-decoration: underline;\">Samstag, 16. November, ab 20.15 Uhr (RTL)<\/span><\/p>\n\n\n\n<p><strong><em>Deutschland &#8211; Bosnien-Herzegowina (20.45 Uhr)<\/em><\/strong><br><em><strong><img loading=\"lazy\" decoding=\"async\" width=\"10\" height=\"21\" class=\"wp-image-3656\" style=\"width: 10px;\" src=\"http:\/\/kommentatorenblog.de\/wp-content\/uploads\/2020\/09\/shure-55sh-ii-e1601485394796.jpg\" alt=\"\" srcset=\"http:\/\/kommentatorenblog.de\/wp-content\/uploads\/2020\/09\/shure-55sh-ii-e1601485394796.jpg 415w, http:\/\/kommentatorenblog.de\/wp-content\/uploads\/2020\/09\/shure-55sh-ii-e1601485394796-142x300.jpg 142w\" sizes=\"auto, (max-width: 10px) 100vw, 10px\" \/><\/strong><\/em> Marco Hagemann, Experte: Lothar Matth\u00e4us<br>Moderation: Laura Papendick, Field-Reporter: Felix G\u00f6rner und Jonas Gerdes<\/p>\n\n\n\n<p><span style=\"text-decoration: underline;\">ab 20.35 Uhr (DAZN)<\/span><\/p>\n\n\n\n<p><strong><em>Niederlande &#8211; Ungarn (20.45 Uhr)<\/em><\/strong><br><em><strong><img loading=\"lazy\" decoding=\"async\" width=\"10\" height=\"21\" class=\"wp-image-3656\" style=\"width: 10px;\" src=\"http:\/\/kommentatorenblog.de\/wp-content\/uploads\/2020\/09\/shure-55sh-ii-e1601485394796.jpg\" alt=\"\" srcset=\"http:\/\/kommentatorenblog.de\/wp-content\/uploads\/2020\/09\/shure-55sh-ii-e1601485394796.jpg 415w, http:\/\/kommentatorenblog.de\/wp-content\/uploads\/2020\/09\/shure-55sh-ii-e1601485394796-142x300.jpg 142w\" sizes=\"auto, (max-width: 10px) 100vw, 10px\" \/><\/strong><\/em> Guido H\u00fcsgen<\/p>\n\n\n\n<p><strong>6. Spieltag<\/strong><\/p>\n\n\n\n<p><span style=\"text-decoration: underline;\">Sonntag, 17. November 2024 (DAZN)<\/span><\/p>\n\n\n\n<p><strong><em>England &#8211; Irland (18.00 Uhr)<\/em><\/strong><br><em><strong><img loading=\"lazy\" decoding=\"async\" width=\"10\" height=\"21\" class=\"wp-image-3656\" style=\"width: 10px;\" src=\"http:\/\/kommentatorenblog.de\/wp-content\/uploads\/2020\/09\/shure-55sh-ii-e1601485394796.jpg\" alt=\"\" srcset=\"http:\/\/kommentatorenblog.de\/wp-content\/uploads\/2020\/09\/shure-55sh-ii-e1601485394796.jpg 415w, http:\/\/kommentatorenblog.de\/wp-content\/uploads\/2020\/09\/shure-55sh-ii-e1601485394796-142x300.jpg 142w\" sizes=\"auto, (max-width: 10px) 100vw, 10px\" \/><\/strong><\/em> Uli Hebel, Experte: Michael Hefele<\/p>\n\n\n\n<p><strong><em>\u00d6sterreich &#8211; Slowenien (18.00 Uhr)<\/em><\/strong><br><em><strong><img loading=\"lazy\" decoding=\"async\" width=\"10\" height=\"21\" class=\"wp-image-3656\" style=\"width: 10px;\" src=\"http:\/\/kommentatorenblog.de\/wp-content\/uploads\/2020\/09\/shure-55sh-ii-e1601485394796.jpg\" alt=\"\" srcset=\"http:\/\/kommentatorenblog.de\/wp-content\/uploads\/2020\/09\/shure-55sh-ii-e1601485394796.jpg 415w, http:\/\/kommentatorenblog.de\/wp-content\/uploads\/2020\/09\/shure-55sh-ii-e1601485394796-142x300.jpg 142w\" sizes=\"auto, (max-width: 10px) 100vw, 10px\" \/><\/strong><\/em> Matthias Naebers<\/p>\n\n\n\n<p><strong><em>Italien &#8211; Frankreich (20.45 Uhr)<\/em><\/strong><br><em><strong><img loading=\"lazy\" decoding=\"async\" width=\"10\" height=\"21\" class=\"wp-image-3656\" style=\"width: 10px;\" src=\"http:\/\/kommentatorenblog.de\/wp-content\/uploads\/2020\/09\/shure-55sh-ii-e1601485394796.jpg\" alt=\"\" srcset=\"http:\/\/kommentatorenblog.de\/wp-content\/uploads\/2020\/09\/shure-55sh-ii-e1601485394796.jpg 415w, http:\/\/kommentatorenblog.de\/wp-content\/uploads\/2020\/09\/shure-55sh-ii-e1601485394796-142x300.jpg 142w\" sizes=\"auto, (max-width: 10px) 100vw, 10px\" \/><\/strong><\/em> Max Siebald<\/p>\n\n\n\n<p><span style=\"text-decoration: underline;\">Montag, 18. November 2024 (DAZN)<\/span><\/p>\n\n\n\n<p><strong><em>Kroatien &#8211; Portugal (20.45 Uhr)<\/em><\/strong><br><em><strong><img loading=\"lazy\" decoding=\"async\" width=\"10\" height=\"21\" class=\"wp-image-3656\" style=\"width: 10px;\" src=\"http:\/\/kommentatorenblog.de\/wp-content\/uploads\/2020\/09\/shure-55sh-ii-e1601485394796.jpg\" alt=\"\" srcset=\"http:\/\/kommentatorenblog.de\/wp-content\/uploads\/2020\/09\/shure-55sh-ii-e1601485394796.jpg 415w, http:\/\/kommentatorenblog.de\/wp-content\/uploads\/2020\/09\/shure-55sh-ii-e1601485394796-142x300.jpg 142w\" sizes=\"auto, (max-width: 10px) 100vw, 10px\" \/><\/strong><\/em> Korbinian Rundel<\/p>\n\n\n\n<p><strong><em>Spanien &#8211; Schweiz (20.45 Uhr)<\/em><\/strong><br><em><strong><img loading=\"lazy\" decoding=\"async\" width=\"10\" height=\"21\" class=\"wp-image-3656\" style=\"width: 10px;\" src=\"http:\/\/kommentatorenblog.de\/wp-content\/uploads\/2020\/09\/shure-55sh-ii-e1601485394796.jpg\" alt=\"\" srcset=\"http:\/\/kommentatorenblog.de\/wp-content\/uploads\/2020\/09\/shure-55sh-ii-e1601485394796.jpg 415w, http:\/\/kommentatorenblog.de\/wp-content\/uploads\/2020\/09\/shure-55sh-ii-e1601485394796-142x300.jpg 142w\" sizes=\"auto, (max-width: 10px) 100vw, 10px\" \/><\/strong><\/em> Mario Rieker<\/p>\n\n\n\n<p><span style=\"text-decoration: underline;\">Dienstag, 19. November 2024, ab 20.15 Uhr (ZDF)<\/span><\/p>\n\n\n\n<p><strong><em>Ungarn &#8211; Deutschland (20.45 Uhr)<\/em><\/strong><br><em><strong><img loading=\"lazy\" decoding=\"async\" width=\"10\" height=\"21\" class=\"wp-image-3656\" style=\"width: 10px;\" src=\"http:\/\/kommentatorenblog.de\/wp-content\/uploads\/2020\/09\/shure-55sh-ii-e1601485394796.jpg\" alt=\"\" srcset=\"http:\/\/kommentatorenblog.de\/wp-content\/uploads\/2020\/09\/shure-55sh-ii-e1601485394796.jpg 415w, http:\/\/kommentatorenblog.de\/wp-content\/uploads\/2020\/09\/shure-55sh-ii-e1601485394796-142x300.jpg 142w\" sizes=\"auto, (max-width: 10px) 100vw, 10px\" \/><\/strong><\/em> Oliver Schmidt<br>Moderation: Jochen Breyer, Expert:innen: Friederike Kromp und Per Mertesacker, Field-Reporter:innen: Boris B\u00fcchler und Amelie Stiefvatter<\/p>\n\n\n\n<p><span style=\"text-decoration: underline;\">ab 20.35 Uhr (DAZN)<\/span><\/p>\n\n\n\n<p><strong><em>Bosnien-Herzegowina &#8211; Niederlande (20.45 Uhr)<\/em><\/strong><br><em><strong><img loading=\"lazy\" decoding=\"async\" width=\"10\" height=\"21\" class=\"wp-image-3656\" style=\"width: 10px;\" src=\"http:\/\/kommentatorenblog.de\/wp-content\/uploads\/2020\/09\/shure-55sh-ii-e1601485394796.jpg\" alt=\"\" srcset=\"http:\/\/kommentatorenblog.de\/wp-content\/uploads\/2020\/09\/shure-55sh-ii-e1601485394796.jpg 415w, http:\/\/kommentatorenblog.de\/wp-content\/uploads\/2020\/09\/shure-55sh-ii-e1601485394796-142x300.jpg 142w\" sizes=\"auto, (max-width: 10px) 100vw, 10px\" \/><\/strong><\/em> Max Gross<\/p>\n\n\n\n<hr class=\"wp-block-separator\"\/>\n\n\n\n<p><strong>U21-Freundschaftsspiele (ProSieben MAXX)<\/strong><\/p>\n\n\n\n<p><span style=\"text-decoration: underline;\">Freitag, 15. November 2024, ab 17.25 Uhr<\/span><\/p>\n\n\n\n<p><strong><em>Deutschland U21 &#8211; D\u00e4nemark U21 (18.00 Uhr)<\/em><\/strong><br><em><strong><img loading=\"lazy\" decoding=\"async\" width=\"10\" height=\"21\" class=\"wp-image-3656\" style=\"width: 10px;\" src=\"http:\/\/kommentatorenblog.de\/wp-content\/uploads\/2020\/09\/shure-55sh-ii-e1601485394796.jpg\" alt=\"\" srcset=\"http:\/\/kommentatorenblog.de\/wp-content\/uploads\/2020\/09\/shure-55sh-ii-e1601485394796.jpg 415w, http:\/\/kommentatorenblog.de\/wp-content\/uploads\/2020\/09\/shure-55sh-ii-e1601485394796-142x300.jpg 142w\" sizes=\"auto, (max-width: 10px) 100vw, 10px\" \/><\/strong><\/em> Franz B\u00fcchner, Expertin: Rachel Rinast<br>Moderation: Matthias Opdenh\u00f6vel, Field-Reporter: Bent Mildner<\/p>\n\n\n\n<p><span style=\"text-decoration: underline;\">Dienstag, 19. November 2024, ab 17.45 Uhr<\/span><\/p>\n\n\n\n<p><strong><em>Frankreich U21 &#8211; Deutschland U21<\/em><\/strong> <strong><em>(18.15 Uhr)<\/em><\/strong><br><em><strong><img loading=\"lazy\" decoding=\"async\" width=\"10\" height=\"21\" class=\"wp-image-3656\" style=\"width: 10px;\" src=\"http:\/\/kommentatorenblog.de\/wp-content\/uploads\/2020\/09\/shure-55sh-ii-e1601485394796.jpg\" alt=\"\" srcset=\"http:\/\/kommentatorenblog.de\/wp-content\/uploads\/2020\/09\/shure-55sh-ii-e1601485394796.jpg 415w, http:\/\/kommentatorenblog.de\/wp-content\/uploads\/2020\/09\/shure-55sh-ii-e1601485394796-142x300.jpg 142w\" sizes=\"auto, (max-width: 10px) 100vw, 10px\" \/><\/strong><\/em> Flo Hauser, Experte: Markus Babbel<br>Moderation: Matthias Opdenh\u00f6vel, Field-Reporter: Bent Mildner<\/p>\n\n\n\n<hr class=\"wp-block-separator\"\/>\n\n\n\n<p><strong>AFC Asian WM-Qualifikation 2026, 5. Spieltag (Sportdigital FUSSBALL)<\/strong><\/p>\n\n\n\n<p><span style=\"text-decoration: underline;\">Donnerstag, 14. November 2024<\/span><\/p>\n\n\n\n<p><strong><em>Australien &#8211; Saudi-Arabien (10.10 Uhr)<\/em><\/strong><br><em><strong><img loading=\"lazy\" decoding=\"async\" width=\"10\" height=\"21\" class=\"wp-image-3656\" style=\"width: 10px;\" src=\"http:\/\/kommentatorenblog.de\/wp-content\/uploads\/2020\/09\/shure-55sh-ii-e1601485394796.jpg\" alt=\"\" srcset=\"http:\/\/kommentatorenblog.de\/wp-content\/uploads\/2020\/09\/shure-55sh-ii-e1601485394796.jpg 415w, http:\/\/kommentatorenblog.de\/wp-content\/uploads\/2020\/09\/shure-55sh-ii-e1601485394796-142x300.jpg 142w\" sizes=\"auto, (max-width: 10px) 100vw, 10px\" \/><\/strong><\/em> Marvin Kirsch<\/p>\n\n\n\n<p><strong><em>Nordkorea &#8211; Iran (13.00 Uhr)<\/em><\/strong><br><em><strong><img loading=\"lazy\" decoding=\"async\" width=\"10\" height=\"21\" class=\"wp-image-3656\" style=\"width: 10px;\" src=\"http:\/\/kommentatorenblog.de\/wp-content\/uploads\/2020\/09\/shure-55sh-ii-e1601485394796.jpg\" alt=\"\" srcset=\"http:\/\/kommentatorenblog.de\/wp-content\/uploads\/2020\/09\/shure-55sh-ii-e1601485394796.jpg 415w, http:\/\/kommentatorenblog.de\/wp-content\/uploads\/2020\/09\/shure-55sh-ii-e1601485394796-142x300.jpg 142w\" sizes=\"auto, (max-width: 10px) 100vw, 10px\" \/><\/strong><\/em> Karsten Linke<\/p>\n\n\n\n<p><strong><em>Kuwait &#8211; S\u00fcdkorea (15.00 Uhr)<\/em><\/strong><br><em><strong><img loading=\"lazy\" decoding=\"async\" width=\"10\" height=\"21\" class=\"wp-image-3656\" style=\"width: 10px;\" src=\"http:\/\/kommentatorenblog.de\/wp-content\/uploads\/2020\/09\/shure-55sh-ii-e1601485394796.jpg\" alt=\"\" srcset=\"http:\/\/kommentatorenblog.de\/wp-content\/uploads\/2020\/09\/shure-55sh-ii-e1601485394796.jpg 415w, http:\/\/kommentatorenblog.de\/wp-content\/uploads\/2020\/09\/shure-55sh-ii-e1601485394796-142x300.jpg 142w\" sizes=\"auto, (max-width: 10px) 100vw, 10px\" \/><\/strong><\/em> Jonathan Dreier<\/p>\n\n\n\n<p><strong><em>Katar &#8211; Usbekistan (17.15 Uhr)<\/em><\/strong><br><em><strong><img loading=\"lazy\" decoding=\"async\" width=\"10\" height=\"21\" class=\"wp-image-3656\" style=\"width: 10px;\" src=\"http:\/\/kommentatorenblog.de\/wp-content\/uploads\/2020\/09\/shure-55sh-ii-e1601485394796.jpg\" alt=\"\" srcset=\"http:\/\/kommentatorenblog.de\/wp-content\/uploads\/2020\/09\/shure-55sh-ii-e1601485394796.jpg 415w, http:\/\/kommentatorenblog.de\/wp-content\/uploads\/2020\/09\/shure-55sh-ii-e1601485394796-142x300.jpg 142w\" sizes=\"auto, (max-width: 10px) 100vw, 10px\" \/><\/strong><\/em> Arne Malsch<\/p>\n\n\n\n<p><span style=\"text-decoration: underline;\">Freitag, 15. November 2024<\/span><\/p>\n\n\n\n<p><strong><em>Indonesien &#8211; Japan (13.00 Uhr)<\/em><\/strong><br><em><strong><img loading=\"lazy\" decoding=\"async\" width=\"10\" height=\"21\" class=\"wp-image-3656\" style=\"width: 10px;\" src=\"http:\/\/kommentatorenblog.de\/wp-content\/uploads\/2020\/09\/shure-55sh-ii-e1601485394796.jpg\" alt=\"\" srcset=\"http:\/\/kommentatorenblog.de\/wp-content\/uploads\/2020\/09\/shure-55sh-ii-e1601485394796.jpg 415w, http:\/\/kommentatorenblog.de\/wp-content\/uploads\/2020\/09\/shure-55sh-ii-e1601485394796-142x300.jpg 142w\" sizes=\"auto, (max-width: 10px) 100vw, 10px\" \/><\/strong><\/em> Marvin Kirsch<\/p>\n\n\n\n<p><strong>6. Spieltag<\/strong><\/p>\n\n\n\n<p><span style=\"text-decoration: underline;\">Dienstag, 19. November 2024<\/span><\/p>\n\n\n\n<p><strong><em>China &#8211; Japan (13.00 Uhr)<\/em><\/strong><br><em><strong><img loading=\"lazy\" decoding=\"async\" width=\"10\" height=\"21\" class=\"wp-image-3656\" style=\"width: 10px;\" src=\"http:\/\/kommentatorenblog.de\/wp-content\/uploads\/2020\/09\/shure-55sh-ii-e1601485394796.jpg\" alt=\"\" srcset=\"http:\/\/kommentatorenblog.de\/wp-content\/uploads\/2020\/09\/shure-55sh-ii-e1601485394796.jpg 415w, http:\/\/kommentatorenblog.de\/wp-content\/uploads\/2020\/09\/shure-55sh-ii-e1601485394796-142x300.jpg 142w\" sizes=\"auto, (max-width: 10px) 100vw, 10px\" \/><\/strong><\/em> Marvin Kirsch<\/p>\n\n\n\n<p><strong><em>Pal\u00e4stina &#8211; S\u00fcdkorea (15.00 Uhr)<\/em><\/strong><br><em><strong><img loading=\"lazy\" decoding=\"async\" width=\"10\" height=\"21\" class=\"wp-image-3656\" style=\"width: 10px;\" src=\"http:\/\/kommentatorenblog.de\/wp-content\/uploads\/2020\/09\/shure-55sh-ii-e1601485394796.jpg\" alt=\"\" srcset=\"http:\/\/kommentatorenblog.de\/wp-content\/uploads\/2020\/09\/shure-55sh-ii-e1601485394796.jpg 415w, http:\/\/kommentatorenblog.de\/wp-content\/uploads\/2020\/09\/shure-55sh-ii-e1601485394796-142x300.jpg 142w\" sizes=\"auto, (max-width: 10px) 100vw, 10px\" \/><\/strong><\/em> Jonathan Dreier<\/p>\n\n\n\n<p><strong><em>Vereinigte Arabische Emirate &#8211; Katar (17.00 Uhr)<\/em><\/strong><br><em><strong><img loading=\"lazy\" decoding=\"async\" width=\"10\" height=\"21\" class=\"wp-image-3656\" style=\"width: 10px;\" src=\"http:\/\/kommentatorenblog.de\/wp-content\/uploads\/2020\/09\/shure-55sh-ii-e1601485394796.jpg\" alt=\"\" srcset=\"http:\/\/kommentatorenblog.de\/wp-content\/uploads\/2020\/09\/shure-55sh-ii-e1601485394796.jpg 415w, http:\/\/kommentatorenblog.de\/wp-content\/uploads\/2020\/09\/shure-55sh-ii-e1601485394796-142x300.jpg 142w\" sizes=\"auto, (max-width: 10px) 100vw, 10px\" \/><\/strong><\/em> <s>Christian Blunck<\/s> Ulf Kahmke<\/p>\n\n\n\n<p><strong><em>Bahrain &#8211; Australien (19.15 Uhr)<\/em><\/strong><br><em><strong><img loading=\"lazy\" decoding=\"async\" width=\"10\" height=\"21\" class=\"wp-image-3656\" style=\"width: 10px;\" src=\"http:\/\/kommentatorenblog.de\/wp-content\/uploads\/2020\/09\/shure-55sh-ii-e1601485394796.jpg\" alt=\"\" srcset=\"http:\/\/kommentatorenblog.de\/wp-content\/uploads\/2020\/09\/shure-55sh-ii-e1601485394796.jpg 415w, http:\/\/kommentatorenblog.de\/wp-content\/uploads\/2020\/09\/shure-55sh-ii-e1601485394796-142x300.jpg 142w\" sizes=\"auto, (max-width: 10px) 100vw, 10px\" \/><\/strong><\/em> Martin Hahn<\/p>\n\n\n\n<hr class=\"wp-block-separator\"\/>\n\n\n\n<p><strong>Afrika-Cup Qualifikation 2025, 5. Spieltag (Sportdigital FUSSBALL)<\/strong><\/p>\n\n\n\n<p><span style=\"text-decoration: underline;\">Donnerstag, 14. November 2024<\/span><\/p>\n\n\n\n<p><strong><em>Benin &#8211; Nigeria (20.00 Uhr)<\/em><\/strong><br><em><strong><img loading=\"lazy\" decoding=\"async\" width=\"10\" height=\"21\" class=\"wp-image-3656\" style=\"width: 10px;\" src=\"http:\/\/kommentatorenblog.de\/wp-content\/uploads\/2020\/09\/shure-55sh-ii-e1601485394796.jpg\" alt=\"\" srcset=\"http:\/\/kommentatorenblog.de\/wp-content\/uploads\/2020\/09\/shure-55sh-ii-e1601485394796.jpg 415w, http:\/\/kommentatorenblog.de\/wp-content\/uploads\/2020\/09\/shure-55sh-ii-e1601485394796-142x300.jpg 142w\" sizes=\"auto, (max-width: 10px) 100vw, 10px\" \/><\/strong><\/em> Ulf Kahmke<\/p>\n\n\n\n<p><span style=\"text-decoration: underline;\">Freitag, 15. November 2024<\/span><\/p>\n\n\n\n<p><strong><em>Sambia &#8211; Elfenbeink\u00fcste (17.00 Uhr)<\/em><\/strong><br><em><strong><img loading=\"lazy\" decoding=\"async\" width=\"10\" height=\"21\" class=\"wp-image-3656\" style=\"width: 10px;\" src=\"http:\/\/kommentatorenblog.de\/wp-content\/uploads\/2020\/09\/shure-55sh-ii-e1601485394796.jpg\" alt=\"\" srcset=\"http:\/\/kommentatorenblog.de\/wp-content\/uploads\/2020\/09\/shure-55sh-ii-e1601485394796.jpg 415w, http:\/\/kommentatorenblog.de\/wp-content\/uploads\/2020\/09\/shure-55sh-ii-e1601485394796-142x300.jpg 142w\" sizes=\"auto, (max-width: 10px) 100vw, 10px\" \/><\/strong><\/em> Jonathan Dreier<\/p>\n\n\n\n<p><strong><em>Angola &#8211; Ghana (20.00 Uhr)<\/em><\/strong><br><em><strong><img loading=\"lazy\" decoding=\"async\" width=\"10\" height=\"21\" class=\"wp-image-3656\" style=\"width: 10px;\" src=\"http:\/\/kommentatorenblog.de\/wp-content\/uploads\/2020\/09\/shure-55sh-ii-e1601485394796.jpg\" alt=\"\" srcset=\"http:\/\/kommentatorenblog.de\/wp-content\/uploads\/2020\/09\/shure-55sh-ii-e1601485394796.jpg 415w, http:\/\/kommentatorenblog.de\/wp-content\/uploads\/2020\/09\/shure-55sh-ii-e1601485394796-142x300.jpg 142w\" sizes=\"auto, (max-width: 10px) 100vw, 10px\" \/><\/strong><\/em> J\u00f6rg Steiger<\/p>\n\n\n\n<p><span style=\"text-decoration: underline;\">Samstag, 16. November 2024<\/span><\/p>\n\n\n\n<p><strong><em>Guinea &#8211; DR Kongo (20.00 Uhr)<\/em><\/strong><br><em><strong><img loading=\"lazy\" decoding=\"async\" width=\"10\" height=\"21\" class=\"wp-image-3656\" style=\"width: 10px;\" src=\"http:\/\/kommentatorenblog.de\/wp-content\/uploads\/2020\/09\/shure-55sh-ii-e1601485394796.jpg\" alt=\"\" srcset=\"http:\/\/kommentatorenblog.de\/wp-content\/uploads\/2020\/09\/shure-55sh-ii-e1601485394796.jpg 415w, http:\/\/kommentatorenblog.de\/wp-content\/uploads\/2020\/09\/shure-55sh-ii-e1601485394796-142x300.jpg 142w\" sizes=\"auto, (max-width: 10px) 100vw, 10px\" \/><\/strong><\/em> Marcus Radefeld<\/p>\n\n\n\n<p><strong>6. Spieltag<\/strong><\/p>\n\n\n\n<p><span style=\"text-decoration: underline;\">Sonntag, 17. November 2024<\/span><\/p>\n\n\n\n<p><strong><em>Algerien &#8211; Liberia (17.00 Uhr)<\/em><\/strong><br><em><strong><img loading=\"lazy\" decoding=\"async\" width=\"10\" height=\"21\" class=\"wp-image-3656\" style=\"width: 10px;\" src=\"http:\/\/kommentatorenblog.de\/wp-content\/uploads\/2020\/09\/shure-55sh-ii-e1601485394796.jpg\" alt=\"\" srcset=\"http:\/\/kommentatorenblog.de\/wp-content\/uploads\/2020\/09\/shure-55sh-ii-e1601485394796.jpg 415w, http:\/\/kommentatorenblog.de\/wp-content\/uploads\/2020\/09\/shure-55sh-ii-e1601485394796-142x300.jpg 142w\" sizes=\"auto, (max-width: 10px) 100vw, 10px\" \/><\/strong><\/em> Marcus Radefeld<\/p>\n\n\n\n<p><span style=\"text-decoration: underline;\">Montag, 18. November 2024<\/span><\/p>\n\n\n\n<p><strong><em>Ghana &#8211; Niger (17.00 Uhr)<\/em><\/strong><br><em><strong><img loading=\"lazy\" decoding=\"async\" width=\"10\" height=\"21\" class=\"wp-image-3656\" style=\"width: 10px;\" src=\"http:\/\/kommentatorenblog.de\/wp-content\/uploads\/2020\/09\/shure-55sh-ii-e1601485394796.jpg\" alt=\"\" srcset=\"http:\/\/kommentatorenblog.de\/wp-content\/uploads\/2020\/09\/shure-55sh-ii-e1601485394796.jpg 415w, http:\/\/kommentatorenblog.de\/wp-content\/uploads\/2020\/09\/shure-55sh-ii-e1601485394796-142x300.jpg 142w\" sizes=\"auto, (max-width: 10px) 100vw, 10px\" \/><\/strong><\/em> J\u00f6rg Steiger<\/p>\n\n\n\n<p><strong><em>Tunesien &#8211; Gambia (20.00 Uhr)<\/em><\/strong><br><em><strong><img loading=\"lazy\" decoding=\"async\" width=\"10\" height=\"21\" class=\"wp-image-3656\" style=\"width: 10px;\" src=\"http:\/\/kommentatorenblog.de\/wp-content\/uploads\/2020\/09\/shure-55sh-ii-e1601485394796.jpg\" alt=\"\" srcset=\"http:\/\/kommentatorenblog.de\/wp-content\/uploads\/2020\/09\/shure-55sh-ii-e1601485394796.jpg 415w, http:\/\/kommentatorenblog.de\/wp-content\/uploads\/2020\/09\/shure-55sh-ii-e1601485394796-142x300.jpg 142w\" sizes=\"auto, (max-width: 10px) 100vw, 10px\" \/><\/strong><\/em> Moritz Knorr<\/p>\n\n\n\n<hr class=\"wp-block-separator\"\/>\n\n\n\n<p><strong>Frauen-Bundesliga, 10. Spieltag<\/strong><\/p>\n\n\n\n<p><span style=\"text-decoration: underline;\">Freitag, 15. November 2024, ab 18.15 Uhr (Magenta Sport\/DAZN)<\/span><\/p>\n\n\n\n<p><strong><em>SC Freiburg &#8211; SGS Essen (18.30 Uhr)<\/em><\/strong><\/p>\n\n\n\n<p><em><strong><img loading=\"lazy\" decoding=\"async\" width=\"10\" height=\"21\" class=\"wp-image-3656\" style=\"width: 10px;\" src=\"http:\/\/kommentatorenblog.de\/wp-content\/uploads\/2020\/09\/shure-55sh-ii-e1601485394796.jpg\" alt=\"\" srcset=\"http:\/\/kommentatorenblog.de\/wp-content\/uploads\/2020\/09\/shure-55sh-ii-e1601485394796.jpg 415w, http:\/\/kommentatorenblog.de\/wp-content\/uploads\/2020\/09\/shure-55sh-ii-e1601485394796-142x300.jpg 142w\" sizes=\"auto, (max-width: 10px) 100vw, 10px\" \/><\/strong><\/em> Magenta Sport: Martin Piller<\/p>\n\n\n\n<p><em><strong><img loading=\"lazy\" decoding=\"async\" width=\"10\" height=\"21\" class=\"wp-image-3656\" style=\"width: 10px;\" src=\"http:\/\/kommentatorenblog.de\/wp-content\/uploads\/2020\/09\/shure-55sh-ii-e1601485394796.jpg\" alt=\"\" srcset=\"http:\/\/kommentatorenblog.de\/wp-content\/uploads\/2020\/09\/shure-55sh-ii-e1601485394796.jpg 415w, http:\/\/kommentatorenblog.de\/wp-content\/uploads\/2020\/09\/shure-55sh-ii-e1601485394796-142x300.jpg 142w\" sizes=\"auto, (max-width: 10px) 100vw, 10px\" \/><\/strong><\/em> DAZN: Matthias Naebers<\/p>\n\n\n\n<p><span style=\"text-decoration: underline;\">Samstag, 16. November 2024, ab 13.45 Uhr (Magenta Sport\/DAZN)<\/span><\/p>\n\n\n\n<p><strong><em>VfL Wolfsburg &#8211; 1. FFC Turbine Potsdam (14.00 Uhr)<\/em><\/strong><\/p>\n\n\n\n<p><em><strong><img loading=\"lazy\" decoding=\"async\" width=\"10\" height=\"21\" class=\"wp-image-3656\" style=\"width: 10px;\" src=\"http:\/\/kommentatorenblog.de\/wp-content\/uploads\/2020\/09\/shure-55sh-ii-e1601485394796.jpg\" alt=\"\" srcset=\"http:\/\/kommentatorenblog.de\/wp-content\/uploads\/2020\/09\/shure-55sh-ii-e1601485394796.jpg 415w, http:\/\/kommentatorenblog.de\/wp-content\/uploads\/2020\/09\/shure-55sh-ii-e1601485394796-142x300.jpg 142w\" sizes=\"auto, (max-width: 10px) 100vw, 10px\" \/><\/strong><\/em> Magenta Sport: Michael Seyberth<\/p>\n\n\n\n<p><em><strong><img loading=\"lazy\" decoding=\"async\" width=\"10\" height=\"21\" class=\"wp-image-3656\" style=\"width: 10px;\" src=\"http:\/\/kommentatorenblog.de\/wp-content\/uploads\/2020\/09\/shure-55sh-ii-e1601485394796.jpg\" alt=\"\" srcset=\"http:\/\/kommentatorenblog.de\/wp-content\/uploads\/2020\/09\/shure-55sh-ii-e1601485394796.jpg 415w, http:\/\/kommentatorenblog.de\/wp-content\/uploads\/2020\/09\/shure-55sh-ii-e1601485394796-142x300.jpg 142w\" sizes=\"auto, (max-width: 10px) 100vw, 10px\" \/><\/strong><\/em> DAZN: Oliver Fa\u00dfnacht<\/p>\n\n\n\n<p><span style=\"text-decoration: underline;\">ab 16.55 Uhr (Magenta Sport\/DAZN) bzw. ab 17.05 Uhr (ARD)<\/span><\/p>\n\n\n\n<p><strong><em>TSG Hoffenheim &#8211; Eintracht Frankfurt (17.10 Uhr)<\/em><\/strong><\/p>\n\n\n\n<p><em><strong><img loading=\"lazy\" decoding=\"async\" width=\"10\" height=\"21\" class=\"wp-image-3656\" style=\"width: 10px;\" src=\"http:\/\/kommentatorenblog.de\/wp-content\/uploads\/2020\/09\/shure-55sh-ii-e1601485394796.jpg\" alt=\"\" srcset=\"http:\/\/kommentatorenblog.de\/wp-content\/uploads\/2020\/09\/shure-55sh-ii-e1601485394796.jpg 415w, http:\/\/kommentatorenblog.de\/wp-content\/uploads\/2020\/09\/shure-55sh-ii-e1601485394796-142x300.jpg 142w\" sizes=\"auto, (max-width: 10px) 100vw, 10px\" \/><\/strong><\/em> ARD: Stephanie Baczyk<br>Moderation (ARD): Claus Lufen<\/p>\n\n\n\n<p><em><strong><img loading=\"lazy\" decoding=\"async\" width=\"10\" height=\"21\" class=\"wp-image-3656\" style=\"width: 10px;\" src=\"http:\/\/kommentatorenblog.de\/wp-content\/uploads\/2020\/09\/shure-55sh-ii-e1601485394796.jpg\" alt=\"\" srcset=\"http:\/\/kommentatorenblog.de\/wp-content\/uploads\/2020\/09\/shure-55sh-ii-e1601485394796.jpg 415w, http:\/\/kommentatorenblog.de\/wp-content\/uploads\/2020\/09\/shure-55sh-ii-e1601485394796-142x300.jpg 142w\" sizes=\"auto, (max-width: 10px) 100vw, 10px\" \/><\/strong><\/em> Magenta Sport: Oskar Heirler<\/p>\n\n\n\n<p><em><strong><img loading=\"lazy\" decoding=\"async\" width=\"10\" height=\"21\" class=\"wp-image-3656\" style=\"width: 10px;\" src=\"http:\/\/kommentatorenblog.de\/wp-content\/uploads\/2020\/09\/shure-55sh-ii-e1601485394796.jpg\" alt=\"\" srcset=\"http:\/\/kommentatorenblog.de\/wp-content\/uploads\/2020\/09\/shure-55sh-ii-e1601485394796.jpg 415w, http:\/\/kommentatorenblog.de\/wp-content\/uploads\/2020\/09\/shure-55sh-ii-e1601485394796-142x300.jpg 142w\" sizes=\"auto, (max-width: 10px) 100vw, 10px\" \/><\/strong><\/em> DAZN: Markus Theil<\/p>\n\n\n\n<p><span style=\"text-decoration: underline;\">Sonntag, 17. November 2024, ab 13.45 Uhr (Magenta Sport\/DAZN)<\/span><\/p>\n\n\n\n<p><strong><em>FC Bayern M\u00fcnchen &#8211; FC Carl Zeiss Jena (14.00 Uhr)<\/em><\/strong><\/p>\n\n\n\n<p><em><strong><img loading=\"lazy\" decoding=\"async\" width=\"10\" height=\"21\" class=\"wp-image-3656\" style=\"width: 10px;\" src=\"http:\/\/kommentatorenblog.de\/wp-content\/uploads\/2020\/09\/shure-55sh-ii-e1601485394796.jpg\" alt=\"\" srcset=\"http:\/\/kommentatorenblog.de\/wp-content\/uploads\/2020\/09\/shure-55sh-ii-e1601485394796.jpg 415w, http:\/\/kommentatorenblog.de\/wp-content\/uploads\/2020\/09\/shure-55sh-ii-e1601485394796-142x300.jpg 142w\" sizes=\"auto, (max-width: 10px) 100vw, 10px\" \/><\/strong><\/em> Magenta Sport: Oskar Heirler<\/p>\n\n\n\n<p><em><strong><img loading=\"lazy\" decoding=\"async\" width=\"10\" height=\"21\" class=\"wp-image-3656\" style=\"width: 10px;\" src=\"http:\/\/kommentatorenblog.de\/wp-content\/uploads\/2020\/09\/shure-55sh-ii-e1601485394796.jpg\" alt=\"\" srcset=\"http:\/\/kommentatorenblog.de\/wp-content\/uploads\/2020\/09\/shure-55sh-ii-e1601485394796.jpg 415w, http:\/\/kommentatorenblog.de\/wp-content\/uploads\/2020\/09\/shure-55sh-ii-e1601485394796-142x300.jpg 142w\" sizes=\"auto, (max-width: 10px) 100vw, 10px\" \/><\/strong><\/em> DAZN: Markus Theil<\/p>\n\n\n\n<p><span style=\"text-decoration: underline;\">ab 18.00 Uhr (Magenta Sport) bzw. ab 18.15 Uhr (DAZN)<\/span><\/p>\n\n\n\n<p><strong><em>RB Leipzig &#8211; Bayer 04 Leverkusen (18.30 Uhr)<\/em><\/strong><\/p>\n\n\n\n<p><em><strong><img loading=\"lazy\" decoding=\"async\" width=\"10\" height=\"21\" class=\"wp-image-3656\" style=\"width: 10px;\" src=\"http:\/\/kommentatorenblog.de\/wp-content\/uploads\/2020\/09\/shure-55sh-ii-e1601485394796.jpg\" alt=\"\" srcset=\"http:\/\/kommentatorenblog.de\/wp-content\/uploads\/2020\/09\/shure-55sh-ii-e1601485394796.jpg 415w, http:\/\/kommentatorenblog.de\/wp-content\/uploads\/2020\/09\/shure-55sh-ii-e1601485394796-142x300.jpg 142w\" sizes=\"auto, (max-width: 10px) 100vw, 10px\" \/><\/strong><\/em> Magenta Sport: Martin Piller<br>Moderation (Magenta Sport): Simon K\u00f6pfer, Expertin: Tabea Kemme<\/p>\n\n\n\n<p><em><strong><img loading=\"lazy\" decoding=\"async\" width=\"10\" height=\"21\" class=\"wp-image-3656\" style=\"width: 10px;\" src=\"http:\/\/kommentatorenblog.de\/wp-content\/uploads\/2020\/09\/shure-55sh-ii-e1601485394796.jpg\" alt=\"\" srcset=\"http:\/\/kommentatorenblog.de\/wp-content\/uploads\/2020\/09\/shure-55sh-ii-e1601485394796.jpg 415w, http:\/\/kommentatorenblog.de\/wp-content\/uploads\/2020\/09\/shure-55sh-ii-e1601485394796-142x300.jpg 142w\" sizes=\"auto, (max-width: 10px) 100vw, 10px\" \/><\/strong><\/em> DAZN: Simon Sterzer<\/p>\n\n\n\n<p><span style=\"text-decoration: underline;\">Montag, 18. November 2024, ab 17.45 Uhr (SPORT1\/Magenta Sport\/DAZN)<\/span><\/p>\n\n\n\n<p><strong><em>1. FC K\u00f6ln &#8211; SV Werder Bremen (18.00 Uhr)<\/em><\/strong><\/p>\n\n\n\n<p><em><strong><img loading=\"lazy\" decoding=\"async\" width=\"10\" height=\"21\" class=\"wp-image-3656\" style=\"width: 10px;\" src=\"http:\/\/kommentatorenblog.de\/wp-content\/uploads\/2020\/09\/shure-55sh-ii-e1601485394796.jpg\" alt=\"\" srcset=\"http:\/\/kommentatorenblog.de\/wp-content\/uploads\/2020\/09\/shure-55sh-ii-e1601485394796.jpg 415w, http:\/\/kommentatorenblog.de\/wp-content\/uploads\/2020\/09\/shure-55sh-ii-e1601485394796-142x300.jpg 142w\" sizes=\"auto, (max-width: 10px) 100vw, 10px\" \/><\/strong><\/em> SPORT1: Christina Rann<br>Moderation (SPORT1): Katharina Kleinfeldt<\/p>\n\n\n\n<p><em><strong><img loading=\"lazy\" decoding=\"async\" width=\"10\" height=\"21\" class=\"wp-image-3656\" style=\"width: 10px;\" src=\"http:\/\/kommentatorenblog.de\/wp-content\/uploads\/2020\/09\/shure-55sh-ii-e1601485394796.jpg\" alt=\"\" srcset=\"http:\/\/kommentatorenblog.de\/wp-content\/uploads\/2020\/09\/shure-55sh-ii-e1601485394796.jpg 415w, http:\/\/kommentatorenblog.de\/wp-content\/uploads\/2020\/09\/shure-55sh-ii-e1601485394796-142x300.jpg 142w\" sizes=\"auto, (max-width: 10px) 100vw, 10px\" \/><\/strong><\/em> Magenta Sport: Daniel Wimmer<\/p>\n\n\n\n<p><em><strong><img loading=\"lazy\" decoding=\"async\" width=\"10\" height=\"21\" class=\"wp-image-3656\" style=\"width: 10px;\" src=\"http:\/\/kommentatorenblog.de\/wp-content\/uploads\/2020\/09\/shure-55sh-ii-e1601485394796.jpg\" alt=\"\" srcset=\"http:\/\/kommentatorenblog.de\/wp-content\/uploads\/2020\/09\/shure-55sh-ii-e1601485394796.jpg 415w, http:\/\/kommentatorenblog.de\/wp-content\/uploads\/2020\/09\/shure-55sh-ii-e1601485394796-142x300.jpg 142w\" sizes=\"auto, (max-width: 10px) 100vw, 10px\" \/><\/strong><\/em> DAZN: Nico Seepe<\/p>\n\n\n\n<hr class=\"wp-block-separator\"\/>\n\n\n\n<p><strong>Women&#8217;s Super League, 8. Spieltag (Sky)<\/strong><\/p>\n\n\n\n<p><span style=\"text-decoration: underline;\">Samstag, 16. November 2024, ab 18.20 Uhr<\/span><\/p>\n\n\n\n<p><strong><em>FC Chelsea &#8211; Manchester City (18.30 Uhr)<\/em><\/strong><br><em><strong><img loading=\"lazy\" decoding=\"async\" width=\"10\" height=\"21\" class=\"wp-image-3656\" style=\"width: 10px;\" src=\"http:\/\/kommentatorenblog.de\/wp-content\/uploads\/2020\/09\/shure-55sh-ii-e1601485394796.jpg\" alt=\"\" srcset=\"http:\/\/kommentatorenblog.de\/wp-content\/uploads\/2020\/09\/shure-55sh-ii-e1601485394796.jpg 415w, http:\/\/kommentatorenblog.de\/wp-content\/uploads\/2020\/09\/shure-55sh-ii-e1601485394796-142x300.jpg 142w\" sizes=\"auto, (max-width: 10px) 100vw, 10px\" \/><\/strong><\/em> Marcel Meinert<\/p>\n\n\n\n<hr class=\"wp-block-separator\"\/>\n\n\n\n<p><strong>UEFA Women&#8217;s Champions League, Gruppenphase, 4. Spieltag<\/strong><\/p>\n\n\n\n<p><span style=\"text-decoration: underline;\">Mittwoch, 20. November 2024 (DAZN\/DF1)<\/span><\/p>\n\n\n\n<p><strong><em>VfL Wolfsburg &#8211; Galatasaray Istanbul (18.45 Uhr)<\/em><\/strong><br><em><strong><img loading=\"lazy\" decoding=\"async\" width=\"10\" height=\"21\" class=\"wp-image-3656\" style=\"width: 10px;\" src=\"http:\/\/kommentatorenblog.de\/wp-content\/uploads\/2020\/09\/shure-55sh-ii-e1601485394796.jpg\" alt=\"\" srcset=\"http:\/\/kommentatorenblog.de\/wp-content\/uploads\/2020\/09\/shure-55sh-ii-e1601485394796.jpg 415w, http:\/\/kommentatorenblog.de\/wp-content\/uploads\/2020\/09\/shure-55sh-ii-e1601485394796-142x300.jpg 142w\" sizes=\"auto, (max-width: 10px) 100vw, 10px\" \/><\/strong><\/em> Markus Theil<\/p>\n\n\n\n<p><span style=\"text-decoration: underline;\">Donnerstag, 21. November 2024 (DAZN)<\/span><\/p>\n\n\n\n<p><strong><em>V\u00e5lerenga IF &#8211; FC Bayern M\u00fcnchen (18.45 Uhr)<\/em><\/strong><br><em><strong><img loading=\"lazy\" decoding=\"async\" width=\"10\" height=\"21\" class=\"wp-image-3656\" style=\"width: 10px;\" src=\"http:\/\/kommentatorenblog.de\/wp-content\/uploads\/2020\/09\/shure-55sh-ii-e1601485394796.jpg\" alt=\"\" srcset=\"http:\/\/kommentatorenblog.de\/wp-content\/uploads\/2020\/09\/shure-55sh-ii-e1601485394796.jpg 415w, http:\/\/kommentatorenblog.de\/wp-content\/uploads\/2020\/09\/shure-55sh-ii-e1601485394796-142x300.jpg 142w\" sizes=\"auto, (max-width: 10px) 100vw, 10px\" \/><\/strong><\/em> Simon Sterzer<\/p>\n\n\n\n<p><strong><em>SKN St. P\u00f6lten &#8211; FC Barcelona (21.00 Uhr)<\/em><\/strong><br><em><strong><img loading=\"lazy\" decoding=\"async\" width=\"10\" height=\"21\" class=\"wp-image-3656\" style=\"width: 10px;\" src=\"http:\/\/kommentatorenblog.de\/wp-content\/uploads\/2020\/09\/shure-55sh-ii-e1601485394796.jpg\" alt=\"\" srcset=\"http:\/\/kommentatorenblog.de\/wp-content\/uploads\/2020\/09\/shure-55sh-ii-e1601485394796.jpg 415w, http:\/\/kommentatorenblog.de\/wp-content\/uploads\/2020\/09\/shure-55sh-ii-e1601485394796-142x300.jpg 142w\" sizes=\"auto, (max-width: 10px) 100vw, 10px\" \/><\/strong><\/em> Christoph Fetzer<\/p>\n\n\n\n<hr class=\"wp-block-separator\"\/>\n\n\n\n<p><strong>Bayerischer Landespokal, Viertelfinale (BR)<\/strong><\/p>\n\n\n\n<p><span style=\"text-decoration: underline;\">Samstag, 16. November 2024<\/span><\/p>\n\n\n\n<p><strong><em>TSV 1860 M\u00fcnchen &#8211; SpVgg Unterhaching (14.00 Uhr)<\/em><\/strong><br><em><strong><img loading=\"lazy\" decoding=\"async\" width=\"10\" height=\"21\" class=\"wp-image-3656\" style=\"width: 10px;\" src=\"http:\/\/kommentatorenblog.de\/wp-content\/uploads\/2020\/09\/shure-55sh-ii-e1601485394796.jpg\" alt=\"\" srcset=\"http:\/\/kommentatorenblog.de\/wp-content\/uploads\/2020\/09\/shure-55sh-ii-e1601485394796.jpg 415w, http:\/\/kommentatorenblog.de\/wp-content\/uploads\/2020\/09\/shure-55sh-ii-e1601485394796-142x300.jpg 142w\" sizes=\"auto, (max-width: 10px) 100vw, 10px\" \/><\/strong><\/em> Lukas Sch\u00f6nm\u00fcller<br>Moderation: Sina Wende<\/p>\n\n\n\n<hr class=\"wp-block-separator\"\/>\n\n\n\n<p><strong>Sachsenpokal, Achtelfinale<\/strong> <strong>\/ Th\u00fcringer Landespokal, Viertelfinale<\/strong><\/p>\n\n\n\n<p><span style=\"text-decoration: underline;\">Freitag, 15. November 2024, ab 18.50 Uhr (OSTSPORT.TV)<\/span><\/p>\n\n\n\n<p><strong><em>Dresdner SC &#8211; Chemnitzer FC (19.00 Uhr)<\/em><\/strong><br><em><strong><img loading=\"lazy\" decoding=\"async\" width=\"10\" height=\"21\" class=\"wp-image-3656\" style=\"width: 10px;\" src=\"http:\/\/kommentatorenblog.de\/wp-content\/uploads\/2020\/09\/shure-55sh-ii-e1601485394796.jpg\" alt=\"\" srcset=\"http:\/\/kommentatorenblog.de\/wp-content\/uploads\/2020\/09\/shure-55sh-ii-e1601485394796.jpg 415w, http:\/\/kommentatorenblog.de\/wp-content\/uploads\/2020\/09\/shure-55sh-ii-e1601485394796-142x300.jpg 142w\" sizes=\"auto, (max-width: 10px) 100vw, 10px\" \/><\/strong><\/em> Heiko Mallwitz<br>Moderation: Toni Mielke<\/p>\n\n\n\n<p><span style=\"text-decoration: underline;\">Samstag, 16. November 2024 (MDR)<\/span><\/p>\n\n\n\n<p><strong><em>VfB<\/em><\/strong> <strong><em>Empor Glauchau &#8211; FSV Zwickau (13.00 Uhr)<\/em><\/strong><br><em><strong><img loading=\"lazy\" decoding=\"async\" width=\"10\" height=\"21\" class=\"wp-image-3656\" style=\"width: 10px;\" src=\"http:\/\/kommentatorenblog.de\/wp-content\/uploads\/2020\/09\/shure-55sh-ii-e1601485394796.jpg\" alt=\"\" srcset=\"http:\/\/kommentatorenblog.de\/wp-content\/uploads\/2020\/09\/shure-55sh-ii-e1601485394796.jpg 415w, http:\/\/kommentatorenblog.de\/wp-content\/uploads\/2020\/09\/shure-55sh-ii-e1601485394796-142x300.jpg 142w\" sizes=\"auto, (max-width: 10px) 100vw, 10px\" \/><\/strong><\/em> Markus Herwig (Konferenz)<br>Field-Reporterin: Felicitas H\u00f6lscher<\/p>\n\n\n\n<p><strong><em>FC Einheit Rudolstadt &#8211; FC Carl Zeiss Jena (13.00 Uhr)<\/em><\/strong><br><em><strong><img loading=\"lazy\" decoding=\"async\" width=\"10\" height=\"21\" class=\"wp-image-3656\" style=\"width: 10px;\" src=\"http:\/\/kommentatorenblog.de\/wp-content\/uploads\/2020\/09\/shure-55sh-ii-e1601485394796.jpg\" alt=\"\" srcset=\"http:\/\/kommentatorenblog.de\/wp-content\/uploads\/2020\/09\/shure-55sh-ii-e1601485394796.jpg 415w, http:\/\/kommentatorenblog.de\/wp-content\/uploads\/2020\/09\/shure-55sh-ii-e1601485394796-142x300.jpg 142w\" sizes=\"auto, (max-width: 10px) 100vw, 10px\" \/><\/strong><\/em> Alex K\u00fcpper (Konferenz)<br>Field-Reporter: Christian M\u00fcller<\/p>\n\n\n\n<p><strong><em>FSV<\/em><\/strong> <strong><em>Budissa Bautzen &#8211; 1. FC Lokomotive Leipzig (15.00 Uhr)<\/em><\/strong><br><em><strong><img loading=\"lazy\" decoding=\"async\" width=\"10\" height=\"21\" class=\"wp-image-3656\" style=\"width: 10px;\" src=\"http:\/\/kommentatorenblog.de\/wp-content\/uploads\/2020\/09\/shure-55sh-ii-e1601485394796.jpg\" alt=\"\" srcset=\"http:\/\/kommentatorenblog.de\/wp-content\/uploads\/2020\/09\/shure-55sh-ii-e1601485394796.jpg 415w, http:\/\/kommentatorenblog.de\/wp-content\/uploads\/2020\/09\/shure-55sh-ii-e1601485394796-142x300.jpg 142w\" sizes=\"auto, (max-width: 10px) 100vw, 10px\" \/><\/strong><\/em> Torsten P\u00fcschel<br>Field-Reporter: Toni Mielke<\/p>\n\n\n\n<p>Moderation: Ren\u00e9 Kindermann, Experte: Lutz Lindemann<\/p>\n\n\n\n<p><span style=\"text-decoration: underline;\">Sonntag, 17. November 2024 (MDR.de\/sport)<\/span><\/p>\n\n\n\n<p><strong><em>SV Tapfer Leipzig &#8211; FC Erzgebirge Aue<\/em><\/strong> <strong><em>(13.00 Uhr)<\/em><\/strong><br><em><strong><img loading=\"lazy\" decoding=\"async\" width=\"10\" height=\"21\" class=\"wp-image-3656\" style=\"width: 10px;\" src=\"http:\/\/kommentatorenblog.de\/wp-content\/uploads\/2020\/09\/shure-55sh-ii-e1601485394796.jpg\" alt=\"\" srcset=\"http:\/\/kommentatorenblog.de\/wp-content\/uploads\/2020\/09\/shure-55sh-ii-e1601485394796.jpg 415w, http:\/\/kommentatorenblog.de\/wp-content\/uploads\/2020\/09\/shure-55sh-ii-e1601485394796-142x300.jpg 142w\" sizes=\"auto, (max-width: 10px) 100vw, 10px\" \/><\/strong><\/em> Stephan Weidling<\/p>\n\n\n\n<hr class=\"wp-block-separator\"\/>\n\n\n\n<p><strong>Regionalliga Bayern, 20. Spieltag (BR24Sport)<\/strong><\/p>\n\n\n\n<p><span style=\"text-decoration: underline;\">Freitag, 15. November 2024<\/span><\/p>\n\n\n\n<p><strong><em>FC W\u00fcrzburger Kickers &#8211; SV Wacker Burghausen (19.00 Uhr)<\/em><\/strong><br><em><strong><img loading=\"lazy\" decoding=\"async\" width=\"10\" height=\"21\" class=\"wp-image-3656\" style=\"width: 10px;\" src=\"http:\/\/kommentatorenblog.de\/wp-content\/uploads\/2020\/09\/shure-55sh-ii-e1601485394796.jpg\" alt=\"\" srcset=\"http:\/\/kommentatorenblog.de\/wp-content\/uploads\/2020\/09\/shure-55sh-ii-e1601485394796.jpg 415w, http:\/\/kommentatorenblog.de\/wp-content\/uploads\/2020\/09\/shure-55sh-ii-e1601485394796-142x300.jpg 142w\" sizes=\"auto, (max-width: 10px) 100vw, 10px\" \/><\/strong><\/em> <s>Lukas Sch\u00f6nm\u00fcller<\/s> Marcel Seufert<\/p>\n\n\n\n<hr class=\"wp-block-separator\"\/>\n\n\n\n<p><strong>Regionalliga West, 12. Spieltag, Nachholspiel (Sporttotal)<\/strong><\/p>\n\n\n\n<p><span style=\"text-decoration: underline;\">Freitag, 15. November 2024<\/span><\/p>\n\n\n\n<p><strong><em>T\u00fcrkspor Dortmund &#8211; FC Schalke 04 II (19.30 Uhr)<\/em><\/strong><br><em><strong><img loading=\"lazy\" decoding=\"async\" width=\"10\" height=\"21\" class=\"wp-image-3656\" style=\"width: 10px;\" src=\"http:\/\/kommentatorenblog.de\/wp-content\/uploads\/2020\/09\/shure-55sh-ii-e1601485394796.jpg\" alt=\"\" srcset=\"http:\/\/kommentatorenblog.de\/wp-content\/uploads\/2020\/09\/shure-55sh-ii-e1601485394796.jpg 415w, http:\/\/kommentatorenblog.de\/wp-content\/uploads\/2020\/09\/shure-55sh-ii-e1601485394796-142x300.jpg 142w\" sizes=\"auto, (max-width: 10px) 100vw, 10px\" \/><\/strong><\/em> Johannes H\u00fclstrung<\/p>\n\n\n\n<hr class=\"wp-block-separator\"\/>\n\n\n\n<p><strong>2. Frauen-Bundesliga, 11. Spieltag (Sporttotal)<\/strong><\/p>\n\n\n\n<p><span style=\"text-decoration: underline;\">Samstag, 16. November 2024<\/span><\/p>\n\n\n\n<p><strong><em>1. FC Union Berlin &#8211; SC Freiburg II (14.00 Uhr)<\/em><\/strong><br><em><strong><img loading=\"lazy\" decoding=\"async\" width=\"10\" height=\"21\" class=\"wp-image-3656\" style=\"width: 10px;\" src=\"http:\/\/kommentatorenblog.de\/wp-content\/uploads\/2020\/09\/shure-55sh-ii-e1601485394796.jpg\" alt=\"\" srcset=\"http:\/\/kommentatorenblog.de\/wp-content\/uploads\/2020\/09\/shure-55sh-ii-e1601485394796.jpg 415w, http:\/\/kommentatorenblog.de\/wp-content\/uploads\/2020\/09\/shure-55sh-ii-e1601485394796-142x300.jpg 142w\" sizes=\"auto, (max-width: 10px) 100vw, 10px\" \/><\/strong><\/em> ???<\/p>\n\n\n\n<p><strong><em>Eintracht Frankfurt II &#8211; SG 99 Andernach (14.00 Uhr)<\/em><\/strong><br><em><strong><img loading=\"lazy\" decoding=\"async\" width=\"10\" height=\"21\" class=\"wp-image-3656\" style=\"width: 10px;\" src=\"http:\/\/kommentatorenblog.de\/wp-content\/uploads\/2020\/09\/shure-55sh-ii-e1601485394796.jpg\" alt=\"\" srcset=\"http:\/\/kommentatorenblog.de\/wp-content\/uploads\/2020\/09\/shure-55sh-ii-e1601485394796.jpg 415w, http:\/\/kommentatorenblog.de\/wp-content\/uploads\/2020\/09\/shure-55sh-ii-e1601485394796-142x300.jpg 142w\" sizes=\"auto, (max-width: 10px) 100vw, 10px\" \/><\/strong><\/em> <s>Florian Diettrich<\/s> unkommentiert aufgrund technischer Probleme<\/p>\n\n\n\n<p><span style=\"text-decoration: underline;\">Sonntag, 17. November 2024<\/span><\/p>\n\n\n\n<p><strong><em>FC Bayern M\u00fcnchen II &#8211; Borussia M\u00f6nchengladbach (11.00 Uhr)<\/em><\/strong><br><em><strong><img loading=\"lazy\" decoding=\"async\" width=\"10\" height=\"21\" class=\"wp-image-3656\" style=\"width: 10px;\" src=\"http:\/\/kommentatorenblog.de\/wp-content\/uploads\/2020\/09\/shure-55sh-ii-e1601485394796.jpg\" alt=\"\" srcset=\"http:\/\/kommentatorenblog.de\/wp-content\/uploads\/2020\/09\/shure-55sh-ii-e1601485394796.jpg 415w, http:\/\/kommentatorenblog.de\/wp-content\/uploads\/2020\/09\/shure-55sh-ii-e1601485394796-142x300.jpg 142w\" sizes=\"auto, (max-width: 10px) 100vw, 10px\" \/><\/strong><\/em> Tom Rosenberger<\/p>\n\n\n\n<p><strong><em>SV 67 Weinberg &#8211; SC Sand (14.00 Uhr)<\/em><\/strong><br><em><strong><img loading=\"lazy\" decoding=\"async\" width=\"10\" height=\"21\" class=\"wp-image-3656\" style=\"width: 10px;\" src=\"http:\/\/kommentatorenblog.de\/wp-content\/uploads\/2020\/09\/shure-55sh-ii-e1601485394796.jpg\" alt=\"\" srcset=\"http:\/\/kommentatorenblog.de\/wp-content\/uploads\/2020\/09\/shure-55sh-ii-e1601485394796.jpg 415w, http:\/\/kommentatorenblog.de\/wp-content\/uploads\/2020\/09\/shure-55sh-ii-e1601485394796-142x300.jpg 142w\" sizes=\"auto, (max-width: 10px) 100vw, 10px\" \/><\/strong><\/em> Till Kleindiek<\/p>\n\n\n\n<p><strong><em>Hamburger SV &#8211; 1. FC N\u00fcrnberg (14.00 Uhr)<\/em><\/strong><br><em><strong><img loading=\"lazy\" decoding=\"async\" width=\"10\" height=\"21\" class=\"wp-image-3656\" style=\"width: 10px;\" src=\"http:\/\/kommentatorenblog.de\/wp-content\/uploads\/2020\/09\/shure-55sh-ii-e1601485394796.jpg\" alt=\"\" srcset=\"http:\/\/kommentatorenblog.de\/wp-content\/uploads\/2020\/09\/shure-55sh-ii-e1601485394796.jpg 415w, http:\/\/kommentatorenblog.de\/wp-content\/uploads\/2020\/09\/shure-55sh-ii-e1601485394796-142x300.jpg 142w\" sizes=\"auto, (max-width: 10px) 100vw, 10px\" \/><\/strong><\/em> Constantin Eckner<\/p>\n\n\n\n<p><strong><em>FSV G\u00fctersloh &#8211; FC Ingolstadt 04 (14.00 Uhr)<\/em><\/strong><br><em><strong><img loading=\"lazy\" decoding=\"async\" width=\"10\" height=\"21\" class=\"wp-image-3656\" style=\"width: 10px;\" src=\"http:\/\/kommentatorenblog.de\/wp-content\/uploads\/2020\/09\/shure-55sh-ii-e1601485394796.jpg\" alt=\"\" srcset=\"http:\/\/kommentatorenblog.de\/wp-content\/uploads\/2020\/09\/shure-55sh-ii-e1601485394796.jpg 415w, http:\/\/kommentatorenblog.de\/wp-content\/uploads\/2020\/09\/shure-55sh-ii-e1601485394796-142x300.jpg 142w\" sizes=\"auto, (max-width: 10px) 100vw, 10px\" \/><\/strong><\/em> Marvin Domalewski<\/p>\n\n\n\n<p><strong><em>VfL Bochum &#8211; SV Meppen (14.00 Uhr)<\/em><\/strong><br><em><strong><img loading=\"lazy\" decoding=\"async\" width=\"10\" height=\"21\" class=\"wp-image-3656\" style=\"width: 10px;\" src=\"http:\/\/kommentatorenblog.de\/wp-content\/uploads\/2020\/09\/shure-55sh-ii-e1601485394796.jpg\" alt=\"\" srcset=\"http:\/\/kommentatorenblog.de\/wp-content\/uploads\/2020\/09\/shure-55sh-ii-e1601485394796.jpg 415w, http:\/\/kommentatorenblog.de\/wp-content\/uploads\/2020\/09\/shure-55sh-ii-e1601485394796-142x300.jpg 142w\" sizes=\"auto, (max-width: 10px) 100vw, 10px\" \/><\/strong><\/em> Johannes H\u00fclstrung<\/p>\n\n\n\n<hr class=\"wp-block-separator\"\/>\n\n\n\n<p><strong>Liga Profesional, 23. Spieltag (Sportdigital FUSSBALL)<\/strong><\/p>\n\n\n\n<p><span style=\"text-decoration: underline;\">Sonntag, 17. November 2024<\/span><\/p>\n\n\n\n<p><strong><em>CA San Lorenzo &#8211; Racing Club (21.30 Uhr)<\/em><\/strong><br><em><strong><img loading=\"lazy\" decoding=\"async\" width=\"10\" height=\"21\" class=\"wp-image-3656\" style=\"width: 10px;\" src=\"http:\/\/kommentatorenblog.de\/wp-content\/uploads\/2020\/09\/shure-55sh-ii-e1601485394796.jpg\" alt=\"\" srcset=\"http:\/\/kommentatorenblog.de\/wp-content\/uploads\/2020\/09\/shure-55sh-ii-e1601485394796.jpg 415w, http:\/\/kommentatorenblog.de\/wp-content\/uploads\/2020\/09\/shure-55sh-ii-e1601485394796-142x300.jpg 142w\" sizes=\"auto, (max-width: 10px) 100vw, 10px\" \/><\/strong><\/em> Moritz Knorr<\/p>\n\n\n\n<p><span style=\"text-decoration: underline;\">Mittwoch, 20. November 2024<\/span><\/p>\n\n\n\n<p><strong><em>CA Velez Sarsfield &#8211; CA Lanus (23.15 Uhr)<\/em><\/strong><br><em><strong><img loading=\"lazy\" decoding=\"async\" width=\"10\" height=\"21\" class=\"wp-image-3656\" style=\"width: 10px;\" src=\"http:\/\/kommentatorenblog.de\/wp-content\/uploads\/2020\/09\/shure-55sh-ii-e1601485394796.jpg\" alt=\"\" srcset=\"http:\/\/kommentatorenblog.de\/wp-content\/uploads\/2020\/09\/shure-55sh-ii-e1601485394796.jpg 415w, http:\/\/kommentatorenblog.de\/wp-content\/uploads\/2020\/09\/shure-55sh-ii-e1601485394796-142x300.jpg 142w\" sizes=\"auto, (max-width: 10px) 100vw, 10px\" \/><\/strong><\/em> Ulf Kahmke<\/p>\n\n\n\n<hr class=\"wp-block-separator\"\/>\n\n\n\n<p><strong>Sonstiges<\/strong><\/p>\n\n\n\n<p><span style=\"text-decoration: underline;\">Sonntag, 17. November 2024, ab 13.30 Uhr (MagentaTV\/Magenta Sport)<\/span><\/p>\n\n\n\n<p><strong><em>Telekom Starkick u. a. mit FC Bayern Legends<\/em><\/strong><br><em><strong><img loading=\"lazy\" decoding=\"async\" width=\"10\" height=\"21\" class=\"wp-image-3656\" style=\"width: 10px;\" src=\"http:\/\/kommentatorenblog.de\/wp-content\/uploads\/2020\/09\/shure-55sh-ii-e1601485394796.jpg\" alt=\"\" srcset=\"http:\/\/kommentatorenblog.de\/wp-content\/uploads\/2020\/09\/shure-55sh-ii-e1601485394796.jpg 415w, http:\/\/kommentatorenblog.de\/wp-content\/uploads\/2020\/09\/shure-55sh-ii-e1601485394796-142x300.jpg 142w\" sizes=\"auto, (max-width: 10px) 100vw, 10px\" \/><\/strong><\/em> Wolff Fuss<br>Moderation: Anna Kraft<\/p>\n\n\n\n<p><span style=\"text-decoration: underline;\">Mittwoch, 20. November 2024 (Sky)<\/span><\/p>\n\n\n\n<p><strong><em>BVB Legenden &#8211; Flamengo Legenden (20.00 Uhr)<\/em><\/strong><br><em><strong><img loading=\"lazy\" decoding=\"async\" width=\"10\" height=\"21\" class=\"wp-image-3656\" style=\"width: 10px;\" src=\"http:\/\/kommentatorenblog.de\/wp-content\/uploads\/2020\/09\/shure-55sh-ii-e1601485394796.jpg\" alt=\"\" srcset=\"http:\/\/kommentatorenblog.de\/wp-content\/uploads\/2020\/09\/shure-55sh-ii-e1601485394796.jpg 415w, http:\/\/kommentatorenblog.de\/wp-content\/uploads\/2020\/09\/shure-55sh-ii-e1601485394796-142x300.jpg 142w\" sizes=\"auto, (max-width: 10px) 100vw, 10px\" \/><\/strong><\/em> Martin Weinberger<\/p>\n\n\n\n<hr class=\"wp-block-separator\"\/>\n\n\n\n<p><strong>Die Analyse<\/strong><\/p>\n\n\n\n<p>Die UEFA Nations League ist wie gewohnt \u00fcberwiegend bei DAZN zu sehen, viele &#8222;Stammkr\u00e4fte&#8220; wie Seepe, Siebald, Gross, Hauser oder Putz kommentieren, die Auslands-Spezialisten Uli Hebel (England), Carsten Fu\u00df (Italien) und Stefan Galler (Frankreich) d\u00fcrfen nat\u00fcrlich auch nicht fehlen. Mario Rieker, ebenfalls Italien-Fachmann, weicht diesmal allerdings auf Spanien &#8211; Schweiz aus.<\/p>\n\n\n\n<p>Die beiden Spiele der deutschen Nationalmannschaft werden erneut von RTL und ZDF \u00fcbertragen. Auch wenn die ARD mittlerweile einen gemeinsamen Vertrag mit dem ZDF f\u00fcr \u00dcbertragungen von L\u00e4nderspielen mit deutscher Beteiligung einschlie\u00dflich der Nations League unterschrieben hat, scheint die Verteilung der Spiele so geregelt zu sein, dass die ARD keine Nations-League-Spiele im TV zeigt. Im Audio begleitet man nat\u00fcrlich dennoch alle Spiele. Dem Vernehmen nach ist der Status der Nations League als Wettbewerb von \u00f6ffentlichem Interesse innerhalb der ARD umstritten, was den Abschluss des Vertrags auch erheblich verz\u00f6gerte. Sp\u00e4testens bei den \u00dcbertragungen der WM-Qualifikation wird die ARD vermutlich wieder mitmischen. Wann diese f\u00fcr Deutschland beginnt, h\u00e4ngt davon ab, wie weit man es in der Nations League schafft. Schafft man es ins Final Four, w\u00e4ren die n\u00e4chsten Spiele au\u00dferhalb der Nations League erst im September 2025. Ob die ARD sich zuvor bei einem m\u00f6glichen Titelgewinn vielleicht doch beteiligt, wird man sehen.<\/p>\n\n\n\n<p>Das R\u00fcckspiel der deutschen Mannschaft am Samstag gegen Bosnien-Herzegowina in Freiburg kommentieren selbstredend Marco Hagemann und Lothar Matth\u00e4us f\u00fcr RTL, Laura Papendick f\u00fchrt diesmal anstelle des f\u00e4lschlicherweise bei sport.de angek\u00fcndigten Florian K\u00f6nig durch die \u00dcbertragung, w\u00e4hrend Felix G\u00f6rner und Jonas Gerdes Stimmen einfangen. Am Dienstag reist das ZDF-Team nach Budapest und k\u00fcmmert sich um das R\u00fcckspiel gegen die ungarische Auswahl. Oliver Schmidt ist mittlerweile quasi das ZDF-Pendant zu Hagemann und kommentiert seit B\u00e9la R\u00e9thys Abschied weiterhin alle DFB-L\u00e4nderspiele im ZDF. Moderator ist Jochen Breyer, vom Expertentrio fehlt diesmal Christoph Kramer, der demn\u00e4chst an der Kleinfeld-WM teilnehmen wird.<\/p>\n\n\n\n<p>Auch die deutsche U21 ist wieder aktiv: nachdem die EM-Qualifikation erfolgreich gemeistert wurde, beginnen nun die Vorbereitungsspiele f\u00fcr das Turnier im kommenden Sommer. Zun\u00e4chst geht es am Freitag in Aachen gegen D\u00e4nemark und am Dienstag in Valenciennes gegen Frankreich. Zum Einsatz bei ProSieben MAXX kommen die Duos B\u00fcchner\/Rinast und Hauser\/Babbel. Matthias Opdenh\u00f6vel moderiert beide Spiele, ersteres im Stadion und die Ausw\u00e4rtspartie wie gewohnt aus dem Studio in M\u00fcnchen. Ebenfalls an beiden \u00dcbertragungen beteiligt ist erneut Zielke-Nachfolger Bent Mildner, der jeweils f\u00fcr Interviews vor Ort sein wird.<\/p>\n\n\n\n<p>Sportdigital bietet erneut das L\u00e4nderspielprogramm au\u00dferhalb Europas an, die WM-Qualifikation in Asien sowie die letzten Spiele der Qualifikation f\u00fcr den Afrika Cup 2025. Vereinsfu\u00dfball im Profibereich der M\u00e4nner gibt es an diesem Wochenende nur in S\u00fcdamerika, wodurch auch zwei Spiele der Liga Profesional auf dem Plan stehen.<\/p>\n\n\n\n<p>Viel Vereinsfu\u00dfball steht in der kommenden Woche allerdings im Frauenbereich an, zun\u00e4chst der 10. Spieltag der Frauen-Bundesliga, bevor in der n\u00e4chsten Woche bereits wieder die n\u00e4chsten Partien der Women&#8217;s Champions League folgen. Anstelle der gewohnten Sportschau nimmt die ARD die Begegnung zwischen der TSG Hoffenheim und der \u00dcberraschungsmannschaft der Eintracht aus Frankfurt ins Programm. Angesichts der begrenzten Sendezeit wird auf eine\/n Field-Reporter\/in verzichtet, genauso auf eine Expertin anstelle von Almuth Schult, die mit Kansas City Current im Playoff-Halbfinale der NWSL steht, in der Halbzeitpause wird Claus Lufen allerdings mit der DFB-Co-Trainerin Saskia Bartusiak sprechen. Die Wahl von Stephanie Baczyk als Kommentatorin \u00fcberrascht in Anbetracht des Standortes Sinsheim etwas, \u00fcbernehmen die Spiele in S\u00fcddeutschland doch meist Christina Graf oder Bernd Schmelzer, der sich am Wochenende allerdings um den Ski-Weltcup im BR Fernsehen k\u00fcmmern wird.<\/p>\n\n\n\n<p>Ebenjener Ski-Weltcup rahmt am Samstag den Landespokal-Kracher zwischen dem TSV 1860 M\u00fcnchen und der SpVgg Unterhaching ein, der f\u00fcr die TV-\u00dcbertragung vom Oktober extra verschoben wurde. Lukas Sch\u00f6nm\u00fcller kommentiert das Spiel, w\u00e4hrend Sina Wende moderiert. In Bayern geht ansonsten der Ligabetrieb unterhalb der 3. Liga ganz normal weiter, <s>so kommentiert Sch\u00f6nm\u00fcller am Tag zuvor auch das Aufeinandertreffen der W\u00fcrzburger Kickers und des SV Wacker Burghausen in der Regionalliga Bayern.<\/s> <strong>Update:<\/strong> Sch\u00f6nm\u00fcller konzentriert sich auf den Landespokal, das Regionalligaspiel W\u00fcrzburg &#8211; Burghausen nimmt ihm Marcel Seufert ab.<\/p>\n\n\n\n<p>Viel los ist auch beim MDR: insgesamt vier Begegnungen der Landespokale Sachsen und Th\u00fcringen werden \u00fcbertragen, dazu kommt noch eine weitere Sachsenpokal-\u00dcbertragung bei OSTSPORT.TV. Am Samstag l\u00e4uft ab 13 Uhr eine Zweier- anstelle der urspr\u00fcnglich angedachten Dreierkonferenz, nachdem der Verbandsligist Blau-Wei\u00df D\u00f6lau die Organisation des Duells mit dem gro\u00dfen Stadtrivalen Hallescher FC in einer zugegeben recht kurzen Frist nicht rechtzeitig stemmen konnte. Das Spiel der beiden Klubs aus Sachsen-Anhalt wird daher erst am 25. Januar 2025 stattfinden. Sport-im-Osten-Zuschauer werden in den Ansetzungen den Chef-Kommentator Eik Galley vermissen, der sich neben Bernd Schmelzer ebenfalls bereits um Wintersport k\u00fcmmert: den Skeleton-Weltcup am Samstag und Sonntag jeweils ab 8 Uhr im Sportschau-Livestream.<\/p>\n\n\n\n<p>Des Weiteren bieten MagentaTV und Magenta Sport am Sonntag ein Hallenevent der Konzernmutter Telekom an, wo sich feststellen l\u00e4sst, dass die Zusammenarbeit mit Wolff Fuss und Anna Kraft weiterhin auch au\u00dferhalb gro\u00dfer Turniere aufrecht erhalten wird. Sky zeigt am Mittwoch das Gedenkspiel f\u00fcr den vor bald 2 Jahren verstorbenen Pel\u00e9 zwischen den Legendenauswahlen von Borussia Dortmund und Flamengo Rio de Janeiro.<\/p>\n\n\n\n<p>Somit ist klar, dass man trotz Bundesliga-Pause viel Fu\u00dfball-Auswahl zur Verf\u00fcgung hat. Genie\u00dft die Woche, der n\u00e4chste Beitrag wird dann erst am kommenden Donnerstag ver\u00f6ffentlicht, wenn es mit der Bundesliga weitergeht &#8211; und die Rechtevergabe kurz bevorsteht.<\/p>\n\n\n\n<p>Bis bald!<\/p>\n","protected":false},"excerpt":{"rendered":"<p>N&#8217;Abend allerseits, ein letztes Mal geht es in diesem Jahr in die L\u00e4nderspielpause, die letzten beiden Spieltage der Nations League entscheiden \u00fcber den Ausgang der Gruppenphase und die Teilnahme an der KO-Runde im kommenden Sommer. Bereits im M\u00e4rz geht es in Europa mit der Qualifikation f\u00fcr die WM 2026 los &#8211; und mit der KO-Phase [&hellip;]<\/p>\n","protected":false},"author":17,"featured_media":0,"comment_status":"open","ping_status":"open","sticky":false,"template":"","format":"standard","meta":{"footnotes":""},"categories":[426],"tags":[163,920,517,19,263,1058,240,178,131,499,57,760,657,302,636,1012,1101,13,1017,1260,611,132,1207,120,1140,155,92,39,1036,647,507,58,59,585,962,75,31,205,526,9,542,70,276,43,503,243,587,118,239,649,130,71,1242,581,223,101,283,279,17,742,1261,634,715,191,665,109,293,1041,161,137,966,525,138,415,696,1032,22,66,134,985,154,524,620,639,1257,152,1219,1008,705,402,105,107,37],"class_list":["post-19642","post","type-post","status-publish","format-standard","hentry","category-laenderspiele","tag-alexander-kuepper","tag-amelie-stiefvatter","tag-anna-kraft","tag-ard","tag-arne-malsch","tag-bent-mildner","tag-boris-buechler","tag-br","tag-carsten-fuss","tag-chris-putz","tag-christian-blunck","tag-christian-mueller","tag-christina-rann","tag-christoph-fetzer","tag-claus-lufen","tag-constantin-eckner","tag-daniel-wimmer","tag-dazn","tag-df1","tag-felicitas-hoelscher","tag-felix-goerner","tag-flo-hauser","tag-florian-diettrich","tag-franz-buechner","tag-friederike-kromp","tag-guido-huesgen","tag-heiko-mallwitz","tag-jochen-breyer","tag-johannes-huelstrung","tag-jonas-gerdes","tag-jonathan-dreier","tag-joerg-steiger","tag-karsten-linke","tag-katharina-kleinfeldt","tag-korbinian-rundel","tag-laura-papendick","tag-lothar-matthaeus","tag-lukas-schoenmueller","tag-lutz-lindemann","tag-magenta-sport","tag-magentatv","tag-marcel-meinert","tag-marcel-seufert","tag-marco-hagemann","tag-marcus-radefeld","tag-mario-rieker","tag-markus-babbel","tag-markus-herwig","tag-markus-theil","tag-martin-hahn","tag-martin-piller","tag-martin-weinberger","tag-marvin-domalewski","tag-marvin-kirsch","tag-matthias-naebers","tag-matthias-opdenhoevel","tag-max-gross","tag-max-siebald","tag-mdr","tag-michael-brandes","tag-michael-hefele","tag-michael-seyberth","tag-moritz-knorr","tag-nico-seepe","tag-oliver-fassnacht-2","tag-oliver-schmidt","tag-oskar-heirler","tag-ostsport-tv","tag-per-mertesacker","tag-prosieben-maxx","tag-rachel-rinast","tag-rene-kindermann","tag-rtl","tag-simon-koepfer","tag-simon-sterzer","tag-sina-wende","tag-sky","tag-sport1","tag-sportdigital-fussball","tag-sporttotal","tag-stefan-galler","tag-stephan-weidling","tag-stephanie-baczyk","tag-tabea-kemme","tag-till-kleindiek","tag-tobi-fischbeck","tag-tom-rosenberger","tag-toni-mielke","tag-torsten-pueschel","tag-ulf-kahmke","tag-uli-hebel","tag-wolff-fuss","tag-zdf"],"_links":{"self":[{"href":"http:\/\/kommentatorenblog.de\/index.php?rest_route=\/wp\/v2\/posts\/19642","targetHints":{"allow":["GET"]}}],"collection":[{"href":"http:\/\/kommentatorenblog.de\/index.php?rest_route=\/wp\/v2\/posts"}],"about":[{"href":"http:\/\/kommentatorenblog.de\/index.php?rest_route=\/wp\/v2\/types\/post"}],"author":[{"embeddable":true,"href":"http:\/\/kommentatorenblog.de\/index.php?rest_route=\/wp\/v2\/users\/17"}],"replies":[{"embeddable":true,"href":"http:\/\/kommentatorenblog.de\/index.php?rest_route=%2Fwp%2Fv2%2Fcomments&post=19642"}],"version-history":[{"count":59,"href":"http:\/\/kommentatorenblog.de\/index.php?rest_route=\/wp\/v2\/posts\/19642\/revisions"}],"predecessor-version":[{"id":19722,"href":"http:\/\/kommentatorenblog.de\/index.php?rest_route=\/wp\/v2\/posts\/19642\/revisions\/19722"}],"wp:attachment":[{"href":"http:\/\/kommentatorenblog.de\/index.php?rest_route=%2Fwp%2Fv2%2Fmedia&parent=19642"}],"wp:term":[{"taxonomy":"category","embeddable":true,"href":"http:\/\/kommentatorenblog.de\/index.php?rest_route=%2Fwp%2Fv2%2Fcategories&post=19642"},{"taxonomy":"post_tag","embeddable":true,"href":"http:\/\/kommentatorenblog.de\/index.php?rest_route=%2Fwp%2Fv2%2Ftags&post=19642"}],"curies":[{"name":"wp","href":"https:\/\/api.w.org\/{rel}","templated":true}]}}