{"id":19881,"date":"2024-12-16T19:14:35","date_gmt":"2024-12-16T17:14:35","guid":{"rendered":"https:\/\/kommentatorenblog.de\/?p=19881"},"modified":"2024-12-20T00:46:53","modified_gmt":"2024-12-19T22:46:53","slug":"1473-champions-conference-league","status":"publish","type":"post","link":"http:\/\/kommentatorenblog.de\/?p=19881","title":{"rendered":"1473 &#8211; Champions- &amp; Conference League"},"content":{"rendered":"\n<p>N&#8217;Abend allerseits,<\/p>\n\n\n\n<p>wie der Titel es bereits sagt, steht nochmal eine europ\u00e4ische englische Woche an. Sowohl in der Conference League der M\u00e4nner als auch in der Champions League der Frauen steht der letzte Gruppenspieltag an, nach sechs Spieltagen. Somit haben die M\u00e4nner des 1.FC Heidenheims sowie die Frauen des VfL Wolfsburg und des FC Bayern noch eine letzte englische Woche in diesem Jahr, f\u00fcr Heidenheim geht es dabei noch um die Qualifikation f\u00fcr die n\u00e4chste Runde (<em>=Achtelfinale<\/em>), w\u00e4hrend die W\u00f6lfinnen und M\u00fcnchnerinnen hierf\u00fcr bereits qualifiziert sind.<\/p>\n\n\n\n<p>Anders sieht es bei der M\u00e4nner-Champions League &amp; EL aus, deren Gruppenphase zwar erst nach acht Spieltagen endet, sich aber bereits in der Winterpause befinden. Die zwei <\/p>\n\n\n\n<p>Neben der englischen Woche im Fu\u00dfball ist der Wintersport in vollem Gange, die ersten langen Wintersport- Wochenenden haben bereits stattgefunden. Im Folgenden seht ihr eine \u00dcbersicht \u00fcber das vorgesehene Personal von ARD und ZDF f\u00fcr diesen Winter.<\/p>\n\n\n\n<div class=\"wp-block-group\"><div class=\"wp-block-group__inner-container is-layout-constrained wp-block-group-is-layout-constrained\">\n<div class=\"wp-block-columns is-layout-flex wp-container-core-columns-is-layout-1 wp-block-columns-is-layout-flex\">\n<div class=\"wp-block-column is-layout-flow wp-block-column-is-layout-flow\" style=\"flex-basis:100%\">\n<figure class=\"wp-block-table is-style-stripes has-small-font-size\"><table class=\"has-fixed-layout\"><thead><tr><th><strong>Sportart<\/strong><\/th><th><strong>ARD<\/strong><\/th><th><strong>ZDF<\/strong><\/th><\/tr><\/thead><tbody><tr><td>Biathlon<\/td><td>Christian Dexne, Wilfried Hark<br>Mod.: Michael Antwerpes<br>Exp.: Arnd Peiffer, Erik Lesser<\/td><td>Volker Grube, Co-Kom.: Sven Fischer,<br>Mod.: Alexander Ruda<br>Exp.: Laura Dahlmeier, Denise Herrmann-Wick<\/td><\/tr><tr><td>Skispringen<\/td><td>Tom Bartels (Herren), Philipp Sohmer (Damen)<br>Mod.: Lea Wagner<br>Exp.: Sven Hannwald<\/td><td>Stefan Bier (Herren), <br>Eike Papsdorf, Meili Scheidemann (Frauen)<br>Mod.: Lena Kesting, Norbert K\u00f6nig (Herren), Amelie Stiefvatter (Frauen)<br>Exp.: Severin Freund<\/td><\/tr><tr><td>Nordische<br>Kombination<\/td><td>Torsten P\u00fcschel (Herren), Linda Striebing (Damen)<br>Mod.: Stephanie M\u00fcller-Spirra<\/td><td>Meili Scheidemann<br>Mod.: Lena Kesting<\/td><\/tr><tr><td>Ski Alpin<\/td><td>Bernd Schmelzer, Tobias Barnerssoi<br>Mod.: Markus Othmer, Julia Scharf<br>Exp.: Felix Neureuther<\/td><td>Fabian Meseberg (Herren), Julius Hilfenhaus (Damen)<br>Mod.: Amelie Stiefvatter<br>Exp.: Marco B\u00fcchel<\/td><\/tr><tr><td>Langlauf<\/td><td>Jens J\u00f6rg Rieck<br>Mod.: Julia B\u00fcchler<\/td><td>Heiko Klasen<br>Mod.: Florian Zschiedrich<\/td><\/tr><tr><td>Bob \/ Skeleton<\/td><td>Eik Galley<br>Mod.: Stephanie M\u00fcller-Spirra, Claus Lufen, Mariama Jamanka<\/td><td>Martin Wolff, Michael Kreutz, Felix Tusche<\/td><\/tr><tr><td>Rodeln<\/td><td>Thomas Kunze<br>Mod.: Claus Lufen<\/td><td>Norbert Galeske<br>Int.: Kathrin Br\u00e4uer<\/td><\/tr><tr><td>Snowboard\/Skicross\/<br>Freestyle<\/td><td>Jan Wiecken, Moritz K\u00fchn<br>Int.: Sina Wende<\/td><td>Marc Windgassen<\/td><\/tr><tr><td>Eiskunstlauf<\/td><td>Daniel Weiss<\/td><td>&#8211;<\/td><\/tr><tr><td>Eisschnelllauf<\/td><td>&#8211;<\/td><td>Hermann Valkyser<\/td><\/tr><tr><td>Eishockey<\/td><td>u.a. Tom Scheunemann<\/td><td>Konstantin Klostermann, Adrian von der Groeben<\/td><\/tr><tr><td>Para-Ski Alpin<\/td><td>Thomas Braml<\/td><td>&#8211;<\/td><\/tr><tr><td>Curling<\/td><td>Thomas Braml, Marc Drumm<\/td><td>&#8211;<\/td><\/tr><tr><td>Para-Langlauf<\/td><td>Julian Wiegmann<\/td><td>&#8211;<\/td><\/tr><tr><td>Studiomoderation<\/td><td>Stephanie M\u00fcller-Spirra, <br>Julia Scharf, Claus Lufen<\/td><td>Katrin M\u00fcller-Hohenstein, Katja Streso<\/td><\/tr><\/tbody><\/table><\/figure>\n<\/div>\n<\/div>\n<\/div><\/div>\n\n\n\n<p class=\"has-small-font-size\">Einige Sportarten, z.B. Eiskunstlauf werden voraussichtlich, aufgrund der Termine, nur bei einem Sender \u00fcbertragen, weshalb hier keine Reporter gelistet sind. Es kann zu kurzfristigen \u00c4nderungen kommen.<\/p>\n\n\n\n<p><strong>Die Ansetzungen vom 17. bis zum 19. Dezember 2024<\/strong><\/p>\n\n\n\n<hr class=\"wp-block-separator has-css-opacity\"\/>\n\n\n\n<p><strong>UEFA Women\u00b4s Champions League, Ligaphase, 6. Spieltag (DAZN\/DF1\/DAZN Rise)<\/strong><\/p>\n\n\n\n<p><span style=\"text-decoration: underline;\">Dienstag, 17. Dezember 2024, ab 20.55 Uhr (DAZN)<\/span><\/p>\n\n\n\n<p><strong style=\"font-style: italic;\">Olympique Lyon \u2013 VfL Wolfsburg<\/strong><em><strong> (21.00 Uhr)<\/strong><\/em><br><img loading=\"lazy\" decoding=\"async\" width=\"10\" height=\"21\" class=\"wp-image-3656\" style=\"width: 10px;\" src=\"http:\/\/kommentatorenblog.de\/wp-content\/uploads\/2020\/09\/shure-55sh-ii-e1601485394796.jpg\" alt=\"\" srcset=\"http:\/\/kommentatorenblog.de\/wp-content\/uploads\/2020\/09\/shure-55sh-ii-e1601485394796.jpg 415w, http:\/\/kommentatorenblog.de\/wp-content\/uploads\/2020\/09\/shure-55sh-ii-e1601485394796-142x300.jpg 142w\" sizes=\"auto, (max-width: 10px) 100vw, 10px\" \/> Nico Seepe, Expertin: Turid Knaak<\/p>\n\n\n\n<p><span style=\"text-decoration: underline;\">Mittwoch, 18. Dezember 2024, ab 18.45 Uhr (DAZN)<\/span> <\/p>\n\n\n\n<p><strong style=\"font-style: italic;\">SKN St. P\u00f6lten \u2013 Hammarby<\/strong><em><strong> (<\/strong><\/em><em><strong>18.45 Uhr)<\/strong><\/em><br><img loading=\"lazy\" decoding=\"async\" width=\"10\" height=\"21\" class=\"wp-image-3656\" style=\"width: 10px;\" src=\"http:\/\/kommentatorenblog.de\/wp-content\/uploads\/2020\/09\/shure-55sh-ii-e1601485394796.jpg\" alt=\"\" srcset=\"http:\/\/kommentatorenblog.de\/wp-content\/uploads\/2020\/09\/shure-55sh-ii-e1601485394796.jpg 415w, http:\/\/kommentatorenblog.de\/wp-content\/uploads\/2020\/09\/shure-55sh-ii-e1601485394796-142x300.jpg 142w\" sizes=\"auto, (max-width: 10px) 100vw, 10px\" \/> Markus Theil<\/p>\n\n\n\n<p><span style=\"text-decoration: underline;\">Mittwoch, 18. Dezember 2024, ab 20.55 Uhr (DAZN\/DF1\/DAZN Rise)<\/span><\/p>\n\n\n\n<p><strong style=\"font-style: italic;\">Arsenal LFC \u2013 FC Bayern M\u00fcnchen<\/strong><em><strong> (21.00 Uhr)<\/strong><\/em><br><img loading=\"lazy\" decoding=\"async\" width=\"10\" height=\"21\" class=\"wp-image-3656\" style=\"width: 10px;\" src=\"http:\/\/kommentatorenblog.de\/wp-content\/uploads\/2020\/09\/shure-55sh-ii-e1601485394796.jpg\" alt=\"\" srcset=\"http:\/\/kommentatorenblog.de\/wp-content\/uploads\/2020\/09\/shure-55sh-ii-e1601485394796.jpg 415w, http:\/\/kommentatorenblog.de\/wp-content\/uploads\/2020\/09\/shure-55sh-ii-e1601485394796-142x300.jpg 142w\" sizes=\"auto, (max-width: 10px) 100vw, 10px\" \/> Christoph Fetzer, Experte: Michael Gurski<\/p>\n\n\n\n<hr class=\"wp-block-separator has-alpha-channel-opacity\"\/>\n\n\n\n<p><strong>Conference League, Ligaphase, 6. Spieltag<\/strong><\/p>\n\n\n\n<p><span style=\"text-decoration: underline;\">Donnerstag, 19. Dezember 2024, ab 20.15 Uhr (RTL), ab 20.25 Uhr (RTL+)<\/span><\/p>\n\n\n\n<p><strong style=\"font-style: italic;\">Heidenheim \u2013 FC St. Gallen<\/strong><em><strong> (21.00 Uhr)<\/strong><\/em><br><img loading=\"lazy\" decoding=\"async\" width=\"10\" height=\"21\" class=\"wp-image-3656\" style=\"width: 10px;\" src=\"http:\/\/kommentatorenblog.de\/wp-content\/uploads\/2020\/09\/shure-55sh-ii-e1601485394796.jpg\" alt=\"\" srcset=\"http:\/\/kommentatorenblog.de\/wp-content\/uploads\/2020\/09\/shure-55sh-ii-e1601485394796.jpg 415w, http:\/\/kommentatorenblog.de\/wp-content\/uploads\/2020\/09\/shure-55sh-ii-e1601485394796-142x300.jpg 142w\" sizes=\"auto, (max-width: 10px) 100vw, 10px\" \/> <em>RTL:<\/em> Marco Hagemann, Experte: Lothar Matth\u00e4us (Konferenz)<br><img loading=\"lazy\" decoding=\"async\" width=\"10\" height=\"21\" class=\"wp-image-3656\" style=\"width: 10px;\" src=\"http:\/\/kommentatorenblog.de\/wp-content\/uploads\/2020\/09\/shure-55sh-ii-e1601485394796.jpg\" alt=\"\" srcset=\"http:\/\/kommentatorenblog.de\/wp-content\/uploads\/2020\/09\/shure-55sh-ii-e1601485394796.jpg 415w, http:\/\/kommentatorenblog.de\/wp-content\/uploads\/2020\/09\/shure-55sh-ii-e1601485394796-142x300.jpg 142w\" sizes=\"auto, (max-width: 10px) 100vw, 10px\" \/> <em>RTL+:<\/em> Robby Hunke, Experte: Patrick Helmes (Einzelspiel), Klaus Veltman (Konferenz)<br>Field-Reporter: Felix G\u00f6rner und Jonas Gerdes<\/p>\n\n\n\n<p><strong style=\"font-style: italic;\">FC Chelsea \u2013 Shamrock Rovers<\/strong><em><strong> (21.00 Uhr)<\/strong><\/em><br><img loading=\"lazy\" decoding=\"async\" width=\"10\" height=\"21\" class=\"wp-image-3656\" style=\"width: 10px;\" src=\"http:\/\/kommentatorenblog.de\/wp-content\/uploads\/2020\/09\/shure-55sh-ii-e1601485394796.jpg\" alt=\"\" srcset=\"http:\/\/kommentatorenblog.de\/wp-content\/uploads\/2020\/09\/shure-55sh-ii-e1601485394796.jpg 415w, http:\/\/kommentatorenblog.de\/wp-content\/uploads\/2020\/09\/shure-55sh-ii-e1601485394796-142x300.jpg 142w\" sizes=\"auto, (max-width: 10px) 100vw, 10px\" \/> <em>RTL:<\/em> Cornelius K\u00fcpper (Konferenz)<br><img loading=\"lazy\" decoding=\"async\" width=\"10\" height=\"21\" class=\"wp-image-3656\" style=\"width: 10px;\" src=\"http:\/\/kommentatorenblog.de\/wp-content\/uploads\/2020\/09\/shure-55sh-ii-e1601485394796.jpg\" alt=\"\" srcset=\"http:\/\/kommentatorenblog.de\/wp-content\/uploads\/2020\/09\/shure-55sh-ii-e1601485394796.jpg 415w, http:\/\/kommentatorenblog.de\/wp-content\/uploads\/2020\/09\/shure-55sh-ii-e1601485394796-142x300.jpg 142w\" sizes=\"auto, (max-width: 10px) 100vw, 10px\" \/> <em>RTL+:<\/em> Michael Born (Einzelspiel), Stefan Fuckert (Konferenz)<\/p>\n\n\n\n<p>Moderation (<em>RTL<\/em>): Laura Papendick (aus Heidenheim)<\/p>\n\n\n\n<p><span style=\"text-decoration: underline;\"><span style=\"text-decoration: underline;\">Donnerstag, 19. Dezember 2024, ab 20.25 Uhr (RTL+)<\/span><\/span><\/p>\n\n\n\n<p><strong style=\"font-style: italic;\">Rapid Wien \u2013 FC Kopenhagen<\/strong><em><strong> (21.00 Uhr)<\/strong><\/em><br><img loading=\"lazy\" decoding=\"async\" width=\"10\" height=\"21\" class=\"wp-image-3656\" style=\"width: 10px;\" src=\"http:\/\/kommentatorenblog.de\/wp-content\/uploads\/2020\/09\/shure-55sh-ii-e1601485394796.jpg\" alt=\"\" srcset=\"http:\/\/kommentatorenblog.de\/wp-content\/uploads\/2020\/09\/shure-55sh-ii-e1601485394796.jpg 415w, http:\/\/kommentatorenblog.de\/wp-content\/uploads\/2020\/09\/shure-55sh-ii-e1601485394796-142x300.jpg 142w\" sizes=\"auto, (max-width: 10px) 100vw, 10px\" \/> <em>RTL+:<\/em> Stefan Galler (Einzelspiel), Christian Stra\u00dfburger (Konferenz)<\/p>\n\n\n\n<p><strong style=\"font-style: italic;\">Jagiellonia Bialystok \u2013 Olimpija Ljubljana<\/strong><em><strong> (21.00 Uhr)<\/strong><\/em><br><img loading=\"lazy\" decoding=\"async\" width=\"10\" height=\"21\" class=\"wp-image-3656\" style=\"width: 10px;\" src=\"http:\/\/kommentatorenblog.de\/wp-content\/uploads\/2020\/09\/shure-55sh-ii-e1601485394796.jpg\" alt=\"\" srcset=\"http:\/\/kommentatorenblog.de\/wp-content\/uploads\/2020\/09\/shure-55sh-ii-e1601485394796.jpg 415w, http:\/\/kommentatorenblog.de\/wp-content\/uploads\/2020\/09\/shure-55sh-ii-e1601485394796-142x300.jpg 142w\" sizes=\"auto, (max-width: 10px) 100vw, 10px\" \/> <em>RTL+:<\/em> Tim Hemmrich (Einzelspiel), Frederick Schulz (Konferenz)<\/p>\n\n\n\n<p><strong style=\"font-style: italic;\">Djurgardens IF \u2013 Legia Warschau<\/strong><em><strong> (21.00 Uhr)<\/strong><\/em><br><img loading=\"lazy\" decoding=\"async\" width=\"10\" height=\"21\" class=\"wp-image-3656\" style=\"width: 10px;\" src=\"http:\/\/kommentatorenblog.de\/wp-content\/uploads\/2020\/09\/shure-55sh-ii-e1601485394796.jpg\" alt=\"\" srcset=\"http:\/\/kommentatorenblog.de\/wp-content\/uploads\/2020\/09\/shure-55sh-ii-e1601485394796.jpg 415w, http:\/\/kommentatorenblog.de\/wp-content\/uploads\/2020\/09\/shure-55sh-ii-e1601485394796-142x300.jpg 142w\" sizes=\"auto, (max-width: 10px) 100vw, 10px\" \/> <em>RTL+:<\/em> Christoph Stadtler (Einzelspiel), Peter Reichert (Konferenz)<\/p>\n\n\n\n<p><strong style=\"font-style: italic;\">Guimaraes \u2013 AC Florenz<\/strong><em><strong> (21.00 Uhr)<\/strong><\/em><br><img loading=\"lazy\" decoding=\"async\" width=\"10\" height=\"21\" class=\"wp-image-3656\" style=\"width: 10px;\" src=\"http:\/\/kommentatorenblog.de\/wp-content\/uploads\/2020\/09\/shure-55sh-ii-e1601485394796.jpg\" alt=\"\" srcset=\"http:\/\/kommentatorenblog.de\/wp-content\/uploads\/2020\/09\/shure-55sh-ii-e1601485394796.jpg 415w, http:\/\/kommentatorenblog.de\/wp-content\/uploads\/2020\/09\/shure-55sh-ii-e1601485394796-142x300.jpg 142w\" sizes=\"auto, (max-width: 10px) 100vw, 10px\" \/> <em>RTL+:<\/em> J\u00fcrgen Schmitz (Einzelspiel), Philip Konrad (Konferenz)<\/p>\n\n\n\n<p><strong style=\"font-style: italic;\">FC Lugano \u2013 Pafos FC<\/strong><em><strong> (21.00 Uhr)<\/strong><\/em><br><img loading=\"lazy\" decoding=\"async\" width=\"10\" height=\"21\" class=\"wp-image-3656\" style=\"width: 10px;\" src=\"http:\/\/kommentatorenblog.de\/wp-content\/uploads\/2020\/09\/shure-55sh-ii-e1601485394796.jpg\" alt=\"\" srcset=\"http:\/\/kommentatorenblog.de\/wp-content\/uploads\/2020\/09\/shure-55sh-ii-e1601485394796.jpg 415w, http:\/\/kommentatorenblog.de\/wp-content\/uploads\/2020\/09\/shure-55sh-ii-e1601485394796-142x300.jpg 142w\" sizes=\"auto, (max-width: 10px) 100vw, 10px\" \/> <em>RTL+:<\/em> Oliver Seidler (Einzelspiel)<\/p>\n\n\n\n<p><strong style=\"font-style: italic;\">APOEL Nikosia \u2013 FC Astana<\/strong><em><strong> (21.00 Uhr)<\/strong><\/em><br><img loading=\"lazy\" decoding=\"async\" width=\"10\" height=\"21\" class=\"wp-image-3656\" style=\"width: 10px;\" src=\"http:\/\/kommentatorenblog.de\/wp-content\/uploads\/2020\/09\/shure-55sh-ii-e1601485394796.jpg\" alt=\"\" srcset=\"http:\/\/kommentatorenblog.de\/wp-content\/uploads\/2020\/09\/shure-55sh-ii-e1601485394796.jpg 415w, http:\/\/kommentatorenblog.de\/wp-content\/uploads\/2020\/09\/shure-55sh-ii-e1601485394796-142x300.jpg 142w\" sizes=\"auto, (max-width: 10px) 100vw, 10px\" \/> <em>RTL+:<\/em> Julian Engelhard (Einzelspiel)<\/p>\n\n\n\n<p><strong style=\"font-style: italic;\">Larne FC \u2013 KAA Gent<\/strong><em><strong> (21.00 Uhr)<\/strong><\/em><br><img loading=\"lazy\" decoding=\"async\" width=\"10\" height=\"21\" class=\"wp-image-3656\" style=\"width: 10px;\" src=\"http:\/\/kommentatorenblog.de\/wp-content\/uploads\/2020\/09\/shure-55sh-ii-e1601485394796.jpg\" alt=\"\" srcset=\"http:\/\/kommentatorenblog.de\/wp-content\/uploads\/2020\/09\/shure-55sh-ii-e1601485394796.jpg 415w, http:\/\/kommentatorenblog.de\/wp-content\/uploads\/2020\/09\/shure-55sh-ii-e1601485394796-142x300.jpg 142w\" sizes=\"auto, (max-width: 10px) 100vw, 10px\" \/> <em>RTL+:<\/em> Alexander K\u00fcpper (Einzelspiel)<\/p>\n\n\n\n<p><span style=\"text-decoration: underline;\"><span style=\"text-decoration: underline;\">Donnerstag, 19. Dezember 2024, ab 20.25 Uhr (RTL+)<\/span> bzw. ab 20.50 Uhr (Sky)<\/span><\/p>\n\n\n\n<p><strong style=\"font-style: italic;\">Club Br\u00fcgge \u2013 Istanbul Basaksehir<\/strong><em><strong> (21.00 Uhr)<\/strong><\/em><br><img loading=\"lazy\" decoding=\"async\" width=\"10\" height=\"21\" class=\"wp-image-3656\" style=\"width: 10px;\" src=\"http:\/\/kommentatorenblog.de\/wp-content\/uploads\/2020\/09\/shure-55sh-ii-e1601485394796.jpg\" alt=\"\" srcset=\"http:\/\/kommentatorenblog.de\/wp-content\/uploads\/2020\/09\/shure-55sh-ii-e1601485394796.jpg 415w, http:\/\/kommentatorenblog.de\/wp-content\/uploads\/2020\/09\/shure-55sh-ii-e1601485394796-142x300.jpg 142w\" sizes=\"auto, (max-width: 10px) 100vw, 10px\" \/> <em>RTL+\/Sky:<\/em> Alexander Klich (Einzelspiel)<\/p>\n\n\n\n<p>Moderation (<em>RTL+<\/em>): Anna Kraft, Experten: Nils Petersen und Patrick Helmes, Community-Host: Julius Fellermann<\/p>\n\n\n\n<hr class=\"wp-block-separator has-alpha-channel-opacity\"\/>\n\n\n\n<p><strong>FIFA-Interkontinentalcup, Finale<\/strong><\/p>\n\n\n\n<p><span style=\"text-decoration: underline;\">Mittwoch, 18. Dezember 2024, ab 17.50 Uhr (DAZN)<\/span><\/p>\n\n\n\n<p><strong style=\"font-style: italic;\">Real Madrid <strong style=\"font-style: italic;\">\u2013 <\/strong>Pachuca<\/strong><em><strong> (18.00 Uhr)<\/strong><\/em><br><img loading=\"lazy\" decoding=\"async\" width=\"10\" height=\"21\" class=\"wp-image-3656\" style=\"width: 10px;\" src=\"http:\/\/kommentatorenblog.de\/wp-content\/uploads\/2020\/09\/shure-55sh-ii-e1601485394796.jpg\" alt=\"\" srcset=\"http:\/\/kommentatorenblog.de\/wp-content\/uploads\/2020\/09\/shure-55sh-ii-e1601485394796.jpg 415w, http:\/\/kommentatorenblog.de\/wp-content\/uploads\/2020\/09\/shure-55sh-ii-e1601485394796-142x300.jpg 142w\" sizes=\"auto, (max-width: 10px) 100vw, 10px\" \/> Uli Hebel, Experte: Benny Lauth<\/p>\n\n\n\n<hr class=\"wp-block-separator has-alpha-channel-opacity\"\/>\n\n\n\n<p><strong>Coppa Italia (ITA), Achtelfinale<\/strong><\/p>\n\n\n\n<p><span style=\"text-decoration: underline;\">Dienstag, 17. Dezember 2024, ab 20.50 Uhr<\/span><\/p>\n\n\n\n<p><strong style=\"font-style: italic;\">Juventus Turin \u2013 Cagliari<\/strong><em><strong> (21.00 Uhr)<\/strong><\/em><br><img loading=\"lazy\" decoding=\"async\" width=\"10\" height=\"21\" class=\"wp-image-3656\" style=\"width: 10px;\" src=\"http:\/\/kommentatorenblog.de\/wp-content\/uploads\/2020\/09\/shure-55sh-ii-e1601485394796.jpg\" alt=\"\" srcset=\"http:\/\/kommentatorenblog.de\/wp-content\/uploads\/2020\/09\/shure-55sh-ii-e1601485394796.jpg 415w, http:\/\/kommentatorenblog.de\/wp-content\/uploads\/2020\/09\/shure-55sh-ii-e1601485394796-142x300.jpg 142w\" sizes=\"auto, (max-width: 10px) 100vw, 10px\" \/> Korbinian Rundel<\/p>\n\n\n\n<p><span style=\"text-decoration: underline;\">Mittwoch, 18. Dezember 2024, ab 20.50 Uhr<\/span><\/p>\n\n\n\n<p><strong style=\"font-style: italic;\">AS Rom \u2013 Sampdoria Genua<\/strong><em><strong> (21.00 Uhr)<\/strong><\/em><br><img loading=\"lazy\" decoding=\"async\" width=\"10\" height=\"21\" class=\"wp-image-3656\" style=\"width: 10px;\" src=\"http:\/\/kommentatorenblog.de\/wp-content\/uploads\/2020\/09\/shure-55sh-ii-e1601485394796.jpg\" alt=\"\" srcset=\"http:\/\/kommentatorenblog.de\/wp-content\/uploads\/2020\/09\/shure-55sh-ii-e1601485394796.jpg 415w, http:\/\/kommentatorenblog.de\/wp-content\/uploads\/2020\/09\/shure-55sh-ii-e1601485394796-142x300.jpg 142w\" sizes=\"auto, (max-width: 10px) 100vw, 10px\" \/> Jan-Lucas Krenzer<\/p>\n\n\n\n<p><span style=\"text-decoration: underline;\"><span style=\"text-decoration: underline;\">Donnerstag, 19. Dezember 2024, ab 20.50 Uhr<\/span><\/span><\/p>\n\n\n\n<p><strong style=\"font-style: italic;\">Inter Mailand \u2013 Udinese Calcio <\/strong><em><strong>(21.00 Uhr)<\/strong><\/em><br><img loading=\"lazy\" decoding=\"async\" width=\"10\" height=\"21\" class=\"wp-image-3656\" style=\"width: 10px;\" src=\"http:\/\/kommentatorenblog.de\/wp-content\/uploads\/2020\/09\/shure-55sh-ii-e1601485394796.jpg\" alt=\"\" srcset=\"http:\/\/kommentatorenblog.de\/wp-content\/uploads\/2020\/09\/shure-55sh-ii-e1601485394796.jpg 415w, http:\/\/kommentatorenblog.de\/wp-content\/uploads\/2020\/09\/shure-55sh-ii-e1601485394796-142x300.jpg 142w\" sizes=\"auto, (max-width: 10px) 100vw, 10px\" \/> Mario Rieker<\/p>\n\n\n\n<hr class=\"wp-block-separator has-alpha-channel-opacity\"\/>\n\n\n\n<p><strong>Ligue 1 (FRA), 14. Spieltag (DAZN)<\/strong><\/p>\n\n\n\n<p><span style=\"text-decoration: underline;\">Mittwoch, 18. Dezember 2024, ab 20.50 Uhr (DAZN)<\/span> <\/p>\n\n\n\n<p><strong style=\"font-style: italic;\">AS Monaco \u2013 Paris Saint- Germain<\/strong><em><strong> (21.00 Uhr)<\/strong><\/em><br><img loading=\"lazy\" decoding=\"async\" width=\"10\" height=\"21\" class=\"wp-image-3656\" style=\"width: 10px;\" src=\"http:\/\/kommentatorenblog.de\/wp-content\/uploads\/2020\/09\/shure-55sh-ii-e1601485394796.jpg\" alt=\"\" srcset=\"http:\/\/kommentatorenblog.de\/wp-content\/uploads\/2020\/09\/shure-55sh-ii-e1601485394796.jpg 415w, http:\/\/kommentatorenblog.de\/wp-content\/uploads\/2020\/09\/shure-55sh-ii-e1601485394796-142x300.jpg 142w\" sizes=\"auto, (max-width: 10px) 100vw, 10px\" \/> David Ploch<\/p>\n\n\n\n<hr class=\"wp-block-separator has-alpha-channel-opacity\"\/>\n\n\n\n<p><strong>KNVB-Beker (NED), 2. Runde (Sportdigital)<\/strong><\/p>\n\n\n\n<p><span style=\"text-decoration: underline;\">Dienstag, 17. Dezember 2024<\/span><\/p>\n\n\n\n<p><strong style=\"font-style: italic;\">PSV Eindhoven <strong style=\"font-style: italic;\">\u2013 <\/strong>Koninklijke HFC<\/strong><em><strong> (18.45 Uhr)<\/strong><\/em><br><img loading=\"lazy\" decoding=\"async\" width=\"10\" height=\"21\" class=\"wp-image-3656\" style=\"width: 10px;\" src=\"http:\/\/kommentatorenblog.de\/wp-content\/uploads\/2020\/09\/shure-55sh-ii-e1601485394796.jpg\" alt=\"\" srcset=\"http:\/\/kommentatorenblog.de\/wp-content\/uploads\/2020\/09\/shure-55sh-ii-e1601485394796.jpg 415w, http:\/\/kommentatorenblog.de\/wp-content\/uploads\/2020\/09\/shure-55sh-ii-e1601485394796-142x300.jpg 142w\" sizes=\"auto, (max-width: 10px) 100vw, 10px\" \/> Marvin Kirsch<\/p>\n\n\n\n<p><strong style=\"font-style: italic;\">MVV Maastricht <strong style=\"font-style: italic;\">\u2013 <\/strong> Feyenoord Rotterdam <\/strong><em><strong>(21.00 Uhr)<\/strong><\/em><br><img loading=\"lazy\" decoding=\"async\" width=\"10\" height=\"21\" class=\"wp-image-3656\" style=\"width: 10px;\" src=\"http:\/\/kommentatorenblog.de\/wp-content\/uploads\/2020\/09\/shure-55sh-ii-e1601485394796.jpg\" alt=\"\" srcset=\"http:\/\/kommentatorenblog.de\/wp-content\/uploads\/2020\/09\/shure-55sh-ii-e1601485394796.jpg 415w, http:\/\/kommentatorenblog.de\/wp-content\/uploads\/2020\/09\/shure-55sh-ii-e1601485394796-142x300.jpg 142w\" sizes=\"auto, (max-width: 10px) 100vw, 10px\" \/> Jonathan Dreier<\/p>\n\n\n\n<hr class=\"wp-block-separator has-alpha-channel-opacity\"\/>\n\n\n\n<p><strong>Primeira Liga (POR), Nachholspiel, 8. Spieltag (Sportdigital)<\/strong><\/p>\n\n\n\n<p><span style=\"text-decoration: underline;\"><span style=\"text-decoration: underline;\">Donnerstag, 19. Dezember 2024<\/span><\/span><\/p>\n\n\n\n<p><strong style=\"font-style: italic;\">CD Nacional Funchal &#8211; Benfica Lissabon <\/strong><em><strong>(18.00 Uhr)<\/strong><\/em><br><img loading=\"lazy\" decoding=\"async\" width=\"10\" height=\"21\" class=\"wp-image-3656\" style=\"width: 10px;\" src=\"http:\/\/kommentatorenblog.de\/wp-content\/uploads\/2020\/09\/shure-55sh-ii-e1601485394796.jpg\" alt=\"\" srcset=\"http:\/\/kommentatorenblog.de\/wp-content\/uploads\/2020\/09\/shure-55sh-ii-e1601485394796.jpg 415w, http:\/\/kommentatorenblog.de\/wp-content\/uploads\/2020\/09\/shure-55sh-ii-e1601485394796-142x300.jpg 142w\" sizes=\"auto, (max-width: 10px) 100vw, 10px\" \/>  Karsten Linke<\/p>\n\n\n\n<hr class=\"wp-block-separator has-css-opacity\"\/>\n\n\n\n<p><strong>Die Analyse<\/strong><\/p>\n\n\n\n<p>Wie bereits angesprochen, steht der letzte Spieltag in der Champions League der Frauen, zu sehen sind die Spiele bei DAZN. Wie gewohnt gibt es die deutschen und \u00f6sterreichischen Spiele mit deutschem Kommentar. Die W\u00f6lfinnen \u00fcbernimmt Seepe mit Turid Knaak, w\u00e4hrend Christoph Fetzer mit Michael Gurski den FC Bayern begleiten wird. Diese Partie gibt es auch linear bei DF1 zu sehen.<\/p>\n\n\n\n<p>Linear \u00fcbertragen wird RTL in der Conference League gleich zwei Spiele, erneut als Konferenz. Mit Heidenheim erwartet man in K\u00f6ln wohl nicht so hohe Quoten und holte deshalb die Partie von Chelsea mit ins Programm. Warum man nicht gleich die sechser Konferenz von RTL+ mit ins Programm nimmt, ist nicht bekannt. Da man an der Seite von Hagemann in Heidenheim Lothar Matth\u00e4us als Co-Kommentator einsetzen wird, liegt der Fokus im Hauptprogramm voraussichtlich auf dem Heidenheimer- Spiel.<\/p>\n\n\n\n<p>Bei RTL+ wird es neben den sechs Spielen aus der oben genannten Konferenz noch vier weitere Spiele, die ausschlie\u00dflich im Einzelstream angeboten werden.<\/p>\n\n\n\n<p>Am Donnerstag meldet sich dann Tim mit dem letzten Bundesliga- Spielplan in diesem Jahr. Bis dahin eine sch\u00f6ne Woche.<\/p>\n","protected":false},"excerpt":{"rendered":"<p>N&#8217;Abend allerseits, wie der Titel es bereits sagt, steht nochmal eine europ\u00e4ische englische Woche an. Sowohl in der Conference League der M\u00e4nner als auch in der Champions League der Frauen steht der letzte Gruppenspieltag an, nach sechs Spieltagen. Somit haben die M\u00e4nner des 1.FC Heidenheims sowie die Frauen des VfL Wolfsburg und des FC Bayern [&hellip;]<\/p>\n","protected":false},"author":10,"featured_media":0,"comment_status":"open","ping_status":"open","sticky":false,"template":"","format":"standard","meta":{"footnotes":""},"categories":[425],"tags":[],"class_list":["post-19881","post","type-post","status-publish","format-standard","hentry","category-champions-league-und-co"],"_links":{"self":[{"href":"http:\/\/kommentatorenblog.de\/index.php?rest_route=\/wp\/v2\/posts\/19881","targetHints":{"allow":["GET"]}}],"collection":[{"href":"http:\/\/kommentatorenblog.de\/index.php?rest_route=\/wp\/v2\/posts"}],"about":[{"href":"http:\/\/kommentatorenblog.de\/index.php?rest_route=\/wp\/v2\/types\/post"}],"author":[{"embeddable":true,"href":"http:\/\/kommentatorenblog.de\/index.php?rest_route=\/wp\/v2\/users\/10"}],"replies":[{"embeddable":true,"href":"http:\/\/kommentatorenblog.de\/index.php?rest_route=%2Fwp%2Fv2%2Fcomments&post=19881"}],"version-history":[{"count":20,"href":"http:\/\/kommentatorenblog.de\/index.php?rest_route=\/wp\/v2\/posts\/19881\/revisions"}],"predecessor-version":[{"id":20169,"href":"http:\/\/kommentatorenblog.de\/index.php?rest_route=\/wp\/v2\/posts\/19881\/revisions\/20169"}],"wp:attachment":[{"href":"http:\/\/kommentatorenblog.de\/index.php?rest_route=%2Fwp%2Fv2%2Fmedia&parent=19881"}],"wp:term":[{"taxonomy":"category","embeddable":true,"href":"http:\/\/kommentatorenblog.de\/index.php?rest_route=%2Fwp%2Fv2%2Fcategories&post=19881"},{"taxonomy":"post_tag","embeddable":true,"href":"http:\/\/kommentatorenblog.de\/index.php?rest_route=%2Fwp%2Fv2%2Ftags&post=19881"}],"curies":[{"name":"wp","href":"https:\/\/api.w.org\/{rel}","templated":true}]}}