{"id":1989,"date":"2020-04-09T12:44:04","date_gmt":"2020-04-09T12:44:04","guid":{"rendered":"http:\/\/kommentatorenblog.de\/?p=1989"},"modified":"2020-12-30T15:34:59","modified_gmt":"2020-12-30T15:34:59","slug":"1067-historisch-und-retro","status":"publish","type":"post","link":"http:\/\/kommentatorenblog.de\/?p=1989","title":{"rendered":"1067 &#8211; Historisch und Retro!"},"content":{"rendered":"\n<p>N\u00b4Abend allerseits!<\/p>\n\n\n\n<p>40.000 Zuschauer schalteten bei der ersten &#8222;histooorischen Sky Konferenz&#8220; am vergangenen Samstag ein. Sechsstellige Quoten sind utopisch bei einem Format dieser Art. Die Verantwortlichen lieb\u00e4ugelten aber bestimmt mit mindestens der doppelten Reichweite &#8211; reine Spekulation. <\/p>\n\n\n\n<p>Ich denke, dass Sky mit der Umsetzung dieser Idee ein abwechslungsreiches und ordentliches Produkt gelungen ist. Leopold, Hamann, Breitenreiter und Schwarz bewiesen ja quasi Schauspielk\u00fcnste. Wir warten ab, ob\u00b4s am Samstag weitere Gespr\u00e4chspartner gibt. Die f\u00fcnf Kommentatoren wirkten gut vorbereitet und hatten vor allem Spa\u00df. Der Vergleich mit einer Live-Konferenz ist m\u00fchsam. Nat\u00fcrlich l\u00e4sst sich der Zuschauer, inklusive mir, leichter ablenken bzw, verfolgt das Geschehen mit weniger Aufmerksamkeit. Dennoch f\u00fchlte ich mich unterhalten &#8211; Ziel erreicht! Und Dimo Wache hatte ich im Tor der Mainzer auch lange nicht mehr gesehen \ud83d\ude42 <\/p>\n\n\n\n<p>Die  zweite &#8222;historische Sky Konferenz&#8220; gibt\u00b4s am Samstag ab 15.00 Uhr auf Sky Sport Bundesliga 2. Diesmal verr\u00e4t uns\/euch Sky leider nicht, aus welchen Saison die Klassiker jeweils kommen. Zwei Sachen d\u00fcrfen wir euch aber verraten: Dieses Mal fallen 26 Tore in den 5 Spielen, die alle zwischen 2008 und 2016 stattfanden. Die Kommentaren werden, sowohl diese, als auch in den n\u00e4chsten Wochen, immer die Gleichen bleiben. Friedrich h\u00f6rt ihr zudem noch am Sonntag beim Golf. Beim \u201eMasters Super Sonntag\u201c  wird Bernhard Langer aus Boca Raton in Florida zugeschaltet und seine beiden Siege in Augusta zusammen mit Jonas Friedrich begleiten. Das Turnier von 1993 steht um 15.00 Uhr auf dem Programm, das von 1985 um 21.00 Uhr. <\/p>\n\n\n\n<p>Im Vergleich zur letzten Woche hatte Sky bei den Partien quasi freie Auswahl. Grund: Die DFL hat die kommenden Spieltage noch nicht terminiert. So landen diese Woche zwangsl\u00e4ufig Dortmund und Bayern in der historischen Konferenz, nachdem diese in der letzten Woche aufgrund der Topspiel-Ansetzung fehlten. Das Topspiel der Woche wird eine Begegnung zwischen dem FC Schalke 04 und dem SV Werder Bremen sein. <\/p>\n\n\n\n<p>Welche sehenswerte Spiele zwischen 2008 und 2016 fallen euch zu den Paarungen unten ein? Was k\u00f6nnte in der Konferenz landen? Ab in die Kommentare damit. Zwei Partien fallen mir direkt ein&#8230;<\/p>\n\n\n\n<p>Zus\u00e4tzlich hat DAZN auch diese Wochenende wieder zwei neu vertonte CL-Klassiker im Pogramm. Unter anderem berichtet der damalige Werder-Profi Owomoyela von der CL-Partie in Turin.<\/p>\n\n\n\n<p><strong><em>Die Ansetzungen vom 11. April 2020 bis 12. April 2020<\/em><\/strong><\/p>\n\n\n\n<p><strong>Bundesliga<\/strong>&nbsp;<strong>\u2013<\/strong>&nbsp;<strong>\u201ehisTOOORische Sky Konferenz\u201c<\/strong><\/p>\n\n\n\n<p><span style=\"text-decoration: underline;\">Samstag, 11. April 2020, ab 15.00 Uhr (Sky)<\/span><\/p>\n\n\n\n<p><strong><em>SC Paderborn 07 \u2013 Borussia Dortmund<\/em><\/strong>                                                                    <\/p>\n\n\n\n<p>Sky: Hansi K\u00fcpper<\/p>\n\n\n\n<p><strong><em>FC Bayern M\u00fcnchen \u2013 Fortuna D\u00fcsseldorf <\/em><\/strong> <\/p>\n\n\n\n<p>Sky: Kai Dittmann <\/p>\n\n\n\n<p><strong><em>VfL Wolfsburg \u2013 Eintracht Frankfurt<\/em><\/strong> <\/p>\n\n\n\n<p>Sky: Roland Evers<\/p>\n\n\n\n<p><strong><em>SC Freiburg \u2013 Bayer 04 Leverkusen<\/em><\/strong> <\/p>\n\n\n\n<p>Sky: Toni Tomic<\/p>\n\n\n\n<p><strong><em>1. FSV Mainz 05 \u2013 TSG 1899 Hoffenheim<\/em><\/strong> <\/p>\n\n\n\n<p>Sky: Jonas Friedrich<\/p>\n\n\n\n<p>Moderation (Sky): Michael Leopold, Experte: Didi Hamann<\/p>\n\n\n\n<p><strong>DAZN RETRO GAMES<\/strong><\/p>\n\n\n\n<p><span style=\"text-decoration: underline;\">Samstag, 11. April 2020, ab 15.30 Uhr<\/span><\/p>\n\n\n\n<p><strong><em>Juventus Turin \u2013 SV Werder Bremen (2005\/06; CL-Achtelfinal-R\u00fcckspiel)<\/em><\/strong><\/p>\n\n\n\n<p>DAZN: Uwe Morawe, Experte: Patrick Owomoyela<\/p>\n\n\n\n<p><span style=\"text-decoration: underline;\">Sonntag, 12. April 2020, ab 15.30 Uhr<\/span><\/p>\n\n\n\n<p><strong><em>FC Bayern M\u00fcnchen \u2013 FC Barcelona (2012\/13; CL-Halbfinal-Hinspiel)<\/em><\/strong><\/p>\n\n\n\n<p>DAZN: Uli Hebel, Experte: Benny Lauth<\/p>\n","protected":false},"excerpt":{"rendered":"<p>N\u00b4Abend allerseits! 40.000 Zuschauer schalteten bei der ersten &#8222;histooorischen Sky Konferenz&#8220; am vergangenen Samstag ein. Sechsstellige Quoten sind utopisch bei einem Format dieser Art. Die Verantwortlichen lieb\u00e4ugelten aber bestimmt mit mindestens der doppelten Reichweite &#8211; reine Spekulation. Ich denke, dass Sky mit der Umsetzung dieser Idee ein abwechslungsreiches und ordentliches Produkt gelungen ist. Leopold, Hamann, [&hellip;]<\/p>\n","protected":false},"author":3,"featured_media":0,"comment_status":"open","ping_status":"open","sticky":false,"template":"","format":"standard","meta":{"footnotes":""},"categories":[429],"tags":[166,115,160,13,30,280,25,69,93,88,45,22,24,105,149],"class_list":["post-1989","post","type-post","status-publish","format-standard","hentry","category-diverses","tag-benny-lauth","tag-1-bundesliga","tag-champions-league","tag-dazn","tag-didi-hamann","tag-golf","tag-hansi-kuepper","tag-jonas-friedrich","tag-kai-dittmann","tag-michael-leopold","tag-roland-evers","tag-sky","tag-toni-tomic","tag-uli-hebel","tag-uwe-morawe"],"_links":{"self":[{"href":"http:\/\/kommentatorenblog.de\/index.php?rest_route=\/wp\/v2\/posts\/1989","targetHints":{"allow":["GET"]}}],"collection":[{"href":"http:\/\/kommentatorenblog.de\/index.php?rest_route=\/wp\/v2\/posts"}],"about":[{"href":"http:\/\/kommentatorenblog.de\/index.php?rest_route=\/wp\/v2\/types\/post"}],"author":[{"embeddable":true,"href":"http:\/\/kommentatorenblog.de\/index.php?rest_route=\/wp\/v2\/users\/3"}],"replies":[{"embeddable":true,"href":"http:\/\/kommentatorenblog.de\/index.php?rest_route=%2Fwp%2Fv2%2Fcomments&post=1989"}],"version-history":[{"count":7,"href":"http:\/\/kommentatorenblog.de\/index.php?rest_route=\/wp\/v2\/posts\/1989\/revisions"}],"predecessor-version":[{"id":1998,"href":"http:\/\/kommentatorenblog.de\/index.php?rest_route=\/wp\/v2\/posts\/1989\/revisions\/1998"}],"wp:attachment":[{"href":"http:\/\/kommentatorenblog.de\/index.php?rest_route=%2Fwp%2Fv2%2Fmedia&parent=1989"}],"wp:term":[{"taxonomy":"category","embeddable":true,"href":"http:\/\/kommentatorenblog.de\/index.php?rest_route=%2Fwp%2Fv2%2Fcategories&post=1989"},{"taxonomy":"post_tag","embeddable":true,"href":"http:\/\/kommentatorenblog.de\/index.php?rest_route=%2Fwp%2Fv2%2Ftags&post=1989"}],"curies":[{"name":"wp","href":"https:\/\/api.w.org\/{rel}","templated":true}]}}