{"id":20301,"date":"2025-01-16T17:39:54","date_gmt":"2025-01-16T16:39:54","guid":{"rendered":"https:\/\/kommentatorenblog.de\/?p=20301"},"modified":"2025-01-23T00:19:47","modified_gmt":"2025-01-22T23:19:47","slug":"1479-was-ist-denn-mit-karsten-los","status":"publish","type":"post","link":"http:\/\/kommentatorenblog.de\/?p=20301","title":{"rendered":"1479 &#8211; Was ist denn mit Karsten los?"},"content":{"rendered":"\n<p>N\u2019Abend allerseits,<\/p>\n\n\n\n<p>die Englische Woche und damit auch die Hinrunde sind vorbei. Doch die am morgigen Freitag startende R\u00fcckrunde wirft bereits ihre Schatten voraus. Gleichzeitig gibt es jede Menge Tennis und Handball-Action (an dieser Stelle ein Verweis auf den letzten Beitrag, in dem Karl euch alle Infos dazu geliefert hat).<\/p>\n\n\n\n<p>Seit 2008 gibt es diesen Blog nun schon, aber \u2013 wenn ich nichts \u00fcbersehe \u2013 feiern wir heute eine Premiere: einen Gastbeitrag und zwar von David B\u00fccker von <a href=\"https:\/\/meinsportpodcast.de\/mixed-sport\/screentime-sport-der-sport-tv-kritik-podcast\/\">SCREENTIME SPORT<\/a>. Wie es dazu gekommen ist, erz\u00e4hlt er euch gleich selbst. In jedem Fall ein gro\u00dfes Dankesch\u00f6n an David f\u00fcr seine Mithilfe und daf\u00fcr, dass er den heutigen Beitrag \u00fcbernommen hat.<\/p>\n\n\n\n<p>Euch w\u00fcnsche ich viel Spa\u00df beim Lesen, inklusive einer XXL-Analyse aus einer neuen Perspektive!<\/p>\n\n\n\n<p>Nico<\/p>\n\n\n\n<hr class=\"wp-block-separator has-alpha-channel-opacity\"\/>\n\n\n\n<p>Hallo auch von meiner Seite!<\/p>\n\n\n\n<p>Die Meisten von euch werden es in den letzten Monaten ja mitbekommen haben, dass der Kommentatorenblog sowohl inhaltlich auf der Website als auch via Instagram eng mit unserem Podcast-Format &#8222;SCREENTIME SPORT&#8220; (STS) zusammenarbeitet. Wie hier bereits mehrfach erw\u00e4hnt, k\u00f6nnen wir hierdurch sinnvoll Synergien nutzen und bereichern uns &#8211; und das merkt ihr hoffentlich auch in den jeweiligen Produkten &#8211; durch den gegenseitigen Austausch. Hierzu freuen wir uns immer \u00fcber Feedback.<\/p>\n\n\n\n<p>Ein paar Worte zu mir: ich bin David, noch 23 Jahre alt und zumeist in Hessen unterwegs. Ich bin neben meinem zu Ende gehenden Lehramtsstudium u.a. freiberuflich im Sportjounalismus aktiv und durfte Anfang 2024 ein paar Monate als Praktikant Einblicke in die Produktionen von Sky Sport erhalten &#8211; eine sehr interessante Erfahrung! Mein Fu\u00dfballherz habe ich an den Deutschen Sportclub aus Bielefeld verloren, auch dahingehend bleibt es immer spannend. \ud83d\ude42<\/p>\n\n\n\n<p>Mindestens mal seit 2020, vereinzelt aber sicher auch schon davor, bin ich regelm\u00e4\u00dfiger (kommentierender) Leser des tollen Blogs, der seit 2008 (!) existiert. Im Zuge des zu Ende gegangenen Community Award Votings (danke auch vom STS-Team f\u00fcr die rege Teilnahme!) wurde in der &#8222;Glanzparade&#8220; von Sky der &#8222;Schmidtchen der Woche&#8220; (liebe Gr\u00fc\u00dfe an Timo) an mich verliehen, weil ich f\u00fcr unser Team die geplanten Preise in Aussicht stellte und zugleich als Teil des Kommentatorenblog-Teams benannt wurde. Sp\u00e4testens dieses Ereignis ist also Grund dazu, hier heute endlich die Einladung anzunehmen, gemeinsam mit Nico als Gastbeitragsschreiber t\u00e4tig zu werden.<\/p>\n\n\n\n<p>Nun aber genug der Vorrede &#8211; es folgen die Ansetzungen der Spiele f\u00fcr dieses Wochenende. Nach dem Bundesliga-Restart beginnt das Jahr 2025 auch f\u00fcr die 2. Bundesliga &#8211; mit einigen Besonderheiten. Dar\u00fcber hinaus freuen sich die Beitragsschreiber \u00fcber die Free-TV-Spiele in Liga 3. Au\u00dferdem: einige Menge Internationales.<\/p>\n\n\n\n<p>Viel Spa\u00df beim Lesen (und Kommentieren)!<\/p>\n\n\n\n<hr class=\"wp-block-separator has-css-opacity\"\/>\n\n\n\n<p><strong>Die Ansetzungen vom 17. bis zum 20. Januar 2025<\/strong><\/p>\n\n\n\n<hr class=\"wp-block-separator has-css-opacity\"\/>\n\n\n\n<p><strong>Bundesliga, 18. Spieltag<\/strong><\/p>\n\n\n\n<p><span style=\"text-decoration: underline\">Freitag, 17. Januar 2025, ab 19.30 Uhr (DAZN)<\/span><\/p>\n\n\n\n<p><strong><em>Eintracht Frankfurt &#8211; Borussia Dortmund (20.30 Uhr)<\/em><\/strong><br><em><strong><img loading=\"lazy\" decoding=\"async\" width=\"415\" height=\"874\" class=\"wp-image-3656\" style=\"width: 10px\" src=\"http:\/\/kommentatorenblog.de\/wp-content\/uploads\/2020\/09\/shure-55sh-ii-e1601485394796.jpg\" alt=\"\" srcset=\"http:\/\/kommentatorenblog.de\/wp-content\/uploads\/2020\/09\/shure-55sh-ii-e1601485394796.jpg 415w, http:\/\/kommentatorenblog.de\/wp-content\/uploads\/2020\/09\/shure-55sh-ii-e1601485394796-142x300.jpg 142w\" sizes=\"auto, (max-width: 415px) 100vw, 415px\" \/><\/strong><\/em> Jan Platte, Experte: Sebastian Knei\u00dfl<br>Moderation: Laura Wontorra, Field-Reporter: <s>Max Siebald<\/s> Marco Hagemann<\/p>\n\n\n\n<p><span style=\"text-decoration: underline\">Samstag, 18. <span style=\"text-decoration: underline\">Januar 2025<\/span>, ab 14.00 Uhr (Sky)<\/span><\/p>\n\n\n\n<p><strong><em>FC Bayern M\u00fcnchen<\/em><\/strong><em><strong> &#8211; VfL Wolfsburg (15.30 Uhr)<\/strong><\/em><br><img loading=\"lazy\" decoding=\"async\" width=\"415\" height=\"874\" class=\"wp-image-3656\" style=\"width: 10px\" src=\"http:\/\/kommentatorenblog.de\/wp-content\/uploads\/2020\/09\/shure-55sh-ii-e1601485394796.jpg\" alt=\"\" srcset=\"http:\/\/kommentatorenblog.de\/wp-content\/uploads\/2020\/09\/shure-55sh-ii-e1601485394796.jpg 415w, http:\/\/kommentatorenblog.de\/wp-content\/uploads\/2020\/09\/shure-55sh-ii-e1601485394796-142x300.jpg 142w\" sizes=\"auto, (max-width: 415px) 100vw, 415px\" \/> Kai Dittmann (Einzelspiel), Frank Buschmann (Konferenz)<br>Field-Reporter: <s>Max Zielke<\/s> Nele Ocik<\/p>\n\n\n\n<p><strong><em>VfB Stuttgart<\/em><\/strong><em><strong> &#8211; SC Freiburg (15.30 Uhr)<\/strong><\/em><br><img loading=\"lazy\" decoding=\"async\" width=\"415\" height=\"874\" class=\"wp-image-3656\" style=\"width: 10px\" src=\"http:\/\/kommentatorenblog.de\/wp-content\/uploads\/2020\/09\/shure-55sh-ii-e1601485394796.jpg\" alt=\"\" srcset=\"http:\/\/kommentatorenblog.de\/wp-content\/uploads\/2020\/09\/shure-55sh-ii-e1601485394796.jpg 415w, http:\/\/kommentatorenblog.de\/wp-content\/uploads\/2020\/09\/shure-55sh-ii-e1601485394796-142x300.jpg 142w\" sizes=\"auto, (max-width: 415px) 100vw, 415px\" \/> Jonas Friedrich (Einzelspiel), Martin Gro\u00df (Konferenz)<br>Field-Reporterin: Britta Hofmann<\/p>\n\n\n\n<p><strong><em>VfL Bochum<\/em><\/strong><em><strong> &#8211; RB Leipzig (15.30 Uhr)<\/strong><\/em><br><img loading=\"lazy\" decoding=\"async\" width=\"415\" height=\"874\" class=\"wp-image-3656\" style=\"width: 10px\" src=\"http:\/\/kommentatorenblog.de\/wp-content\/uploads\/2020\/09\/shure-55sh-ii-e1601485394796.jpg\" alt=\"\" srcset=\"http:\/\/kommentatorenblog.de\/wp-content\/uploads\/2020\/09\/shure-55sh-ii-e1601485394796.jpg 415w, http:\/\/kommentatorenblog.de\/wp-content\/uploads\/2020\/09\/shure-55sh-ii-e1601485394796-142x300.jpg 142w\" sizes=\"auto, (max-width: 415px) 100vw, 415px\" \/> Marcus Lindemann (Einzelspiel), Roland Evers (Konferenz)<br>Field-Reporter: Dirk gro\u00dfe Schlarmann<\/p>\n\n\n\n<p><em><strong>1. FC Heidenheim &#8211; FC St. Pauli (15.30 Uhr)<\/strong><\/em><br><img loading=\"lazy\" decoding=\"async\" width=\"415\" height=\"874\" class=\"wp-image-3656\" style=\"width: 10px\" src=\"http:\/\/kommentatorenblog.de\/wp-content\/uploads\/2020\/09\/shure-55sh-ii-e1601485394796.jpg\" alt=\"\" srcset=\"http:\/\/kommentatorenblog.de\/wp-content\/uploads\/2020\/09\/shure-55sh-ii-e1601485394796.jpg 415w, http:\/\/kommentatorenblog.de\/wp-content\/uploads\/2020\/09\/shure-55sh-ii-e1601485394796-142x300.jpg 142w\" sizes=\"auto, (max-width: 415px) 100vw, 415px\" \/> Hannes Herrmann (Einzelspiel), Markus G\u00f6tz (Konferenz)<br>Field-Reporter: Riccardo Basile<\/p>\n\n\n\n<p><strong><em>Holstein Kiel<\/em><\/strong><em><strong> &#8211; TSG 1899 Hoffenheim (15.30 Uhr)<\/strong><\/em><br><img loading=\"lazy\" decoding=\"async\" width=\"415\" height=\"874\" class=\"wp-image-3656\" style=\"width: 10px\" src=\"http:\/\/kommentatorenblog.de\/wp-content\/uploads\/2020\/09\/shure-55sh-ii-e1601485394796.jpg\" alt=\"\" srcset=\"http:\/\/kommentatorenblog.de\/wp-content\/uploads\/2020\/09\/shure-55sh-ii-e1601485394796.jpg 415w, http:\/\/kommentatorenblog.de\/wp-content\/uploads\/2020\/09\/shure-55sh-ii-e1601485394796-142x300.jpg 142w\" sizes=\"auto, (max-width: 415px) 100vw, 415px\" \/> Torsten Kunde (Einzelspiel), Klaus Veltman (Konferenz)<br>Field-Reporter: Jens Westen<\/p>\n\n\n\n<p>Moderation: Michael Leopold, Experten: Dietmar Hamann und Erik Meijer<\/p>\n\n\n\n<p><span style=\"text-decoration: underline\">ab 17.30 Uhr (Sky)<\/span><\/p>\n\n\n\n<p><strong><em>Bayer 04 Leverkusen &#8211; Borussia M\u00f6nchengladbach (18.30 Uhr)<\/em><\/strong><br><img loading=\"lazy\" decoding=\"async\" width=\"415\" height=\"874\" class=\"wp-image-3656\" style=\"width: 10px\" src=\"http:\/\/kommentatorenblog.de\/wp-content\/uploads\/2020\/09\/shure-55sh-ii-e1601485394796.jpg\" alt=\"\" srcset=\"http:\/\/kommentatorenblog.de\/wp-content\/uploads\/2020\/09\/shure-55sh-ii-e1601485394796.jpg 415w, http:\/\/kommentatorenblog.de\/wp-content\/uploads\/2020\/09\/shure-55sh-ii-e1601485394796-142x300.jpg 142w\" sizes=\"auto, (max-width: 415px) 100vw, 415px\" \/> Wolff Fuss<br>Moderation: Sebastian Hellmann, Expert:innen: Lothar Matth\u00e4us und Tabea Kemme, Field-Reporter: Patrick Wasserziehr<\/p>\n\n\n\n<p><span style=\"text-decoration: underline\">Sonntag, 19. Januar 2025, ab 14.45 Uhr (DAZN)<\/span><\/p>\n\n\n\n<p><strong><em>1. FC Union Berlin &#8211; FSV Mainz 05 (15.30 Uhr)<\/em><\/strong><br><img loading=\"lazy\" decoding=\"async\" width=\"415\" height=\"874\" class=\"wp-image-3656\" style=\"width: 10px\" src=\"http:\/\/kommentatorenblog.de\/wp-content\/uploads\/2020\/09\/shure-55sh-ii-e1601485394796.jpg\" alt=\"\" srcset=\"http:\/\/kommentatorenblog.de\/wp-content\/uploads\/2020\/09\/shure-55sh-ii-e1601485394796.jpg 415w, http:\/\/kommentatorenblog.de\/wp-content\/uploads\/2020\/09\/shure-55sh-ii-e1601485394796-142x300.jpg 142w\" sizes=\"auto, (max-width: 415px) 100vw, 415px\" \/> Marco Hagemann, Expertin: Turid Knaak<br>Moderation: Daniel Herzog, Field-Reporter: Benni Zander<\/p>\n\n\n\n<p><span style=\"text-decoration: underline\">ab 17.00 Uhr (DAZN)<\/span><\/p>\n\n\n\n<p><strong><em>SV Werder Bremen &#8211; FC Augsburg (17.30 Uhr)<\/em><\/strong><br><img loading=\"lazy\" decoding=\"async\" width=\"415\" height=\"874\" class=\"wp-image-3656\" style=\"width: 10px\" src=\"http:\/\/kommentatorenblog.de\/wp-content\/uploads\/2020\/09\/shure-55sh-ii-e1601485394796.jpg\" alt=\"\" srcset=\"http:\/\/kommentatorenblog.de\/wp-content\/uploads\/2020\/09\/shure-55sh-ii-e1601485394796.jpg 415w, http:\/\/kommentatorenblog.de\/wp-content\/uploads\/2020\/09\/shure-55sh-ii-e1601485394796-142x300.jpg 142w\" sizes=\"auto, (max-width: 415px) 100vw, 415px\" \/> Max Siebald, Experte: Sascha Bigalke<br>Moderation: Lukas Sch\u00f6nm\u00fcller, Field-Reporterin: Christina Rann<\/p>\n\n\n\n<hr class=\"wp-block-separator has-css-opacity\"\/>\n\n\n\n<p><strong>2. Bundesliga, 18. Spieltag<\/strong><\/p>\n\n\n\n<p><span style=\"text-decoration: underline\">Freitag, 17. Januar 2025, ab 18.00 Uhr (Sky)<\/span><\/p>\n\n\n\n<p><strong><em>Die Konferenz (18.30 Uhr)<\/em><\/strong><br><img loading=\"lazy\" decoding=\"async\" width=\"415\" height=\"874\" class=\"wp-image-3656\" style=\"width: 10px\" src=\"http:\/\/kommentatorenblog.de\/wp-content\/uploads\/2020\/09\/shure-55sh-ii-e1601485394796.jpg\" alt=\"\" srcset=\"http:\/\/kommentatorenblog.de\/wp-content\/uploads\/2020\/09\/shure-55sh-ii-e1601485394796.jpg 415w, http:\/\/kommentatorenblog.de\/wp-content\/uploads\/2020\/09\/shure-55sh-ii-e1601485394796-142x300.jpg 142w\" sizes=\"auto, (max-width: 415px) 100vw, 415px\" \/> Klaus Veltman (Fokus auf F95-D98)<\/p>\n\n\n\n<p><strong><em>Fortuna D\u00fcsseldorf &#8211; SV Darmstadt 98 (18.30 Uhr)<\/em><\/strong><br><img loading=\"lazy\" decoding=\"async\" width=\"415\" height=\"874\" class=\"wp-image-3656\" style=\"width: 10px\" src=\"http:\/\/kommentatorenblog.de\/wp-content\/uploads\/2020\/09\/shure-55sh-ii-e1601485394796.jpg\" alt=\"\" srcset=\"http:\/\/kommentatorenblog.de\/wp-content\/uploads\/2020\/09\/shure-55sh-ii-e1601485394796.jpg 415w, http:\/\/kommentatorenblog.de\/wp-content\/uploads\/2020\/09\/shure-55sh-ii-e1601485394796-142x300.jpg 142w\" sizes=\"auto, (max-width: 415px) 100vw, 415px\" \/> Joachim Hebel<\/p>\n\n\n\n<p><strong><em>SSV Jahn Regensburg &#8211; Hannover 96 (18.30 Uhr)<\/em><\/strong><br><img loading=\"lazy\" decoding=\"async\" width=\"415\" height=\"874\" class=\"wp-image-3656\" style=\"width: 10px\" src=\"http:\/\/kommentatorenblog.de\/wp-content\/uploads\/2020\/09\/shure-55sh-ii-e1601485394796.jpg\" alt=\"\" srcset=\"http:\/\/kommentatorenblog.de\/wp-content\/uploads\/2020\/09\/shure-55sh-ii-e1601485394796.jpg 415w, http:\/\/kommentatorenblog.de\/wp-content\/uploads\/2020\/09\/shure-55sh-ii-e1601485394796-142x300.jpg 142w\" sizes=\"auto, (max-width: 415px) 100vw, 415px\" \/> Marcel Meinert<br>Field-Reporter: Felix Fischer<\/p>\n\n\n\n<p>Moderation (aus D\u00fcsseldorf): Nele Ocik, Experte: S\u00f6ren Gonther<\/p>\n\n\n\n<p><span style=\"text-decoration: underline\">Samstag, 18. <span style=\"text-decoration: underline\">Januar 2025<\/span>, ab 12.30 Uhr (Sky)<\/span><\/p>\n\n\n\n<p><strong><em>Die Konferenz (13.00 Uhr)<\/em><\/strong><br><img loading=\"lazy\" decoding=\"async\" width=\"415\" height=\"874\" class=\"wp-image-3656\" style=\"width: 10px\" src=\"http:\/\/kommentatorenblog.de\/wp-content\/uploads\/2020\/09\/shure-55sh-ii-e1601485394796.jpg\" alt=\"\" srcset=\"http:\/\/kommentatorenblog.de\/wp-content\/uploads\/2020\/09\/shure-55sh-ii-e1601485394796.jpg 415w, http:\/\/kommentatorenblog.de\/wp-content\/uploads\/2020\/09\/shure-55sh-ii-e1601485394796-142x300.jpg 142w\" sizes=\"auto, (max-width: 415px) 100vw, 415px\" \/> Oliver Seidler (Fokus auf EBS-S04)<\/p>\n\n\n\n<p><strong><em>Eintracht Braunschweig &#8211; FC Schalke 04 (13.00 Uhr)<\/em><\/strong><br><img loading=\"lazy\" decoding=\"async\" width=\"415\" height=\"874\" class=\"wp-image-3656\" style=\"width: 10px\" src=\"http:\/\/kommentatorenblog.de\/wp-content\/uploads\/2020\/09\/shure-55sh-ii-e1601485394796.jpg\" alt=\"\" srcset=\"http:\/\/kommentatorenblog.de\/wp-content\/uploads\/2020\/09\/shure-55sh-ii-e1601485394796.jpg 415w, http:\/\/kommentatorenblog.de\/wp-content\/uploads\/2020\/09\/shure-55sh-ii-e1601485394796-142x300.jpg 142w\" sizes=\"auto, (max-width: 415px) 100vw, 415px\" \/> Timo Sch\u00e4fers<\/p>\n\n\n\n<p><strong><em>1. FC Kaiserslautern &#8211; SSV Ulm 1846 <\/em>(<em>13.00 Uhr)<\/em><\/strong><br><img loading=\"lazy\" decoding=\"async\" width=\"415\" height=\"874\" class=\"wp-image-3656\" style=\"width: 10px\" src=\"http:\/\/kommentatorenblog.de\/wp-content\/uploads\/2020\/09\/shure-55sh-ii-e1601485394796.jpg\" alt=\"\" srcset=\"http:\/\/kommentatorenblog.de\/wp-content\/uploads\/2020\/09\/shure-55sh-ii-e1601485394796.jpg 415w, http:\/\/kommentatorenblog.de\/wp-content\/uploads\/2020\/09\/shure-55sh-ii-e1601485394796-142x300.jpg 142w\" sizes=\"auto, (max-width: 415px) 100vw, 415px\" \/> Dominik M\u00fcller<br>Field-Reporter: Alexander Bonengel<\/p>\n\n\n\n<p><strong><em>Preu\u00dfen M\u00fcnster &#8211; SpVgg Greuther F\u00fcrth<\/em><\/strong><em><strong> (13.00 Uhr)<\/strong><\/em><br><img loading=\"lazy\" decoding=\"async\" width=\"415\" height=\"874\" class=\"wp-image-3656\" style=\"width: 10px\" src=\"http:\/\/kommentatorenblog.de\/wp-content\/uploads\/2020\/09\/shure-55sh-ii-e1601485394796.jpg\" alt=\"\" srcset=\"http:\/\/kommentatorenblog.de\/wp-content\/uploads\/2020\/09\/shure-55sh-ii-e1601485394796.jpg 415w, http:\/\/kommentatorenblog.de\/wp-content\/uploads\/2020\/09\/shure-55sh-ii-e1601485394796-142x300.jpg 142w\" sizes=\"auto, (max-width: 415px) 100vw, 415px\" \/> Karsten Petrzika<br>Field-Reporter: Marlon Irlbacher<\/p>\n\n\n\n<p>Moderation (aus Braunschweig): Stefan Hempel, Experte: Torsten Mattuschka<\/p>\n\n\n\n<p><span style=\"text-decoration: underline\">ab 19.30 Uhr (SPORT1) bzw. ab 20.00 Uhr (Sky)<\/span><\/p>\n\n\n\n<p><strong><em>Hamburger SV &#8211; 1. FC K\u00f6ln (<s>20.30<\/s> 20.45 Uhr)<\/em><\/strong><\/p>\n\n\n\n<p><img loading=\"lazy\" decoding=\"async\" width=\"415\" height=\"874\" class=\"wp-image-3656\" style=\"width: 10px\" src=\"http:\/\/kommentatorenblog.de\/wp-content\/uploads\/2020\/09\/shure-55sh-ii-e1601485394796.jpg\" alt=\"\" srcset=\"http:\/\/kommentatorenblog.de\/wp-content\/uploads\/2020\/09\/shure-55sh-ii-e1601485394796.jpg 415w, http:\/\/kommentatorenblog.de\/wp-content\/uploads\/2020\/09\/shure-55sh-ii-e1601485394796-142x300.jpg 142w\" sizes=\"auto, (max-width: 415px) 100vw, 415px\" \/> SPORT1: Markus H\u00f6hner, Experte: Martin Harnik<br>Moderation (SPORT1): Ruth Hofmann, Field-Reporter: Fabian Greve<\/p>\n\n\n\n<p><img loading=\"lazy\" decoding=\"async\" width=\"415\" height=\"874\" class=\"wp-image-3656\" style=\"width: 10px\" src=\"http:\/\/kommentatorenblog.de\/wp-content\/uploads\/2020\/09\/shure-55sh-ii-e1601485394796.jpg\" alt=\"\" srcset=\"http:\/\/kommentatorenblog.de\/wp-content\/uploads\/2020\/09\/shure-55sh-ii-e1601485394796.jpg 415w, http:\/\/kommentatorenblog.de\/wp-content\/uploads\/2020\/09\/shure-55sh-ii-e1601485394796-142x300.jpg 142w\" sizes=\"auto, (max-width: 415px) 100vw, 415px\" \/> Sky: Hansi K\u00fcpper, Experte: Simon Terodde<br>Moderation (Sky): Yannick Erkenbrecher, Field-Reporter: Sven T\u00f6llner, Gast: Chris Tall<\/p>\n\n\n\n<p><span style=\"text-decoration: underline\">Sonntag, 19. <span style=\"text-decoration: underline\">Januar 2025<\/span>, ab 13.00 Uhr (Sky\/RTL)<\/span><\/p>\n\n\n\n<p><strong><em>Die Konferenz (13.30 Uhr)<\/em><\/strong><br><img loading=\"lazy\" decoding=\"async\" width=\"415\" height=\"874\" class=\"wp-image-3656\" style=\"width: 10px\" src=\"http:\/\/kommentatorenblog.de\/wp-content\/uploads\/2020\/09\/shure-55sh-ii-e1601485394796.jpg\" alt=\"\" srcset=\"http:\/\/kommentatorenblog.de\/wp-content\/uploads\/2020\/09\/shure-55sh-ii-e1601485394796.jpg 415w, http:\/\/kommentatorenblog.de\/wp-content\/uploads\/2020\/09\/shure-55sh-ii-e1601485394796-142x300.jpg 142w\" sizes=\"auto, (max-width: 415px) 100vw, 415px\" \/> Roland Evers (Fokus auf FCN &#8211; KSC)<\/p>\n\n\n\n<p>Moderation aus N\u00fcrnberg (RTL): Laura Papendick, Experte: Felix Kroos<\/p>\n\n\n\n<p><span style=\"text-decoration: underline\">ab 13.00 Uhr (Sky)<\/span><\/p>\n\n\n\n<p><strong><em>1. FC N\u00fcrnberg &#8211; Karlsruher SC (13.30 Uhr)<\/em><\/strong><br><img loading=\"lazy\" decoding=\"async\" width=\"415\" height=\"874\" class=\"wp-image-3656\" style=\"width: 10px\" src=\"http:\/\/kommentatorenblog.de\/wp-content\/uploads\/2020\/09\/shure-55sh-ii-e1601485394796.jpg\" alt=\"\" srcset=\"http:\/\/kommentatorenblog.de\/wp-content\/uploads\/2020\/09\/shure-55sh-ii-e1601485394796.jpg 415w, http:\/\/kommentatorenblog.de\/wp-content\/uploads\/2020\/09\/shure-55sh-ii-e1601485394796-142x300.jpg 142w\" sizes=\"auto, (max-width: 415px) 100vw, 415px\" \/> Hannes Herrmann<\/p>\n\n\n\n<p><strong><em>SV Elversberg &#8211; 1. FC Magdeburg (13.30 Uhr)<\/em><\/strong><br><img loading=\"lazy\" decoding=\"async\" width=\"415\" height=\"874\" class=\"wp-image-3656\" style=\"width: 10px\" src=\"http:\/\/kommentatorenblog.de\/wp-content\/uploads\/2020\/09\/shure-55sh-ii-e1601485394796.jpg\" alt=\"\" srcset=\"http:\/\/kommentatorenblog.de\/wp-content\/uploads\/2020\/09\/shure-55sh-ii-e1601485394796.jpg 415w, http:\/\/kommentatorenblog.de\/wp-content\/uploads\/2020\/09\/shure-55sh-ii-e1601485394796-142x300.jpg 142w\" sizes=\"auto, (max-width: 415px) 100vw, 415px\" \/> Karsten Petrzika<br>Field-Reporter: Alexander Bonengel<\/p>\n\n\n\n<p><strong><em>SC Paderborn 07 &#8211; Hertha BSC (13.30 Uhr)<\/em><\/strong><br><img loading=\"lazy\" decoding=\"async\" width=\"415\" height=\"874\" class=\"wp-image-3656\" style=\"width: 10px\" src=\"http:\/\/kommentatorenblog.de\/wp-content\/uploads\/2020\/09\/shure-55sh-ii-e1601485394796.jpg\" alt=\"\" srcset=\"http:\/\/kommentatorenblog.de\/wp-content\/uploads\/2020\/09\/shure-55sh-ii-e1601485394796.jpg 415w, http:\/\/kommentatorenblog.de\/wp-content\/uploads\/2020\/09\/shure-55sh-ii-e1601485394796-142x300.jpg 142w\" sizes=\"auto, (max-width: 415px) 100vw, 415px\" \/> Martin Gro\u00df<br>Field-Reporter: Dirk gro\u00dfe Schlarmann<\/p>\n\n\n\n<p>Moderation (aus N\u00fcrnberg): Max Zielke, Experte: Torsten Mattuschka<\/p>\n\n\n\n<hr class=\"wp-block-separator has-css-opacity\"\/>\n\n\n\n<p><strong>3. Liga, 20. Spieltag<\/strong><\/p>\n\n\n\n<p><span style=\"text-decoration: underline\">Freitag, 17. Januar 2025, ab 18.30 Uhr (Magenta Sport)<\/span><\/p>\n\n\n\n<p><strong><em>Hannover 96 II &#8211; Erzgebirge Aue (19.00 Uhr)<\/em><\/strong><br><img loading=\"lazy\" decoding=\"async\" width=\"415\" height=\"874\" class=\"wp-image-3656\" style=\"width: 10px\" src=\"http:\/\/kommentatorenblog.de\/wp-content\/uploads\/2020\/09\/shure-55sh-ii-e1601485394796.jpg\" alt=\"\" srcset=\"http:\/\/kommentatorenblog.de\/wp-content\/uploads\/2020\/09\/shure-55sh-ii-e1601485394796.jpg 415w, http:\/\/kommentatorenblog.de\/wp-content\/uploads\/2020\/09\/shure-55sh-ii-e1601485394796-142x300.jpg 142w\" sizes=\"auto, (max-width: 415px) 100vw, 415px\" \/> Christian Stra\u00dfburger, Experte: Fabian Klos<br>Moderation: Thomas Wagner<\/p>\n\n\n\n<p><span style=\"text-decoration: underline\">Samstag, 18. Januar 2025, ab 13.30 Uhr (Magenta Sport)<\/span><\/p>\n\n\n\n<p><strong><em>Die Konferenz (14.00 Uhr)<\/em><\/strong><br><img loading=\"lazy\" decoding=\"async\" width=\"415\" height=\"874\" class=\"wp-image-3656\" style=\"width: 10px\" src=\"http:\/\/kommentatorenblog.de\/wp-content\/uploads\/2020\/09\/shure-55sh-ii-e1601485394796.jpg\" alt=\"\" srcset=\"http:\/\/kommentatorenblog.de\/wp-content\/uploads\/2020\/09\/shure-55sh-ii-e1601485394796.jpg 415w, http:\/\/kommentatorenblog.de\/wp-content\/uploads\/2020\/09\/shure-55sh-ii-e1601485394796-142x300.jpg 142w\" sizes=\"auto, (max-width: 415px) 100vw, 415px\" \/> Sascha Bandermann, Experte: Steven Ruprecht<\/p>\n\n\n\n<p><span style=\"text-decoration: underline\">ab 13.45 Uhr (Magenta Sport)<\/span><\/p>\n\n\n\n<p><strong><em>VfB Stuttgart II &#8211; FC Hansa Rostock (14.00 Uhr)<\/em><\/strong><br><img loading=\"lazy\" decoding=\"async\" width=\"415\" height=\"874\" class=\"wp-image-3656\" style=\"width: 10px\" src=\"http:\/\/kommentatorenblog.de\/wp-content\/uploads\/2020\/09\/shure-55sh-ii-e1601485394796.jpg\" alt=\"\" srcset=\"http:\/\/kommentatorenblog.de\/wp-content\/uploads\/2020\/09\/shure-55sh-ii-e1601485394796.jpg 415w, http:\/\/kommentatorenblog.de\/wp-content\/uploads\/2020\/09\/shure-55sh-ii-e1601485394796-142x300.jpg 142w\" sizes=\"auto, (max-width: 415px) 100vw, 415px\" \/> Sebastian Ulrich<br>Moderation: Simon K\u00f6pfer<\/p>\n\n\n\n<p><strong><em>VfL Osnabr\u00fcck &#8211; SV Sandhausen (14.00 Uhr)<\/em><\/strong><br><img loading=\"lazy\" decoding=\"async\" width=\"415\" height=\"874\" class=\"wp-image-3656\" style=\"width: 10px\" src=\"http:\/\/kommentatorenblog.de\/wp-content\/uploads\/2020\/09\/shure-55sh-ii-e1601485394796.jpg\" alt=\"\" srcset=\"http:\/\/kommentatorenblog.de\/wp-content\/uploads\/2020\/09\/shure-55sh-ii-e1601485394796.jpg 415w, http:\/\/kommentatorenblog.de\/wp-content\/uploads\/2020\/09\/shure-55sh-ii-e1601485394796-142x300.jpg 142w\" sizes=\"auto, (max-width: 415px) 100vw, 415px\" \/> Michael Augustin<br>Moderation: Kevin Gerwin<\/p>\n\n\n\n<p><em><strong>SpVgg Unterhaching &#8211; Borussia Dortmund II (14.00 Uhr)<\/strong><\/em><br><img loading=\"lazy\" decoding=\"async\" width=\"415\" height=\"874\" class=\"wp-image-3656\" style=\"width: 10px\" src=\"http:\/\/kommentatorenblog.de\/wp-content\/uploads\/2020\/09\/shure-55sh-ii-e1601485394796.jpg\" alt=\"\" srcset=\"http:\/\/kommentatorenblog.de\/wp-content\/uploads\/2020\/09\/shure-55sh-ii-e1601485394796.jpg 415w, http:\/\/kommentatorenblog.de\/wp-content\/uploads\/2020\/09\/shure-55sh-ii-e1601485394796-142x300.jpg 142w\" sizes=\"auto, (max-width: 415px) 100vw, 415px\" \/> Oliver Forster<br>Moderation: Jan L\u00fcdeke<\/p>\n\n\n\n<p><span style=\"text-decoration: underline\">ab 13.45 Uhr (Magenta Sport) bzw. ab 14.00 Uhr (WDR\/RBB)<\/span><\/p>\n\n\n\n<p><strong><em>DSC Arminia Bielefeld &#8211; FC Energie Cottbus (14.00 Uhr)<\/em><\/strong><\/p>\n\n\n\n<p><img loading=\"lazy\" decoding=\"async\" width=\"415\" height=\"874\" class=\"wp-image-3656\" style=\"width: 10px\" src=\"http:\/\/kommentatorenblog.de\/wp-content\/uploads\/2020\/09\/shure-55sh-ii-e1601485394796.jpg\" alt=\"\" srcset=\"http:\/\/kommentatorenblog.de\/wp-content\/uploads\/2020\/09\/shure-55sh-ii-e1601485394796.jpg 415w, http:\/\/kommentatorenblog.de\/wp-content\/uploads\/2020\/09\/shure-55sh-ii-e1601485394796-142x300.jpg 142w\" sizes=\"auto, (max-width: 415px) 100vw, 415px\" \/> Magenta Sport: Mike M\u00fcnkel<br>Moderation (Magenta Sport): Tobi Sch\u00e4fer<\/p>\n\n\n\n<p><img loading=\"lazy\" decoding=\"async\" width=\"415\" height=\"874\" class=\"wp-image-3656\" style=\"width: 10px\" src=\"http:\/\/kommentatorenblog.de\/wp-content\/uploads\/2020\/09\/shure-55sh-ii-e1601485394796.jpg\" alt=\"\" srcset=\"http:\/\/kommentatorenblog.de\/wp-content\/uploads\/2020\/09\/shure-55sh-ii-e1601485394796.jpg 415w, http:\/\/kommentatorenblog.de\/wp-content\/uploads\/2020\/09\/shure-55sh-ii-e1601485394796-142x300.jpg 142w\" sizes=\"auto, (max-width: 415px) 100vw, 415px\" \/> WDR\/RBB: Jan Wochner<\/p>\n\n\n\n<p><span style=\"text-decoration: underline\">ab 13.45 Uhr (Magenta Sport) bzw. ab 14.00 Uhr (SR\/SWR)<\/span><\/p>\n\n\n\n<p><strong><em>1. FC Saarbr\u00fccken &#8211; TSV 1860 M\u00fcnchen (14.00 Uhr)<\/em><\/strong><\/p>\n\n\n\n<p><img loading=\"lazy\" decoding=\"async\" width=\"415\" height=\"874\" class=\"wp-image-3656\" style=\"width: 10px\" src=\"http:\/\/kommentatorenblog.de\/wp-content\/uploads\/2020\/09\/shure-55sh-ii-e1601485394796.jpg\" alt=\"\" srcset=\"http:\/\/kommentatorenblog.de\/wp-content\/uploads\/2020\/09\/shure-55sh-ii-e1601485394796.jpg 415w, http:\/\/kommentatorenblog.de\/wp-content\/uploads\/2020\/09\/shure-55sh-ii-e1601485394796-142x300.jpg 142w\" sizes=\"auto, (max-width: 415px) 100vw, 415px\" \/> Magenta Sport: Alex Klich<br>Moderation (Magenta Sport): Tobi Wahnschaffe<\/p>\n\n\n\n<p><img loading=\"lazy\" decoding=\"async\" width=\"415\" height=\"874\" class=\"wp-image-3656\" style=\"width: 10px\" src=\"http:\/\/kommentatorenblog.de\/wp-content\/uploads\/2020\/09\/shure-55sh-ii-e1601485394796.jpg\" alt=\"\" srcset=\"http:\/\/kommentatorenblog.de\/wp-content\/uploads\/2020\/09\/shure-55sh-ii-e1601485394796.jpg 415w, http:\/\/kommentatorenblog.de\/wp-content\/uploads\/2020\/09\/shure-55sh-ii-e1601485394796-142x300.jpg 142w\" sizes=\"auto, (max-width: 415px) 100vw, 415px\" \/> SR\/SWR: Frank Grundhever<br>Moderation (SR\/SWR): Thomas Braml, Experte: Lukas Kohler<\/p>\n\n\n\n<p><span style=\"text-decoration: underline\">ab 16.15 Uhr (Magenta Sport)<\/span><\/p>\n\n\n\n<p><strong><em>SV Wehen Wiesbaden &#8211; SC Verl (16.30 Uhr)<\/em><\/strong><br><img loading=\"lazy\" decoding=\"async\" width=\"415\" height=\"874\" class=\"wp-image-3656\" style=\"width: 10px\" src=\"http:\/\/kommentatorenblog.de\/wp-content\/uploads\/2020\/09\/shure-55sh-ii-e1601485394796.jpg\" alt=\"\" srcset=\"http:\/\/kommentatorenblog.de\/wp-content\/uploads\/2020\/09\/shure-55sh-ii-e1601485394796.jpg 415w, http:\/\/kommentatorenblog.de\/wp-content\/uploads\/2020\/09\/shure-55sh-ii-e1601485394796-142x300.jpg 142w\" sizes=\"auto, (max-width: 415px) 100vw, 415px\" \/> Mario Bast<br>Moderation: Julia Kleine<\/p>\n\n\n\n<p><span style=\"text-decoration: underline\">Sonntag, 19. Januar 2025, ab 13.15 Uhr (Magenta Sport)<\/span><\/p>\n\n\n\n<p><strong><em>Dynamo Dresden &#8211; Viktoria K\u00f6ln (13.30 Uhr)<\/em><\/strong><br><img loading=\"lazy\" decoding=\"async\" width=\"415\" height=\"874\" class=\"wp-image-3656\" style=\"width: 10px\" src=\"http:\/\/kommentatorenblog.de\/wp-content\/uploads\/2020\/09\/shure-55sh-ii-e1601485394796.jpg\" alt=\"\" srcset=\"http:\/\/kommentatorenblog.de\/wp-content\/uploads\/2020\/09\/shure-55sh-ii-e1601485394796.jpg 415w, http:\/\/kommentatorenblog.de\/wp-content\/uploads\/2020\/09\/shure-55sh-ii-e1601485394796-142x300.jpg 142w\" sizes=\"auto, (max-width: 415px) 100vw, 415px\" \/> Lenny Leonhardt<br>Moderation: Miriam Sinno<\/p>\n\n\n\n<p><span style=\"text-decoration: underline\">ab 16.15 Uhr (Magenta Sport)<\/span><\/p>\n\n\n\n<p><strong><em>Alemannia Aachen &#8211; Rot-Weiss Essen (16.30 Uhr)<\/em><\/strong><br><img loading=\"lazy\" decoding=\"async\" width=\"415\" height=\"874\" class=\"wp-image-3656\" style=\"width: 10px\" src=\"http:\/\/kommentatorenblog.de\/wp-content\/uploads\/2020\/09\/shure-55sh-ii-e1601485394796.jpg\" alt=\"\" srcset=\"http:\/\/kommentatorenblog.de\/wp-content\/uploads\/2020\/09\/shure-55sh-ii-e1601485394796.jpg 415w, http:\/\/kommentatorenblog.de\/wp-content\/uploads\/2020\/09\/shure-55sh-ii-e1601485394796-142x300.jpg 142w\" sizes=\"auto, (max-width: 415px) 100vw, 415px\" \/> Christian Stra\u00dfburger<br>Moderation: Thomas Wagner<\/p>\n\n\n\n<p><span style=\"text-decoration: underline\">ab 19.15 Uhr (Magenta Sport)<\/span><\/p>\n\n\n\n<p><strong><em>SV Waldhof Mannheim &#8211; FC Ingolstadt 04 (19.30 Uhr)<\/em><\/strong><br><img loading=\"lazy\" decoding=\"async\" width=\"415\" height=\"874\" class=\"wp-image-3656\" style=\"width: 10px\" src=\"http:\/\/kommentatorenblog.de\/wp-content\/uploads\/2020\/09\/shure-55sh-ii-e1601485394796.jpg\" alt=\"\" srcset=\"http:\/\/kommentatorenblog.de\/wp-content\/uploads\/2020\/09\/shure-55sh-ii-e1601485394796.jpg 415w, http:\/\/kommentatorenblog.de\/wp-content\/uploads\/2020\/09\/shure-55sh-ii-e1601485394796-142x300.jpg 142w\" sizes=\"auto, (max-width: 415px) 100vw, 415px\" \/> Julian-Luca Sch\u00e4fer<br>Moderation: Alexander K\u00fcpper<\/p>\n\n\n\n<hr class=\"wp-block-separator has-css-opacity\"\/>\n\n\n\n<p><strong>Premier League, 22. Spieltag<\/strong><\/p>\n\n\n\n<p><span style=\"text-decoration: underline\">Samstag, 18. Januar 2025, ab 13.20 Uhr (Sky)<\/span><\/p>\n\n\n\n<p><strong><em>Newcastle United &#8211; AFC Bournemouth (13.30 Uhr)<\/em><\/strong><br><img loading=\"lazy\" decoding=\"async\" width=\"415\" height=\"874\" class=\"wp-image-3656\" style=\"width: 10px\" src=\"http:\/\/kommentatorenblog.de\/wp-content\/uploads\/2020\/09\/shure-55sh-ii-e1601485394796.jpg\" alt=\"\" srcset=\"http:\/\/kommentatorenblog.de\/wp-content\/uploads\/2020\/09\/shure-55sh-ii-e1601485394796.jpg 415w, http:\/\/kommentatorenblog.de\/wp-content\/uploads\/2020\/09\/shure-55sh-ii-e1601485394796-142x300.jpg 142w\" sizes=\"auto, (max-width: 415px) 100vw, 415px\" \/> Uli Hebel<\/p>\n\n\n\n<p><span style=\"text-decoration: underline\">ab 15.50 Uhr (Sky\/RTL+)<\/span><\/p>\n\n\n\n<p><strong><em>FC Brentford &#8211; FC Liverpool (16.00 Uhr)<\/em><\/strong><br><img loading=\"lazy\" decoding=\"async\" width=\"415\" height=\"874\" class=\"wp-image-3656\" style=\"width: 10px\" src=\"http:\/\/kommentatorenblog.de\/wp-content\/uploads\/2020\/09\/shure-55sh-ii-e1601485394796.jpg\" alt=\"\" srcset=\"http:\/\/kommentatorenblog.de\/wp-content\/uploads\/2020\/09\/shure-55sh-ii-e1601485394796.jpg 415w, http:\/\/kommentatorenblog.de\/wp-content\/uploads\/2020\/09\/shure-55sh-ii-e1601485394796-142x300.jpg 142w\" sizes=\"auto, (max-width: 415px) 100vw, 415px\" \/> Toni Tomic<\/p>\n\n\n\n<p><span style=\"text-decoration: underline\">ab 15.50 Uhr (Sky)<\/span><\/p>\n\n\n\n<p><strong><em>West Ham United &#8211; Crystal Palace (16.00 Uhr)<\/em><\/strong><br><img loading=\"lazy\" decoding=\"async\" width=\"415\" height=\"874\" class=\"wp-image-3656\" style=\"width: 10px\" src=\"http:\/\/kommentatorenblog.de\/wp-content\/uploads\/2020\/09\/shure-55sh-ii-e1601485394796.jpg\" alt=\"\" srcset=\"http:\/\/kommentatorenblog.de\/wp-content\/uploads\/2020\/09\/shure-55sh-ii-e1601485394796.jpg 415w, http:\/\/kommentatorenblog.de\/wp-content\/uploads\/2020\/09\/shure-55sh-ii-e1601485394796-142x300.jpg 142w\" sizes=\"auto, (max-width: 415px) 100vw, 415px\" \/> Rachel Rinast<\/p>\n\n\n\n<p><span style=\"text-decoration: underline\">relive ab 20.50 Uhr (Sky)<\/span><\/p>\n\n\n\n<p><strong><em>Leicester City &#8211; FC Fulham (16.00 Uhr)<\/em><\/strong><br><img loading=\"lazy\" decoding=\"async\" width=\"415\" height=\"874\" class=\"wp-image-3656\" style=\"width: 10px\" src=\"http:\/\/kommentatorenblog.de\/wp-content\/uploads\/2020\/09\/shure-55sh-ii-e1601485394796.jpg\" alt=\"\" srcset=\"http:\/\/kommentatorenblog.de\/wp-content\/uploads\/2020\/09\/shure-55sh-ii-e1601485394796.jpg 415w, http:\/\/kommentatorenblog.de\/wp-content\/uploads\/2020\/09\/shure-55sh-ii-e1601485394796-142x300.jpg 142w\" sizes=\"auto, (max-width: 415px) 100vw, 415px\" \/> Toni Tomic<\/p>\n\n\n\n<p><span style=\"text-decoration: underline\">ab 18.20 Uhr (Sky)<\/span><\/p>\n\n\n\n<p><strong><em>FC Arsenal &#8211; Aston Villa (18.30 Uhr)<\/em><\/strong><br><img loading=\"lazy\" decoding=\"async\" width=\"415\" height=\"874\" class=\"wp-image-3656\" style=\"width: 10px\" src=\"http:\/\/kommentatorenblog.de\/wp-content\/uploads\/2020\/09\/shure-55sh-ii-e1601485394796.jpg\" alt=\"\" srcset=\"http:\/\/kommentatorenblog.de\/wp-content\/uploads\/2020\/09\/shure-55sh-ii-e1601485394796.jpg 415w, http:\/\/kommentatorenblog.de\/wp-content\/uploads\/2020\/09\/shure-55sh-ii-e1601485394796-142x300.jpg 142w\" sizes=\"auto, (max-width: 415px) 100vw, 415px\" \/> Joachim Hebel<\/p>\n\n\n\n<p><span style=\"text-decoration: underline\"><span style=\"text-decoration: underline\">Sonntag, 19. Januar, ab 14.30 Uhr (Sky)<\/span><\/span><\/p>\n\n\n\n<p><strong><em>Manchester United &#8211; Brighton &amp; Hove Albion (15.00 Uhr)<\/em><\/strong><br><img loading=\"lazy\" decoding=\"async\" width=\"415\" height=\"874\" class=\"wp-image-3656\" style=\"width: 10px\" src=\"http:\/\/kommentatorenblog.de\/wp-content\/uploads\/2020\/09\/shure-55sh-ii-e1601485394796.jpg\" alt=\"\" srcset=\"http:\/\/kommentatorenblog.de\/wp-content\/uploads\/2020\/09\/shure-55sh-ii-e1601485394796.jpg 415w, http:\/\/kommentatorenblog.de\/wp-content\/uploads\/2020\/09\/shure-55sh-ii-e1601485394796-142x300.jpg 142w\" sizes=\"auto, (max-width: 415px) 100vw, 415px\" \/> Markus G\u00f6tz, Experte: Shkodran Mustafi<br>Field-Reporter: Raphael Honigstein<\/p>\n\n\n\n<p><span style=\"text-decoration: underline\">ab 14.50 Uhr (Sky)<\/span><\/p>\n\n\n\n<p><strong><em>FC Everton &#8211; Tottenham Hotspur (15.00 Uhr)<\/em><\/strong><br><img loading=\"lazy\" decoding=\"async\" width=\"415\" height=\"874\" class=\"wp-image-3656\" style=\"width: 10px\" src=\"http:\/\/kommentatorenblog.de\/wp-content\/uploads\/2020\/09\/shure-55sh-ii-e1601485394796.jpg\" alt=\"\" srcset=\"http:\/\/kommentatorenblog.de\/wp-content\/uploads\/2020\/09\/shure-55sh-ii-e1601485394796.jpg 415w, http:\/\/kommentatorenblog.de\/wp-content\/uploads\/2020\/09\/shure-55sh-ii-e1601485394796-142x300.jpg 142w\" sizes=\"auto, (max-width: 415px) 100vw, 415px\" \/> Uli Hebel<\/p>\n\n\n\n<p><strong><em>Nottingham Forest &#8211; FC Southampton (15.00 Uhr)<\/em><\/strong><br><img loading=\"lazy\" decoding=\"async\" width=\"415\" height=\"874\" class=\"wp-image-3656\" style=\"width: 10px\" src=\"http:\/\/kommentatorenblog.de\/wp-content\/uploads\/2020\/09\/shure-55sh-ii-e1601485394796.jpg\" alt=\"\" srcset=\"http:\/\/kommentatorenblog.de\/wp-content\/uploads\/2020\/09\/shure-55sh-ii-e1601485394796.jpg 415w, http:\/\/kommentatorenblog.de\/wp-content\/uploads\/2020\/09\/shure-55sh-ii-e1601485394796-142x300.jpg 142w\" sizes=\"auto, (max-width: 415px) 100vw, 415px\" \/> Markus Gaupp<\/p>\n\n\n\n<p><span style=\"text-decoration: underline\">ab 17.20 Uhr (Sky)<\/span><\/p>\n\n\n\n<p><strong><em>Ipswich Town &#8211; Manchester City (17.30 Uhr)<\/em><\/strong><br><img loading=\"lazy\" decoding=\"async\" width=\"415\" height=\"874\" class=\"wp-image-3656\" style=\"width: 10px\" src=\"http:\/\/kommentatorenblog.de\/wp-content\/uploads\/2020\/09\/shure-55sh-ii-e1601485394796.jpg\" alt=\"\" srcset=\"http:\/\/kommentatorenblog.de\/wp-content\/uploads\/2020\/09\/shure-55sh-ii-e1601485394796.jpg 415w, http:\/\/kommentatorenblog.de\/wp-content\/uploads\/2020\/09\/shure-55sh-ii-e1601485394796-142x300.jpg 142w\" sizes=\"auto, (max-width: 415px) 100vw, 415px\" \/> Joachim Hebel<\/p>\n\n\n\n<p><span style=\"text-decoration: underline\">Montag, 20. Januar 2025, ab 20.50 Uhr (Sky)<\/span><\/p>\n\n\n\n<p><strong><em>FC Chelsea &#8211; Wolverhampton Wanderers (21.00 Uhr)<\/em><\/strong><br><img loading=\"lazy\" decoding=\"async\" width=\"415\" height=\"874\" class=\"wp-image-3656\" style=\"width: 10px\" src=\"http:\/\/kommentatorenblog.de\/wp-content\/uploads\/2020\/09\/shure-55sh-ii-e1601485394796.jpg\" alt=\"\" srcset=\"http:\/\/kommentatorenblog.de\/wp-content\/uploads\/2020\/09\/shure-55sh-ii-e1601485394796.jpg 415w, http:\/\/kommentatorenblog.de\/wp-content\/uploads\/2020\/09\/shure-55sh-ii-e1601485394796-142x300.jpg 142w\" sizes=\"auto, (max-width: 415px) 100vw, 415px\" \/> Hannes Herrmann<\/p>\n\n\n\n<hr class=\"wp-block-separator has-alpha-channel-opacity\"\/>\n\n\n\n<p><strong>Women&#8217;s Super League, 11. Spieltag (Sky)<\/strong><\/p>\n\n\n\n<p><span style=\"text-decoration: underline\">Sonntag, 19. Januar 2025, ab 19.35 Uhr<\/span><\/p>\n\n\n\n<p><strong><em>Manchester City &#8211; Manchester United (19.45 Uhr)<\/em><\/strong><br><img loading=\"lazy\" decoding=\"async\" width=\"415\" height=\"874\" class=\"wp-image-3656\" style=\"width: 10px\" src=\"http:\/\/kommentatorenblog.de\/wp-content\/uploads\/2020\/09\/shure-55sh-ii-e1601485394796.jpg\" alt=\"\" srcset=\"http:\/\/kommentatorenblog.de\/wp-content\/uploads\/2020\/09\/shure-55sh-ii-e1601485394796.jpg 415w, http:\/\/kommentatorenblog.de\/wp-content\/uploads\/2020\/09\/shure-55sh-ii-e1601485394796-142x300.jpg 142w\" sizes=\"auto, (max-width: 415px) 100vw, 415px\" \/> Paul H\u00e4user<\/p>\n\n\n\n<hr class=\"wp-block-separator has-css-opacity\"\/>\n\n\n\n<p><strong>LaLiga, 20. Spieltag (DAZN)<\/strong><\/p>\n\n\n\n<p><span style=\"text-decoration: underline\">Samstag, 18. Januar 2025<\/span><\/p>\n\n\n\n<p><strong><em>CD Leganes &#8211; Atl\u00e9tico Madrid (16.15 Uhr)<\/em><\/strong><br><em><strong><img loading=\"lazy\" decoding=\"async\" width=\"415\" height=\"874\" class=\"wp-image-3656\" style=\"width: 10px\" src=\"http:\/\/kommentatorenblog.de\/wp-content\/uploads\/2020\/09\/shure-55sh-ii-e1601485394796.jpg\" alt=\"\" srcset=\"http:\/\/kommentatorenblog.de\/wp-content\/uploads\/2020\/09\/shure-55sh-ii-e1601485394796.jpg 415w, http:\/\/kommentatorenblog.de\/wp-content\/uploads\/2020\/09\/shure-55sh-ii-e1601485394796-142x300.jpg 142w\" sizes=\"auto, (max-width: 415px) 100vw, 415px\" \/><\/strong><\/em> Uwe Morawe<\/p>\n\n\n\n<p><strong><em>FC Getafe &#8211; FC Barcelona (21.00 Uhr)<\/em><\/strong><br><em><strong><img loading=\"lazy\" decoding=\"async\" width=\"415\" height=\"874\" class=\"wp-image-3656\" style=\"width: 10px\" src=\"http:\/\/kommentatorenblog.de\/wp-content\/uploads\/2020\/09\/shure-55sh-ii-e1601485394796.jpg\" alt=\"\" srcset=\"http:\/\/kommentatorenblog.de\/wp-content\/uploads\/2020\/09\/shure-55sh-ii-e1601485394796.jpg 415w, http:\/\/kommentatorenblog.de\/wp-content\/uploads\/2020\/09\/shure-55sh-ii-e1601485394796-142x300.jpg 142w\" sizes=\"auto, (max-width: 415px) 100vw, 415px\" \/><\/strong><\/em> Jan Platte<\/p>\n\n\n\n<p><span style=\"text-decoration: underline\">Sonntag, 19. Januar 2025<\/span><\/p>\n\n\n\n<p><strong><em>Real Madrid &#8211; UD Las Palmas (16.15 Uhr)<\/em><\/strong><br><em><strong><img loading=\"lazy\" decoding=\"async\" width=\"415\" height=\"874\" class=\"wp-image-3656\" style=\"width: 10px\" src=\"http:\/\/kommentatorenblog.de\/wp-content\/uploads\/2020\/09\/shure-55sh-ii-e1601485394796.jpg\" alt=\"\" srcset=\"http:\/\/kommentatorenblog.de\/wp-content\/uploads\/2020\/09\/shure-55sh-ii-e1601485394796.jpg 415w, http:\/\/kommentatorenblog.de\/wp-content\/uploads\/2020\/09\/shure-55sh-ii-e1601485394796-142x300.jpg 142w\" sizes=\"auto, (max-width: 415px) 100vw, 415px\" \/><\/strong><\/em> Flo Hauser<\/p>\n\n\n\n<p><strong><em>FC Valencia &#8211; Real Sociedad (21.00 Uhr)<\/em><\/strong><br><em><strong><img loading=\"lazy\" decoding=\"async\" width=\"415\" height=\"874\" class=\"wp-image-3656\" style=\"width: 10px\" src=\"http:\/\/kommentatorenblog.de\/wp-content\/uploads\/2020\/09\/shure-55sh-ii-e1601485394796.jpg\" alt=\"\" srcset=\"http:\/\/kommentatorenblog.de\/wp-content\/uploads\/2020\/09\/shure-55sh-ii-e1601485394796.jpg 415w, http:\/\/kommentatorenblog.de\/wp-content\/uploads\/2020\/09\/shure-55sh-ii-e1601485394796-142x300.jpg 142w\" sizes=\"auto, (max-width: 415px) 100vw, 415px\" \/><\/strong><\/em> Tobi Fischbeck<\/p>\n\n\n\n<hr class=\"wp-block-separator has-css-opacity\"\/>\n\n\n\n<p><strong>Serie A, 21. Spieltag (DAZN)<\/strong><\/p>\n\n\n\n<p><span style=\"text-decoration: underline\">Freitag, 17. Januar 2025<\/span><\/p>\n\n\n\n<p><strong><em>AS Rom &#8211; CFC Genua (20.45 Uhr)<\/em><\/strong><br><em><strong><img loading=\"lazy\" decoding=\"async\" width=\"415\" height=\"874\" class=\"wp-image-3656\" style=\"width: 10px\" src=\"http:\/\/kommentatorenblog.de\/wp-content\/uploads\/2020\/09\/shure-55sh-ii-e1601485394796.jpg\" alt=\"\" srcset=\"http:\/\/kommentatorenblog.de\/wp-content\/uploads\/2020\/09\/shure-55sh-ii-e1601485394796.jpg 415w, http:\/\/kommentatorenblog.de\/wp-content\/uploads\/2020\/09\/shure-55sh-ii-e1601485394796-142x300.jpg 142w\" sizes=\"auto, (max-width: 415px) 100vw, 415px\" \/><\/strong><\/em> Freddy Harder<\/p>\n\n\n\n<p><span style=\"text-decoration: underline\">Samstag, 18. Januar 2025<\/span><\/p>\n\n\n\n<p><strong><em>Juventus Turin &#8211; AC Mailand (18.00 Uhr)<\/em><\/strong><br><em><strong><img loading=\"lazy\" decoding=\"async\" width=\"415\" height=\"874\" class=\"wp-image-3656\" style=\"width: 10px\" src=\"http:\/\/kommentatorenblog.de\/wp-content\/uploads\/2020\/09\/shure-55sh-ii-e1601485394796.jpg\" alt=\"\" srcset=\"http:\/\/kommentatorenblog.de\/wp-content\/uploads\/2020\/09\/shure-55sh-ii-e1601485394796.jpg 415w, http:\/\/kommentatorenblog.de\/wp-content\/uploads\/2020\/09\/shure-55sh-ii-e1601485394796-142x300.jpg 142w\" sizes=\"auto, (max-width: 415px) 100vw, 415px\" \/><\/strong><\/em> Nico Seepe, Experte: Max Nicu<\/p>\n\n\n\n<p><strong><em>Atalanta Bergamo &#8211; SSC Neapel (20.45 Uhr)<\/em><\/strong><br><em><strong><img loading=\"lazy\" decoding=\"async\" width=\"415\" height=\"874\" class=\"wp-image-3656\" style=\"width: 10px\" src=\"http:\/\/kommentatorenblog.de\/wp-content\/uploads\/2020\/09\/shure-55sh-ii-e1601485394796.jpg\" alt=\"\" srcset=\"http:\/\/kommentatorenblog.de\/wp-content\/uploads\/2020\/09\/shure-55sh-ii-e1601485394796.jpg 415w, http:\/\/kommentatorenblog.de\/wp-content\/uploads\/2020\/09\/shure-55sh-ii-e1601485394796-142x300.jpg 142w\" sizes=\"auto, (max-width: 415px) 100vw, 415px\" \/><\/strong><\/em> Carsten Fu\u00df, Experte: Christian Bernhard<\/p>\n\n\n\n<p><span style=\"text-decoration: underline\">Sonntag, 19. Januar 2025<\/span><\/p>\n\n\n\n<p><strong><em>Inter Mailand &#8211; FC Empoli (20.45 Uhr)<\/em><\/strong><br><em><strong><img loading=\"lazy\" decoding=\"async\" width=\"415\" height=\"874\" class=\"wp-image-3656\" style=\"width: 10px\" src=\"http:\/\/kommentatorenblog.de\/wp-content\/uploads\/2020\/09\/shure-55sh-ii-e1601485394796.jpg\" alt=\"\" srcset=\"http:\/\/kommentatorenblog.de\/wp-content\/uploads\/2020\/09\/shure-55sh-ii-e1601485394796.jpg 415w, http:\/\/kommentatorenblog.de\/wp-content\/uploads\/2020\/09\/shure-55sh-ii-e1601485394796-142x300.jpg 142w\" sizes=\"auto, (max-width: 415px) 100vw, 415px\" \/><\/strong><\/em> Marcel Seufert<\/p>\n\n\n\n<hr class=\"wp-block-separator has-css-opacity\"\/>\n\n\n\n<p><strong>Ligue 1, 18. Spieltag (DAZN)<\/strong><\/p>\n\n\n\n<p><span style=\"text-decoration: underline\">Freitag, 17. Januar 2025<\/span><\/p>\n\n\n\n<p><strong><em>OSC Lille &#8211; OGC Nizza (21.05 Uhr)<\/em><\/strong><br><em><strong><img loading=\"lazy\" decoding=\"async\" width=\"415\" height=\"874\" class=\"wp-image-3656\" style=\"width: 10px\" src=\"http:\/\/kommentatorenblog.de\/wp-content\/uploads\/2020\/09\/shure-55sh-ii-e1601485394796.jpg\" alt=\"\" srcset=\"http:\/\/kommentatorenblog.de\/wp-content\/uploads\/2020\/09\/shure-55sh-ii-e1601485394796.jpg 415w, http:\/\/kommentatorenblog.de\/wp-content\/uploads\/2020\/09\/shure-55sh-ii-e1601485394796-142x300.jpg 142w\" sizes=\"auto, (max-width: 415px) 100vw, 415px\" \/><\/strong><\/em> Stefan Galler<\/p>\n\n\n\n<p><span style=\"text-decoration: underline\">Samstag, 18. Januar 2025<\/span><\/p>\n\n\n\n<p><strong><em>RC Lens &#8211; <strong><em>Paris Saint-Germain<\/em><\/strong> (17.00 Uhr)<\/em><\/strong><br><em><strong><img loading=\"lazy\" decoding=\"async\" width=\"415\" height=\"874\" class=\"wp-image-3656\" style=\"width: 10px\" src=\"http:\/\/kommentatorenblog.de\/wp-content\/uploads\/2020\/09\/shure-55sh-ii-e1601485394796.jpg\" alt=\"\" srcset=\"http:\/\/kommentatorenblog.de\/wp-content\/uploads\/2020\/09\/shure-55sh-ii-e1601485394796.jpg 415w, http:\/\/kommentatorenblog.de\/wp-content\/uploads\/2020\/09\/shure-55sh-ii-e1601485394796-142x300.jpg 142w\" sizes=\"auto, (max-width: 415px) 100vw, 415px\" \/><\/strong><\/em> Alexis Menuge<\/p>\n\n\n\n<p><strong><em>Olympique Lyon &#8211; FC Toulouse (21.05 Uhr)<\/em><\/strong><br><em><strong><img loading=\"lazy\" decoding=\"async\" width=\"415\" height=\"874\" class=\"wp-image-3656\" style=\"width: 10px\" src=\"http:\/\/kommentatorenblog.de\/wp-content\/uploads\/2020\/09\/shure-55sh-ii-e1601485394796.jpg\" alt=\"\" srcset=\"http:\/\/kommentatorenblog.de\/wp-content\/uploads\/2020\/09\/shure-55sh-ii-e1601485394796.jpg 415w, http:\/\/kommentatorenblog.de\/wp-content\/uploads\/2020\/09\/shure-55sh-ii-e1601485394796-142x300.jpg 142w\" sizes=\"auto, (max-width: 415px) 100vw, 415px\" \/><\/strong><\/em> Lukas Flottmeyer<\/p>\n\n\n\n<hr class=\"wp-block-separator has-css-opacity\"\/>\n\n\n\n<p><strong>Primeira Liga, 18. Spieltag (Sportdigital FUSSBALL)<\/strong><\/p>\n\n\n\n<p><span style=\"text-decoration: underline\">Freitag, 17. Januar 2025<\/span><\/p>\n\n\n\n<p><strong><em>Benfica Lissabon &#8211; FC Famalicao (21.15 Uhr)<\/em><\/strong><br><em><strong><img loading=\"lazy\" decoding=\"async\" width=\"415\" height=\"874\" class=\"wp-image-3656\" style=\"width: 10px\" src=\"http:\/\/kommentatorenblog.de\/wp-content\/uploads\/2020\/09\/shure-55sh-ii-e1601485394796.jpg\" alt=\"\" srcset=\"http:\/\/kommentatorenblog.de\/wp-content\/uploads\/2020\/09\/shure-55sh-ii-e1601485394796.jpg 415w, http:\/\/kommentatorenblog.de\/wp-content\/uploads\/2020\/09\/shure-55sh-ii-e1601485394796-142x300.jpg 142w\" sizes=\"auto, (max-width: 415px) 100vw, 415px\" \/><\/strong><\/em> J\u00f6rg Steiger<\/p>\n\n\n\n<p><span style=\"text-decoration: underline\">Samstag, 18. Januar 2025<\/span><\/p>\n\n\n\n<p><strong><em>FC Rio Ave &#8211; Sporting Lissabon (19.00 Uhr)<\/em><\/strong><br><em><strong><img loading=\"lazy\" decoding=\"async\" width=\"415\" height=\"874\" class=\"wp-image-3656\" style=\"width: 10px\" src=\"http:\/\/kommentatorenblog.de\/wp-content\/uploads\/2020\/09\/shure-55sh-ii-e1601485394796.jpg\" alt=\"\" srcset=\"http:\/\/kommentatorenblog.de\/wp-content\/uploads\/2020\/09\/shure-55sh-ii-e1601485394796.jpg 415w, http:\/\/kommentatorenblog.de\/wp-content\/uploads\/2020\/09\/shure-55sh-ii-e1601485394796-142x300.jpg 142w\" sizes=\"auto, (max-width: 415px) 100vw, 415px\" \/><\/strong><\/em> J\u00f6rg Steiger<\/p>\n\n\n\n<p><span style=\"text-decoration: underline\">Sonntag, 19. Januar 2025<\/span><\/p>\n\n\n\n<p><strong><em>Estrela Amadora &#8211; Sporting Braga (19.00 Uhr)<\/em><\/strong><br><em><strong><img loading=\"lazy\" decoding=\"async\" width=\"415\" height=\"874\" class=\"wp-image-3656\" style=\"width: 10px\" src=\"http:\/\/kommentatorenblog.de\/wp-content\/uploads\/2020\/09\/shure-55sh-ii-e1601485394796.jpg\" alt=\"\" srcset=\"http:\/\/kommentatorenblog.de\/wp-content\/uploads\/2020\/09\/shure-55sh-ii-e1601485394796.jpg 415w, http:\/\/kommentatorenblog.de\/wp-content\/uploads\/2020\/09\/shure-55sh-ii-e1601485394796-142x300.jpg 142w\" sizes=\"auto, (max-width: 415px) 100vw, 415px\" \/><\/strong><\/em> <s>Christian Blunck<\/s> Marcus Radefeld<\/p>\n\n\n\n<p><strong><em>FC Gil Vicente &#8211; FC Porto (21.30 Uhr)<\/em><\/strong><br><em><strong><img loading=\"lazy\" decoding=\"async\" width=\"415\" height=\"874\" class=\"wp-image-3656\" style=\"width: 10px\" src=\"http:\/\/kommentatorenblog.de\/wp-content\/uploads\/2020\/09\/shure-55sh-ii-e1601485394796.jpg\" alt=\"\" srcset=\"http:\/\/kommentatorenblog.de\/wp-content\/uploads\/2020\/09\/shure-55sh-ii-e1601485394796.jpg 415w, http:\/\/kommentatorenblog.de\/wp-content\/uploads\/2020\/09\/shure-55sh-ii-e1601485394796-142x300.jpg 142w\" sizes=\"auto, (max-width: 415px) 100vw, 415px\" \/><\/strong><\/em> Moritz Knorr<\/p>\n\n\n\n<hr class=\"wp-block-separator has-css-opacity\"\/>\n\n\n\n<p><strong>Eredivisie, 19. Spieltag (Sportdigital FUSSBALL)<\/strong><\/p>\n\n\n\n<p><span style=\"text-decoration: underline\">Samstag, 18. Januar 2025<\/span><\/p>\n\n\n\n<p><strong><em>PEC Zwolle &#8211; PSV Eindhoven (16.30 Uhr)<\/em><\/strong><br><em><strong><img loading=\"lazy\" decoding=\"async\" width=\"415\" height=\"874\" class=\"wp-image-3656\" style=\"width: 10px\" src=\"http:\/\/kommentatorenblog.de\/wp-content\/uploads\/2020\/09\/shure-55sh-ii-e1601485394796.jpg\" alt=\"\" srcset=\"http:\/\/kommentatorenblog.de\/wp-content\/uploads\/2020\/09\/shure-55sh-ii-e1601485394796.jpg 415w, http:\/\/kommentatorenblog.de\/wp-content\/uploads\/2020\/09\/shure-55sh-ii-e1601485394796-142x300.jpg 142w\" sizes=\"auto, (max-width: 415px) 100vw, 415px\" \/><\/strong><\/em> <s>Marcus Radefeld<\/s> Christian Blunck<\/p>\n\n\n\n<p><span style=\"text-decoration: underline\">Sonntag, 19. Januar 2025<\/span><\/p>\n\n\n\n<p><strong><em>SC Heerenveen &#8211; Ajax Amsterdam (14.30 Uhr)<\/em><\/strong><br><em><strong><img loading=\"lazy\" decoding=\"async\" width=\"415\" height=\"874\" class=\"wp-image-3656\" style=\"width: 10px\" src=\"http:\/\/kommentatorenblog.de\/wp-content\/uploads\/2020\/09\/shure-55sh-ii-e1601485394796.jpg\" alt=\"\" srcset=\"http:\/\/kommentatorenblog.de\/wp-content\/uploads\/2020\/09\/shure-55sh-ii-e1601485394796.jpg 415w, http:\/\/kommentatorenblog.de\/wp-content\/uploads\/2020\/09\/shure-55sh-ii-e1601485394796-142x300.jpg 142w\" sizes=\"auto, (max-width: 415px) 100vw, 415px\" \/><\/strong><\/em> Karsten Linke<\/p>\n\n\n\n<hr class=\"wp-block-separator has-css-opacity\"\/>\n\n\n\n<p><strong>Jupiler Pro League, 22. Spieltag (Sportdigital FUSSBALL)<\/strong><\/p>\n\n\n\n<p><span style=\"text-decoration: underline\">Freitag, 17. Januar 2025<\/span><\/p>\n\n\n\n<p><strong><em>KAA Gent &#8211; RSC Charleroi (20.45 Uhr)<\/em><\/strong><br><img loading=\"lazy\" decoding=\"async\" width=\"415\" height=\"874\" class=\"wp-image-3656\" style=\"width: 10px\" src=\"http:\/\/kommentatorenblog.de\/wp-content\/uploads\/2020\/09\/shure-55sh-ii-e1601485394796.jpg\" alt=\"\" srcset=\"http:\/\/kommentatorenblog.de\/wp-content\/uploads\/2020\/09\/shure-55sh-ii-e1601485394796.jpg 415w, http:\/\/kommentatorenblog.de\/wp-content\/uploads\/2020\/09\/shure-55sh-ii-e1601485394796-142x300.jpg 142w\" sizes=\"auto, (max-width: 415px) 100vw, 415px\" \/> Karsten Linke<\/p>\n\n\n\n<p><span style=\"text-decoration: underline\">Sonntag, 19. Januar 2025<\/span><\/p>\n\n\n\n<p><strong><em>KV Kortrijk &#8211; RSC Anderlecht (13.30 Uhr)<\/em><\/strong><br><img loading=\"lazy\" decoding=\"async\" width=\"415\" height=\"874\" class=\"wp-image-3656\" style=\"width: 10px\" src=\"http:\/\/kommentatorenblog.de\/wp-content\/uploads\/2020\/09\/shure-55sh-ii-e1601485394796.jpg\" alt=\"\" srcset=\"http:\/\/kommentatorenblog.de\/wp-content\/uploads\/2020\/09\/shure-55sh-ii-e1601485394796.jpg 415w, http:\/\/kommentatorenblog.de\/wp-content\/uploads\/2020\/09\/shure-55sh-ii-e1601485394796-142x300.jpg 142w\" sizes=\"auto, (max-width: 415px) 100vw, 415px\" \/> Jakob Vogel<\/p>\n\n\n\n<hr class=\"wp-block-separator has-css-opacity\"\/>\n\n\n\n<p><strong>A-League, 15. Spieltag<\/strong> <strong>(Sportdigital FUSSBALL)<\/strong><\/p>\n\n\n\n<p><span style=\"text-decoration: underline\">Samstag, 18. Januar 2025<\/span><\/p>\n\n\n\n<p><strong><em>Adelaide United &#8211; Melbourne City (09.35 Uhr)<\/em><\/strong><br><img loading=\"lazy\" decoding=\"async\" width=\"415\" height=\"874\" class=\"wp-image-3656\" style=\"width: 10px\" src=\"http:\/\/kommentatorenblog.de\/wp-content\/uploads\/2020\/09\/shure-55sh-ii-e1601485394796.jpg\" alt=\"\" srcset=\"http:\/\/kommentatorenblog.de\/wp-content\/uploads\/2020\/09\/shure-55sh-ii-e1601485394796.jpg 415w, http:\/\/kommentatorenblog.de\/wp-content\/uploads\/2020\/09\/shure-55sh-ii-e1601485394796-142x300.jpg 142w\" sizes=\"auto, (max-width: 415px) 100vw, 415px\" \/> Ulf Kahmke<\/p>\n\n\n\n<hr class=\"wp-block-separator has-alpha-channel-opacity\"\/>\n\n\n\n<p><strong>Saudi Pro League, 15. Spieltag<\/strong><\/p>\n\n\n\n<p><span style=\"text-decoration: underline\">Freitag, 17. Januar 2025 (Sportdigital FUSSBALL\/DAZN\/DF1)<\/span><\/p>\n\n\n\n<p><strong><em>Al-Taawoun &#8211; Al-Nassr (18.00 Uhr)<\/em><\/strong><\/p>\n\n\n\n<p><img loading=\"lazy\" decoding=\"async\" width=\"415\" height=\"874\" class=\"wp-image-3656\" style=\"width: 10px\" src=\"http:\/\/kommentatorenblog.de\/wp-content\/uploads\/2020\/09\/shure-55sh-ii-e1601485394796.jpg\" alt=\"\" srcset=\"http:\/\/kommentatorenblog.de\/wp-content\/uploads\/2020\/09\/shure-55sh-ii-e1601485394796.jpg 415w, http:\/\/kommentatorenblog.de\/wp-content\/uploads\/2020\/09\/shure-55sh-ii-e1601485394796-142x300.jpg 142w\" sizes=\"auto, (max-width: 415px) 100vw, 415px\" \/> Sportdigital FUSSBALL: Martin Hahn<\/p>\n\n\n\n<p><img loading=\"lazy\" decoding=\"async\" width=\"415\" height=\"874\" class=\"wp-image-3656\" style=\"width: 10px\" src=\"http:\/\/kommentatorenblog.de\/wp-content\/uploads\/2020\/09\/shure-55sh-ii-e1601485394796.jpg\" alt=\"\" srcset=\"http:\/\/kommentatorenblog.de\/wp-content\/uploads\/2020\/09\/shure-55sh-ii-e1601485394796.jpg 415w, http:\/\/kommentatorenblog.de\/wp-content\/uploads\/2020\/09\/shure-55sh-ii-e1601485394796-142x300.jpg 142w\" sizes=\"auto, (max-width: 415px) 100vw, 415px\" \/> DAZN\/DF1: Michael Seyberth<\/p>\n\n\n\n<p><strong>16. Spieltag<\/strong><\/p>\n\n\n\n<p><span style=\"text-decoration: underline\">Montag, 20. Januar 2025 (Sportdigital FUSSBALL)<\/span><\/p>\n\n\n\n<p><strong><em>Al-Ettifaq &#8211; Al-Ahli (18.00 Uhr)<\/em><\/strong><br><img loading=\"lazy\" decoding=\"async\" width=\"415\" height=\"874\" class=\"wp-image-3656\" style=\"width: 10px\" src=\"http:\/\/kommentatorenblog.de\/wp-content\/uploads\/2020\/09\/shure-55sh-ii-e1601485394796.jpg\" alt=\"\" srcset=\"http:\/\/kommentatorenblog.de\/wp-content\/uploads\/2020\/09\/shure-55sh-ii-e1601485394796.jpg 415w, http:\/\/kommentatorenblog.de\/wp-content\/uploads\/2020\/09\/shure-55sh-ii-e1601485394796-142x300.jpg 142w\" sizes=\"auto, (max-width: 415px) 100vw, 415px\" \/> Ulf Kahmke<\/p>\n\n\n\n<hr class=\"wp-block-separator has-css-opacity\"\/>\n\n\n\n<p><strong>Die Analyse<\/strong><\/p>\n\n\n\n<p>Die R\u00fcckrunde startet am Freitagabend in Frankfurt, wo der kriselnde BVB zu Gast ist. Die Dortmunder haben die Hinrunde auf einem zweistelligen Tabellenplatz abgeschlossen und stehen geh\u00f6rig unter Druck. F\u00fcr DAZN ist es bereits das dritte \u201elukrative\u201c Freitagsspiel in Folge, dass der Streamingdienst diesmal sogar exklusiv \u00fcbertr\u00e4gt. Ab 19:30 Uhr melden sich Laura Wontorra \u2013 in ihrem ersten Einsatz in diesem Jahr \u2013 und Sebastian Knei\u00dfl vom Spielfeldrand. Auch Marco Hagemann <s>Max Siebald <\/s>ist als Fielder mit dabei und komplettiert das Team um Kommentator Jan Platte, der gemeinsam mit Knei\u00dfl durch die 90 Minuten f\u00fchrt.<\/p>\n\n\n\n<p>Am Samstag f\u00fchren Michael Leopold, Didi Hamann und Erik Meijer durch den Fu\u00dfballnachmittag. Im Fokus steht unter anderem der Deutsche Rekordmeister, der den VfL Wolfsburg empf\u00e4ngt. Beide Teams sind mit der maximalen Punkteausbeute das Fu\u00dfballjahr 2025 gestartet und wollen die Englische Woche erfolgreich abschlie\u00dfen. Wie schon am Mittwoch meldet sich Kai Dittmann aus der Allianz-Arena, w\u00e4hrend Max Zielke am Spielfeldrand die Stimmen einf\u00e4ngt. \u00c4hnlich gestaltet es sich in Stuttgart und Bochum, auch hier sind mit Jonas Friedrich und Marcus Lindemann (sein sechstes Mal im Ruhrstadion) die gleichen Kommentatoren am Mikro wie bereits unter der Woche. Auch bei den Partien in Heidenheim und Kiel kommt es auf der Kommentatorenpostion zu keiner \u00dcberraschung &#8211; wobei es erst das zweite BL-Saisonspiel ist, das live von der Oschtalb kommentiert wird, erneut eine Aufgabe f\u00fcr Hannes Herrmann. Nordlicht Torsten Kunde macht sich auf den Weg an die F\u00f6rde. Auch die Field-Reporter Basile (Heidenheim) und Westen (Kiel) sind naheliegend.<\/p>\n\n\n\n<p>In der Original Bundesliga-Konferenz, die in ihre (vorerst) letzte Halbserie bei Sky Sport geht, gibt es im Vergleich zum letzten Wochenende doch einige \u00c4nderungen. W\u00e4hrend Schmiso erneut NFL-bedingt fehlt und Kai Dittmann sowie Jonas Friedrich Einzelspiele \u00fcbernehmen, kehrt Roland Evers das erste Mal seit dem f\u00fcnften Spieltag zur\u00fcck in die illustre Runde. Den allerersten Erstliga-Konferenzeinsatz der Saison am sch\u00f6nen, guten Fu\u00dfball-Nachmittag kann unterdessen Klaus Veltman verzeichnen. Buschi (mit den gleichen Teams wie in der Englischen Woche), der Meistersprecher und der zunehmend immer prominenter eingesetzte Markus G\u00f6tz komplettieren die Besetzung.<\/p>\n\n\n\n<p>Das Topspiel am Samstagabend kommt aus dem Stadion des Deutschen Meisters. In der BayArena ist der Gastgeber des vorigen Topspiels zu Gast &#8211; \u00fcberhaupt ist die Gladbacher Borussia in vier der f\u00fcnf ersten Begegnungen am Samstagabend 2025 dabei. Neben den gesetzten Pers\u00f6nlichkeiten rotieren Kemme und Wasserziehr f\u00fcr Simic und Leopold rein. Lothar Matth\u00e4us darf nach einem seiner seltenen Studioeins\u00e4tze am vergangenen Mittwoch selbstverst\u00e4ndlich wieder Stadionluft schnuppern.<\/p>\n\n\n\n<p>Nicht selbstverst\u00e4ndlich ist ebendiese ja leider bei den Bundesliga-\u00dcbertragungen an &#8222;DAZonntagen&#8220; &#8211; zum zweiten Mal in diesem Jahr schickt der Streamingdienst nur die Fielder:innen in die Arenen. W\u00e4hrend Benni Zander an der Alten F\u00f6rsterei auf Stimmenfang geht, kommentiert Marco Hagemann das zweite Mal (?) ein Bundesliga-Spiel mit Expertin Dr. Turid Knaak. Der zum Lead-Moderator aufgestiegene Herzog nimmt allenfalls im &#8222;innovativen Studio&#8220; Platz. W\u00e4hrend Union und Mainz in dieser DAZN-Saison bisher ausschlie\u00dflich aus den Studios in Ismaning kommentiert wurden, ist dies beim zweiten Sonntagsspiel anders: der FC Augsburg wurde bereits beim Gastspiel der Bayern aus dem Stadion kommentiert. Das Gastspiel an der Weser an diesem Wochenende kommentiert Max &#8222;Siebi&#8220; Siebald mit Experte Sascha &#8222;Biggi&#8220; Bigalke, Lukas Sch\u00f6nm\u00fcller moderiert. Die Awardsiegerin (Beste Frauenfu\u00dfball-Kommentatorin National) Christina Rann geht &#8211; soweit die geographische Logik &#8211; als Nordlicht in Bremen als Interviewerin an den Start.<\/p>\n\n\n\n<p>F\u00fcr die Zweite Bundesliga geht es in 2025 erstmals zur Sache: am 18. Spieltag moderieren Ocik und Gonther den Freitagabend aus D\u00fcsseldorf, News-Mann Felix Fischer ist als Fielder im Jahnstadion. Am Samstagmittag meldet sich das ehemalige Topspielduo Hempel\/Tusche vom Leichtathletik-Idyll des Braunschweiger Tartanrunds, um das Schalker Gastspiel zu be\u00e4ugen. Bonengel und Irlbacher (alles Gute nachtr\u00e4glich zum Geburtstag) \u00fcbernehmen die Interviews auf dem Betzenberg bzw. in M\u00fcnster. Besonderheit bei letzterem Spiel ist zudem die Kommentatorenansetzung von DYN-Handball-Chef Karsten Petrzika, der nach Diamond-League-Abgang (Rechte verliert Sky ja ohnehin 2025) und einem Erstliga-Kommentatoreneinsatz in Leipzig am 30. M\u00e4rz 2024 an diesem Wochenende gleich zwei Zweitliga-Spiele begleiten wird.<\/p>\n\n\n\n<p>Das Zweitliga-Topspiel an diesem Wochenende k\u00f6nnte auch aus Erstliga-Topspiel durchgehen &#8211; der HSV empf\u00e4ngt die K\u00f6lner. F\u00fcr das Free-TV startet Kommentator Markus H\u00f6hner mit Experte Martin Harnik in das letzte halbe Jahr Topspiel bei Sport1. Ruth Hofmann \u00fcbernimmt weiterhin f\u00fcr Katharina Kleinfeldt, die sich nach der Darts-WM noch in der verdienten Pause befindet. Bei Sky \u00fcbernimmt Hansi K\u00fcpper den ersten Zweitliga-Stadioneinsatz 2025, Erkenbrecher und Terodde \u00fcbernehmen wie bereits beim Er\u00f6ffnungsspiel der Hinrunde das Duell der beiden gro\u00dfen Clubs. Nach dem Bundesliga-Einsatz unter der Woche geht Sven T\u00f6llner wie gewohnt in Hamburg auf Stimmenfang. On-Air-Gast ist Comedian Chris Tall.<\/p>\n\n\n\n<p>Am Sonntag startet f\u00fcr RTL Sport ein besonderes Jahr in Bezug auf die 2. Fu\u00dfball-Bundesliga: ab August wird man ja die Free-TV-Rechte f\u00fcr das Topspiel am Samstagabend von Sport1 \u00fcbernehmen. Noch im Rahmen der bereits bestehenden &#8222;strategischen Content-Partnerschaft&#8220; mit Sky \u00fcbertr\u00e4gt RTL an diesem Wochenende wohl zum vorletzten Mal die Sky-Konferenz am Sonntag &#8211; begleitet von Roland Evers. Die Moderation \u00fcbernimmt &#8211; und das k\u00f6nnte ja ab dem Sommer eine der \u00fcblichen Topspiel-Zusammensetzungen bei RTL oder NITRO werden &#8211; Laura Papendick mit Experte Felix Kroos aus N\u00fcrnberg. Sky ist selbstverst\u00e4ndlich im gleichen Stadion vor Ort &#8211; Max Zielke f\u00fchrt mit Tusche durchs Programm. Karsten Petrzika kommentiert mit Elversberg-Magdeburg sein zweites Zweitliga-Spiel in zwei Tagen.<\/p>\n\n\n\n<p>In Liga 3 geht es f\u00fcr Interessierte des Kommentatorenblogs wom\u00f6glich so gut los, wie man es sich vielleicht nicht besser vorstellen k\u00f6nnte &#8211; mit Newcomer Fabian Klos und Thomas Wagner am Spielfeldrand hat Topspiel-Kommentator Christian Stra\u00dfburger im Eilenriedestadion zu Hannover Gesellschaft von gleich zwei aktuellen Award-Gewinnern. Am Samstag begleiten Bandermann und erneut Ruprecht durch die Konferenz, w\u00e4hrend sich Fu\u00dfballfans, die kein Magenta-Abo haben, erneut \u00fcber zwei Free-TV-Spiele freuen k\u00f6nnen. Zwei Heimspiele von Vereinen, die Nico und mir nahestehen, werden in Dritten Programmen gezeigt: das Spitzenspiel Bielefeld-Cottbus in WDR und RBB und die Partie Saarbr\u00fccken-1860 im SR\/SWR. Am Sonntag sind diesmal keine Experten am Start, das Duo Stra\u00dfburger\/Wagner zelebriert nach dem Topspiel am Freitag mit dem NRW-Duell Aachen-Essen eine weitere Drittliga-Partie des Wochenendes &#8211; ausverkauftes Haus am Tivoli!<\/p>\n\n\n\n<p>Die Premier League bei Sky kommt an diesem Wochenende f\u00fcr diese Saison ohne \u00dcberraschung daher: Toni Tomic begleitet das RTL+-Spiel und kommentiert sp\u00e4ter das zeitgleich stattfindende Relive-Spiel am Samstagnachmittag. Die Besetzung G\u00f6tz\/Mustafi verwundert beim MOTW inzwischen ebenso wenig wie der Fielder Honigstein \u00fcberraschend ist. Nach Timo Schmidtchen letzte Woche begleitet sein Kumpel Hannes Herrmann den zweiten Monday Night Football des Jahres 2025.<\/p>\n\n\n\n<p>In der ersten spanischen Liga \u00fcbertr\u00e4gt DAZN an diesem Wochenende vier Spiele ohne Expertenbegleitung, w\u00e4hrend in der Serie A zwei der f\u00fcnf Spiele mit Experten besetzt sind. Etwas \u00fcberraschend ist zudem der Einsatz von Freddy Harder im italienischen Fu\u00dfball am Freitagabend. Die noch gr\u00f6\u00dfere \u00dcberraschung wartet dann allerdings in der Ligue 1 am Samstag: Lukas Flottmeyer kommentiert Lyon-Toulouse. In unserem Blog ist er bislang nur im November 2023 als Fielder beim Frauen-Bundesligaspiel Bayern-Wolfsburg aufgetaucht.<\/p>\n\n\n\n<p>Beim gewachsenen FUSSBALL-Kosmos Sportdigital gibt es neben niederl\u00e4ndischem, belgischem und australischem (parallel zum in Melbourne stattfindenden Tennis-Grand-Slam) Fu\u00dfball auch mehrere Spiele aus der portugiesischen Liga zu sehen &#8211; u.a. mit der CL-Generalprobe vor dem Leipzig-Spiel f\u00fcr Sporting Lissabon am Samstagabend.<\/p>\n\n\n\n<p>Ich w\u00fcnsche viel Spa\u00df beim umfassenden Fu\u00dfballschauen (vergesst mir aber auch die anderen Sportarten nicht, \u00fcber deren Erw\u00e4hnung ich mich in den Kommentaren gerne freue) und bleibt gesund. Danke an Nico f\u00fcrs Erm\u00f6glichen und Korrekturlesen \ud83d\ude42<\/p>\n","protected":false},"excerpt":{"rendered":"<p>N\u2019Abend allerseits, die Englische Woche und damit auch die Hinrunde sind vorbei. Doch die am morgigen Freitag startende R\u00fcckrunde wirft bereits ihre Schatten voraus. Gleichzeitig gibt es jede Menge Tennis und Handball-Action (an dieser Stelle ein Verweis auf den letzten Beitrag, in dem Karl euch alle Infos dazu geliefert hat). Seit 2008 gibt es diesen [&hellip;]<\/p>\n","protected":false},"author":19,"featured_media":0,"comment_status":"open","ping_status":"open","sticky":false,"template":"","format":"standard","meta":{"footnotes":""},"categories":[424],"tags":[],"class_list":["post-20301","post","type-post","status-publish","format-standard","hentry","category-bundesliga-und-co"],"_links":{"self":[{"href":"http:\/\/kommentatorenblog.de\/index.php?rest_route=\/wp\/v2\/posts\/20301","targetHints":{"allow":["GET"]}}],"collection":[{"href":"http:\/\/kommentatorenblog.de\/index.php?rest_route=\/wp\/v2\/posts"}],"about":[{"href":"http:\/\/kommentatorenblog.de\/index.php?rest_route=\/wp\/v2\/types\/post"}],"author":[{"embeddable":true,"href":"http:\/\/kommentatorenblog.de\/index.php?rest_route=\/wp\/v2\/users\/19"}],"replies":[{"embeddable":true,"href":"http:\/\/kommentatorenblog.de\/index.php?rest_route=%2Fwp%2Fv2%2Fcomments&post=20301"}],"version-history":[{"count":28,"href":"http:\/\/kommentatorenblog.de\/index.php?rest_route=\/wp\/v2\/posts\/20301\/revisions"}],"predecessor-version":[{"id":20368,"href":"http:\/\/kommentatorenblog.de\/index.php?rest_route=\/wp\/v2\/posts\/20301\/revisions\/20368"}],"wp:attachment":[{"href":"http:\/\/kommentatorenblog.de\/index.php?rest_route=%2Fwp%2Fv2%2Fmedia&parent=20301"}],"wp:term":[{"taxonomy":"category","embeddable":true,"href":"http:\/\/kommentatorenblog.de\/index.php?rest_route=%2Fwp%2Fv2%2Fcategories&post=20301"},{"taxonomy":"post_tag","embeddable":true,"href":"http:\/\/kommentatorenblog.de\/index.php?rest_route=%2Fwp%2Fv2%2Ftags&post=20301"}],"curies":[{"name":"wp","href":"https:\/\/api.w.org\/{rel}","templated":true}]}}