{"id":20323,"date":"2025-01-20T19:14:38","date_gmt":"2025-01-20T18:14:38","guid":{"rendered":"https:\/\/kommentatorenblog.de\/?p=20323"},"modified":"2025-01-23T20:16:16","modified_gmt":"2025-01-23T19:16:16","slug":"1480-viermal-frankfurt-einmal-em","status":"publish","type":"post","link":"http:\/\/kommentatorenblog.de\/?p=20323","title":{"rendered":"1480 &#8211; Viermal Frankfurt, einmal EM"},"content":{"rendered":"\n<p>N&#8217;Abend allerseits,<\/p>\n\n\n\n<p>aus aktuellem Anlass findet ihr das geplante und bereits am Sonntag verfasste Vorwort nach einem kurzen Einschub zur Europameisterschaft 2028.<\/p>\n\n\n\n<p>Seit heute Vormittag ist bekannt, dass ARD und ZDF sich die plattformneutralen \u00dcbertragungsrechte an allen 51 Spielen der kommenden Europameisterschaft in Gro\u00dfbritannien und Irland gesichert haben. Neben TV- \u00dcbertragungen wurden von Seiten der ARD auch schon Audiostreams f\u00fcr das Gro\u00dfevent in drei Jahren angek\u00fcndigt.<\/p>\n\n\n\n<p>ARD und ZDF haben sich in der Ausschreibung der UEFA durchgesetzt. Das muss aber nicht zwangsl\u00e4ufig bedeuten, dass 2028 auch wirklich alle Spiele im Ersten und im Zweiten laufen werden (auch wenn die \u00dcberschrift bei der Sportschau das suggeriert- die Pressemitteilung liest sich anders) m\u00f6glich w\u00e4re es nat\u00fcrlich. Da davon auszugehen ist, das am letzten Gruppenspieltag wieder Parallelspiele stattfinden werden, ist es nicht unwahrscheinlich, dass diese oder noch weitere Spiele sublizenziert werden. Bis zur Euro ist es ja aber auch noch lange hin, hier wird sich zeigen zeigen, welche Entwicklungen es noch geben wird. Jedenfalls ist schon mehr bekannt als bei der WM n\u00e4chstes Jahr&#8230;<\/p>\n\n\n\n<p>Nun noch der Blick auf die<strong> Champions League<\/strong>:<\/p>\n\n\n\n<p>Der vorletzte Spieltag in Champions League- Gruppenphase steht an, n\u00e4chsten Mittwoch gibt es dann den letzten Spieltag in der Gruppenphase. Besonders interessant wird dabei der n\u00e4chste Mittwoch sein, wenn alle 18 Partien in der Champions League anstehen, zeitgleich. DAZN hatte bereits zu Beginn eine XXL-Konferenz versprochen, laut Programmvorschau wird es diese auch geben. Spannend wird aber sein, wie diese besetzt werden wird? Bekommen alle Spiele einen eigenen Kommentar oder \u00fcbernimmt wie zum Beispiel neulich bei Sky Austria ein Kommentator mehrere Spiele?<\/p>\n\n\n\n<p>Letzteres k\u00f6nnte durchaus m\u00f6glich sein, aus Kosten- aber auch aus Personalgr\u00fcnden. Denn neben der Konferenz \u00fcbertr\u00e4gt DAZN auch alle Einzelspiele, Stand Sonntagabend alle mit deutschem Kommentar. Dadurch ist nat\u00fcrlich eine Menge Personal bereits verplant, der ein oder andere wird dabei sein CL-Deb\u00fct feiern. Auch die Anzahl an Kommentatorenpl\u00e4tze bei DAZN ist eventuell nicht auf 36 \u00dcbertragungen ausgelegt, aber das wird sich dann n\u00e4chste Woche zeigen. Ordentlich Vorlauf ist mit eineinhalb Stunden zumindest mal geplant, es sind ja auch einige Partien, die behandelt werden k\u00f6nnten.<\/p>\n\n\n\n<p>Nach dem finalen Gruppenspieltag in der CL steht dann am darauffolgenden Donnerstag auch der letzte Gruppenspieltag in der Europa League an. Auch hier finden 18 Partien zeitgleich statt, wie RTL+ hier die Konferenz angehen wird, erfahrt ihr dann n\u00e4chste Woche hier, ebenso das Personal von DAZN. Jetzt aber der Fokus auf den anstehenden 7. Gruppenspieltag, bei dem besonders eine Partie ins Auge f\u00e4llt.<\/p>\n\n\n\n<hr class=\"wp-block-separator has-css-opacity is-style-default\"\/>\n\n\n\n<h5 class=\"wp-block-heading\"><strong>Die Ansetzungen vom 21. Januar bis 23. Januar<\/strong><\/h5>\n\n\n\n<hr class=\"wp-block-separator has-css-opacity is-style-default\"\/>\n\n\n\n<p><strong>UEFA Champions League, Ligaphase, 6. Spieltag (DAZN\/Prime Video)<\/strong><\/p>\n\n\n\n<p><span style=\"text-decoration: underline;\">Dienstag, 21. Januar 2025, ab 18.15 Uhr (DAZN)<\/span><\/p>\n\n\n\n<p><em><strong>Atalanta &#8211; Sturm Graz<\/strong><\/em><em><strong> (18.45 Uhr)<\/strong><\/em><br><img loading=\"lazy\" decoding=\"async\" width=\"10\" height=\"21\" class=\"wp-image-3656\" style=\"width: 10px;\" src=\"http:\/\/kommentatorenblog.de\/wp-content\/uploads\/2020\/09\/shure-55sh-ii-e1601485394796.jpg\" alt=\"\" srcset=\"http:\/\/kommentatorenblog.de\/wp-content\/uploads\/2020\/09\/shure-55sh-ii-e1601485394796.jpg 415w, http:\/\/kommentatorenblog.de\/wp-content\/uploads\/2020\/09\/shure-55sh-ii-e1601485394796-142x300.jpg 142w\" sizes=\"auto, (max-width: 10px) 100vw, 10px\" \/> Stefan Galler (Einzelspiel), Nico Seepe (Konferenz)<\/p>\n\n\n\n<p><em><strong>AS Monaco &#8211; Aston Villa<\/strong><\/em><em><strong> (18.45 Uhr)<\/strong><\/em><br><img loading=\"lazy\" decoding=\"async\" width=\"10\" height=\"21\" class=\"wp-image-3656\" style=\"width: 10px;\" src=\"http:\/\/kommentatorenblog.de\/wp-content\/uploads\/2020\/09\/shure-55sh-ii-e1601485394796.jpg\" alt=\"\" srcset=\"http:\/\/kommentatorenblog.de\/wp-content\/uploads\/2020\/09\/shure-55sh-ii-e1601485394796.jpg 415w, http:\/\/kommentatorenblog.de\/wp-content\/uploads\/2020\/09\/shure-55sh-ii-e1601485394796-142x300.jpg 142w\" sizes=\"auto, (max-width: 10px) 100vw, 10px\" \/> Flo Hauser (Einzelspiel), Christopher Putz (Konferenz)<\/p>\n\n\n\n<p><span style=\"text-decoration: underline;\">ab 20.00 Uhr (Prime Video)<\/span> <\/p>\n\n\n\n<p><em><strong>FC Bologna &#8211; Borussa Dortmund<\/strong><\/em> <em><strong>(21.00 Uhr)<\/strong><\/em><br><img loading=\"lazy\" decoding=\"async\" width=\"10\" height=\"21\" class=\"wp-image-3656\" style=\"width: 10px;\" src=\"http:\/\/kommentatorenblog.de\/wp-content\/uploads\/2020\/09\/shure-55sh-ii-e1601485394796.jpg\" alt=\"\" srcset=\"http:\/\/kommentatorenblog.de\/wp-content\/uploads\/2020\/09\/shure-55sh-ii-e1601485394796.jpg 415w, http:\/\/kommentatorenblog.de\/wp-content\/uploads\/2020\/09\/shure-55sh-ii-e1601485394796-142x300.jpg 142w\" sizes=\"auto, (max-width: 10px) 100vw, 10px\" \/> Jonas Friedrich, Experte: Benedikt H\u00f6wedes<br>Field-Reporter:in: Cayana Freeman &amp; Sebastian Benesch<br>Moderation: Alex Schl\u00fcter, Expert:innen: Matthias&nbsp;Sammer, Tabea Kemme&nbsp;und&nbsp;Robin Gosens<\/p>\n\n\n\n<p><span style=\"text-decoration: underline;\">ab 20.30 Uhr (DAZN)<\/span> <\/p>\n\n\n\n<p><em><strong><em><strong>Atletico Madrid &#8211;<\/strong><\/em><\/strong><\/em> <em><strong>Bayer 04 Leverkusen <\/strong><\/em><em><strong>(21.00 Uhr)<\/strong><\/em><br><img loading=\"lazy\" decoding=\"async\" width=\"10\" height=\"21\" class=\"wp-image-3656\" style=\"width: 10px;\" src=\"http:\/\/kommentatorenblog.de\/wp-content\/uploads\/2020\/09\/shure-55sh-ii-e1601485394796.jpg\" alt=\"\" srcset=\"http:\/\/kommentatorenblog.de\/wp-content\/uploads\/2020\/09\/shure-55sh-ii-e1601485394796.jpg 415w, http:\/\/kommentatorenblog.de\/wp-content\/uploads\/2020\/09\/shure-55sh-ii-e1601485394796-142x300.jpg 142w\" sizes=\"auto, (max-width: 10px) 100vw, 10px\" \/> Freddy Harder, Experte: Tobias Schweinsteiger (Einzelspiel), Max Siebald (Konferenz)<br>Moderation: Daniel Herzog<\/p>\n\n\n\n<p><em><strong>Slovan Bratislava &#8211; VfB Stuttgart (21.00 Uhr)<\/strong><\/em><br><img loading=\"lazy\" decoding=\"async\" width=\"10\" height=\"21\" class=\"wp-image-3656\" style=\"width: 10px;\" src=\"http:\/\/kommentatorenblog.de\/wp-content\/uploads\/2020\/09\/shure-55sh-ii-e1601485394796.jpg\" alt=\"\" srcset=\"http:\/\/kommentatorenblog.de\/wp-content\/uploads\/2020\/09\/shure-55sh-ii-e1601485394796.jpg 415w, http:\/\/kommentatorenblog.de\/wp-content\/uploads\/2020\/09\/shure-55sh-ii-e1601485394796-142x300.jpg 142w\" sizes=\"auto, (max-width: 10px) 100vw, 10px\" \/> Max Gross, Experte: Benjamin Lauth (Einzelspiel), Lukas Sch\u00f6nm\u00fcller (Konferenz)<br>Moderation: Tobi Wahnschaffe<\/p>\n\n\n\n<p><span style=\"text-decoration: underline;\">ab 20.45 Uhr (DAZN)<\/span> <\/p>\n\n\n\n<p><em><strong>Benfica Lissabon &#8211; FC Barcelona <\/strong><\/em><em><strong>(21.00 Uhr)<\/strong><\/em><br><img loading=\"lazy\" decoding=\"async\" width=\"10\" height=\"21\" class=\"wp-image-3656\" style=\"width: 10px;\" src=\"http:\/\/kommentatorenblog.de\/wp-content\/uploads\/2020\/09\/shure-55sh-ii-e1601485394796.jpg\" alt=\"\" srcset=\"http:\/\/kommentatorenblog.de\/wp-content\/uploads\/2020\/09\/shure-55sh-ii-e1601485394796.jpg 415w, http:\/\/kommentatorenblog.de\/wp-content\/uploads\/2020\/09\/shure-55sh-ii-e1601485394796-142x300.jpg 142w\" sizes=\"auto, (max-width: 10px) 100vw, 10px\" \/> Simon Sterzer (Einzelspiel), Jan Platte (Konferenz)<\/p>\n\n\n\n<p><em><strong>FC Liverpool &#8211; OSC Lille <\/strong><\/em><br><img loading=\"lazy\" decoding=\"async\" width=\"10\" height=\"21\" class=\"wp-image-3656\" style=\"width: 10px;\" src=\"http:\/\/kommentatorenblog.de\/wp-content\/uploads\/2020\/09\/shure-55sh-ii-e1601485394796.jpg\" alt=\"\" srcset=\"http:\/\/kommentatorenblog.de\/wp-content\/uploads\/2020\/09\/shure-55sh-ii-e1601485394796.jpg 415w, http:\/\/kommentatorenblog.de\/wp-content\/uploads\/2020\/09\/shure-55sh-ii-e1601485394796-142x300.jpg 142w\" sizes=\"auto, (max-width: 10px) 100vw, 10px\" \/> Michael Born (Einzelspiel), Tom Kirsten (Konferenz)<\/p>\n\n\n\n<p><em><strong>Roter Stern Belgrad &#8211; PSV Eindhoven <\/strong><\/em><em><strong>(21.00 Uhr)<\/strong><\/em><br><img loading=\"lazy\" decoding=\"async\" width=\"10\" height=\"21\" class=\"wp-image-3656\" style=\"width: 10px;\" src=\"http:\/\/kommentatorenblog.de\/wp-content\/uploads\/2020\/09\/shure-55sh-ii-e1601485394796.jpg\" alt=\"\" srcset=\"http:\/\/kommentatorenblog.de\/wp-content\/uploads\/2020\/09\/shure-55sh-ii-e1601485394796.jpg 415w, http:\/\/kommentatorenblog.de\/wp-content\/uploads\/2020\/09\/shure-55sh-ii-e1601485394796-142x300.jpg 142w\" sizes=\"auto, (max-width: 10px) 100vw, 10px\" \/> David Ploch (Einzelspiel), Oliver Forster (Konferenz)<\/p>\n\n\n\n<p><em><strong>Club Br\u00fcgge &#8211; Juventus Turin<\/strong><\/em><em><strong> (21.00 Uhr)<\/strong><\/em><br><img loading=\"lazy\" decoding=\"async\" width=\"10\" height=\"21\" class=\"wp-image-3656\" style=\"width: 10px;\" src=\"http:\/\/kommentatorenblog.de\/wp-content\/uploads\/2020\/09\/shure-55sh-ii-e1601485394796.jpg\" alt=\"\" srcset=\"http:\/\/kommentatorenblog.de\/wp-content\/uploads\/2020\/09\/shure-55sh-ii-e1601485394796.jpg 415w, http:\/\/kommentatorenblog.de\/wp-content\/uploads\/2020\/09\/shure-55sh-ii-e1601485394796-142x300.jpg 142w\" sizes=\"auto, (max-width: 10px) 100vw, 10px\" \/> Marcel Seufert (Einzelspiel), Mario Rieker (Konferenz)<\/p>\n\n\n\n<p><span style=\"text-decoration: underline;\">Mittwoch, 22. Januar 2025, ab 18.15 Uhr (DAZN)<\/span><\/p>\n\n\n\n<p><em><strong>RB Leipzig &#8211; Sporting Lissabon<\/strong> <strong>(18.45 Uhr)<\/strong><\/em><br><img loading=\"lazy\" decoding=\"async\" width=\"10\" height=\"21\" class=\"wp-image-3656\" style=\"width: 10px;\" src=\"http:\/\/kommentatorenblog.de\/wp-content\/uploads\/2020\/09\/shure-55sh-ii-e1601485394796.jpg\" alt=\"\" srcset=\"http:\/\/kommentatorenblog.de\/wp-content\/uploads\/2020\/09\/shure-55sh-ii-e1601485394796.jpg 415w, http:\/\/kommentatorenblog.de\/wp-content\/uploads\/2020\/09\/shure-55sh-ii-e1601485394796-142x300.jpg 142w\" sizes=\"auto, (max-width: 10px) 100vw, 10px\" \/> Uli Hebel (Einzelspiel), Marcel Seufert (Konferenz)<br>Field- Reporter: Benni Zander<\/p>\n\n\n\n<p><em><strong>Shakhtar Donezk &#8211; Brest <\/strong><\/em><em><strong>(18.45 Uhr)<\/strong><\/em><br><img loading=\"lazy\" decoding=\"async\" width=\"10\" height=\"21\" class=\"wp-image-3656\" style=\"width: 10px;\" src=\"http:\/\/kommentatorenblog.de\/wp-content\/uploads\/2020\/09\/shure-55sh-ii-e1601485394796.jpg\" alt=\"\" srcset=\"http:\/\/kommentatorenblog.de\/wp-content\/uploads\/2020\/09\/shure-55sh-ii-e1601485394796.jpg 415w, http:\/\/kommentatorenblog.de\/wp-content\/uploads\/2020\/09\/shure-55sh-ii-e1601485394796-142x300.jpg 142w\" sizes=\"auto, (max-width: 10px) 100vw, 10px\" \/> Stefan Galler (Einzelspiel), Michael Born (Konferenz)<\/p>\n\n\n\n<p><span style=\"text-decoration: underline;\">ab 20.30 Uhr (DAZN)<\/span><\/p>\n\n\n\n<p><em><strong>Feyenoord Rotterdam &#8211; FC Bayern M\u00fcnchen <\/strong><\/em><em><strong>(21.00 Uhr)<\/strong><\/em><br><img loading=\"lazy\" decoding=\"async\" width=\"10\" height=\"21\" class=\"wp-image-3656\" style=\"width: 10px;\" src=\"http:\/\/kommentatorenblog.de\/wp-content\/uploads\/2020\/09\/shure-55sh-ii-e1601485394796.jpg\" alt=\"\" srcset=\"http:\/\/kommentatorenblog.de\/wp-content\/uploads\/2020\/09\/shure-55sh-ii-e1601485394796.jpg 415w, http:\/\/kommentatorenblog.de\/wp-content\/uploads\/2020\/09\/shure-55sh-ii-e1601485394796-142x300.jpg 142w\" sizes=\"auto, (max-width: 10px) 100vw, 10px\" \/> Jan Platte, Experte: Sebastian Knei\u00dfl (Einzelspiel), Marco Hagemann (Konferenz)<br>Moderation: Laura Wontorra,<\/p>\n\n\n\n<p><span style=\"text-decoration: underline;\"><span style=\"text-decoration: underline;\">ab 20.45 Uhr (DAZN)<\/span><\/span><\/p>\n\n\n\n<p><em><strong>Celtic Glasgow &#8211; Young Boys Bern <\/strong><\/em><em><strong>(21.00 Uhr)<\/strong><\/em><br><img loading=\"lazy\" decoding=\"async\" width=\"10\" height=\"21\" class=\"wp-image-3656\" style=\"width: 10px;\" src=\"http:\/\/kommentatorenblog.de\/wp-content\/uploads\/2020\/09\/shure-55sh-ii-e1601485394796.jpg\" alt=\"\" srcset=\"http:\/\/kommentatorenblog.de\/wp-content\/uploads\/2020\/09\/shure-55sh-ii-e1601485394796.jpg 415w, http:\/\/kommentatorenblog.de\/wp-content\/uploads\/2020\/09\/shure-55sh-ii-e1601485394796-142x300.jpg 142w\" sizes=\"auto, (max-width: 10px) 100vw, 10px\" \/> Uwe Morawe (Einzelspiel), Tom Kirsten (Konferenz)<\/p>\n\n\n\n<p><em><strong>AC Mailand &#8211; FC Girona <\/strong><\/em><em><strong>(21.00 Uhr)<\/strong><\/em><br><img loading=\"lazy\" decoding=\"async\" width=\"10\" height=\"21\" class=\"wp-image-3656\" style=\"width: 10px;\" src=\"http:\/\/kommentatorenblog.de\/wp-content\/uploads\/2020\/09\/shure-55sh-ii-e1601485394796.jpg\" alt=\"\" srcset=\"http:\/\/kommentatorenblog.de\/wp-content\/uploads\/2020\/09\/shure-55sh-ii-e1601485394796.jpg 415w, http:\/\/kommentatorenblog.de\/wp-content\/uploads\/2020\/09\/shure-55sh-ii-e1601485394796-142x300.jpg 142w\" sizes=\"auto, (max-width: 10px) 100vw, 10px\" \/> Carsten Fu\u00df (Einzelspiel), Stephanie Baczyk (Konferenz)<\/p>\n\n\n\n<p><em><strong>Paris Saint-Germain &#8211; Manchester City <\/strong><\/em><em><strong>(21.00 Uhr)<\/strong><\/em><br><img loading=\"lazy\" decoding=\"async\" width=\"10\" height=\"21\" class=\"wp-image-3656\" style=\"width: 10px;\" src=\"http:\/\/kommentatorenblog.de\/wp-content\/uploads\/2020\/09\/shure-55sh-ii-e1601485394796.jpg\" alt=\"\" srcset=\"http:\/\/kommentatorenblog.de\/wp-content\/uploads\/2020\/09\/shure-55sh-ii-e1601485394796.jpg 415w, http:\/\/kommentatorenblog.de\/wp-content\/uploads\/2020\/09\/shure-55sh-ii-e1601485394796-142x300.jpg 142w\" sizes=\"auto, (max-width: 10px) 100vw, 10px\" \/> Freddie Schulz (Einzelspiel), Max Siebald (Konferenz)<\/p>\n\n\n\n<p><strong style=\"font-style: italic;\">Sparta Prag &#8211; Inter<\/strong><span><strong style=\"font-style: italic;\"> Mailand<\/strong><\/span><em><strong> (21.00 Uhr)<\/strong><\/em><br><img loading=\"lazy\" decoding=\"async\" width=\"10\" height=\"21\" class=\"wp-image-3656\" style=\"width: 10px;\" src=\"http:\/\/kommentatorenblog.de\/wp-content\/uploads\/2020\/09\/shure-55sh-ii-e1601485394796.jpg\" alt=\"\" srcset=\"http:\/\/kommentatorenblog.de\/wp-content\/uploads\/2020\/09\/shure-55sh-ii-e1601485394796.jpg 415w, http:\/\/kommentatorenblog.de\/wp-content\/uploads\/2020\/09\/shure-55sh-ii-e1601485394796-142x300.jpg 142w\" sizes=\"auto, (max-width: 10px) 100vw, 10px\" \/> Chris Putz (Einzelspiel), Mario Rieker (Konferenz)<\/p>\n\n\n\n<p><em><strong>Arsenal London &#8211; Dinamo Zagreb <\/strong><\/em><em><strong>(21.00 Uhr)<\/strong><\/em><br><img loading=\"lazy\" decoding=\"async\" width=\"10\" height=\"21\" class=\"wp-image-3656\" style=\"width: 10px;\" src=\"http:\/\/kommentatorenblog.de\/wp-content\/uploads\/2020\/09\/shure-55sh-ii-e1601485394796.jpg\" alt=\"\" srcset=\"http:\/\/kommentatorenblog.de\/wp-content\/uploads\/2020\/09\/shure-55sh-ii-e1601485394796.jpg 415w, http:\/\/kommentatorenblog.de\/wp-content\/uploads\/2020\/09\/shure-55sh-ii-e1601485394796-142x300.jpg 142w\" sizes=\"auto, (max-width: 10px) 100vw, 10px\" \/> Joachim Hebel (Einzelspiel), Freddy Harder (Konferenz)<\/p>\n\n\n\n<p><em><strong>Real Madrid &#8211; Salzburg<\/strong><\/em> <em><strong>(21.00 Uhr)<\/strong><\/em><br><img loading=\"lazy\" decoding=\"async\" width=\"10\" height=\"21\" class=\"wp-image-3656\" style=\"width: 10px;\" src=\"http:\/\/kommentatorenblog.de\/wp-content\/uploads\/2020\/09\/shure-55sh-ii-e1601485394796.jpg\" alt=\"\" srcset=\"http:\/\/kommentatorenblog.de\/wp-content\/uploads\/2020\/09\/shure-55sh-ii-e1601485394796.jpg 415w, http:\/\/kommentatorenblog.de\/wp-content\/uploads\/2020\/09\/shure-55sh-ii-e1601485394796-142x300.jpg 142w\" sizes=\"auto, (max-width: 10px) 100vw, 10px\" \/> Nico Seepe (Einzelspiel), Max Gross (Konferenz)<\/p>\n\n\n\n<hr class=\"wp-block-separator has-css-opacity is-style-default\"\/>\n\n\n\n<p><strong>UEFA Europa\/Conference League, Ligaphase, 7. Spieltag (RTL\/RTL+\/Sky)<\/strong><\/p>\n\n\n\n<p><span style=\"text-decoration: underline;\">Dienstag, 21. Januar 2025 (RTL+)<\/span><br><em><strong>Galatasaray Istanbul &#8211; Dynamo Kiew (16.30 Uhr)<\/strong><\/em><br><img loading=\"lazy\" decoding=\"async\" width=\"10\" height=\"21\" class=\"wp-image-3656\" style=\"width: 10px;\" src=\"http:\/\/kommentatorenblog.de\/wp-content\/uploads\/2020\/09\/shure-55sh-ii-e1601485394796.jpg\" alt=\"\" srcset=\"http:\/\/kommentatorenblog.de\/wp-content\/uploads\/2020\/09\/shure-55sh-ii-e1601485394796.jpg 415w, http:\/\/kommentatorenblog.de\/wp-content\/uploads\/2020\/09\/shure-55sh-ii-e1601485394796-142x300.jpg 142w\" sizes=\"auto, (max-width: 10px) 100vw, 10px\" \/> Rene Langhoff<\/p>\n\n\n\n<p><span style=\"text-decoration: underline;\">Mittwoch, 22. Januar 2025 (RTL+)<\/span><br><em><strong>Besiktas Istanbul &#8211; Athletic Bilbao  (16.30 Uhr)<\/strong><\/em><br><img loading=\"lazy\" decoding=\"async\" width=\"10\" height=\"21\" class=\"wp-image-3656\" style=\"width: 10px;\" src=\"http:\/\/kommentatorenblog.de\/wp-content\/uploads\/2020\/09\/shure-55sh-ii-e1601485394796.jpg\" alt=\"\" srcset=\"http:\/\/kommentatorenblog.de\/wp-content\/uploads\/2020\/09\/shure-55sh-ii-e1601485394796.jpg 415w, http:\/\/kommentatorenblog.de\/wp-content\/uploads\/2020\/09\/shure-55sh-ii-e1601485394796-142x300.jpg 142w\" sizes=\"auto, (max-width: 10px) 100vw, 10px\" \/> Philip Konrad<\/p>\n\n\n\n<p><span style=\"text-decoration: underline;\">Donnerstag, 23. Januar 2025, ab 18.15 Uhr (RTL+)<\/span><br><em><strong>TSG 1899 Hoffenheim &#8211; Tottenham Hotspur (18.45 Uhr)<\/strong><\/em><br><img loading=\"lazy\" decoding=\"async\" width=\"10\" height=\"21\" class=\"wp-image-3656\" style=\"width: 10px;\" src=\"http:\/\/kommentatorenblog.de\/wp-content\/uploads\/2020\/09\/shure-55sh-ii-e1601485394796.jpg\" alt=\"\" srcset=\"http:\/\/kommentatorenblog.de\/wp-content\/uploads\/2020\/09\/shure-55sh-ii-e1601485394796.jpg 415w, http:\/\/kommentatorenblog.de\/wp-content\/uploads\/2020\/09\/shure-55sh-ii-e1601485394796-142x300.jpg 142w\" sizes=\"auto, (max-width: 10px) 100vw, 10px\" \/> Robby Hunke, Experte: Patrick Helmes (Einzelspiel), J\u00fcrgen Schmitz (Konferenz)<br>Field-Reporter: Christoph K\u00fcppers<\/p>\n\n\n\n<p><em><strong>FC Porto &#8211; Olympiakos Pir\u00e4us<\/strong><\/em><em><strong> (18.45 Uhr)<\/strong><\/em><br><img loading=\"lazy\" decoding=\"async\" width=\"10\" height=\"21\" class=\"wp-image-3656\" style=\"width: 10px;\" src=\"http:\/\/kommentatorenblog.de\/wp-content\/uploads\/2020\/09\/shure-55sh-ii-e1601485394796.jpg\" alt=\"\" srcset=\"http:\/\/kommentatorenblog.de\/wp-content\/uploads\/2020\/09\/shure-55sh-ii-e1601485394796.jpg 415w, http:\/\/kommentatorenblog.de\/wp-content\/uploads\/2020\/09\/shure-55sh-ii-e1601485394796-142x300.jpg 142w\" sizes=\"auto, (max-width: 10px) 100vw, 10px\" \/> Rene Langhoff (Einzelspiel), Christian Stra\u00dfburger (Konferenz)<\/p>\n\n\n\n<p><em><strong>Fenerbahce Istanbul &#8211; Olympique Lyon<\/strong><\/em><em><strong> (18.45 Uhr)<\/strong><\/em><br><img loading=\"lazy\" decoding=\"async\" width=\"10\" height=\"21\" class=\"wp-image-3656\" style=\"width: 10px;\" src=\"http:\/\/kommentatorenblog.de\/wp-content\/uploads\/2020\/09\/shure-55sh-ii-e1601485394796.jpg\" alt=\"\" srcset=\"http:\/\/kommentatorenblog.de\/wp-content\/uploads\/2020\/09\/shure-55sh-ii-e1601485394796.jpg 415w, http:\/\/kommentatorenblog.de\/wp-content\/uploads\/2020\/09\/shure-55sh-ii-e1601485394796-142x300.jpg 142w\" sizes=\"auto, (max-width: 10px) 100vw, 10px\" \/> Tim Hemmrich (Einzelspiel), Peter Reichert (Konferenz)<\/p>\n\n\n\n<p><span style=\"text-decoration: underline;\">ab 18.35 Uhr (RTL+\/Sky)<\/span><br><em><strong>AZ Alkmaar &#8211; AS Rom<\/strong><\/em> <em><strong>(18.45 Uhr)<\/strong><\/em><br><img loading=\"lazy\" decoding=\"async\" width=\"10\" height=\"21\" class=\"wp-image-3656\" style=\"width: 10px;\" src=\"http:\/\/kommentatorenblog.de\/wp-content\/uploads\/2020\/09\/shure-55sh-ii-e1601485394796.jpg\" alt=\"\" srcset=\"http:\/\/kommentatorenblog.de\/wp-content\/uploads\/2020\/09\/shure-55sh-ii-e1601485394796.jpg 415w, http:\/\/kommentatorenblog.de\/wp-content\/uploads\/2020\/09\/shure-55sh-ii-e1601485394796-142x300.jpg 142w\" sizes=\"auto, (max-width: 10px) 100vw, 10px\" \/> <em>RTL+\/Sky: <\/em>Christoph Stadtler (Einzelspiel)<br><img loading=\"lazy\" decoding=\"async\" width=\"10\" height=\"21\" class=\"wp-image-3656\" style=\"width: 10px;\" src=\"http:\/\/kommentatorenblog.de\/wp-content\/uploads\/2020\/09\/shure-55sh-ii-e1601485394796.jpg\" alt=\"\" srcset=\"http:\/\/kommentatorenblog.de\/wp-content\/uploads\/2020\/09\/shure-55sh-ii-e1601485394796.jpg 415w, http:\/\/kommentatorenblog.de\/wp-content\/uploads\/2020\/09\/shure-55sh-ii-e1601485394796-142x300.jpg 142w\" sizes=\"auto, (max-width: 10px) 100vw, 10px\" \/> <em>RTL+:<\/em> Stefan Galler (Konferenz)<\/p>\n\n\n\n<p><span style=\"text-decoration: underline;\">ab <s>20.15<\/s> 20.30 Uhr (RTL) bzw. ab 20.40 Uhr (RTL+)<\/span><br><em><strong>Eintracht Frankfurt &#8211; Ferencvaros Budapest\u00a0(21.00 Uhr)<\/strong><\/em><br><img loading=\"lazy\" decoding=\"async\" width=\"10\" height=\"21\" class=\"wp-image-3656\" style=\"width: 10px;\" src=\"http:\/\/kommentatorenblog.de\/wp-content\/uploads\/2020\/09\/shure-55sh-ii-e1601485394796.jpg\" alt=\"\" srcset=\"http:\/\/kommentatorenblog.de\/wp-content\/uploads\/2020\/09\/shure-55sh-ii-e1601485394796.jpg 415w, http:\/\/kommentatorenblog.de\/wp-content\/uploads\/2020\/09\/shure-55sh-ii-e1601485394796-142x300.jpg 142w\" sizes=\"auto, (max-width: 10px) 100vw, 10px\" \/> <em>RTL: <\/em>Marco Hagemann, Experte: Lothar Matth\u00e4us<br>Field-Reporter: Thomas Wagner und Jonas Gerdes <br>Moderation (<em>RTL<\/em>): Laura Papendick<\/p>\n\n\n\n<p><img loading=\"lazy\" decoding=\"async\" width=\"10\" height=\"21\" class=\"wp-image-3656\" style=\"width: 10px;\" src=\"http:\/\/kommentatorenblog.de\/wp-content\/uploads\/2020\/09\/shure-55sh-ii-e1601485394796.jpg\" alt=\"\" srcset=\"http:\/\/kommentatorenblog.de\/wp-content\/uploads\/2020\/09\/shure-55sh-ii-e1601485394796.jpg 415w, http:\/\/kommentatorenblog.de\/wp-content\/uploads\/2020\/09\/shure-55sh-ii-e1601485394796-142x300.jpg 142w\" sizes=\"auto, (max-width: 10px) 100vw, 10px\" \/> <em>RTL+: <\/em>Michael Born (Einzelspiel), Klaus Veltman (Konferenz)<\/p>\n\n\n\n<p><img loading=\"lazy\" decoding=\"async\" width=\"10\" height=\"21\" class=\"wp-image-3656\" style=\"width: 10px;\" src=\"http:\/\/kommentatorenblog.de\/wp-content\/uploads\/2020\/09\/shure-55sh-ii-e1601485394796.jpg\" alt=\"\" srcset=\"http:\/\/kommentatorenblog.de\/wp-content\/uploads\/2020\/09\/shure-55sh-ii-e1601485394796.jpg 415w, http:\/\/kommentatorenblog.de\/wp-content\/uploads\/2020\/09\/shure-55sh-ii-e1601485394796-142x300.jpg 142w\" sizes=\"auto, (max-width: 10px) 100vw, 10px\" \/> <em>RTL+-MMA-Stream: <\/em>Cornelius K\u00fcpper &amp; Christian Eckerlin<\/p>\n\n\n\n<p><span style=\"text-decoration: underline;\">ab 20.45 Uhr (RTL+)<\/span><br><em><strong>Rigas Futbola Skola &#8211; Ajax Amsterdam (<em><strong>21.00<\/strong><\/em> Uhr)<\/strong><\/em><br><img loading=\"lazy\" decoding=\"async\" width=\"10\" height=\"21\" class=\"wp-image-3656\" style=\"width: 10px;\" src=\"http:\/\/kommentatorenblog.de\/wp-content\/uploads\/2020\/09\/shure-55sh-ii-e1601485394796.jpg\" alt=\"\" srcset=\"http:\/\/kommentatorenblog.de\/wp-content\/uploads\/2020\/09\/shure-55sh-ii-e1601485394796.jpg 415w, http:\/\/kommentatorenblog.de\/wp-content\/uploads\/2020\/09\/shure-55sh-ii-e1601485394796-142x300.jpg 142w\" sizes=\"auto, (max-width: 10px) 100vw, 10px\" \/> Oliver Seidler (Einzelspiel), Philip Konrad (Konferenz)<\/p>\n\n\n\n<p><em><strong>Manchester United &#8211; Glasgow Rangers (<em><strong>21.00<\/strong><\/em> Uhr)<\/strong><\/em><br><img loading=\"lazy\" decoding=\"async\" width=\"10\" height=\"21\" class=\"wp-image-3656\" style=\"width: 10px;\" src=\"http:\/\/kommentatorenblog.de\/wp-content\/uploads\/2020\/09\/shure-55sh-ii-e1601485394796.jpg\" alt=\"\" srcset=\"http:\/\/kommentatorenblog.de\/wp-content\/uploads\/2020\/09\/shure-55sh-ii-e1601485394796.jpg 415w, http:\/\/kommentatorenblog.de\/wp-content\/uploads\/2020\/09\/shure-55sh-ii-e1601485394796-142x300.jpg 142w\" sizes=\"auto, (max-width: 10px) 100vw, 10px\" \/> Julian Engelhard (Einzelspiel), Stefan Fuckert (Konferenz)<\/p>\n\n\n\n<p><span style=\"text-decoration: underline;\"><span style=\"text-decoration: underline;\">ab 20.45 Uhr (RTL+\/Sky)<\/span><\/span><br><em><strong>Lazio Rom &#8211; Real Sociedad&nbsp; (21.00 Uhr)<\/strong><\/em><br><img loading=\"lazy\" decoding=\"async\" width=\"10\" height=\"21\" class=\"wp-image-3656\" style=\"width: 10px;\" src=\"http:\/\/kommentatorenblog.de\/wp-content\/uploads\/2020\/09\/shure-55sh-ii-e1601485394796.jpg\" alt=\"\" srcset=\"http:\/\/kommentatorenblog.de\/wp-content\/uploads\/2020\/09\/shure-55sh-ii-e1601485394796.jpg 415w, http:\/\/kommentatorenblog.de\/wp-content\/uploads\/2020\/09\/shure-55sh-ii-e1601485394796-142x300.jpg 142w\" sizes=\"auto, (max-width: 10px) 100vw, 10px\" \/> <em>RTL+\/Sky: <\/em>Alexander Klich (Einzelspiel)<br><img loading=\"lazy\" decoding=\"async\" width=\"10\" height=\"21\" class=\"wp-image-3656\" style=\"width: 10px;\" src=\"http:\/\/kommentatorenblog.de\/wp-content\/uploads\/2020\/09\/shure-55sh-ii-e1601485394796.jpg\" alt=\"\" srcset=\"http:\/\/kommentatorenblog.de\/wp-content\/uploads\/2020\/09\/shure-55sh-ii-e1601485394796.jpg 415w, http:\/\/kommentatorenblog.de\/wp-content\/uploads\/2020\/09\/shure-55sh-ii-e1601485394796-142x300.jpg 142w\" sizes=\"auto, (max-width: 10px) 100vw, 10px\" \/> <em>RTL+: <\/em>Frederick Schulz (Konferenz)<\/p>\n\n\n\n<p>Moderation (<em>RTL+<\/em>): Anna Kraft, Experte: Felix Kroos, Patrick Helmes<br>Community Host: Julius Fellermann<\/p>\n\n\n\n<hr class=\"wp-block-separator has-css-opacity is-style-default\"\/>\n\n\n\n<p><strong>Liga Profesional, 1. Spieltag (sportdigital Fu\u00dfball)<\/strong><\/p>\n\n\n\n<p><span style=\"text-decoration: underline;\">Donnerstag, 23. Januar 2025<\/span><br><strong style=\"font-style: italic;\">CA Tigre &#8211; CA Velez Sarsfield <\/strong><em><strong>(23.00 Uhr)<\/strong><\/em><br><img loading=\"lazy\" decoding=\"async\" width=\"10\" height=\"21\" class=\"wp-image-3656\" style=\"width: 10px;\" src=\"http:\/\/kommentatorenblog.de\/wp-content\/uploads\/2020\/09\/shure-55sh-ii-e1601485394796.jpg\" alt=\"\" srcset=\"http:\/\/kommentatorenblog.de\/wp-content\/uploads\/2020\/09\/shure-55sh-ii-e1601485394796.jpg 415w, http:\/\/kommentatorenblog.de\/wp-content\/uploads\/2020\/09\/shure-55sh-ii-e1601485394796-142x300.jpg 142w\" sizes=\"auto, (max-width: 10px) 100vw, 10px\" \/> Max Giesen<\/p>\n\n\n\n<hr class=\"wp-block-separator has-alpha-channel-opacity\"\/>\n\n\n\n<p><strong>Saudi Pro League, 16. Spieltag (Sportdigital FUSSBALL)<\/strong><\/p>\n\n\n\n<p><span style=\"text-decoration: underline;\">Dienstag, 21. Januar 2025<\/span><\/p>\n\n\n\n<p><strong style=\"font-style: italic;\">Al-Khaleej &#8211; Al-Nassr <\/strong><em><strong>(15.50 Uhr)<\/strong><\/em><br><img loading=\"lazy\" decoding=\"async\" width=\"10\" height=\"21\" class=\"wp-image-3656\" style=\"width: 10px;\" src=\"http:\/\/kommentatorenblog.de\/wp-content\/uploads\/2020\/09\/shure-55sh-ii-e1601485394796.jpg\" alt=\"\" srcset=\"http:\/\/kommentatorenblog.de\/wp-content\/uploads\/2020\/09\/shure-55sh-ii-e1601485394796.jpg 415w, http:\/\/kommentatorenblog.de\/wp-content\/uploads\/2020\/09\/shure-55sh-ii-e1601485394796-142x300.jpg 142w\" sizes=\"auto, (max-width: 10px) 100vw, 10px\" \/> Marvin Kirsch<\/p>\n\n\n\n<p><span style=\"text-decoration: underline;\">Mittwoch, 22. Januar 2025<\/span><\/p>\n\n\n\n<p><strong style=\"font-style: italic;\">Al-Ittihad &#8211; Al-Shabab <\/strong><em><strong>(18.00 Uhr)<\/strong><\/em><br><img loading=\"lazy\" decoding=\"async\" width=\"10\" height=\"21\" class=\"wp-image-3656\" style=\"width: 10px;\" src=\"http:\/\/kommentatorenblog.de\/wp-content\/uploads\/2020\/09\/shure-55sh-ii-e1601485394796.jpg\" alt=\"\" srcset=\"http:\/\/kommentatorenblog.de\/wp-content\/uploads\/2020\/09\/shure-55sh-ii-e1601485394796.jpg 415w, http:\/\/kommentatorenblog.de\/wp-content\/uploads\/2020\/09\/shure-55sh-ii-e1601485394796-142x300.jpg 142w\" sizes=\"auto, (max-width: 10px) 100vw, 10px\" \/> Ulf Kahmke<\/p>\n\n\n\n<hr class=\"wp-block-separator has-css-opacity is-style-default\"\/>\n\n\n\n<p><strong><code>ANALYSE<\/code><\/strong><\/p>\n\n\n\n<p>Da n\u00e4chste Woche alle Spiele am Mittwoch stattfinden, steht am Dienstag das letzte CL-Gruppenspiel bei Prime an, hier entschied man sich f\u00fcr das Spiel der Dortmunder, w\u00e4hrend DAZN Leverkusen \u00fcbertragen wird. Die Partie von Bayer begleitet erneut das Trio Harder, Herzog und Tobias Schweinsteiger, alle drei aus aus dem Stadion, w\u00e4hrend bei Prime wie gewohnt Schl\u00fcter, Friedrich und H\u00f6wedes zum Einsatz kommen. Dritte deutsche Partie am Dienstag ist das Gastspiel des VfBs in Bratislava, hier setzt man auf Wahnschaffe, Gro\u00df und Lauth. Ersterer ist dabei vor Ort.<\/p>\n\n\n\n<p>Am Mittwoch merkt man bei RB Leipzig, dass sie bereits ausgeschieden sind, DAZN verzichtet auf eine Moderation, Benni Zander f\u00fchrt die Interviews, daf\u00fcr kommentiert Uli Hebel. Mit Jan Platte kommentiert ein weiterer bekannter Name am Mittwoch. Er \u00fcbernimmt die Partie der Bayern in Rotterdam mit Sebastian Knei\u00dfl. Laura Wontorra moderiert und f\u00fchrt zugleich die Interviews, sie ist ebenso wie das Kommentatoren-Duo im Stadion. Field und Moderation gibt es an diesem Spieltag nicht bei DAZN.<\/p>\n\n\n\n<p>Eine Analyse zu den Konferenzkommentatoren kann ich leider nicht anbieten, da diese erst kurzfristig vorlagen und meine Zeit am Montag leider stark begrenzt war.<\/p>\n\n\n\n<p>Die Europa League spielt sowohl am Dienstag und Mittwoch je einmal, beide Male von RTL+ \u00fcbertragen, wodurch Philip Konrad und Rene Langhoff zu Doppeleins\u00e4tzen kommen werden.<\/p>\n\n\n\n<p>Viermal Frankfurt steht nicht f\u00fcr vier Spiele oder Tore in Frankfurt, sondern f\u00fcr vier verschiedene Kommentatoren bei RTL f\u00fcr die Partie der Eintracht. Neben Hagemann mit Matth\u00e4us, die wie gewohnt im Hauptprogramm kommentieren, \u00fcbernimmt Michael Born das Einzelspiel bei RTL+ und Klaus Veltman die Konferenz. Das wars aber noch nicht, zus\u00e4tzlich gibt es noch einen MMA- Stream mit Cornelius K\u00fcpper und einem MMA-K\u00e4mpfer, Christian Eckerlin. Aus dem Stadion. Vermutlich eine Werbeveranstaltung f\u00fcr eine baldige \u00dcbertragung bei RTL(+), man verzeihe mir bitte fehlendes Wissen zur MMA. Warum es daf\u00fcr einen zus\u00e4tzlichen Stream und damit drei Einzelspiel-Kommentatoren braucht, erschlie\u00dft sich mir nicht unbedingt. Ohne den Eventstream war K\u00fcpper im \u00dcbrigen f\u00fcr die Partie der Hoffenheimer eingeplant, hier \u00fcbernehmen nun Hunke\/Helmes.<\/p>\n\n\n\n<p>Der Eventstream und die Hauptprogramm\u00fcbertragung kommen beide aus dem Waldstadion in Frankfurt, w\u00e4hrend der Rest aus dem K\u00f6lner Studio \u00fcbertragen wird.<\/p>\n\n\n\n<p>Am Donnerstag gibt es dann nicht nur die Europa League- \u00dcbertragung sondern auch den n\u00e4chsten Beitrag von Karl, u.a mit dem 19. Spieltag in der Bundesliga der M\u00e4nner. Bis dahin eine gute Woche. <\/p>\n","protected":false},"excerpt":{"rendered":"<p>N&#8217;Abend allerseits, aus aktuellem Anlass findet ihr das geplante und bereits am Sonntag verfasste Vorwort nach einem kurzen Einschub zur Europameisterschaft 2028. Seit heute Vormittag ist bekannt, dass ARD und ZDF sich die plattformneutralen \u00dcbertragungsrechte an allen 51 Spielen der kommenden Europameisterschaft in Gro\u00dfbritannien und Irland gesichert haben. Neben TV- \u00dcbertragungen wurden von Seiten der [&hellip;]<\/p>\n","protected":false},"author":10,"featured_media":0,"comment_status":"open","ping_status":"open","sticky":false,"template":"","format":"standard","meta":{"footnotes":""},"categories":[425],"tags":[13,48,69,43,947,134,105],"class_list":["post-20323","post","type-post","status-publish","format-standard","hentry","category-champions-league-und-co","tag-dazn","tag-jan-platte","tag-jonas-friedrich","tag-marco-hagemann","tag-prime","tag-sportdigital-fussball","tag-uli-hebel"],"_links":{"self":[{"href":"http:\/\/kommentatorenblog.de\/index.php?rest_route=\/wp\/v2\/posts\/20323","targetHints":{"allow":["GET"]}}],"collection":[{"href":"http:\/\/kommentatorenblog.de\/index.php?rest_route=\/wp\/v2\/posts"}],"about":[{"href":"http:\/\/kommentatorenblog.de\/index.php?rest_route=\/wp\/v2\/types\/post"}],"author":[{"embeddable":true,"href":"http:\/\/kommentatorenblog.de\/index.php?rest_route=\/wp\/v2\/users\/10"}],"replies":[{"embeddable":true,"href":"http:\/\/kommentatorenblog.de\/index.php?rest_route=%2Fwp%2Fv2%2Fcomments&post=20323"}],"version-history":[{"count":16,"href":"http:\/\/kommentatorenblog.de\/index.php?rest_route=\/wp\/v2\/posts\/20323\/revisions"}],"predecessor-version":[{"id":20376,"href":"http:\/\/kommentatorenblog.de\/index.php?rest_route=\/wp\/v2\/posts\/20323\/revisions\/20376"}],"wp:attachment":[{"href":"http:\/\/kommentatorenblog.de\/index.php?rest_route=%2Fwp%2Fv2%2Fmedia&parent=20323"}],"wp:term":[{"taxonomy":"category","embeddable":true,"href":"http:\/\/kommentatorenblog.de\/index.php?rest_route=%2Fwp%2Fv2%2Fcategories&post=20323"},{"taxonomy":"post_tag","embeddable":true,"href":"http:\/\/kommentatorenblog.de\/index.php?rest_route=%2Fwp%2Fv2%2Ftags&post=20323"}],"curies":[{"name":"wp","href":"https:\/\/api.w.org\/{rel}","templated":true}]}}