{"id":20412,"date":"2025-01-28T18:02:40","date_gmt":"2025-01-28T17:02:40","guid":{"rendered":"http:\/\/kommentatorenblog.de\/?p=20412"},"modified":"2025-01-30T23:35:04","modified_gmt":"2025-01-30T22:35:04","slug":"1482-die-groesste-konferenz-aller-zeiten","status":"publish","type":"post","link":"http:\/\/kommentatorenblog.de\/?p=20412","title":{"rendered":"1482 \u2013 Die gr\u00f6\u00dfte Konferenz aller Zeiten"},"content":{"rendered":"\n<p>N&#8217;Abend allerseits!<\/p>\n\n\n\n<p>Der letzte Spieltag der Champions League steht ganz klar unter dem Vorzeichen der gr\u00f6\u00dften Konferenz aller Zeiten. Da ja bekanntlich alle 18 Spiele am Mittwoch parallel ausgetragen werden hei\u00dft das f\u00fcr DAZN dementsprechend auch, dass man alle Spiele sowohl einzeln als auch in der Konferenz anbieten wird. DAZN selbst bezeichnet diesen Mittwoch als einen historischen Fu\u00dfballabend. \u00dcber 500 MitarbeterInnen werden am Mittwoch sowohl in den Stadien als auch in M\u00fcnchen im Einsatz sein, um die gr\u00f6\u00dfte Livesportproduktion in der Geschichte von DAZN zu realisieren. 36 KommentatorInnen vor Ort bzw. in der Box sorgen f\u00fcr eine Bestbesetzung. Skysportaustria hatte bereits eine 17er-Konferenz, dort k\u00fcmmerten sich allerdings nur 11 Kommentatoren um 17 Spiele. DAZN geht den gewohnten Weg und nutzt den letzten Spieltag der CL auch um zu zeigen, was \u00fcbertragungstechnisch alles m\u00f6glich ist. Wir d\u00fcrfen also, auch in Hinblick darauf, dass wir ab n\u00e4chster Saison sehr viel mehr Konferenzfu\u00dfball auf DAZN erleben werden, gespannt auf die Umsetzung sein. <\/p>\n\n\n\n<p>Schreibt doch mal in die Kommentare, wie euch die \u00dcbertragung gefallen hat. <\/p>\n\n\n\n<p><strong>Die Ausgangslage vor dem letzten Spieltag in der CL:<\/strong><\/p>\n\n\n\n<p>Das neue Format sorgt tats\u00e4chlich f\u00fcr eine sehr spannende Ausgangssituation vor diesem letzten Spieltag. Lediglich Barca und Liverpool sind sicher Qualifiziert. F\u00fcr Bologna, Sparta Prag, Girona, Roter Stern Belgrad, Graz, Salzburg, YB, Slovan Bratislava und RB Leipzig geht es darum, sich w\u00fcrdig aus den Wettbewerb zu verabschieden, diese Teams haben keine Chance mehr auf die KO-Phase. <\/p>\n\n\n\n<p>Aus deutscher Sicht wird insbesondere das Spiel zwischen dem VfB Stuttgart und PSG interessant sein, beide Teams werden auf Sieg spielen, um ihre Chancen zu wahren.<\/p>\n\n\n\n<p>F\u00fcr den BVB und den FCB ist ein Playoffticket bereits gel\u00f6st, allerdings haben beide Teams noch die M\u00f6glichkeit, direkt unter die ersten 8 zu kommen, Donezk und Bratislava haben etwas dagegen. Leverkusen hat es gegen Sparta Prag selbst in der Hand, aktuell steht der deutsche Meister auf Platz 8, mit einem Sieg bleibt er dort auch, zumindest zu 88,3%.<\/p>\n\n\n\n<p>Aber auch eine Spielklasse drunter stehen 18 Spiele in der Europa League an. Wie das Ganze auf RTL und RTL+ realisiert wird, weiter unten. <\/p>\n\n\n\n<p><strong>Die Ausgangslage vor dem letzten Spieltag in der EL:<\/strong><\/p>\n\n\n\n<p>Dynamo Kiew, Riga FC, Slavia Prag, Malm\u00f6 FF, Ludogorez Rasgrad, Qarabag FK und OGC Nizza verabschieden sich am Donnerstag aus dem europ\u00e4ischen Gesch\u00e4ft. Sicher im 1\/8-Finale ist in der Europa Leaguel lediglich Lazio Rom, fix, entweder in den Playoffs oder direkt qualifiziert sind Eintracht Frankfurt, Bilbao, Manchester United, Lyon, Tottenham, Anderlecht und Bukarest. <\/p>\n\n\n\n<p>Die TSG Hoffenheim hat nur noch theoretische Chancen auf ein Weiterkommen. Die Mannschaft von Christian Ilzer rangiert aktuell auf Platz 27. Ein Sieg gegen Anderlecht muss her und parallel muss man noch darauf hoffen, das Teams wie Malm\u00f6 oder Prag ihre Spiele verlieren. Dazu die schlechte Tordifferenz von -6&#8230; Es braucht also eine gro\u00dfe Portion Optimismus f\u00fcr alle TSG Anh\u00e4ngerInnen. <\/p>\n\n\n\n<p>Ich habe den ersten Durchgang der neuen Ligaphase bisher als sehr spannend empfunden. Gerade das Teams wie City oder PSG nicht automatisch dabei sind und wir eine so spannende Ausgangslage vor den letzten Spieltagen haben, spricht meiner Meinung nach f\u00fcr dieses Format. Der letzte Gruppenspieltag hatte gef\u00fchlt immer ein sehr geringes Spannungspotential. Dazu kommt nat\u00fcrlich auch der absolute Ausnahmezustand f\u00fcr Konferenzfans. Ich bin gespannt, wie euch die Sendung gefallen wird. Wer wo am Mikro sitzt kommt jetzt!<\/p>\n\n\n\n<hr class=\"wp-block-separator has-alpha-channel-opacity\"\/>\n\n\n\n<p><em><strong>Die Ansetzungen vom 28 Januar 2025 bis zum 30. Januar 2025<\/strong><\/em><\/p>\n\n\n\n<hr class=\"wp-block-separator has-alpha-channel-opacity\"\/>\n\n\n\n<p><strong>UEFA Champions League, Ligaphase 8. Spieltag (DAZN)<\/strong><\/p>\n\n\n\n<p><span style=\"text-decoration: underline;\">Mittwoch, 29. Januar 2025 ab 19.30 Uhr<\/span><\/p>\n\n\n\n<p><strong><em>FC Bayern M\u00fcnchen \u2013 SK Slovan Bratislava  (21.00 Uhr)<\/em><\/strong><br><img loading=\"lazy\" decoding=\"async\" width=\"10\" height=\"21\" class=\"wp-image-3656\" style=\"width: 10px;\" src=\"http:\/\/kommentatorenblog.de\/wp-content\/uploads\/2020\/09\/shure-55sh-ii-e1601485394796.jpg\" alt=\"\" srcset=\"http:\/\/kommentatorenblog.de\/wp-content\/uploads\/2020\/09\/shure-55sh-ii-e1601485394796.jpg 415w, http:\/\/kommentatorenblog.de\/wp-content\/uploads\/2020\/09\/shure-55sh-ii-e1601485394796-142x300.jpg 142w\" sizes=\"auto, (max-width: 10px) 100vw, 10px\" \/> Uli Hebel, Experte: Sebastian Knei\u00dfl (Einzelspiel), Freddy Harder (Konferenz)<br>Field-Reporter: Benni Zander <\/p>\n\n\n\n<p><em><strong>Borussia Dortmund \u2013 Schachtar Donezk (21.00 Uhr)<\/strong><\/em><br><img loading=\"lazy\" decoding=\"async\" width=\"10\" height=\"21\" class=\"wp-image-3656\" style=\"width: 10px;\" src=\"http:\/\/kommentatorenblog.de\/wp-content\/uploads\/2020\/09\/shure-55sh-ii-e1601485394796.jpg\" alt=\"\" srcset=\"http:\/\/kommentatorenblog.de\/wp-content\/uploads\/2020\/09\/shure-55sh-ii-e1601485394796.jpg 415w, http:\/\/kommentatorenblog.de\/wp-content\/uploads\/2020\/09\/shure-55sh-ii-e1601485394796-142x300.jpg 142w\" sizes=\"auto, (max-width: 10px) 100vw, 10px\" \/> Marco Hagemann, Experte: Sascha Bigalke (Einzelspiel), Lukas Sch\u00f6nm\u00fcller (Konferenz)<br>Field-Reporterin: Christina Rann<\/p>\n\n\n\n<p><em><strong>Bayer 04 Leverkusen \u2013 Sparta Prag (21.00 Uhr)<\/strong><\/em><br><img loading=\"lazy\" decoding=\"async\" width=\"10\" height=\"21\" class=\"wp-image-3656\" style=\"width: 10px;\" src=\"http:\/\/kommentatorenblog.de\/wp-content\/uploads\/2020\/09\/shure-55sh-ii-e1601485394796.jpg\" alt=\"\" srcset=\"http:\/\/kommentatorenblog.de\/wp-content\/uploads\/2020\/09\/shure-55sh-ii-e1601485394796.jpg 415w, http:\/\/kommentatorenblog.de\/wp-content\/uploads\/2020\/09\/shure-55sh-ii-e1601485394796-142x300.jpg 142w\" sizes=\"auto, (max-width: 10px) 100vw, 10px\" \/> Michael Born, Experte: Benny Lauth (Einzelspiel), Max Siebald (Konferenz)<br>Field-Reporterin: Ann-Sophie Kimmel <\/p>\n\n\n\n<p><em><strong>VfB Stuttgart \u2013 Paris Saint-Germain (21.00 Uhr)<\/strong><\/em><br><img loading=\"lazy\" decoding=\"async\" width=\"10\" height=\"21\" class=\"wp-image-3656\" style=\"width: 10px;\" src=\"http:\/\/kommentatorenblog.de\/wp-content\/uploads\/2020\/09\/shure-55sh-ii-e1601485394796.jpg\" alt=\"\" srcset=\"http:\/\/kommentatorenblog.de\/wp-content\/uploads\/2020\/09\/shure-55sh-ii-e1601485394796.jpg 415w, http:\/\/kommentatorenblog.de\/wp-content\/uploads\/2020\/09\/shure-55sh-ii-e1601485394796-142x300.jpg 142w\" sizes=\"auto, (max-width: 10px) 100vw, 10px\" \/> Jan Platte, Experte: Sami Khedira (Einzelspiel), Mario Rieker (Konferenz)<br>Field-Reporter: Daniel Herzog<\/p>\n\n\n\n<p><strong><em>SK Sturm Graz \u2013 RB Leipzig (21.00 Uhr)<\/em><\/strong><br><img loading=\"lazy\" decoding=\"async\" width=\"10\" height=\"21\" class=\"wp-image-3656\" style=\"width: 10px;\" src=\"http:\/\/kommentatorenblog.de\/wp-content\/uploads\/2020\/09\/shure-55sh-ii-e1601485394796.jpg\" alt=\"\" srcset=\"http:\/\/kommentatorenblog.de\/wp-content\/uploads\/2020\/09\/shure-55sh-ii-e1601485394796.jpg 415w, http:\/\/kommentatorenblog.de\/wp-content\/uploads\/2020\/09\/shure-55sh-ii-e1601485394796-142x300.jpg 142w\" sizes=\"auto, (max-width: 10px) 100vw, 10px\" \/> Uwe Morawe (Einzelspiel), Chris Putz (Konferenz)<br>Field-Reporter: Tobi Wahnschaffe <\/p>\n\n\n\n<p><strong><em>Aston Villa \u2013 Celtic Glasgow (21.00 Uhr)<\/em><\/strong><br><img loading=\"lazy\" decoding=\"async\" width=\"10\" height=\"21\" class=\"wp-image-3656\" style=\"width: 10px;\" src=\"http:\/\/kommentatorenblog.de\/wp-content\/uploads\/2020\/09\/shure-55sh-ii-e1601485394796.jpg\" alt=\"\" srcset=\"http:\/\/kommentatorenblog.de\/wp-content\/uploads\/2020\/09\/shure-55sh-ii-e1601485394796.jpg 415w, http:\/\/kommentatorenblog.de\/wp-content\/uploads\/2020\/09\/shure-55sh-ii-e1601485394796-142x300.jpg 142w\" sizes=\"auto, (max-width: 10px) 100vw, 10px\" \/> Adrian Geiler (Einzelspiel), Freddie Schulz (Konferenz)<\/p>\n\n\n\n<p><em><strong>Young Boys Bern \u2013 Roter Stern Belgrad (21.00 Uhr)<\/strong><\/em><br><img loading=\"lazy\" decoding=\"async\" width=\"10\" height=\"21\" class=\"wp-image-3656\" style=\"width: 10px;\" src=\"http:\/\/kommentatorenblog.de\/wp-content\/uploads\/2020\/09\/shure-55sh-ii-e1601485394796.jpg\" alt=\"\" srcset=\"http:\/\/kommentatorenblog.de\/wp-content\/uploads\/2020\/09\/shure-55sh-ii-e1601485394796.jpg 415w, http:\/\/kommentatorenblog.de\/wp-content\/uploads\/2020\/09\/shure-55sh-ii-e1601485394796-142x300.jpg 142w\" sizes=\"auto, (max-width: 10px) 100vw, 10px\" \/> Tobi Fischbeck (Einzelspiel), Manuel Angstenberger (Konferenz)<\/p>\n\n\n\n<p><em><strong>FC Barcelona \u2013 Atalanta Bergamo (21.00 Uhr)<\/strong><\/em><br><img loading=\"lazy\" decoding=\"async\" width=\"10\" height=\"21\" class=\"wp-image-3656\" style=\"width: 10px;\" src=\"http:\/\/kommentatorenblog.de\/wp-content\/uploads\/2020\/09\/shure-55sh-ii-e1601485394796.jpg\" alt=\"\" srcset=\"http:\/\/kommentatorenblog.de\/wp-content\/uploads\/2020\/09\/shure-55sh-ii-e1601485394796.jpg 415w, http:\/\/kommentatorenblog.de\/wp-content\/uploads\/2020\/09\/shure-55sh-ii-e1601485394796-142x300.jpg 142w\" sizes=\"auto, (max-width: 10px) 100vw, 10px\" \/> Carsten Fu\u00df (Einzelspiel), Oliver Forster (Konferenz)<\/p>\n\n\n\n<p><em><strong>Inter Mailand \u2013 AS Monaco (21.00 Uhr)<\/strong><\/em><br><img loading=\"lazy\" decoding=\"async\" width=\"10\" height=\"21\" class=\"wp-image-3656\" style=\"width: 10px;\" src=\"http:\/\/kommentatorenblog.de\/wp-content\/uploads\/2020\/09\/shure-55sh-ii-e1601485394796.jpg\" alt=\"\" srcset=\"http:\/\/kommentatorenblog.de\/wp-content\/uploads\/2020\/09\/shure-55sh-ii-e1601485394796.jpg 415w, http:\/\/kommentatorenblog.de\/wp-content\/uploads\/2020\/09\/shure-55sh-ii-e1601485394796-142x300.jpg 142w\" sizes=\"auto, (max-width: 10px) 100vw, 10px\" \/> Patrick Gerspacher (Einzelspiel), Marcel Seufert (Konferenz)<\/p>\n\n\n\n<p><em><strong>FC Salzburg \u2013 Atletico Madrid (21.00 Uhr)<\/strong><\/em><br><img loading=\"lazy\" decoding=\"async\" width=\"10\" height=\"21\" class=\"wp-image-3656\" style=\"width: 10px;\" src=\"http:\/\/kommentatorenblog.de\/wp-content\/uploads\/2020\/09\/shure-55sh-ii-e1601485394796.jpg\" alt=\"\" srcset=\"http:\/\/kommentatorenblog.de\/wp-content\/uploads\/2020\/09\/shure-55sh-ii-e1601485394796.jpg 415w, http:\/\/kommentatorenblog.de\/wp-content\/uploads\/2020\/09\/shure-55sh-ii-e1601485394796-142x300.jpg 142w\" sizes=\"auto, (max-width: 10px) 100vw, 10px\" \/> Jan-Lucas Krenzer (Einzelspiel), Max Gross (Konferenz)<\/p>\n\n\n\n<p><em><strong>FC Girona \u2013 FC Arsenal (21.00 Uhr)<\/strong><\/em><br><img loading=\"lazy\" decoding=\"async\" width=\"10\" height=\"21\" class=\"wp-image-3656\" style=\"width: 10px;\" src=\"http:\/\/kommentatorenblog.de\/wp-content\/uploads\/2020\/09\/shure-55sh-ii-e1601485394796.jpg\" alt=\"\" srcset=\"http:\/\/kommentatorenblog.de\/wp-content\/uploads\/2020\/09\/shure-55sh-ii-e1601485394796.jpg 415w, http:\/\/kommentatorenblog.de\/wp-content\/uploads\/2020\/09\/shure-55sh-ii-e1601485394796-142x300.jpg 142w\" sizes=\"auto, (max-width: 10px) 100vw, 10px\" \/> Ruben Zimmermann (Einzelspiel), Flo Hauser (Konferenz)<\/p>\n\n\n\n<p><em><strong>Dinamo Zagreb \u2013 AC Milan (21.00 Uhr)<\/strong><\/em><br><img loading=\"lazy\" decoding=\"async\" width=\"10\" height=\"21\" class=\"wp-image-3656\" style=\"width: 10px;\" src=\"http:\/\/kommentatorenblog.de\/wp-content\/uploads\/2020\/09\/shure-55sh-ii-e1601485394796.jpg\" alt=\"\" srcset=\"http:\/\/kommentatorenblog.de\/wp-content\/uploads\/2020\/09\/shure-55sh-ii-e1601485394796.jpg 415w, http:\/\/kommentatorenblog.de\/wp-content\/uploads\/2020\/09\/shure-55sh-ii-e1601485394796-142x300.jpg 142w\" sizes=\"auto, (max-width: 10px) 100vw, 10px\" \/> Lukas Flottmeyer (Einzelspiel), Christoph Stadtler (Konferenz)<\/p>\n\n\n\n<p><em><strong>Juventus Turin \u2013 Benfica Lissabon (21.00 Uhr)<\/strong><\/em><br><img loading=\"lazy\" decoding=\"async\" width=\"10\" height=\"21\" class=\"wp-image-3656\" style=\"width: 10px;\" src=\"http:\/\/kommentatorenblog.de\/wp-content\/uploads\/2020\/09\/shure-55sh-ii-e1601485394796.jpg\" alt=\"\" srcset=\"http:\/\/kommentatorenblog.de\/wp-content\/uploads\/2020\/09\/shure-55sh-ii-e1601485394796.jpg 415w, http:\/\/kommentatorenblog.de\/wp-content\/uploads\/2020\/09\/shure-55sh-ii-e1601485394796-142x300.jpg 142w\" sizes=\"auto, (max-width: 10px) 100vw, 10px\" \/> Korbinian Rundel (Einzelspiel), Simon Sterzer (Konferenz)<\/p>\n\n\n\n<p><em><strong>OSC Lille \u2013 Feyenoord Rotterdam (21.00 Uhr)<\/strong><\/em><br><img loading=\"lazy\" decoding=\"async\" width=\"10\" height=\"21\" class=\"wp-image-3656\" style=\"width: 10px;\" src=\"http:\/\/kommentatorenblog.de\/wp-content\/uploads\/2020\/09\/shure-55sh-ii-e1601485394796.jpg\" alt=\"\" srcset=\"http:\/\/kommentatorenblog.de\/wp-content\/uploads\/2020\/09\/shure-55sh-ii-e1601485394796.jpg 415w, http:\/\/kommentatorenblog.de\/wp-content\/uploads\/2020\/09\/shure-55sh-ii-e1601485394796-142x300.jpg 142w\" sizes=\"auto, (max-width: 10px) 100vw, 10px\" \/> Stefan Galler (Einzelspiel), David Ploch (Konferenz)<\/p>\n\n\n\n<p><em><strong>Manchester City \u2013 FC Br\u00fcgge (21.00 Uhr) <\/strong><\/em><br><img loading=\"lazy\" decoding=\"async\" width=\"10\" height=\"21\" class=\"wp-image-3656\" style=\"width: 10px;\" src=\"http:\/\/kommentatorenblog.de\/wp-content\/uploads\/2020\/09\/shure-55sh-ii-e1601485394796.jpg\" alt=\"\" srcset=\"http:\/\/kommentatorenblog.de\/wp-content\/uploads\/2020\/09\/shure-55sh-ii-e1601485394796.jpg 415w, http:\/\/kommentatorenblog.de\/wp-content\/uploads\/2020\/09\/shure-55sh-ii-e1601485394796-142x300.jpg 142w\" sizes=\"auto, (max-width: 10px) 100vw, 10px\" \/> Jogi Hebel (Einzelspiel), Nico Seepe (Konferenz)<\/p>\n\n\n\n<p><em><strong>PSV Eindhoven \u2013 FC Liverpool (21.00 Uhr)<\/strong><\/em><br><img loading=\"lazy\" decoding=\"async\" width=\"10\" height=\"21\" class=\"wp-image-3656\" style=\"width: 10px;\" src=\"http:\/\/kommentatorenblog.de\/wp-content\/uploads\/2020\/09\/shure-55sh-ii-e1601485394796.jpg\" alt=\"\" srcset=\"http:\/\/kommentatorenblog.de\/wp-content\/uploads\/2020\/09\/shure-55sh-ii-e1601485394796.jpg 415w, http:\/\/kommentatorenblog.de\/wp-content\/uploads\/2020\/09\/shure-55sh-ii-e1601485394796-142x300.jpg 142w\" sizes=\"auto, (max-width: 10px) 100vw, 10px\" \/> Michael Brandes (Einzelspiel), Tom Kirsten (Konferenz)<\/p>\n\n\n\n<p><em><strong>Sporting Lissabon \u2013 FC Bologna (21.00 Uhr)<\/strong><\/em><br><img loading=\"lazy\" decoding=\"async\" width=\"10\" height=\"21\" class=\"wp-image-3656\" style=\"width: 10px;\" src=\"http:\/\/kommentatorenblog.de\/wp-content\/uploads\/2020\/09\/shure-55sh-ii-e1601485394796.jpg\" alt=\"\" srcset=\"http:\/\/kommentatorenblog.de\/wp-content\/uploads\/2020\/09\/shure-55sh-ii-e1601485394796.jpg 415w, http:\/\/kommentatorenblog.de\/wp-content\/uploads\/2020\/09\/shure-55sh-ii-e1601485394796-142x300.jpg 142w\" sizes=\"auto, (max-width: 10px) 100vw, 10px\" \/> Matthias Naebers (Einzelspiel), Stephanie Baczyk (Konferenz)<\/p>\n\n\n\n<p><em><strong>Stade Brest \u2013 Real Madrid (21.00 Uhr)<\/strong><\/em><br><img loading=\"lazy\" decoding=\"async\" width=\"10\" height=\"21\" class=\"wp-image-3656\" style=\"width: 10px;\" src=\"http:\/\/kommentatorenblog.de\/wp-content\/uploads\/2020\/09\/shure-55sh-ii-e1601485394796.jpg\" alt=\"\" srcset=\"http:\/\/kommentatorenblog.de\/wp-content\/uploads\/2020\/09\/shure-55sh-ii-e1601485394796.jpg 415w, http:\/\/kommentatorenblog.de\/wp-content\/uploads\/2020\/09\/shure-55sh-ii-e1601485394796-142x300.jpg 142w\" sizes=\"auto, (max-width: 10px) 100vw, 10px\" \/> Kai Goerke (Einzelspiel), Julian Engelhard (Konferenz)<\/p>\n\n\n\n<p>Moderation (Studioshow): Laura Wontorra, Experten: Michael Ballack und Tobi Schweinsteiger <\/p>\n\n\n\n<hr class=\"wp-block-separator has-alpha-channel-opacity\"\/>\n\n\n\n<p><strong>UEFA Europa League, Ligaphase 8. Spieltag (NITRO\/RTL+\/Sky)<\/strong><\/p>\n\n\n\n<p><span style=\"text-decoration: underline;\">Donnerstag, 30. Januar 2025 ab 20.15 Uhr (NITRO) bzw. ab 20.30 Uhr (RTL+)<\/span><\/p>\n\n\n\n<p><em><strong>RSC Anderlecht \u2013 TSG 1899 Hoffenheim (21.00 Uhr)<\/strong><\/em><br><img loading=\"lazy\" decoding=\"async\" width=\"10\" height=\"21\" class=\"wp-image-3656\" style=\"width: 10px;\" src=\"http:\/\/kommentatorenblog.de\/wp-content\/uploads\/2020\/09\/shure-55sh-ii-e1601485394796.jpg\" alt=\"\" srcset=\"http:\/\/kommentatorenblog.de\/wp-content\/uploads\/2020\/09\/shure-55sh-ii-e1601485394796.jpg 415w, http:\/\/kommentatorenblog.de\/wp-content\/uploads\/2020\/09\/shure-55sh-ii-e1601485394796-142x300.jpg 142w\" sizes=\"auto, (max-width: 10px) 100vw, 10px\" \/> NITRO: Marco Hagemann, Experte: Felix Kroos<br><img loading=\"lazy\" decoding=\"async\" width=\"10\" height=\"21\" class=\"wp-image-3656\" style=\"width: 10px;\" src=\"http:\/\/kommentatorenblog.de\/wp-content\/uploads\/2020\/09\/shure-55sh-ii-e1601485394796.jpg\" alt=\"\" srcset=\"http:\/\/kommentatorenblog.de\/wp-content\/uploads\/2020\/09\/shure-55sh-ii-e1601485394796.jpg 415w, http:\/\/kommentatorenblog.de\/wp-content\/uploads\/2020\/09\/shure-55sh-ii-e1601485394796-142x300.jpg 142w\" sizes=\"auto, (max-width: 10px) 100vw, 10px\" \/> RTL+: Michael Born (Einzelspiel), J\u00fcrgen Schmitz (Konferenz)<br>Field-Reporter: Thomas Wagner und Jonas Gerdes <br>Moderation NITRO: <s>Laura Papendick<\/s> Florian K\u00f6nig, Experte: Lothar Matth\u00e4us<\/p>\n\n\n\n<p><span style=\"text-decoration: underline;\">ab 20.30 Uhr (RTL+)<\/span><\/p>\n\n\n\n<p><strong><em>AS Rom \u2013 Eintracht Frankfurt (21.00 Uhr)<\/em><\/strong><br><img loading=\"lazy\" decoding=\"async\" width=\"10\" height=\"21\" class=\"wp-image-3656\" style=\"width: 10px;\" src=\"http:\/\/kommentatorenblog.de\/wp-content\/uploads\/2020\/09\/shure-55sh-ii-e1601485394796.jpg\" alt=\"\" srcset=\"http:\/\/kommentatorenblog.de\/wp-content\/uploads\/2020\/09\/shure-55sh-ii-e1601485394796.jpg 415w, http:\/\/kommentatorenblog.de\/wp-content\/uploads\/2020\/09\/shure-55sh-ii-e1601485394796-142x300.jpg 142w\" sizes=\"auto, (max-width: 10px) 100vw, 10px\" \/> Cornelius K\u00fcpper, Experte: Nils Petersen (Einzelspiel), Christian Stra\u00dfburger (Konferenz)<br><img loading=\"lazy\" decoding=\"async\" width=\"10\" height=\"21\" class=\"wp-image-3656\" style=\"width: 10px;\" src=\"http:\/\/kommentatorenblog.de\/wp-content\/uploads\/2020\/09\/shure-55sh-ii-e1601485394796.jpg\" alt=\"\" srcset=\"http:\/\/kommentatorenblog.de\/wp-content\/uploads\/2020\/09\/shure-55sh-ii-e1601485394796.jpg 415w, http:\/\/kommentatorenblog.de\/wp-content\/uploads\/2020\/09\/shure-55sh-ii-e1601485394796-142x300.jpg 142w\" sizes=\"auto, (max-width: 10px) 100vw, 10px\" \/> IBES x Eintracht &#8211; die Dschungel-Fu\u00dfball-Konferenz: Robby Hunke und Ansgar Brinkmann <br>Field-Reporter: Christoph K\u00fcppers <\/p>\n\n\n\n<p><em><strong>Ajax Amsterdam \u2013 Galatasaray Istanbul (21.00 Uhr)<\/strong><\/em><br><img loading=\"lazy\" decoding=\"async\" width=\"10\" height=\"21\" class=\"wp-image-3656\" style=\"width: 10px;\" src=\"http:\/\/kommentatorenblog.de\/wp-content\/uploads\/2020\/09\/shure-55sh-ii-e1601485394796.jpg\" alt=\"\" srcset=\"http:\/\/kommentatorenblog.de\/wp-content\/uploads\/2020\/09\/shure-55sh-ii-e1601485394796.jpg 415w, http:\/\/kommentatorenblog.de\/wp-content\/uploads\/2020\/09\/shure-55sh-ii-e1601485394796-142x300.jpg 142w\" sizes=\"auto, (max-width: 10px) 100vw, 10px\" \/> Rene Langhoff (Einzelspiel), Philip Konrad (Konferenz)<\/p>\n\n\n\n<p><em><strong>FC Midtjylland \u2013 Fenerbahce Istanbul (21.00 Uhr)<\/strong><\/em><br><img loading=\"lazy\" decoding=\"async\" width=\"10\" height=\"21\" class=\"wp-image-3656\" style=\"width: 10px;\" src=\"http:\/\/kommentatorenblog.de\/wp-content\/uploads\/2020\/09\/shure-55sh-ii-e1601485394796.jpg\" alt=\"\" srcset=\"http:\/\/kommentatorenblog.de\/wp-content\/uploads\/2020\/09\/shure-55sh-ii-e1601485394796.jpg 415w, http:\/\/kommentatorenblog.de\/wp-content\/uploads\/2020\/09\/shure-55sh-ii-e1601485394796-142x300.jpg 142w\" sizes=\"auto, (max-width: 10px) 100vw, 10px\" \/> Alexander K\u00fcpper (Einzelspiel), Peter Reichert (Konferenz)<\/p>\n\n\n\n<p><em><strong>Twente Enschede \u2013 Besiktas Istanbul (21.00 Uhr)<\/strong><\/em><br><img loading=\"lazy\" decoding=\"async\" width=\"10\" height=\"21\" class=\"wp-image-3656\" style=\"width: 10px;\" src=\"http:\/\/kommentatorenblog.de\/wp-content\/uploads\/2020\/09\/shure-55sh-ii-e1601485394796.jpg\" alt=\"\" srcset=\"http:\/\/kommentatorenblog.de\/wp-content\/uploads\/2020\/09\/shure-55sh-ii-e1601485394796.jpg 415w, http:\/\/kommentatorenblog.de\/wp-content\/uploads\/2020\/09\/shure-55sh-ii-e1601485394796-142x300.jpg 142w\" sizes=\"auto, (max-width: 10px) 100vw, 10px\" \/> Oliver Seidler (Einzelspiel), Julian Engelhard (Konferenz)<\/p>\n\n\n\n<p><em><strong>Tottenham Hotspur \u2013 IF Elfsborg (21.00 Uhr)<\/strong><\/em><br><img loading=\"lazy\" decoding=\"async\" width=\"10\" height=\"21\" class=\"wp-image-3656\" style=\"width: 10px;\" src=\"http:\/\/kommentatorenblog.de\/wp-content\/uploads\/2020\/09\/shure-55sh-ii-e1601485394796.jpg\" alt=\"\" srcset=\"http:\/\/kommentatorenblog.de\/wp-content\/uploads\/2020\/09\/shure-55sh-ii-e1601485394796.jpg 415w, http:\/\/kommentatorenblog.de\/wp-content\/uploads\/2020\/09\/shure-55sh-ii-e1601485394796-142x300.jpg 142w\" sizes=\"auto, (max-width: 10px) 100vw, 10px\" \/> <s>Alexander Klich<\/s> Florian von Stackelberg (Einzelspiel)<\/p>\n\n\n\n<p><em><strong> SC Braga \u2013 Lazio Rom (21.00 Uhr)<\/strong><\/em><br><img loading=\"lazy\" decoding=\"async\" width=\"10\" height=\"21\" class=\"wp-image-3656\" style=\"width: 10px;\" src=\"http:\/\/kommentatorenblog.de\/wp-content\/uploads\/2020\/09\/shure-55sh-ii-e1601485394796.jpg\" alt=\"\" srcset=\"http:\/\/kommentatorenblog.de\/wp-content\/uploads\/2020\/09\/shure-55sh-ii-e1601485394796.jpg 415w, http:\/\/kommentatorenblog.de\/wp-content\/uploads\/2020\/09\/shure-55sh-ii-e1601485394796-142x300.jpg 142w\" sizes=\"auto, (max-width: 10px) 100vw, 10px\" \/> Stefan Galler (Einzelspiel)<\/p>\n\n\n\n<p><em><strong>Glasgow Rangers \u2013 Union Saint-Gilloise (21.00 Uhr)<\/strong><\/em><br><img loading=\"lazy\" decoding=\"async\" width=\"10\" height=\"21\" class=\"wp-image-3656\" style=\"width: 10px;\" src=\"http:\/\/kommentatorenblog.de\/wp-content\/uploads\/2020\/09\/shure-55sh-ii-e1601485394796.jpg\" alt=\"\" srcset=\"http:\/\/kommentatorenblog.de\/wp-content\/uploads\/2020\/09\/shure-55sh-ii-e1601485394796.jpg 415w, http:\/\/kommentatorenblog.de\/wp-content\/uploads\/2020\/09\/shure-55sh-ii-e1601485394796-142x300.jpg 142w\" sizes=\"auto, (max-width: 10px) 100vw, 10px\" \/> Tim Hemmrich (Einzelspiel)<\/p>\n\n\n\n<p><em><strong>Athletic Bilbao \u2013 FC Viktoria Pilsen (21.00 Uhr)<\/strong><\/em><br><img loading=\"lazy\" decoding=\"async\" width=\"10\" height=\"21\" class=\"wp-image-3656\" style=\"width: 10px;\" src=\"http:\/\/kommentatorenblog.de\/wp-content\/uploads\/2020\/09\/shure-55sh-ii-e1601485394796.jpg\" alt=\"\" srcset=\"http:\/\/kommentatorenblog.de\/wp-content\/uploads\/2020\/09\/shure-55sh-ii-e1601485394796.jpg 415w, http:\/\/kommentatorenblog.de\/wp-content\/uploads\/2020\/09\/shure-55sh-ii-e1601485394796-142x300.jpg 142w\" sizes=\"auto, (max-width: 10px) 100vw, 10px\" \/> Frederick Schulz (Einzelspiel)<\/p>\n\n\n\n<p><span style=\"text-decoration: underline;\">ab 20.30 Uhr (RTL+) bzw. ab 20.50 Uhr (Sky)<\/span><\/p>\n\n\n\n<p><em><strong>FCSB Bukarest \u2013 Manchester United (21.00 Uhr)<\/strong><\/em><br><img loading=\"lazy\" decoding=\"async\" width=\"10\" height=\"21\" class=\"wp-image-3656\" style=\"width: 10px;\" src=\"http:\/\/kommentatorenblog.de\/wp-content\/uploads\/2020\/09\/shure-55sh-ii-e1601485394796.jpg\" alt=\"\" srcset=\"http:\/\/kommentatorenblog.de\/wp-content\/uploads\/2020\/09\/shure-55sh-ii-e1601485394796.jpg 415w, http:\/\/kommentatorenblog.de\/wp-content\/uploads\/2020\/09\/shure-55sh-ii-e1601485394796-142x300.jpg 142w\" sizes=\"auto, (max-width: 10px) 100vw, 10px\" \/> RTL+\/Sky: Christoph Stadtler (Einzelspiel)<br><img loading=\"lazy\" decoding=\"async\" width=\"10\" height=\"21\" class=\"wp-image-3656\" style=\"width: 10px;\" src=\"http:\/\/kommentatorenblog.de\/wp-content\/uploads\/2020\/09\/shure-55sh-ii-e1601485394796.jpg\" alt=\"\" srcset=\"http:\/\/kommentatorenblog.de\/wp-content\/uploads\/2020\/09\/shure-55sh-ii-e1601485394796.jpg 415w, http:\/\/kommentatorenblog.de\/wp-content\/uploads\/2020\/09\/shure-55sh-ii-e1601485394796-142x300.jpg 142w\" sizes=\"auto, (max-width: 10px) 100vw, 10px\" \/> RTL+: Stefan Fuckert (Konferenz)<\/p>\n\n\n\n<p>Moderation (Matchdayshow): Anna Kraft, Experten: Patrick Helmes und Nils Petersen<br>Community Host: Julius Fellermann <\/p>\n\n\n\n<hr class=\"wp-block-separator has-alpha-channel-opacity\"\/>\n\n\n\n<p><strong>Liga Profesional, 2. Spieltag (Sportdigital)<\/strong><\/p>\n\n\n\n<p><span style=\"text-decoration: underline;\">Mittwoch, 29. Januar 2025<\/span><\/p>\n\n\n\n<p><em><strong>CA Union Santa Fe \u2013 Boca Juniors (23.15 Uhr)<\/strong><\/em><br><img loading=\"lazy\" decoding=\"async\" width=\"10\" height=\"21\" class=\"wp-image-3656\" style=\"width: 10px;\" src=\"http:\/\/kommentatorenblog.de\/wp-content\/uploads\/2020\/09\/shure-55sh-ii-e1601485394796.jpg\" alt=\"\" srcset=\"http:\/\/kommentatorenblog.de\/wp-content\/uploads\/2020\/09\/shure-55sh-ii-e1601485394796.jpg 415w, http:\/\/kommentatorenblog.de\/wp-content\/uploads\/2020\/09\/shure-55sh-ii-e1601485394796-142x300.jpg 142w\" sizes=\"auto, (max-width: 10px) 100vw, 10px\" \/> Christian Blunck <\/p>\n\n\n\n<p><span style=\"text-decoration: underline;\">Donnerstag, 30. Januar 2025<\/span><\/p>\n\n\n\n<p><em><strong>CA River Plate \u2013 Instituto AC Cordoba (01.30 Uhr)<\/strong><\/em><br><img loading=\"lazy\" decoding=\"async\" width=\"10\" height=\"21\" class=\"wp-image-3656\" style=\"width: 10px;\" src=\"http:\/\/kommentatorenblog.de\/wp-content\/uploads\/2020\/09\/shure-55sh-ii-e1601485394796.jpg\" alt=\"\" srcset=\"http:\/\/kommentatorenblog.de\/wp-content\/uploads\/2020\/09\/shure-55sh-ii-e1601485394796.jpg 415w, http:\/\/kommentatorenblog.de\/wp-content\/uploads\/2020\/09\/shure-55sh-ii-e1601485394796-142x300.jpg 142w\" sizes=\"auto, (max-width: 10px) 100vw, 10px\" \/> Karsten Linke <\/p>\n\n\n\n<hr class=\"wp-block-separator has-alpha-channel-opacity\"\/>\n\n\n\n<p><strong>Saudi Pro League, 18. Spieltag (Sportdigital)<\/strong><\/p>\n\n\n\n<p><span style=\"text-decoration: underline;\">Donnerstag, 30. Januar 2025<\/span><\/p>\n\n\n\n<p><em><strong>Al-Raed \u2013 Al-Nassr (18.00 Uhr)<\/strong><\/em><br><img loading=\"lazy\" decoding=\"async\" width=\"10\" height=\"21\" class=\"wp-image-3656\" style=\"width: 10px;\" src=\"http:\/\/kommentatorenblog.de\/wp-content\/uploads\/2020\/09\/shure-55sh-ii-e1601485394796.jpg\" alt=\"\" srcset=\"http:\/\/kommentatorenblog.de\/wp-content\/uploads\/2020\/09\/shure-55sh-ii-e1601485394796.jpg 415w, http:\/\/kommentatorenblog.de\/wp-content\/uploads\/2020\/09\/shure-55sh-ii-e1601485394796-142x300.jpg 142w\" sizes=\"auto, (max-width: 10px) 100vw, 10px\" \/> Jakob Vogel<\/p>\n\n\n\n<hr class=\"wp-block-separator has-alpha-channel-opacity\"\/>\n\n\n\n<p><strong>Regionalliga Nordost, 19. Spieltag, Nachholspiel (MZ.de)<\/strong><\/p>\n\n\n\n<p><span style=\"text-decoration: underline;\">Dienstag, 28. Januar 2025, ab 18.45 Uhr<\/span><\/p>\n\n\n\n<p><strong><em>VFC Plauen &#8211; Hallescher FC (<s>19.00<\/s> 19.10 Uhr)<\/em><\/strong><br><img loading=\"lazy\" decoding=\"async\" width=\"10\" height=\"21\" class=\"wp-image-3656\" style=\"width: 10px;\" src=\"http:\/\/kommentatorenblog.de\/wp-content\/uploads\/2020\/09\/shure-55sh-ii-e1601485394796.jpg\" alt=\"\" srcset=\"http:\/\/kommentatorenblog.de\/wp-content\/uploads\/2020\/09\/shure-55sh-ii-e1601485394796.jpg 415w, http:\/\/kommentatorenblog.de\/wp-content\/uploads\/2020\/09\/shure-55sh-ii-e1601485394796-142x300.jpg 142w\" sizes=\"auto, (max-width: 10px) 100vw, 10px\" \/> Christian R\u00fcdiger<\/p>\n\n\n\n<hr class=\"wp-block-separator has-alpha-channel-opacity\"\/>\n\n\n\n<p><strong>Die Analyse: <\/strong><\/p>\n\n\n\n<hr class=\"wp-block-separator has-alpha-channel-opacity\"\/>\n\n\n\n<p><strong>Richtig was los bei DAZN! <\/strong><\/p>\n\n\n\n<p>DAZN verspricht ein intensives Wormup f\u00fcr alle Fans ab 19.30 Uhr. Laura Wontorra wird zusammen mit Tobias Schweinsteiger und Michael Ballack durch den Abend f\u00fchren. Das Ganze spielt sich in Ismaning vor einer 120 Quadratmeter gro\u00dfen LED Wand ab. Insgesamt sind mit KommentatorInnen und FielderInnen 50 Personen on air. <\/p>\n\n\n\n<p>Uli Hebel und Seb Knei\u00dfl begleiten die Bayern bei dem Versuch, sich direkt zu qualifizieren. Sowohl sie als auch Benni Zander werden dabei Stadionluft schnuppern d\u00fcrfen. Ebenso wie Marco Hagemann, Sascha Bigalke und Christina Rann, die im Westfalenstadion beobachten, ob gegen Donezk ein Aufwertstrend des BVB zu erkennen ist. Michael Born darf auch endlich mal wieder ins Stadion. Seit seinem Wechsel von Sky zu DAZN war er ja zu Beginn \u00f6fter in den Bundesligastadien zu Gast, zuletzt allerdings \u00fcberwiegend in der Box f\u00fcr LaLIGA und Konferenz im Einsatz. Er und Benny Lauth schauen dem deutschen Meister \u00fcber die Schulter, Ann-Sophie Kimmel sammelt die Stimmen. <\/p>\n\n\n\n<p>Mit Jan Platte und Sami Khediri begr\u00fc\u00dft uns ein eingespieltes Team vom, zumindest aus deutscher Sicht, wohl spannensten Spielort in Stuttgart. Daniel Herzi Herzog berichtet vom Spielfeldrand. <\/p>\n\n\n\n<p>Zu Sturm Graz, die ihre Heimspiele in Klagenfurt im W\u00f6rterseestadion austragen, schickt man lediglich Tobi Wahnschaffe als Reporter. Stimmlich wird der Champions League Abschied von Graz und Leipzig im Einzelspiel von Uwe Morawe begleitet. <\/p>\n\n\n\n<p>In der gleichen Reihenfolge \u00fcbernehmen Freddy Harder, Lukas Sch\u00f6nm\u00fcller, Max Siebald, Mario Rieker und Chris Putz die Spiele mit deutscher Beteiligung in der XXL Konferenz. <\/p>\n\n\n\n<p>Carsten Fu\u00df ist nicht \u00fcberraschend in einem Einzelspiel von Bergamo zu h\u00f6ren, Barca ist ja bereits durch. Oliver Forsters markante Stimme begleitet dieses Spiel in der Konferenz. <\/p>\n\n\n\n<p>Ansonsten geht der Blick bei dieser Megakonferenz nat\u00fcrlich zu den Namen, die wir nie oder schon sehr lange nicht mehr explizit geh\u00f6rt haben. Da w\u00e4re zun\u00e4chst Manuel Angstenberger, er kommentiert YB vs. RS. Seinen letzten Kommentatoreneinsatz bei DAZN hatte er am 30.10.2024. Bei Ruben Zimmermann, den wir im Einzelspiel Girona \u2013 Arsenal h\u00f6ren, ist es sogar der erste Einsatz seit dem 11.05.2024.<\/p>\n\n\n\n<p>Lukas Flottmeyer war ja bereits in einem der letzten Beitr\u00e4ge Thema in den Kommentaren, auch er ist nat\u00fcrlich bei diesem Gro\u00dfeinsatz dabei und kommentiert Zagreb \u2013 Milan im Einzel, Christoph Stadtler ist der erfahrene Gegenpart in der Konferenz. <\/p>\n\n\n\n<p>Das Spiel zwischen den \u00fcberraschen starken Franzosen aus Brest und Real Madrid wird von Kai Goerke kommentiert, der d\u00fcrfte vor allem den NFL-Fans bei DAZN etwas sagen, dort kommentierte er bereits in der ENDZN. Im Fu\u00dfball war er bisher, anders als Patrick Gerspacher, noch nicht dabei. Besagter Gerspacher begleitet die AS Monaco gegen Inter Mailand. Er ist auch eine Stimme der NFL auf DAZN, ist allerdings auch h\u00e4ufig bei den Bundesligazusammenfassungen von DAZN zu h\u00f6ren. Im Fu\u00dfball waren beide schon als Kommentatoren t\u00e4tig, Goerke in der Regionalliga bei Sporttotal und Gerspacher beim ehemaligen Sender SPORT1+. Dar\u00fcber hinaus arbeiten sie beide auch f\u00fcr SPORT1 als Redakteure. An dieser Stelle Shoutout an Karl, der die Hintergrundinfos zu den beiden geteilt hat!<\/p>\n\n\n\n<p>Jan-Lucas Krenzer kennen aufmerksame H\u00f6rerInnen von der Youth League und Testspielen, genauso wie auch Michael Brandes und Korbinian Rundel.<\/p>\n\n\n\n<p><strong>Fokus auf Istanbul:<\/strong><\/p>\n\n\n\n<p>Bei RTL+ liegt der Fokus ganz klar auf den 3 Topclubs aus der t\u00fcrkischen Metropole. Die Konferenz wartet mit Galatasaray, Fenerbahce und Besiktas auf, erg\u00e4nzt durch die beiden Spiele mit deutscher Beteiligung und Bukarest vs. Manchester. Hier gibt es, wie erwartet, keine 18er-Konferenz zu sehen. RTL+ bleibt sich treu und setzt viele Kommentatoren bei wenigen Spielen ein. Da RTL im Januar sowieso ganz im Zeichen der Dschungelshow steht, hat man sich auch bei der Fu\u00dfball\u00fcbertragung etwas einfallen lassen. Robby Hunke und Ansgar Brinkmann, letzterer 2018 selbst im Dschungelcamp, kommentieren eine Splitscreen-Konferenz. Auf der einen Seite die Eintracht in Rom, auf der anderen Seite die Live-Show aus dem australischen Busch. Ob da Fu\u00dfballstimmung aufkommt?<\/p>\n\n\n\n<p>Ansonsten fehlen die \u00fcblichen Verd\u00e4chtigen von Stackelberg und Veltman in den Ansetzungen, eventuell werden diese f\u00fcr Sky Austria im Einsatz sein. Altbekannte Stimmen wie Seidler, Langhoff, K\u00fcpper und Galler sind aber dabei. Jonas Gerdes und Thomas Wagner reisen f\u00fcr NITRO nach Anderlecht, Christoph K\u00fcppers macht sich in Rom ein Bild vor Ort.<\/p>\n\n\n\n<p>In diesem Sinne, viel Spa\u00df mit den Konferenzen und Einzelspielen! <\/p>\n","protected":false},"excerpt":{"rendered":"<p>N&#8217;Abend allerseits! Der letzte Spieltag der Champions League steht ganz klar unter dem Vorzeichen der gr\u00f6\u00dften Konferenz aller Zeiten. Da ja bekanntlich alle 18 Spiele am Mittwoch parallel ausgetragen werden hei\u00dft das f\u00fcr DAZN dementsprechend auch, dass man alle Spiele sowohl einzeln als auch in der Konferenz anbieten wird. DAZN selbst bezeichnet diesen Mittwoch als [&hellip;]<\/p>\n","protected":false},"author":13,"featured_media":0,"comment_status":"open","ping_status":"open","sticky":false,"template":"","format":"standard","meta":{"footnotes":""},"categories":[425],"tags":[598,949,163,404,517,689,21,166,131,499,57,1066,35,657,668,171,614,212,165,13,695,132,148,703,331,295,405,48,1216,103,647,315,1094,86,1282,59,962,75,44,31,1281,205,834,276,43,243,223,283,279,500,114,742,191,1236,41,183,113,1041,1006,903,1081,690,874,162,656,301,732,361,222,696,22,52,394,154,620,33,854,152,1283,252,200,105,149],"class_list":["post-20412","post","type-post","status-publish","format-standard","hentry","category-champions-league-und-co","tag-adrian-geiler","tag-alexander-klich-2","tag-alexander-kuepper","tag-ann-sophie-kimmel","tag-anna-kraft","tag-ansgar-brinkmann","tag-benni-zander","tag-benny-lauth","tag-carsten-fuss","tag-chris-putz","tag-christian-blunck","tag-christian-ruediger","tag-christian-strassburger","tag-christina-rann","tag-christoph-kueppers","tag-christoph-stadtler","tag-cornelius-kuepper","tag-daniel-herzog","tag-david-ploch","tag-dazn","tag-felix-kroos","tag-flo-hauser","tag-florian-koenig","tag-florian-von-stackelberg","tag-freddie-schulz","tag-freddy-harder","tag-jakob-vogel","tag-jan-platte","tag-jan-lucas-krenzer","tag-jogi-hebel","tag-jonas-gerdes","tag-julian-engelhard","tag-julius-fellermann","tag-juergen-schmitz","tag-kai-goerke","tag-karsten-linke","tag-korbinian-rundel","tag-laura-papendick","tag-laura-wontorra","tag-lothar-matthaeus","tag-lukas-flottmeyer","tag-lukas-schoenmueller","tag-manuel-angstenberger","tag-marcel-seufert","tag-marco-hagemann","tag-mario-rieker","tag-matthias-naebers","tag-max-gross","tag-max-siebald","tag-michael-ballack","tag-michael-born","tag-michael-brandes","tag-nico-seepe","tag-nils-petersen","tag-nitro","tag-oliver-forster","tag-oliver-seidler","tag-ostsport-tv","tag-patrick-gerspacher","tag-patrick-helmes","tag-peter-reichert","tag-philip-konrad","tag-rene-langhoff","tag-robby-hunke","tag-rtl-2","tag-ruben-zimmermann","tag-sami-khedira","tag-sascha-bigalke","tag-sebastian-kneissl","tag-simon-sterzer","tag-sky","tag-sportdigital","tag-stefan-fuckert","tag-stefan-galler","tag-stephanie-baczyk","tag-thomas-wagner","tag-tim-hemmrich","tag-tobi-fischbeck","tag-tobi-schweinsteiger","tag-tobi-wahnschaffe","tag-tom-kirsten","tag-uli-hebel","tag-uwe-morawe"],"_links":{"self":[{"href":"http:\/\/kommentatorenblog.de\/index.php?rest_route=\/wp\/v2\/posts\/20412","targetHints":{"allow":["GET"]}}],"collection":[{"href":"http:\/\/kommentatorenblog.de\/index.php?rest_route=\/wp\/v2\/posts"}],"about":[{"href":"http:\/\/kommentatorenblog.de\/index.php?rest_route=\/wp\/v2\/types\/post"}],"author":[{"embeddable":true,"href":"http:\/\/kommentatorenblog.de\/index.php?rest_route=\/wp\/v2\/users\/13"}],"replies":[{"embeddable":true,"href":"http:\/\/kommentatorenblog.de\/index.php?rest_route=%2Fwp%2Fv2%2Fcomments&post=20412"}],"version-history":[{"count":34,"href":"http:\/\/kommentatorenblog.de\/index.php?rest_route=\/wp\/v2\/posts\/20412\/revisions"}],"predecessor-version":[{"id":20470,"href":"http:\/\/kommentatorenblog.de\/index.php?rest_route=\/wp\/v2\/posts\/20412\/revisions\/20470"}],"wp:attachment":[{"href":"http:\/\/kommentatorenblog.de\/index.php?rest_route=%2Fwp%2Fv2%2Fmedia&parent=20412"}],"wp:term":[{"taxonomy":"category","embeddable":true,"href":"http:\/\/kommentatorenblog.de\/index.php?rest_route=%2Fwp%2Fv2%2Fcategories&post=20412"},{"taxonomy":"post_tag","embeddable":true,"href":"http:\/\/kommentatorenblog.de\/index.php?rest_route=%2Fwp%2Fv2%2Ftags&post=20412"}],"curies":[{"name":"wp","href":"https:\/\/api.w.org\/{rel}","templated":true}]}}