{"id":20456,"date":"2025-02-03T15:23:15","date_gmt":"2025-02-03T14:23:15","guid":{"rendered":"http:\/\/kommentatorenblog.de\/?p=20456"},"modified":"2025-02-05T01:14:37","modified_gmt":"2025-02-05T00:14:37","slug":"1484-ueberall-pokal","status":"publish","type":"post","link":"http:\/\/kommentatorenblog.de\/?p=20456","title":{"rendered":"1484 &#8211; \u00dcberall Pokal"},"content":{"rendered":"\n<p>Hallo zusammen, <\/p>\n\n\n\n<p>zum ersten Beitrag im Februar, in dem einiges anstehen wird: unter anderem die Viertelfinals im DFB-Pokal, der Start der K.O.-Phase in der Champions League, die Alpine Ski WM und die Nordische Ski WM sowie zwischen den beiden Weltmeisterschaften die Bundestagswahl am 23.02 (nutzt eure M\u00f6glichkeit w\u00e4hlen zu gehen, vor Ort oder per Briefwahl).<\/p>\n\n\n\n<p>Gerne h\u00e4tte ich euch an dieser Stelle die genauen Pakete f\u00fcr die TV-Rechte im DFB-Pokal vorgestellt,<s> leider liegen uns aber keine konkreten Informationen vor<\/s><br><strong>UPDATE <\/strong>an dieser Stelle: die genaue Paketstruktur befindet sich noch in der Planung und wird bald von Seiten des DFBs ver\u00f6ffentlicht.<\/p>\n\n\n\n<p>Die Vergabe der TV-Rechte im DFB-Pokal (ab der Saison 2026\/27) findet zwischen dem 05. und 09. Mai 2025 statt. Dabei werden sowohl die Rechte f\u00fcr die M\u00e4nner und die Frauen, getrennt, vergeben.<\/p>\n\n\n\n<p>Bei den M\u00e4nnern k\u00f6nnten die Pakete \u00e4hnlich zu den vergangen sein (<a href=\"https:\/\/www.dfb.de\/fileadmin\/_dfbdam\/237779-%C3%9Cberblick_Ausschreibung_audiovisuelle_Medienrechte__DFB-Pokal_22-26.pdf\">Ausschreibung audiovisuelle Medienrechte<\/a>). Bekannt ist, dass es mindestens neun und maximal 15 Spiele frei-empfangbar geben wird, dazu umfangreiche Highlight-Rechte. Beim DFB-Pokal der Frauen wird es laut Pressemitteilung des DFBs &#8222;mindestens zwei Livetopspielen pro Runde und einer unbegrenzten Anzahl an Highlightpaketen&#8220; geben. Ob die Livetopspiele dabei in verschiedenen Paketen und sowohl f\u00fcr Free- und Pay-TV gedacht sind, geht aus der Pressemitteilung nicht hervor.<\/p>\n\n\n\n<p>Bisher liegen die Rechte sowohl bei den M\u00e4nnern als auch bei den Frauen im Pay TV bei Sky und im Free TV bei ARD und ZDF. Letztere \u00fcbertragen bisher 15 Spiele bei M\u00e4nnern live und alle Partien in Zusammenfassungen. Bei den Frauen haben ARD und ZDF das Recht auf ein Spiel pro Runde, sowie Highlights. Sky \u00fcbertr\u00e4gt bisher alle M\u00e4nner-Spiele live, bei den Frauen ausgew\u00e4hlte Partien, mehrere pro Runde. In eineinhalb Wochen zeigt man eine Konferenz aller Viertelfinalspiele. Jetzt aber erstmal in die Ansetzungen mit den ersten beiden Viertelfinals im DFB-Pokal der M\u00e4nner:<\/p>\n\n\n\n<hr class=\"wp-block-separator has-alpha-channel-opacity\"\/>\n\n\n\n<p><strong>Die Ansetzungen vom 04. Februar bis zum 06. Februar 2025<\/strong><\/p>\n\n\n\n<hr class=\"wp-block-separator has-css-opacity\"\/>\n\n\n\n<p><strong>DFB-Pokal der M\u00e4nner, Viertelfinale &#8211; Teil 1<\/strong><\/p>\n\n\n\n<p><span style=\"text-decoration: underline\">Dienstag, 04. Februar 2025, ab 20.15 Uhr (ARD\/Sky)<\/span><br><strong><em>VfB Stuttgart &#8211; FC Augsburg (20.45 Uhr)<\/em><\/strong><br><em><strong><img loading=\"lazy\" decoding=\"async\" width=\"415\" height=\"874\" class=\"wp-image-3656\" style=\"width: 10px\" src=\"http:\/\/kommentatorenblog.de\/wp-content\/uploads\/2020\/09\/shure-55sh-ii-e1601485394796.jpg\" alt=\"\" srcset=\"http:\/\/kommentatorenblog.de\/wp-content\/uploads\/2020\/09\/shure-55sh-ii-e1601485394796.jpg 415w, http:\/\/kommentatorenblog.de\/wp-content\/uploads\/2020\/09\/shure-55sh-ii-e1601485394796-142x300.jpg 142w\" sizes=\"auto, (max-width: 415px) 100vw, 415px\" \/><\/strong><\/em> Sky: Kai Dittmann<br>Moderation (Sky): Britta Hofmann, Gast: Timo Hildebrand<br>Field-Reporter: Yannick Erkenbrecher<\/p>\n\n\n\n<p><em><strong><img loading=\"lazy\" decoding=\"async\" width=\"415\" height=\"874\" class=\"wp-image-3656\" style=\"width: 10px\" src=\"http:\/\/kommentatorenblog.de\/wp-content\/uploads\/2020\/09\/shure-55sh-ii-e1601485394796.jpg\" alt=\"\" srcset=\"http:\/\/kommentatorenblog.de\/wp-content\/uploads\/2020\/09\/shure-55sh-ii-e1601485394796.jpg 415w, http:\/\/kommentatorenblog.de\/wp-content\/uploads\/2020\/09\/shure-55sh-ii-e1601485394796-142x300.jpg 142w\" sizes=\"auto, (max-width: 415px) 100vw, 415px\" \/><\/strong><\/em> ARD: Philipp Sohmer<br>Moderation (ARD): Esther Sedlaczek, Experte: Bastian Schweinsteiger;<br>Field-Reporterin: Lea Wagner<\/p>\n\n\n\n<p><span style=\"text-decoration: underline\">Mittwoch, 05. Februar 2025, ab 20.15 Uhr (ARD\/Sky)<\/span><br><strong><em>Bayer 04 Leverkusen &#8211; 1.FC K\u00f6ln  (20.45 Uhr)<\/em><\/strong><br><em><strong><img loading=\"lazy\" decoding=\"async\" width=\"415\" height=\"874\" class=\"wp-image-3656\" style=\"width: 10px\" src=\"http:\/\/kommentatorenblog.de\/wp-content\/uploads\/2020\/09\/shure-55sh-ii-e1601485394796.jpg\" alt=\"\" srcset=\"http:\/\/kommentatorenblog.de\/wp-content\/uploads\/2020\/09\/shure-55sh-ii-e1601485394796.jpg 415w, http:\/\/kommentatorenblog.de\/wp-content\/uploads\/2020\/09\/shure-55sh-ii-e1601485394796-142x300.jpg 142w\" sizes=\"auto, (max-width: 415px) 100vw, 415px\" \/><\/strong><\/em> Sky: Wolff Fuss<br>Moderation (Sky): Michael Leopold, Gast: Patrick Helmes<br>Field-Reporter: Patrick Wasserziehr<\/p>\n\n\n\n<p><em><strong><img loading=\"lazy\" decoding=\"async\" width=\"415\" height=\"874\" class=\"wp-image-3656\" style=\"width: 10px\" src=\"http:\/\/kommentatorenblog.de\/wp-content\/uploads\/2020\/09\/shure-55sh-ii-e1601485394796.jpg\" alt=\"\" srcset=\"http:\/\/kommentatorenblog.de\/wp-content\/uploads\/2020\/09\/shure-55sh-ii-e1601485394796.jpg 415w, http:\/\/kommentatorenblog.de\/wp-content\/uploads\/2020\/09\/shure-55sh-ii-e1601485394796-142x300.jpg 142w\" sizes=\"auto, (max-width: 415px) 100vw, 415px\" \/><\/strong><\/em> ARD: Tom Bartels<br>Moderation (ARD): Esther Sedlaczek, Experte: Bastian Schweinsteiger<br>Field-Reporter: Andreas Kramer<\/p>\n\n\n\n<hr class=\"wp-block-separator has-alpha-channel-opacity\"\/>\n\n\n\n<p><strong>Copa del Rey<\/strong> (ESP)<strong>, Viertelfinale (sportdigital Fu\u00dfball)<\/strong><\/p>\n\n\n\n<p><span style=\"text-decoration: underline;\"><span style=\"text-decoration: underline\">Dienstag, 04. Februar 2025<\/span><\/span><br><strong><em>Atletico Madrid &#8211; FC Getafe (21.30 Uhr)<\/em><\/strong><br><img loading=\"lazy\" decoding=\"async\" width=\"415\" height=\"874\" class=\"wp-image-3656\" style=\"width: 10px\" src=\"http:\/\/kommentatorenblog.de\/wp-content\/uploads\/2020\/09\/shure-55sh-ii-e1601485394796.jpg\" alt=\"\" srcset=\"http:\/\/kommentatorenblog.de\/wp-content\/uploads\/2020\/09\/shure-55sh-ii-e1601485394796.jpg 415w, http:\/\/kommentatorenblog.de\/wp-content\/uploads\/2020\/09\/shure-55sh-ii-e1601485394796-142x300.jpg 142w\" sizes=\"auto, (max-width: 415px) 100vw, 415px\" \/> Christian Blunck<\/p>\n\n\n\n<p><span style=\"text-decoration: underline\">Mittwoch, 05. Februar 2025<\/span><br><strong><em>CD Leganes &#8211; Real Madrid (21.00 Uhr)<\/em><\/strong><br><img loading=\"lazy\" decoding=\"async\" width=\"415\" height=\"874\" class=\"wp-image-3656\" style=\"width: 10px\" src=\"http:\/\/kommentatorenblog.de\/wp-content\/uploads\/2020\/09\/shure-55sh-ii-e1601485394796.jpg\" alt=\"\" srcset=\"http:\/\/kommentatorenblog.de\/wp-content\/uploads\/2020\/09\/shure-55sh-ii-e1601485394796.jpg 415w, http:\/\/kommentatorenblog.de\/wp-content\/uploads\/2020\/09\/shure-55sh-ii-e1601485394796-142x300.jpg 142w\" sizes=\"auto, (max-width: 415px) 100vw, 415px\" \/> J\u00f6rg Steiger<\/p>\n\n\n\n<p><span style=\"text-decoration: underline;\"><span style=\"text-decoration: underline\">Donnerstag, 06. Februar 2025<\/span><\/span><br><strong><em>Real Sociedad &#8211; CA Osasuna (19.30 Uhr)<\/em><\/strong><br><img loading=\"lazy\" decoding=\"async\" width=\"415\" height=\"874\" class=\"wp-image-3656\" style=\"width: 10px\" src=\"http:\/\/kommentatorenblog.de\/wp-content\/uploads\/2020\/09\/shure-55sh-ii-e1601485394796.jpg\" alt=\"\" srcset=\"http:\/\/kommentatorenblog.de\/wp-content\/uploads\/2020\/09\/shure-55sh-ii-e1601485394796.jpg 415w, http:\/\/kommentatorenblog.de\/wp-content\/uploads\/2020\/09\/shure-55sh-ii-e1601485394796-142x300.jpg 142w\" sizes=\"auto, (max-width: 415px) 100vw, 415px\" \/> Karsten Linke<\/p>\n\n\n\n<p><strong><em>Valencia CF &#8211; FC Barcelona (21.30 Uhr)<\/em><\/strong><br><img loading=\"lazy\" decoding=\"async\" width=\"415\" height=\"874\" class=\"wp-image-3656\" style=\"width: 10px\" src=\"http:\/\/kommentatorenblog.de\/wp-content\/uploads\/2020\/09\/shure-55sh-ii-e1601485394796.jpg\" alt=\"\" srcset=\"http:\/\/kommentatorenblog.de\/wp-content\/uploads\/2020\/09\/shure-55sh-ii-e1601485394796.jpg 415w, http:\/\/kommentatorenblog.de\/wp-content\/uploads\/2020\/09\/shure-55sh-ii-e1601485394796-142x300.jpg 142w\" sizes=\"auto, (max-width: 415px) 100vw, 415px\" \/> Marvin Kirsch<\/p>\n\n\n\n<hr class=\"wp-block-separator has-alpha-channel-opacity\"\/>\n\n\n\n<p><strong>Coppa Italia<\/strong> (ITA)<strong>,Viertelfinale (DAZN)<\/strong><\/p>\n\n\n\n<p><span style=\"text-decoration: underline;\"><span style=\"text-decoration: underline\">Dienstag, 04. Februar 2025<\/span><\/span><br><strong><em>Atalanta Bergamo &#8211; Bologna (21.00 Uhr)<\/em><\/strong><br><img loading=\"lazy\" decoding=\"async\" width=\"415\" height=\"874\" class=\"wp-image-3656\" style=\"width: 10px\" src=\"http:\/\/kommentatorenblog.de\/wp-content\/uploads\/2020\/09\/shure-55sh-ii-e1601485394796.jpg\" alt=\"\" srcset=\"http:\/\/kommentatorenblog.de\/wp-content\/uploads\/2020\/09\/shure-55sh-ii-e1601485394796.jpg 415w, http:\/\/kommentatorenblog.de\/wp-content\/uploads\/2020\/09\/shure-55sh-ii-e1601485394796-142x300.jpg 142w\" sizes=\"auto, (max-width: 415px) 100vw, 415px\" \/> Korbinian Rundel<\/p>\n\n\n\n<p><span style=\"text-decoration: underline\">Mittwoch, 05. Februar 2025<\/span><br><strong><em>AC Mailand &#8211; AS Rom (21.00 Uhr)<\/em><\/strong><br><img loading=\"lazy\" decoding=\"async\" width=\"415\" height=\"874\" class=\"wp-image-3656\" style=\"width: 10px\" src=\"http:\/\/kommentatorenblog.de\/wp-content\/uploads\/2020\/09\/shure-55sh-ii-e1601485394796.jpg\" alt=\"\" srcset=\"http:\/\/kommentatorenblog.de\/wp-content\/uploads\/2020\/09\/shure-55sh-ii-e1601485394796.jpg 415w, http:\/\/kommentatorenblog.de\/wp-content\/uploads\/2020\/09\/shure-55sh-ii-e1601485394796-142x300.jpg 142w\" sizes=\"auto, (max-width: 415px) 100vw, 415px\" \/> Max Gross, Experte: Christian Bernhard<\/p>\n\n\n\n<hr class=\"wp-block-separator has-alpha-channel-opacity\"\/>\n\n\n\n<p><strong>Serie A <\/strong>(ITA)<strong>, 14. Spieltag, Nachholspiel (DAZN)<\/strong><\/p>\n\n\n\n<p><span style=\"text-decoration: underline\">Donnerstag, 06. Februar 2025<\/span><br><em style=\"font-weight: bold;\">AC Florenz &#8211; Inter Mailand (20.45 Uhr)<\/em> <em>(Fortsetzung ab 16. Minute)<\/em><br><img loading=\"lazy\" decoding=\"async\" width=\"415\" height=\"874\" class=\"wp-image-3656\" style=\"width: 10px\" src=\"http:\/\/kommentatorenblog.de\/wp-content\/uploads\/2020\/09\/shure-55sh-ii-e1601485394796.jpg\" alt=\"\" srcset=\"http:\/\/kommentatorenblog.de\/wp-content\/uploads\/2020\/09\/shure-55sh-ii-e1601485394796.jpg 415w, http:\/\/kommentatorenblog.de\/wp-content\/uploads\/2020\/09\/shure-55sh-ii-e1601485394796-142x300.jpg 142w\" sizes=\"auto, (max-width: 415px) 100vw, 415px\" \/> Carsten Fu\u00df<\/p>\n\n\n\n<hr class=\"wp-block-separator has-alpha-channel-opacity\"\/>\n\n\n\n<p><strong>Coupe de France <\/strong>(FRA)<strong>, Achtelfinale (Magenta Sport)<\/strong><\/p>\n\n\n\n<p><span style=\"text-decoration: underline;\">Dienstag, 04. Februar 2025, ab 21.00 Uhr<\/span><br><strong><em>Le Mans FC &#8211; Paris Saint-Germain (21.10 Uhr)<\/em><\/strong><br><img loading=\"lazy\" decoding=\"async\" width=\"415\" height=\"874\" class=\"wp-image-3656\" style=\"width: 10px\" src=\"http:\/\/kommentatorenblog.de\/wp-content\/uploads\/2020\/09\/shure-55sh-ii-e1601485394796.jpg\" alt=\"\" srcset=\"http:\/\/kommentatorenblog.de\/wp-content\/uploads\/2020\/09\/shure-55sh-ii-e1601485394796.jpg 415w, http:\/\/kommentatorenblog.de\/wp-content\/uploads\/2020\/09\/shure-55sh-ii-e1601485394796-142x300.jpg 142w\" sizes=\"auto, (max-width: 415px) 100vw, 415px\" \/> Alexander Klich<\/p>\n\n\n\n<hr class=\"wp-block-separator has-alpha-channel-opacity\"\/>\n\n\n\n<p><strong>KNVB-Beker<\/strong> (NED)<strong>, Viertelfinale (sportdigital Fu\u00dfball)<\/strong><\/p>\n\n\n\n<p><span style=\"text-decoration: underline\">Mittwoch, 05. Februar 2025<\/span><br><strong><em>PSV Eindhoven &#8211; Feyenoord Rotterdam (18.45 Uhr)<\/em><\/strong><br><img loading=\"lazy\" decoding=\"async\" width=\"415\" height=\"874\" class=\"wp-image-3656\" style=\"width: 10px\" src=\"http:\/\/kommentatorenblog.de\/wp-content\/uploads\/2020\/09\/shure-55sh-ii-e1601485394796.jpg\" alt=\"\" srcset=\"http:\/\/kommentatorenblog.de\/wp-content\/uploads\/2020\/09\/shure-55sh-ii-e1601485394796.jpg 415w, http:\/\/kommentatorenblog.de\/wp-content\/uploads\/2020\/09\/shure-55sh-ii-e1601485394796-142x300.jpg 142w\" sizes=\"auto, (max-width: 415px) 100vw, 415px\" \/> Jonathan Dreier<\/p>\n\n\n\n<hr class=\"wp-block-separator has-alpha-channel-opacity\"\/>\n\n\n\n<p><strong>Croky Cup<\/strong> (BEL)<strong>, Halbfinale, R\u00fcckspiel (sportdigital 1+)<\/strong><\/p>\n\n\n\n<p><span style=\"text-decoration: underline\">Mittwoch, 05. Februar 2025<\/span><br><strong><em>KRC Genk &#8211; FC Br\u00fcgge (20.45 Uhr)<\/em><\/strong><br><img loading=\"lazy\" decoding=\"async\" width=\"415\" height=\"874\" class=\"wp-image-3656\" style=\"width: 10px\" src=\"http:\/\/kommentatorenblog.de\/wp-content\/uploads\/2020\/09\/shure-55sh-ii-e1601485394796.jpg\" alt=\"\" srcset=\"http:\/\/kommentatorenblog.de\/wp-content\/uploads\/2020\/09\/shure-55sh-ii-e1601485394796.jpg 415w, http:\/\/kommentatorenblog.de\/wp-content\/uploads\/2020\/09\/shure-55sh-ii-e1601485394796-142x300.jpg 142w\" sizes=\"auto, (max-width: 415px) 100vw, 415px\" \/> Moritz Knorr<\/p>\n\n\n\n<p><span style=\"text-decoration: underline;\"><span style=\"text-decoration: underline\">Donnerstag, 06. Februar 2025<\/span><\/span><br><strong><em>Royal Antwerp FC &#8211; RSC Anderlecht (20.45 Uhr)<\/em><\/strong><br><img loading=\"lazy\" decoding=\"async\" width=\"415\" height=\"874\" class=\"wp-image-3656\" style=\"width: 10px\" src=\"http:\/\/kommentatorenblog.de\/wp-content\/uploads\/2020\/09\/shure-55sh-ii-e1601485394796.jpg\" alt=\"\" srcset=\"http:\/\/kommentatorenblog.de\/wp-content\/uploads\/2020\/09\/shure-55sh-ii-e1601485394796.jpg 415w, http:\/\/kommentatorenblog.de\/wp-content\/uploads\/2020\/09\/shure-55sh-ii-e1601485394796-142x300.jpg 142w\" sizes=\"auto, (max-width: 415px) 100vw, 415px\" \/> Martin Hahn<\/p>\n\n\n\n<hr class=\"wp-block-separator has-alpha-channel-opacity\"\/>\n\n\n\n<p><strong>Doppel f\u00fcr Sedlaczek &#8211; Deb\u00fct f\u00fcr Sohmer<\/strong><\/p>\n\n\n\n<p>Die ersten beiden Viertelfinals in dieser Woche (die anderen beiden gibt es in drei Wochen) werden sowohl im Ersten als auch bei Sky \u00fcbertragen. F\u00fcr Esther Sedlaczek und Bastian Schweinsteiger bedeutet dies einen Doppeleinsatz, Alexander Bommes erh\u00e4lt nach der Handball- WM eine Pause, Lea Wagner f\u00fchrt Interviews in Stuttgart. Dort feiert Philipp Sohmer sein TV-Live-Deb\u00fct im DFB-Pokal und ist nun Teil des ARD-Kommentatorenteams im Fu\u00dfball, welches nun in fester Hand des SWRs ist. Denn neben Sohmer sind auch Christina Graf und Tom Bartels Teil dieser Riege, Florian Na\u00df wohl nicht mehr. Dass Tom Bartels am Mittwoch in Leverkusen kommentieren wird, \u00fcberrascht wenig, hat er es von seinem Wohnort K\u00f6ln nicht allzu weit. Interviewer d\u00fcrfte Andreas Kramer sein, die genaue Einteilung ist uns jedoch nicht bekannt, wodurch m\u00f6glicherweise auch Nesrin Elnabolsy oder Torge Hidding ebenfalls Interviews f\u00fchren k\u00f6nnten.<\/p>\n\n\n\n<p>Bei Sky k\u00fcmmern sich Kai Dittmann am Dienstag und Wolff Fuss (der ab n\u00e4chste Saison auch bei RTL zu h\u00f6ren sein wird) am Mittwoch um die Spiele, es moderieren Britta Hofmann und Michael Leopold. Daneben stehen noch weitere Pokalwettbewerbe in anderen L\u00e4ndern an, dabei zeigt sich ein buntes Bild an \u00fcbertragenen Sendern. Den Pokalwettbewerb aus Spanien \u00fcbertr\u00e4gt sportdigital (ebenso wie die Wettbewerbe in Belgien und den Niederlanden), den italienischen Pokal gibt es bei DAZN zu sehen und den Franz\u00f6sischen bei Magenta, allerdings wohl ohne deutschen Kommentar. <strong>Update:<\/strong> Le Mans &#8211; PSG kommentiert Alexander Klich.<\/p>\n\n\n\n<p>Bis dahin allen eine sch\u00f6ne Woche, hier geht es am Donnerstag mit dem n\u00e4chsten Beitrag und den n\u00e4chsten Spieltagen und den Fu\u00dfball-Bundesligen weiter. Bis dahin allen eine sch\u00f6ne Woche.<\/p>\n","protected":false},"excerpt":{"rendered":"<p>Hallo zusammen, zum ersten Beitrag im Februar, in dem einiges anstehen wird: unter anderem die Viertelfinals im DFB-Pokal, der Start der K.O.-Phase in der Champions League, die Alpine Ski WM und die Nordische Ski WM sowie zwischen den beiden Weltmeisterschaften die Bundestagswahl am 23.02 (nutzt eure M\u00f6glichkeit w\u00e4hlen zu gehen, vor Ort oder per Briefwahl). [&hellip;]<\/p>\n","protected":false},"author":10,"featured_media":0,"comment_status":"open","ping_status":"open","sticky":false,"template":"","format":"standard","meta":{"footnotes":""},"categories":[504],"tags":[949,771,19,355,73,131,164,57,13,97,507,58,93,59,962,909,9,649,581,283,88,715,903,94,766,134,1294,273,107,196],"class_list":["post-20456","post","type-post","status-publish","format-standard","hentry","category-dfb-pokal-co","tag-alexander-klich-2","tag-andreas-kramer","tag-ard","tag-bastian-schweinsteiger","tag-britta-hofmann","tag-carsten-fuss","tag-christian-bernhard","tag-christian-blunck","tag-dazn","tag-esther-sedlaczek","tag-jonathan-dreier","tag-joerg-steiger","tag-kai-dittmann","tag-karsten-linke","tag-korbinian-rundel","tag-lea-wagner","tag-magenta-sport","tag-martin-hahn","tag-marvin-kirsch","tag-max-gross","tag-michael-leopold","tag-moritz-knorr","tag-patrick-helmes","tag-patrick-wasserziehr","tag-philipp-sohmer","tag-sportdigital-fussball","tag-timo-hildebrand","tag-tom-bartels","tag-wolff-fuss","tag-yannick-erkenbrecher"],"_links":{"self":[{"href":"http:\/\/kommentatorenblog.de\/index.php?rest_route=\/wp\/v2\/posts\/20456","targetHints":{"allow":["GET"]}}],"collection":[{"href":"http:\/\/kommentatorenblog.de\/index.php?rest_route=\/wp\/v2\/posts"}],"about":[{"href":"http:\/\/kommentatorenblog.de\/index.php?rest_route=\/wp\/v2\/types\/post"}],"author":[{"embeddable":true,"href":"http:\/\/kommentatorenblog.de\/index.php?rest_route=\/wp\/v2\/users\/10"}],"replies":[{"embeddable":true,"href":"http:\/\/kommentatorenblog.de\/index.php?rest_route=%2Fwp%2Fv2%2Fcomments&post=20456"}],"version-history":[{"count":26,"href":"http:\/\/kommentatorenblog.de\/index.php?rest_route=\/wp\/v2\/posts\/20456\/revisions"}],"predecessor-version":[{"id":20533,"href":"http:\/\/kommentatorenblog.de\/index.php?rest_route=\/wp\/v2\/posts\/20456\/revisions\/20533"}],"wp:attachment":[{"href":"http:\/\/kommentatorenblog.de\/index.php?rest_route=%2Fwp%2Fv2%2Fmedia&parent=20456"}],"wp:term":[{"taxonomy":"category","embeddable":true,"href":"http:\/\/kommentatorenblog.de\/index.php?rest_route=%2Fwp%2Fv2%2Fcategories&post=20456"},{"taxonomy":"post_tag","embeddable":true,"href":"http:\/\/kommentatorenblog.de\/index.php?rest_route=%2Fwp%2Fv2%2Ftags&post=20456"}],"curies":[{"name":"wp","href":"https:\/\/api.w.org\/{rel}","templated":true}]}}