{"id":20663,"date":"2025-02-18T00:12:34","date_gmt":"2025-02-17T23:12:34","guid":{"rendered":"https:\/\/kommentatorenblog.de\/?p=20663"},"modified":"2025-02-19T13:42:33","modified_gmt":"2025-02-19T12:42:33","slug":"1488-playoffs-teil-2","status":"publish","type":"post","link":"http:\/\/kommentatorenblog.de\/?p=20663","title":{"rendered":"1488 &#8211; Playoffs Teil 2"},"content":{"rendered":"\n<p>N&#8217;Abend allerseits,<\/p>\n\n\n\n<p>nach den Hinspielen in der vergangenen Woche stehen in dieser nun die R\u00fcckspiele der Achtelfinal-Playoffs an. Alle deutschen Mannschaften konnten sich ausw\u00e4rts einen Vorteil erspielen und haben nun in den eigenen Stadien das Weiterkommen in der eigenen Hand.<\/p>\n\n\n\n<hr class=\"wp-block-separator has-alpha-channel-opacity\"\/>\n\n\n\n<p><strong>Die Ansetzungen vom 18. bis zum 20. Februar 2025<\/strong><\/p>\n\n\n\n<hr class=\"wp-block-separator has-css-opacity\"\/>\n\n\n\n<p><strong>UEFA Champions League, Playoffs, R\u00fcckspiele<\/strong><\/p>\n\n\n\n<p><span style=\"text-decoration: underline;\">Dienstag, 18. Februar 2025 (DAZN)<\/span><\/p>\n\n\n\n<p><strong><em>AC Mailand &#8211; Feyenoord Rotterdam (18.45 Uhr)<\/em><\/strong><br><em><strong><img loading=\"lazy\" decoding=\"async\" width=\"415\" height=\"874\" class=\"wp-image-3656\" style=\"width: 10px\" src=\"http:\/\/kommentatorenblog.de\/wp-content\/uploads\/2020\/09\/shure-55sh-ii-e1601485394796.jpg\" alt=\"\" srcset=\"http:\/\/kommentatorenblog.de\/wp-content\/uploads\/2020\/09\/shure-55sh-ii-e1601485394796.jpg 415w, http:\/\/kommentatorenblog.de\/wp-content\/uploads\/2020\/09\/shure-55sh-ii-e1601485394796-142x300.jpg 142w\" sizes=\"auto, (max-width: 415px) 100vw, 415px\" \/><\/strong><\/em> Michael Born<\/p>\n\n\n\n<p><span style=\"text-decoration: underline;\">ab 19.45 Uhr (DAZN)<\/span><\/p>\n\n\n\n<p><strong><em>Atalanta Bergamo &#8211; Club Br\u00fcgge (21.00 Uhr)<\/em><\/strong><br><em><strong><img loading=\"lazy\" decoding=\"async\" width=\"415\" height=\"874\" class=\"wp-image-3656\" style=\"width: 10px\" src=\"http:\/\/kommentatorenblog.de\/wp-content\/uploads\/2020\/09\/shure-55sh-ii-e1601485394796.jpg\" alt=\"\" srcset=\"http:\/\/kommentatorenblog.de\/wp-content\/uploads\/2020\/09\/shure-55sh-ii-e1601485394796.jpg 415w, http:\/\/kommentatorenblog.de\/wp-content\/uploads\/2020\/09\/shure-55sh-ii-e1601485394796-142x300.jpg 142w\" sizes=\"auto, (max-width: 415px) 100vw, 415px\" \/><\/strong><\/em> David Ploch (Einzelspiel), Marcel Seufert (Konferenz)<\/p>\n\n\n\n<p><strong><em>Benfica Lissabon &#8211; AS Monaco (21.00 Uhr)<\/em><\/strong><br><em><strong><img loading=\"lazy\" decoding=\"async\" width=\"415\" height=\"874\" class=\"wp-image-3656\" style=\"width: 10px\" src=\"http:\/\/kommentatorenblog.de\/wp-content\/uploads\/2020\/09\/shure-55sh-ii-e1601485394796.jpg\" alt=\"\" srcset=\"http:\/\/kommentatorenblog.de\/wp-content\/uploads\/2020\/09\/shure-55sh-ii-e1601485394796.jpg 415w, http:\/\/kommentatorenblog.de\/wp-content\/uploads\/2020\/09\/shure-55sh-ii-e1601485394796-142x300.jpg 142w\" sizes=\"auto, (max-width: 415px) 100vw, 415px\" \/><\/strong><\/em> Chris Putz (Einzelspiel), Max Gross (Konferenz)<\/p>\n\n\n\n<p><span style=\"text-decoration: underline;\">ab 20.00 Uhr (Prime)<\/span><\/p>\n\n\n\n<p><strong><em>FC Bayern M\u00fcnchen &#8211; Celtic Glasgow (21.00 Uhr)<\/em><\/strong><br><em><strong><img loading=\"lazy\" decoding=\"async\" width=\"415\" height=\"874\" class=\"wp-image-3656\" style=\"width: 10px\" src=\"http:\/\/kommentatorenblog.de\/wp-content\/uploads\/2020\/09\/shure-55sh-ii-e1601485394796.jpg\" alt=\"\" srcset=\"http:\/\/kommentatorenblog.de\/wp-content\/uploads\/2020\/09\/shure-55sh-ii-e1601485394796.jpg 415w, http:\/\/kommentatorenblog.de\/wp-content\/uploads\/2020\/09\/shure-55sh-ii-e1601485394796-142x300.jpg 142w\" sizes=\"auto, (max-width: 415px) 100vw, 415px\" \/><\/strong><\/em> Jonas Friedrich, Experte: Benedikt H\u00f6wedes<br>Moderation: Alex Schl\u00fcter, Expert:innen: Christoph Kramer, Josephine Henning und Matthias Sammer, Schiedsrichter-Experte: Lutz Wagner, Field-Reporter:innen: Cayana Freeman und Sebastian Benesch<br>Experte (Highlight-Show): Patrick Owomoyela<\/p>\n\n\n\n<p><span style=\"text-decoration: underline;\">Mittwoch, 19. Februar 2025, ab 18.00 Uhr (DAZN)<\/span><\/p>\n\n\n\n<p><strong><em>Borussia Dortmund &#8211; Sporting Lissabon (18.45 Uhr)<\/em><\/strong><br><em><strong><img loading=\"lazy\" decoding=\"async\" width=\"415\" height=\"874\" class=\"wp-image-3656\" style=\"width: 10px\" src=\"http:\/\/kommentatorenblog.de\/wp-content\/uploads\/2020\/09\/shure-55sh-ii-e1601485394796.jpg\" alt=\"\" srcset=\"http:\/\/kommentatorenblog.de\/wp-content\/uploads\/2020\/09\/shure-55sh-ii-e1601485394796.jpg 415w, http:\/\/kommentatorenblog.de\/wp-content\/uploads\/2020\/09\/shure-55sh-ii-e1601485394796-142x300.jpg 142w\" sizes=\"auto, (max-width: 415px) 100vw, 415px\" \/><\/strong><\/em> Uli Hebel, Experte: Sebastian Knei\u00dfl<br>Moderation: Laura Wontorra, Field-Reporter: Marco Hagemann<\/p>\n\n\n\n<p><span style=\"text-decoration: underline;\"><span style=\"text-decoration: underline;\">ab 20.30 Uhr (DAZN)<\/span><\/span><\/p>\n\n\n\n<p><strong><em>Real Madrid &#8211; Manchester City (21.00 Uhr)<\/em><\/strong><br><em><strong><img loading=\"lazy\" decoding=\"async\" width=\"415\" height=\"874\" class=\"wp-image-3656\" style=\"width: 10px\" src=\"http:\/\/kommentatorenblog.de\/wp-content\/uploads\/2020\/09\/shure-55sh-ii-e1601485394796.jpg\" alt=\"\" srcset=\"http:\/\/kommentatorenblog.de\/wp-content\/uploads\/2020\/09\/shure-55sh-ii-e1601485394796.jpg 415w, http:\/\/kommentatorenblog.de\/wp-content\/uploads\/2020\/09\/shure-55sh-ii-e1601485394796-142x300.jpg 142w\" sizes=\"auto, (max-width: 415px) 100vw, 415px\" \/><\/strong><\/em> Max Siebald, Experte: <s>Sami Khedira<\/s> Tobias Schweinsteiger (Einzelspiel), Tom Kirsten (Konferenz)<br>Moderation: Daniel Herzog<\/p>\n\n\n\n<p><strong><em>Paris Saint-Germain &#8211; Stade Brest (21.00 Uhr)<\/em><\/strong><br><em><strong><img loading=\"lazy\" decoding=\"async\" width=\"415\" height=\"874\" class=\"wp-image-3656\" style=\"width: 10px\" src=\"http:\/\/kommentatorenblog.de\/wp-content\/uploads\/2020\/09\/shure-55sh-ii-e1601485394796.jpg\" alt=\"\" srcset=\"http:\/\/kommentatorenblog.de\/wp-content\/uploads\/2020\/09\/shure-55sh-ii-e1601485394796.jpg 415w, http:\/\/kommentatorenblog.de\/wp-content\/uploads\/2020\/09\/shure-55sh-ii-e1601485394796-142x300.jpg 142w\" sizes=\"auto, (max-width: 415px) 100vw, 415px\" \/><\/strong><\/em> Stefan Galler (Einzelspiel), <s>Freddy Harder<\/s> Nico Seepe (Konferenz)<\/p>\n\n\n\n<p><strong><em>PSV Eindhoven &#8211; Juventus Turin (21.00 Uhr)<\/em><\/strong><br><em><strong><img loading=\"lazy\" decoding=\"async\" width=\"415\" height=\"874\" class=\"wp-image-3656\" style=\"width: 10px\" src=\"http:\/\/kommentatorenblog.de\/wp-content\/uploads\/2020\/09\/shure-55sh-ii-e1601485394796.jpg\" alt=\"\" srcset=\"http:\/\/kommentatorenblog.de\/wp-content\/uploads\/2020\/09\/shure-55sh-ii-e1601485394796.jpg 415w, http:\/\/kommentatorenblog.de\/wp-content\/uploads\/2020\/09\/shure-55sh-ii-e1601485394796-142x300.jpg 142w\" sizes=\"auto, (max-width: 415px) 100vw, 415px\" \/><\/strong><\/em> Mario Rieker (Einzelspiel), Oliver Forster (Konferenz)<\/p>\n\n\n\n<hr class=\"wp-block-separator has-alpha-channel-opacity\"\/>\n\n\n\n<p><strong>UEFA Europa League \/ UEFA Conference League, Playoffs, R\u00fcckspiele<\/strong><\/p>\n\n\n\n<p><span style=\"text-decoration: underline;\">Donnerstag, 20. Februar 2025, ab 18.10 Uhr (RTL+) bzw. ab 18.20 Uhr (NITRO)<\/span><\/p>\n\n\n\n<p><strong><em><strong><em>1. FC Heidenheim<\/em><\/strong><\/em><\/strong> &#8211; <strong><em>FC Kopenhagen (18.45 Uhr)<\/em><\/strong><\/p>\n\n\n\n<p><em><strong><img loading=\"lazy\" decoding=\"async\" width=\"415\" height=\"874\" class=\"wp-image-3656\" style=\"width: 10px\" src=\"http:\/\/kommentatorenblog.de\/wp-content\/uploads\/2020\/09\/shure-55sh-ii-e1601485394796.jpg\" alt=\"\" srcset=\"http:\/\/kommentatorenblog.de\/wp-content\/uploads\/2020\/09\/shure-55sh-ii-e1601485394796.jpg 415w, http:\/\/kommentatorenblog.de\/wp-content\/uploads\/2020\/09\/shure-55sh-ii-e1601485394796-142x300.jpg 142w\" sizes=\"auto, (max-width: 415px) 100vw, 415px\" \/><\/strong><\/em> NITRO: Marco Hagemann, Experte: Felix Kroos<br>Moderation (NITRO): Laura Papendick, Experte: Lothar Matth\u00e4us<\/p>\n\n\n\n<p><em><strong><img loading=\"lazy\" decoding=\"async\" width=\"415\" height=\"874\" class=\"wp-image-3656\" style=\"width: 10px\" src=\"http:\/\/kommentatorenblog.de\/wp-content\/uploads\/2020\/09\/shure-55sh-ii-e1601485394796.jpg\" alt=\"\" srcset=\"http:\/\/kommentatorenblog.de\/wp-content\/uploads\/2020\/09\/shure-55sh-ii-e1601485394796.jpg 415w, http:\/\/kommentatorenblog.de\/wp-content\/uploads\/2020\/09\/shure-55sh-ii-e1601485394796-142x300.jpg 142w\" sizes=\"auto, (max-width: 415px) 100vw, 415px\" \/><\/strong><\/em> RTL+: Robby Hunke, Experte: Nils Petersen (Einzelspiel), Christian Stra\u00dfburger (Konferenz)<\/p>\n\n\n\n<p>Field-Reporter: Marcel Klein und Jonas Gerdes<\/p>\n\n\n\n<p><span style=\"text-decoration: underline;\">ab 18.10 Uhr (RTL+)<\/span><\/p>\n\n\n\n<p><strong><strong><em>AS Rom<\/em><\/strong><\/strong> &#8211; <strong><em>FC Porto (18.45 Uhr)<\/em><\/strong><br><em><strong><img loading=\"lazy\" decoding=\"async\" width=\"415\" height=\"874\" class=\"wp-image-3656\" style=\"width: 10px\" src=\"http:\/\/kommentatorenblog.de\/wp-content\/uploads\/2020\/09\/shure-55sh-ii-e1601485394796.jpg\" alt=\"\" srcset=\"http:\/\/kommentatorenblog.de\/wp-content\/uploads\/2020\/09\/shure-55sh-ii-e1601485394796.jpg 415w, http:\/\/kommentatorenblog.de\/wp-content\/uploads\/2020\/09\/shure-55sh-ii-e1601485394796-142x300.jpg 142w\" sizes=\"auto, (max-width: 415px) 100vw, 415px\" \/><\/strong><\/em> Cornelius K\u00fcpper (Einzelspiel), J\u00fcrgen Schmitz (Konferenz)<\/p>\n\n\n\n<p><strong><em><strong><em>FK Bod\u00f8\/Glimt<\/em><\/strong><\/em><\/strong> &#8211; <strong><em>FC Twente Enschede (18.45 Uhr)<\/em><\/strong><br><em><strong><img loading=\"lazy\" decoding=\"async\" width=\"415\" height=\"874\" class=\"wp-image-3656\" style=\"width: 10px\" src=\"http:\/\/kommentatorenblog.de\/wp-content\/uploads\/2020\/09\/shure-55sh-ii-e1601485394796.jpg\" alt=\"\" srcset=\"http:\/\/kommentatorenblog.de\/wp-content\/uploads\/2020\/09\/shure-55sh-ii-e1601485394796.jpg 415w, http:\/\/kommentatorenblog.de\/wp-content\/uploads\/2020\/09\/shure-55sh-ii-e1601485394796-142x300.jpg 142w\" sizes=\"auto, (max-width: 415px) 100vw, 415px\" \/><\/strong><\/em> Julian Engelhard (Einzelspiel), Tim Hemmrich (Konferenz)<\/p>\n\n\n\n<p><strong><em><strong><em>Galatasaray Istanbul<\/em><\/strong><\/em><\/strong> &#8211; <strong><em>AZ Alkmaar (18.45 Uhr)<\/em><\/strong><br><em><strong><img loading=\"lazy\" decoding=\"async\" width=\"415\" height=\"874\" class=\"wp-image-3656\" style=\"width: 10px\" src=\"http:\/\/kommentatorenblog.de\/wp-content\/uploads\/2020\/09\/shure-55sh-ii-e1601485394796.jpg\" alt=\"\" srcset=\"http:\/\/kommentatorenblog.de\/wp-content\/uploads\/2020\/09\/shure-55sh-ii-e1601485394796.jpg 415w, http:\/\/kommentatorenblog.de\/wp-content\/uploads\/2020\/09\/shure-55sh-ii-e1601485394796-142x300.jpg 142w\" sizes=\"auto, (max-width: 415px) 100vw, 415px\" \/><\/strong><\/em> Florian von Stackelberg (Einzelspiel), Peter Reichert (Konferenz)<\/p>\n\n\n\n<p><strong><em><strong><em>Real Betis Sevilla<\/em><\/strong><\/em><\/strong> &#8211; <strong><em>KAA Gent (18.45 Uhr)<\/em><\/strong><br><em><strong><img loading=\"lazy\" decoding=\"async\" width=\"415\" height=\"874\" class=\"wp-image-3656\" style=\"width: 10px\" src=\"http:\/\/kommentatorenblog.de\/wp-content\/uploads\/2020\/09\/shure-55sh-ii-e1601485394796.jpg\" alt=\"\" srcset=\"http:\/\/kommentatorenblog.de\/wp-content\/uploads\/2020\/09\/shure-55sh-ii-e1601485394796.jpg 415w, http:\/\/kommentatorenblog.de\/wp-content\/uploads\/2020\/09\/shure-55sh-ii-e1601485394796-142x300.jpg 142w\" sizes=\"auto, (max-width: 415px) 100vw, 415px\" \/><\/strong><\/em> Jan Wochner (Einzelspiel)<\/p>\n\n\n\n<p><span style=\"text-decoration: underline;\">ab 18.10 Uhr (RTL+) bzw. ab 18.35 Uhr (Sky)<\/span><\/p>\n\n\n\n<p><strong><strong><em>FCSB Bukarest<\/em><\/strong><\/strong> &#8211; <strong><em>PAOK Saloniki (18.45 Uhr)<\/em><\/strong><br><em><strong><img loading=\"lazy\" decoding=\"async\" width=\"415\" height=\"874\" class=\"wp-image-3656\" style=\"width: 10px\" src=\"http:\/\/kommentatorenblog.de\/wp-content\/uploads\/2020\/09\/shure-55sh-ii-e1601485394796.jpg\" alt=\"\" srcset=\"http:\/\/kommentatorenblog.de\/wp-content\/uploads\/2020\/09\/shure-55sh-ii-e1601485394796.jpg 415w, http:\/\/kommentatorenblog.de\/wp-content\/uploads\/2020\/09\/shure-55sh-ii-e1601485394796-142x300.jpg 142w\" sizes=\"auto, (max-width: 415px) 100vw, 415px\" \/><\/strong><\/em> RTL+\/Sky: Christoph Stadtler (Einzelspiel)<br><em><strong><img loading=\"lazy\" decoding=\"async\" width=\"415\" height=\"874\" class=\"wp-image-3656\" style=\"width: 10px\" src=\"http:\/\/kommentatorenblog.de\/wp-content\/uploads\/2020\/09\/shure-55sh-ii-e1601485394796.jpg\" alt=\"\" srcset=\"http:\/\/kommentatorenblog.de\/wp-content\/uploads\/2020\/09\/shure-55sh-ii-e1601485394796.jpg 415w, http:\/\/kommentatorenblog.de\/wp-content\/uploads\/2020\/09\/shure-55sh-ii-e1601485394796-142x300.jpg 142w\" sizes=\"auto, (max-width: 415px) 100vw, 415px\" \/><\/strong><\/em> RTL+: Stefan Fuckert (Konferenz)<\/p>\n\n\n\n<p><span style=\"text-decoration: underline;\">ab 20.45 Uhr (RTL+)<\/span><\/p>\n\n\n\n<p><strong><em><strong><em>RSC Anderlecht<\/em><\/strong><\/em><\/strong> &#8211; <strong><em>Fenerbahce Istanbul (21.00 Uhr)<\/em><\/strong><br><em><strong><img loading=\"lazy\" decoding=\"async\" width=\"415\" height=\"874\" class=\"wp-image-3656\" style=\"width: 10px\" src=\"http:\/\/kommentatorenblog.de\/wp-content\/uploads\/2020\/09\/shure-55sh-ii-e1601485394796.jpg\" alt=\"\" srcset=\"http:\/\/kommentatorenblog.de\/wp-content\/uploads\/2020\/09\/shure-55sh-ii-e1601485394796.jpg 415w, http:\/\/kommentatorenblog.de\/wp-content\/uploads\/2020\/09\/shure-55sh-ii-e1601485394796-142x300.jpg 142w\" sizes=\"auto, (max-width: 415px) 100vw, 415px\" \/><\/strong><\/em> Michael Born (Einzelspiel), Oliver Seidler (Konferenz)<\/p>\n\n\n\n<p><strong><em><strong><em>Ajax Amsterdam<\/em><\/strong><\/em><\/strong> &#8211; <strong><em>Royale Union Saint-Gilloise (21.00 Uhr)<\/em><\/strong><br><em><strong><img loading=\"lazy\" decoding=\"async\" width=\"415\" height=\"874\" class=\"wp-image-3656\" style=\"width: 10px\" src=\"http:\/\/kommentatorenblog.de\/wp-content\/uploads\/2020\/09\/shure-55sh-ii-e1601485394796.jpg\" alt=\"\" srcset=\"http:\/\/kommentatorenblog.de\/wp-content\/uploads\/2020\/09\/shure-55sh-ii-e1601485394796.jpg 415w, http:\/\/kommentatorenblog.de\/wp-content\/uploads\/2020\/09\/shure-55sh-ii-e1601485394796-142x300.jpg 142w\" sizes=\"auto, (max-width: 415px) 100vw, 415px\" \/><\/strong><\/em> Rene Langhoff (Einzelspiel), Philip Konrad (Konferenz)<\/p>\n\n\n\n<p><strong><em><strong><em>FC Viktoria Pilsen<\/em><\/strong><\/em><\/strong> &#8211; <strong><em>Ferencvaros Budapest (21.00 Uhr)<\/em><\/strong><br><em><strong><img loading=\"lazy\" decoding=\"async\" width=\"415\" height=\"874\" class=\"wp-image-3656\" style=\"width: 10px\" src=\"http:\/\/kommentatorenblog.de\/wp-content\/uploads\/2020\/09\/shure-55sh-ii-e1601485394796.jpg\" alt=\"\" srcset=\"http:\/\/kommentatorenblog.de\/wp-content\/uploads\/2020\/09\/shure-55sh-ii-e1601485394796.jpg 415w, http:\/\/kommentatorenblog.de\/wp-content\/uploads\/2020\/09\/shure-55sh-ii-e1601485394796-142x300.jpg 142w\" sizes=\"auto, (max-width: 415px) 100vw, 415px\" \/><\/strong><\/em> Stefan Galler (Einzelspiel), Freddie Schulz (Konferenz)<\/p>\n\n\n\n<p><span style=\"text-decoration: underline;\">ab 20.45 Uhr (RTL+) bzw. ab 20.50 Uhr (Sky)<\/span><\/p>\n\n\n\n<p><strong><em><strong><em>Real Sociedad<\/em><\/strong><\/em><\/strong> &#8211; <strong><em>FC Midtjylland (21.00 Uhr)<\/em><\/strong><br><em><strong><img loading=\"lazy\" decoding=\"async\" width=\"415\" height=\"874\" class=\"wp-image-3656\" style=\"width: 10px\" src=\"http:\/\/kommentatorenblog.de\/wp-content\/uploads\/2020\/09\/shure-55sh-ii-e1601485394796.jpg\" alt=\"\" srcset=\"http:\/\/kommentatorenblog.de\/wp-content\/uploads\/2020\/09\/shure-55sh-ii-e1601485394796.jpg 415w, http:\/\/kommentatorenblog.de\/wp-content\/uploads\/2020\/09\/shure-55sh-ii-e1601485394796-142x300.jpg 142w\" sizes=\"auto, (max-width: 415px) 100vw, 415px\" \/><\/strong><\/em> RTL+\/Sky: Alexander K\u00fcpper (Einzelspiel)<br><em><strong><img loading=\"lazy\" decoding=\"async\" width=\"415\" height=\"874\" class=\"wp-image-3656\" style=\"width: 10px\" src=\"http:\/\/kommentatorenblog.de\/wp-content\/uploads\/2020\/09\/shure-55sh-ii-e1601485394796.jpg\" alt=\"\" srcset=\"http:\/\/kommentatorenblog.de\/wp-content\/uploads\/2020\/09\/shure-55sh-ii-e1601485394796.jpg 415w, http:\/\/kommentatorenblog.de\/wp-content\/uploads\/2020\/09\/shure-55sh-ii-e1601485394796-142x300.jpg 142w\" sizes=\"auto, (max-width: 415px) 100vw, 415px\" \/><\/strong><\/em> RTL+: Alexander Klich (Konferenz)<\/p>\n\n\n\n<p>Moderation (RTL+): Anna Kraft, Experte: Patrick Helmes, Community Host: Julius Fellermann<\/p>\n\n\n\n<hr class=\"wp-block-separator has-alpha-channel-opacity\"\/>\n\n\n\n<p><strong>Premier League, 29. Spieltag (Sky)<\/strong><\/p>\n\n\n\n<p><span style=\"text-decoration: underline;\">Mittwoch, 19. Februar 2025, ab 20.20 Uhr<\/span><\/p>\n\n\n\n<p><strong><em>Aston Villa &#8211; FC Liverpool (20.30 Uhr)<\/em><\/strong><br><em><strong><img loading=\"lazy\" decoding=\"async\" width=\"415\" height=\"874\" class=\"wp-image-3656\" style=\"width: 10px\" src=\"http:\/\/kommentatorenblog.de\/wp-content\/uploads\/2020\/09\/shure-55sh-ii-e1601485394796.jpg\" alt=\"\" srcset=\"http:\/\/kommentatorenblog.de\/wp-content\/uploads\/2020\/09\/shure-55sh-ii-e1601485394796.jpg 415w, http:\/\/kommentatorenblog.de\/wp-content\/uploads\/2020\/09\/shure-55sh-ii-e1601485394796-142x300.jpg 142w\" sizes=\"auto, (max-width: 415px) 100vw, 415px\" \/><\/strong><\/em> Toni Tomic<\/p>\n\n\n\n<hr class=\"wp-block-separator has-alpha-channel-opacity\"\/>\n\n\n\n<p><strong>CONMEBOL Libertadores, 2. Runde, Hinspiele (Sportdigital)<\/strong><\/p>\n\n\n\n<p><span style=\"text-decoration: underline;\">Mittwoch, 19. Februar 2025<\/span><\/p>\n\n\n\n<p><strong><em>Alianza Lima &#8211; Boca Juniors (01.30 Uhr)<\/em><\/strong><br><em><strong><img loading=\"lazy\" decoding=\"async\" width=\"415\" height=\"874\" class=\"wp-image-3656\" style=\"width: 10px\" src=\"http:\/\/kommentatorenblog.de\/wp-content\/uploads\/2020\/09\/shure-55sh-ii-e1601485394796.jpg\" alt=\"\" srcset=\"http:\/\/kommentatorenblog.de\/wp-content\/uploads\/2020\/09\/shure-55sh-ii-e1601485394796.jpg 415w, http:\/\/kommentatorenblog.de\/wp-content\/uploads\/2020\/09\/shure-55sh-ii-e1601485394796-142x300.jpg 142w\" sizes=\"auto, (max-width: 415px) 100vw, 415px\" \/><\/strong><\/em> Arne Malsch<\/p>\n\n\n\n<p><span style=\"text-decoration: underline;\">Donnerstag, 20. Februar 2025<\/span><\/p>\n\n\n\n<p><strong><em>Universidad Central &#8211; Corinthians (01.30 Uhr)<\/em><\/strong><br><em><strong><img loading=\"lazy\" decoding=\"async\" width=\"415\" height=\"874\" class=\"wp-image-3656\" style=\"width: 10px\" src=\"http:\/\/kommentatorenblog.de\/wp-content\/uploads\/2020\/09\/shure-55sh-ii-e1601485394796.jpg\" alt=\"\" srcset=\"http:\/\/kommentatorenblog.de\/wp-content\/uploads\/2020\/09\/shure-55sh-ii-e1601485394796.jpg 415w, http:\/\/kommentatorenblog.de\/wp-content\/uploads\/2020\/09\/shure-55sh-ii-e1601485394796-142x300.jpg 142w\" sizes=\"auto, (max-width: 415px) 100vw, 415px\" \/><\/strong><\/em> Karsten Linke<\/p>\n\n\n\n<hr class=\"wp-block-separator has-alpha-channel-opacity\"\/>\n\n\n\n<p><strong>Die Analyse<\/strong><\/p>\n\n\n\n<p>Im Vergleich zur vorherigen Woche gibt es die meisten \u00c4nderungen in der Champions League zu vermelden: DAZN rotiert einmal quer durch und besetzt fast kein R\u00fcckspiel wie das Hinspiel. Einzig Max Gross kehrt auf genau den gleichen Platz wie vor einer Woche zur\u00fcck, Benfica &#8211; Monaco in der Konferenz. Auch Ploch, Putz, Rieker, Kirsten und Seufert waren letzte Woche bereits vertreten, Harder und Siebald noch als Moderator bzw. Field-Reporter. Neu dabei sind Michael Born, Stefan Galler und Oliver Forster, der am Mittwoch \u00fcberraschend auch wieder in der Konferenz zu h\u00f6ren ist, war er in den vergangenen Jahren doch nur w\u00e4hrend den Vorrunden gesetzt. In Dortmund bekommt Uli Hebel am Mittwoch wieder einen seiner derzeit raren Eins\u00e4tze au\u00dferhalb M\u00fcnchens und wird das R\u00fcckspiel des BVB gegen Sporting mit Seb Knei\u00dfl kommentieren. Laura Wontorra wird die \u00dcbertragung moderieren, Marco Hagemann die Interviews f\u00fchren. Auch beim darauffolgenden Kracher zwischen Real und City im Bernabeu ist DAZN mit drei Mann vor Ort: Daniel Herzog als Moderator, Max Siebald als Kommentator und als Experte war eigentlich mal Sami Khedira vorgesehen, nun wird es allerdings doch wieder Tobias Schweinsteiger, wie bereits beim Hinspiel, das noch aus der Box kommentiert wurde. Jan Platte und Lukas Sch\u00f6nm\u00fcller bekommen eine Pause.<\/p>\n\n\n\n<p>Prime hat sich nat\u00fcrlich das Primetime-Spiel am Dienstag in Fr\u00f6ttmaning geschnappt, wo der FC Bayern Celtic empf\u00e4ngt. Die Crew bleibt im Vergleich zur Vorwoche \u00fcberwiegend gleich, allerdings rotieren Josephine Henning f\u00fcr Tabea Kemme und Matthias Sammer f\u00fcr Patrick Owomoyela wieder hinein, der diesmal wieder nur f\u00fcr die Besprechung der Highlights aller Partien dazukommen wird.<\/p>\n\n\n\n<p>Fast keine \u00c4nderungen im Vergleich zu den Hinspielen gibt es dagegen bei RTL+ bei der Europa League und der Conference League, die Kommentatoren-Ansetzungen sind ausnahmslos identisch. Einzig wird Nils Petersen, der in der vergangenen Woche nicht anwesend war, Co-Kommentator an der Seite von Robby Hunke beim R\u00fcckspiel des 1. FC Heidenheim gegen den FC Kopenhagen anstelle von Patrick Helmes sein, der diesmal die Analysen im Studio \u00fcbernimmt. Felix Kroos wird hingegen bereits zum dritten Mal als Co-Kommentator von Marco Hagemann im Free-TV zum Einsatz kommen, erneut bei NITRO statt RTL wegen der fr\u00fcheren Ansto\u00dfzeit. Marcel Klein wird au\u00dferdem statt Thomas Wagner als Field-Reporter fungieren.<\/p>\n\n\n\n<p>Ansonsten ist nur das vorgezogene Premier-League-Spiel zwischen Aston Villa und dem FC Liverpool zu erw\u00e4hnen, das Toni Tomic am Mittwochabend f\u00fcr Sky kommentieren wird. Von der AFC Champions League Elite und Two hat Sportdigital einige Spiele im Programm, au\u00dfer dem am Montag jedoch keines mit deutschem Kommentar. <strong>Update:<\/strong> kurzfristig wurden auch noch zwei Spiele der Copa Libertadores angek\u00fcndigt, diese werden deutsch kommentiert.<\/p>\n\n\n\n<p>Damit w\u00e4re auch bereits alles zu den \u00dcbertragungen gesagt. Viel Spa\u00df und Spannung garantiert, bevor dann am Wochenende, wenn es mit den nationalen Ligen weitergeht, hoffentlich drei weitere deutsche Achtelfinal-Teilnehmer feststehen.<\/p>\n\n\n\n<p>Bis bald!<\/p>\n","protected":false},"excerpt":{"rendered":"<p>N&#8217;Abend allerseits, nach den Hinspielen in der vergangenen Woche stehen in dieser nun die R\u00fcckspiele der Achtelfinal-Playoffs an. Alle deutschen Mannschaften konnten sich ausw\u00e4rts einen Vorteil erspielen und haben nun in den eigenen Stadien das Weiterkommen in der eigenen Hand. Die Ansetzungen vom 18. bis zum 20. Februar 2025 UEFA Champions League, Playoffs, R\u00fcckspiele Dienstag, [&hellip;]<\/p>\n","protected":false},"author":17,"featured_media":0,"comment_status":"open","ping_status":"open","sticky":false,"template":"","format":"standard","meta":{"footnotes":""},"categories":[425],"tags":[49,949,163,517,263,337,1252,499,35,544,171,614,212,165,13,695,703,331,295,770,69,647,675,315,1094,86,59,75,44,31,1080,904,276,43,243,608,283,279,114,191,1236,41,183,113,903,588,1081,690,947,874,162,656,189,222,22,52,394,154,854,882,200,24,105],"class_list":["post-20663","post","type-post","status-publish","format-standard","hentry","category-champions-league-und-co","tag-alex-schlueter","tag-alexander-klich-2","tag-alexander-kuepper","tag-anna-kraft","tag-arne-malsch","tag-benedikt-hoewedes","tag-cayana-freeman","tag-chris-putz","tag-christian-strassburger","tag-christoph-kramer","tag-christoph-stadtler","tag-cornelius-kuepper","tag-daniel-herzog","tag-david-ploch","tag-dazn","tag-felix-kroos","tag-florian-von-stackelberg","tag-freddie-schulz","tag-freddy-harder","tag-jan-wochner","tag-jonas-friedrich","tag-jonas-gerdes","tag-josephine-henning","tag-julian-engelhard","tag-julius-fellermann","tag-juergen-schmitz","tag-karsten-linke","tag-laura-papendick","tag-laura-wontorra","tag-lothar-matthaeus","tag-lutz-wagner","tag-marcel-klein","tag-marcel-seufert","tag-marco-hagemann","tag-mario-rieker","tag-matthias-sammer","tag-max-gross","tag-max-siebald","tag-michael-born","tag-nico-seepe","tag-nils-petersen","tag-nitro","tag-oliver-forster","tag-oliver-seidler","tag-patrick-helmes","tag-patrick-owomoyela","tag-peter-reichert","tag-philip-konrad","tag-prime","tag-rene-langhoff","tag-robby-hunke","tag-rtl-2","tag-sebastian-benesch","tag-sebastian-kneissl","tag-sky","tag-sportdigital","tag-stefan-fuckert","tag-stefan-galler","tag-tim-hemmrich","tag-tobias-schweinsteiger","tag-tom-kirsten","tag-toni-tomic","tag-uli-hebel"],"_links":{"self":[{"href":"http:\/\/kommentatorenblog.de\/index.php?rest_route=\/wp\/v2\/posts\/20663","targetHints":{"allow":["GET"]}}],"collection":[{"href":"http:\/\/kommentatorenblog.de\/index.php?rest_route=\/wp\/v2\/posts"}],"about":[{"href":"http:\/\/kommentatorenblog.de\/index.php?rest_route=\/wp\/v2\/types\/post"}],"author":[{"embeddable":true,"href":"http:\/\/kommentatorenblog.de\/index.php?rest_route=\/wp\/v2\/users\/17"}],"replies":[{"embeddable":true,"href":"http:\/\/kommentatorenblog.de\/index.php?rest_route=%2Fwp%2Fv2%2Fcomments&post=20663"}],"version-history":[{"count":20,"href":"http:\/\/kommentatorenblog.de\/index.php?rest_route=\/wp\/v2\/posts\/20663\/revisions"}],"predecessor-version":[{"id":20689,"href":"http:\/\/kommentatorenblog.de\/index.php?rest_route=\/wp\/v2\/posts\/20663\/revisions\/20689"}],"wp:attachment":[{"href":"http:\/\/kommentatorenblog.de\/index.php?rest_route=%2Fwp%2Fv2%2Fmedia&parent=20663"}],"wp:term":[{"taxonomy":"category","embeddable":true,"href":"http:\/\/kommentatorenblog.de\/index.php?rest_route=%2Fwp%2Fv2%2Fcategories&post=20663"},{"taxonomy":"post_tag","embeddable":true,"href":"http:\/\/kommentatorenblog.de\/index.php?rest_route=%2Fwp%2Fv2%2Ftags&post=20663"}],"curies":[{"name":"wp","href":"https:\/\/api.w.org\/{rel}","templated":true}]}}