{"id":20690,"date":"2025-02-20T21:59:34","date_gmt":"2025-02-20T20:59:34","guid":{"rendered":"https:\/\/kommentatorenblog.de\/?p=20690"},"modified":"2025-02-26T09:12:28","modified_gmt":"2025-02-26T08:12:28","slug":"1489-waehlen-gehen","status":"publish","type":"post","link":"http:\/\/kommentatorenblog.de\/?p=20690","title":{"rendered":"1489 &#8211; W\u00e4hlen gehen!"},"content":{"rendered":"\n<p>N&#8217;Abend allerseits,<\/p>\n\n\n\n<p>Deutschland steht am Sonntag vor einem entscheidenden Spiel. Das aber nicht aufs Sportliche bezogen, sondern auf etwas, das uns alle angeht &#8211; \u00fcber Vereinsfarben hinweg: Die Demokratie.  <br>Derzeit leben nur etwa 7,8 Prozent der Weltbev\u00f6lkerung in einer vollst\u00e4ndigen Demokratie. Wir geh\u00f6ren zu den wenigen Menschen weltweit, die in einer vollst\u00e4ndigen Demokratie leben \u2013 nutzen wir dieses Privileg! Nicht-W\u00e4hlen ist keine Option: Wer nicht w\u00e4hlt, \u00fcberl\u00e4sst das Spielfeld den Falschen!<\/p>\n\n\n\n<p>Wen ihr in eurer Startelf f\u00fcr die n\u00e4chste Bundesregierung seht, entscheidet ihr. Klar ist aber: Es braucht demokratische Parteien, die f\u00fcr Teamgeist, Respekt und Zusammenhalt stehen. Wir d\u00fcrfen nicht zulassen, dass Regelbrecher mit Fouls und Schwalben das Spiel f\u00fcr sich entscheiden. Wer auf Spaltung, Hetze und Verachtung setzt, spielt nicht f\u00fcr das Team, sondern nur f\u00fcr sich selbst \u2013 und hat in unserer Demokratie nichts verloren.<\/p>\n\n\n\n<p>Ich m\u00f6chte nachfolgend aus den Satzungen der 10 gr\u00f6\u00dften deutschen Fu\u00dfballvereine auszugsweise zitieren. Denn dadurch wird klar: Wer den Fu\u00dfball liebt, kann keine demokratiefeindlichen Parteien unterst\u00fctzen.<\/p>\n\n\n\n<pre class=\"wp-block-verse\"><strong>Der Club tritt verfassungs- und fremdenfeindlichen sowie antidemokratischen Bestrebungen und jeder weiteren Form von diskriminierenden, menschenverachtenden oder antisemitischen Einstellungen [...] entschieden entgegen.<\/strong><br><em>FC Bayern M\u00fcnchen (\u00a72 der Vereinssatzung)<\/em><\/pre>\n\n\n\n<pre class=\"wp-block-verse\"><strong>Der Verein [...] steht in allen seinen Belangen auf demokratischer Grundlage. [...] Der Verein f\u00f6rdert die Funktion des Sports als verbindendes Element zwischen Nationalit\u00e4ten, Kulturen, Religionen und sozialen Schichten.<\/strong><br><em>Borussia Dortmund (\u00a72 der Vereinssatzung)<\/em><\/pre>\n\n\n\n<pre class=\"wp-block-verse\"><strong>[Der Verein] bekennt sich zu den Grunds\u00e4tzen der Menschenrechte [...] Er tritt rassistischen, verfassungs- und fremdenfeindlichen Bestrebungen sowie sexistischen oder menschenverachtenden Verhaltensweisen gegen\u00fcber anderen Menschen, insbesondere auf Grund ihrer Nationalit\u00e4t, ethnischen Zugeh\u00f6rigkeit, Religion, Geschlecht, sexuellen Orientierung oder Behinderung, aktiv entgegen. In diesem Sinne ist er insbesondere bestrebt, die soziale Integration ausl\u00e4ndischer Mitb\u00fcrger zu f\u00f6rdern.<\/strong><br><em>FC Schalke 04 (\u00a72 der Vereinssatzung)<\/em><\/pre>\n\n\n\n<pre class=\"wp-block-verse\"><strong>Aufgaben des Vereins sind [...] die Ausbildung von Fairness und Wertsch\u00e4tzung des sportlichen Gegners, [...] die Integration ausl\u00e4ndischer Mitglieder.<\/strong><br><em>Eintracht Frankfurt (\u00a73 der Vereinssatzung)<\/em><\/pre>\n\n\n\n<pre class=\"wp-block-verse\"><strong>Die Funktion des Sports als verbindendes Element zwischen Nationalit\u00e4ten, Kulturen und Religionen wird vom Verein gef\u00f6rdert. [Der Verein] tritt rassistischen, antisemitischen und verfassungsfeindlichen Einstellungen und Bestrebungen sowie Benachteiligungen, insbesondere aus Gr\u00fcnden der angenommenen oder tats\u00e4chlichen Nationalit\u00e4t, ethnischen Herkunft, des Geschlechts, der Religion oder Weltanschauung, einer Behinderung, des Alters oder der sexuellen Identit\u00e4t, aktiv entgegen. [...] Der Verein bekennt sich zum Nachhaltigkeitsprinzip, ber\u00fccksichtigt hierbei wirtschaftliche, soziale und \u00f6kologische Aspekte und setzt sich  f\u00fcr die F\u00f6rderung des Umwelt- und Klimaschutzes in Verantwortung f\u00fcr k\u00fcnftige Generationen ein.<\/strong><br><em>1. FC K\u00f6ln (\u00a72 der Vereinssatzung)<\/em><\/pre>\n\n\n\n<pre class=\"wp-block-verse\"><strong>Der Verein [...] bietet allen Mitgliedern ungeachtet ihres Geschlechts, ihrer Herkunft, Hautfarbe, Nationalit\u00e4t, Religion, k\u00f6rperlicher oder geistiger Beeintr\u00e4chtigung, sexueller Orientierung oder sozialer Stellung ein Zuhause. <\/strong><br><em>VfB Stuttgart (\u00a72 der Vereinssatzung)<\/em><\/pre>\n\n\n\n<pre class=\"wp-block-verse\"><strong>[Der Verein] bekennt sich zu den Grunds\u00e4tzen der Menschenrechte. Er tritt rassistischen, verfassungs- und fremdenfeindlichen Bestrebungen sowie diskriminierenden oder menschenverachtenden Verhaltensweisen, insbesondere aufgrund der Nationalit\u00e4t, ethnischer Zugeh\u00f6rigkeit, Religion, des Geschlechts, des Alters, der sexuellen Identit\u00e4t oder einer Behinderung aktiv entgegen.<\/strong><br><em>Hamburger SV (\u00a72 der Vereinssatzung)<\/em><\/pre>\n\n\n\n<pre class=\"wp-block-verse\"><strong>[Der Verein] vertritt und f\u00f6rdert die Idee, dass Fu\u00dfball gesamtgesellschaftlich als verbindende Kraft wirken kann. Inklusion und Diversit\u00e4t werden vom Verein ebenso gef\u00f6rdert wie die Integration von Menschen mit Migrationsgeschichte.<\/strong><br><em>SC Freiburg (\u00a72 der Vereinssatzung)<\/em><\/pre>\n\n\n\n<pre class=\"wp-block-verse\"><strong>[Der Verein] ist in seinem Handeln demokratischen und humanistischen Grundwerten verpflichtet. Der Verein verurteilt jegliche Form von Gewalt und Diskriminierung, unabh\u00e4ngig davon, ob sie k\u00f6rperlicher, seelischer, sexualisierter, religi\u00f6ser oder ethnischer Art ist.<\/strong><br><em>1. FC Union Berlin (\u00a72 der Vereinssatzung)<\/em><\/pre>\n\n\n\n<p>Also: Am Sonntag z\u00e4hlt&#8217;s! Dann ausnahmsweise nicht ins Stadion oder vor den Fernseher \u2013 sondern ins Wahllokal. Machen wir klar, dass Fair Play nicht nur auf dem Platz gilt!<\/p>\n\n\n\n<p>Und nun zu euren sportlichen Wahlm\u00f6glichkeiten f\u00fcr das Wochenende:<\/p>\n\n\n\n<hr class=\"wp-block-separator has-alpha-channel-opacity\"\/>\n\n\n\n<p><strong>Champions League, Auslosung K.O.-Phase (DAZN\/Prime Video\/sportstudio.de\/Sky Sport News)<\/strong><\/p>\n\n\n\n<p><img loading=\"lazy\" decoding=\"async\" width=\"10\" height=\"21\" class=\"wp-image-3656\" style=\"width: 10px;\" src=\"http:\/\/kommentatorenblog.de\/wp-content\/uploads\/2020\/09\/shure-55sh-ii-e1601485394796.jpg\" alt=\"\" srcset=\"http:\/\/kommentatorenblog.de\/wp-content\/uploads\/2020\/09\/shure-55sh-ii-e1601485394796.jpg 415w, http:\/\/kommentatorenblog.de\/wp-content\/uploads\/2020\/09\/shure-55sh-ii-e1601485394796-142x300.jpg 142w\" sizes=\"auto, (max-width: 10px) 100vw, 10px\" \/> <em>DAZN: <\/em><s>Freddy Harder<\/s> Nico Seepe<\/p>\n\n\n\n<p><img loading=\"lazy\" decoding=\"async\" width=\"10\" height=\"21\" class=\"wp-image-3656\" style=\"width: 10px;\" src=\"http:\/\/kommentatorenblog.de\/wp-content\/uploads\/2020\/09\/shure-55sh-ii-e1601485394796.jpg\" alt=\"\" srcset=\"http:\/\/kommentatorenblog.de\/wp-content\/uploads\/2020\/09\/shure-55sh-ii-e1601485394796.jpg 415w, http:\/\/kommentatorenblog.de\/wp-content\/uploads\/2020\/09\/shure-55sh-ii-e1601485394796-142x300.jpg 142w\" sizes=\"auto, (max-width: 10px) 100vw, 10px\" \/> <em>Prime: <\/em>Jonas Friedrich<\/p>\n\n\n\n<p><img loading=\"lazy\" decoding=\"async\" width=\"10\" height=\"21\" class=\"wp-image-3656\" style=\"width: 10px;\" src=\"http:\/\/kommentatorenblog.de\/wp-content\/uploads\/2020\/09\/shure-55sh-ii-e1601485394796.jpg\" alt=\"\" srcset=\"http:\/\/kommentatorenblog.de\/wp-content\/uploads\/2020\/09\/shure-55sh-ii-e1601485394796.jpg 415w, http:\/\/kommentatorenblog.de\/wp-content\/uploads\/2020\/09\/shure-55sh-ii-e1601485394796-142x300.jpg 142w\" sizes=\"auto, (max-width: 10px) 100vw, 10px\" \/> <em>sportstudio.de: <\/em>Conan Furlong, Experte: Anton Rinas<\/p>\n\n\n\n<p><img loading=\"lazy\" decoding=\"async\" width=\"10\" height=\"21\" class=\"wp-image-3656\" style=\"width: 10px;\" src=\"http:\/\/kommentatorenblog.de\/wp-content\/uploads\/2020\/09\/shure-55sh-ii-e1601485394796.jpg\" alt=\"\" srcset=\"http:\/\/kommentatorenblog.de\/wp-content\/uploads\/2020\/09\/shure-55sh-ii-e1601485394796.jpg 415w, http:\/\/kommentatorenblog.de\/wp-content\/uploads\/2020\/09\/shure-55sh-ii-e1601485394796-142x300.jpg 142w\" sizes=\"auto, (max-width: 10px) 100vw, 10px\" \/> <em>SSN: <\/em>Kai Dittmann<\/p>\n\n\n\n<hr class=\"wp-block-separator has-alpha-channel-opacity\"\/>\n\n\n\n<p><strong>Europa League \/ Conference League, Auslosung K.O.-Phase (RTL+\/Sky Sport News)<\/strong><\/p>\n\n\n\n<p><img loading=\"lazy\" decoding=\"async\" width=\"10\" height=\"21\" class=\"wp-image-3656\" style=\"width: 10px;\" src=\"http:\/\/kommentatorenblog.de\/wp-content\/uploads\/2020\/09\/shure-55sh-ii-e1601485394796.jpg\" alt=\"\" srcset=\"http:\/\/kommentatorenblog.de\/wp-content\/uploads\/2020\/09\/shure-55sh-ii-e1601485394796.jpg 415w, http:\/\/kommentatorenblog.de\/wp-content\/uploads\/2020\/09\/shure-55sh-ii-e1601485394796-142x300.jpg 142w\" sizes=\"auto, (max-width: 10px) 100vw, 10px\" \/> <em>RTL+: <\/em>Cornelius K\u00fcpper<\/p>\n\n\n\n<p><img loading=\"lazy\" decoding=\"async\" width=\"10\" height=\"21\" class=\"wp-image-3656\" style=\"width: 10px;\" src=\"http:\/\/kommentatorenblog.de\/wp-content\/uploads\/2020\/09\/shure-55sh-ii-e1601485394796.jpg\" alt=\"\" srcset=\"http:\/\/kommentatorenblog.de\/wp-content\/uploads\/2020\/09\/shure-55sh-ii-e1601485394796.jpg 415w, http:\/\/kommentatorenblog.de\/wp-content\/uploads\/2020\/09\/shure-55sh-ii-e1601485394796-142x300.jpg 142w\" sizes=\"auto, (max-width: 10px) 100vw, 10px\" \/> <em>SSN: <\/em>Kai Dittmann<\/p>\n\n\n\n<hr class=\"wp-block-separator has-alpha-channel-opacity\"\/>\n\n\n\n<p><strong>Women&#8217;s Nations League, 1. Spieltag (Das Erste)<\/strong><\/p>\n\n\n\n<p><span style=\"text-decoration: underline;\">Freitag, 21. Februar 2025, ab 20.15 Uhr<\/span><\/p>\n\n\n\n<p><em><strong>Niederlande \u2013 Deutschland (20.45 Uhr)<\/strong><\/em><br><img loading=\"lazy\" decoding=\"async\" width=\"10\" height=\"21\" class=\"wp-image-3656\" style=\"width: 10px;\" src=\"http:\/\/kommentatorenblog.de\/wp-content\/uploads\/2020\/09\/shure-55sh-ii-e1601485394796.jpg\" alt=\"\" srcset=\"http:\/\/kommentatorenblog.de\/wp-content\/uploads\/2020\/09\/shure-55sh-ii-e1601485394796.jpg 415w, http:\/\/kommentatorenblog.de\/wp-content\/uploads\/2020\/09\/shure-55sh-ii-e1601485394796-142x300.jpg 142w\" sizes=\"auto, (max-width: 10px) 100vw, 10px\" \/> Christina Graf, Expertin: Almuth Schult<br>Moderation: Claus Lufen, Field-Reporterin: Ina Kast<\/p>\n\n\n\n<hr class=\"wp-block-separator has-alpha-channel-opacity\"\/>\n\n\n\n<p><strong>Bundesliga (GER), 23. Spieltag (Sky\/DAZN)<\/strong><\/p>\n\n\n\n<p><span style=\"text-decoration: underline;\">Freitag, 21. Februar 2025, ab 19.45 Uhr (DAZN)<\/span><\/p>\n\n\n\n<p><em><strong>Sport-Club Freiburg \u2013 SV Werder Bremen (20.30 Uhr)<\/strong><\/em><br><img loading=\"lazy\" decoding=\"async\" width=\"10\" height=\"21\" class=\"wp-image-3656\" style=\"width: 10px;\" src=\"http:\/\/kommentatorenblog.de\/wp-content\/uploads\/2020\/09\/shure-55sh-ii-e1601485394796.jpg\" alt=\"\" srcset=\"http:\/\/kommentatorenblog.de\/wp-content\/uploads\/2020\/09\/shure-55sh-ii-e1601485394796.jpg 415w, http:\/\/kommentatorenblog.de\/wp-content\/uploads\/2020\/09\/shure-55sh-ii-e1601485394796-142x300.jpg 142w\" sizes=\"auto, (max-width: 10px) 100vw, 10px\" \/> Jan Platte, Expertin: Turid Knaak<br>Moderation: Tobi Wahnschaffe, Field-Reporter: Mario Rieker<\/p>\n\n\n\n<p><span style=\"text-decoration: underline;\">Samstag, 22. Februar 2025, ab 14.00 Uhr (Sky)<\/span><\/p>\n\n\n\n<p><em><strong>Borussia M\u00f6nchengladbach \u2013 FC Augsburg (15.30 Uhr)<\/strong><\/em><br><img loading=\"lazy\" decoding=\"async\" width=\"10\" height=\"21\" class=\"wp-image-3656\" style=\"width: 10px;\" src=\"http:\/\/kommentatorenblog.de\/wp-content\/uploads\/2020\/09\/shure-55sh-ii-e1601485394796.jpg\" alt=\"\" srcset=\"http:\/\/kommentatorenblog.de\/wp-content\/uploads\/2020\/09\/shure-55sh-ii-e1601485394796.jpg 415w, http:\/\/kommentatorenblog.de\/wp-content\/uploads\/2020\/09\/shure-55sh-ii-e1601485394796-142x300.jpg 142w\" sizes=\"auto, (max-width: 10px) 100vw, 10px\" \/> Marcus Lindemann (Einzelspiel), Jonas Friedrich (Konferenz)<br>Field-Reporter: Michael Leopold<\/p>\n\n\n\n<p><em><strong>Holstein Kiel \u2013 Bayer 04 Leverkusen (15.30 Uhr)<\/strong><\/em><br><img loading=\"lazy\" decoding=\"async\" width=\"10\" height=\"21\" class=\"wp-image-3656\" style=\"width: 10px;\" src=\"http:\/\/kommentatorenblog.de\/wp-content\/uploads\/2020\/09\/shure-55sh-ii-e1601485394796.jpg\" alt=\"\" srcset=\"http:\/\/kommentatorenblog.de\/wp-content\/uploads\/2020\/09\/shure-55sh-ii-e1601485394796.jpg 415w, http:\/\/kommentatorenblog.de\/wp-content\/uploads\/2020\/09\/shure-55sh-ii-e1601485394796-142x300.jpg 142w\" sizes=\"auto, (max-width: 10px) 100vw, 10px\" \/> Hansi K\u00fcpper (Einzelspiel), Frank Buschmann (Konferenz)<br>Field-Reporter: Patrick Wasserziehr<\/p>\n\n\n\n<p><em><strong>1. FSV Mainz 05 \u2013 <em><strong>FC St. Pauli<\/strong><\/em> (15.30 Uhr)<\/strong><\/em><br><img loading=\"lazy\" decoding=\"async\" width=\"10\" height=\"21\" class=\"wp-image-3656\" style=\"width: 10px;\" src=\"http:\/\/kommentatorenblog.de\/wp-content\/uploads\/2020\/09\/shure-55sh-ii-e1601485394796.jpg\" alt=\"\" srcset=\"http:\/\/kommentatorenblog.de\/wp-content\/uploads\/2020\/09\/shure-55sh-ii-e1601485394796.jpg 415w, http:\/\/kommentatorenblog.de\/wp-content\/uploads\/2020\/09\/shure-55sh-ii-e1601485394796-142x300.jpg 142w\" sizes=\"auto, (max-width: 10px) 100vw, 10px\" \/> Klaus Veltman (Einzelspiel), Kai Dittmann (Konferenz)<br>Field-Reporterin: Mara Mones<\/p>\n\n\n\n<p><em><strong><em><strong><em><strong>VfL Wolfsburg <\/strong><\/em><\/strong><\/em>\u2013 <em><strong><em><strong>VfL Bochum<\/strong><\/em><\/strong><\/em> (15.30 Uhr)<\/strong><\/em><br><img loading=\"lazy\" decoding=\"async\" width=\"10\" height=\"21\" class=\"wp-image-3656\" style=\"width: 10px;\" src=\"http:\/\/kommentatorenblog.de\/wp-content\/uploads\/2020\/09\/shure-55sh-ii-e1601485394796.jpg\" alt=\"\" srcset=\"http:\/\/kommentatorenblog.de\/wp-content\/uploads\/2020\/09\/shure-55sh-ii-e1601485394796.jpg 415w, http:\/\/kommentatorenblog.de\/wp-content\/uploads\/2020\/09\/shure-55sh-ii-e1601485394796-142x300.jpg 142w\" sizes=\"auto, (max-width: 10px) 100vw, 10px\" \/> Torsten Kunde (Einzelspiel), Florian Schmidt-Sommerfeld (Konferenz)<br>Field-Reporter: Karsten Petrzika<\/p>\n\n\n\n<p>Moderation: Britta Hofmann, Experten: Dietmar Hamann und Erik Meijer<\/p>\n\n\n\n<p><span style=\"text-decoration: underline;\">ab 17.30 Uhr (Sky)<\/span> <\/p>\n\n\n\n<p><em><strong>Borussia Dortmund \u2013 1. FC Union Berlin (18.30 Uhr)<\/strong><\/em><br><img loading=\"lazy\" decoding=\"async\" width=\"10\" height=\"21\" class=\"wp-image-3656\" style=\"width: 10px;\" src=\"http:\/\/kommentatorenblog.de\/wp-content\/uploads\/2020\/09\/shure-55sh-ii-e1601485394796.jpg\" alt=\"\" srcset=\"http:\/\/kommentatorenblog.de\/wp-content\/uploads\/2020\/09\/shure-55sh-ii-e1601485394796.jpg 415w, http:\/\/kommentatorenblog.de\/wp-content\/uploads\/2020\/09\/shure-55sh-ii-e1601485394796-142x300.jpg 142w\" sizes=\"auto, (max-width: 10px) 100vw, 10px\" \/> Wolff Fuss<br>Field-Reporter: Yannick Erkenbrecher<br>Moderation: Sebastian Hellmann, Expert:innen: Julia Simic und Lothar Matth\u00e4us<\/p>\n\n\n\n<p><span style=\"text-decoration: underline;\">Sonntag, 23. Februar 2025, ab 15.00 Uhr (DAZN)<\/span><\/p>\n\n\n\n<p><em><strong>RasenBallsport Leipzig \u2013 1. FC Heidenheim (15.30 Uhr)<\/strong><\/em><br><img loading=\"lazy\" decoding=\"async\" width=\"10\" height=\"21\" class=\"wp-image-3656\" style=\"width: 10px;\" src=\"http:\/\/kommentatorenblog.de\/wp-content\/uploads\/2020\/09\/shure-55sh-ii-e1601485394796.jpg\" alt=\"\" srcset=\"http:\/\/kommentatorenblog.de\/wp-content\/uploads\/2020\/09\/shure-55sh-ii-e1601485394796.jpg 415w, http:\/\/kommentatorenblog.de\/wp-content\/uploads\/2020\/09\/shure-55sh-ii-e1601485394796-142x300.jpg 142w\" sizes=\"auto, (max-width: 10px) 100vw, 10px\" \/> Tom Kirsten, Experte: Benny Lauth<br>Moderation: Andres Veredas Salazar, Field-Reporterin: Christina Rann<\/p>\n\n\n\n<p><span style=\"text-decoration: underline;\">ab 16.45 Uhr (DAZN)<\/span><\/p>\n\n\n\n<p><em><strong>FC Bayern M\u00fcnchen \u2013 Eintracht Frankfurt (17.30 Uhr)<\/strong><\/em><br><img loading=\"lazy\" decoding=\"async\" width=\"10\" height=\"21\" class=\"wp-image-3656\" style=\"width: 10px;\" src=\"http:\/\/kommentatorenblog.de\/wp-content\/uploads\/2020\/09\/shure-55sh-ii-e1601485394796.jpg\" alt=\"\" srcset=\"http:\/\/kommentatorenblog.de\/wp-content\/uploads\/2020\/09\/shure-55sh-ii-e1601485394796.jpg 415w, http:\/\/kommentatorenblog.de\/wp-content\/uploads\/2020\/09\/shure-55sh-ii-e1601485394796-142x300.jpg 142w\" sizes=\"auto, (max-width: 10px) 100vw, 10px\" \/> Freddy Harder, Experte: Michael Ballack<br>Moderation: Laura Wontorra, Field-Reporter: Daniel Herzog<\/p>\n\n\n\n<p><span style=\"text-decoration: underline;\">ab 19.00 Uhr (DAZN)<\/span><\/p>\n\n\n\n<p><em><strong>TSG 1899 Hoffenheim \u2013 VfB Stuttgart (19.30 Uhr)<\/strong><\/em><br><img loading=\"lazy\" decoding=\"async\" width=\"10\" height=\"21\" class=\"wp-image-3656\" style=\"width: 10px;\" src=\"http:\/\/kommentatorenblog.de\/wp-content\/uploads\/2020\/09\/shure-55sh-ii-e1601485394796.jpg\" alt=\"\" srcset=\"http:\/\/kommentatorenblog.de\/wp-content\/uploads\/2020\/09\/shure-55sh-ii-e1601485394796.jpg 415w, http:\/\/kommentatorenblog.de\/wp-content\/uploads\/2020\/09\/shure-55sh-ii-e1601485394796-142x300.jpg 142w\" sizes=\"auto, (max-width: 10px) 100vw, 10px\" \/> Lukas Sch\u00f6nm\u00fcller, Experte: Sascha Bigalke<br>Moderation: Benni Zander, Field-Reporterin: Ann-Sophie Kimmel<\/p>\n\n\n\n<hr class=\"wp-block-separator has-css-opacity is-style-default\"\/>\n\n\n\n<p><strong>2. Bundesliga (GER), 23. Spieltag (Sky\/Sport1)<\/strong><\/p>\n\n\n\n<p><span style=\"text-decoration: underline;\">Freitag, 21. Februar 2025, ab 18.00 Uhr (Sky)<\/span><\/p>\n\n\n\n<p><em><strong>Die Konferenz (18.30 Uhr)<\/strong><\/em><br><img loading=\"lazy\" decoding=\"async\" width=\"10\" height=\"21\" class=\"wp-image-3656\" style=\"width: 10px;\" src=\"http:\/\/kommentatorenblog.de\/wp-content\/uploads\/2020\/09\/shure-55sh-ii-e1601485394796.jpg\" alt=\"\" srcset=\"http:\/\/kommentatorenblog.de\/wp-content\/uploads\/2020\/09\/shure-55sh-ii-e1601485394796.jpg 415w, http:\/\/kommentatorenblog.de\/wp-content\/uploads\/2020\/09\/shure-55sh-ii-e1601485394796-142x300.jpg 142w\" sizes=\"auto, (max-width: 10px) 100vw, 10px\" \/> Roland Evers (Fokus auf HSV-FCK)<\/p>\n\n\n\n<p><em><strong>Hamburger SV \u2013 1. FC Kaiserslautern (18.30 Uhr)<\/strong><\/em><br><img loading=\"lazy\" decoding=\"async\" width=\"10\" height=\"21\" class=\"wp-image-3656\" style=\"width: 10px;\" src=\"http:\/\/kommentatorenblog.de\/wp-content\/uploads\/2020\/09\/shure-55sh-ii-e1601485394796.jpg\" alt=\"\" srcset=\"http:\/\/kommentatorenblog.de\/wp-content\/uploads\/2020\/09\/shure-55sh-ii-e1601485394796.jpg 415w, http:\/\/kommentatorenblog.de\/wp-content\/uploads\/2020\/09\/shure-55sh-ii-e1601485394796-142x300.jpg 142w\" sizes=\"auto, (max-width: 10px) 100vw, 10px\" \/> Hannes Herrmann<\/p>\n\n\n\n<p><em><strong>Hertha BSC \u2013 1. FC N\u00fcrnberg (18.30 Uhr)<\/strong><\/em><br><img loading=\"lazy\" decoding=\"async\" width=\"10\" height=\"21\" class=\"wp-image-3656\" style=\"width: 10px;\" src=\"http:\/\/kommentatorenblog.de\/wp-content\/uploads\/2020\/09\/shure-55sh-ii-e1601485394796.jpg\" alt=\"\" srcset=\"http:\/\/kommentatorenblog.de\/wp-content\/uploads\/2020\/09\/shure-55sh-ii-e1601485394796.jpg 415w, http:\/\/kommentatorenblog.de\/wp-content\/uploads\/2020\/09\/shure-55sh-ii-e1601485394796-142x300.jpg 142w\" sizes=\"auto, (max-width: 10px) 100vw, 10px\" \/> J\u00fcrgen Schmitz<br>Field-Reporterin: Lisa de Ruiter<\/p>\n\n\n\n<p>Moderation (aus Hamburg): Nele Ocik, Experte: S\u00f6ren Gonther<\/p>\n\n\n\n<p><span style=\"text-decoration: underline;\">Samstag, 22. Februar 2025, ab 12.30 Uhr (Sky)<\/span><\/p>\n\n\n\n<p><em><strong>Die Konferenz (13.00 Uhr)<\/strong><\/em><br><img loading=\"lazy\" decoding=\"async\" width=\"10\" height=\"21\" class=\"wp-image-3656\" style=\"width: 10px;\" src=\"http:\/\/kommentatorenblog.de\/wp-content\/uploads\/2020\/09\/shure-55sh-ii-e1601485394796.jpg\" alt=\"\" srcset=\"http:\/\/kommentatorenblog.de\/wp-content\/uploads\/2020\/09\/shure-55sh-ii-e1601485394796.jpg 415w, http:\/\/kommentatorenblog.de\/wp-content\/uploads\/2020\/09\/shure-55sh-ii-e1601485394796-142x300.jpg 142w\" sizes=\"auto, (max-width: 10px) 100vw, 10px\" \/> Martin Gro\u00df (Fokus auf KSC-FCM)<\/p>\n\n\n\n<p><em><strong>Karlsruher SC \u2013 <em><strong>1. FC Magdeburg<\/strong><\/em> (13.00 Uhr)<\/strong><\/em><br><img loading=\"lazy\" decoding=\"async\" width=\"10\" height=\"21\" class=\"wp-image-3656\" style=\"width: 10px;\" src=\"http:\/\/kommentatorenblog.de\/wp-content\/uploads\/2020\/09\/shure-55sh-ii-e1601485394796.jpg\" alt=\"\" srcset=\"http:\/\/kommentatorenblog.de\/wp-content\/uploads\/2020\/09\/shure-55sh-ii-e1601485394796.jpg 415w, http:\/\/kommentatorenblog.de\/wp-content\/uploads\/2020\/09\/shure-55sh-ii-e1601485394796-142x300.jpg 142w\" sizes=\"auto, (max-width: 10px) 100vw, 10px\" \/> Oliver Seidler<\/p>\n\n\n\n<p><em><strong>SSV Ulm 1846 \u2013 SV Elversberg (13.00 Uhr)<\/strong><\/em><br><img loading=\"lazy\" decoding=\"async\" width=\"10\" height=\"21\" class=\"wp-image-3656\" style=\"width: 10px;\" src=\"http:\/\/kommentatorenblog.de\/wp-content\/uploads\/2020\/09\/shure-55sh-ii-e1601485394796.jpg\" alt=\"\" srcset=\"http:\/\/kommentatorenblog.de\/wp-content\/uploads\/2020\/09\/shure-55sh-ii-e1601485394796.jpg 415w, http:\/\/kommentatorenblog.de\/wp-content\/uploads\/2020\/09\/shure-55sh-ii-e1601485394796-142x300.jpg 142w\" sizes=\"auto, (max-width: 10px) 100vw, 10px\" \/> Sven Schr\u00f6ter<br>Field-Reporter: Marcel Meinert<\/p>\n\n\n\n<p><em><strong>SC Preu\u00dfen M\u00fcnster \u2013 SSV Jahn Regensburg (13.00 Uhr)<\/strong><\/em><br><img loading=\"lazy\" decoding=\"async\" width=\"10\" height=\"21\" class=\"wp-image-3656\" style=\"width: 10px;\" src=\"http:\/\/kommentatorenblog.de\/wp-content\/uploads\/2020\/09\/shure-55sh-ii-e1601485394796.jpg\" alt=\"\" srcset=\"http:\/\/kommentatorenblog.de\/wp-content\/uploads\/2020\/09\/shure-55sh-ii-e1601485394796.jpg 415w, http:\/\/kommentatorenblog.de\/wp-content\/uploads\/2020\/09\/shure-55sh-ii-e1601485394796-142x300.jpg 142w\" sizes=\"auto, (max-width: 10px) 100vw, 10px\" \/> J\u00fcrgen Schmitz<br>Field-Reporter: Patrick Berger<\/p>\n\n\n\n<p>Moderation (aus Karlsruhe): Stefan Hempel, Gast: Enis Hajri<\/p>\n\n\n\n<p><span style=\"text-decoration: underline;\">ab 19.30 Uhr (Sport1) bzw. 20.00 Uhr (Sky)<\/span> <\/p>\n\n\n\n<p><em><strong>Hannover 96 \u2013 SC Paderborn 07 (20.30 Uhr)<\/strong><\/em><\/p>\n\n\n\n<p><img loading=\"lazy\" decoding=\"async\" width=\"10\" height=\"21\" class=\"wp-image-3656\" style=\"width: 10px;\" src=\"http:\/\/kommentatorenblog.de\/wp-content\/uploads\/2020\/09\/shure-55sh-ii-e1601485394796.jpg\" alt=\"\" srcset=\"http:\/\/kommentatorenblog.de\/wp-content\/uploads\/2020\/09\/shure-55sh-ii-e1601485394796.jpg 415w, http:\/\/kommentatorenblog.de\/wp-content\/uploads\/2020\/09\/shure-55sh-ii-e1601485394796-142x300.jpg 142w\" sizes=\"auto, (max-width: 10px) 100vw, 10px\" \/> <em>Sport1: <\/em>Oliver Forster, Experte: Peter Neururer<br>Field-Reporter: Hartwig Th\u00f6ne<br>Moderation: Ruth Hofmann<\/p>\n\n\n\n<p><img loading=\"lazy\" decoding=\"async\" width=\"10\" height=\"21\" class=\"wp-image-3656\" style=\"width: 10px;\" src=\"http:\/\/kommentatorenblog.de\/wp-content\/uploads\/2020\/09\/shure-55sh-ii-e1601485394796.jpg\" alt=\"\" srcset=\"http:\/\/kommentatorenblog.de\/wp-content\/uploads\/2020\/09\/shure-55sh-ii-e1601485394796.jpg 415w, http:\/\/kommentatorenblog.de\/wp-content\/uploads\/2020\/09\/shure-55sh-ii-e1601485394796-142x300.jpg 142w\" sizes=\"auto, (max-width: 10px) 100vw, 10px\" \/> <em>Sky: <\/em>Roland Evers, Experte: Torsten Mattuschka<br>Moderation: Max Zielke<\/p>\n\n\n\n<p><span style=\"text-decoration: underline;\">Sonntag, 23. Februar 2025, ab 13.00 Uhr (Sky)<\/span><\/p>\n\n\n\n<p><em><strong>Die Konferenz (13.30 Uhr)<\/strong><\/em><br><img loading=\"lazy\" decoding=\"async\" width=\"10\" height=\"21\" class=\"wp-image-3656\" style=\"width: 10px;\" src=\"http:\/\/kommentatorenblog.de\/wp-content\/uploads\/2020\/09\/shure-55sh-ii-e1601485394796.jpg\" alt=\"\" srcset=\"http:\/\/kommentatorenblog.de\/wp-content\/uploads\/2020\/09\/shure-55sh-ii-e1601485394796.jpg 415w, http:\/\/kommentatorenblog.de\/wp-content\/uploads\/2020\/09\/shure-55sh-ii-e1601485394796-142x300.jpg 142w\" sizes=\"auto, (max-width: 10px) 100vw, 10px\" \/> Christian Stra\u00dfburger (Fokus auf KOE-F95)<\/p>\n\n\n\n<p><em><strong>1. FC K\u00f6ln \u2013 Fortuna D\u00fcsseldorf (13.30 Uhr)<\/strong><\/em><br><img loading=\"lazy\" decoding=\"async\" width=\"10\" height=\"21\" class=\"wp-image-3656\" style=\"width: 10px;\" src=\"http:\/\/kommentatorenblog.de\/wp-content\/uploads\/2020\/09\/shure-55sh-ii-e1601485394796.jpg\" alt=\"\" srcset=\"http:\/\/kommentatorenblog.de\/wp-content\/uploads\/2020\/09\/shure-55sh-ii-e1601485394796.jpg 415w, http:\/\/kommentatorenblog.de\/wp-content\/uploads\/2020\/09\/shure-55sh-ii-e1601485394796-142x300.jpg 142w\" sizes=\"auto, (max-width: 10px) 100vw, 10px\" \/> Martin Gro\u00df<\/p>\n\n\n\n<p><em><strong><em><strong>SV Darmstadt 98<\/strong><\/em> \u2013 FC Schalke 04 (13.30 Uhr)<\/strong><\/em><br><img loading=\"lazy\" decoding=\"async\" width=\"10\" height=\"21\" class=\"wp-image-3656\" style=\"width: 10px;\" src=\"http:\/\/kommentatorenblog.de\/wp-content\/uploads\/2020\/09\/shure-55sh-ii-e1601485394796.jpg\" alt=\"\" srcset=\"http:\/\/kommentatorenblog.de\/wp-content\/uploads\/2020\/09\/shure-55sh-ii-e1601485394796.jpg 415w, http:\/\/kommentatorenblog.de\/wp-content\/uploads\/2020\/09\/shure-55sh-ii-e1601485394796-142x300.jpg 142w\" sizes=\"auto, (max-width: 10px) 100vw, 10px\" \/> Dominik M\u00fcller<br>Field-Reporter: Dirk gro\u00dfe Schlarmann<\/p>\n\n\n\n<p><em><strong>SpVgg Greuther F\u00fcrth \u2013 <em><strong><em><strong>Eintracht Braunschweig<\/strong><\/em><\/strong><\/em> (13.30 Uhr)<\/strong><\/em><br><img loading=\"lazy\" decoding=\"async\" width=\"10\" height=\"21\" class=\"wp-image-3656\" style=\"width: 10px;\" src=\"http:\/\/kommentatorenblog.de\/wp-content\/uploads\/2020\/09\/shure-55sh-ii-e1601485394796.jpg\" alt=\"\" srcset=\"http:\/\/kommentatorenblog.de\/wp-content\/uploads\/2020\/09\/shure-55sh-ii-e1601485394796.jpg 415w, http:\/\/kommentatorenblog.de\/wp-content\/uploads\/2020\/09\/shure-55sh-ii-e1601485394796-142x300.jpg 142w\" sizes=\"auto, (max-width: 10px) 100vw, 10px\" \/> Oliver Seidler<br>Field-Reporter<s>in<\/s>: <s>Mara Mones<\/s> Marcel Meinert, Gast: Stefan Reisinger<\/p>\n\n\n\n<p>Moderation (aus K\u00f6ln): Thomas Wagner, Experte: Simon Terodde<\/p>\n\n\n\n<hr class=\"wp-block-separator has-css-opacity is-style-default\"\/>\n\n\n\n<p><strong>3. Liga (GER), 25. Spieltag (Magenta Sport\/NDR\/MDR\/WDR)<\/strong><\/p>\n\n\n\n<p><span style=\"text-decoration: underline;\">Freitag, 21. Februar 2025, ab 18.30 Uhr (Magenta)<\/span><\/p>\n\n\n\n<p><em><strong>TSV 1860 M\u00fcnchen \u2013 DSC Arminia Bielefeld (19.00 Uhr)<\/strong><\/em><br><img loading=\"lazy\" decoding=\"async\" width=\"10\" height=\"21\" class=\"wp-image-3656\" style=\"width: 10px;\" src=\"http:\/\/kommentatorenblog.de\/wp-content\/uploads\/2020\/09\/shure-55sh-ii-e1601485394796.jpg\" alt=\"\" srcset=\"http:\/\/kommentatorenblog.de\/wp-content\/uploads\/2020\/09\/shure-55sh-ii-e1601485394796.jpg 415w, http:\/\/kommentatorenblog.de\/wp-content\/uploads\/2020\/09\/shure-55sh-ii-e1601485394796-142x300.jpg 142w\" sizes=\"auto, (max-width: 10px) 100vw, 10px\" \/> Christian Stra\u00dfburger<br>Moderation: Sascha Bandermann, Experte: Martin Lanig<\/p>\n\n\n\n<p><span style=\"text-decoration: underline;\">Samstag, 22. Februar 2025, ab 13.30 Uhr (Magenta)<\/span><\/p>\n\n\n\n<p><em><strong>Die Konferenz (14.00 Uhr)<\/strong><\/em><br><img loading=\"lazy\" decoding=\"async\" width=\"10\" height=\"21\" class=\"wp-image-3656\" style=\"width: 10px;\" src=\"http:\/\/kommentatorenblog.de\/wp-content\/uploads\/2020\/09\/shure-55sh-ii-e1601485394796.jpg\" alt=\"\" srcset=\"http:\/\/kommentatorenblog.de\/wp-content\/uploads\/2020\/09\/shure-55sh-ii-e1601485394796.jpg 415w, http:\/\/kommentatorenblog.de\/wp-content\/uploads\/2020\/09\/shure-55sh-ii-e1601485394796-142x300.jpg 142w\" sizes=\"auto, (max-width: 10px) 100vw, 10px\" \/> Christian Stra\u00dfburger, Experte: Fabian Klos<\/p>\n\n\n\n<p><span style=\"text-decoration: underline;\">ab 13.45 Uhr (Magenta)<\/span> <\/p>\n\n\n\n<p><em><strong>FC Erzgebirge Aue \u2013 SpVgg Unterhaching (14.00 Uhr)<\/strong><\/em><br><img loading=\"lazy\" decoding=\"async\" width=\"10\" height=\"21\" class=\"wp-image-3656\" style=\"width: 10px;\" src=\"http:\/\/kommentatorenblog.de\/wp-content\/uploads\/2020\/09\/shure-55sh-ii-e1601485394796.jpg\" alt=\"\" srcset=\"http:\/\/kommentatorenblog.de\/wp-content\/uploads\/2020\/09\/shure-55sh-ii-e1601485394796.jpg 415w, http:\/\/kommentatorenblog.de\/wp-content\/uploads\/2020\/09\/shure-55sh-ii-e1601485394796-142x300.jpg 142w\" sizes=\"auto, (max-width: 10px) 100vw, 10px\" \/> Lenny Leonhardt<br>Moderation: Hannes Jakobi<\/p>\n\n\n\n<p><em><strong>Alemannia Aachen \u2013 Borussia Dortmund II (14.00 Uhr)<\/strong><\/em><br><img loading=\"lazy\" decoding=\"async\" width=\"10\" height=\"21\" class=\"wp-image-3656\" style=\"width: 10px;\" src=\"http:\/\/kommentatorenblog.de\/wp-content\/uploads\/2020\/09\/shure-55sh-ii-e1601485394796.jpg\" alt=\"\" srcset=\"http:\/\/kommentatorenblog.de\/wp-content\/uploads\/2020\/09\/shure-55sh-ii-e1601485394796.jpg 415w, http:\/\/kommentatorenblog.de\/wp-content\/uploads\/2020\/09\/shure-55sh-ii-e1601485394796-142x300.jpg 142w\" sizes=\"auto, (max-width: 10px) 100vw, 10px\" \/> Markus H\u00f6hner<br>Moderation: Thomas Wagner<\/p>\n\n\n\n<p><strong><em>SC Verl <\/em><\/strong><em><strong>\u2013 FC Viktoria K\u00f6ln (14.00 Uhr)<\/strong><\/em><br><img loading=\"lazy\" decoding=\"async\" width=\"10\" height=\"21\" class=\"wp-image-3656\" style=\"width: 10px;\" src=\"http:\/\/kommentatorenblog.de\/wp-content\/uploads\/2020\/09\/shure-55sh-ii-e1601485394796.jpg\" alt=\"\" srcset=\"http:\/\/kommentatorenblog.de\/wp-content\/uploads\/2020\/09\/shure-55sh-ii-e1601485394796.jpg 415w, http:\/\/kommentatorenblog.de\/wp-content\/uploads\/2020\/09\/shure-55sh-ii-e1601485394796-142x300.jpg 142w\" sizes=\"auto, (max-width: 10px) 100vw, 10px\" \/> Martin Hahn<br>Moderation: Kamila Benschop<\/p>\n\n\n\n<p><span style=\"text-decoration: underline;\">ab 13.45 Uhr (Magenta) bzw. ab 14.00 Uhr (NDR\/MDR)<\/span><\/p>\n\n\n\n<p><strong><em>F.C. Hansa Rostock <\/em><\/strong><em><strong>\u2013 SG Dynamo Dresden (14.00 Uhr)<\/strong><\/em><\/p>\n\n\n\n<p><img loading=\"lazy\" decoding=\"async\" width=\"10\" height=\"21\" class=\"wp-image-3656\" style=\"width: 10px;\" src=\"http:\/\/kommentatorenblog.de\/wp-content\/uploads\/2020\/09\/shure-55sh-ii-e1601485394796.jpg\" alt=\"\" srcset=\"http:\/\/kommentatorenblog.de\/wp-content\/uploads\/2020\/09\/shure-55sh-ii-e1601485394796.jpg 415w, http:\/\/kommentatorenblog.de\/wp-content\/uploads\/2020\/09\/shure-55sh-ii-e1601485394796-142x300.jpg 142w\" sizes=\"auto, (max-width: 10px) 100vw, 10px\" \/> <em>Magenta: <\/em>Andreas Mann<br>Moderation (<em>Magenta<\/em>): Holger Speckhahn<\/p>\n\n\n\n<p><img loading=\"lazy\" decoding=\"async\" width=\"10\" height=\"21\" class=\"wp-image-3656\" style=\"width: 10px;\" src=\"http:\/\/kommentatorenblog.de\/wp-content\/uploads\/2020\/09\/shure-55sh-ii-e1601485394796.jpg\" alt=\"\" srcset=\"http:\/\/kommentatorenblog.de\/wp-content\/uploads\/2020\/09\/shure-55sh-ii-e1601485394796.jpg 415w, http:\/\/kommentatorenblog.de\/wp-content\/uploads\/2020\/09\/shure-55sh-ii-e1601485394796-142x300.jpg 142w\" sizes=\"auto, (max-width: 10px) 100vw, 10px\" \/> <em>NDR: <\/em>Hendrik Deichmann<br>Moderation (<em>NDR<\/em>): Martin Roschitz<\/p>\n\n\n\n<p><img loading=\"lazy\" decoding=\"async\" width=\"10\" height=\"21\" class=\"wp-image-3656\" style=\"width: 10px;\" src=\"http:\/\/kommentatorenblog.de\/wp-content\/uploads\/2020\/09\/shure-55sh-ii-e1601485394796.jpg\" alt=\"\" srcset=\"http:\/\/kommentatorenblog.de\/wp-content\/uploads\/2020\/09\/shure-55sh-ii-e1601485394796.jpg 415w, http:\/\/kommentatorenblog.de\/wp-content\/uploads\/2020\/09\/shure-55sh-ii-e1601485394796-142x300.jpg 142w\" sizes=\"auto, (max-width: 10px) 100vw, 10px\" \/> <em>MDR: <\/em>Eik Galley, Experte: Benjamin Kirsten<br>Moderation (<em>MDR<\/em>): Tom Scheunemann<\/p>\n\n\n\n<p><span style=\"text-decoration: underline;\">ab 13.45 Uhr (Magenta) bzw. ab 14.00 Uhr (WDR)<\/span><\/p>\n\n\n\n<p><strong><em><em><strong>Rot-Weiss Essen<\/strong><\/em> <\/em><\/strong><em><strong>\u2013 <strong><em><em><strong>FC Ingolstadt 04<\/strong><\/em><\/em><\/strong> (14.00 Uhr)<\/strong><\/em><\/p>\n\n\n\n<p><img loading=\"lazy\" decoding=\"async\" width=\"10\" height=\"21\" class=\"wp-image-3656\" style=\"width: 10px;\" src=\"http:\/\/kommentatorenblog.de\/wp-content\/uploads\/2020\/09\/shure-55sh-ii-e1601485394796.jpg\" alt=\"\" srcset=\"http:\/\/kommentatorenblog.de\/wp-content\/uploads\/2020\/09\/shure-55sh-ii-e1601485394796.jpg 415w, http:\/\/kommentatorenblog.de\/wp-content\/uploads\/2020\/09\/shure-55sh-ii-e1601485394796-142x300.jpg 142w\" sizes=\"auto, (max-width: 10px) 100vw, 10px\" \/> <em>Magenta: <\/em>Julian Engelhard<br>Moderation (<em>Magenta<\/em>): Tobi Sch\u00e4fer<\/p>\n\n\n\n<p><img loading=\"lazy\" decoding=\"async\" width=\"10\" height=\"21\" class=\"wp-image-3656\" style=\"width: 10px;\" src=\"http:\/\/kommentatorenblog.de\/wp-content\/uploads\/2020\/09\/shure-55sh-ii-e1601485394796.jpg\" alt=\"\" srcset=\"http:\/\/kommentatorenblog.de\/wp-content\/uploads\/2020\/09\/shure-55sh-ii-e1601485394796.jpg 415w, http:\/\/kommentatorenblog.de\/wp-content\/uploads\/2020\/09\/shure-55sh-ii-e1601485394796-142x300.jpg 142w\" sizes=\"auto, (max-width: 10px) 100vw, 10px\" \/> <em>WDR: <\/em>Torsten Winkler<br>Field-Reporterin (<em>WDR<\/em>): Nesrin Elnabolsy<\/p>\n\n\n\n<p><span style=\"text-decoration: underline;\">ab 16.15 Uhr (Magenta)<\/span> <\/p>\n\n\n\n<p><em><strong><em><strong>1. FC Saarbr\u00fccken<\/strong><\/em> \u2013 Hannover 96 II (16.30 Uhr)<\/strong><\/em><br><img loading=\"lazy\" decoding=\"async\" width=\"10\" height=\"21\" class=\"wp-image-3656\" style=\"width: 10px;\" src=\"http:\/\/kommentatorenblog.de\/wp-content\/uploads\/2020\/09\/shure-55sh-ii-e1601485394796.jpg\" alt=\"\" srcset=\"http:\/\/kommentatorenblog.de\/wp-content\/uploads\/2020\/09\/shure-55sh-ii-e1601485394796.jpg 415w, http:\/\/kommentatorenblog.de\/wp-content\/uploads\/2020\/09\/shure-55sh-ii-e1601485394796-142x300.jpg 142w\" sizes=\"auto, (max-width: 10px) 100vw, 10px\" \/> Michael Bollenbacher<br>Moderation: Kevin Gerwin<\/p>\n\n\n\n<p><span style=\"text-decoration: underline;\"><span style=\"text-decoration: underline;\">Sonntag, 23. Februar 2025<\/span>, ab 13.15 Uhr (Magenta)<\/span><\/p>\n\n\n\n<p><em><strong>VfB Stuttgart II \u2013 FC Energie Cottbus (13.30 Uhr)<\/strong><\/em><br><img loading=\"lazy\" decoding=\"async\" width=\"10\" height=\"21\" class=\"wp-image-3656\" style=\"width: 10px;\" src=\"http:\/\/kommentatorenblog.de\/wp-content\/uploads\/2020\/09\/shure-55sh-ii-e1601485394796.jpg\" alt=\"\" srcset=\"http:\/\/kommentatorenblog.de\/wp-content\/uploads\/2020\/09\/shure-55sh-ii-e1601485394796.jpg 415w, http:\/\/kommentatorenblog.de\/wp-content\/uploads\/2020\/09\/shure-55sh-ii-e1601485394796-142x300.jpg 142w\" sizes=\"auto, (max-width: 10px) 100vw, 10px\" \/> Oskar Heirler<br>Moderation: Sascha Bandermann<\/p>\n\n\n\n<p><span style=\"text-decoration: underline;\">ab 16.15 Uhr (Magenta)<\/span> <\/p>\n\n\n\n<p><em><strong>VfL Osnabr\u00fcck \u2013 SV Waldhof Mannheim (16.30 Uhr)<\/strong><\/em><br><img loading=\"lazy\" decoding=\"async\" width=\"10\" height=\"21\" class=\"wp-image-3656\" style=\"width: 10px;\" src=\"http:\/\/kommentatorenblog.de\/wp-content\/uploads\/2020\/09\/shure-55sh-ii-e1601485394796.jpg\" alt=\"\" srcset=\"http:\/\/kommentatorenblog.de\/wp-content\/uploads\/2020\/09\/shure-55sh-ii-e1601485394796.jpg 415w, http:\/\/kommentatorenblog.de\/wp-content\/uploads\/2020\/09\/shure-55sh-ii-e1601485394796-142x300.jpg 142w\" sizes=\"auto, (max-width: 10px) 100vw, 10px\" \/> Philip Konrad<br>Moderation: Kamila Benschop<\/p>\n\n\n\n<p><span style=\"text-decoration: underline;\">ab 19.15 Uhr (Magenta)<\/span> <\/p>\n\n\n\n<p><em><strong><em><strong>SV Sandhausen \u2013 SV Wehen Wiesbaden<\/strong><\/em> (19.30 Uhr)<\/strong><\/em><br><img loading=\"lazy\" decoding=\"async\" width=\"10\" height=\"21\" class=\"wp-image-3656\" style=\"width: 10px;\" src=\"http:\/\/kommentatorenblog.de\/wp-content\/uploads\/2020\/09\/shure-55sh-ii-e1601485394796.jpg\" alt=\"\" srcset=\"http:\/\/kommentatorenblog.de\/wp-content\/uploads\/2020\/09\/shure-55sh-ii-e1601485394796.jpg 415w, http:\/\/kommentatorenblog.de\/wp-content\/uploads\/2020\/09\/shure-55sh-ii-e1601485394796-142x300.jpg 142w\" sizes=\"auto, (max-width: 10px) 100vw, 10px\" \/> Mario Bast<br>Moderation: Alexander K\u00fcpper<\/p>\n\n\n\n<hr class=\"wp-block-separator has-css-opacity is-style-default\"\/>\n\n\n\n<p><strong>Regionalliga Nordost (GER), 23. Spieltag (MDR\/Ostsport.TV)<\/strong><\/p>\n\n\n\n<p><span style=\"text-decoration: underline;\">Samstag, 22. Februar 2025 (MDR)<\/span><\/p>\n\n\n\n<p><em><strong>1. FC Lokomotive Leipzig \u2013 <em><strong>Hertha BSC II<\/strong><\/em> (16.00 Uhr)<\/strong><\/em><br><img loading=\"lazy\" decoding=\"async\" width=\"10\" height=\"21\" class=\"wp-image-3656\" style=\"width: 10px;\" src=\"http:\/\/kommentatorenblog.de\/wp-content\/uploads\/2020\/09\/shure-55sh-ii-e1601485394796.jpg\" alt=\"\" srcset=\"http:\/\/kommentatorenblog.de\/wp-content\/uploads\/2020\/09\/shure-55sh-ii-e1601485394796.jpg 415w, http:\/\/kommentatorenblog.de\/wp-content\/uploads\/2020\/09\/shure-55sh-ii-e1601485394796-142x300.jpg 142w\" sizes=\"auto, (max-width: 10px) 100vw, 10px\" \/> Torsten P\u00fcschel, Experte: Lutz Lindemann<br>Moderation: Tom Scheunemann<\/p>\n\n\n\n<hr class=\"wp-block-separator has-css-opacity is-style-default\"\/>\n\n\n\n<p><strong>U19-DFB-Nachwuchsliga A (GER), 4. Spieltag (Sky)<\/strong><\/p>\n\n\n\n<p><span style=\"text-decoration: underline;\">Samstag, 22. Februar 2025<\/span><\/p>\n\n\n\n<p><strong><em>FC Schalke 04 U19 <strong><em><em><strong>\u2013<\/strong><\/em><\/em><\/strong> FC Bayern M\u00fcnchen U19 (11.00 Uhr)<\/em><\/strong><br><img loading=\"lazy\" decoding=\"async\" width=\"10\" height=\"21\" class=\"wp-image-3656\" style=\"width: 10px;\" src=\"http:\/\/kommentatorenblog.de\/wp-content\/uploads\/2020\/09\/shure-55sh-ii-e1601485394796.jpg\" alt=\"\" srcset=\"http:\/\/kommentatorenblog.de\/wp-content\/uploads\/2020\/09\/shure-55sh-ii-e1601485394796.jpg 415w, http:\/\/kommentatorenblog.de\/wp-content\/uploads\/2020\/09\/shure-55sh-ii-e1601485394796-142x300.jpg 142w\" sizes=\"auto, (max-width: 10px) 100vw, 10px\" \/> ohne Kommentar<\/p>\n\n\n\n<p><span style=\"text-decoration: underline;\">Sonntag, 23. Februar 2025<\/span><\/p>\n\n\n\n<p><strong><em>Bayer 04 Leverkusen U19 <strong><em><em><strong>\u2013<\/strong><\/em><\/em><\/strong> TSG 1899 Hoffenheim U19 (11.00 Uhr)<\/em><\/strong><br><img loading=\"lazy\" decoding=\"async\" width=\"10\" height=\"21\" class=\"wp-image-3656\" style=\"width: 10px;\" src=\"http:\/\/kommentatorenblog.de\/wp-content\/uploads\/2020\/09\/shure-55sh-ii-e1601485394796.jpg\" alt=\"\" srcset=\"http:\/\/kommentatorenblog.de\/wp-content\/uploads\/2020\/09\/shure-55sh-ii-e1601485394796.jpg 415w, http:\/\/kommentatorenblog.de\/wp-content\/uploads\/2020\/09\/shure-55sh-ii-e1601485394796-142x300.jpg 142w\" sizes=\"auto, (max-width: 10px) 100vw, 10px\" \/> Sven Schr\u00f6ter<\/p>\n\n\n\n<hr class=\"wp-block-separator has-alpha-channel-opacity\"\/>\n\n\n\n<p><strong>Premier League (ENG), 26. Spieltag (Sky\/RTL+)<\/strong><\/p>\n\n\n\n<p><span style=\"text-decoration: underline;\">Freitag, 21. Februar 2025, ab 20.50 Uhr (Sky)<\/span><\/p>\n\n\n\n<p><em><strong>Leicester City \u2013 FC Brentford (21.00 Uhr)<\/strong><\/em><br><img loading=\"lazy\" decoding=\"async\" width=\"10\" height=\"21\" class=\"wp-image-3656\" style=\"width: 10px;\" src=\"http:\/\/kommentatorenblog.de\/wp-content\/uploads\/2020\/09\/shure-55sh-ii-e1601485394796.jpg\" alt=\"\" srcset=\"http:\/\/kommentatorenblog.de\/wp-content\/uploads\/2020\/09\/shure-55sh-ii-e1601485394796.jpg 415w, http:\/\/kommentatorenblog.de\/wp-content\/uploads\/2020\/09\/shure-55sh-ii-e1601485394796-142x300.jpg 142w\" sizes=\"auto, (max-width: 10px) 100vw, 10px\" \/> Markus Gaupp<\/p>\n\n\n\n<p><span style=\"text-decoration: underline;\">Samstag, 22. Februar 2025, ab 13.20 Uhr (Sky)<\/span><\/p>\n\n\n\n<p><em><strong>FC Everton \u2013 Manchester United (13.30 Uhr)<\/strong><\/em><br><img loading=\"lazy\" decoding=\"async\" width=\"10\" height=\"21\" class=\"wp-image-3656\" style=\"width: 10px;\" src=\"http:\/\/kommentatorenblog.de\/wp-content\/uploads\/2020\/09\/shure-55sh-ii-e1601485394796.jpg\" alt=\"\" srcset=\"http:\/\/kommentatorenblog.de\/wp-content\/uploads\/2020\/09\/shure-55sh-ii-e1601485394796.jpg 415w, http:\/\/kommentatorenblog.de\/wp-content\/uploads\/2020\/09\/shure-55sh-ii-e1601485394796-142x300.jpg 142w\" sizes=\"auto, (max-width: 10px) 100vw, 10px\" \/> Uli Hebel<\/p>\n\n\n\n<p><span style=\"text-decoration: underline;\">ab 15.50 Uhr (Sky)<\/span><\/p>\n\n\n\n<p><em><strong>FC Arsenal \u2013 West Ham United (16.00 Uhr)<\/strong><\/em><br><img loading=\"lazy\" decoding=\"async\" width=\"10\" height=\"21\" class=\"wp-image-3656\" style=\"width: 10px;\" src=\"http:\/\/kommentatorenblog.de\/wp-content\/uploads\/2020\/09\/shure-55sh-ii-e1601485394796.jpg\" alt=\"\" srcset=\"http:\/\/kommentatorenblog.de\/wp-content\/uploads\/2020\/09\/shure-55sh-ii-e1601485394796.jpg 415w, http:\/\/kommentatorenblog.de\/wp-content\/uploads\/2020\/09\/shure-55sh-ii-e1601485394796-142x300.jpg 142w\" sizes=\"auto, (max-width: 10px) 100vw, 10px\" \/> Joachim Hebel<\/p>\n\n\n\n<p><em><strong>FC Fulham \u2013 Crystal Palace (16.00 Uhr)<\/strong><\/em><br><img loading=\"lazy\" decoding=\"async\" width=\"10\" height=\"21\" class=\"wp-image-3656\" style=\"width: 10px;\" src=\"http:\/\/kommentatorenblog.de\/wp-content\/uploads\/2020\/09\/shure-55sh-ii-e1601485394796.jpg\" alt=\"\" srcset=\"http:\/\/kommentatorenblog.de\/wp-content\/uploads\/2020\/09\/shure-55sh-ii-e1601485394796.jpg 415w, http:\/\/kommentatorenblog.de\/wp-content\/uploads\/2020\/09\/shure-55sh-ii-e1601485394796-142x300.jpg 142w\" sizes=\"auto, (max-width: 10px) 100vw, 10px\" \/> <s>Jaron Steiner<\/s> Timo Sch\u00e4fers<\/p>\n\n\n\n<p><span style=\"text-decoration: underline;\">ab 18.20 Uhr (Sky\/RTL+)<\/span><\/p>\n\n\n\n<p><em><strong>Aston Villa \u2013 FC Chelsea (18.30 Uhr)<\/strong><\/em><br><img loading=\"lazy\" decoding=\"async\" width=\"10\" height=\"21\" class=\"wp-image-3656\" style=\"width: 10px;\" src=\"http:\/\/kommentatorenblog.de\/wp-content\/uploads\/2020\/09\/shure-55sh-ii-e1601485394796.jpg\" alt=\"\" srcset=\"http:\/\/kommentatorenblog.de\/wp-content\/uploads\/2020\/09\/shure-55sh-ii-e1601485394796.jpg 415w, http:\/\/kommentatorenblog.de\/wp-content\/uploads\/2020\/09\/shure-55sh-ii-e1601485394796-142x300.jpg 142w\" sizes=\"auto, (max-width: 10px) 100vw, 10px\" \/> Toni Tomic<\/p>\n\n\n\n<p><span style=\"text-decoration: underline;\">Sonntag, 23. Februar 2025, ab 14.50 Uhr (Sky)<\/span><\/p>\n\n\n\n<p><em><strong>Newcastle United \u2013 Nottingham Forest (15.00 Uhr)<\/strong><\/em><br><img loading=\"lazy\" decoding=\"async\" width=\"10\" height=\"21\" class=\"wp-image-3656\" style=\"width: 10px;\" src=\"http:\/\/kommentatorenblog.de\/wp-content\/uploads\/2020\/09\/shure-55sh-ii-e1601485394796.jpg\" alt=\"\" srcset=\"http:\/\/kommentatorenblog.de\/wp-content\/uploads\/2020\/09\/shure-55sh-ii-e1601485394796.jpg 415w, http:\/\/kommentatorenblog.de\/wp-content\/uploads\/2020\/09\/shure-55sh-ii-e1601485394796-142x300.jpg 142w\" sizes=\"auto, (max-width: 10px) 100vw, 10px\" \/> Joachim Hebel<\/p>\n\n\n\n<p><span style=\"text-decoration: underline;\">ab 17.00 Uhr (Sky)<\/span><\/p>\n\n\n\n<p><em><strong>Manchester City \u2013 FC Liverpool (17.30 Uhr)<\/strong><\/em><br><img loading=\"lazy\" decoding=\"async\" width=\"10\" height=\"21\" class=\"wp-image-3656\" style=\"width: 10px;\" src=\"http:\/\/kommentatorenblog.de\/wp-content\/uploads\/2020\/09\/shure-55sh-ii-e1601485394796.jpg\" alt=\"\" srcset=\"http:\/\/kommentatorenblog.de\/wp-content\/uploads\/2020\/09\/shure-55sh-ii-e1601485394796.jpg 415w, http:\/\/kommentatorenblog.de\/wp-content\/uploads\/2020\/09\/shure-55sh-ii-e1601485394796-142x300.jpg 142w\" sizes=\"auto, (max-width: 10px) 100vw, 10px\" \/> Florian Schmidt-Sommerfeld, Experte: Shkodran Mustafi<br>Field-Reporter: Raphael Honigstein<\/p>\n\n\n\n<hr class=\"wp-block-separator has-alpha-channel-opacity\"\/>\n\n\n\n<p><strong>Serie A (ITA), 26. Spieltag (DAZN)<\/strong><\/p>\n\n\n\n<p><span style=\"text-decoration: underline;\">Samstag, 22. Februar 2025<\/span><\/p>\n\n\n\n<p><em><strong>FC Turin \u2013 AC Mailand (18.00 Uhr)<\/strong><\/em><br><img loading=\"lazy\" decoding=\"async\" width=\"10\" height=\"21\" class=\"wp-image-3656\" style=\"width: 10px;\" src=\"http:\/\/kommentatorenblog.de\/wp-content\/uploads\/2020\/09\/shure-55sh-ii-e1601485394796.jpg\" alt=\"\" srcset=\"http:\/\/kommentatorenblog.de\/wp-content\/uploads\/2020\/09\/shure-55sh-ii-e1601485394796.jpg 415w, http:\/\/kommentatorenblog.de\/wp-content\/uploads\/2020\/09\/shure-55sh-ii-e1601485394796-142x300.jpg 142w\" sizes=\"auto, (max-width: 10px) 100vw, 10px\" \/> Oliver Fa\u00dfnacht<\/p>\n\n\n\n<p><em><strong><em><strong>Inter Mailand<\/strong><\/em> \u2013 CFC Genua (20.45 Uhr)<\/strong><\/em><br><img loading=\"lazy\" decoding=\"async\" width=\"10\" height=\"21\" class=\"wp-image-3656\" style=\"width: 10px;\" src=\"http:\/\/kommentatorenblog.de\/wp-content\/uploads\/2020\/09\/shure-55sh-ii-e1601485394796.jpg\" alt=\"\" srcset=\"http:\/\/kommentatorenblog.de\/wp-content\/uploads\/2020\/09\/shure-55sh-ii-e1601485394796.jpg 415w, http:\/\/kommentatorenblog.de\/wp-content\/uploads\/2020\/09\/shure-55sh-ii-e1601485394796-142x300.jpg 142w\" sizes=\"auto, (max-width: 10px) 100vw, 10px\" \/> Carsten Fu\u00df<\/p>\n\n\n\n<p><span style=\"text-decoration: underline;\">Sonntag, 23. Februar 2025<\/span><\/p>\n\n\n\n<p><em><strong>Como 1907 \u2013 SSC Neapel (12.30 Uhr)<\/strong><\/em><br><img loading=\"lazy\" decoding=\"async\" width=\"10\" height=\"21\" class=\"wp-image-3656\" style=\"width: 10px;\" src=\"http:\/\/kommentatorenblog.de\/wp-content\/uploads\/2020\/09\/shure-55sh-ii-e1601485394796.jpg\" alt=\"\" srcset=\"http:\/\/kommentatorenblog.de\/wp-content\/uploads\/2020\/09\/shure-55sh-ii-e1601485394796.jpg 415w, http:\/\/kommentatorenblog.de\/wp-content\/uploads\/2020\/09\/shure-55sh-ii-e1601485394796-142x300.jpg 142w\" sizes=\"auto, (max-width: 10px) 100vw, 10px\" \/> Marcel Seufert<\/p>\n\n\n\n<p><em><strong>Cagliari Calcio \u2013 Juventus Turin (20.45 Uhr)<\/strong><\/em><br><img loading=\"lazy\" decoding=\"async\" width=\"10\" height=\"21\" class=\"wp-image-3656\" style=\"width: 10px;\" src=\"http:\/\/kommentatorenblog.de\/wp-content\/uploads\/2020\/09\/shure-55sh-ii-e1601485394796.jpg\" alt=\"\" srcset=\"http:\/\/kommentatorenblog.de\/wp-content\/uploads\/2020\/09\/shure-55sh-ii-e1601485394796.jpg 415w, http:\/\/kommentatorenblog.de\/wp-content\/uploads\/2020\/09\/shure-55sh-ii-e1601485394796-142x300.jpg 142w\" sizes=\"auto, (max-width: 10px) 100vw, 10px\" \/> Flo Hauser<\/p>\n\n\n\n<hr class=\"wp-block-separator has-css-opacity is-style-default\"\/>\n\n\n\n<p><strong>LaLiga (ESP), 25. Spieltag (DAZN)<\/strong><\/p>\n\n\n\n<p><span style=\"text-decoration: underline;\">Samstag, 22. Februar 2025<\/span><\/p>\n\n\n\n<p><em><strong>Rayo Vallecano \u2013 <em>FC Villarreal<\/em><\/strong><\/em><em><strong> (16.15 Uhr)<\/strong><\/em><br><img loading=\"lazy\" decoding=\"async\" width=\"10\" height=\"21\" class=\"wp-image-3656\" style=\"width: 10px;\" src=\"http:\/\/kommentatorenblog.de\/wp-content\/uploads\/2020\/09\/shure-55sh-ii-e1601485394796.jpg\" alt=\"\" srcset=\"http:\/\/kommentatorenblog.de\/wp-content\/uploads\/2020\/09\/shure-55sh-ii-e1601485394796.jpg 415w, http:\/\/kommentatorenblog.de\/wp-content\/uploads\/2020\/09\/shure-55sh-ii-e1601485394796-142x300.jpg 142w\" sizes=\"auto, (max-width: 10px) 100vw, 10px\" \/> Jan-Lucas Krenzer<\/p>\n\n\n\n<p><em><strong>FC Valencia \u2013 <em>Atl\u00e9tico Madrid<\/em><\/strong><\/em><em><strong> (18.30 Uhr)<\/strong><\/em><br><img loading=\"lazy\" decoding=\"async\" width=\"10\" height=\"21\" class=\"wp-image-3656\" style=\"width: 10px;\" src=\"http:\/\/kommentatorenblog.de\/wp-content\/uploads\/2020\/09\/shure-55sh-ii-e1601485394796.jpg\" alt=\"\" srcset=\"http:\/\/kommentatorenblog.de\/wp-content\/uploads\/2020\/09\/shure-55sh-ii-e1601485394796.jpg 415w, http:\/\/kommentatorenblog.de\/wp-content\/uploads\/2020\/09\/shure-55sh-ii-e1601485394796-142x300.jpg 142w\" sizes=\"auto, (max-width: 10px) 100vw, 10px\" \/> Uwe Morawe<\/p>\n\n\n\n<p><em><strong>UD Las Palmas \u2013 <em>FC Barcelona<\/em><\/strong><\/em><em><strong> (21.00 Uhr)<\/strong><\/em><br><img loading=\"lazy\" decoding=\"async\" width=\"10\" height=\"21\" class=\"wp-image-3656\" style=\"width: 10px;\" src=\"http:\/\/kommentatorenblog.de\/wp-content\/uploads\/2020\/09\/shure-55sh-ii-e1601485394796.jpg\" alt=\"\" srcset=\"http:\/\/kommentatorenblog.de\/wp-content\/uploads\/2020\/09\/shure-55sh-ii-e1601485394796.jpg 415w, http:\/\/kommentatorenblog.de\/wp-content\/uploads\/2020\/09\/shure-55sh-ii-e1601485394796-142x300.jpg 142w\" sizes=\"auto, (max-width: 10px) 100vw, 10px\" \/> Nico Seepe<\/p>\n\n\n\n<p><span style=\"text-decoration: underline;\">Sonntag, 23. Februar 2025<\/span><\/p>\n\n\n\n<p><em><strong>Real Madrid \u2013 <em>FC Girona<\/em> (16.15 Uhr)<\/strong><\/em><br><img loading=\"lazy\" decoding=\"async\" width=\"10\" height=\"21\" class=\"wp-image-3656\" style=\"width: 10px;\" src=\"http:\/\/kommentatorenblog.de\/wp-content\/uploads\/2020\/09\/shure-55sh-ii-e1601485394796.jpg\" alt=\"\" srcset=\"http:\/\/kommentatorenblog.de\/wp-content\/uploads\/2020\/09\/shure-55sh-ii-e1601485394796.jpg 415w, http:\/\/kommentatorenblog.de\/wp-content\/uploads\/2020\/09\/shure-55sh-ii-e1601485394796-142x300.jpg 142w\" sizes=\"auto, (max-width: 10px) 100vw, 10px\" \/> <s>Nico Seepe<\/s> Julian Engelhard<\/p>\n\n\n\n<hr class=\"wp-block-separator has-css-opacity is-style-default\"\/>\n\n\n\n<p><strong>Ligue 1 (FRA), 23. Spieltag (DAZN)<\/strong><\/p>\n\n\n\n<p><span style=\"text-decoration: underline;\">Samstag, 22. Februar 2025<\/span><\/p>\n\n\n\n<p><em><strong>OSC Lille \u2013 <em><strong>AS Monaco<\/strong><\/em> (17.00 Uhr)<\/strong><\/em><br><img loading=\"lazy\" decoding=\"async\" width=\"10\" height=\"21\" class=\"wp-image-3656\" style=\"width: 10px;\" src=\"http:\/\/kommentatorenblog.de\/wp-content\/uploads\/2020\/09\/shure-55sh-ii-e1601485394796.jpg\" alt=\"\" srcset=\"http:\/\/kommentatorenblog.de\/wp-content\/uploads\/2020\/09\/shure-55sh-ii-e1601485394796.jpg 415w, http:\/\/kommentatorenblog.de\/wp-content\/uploads\/2020\/09\/shure-55sh-ii-e1601485394796-142x300.jpg 142w\" sizes=\"auto, (max-width: 10px) 100vw, 10px\" \/> Alexis Menuge<\/p>\n\n\n\n<p><span style=\"text-decoration: underline;\">Sonntag, 23. Februar 2025<\/span><\/p>\n\n\n\n<p><em><strong>Olympique Lyon \u2013 <em><strong><em><strong>Paris Saint-Germain<\/strong><\/em><\/strong><\/em> (20.45 Uhr)<\/strong><\/em><br><img loading=\"lazy\" decoding=\"async\" width=\"10\" height=\"21\" class=\"wp-image-3656\" style=\"width: 10px;\" src=\"http:\/\/kommentatorenblog.de\/wp-content\/uploads\/2020\/09\/shure-55sh-ii-e1601485394796.jpg\" alt=\"\" srcset=\"http:\/\/kommentatorenblog.de\/wp-content\/uploads\/2020\/09\/shure-55sh-ii-e1601485394796.jpg 415w, http:\/\/kommentatorenblog.de\/wp-content\/uploads\/2020\/09\/shure-55sh-ii-e1601485394796-142x300.jpg 142w\" sizes=\"auto, (max-width: 10px) 100vw, 10px\" \/> Stefan Galler<\/p>\n\n\n\n<hr class=\"wp-block-separator has-alpha-channel-opacity\"\/>\n\n\n\n<p><strong>Primeira Liga (POR), 23. Spieltag (Sportdigital Fu\u00dfball)<\/strong><\/p>\n\n\n\n<p><span style=\"text-decoration: underline;\">Samstag, 22. Februar 2025<\/span><\/p>\n\n\n\n<p><em><strong>Benfica Lissabon \u2013 Boavista Porto (19.00 Uhr)<\/strong><\/em><br><img loading=\"lazy\" decoding=\"async\" width=\"10\" height=\"21\" class=\"wp-image-3656\" style=\"width: 10px;\" src=\"http:\/\/kommentatorenblog.de\/wp-content\/uploads\/2020\/09\/shure-55sh-ii-e1601485394796.jpg\" alt=\"\" srcset=\"http:\/\/kommentatorenblog.de\/wp-content\/uploads\/2020\/09\/shure-55sh-ii-e1601485394796.jpg 415w, http:\/\/kommentatorenblog.de\/wp-content\/uploads\/2020\/09\/shure-55sh-ii-e1601485394796-142x300.jpg 142w\" sizes=\"auto, (max-width: 10px) 100vw, 10px\" \/> Christian Blunck<\/p>\n\n\n\n<p><span style=\"text-decoration: underline;\">Montag, 24. Februar 2025<\/span><\/p>\n\n\n\n<p><em><strong>FC Porto \u2013 Vitoria Guimaraes (21.15 Uhr)<\/strong><\/em><br><img loading=\"lazy\" decoding=\"async\" width=\"10\" height=\"21\" class=\"wp-image-3656\" style=\"width: 10px;\" src=\"http:\/\/kommentatorenblog.de\/wp-content\/uploads\/2020\/09\/shure-55sh-ii-e1601485394796.jpg\" alt=\"\" srcset=\"http:\/\/kommentatorenblog.de\/wp-content\/uploads\/2020\/09\/shure-55sh-ii-e1601485394796.jpg 415w, http:\/\/kommentatorenblog.de\/wp-content\/uploads\/2020\/09\/shure-55sh-ii-e1601485394796-142x300.jpg 142w\" sizes=\"auto, (max-width: 10px) 100vw, 10px\" \/> <s>Christian Blunck<\/s> J\u00f6rg Steiger<\/p>\n\n\n\n<hr class=\"wp-block-separator has-css-opacity is-style-default\"\/>\n\n\n\n<p><strong>Eredivisie (NED), Nachholspiele 20. Spieltag (Sportdigital Fu\u00dfball)<\/strong><\/p>\n\n\n\n<p><span style=\"text-decoration: underline;\">Samstag, 22. Februar 2025<\/span><\/p>\n\n\n\n<p><em><strong>Feyenoord Rotterdam \u2013 Almere City (20.00 Uhr)<\/strong><\/em><br><img loading=\"lazy\" decoding=\"async\" width=\"10\" height=\"21\" class=\"wp-image-3656\" style=\"width: 10px;\" src=\"http:\/\/kommentatorenblog.de\/wp-content\/uploads\/2020\/09\/shure-55sh-ii-e1601485394796.jpg\" alt=\"\" srcset=\"http:\/\/kommentatorenblog.de\/wp-content\/uploads\/2020\/09\/shure-55sh-ii-e1601485394796.jpg 415w, http:\/\/kommentatorenblog.de\/wp-content\/uploads\/2020\/09\/shure-55sh-ii-e1601485394796-142x300.jpg 142w\" sizes=\"auto, (max-width: 10px) 100vw, 10px\" \/> Karsten Linke<\/p>\n\n\n\n<p><span style=\"text-decoration: underline;\">Sonntag, 23. Februar 2025, ab 14.20 Uhr<\/span><\/p>\n\n\n\n<p><em><strong>Ajax Amsterdam \u2013 Go Ahead Eagles (14.30 Uhr)<\/strong><\/em><br><img loading=\"lazy\" decoding=\"async\" width=\"10\" height=\"21\" class=\"wp-image-3656\" style=\"width: 10px;\" src=\"http:\/\/kommentatorenblog.de\/wp-content\/uploads\/2020\/09\/shure-55sh-ii-e1601485394796.jpg\" alt=\"\" srcset=\"http:\/\/kommentatorenblog.de\/wp-content\/uploads\/2020\/09\/shure-55sh-ii-e1601485394796.jpg 415w, http:\/\/kommentatorenblog.de\/wp-content\/uploads\/2020\/09\/shure-55sh-ii-e1601485394796-142x300.jpg 142w\" sizes=\"auto, (max-width: 10px) 100vw, 10px\" \/> Marvin Kirsch<\/p>\n\n\n\n<hr class=\"wp-block-separator has-css-opacity is-style-default\"\/>\n\n\n\n<p><strong>Division 1A (BEL), 27. Spieltag (Sportdigital Fu\u00dfball)<\/strong><\/p>\n\n\n\n<p><span style=\"text-decoration: underline;\">Sonntag, 23. Februar 2025<\/span><\/p>\n\n\n\n<p><em><strong><em><strong>FC Br\u00fcgge<\/strong><\/em> \u2013 Standard L\u00fcttich (13.30 Uhr)<\/strong><\/em><br><img loading=\"lazy\" decoding=\"async\" width=\"10\" height=\"21\" class=\"wp-image-3656\" style=\"width: 10px;\" src=\"http:\/\/kommentatorenblog.de\/wp-content\/uploads\/2020\/09\/shure-55sh-ii-e1601485394796.jpg\" alt=\"\" srcset=\"http:\/\/kommentatorenblog.de\/wp-content\/uploads\/2020\/09\/shure-55sh-ii-e1601485394796.jpg 415w, http:\/\/kommentatorenblog.de\/wp-content\/uploads\/2020\/09\/shure-55sh-ii-e1601485394796-142x300.jpg 142w\" sizes=\"auto, (max-width: 10px) 100vw, 10px\" \/> Jakob Vogel<\/p>\n\n\n\n<p><em><strong><em><strong>KRC Genk<\/strong><\/em> \u2013 KAA Gent (16.00 Uhr)<\/strong><\/em><br><img loading=\"lazy\" decoding=\"async\" width=\"10\" height=\"21\" class=\"wp-image-3656\" style=\"width: 10px;\" src=\"http:\/\/kommentatorenblog.de\/wp-content\/uploads\/2020\/09\/shure-55sh-ii-e1601485394796.jpg\" alt=\"\" srcset=\"http:\/\/kommentatorenblog.de\/wp-content\/uploads\/2020\/09\/shure-55sh-ii-e1601485394796.jpg 415w, http:\/\/kommentatorenblog.de\/wp-content\/uploads\/2020\/09\/shure-55sh-ii-e1601485394796-142x300.jpg 142w\" sizes=\"auto, (max-width: 10px) 100vw, 10px\" \/> Jakob Vogel<\/p>\n\n\n\n<p><em><strong><em><strong>RSC Anderlecht<\/strong><\/em> \u2013 Union Saint-Gilloise (18.30 Uhr)<\/strong><\/em><br><img loading=\"lazy\" decoding=\"async\" width=\"10\" height=\"21\" class=\"wp-image-3656\" style=\"width: 10px;\" src=\"http:\/\/kommentatorenblog.de\/wp-content\/uploads\/2020\/09\/shure-55sh-ii-e1601485394796.jpg\" alt=\"\" srcset=\"http:\/\/kommentatorenblog.de\/wp-content\/uploads\/2020\/09\/shure-55sh-ii-e1601485394796.jpg 415w, http:\/\/kommentatorenblog.de\/wp-content\/uploads\/2020\/09\/shure-55sh-ii-e1601485394796-142x300.jpg 142w\" sizes=\"auto, (max-width: 10px) 100vw, 10px\" \/> <s>Karsten Linke<\/s> Ulf Kahmke<\/p>\n\n\n\n<hr class=\"wp-block-separator has-css-opacity is-style-default\"\/>\n\n\n\n<p><strong>Chance League (CZE), 23. Spieltag (Sportdigital Fu\u00dfball)<\/strong><\/p>\n\n\n\n<p><span style=\"text-decoration: underline;\">Sonntag, 23<\/span><span style=\"text-decoration: underline;\">. Februar 2025, ab 18.20 Uhr<\/span><\/p>\n\n\n\n<p><em><strong>Viktoria Pilsen \u2013 Slavia Prag (18.30 Uhr)<\/strong><\/em><br><img loading=\"lazy\" decoding=\"async\" width=\"10\" height=\"21\" class=\"wp-image-3656\" style=\"width: 10px;\" src=\"http:\/\/kommentatorenblog.de\/wp-content\/uploads\/2020\/09\/shure-55sh-ii-e1601485394796.jpg\" alt=\"\" srcset=\"http:\/\/kommentatorenblog.de\/wp-content\/uploads\/2020\/09\/shure-55sh-ii-e1601485394796.jpg 415w, http:\/\/kommentatorenblog.de\/wp-content\/uploads\/2020\/09\/shure-55sh-ii-e1601485394796-142x300.jpg 142w\" sizes=\"auto, (max-width: 10px) 100vw, 10px\" \/> Martin Hahn<\/p>\n\n\n\n<hr class=\"wp-block-separator has-alpha-channel-opacity\"\/>\n\n\n\n<p><strong>Bundesliga (AUT), 19. Runde (Sky)<\/strong><\/p>\n\n\n\n<p><span style=\"text-decoration: underline;\">Samstag, 22<\/span><span style=\"text-decoration: underline;\">. Februar 2025, ab 16.15 Uhr<\/span><\/p>\n\n\n\n<p><em><strong>FK Austria Wien \u2013 FC Salzburg (17.00 Uhr)<\/strong><\/em><br><img loading=\"lazy\" decoding=\"async\" width=\"10\" height=\"21\" class=\"wp-image-3656\" style=\"width: 10px;\" src=\"http:\/\/kommentatorenblog.de\/wp-content\/uploads\/2020\/09\/shure-55sh-ii-e1601485394796.jpg\" alt=\"\" srcset=\"http:\/\/kommentatorenblog.de\/wp-content\/uploads\/2020\/09\/shure-55sh-ii-e1601485394796.jpg 415w, http:\/\/kommentatorenblog.de\/wp-content\/uploads\/2020\/09\/shure-55sh-ii-e1601485394796-142x300.jpg 142w\" sizes=\"auto, (max-width: 10px) 100vw, 10px\" \/> Philipp Paternina, Experte: Andreas Ulmer (Einzelspiel), Gerfried Pr\u00f6ll (Konferenz)<\/p>\n\n\n\n<p><em><strong>SK Austria Klagenfurt \u2013 Grazer AK (17.00 Uhr)<\/strong><\/em><br><img loading=\"lazy\" decoding=\"async\" width=\"10\" height=\"21\" class=\"wp-image-3656\" style=\"width: 10px;\" src=\"http:\/\/kommentatorenblog.de\/wp-content\/uploads\/2020\/09\/shure-55sh-ii-e1601485394796.jpg\" alt=\"\" srcset=\"http:\/\/kommentatorenblog.de\/wp-content\/uploads\/2020\/09\/shure-55sh-ii-e1601485394796.jpg 415w, http:\/\/kommentatorenblog.de\/wp-content\/uploads\/2020\/09\/shure-55sh-ii-e1601485394796-142x300.jpg 142w\" sizes=\"auto, (max-width: 10px) 100vw, 10px\" \/> Andi Brandt (Einzelspiel), Otto Rosenauer (Konferenz)<\/p>\n\n\n\n<p><em><strong>WSG Tirol \u2013 Wolfsberger AC (17.00 Uhr)<\/strong><\/em><br><img loading=\"lazy\" decoding=\"async\" width=\"10\" height=\"21\" class=\"wp-image-3656\" style=\"width: 10px;\" src=\"http:\/\/kommentatorenblog.de\/wp-content\/uploads\/2020\/09\/shure-55sh-ii-e1601485394796.jpg\" alt=\"\" srcset=\"http:\/\/kommentatorenblog.de\/wp-content\/uploads\/2020\/09\/shure-55sh-ii-e1601485394796.jpg 415w, http:\/\/kommentatorenblog.de\/wp-content\/uploads\/2020\/09\/shure-55sh-ii-e1601485394796-142x300.jpg 142w\" sizes=\"auto, (max-width: 10px) 100vw, 10px\" \/> Gerhard Krabath (Einzelspiel), Phillip Lautischer (Konferenz)<\/p>\n\n\n\n<p>Moderation: Michael Ganh\u00f6r, Experte: Thomas Silberberger<\/p>\n\n\n\n<p><span style=\"text-decoration: underline;\">Sonntag, 23<\/span><span style=\"text-decoration: underline;\">. Februar 2025, ab 13.30 Uhr<\/span><\/p>\n\n\n\n<p><em><strong>SK Sturm Graz \u2013 FC Blau-Wei\u00df Linz (14.30 Uhr)<\/strong><\/em><br><img loading=\"lazy\" decoding=\"async\" width=\"10\" height=\"21\" class=\"wp-image-3656\" style=\"width: 10px;\" src=\"http:\/\/kommentatorenblog.de\/wp-content\/uploads\/2020\/09\/shure-55sh-ii-e1601485394796.jpg\" alt=\"\" srcset=\"http:\/\/kommentatorenblog.de\/wp-content\/uploads\/2020\/09\/shure-55sh-ii-e1601485394796.jpg 415w, http:\/\/kommentatorenblog.de\/wp-content\/uploads\/2020\/09\/shure-55sh-ii-e1601485394796-142x300.jpg 142w\" sizes=\"auto, (max-width: 10px) 100vw, 10px\" \/> Benjamin Vollmann (Einzelspiel), Andi Brandt (Konferenz)<\/p>\n\n\n\n<p><em><strong>SCR Altach \u2013 <em><strong>TSV Hartberg<\/strong><\/em> (14.30 Uhr)<\/strong><\/em><br><img loading=\"lazy\" decoding=\"async\" width=\"10\" height=\"21\" class=\"wp-image-3656\" style=\"width: 10px;\" src=\"http:\/\/kommentatorenblog.de\/wp-content\/uploads\/2020\/09\/shure-55sh-ii-e1601485394796.jpg\" alt=\"\" srcset=\"http:\/\/kommentatorenblog.de\/wp-content\/uploads\/2020\/09\/shure-55sh-ii-e1601485394796.jpg 415w, http:\/\/kommentatorenblog.de\/wp-content\/uploads\/2020\/09\/shure-55sh-ii-e1601485394796-142x300.jpg 142w\" sizes=\"auto, (max-width: 10px) 100vw, 10px\" \/> Martin Konrad (Einzelspiel), Philipp Paternina (Konferenz)<\/p>\n\n\n\n<p><span style=\"text-decoration: underline;\">ab 16.30 Uhr<\/span><\/p>\n\n\n\n<p><em><strong>Linzer ASK \u2013 SK Rapid Wien (17.00 Uhr)<\/strong><\/em><br><img loading=\"lazy\" decoding=\"async\" width=\"10\" height=\"21\" class=\"wp-image-3656\" style=\"width: 10px;\" src=\"http:\/\/kommentatorenblog.de\/wp-content\/uploads\/2020\/09\/shure-55sh-ii-e1601485394796.jpg\" alt=\"\" srcset=\"http:\/\/kommentatorenblog.de\/wp-content\/uploads\/2020\/09\/shure-55sh-ii-e1601485394796.jpg 415w, http:\/\/kommentatorenblog.de\/wp-content\/uploads\/2020\/09\/shure-55sh-ii-e1601485394796-142x300.jpg 142w\" sizes=\"auto, (max-width: 10px) 100vw, 10px\" \/> Guido Friedrich<\/p>\n\n\n\n<p>Moderation: Johannes Brandl, Experten: Marc Janko und Alfred Tatar<\/p>\n\n\n\n<hr class=\"wp-block-separator has-alpha-channel-opacity\"\/>\n\n\n\n<p><strong>Scottish Premiership (SCO), 27. Spieltag (Sportdigital Fu\u00dfball)<\/strong><\/p>\n\n\n\n<p><span style=\"text-decoration: underline;\">Samstag, 22<\/span><span style=\"text-decoration: underline;\">. Februar 2025, ab 13.20 Uhr<\/span><\/p>\n\n\n\n<p><em><strong>FC Hibernian \u2013 Celtic Glasgow (13.30 Uhr)<\/strong><\/em><br><img loading=\"lazy\" decoding=\"async\" width=\"10\" height=\"21\" class=\"wp-image-3656\" style=\"width: 10px;\" src=\"http:\/\/kommentatorenblog.de\/wp-content\/uploads\/2020\/09\/shure-55sh-ii-e1601485394796.jpg\" alt=\"\" srcset=\"http:\/\/kommentatorenblog.de\/wp-content\/uploads\/2020\/09\/shure-55sh-ii-e1601485394796.jpg 415w, http:\/\/kommentatorenblog.de\/wp-content\/uploads\/2020\/09\/shure-55sh-ii-e1601485394796-142x300.jpg 142w\" sizes=\"auto, (max-width: 10px) 100vw, 10px\" \/> Moritz Knorr<\/p>\n\n\n\n<hr class=\"wp-block-separator has-css-opacity is-style-default\"\/>\n\n\n\n<p><strong>Liga Profesional Apertura (ARG), 7. Spieltag (Sportdigital Fu\u00dfball)<\/strong><\/p>\n\n\n\n<p><span style=\"text-decoration: underline;\">Samstag, 22. Februar 2025<\/span><\/p>\n\n\n\n<p><em><strong>Boca Juniors <em><strong>\u2013<\/strong><\/em> CA Aldosivi (23.15 Uhr)<\/strong><\/em><br><img loading=\"lazy\" decoding=\"async\" width=\"10\" height=\"21\" class=\"wp-image-3656\" style=\"width: 10px;\" src=\"http:\/\/kommentatorenblog.de\/wp-content\/uploads\/2020\/09\/shure-55sh-ii-e1601485394796.jpg\" alt=\"\" srcset=\"http:\/\/kommentatorenblog.de\/wp-content\/uploads\/2020\/09\/shure-55sh-ii-e1601485394796.jpg 415w, http:\/\/kommentatorenblog.de\/wp-content\/uploads\/2020\/09\/shure-55sh-ii-e1601485394796-142x300.jpg 142w\" sizes=\"auto, (max-width: 10px) 100vw, 10px\" \/> Arne Malsch<\/p>\n\n\n\n<hr class=\"wp-block-separator has-alpha-channel-opacity\"\/>\n\n\n\n<p><strong>A-League Men (AUS), 20. Spieltag (Sportdigital Fu\u00dfball)<\/strong><\/p>\n\n\n\n<p><span style=\"text-decoration: underline;\">Samstag, 22. Februar 2025, ab 09.25 Uhr<\/span><\/p>\n\n\n\n<p><em><strong>Melbourne Victory <em><strong>\u2013<\/strong><\/em> Melbourne City (09.35 Uhr)<\/strong><\/em><br><img loading=\"lazy\" decoding=\"async\" width=\"10\" height=\"21\" class=\"wp-image-3656\" style=\"width: 10px;\" src=\"http:\/\/kommentatorenblog.de\/wp-content\/uploads\/2020\/09\/shure-55sh-ii-e1601485394796.jpg\" alt=\"\" srcset=\"http:\/\/kommentatorenblog.de\/wp-content\/uploads\/2020\/09\/shure-55sh-ii-e1601485394796.jpg 415w, http:\/\/kommentatorenblog.de\/wp-content\/uploads\/2020\/09\/shure-55sh-ii-e1601485394796-142x300.jpg 142w\" sizes=\"auto, (max-width: 10px) 100vw, 10px\" \/> <s>Jonathan Dreier<\/s> Marcus Radefeld<\/p>\n\n\n\n<hr class=\"wp-block-separator has-css-opacity is-style-default\"\/>\n\n\n\n<p><strong>Saudi Pro League (KSA), 21. Spieltag (Sportdigital Fu\u00dfball)<\/strong><\/p>\n\n\n\n<p><span style=\"text-decoration: underline;\">Freitag, 21. Februar 2025<\/span><\/p>\n\n\n\n<p><em><strong>Damac Club \u2013 Al-Ahli (15.20 Uhr)<\/strong><\/em><br><img loading=\"lazy\" decoding=\"async\" width=\"10\" height=\"21\" class=\"wp-image-3656\" style=\"width: 10px;\" src=\"http:\/\/kommentatorenblog.de\/wp-content\/uploads\/2020\/09\/shure-55sh-ii-e1601485394796.jpg\" alt=\"\" srcset=\"http:\/\/kommentatorenblog.de\/wp-content\/uploads\/2020\/09\/shure-55sh-ii-e1601485394796.jpg 415w, http:\/\/kommentatorenblog.de\/wp-content\/uploads\/2020\/09\/shure-55sh-ii-e1601485394796-142x300.jpg 142w\" sizes=\"auto, (max-width: 10px) 100vw, 10px\" \/> J\u00f6rg Steiger<\/p>\n\n\n\n<p><em><strong>Al-Nassr \u2013 Al-Ettifaq (18.00 Uhr)<\/strong><\/em><br><img loading=\"lazy\" decoding=\"async\" width=\"10\" height=\"21\" class=\"wp-image-3656\" style=\"width: 10px;\" src=\"http:\/\/kommentatorenblog.de\/wp-content\/uploads\/2020\/09\/shure-55sh-ii-e1601485394796.jpg\" alt=\"\" srcset=\"http:\/\/kommentatorenblog.de\/wp-content\/uploads\/2020\/09\/shure-55sh-ii-e1601485394796.jpg 415w, http:\/\/kommentatorenblog.de\/wp-content\/uploads\/2020\/09\/shure-55sh-ii-e1601485394796-142x300.jpg 142w\" sizes=\"auto, (max-width: 10px) 100vw, 10px\" \/> Marcus Radefeld<\/p>\n\n\n\n<hr class=\"wp-block-separator has-alpha-channel-opacity\"\/>\n\n\n\n<p><strong><code>Analyse<\/code><\/strong> &#8211; in aller K\u00fcrze:<\/p>\n\n\n\n<ul class=\"wp-block-list\">\n<li><strong>Dreimal aus der Box: <\/strong>Bei DAZN wird erneut lediglich ein Spiel aus dem Stadion kommentiert (nat\u00fcrlich das aus der Allianz Arena). Spricht nicht unbedingt f\u00fcr die pers\u00f6nliche Erwartungshaltung an den Streamingdienst, wenn man das schon genau so erwartet..<\/li>\n\n\n\n<li><strong>Freddy Harder strebt weiter nach vorne:<\/strong> Weiteres Briefkopf-Spiel f\u00fcr das DAZN-Eigengew\u00e4chs Freddy Harder. Er kommentiert zusammen mit Michael Ballack im Stadion das Spitzenspiel am Sonntagabend. Moderation und Interviews werden von DAZN mit Wontorra und Herzog ebenfalls aus dem obersten Regal besetzt.<\/li>\n\n\n\n<li><strong>Bundesliga-Deb\u00fct f\u00fcr Mara Mones: <\/strong>Bei Sky f\u00e4llt am Samstagnachmittag vor allem der Name Mara Mones ins Auge. Vor drei Wochen war sie bereits in der zweiten Liga im Einsatz, nun f\u00fchrt sie am Samstagnachmittag die Interviews im &#8222;Mainzer Baumarkt&#8220;. <\/li>\n\n\n\n<li><strong>Top-Konferenz am Samstagnachmittag: <\/strong>Es erwartet uns vereinsm\u00e4\u00dfig zwar eine sehr graum\u00e4usige Konferenz, aber die Besetzung bei Sky sorgt definitiv f\u00fcr Farbe: Schmiso kehrt zur\u00fcck und trifft in den heiligen Hallen auf Buschi, Kai Dittmann und Jonas Friedrich!<\/li>\n\n\n\n<li><strong>Meinert und Mones interviewen in Liga 2<\/strong>: Nach dem Erstliga-Deb\u00fct darf Mara Mones in F\u00fcrth am Sonntag gleich nochmal ran. Ungewohnt ist sicherlich auch der Field-Reporter-Einsatz von Marcel Meinert am Samstagnachmittag in Ulm, der sonst dieses Wochenende im Fu\u00dfball nicht zum Einsatz kommt.<\/li>\n<\/ul>\n\n\n\n<p>Damit ein sch\u00f6nes Fu\u00dfball-Wochenende &#8211; und: W\u00e4hlen gehen!<\/p>\n","protected":false},"excerpt":{"rendered":"<p>N&#8217;Abend allerseits, Deutschland steht am Sonntag vor einem entscheidenden Spiel. Das aber nicht aufs Sportliche bezogen, sondern auf etwas, das uns alle angeht &#8211; \u00fcber Vereinsfarben hinweg: Die Demokratie. Derzeit leben nur etwa 7,8 Prozent der Weltbev\u00f6lkerung in einer vollst\u00e4ndigen Demokratie. Wir geh\u00f6ren zu den wenigen Menschen weltweit, die in einer vollst\u00e4ndigen Demokratie leben \u2013 [&hellip;]<\/p>\n","protected":false},"author":12,"featured_media":0,"comment_status":"open","ping_status":"open","sticky":false,"template":"","format":"standard","meta":{"footnotes":""},"categories":[424],"tags":[],"class_list":["post-20690","post","type-post","status-publish","format-standard","hentry","category-bundesliga-und-co"],"_links":{"self":[{"href":"http:\/\/kommentatorenblog.de\/index.php?rest_route=\/wp\/v2\/posts\/20690","targetHints":{"allow":["GET"]}}],"collection":[{"href":"http:\/\/kommentatorenblog.de\/index.php?rest_route=\/wp\/v2\/posts"}],"about":[{"href":"http:\/\/kommentatorenblog.de\/index.php?rest_route=\/wp\/v2\/types\/post"}],"author":[{"embeddable":true,"href":"http:\/\/kommentatorenblog.de\/index.php?rest_route=\/wp\/v2\/users\/12"}],"replies":[{"embeddable":true,"href":"http:\/\/kommentatorenblog.de\/index.php?rest_route=%2Fwp%2Fv2%2Fcomments&post=20690"}],"version-history":[{"count":34,"href":"http:\/\/kommentatorenblog.de\/index.php?rest_route=\/wp\/v2\/posts\/20690\/revisions"}],"predecessor-version":[{"id":20759,"href":"http:\/\/kommentatorenblog.de\/index.php?rest_route=\/wp\/v2\/posts\/20690\/revisions\/20759"}],"wp:attachment":[{"href":"http:\/\/kommentatorenblog.de\/index.php?rest_route=%2Fwp%2Fv2%2Fmedia&parent=20690"}],"wp:term":[{"taxonomy":"category","embeddable":true,"href":"http:\/\/kommentatorenblog.de\/index.php?rest_route=%2Fwp%2Fv2%2Fcategories&post=20690"},{"taxonomy":"post_tag","embeddable":true,"href":"http:\/\/kommentatorenblog.de\/index.php?rest_route=%2Fwp%2Fv2%2Ftags&post=20690"}],"curies":[{"name":"wp","href":"https:\/\/api.w.org\/{rel}","templated":true}]}}