{"id":20726,"date":"2025-02-24T22:50:19","date_gmt":"2025-02-24T21:50:19","guid":{"rendered":"https:\/\/kommentatorenblog.de\/?p=20726"},"modified":"2025-02-27T13:43:13","modified_gmt":"2025-02-27T12:43:13","slug":"1490-das-ende-des-sandwichs","status":"publish","type":"post","link":"http:\/\/kommentatorenblog.de\/?p=20726","title":{"rendered":"1490 &#8211; Das Ende des &#8222;Sandwichs&#8220;"},"content":{"rendered":"\n<p>N&#8217;Abend allerseits,<\/p>\n\n\n\n<p>Pokal, Champions League, Champions League und nun wieder Pokal &#8211; der neue Modus der Champions League sorgt f\u00fcr diese ungew\u00f6hnliche Reihenfolge, die erm\u00f6glicht, dass weiterhin alle Pokal-Viertelfinals zur Primetime stattfinden. In der n\u00e4chsten Woche geht es nahtlos schon wieder mit der Champions League weiter, man kann es also eher mit einem Big Mac vergleichen als mit einem Sandwich.<\/p>\n\n\n\n<p>Wir d\u00fcrfen gespannt erwarten, ob es Arminia Bielefeld gelingen wird, mit Werder Bremen auch den dritten Bundesligisten in Folge auszuschalten, und ob RB Leipzig abermals ins Halbfinale einziehen wird, oder die Wolfsburger den Kantersieg in Sachsen vom November wiederholen k\u00f6nnen.<\/p>\n\n\n\n<hr class=\"wp-block-separator has-alpha-channel-opacity\"\/>\n\n\n\n<p><strong>Die Ansetzungen vom 25. bis zum 27. Februar 2025<\/strong><\/p>\n\n\n\n<hr class=\"wp-block-separator has-alpha-channel-opacity\"\/>\n\n\n\n<p><strong>UEFA Women&#8217;s Nations League, Gruppenphase, 2. Spieltag (ZDF)<\/strong><\/p>\n\n\n\n<p><span style=\"text-decoration: underline;\">Dienstag, 25. Februar 2025, ab 17.55 Uhr<\/span><\/p>\n\n\n\n<p><em><strong>Deutschland \u2013 \u00d6sterreich (18.15 Uhr)<\/strong><\/em><br><img loading=\"lazy\" decoding=\"async\" width=\"10\" height=\"21\" class=\"wp-image-3656\" style=\"width: 10px;\" src=\"http:\/\/kommentatorenblog.de\/wp-content\/uploads\/2020\/09\/shure-55sh-ii-e1601485394796.jpg\" alt=\"\" srcset=\"http:\/\/kommentatorenblog.de\/wp-content\/uploads\/2020\/09\/shure-55sh-ii-e1601485394796.jpg 415w, http:\/\/kommentatorenblog.de\/wp-content\/uploads\/2020\/09\/shure-55sh-ii-e1601485394796-142x300.jpg 142w\" sizes=\"auto, (max-width: 10px) 100vw, 10px\" \/> Gari Paubandt, Expertin: Kathrin Lehmann<br>Moderation: Sven Voss, Field-Reporterin: Johanna R\u00fcdiger<\/p>\n\n\n\n<hr class=\"wp-block-separator has-alpha-channel-opacity\"\/>\n\n\n\n<p><strong>DFB-Pokal, Viertelfinale<\/strong><\/p>\n\n\n\n<p><span style=\"text-decoration: underline;\">Dienstag, 25. Februar 2025, ab 20.15 Uhr (ZDF\/Sky)<\/span><\/p>\n\n\n\n<p><em><strong>DSC Arminia Bielefeld \u2013 SV Werder Bremen (20.45 Uhr)<\/strong><\/em><\/p>\n\n\n\n<p><img loading=\"lazy\" decoding=\"async\" width=\"10\" height=\"21\" class=\"wp-image-3656\" style=\"width: 10px;\" src=\"http:\/\/kommentatorenblog.de\/wp-content\/uploads\/2020\/09\/shure-55sh-ii-e1601485394796.jpg\" alt=\"\" srcset=\"http:\/\/kommentatorenblog.de\/wp-content\/uploads\/2020\/09\/shure-55sh-ii-e1601485394796.jpg 415w, http:\/\/kommentatorenblog.de\/wp-content\/uploads\/2020\/09\/shure-55sh-ii-e1601485394796-142x300.jpg 142w\" sizes=\"auto, (max-width: 10px) 100vw, 10px\" \/> ZDF: Martin Schneider, Experte: Hanno Balitsch<br>Moderation (ZDF): Jochen Breyer, Experte: Christoph Kramer, Schiedsrichter-Experte: Thorsten Kinh\u00f6fer, Field-Reporter:innen: Alexander Ruda und Felicitas H\u00f6lscher<\/p>\n\n\n\n<p><img loading=\"lazy\" decoding=\"async\" width=\"10\" height=\"21\" class=\"wp-image-3656\" style=\"width: 10px;\" src=\"http:\/\/kommentatorenblog.de\/wp-content\/uploads\/2020\/09\/shure-55sh-ii-e1601485394796.jpg\" alt=\"\" srcset=\"http:\/\/kommentatorenblog.de\/wp-content\/uploads\/2020\/09\/shure-55sh-ii-e1601485394796.jpg 415w, http:\/\/kommentatorenblog.de\/wp-content\/uploads\/2020\/09\/shure-55sh-ii-e1601485394796-142x300.jpg 142w\" sizes=\"auto, (max-width: 10px) 100vw, 10px\" \/> Sky: Martin Gro\u00df<br>Moderation (Sky): Patrick Wasserziehr, Gast: Ewald Lienen, Field-Reporterin: Nele Ocik<\/p>\n\n\n\n<p><span style=\"text-decoration: underline;\">Mittwoch, 26. Februar 2025, ab 20.15 Uhr (Sky)<\/span><\/p>\n\n\n\n<p><em><strong>RB Leipzig \u2013 VfL Wolfsburg (20.45 Uhr)<\/strong><\/em><br><img loading=\"lazy\" decoding=\"async\" width=\"10\" height=\"21\" class=\"wp-image-3656\" style=\"width: 10px;\" src=\"http:\/\/kommentatorenblog.de\/wp-content\/uploads\/2020\/09\/shure-55sh-ii-e1601485394796.jpg\" alt=\"\" srcset=\"http:\/\/kommentatorenblog.de\/wp-content\/uploads\/2020\/09\/shure-55sh-ii-e1601485394796.jpg 415w, http:\/\/kommentatorenblog.de\/wp-content\/uploads\/2020\/09\/shure-55sh-ii-e1601485394796-142x300.jpg 142w\" sizes=\"auto, (max-width: 10px) 100vw, 10px\" \/> Wolff Fuss<br>Moderation: Yannick Erkenbrecher, Field-Reporter: Michael Leopold<\/p>\n\n\n\n<hr class=\"wp-block-separator has-alpha-channel-opacity\"\/>\n\n\n\n<p><strong>Premier League, 27. Spieltag<\/strong><\/p>\n\n\n\n<p><span style=\"text-decoration: underline;\">Dienstag, 25. Februar 2025, ab ab 20.20 Uhr (Sky)<\/span><\/p>\n\n\n\n<p><em><strong>Brighton &amp; Hove Albion \u2013 AFC Bournemouth (20.30 Uhr)<\/strong><\/em><br><img loading=\"lazy\" decoding=\"async\" width=\"10\" height=\"21\" class=\"wp-image-3656\" style=\"width: 10px;\" src=\"http:\/\/kommentatorenblog.de\/wp-content\/uploads\/2020\/09\/shure-55sh-ii-e1601485394796.jpg\" alt=\"\" srcset=\"http:\/\/kommentatorenblog.de\/wp-content\/uploads\/2020\/09\/shure-55sh-ii-e1601485394796.jpg 415w, http:\/\/kommentatorenblog.de\/wp-content\/uploads\/2020\/09\/shure-55sh-ii-e1601485394796-142x300.jpg 142w\" sizes=\"auto, (max-width: 10px) 100vw, 10px\" \/> Sven Schr\u00f6ter<\/p>\n\n\n\n<p><em><strong>Crystal Palace \u2013 Aston Villa (20.30 Uhr)<\/strong><\/em><br><img loading=\"lazy\" decoding=\"async\" width=\"10\" height=\"21\" class=\"wp-image-3656\" style=\"width: 10px;\" src=\"http:\/\/kommentatorenblog.de\/wp-content\/uploads\/2020\/09\/shure-55sh-ii-e1601485394796.jpg\" alt=\"\" srcset=\"http:\/\/kommentatorenblog.de\/wp-content\/uploads\/2020\/09\/shure-55sh-ii-e1601485394796.jpg 415w, http:\/\/kommentatorenblog.de\/wp-content\/uploads\/2020\/09\/shure-55sh-ii-e1601485394796-142x300.jpg 142w\" sizes=\"auto, (max-width: 10px) 100vw, 10px\" \/> Markus Gaupp<\/p>\n\n\n\n<p><em><strong>Wolverhampton Wanderers \u2013 FC Fulham (20.30 Uhr)<\/strong><\/em><br><img loading=\"lazy\" decoding=\"async\" width=\"10\" height=\"21\" class=\"wp-image-3656\" style=\"width: 10px;\" src=\"http:\/\/kommentatorenblog.de\/wp-content\/uploads\/2020\/09\/shure-55sh-ii-e1601485394796.jpg\" alt=\"\" srcset=\"http:\/\/kommentatorenblog.de\/wp-content\/uploads\/2020\/09\/shure-55sh-ii-e1601485394796.jpg 415w, http:\/\/kommentatorenblog.de\/wp-content\/uploads\/2020\/09\/shure-55sh-ii-e1601485394796-142x300.jpg 142w\" sizes=\"auto, (max-width: 10px) 100vw, 10px\" \/> Philipp Langosz<\/p>\n\n\n\n<p><span style=\"text-decoration: underline;\">ab 21.05 Uhr (Sky)<\/span><\/p>\n\n\n\n<p><em><strong>FC Chelsea \u2013 FC Southampton (21.15 Uhr)<\/strong><\/em><br><img loading=\"lazy\" decoding=\"async\" width=\"10\" height=\"21\" class=\"wp-image-3656\" style=\"width: 10px;\" src=\"http:\/\/kommentatorenblog.de\/wp-content\/uploads\/2020\/09\/shure-55sh-ii-e1601485394796.jpg\" alt=\"\" srcset=\"http:\/\/kommentatorenblog.de\/wp-content\/uploads\/2020\/09\/shure-55sh-ii-e1601485394796.jpg 415w, http:\/\/kommentatorenblog.de\/wp-content\/uploads\/2020\/09\/shure-55sh-ii-e1601485394796-142x300.jpg 142w\" sizes=\"auto, (max-width: 10px) 100vw, 10px\" \/> Marcel Meinert<\/p>\n\n\n\n<p><span style=\"text-decoration: underline;\">Mittwoch, 26. Februar 2025, ab 20.00 Uhr (Sky)<\/span><\/p>\n\n\n\n<p><em><strong>Die Konferenz (20.30 Uhr)<\/strong><\/em><br><img loading=\"lazy\" decoding=\"async\" width=\"10\" height=\"21\" class=\"wp-image-3656\" style=\"width: 10px;\" src=\"http:\/\/kommentatorenblog.de\/wp-content\/uploads\/2020\/09\/shure-55sh-ii-e1601485394796.jpg\" alt=\"\" srcset=\"http:\/\/kommentatorenblog.de\/wp-content\/uploads\/2020\/09\/shure-55sh-ii-e1601485394796.jpg 415w, http:\/\/kommentatorenblog.de\/wp-content\/uploads\/2020\/09\/shure-55sh-ii-e1601485394796-142x300.jpg 142w\" sizes=\"auto, (max-width: 10px) 100vw, 10px\" \/> Hannes Herrmann<\/p>\n\n\n\n<p><span style=\"text-decoration: underline;\">ab 20.20 Uhr (Sky\/RTL+)<\/span><\/p>\n\n\n\n<p><em><strong>Nottingham Forest \u2013 FC Arsenal (20.30 Uhr)<\/strong><\/em><br><img loading=\"lazy\" decoding=\"async\" width=\"10\" height=\"21\" class=\"wp-image-3656\" style=\"width: 10px;\" src=\"http:\/\/kommentatorenblog.de\/wp-content\/uploads\/2020\/09\/shure-55sh-ii-e1601485394796.jpg\" alt=\"\" srcset=\"http:\/\/kommentatorenblog.de\/wp-content\/uploads\/2020\/09\/shure-55sh-ii-e1601485394796.jpg 415w, http:\/\/kommentatorenblog.de\/wp-content\/uploads\/2020\/09\/shure-55sh-ii-e1601485394796-142x300.jpg 142w\" sizes=\"auto, (max-width: 10px) 100vw, 10px\" \/> Joachim Hebel<\/p>\n\n\n\n<p><span style=\"text-decoration: underline;\">ab 20.20 Uhr (Sky)<\/span><\/p>\n\n\n\n<p><em><strong>Tottenham Hotspur \u2013 Manchester City (20.30 Uhr)<\/strong><\/em><br><img loading=\"lazy\" decoding=\"async\" width=\"10\" height=\"21\" class=\"wp-image-3656\" style=\"width: 10px;\" src=\"http:\/\/kommentatorenblog.de\/wp-content\/uploads\/2020\/09\/shure-55sh-ii-e1601485394796.jpg\" alt=\"\" srcset=\"http:\/\/kommentatorenblog.de\/wp-content\/uploads\/2020\/09\/shure-55sh-ii-e1601485394796.jpg 415w, http:\/\/kommentatorenblog.de\/wp-content\/uploads\/2020\/09\/shure-55sh-ii-e1601485394796-142x300.jpg 142w\" sizes=\"auto, (max-width: 10px) 100vw, 10px\" \/> Jonas Friedrich<\/p>\n\n\n\n<p><em><strong>Manchester United \u2013 Ipswich Town (20.30 Uhr)<\/strong><\/em><br><img loading=\"lazy\" decoding=\"async\" width=\"10\" height=\"21\" class=\"wp-image-3656\" style=\"width: 10px;\" src=\"http:\/\/kommentatorenblog.de\/wp-content\/uploads\/2020\/09\/shure-55sh-ii-e1601485394796.jpg\" alt=\"\" srcset=\"http:\/\/kommentatorenblog.de\/wp-content\/uploads\/2020\/09\/shure-55sh-ii-e1601485394796.jpg 415w, http:\/\/kommentatorenblog.de\/wp-content\/uploads\/2020\/09\/shure-55sh-ii-e1601485394796-142x300.jpg 142w\" sizes=\"auto, (max-width: 10px) 100vw, 10px\" \/> Uli Hebel<\/p>\n\n\n\n<p><em><strong>FC Brentford \u2013 FC Everton (20.30 Uhr)<\/strong><\/em><br><img loading=\"lazy\" decoding=\"async\" width=\"10\" height=\"21\" class=\"wp-image-3656\" style=\"width: 10px;\" src=\"http:\/\/kommentatorenblog.de\/wp-content\/uploads\/2020\/09\/shure-55sh-ii-e1601485394796.jpg\" alt=\"\" srcset=\"http:\/\/kommentatorenblog.de\/wp-content\/uploads\/2020\/09\/shure-55sh-ii-e1601485394796.jpg 415w, http:\/\/kommentatorenblog.de\/wp-content\/uploads\/2020\/09\/shure-55sh-ii-e1601485394796-142x300.jpg 142w\" sizes=\"auto, (max-width: 10px) 100vw, 10px\" \/> <s>Rachel Rinast<\/s> Markus Gaupp<\/p>\n\n\n\n<p><span style=\"text-decoration: underline;\">ab 21.05 Uhr (Sky)<\/span><\/p>\n\n\n\n<p><em><strong>FC Liverpool \u2013 Newcastle United (21.15 Uhr)<\/strong><\/em><br><img loading=\"lazy\" decoding=\"async\" width=\"10\" height=\"21\" class=\"wp-image-3656\" style=\"width: 10px;\" src=\"http:\/\/kommentatorenblog.de\/wp-content\/uploads\/2020\/09\/shure-55sh-ii-e1601485394796.jpg\" alt=\"\" srcset=\"http:\/\/kommentatorenblog.de\/wp-content\/uploads\/2020\/09\/shure-55sh-ii-e1601485394796.jpg 415w, http:\/\/kommentatorenblog.de\/wp-content\/uploads\/2020\/09\/shure-55sh-ii-e1601485394796-142x300.jpg 142w\" sizes=\"auto, (max-width: 10px) 100vw, 10px\" \/> Toni Tomic, Experte: Ren\u00e9 Adler<br>Field-Reporter: Raphael Honigstein<\/p>\n\n\n\n<p><span style=\"text-decoration: underline;\">Donnerstag, 27. Februar 2025, ab 20.50 Uhr (Sky)<\/span><\/p>\n\n\n\n<p><em><strong>West Ham United \u2013 Leicester City (21.00 Uhr)<\/strong><\/em><br><img loading=\"lazy\" decoding=\"async\" width=\"10\" height=\"21\" class=\"wp-image-3656\" style=\"width: 10px;\" src=\"http:\/\/kommentatorenblog.de\/wp-content\/uploads\/2020\/09\/shure-55sh-ii-e1601485394796.jpg\" alt=\"\" srcset=\"http:\/\/kommentatorenblog.de\/wp-content\/uploads\/2020\/09\/shure-55sh-ii-e1601485394796.jpg 415w, http:\/\/kommentatorenblog.de\/wp-content\/uploads\/2020\/09\/shure-55sh-ii-e1601485394796-142x300.jpg 142w\" sizes=\"auto, (max-width: 10px) 100vw, 10px\" \/> Joachim Hebel<\/p>\n\n\n\n<hr class=\"wp-block-separator has-alpha-channel-opacity\"\/>\n\n\n\n<p><strong>Copa del Rey, Halbfinale, Hinspiele (Sportdigital)<\/strong><\/p>\n\n\n\n<p><span style=\"text-decoration: underline;\">Dienstag, 25. Februar 2025<\/span><\/p>\n\n\n\n<p><em><strong>FC Barcelona \u2013 Atletico Madrid (21.30 Uhr)<\/strong><\/em><br><img loading=\"lazy\" decoding=\"async\" width=\"10\" height=\"21\" class=\"wp-image-3656\" style=\"width: 10px;\" src=\"http:\/\/kommentatorenblog.de\/wp-content\/uploads\/2020\/09\/shure-55sh-ii-e1601485394796.jpg\" alt=\"\" srcset=\"http:\/\/kommentatorenblog.de\/wp-content\/uploads\/2020\/09\/shure-55sh-ii-e1601485394796.jpg 415w, http:\/\/kommentatorenblog.de\/wp-content\/uploads\/2020\/09\/shure-55sh-ii-e1601485394796-142x300.jpg 142w\" sizes=\"auto, (max-width: 10px) 100vw, 10px\" \/> Marvin Kirsch<\/p>\n\n\n\n<p><span style=\"text-decoration: underline;\">Mittwoch, 26. Februar 2025<\/span><\/p>\n\n\n\n<p><em><strong>Real Sociedad \u2013 Real Madrid (21.30 Uhr)<\/strong><\/em><br><img loading=\"lazy\" decoding=\"async\" width=\"10\" height=\"21\" class=\"wp-image-3656\" style=\"width: 10px;\" src=\"http:\/\/kommentatorenblog.de\/wp-content\/uploads\/2020\/09\/shure-55sh-ii-e1601485394796.jpg\" alt=\"\" srcset=\"http:\/\/kommentatorenblog.de\/wp-content\/uploads\/2020\/09\/shure-55sh-ii-e1601485394796.jpg 415w, http:\/\/kommentatorenblog.de\/wp-content\/uploads\/2020\/09\/shure-55sh-ii-e1601485394796-142x300.jpg 142w\" sizes=\"auto, (max-width: 10px) 100vw, 10px\" \/> Karsten Linke<\/p>\n\n\n\n<hr class=\"wp-block-separator has-alpha-channel-opacity\"\/>\n\n\n\n<p><strong>Coppa Italia, Viertelfinale (DAZN)<\/strong><\/p>\n\n\n\n<p><span style=\"text-decoration: underline;\">Dienstag, 25. Februar 2025<\/span><\/p>\n\n\n\n<p><em><strong>Inter Mailand \u2013 Lazio Rom (21.00 Uhr)<\/strong><\/em><br><img loading=\"lazy\" decoding=\"async\" width=\"10\" height=\"21\" class=\"wp-image-3656\" style=\"width: 10px;\" src=\"http:\/\/kommentatorenblog.de\/wp-content\/uploads\/2020\/09\/shure-55sh-ii-e1601485394796.jpg\" alt=\"\" srcset=\"http:\/\/kommentatorenblog.de\/wp-content\/uploads\/2020\/09\/shure-55sh-ii-e1601485394796.jpg 415w, http:\/\/kommentatorenblog.de\/wp-content\/uploads\/2020\/09\/shure-55sh-ii-e1601485394796-142x300.jpg 142w\" sizes=\"auto, (max-width: 10px) 100vw, 10px\" \/> Max Gross, Experte: Christian Bernhard<\/p>\n\n\n\n<p><span style=\"text-decoration: underline;\">Mittwoch, 26. Februar 2025<\/span><\/p>\n\n\n\n<p><em><strong>Juventus Turin \u2013 FC Empoli (21.00 Uhr)<\/strong><\/em><br><img loading=\"lazy\" decoding=\"async\" width=\"10\" height=\"21\" class=\"wp-image-3656\" style=\"width: 10px;\" src=\"http:\/\/kommentatorenblog.de\/wp-content\/uploads\/2020\/09\/shure-55sh-ii-e1601485394796.jpg\" alt=\"\" srcset=\"http:\/\/kommentatorenblog.de\/wp-content\/uploads\/2020\/09\/shure-55sh-ii-e1601485394796.jpg 415w, http:\/\/kommentatorenblog.de\/wp-content\/uploads\/2020\/09\/shure-55sh-ii-e1601485394796-142x300.jpg 142w\" sizes=\"auto, (max-width: 10px) 100vw, 10px\" \/> Korbinian Rundel<\/p>\n\n\n\n<hr class=\"wp-block-separator has-alpha-channel-opacity\"\/>\n\n\n\n<p><strong>Serie A, 9. Spieltag, Nachholspiel (DAZN)<\/strong><\/p>\n\n\n\n<p><span style=\"text-decoration: underline;\">Donnerstag, 27. Februar 2025<\/span><\/p>\n\n\n\n<p><em><strong>FC Bologna \u2013 AC Mailand (20.45 Uhr)<\/strong><\/em><br><img loading=\"lazy\" decoding=\"async\" width=\"10\" height=\"21\" class=\"wp-image-3656\" style=\"width: 10px;\" src=\"http:\/\/kommentatorenblog.de\/wp-content\/uploads\/2020\/09\/shure-55sh-ii-e1601485394796.jpg\" alt=\"\" srcset=\"http:\/\/kommentatorenblog.de\/wp-content\/uploads\/2020\/09\/shure-55sh-ii-e1601485394796.jpg 415w, http:\/\/kommentatorenblog.de\/wp-content\/uploads\/2020\/09\/shure-55sh-ii-e1601485394796-142x300.jpg 142w\" sizes=\"auto, (max-width: 10px) 100vw, 10px\" \/> Flo Hauser<\/p>\n\n\n\n<hr class=\"wp-block-separator has-alpha-channel-opacity\"\/>\n\n\n\n<p><strong>Coupe de France, Viertelfinale (Magenta Sport)<\/strong><\/p>\n\n\n\n<p><span style=\"text-decoration: underline;\">Mittwoch, 26. Februar 2025, ab 21.00 Uhr<\/span><\/p>\n\n\n\n<p><em><strong>Stade Briochin \u2013 Paris Saint-Germain (21.10 Uhr)<\/strong><\/em><br><img loading=\"lazy\" decoding=\"async\" width=\"10\" height=\"21\" class=\"wp-image-3656\" style=\"width: 10px;\" src=\"http:\/\/kommentatorenblog.de\/wp-content\/uploads\/2020\/09\/shure-55sh-ii-e1601485394796.jpg\" alt=\"\" srcset=\"http:\/\/kommentatorenblog.de\/wp-content\/uploads\/2020\/09\/shure-55sh-ii-e1601485394796.jpg 415w, http:\/\/kommentatorenblog.de\/wp-content\/uploads\/2020\/09\/shure-55sh-ii-e1601485394796-142x300.jpg 142w\" sizes=\"auto, (max-width: 10px) 100vw, 10px\" \/> Alexander Klich<\/p>\n\n\n\n<hr class=\"wp-block-separator has-alpha-channel-opacity\"\/>\n\n\n\n<p><strong>KNVB-Beker, Halbfinale (Sportdigital)<\/strong><\/p>\n\n\n\n<p><span style=\"text-decoration: underline;\">Mittwoch, 26. Februar 2025<\/span><\/p>\n\n\n\n<p><em><strong>PSV Eindhoven \u2013 Go Ahead Eagles (20.00 Uhr)<\/strong><\/em><br><img loading=\"lazy\" decoding=\"async\" width=\"10\" height=\"21\" class=\"wp-image-3656\" style=\"width: 10px;\" src=\"http:\/\/kommentatorenblog.de\/wp-content\/uploads\/2020\/09\/shure-55sh-ii-e1601485394796.jpg\" alt=\"\" srcset=\"http:\/\/kommentatorenblog.de\/wp-content\/uploads\/2020\/09\/shure-55sh-ii-e1601485394796.jpg 415w, http:\/\/kommentatorenblog.de\/wp-content\/uploads\/2020\/09\/shure-55sh-ii-e1601485394796-142x300.jpg 142w\" sizes=\"auto, (max-width: 10px) 100vw, 10px\" \/> J\u00f6rg Steiger<\/p>\n\n\n\n<p><span style=\"text-decoration: underline;\">Donnerstag, 27. Februar 2025<\/span><\/p>\n\n\n\n<p><em><strong>Heracles Almelo \u2013 AZ Alkmaar (20.00 Uhr)<\/strong><\/em><br><img loading=\"lazy\" decoding=\"async\" width=\"10\" height=\"21\" class=\"wp-image-3656\" style=\"width: 10px;\" src=\"http:\/\/kommentatorenblog.de\/wp-content\/uploads\/2020\/09\/shure-55sh-ii-e1601485394796.jpg\" alt=\"\" srcset=\"http:\/\/kommentatorenblog.de\/wp-content\/uploads\/2020\/09\/shure-55sh-ii-e1601485394796.jpg 415w, http:\/\/kommentatorenblog.de\/wp-content\/uploads\/2020\/09\/shure-55sh-ii-e1601485394796-142x300.jpg 142w\" sizes=\"auto, (max-width: 10px) 100vw, 10px\" \/> Martin Hahn<\/p>\n\n\n\n<hr class=\"wp-block-separator has-alpha-channel-opacity\"\/>\n\n\n\n<p><strong>CONMEBOL Libertadores, 2. Runde, R\u00fcckspiele (Sportdigital)<\/strong><\/p>\n\n\n\n<p><span style=\"text-decoration: underline;\">Mittwoch, 26. Februar 2025<\/span><\/p>\n\n\n\n<p><em><strong>Boca Juniors \u2013 Alianza Lima (01.30 Uhr)<\/strong><\/em><br><img loading=\"lazy\" decoding=\"async\" width=\"10\" height=\"21\" class=\"wp-image-3656\" style=\"width: 10px;\" src=\"http:\/\/kommentatorenblog.de\/wp-content\/uploads\/2020\/09\/shure-55sh-ii-e1601485394796.jpg\" alt=\"\" srcset=\"http:\/\/kommentatorenblog.de\/wp-content\/uploads\/2020\/09\/shure-55sh-ii-e1601485394796.jpg 415w, http:\/\/kommentatorenblog.de\/wp-content\/uploads\/2020\/09\/shure-55sh-ii-e1601485394796-142x300.jpg 142w\" sizes=\"auto, (max-width: 10px) 100vw, 10px\" \/> Arne Malsch<\/p>\n\n\n\n<p><span style=\"text-decoration: underline;\">Donnerstag, 27. Februar 2025<\/span><\/p>\n\n\n\n<p><em><strong>Corinthians \u2013 Universidad Central (01.30 Uhr)<\/strong><\/em><br><img loading=\"lazy\" decoding=\"async\" width=\"10\" height=\"21\" class=\"wp-image-3656\" style=\"width: 10px;\" src=\"http:\/\/kommentatorenblog.de\/wp-content\/uploads\/2020\/09\/shure-55sh-ii-e1601485394796.jpg\" alt=\"\" srcset=\"http:\/\/kommentatorenblog.de\/wp-content\/uploads\/2020\/09\/shure-55sh-ii-e1601485394796.jpg 415w, http:\/\/kommentatorenblog.de\/wp-content\/uploads\/2020\/09\/shure-55sh-ii-e1601485394796-142x300.jpg 142w\" sizes=\"auto, (max-width: 10px) 100vw, 10px\" \/> Christian Blunck<\/p>\n\n\n\n<hr class=\"wp-block-separator has-alpha-channel-opacity\"\/>\n\n\n\n<p><strong>Saudi Pro League, 22. Spieltag (Sportdigital)<\/strong><\/p>\n\n\n\n<p><span style=\"text-decoration: underline;\">Dienstag, 25. Februar 2025<\/span><\/p>\n\n\n\n<p><em><strong>Al-Wehda \u2013 Al-Nassr (17.00 Uhr)<\/strong><\/em><br><img loading=\"lazy\" decoding=\"async\" width=\"10\" height=\"21\" class=\"wp-image-3656\" style=\"width: 10px;\" src=\"http:\/\/kommentatorenblog.de\/wp-content\/uploads\/2020\/09\/shure-55sh-ii-e1601485394796.jpg\" alt=\"\" srcset=\"http:\/\/kommentatorenblog.de\/wp-content\/uploads\/2020\/09\/shure-55sh-ii-e1601485394796.jpg 415w, http:\/\/kommentatorenblog.de\/wp-content\/uploads\/2020\/09\/shure-55sh-ii-e1601485394796-142x300.jpg 142w\" sizes=\"auto, (max-width: 10px) 100vw, 10px\" \/> Ulf Kahmke<\/p>\n\n\n\n<p><span style=\"text-decoration: underline;\">Mittwoch, 26. Februar 2025<\/span><\/p>\n\n\n\n<p><em><strong>Al-Khaleej \u2013 Al-Ittihad (18.00 Uhr)<\/strong><\/em><br><img loading=\"lazy\" decoding=\"async\" width=\"10\" height=\"21\" class=\"wp-image-3656\" style=\"width: 10px;\" src=\"http:\/\/kommentatorenblog.de\/wp-content\/uploads\/2020\/09\/shure-55sh-ii-e1601485394796.jpg\" alt=\"\" srcset=\"http:\/\/kommentatorenblog.de\/wp-content\/uploads\/2020\/09\/shure-55sh-ii-e1601485394796.jpg 415w, http:\/\/kommentatorenblog.de\/wp-content\/uploads\/2020\/09\/shure-55sh-ii-e1601485394796-142x300.jpg 142w\" sizes=\"auto, (max-width: 10px) 100vw, 10px\" \/> <s>Moritz Knorr<\/s> Max Giesen<\/p>\n\n\n\n<hr class=\"wp-block-separator has-alpha-channel-opacity\"\/>\n\n\n\n<p><strong>Die Analyse<\/strong><\/p>\n\n\n\n<p>Die Woche startet zun\u00e4chst mit dem zweiten Spiel der DFB-Frauen, diesmal zuhause in N\u00fcrnberg gegen \u00d6sterreich. Gari Paubandt wird abermals zusammen mit Kathrin Lehmann kommentieren, Sven Voss moderieren und Johanna R\u00fcdiger die Interviews f\u00fchren. Bei den vergangenen Frauen-Turnieren musste sich Paubandt bislang hinter Claudia Neumann und Norbert Galeske einordnen, sofern er \u00fcberhaupt dabei war, bei der kommenden EM wird das angesichts der H\u00e4ufigkeit seiner Eins\u00e4tze vermutlich anders aussehen.<\/p>\n\n\n\n<p>Die verbliebenen Viertelfinals finden wie gewohnt am Dienstag und Mittwoch zur Primetime statt. Auch wenn Leipzig &#8211; Wolfsburg nur eines von zwei Erstliga-Duellen in der gesamten Runde ist, entschied sich das ZDF dennoch f\u00fcr die \u00dcbertragung des Spiels des SV Werder Bremen beim letzten verbliebenen Drittligisten aus Bielefeld. Angesichts der bisherigen Erfahrungen mit den teilnehmenden Klubs h\u00e4tte die andere Partie vermutlich schw\u00e4chere Quoten erzielt. Auf der Bielefelder Alm wird Jochen Breyer zusammen mit Christoph Kramer durch die \u00dcbertragung f\u00fchren und dabei auch den neuen Schiedsrichter-Experten des ZDF, Thorsten Kinh\u00f6fer, vorstellen, der die Nachfolge von Manuel Gr\u00e4fe antritt, dessen Vertrag nach der EM 2024 nicht mehr verl\u00e4ngert wurde. Kommentieren wird Martin Schneider, mal wieder gemeinsam mit Hanno Balitsch, Kinh\u00f6fer wird sich w\u00e4hrend des Spiels bei schwierigen Schiedsrichterentscheidungen einschalten. Die Interviews f\u00fchren Alex Ruda und, erstmals beim Pokal, Felicitas H\u00f6lscher. Sky schickt Patrick Wasserziehr als Moderator und Nele Ocik als Field-Reporterin nach Bielefeld, au\u00dferdem Arminia-Legende Ewald Lienen und Martin Gro\u00df als Kommentator.<\/p>\n\n\n\n<p>Das einzige Sky-exklusive Viertelfinalspiel in Leipzig, wo dank eines gewissen Losgl\u00fccks recht h\u00e4ufig Pokalspiele stattfinden, kommentiert Wolff Fuss, so wie es bei Sky bei mindestens einem Pokalspiel in der Woche die Norm ist. Yannick Erkenbrecher \u00fcbernimmt die Rolle des Moderators, die Interviews wird Michael Leopold f\u00fchren. Die DFL setzt die Priorit\u00e4ten im Vergleich zum ZDF anders und hat anders als in Bielefeld in Leipzig mit James Thorogood und Steffen Freund ein Kommentatorenduo f\u00fcr den World Feed vor Ort, au\u00dferdem Anna Sara Lange als Field-Reporterin.<\/p>\n\n\n\n<p>Auch in den meisten anderen europ\u00e4ischen L\u00e4ndern finden Pokalspiele statt, nur in England nicht. Dort steht ein kompletter Spieltag der Premier League an. Bevor der FC Liverpool am Mittwochabend Newcastle United empf\u00e4ngt, sto\u00dfen 45 Minuten zuvor bereits der FC Arsenal, Manchester City und Manchester United parallel an. Passend dazu bietet Sky eine Konferenz an, die von Hannes Herrmann gehostet wird.<\/p>\n\n\n\n<p>Weiterhin keine besonders gro\u00dfen St\u00fccke scheint Magenta Sport auf die Coupe de France zu legen, wo erneut Alexander Klich solo zum Zug kommt, w\u00e4hrend in den vergangenen beiden Saisons noch regelm\u00e4\u00dfig Jan Platte neben Klich eingesetzt wurde sowie Alexis Menuge als Co-Kommentator. Die Abg\u00e4nge von Messi, Neymar und Mbapp\u00e9 d\u00fcrften ebenso wie die Tatsache, dass PSG es bislang noch nicht mit hochkar\u00e4tigen Gegnern zu tun bekam, zu einem \u00fcberschaubaren Interesse beigetragen haben.<\/p>\n\n\n\n<p>Die Woche bietet also wieder viel Auswahl, dass f\u00fcr jeden etwas dabei sein d\u00fcrfte. Viel Unterhaltung garantiert.<\/p>\n\n\n\n<p>Bis bald!<\/p>\n","protected":false},"excerpt":{"rendered":"<p>N&#8217;Abend allerseits, Pokal, Champions League, Champions League und nun wieder Pokal &#8211; der neue Modus der Champions League sorgt f\u00fcr diese ungew\u00f6hnliche Reihenfolge, die erm\u00f6glicht, dass weiterhin alle Pokal-Viertelfinals zur Primetime stattfinden. In der n\u00e4chsten Woche geht es nahtlos schon wieder mit der Champions League weiter, man kann es also eher mit einem Big Mac [&hellip;]<\/p>\n","protected":false},"author":17,"featured_media":0,"comment_status":"open","ping_status":"open","sticky":false,"template":"","format":"standard","meta":{"footnotes":""},"categories":[504],"tags":[949,794,263,164,57,544,13,530,1260,132,32,104,540,347,39,960,69,58,59,737,962,9,70,121,95,649,38,581,1037,283,88,715,1238,94,579,966,340,84,656,22,134,27,710,1305,24,402,105,107,196,37],"class_list":["post-20726","post","type-post","status-publish","format-standard","hentry","category-dfb-pokal-co","tag-alexander-klich-2","tag-alexander-ruda","tag-arne-malsch","tag-christian-bernhard","tag-christian-blunck","tag-christoph-kramer","tag-dazn","tag-ewald-lienen","tag-felicitas-hoelscher","tag-flo-hauser","tag-gari-paubandt","tag-hannes-herrmann","tag-hanno-balitsch","tag-joachim-hebel","tag-jochen-breyer","tag-johanna-ruediger","tag-jonas-friedrich","tag-joerg-steiger","tag-karsten-linke","tag-kathrin-lehmann","tag-korbinian-rundel","tag-magenta-sport","tag-marcel-meinert","tag-markus-gaupp","tag-martin-gross","tag-martin-hahn","tag-martin-schneider","tag-marvin-kirsch","tag-max-giesen","tag-max-gross","tag-michael-leopold","tag-moritz-knorr","tag-nele-ocik","tag-patrick-wasserziehr","tag-philipp-langosz","tag-rachel-rinast","tag-raphael-honigstein","tag-rene-adler","tag-rtl-2","tag-sky","tag-sportdigital-fussball","tag-sven-schroeter","tag-sven-voss","tag-thorsten-kinhoefer","tag-toni-tomic","tag-ulf-kahmke","tag-uli-hebel","tag-wolff-fuss","tag-yannick-erkenbrecher","tag-zdf"],"_links":{"self":[{"href":"http:\/\/kommentatorenblog.de\/index.php?rest_route=\/wp\/v2\/posts\/20726","targetHints":{"allow":["GET"]}}],"collection":[{"href":"http:\/\/kommentatorenblog.de\/index.php?rest_route=\/wp\/v2\/posts"}],"about":[{"href":"http:\/\/kommentatorenblog.de\/index.php?rest_route=\/wp\/v2\/types\/post"}],"author":[{"embeddable":true,"href":"http:\/\/kommentatorenblog.de\/index.php?rest_route=\/wp\/v2\/users\/17"}],"replies":[{"embeddable":true,"href":"http:\/\/kommentatorenblog.de\/index.php?rest_route=%2Fwp%2Fv2%2Fcomments&post=20726"}],"version-history":[{"count":22,"href":"http:\/\/kommentatorenblog.de\/index.php?rest_route=\/wp\/v2\/posts\/20726\/revisions"}],"predecessor-version":[{"id":20762,"href":"http:\/\/kommentatorenblog.de\/index.php?rest_route=\/wp\/v2\/posts\/20726\/revisions\/20762"}],"wp:attachment":[{"href":"http:\/\/kommentatorenblog.de\/index.php?rest_route=%2Fwp%2Fv2%2Fmedia&parent=20726"}],"wp:term":[{"taxonomy":"category","embeddable":true,"href":"http:\/\/kommentatorenblog.de\/index.php?rest_route=%2Fwp%2Fv2%2Fcategories&post=20726"},{"taxonomy":"post_tag","embeddable":true,"href":"http:\/\/kommentatorenblog.de\/index.php?rest_route=%2Fwp%2Fv2%2Ftags&post=20726"}],"curies":[{"name":"wp","href":"https:\/\/api.w.org\/{rel}","templated":true}]}}