{"id":20811,"date":"2025-03-03T21:17:52","date_gmt":"2025-03-03T20:17:52","guid":{"rendered":"https:\/\/kommentatorenblog.de\/?p=20811"},"modified":"2025-03-07T10:32:30","modified_gmt":"2025-03-07T09:32:30","slug":"1492-ein-paar-zahlen-und-das-achtelfinale","status":"publish","type":"post","link":"http:\/\/kommentatorenblog.de\/?p=20811","title":{"rendered":"1492 &#8211; Ein paar Zahlen und das Achtelfinale"},"content":{"rendered":"\n<p>N\u2019Abend allerseits,<\/p>\n\n\n\n<p>w\u00e4hrend sich die Bundesliga im Schlussspurt des zweiten Drittels befindet, startet die Champions League ins Achtelfinale. In den letzten Jahren markierte diese Runde den ersten Termin f\u00fcr europ\u00e4ischen Fu\u00dfball \u2013 durch das neue System ist es 2025 allerdings bereits die f\u00fcnfte Europapokal-Woche.<\/p>\n\n\n\n<p>Diesen Beitrag m\u00f6chte ich f\u00fcr einen statistischen R\u00fcckblick nutzen. Vor der Saison k\u00fcndigte DAZN an, alle Spiele deutscher Teams aus dem Stadion zu \u00fcbertragen. In der Praxis waren es bislang 35 Spiele (Ligaphase + Playoffs). Eine Vor-Ort-Berichterstattung durch Field-Reporter:innen gab es durchgehend, aber die Kommentatoren sa\u00dfen nicht immer im Stadion. Es kamen drei \u00dcbertragungsmodelle zum Einsatz:<\/p>\n\n\n\n<ol class=\"wp-block-list\">\n<li>Vier Leute (Kommentator, Experte, Moderator:in, Field-Reporter:in) vor Ort<\/li>\n\n\n\n<li>Drei Leute (Moderator:in, Kommentator, Experte) vor Ort<\/li>\n\n\n\n<li>Field-Reporter:in vor Ort, der Rest in der Box<\/li>\n<\/ol>\n\n\n\n<p>Werfen wir einen Blick darauf, wie oft diese Modelle bei den deutschen Teams zum Einsatz kamen:<\/p>\n\n\n\n<figure class=\"wp-block-table\"><table class=\"has-fixed-layout\"><tbody><tr><td><\/td><td>Modell 1<\/td><td>Modell 2<\/td><td>Modell 3<\/td><td>Summe<\/td><\/tr><tr><td>Leverkusen<\/td><td>Salzburg (H)<\/td><td>Rotterdam (A), Milan (H),<br>Inter (H), Atl\u00e9tico (A), Prag (H)<\/td><td>Brest (A)<\/td><td>7<\/td><\/tr><tr><td>Stuttgart<\/td><td><\/td><td>Prag (H), Juventus (A), Bergamo (H), Young Boys (H), Paris (H)<\/td><td>Roter Stern (A), Bratislava (A)<\/td><td>7<\/td><\/tr><tr><td>Bayern<\/td><td>Zagreb (H), Aston Villa (A), Barcelona (A), Benfica (H), Celtic (A)<\/td><td>Rotterdam (A), Bratislava (H)<\/td><td><\/td><td>7<\/td><\/tr><tr><td>Leipzig<\/td><td><\/td><td>Atl\u00e9tico (A), Juventus (H), Liverpool (H), Celtic (A), <br>Inter (A),<br>Aston Villa (H)<\/td><td>Sporting (H), Graz (A)<\/td><td>8<\/td><\/tr><tr><td>Dortmund<\/td><td>Graz (H), Barcelona (H), Sporting (H)<\/td><td>Br\u00fcgge (A), Zagreb (A), Donetsk (H)<\/td><td><\/td><td>6<\/td><\/tr><tr><td>Insgesamt<\/td><td>9<\/td><td>21<\/td><td>5<\/td><td>35<\/td><\/tr><\/tbody><\/table><\/figure>\n\n\n\n<p>Von den 35 Spielen wurden 30 aus dem Stadion kommentiert \u2013 eine klare Steigerung gegen\u00fcber den Vorjahren, die sich aus meiner Sicht positiv auf die Berichterstattung ausgewirkt hat. Von den f\u00fcnf Spielen, die entgegen der urspr\u00fcnglichen Ank\u00fcndigung nicht aus dem Stadion \u00fcbertragen wurden, fanden vier ausw\u00e4rts und nur eines zuhause statt. Das Leipziger Heimspiel und das Spiel von RB in Graz sind dabei aus meiner Sicht Sonderf\u00e4lle, da das Ausscheiden bereits feststand. Die verbleibenden drei Partien waren sportlich durchaus relevant \u2013 hier h\u00e4tte ich mir eine konsequentere Umsetzung der urspr\u00fcnglichen Ank\u00fcndigung gew\u00fcnscht.<\/p>\n\n\n\n<p>Das soll aber nicht zu negativ klingen: Die steigende Zahl an Stadion-\u00dcbertragungen bei DAZN in der Champions League (in der Liga sieht das etwas anders aus, aber dazu mehr Richtung Saisonende) und die gro\u00dfe Studiosendung am 8. Spieltag waren definitiv eine Bereicherung.<\/p>\n\n\n\n<p>Aber wie seht ihr das? Wie hat euch die Champions-League-Berichterstattung in dieser Saison gefallen?<\/p>\n\n\n\n<p>Nun aber erstmal der Blick nach vorne auf die Ansetzungen der Achtelfinal-Hinspiele der drei Europapokal-Wettbewerbe.<\/p>\n\n\n\n<hr class=\"wp-block-separator has-alpha-channel-opacity\"\/>\n\n\n\n<p><strong>Die Ansetzungen vom 04. M\u00e4rz bis zum 06. M\u00e4rz 2025<\/strong><\/p>\n\n\n\n<hr class=\"wp-block-separator has-css-opacity\"\/>\n\n\n\n<p><strong>UEFA Champions League, Achtelfinale, Hinspiele<\/strong><\/p>\n\n\n\n<p><span style=\"text-decoration: underline;\">Dienstag, 04. M\u00e4rz 2025 (DAZN)<\/span><\/p>\n\n\n\n<p><strong><em>Club Br\u00fcgge &#8211; Aston Villa (18.45 Uhr)<\/em><\/strong><br><em><strong><img loading=\"lazy\" decoding=\"async\" width=\"415\" height=\"874\" class=\"wp-image-3656\" style=\"width: 10px\" src=\"http:\/\/kommentatorenblog.de\/wp-content\/uploads\/2020\/09\/shure-55sh-ii-e1601485394796.jpg\" alt=\"\" srcset=\"http:\/\/kommentatorenblog.de\/wp-content\/uploads\/2020\/09\/shure-55sh-ii-e1601485394796.jpg 415w, http:\/\/kommentatorenblog.de\/wp-content\/uploads\/2020\/09\/shure-55sh-ii-e1601485394796-142x300.jpg 142w\" sizes=\"auto, (max-width: 415px) 100vw, 415px\" \/><\/strong><\/em> Chris Putz<\/p>\n\n\n\n<p><span style=\"text-decoration: underline;\">ab 20.00 Uhr (Prime)<\/span><\/p>\n\n\n\n<p><strong><em>Borussia Dortmund &#8211; OSC Lille (21.00 Uhr)<\/em><\/strong><br><em><strong><img loading=\"lazy\" decoding=\"async\" width=\"415\" height=\"874\" class=\"wp-image-3656\" style=\"width: 10px\" src=\"http:\/\/kommentatorenblog.de\/wp-content\/uploads\/2020\/09\/shure-55sh-ii-e1601485394796.jpg\" alt=\"\" srcset=\"http:\/\/kommentatorenblog.de\/wp-content\/uploads\/2020\/09\/shure-55sh-ii-e1601485394796.jpg 415w, http:\/\/kommentatorenblog.de\/wp-content\/uploads\/2020\/09\/shure-55sh-ii-e1601485394796-142x300.jpg 142w\" sizes=\"auto, (max-width: 415px) 100vw, 415px\" \/><\/strong><\/em> Jonas Friedrich, Experte: Benedikt H\u00f6wedes<br>Moderation: Alex Schl\u00fcter, Expert:innen: Christoph Kramer, Tabea Kemme und Shkodran Mustafi, Schiedsrichter-Experte: Lutz Wagner, Field-Reporter:innen: Cayana Freeman und Sebastian Benesch<\/p>\n\n\n\n<p><strong><em>Highlight-Show (23.00 Uhr)<br><\/em><\/strong>Moderation: Alex Schl\u00fcter, Experte: Patrick Owomoyela<\/p>\n\n\n\n<p><span style=\"text-decoration: underline;\">ab 20.30 Uhr (DAZN)<\/span><\/p>\n\n\n\n<p><strong><em>Real Madrid &#8211; Atl\u00e9tico Madrid (21.00 Uhr)<\/em><\/strong><br><em><strong><img loading=\"lazy\" decoding=\"async\" width=\"415\" height=\"874\" class=\"wp-image-3656\" style=\"width: 10px\" src=\"http:\/\/kommentatorenblog.de\/wp-content\/uploads\/2020\/09\/shure-55sh-ii-e1601485394796.jpg\" alt=\"\" srcset=\"http:\/\/kommentatorenblog.de\/wp-content\/uploads\/2020\/09\/shure-55sh-ii-e1601485394796.jpg 415w, http:\/\/kommentatorenblog.de\/wp-content\/uploads\/2020\/09\/shure-55sh-ii-e1601485394796-142x300.jpg 142w\" sizes=\"auto, (max-width: 415px) 100vw, 415px\" \/><\/strong><\/em> Marco Hagemann, Experte: Sebastian Knei\u00dfl (Einzelspiel), Tom Kirsten (Konferenz)<br>Moderation: Andres Veredas<\/p>\n\n\n\n<p><strong><em>PSV Eindhoven &#8211; FC Arsenal (21.00 Uhr)<\/em><\/strong><br><em><strong><img loading=\"lazy\" decoding=\"async\" width=\"415\" height=\"874\" class=\"wp-image-3656\" style=\"width: 10px\" src=\"http:\/\/kommentatorenblog.de\/wp-content\/uploads\/2020\/09\/shure-55sh-ii-e1601485394796.jpg\" alt=\"\" srcset=\"http:\/\/kommentatorenblog.de\/wp-content\/uploads\/2020\/09\/shure-55sh-ii-e1601485394796.jpg 415w, http:\/\/kommentatorenblog.de\/wp-content\/uploads\/2020\/09\/shure-55sh-ii-e1601485394796-142x300.jpg 142w\" sizes=\"auto, (max-width: 415px) 100vw, 415px\" \/><\/strong><\/em> Michael Born (Einzelspiel), Nico Seepe (Konferenz)<\/p>\n\n\n\n<p><span style=\"text-decoration: underline;\">Mittwoch, 05. M\u00e4rz 2025 (DAZN)<\/span><\/p>\n\n\n\n<p><strong><em>Feyenoord Rotterdam &#8211; Inter Mailand (18.45 Uhr)<\/em><\/strong><br><em><strong><img loading=\"lazy\" decoding=\"async\" width=\"415\" height=\"874\" class=\"wp-image-3656\" style=\"width: 10px\" src=\"http:\/\/kommentatorenblog.de\/wp-content\/uploads\/2020\/09\/shure-55sh-ii-e1601485394796.jpg\" alt=\"\" srcset=\"http:\/\/kommentatorenblog.de\/wp-content\/uploads\/2020\/09\/shure-55sh-ii-e1601485394796.jpg 415w, http:\/\/kommentatorenblog.de\/wp-content\/uploads\/2020\/09\/shure-55sh-ii-e1601485394796-142x300.jpg 142w\" sizes=\"auto, (max-width: 415px) 100vw, 415px\" \/><\/strong><\/em> <s>David Ploch<\/s> Simon Sterzer<\/p>\n\n\n\n<p><span style=\"text-decoration: underline;\">ab 20.00 Uhr (DAZN)<\/span><\/p>\n\n\n\n<p><strong><em>FC Bayern M\u00fcnchen &#8211; Bayer 04 Leverkusen (21.00 Uhr)<\/em><\/strong><br><em><strong><img loading=\"lazy\" decoding=\"async\" width=\"415\" height=\"874\" class=\"wp-image-3656\" style=\"width: 10px\" src=\"http:\/\/kommentatorenblog.de\/wp-content\/uploads\/2020\/09\/shure-55sh-ii-e1601485394796.jpg\" alt=\"\" srcset=\"http:\/\/kommentatorenblog.de\/wp-content\/uploads\/2020\/09\/shure-55sh-ii-e1601485394796.jpg 415w, http:\/\/kommentatorenblog.de\/wp-content\/uploads\/2020\/09\/shure-55sh-ii-e1601485394796-142x300.jpg 142w\" sizes=\"auto, (max-width: 415px) 100vw, 415px\" \/><\/strong><\/em> Freddy Harder, Experte: Michael Ballack (Einzelspiel), Lukas Sch\u00f6nm\u00fcller (Konferenz)<br>Moderation: Daniel Herzog, Field-Reporter: Max Siebald<\/p>\n\n\n\n<p><span style=\"text-decoration: underline;\">ab 20.30 Uhr (DAZN)<\/span><\/p>\n\n\n\n<p><strong><em>Paris Saint-Germain &#8211; FC Liverpool (21.00 Uhr)<\/em><\/strong><br><em><strong><img loading=\"lazy\" decoding=\"async\" width=\"415\" height=\"874\" class=\"wp-image-3656\" style=\"width: 10px\" src=\"http:\/\/kommentatorenblog.de\/wp-content\/uploads\/2020\/09\/shure-55sh-ii-e1601485394796.jpg\" alt=\"\" srcset=\"http:\/\/kommentatorenblog.de\/wp-content\/uploads\/2020\/09\/shure-55sh-ii-e1601485394796.jpg 415w, http:\/\/kommentatorenblog.de\/wp-content\/uploads\/2020\/09\/shure-55sh-ii-e1601485394796-142x300.jpg 142w\" sizes=\"auto, (max-width: 415px) 100vw, 415px\" \/><\/strong><\/em> Uli Hebel (Einzelspiel), Michael Born (Konferenz)<\/p>\n\n\n\n<p><strong><em>Benfica Lissabon &#8211; FC Barcelona (21.00 Uhr)<\/em><\/strong><br><em><strong><img loading=\"lazy\" decoding=\"async\" width=\"415\" height=\"874\" class=\"wp-image-3656\" style=\"width: 10px\" src=\"http:\/\/kommentatorenblog.de\/wp-content\/uploads\/2020\/09\/shure-55sh-ii-e1601485394796.jpg\" alt=\"\" srcset=\"http:\/\/kommentatorenblog.de\/wp-content\/uploads\/2020\/09\/shure-55sh-ii-e1601485394796.jpg 415w, http:\/\/kommentatorenblog.de\/wp-content\/uploads\/2020\/09\/shure-55sh-ii-e1601485394796-142x300.jpg 142w\" sizes=\"auto, (max-width: 415px) 100vw, 415px\" \/><\/strong><\/em> Flo Hauser (Einzelspiel), Max Gross (Konferenz)<\/p>\n\n\n\n<hr class=\"wp-block-separator has-alpha-channel-opacity\"\/>\n\n\n\n<p><strong>UEFA Europa League \/ UEFA Conference League, Achtelfinale, Hinspiele<\/strong><\/p>\n\n\n\n<p><span style=\"text-decoration: underline;\">Donnerstag, 06. M\u00e4rz 2025, ab 18.15 Uhr (RTL+)<\/span><\/p>\n\n\n\n<p><strong><em>Fenerbahce Istanbul \u2013 Glasgow Rangers<\/em><\/strong> <strong><em>(18.45 Uhr)<\/em><\/strong><br><em><strong><img loading=\"lazy\" decoding=\"async\" width=\"415\" height=\"874\" class=\"wp-image-3656\" style=\"width: 10px\" src=\"http:\/\/kommentatorenblog.de\/wp-content\/uploads\/2020\/09\/shure-55sh-ii-e1601485394796.jpg\" alt=\"\" srcset=\"http:\/\/kommentatorenblog.de\/wp-content\/uploads\/2020\/09\/shure-55sh-ii-e1601485394796.jpg 415w, http:\/\/kommentatorenblog.de\/wp-content\/uploads\/2020\/09\/shure-55sh-ii-e1601485394796-142x300.jpg 142w\" sizes=\"auto, (max-width: 415px) 100vw, 415px\" \/><\/strong><\/em> Oliver Seidler (Einzelspiel), Peter Reichert (Konferenz)<\/p>\n\n\n\n<p><strong><em>FCSB Bukarest \u2013 Olympique Lyon (18.45 Uhr)<\/em><\/strong><br><em><strong><img loading=\"lazy\" decoding=\"async\" width=\"415\" height=\"874\" class=\"wp-image-3656\" style=\"width: 10px\" src=\"http:\/\/kommentatorenblog.de\/wp-content\/uploads\/2020\/09\/shure-55sh-ii-e1601485394796.jpg\" alt=\"\" srcset=\"http:\/\/kommentatorenblog.de\/wp-content\/uploads\/2020\/09\/shure-55sh-ii-e1601485394796.jpg 415w, http:\/\/kommentatorenblog.de\/wp-content\/uploads\/2020\/09\/shure-55sh-ii-e1601485394796-142x300.jpg 142w\" sizes=\"auto, (max-width: 415px) 100vw, 415px\" \/><\/strong><\/em> Simon Sterzer (Einzelspiel), Stefan Fuckert (Konferenz)<\/p>\n\n\n\n<p><strong><em>Real Sociedad \u2013 Manchester United (18.45 Uhr)<\/em><\/strong><br><em><strong><img loading=\"lazy\" decoding=\"async\" width=\"415\" height=\"874\" class=\"wp-image-3656\" style=\"width: 10px\" src=\"http:\/\/kommentatorenblog.de\/wp-content\/uploads\/2020\/09\/shure-55sh-ii-e1601485394796.jpg\" alt=\"\" srcset=\"http:\/\/kommentatorenblog.de\/wp-content\/uploads\/2020\/09\/shure-55sh-ii-e1601485394796.jpg 415w, http:\/\/kommentatorenblog.de\/wp-content\/uploads\/2020\/09\/shure-55sh-ii-e1601485394796-142x300.jpg 142w\" sizes=\"auto, (max-width: 415px) 100vw, 415px\" \/><\/strong><\/em> Rene Langhoff (Einzelspiel), Julian Engelhard (Konferenz)<\/p>\n\n\n\n<p><strong><em>FC Kopenhagen \u2013 FC Chelsea (18.45 Uhr)<\/em><\/strong><br><em><strong><img loading=\"lazy\" decoding=\"async\" width=\"415\" height=\"874\" class=\"wp-image-3656\" style=\"width: 10px\" src=\"http:\/\/kommentatorenblog.de\/wp-content\/uploads\/2020\/09\/shure-55sh-ii-e1601485394796.jpg\" alt=\"\" srcset=\"http:\/\/kommentatorenblog.de\/wp-content\/uploads\/2020\/09\/shure-55sh-ii-e1601485394796.jpg 415w, http:\/\/kommentatorenblog.de\/wp-content\/uploads\/2020\/09\/shure-55sh-ii-e1601485394796-142x300.jpg 142w\" sizes=\"auto, (max-width: 415px) 100vw, 415px\" \/><\/strong><\/em> Stefan Galler (Einzelspiel), Christian Stra\u00dfburger (Konferenz)<\/p>\n\n\n\n<p><strong><em>Panathinaikos Athen \u2013 AC Florenz (18.45 Uhr)<\/em><\/strong><br><em><strong><img loading=\"lazy\" decoding=\"async\" width=\"415\" height=\"874\" class=\"wp-image-3656\" style=\"width: 10px\" src=\"http:\/\/kommentatorenblog.de\/wp-content\/uploads\/2020\/09\/shure-55sh-ii-e1601485394796.jpg\" alt=\"\" srcset=\"http:\/\/kommentatorenblog.de\/wp-content\/uploads\/2020\/09\/shure-55sh-ii-e1601485394796.jpg 415w, http:\/\/kommentatorenblog.de\/wp-content\/uploads\/2020\/09\/shure-55sh-ii-e1601485394796-142x300.jpg 142w\" sizes=\"auto, (max-width: 415px) 100vw, 415px\" \/><\/strong><\/em> Jan Wochner (Einzelspiel), Alex K\u00fcpper (Konferenz)<\/p>\n\n\n\n<p><span style=\"text-decoration: underline;\">ab 18.10 Uhr (RTL+) bzw. ab 18.35 Uhr (Sky)<\/span><\/p>\n\n\n\n<p><strong><em>AZ Alkmaar \u2013 Tottenham Hotspur (18.45 Uhr)<\/em><\/strong><br><em><strong><img loading=\"lazy\" decoding=\"async\" width=\"415\" height=\"874\" class=\"wp-image-3656\" style=\"width: 10px\" src=\"http:\/\/kommentatorenblog.de\/wp-content\/uploads\/2020\/09\/shure-55sh-ii-e1601485394796.jpg\" alt=\"\" srcset=\"http:\/\/kommentatorenblog.de\/wp-content\/uploads\/2020\/09\/shure-55sh-ii-e1601485394796.jpg 415w, http:\/\/kommentatorenblog.de\/wp-content\/uploads\/2020\/09\/shure-55sh-ii-e1601485394796-142x300.jpg 142w\" sizes=\"auto, (max-width: 415px) 100vw, 415px\" \/><\/strong><\/em> RTL+\/Sky: Christoph Stadtler (Einzelspiel)<br><em><strong><img loading=\"lazy\" decoding=\"async\" width=\"415\" height=\"874\" class=\"wp-image-3656\" style=\"width: 10px\" src=\"http:\/\/kommentatorenblog.de\/wp-content\/uploads\/2020\/09\/shure-55sh-ii-e1601485394796.jpg\" alt=\"\" srcset=\"http:\/\/kommentatorenblog.de\/wp-content\/uploads\/2020\/09\/shure-55sh-ii-e1601485394796.jpg 415w, http:\/\/kommentatorenblog.de\/wp-content\/uploads\/2020\/09\/shure-55sh-ii-e1601485394796-142x300.jpg 142w\" sizes=\"auto, (max-width: 415px) 100vw, 415px\" \/><\/strong><\/em> RTL+: Florian von Stackelberg (Konferenz)<\/p>\n\n\n\n<p><span style=\"text-decoration: underline;\">ab 20.30 Uhr (RTL) bzw. ab 20.40 Uhr (RTL+)<\/span><\/p>\n\n\n\n<p><strong><em>Ajax Amsterdam \u2013 Eintracht Frankfurt (21.00 Uhr)<\/em><\/strong><br><em><strong><img loading=\"lazy\" decoding=\"async\" width=\"415\" height=\"874\" class=\"wp-image-3656\" style=\"width: 10px\" src=\"http:\/\/kommentatorenblog.de\/wp-content\/uploads\/2020\/09\/shure-55sh-ii-e1601485394796.jpg\" alt=\"\" srcset=\"http:\/\/kommentatorenblog.de\/wp-content\/uploads\/2020\/09\/shure-55sh-ii-e1601485394796.jpg 415w, http:\/\/kommentatorenblog.de\/wp-content\/uploads\/2020\/09\/shure-55sh-ii-e1601485394796-142x300.jpg 142w\" sizes=\"auto, (max-width: 415px) 100vw, 415px\" \/><\/strong><\/em> RTL: Marco Hagemann, Experte: Lothar Matth\u00e4us<br>Moderation (RTL): Laura Papendick<\/p>\n\n\n\n<p><em><strong><img loading=\"lazy\" decoding=\"async\" width=\"415\" height=\"874\" class=\"wp-image-3656\" style=\"width: 10px\" src=\"http:\/\/kommentatorenblog.de\/wp-content\/uploads\/2020\/09\/shure-55sh-ii-e1601485394796.jpg\" alt=\"\" srcset=\"http:\/\/kommentatorenblog.de\/wp-content\/uploads\/2020\/09\/shure-55sh-ii-e1601485394796.jpg 415w, http:\/\/kommentatorenblog.de\/wp-content\/uploads\/2020\/09\/shure-55sh-ii-e1601485394796-142x300.jpg 142w\" sizes=\"auto, (max-width: 415px) 100vw, 415px\" \/><\/strong><\/em> RTL+: Michael Born, Experte: Felix Kroos (Einzelspiel), Klaus Veltman (Konferenz)<\/p>\n\n\n\n<p><img loading=\"lazy\" decoding=\"async\" width=\"415\" height=\"874\" class=\"wp-image-3656\" style=\"width: 10px\" src=\"http:\/\/kommentatorenblog.de\/wp-content\/uploads\/2020\/09\/shure-55sh-ii-e1601485394796.jpg\" alt=\"\" srcset=\"http:\/\/kommentatorenblog.de\/wp-content\/uploads\/2020\/09\/shure-55sh-ii-e1601485394796.jpg 415w, http:\/\/kommentatorenblog.de\/wp-content\/uploads\/2020\/09\/shure-55sh-ii-e1601485394796-142x300.jpg 142w\" sizes=\"auto, (max-width: 415px) 100vw, 415px\" \/> Let\u2019s Dance x SGE: Cornelius K\u00fcpper &amp; Joachim Llambi<\/p>\n\n\n\n<p>Field-Reporter: Marcel Klein und Jonas Gerdes<\/p>\n\n\n\n<p><span style=\"text-decoration: underline;\">ab 20.45 Uhr (RTL+)<\/span><\/p>\n\n\n\n<p><strong><em>FK Bod\u00f6\/Glimt \u2013 Olympiakos Pir\u00e4us (21.00 Uhr)<\/em><\/strong><br><em><strong><img loading=\"lazy\" decoding=\"async\" width=\"415\" height=\"874\" class=\"wp-image-3656\" style=\"width: 10px\" src=\"http:\/\/kommentatorenblog.de\/wp-content\/uploads\/2020\/09\/shure-55sh-ii-e1601485394796.jpg\" alt=\"\" srcset=\"http:\/\/kommentatorenblog.de\/wp-content\/uploads\/2020\/09\/shure-55sh-ii-e1601485394796.jpg 415w, http:\/\/kommentatorenblog.de\/wp-content\/uploads\/2020\/09\/shure-55sh-ii-e1601485394796-142x300.jpg 142w\" sizes=\"auto, (max-width: 415px) 100vw, 415px\" \/><\/strong><\/em> Constantin Eckner (Einzelspiel), Tim Hemmrich (Konferenz)<\/p>\n\n\n\n<p><strong><em>AS Rom \u2013 Athletic Bilbao (21.00 Uhr)<\/em><\/strong><br><em><strong><img loading=\"lazy\" decoding=\"async\" width=\"415\" height=\"874\" class=\"wp-image-3656\" style=\"width: 10px\" src=\"http:\/\/kommentatorenblog.de\/wp-content\/uploads\/2020\/09\/shure-55sh-ii-e1601485394796.jpg\" alt=\"\" srcset=\"http:\/\/kommentatorenblog.de\/wp-content\/uploads\/2020\/09\/shure-55sh-ii-e1601485394796.jpg 415w, http:\/\/kommentatorenblog.de\/wp-content\/uploads\/2020\/09\/shure-55sh-ii-e1601485394796-142x300.jpg 142w\" sizes=\"auto, (max-width: 415px) 100vw, 415px\" \/><\/strong><\/em> Philip Konrad (Einzelspiel), J\u00fcrgen Schmitz (Konferenz)<\/p>\n\n\n\n<p><span style=\"text-decoration: underline;\">ab 20.45 Uhr (RTL+) bzw. ab 20.50 Uhr (Sky)<\/span><\/p>\n\n\n\n<p><strong><em>Viktoria Pilsen \u2013 Lazio Rom (21.00 Uhr)<\/em><\/strong><br><em><strong><img loading=\"lazy\" decoding=\"async\" width=\"415\" height=\"874\" class=\"wp-image-3656\" style=\"width: 10px\" src=\"http:\/\/kommentatorenblog.de\/wp-content\/uploads\/2020\/09\/shure-55sh-ii-e1601485394796.jpg\" alt=\"\" srcset=\"http:\/\/kommentatorenblog.de\/wp-content\/uploads\/2020\/09\/shure-55sh-ii-e1601485394796.jpg 415w, http:\/\/kommentatorenblog.de\/wp-content\/uploads\/2020\/09\/shure-55sh-ii-e1601485394796-142x300.jpg 142w\" sizes=\"auto, (max-width: 415px) 100vw, 415px\" \/><\/strong><\/em> RTL+\/Sky: Alex Klich (Einzelspiel)<br><em><strong><img loading=\"lazy\" decoding=\"async\" width=\"415\" height=\"874\" class=\"wp-image-3656\" style=\"width: 10px\" src=\"http:\/\/kommentatorenblog.de\/wp-content\/uploads\/2020\/09\/shure-55sh-ii-e1601485394796.jpg\" alt=\"\" srcset=\"http:\/\/kommentatorenblog.de\/wp-content\/uploads\/2020\/09\/shure-55sh-ii-e1601485394796.jpg 415w, http:\/\/kommentatorenblog.de\/wp-content\/uploads\/2020\/09\/shure-55sh-ii-e1601485394796-142x300.jpg 142w\" sizes=\"auto, (max-width: 415px) 100vw, 415px\" \/><\/strong><\/em> RTL+: Freddie Schulz (Konferenz)<\/p>\n\n\n\n<p>Moderation (RTL+): Anna Kraft, Experten: Nils Petersen und Felix Kroos, Community Host: Julius Fellermann<\/p>\n\n\n\n<hr class=\"wp-block-separator has-alpha-channel-opacity\"\/>\n\n\n\n<p><strong>UEFA Youth League, Runde der letzten 32 (DAZN)<\/strong><\/p>\n\n\n\n<p><span style=\"text-decoration: underline;\">Mittwoch, 05. M\u00e4rz 2025<\/span><\/p>\n\n\n\n<p><strong><em>TSG 1899 Hoffenheim U19 &#8211; Manchester City U19 (14.00 Uhr)<\/em><\/strong><br><em><strong><img loading=\"lazy\" decoding=\"async\" width=\"415\" height=\"874\" class=\"wp-image-3656\" style=\"width: 10px\" src=\"http:\/\/kommentatorenblog.de\/wp-content\/uploads\/2020\/09\/shure-55sh-ii-e1601485394796.jpg\" alt=\"\" srcset=\"http:\/\/kommentatorenblog.de\/wp-content\/uploads\/2020\/09\/shure-55sh-ii-e1601485394796.jpg 415w, http:\/\/kommentatorenblog.de\/wp-content\/uploads\/2020\/09\/shure-55sh-ii-e1601485394796-142x300.jpg 142w\" sizes=\"auto, (max-width: 415px) 100vw, 415px\" \/><\/strong><\/em> Jan-Lucas Krenzer<\/p>\n\n\n\n<p><strong><em>FC Bayern M\u00fcnchen U19 &#8211; Inter Mailand U19 (16.00 Uhr)<\/em><\/strong><br><em><strong><img loading=\"lazy\" decoding=\"async\" width=\"415\" height=\"874\" class=\"wp-image-3656\" style=\"width: 10px\" src=\"http:\/\/kommentatorenblog.de\/wp-content\/uploads\/2020\/09\/shure-55sh-ii-e1601485394796.jpg\" alt=\"\" srcset=\"http:\/\/kommentatorenblog.de\/wp-content\/uploads\/2020\/09\/shure-55sh-ii-e1601485394796.jpg 415w, http:\/\/kommentatorenblog.de\/wp-content\/uploads\/2020\/09\/shure-55sh-ii-e1601485394796-142x300.jpg 142w\" sizes=\"auto, (max-width: 415px) 100vw, 415px\" \/><\/strong><\/em> Korbinian Rundel<\/p>\n\n\n\n<hr class=\"wp-block-separator has-alpha-channel-opacity\"\/>\n\n\n\n<p><strong>Frauen-Bundesliga, 14. Spieltag, Nachholspiel (Magenta Sport\/DAZN)<\/strong><\/p>\n\n\n\n<p><span style=\"text-decoration: underline;\">Mittwoch, 05. M\u00e4rz 2025, ab 18.15 Uhr<\/span><\/p>\n\n\n\n<p><strong><em>FC Carl Zeiss Jena &#8211; SC Freiburg (18.30 Uhr)<\/em><\/strong><br>DAZN: <img loading=\"lazy\" decoding=\"async\" width=\"415\" height=\"874\" class=\"wp-image-3656\" style=\"width: 10px\" src=\"http:\/\/kommentatorenblog.de\/wp-content\/uploads\/2020\/09\/shure-55sh-ii-e1601485394796.jpg\" alt=\"\" srcset=\"http:\/\/kommentatorenblog.de\/wp-content\/uploads\/2020\/09\/shure-55sh-ii-e1601485394796.jpg 415w, http:\/\/kommentatorenblog.de\/wp-content\/uploads\/2020\/09\/shure-55sh-ii-e1601485394796-142x300.jpg 142w\" sizes=\"auto, (max-width: 415px) 100vw, 415px\" \/> Markus Theil<br>Magenta Sport: <img loading=\"lazy\" decoding=\"async\" width=\"415\" height=\"874\" class=\"wp-image-3656\" style=\"width: 10px\" src=\"http:\/\/kommentatorenblog.de\/wp-content\/uploads\/2020\/09\/shure-55sh-ii-e1601485394796.jpg\" alt=\"\" srcset=\"http:\/\/kommentatorenblog.de\/wp-content\/uploads\/2020\/09\/shure-55sh-ii-e1601485394796.jpg 415w, http:\/\/kommentatorenblog.de\/wp-content\/uploads\/2020\/09\/shure-55sh-ii-e1601485394796-142x300.jpg 142w\" sizes=\"auto, (max-width: 415px) 100vw, 415px\" \/> Martin Piller<\/p>\n\n\n\n<hr class=\"wp-block-separator has-alpha-channel-opacity\"\/>\n\n\n\n<p><strong>2. Frauen-Bundesliga (Sporttotal)<\/strong><\/p>\n\n\n\n<p><strong>19. Spieltag<\/strong><\/p>\n\n\n\n<p><span style=\"text-decoration: underline;\">Mittwoch, 05. M\u00e4rz 2025<\/span><\/p>\n\n\n\n<p><strong><em>Hamburger SV &#8211; SV 67 Weinberg (12.00 Uhr)<\/em><\/strong><br><em><strong><img loading=\"lazy\" decoding=\"async\" width=\"415\" height=\"874\" class=\"wp-image-3656\" style=\"width: 10px\" src=\"http:\/\/kommentatorenblog.de\/wp-content\/uploads\/2020\/09\/shure-55sh-ii-e1601485394796.jpg\" alt=\"\" srcset=\"http:\/\/kommentatorenblog.de\/wp-content\/uploads\/2020\/09\/shure-55sh-ii-e1601485394796.jpg 415w, http:\/\/kommentatorenblog.de\/wp-content\/uploads\/2020\/09\/shure-55sh-ii-e1601485394796-142x300.jpg 142w\" sizes=\"auto, (max-width: 415px) 100vw, 415px\" \/><\/strong><\/em> Till Kleindiek<\/p>\n\n\n\n<p><strong>14. Spieltag, Nachholspiel<\/strong><\/p>\n\n\n\n<p><span style=\"text-decoration: underline;\">Mittwoch, 05. M\u00e4rz 2025<\/span><\/p>\n\n\n\n<p><strong><em>SC Freiburg II &#8211; Eintracht Frankfurt II (14.00 Uhr)<\/em><\/strong><br><em><strong><img loading=\"lazy\" decoding=\"async\" width=\"415\" height=\"874\" class=\"wp-image-3656\" style=\"width: 10px\" src=\"http:\/\/kommentatorenblog.de\/wp-content\/uploads\/2020\/09\/shure-55sh-ii-e1601485394796.jpg\" alt=\"\" srcset=\"http:\/\/kommentatorenblog.de\/wp-content\/uploads\/2020\/09\/shure-55sh-ii-e1601485394796.jpg 415w, http:\/\/kommentatorenblog.de\/wp-content\/uploads\/2020\/09\/shure-55sh-ii-e1601485394796-142x300.jpg 142w\" sizes=\"auto, (max-width: 415px) 100vw, 415px\" \/><\/strong><\/em> Fabian Moers<\/p>\n\n\n\n<hr class=\"wp-block-separator has-alpha-channel-opacity\"\/>\n\n\n\n<p><strong>CONMEBOL Libertadores, 3. Runde, Hinspiel (Sportdigital)<\/strong><\/p>\n\n\n\n<p><span style=\"text-decoration: underline;\">Donnerstag, 06. M\u00e4rz 2025<\/span><\/p>\n\n\n\n<p><strong><em>Barcelona SC &#8211; Corinthians Sao Paulo (01.30 Uhr)<\/em><\/strong><br><em><strong><img loading=\"lazy\" decoding=\"async\" width=\"415\" height=\"874\" class=\"wp-image-3656\" style=\"width: 10px\" src=\"http:\/\/kommentatorenblog.de\/wp-content\/uploads\/2020\/09\/shure-55sh-ii-e1601485394796.jpg\" alt=\"\" srcset=\"http:\/\/kommentatorenblog.de\/wp-content\/uploads\/2020\/09\/shure-55sh-ii-e1601485394796.jpg 415w, http:\/\/kommentatorenblog.de\/wp-content\/uploads\/2020\/09\/shure-55sh-ii-e1601485394796-142x300.jpg 142w\" sizes=\"auto, (max-width: 415px) 100vw, 415px\" \/><\/strong><\/em> <s>Marvin Kirsch<\/s> Marcus Radefeld<\/p>\n\n\n\n<hr class=\"wp-block-separator has-alpha-channel-opacity\"\/>\n\n\n\n<p><strong>AFC Champions League Elite, Achtelfinale, Gruppe Ost, Hinspiel (Sportdigital)<\/strong><\/p>\n\n\n\n<p><span style=\"text-decoration: underline;\">Dienstag, 04. M\u00e4rz 2025<\/span><\/p>\n\n\n\n<p><strong><em>Shanghai Port &#8211; Yokohama F. Marinos (13.00 Uhr)<\/em><\/strong><br><em><strong><img loading=\"lazy\" decoding=\"async\" width=\"415\" height=\"874\" class=\"wp-image-3656\" style=\"width: 10px\" src=\"http:\/\/kommentatorenblog.de\/wp-content\/uploads\/2020\/09\/shure-55sh-ii-e1601485394796.jpg\" alt=\"\" srcset=\"http:\/\/kommentatorenblog.de\/wp-content\/uploads\/2020\/09\/shure-55sh-ii-e1601485394796.jpg 415w, http:\/\/kommentatorenblog.de\/wp-content\/uploads\/2020\/09\/shure-55sh-ii-e1601485394796-142x300.jpg 142w\" sizes=\"auto, (max-width: 415px) 100vw, 415px\" \/><\/strong><\/em> Max Giesen<\/p>\n\n\n\n<hr class=\"wp-block-separator has-alpha-channel-opacity\"\/>\n\n\n\n<p><strong>Saudi Pro League, 24. Spieltag (Sportdigital)<\/strong><\/p>\n\n\n\n<p><span style=\"text-decoration: underline;\">Donnerstag, 06. M\u00e4rz 2025<\/span><\/p>\n\n\n\n<p><strong><em>Al-Qadsiah &#8211; Al-Ittihad (20.00 Uhr)<\/em><\/strong><br><em><strong><img loading=\"lazy\" decoding=\"async\" width=\"415\" height=\"874\" class=\"wp-image-3656\" style=\"width: 10px\" src=\"http:\/\/kommentatorenblog.de\/wp-content\/uploads\/2020\/09\/shure-55sh-ii-e1601485394796.jpg\" alt=\"\" srcset=\"http:\/\/kommentatorenblog.de\/wp-content\/uploads\/2020\/09\/shure-55sh-ii-e1601485394796.jpg 415w, http:\/\/kommentatorenblog.de\/wp-content\/uploads\/2020\/09\/shure-55sh-ii-e1601485394796-142x300.jpg 142w\" sizes=\"auto, (max-width: 415px) 100vw, 415px\" \/><\/strong><\/em> Marvin Kirsch<\/p>\n\n\n\n<hr class=\"wp-block-separator has-alpha-channel-opacity\"\/>\n\n\n\n<p><strong>Die Analyse<\/strong><\/p>\n\n\n\n<p>Die Spielaufteilung im Achtelfinale entspricht der der Playoffs: Dienstags und mittwochs gibt es jeweils ein Spiel um 18:45 Uhr und drei um 21:00 Uhr. Den Auftakt macht die Partie zwischen Br\u00fcgge und Aston Villa \u2013 kommentiert von Chris Putz.<\/p>\n\n\n\n<p>Zur sp\u00e4ten Ansto\u00dfzeit startet DAZN ab 20:30 Uhr die Vorberichterstattung zu den beiden Spielen. Andres Veredas meldet sich mit Experte Seb Knei\u00dfl aus der Box und stimmt auf die Partien ein. Der Fokus liegt dabei auf dem Derbi madrile\u00f1o, das Marco Hagemann gemeinsam mit Seb Knei\u00dfl kommentieren wird \u2013 tolles Duo, eine Stadion\u00fcbertragung w\u00e4re bei so einem Kracher aber w\u00fcnschenswert gewesen. Das Parallelspiel zwischen der PSV Eindhoven und Arsenal begleitet Michael Born. In der Zweier-Konferenz f\u00fchren Tom Kirsten und Nico Seepe durch den Abend.<\/p>\n\n\n\n<p>Prime Video hat sich erwartungsgem\u00e4\u00df f\u00fcr den BVB entschieden. Ab 20:00 Uhr meldet sich Alex Schl\u00fcter live aus dem Dortmunder Westfalenstadion und stimmt mit Christoph Kramer, Tabea Kemme und Shkodran Mustafi auf den Abend ein. Au\u00dferdem am Start: Cayana Freeman und Sebastian Benesch als Field-Reporter:innen sowie das Kommentatorenduo Jonas Friedrich &amp; Benedikt H\u00f6wedes. Lutz Wagner ist als Schiedsrichter-Experte im Einsatz. Zur Highlight-Show ab ca. 23:15 Uhr kommt Patrick Owomoyela dazu.<\/p>\n\n\n\n<p>Am Mittwoch beginnt der Abend mit <strong><s>David Ploch<\/s><\/strong> <strong>Simon Sterze<\/strong>r, der durch die Partie zwischen Rotterdam und Inter f\u00fchrt, bevor zur sp\u00e4ten Ansto\u00dfzeit das gro\u00dfe Highlight wartet: Im Duell der beiden aktuell besten deutschen Teams empf\u00e4ngt Bayern Leverkusen in der Allianz Arena. DAZN meldet sich ab 20:00 Uhr live aus der Arena, wobei Daniel Herzog gemeinsam mit Michael Ballack die Sendung am Spielfeldrand moderiert \u2013 eine wenig \u00fcberraschende, aber solide Besetzung. Field-Reporter ist Max Siebald, w\u00e4hrend Freddy Harder die 90 Minuten begleitet. Nachdem Harder bereits in der letzten Saison die Leverkusener Meisterschaft und Topspiele wie Frankfurt-Bayern kommentierte, steht f\u00fcr das DAZN-Eigengew\u00e4chs nun das n\u00e4chste Highlight an. Ich will nicht leugnen, dass mich die Ansetzung ein wenig \u00fcberrascht hat \u2013 verdient ist sie aber allemal! Ein zweiter Experte h\u00e4tte das Ganze noch aufgewertet. ;D<\/p>\n\n\n\n<p>Parallel gibt es zwei weitere spannende Partien: Hansi Flicks Barcelona trifft auf Benfica in Lissabon, w\u00e4hrend in Paris mit dem Duell zwischen PSG und Liverpool ein weiterer Kracher ansteht. Flo Hauser und Uli Hebel kommentieren die beiden Partien. In der Konferenz begleitet Lukas Sch\u00f6nm\u00fcller das erste deutsche Champions-League-Duell seit 2013 und f\u00fchrt mit Michael Born und Max Gross durch den Abend. Jan Platte fehlt wie auch Laura Wontorra in dieser Woche komplett.<\/p>\n\n\n\n<p>Nach dem dramatischen Aus von Heidenheim ist aus deutscher Sicht nur noch Eintracht Frankfurt international vertreten. Wenig \u00fcberraschend meldet sich RTL ab 20:15 Uhr live aus Amsterdam, um die Partie der Hessen zu begleiten. Nat\u00fcrlich ist das gewohnte Trio Laura Papendick, Lothar Matth\u00e4us und Marco Hagemann im Einsatz. Die Field-Reporter:innen reichen wir euch gerne noch nach.<\/p>\n\n\n\n<p>Das Spiel l\u00e4uft nat\u00fcrlich auch auf RTL+, wo Michael Born \u2013 in seinem dritten Einsatz der Woche \u2013 gemeinsam mit Felix Kroos kommentiert. Zudem gibt es nach dem Dschungelcamp-Special diesmal ein Let\u2019s Dance-Special, moderiert von Corni K\u00fcpper und Joachim Llambi, einem alten Bekannten im RTL-Europapokal-Setup. Insgesamt werden 10 der 16 Spiele live \u00fcbertragen \u2013 keine gro\u00dfen \u00dcberraschungen dabei.<\/p>\n\n\n\n<p>Am Donnerstag meldet sich dann Jonas mit den Ansetzungen vom Wochenende. Bis dahin \u2013 eine sch\u00f6ne Woche! &#x1f60a;<\/p>\n","protected":false},"excerpt":{"rendered":"<p>N\u2019Abend allerseits, w\u00e4hrend sich die Bundesliga im Schlussspurt des zweiten Drittels befindet, startet die Champions League ins Achtelfinale. In den letzten Jahren markierte diese Runde den ersten Termin f\u00fcr europ\u00e4ischen Fu\u00dfball \u2013 durch das neue System ist es 2025 allerdings bereits die f\u00fcnfte Europapokal-Woche. Diesen Beitrag m\u00f6chte ich f\u00fcr einen statistischen R\u00fcckblick nutzen. Vor der [&hellip;]<\/p>\n","protected":false},"author":5,"featured_media":0,"comment_status":"open","ping_status":"open","sticky":false,"template":"","format":"standard","meta":{"footnotes":""},"categories":[425],"tags":[],"class_list":["post-20811","post","type-post","status-publish","format-standard","hentry","category-champions-league-und-co"],"_links":{"self":[{"href":"http:\/\/kommentatorenblog.de\/index.php?rest_route=\/wp\/v2\/posts\/20811","targetHints":{"allow":["GET"]}}],"collection":[{"href":"http:\/\/kommentatorenblog.de\/index.php?rest_route=\/wp\/v2\/posts"}],"about":[{"href":"http:\/\/kommentatorenblog.de\/index.php?rest_route=\/wp\/v2\/types\/post"}],"author":[{"embeddable":true,"href":"http:\/\/kommentatorenblog.de\/index.php?rest_route=\/wp\/v2\/users\/5"}],"replies":[{"embeddable":true,"href":"http:\/\/kommentatorenblog.de\/index.php?rest_route=%2Fwp%2Fv2%2Fcomments&post=20811"}],"version-history":[{"count":18,"href":"http:\/\/kommentatorenblog.de\/index.php?rest_route=\/wp\/v2\/posts\/20811\/revisions"}],"predecessor-version":[{"id":20852,"href":"http:\/\/kommentatorenblog.de\/index.php?rest_route=\/wp\/v2\/posts\/20811\/revisions\/20852"}],"wp:attachment":[{"href":"http:\/\/kommentatorenblog.de\/index.php?rest_route=%2Fwp%2Fv2%2Fmedia&parent=20811"}],"wp:term":[{"taxonomy":"category","embeddable":true,"href":"http:\/\/kommentatorenblog.de\/index.php?rest_route=%2Fwp%2Fv2%2Fcategories&post=20811"},{"taxonomy":"post_tag","embeddable":true,"href":"http:\/\/kommentatorenblog.de\/index.php?rest_route=%2Fwp%2Fv2%2Ftags&post=20811"}],"curies":[{"name":"wp","href":"https:\/\/api.w.org\/{rel}","templated":true}]}}