{"id":209,"date":"2019-08-22T17:16:41","date_gmt":"2019-08-22T17:16:41","guid":{"rendered":"http:\/\/kommentatorenblog.de\/?p=209"},"modified":"2020-12-30T15:56:23","modified_gmt":"2020-12-30T15:56:23","slug":"1010-il-calcio-ricomincia","status":"publish","type":"post","link":"http:\/\/kommentatorenblog.de\/?p=209","title":{"rendered":"1010 &#8211; Il calcio ricomincia"},"content":{"rendered":"\n<p>N\u2018Abend allerseits,<\/p>\n\n\n\n<p>als letzte Top-5-Liga steht nun auch die Serie A in den Startl\u00f6chern. Daneben herrscht in der Bundesliga gewohnter Kommentatorenalltag und die Premier League liefert gleich zwei Definitionen vom &#8222;Spiel der Woche&#8220;.<\/p>\n\n\n\n<p><span style=\"text-decoration: underline;\">Die Ansetzungen vom 23. August 2019 bis zum 26. August 2019<\/span><\/p>\n\n\n\n<p><strong><em>1.Bundesliga, 2. Spieltag<\/em><\/strong><\/p>\n\n\n\n<p><span style=\"text-decoration: underline;\">Freitag, 23.08.2019, ab 20.15 Uhr (DAZN)<\/span><\/p>\n\n\n\n<p><strong><em>1. FC K\u00f6ln \u2013 Borussia Dortmund (20.30 Uhr)<\/em><\/strong><\/p>\n\n\n\n<p>DAZN: Jan Platte (Kommentar), Ralph Gunesch (Experte), Field-Reporter: Tobi Wahnschaffe<\/p>\n\n\n\n<p>Moderation (DAZN): Alex Schl\u00fcter <\/p>\n\n\n\n<p><span style=\"text-decoration: underline;\">Samstag, 24.08.2019, ab 14.00 Uhr (Sky)<\/span><\/p>\n\n\n\n<p><strong><em>1. FSV Mainz 05 &#8211; Borussia M\u00f6nchengladbach (15.30 Uhr)<\/em><\/strong><\/p>\n\n\n\n<p>Sky: Jonas Friedrich (Einzelspiel), Michael Born (Konferenz), Field-Reporter: Stefan Hempel<\/p>\n\n\n\n<p><strong><em>FC Augsburg \u2013 1.FC Union Berlin (15.30 Uhr)<\/em><\/strong><\/p>\n\n\n\n<p>Sky: Toni Tomic (Einzelspiel), Markus G\u00f6tz (Konferenz), Field-Reporterin: Jessica Libbertz&nbsp;<\/p>\n\n\n\n<p><strong><em>Fortuna D\u00fcsseldorf \u2013 Bayer Leverkusen (15.30 Uhr)<\/em><\/strong><\/p>\n\n\n\n<p>Sky: Tom Bayer (Einzelspiel), Florian Schmidt-Sommerfeld (Konferenz), Field-Reporter: Ecki Heuser<\/p>\n\n\n\n<p><strong><em>SC Paderborn \u2013 SC Freiburg (15.30 Uhr)<\/em><\/strong><\/p>\n\n\n\n<p>Sky: Roland Evers (Einzelspiel), J\u00f6rg Dahlmann (Konferenz), Field-Reporter: Jens Westen <\/p>\n\n\n\n<p><strong><em>TSG Hoffenheim \u2013 Werder Bremen (15.30 Uhr)<\/em><\/strong><\/p>\n\n\n\n<p>Sky: Martin Gro\u00df (Einzelspiel), Holger Pfandt (Konferenz), Field-Reporter: Marcus Lindemann<\/p>\n\n\n\n<p>Moderation (Sky): Michael Leopold, Experte: Didi Hamann<\/p>\n\n\n\n<p><span style=\"text-decoration: underline;\">ab 17.30 Uhr (Sky)<\/span><\/p>\n\n\n\n<p><strong><em>FC Schalke 04 &#8211; Bayern M\u00fcnchen (18.30 Uhr)<\/em><\/strong><\/p>\n\n\n\n<p>Sky: Kai Dittmann (Kommentar), Field-Reporter: Patrick Wasserziehr<\/p>\n\n\n\n<p>Moderation (Sky): Sebastian Hellmann, Experte: Lothar Matth\u00e4us<\/p>\n\n\n\n<p><span style=\"text-decoration: underline;\">Sonntag, 25.08.2019, ab 14.30 Uhr (Sky)<\/span><\/p>\n\n\n\n<p><strong><em>RB Leipzig \u2013 Eintracht Frankfurt (15.30 Uhr)<\/em><\/strong><\/p>\n\n\n\n<p>Sky: Wolff Fuss (Kommentar), Field-Reporter: Stefan Hempel<\/p>\n\n\n\n<p><span style=\"text-decoration: underline;\">ab 17.30 Uhr (Sky)<\/span><\/p>\n\n\n\n<p><strong><em>Hertha BSC \u2013 VfL Wolfsburg (18.00 Uhr)<\/em><\/strong><\/p>\n\n\n\n<p>Sky: Michael Born, Field-Reporter: Jessica Libbertz<\/p>\n\n\n\n<p>Moderation (Sky): Britta Hofmann, Experte: Heribert Bruchhagen<\/p>\n\n\n\n<p><strong>2. Bundesliga, 4. Spieltag<\/strong><\/p>\n\n\n\n<p><span style=\"text-decoration: underline;\">Freitag, 23.08.2019, ab 18.00 Uhr (Sky)<\/span><\/p>\n\n\n\n<p><strong><em>SV Darmstadt 98 \u2013 Dynamo Dresden (18.30 Uhr)<\/em><\/strong><\/p>\n\n\n\n<p>Sky: Klaus Veltmann<\/p>\n\n\n\n<p><strong><em>Erzgebirge Aue \u2013 VfB Stuttgart (18.30 Uhr)<\/em><\/strong><\/p>\n\n\n\n<p>Sky: J\u00f6rg Dahlmann, Field-Reporter: Marco Wiefel&nbsp;<\/p>\n\n\n\n<p>Moderation (Sky): Stefan Hempel&nbsp;<\/p>\n\n\n\n<p><span style=\"text-decoration: underline;\">Samstag, 24.08.2019, ab 12.30 Uhr (Sky)<\/span><\/p>\n\n\n\n<p><strong><em>Hannover 96 \u2013 SpVgg Greuther F\u00fcrth (13.00 Uhr)<\/em><\/strong><\/p>\n\n\n\n<p>Sky: Sven Haist, Field-Reporter: Marcus J\u00fcrgensen&nbsp;<\/p>\n\n\n\n<p><strong><em>VfL Bochum \u2013 SV Wehen Wiesbaden (13.00 Uhr)<\/em><\/strong><\/p>\n\n\n\n<p>Sky: Klaus Veltmann&nbsp;<\/p>\n\n\n\n<p><strong><em>Jahn Regensburg \u2013 Arminia Bielefeld (13.00 Uhr)<\/em><\/strong><\/p>\n\n\n\n<p>Sky: Hansi K\u00fcpper<\/p>\n\n\n\n<p>Moderation (Sky): Peter Hardenacke<\/p>\n\n\n\n<p><span style=\"text-decoration: underline;\">Sonntag, 25.08.2019, ab 13.00 Uhr (Sky)<\/span><\/p>\n\n\n\n<p><strong><em>1.FC N\u00fcrnberg \u2013 VfL Osnabr\u00fcck (13.30 Uhr)<\/em><\/strong><\/p>\n\n\n\n<p>Sky: Holger Pfandt<\/p>\n\n\n\n<p><strong><em>Karlsruher SC &#8211; Hamburger SV (13.30 Uhr)<\/em><\/strong><\/p>\n\n\n\n<p>Sky: Torsten Kunde, Field-Reporter: Alexander Bonengel<\/p>\n\n\n\n<p><strong><em>1.FC Heidenheim \u2013 SV Sandhausen (13.30 Uhr)<\/em><\/strong><\/p>\n\n\n\n<p>Sky: Uli Potofski<\/p>\n\n\n\n<p>Moderation (Sky): Hartmut von Kameke<\/p>\n\n\n\n<p><span style=\"text-decoration: underline;\">Montag, 26.08.2019, ab 20.00 Uhr (Sky)<\/span><\/p>\n\n\n\n<p><strong><em>1.FC St. Pauli \u2013 Holstein Kiel (20.30 Uhr)<\/em><\/strong><\/p>\n\n\n\n<p>Sky: Oliver Seidler, Field-Reporter: Jurek Rohrberg&nbsp;<\/p>\n\n\n\n<p>Moderation (Sky): Yannick Erkenbrecher&nbsp;<\/p>\n\n\n\n<p><strong>3. Liga, 6. Spieltag<\/strong><\/p>\n\n\n\n<p><span style=\"text-decoration: underline;\">Freitag, 23.08.2019, ab 18.30 Uhr (Magenta Sport)<\/span><\/p>\n\n\n\n<p><strong><em>FC Ingolstadt \u2013 Hansa Rostock (19.00 Uhr)<\/em><\/strong><\/p>\n\n\n\n<p>Magenta Sport: Franz B\u00fcchner (Kommentar), Sascha Bandermann (Moderation), Experte: Martin Lanig<\/p>\n\n\n\n<p><span style=\"text-decoration: underline;\">Samstag, 24.08.2019, ab 13.45 Uhr (Magenta Sport)<\/span><\/p>\n\n\n\n<p><strong><em>Konferenz<\/em><\/strong><\/p>\n\n\n\n<p>Magenta Sport: Alexander Klich<\/p>\n\n\n\n<p><strong><em>1.FC Magdeburg \u2013 1860 M\u00fcnchen (14.00 Uhr)<\/em><\/strong><\/p>\n\n\n\n<p>Magenta Sport: Andreas Mann (Kommentar), Stefanie Blochwitz&nbsp; (Moderation)<\/p>\n\n\n\n<p>MDR: ???<\/p>\n\n\n\n<p>BR: ???<\/p>\n\n\n\n<p><strong><em>Eintracht Braunschweig \u2013 W\u00fcrzburger Kickers (14.00 Uhr)<\/em><\/strong><\/p>\n\n\n\n<p>Magenta Sport: Sebastian Schwele (Kommentar), Kamilla Benschop (Moderation)<\/p>\n\n\n\n<p><strong><em>FC Bayern M\u00fcnchen II \u2013 Chemnitzer FC (14.00 Uhr)<\/em><\/strong><\/p>\n\n\n\n<p>Magenta Sport: Oskar Heirler (Kommentar), Sascha Bandermann&nbsp; (Moderation)<\/p>\n\n\n\n<p><strong><em>Preu\u00dfen M\u00fcnster \u2013 KFC Uerdingen (14.00 Uhr)<\/em><\/strong><\/p>\n\n\n\n<p>Magenta Sport: Markus H\u00f6hner (Kommentar), Tobias Sch\u00e4fer(Moderation)<\/p>\n\n\n\n<p>WDR: ???<\/p>\n\n\n\n<p><strong><em>SG Sonnenhof Gro\u00dfaspach \u2013 Viktoria K\u00f6ln (14.00 Uhr)<\/em><\/strong><\/p>\n\n\n\n<p>Magenta Sport: Alex Kunz (Kommentar), Simon K\u00f6pfer (Moderation)<\/p>\n\n\n\n<p><strong><em>SV Meppen \u2013 Carl Zeiss Jena (14.00 Uhr)<\/em><\/strong><\/p>\n\n\n\n<p>Magenta Sport: Mike M\u00fcnkel (Kommentar), Thomas Wagner (Moderation)<\/p>\n\n\n\n<p><span style=\"text-decoration: underline;\">Sonntag, 25.08.2019, ab 12.45 Uhr (Magenta Sport)<\/span><\/p>\n\n\n\n<p><strong><em>Waldhof Mannheim \u2013 MSV Duisburg (13.00 Uhr)<\/em><\/strong><\/p>\n\n\n\n<p>Magenta Sport: Christian Stra\u00dfburger (Kommentar), Konstantin Klostermann (Moderation)<\/p>\n\n\n\n<p><span style=\"text-decoration: underline;\">ab 13.45 Uhr<\/span><\/p>\n\n\n\n<p><strong><em>SpVgg Unterhaching \u2013 Hallescher FC (14.00 Uhr)<\/em><\/strong><\/p>\n\n\n\n<p>Magenta Sport: Martin Piller (Kommentar), Stefan Fuckert (Moderation)<\/p>\n\n\n\n<p><span style=\"text-decoration: underline;\">Montag, 26.09.2019, ab 18.45 Uhr (Magenta Sport)<\/span><\/p>\n\n\n\n<p><strong><em>FSV Zwickau \u2013 1.FC Kaiserslautern (19.00 Uhr)<\/em><\/strong><\/p>\n\n\n\n<p>Magenta Sport: Gari Paubandt (Kommentar), Anett Sattler (Moderation)<\/p>\n\n\n\n<p><strong>Premier League, 3. Spieltag<\/strong><\/p>\n\n\n\n<p><span style=\"text-decoration: underline;\">Freitag, 23.08.2019, ab 20.50 Uhr (Sky)<\/span><\/p>\n\n\n\n<p><strong><em>Aston Villa &#8211; FC Everton (21 Uhr)<\/em><\/strong><\/p>\n\n\n\n<p>Sky: Michael Born<\/p>\n\n\n\n<p><span style=\"text-decoration: underline;\">Samstag, 24.08.2019, ab 13.20 Uhr (Sky)<\/span><\/p>\n\n\n\n<p><strong><em>Norwich City \u2013 FC Chelsea (13.30 Uhr)<\/em><\/strong><\/p>\n\n\n\n<p>Sky: Jogi Hebel<\/p>\n\n\n\n<p><span style=\"text-decoration: underline;\">ab 15.50 Uhr (Sky)<\/span><\/p>\n\n\n\n<p><strong><em>Manchester United \u2013 Crystal Palace (16.00 Uhr)<\/em><\/strong><\/p>\n\n\n\n<p>Sky: Hannes Hermann<\/p>\n\n\n\n<p><span style=\"text-decoration: underline;\">ab 18.15 Uhr (Sky)<\/span><\/p>\n\n\n\n<p><strong><em>FC Liverpool \u2013 FC Arsenal (18.30 Uhr)<\/em><\/strong><\/p>\n\n\n\n<p>Sky: Marcel Meinert<\/p>\n\n\n\n<p><span style=\"text-decoration: underline;\">Sonntag, 25.08.2019, ab 14.50 Uhr (Sky)<\/span><\/p>\n\n\n\n<p><strong><em>AFC Bournemouth \u2013 Manchester City (15.00 Uhr)<\/em><\/strong><\/p>\n\n\n\n<p>Sky: Toni Tomic<\/p>\n\n\n\n<p><span style=\"text-decoration: underline;\">ab 17.00 Uhr (Sky)<\/span><\/p>\n\n\n\n<p><strong><em>Tottenham Hotspurs \u2013&nbsp; Newcastle United (17.30 Uhr)<\/em><\/strong><\/p>\n\n\n\n<p>Sky: Florian Schmidt-Sommerfeld, Experte: tba <\/p>\n\n\n\n<p><strong>Fu\u00dfball International<\/strong><\/p>\n\n\n\n<p><span style=\"text-decoration: underline;\">Freitag, 23.08.2019<\/span><\/p>\n\n\n\n<p>LaLiga (2. Spieltag): <strong><em>FC Granada &#8211; FC Sevilla (20:00 Uhr)<\/em><\/strong><\/p>\n\n\n\n<p>DAZN: Ruben Zimmermann<\/p>\n\n\n\n<p><span style=\"text-decoration: underline;\">Samstag, 24.08.2019<\/span><\/p>\n\n\n\n<p>Sky Bet Championship (5. Spieltag):<strong><em> Derby County \u2013 West Bromwich Albion (13:30 Uhr)<\/em><\/strong><\/p>\n\n\n\n<p>sportdigital FUSSBALL: J\u00f6rg Steiger<\/p>\n\n\n\n<p>Sky Bet Championship (5. Spieltag):<strong><em> Stoke City \u2013 Leeds United (16:00 Uhr)<\/em><\/strong><\/p>\n\n\n\n<p>sportdigital FUSSBALL: Marcus Radefeld<\/p>\n\n\n\n<p>Ekstraklasa (6. Spieltag):<strong><em> Lechia Gdansk \u2013 Slask Wroclaw (17:55 Uhr)<\/em><\/strong><\/p>\n\n\n\n<p>sportdigital FUSSBALL: Christian Blunck<\/p>\n\n\n\n<p>Serie A (1. Spieltag): <strong><em>Parma Calcio &#8211; Juventus Turin (18:00 Uhr)<\/em><\/strong><\/p>\n\n\n\n<p>DAZN: Marco Hagemann (Kommentar), Christoph Stadtler (Moderation), Ralph Gunesch (Experte)<\/p>\n\n\n\n<p>LaLiga (2. Spieltag): <strong><em>Real Madrid- Real Valladolid (19:00 Uhr)<\/em><\/strong><\/p>\n\n\n\n<p>DAZN: Jan Platte (Kommentar), Guido H\u00fcsgen (Moderation), Benny Lauth (Experte)<\/p>\n\n\n\n<p>Liga NOS (3. Spieltag): <strong><em>Benfica Lissabon &#8211; FC Porto (20:00 Uhr)<\/em><\/strong><\/p>\n\n\n\n<p>DAZN: Flo Hauser (Kommentar), Michi Hofmann (Experte)<\/p>\n\n\n\n<p>sportdigital FUSSBALL: Karsten Linke<\/p>\n\n\n\n<p>Serie A (1. Spieltag): <strong><em>AC Florenz &#8211; SSC Neapel (20:45 Uhr)<\/em><\/strong><\/p>\n\n\n\n<p>DAZN: Carsten Fu\u00df (Kommentar), Sebastian Knei\u00dfl (Experte)<\/p>\n\n\n\n<p>LaLiga (2. Spieltag): <strong><em>Celta Vigo &#8211; FC Valencia (21:00 Uhr)<\/em><\/strong><\/p>\n\n\n\n<p>DAZN: Robby Hunke&nbsp;<\/p>\n\n\n\n<p><span style=\"text-decoration: underline;\">Sonntag, 25.08.2019<\/span><\/p>\n\n\n\n<p>Sky Bet Championship (5. Spieltag): <strong><em>Swansea City &#8211; Birmingham City (13:00 Uhr)<\/em><\/strong><\/p>\n\n\n\n<p>sportdigital: Marcus Radefeld<\/p>\n\n\n\n<p>Serie A (1. Spieltag): <strong><em>Udinese Calcio &#8211; AC Mailand (18:00 Uhr)<\/em><\/strong><\/p>\n\n\n\n<p>DAZN: Daniel G\u00fcnther<\/p>\n\n\n\n<p>LaLiga (2. Spieltag): <strong><em>CD Leganes &#8211; Atletico Madrid (19:00 Uhr)<\/em><\/strong><\/p>\n\n\n\n<p>DAZN: Matthias Naebers<\/p>\n\n\n\n<p>Liga NOS (3. Spieltag):<strong><em> Portimonense SC &#8211; Sporting Lissabon (19:30 Uhr)<\/em><\/strong><\/p>\n\n\n\n<p>sportdigital FUSSBALL: Christian Blunck<\/p>\n\n\n\n<p>Serie A (1. Spieltag): <strong><em>Sampdoria Genua &#8211; Lazio Rom (20:45 Uhr)<\/em><\/strong><\/p>\n\n\n\n<p>DAZN: Robby Hunke<\/p>\n\n\n\n<p>LaLiga (2. Spieltag): <strong><em>FC Barcelona &#8211; Real Betis (21:00 Uhr)<\/em><\/strong><\/p>\n\n\n\n<p>DAZN: Uli Hebel (Kommentar), Sebastian Knei\u00dfl (Experte)<\/p>\n\n\n\n<p>Ligue 1 (3. Spieltag): <strong><em>PSG &#8211; FC Toulouse (21:00 Uhr)<\/em><\/strong><\/p>\n\n\n\n<p>DAZN: Guido H\u00fcsgen (Kommentar), Alexis Menuge (Experte)<\/p>\n\n\n\n<p><span style=\"text-decoration: underline;\">Montag, 26.08.2019<\/span><\/p>\n\n\n\n<p>Serie A (1. Spieltag): <strong><em>Inter Mailand &#8211; Lecce (20:45 Uhr)<\/em><\/strong><\/p>\n\n\n\n<p>DAZN: Mario Rieker (Kommentar), Christian Bernhard (Experte)<\/p>\n\n\n\n<p><strong>Die Analyse<\/strong><\/p>\n\n\n\n<p>Grunds\u00e4tzlich gibt es wenig \u00dcberraschungen. Wie schon zuletzt l\u00e4utet Jan Platte von DAZN das Bundesliga-Wochenende ein. Am Samstag berichtet Sky mit seiner eingespielten Elf. Dabei feiern Florian Schmidt-Sommerfeld und Michael Born ihr Saisondeb\u00fct in der Bundesliga-Konferenz. Klaus Veltmann gibt seinen Platz ab und kommt daf\u00fcr zweimal im Unterhaus zum Einsatz. Zudem begleitet Wolff Fuss die Partie zwischen Frankfurt und RB Leipzig am Sonntag. F\u00fcrs Tipico-Topspiel der Bayern auf Schalke setzt Sky auf Kai Dittmann. Der kann froh sein, dass ihm diese Ehre nicht schon eine Woche fr\u00fcher zuteil wurde. Denn ein Topspiel in M\u00f6nchengladbach gegen Schalke kann schnell mal zur Heiserkeit f\u00fchren&#8230;<\/p>\n\n\n\n<p><strong>Topspiel nicht gleich Topspiel<\/strong>&nbsp;<\/p>\n\n\n\n<p>Topspiel ist das Stichwort. Denn die Premier League zeigt, dass man dort begrifflich durcheinanderkommen kann. Florian Schmidt-Sommerfeld hatte via Twitter zuletzt noch einmal klargestellt, dass ihm das \u201eMatch of the Week\u201c am Sonntag geh\u00f6re. Das ist in diesem Fall die Partie zwischen Tottenham und Newcastle. Aber einen Tag vorher duellieren sich eben auch Arsenal und Liverpool um die Tabellenf\u00fchrung. Mit Freuden begleitet Marcel Meinert das eigentliche Spitzenspiel.<\/p>\n\n\n\n<p>In der 3.Liga sind die beiden Topspiele aber tats\u00e4chlich am Sonntag angesetzt. Duisburg gastiert als Tabellenzweiter beim F\u00fcnften aus Mannheim. Christian Stra\u00dfburger, der vor wenigen Jahren noch in der Medienabteilung des RW Oberhausen sein Unwesen trieb, ist mit von der Partie. Das Spiel zwischen dem Tabellensechsten aus Halle und Unterhaching (4.) geh\u00f6rt Martin Piller. Beide Magentasport-Kommentatoren vereint eine Vergangenheit als Stadionsprecher.<\/p>\n\n\n\n<p><strong>Im S\u00fcden Europas<\/strong><\/p>\n\n\n\n<p>Genau wie die Handball-Bundesliga startet auch die Serie A in ihre neue Spielzeit. D\u00fcrfen die Fans der Fiorentina Franck Rib\u00e9ry gegen Neapel bereits im violetten Dress erblicken? Carsten Fu\u00df aus der DAZN-Riege wei\u00df mehr. Sein Kollege Flo Hauser darf am gleichen Abend das portugiesische Topspiel kommentieren. Am dritten Spieltag der Liga NOS trifft Meister Benfica Lissabon auf den FC Porto. Auch sportdigital FUSSBALL \u00fcbertr\u00e4gt, mit Karsten Linke am Mikrofon.<\/p>\n\n\n\n<p>Auf welches Spiel freut Ihr Euch am meisten? Und auf welchen Torschrei k\u00f6nntet Ihr getrost verzichten?<\/p>\n\n\n\n<p>In diesem Sinne: Euch ein sch\u00f6nes Fu\u00dfball-Wochenende!<\/p>\n","protected":false},"excerpt":{"rendered":"<p>N\u2018Abend allerseits, als letzte Top-5-Liga steht nun auch die Serie A in den Startl\u00f6chern. Daneben herrscht in der Bundesliga gewohnter Kommentatorenalltag und die Premier League liefert gleich zwei Definitionen vom &#8222;Spiel der Woche&#8220;. Die Ansetzungen vom 23. August 2019 bis zum 26. August 2019 1.Bundesliga, 2. Spieltag Freitag, 23.08.2019, ab 20.15 Uhr (DAZN) 1. FC [&hellip;]<\/p>\n","protected":false},"author":2,"featured_media":0,"comment_status":"open","ping_status":"open","sticky":false,"template":"","format":"standard","meta":{"footnotes":""},"categories":[424],"tags":[10,60,131,35,13,132,89,48,93,79,9,70,130,128,114,23,127,22,107],"class_list":["post-209","post","type-post","status-publish","format-standard","hentry","category-bundesliga-und-co","tag-3-liga","tag-bundesliga","tag-carsten-fuss","tag-christian-strassburger","tag-dazn","tag-flo-hauser","tag-florian-schmidt-sommerfeld","tag-jan-platte","tag-kai-dittmann","tag-liga-nos","tag-magenta-sport","tag-marcel-meinert","tag-martin-piller","tag-match-of-the-week","tag-michael-born","tag-premier-league","tag-serie-a","tag-sky","tag-wolff-fuss"],"_links":{"self":[{"href":"http:\/\/kommentatorenblog.de\/index.php?rest_route=\/wp\/v2\/posts\/209","targetHints":{"allow":["GET"]}}],"collection":[{"href":"http:\/\/kommentatorenblog.de\/index.php?rest_route=\/wp\/v2\/posts"}],"about":[{"href":"http:\/\/kommentatorenblog.de\/index.php?rest_route=\/wp\/v2\/types\/post"}],"author":[{"embeddable":true,"href":"http:\/\/kommentatorenblog.de\/index.php?rest_route=\/wp\/v2\/users\/2"}],"replies":[{"embeddable":true,"href":"http:\/\/kommentatorenblog.de\/index.php?rest_route=%2Fwp%2Fv2%2Fcomments&post=209"}],"version-history":[{"count":10,"href":"http:\/\/kommentatorenblog.de\/index.php?rest_route=\/wp\/v2\/posts\/209\/revisions"}],"predecessor-version":[{"id":220,"href":"http:\/\/kommentatorenblog.de\/index.php?rest_route=\/wp\/v2\/posts\/209\/revisions\/220"}],"wp:attachment":[{"href":"http:\/\/kommentatorenblog.de\/index.php?rest_route=%2Fwp%2Fv2%2Fmedia&parent=209"}],"wp:term":[{"taxonomy":"category","embeddable":true,"href":"http:\/\/kommentatorenblog.de\/index.php?rest_route=%2Fwp%2Fv2%2Fcategories&post=209"},{"taxonomy":"post_tag","embeddable":true,"href":"http:\/\/kommentatorenblog.de\/index.php?rest_route=%2Fwp%2Fv2%2Ftags&post=209"}],"curies":[{"name":"wp","href":"https:\/\/api.w.org\/{rel}","templated":true}]}}