{"id":21282,"date":"2025-04-15T00:38:13","date_gmt":"2025-04-14T23:38:13","guid":{"rendered":"https:\/\/kommentatorenblog.de\/?p=21282"},"modified":"2025-04-17T22:15:19","modified_gmt":"2025-04-17T21:15:19","slug":"1503-wehmut-und-vorfreude-vor-saisonfinale","status":"publish","type":"post","link":"http:\/\/kommentatorenblog.de\/?p=21282","title":{"rendered":"1503 &#8211; Wehmut und Vorfreude vor Saisonfinale"},"content":{"rendered":"\n<p>N&#8217;Abend allerseits,<\/p>\n\n\n\n<p>nachdem in den vergangenen Wochen immer mehr Infos zu den Bundesliga-\u00dcbertragungen der kommenden Rechteperiode \u2013 und damit der neuen Saison \u2013 durchgesickert sind, gibt es heute mal nichts gro\u00dfartig neues. Wir hatten ja bereits \u00fcber die <a href=\"https:\/\/kommentatorenblog.de\/?p=21150\">Konferenzpl\u00e4ne von DAZN<\/a> sowie den <a href=\"https:\/\/kommentatorenblog.de\/?p=21213\">neuen Flutlichtfreitag bei Sky<\/a> berichtet.<\/p>\n\n\n\n<p>Zu erw\u00e4hnen sind aktuell eigentlich nur einige Vertragsverl\u00e4ngerungen: So bleiben etwa Lothar Matth\u00e4us (mehr dazu in der Analyse), Julia Simic und Sebastian Hellmann bei Sky sowie Laura Wontorra bei DAZN an Bord. Khedira und Ballack hatten ihre Vertr\u00e4ge ja schon zuvor verl\u00e4ngert.<\/p>\n\n\n\n<p>Zugegebenerma\u00dfen macht sich bei mir eine Mischung aus Vorfreude auf das, was kommt, und Wehmut \u00fcber das, was geht, breit. Speziell die Sky-Konferenz inklusive Countdown ist f\u00fcr mich \u2013 seit dem Wegfall von Eurosport bei der Bundesliga \u2013 die beste Sportsendung im deutschen Fernsehen. Die Stimmen, die ich seit \u00fcber einem Jahrzehnt jedes Wochenende h\u00f6re, stehen f\u00fcr mich f\u00fcr pure Emotion \u2013 und ich werde Mitte Mai definitiv das ein oder andere Tr\u00e4nchen verdr\u00fccken.<\/p>\n\n\n\n<p>Gleichzeitig bin ich gespannt, was die neuen \u00dcbertragungsformen bei DAZN mit sich bringen. Personell gibt es dort einige Kommentator:innen, auf die ich mich in der Konferenz sehr freue. Auch die geplante gr\u00f6\u00dfere N\u00e4he zum Spielfeldrand klingt vielversprechend.<\/p>\n\n\n\n<p>\u00dcbrigens \u2013 weil die Frage zuletzt im Kommentarbereich aufkam: Ob wir kommende Saison auch Re-Live-Spiele mitsamt Kommentator:innen auflisten werden? Erg\u00e4nzend zu Karls Antwort kann ich sagen: Der Wille ist auf jeden Fall da \u2013 allein schon wegen des gro\u00dfen Interesses. Wie umsetzbar das Ganze wird, h\u00e4ngt allerdings davon ab, wie gut die Infos zug\u00e4nglich sind. Wir halten euch dazu nat\u00fcrlich auf dem Laufenden.<\/p>\n\n\n\n<p>Ansonsten stehen auch bald weitere Themen an: die DFB-Pokal-Ausschreibung, die EM-Teams der Sender f\u00fcr die Schweiz und die Club-WM-Pl\u00e4ne von DAZN. Langweilig wird es also weder in den Vorworten noch in den Kommentarsektionen der n\u00e4chsten Wochen und Monate.<\/p>\n\n\n\n<p>Spannung f\u00fcr die Europapokal-Spiele kann ich euch nicht versprechen \u2013 aber wie gewohnt gibt\u2019s alle Ansetzungen sowie die anschlie\u00dfende Analyse.<\/p>\n\n\n\n<hr class=\"wp-block-separator has-alpha-channel-opacity\"\/>\n\n\n\n<p><strong>Die Ansetzungen vom 15. April bis zum 17. April 2025<\/strong><\/p>\n\n\n\n<hr class=\"wp-block-separator has-alpha-channel-opacity\"\/>\n\n\n\n<p><strong>UEFA Champions League, Viertelfinale, R\u00fcckspiele (<mark style=\"background-color:rgba(0, 0, 0, 0)\" class=\"has-inline-color has-vivid-cyan-blue-color\">Prime Video<\/mark>\/DAZN)<\/strong><\/p>\n\n\n\n<p><span style=\"text-decoration: underline;\">Dienstag, 15. April 2025<\/span>,<span style=\"text-decoration: underline;\"> ab 20.00 Uhr (<mark style=\"background-color:rgba(0, 0, 0, 0)\" class=\"has-inline-color has-vivid-cyan-blue-color\">Prime<\/mark>)<\/span><\/p>\n\n\n\n<p><strong><em>Borussia Dortmund &#8211; FC Barcelona (21.00 Uhr)<\/em><\/strong><br><em><strong><img loading=\"lazy\" decoding=\"async\" width=\"415\" height=\"874\" class=\"wp-image-3656\" style=\"width: 10px\" src=\"http:\/\/kommentatorenblog.de\/wp-content\/uploads\/2020\/09\/shure-55sh-ii-e1601485394796.jpg\" alt=\"\" srcset=\"http:\/\/kommentatorenblog.de\/wp-content\/uploads\/2020\/09\/shure-55sh-ii-e1601485394796.jpg 415w, http:\/\/kommentatorenblog.de\/wp-content\/uploads\/2020\/09\/shure-55sh-ii-e1601485394796-142x300.jpg 142w\" sizes=\"auto, (max-width: 415px) 100vw, 415px\" \/><\/strong><\/em> Jonas Friedrich, Experte: Benedikt H\u00f6wedes<br>Moderation: Alex Schl\u00fcter, Expert:innen: Mark van Bommel, Christoph Kramer und Josephine Henning<br>Schiedsrichter-Experte: Wolfgang Stark, Field-Reporter:innen: Cayana Freeman und Sebastian Benesch<\/p>\n\n\n\n<p>Highlight-Show (23.00 Uhr)<br>Moderation: Alex Schl\u00fcter, Experte: Patrick Owomoyela<\/p>\n\n\n\n<p><span style=\"text-decoration: underline;\">ab 21.00 Uhr (DAZN)<\/span><\/p>\n\n\n\n<p><strong><em>Aston Villa &#8211; <strong><em>Paris Saint-Germain<\/em><\/strong> (21.00 Uhr)<\/em><\/strong><br><em><strong><img loading=\"lazy\" decoding=\"async\" width=\"415\" height=\"874\" class=\"wp-image-3656\" style=\"width: 10px\" src=\"http:\/\/kommentatorenblog.de\/wp-content\/uploads\/2020\/09\/shure-55sh-ii-e1601485394796.jpg\" alt=\"\" srcset=\"http:\/\/kommentatorenblog.de\/wp-content\/uploads\/2020\/09\/shure-55sh-ii-e1601485394796.jpg 415w, http:\/\/kommentatorenblog.de\/wp-content\/uploads\/2020\/09\/shure-55sh-ii-e1601485394796-142x300.jpg 142w\" sizes=\"auto, (max-width: 415px) 100vw, 415px\" \/><\/strong><\/em> Mario Rieker, Experte: Benny Lauth<\/p>\n\n\n\n<p><span style=\"text-decoration: underline;\">Mittwoch, 16. April 2025<\/span>,<span style=\"text-decoration: underline;\"> ab 20.00 Uhr (DAZN)<\/span><\/p>\n\n\n\n<p><strong><em>Inter Mailand &#8211; FC Bayern M\u00fcnchen (21.00 Uhr)<\/em><\/strong><br><em><strong><img loading=\"lazy\" decoding=\"async\" width=\"415\" height=\"874\" class=\"wp-image-3656\" style=\"width: 10px\" src=\"http:\/\/kommentatorenblog.de\/wp-content\/uploads\/2020\/09\/shure-55sh-ii-e1601485394796.jpg\" alt=\"\" srcset=\"http:\/\/kommentatorenblog.de\/wp-content\/uploads\/2020\/09\/shure-55sh-ii-e1601485394796.jpg 415w, http:\/\/kommentatorenblog.de\/wp-content\/uploads\/2020\/09\/shure-55sh-ii-e1601485394796-142x300.jpg 142w\" sizes=\"auto, (max-width: 415px) 100vw, 415px\" \/><\/strong><\/em> Jan Platte, Experte: Michael Ballack (Einzelspiel), Lukas Sch\u00f6nm\u00fcller (Konferenz)<br>Moderation: Laura Wontorra, Field-Reporter: Daniel Herzog<\/p>\n\n\n\n<p><span style=\"text-decoration: underline;\">ab 21.00 Uhr (DAZN)<\/span><\/p>\n\n\n\n<p><strong><em>Real Madrid &#8211; FC Arsenal (21.00 Uhr)<\/em><\/strong><br><em><strong><img loading=\"lazy\" decoding=\"async\" width=\"415\" height=\"874\" class=\"wp-image-3656\" style=\"width: 10px\" src=\"http:\/\/kommentatorenblog.de\/wp-content\/uploads\/2020\/09\/shure-55sh-ii-e1601485394796.jpg\" alt=\"\" srcset=\"http:\/\/kommentatorenblog.de\/wp-content\/uploads\/2020\/09\/shure-55sh-ii-e1601485394796.jpg 415w, http:\/\/kommentatorenblog.de\/wp-content\/uploads\/2020\/09\/shure-55sh-ii-e1601485394796-142x300.jpg 142w\" sizes=\"auto, (max-width: 415px) 100vw, 415px\" \/><\/strong><\/em> Freddy Harder, Experte: Tobi Schweinsteiger (Einzelspiel), Max Gross (Konferenz)<\/p>\n\n\n\n<hr class=\"wp-block-separator has-alpha-channel-opacity\"\/>\n\n\n\n<p><strong>UEFA Europa League \/ UEFA Conference League, Viertelfinale, R\u00fcckspiele<\/strong><\/p>\n\n\n\n<p><span style=\"text-decoration: underline;\">Donnerstag, 10. April 2025, ab 18.15 Uhr (<em><mark style=\"background-color:rgba(0, 0, 0, 0)\" class=\"has-inline-color has-vivid-purple-color\">RTL+<\/mark><\/em>)<\/span><\/p>\n\n\n\n<p><strong><em>NK Celje \u2013 AC Florenz (18.45 Uhr)<\/em><\/strong><br><em><strong><img loading=\"lazy\" decoding=\"async\" width=\"415\" height=\"874\" class=\"wp-image-3656\" style=\"width: 10px\" src=\"http:\/\/kommentatorenblog.de\/wp-content\/uploads\/2020\/09\/shure-55sh-ii-e1601485394796.jpg\" alt=\"\" srcset=\"http:\/\/kommentatorenblog.de\/wp-content\/uploads\/2020\/09\/shure-55sh-ii-e1601485394796.jpg 415w, http:\/\/kommentatorenblog.de\/wp-content\/uploads\/2020\/09\/shure-55sh-ii-e1601485394796-142x300.jpg 142w\" sizes=\"auto, (max-width: 415px) 100vw, 415px\" \/><\/strong><\/em> Stefan Galler (Einzelspiel), Philip Konrad (Konferenz)<\/p>\n\n\n\n<p><span style=\"text-decoration: underline;\">Donnerstag, 10. April 2025, ab 18.15 Uhr (<em><mark style=\"background-color:rgba(0, 0, 0, 0)\" class=\"has-inline-color has-vivid-purple-color\">RTL+<\/mark><\/em>), ab 18.35 (Sky)<\/span><\/p>\n\n\n\n<p><em style=\"font-style: italic; font-weight: bold;\">Jagiellonia Bialystok <\/em><strong><em>&#8211; <\/em><\/strong><strong><em>Real Betis Sevilla (18.45 Uhr)<\/em><\/strong><br><em><strong><img loading=\"lazy\" decoding=\"async\" width=\"415\" height=\"874\" class=\"wp-image-3656\" style=\"width: 10px\" src=\"http:\/\/kommentatorenblog.de\/wp-content\/uploads\/2020\/09\/shure-55sh-ii-e1601485394796.jpg\" alt=\"\" srcset=\"http:\/\/kommentatorenblog.de\/wp-content\/uploads\/2020\/09\/shure-55sh-ii-e1601485394796.jpg 415w, http:\/\/kommentatorenblog.de\/wp-content\/uploads\/2020\/09\/shure-55sh-ii-e1601485394796-142x300.jpg 142w\" sizes=\"auto, (max-width: 415px) 100vw, 415px\" \/><\/strong><\/em> <em><mark style=\"background-color:rgba(0, 0, 0, 0)\" class=\"has-inline-color has-vivid-purple-color\">RTL+<\/mark>\/Sky<\/em>: Alexander Klich (Einzelspiel), <br><em><strong><img loading=\"lazy\" decoding=\"async\" width=\"415\" height=\"874\" class=\"wp-image-3656\" style=\"width: 10px\" src=\"http:\/\/kommentatorenblog.de\/wp-content\/uploads\/2020\/09\/shure-55sh-ii-e1601485394796.jpg\" alt=\"\" srcset=\"http:\/\/kommentatorenblog.de\/wp-content\/uploads\/2020\/09\/shure-55sh-ii-e1601485394796.jpg 415w, http:\/\/kommentatorenblog.de\/wp-content\/uploads\/2020\/09\/shure-55sh-ii-e1601485394796-142x300.jpg 142w\" sizes=\"auto, (max-width: 415px) 100vw, 415px\" \/><\/strong><\/em> <em><mark style=\"background-color:rgba(0, 0, 0, 0)\" class=\"has-inline-color has-vivid-purple-color\">RTL+<\/mark><\/em>: Stefan Fuckert (Konferenz)<\/p>\n\n\n\n<p><span style=\"text-decoration: underline;\">ab 20.15 Uhr (<span style=\"text-decoration: underline;\"><em><mark style=\"background-color:rgba(0, 0, 0, 0)\" class=\"has-inline-color has-vivid-purple-color\">RTL<\/mark><\/em><\/span>) bzw. ab 20.40 Uhr (<span style=\"text-decoration: underline;\"><em><mark style=\"background-color:rgba(0, 0, 0, 0)\" class=\"has-inline-color has-vivid-purple-color\">RTL+<\/mark><\/em><\/span>)<\/span><\/p>\n\n\n\n<p><strong><em>Eintracht Frankfurt &#8211; Tottenham Hotspur (21.00 Uhr)<\/em><\/strong><br><em><strong><img loading=\"lazy\" decoding=\"async\" width=\"415\" height=\"874\" class=\"wp-image-3656\" style=\"width: 10px\" src=\"http:\/\/kommentatorenblog.de\/wp-content\/uploads\/2020\/09\/shure-55sh-ii-e1601485394796.jpg\" alt=\"\" srcset=\"http:\/\/kommentatorenblog.de\/wp-content\/uploads\/2020\/09\/shure-55sh-ii-e1601485394796.jpg 415w, http:\/\/kommentatorenblog.de\/wp-content\/uploads\/2020\/09\/shure-55sh-ii-e1601485394796-142x300.jpg 142w\" sizes=\"auto, (max-width: 415px) 100vw, 415px\" \/><\/strong><\/em> <em><mark style=\"background-color:rgba(0, 0, 0, 0)\" class=\"has-inline-color has-vivid-purple-color\">RTL<\/mark><\/em>: Marco Hagemann, Experte: Felix Kroos<br>Moderation (<em><mark style=\"background-color:rgba(0, 0, 0, 0)\" class=\"has-inline-color has-vivid-purple-color\">RTL<\/mark><\/em>): Laura Papendick, Experte: Lothar Matth\u00e4us<\/p>\n\n\n\n<p><em><strong><img loading=\"lazy\" decoding=\"async\" width=\"415\" height=\"874\" class=\"wp-image-3656\" style=\"width: 10px\" src=\"http:\/\/kommentatorenblog.de\/wp-content\/uploads\/2020\/09\/shure-55sh-ii-e1601485394796.jpg\" alt=\"\" srcset=\"http:\/\/kommentatorenblog.de\/wp-content\/uploads\/2020\/09\/shure-55sh-ii-e1601485394796.jpg 415w, http:\/\/kommentatorenblog.de\/wp-content\/uploads\/2020\/09\/shure-55sh-ii-e1601485394796-142x300.jpg 142w\" sizes=\"auto, (max-width: 415px) 100vw, 415px\" \/><\/strong><\/em> <em><mark style=\"background-color:rgba(0, 0, 0, 0)\" class=\"has-inline-color has-vivid-purple-color\">RTL+<\/mark><\/em>: Cornelius K\u00fcpper (Einzelspiel), Robby Hunke (Konferenz)<\/p>\n\n\n\n<p>Field-Reporter: Thomas Wagner und Christoph K\u00fcppers<\/p>\n\n\n\n<p><span style=\"text-decoration: underline;\">ab 20.45 Uhr (<span style=\"text-decoration: underline;\"><span style=\"text-decoration: underline;\"><em><mark style=\"background-color:rgba(0, 0, 0, 0)\" class=\"has-inline-color has-vivid-purple-color\">RTL+<\/mark><\/em><\/span><\/span>)<\/span><\/p>\n\n\n\n<p><strong><em>Athletic Bilbao &#8211; <strong><em>Glasgow Rangers<\/em><\/strong> (21.00 Uhr)<\/em><\/strong><br><em><strong><img loading=\"lazy\" decoding=\"async\" width=\"415\" height=\"874\" class=\"wp-image-3656\" style=\"width: 10px\" src=\"http:\/\/kommentatorenblog.de\/wp-content\/uploads\/2020\/09\/shure-55sh-ii-e1601485394796.jpg\" alt=\"\" srcset=\"http:\/\/kommentatorenblog.de\/wp-content\/uploads\/2020\/09\/shure-55sh-ii-e1601485394796.jpg 415w, http:\/\/kommentatorenblog.de\/wp-content\/uploads\/2020\/09\/shure-55sh-ii-e1601485394796-142x300.jpg 142w\" sizes=\"auto, (max-width: 415px) 100vw, 415px\" \/><\/strong><\/em> J\u00fcrgen Schmitz (Einzelspiel), Peter Reichert (Konferenz)<\/p>\n\n\n\n<p><strong><em>Manchester United &#8211; <strong><em>Olympique Lyon<\/em><\/strong><\/em><\/strong> <strong><em>(21.00 Uhr)<\/em><\/strong><br><em><strong><img loading=\"lazy\" decoding=\"async\" width=\"415\" height=\"874\" class=\"wp-image-3656\" style=\"width: 10px\" src=\"http:\/\/kommentatorenblog.de\/wp-content\/uploads\/2020\/09\/shure-55sh-ii-e1601485394796.jpg\" alt=\"\" srcset=\"http:\/\/kommentatorenblog.de\/wp-content\/uploads\/2020\/09\/shure-55sh-ii-e1601485394796.jpg 415w, http:\/\/kommentatorenblog.de\/wp-content\/uploads\/2020\/09\/shure-55sh-ii-e1601485394796-142x300.jpg 142w\" sizes=\"auto, (max-width: 415px) 100vw, 415px\" \/><\/strong><\/em> Michael Born (Einzelspiel), Klaus Veltman (Konferenz)<\/p>\n\n\n\n<p><strong><em>Rapid Wien &#8211; <strong><em>Djurgardens IF<\/em><\/strong> (21.00 Uhr)<\/em><\/strong><br><em><strong><img loading=\"lazy\" decoding=\"async\" width=\"415\" height=\"874\" class=\"wp-image-3656\" style=\"width: 10px\" src=\"http:\/\/kommentatorenblog.de\/wp-content\/uploads\/2020\/09\/shure-55sh-ii-e1601485394796.jpg\" alt=\"\" srcset=\"http:\/\/kommentatorenblog.de\/wp-content\/uploads\/2020\/09\/shure-55sh-ii-e1601485394796.jpg 415w, http:\/\/kommentatorenblog.de\/wp-content\/uploads\/2020\/09\/shure-55sh-ii-e1601485394796-142x300.jpg 142w\" sizes=\"auto, (max-width: 415px) 100vw, 415px\" \/><\/strong><\/em> Oliver Seidler (Einzelspiel), Christoph Stadtler (Konferenz)<\/p>\n\n\n\n<p><strong><em>Lazio Rom &#8211; FK Bod\u00f6\/Glimt (21.00 Uhr)<br><\/em><\/strong><em><strong><img loading=\"lazy\" decoding=\"async\" width=\"415\" height=\"874\" class=\"wp-image-3656\" style=\"width: 10px\" src=\"http:\/\/kommentatorenblog.de\/wp-content\/uploads\/2020\/09\/shure-55sh-ii-e1601485394796.jpg\" alt=\"\" srcset=\"http:\/\/kommentatorenblog.de\/wp-content\/uploads\/2020\/09\/shure-55sh-ii-e1601485394796.jpg 415w, http:\/\/kommentatorenblog.de\/wp-content\/uploads\/2020\/09\/shure-55sh-ii-e1601485394796-142x300.jpg 142w\" sizes=\"auto, (max-width: 415px) 100vw, 415px\" \/><\/strong><\/em> Freddie Schulz (Einzelspiel), Julian Engelhard (Konferenz)<\/p>\n\n\n\n<p><span style=\"text-decoration: underline;\">Donnerstag, 10. April 2025, ab 20.30 Uhr (<em><mark style=\"background-color:rgba(0, 0, 0, 0)\" class=\"has-inline-color has-vivid-purple-color\">RTL+<\/mark><\/em>), ab 20.50 (Sky)<\/span><\/p>\n\n\n\n<p><strong><em><strong><em>FC Chelsea<\/em><\/strong><\/em><\/strong> &#8211; <strong><em>Legia Warschau (21.00 Uhr)<\/em><\/strong><br><em><strong><img loading=\"lazy\" decoding=\"async\" width=\"415\" height=\"874\" class=\"wp-image-3656\" style=\"width: 10px\" src=\"http:\/\/kommentatorenblog.de\/wp-content\/uploads\/2020\/09\/shure-55sh-ii-e1601485394796.jpg\" alt=\"\" srcset=\"http:\/\/kommentatorenblog.de\/wp-content\/uploads\/2020\/09\/shure-55sh-ii-e1601485394796.jpg 415w, http:\/\/kommentatorenblog.de\/wp-content\/uploads\/2020\/09\/shure-55sh-ii-e1601485394796-142x300.jpg 142w\" sizes=\"auto, (max-width: 415px) 100vw, 415px\" \/><\/strong><\/em> <em><mark style=\"background-color:rgba(0, 0, 0, 0)\" class=\"has-inline-color has-vivid-purple-color\">RTL+<\/mark>\/Sky<\/em>: Tim Hemmrich (Einzelspiel), <br><em><strong><img loading=\"lazy\" decoding=\"async\" width=\"415\" height=\"874\" class=\"wp-image-3656\" style=\"width: 10px\" src=\"http:\/\/kommentatorenblog.de\/wp-content\/uploads\/2020\/09\/shure-55sh-ii-e1601485394796.jpg\" alt=\"\" srcset=\"http:\/\/kommentatorenblog.de\/wp-content\/uploads\/2020\/09\/shure-55sh-ii-e1601485394796.jpg 415w, http:\/\/kommentatorenblog.de\/wp-content\/uploads\/2020\/09\/shure-55sh-ii-e1601485394796-142x300.jpg 142w\" sizes=\"auto, (max-width: 415px) 100vw, 415px\" \/><\/strong><\/em> <em><mark style=\"background-color:rgba(0, 0, 0, 0)\" class=\"has-inline-color has-vivid-purple-color\">RTL+<\/mark><\/em>: Christian Stra\u00dfburger (Konferenz)<\/p>\n\n\n\n<p>Moderation (<em><mark style=\"background-color:rgba(0, 0, 0, 0)\" class=\"has-inline-color has-vivid-purple-color\">RTL+<\/mark><\/em>): Anna Kraft, Experte: Nils Petersen, Community Host: Julius Fellermann<\/p>\n\n\n\n<hr class=\"wp-block-separator has-alpha-channel-opacity\"\/>\n\n\n\n<p><strong>Premier League, Nachholspiel 29. Spieltag (Sky)<\/strong><\/p>\n\n\n\n<p><span style=\"text-decoration: underline;\">Mittwoch, 16. April 2025, ab 20.20 Uhr<\/span><\/p>\n\n\n\n<p><strong><em>Newcastle United &#8211; Crystal Palace (20.30 Uhr)<\/em><\/strong><br><em><strong><img loading=\"lazy\" decoding=\"async\" width=\"415\" height=\"874\" class=\"wp-image-3656\" style=\"width: 10px\" src=\"http:\/\/kommentatorenblog.de\/wp-content\/uploads\/2020\/09\/shure-55sh-ii-e1601485394796.jpg\" alt=\"\" srcset=\"http:\/\/kommentatorenblog.de\/wp-content\/uploads\/2020\/09\/shure-55sh-ii-e1601485394796.jpg 415w, http:\/\/kommentatorenblog.de\/wp-content\/uploads\/2020\/09\/shure-55sh-ii-e1601485394796-142x300.jpg 142w\" sizes=\"auto, (max-width: 415px) 100vw, 415px\" \/><\/strong><\/em> Joachim Hebel<\/p>\n\n\n\n<hr class=\"wp-block-separator has-alpha-channel-opacity\"\/>\n\n\n\n<p><strong>Saudi Pro League, 28. Spieltag (<mark style=\"background-color:rgba(0, 0, 0, 0)\" class=\"has-inline-color has-pale-cyan-blue-color\">Sportdigital FUSSBALL<\/mark>)<\/strong><\/p>\n\n\n\n<p><span style=\"text-decoration: underline;\">Donnerstag, 17. April 2025<\/span><\/p>\n\n\n\n<p><strong><em>Al-Hilal &#8211; Al-Khaleej<\/em><\/strong> <strong><em>(17.50 Uhr)<\/em><\/strong><br><em><strong><img loading=\"lazy\" decoding=\"async\" width=\"415\" height=\"874\" class=\"wp-image-3656\" style=\"width: 10px\" src=\"http:\/\/kommentatorenblog.de\/wp-content\/uploads\/2020\/09\/shure-55sh-ii-e1601485394796.jpg\" alt=\"\" srcset=\"http:\/\/kommentatorenblog.de\/wp-content\/uploads\/2020\/09\/shure-55sh-ii-e1601485394796.jpg 415w, http:\/\/kommentatorenblog.de\/wp-content\/uploads\/2020\/09\/shure-55sh-ii-e1601485394796-142x300.jpg 142w\" sizes=\"auto, (max-width: 415px) 100vw, 415px\" \/><\/strong><\/em> Christian Blunck<\/p>\n\n\n\n<p><strong><em>Al-Fateh &#8211; Al-Ittihad (20.00 Uhr)<br><\/em><\/strong><em><strong><img loading=\"lazy\" decoding=\"async\" width=\"415\" height=\"874\" class=\"wp-image-3656\" style=\"width: 10px\" src=\"http:\/\/kommentatorenblog.de\/wp-content\/uploads\/2020\/09\/shure-55sh-ii-e1601485394796.jpg\" alt=\"\" srcset=\"http:\/\/kommentatorenblog.de\/wp-content\/uploads\/2020\/09\/shure-55sh-ii-e1601485394796.jpg 415w, http:\/\/kommentatorenblog.de\/wp-content\/uploads\/2020\/09\/shure-55sh-ii-e1601485394796-142x300.jpg 142w\" sizes=\"auto, (max-width: 415px) 100vw, 415px\" \/><\/strong><\/em> Martin Hahn<\/p>\n\n\n\n<hr class=\"wp-block-separator has-alpha-channel-opacity\"\/>\n\n\n\n<p><strong>Sachsenpokal, Halbfinale (<mark style=\"background-color:rgba(0, 0, 0, 0)\" class=\"has-inline-color has-pale-cyan-blue-color\">MDR-Livestream<\/mark>)<\/strong><\/p>\n\n\n\n<p><span style=\"text-decoration: underline;\">Mittwoch, 16. April 2025<\/span><\/p>\n\n\n\n<p><strong><em>SV Grimma &#8211; 1. FC Lokomotive Leipzig (17.00 Uhr)<br><\/em><\/strong><em><strong><img loading=\"lazy\" decoding=\"async\" width=\"415\" height=\"874\" class=\"wp-image-3656\" style=\"width: 10px\" src=\"http:\/\/kommentatorenblog.de\/wp-content\/uploads\/2020\/09\/shure-55sh-ii-e1601485394796.jpg\" alt=\"\" srcset=\"http:\/\/kommentatorenblog.de\/wp-content\/uploads\/2020\/09\/shure-55sh-ii-e1601485394796.jpg 415w, http:\/\/kommentatorenblog.de\/wp-content\/uploads\/2020\/09\/shure-55sh-ii-e1601485394796-142x300.jpg 142w\" sizes=\"auto, (max-width: 415px) 100vw, 415px\" \/><\/strong><\/em> Eik Galley<\/p>\n\n\n\n<p><span style=\"text-decoration: underline;\">Donnerstag, 17. April 2025<\/span><\/p>\n\n\n\n<p><strong><em>VfB<\/em><\/strong> <strong><em>Empor Glauchau &#8211; FC Erzgebirge Aue (16.30 Uhr)<br><\/em><\/strong><em><strong><img loading=\"lazy\" decoding=\"async\" width=\"415\" height=\"874\" class=\"wp-image-3656\" style=\"width: 10px\" src=\"http:\/\/kommentatorenblog.de\/wp-content\/uploads\/2020\/09\/shure-55sh-ii-e1601485394796.jpg\" alt=\"\" srcset=\"http:\/\/kommentatorenblog.de\/wp-content\/uploads\/2020\/09\/shure-55sh-ii-e1601485394796.jpg 415w, http:\/\/kommentatorenblog.de\/wp-content\/uploads\/2020\/09\/shure-55sh-ii-e1601485394796-142x300.jpg 142w\" sizes=\"auto, (max-width: 415px) 100vw, 415px\" \/><\/strong><\/em> Florian Weichert<\/p>\n\n\n\n<hr class=\"wp-block-separator has-alpha-channel-opacity\"\/>\n\n\n\n<p><strong>Mittelrheinpokal, Halbfinale (<mark style=\"background-color:rgba(0, 0, 0, 0)\" class=\"has-inline-color has-pale-cyan-blue-color\">Leagues<\/mark>)<\/strong><\/p>\n\n\n\n<p><span style=\"text-decoration: underline;\">Mittwoch, 16. April 2025<\/span><\/p>\n\n\n\n<p><strong><em>SC Fortuna K\u00f6ln &#8211; Alemannia Aachen (19.00 Uhr)<br><\/em><\/strong><em><strong><img loading=\"lazy\" decoding=\"async\" width=\"415\" height=\"874\" class=\"wp-image-3656\" style=\"width: 10px\" src=\"http:\/\/kommentatorenblog.de\/wp-content\/uploads\/2020\/09\/shure-55sh-ii-e1601485394796.jpg\" alt=\"\" srcset=\"http:\/\/kommentatorenblog.de\/wp-content\/uploads\/2020\/09\/shure-55sh-ii-e1601485394796.jpg 415w, http:\/\/kommentatorenblog.de\/wp-content\/uploads\/2020\/09\/shure-55sh-ii-e1601485394796-142x300.jpg 142w\" sizes=\"auto, (max-width: 415px) 100vw, 415px\" \/><\/strong><\/em> Maurice Schneider<br>Moderation: Marcel Pramsch\u00fcfer<\/p>\n\n\n\n<hr class=\"wp-block-separator has-alpha-channel-opacity\"\/>\n\n\n\n<p><strong>Regionalliga Bayern, 30. Spieltag (<mark style=\"background-color:rgba(0, 0, 0, 0)\" class=\"has-inline-color has-pale-cyan-blue-color\">BR24Sport<\/mark>)<\/strong><\/p>\n\n\n\n<p><span style=\"text-decoration: underline;\">Donnerstag, 17. April 2025<\/span><\/p>\n\n\n\n<p><strong><em>1. FC Schweinfurt 05 &#8211; FC Bayern M\u00fcnchen II (19.00 Uhr)<br><\/em><\/strong><em><strong><img loading=\"lazy\" decoding=\"async\" width=\"415\" height=\"874\" class=\"wp-image-3656\" style=\"width: 10px\" src=\"http:\/\/kommentatorenblog.de\/wp-content\/uploads\/2020\/09\/shure-55sh-ii-e1601485394796.jpg\" alt=\"\" srcset=\"http:\/\/kommentatorenblog.de\/wp-content\/uploads\/2020\/09\/shure-55sh-ii-e1601485394796.jpg 415w, http:\/\/kommentatorenblog.de\/wp-content\/uploads\/2020\/09\/shure-55sh-ii-e1601485394796-142x300.jpg 142w\" sizes=\"auto, (max-width: 415px) 100vw, 415px\" \/><\/strong><\/em> Bernd Schmelzer<\/p>\n\n\n\n<hr class=\"wp-block-separator has-alpha-channel-opacity\"\/>\n\n\n\n<p><strong>Die Analyse<\/strong><\/p>\n\n\n\n<p>Wie schon in der vergangenen Woche bei den Hinspielen \u00fcbertr\u00e4gt Prime Video auch bei den R\u00fcckspielen ein Heimspiel eines deutschen Vertreters. Nach M\u00fcnchen in der Vorwoche geht es diesmal nach Dortmund, wo der BVB ein Fu\u00dfballwunder braucht \u2013 und selbst das Wort <em>Wunder<\/em> scheint fast schon zu klein. Alex Schl\u00fcter (an dieser Stelle gute Besserung!) begr\u00fc\u00dft wie in der Vorwoche Christoph Kramer und Josephine Henning, neu dabei ist diesmal Mark van Bommel als Premierengast. In der Rolle als Champions-League-Experte kennt man ihn aber ohnehin schon, war er doch immer mal wieder als Gast bei Sky im Einsatz. Zudem sammelte er 2021 auch als Trainer des VfL Wolfsburg Champions-League-Erfahrung \u2013 auch wenn das aus Sicht des Autors leider eher durchwachsen verlief. Die restliche Crew erkl\u00e4rt sich dann fast schon von selbst \u2013 hoffen wir mal, dass Jonas Friedrich seine Nerven vom Golf-Spektakel wiedererlangt hat.<\/p>\n\n\n\n<p>Mit Blick auf DAZN l\u00e4sst sich im Gesamt\u00fcberblick festhalten, dass im Vergleich zur Vorwoche nahezu komplett durchrotiert wird. Dadurch kommen insgesamt fast alle bekannten Kommentatoren und Experten zum Einsatz. Den Anfang machen am Dienstag Mario Rieker und Benny Lauth, die durch den Abend bei Aston Villa gegen Paris f\u00fchren \u2013 in der Vorwoche war hier noch Uli Hebel alleinverantwortlich im Einzelspiel, w\u00e4hrend Tom Kirsten die Konferenz \u00fcbernahm.<\/p>\n\n\n\n<p>Am Mittwoch geht es f\u00fcr die DAZN-Crew \u2013 nach Barcelona in der vergangenen Woche \u2013 nun ins San Siro zum Spiel der Bayern bei Inter. Laura Wontorra und Daniel Herzog bleiben in ihren Rollen unver\u00e4ndert, allerdings wird auf den beiden anderen Posten rotiert. Wenig \u00fcberraschend \u00fcbernehmen Jan Platte als Kommentator und Michael Ballack als Experte und Co-Kommentator. In der Konferenz ist \u2013 wie so oft bei Bayern-Beteiligung \u2013 Lukas Sch\u00f6nm\u00fcller im Einsatz. Den einzigen Doppeleinsatz als Kommentator bei Hin- und R\u00fcckspiel gibt es f\u00fcr Freddy Harder: Nach Barcelona\u2013Dortmund in der Konferenz letzte Woche \u00fcbernimmt er diesmal das Einzelspiel Real gegen Arsenal. Unterst\u00fctzt wird er dabei von Tobi Schweinsteiger. In der letzten Champions League-Konferenz der Saison \u00fcbernimmt dieses Spiel Max Gross.<\/p>\n\n\n\n<p>In der Europa League und Conference League halten sich die \u00c4nderungen bei RTL+ in Grenzen. Bei den Einzelspielen Chelsea gegen Legia Warschau sowie Celje gegen Florenz r\u00fccken Tim Hemmrich f\u00fcr Alex K\u00fcpper bzw. Stefan Galler f\u00fcr Florian von Stackelberg ans Mikro. Au\u00dferdem wechseln Corni K\u00fcpper und Robby Hunke beim Spiel von Frankfurt gegen Tottenham zwischen Einzelspiel und Konferenz. K\u00fcpper muss dabei im Einzelspiel \u2013 anders als Hunke \u2013 auf einen Co-Kommentator verzichten, da Patrick Helmes diese Woche nicht dabei ist. Studio-Experte neben Anna Kraft ist \u00fcbrigens Nils Petersen.<\/p>\n\n\n\n<p>Auch im Free-TV bleibt alles weitgehend beim Alten. Einzig sicher ist, dass bei den R\u00fcckspielen in der K.o.-Phase erneut Marco Hagemann gemeinsam mit Felix Kroos kommentiert, w\u00e4hrend Lothar Matth\u00e4us sich die 90 Minuten entspannt am Pitch anschauen darf. An der Seite von Laura Papendick im Waldstadion fehlt er aber nat\u00fcrlich nicht. Am Rande noch die Zwischenbemerkung: Es hat mich wirklich gefreut, wie positiv in den sonst eher zur\u00fcckhaltenden \u201esozialen Medien\u201c das Feedback auf die Vertragsverl\u00e4ngerung von Lothar Matth\u00e4us ausfiel. Ich pers\u00f6nlich freue mich mittlerweile auf jede \u00dcbertragung mit Lothar und finde, dass er im vergangenen Jahrzehnt noch einmal einen beeindruckenden Schritt in Sachen Lockerheit am Mikro und am Spielfeldrand gemacht hat \u2013 was die ohnehin starke Dynamik mit Sebastian Hellmann, Laura Papendick und Wolff Fuss (ich nenne jetzt mal die drei, mit denen er wohl am h\u00e4ufigsten auftritt) neben seinem gro\u00dfen Sachverstand zus\u00e4tzlich bereichert.<\/p>\n\n\n\n<p>Hier geht es dann am Donnerstag weiter mit einem Beitrag von Karl, inklusive des Einstiegs in den 30. Spieltag am Osterwochenende \u2013 mit einem wie gewohnt ungew\u00f6hnlich leeren Freitag. Bis dahin: Habt eine sch\u00f6ne Woche!<\/p>\n\n\n\n<p><\/p>\n","protected":false},"excerpt":{"rendered":"<p>N&#8217;Abend allerseits, nachdem in den vergangenen Wochen immer mehr Infos zu den Bundesliga-\u00dcbertragungen der kommenden Rechteperiode \u2013 und damit der neuen Saison \u2013 durchgesickert sind, gibt es heute mal nichts gro\u00dfartig neues. Wir hatten ja bereits \u00fcber die Konferenzpl\u00e4ne von DAZN sowie den neuen Flutlichtfreitag bei Sky berichtet. Zu erw\u00e4hnen sind aktuell eigentlich nur einige [&hellip;]<\/p>\n","protected":false},"author":5,"featured_media":0,"comment_status":"open","ping_status":"open","sticky":false,"template":"","format":"standard","meta":{"footnotes":""},"categories":[425],"tags":[],"class_list":["post-21282","post","type-post","status-publish","format-standard","hentry","category-champions-league-und-co"],"_links":{"self":[{"href":"http:\/\/kommentatorenblog.de\/index.php?rest_route=\/wp\/v2\/posts\/21282","targetHints":{"allow":["GET"]}}],"collection":[{"href":"http:\/\/kommentatorenblog.de\/index.php?rest_route=\/wp\/v2\/posts"}],"about":[{"href":"http:\/\/kommentatorenblog.de\/index.php?rest_route=\/wp\/v2\/types\/post"}],"author":[{"embeddable":true,"href":"http:\/\/kommentatorenblog.de\/index.php?rest_route=\/wp\/v2\/users\/5"}],"replies":[{"embeddable":true,"href":"http:\/\/kommentatorenblog.de\/index.php?rest_route=%2Fwp%2Fv2%2Fcomments&post=21282"}],"version-history":[{"count":12,"href":"http:\/\/kommentatorenblog.de\/index.php?rest_route=\/wp\/v2\/posts\/21282\/revisions"}],"predecessor-version":[{"id":21314,"href":"http:\/\/kommentatorenblog.de\/index.php?rest_route=\/wp\/v2\/posts\/21282\/revisions\/21314"}],"wp:attachment":[{"href":"http:\/\/kommentatorenblog.de\/index.php?rest_route=%2Fwp%2Fv2%2Fmedia&parent=21282"}],"wp:term":[{"taxonomy":"category","embeddable":true,"href":"http:\/\/kommentatorenblog.de\/index.php?rest_route=%2Fwp%2Fv2%2Fcategories&post=21282"},{"taxonomy":"post_tag","embeddable":true,"href":"http:\/\/kommentatorenblog.de\/index.php?rest_route=%2Fwp%2Fv2%2Ftags&post=21282"}],"curies":[{"name":"wp","href":"https:\/\/api.w.org\/{rel}","templated":true}]}}