{"id":21447,"date":"2025-04-29T10:01:35","date_gmt":"2025-04-29T09:01:35","guid":{"rendered":"https:\/\/kommentatorenblog.de\/?p=21447"},"modified":"2025-05-03T22:25:48","modified_gmt":"2025-05-03T21:25:48","slug":"1506-finalzeit-in-koeln","status":"publish","type":"post","link":"http:\/\/kommentatorenblog.de\/?p=21447","title":{"rendered":"1506 &#8211; Finalzeit in K\u00f6ln"},"content":{"rendered":"\n<p>N&#8217;Abend allerseits,<\/p>\n\n\n\n<p>leider gab es aus privaten Gr\u00fcnden einen kurzfristigen Ausfall. Deswegen gibt es heute nur einen Mini-Beitrag aus dem ICE in abgespeckter Variante mit dem DFB Pokal Finale und den Europapokal-Halbfinals. Auch die Analyse bleibt erstmals auf ein paar Stichpunkte reduziert. M\u00f6gliche weitere Ansetzungen\/Erg\u00e4nzungen kommen dann ggf. nach. <\/p>\n\n\n\n<hr class=\"wp-block-separator has-alpha-channel-opacity\"\/>\n\n\n\n<p><strong>Die Ansetzungen vom 29. April bis zum 01. Mai 2025<\/strong><\/p>\n\n\n\n<hr class=\"wp-block-separator has-alpha-channel-opacity\"\/>\n\n\n\n<p><strong>DFB Pokal, Finale (Sky\/<strong><mark style=\"background-color:rgba(0, 0, 0, 0)\" class=\"has-inline-color has-pale-cyan-blue-color\">Das Erste<\/mark><\/strong>)<\/strong><\/p>\n\n\n\n<p><span style=\"text-decoration: underline;\">Donnerstag, 01. Mai 2025, ab 15.30 Uhr (Sky) bzw. ab 15.40 Uhr (Das Erste)<\/span><\/p>\n\n\n\n<p><strong><em>FC Bayern M\u00fcnchen &#8211; SV Werder Bremen (16.00 Uhr)<\/em><\/strong><br><mark style=\"background-color:rgba(0, 0, 0, 0)\" class=\"has-inline-color has-black-color\"><em><strong><img loading=\"lazy\" decoding=\"async\" width=\"415\" height=\"874\" class=\"wp-image-3656\" style=\"width: 10px\" src=\"http:\/\/kommentatorenblog.de\/wp-content\/uploads\/2020\/09\/shure-55sh-ii-e1601485394796.jpg\" alt=\"\" srcset=\"http:\/\/kommentatorenblog.de\/wp-content\/uploads\/2020\/09\/shure-55sh-ii-e1601485394796.jpg 415w, http:\/\/kommentatorenblog.de\/wp-content\/uploads\/2020\/09\/shure-55sh-ii-e1601485394796-142x300.jpg 142w\" sizes=\"auto, (max-width: 415px) 100vw, 415px\" \/><\/strong><\/em> <em>Sky<\/em>: Hannes Herrmann, Expertin: Rachel Rinast<br><\/mark>Moderation (<em>Sky<\/em>): Nele Ocik, Expertin: Julia Simic<br>Field-Reporterin: Lisa de Ruiter<\/p>\n\n\n\n<p><em><strong><img loading=\"lazy\" decoding=\"async\" width=\"415\" height=\"874\" class=\"wp-image-3656\" style=\"width: 10px\" src=\"http:\/\/kommentatorenblog.de\/wp-content\/uploads\/2020\/09\/shure-55sh-ii-e1601485394796.jpg\" alt=\"\" srcset=\"http:\/\/kommentatorenblog.de\/wp-content\/uploads\/2020\/09\/shure-55sh-ii-e1601485394796.jpg 415w, http:\/\/kommentatorenblog.de\/wp-content\/uploads\/2020\/09\/shure-55sh-ii-e1601485394796-142x300.jpg 142w\" sizes=\"auto, (max-width: 415px) 100vw, 415px\" \/><\/strong><\/em> <em><mark style=\"background-color:rgba(0, 0, 0, 0)\" class=\"has-inline-color has-pale-cyan-blue-color\">Das Erste<\/mark><\/em>: Stephanie Baczyk, Expertin: Almuth Schult<br>Moderation (<em><mark style=\"background-color:rgba(0, 0, 0, 0)\" class=\"has-inline-color has-pale-cyan-blue-color\">Das Erste<\/mark><\/em>): Claus Lufen<br>Field-Reporterinnen: Julia Scharf (FCB) und Janna Betten (SVW)<\/p>\n\n\n\n<hr class=\"wp-block-separator has-alpha-channel-opacity\"\/>\n\n\n\n<p><strong>UEFA Champions League, Halbfinale, Hinspiele (<mark style=\"background-color:rgba(0, 0, 0, 0)\" class=\"has-inline-color has-vivid-cyan-blue-color\">Prime Video<\/mark>\/DAZN)<\/strong><\/p>\n\n\n\n<p><span style=\"text-decoration: underline;\">Dienstag, 29. April 2025<\/span>,<span style=\"text-decoration: underline;\"> ab 20.00 Uhr (<mark style=\"background-color:rgba(0, 0, 0, 0)\" class=\"has-inline-color has-vivid-cyan-blue-color\">Prime Video<\/mark>)<\/span><\/p>\n\n\n\n<p><strong><em>FC Arsenal &#8211; Paris Saint-Germain (21.00 Uhr)<\/em><\/strong><br><em><strong><img loading=\"lazy\" decoding=\"async\" width=\"415\" height=\"874\" class=\"wp-image-3656\" style=\"width: 10px\" src=\"http:\/\/kommentatorenblog.de\/wp-content\/uploads\/2020\/09\/shure-55sh-ii-e1601485394796.jpg\" alt=\"\" srcset=\"http:\/\/kommentatorenblog.de\/wp-content\/uploads\/2020\/09\/shure-55sh-ii-e1601485394796.jpg 415w, http:\/\/kommentatorenblog.de\/wp-content\/uploads\/2020\/09\/shure-55sh-ii-e1601485394796-142x300.jpg 142w\" sizes=\"auto, (max-width: 415px) 100vw, 415px\" \/><\/strong><\/em> Jonas Friedrich, Experte: Benedikt H\u00f6wedes<br>Moderation: Alex Schl\u00fcter, Expert:innen: Matthias Sammer, Tabea Kemme &amp; Shkodran Mustafi<br>Schiedsrichter-Experte: Lutz Wagner, Field-Reporter:innen: Cayana Freeman und Sebastian Benesch<\/p>\n\n\n\n<p><span style=\"text-decoration: underline;\">Mittwoch, 30. April 2025<\/span>,<span style=\"text-decoration: underline;\"> ab 20.30 Uhr (DAZN)<\/span><\/p>\n\n\n\n<p><strong><em>FC Barcelona &#8211; Inter Mailand (21.00 Uhr)<\/em><\/strong><br><em><strong><img loading=\"lazy\" decoding=\"async\" width=\"415\" height=\"874\" class=\"wp-image-3656\" style=\"width: 10px\" src=\"http:\/\/kommentatorenblog.de\/wp-content\/uploads\/2020\/09\/shure-55sh-ii-e1601485394796.jpg\" alt=\"\" srcset=\"http:\/\/kommentatorenblog.de\/wp-content\/uploads\/2020\/09\/shure-55sh-ii-e1601485394796.jpg 415w, http:\/\/kommentatorenblog.de\/wp-content\/uploads\/2020\/09\/shure-55sh-ii-e1601485394796-142x300.jpg 142w\" sizes=\"auto, (max-width: 415px) 100vw, 415px\" \/><\/strong><\/em> Jan Platte, Experte: Tobi Schweinsteiger<br>Moderation: Daniel Herzog<\/p>\n\n\n\n<hr class=\"wp-block-separator has-alpha-channel-opacity\"\/>\n\n\n\n<p><strong>UEFA Europa League \/ UEFA Conference League, Halbfinale, Hinspiele<\/strong><\/p>\n\n\n\n<p><span style=\"text-decoration: underline;\">Donnerstag, 01. Mai 2025, ab 20.40 Uhr (<span style=\"text-decoration: underline;\"><em><mark style=\"background-color:rgba(0, 0, 0, 0)\" class=\"has-inline-color has-vivid-purple-color\">RTL<\/mark><\/em><\/span>) bzw. ab 20.30 Uhr (<span style=\"text-decoration: underline;\"><em><mark style=\"background-color:rgba(0, 0, 0, 0)\" class=\"has-inline-color has-vivid-purple-color\">RTL+<\/mark><\/em><\/span>)<\/span><\/p>\n\n\n\n<p><strong><em>Athletic Bilbao &#8211; Manchester United (21.00 Uhr)<\/em><\/strong><br><em><strong><img loading=\"lazy\" decoding=\"async\" width=\"415\" height=\"874\" class=\"wp-image-3656\" style=\"width: 10px\" src=\"http:\/\/kommentatorenblog.de\/wp-content\/uploads\/2020\/09\/shure-55sh-ii-e1601485394796.jpg\" alt=\"\" srcset=\"http:\/\/kommentatorenblog.de\/wp-content\/uploads\/2020\/09\/shure-55sh-ii-e1601485394796.jpg 415w, http:\/\/kommentatorenblog.de\/wp-content\/uploads\/2020\/09\/shure-55sh-ii-e1601485394796-142x300.jpg 142w\" sizes=\"auto, (max-width: 415px) 100vw, 415px\" \/><\/strong><\/em> <em><mark style=\"background-color:rgba(0, 0, 0, 0)\" class=\"has-inline-color has-vivid-purple-color\">RTL<\/mark><\/em>: Marco Hagemann, Experte: Lothar Matth\u00e4us<br>Moderation (<em><mark style=\"background-color:rgba(0, 0, 0, 0)\" class=\"has-inline-color has-vivid-purple-color\">RTL<\/mark><\/em>): Laura Papendick<\/p>\n\n\n\n<p><em><strong><img loading=\"lazy\" decoding=\"async\" width=\"415\" height=\"874\" class=\"wp-image-3656\" style=\"width: 10px\" src=\"http:\/\/kommentatorenblog.de\/wp-content\/uploads\/2020\/09\/shure-55sh-ii-e1601485394796.jpg\" alt=\"\" srcset=\"http:\/\/kommentatorenblog.de\/wp-content\/uploads\/2020\/09\/shure-55sh-ii-e1601485394796.jpg 415w, http:\/\/kommentatorenblog.de\/wp-content\/uploads\/2020\/09\/shure-55sh-ii-e1601485394796-142x300.jpg 142w\" sizes=\"auto, (max-width: 415px) 100vw, 415px\" \/><\/strong><\/em> <em><mark style=\"background-color:rgba(0, 0, 0, 0)\" class=\"has-inline-color has-vivid-purple-color\">RTL+<\/mark><\/em>: Robby Hunke, Experte: Felix Kroos (Einzelspiel), J\u00fcrgen Schmitz (Konferenz)<\/p>\n\n\n\n<p>Field-Reporter: Thomas Wagner<\/p>\n\n\n\n<p><span style=\"text-decoration: underline;\">ab 20.30 Uhr (<span style=\"text-decoration: underline;\"><span style=\"text-decoration: underline;\"><em><mark style=\"background-color:rgba(0, 0, 0, 0)\" class=\"has-inline-color has-vivid-purple-color\">RTL+<\/mark><\/em><\/span><\/span>)<\/span><\/p>\n\n\n\n<p><strong><em>Tottenham Hotspur \u2013 FK Bod\u00f6\/Glimt (21.00 Uhr)<\/em><\/strong><br><em><strong><img loading=\"lazy\" decoding=\"async\" width=\"415\" height=\"874\" class=\"wp-image-3656\" style=\"width: 10px\" src=\"http:\/\/kommentatorenblog.de\/wp-content\/uploads\/2020\/09\/shure-55sh-ii-e1601485394796.jpg\" alt=\"\" srcset=\"http:\/\/kommentatorenblog.de\/wp-content\/uploads\/2020\/09\/shure-55sh-ii-e1601485394796.jpg 415w, http:\/\/kommentatorenblog.de\/wp-content\/uploads\/2020\/09\/shure-55sh-ii-e1601485394796-142x300.jpg 142w\" sizes=\"auto, (max-width: 415px) 100vw, 415px\" \/><\/strong><\/em> Cornelius K\u00fcpper (Einzelspiel), Peter Reichert (Konferenz)<\/p>\n\n\n\n<p><strong><em>Real Betis \u2013 AC Florenz<\/em><\/strong> <strong><em>(21.00 Uhr)<\/em><\/strong><br><em><strong><img loading=\"lazy\" decoding=\"async\" width=\"415\" height=\"874\" class=\"wp-image-3656\" style=\"width: 10px\" src=\"http:\/\/kommentatorenblog.de\/wp-content\/uploads\/2020\/09\/shure-55sh-ii-e1601485394796.jpg\" alt=\"\" srcset=\"http:\/\/kommentatorenblog.de\/wp-content\/uploads\/2020\/09\/shure-55sh-ii-e1601485394796.jpg 415w, http:\/\/kommentatorenblog.de\/wp-content\/uploads\/2020\/09\/shure-55sh-ii-e1601485394796-142x300.jpg 142w\" sizes=\"auto, (max-width: 415px) 100vw, 415px\" \/><\/strong><\/em> Oliver Seidler (Einzelspiel), Philip Konrad (Konferenz)<\/p>\n\n\n\n<p><strong><em>FC Chelsea \u2013 Djurgardens IF (21.00 Uhr)<\/em><\/strong><br><em><strong><img loading=\"lazy\" decoding=\"async\" width=\"415\" height=\"874\" class=\"wp-image-3656\" style=\"width: 10px\" src=\"http:\/\/kommentatorenblog.de\/wp-content\/uploads\/2020\/09\/shure-55sh-ii-e1601485394796.jpg\" alt=\"\" srcset=\"http:\/\/kommentatorenblog.de\/wp-content\/uploads\/2020\/09\/shure-55sh-ii-e1601485394796.jpg 415w, http:\/\/kommentatorenblog.de\/wp-content\/uploads\/2020\/09\/shure-55sh-ii-e1601485394796-142x300.jpg 142w\" sizes=\"auto, (max-width: 415px) 100vw, 415px\" \/><\/strong><\/em> Rene Langhoff (Einzelspiel), Florian von Stackelberg (Konferenz)<\/p>\n\n\n\n<p>Moderation (<em><mark style=\"background-color:rgba(0, 0, 0, 0)\" class=\"has-inline-color has-vivid-purple-color\">RTL+<\/mark><\/em>): Anna Kraft, Experte: Nils Petersen, Community Host: Julius Fellermann<\/p>\n\n\n\n<hr class=\"wp-block-separator has-alpha-channel-opacity\"\/>\n\n\n\n<p><strong>Premier League, 34. Spieltag, Nachholspiel (Sky)<\/strong><\/p>\n\n\n\n<p><span style=\"text-decoration: underline;\">Donnerstag, 01. Mai 2025, ab 20.20 Uhr<\/span><\/p>\n\n\n\n<p><strong><em>Nottingham Forest \u2013 FC Brentford (20.30 Uhr)<\/em><\/strong><br><em><strong><img loading=\"lazy\" decoding=\"async\" width=\"415\" height=\"874\" class=\"wp-image-3656\" style=\"width: 10px\" src=\"http:\/\/kommentatorenblog.de\/wp-content\/uploads\/2020\/09\/shure-55sh-ii-e1601485394796.jpg\" alt=\"\" srcset=\"http:\/\/kommentatorenblog.de\/wp-content\/uploads\/2020\/09\/shure-55sh-ii-e1601485394796.jpg 415w, http:\/\/kommentatorenblog.de\/wp-content\/uploads\/2020\/09\/shure-55sh-ii-e1601485394796-142x300.jpg 142w\" sizes=\"auto, (max-width: 415px) 100vw, 415px\" \/><\/strong><\/em> Joachim Hebel<\/p>\n\n\n\n<hr class=\"wp-block-separator has-alpha-channel-opacity\"\/>\n\n\n\n<p><strong>Women&#8217;s Super League, 20. Spieltag (Sky)<\/strong><\/p>\n\n\n\n<p><span style=\"text-decoration: underline;\">Mittwoch, 30. April 2025, ab 21.05 Uhr<\/span><\/p>\n\n\n\n<p><strong><em>Manchester United \u2013 FC Chelsea (21.15 Uhr)<\/em><\/strong><br><em><strong><img loading=\"lazy\" decoding=\"async\" width=\"415\" height=\"874\" class=\"wp-image-3656\" style=\"width: 10px\" src=\"http:\/\/kommentatorenblog.de\/wp-content\/uploads\/2020\/09\/shure-55sh-ii-e1601485394796.jpg\" alt=\"\" srcset=\"http:\/\/kommentatorenblog.de\/wp-content\/uploads\/2020\/09\/shure-55sh-ii-e1601485394796.jpg 415w, http:\/\/kommentatorenblog.de\/wp-content\/uploads\/2020\/09\/shure-55sh-ii-e1601485394796-142x300.jpg 142w\" sizes=\"auto, (max-width: 415px) 100vw, 415px\" \/><\/strong><\/em> Oliver Fa\u00dfnacht<\/p>\n\n\n\n<hr class=\"wp-block-separator has-alpha-channel-opacity\"\/>\n\n\n\n<p><strong>Division 1A, 36. Spieltag (<mark style=\"background-color:rgba(0, 0, 0, 0)\" class=\"has-inline-color has-pale-cyan-blue-color\">Sportdigital1+<\/mark>)<\/strong><\/p>\n\n\n\n<p><span style=\"text-decoration: underline;\">Donnerstag, 01. Mai 2025<\/span><\/p>\n\n\n\n<p><strong><em>FC Br\u00fcgge \u2013 KAA Gent (18.30 Uhr)<\/em><\/strong><br><em><strong><img loading=\"lazy\" decoding=\"async\" width=\"415\" height=\"874\" class=\"wp-image-3656\" style=\"width: 10px\" src=\"http:\/\/kommentatorenblog.de\/wp-content\/uploads\/2020\/09\/shure-55sh-ii-e1601485394796.jpg\" alt=\"\" srcset=\"http:\/\/kommentatorenblog.de\/wp-content\/uploads\/2020\/09\/shure-55sh-ii-e1601485394796.jpg 415w, http:\/\/kommentatorenblog.de\/wp-content\/uploads\/2020\/09\/shure-55sh-ii-e1601485394796-142x300.jpg 142w\" sizes=\"auto, (max-width: 415px) 100vw, 415px\" \/><\/strong><\/em> Jakob Vogel<\/p>\n\n\n\n<hr class=\"wp-block-separator has-alpha-channel-opacity\"\/>\n\n\n\n<p><strong>AFC Champions League Elite, Halbfinale (<mark style=\"background-color:rgba(0, 0, 0, 0)\" class=\"has-inline-color has-pale-cyan-blue-color\">Sportdigital1+<\/mark>)<\/strong><\/p>\n\n\n\n<p><span style=\"text-decoration: underline;\">Dienstag, 29. April 2025<\/span><\/p>\n\n\n\n<p><strong><em>Al-Hilal \u2013 Al-Ahli (18.30 Uhr)<\/em><\/strong><br><em><strong><img loading=\"lazy\" decoding=\"async\" width=\"415\" height=\"874\" class=\"wp-image-3656\" style=\"width: 10px\" src=\"http:\/\/kommentatorenblog.de\/wp-content\/uploads\/2020\/09\/shure-55sh-ii-e1601485394796.jpg\" alt=\"\" srcset=\"http:\/\/kommentatorenblog.de\/wp-content\/uploads\/2020\/09\/shure-55sh-ii-e1601485394796.jpg 415w, http:\/\/kommentatorenblog.de\/wp-content\/uploads\/2020\/09\/shure-55sh-ii-e1601485394796-142x300.jpg 142w\" sizes=\"auto, (max-width: 415px) 100vw, 415px\" \/><\/strong><\/em> Karsten Linke<\/p>\n\n\n\n<p><span style=\"text-decoration: underline;\">Mittwoch, 30. April 2025<\/span><\/p>\n\n\n\n<p><strong><em>Al-Nassr \u2013 Kawasaki Frontale (18.30 Uhr)<\/em><\/strong><br><em><strong><img loading=\"lazy\" decoding=\"async\" width=\"415\" height=\"874\" class=\"wp-image-3656\" style=\"width: 10px\" src=\"http:\/\/kommentatorenblog.de\/wp-content\/uploads\/2020\/09\/shure-55sh-ii-e1601485394796.jpg\" alt=\"\" srcset=\"http:\/\/kommentatorenblog.de\/wp-content\/uploads\/2020\/09\/shure-55sh-ii-e1601485394796.jpg 415w, http:\/\/kommentatorenblog.de\/wp-content\/uploads\/2020\/09\/shure-55sh-ii-e1601485394796-142x300.jpg 142w\" sizes=\"auto, (max-width: 415px) 100vw, 415px\" \/><\/strong><\/em> <s>Marvin Kirsch<\/s> Christian Blunck<\/p>\n\n\n\n<hr class=\"wp-block-separator has-alpha-channel-opacity\"\/>\n\n\n\n<p><strong>Die Analyse<\/strong><\/p>\n\n\n\n<ul class=\"wp-block-list\">\n<li>DFB Pokalfinale bei Sky fast mit gleicher Crew wie letztes Mal<br>Das Duo Schenker\/Herrmann begleitet dabei schon l\u00e4nger die Pokal\u00fcbertragungen bei Sky und erh\u00e4lt diesmal erneut Unterst\u00fctzung durch das Duo Simic\/Rinast.<\/li>\n\n\n\n<li>ARD mit 20 Minuten Vorlauf und \u00fcblicher Crew in K\u00f6ln. <br>F\u00fcr Stephanie Baczyk ist es dabei das dritte Pokalfinale in Folge (wenn die ARD dran war, letztes Jahr kommentierte Claudia Neumann im ZDF), durchaus \u00fcberraschend, da  die ARD ja sonst bei den Partien durchwechselt, zumindest im Kommentar. Claus Lufen dagegen ist ja im nahezu im Dauereinsatz.<\/li>\n\n\n\n<li>Prime ohne \u00dcberraschungen mit kompletter Crew in London<br>Im Vergleich zum BVB-Spiel wechselt dabei das Experten-Trio einmal durch, da der BVB ausgeschieden ist, steht weiteren Eins\u00e4tzen von Matthias Sammer auch nichts mehr im Wege. Dazu kommen noch Tabea Kemme und Shkodran Mustafi als Experte.<\/li>\n\n\n\n<li>DAZN sendet komplett aus Barcelona mit 30 Minuten Vorlauf, Herzi in Doppelrolle aus Moderator und Fielder.<br>Kommentator wird Jan Platte sein.<\/li>\n\n\n\n<li>RTL im Hauptprogramm mit &#8211; geplant &#8211; kurzem Vorlauf. Erstmals seit komplettem Rechteerwerb keine \u00dcbertragung aus dem Stadion, wahrscheinlich da erstmals seit 2021 kein deutscher Teilnehmer im Halbfinale ist. Papendick, Matth\u00e4us und Hagemann melden sich daher f\u00fcr Bilbao-Man United aus K\u00f6ln<\/li>\n\n\n\n<li>RTL+ mit Vorlauf ab 20.30Uhr, Bilbao-Man United bekommt mit Felix Kroos einen Experten im Einzelspiel, an der Seite von Robert Hunke. Das RTL+- Team sendet dabei auch wieder aus dem Studio. F\u00fcr Bilbao-Manchester gibt es dadurch (inklusive der Konferenz) drei Studioproduktionen.<\/li>\n<\/ul>\n\n\n\n<p><\/p>\n","protected":false},"excerpt":{"rendered":"<p>N&#8217;Abend allerseits, leider gab es aus privaten Gr\u00fcnden einen kurzfristigen Ausfall. Deswegen gibt es heute nur einen Mini-Beitrag aus dem ICE in abgespeckter Variante mit dem DFB Pokal Finale und den Europapokal-Halbfinals. Auch die Analyse bleibt erstmals auf ein paar Stichpunkte reduziert. M\u00f6gliche weitere Ansetzungen\/Erg\u00e4nzungen kommen dann ggf. nach. Die Ansetzungen vom 29. April bis [&hellip;]<\/p>\n","protected":false},"author":1,"featured_media":0,"comment_status":"open","ping_status":"open","sticky":false,"template":"","format":"standard","meta":{"footnotes":""},"categories":[425,504],"tags":[49,548,517,337,1252,57,636,614,212,988,13,695,703,104,405,48,774,347,69,248,655,1094,86,59,75,1022,31,1080,43,581,608,1238,1236,665,113,1081,690,947,966,874,162,138,656,189,1087,22,134,620,639,33,882],"class_list":["post-21447","post","type-post","status-publish","format-standard","hentry","category-champions-league-und-co","category-dfb-pokal-co","tag-alex-schlueter","tag-almuth-schult","tag-anna-kraft","tag-benedikt-hoewedes","tag-cayana-freeman","tag-christian-blunck","tag-claus-lufen","tag-cornelius-kuepper","tag-daniel-herzog","tag-das-erste","tag-dazn","tag-felix-kroos","tag-florian-von-stackelberg","tag-hannes-herrmann","tag-jakob-vogel","tag-jan-platte","tag-janna-betten","tag-joachim-hebel","tag-jonas-friedrich","tag-julia-scharf","tag-julia-simic","tag-julius-fellermann","tag-juergen-schmitz","tag-karsten-linke","tag-laura-papendick","tag-lisa-de-ruiter","tag-lothar-matthaeus","tag-lutz-wagner","tag-marco-hagemann","tag-marvin-kirsch","tag-matthias-sammer","tag-nele-ocik","tag-nils-petersen","tag-oliver-fassnacht-2","tag-oliver-seidler","tag-peter-reichert","tag-philip-konrad","tag-prime","tag-rachel-rinast","tag-rene-langhoff","tag-robby-hunke","tag-rtl","tag-rtl-2","tag-sebastian-benesch","tag-shkodran-mustafi","tag-sky","tag-sportdigital-fussball","tag-stephanie-baczyk","tag-tabea-kemme","tag-thomas-wagner","tag-tobias-schweinsteiger"],"_links":{"self":[{"href":"http:\/\/kommentatorenblog.de\/index.php?rest_route=\/wp\/v2\/posts\/21447","targetHints":{"allow":["GET"]}}],"collection":[{"href":"http:\/\/kommentatorenblog.de\/index.php?rest_route=\/wp\/v2\/posts"}],"about":[{"href":"http:\/\/kommentatorenblog.de\/index.php?rest_route=\/wp\/v2\/types\/post"}],"author":[{"embeddable":true,"href":"http:\/\/kommentatorenblog.de\/index.php?rest_route=\/wp\/v2\/users\/1"}],"replies":[{"embeddable":true,"href":"http:\/\/kommentatorenblog.de\/index.php?rest_route=%2Fwp%2Fv2%2Fcomments&post=21447"}],"version-history":[{"count":14,"href":"http:\/\/kommentatorenblog.de\/index.php?rest_route=\/wp\/v2\/posts\/21447\/revisions"}],"predecessor-version":[{"id":21523,"href":"http:\/\/kommentatorenblog.de\/index.php?rest_route=\/wp\/v2\/posts\/21447\/revisions\/21523"}],"wp:attachment":[{"href":"http:\/\/kommentatorenblog.de\/index.php?rest_route=%2Fwp%2Fv2%2Fmedia&parent=21447"}],"wp:term":[{"taxonomy":"category","embeddable":true,"href":"http:\/\/kommentatorenblog.de\/index.php?rest_route=%2Fwp%2Fv2%2Fcategories&post=21447"},{"taxonomy":"post_tag","embeddable":true,"href":"http:\/\/kommentatorenblog.de\/index.php?rest_route=%2Fwp%2Fv2%2Ftags&post=21447"}],"curies":[{"name":"wp","href":"https:\/\/api.w.org\/{rel}","templated":true}]}}