{"id":21475,"date":"2025-05-05T20:12:17","date_gmt":"2025-05-05T19:12:17","guid":{"rendered":"https:\/\/kommentatorenblog.de\/?p=21475"},"modified":"2025-05-08T20:09:28","modified_gmt":"2025-05-08T19:09:28","slug":"1508-woche-der-entscheidung","status":"publish","type":"post","link":"http:\/\/kommentatorenblog.de\/?p=21475","title":{"rendered":"1508 &#8211; Woche der Entscheidung"},"content":{"rendered":"\n<p>N&#8217;Abend allerseits,<\/p>\n\n\n\n<p>nach der Ank\u00fcndigung von Skys neuem Konzept an den Bundesliga-Samstagen wurde in den Kommentarspalten wieder rege \u00fcber Vor- und Nachteile von Sky und DAZN diskutiert. Ich habe mich in <a href=\"https:\/\/kommentatorenblog.de\/?p=21298\" data-type=\"link\" data-id=\"https:\/\/kommentatorenblog.de\/?p=21298\">diesem Beitrag<\/a> schon einmal damit befasst und sehe es so, dass vor allem unterschiedliche Interessensverh\u00e4ltnisse, also ob man vor allem Spiele eines Klubs oder grunds\u00e4tzlich gerne Bundesliga-Spiele verfolgt, jeweils andere Vorteile haben, wenn es darum geht, welchen der beiden Sender man eher in Zukunft schaut. Durch die gleichm\u00e4\u00dfigere Verteilung der Livebilder und der Relive-Verf\u00fcgbarkeit aller Spiele sehe ich die neue Verteilung aus Nutzersicht als nicht unbedingt nur nachteilhaft, f\u00fcr sowohl Sky als auch f\u00fcr DAZN k\u00f6nnte allerdings ein gewisses Risiko enthalten sein.<\/p>\n\n\n\n<p>\u00c4hnlich spannend wie bei der Bundesliga-Auktion im vergangenen Herbst d\u00fcrfte der Ausgang der aktuell stattfindenden Auktion der TV-Rechte des DFB-Pokals werden. Dabei werden die Rechte der Pokalwettbewerbe der Frauen und der M\u00e4nner erstmals getrennt vergeben. Mit der Paketstruktur des Pokals der Frauen hatten wir uns bereits im <a href=\"https:\/\/kommentatorenblog.de\/?p=21468\" data-type=\"link\" data-id=\"https:\/\/kommentatorenblog.de\/?p=21468\">letzten Beitrag<\/a> befasst, nun nehmen wir die des M\u00e4nner-Pokals unter die Lupe. Danke an Jonas, der die \u00dcbersicht erstellt hat.<\/p>\n\n\n\n<p><strong>DFB-Pokal der M\u00e4nner &#8211; live<\/strong><\/p>\n\n\n\n<p class=\"has-vivid-green-cyan-background-color has-background\"><strong>Szenario 1 <br><\/strong>&#8211; Paket A: 8 \/ 7 &#8211; Topspiele (j\u00e4hrlicher Wechsel mit Paket B) <em>Free oder Pay<\/em><br>&#8211; Paket B: 7 \/ 8 &#8211; Topspiele (j\u00e4hrlicher Wechsel mit Paket A) <em>Free oder Pay<\/em><br>&#8211; Paket C: alle Spiele Einzeln &amp; Konferenz (Pay)<\/p>\n\n\n\n<p class=\"has-vivid-green-cyan-background-color has-background\"><strong>Szenario 2 <br><\/strong>&#8211; Paket A: 7 \/ 6 &#8211; Topspiele (j\u00e4hrlicher Wechsel mit Paket B) <em>Free oder Pay<\/em><br>&#8211; Paket B: 6 \/ 7 &#8211; Topspiele (j\u00e4hrlicher Wechsel mit Paket A) <em>Free oder Pay<\/em><br>&#8211; Paket C: alle Spiele Einzeln &amp; Konferenz (Pay)<\/p>\n\n\n\n<p class=\"has-vivid-green-cyan-background-color has-background\"><strong>Szenario 3 <br><\/strong>&#8211; Paket A: 9 &#8211; Topspiele (Free)<br>&#8211; Paket C: alle Spiele Einzeln &amp; Konferenz (Pay)<\/p>\n\n\n\n<p class=\"has-white-background-color has-background\">Egal welches Szenario sich dabei durchsetzen wird, neun Pokalspiele, (eins pro Runde, sowie beide Halbfinals und das Finale) werden frei empfangbar sein. Die Liverechte enthalten zudem Own Match Highlights sowie die Highlights andere Spiele des Tages (bis 3 min L\u00e4nge).<\/p>\n\n\n\n<p><strong>DFB-Pokal der M\u00e4nner &#8211; Highlights<\/strong><\/p>\n\n\n\n<p class=\"has-light-green-cyan-background-color has-background\"><strong>Paket D &#8211; Main<\/strong> &#8211; Highlights <em>Free und Pay<\/em><br>alle Spiele, bis 12 min L\u00e4nge, linear und non-linear<\/p>\n\n\n\n<p class=\"has-light-green-cyan-background-color has-background\"><strong>Paket E &amp; F &#8211; Basic<\/strong> &#8211; Highlights <em>Free und Pay<\/em><br>alle Spiele, bis 6 min L\u00e4nge, linear und non-linear, ab 0.00 Uhr<\/p>\n\n\n\n<p class=\"has-light-green-cyan-background-color has-background\"><strong>3 x Paket G &#8211; Kurzclips <\/strong>(Free)<br>alle Spiele, bis 90s, non-linear, ab 6.00 Uhr<\/p>\n\n\n\n<p>Was erwartet bzw. erhofft ihr euch vom Ausgang der Auktion? Schreibt uns eure Meinung gerne in die Kommentare.<\/p>\n\n\n\n<p>Nun zu den Ansetzungen von dieser Woche, haupts\u00e4chlich mit kontinentalen Klubwettbewerben:<\/p>\n\n\n\n<hr class=\"wp-block-separator has-alpha-channel-opacity\"\/>\n\n\n\n<p><strong>UEFA Champions League, Halbfinale, R\u00fcckspiele<\/strong><\/p>\n\n\n\n<p><span style=\"text-decoration: underline;\">Dienstag, 06. Mai 2025, ab 20.00 Uhr (<mark style=\"background-color:rgba(0, 0, 0, 0)\" class=\"has-inline-color has-vivid-cyan-blue-color\">Prime<\/mark>)<\/span><\/p>\n\n\n\n<p><strong><em>Inter Mailand &#8211; FC Barcelona (21.00 Uhr)<\/em><\/strong><br><em><strong><img loading=\"lazy\" decoding=\"async\" width=\"415\" height=\"874\" class=\"wp-image-3656\" style=\"width: 10px\" src=\"http:\/\/kommentatorenblog.de\/wp-content\/uploads\/2020\/09\/shure-55sh-ii-e1601485394796.jpg\" alt=\"\" srcset=\"http:\/\/kommentatorenblog.de\/wp-content\/uploads\/2020\/09\/shure-55sh-ii-e1601485394796.jpg 415w, http:\/\/kommentatorenblog.de\/wp-content\/uploads\/2020\/09\/shure-55sh-ii-e1601485394796-142x300.jpg 142w\" sizes=\"auto, (max-width: 415px) 100vw, 415px\" \/><\/strong><\/em> Jonas Friedrich, Experte: Benedikt H\u00f6wedes<br>Moderation: Alex Schl\u00fcter, Expert:innen: Matthias Sammer, Tabea Kemme und Christoph Kramer, Schiedsrichter-Experte: Lutz Wagner, Field-Reporter:innen: Cayana Freeman und Sebastian Benesch<\/p>\n\n\n\n<p><span style=\"text-decoration: underline;\">Mittwoch, 07. Mai 2025, ab 20.30 Uhr (DAZN)<\/span><\/p>\n\n\n\n<p><strong><em>Paris Saint-Germain &#8211; FC Arsenal (21.00 Uhr)<\/em><\/strong><br><em><strong><img loading=\"lazy\" decoding=\"async\" width=\"415\" height=\"874\" class=\"wp-image-3656\" style=\"width: 10px\" src=\"http:\/\/kommentatorenblog.de\/wp-content\/uploads\/2020\/09\/shure-55sh-ii-e1601485394796.jpg\" alt=\"\" srcset=\"http:\/\/kommentatorenblog.de\/wp-content\/uploads\/2020\/09\/shure-55sh-ii-e1601485394796.jpg 415w, http:\/\/kommentatorenblog.de\/wp-content\/uploads\/2020\/09\/shure-55sh-ii-e1601485394796-142x300.jpg 142w\" sizes=\"auto, (max-width: 415px) 100vw, 415px\" \/><\/strong><\/em> Max Siebald, Experte: Sebastian Knei\u00dfl<br>Moderation: Freddy Harder<\/p>\n\n\n\n<hr class=\"wp-block-separator has-alpha-channel-opacity\"\/>\n\n\n\n<p><strong>UEFA Europa League \/ UEFA Conference League, Halbfinale, R\u00fcckspiele<\/strong><\/p>\n\n\n\n<p><span style=\"text-decoration: underline;\">Donnerstag, 08. Mai 2025, ab 20.30 Uhr (<mark style=\"background-color:rgba(0, 0, 0, 0)\" class=\"has-inline-color has-vivid-purple-color\">RTL+<\/mark>) bzw. ab 20.40 Uhr (<mark style=\"background-color:rgba(0, 0, 0, 0)\" class=\"has-inline-color has-vivid-purple-color\">RTL<\/mark>)<\/span><\/p>\n\n\n\n<p><strong><em>Manchester United &#8211; Athletic Bilbao (21.00 Uhr)<\/em><\/strong><\/p>\n\n\n\n<p><em><strong><img loading=\"lazy\" decoding=\"async\" width=\"415\" height=\"874\" class=\"wp-image-3656\" style=\"width: 10px\" src=\"http:\/\/kommentatorenblog.de\/wp-content\/uploads\/2020\/09\/shure-55sh-ii-e1601485394796.jpg\" alt=\"\" srcset=\"http:\/\/kommentatorenblog.de\/wp-content\/uploads\/2020\/09\/shure-55sh-ii-e1601485394796.jpg 415w, http:\/\/kommentatorenblog.de\/wp-content\/uploads\/2020\/09\/shure-55sh-ii-e1601485394796-142x300.jpg 142w\" sizes=\"auto, (max-width: 415px) 100vw, 415px\" \/><\/strong><\/em> <em><mark style=\"background-color:rgba(0, 0, 0, 0)\" class=\"has-inline-color has-vivid-purple-color\">RTL<\/mark><\/em>: Marco Hagemann, Experte: Lothar Matth\u00e4us<br>Moderation (<em><mark style=\"background-color:rgba(0, 0, 0, 0)\" class=\"has-inline-color has-vivid-purple-color\">RTL<\/mark><\/em>): Laura Papendick<\/p>\n\n\n\n<p><em><strong><img loading=\"lazy\" decoding=\"async\" width=\"415\" height=\"874\" class=\"wp-image-3656\" style=\"width: 10px\" src=\"http:\/\/kommentatorenblog.de\/wp-content\/uploads\/2020\/09\/shure-55sh-ii-e1601485394796.jpg\" alt=\"\" srcset=\"http:\/\/kommentatorenblog.de\/wp-content\/uploads\/2020\/09\/shure-55sh-ii-e1601485394796.jpg 415w, http:\/\/kommentatorenblog.de\/wp-content\/uploads\/2020\/09\/shure-55sh-ii-e1601485394796-142x300.jpg 142w\" sizes=\"auto, (max-width: 415px) 100vw, 415px\" \/><\/strong><\/em> <em><mark style=\"background-color:rgba(0, 0, 0, 0)\" class=\"has-inline-color has-vivid-purple-color\">RTL+<\/mark><\/em>: Cornelius K\u00fcpper, Experte: <s>Nils Petersen<\/s> Patrick Helmes (Einzelspiel), Klaus Veltman (Konferenz)<\/p>\n\n\n\n<p>Field-Reporter: Thomas Wagner<\/p>\n\n\n\n<p><span style=\"text-decoration: underline;\">ab 20.30 Uhr (<mark style=\"background-color:rgba(0, 0, 0, 0)\" class=\"has-inline-color has-vivid-purple-color\">RTL+<\/mark>)<\/span><\/p>\n\n\n\n<p><strong><em>FK Bod\u00f8\/Glimt &#8211; Tottenham Hotspur (21.00 Uhr)<\/em><\/strong><br><em><strong><img loading=\"lazy\" decoding=\"async\" width=\"415\" height=\"874\" class=\"wp-image-3656\" style=\"width: 10px\" src=\"http:\/\/kommentatorenblog.de\/wp-content\/uploads\/2020\/09\/shure-55sh-ii-e1601485394796.jpg\" alt=\"\" srcset=\"http:\/\/kommentatorenblog.de\/wp-content\/uploads\/2020\/09\/shure-55sh-ii-e1601485394796.jpg 415w, http:\/\/kommentatorenblog.de\/wp-content\/uploads\/2020\/09\/shure-55sh-ii-e1601485394796-142x300.jpg 142w\" sizes=\"auto, (max-width: 415px) 100vw, 415px\" \/><\/strong><\/em> Robby Hunke (Einzelspiel), Christian Stra\u00dfburger (Konferenz)<\/p>\n\n\n\n<p><strong><em>AC Florenz &#8211; Real Betis Sevilla (21.00 Uhr)<\/em><\/strong><br><em><strong><img loading=\"lazy\" decoding=\"async\" width=\"415\" height=\"874\" class=\"wp-image-3656\" style=\"width: 10px\" src=\"http:\/\/kommentatorenblog.de\/wp-content\/uploads\/2020\/09\/shure-55sh-ii-e1601485394796.jpg\" alt=\"\" srcset=\"http:\/\/kommentatorenblog.de\/wp-content\/uploads\/2020\/09\/shure-55sh-ii-e1601485394796.jpg 415w, http:\/\/kommentatorenblog.de\/wp-content\/uploads\/2020\/09\/shure-55sh-ii-e1601485394796-142x300.jpg 142w\" sizes=\"auto, (max-width: 415px) 100vw, 415px\" \/><\/strong><\/em> Michael Born (Einzelspiel), Peter Reichert (Konferenz)<\/p>\n\n\n\n<p><strong><em>FC Chelsea &#8211; Djurg\u00e5rdens IF (21.00 Uhr)<\/em><\/strong><br><em><strong><img loading=\"lazy\" decoding=\"async\" width=\"415\" height=\"874\" class=\"wp-image-3656\" style=\"width: 10px\" src=\"http:\/\/kommentatorenblog.de\/wp-content\/uploads\/2020\/09\/shure-55sh-ii-e1601485394796.jpg\" alt=\"\" srcset=\"http:\/\/kommentatorenblog.de\/wp-content\/uploads\/2020\/09\/shure-55sh-ii-e1601485394796.jpg 415w, http:\/\/kommentatorenblog.de\/wp-content\/uploads\/2020\/09\/shure-55sh-ii-e1601485394796-142x300.jpg 142w\" sizes=\"auto, (max-width: 415px) 100vw, 415px\" \/><\/strong><\/em> Rene Langhoff (Einzelspiel), Freddie Schulz (Konferenz)<\/p>\n\n\n\n<p>Moderation (<em><mark style=\"background-color:rgba(0, 0, 0, 0)\" class=\"has-inline-color has-vivid-purple-color\">RTL+<\/mark><\/em>): Anna Kraft, Experte: Felix Kroos, Community Host: Julius Fellermann<\/p>\n\n\n\n<hr class=\"wp-block-separator has-alpha-channel-opacity\"\/>\n\n\n\n<p><strong>3. Liga, 26. Spieltag, Nachholspiel (<mark style=\"background-color:rgba(0, 0, 0, 0)\" class=\"has-inline-color has-pale-pink-color\">Magenta Sport<\/mark>)<\/strong><\/p>\n\n\n\n<p><span style=\"text-decoration: underline;\">Mittwoch, 07. Mai 2025, ab 18.45 Uhr<\/span><\/p>\n\n\n\n<p><strong><em>SpVgg Unterhaching &#8211; FC Hansa Rostock (19.00 Uhr)<\/em><\/strong><br><em><strong><img loading=\"lazy\" decoding=\"async\" width=\"415\" height=\"874\" class=\"wp-image-3656\" style=\"width: 10px\" src=\"http:\/\/kommentatorenblog.de\/wp-content\/uploads\/2020\/09\/shure-55sh-ii-e1601485394796.jpg\" alt=\"\" srcset=\"http:\/\/kommentatorenblog.de\/wp-content\/uploads\/2020\/09\/shure-55sh-ii-e1601485394796.jpg 415w, http:\/\/kommentatorenblog.de\/wp-content\/uploads\/2020\/09\/shure-55sh-ii-e1601485394796-142x300.jpg 142w\" sizes=\"auto, (max-width: 415px) 100vw, 415px\" \/><\/strong><\/em> Martin Piller<br>Moderation: Simon K\u00f6pfer<\/p>\n\n\n\n<hr class=\"wp-block-separator has-alpha-channel-opacity\"\/>\n\n\n\n<p><strong>Regionalliga Nordost, 32. Spieltag (<mark style=\"background-color:rgba(0, 0, 0, 0)\" class=\"has-inline-color has-vivid-red-color\">OST<\/mark>SPORT.<mark style=\"background-color:rgba(0, 0, 0, 0)\" class=\"has-inline-color has-vivid-red-color\">TV<\/mark> \u00fcber TA\/OTZ\/TLZ)<\/strong><\/p>\n\n\n\n<p><span style=\"text-decoration: underline;\">Dienstag, 06. Mai 2025, ab 18.45 Uhr<\/span><\/p>\n\n\n\n<p><strong><em>SV Babelsberg 03 &#8211; FC Carl Zeiss Jena (19.00 Uhr)<\/em><\/strong><br><em><strong><img loading=\"lazy\" decoding=\"async\" width=\"415\" height=\"874\" class=\"wp-image-3656\" style=\"width: 10px\" src=\"http:\/\/kommentatorenblog.de\/wp-content\/uploads\/2020\/09\/shure-55sh-ii-e1601485394796.jpg\" alt=\"\" srcset=\"http:\/\/kommentatorenblog.de\/wp-content\/uploads\/2020\/09\/shure-55sh-ii-e1601485394796.jpg 415w, http:\/\/kommentatorenblog.de\/wp-content\/uploads\/2020\/09\/shure-55sh-ii-e1601485394796-142x300.jpg 142w\" sizes=\"auto, (max-width: 415px) 100vw, 415px\" \/><\/strong><\/em> Heiko Mallwitz<br>Moderation: Toni Mielke<\/p>\n\n\n\n<hr class=\"wp-block-separator has-alpha-channel-opacity\"\/>\n\n\n\n<p><strong>CONMEBOL Libertadores, 4. Spieltag (<mark style=\"background-color:rgba(0, 0, 0, 0)\" class=\"has-inline-color has-pale-cyan-blue-color\">Sportdigital1+<\/mark>)<\/strong><\/p>\n\n\n\n<p><span style=\"text-decoration: underline;\">Mittwoch, 07. Mai 2025<\/span><\/p>\n\n\n\n<p><em><strong>Alianza Lima<\/strong> (PER) <strong>&#8211; Sao Paulo FC<\/strong> (BRA) <strong>(00.00 Uhr)<\/strong><\/em><br><em><strong><img loading=\"lazy\" decoding=\"async\" width=\"415\" height=\"874\" class=\"wp-image-3656\" style=\"width: 10px\" src=\"http:\/\/kommentatorenblog.de\/wp-content\/uploads\/2020\/09\/shure-55sh-ii-e1601485394796.jpg\" alt=\"\" srcset=\"http:\/\/kommentatorenblog.de\/wp-content\/uploads\/2020\/09\/shure-55sh-ii-e1601485394796.jpg 415w, http:\/\/kommentatorenblog.de\/wp-content\/uploads\/2020\/09\/shure-55sh-ii-e1601485394796-142x300.jpg 142w\" sizes=\"auto, (max-width: 415px) 100vw, 415px\" \/><\/strong><\/em> Martin Hahn<\/p>\n\n\n\n<p><em><strong>Fortaleza<\/strong> (BRA) <strong>&#8211; Colo-Colo<\/strong> (CHI) <strong>(02.30 Uhr)<\/strong><\/em><br><em><strong><img loading=\"lazy\" decoding=\"async\" width=\"415\" height=\"874\" class=\"wp-image-3656\" style=\"width: 10px\" src=\"http:\/\/kommentatorenblog.de\/wp-content\/uploads\/2020\/09\/shure-55sh-ii-e1601485394796.jpg\" alt=\"\" srcset=\"http:\/\/kommentatorenblog.de\/wp-content\/uploads\/2020\/09\/shure-55sh-ii-e1601485394796.jpg 415w, http:\/\/kommentatorenblog.de\/wp-content\/uploads\/2020\/09\/shure-55sh-ii-e1601485394796-142x300.jpg 142w\" sizes=\"auto, (max-width: 415px) 100vw, 415px\" \/><\/strong><\/em> Ulf Kahmke<\/p>\n\n\n\n<hr class=\"wp-block-separator has-alpha-channel-opacity\"\/>\n\n\n\n<p><strong>Saudi Pro League, 30. Spieltag (<mark style=\"background-color:rgba(0, 0, 0, 0)\" class=\"has-inline-color has-pale-cyan-blue-color\">Sportdigital FUSSBALL<\/mark>)<\/strong><\/p>\n\n\n\n<p><span style=\"text-decoration: underline;\">Mittwoch, 07. Mai 2025<\/span><\/p>\n\n\n\n<p><strong><em>Al-Nassr &#8211; Al-Ittihad (20.00 Uhr)<\/em><\/strong><br><em><strong><img loading=\"lazy\" decoding=\"async\" width=\"415\" height=\"874\" class=\"wp-image-3656\" style=\"width: 10px\" src=\"http:\/\/kommentatorenblog.de\/wp-content\/uploads\/2020\/09\/shure-55sh-ii-e1601485394796.jpg\" alt=\"\" srcset=\"http:\/\/kommentatorenblog.de\/wp-content\/uploads\/2020\/09\/shure-55sh-ii-e1601485394796.jpg 415w, http:\/\/kommentatorenblog.de\/wp-content\/uploads\/2020\/09\/shure-55sh-ii-e1601485394796-142x300.jpg 142w\" sizes=\"auto, (max-width: 415px) 100vw, 415px\" \/><\/strong><\/em> Moritz Knorr<\/p>\n\n\n\n<hr class=\"wp-block-separator has-alpha-channel-opacity\"\/>\n\n\n\n<p>In der letzten europ\u00e4ischen Woche vor den Finals ist die Ausgangslage bei den beiden Halbfinals der Champions League vor den R\u00fcckspielen noch wesentlich offener als bei den meisten Halbfinals der Europa League und Conference League. Wie immer tauschen die beiden CL-Begegnungen nicht nur die Spielorte, sondern auch die Wochentage und somit auch die Sender. Prime meldet sich am Dienstag zur letzten \u00dcbertragung in dieser Saison mit dem fast gleichen Personal wie in der Vorwoche aus dem San Siro, einzig Christoph Kramer, der beim Finale wieder f\u00fcr das ZDF im Einsatz sein wird, kehrt wieder f\u00fcr Shkodran Mustafi ins Expertenteam zur\u00fcck. DAZN schickt hingegen ein runderneuertes Team nach Paris, wo Max Siebald den Kommentar und Freddy Harder die Moderation \u00fcbernehmen darf, unterst\u00fctzt von Seb Knei\u00dfl als Experte.<\/p>\n\n\n\n<p>RTL wird von der Europa League das R\u00fcckspiel von Manchester United gegen Athletic Bilbao analog zur Vorwoche im Free-TV \u00fcbertragen. Die \u00dcbertragung kommt erneut aus dem Studio in K\u00f6ln, nur Thomas Wagner reist nach Manchester. Bei RTL+ fallen doch recht viele Ver\u00e4nderungen im Vergleich zu den Hinspielen auf, so tauschen Robby Hunke und Corni K\u00fcpper die Spiele, Nils Petersen und Felix Kroos tauschen Kommentatoren- und Analystenrolle, Michael Born ersetzt Oliver Seidler bei Fiorentina &#8211; Betis im Einzelspiel und in der Konferenz ist nur Peter Reichert erneut dabei, anstelle von J\u00fcrgen Schmitz, Philip Konrad und Florian von Stackelberg kommen Klaus Veltman, Christian Stra\u00dfburger und Freddie Schulz zum Zug.<\/p>\n\n\n\n<p>Ansonsten gibt es noch das mehrfach verschobene und viel diskutierte Nachholspiel zwischen Unterhaching und Rostock aus der 3. Liga, zwei Begegnungen aus der Copa Libertadores oder die U17-EM der Frauen, ebenfalls bei Sportdigital, allerdings ausschlie\u00dflich mit englischem Kommentar.<\/p>\n\n\n\n<hr class=\"wp-block-separator has-alpha-channel-opacity\"\/>\n\n\n\n<p><strong>Eishockey-WM 2025<\/strong><\/p>\n\n\n\n<p>Die diesj\u00e4hrige Eishockey-WM, die am Freitag startet, findet in Stockholm (Schweden) und Herning (D\u00e4nemark) statt. Deutschlands Gruppe tr\u00e4gt ihre Spiele in Herning aus. Wie bereits im vergangenen Jahr \u00fcbertr\u00e4gt Sportdeutschland.TV alle Spiele live, dazu auch ProSieben und ProSieben MAXX bzw. ran\/Joyn im Free-TV und Magenta Sport im Pay-TV ausgew\u00e4hlte Spiele einschlie\u00dflich aller der deutschen Nationalmannschaft. Bei ran werden es insgesamt allerdings nur noch 20 Spiele sein anstatt 30 wie vor einem Jahr.<\/p>\n\n\n\n<p>Bei <strong>ran<\/strong> werden wieder die deutschen Stimmen des Eishockeys schlechthin, <strong>Basti Schwele<\/strong> und <strong>Rick Goldmann<\/strong>, live vor Ort durch die \u00dcbertragungen f\u00fchren, unterst\u00fctzt von Moderator <strong>Matthias Killing<\/strong>, Reporter <strong>Christoph &#8222;Icke&#8220; Dommisch<\/strong> und dem Experten <strong>Uwe Krupp<\/strong>. Somit bleibt das Team genau gleich, verglichen mit dem letzten Turnier.<\/p>\n\n\n\n<p>Im Gegensatz zu den vorherigen Turnieren schickt <strong>Magenta Sport<\/strong> sein Team diesmal vollst\u00e4ndig nach Skandinavien, neben Moderator <strong>Sascha Bandermann<\/strong>, der zuletzt der einzige Mann vor Ort war, auch den Experten <strong>Patrick Ehelechner<\/strong> und den Kommentator <strong>Alex Kunz<\/strong>, wobei erstere beide vor der KO-Runde nur bei den Spielen mit deutscher Beteiligung dabei sein werden. Aus diesem Grund kommen auch die Kommentatoren Tim Hauck und Daniel Wimmer sowie die Experten Ronja Jenike, Constantin Braun und Sven Felski, die im vergangenen Jahr die \u00dcbertragungen noch in der Box unterst\u00fctzt hatten, diesmal nicht zum Einsatz.<\/p>\n\n\n\n<p><strong>Sportdeutschland.TV<\/strong> schickt im zweiten Anlauf mit <strong>Tobi Fischbeck<\/strong>, <strong>Christoph Fetzer<\/strong> und <strong>Constantin Eckner<\/strong> dasselbe Kommentatorenteam wie im Vorjahr bei ausgew\u00e4hlten Spielen sowie einigen Konferenzen ins Rennen, dazu kommen mit R\u00fcckkehrer <strong>Frank Mauer<\/strong> und Neuzugang <strong>Christian Ehrhoff<\/strong>, der 2022 bereits f\u00fcr Eurosport (bei Olympia) und ranNHL am Mikro zum Einsatz kam, zwei Experten. Kai Hospelt und Julia Zorn kehren hingegen nicht zur\u00fcck. Kommentiert wird hier im Gegensatz zu den beiden anderen Anbietern weiterhin nur aus der Box.<\/p>\n\n\n\n<p>Die Eishockey-WM markiert den Beginn eines erneut umfangreichen und spannenden Sportsommers, auf den wir uns freuen d\u00fcrfen. Ich w\u00fcnsche euch viel Spa\u00df bei den Highlights in dieser Woche, bevor es am Wochenende mit dem vorletzten Spieltag der Bundesliga weitergeht. Bis dahin k\u00f6nnte auch klar sein, wo der DFB-Pokal ab 2026 zu sehen sein wird.<\/p>\n\n\n\n<p>Bis bald!<\/p>\n","protected":false},"excerpt":{"rendered":"<p>N&#8217;Abend allerseits, nach der Ank\u00fcndigung von Skys neuem Konzept an den Bundesliga-Samstagen wurde in den Kommentarspalten wieder rege \u00fcber Vor- und Nachteile von Sky und DAZN diskutiert. Ich habe mich in diesem Beitrag schon einmal damit befasst und sehe es so, dass vor allem unterschiedliche Interessensverh\u00e4ltnisse, also ob man vor allem Spiele eines Klubs oder [&hellip;]<\/p>\n","protected":false},"author":17,"featured_media":0,"comment_status":"open","ping_status":"open","sticky":false,"template":"","format":"standard","meta":{"footnotes":""},"categories":[425],"tags":[49,517,337,1252,35,544,614,13,695,331,295,92,69,1094,676,75,31,1080,9,43,649,130,608,279,114,715,1236,1041,903,1081,947,874,162,138,656,189,222,415,134,639,33,1008,402],"class_list":["post-21475","post","type-post","status-publish","format-standard","hentry","category-champions-league-und-co","tag-alex-schlueter","tag-anna-kraft","tag-benedikt-hoewedes","tag-cayana-freeman","tag-christian-strassburger","tag-christoph-kramer","tag-cornelius-kuepper","tag-dazn","tag-felix-kroos","tag-freddie-schulz","tag-freddy-harder","tag-heiko-mallwitz","tag-jonas-friedrich","tag-julius-fellermann","tag-klaus-veltman","tag-laura-papendick","tag-lothar-matthaeus","tag-lutz-wagner","tag-magenta-sport","tag-marco-hagemann","tag-martin-hahn","tag-martin-piller","tag-matthias-sammer","tag-max-siebald","tag-michael-born","tag-moritz-knorr","tag-nils-petersen","tag-ostsport-tv","tag-patrick-helmes","tag-peter-reichert","tag-prime","tag-rene-langhoff","tag-robby-hunke","tag-rtl","tag-rtl-2","tag-sebastian-benesch","tag-sebastian-kneissl","tag-simon-koepfer","tag-sportdigital-fussball","tag-tabea-kemme","tag-thomas-wagner","tag-toni-mielke","tag-ulf-kahmke"],"_links":{"self":[{"href":"http:\/\/kommentatorenblog.de\/index.php?rest_route=\/wp\/v2\/posts\/21475","targetHints":{"allow":["GET"]}}],"collection":[{"href":"http:\/\/kommentatorenblog.de\/index.php?rest_route=\/wp\/v2\/posts"}],"about":[{"href":"http:\/\/kommentatorenblog.de\/index.php?rest_route=\/wp\/v2\/types\/post"}],"author":[{"embeddable":true,"href":"http:\/\/kommentatorenblog.de\/index.php?rest_route=\/wp\/v2\/users\/17"}],"replies":[{"embeddable":true,"href":"http:\/\/kommentatorenblog.de\/index.php?rest_route=%2Fwp%2Fv2%2Fcomments&post=21475"}],"version-history":[{"count":23,"href":"http:\/\/kommentatorenblog.de\/index.php?rest_route=\/wp\/v2\/posts\/21475\/revisions"}],"predecessor-version":[{"id":21570,"href":"http:\/\/kommentatorenblog.de\/index.php?rest_route=\/wp\/v2\/posts\/21475\/revisions\/21570"}],"wp:attachment":[{"href":"http:\/\/kommentatorenblog.de\/index.php?rest_route=%2Fwp%2Fv2%2Fmedia&parent=21475"}],"wp:term":[{"taxonomy":"category","embeddable":true,"href":"http:\/\/kommentatorenblog.de\/index.php?rest_route=%2Fwp%2Fv2%2Fcategories&post=21475"},{"taxonomy":"post_tag","embeddable":true,"href":"http:\/\/kommentatorenblog.de\/index.php?rest_route=%2Fwp%2Fv2%2Ftags&post=21475"}],"curies":[{"name":"wp","href":"https:\/\/api.w.org\/{rel}","templated":true}]}}