{"id":21803,"date":"2025-05-29T12:53:51","date_gmt":"2025-05-29T11:53:51","guid":{"rendered":"https:\/\/kommentatorenblog.de\/?p=21803"},"modified":"2025-06-04T17:06:32","modified_gmt":"2025-06-04T16:06:32","slug":"1513-viel-neues","status":"publish","type":"post","link":"http:\/\/kommentatorenblog.de\/?p=21803","title":{"rendered":"1513 &#8211; Viel Neues"},"content":{"rendered":"\n<p>Hallo zusammen,<\/p>\n\n\n\n<p>Nico hatte es ja bereits im letzten Beitrag angek\u00fcndigt, dass heute der Blick auf die weiteren TV-Rechtevergaben der letzten Woche geblickt wird<\/p>\n\n\n\n<p>Zuerst auf die Vergabe der WM 2027 bei den Frauen, die in Deutschland, Belgien und den Niederlanden h\u00e4tte stattfinden k\u00f6nnen, aber nach Brasilien vergeben wurde. <\/p>\n\n\n\n<p><strong>TV- Deal (1\/2): WM 2027<\/strong><\/p>\n\n\n\n<p class=\"has-cyan-bluish-gray-background-color has-background\">Update an dieser Stelle: Wie mittlerweile (04.06.2025) bekannt geworden ist, hat die Telekom zwar die Rechte an allen Spielen der WM 2027 erworben, 30 jedoch nur co-exklusiv. An diesen 30 Spielen h\u00e4lt die FIFA weiterhin die Rechte und m\u00f6chte diese an einen frei empfangbaren Fernsehsender vergeben. Aus der damaligen Mitteilung der Telekom ging dies nicht vor.<\/p>\n\n\n\n<p>Hier hat sich die Telekom, und damit erstmals ein Pay-TV-Anbieter, die Rechte an allen 64 Spielen der Weltmeisterschaft gesichert. 2023 sowie in den Vorjahren lief das Turnier bei ARD und ZDF. Inwieweit Spiele der WM im Free-TV laufen m\u00fcssen (wie es bei den M\u00e4nnern der Fall ist), ist nicht ganz klar, da die Formulierung im Medienstaatsvertrag etwas schwammig ist (mehr dazu <a href=\"https:\/\/www.90min.de\/posts\/poker-tv-ubertragung-frauen-wm-statement-der-medienanstalten\">hier<\/a>). Sublizenzen scheinen aber wahrscheinlich.<\/p>\n\n\n\n<p>Allerdings: die Telekom hat bereits jetzt angek\u00fcndigt, dass 30 Spiele exklusiv bei Magenta TV laufen werden. Also knapp die H\u00e4lfte. Zum Vergleich: nimmt man die letzten drei Gro\u00dfereignisse der M\u00e4nner (EM 2021 &amp; 2024, WM 2022), kommt man auf 31 Spiele, welche exklusiv bei Magenta liefen. Von insgesamt 166&#8230;<\/p>\n\n\n\n<p>Ob das der richtige Weg ist? Es wird sicherlich auch davon abh\u00e4ngen, an wen Sublizenzen vergeben werden und noch wichtiger, welche Spiele diese betreffen. Denn durch die Zeitverschiebung, k\u00f6nnten auch wieder einige Spiele zu Sp\u00e4tabends beziehungsweise in der deutschen Nacht angepfiffen werden, wie es auch 2014 der Fall war.<\/p>\n\n\n\n<p>Kandidaten f\u00fcr Sublizenzen w\u00e4ren nat\u00fcrlich wieder ARD und ZDF, welche sich ja bei den letzten M\u00e4nner-Gro\u00dfereignissen ebenfalls mit der Telekom auf Sublizenzen einigen w\u00fcrden. Gut m\u00f6glich, dass man sowohl die Gespr\u00e4che f\u00fcr die WM bei den M\u00e4nner und Frauen suchen wird. Zumal die exklusiven Rechte bei der EM 2028 bei ARD und ZDF liegen, die Telekom hier auch Interesse haben k\u00f6nnte&#8230;<\/p>\n\n\n\n<p>Ansonsten k\u00e4men nat\u00fcrlich auch andere Sender in Betracht, welche ihr Fu\u00dfball\/Sportangebot ausgeweitet haben (RTL\/ProSiebenSat1), die allerdings aktuell keine Live-Rechte bei den Frauen besitzen.<\/p>\n\n\n\n<p><strong>TV- Deal (2\/2): Champions League<\/strong><\/p>\n\n\n\n<p>Letzten Freitag wurde aber nicht nur die neue Heimat der WM 2027 bekannt, sondern auch die Heimat der Champions League der Frauen, nicht nur in Deutschland sondern ganz Europa: nach DAZN folgt hier jetzt Disney+ und \u00fcbertr\u00e4gt ab n\u00e4chster Saison bis 2030 alle 75 Spiele pro Saison. <\/p>\n\n\n\n<p>Wer bereits Disney+ abonniert hat, kann alle Spiele der Champions League dann ohne Aufpreis verfolgen. Blickt man auf die <a href=\"https:\/\/de.statista.com\/infografik\/25370\/umfrage-zu-abonnenten-von-streaming-anbietern-in-deutschland\/\">Zahlen f\u00fcr Deutschland<\/a>, so ist Disney+ der gr\u00f6\u00dfere Streaminganbieter im Vergleich zum vorherigen Rechteinhaber DAZN. Gleichzeitig aber hierzulande neu im Fu\u00dfball-Segment. Das bietet auf der einen Seite nat\u00fcrlich die Chance nach neuen Zielgruppen, vielleicht auch mehr j\u00fcngere Menschen anzusprechen. Gleichzeitig auch das Risiko, einen Teil der aktuellen Nutzenden zu verlieren, da ein weiteres Abo f\u00fcr den Fu\u00dfball ben\u00f6tigt wird..<\/p>\n\n\n\n<p>Daf\u00fcr gab es auch noch einen Deal mit der EBU, welche sich ebenfalls ein Rechtepaket gesichert hat, welches bis zu ein Spiel in der Woche enth\u00e4lt, und frei empfangbar sein wird. Die Vereinbarung umfasst ebenfalls Deutschland, wie sich diese jedoch genau gestalten wird, ist aktuell noch unklar, auch fehlt ein Statement der EBU. M\u00f6glich w\u00e4re, dass die EBU die Rechte f\u00fcr ihre Partner, in Deutschland w\u00e4ren das ARD und ZDF, erworben hat, Berichten zufolge wird das Erste jedoch keine Spiele \u00fcbertragen (ob das f\u00fcr die ganze ARD gilt?), das ZDF wollte sich dazu nicht \u00e4u\u00dfern. Daneben hat die EBU mit Eurovision Sport auch ein eigenes Streaming-Angebot, welches kostenlos ist.<\/p>\n\n\n\n<p>Es ist also noch vieles offen, wie die \u00dcbertragungen ab n\u00e4chster Saison aussehen werden, welche \u00dcbertragungen, mit deutschem Kommentar, wo zu sehen sein werden.<\/p>\n\n\n\n<hr class=\"wp-block-separator has-alpha-channel-opacity\"\/>\n\n\n\n<p><strong>Die Ansetzungen vom 30. Mai bis 03. Juni 2025<\/strong><\/p>\n\n\n\n<hr class=\"wp-block-separator has-alpha-channel-opacity\"\/>\n\n\n\n<p><strong>Champions League, Finale (DAZN\/<mark style=\"background-color:rgba(0, 0, 0, 0)\" class=\"has-inline-color has-luminous-vivid-orange-color\">ZDF<\/mark>) <\/strong><\/p>\n\n\n\n<p><span style=\"text-decoration: underline;\">Samstag, 31. Mai 2025, ab 19.30 Uhr (DAZN) bzw. ab 19.25 Uhr (<mark style=\"background-color:rgba(0, 0, 0, 0)\" class=\"has-inline-color has-luminous-vivid-orange-color\">ZDF<\/mark>) <span style=\"text-decoration: underline;\">bzw. ab 20.00 Uhr (<mark style=\"background-color:rgba(0, 0, 0, 0)\" class=\"has-inline-color has-luminous-vivid-orange-color\">ZDF<\/mark>-Twitchkanal)<\/span><\/span><\/p>\n\n\n\n<p><strong><em>Paris Saint-Germain &#8211; Inter Mailand (21.00 Uhr)<\/em><\/strong><\/p>\n\n\n\n<p><em><strong><img loading=\"lazy\" decoding=\"async\" width=\"415\" height=\"874\" class=\"wp-image-3656\" style=\"width: 10px\" src=\"http:\/\/kommentatorenblog.de\/wp-content\/uploads\/2020\/09\/shure-55sh-ii-e1601485394796.jpg\" alt=\"\" srcset=\"http:\/\/kommentatorenblog.de\/wp-content\/uploads\/2020\/09\/shure-55sh-ii-e1601485394796.jpg 415w, http:\/\/kommentatorenblog.de\/wp-content\/uploads\/2020\/09\/shure-55sh-ii-e1601485394796-142x300.jpg 142w\" sizes=\"auto, (max-width: 415px) 100vw, 415px\" \/><\/strong><\/em> <em><mark style=\"background-color:rgba(0, 0, 0, 0)\" class=\"has-inline-color has-black-color\">DAZN<\/mark><\/em>: Jan Platte<br>Moderation (<em><mark style=\"background-color:rgba(0, 0, 0, 0)\" class=\"has-inline-color has-black-color\">DAZN<\/mark><\/em>): Laura Wontorra, Experten: Sami Khedira &amp; Michael Ballack<br>Field-Reporter: Max Siebald &amp; Daniel Herzog<\/p>\n\n\n\n<p><em><strong><img loading=\"lazy\" decoding=\"async\" width=\"415\" height=\"874\" class=\"wp-image-3656\" style=\"width: 10px\" src=\"http:\/\/kommentatorenblog.de\/wp-content\/uploads\/2020\/09\/shure-55sh-ii-e1601485394796.jpg\" alt=\"\" srcset=\"http:\/\/kommentatorenblog.de\/wp-content\/uploads\/2020\/09\/shure-55sh-ii-e1601485394796.jpg 415w, http:\/\/kommentatorenblog.de\/wp-content\/uploads\/2020\/09\/shure-55sh-ii-e1601485394796-142x300.jpg 142w\" sizes=\"auto, (max-width: 415px) 100vw, 415px\" \/><\/strong><\/em> <em><mark style=\"background-color:rgba(0, 0, 0, 0)\" class=\"has-inline-color has-luminous-vivid-orange-color\">ZDF<\/mark><\/em>: Oliver Schmidt<br>Moderation (<em><em><mark style=\"background-color:rgba(0, 0, 0, 0)\" class=\"has-inline-color has-luminous-vivid-orange-color\">ZDF<\/mark><\/em><\/em>): Jochen Breyer, Expertin: Fritzy Kromp, Experten: Christoph Kramer, Per Mertesacker<br>Field-Reporterin: Lili Engels, Eike Papsdorf<\/p>\n\n\n\n<p><em><strong><img loading=\"lazy\" decoding=\"async\" width=\"415\" height=\"874\" class=\"wp-image-3656\" style=\"width: 10px\" src=\"http:\/\/kommentatorenblog.de\/wp-content\/uploads\/2020\/09\/shure-55sh-ii-e1601485394796.jpg\" alt=\"\" srcset=\"http:\/\/kommentatorenblog.de\/wp-content\/uploads\/2020\/09\/shure-55sh-ii-e1601485394796.jpg 415w, http:\/\/kommentatorenblog.de\/wp-content\/uploads\/2020\/09\/shure-55sh-ii-e1601485394796-142x300.jpg 142w\" sizes=\"auto, (max-width: 415px) 100vw, 415px\" \/><\/strong><\/em> <em><mark style=\"background-color:rgba(0, 0, 0, 0)\" class=\"has-inline-color has-luminous-vivid-orange-color\">ZDF<\/mark><\/em>-Twitch: Gari Paubandt, G\u00e4ste: Meira Werner, Denis Kudat<\/p>\n\n\n\n<hr class=\"wp-block-separator has-alpha-channel-opacity\"\/>\n\n\n\n<p><strong>UEFA Women&#8217;s Nations League, Gruppenphase (<mark style=\"background-color:rgba(0, 0, 0, 0)\" class=\"has-inline-color has-luminous-vivid-orange-color\">ZDF<\/mark>\/<mark style=\"background-color:rgba(0, 0, 0, 0)\" class=\"has-inline-color has-vivid-cyan-blue-color\">ARD<\/mark>)<\/strong><\/p>\n\n\n\n<p><span style=\"text-decoration: underline;\">Freitag, 30. Mai, ab 20.15 Uhr (<mark style=\"background-color:rgba(0, 0, 0, 0)\" class=\"has-inline-color has-luminous-vivid-orange-color\">ZDF<\/mark>)<\/span><\/p>\n\n\n\n<p><strong><em><strong>Deutschland &#8211;&nbsp;Niederlande<\/strong><\/em><\/strong> <strong><em>(20.30 Uhr)<\/em><\/strong><\/p>\n\n\n\n<p><em><strong><img loading=\"lazy\" decoding=\"async\" width=\"415\" height=\"874\" class=\"wp-image-3656\" style=\"width: 10px\" src=\"http:\/\/kommentatorenblog.de\/wp-content\/uploads\/2020\/09\/shure-55sh-ii-e1601485394796.jpg\" alt=\"\" srcset=\"http:\/\/kommentatorenblog.de\/wp-content\/uploads\/2020\/09\/shure-55sh-ii-e1601485394796.jpg 415w, http:\/\/kommentatorenblog.de\/wp-content\/uploads\/2020\/09\/shure-55sh-ii-e1601485394796-142x300.jpg 142w\" sizes=\"auto, (max-width: 415px) 100vw, 415px\" \/><\/strong><\/em> Claudia Neumann, Expertin: Kathrin Lehmann<br>Moderation: Katja Streso, Field-Reporterin: Johanna R\u00fcdiger<\/p>\n\n\n\n<p><span style=\"text-decoration: underline;\">Dienstag, 03. Juni, ab 20.15 Uhr (<mark style=\"background-color:rgba(0, 0, 0, 0)\" class=\"has-inline-color has-vivid-cyan-blue-color\">ARD<\/mark>)<\/span><\/p>\n\n\n\n<p><strong><em><strong>\u00d6sterreich &#8211;&nbsp;<\/strong>Deutschland<\/em><\/strong> <strong><em>(20.30 Uhr)<\/em><\/strong><\/p>\n\n\n\n<p><em><strong><img loading=\"lazy\" decoding=\"async\" width=\"415\" height=\"874\" class=\"wp-image-3656\" style=\"width: 10px\" src=\"http:\/\/kommentatorenblog.de\/wp-content\/uploads\/2020\/09\/shure-55sh-ii-e1601485394796.jpg\" alt=\"\" srcset=\"http:\/\/kommentatorenblog.de\/wp-content\/uploads\/2020\/09\/shure-55sh-ii-e1601485394796.jpg 415w, http:\/\/kommentatorenblog.de\/wp-content\/uploads\/2020\/09\/shure-55sh-ii-e1601485394796-142x300.jpg 142w\" sizes=\"auto, (max-width: 415px) 100vw, 415px\" \/><\/strong><\/em> Christina Graf, Expertin: Almuth Schult<br>Moderation: Claus Lufen, Field-Reporterin: Ina Kast<\/p>\n\n\n\n<hr class=\"wp-block-separator has-alpha-channel-opacity\"\/>\n\n\n\n<p><strong>U17-EM, Finale (<mark style=\"background-color:rgba(0, 0, 0, 0)\" class=\"has-inline-color has-pale-cyan-blue-color\">Sportdigital Fu\u00dfball<\/mark>) <\/strong><\/p>\n\n\n\n<p><span style=\"text-decoration: underline;\">Sonntag, 01. Juni 2025<\/span><\/p>\n\n\n\n<p><strong><em>Frankreich U17 &#8211; Portugal U17 (20.30 Uhr)<\/em><\/strong><\/p>\n\n\n\n<p><em><strong><img loading=\"lazy\" decoding=\"async\" width=\"415\" height=\"874\" class=\"wp-image-3656\" style=\"width: 10px\" src=\"http:\/\/kommentatorenblog.de\/wp-content\/uploads\/2020\/09\/shure-55sh-ii-e1601485394796.jpg\" alt=\"\" srcset=\"http:\/\/kommentatorenblog.de\/wp-content\/uploads\/2020\/09\/shure-55sh-ii-e1601485394796.jpg 415w, http:\/\/kommentatorenblog.de\/wp-content\/uploads\/2020\/09\/shure-55sh-ii-e1601485394796-142x300.jpg 142w\" sizes=\"auto, (max-width: 415px) 100vw, 415px\" \/><\/strong><\/em> Martin Hahn<\/p>\n\n\n\n<hr class=\"wp-block-separator has-alpha-channel-opacity\"\/>\n\n\n\n<p><strong>3. Liga, Relegation, R\u00fcckspiel (<mark style=\"background-color:rgba(0, 0, 0, 0)\" class=\"has-inline-color has-pale-pink-color\">Magenta Sport<\/mark>\/<mark style=\"background-color:rgba(0, 0, 0, 0)\" class=\"has-inline-color has-vivid-cyan-blue-color\">MDR<\/mark>)<\/strong><\/p>\n\n\n\n<p><span style=\"text-decoration: underline;\">Sonntag, 01. Juni 2025, ab 13.15 Uhr (<mark style=\"background-color:rgba(0, 0, 0, 0)\" class=\"has-inline-color has-pale-pink-color\">Magenta Sport<\/mark>), ab 12.30 Uhr (<mark style=\"background-color:rgba(0, 0, 0, 0)\" class=\"has-inline-color has-vivid-cyan-blue-color\">MDR<\/mark><\/span>)<\/p>\n\n\n\n<p><strong><em>TSV Havelse &#8211; 1. FC Lokomotive Leipzig (13.30 Uhr)<\/em><\/strong><\/p>\n\n\n\n<p><em><strong><img loading=\"lazy\" decoding=\"async\" width=\"415\" height=\"874\" class=\"wp-image-3656\" style=\"width: 10px\" src=\"http:\/\/kommentatorenblog.de\/wp-content\/uploads\/2020\/09\/shure-55sh-ii-e1601485394796.jpg\" alt=\"\" srcset=\"http:\/\/kommentatorenblog.de\/wp-content\/uploads\/2020\/09\/shure-55sh-ii-e1601485394796.jpg 415w, http:\/\/kommentatorenblog.de\/wp-content\/uploads\/2020\/09\/shure-55sh-ii-e1601485394796-142x300.jpg 142w\" sizes=\"auto, (max-width: 415px) 100vw, 415px\" \/><\/strong><\/em> <mark style=\"background-color:rgba(0, 0, 0, 0)\" class=\"has-inline-color has-pale-pink-color\"><em>Magenta Sport<\/em><\/mark>: Mike M\u00fcnkel, Experte: Daniel Flottmann<br>Moderation (<mark style=\"background-color:rgba(0, 0, 0, 0)\" class=\"has-inline-color has-pale-pink-color\"><em>Magenta Sport<\/em><\/mark>): Thomas Wagner<\/p>\n\n\n\n<p><em><strong><img loading=\"lazy\" decoding=\"async\" width=\"415\" height=\"874\" class=\"wp-image-3656\" style=\"width: 10px\" src=\"http:\/\/kommentatorenblog.de\/wp-content\/uploads\/2020\/09\/shure-55sh-ii-e1601485394796.jpg\" alt=\"\" srcset=\"http:\/\/kommentatorenblog.de\/wp-content\/uploads\/2020\/09\/shure-55sh-ii-e1601485394796.jpg 415w, http:\/\/kommentatorenblog.de\/wp-content\/uploads\/2020\/09\/shure-55sh-ii-e1601485394796-142x300.jpg 142w\" sizes=\"auto, (max-width: 415px) 100vw, 415px\" \/><\/strong><\/em> <em><mark style=\"background-color:rgba(0, 0, 0, 0)\" class=\"has-inline-color has-vivid-cyan-blue-color\">MDR<\/mark><\/em>: Eik Galley<br>Moderation (<em><mark style=\"background-color:rgba(0, 0, 0, 0)\" class=\"has-inline-color has-vivid-cyan-blue-color\">MDR<\/mark><\/em>): Felicitas H\u00f6lscher, Field-Reporter: Alexander K\u00fcpper<\/p>\n\n\n\n<hr class=\"wp-block-separator has-alpha-channel-opacity\"\/>\n\n\n\n<p><strong>Westfalenpokal, Finale der Frauen (<strong>Sky [kostenlos])<\/strong>) <\/strong><\/p>\n\n\n\n<p><span style=\"text-decoration: underline;\">Sonntag, 01. Juni 2025<\/span><\/p>\n\n\n\n<p><strong><em>FC Schalke 04 &#8211; Borussia Dortmund (15.00 Uhr)<\/em><\/strong><\/p>\n\n\n\n<p><em><strong><img loading=\"lazy\" decoding=\"async\" width=\"415\" height=\"874\" class=\"wp-image-3656\" style=\"width: 10px\" src=\"http:\/\/kommentatorenblog.de\/wp-content\/uploads\/2020\/09\/shure-55sh-ii-e1601485394796.jpg\" alt=\"\" srcset=\"http:\/\/kommentatorenblog.de\/wp-content\/uploads\/2020\/09\/shure-55sh-ii-e1601485394796.jpg 415w, http:\/\/kommentatorenblog.de\/wp-content\/uploads\/2020\/09\/shure-55sh-ii-e1601485394796-142x300.jpg 142w\" sizes=\"auto, (max-width: 415px) 100vw, 415px\" \/><\/strong><\/em> Jaron Steiner<\/p>\n\n\n\n<hr class=\"wp-block-separator has-alpha-channel-opacity\"\/>\n\n\n\n<p><strong>Regionalliga Nordost der Frauen, 22. Spieltag (Sky [kostenlos]) <\/strong><\/p>\n\n\n\n<p><span style=\"text-decoration: underline;\">Sonntag, 01. Juni 2025<\/span><\/p>\n\n\n\n<p><strong><em>Viktoria Berlin &#8211; 1. FFC Fortuna Dresden (14.00 Uhr)<\/em><\/strong><\/p>\n\n\n\n<p><em><strong><img loading=\"lazy\" decoding=\"async\" width=\"415\" height=\"874\" class=\"wp-image-3656\" style=\"width: 10px\" src=\"http:\/\/kommentatorenblog.de\/wp-content\/uploads\/2020\/09\/shure-55sh-ii-e1601485394796.jpg\" alt=\"\" srcset=\"http:\/\/kommentatorenblog.de\/wp-content\/uploads\/2020\/09\/shure-55sh-ii-e1601485394796.jpg 415w, http:\/\/kommentatorenblog.de\/wp-content\/uploads\/2020\/09\/shure-55sh-ii-e1601485394796-142x300.jpg 142w\" sizes=\"auto, (max-width: 415px) 100vw, 415px\" \/><\/strong><\/em> Paul H\u00e4user, G\u00e4ste: Verena Pausder, Lea Sophie Cramer, Tabea Kemme, Maren Schiller, Imke Salander und Jonas Hummels<br>Field-Reporterin: Lisa Ramuschkat<\/p>\n\n\n\n<hr class=\"wp-block-separator has-alpha-channel-opacity\"\/>\n\n\n\n<p><strong>Klub-WM, Winner-Takes-All-Playoff-Duell (DAZN) <\/strong><\/p>\n\n\n\n<p><span style=\"text-decoration: underline;\">Sonntag, 01. Juni 2025<\/span><\/p>\n\n\n\n<p><strong><em>Los Angeles FC &#8211; Club Am\u00e9rica (04.30 Uhr)<\/em><\/strong><\/p>\n\n\n\n<p><em><strong><img loading=\"lazy\" decoding=\"async\" width=\"415\" height=\"874\" class=\"wp-image-3656\" style=\"width: 10px\" src=\"http:\/\/kommentatorenblog.de\/wp-content\/uploads\/2020\/09\/shure-55sh-ii-e1601485394796.jpg\" alt=\"\" srcset=\"http:\/\/kommentatorenblog.de\/wp-content\/uploads\/2020\/09\/shure-55sh-ii-e1601485394796.jpg 415w, http:\/\/kommentatorenblog.de\/wp-content\/uploads\/2020\/09\/shure-55sh-ii-e1601485394796-142x300.jpg 142w\" sizes=\"auto, (max-width: 415px) 100vw, 415px\" \/><\/strong><\/em> Marcel Seufert<\/p>\n\n\n\n<hr class=\"wp-block-separator has-alpha-channel-opacity\"\/>\n\n\n\n<p><strong>A-League (Aus), Grand Final<\/strong> <strong>(<strong><mark style=\"background-color:rgba(0, 0, 0, 0)\" class=\"has-inline-color has-pale-cyan-blue-color\">Sportdigital Fu\u00dfball<\/mark><\/strong>) <\/strong><\/p>\n\n\n\n<p><span style=\"text-decoration: underline;\">Samstag, 31. Mai 2025<\/span><\/p>\n\n\n\n<p><strong><em>Melbourne City &#8211; Melbourne Victory (11.40 Uhr)<\/em><\/strong><\/p>\n\n\n\n<p><em><strong><img loading=\"lazy\" decoding=\"async\" width=\"415\" height=\"874\" class=\"wp-image-3656\" style=\"width: 10px\" src=\"http:\/\/kommentatorenblog.de\/wp-content\/uploads\/2020\/09\/shure-55sh-ii-e1601485394796.jpg\" alt=\"\" srcset=\"http:\/\/kommentatorenblog.de\/wp-content\/uploads\/2020\/09\/shure-55sh-ii-e1601485394796.jpg 415w, http:\/\/kommentatorenblog.de\/wp-content\/uploads\/2020\/09\/shure-55sh-ii-e1601485394796-142x300.jpg 142w\" sizes=\"auto, (max-width: 415px) 100vw, 415px\" \/><\/strong><\/em> Marvin Kirsch<\/p>\n\n\n\n<hr class=\"wp-block-separator has-alpha-channel-opacity\"\/>\n\n\n\n<p><strong>Liga Profesional Apertura (Arg), Finale (<strong><strong><mark style=\"background-color:rgba(0, 0, 0, 0)\" class=\"has-inline-color has-pale-cyan-blue-color\">Sportdigital Fu\u00dfball<\/mark><\/strong><\/strong>) <\/strong><\/p>\n\n\n\n<p><span style=\"text-decoration: underline;\">Sonntag, 01. Juni 2025<\/span><\/p>\n\n\n\n<p><strong><em>CA Huracan &#8211; CA Platense (22.00 Uhr)<\/em><\/strong><\/p>\n\n\n\n<p><em><strong><img loading=\"lazy\" decoding=\"async\" width=\"415\" height=\"874\" class=\"wp-image-3656\" style=\"width: 10px\" src=\"http:\/\/kommentatorenblog.de\/wp-content\/uploads\/2020\/09\/shure-55sh-ii-e1601485394796.jpg\" alt=\"\" srcset=\"http:\/\/kommentatorenblog.de\/wp-content\/uploads\/2020\/09\/shure-55sh-ii-e1601485394796.jpg 415w, http:\/\/kommentatorenblog.de\/wp-content\/uploads\/2020\/09\/shure-55sh-ii-e1601485394796-142x300.jpg 142w\" sizes=\"auto, (max-width: 415px) 100vw, 415px\" \/><\/strong><\/em> <s>Christian Blunck<\/s> Marcus Radefeld<\/p>\n\n\n\n<hr class=\"wp-block-separator has-alpha-channel-opacity\"\/>\n\n\n\n<p><strong><strong>MLS, (USA\/Can), 16. Spieltag<\/strong> (<strong><strong><strong><mark style=\"background-color:rgba(0, 0, 0, 0)\" class=\"has-inline-color has-pale-cyan-blue-color\">Sportdigital Fu\u00dfball<\/mark><\/strong><\/strong><\/strong>) <\/strong><\/p>\n\n\n\n<p><span style=\"text-decoration: underline;\">Montag, 02. Juni 2025<\/span><\/p>\n\n\n\n<p><strong><em>Seattle Sounders FC &#8211; Minnesota United (01.10 Uhr)<\/em><\/strong><\/p>\n\n\n\n<p><em><strong><img loading=\"lazy\" decoding=\"async\" width=\"415\" height=\"874\" class=\"wp-image-3656\" style=\"width: 10px\" src=\"http:\/\/kommentatorenblog.de\/wp-content\/uploads\/2020\/09\/shure-55sh-ii-e1601485394796.jpg\" alt=\"\" srcset=\"http:\/\/kommentatorenblog.de\/wp-content\/uploads\/2020\/09\/shure-55sh-ii-e1601485394796.jpg 415w, http:\/\/kommentatorenblog.de\/wp-content\/uploads\/2020\/09\/shure-55sh-ii-e1601485394796-142x300.jpg 142w\" sizes=\"auto, (max-width: 415px) 100vw, 415px\" \/><\/strong><\/em>&nbsp;Karsten Linke<\/p>\n\n\n\n<hr class=\"wp-block-separator has-alpha-channel-opacity\"\/>\n\n\n\n<p><strong>\u00d6sterreichische Fu\u00dfball-Bundesliga, Playoffs ECL, Finale, R\u00fcckspiel (Sky)<\/strong><\/p>\n\n\n\n<p><span style=\"text-decoration: underline;\">Sonntag, 01. Juni 2025, ab 16.30 Uhr<\/span><\/p>\n\n\n\n<p><strong><em>SK Rapid Wien &#8211; LASK (17.00 Uhr)<\/em><\/strong><\/p>\n\n\n\n<p><em><strong><img loading=\"lazy\" decoding=\"async\" width=\"415\" height=\"874\" class=\"wp-image-3656\" style=\"width: 10px\" src=\"http:\/\/kommentatorenblog.de\/wp-content\/uploads\/2020\/09\/shure-55sh-ii-e1601485394796.jpg\" alt=\"\" srcset=\"http:\/\/kommentatorenblog.de\/wp-content\/uploads\/2020\/09\/shure-55sh-ii-e1601485394796.jpg 415w, http:\/\/kommentatorenblog.de\/wp-content\/uploads\/2020\/09\/shure-55sh-ii-e1601485394796-142x300.jpg 142w\" sizes=\"auto, (max-width: 415px) 100vw, 415px\" \/><\/strong><\/em> Otto Rosenauer, Experte: Andreas Herzog<br>Moderation: Michael Ganh\u00f6r<\/p>\n\n\n\n<hr class=\"wp-block-separator has-alpha-channel-opacity\"\/>\n\n\n\n<p><strong>Die Analyse<\/strong><\/p>\n\n\n\n<p>Mit Breyer, Schmidt, Mertesacker und Kramer setzt das ZDF die H\u00e4lfte des Personals ein, welches bereits letztes Jahr das Finale begleitet hat. Kromp k\u00f6nnte dann die Rolle von Moritz Volz als Co- Kommentatorin \u00fcbernehmen. Dazu kommt Thorsten Kinh\u00f6fer als Schiedsrichter-Experte.<\/p>\n\n\n\n<p>Auch bei DAZN gibt es einige Parallelen zu 2024. Hier darf erneut Jan Platte die Partie kommentieren, werden Laura Wontorra ihren Status als die Moderatorin bei DAZN mit einem erneuten CL-Finale untermauert. \u00c4hnlich sieht es bei Michael Ballack aus, welcher dieses Jahr durch Sami Khedira unterst\u00fctzt wird.&nbsp;<\/p>\n\n\n\n<p>Bereits am Freitag steigt das ZDF in eine Woche ein, dass bei ARD und ZDF (inklusive der Dritten) durch Sport gepr\u00e4gt ist. So gibt es \u00dcbertragungen des Deutschen Turnfestes mit einer Vielzahl an Sportarten (MDR) inklusive der Turn-EM (ARD\/MDR), vom Reiten (ARD\/NDR\/BR), der Ruder-EM (ARD), der Leichtathletik (ARD\/SWR) und der Ironman-EM in Hamburg (sportschau.de).<\/p>\n\n\n\n<p>Und nat\u00fcrlich ist auch der Fu\u00dfball dabei: die vorletzte Nations League gibt es im ZDF, hier kommentiert erneut Claudia Neumann, w\u00e4hrend Katja Streso zum ersten Mal in diesem Jahr eine Partie moderiert. Bei der EM meldet sie sich dann aus dem DFB-Quartier, w\u00e4hrend Neumann zum Kommentatoren-Quartett geh\u00f6rt. Expertin und Co- Kommentatorin wird wieder Kathrin Lehmann sein, bei der Euro kann sie nur die erste Rolle ausf\u00fcllen.&nbsp;<\/p>\n\n\n\n<p>Das letzte Gruppenspiel \u00fcbertr\u00e4gt dann das Erste, ebenfalls zur Primetime, nat\u00fcrlich wieder mit dem Duo Lufen\/Schult, wobei auf letztgenannte selbiges zutrifft wie auf Kathrin Lehmann. Als Kommentatorin kommt Christina Graf zum Einsatz.<\/p>\n\n\n\n<p><strong>Update<\/strong>: Nat\u00fcrlich steht auch noch das Relegationsspiel zum Aufstieg in Liga 3 an, das bei Magenta Sport zu sehen sein wird, dar\u00fcber hinaus darf aber auch der MDR kurzfristig die Partie ebenso \u00fcbertragen, wie der <a href=\"https:\/\/www.mdr.de\/sport\/fussball_rl\/tsv-havelse-lok-leipzig-sport-im-osten-live-mdr-fernsehen-100.html\">MDR <\/a>berichtet.<\/p>\n\n\n\n<p>Am Montag geht es dann hier mit der Nations League weiter, wenn die DFB-Herren um den Einzug ins Finale dahoam k\u00e4mpfen.<\/p>\n\n\n\n<p><\/p>\n\n\n\n<p><\/p>\n","protected":false},"excerpt":{"rendered":"<p>Hallo zusammen, Nico hatte es ja bereits im letzten Beitrag angek\u00fcndigt, dass heute der Blick auf die weiteren TV-Rechtevergaben der letzten Woche geblickt wird Zuerst auf die Vergabe der WM 2027 bei den Frauen, die in Deutschland, Belgien und den Niederlanden h\u00e4tte stattfinden k\u00f6nnen, aber nach Brasilien vergeben wurde. TV- Deal (1\/2): WM 2027 Update [&hellip;]<\/p>\n","protected":false},"author":10,"featured_media":0,"comment_status":"open","ping_status":"open","sticky":false,"template":"","format":"standard","meta":{"footnotes":""},"categories":[425,429,426],"tags":[163,548,1051,19,57,615,544,36,636,652,212,13,462,1260,1140,32,48,72,39,960,169,59,737,958,44,965,1341,9,276,581,279,17,500,1038,409,109,848,606,161,732,22,134,639,33,1340,37],"class_list":["post-21803","post","type-post","status-publish","format-standard","hentry","category-champions-league-und-co","category-diverses","category-laenderspiele","tag-alexander-kuepper","tag-almuth-schult","tag-andreas-herzog","tag-ard","tag-christian-blunck","tag-christina-graf","tag-christoph-kramer","tag-claudia-neumann","tag-claus-lufen","tag-daniel-flottmann","tag-daniel-herzog","tag-dazn","tag-eik-galley","tag-felicitas-hoelscher","tag-friederike-kromp","tag-gari-paubandt","tag-jan-platte","tag-jaron-steiner","tag-jochen-breyer","tag-johanna-ruediger","tag-jonas-hummels","tag-karsten-linke","tag-kathrin-lehmann","tag-katja-streso","tag-laura-wontorra","tag-lili-engels","tag-lisa-ramuschkat","tag-magenta-sport","tag-marcel-seufert","tag-marvin-kirsch","tag-max-siebald","tag-mdr","tag-michael-ballack","tag-michael-ganhoer","tag-mike-muenkel","tag-oliver-schmidt","tag-otto-rosenauer","tag-paul-haeuser","tag-per-mertesacker","tag-sami-khedira","tag-sky","tag-sportdigital-fussball","tag-tabea-kemme","tag-thomas-wagner","tag-twitch","tag-zdf"],"_links":{"self":[{"href":"http:\/\/kommentatorenblog.de\/index.php?rest_route=\/wp\/v2\/posts\/21803","targetHints":{"allow":["GET"]}}],"collection":[{"href":"http:\/\/kommentatorenblog.de\/index.php?rest_route=\/wp\/v2\/posts"}],"about":[{"href":"http:\/\/kommentatorenblog.de\/index.php?rest_route=\/wp\/v2\/types\/post"}],"author":[{"embeddable":true,"href":"http:\/\/kommentatorenblog.de\/index.php?rest_route=\/wp\/v2\/users\/10"}],"replies":[{"embeddable":true,"href":"http:\/\/kommentatorenblog.de\/index.php?rest_route=%2Fwp%2Fv2%2Fcomments&post=21803"}],"version-history":[{"count":39,"href":"http:\/\/kommentatorenblog.de\/index.php?rest_route=\/wp\/v2\/posts\/21803\/revisions"}],"predecessor-version":[{"id":21894,"href":"http:\/\/kommentatorenblog.de\/index.php?rest_route=\/wp\/v2\/posts\/21803\/revisions\/21894"}],"wp:attachment":[{"href":"http:\/\/kommentatorenblog.de\/index.php?rest_route=%2Fwp%2Fv2%2Fmedia&parent=21803"}],"wp:term":[{"taxonomy":"category","embeddable":true,"href":"http:\/\/kommentatorenblog.de\/index.php?rest_route=%2Fwp%2Fv2%2Fcategories&post=21803"},{"taxonomy":"post_tag","embeddable":true,"href":"http:\/\/kommentatorenblog.de\/index.php?rest_route=%2Fwp%2Fv2%2Ftags&post=21803"}],"curies":[{"name":"wp","href":"https:\/\/api.w.org\/{rel}","templated":true}]}}