{"id":22062,"date":"2025-06-27T18:52:23","date_gmt":"2025-06-27T17:52:23","guid":{"rendered":"https:\/\/kommentatorenblog.de\/?p=22062"},"modified":"2025-07-02T14:23:02","modified_gmt":"2025-07-02T13:23:02","slug":"1520-paukenschlag-rtl-und-sky-werden-eins","status":"publish","type":"post","link":"http:\/\/kommentatorenblog.de\/?p=22062","title":{"rendered":"1520 &#8211; Paukenschlag: RTL und Sky werden eins!"},"content":{"rendered":"\n<p>N&#8217;Abend allerseits,<\/p>\n\n\n\n<p>mitten in das derzeit recht \u00fcberschaubare sportliche Geschehen platzte in den fr\u00fchen Morgenstunden eine Meldung, mit der wohl niemand gerechnet h\u00e4tte und die den deutschen TV-Markt wohl nachhaltig ver\u00e4ndern wird: RTL hat bekanntgegeben, die Sky Deutschland GmbH vollst\u00e4ndig zu \u00fcbernehmen und mit ihr die zugeh\u00f6rigen Gesch\u00e4fte in Deutschland, \u00d6sterreich und der Schweiz. Die bisherigen Kooperationspartner werden somit k\u00fcnftig unter einem Dach agieren. Eine Vereinbarung zur \u00dcbernahme wurde bereits unterzeichnet, es fehlen allerdings noch die Zustimmungsbescheide der f\u00fcr Medienkonzentration und Wettbewerb zust\u00e4ndigen Beh\u00f6rden wie dem Bundeskartellamt. Diese werden erst im Laufe des Jahres 2026 erwartet, weshalb der Zusammenschluss auch erst dann erfolgen wird und beide Unternehmen bis dahin weiter unabh\u00e4ngig voneinander agieren werden.<\/p>\n\n\n\n<p>Schnelle Ver\u00e4nderungen wird es somit noch nicht geben. Mit Blick auf die n\u00e4chsten Jahre wird es allerdings spannend, welche Strategie RTL nach der \u00dcbernahme von Sky verfolgen wird. Verantwortliche von RTL \u00e4u\u00dferten sich bereits zu einigen Punkten, n\u00e4mlich neuen M\u00f6glichkeiten zum Ausbau des Streamingangebotes, das wohl k\u00fcnftig auch st\u00e4rker als das bisherige Kerngesch\u00e4ft von Sky, dem Bezahlfernsehen \u00fcber eigene Empfangsger\u00e4te, im Vordergrund stehen d\u00fcrfte, sowie der M\u00f6glichkeit, die Pr\u00e4senz von Sportereignissen im Free-TV durch die Sky-Lizenzen zu erh\u00f6hen.<\/p>\n\n\n\n<p>Der Name Sky soll den Angaben des Bertelsmann-Chefs Rabe zufolge langfristig erhalten bleiben, da es eine der st\u00e4rksten Unterhaltungs- und Sportmarken sei &#8211; auch wenn es dann nicht mehr zum Comcast-Konzern geh\u00f6rt, der weiterhin am 1982 gegr\u00fcndeten britischen &#8222;Original&#8220; die Mehrheit halten wird, genauso wie auch an Sky Italia. Ob diese Absicht auch in den n\u00e4chsten Jahren noch Bestand haben wird, bleibt angesichts der zahlreichen Umbenennungen der RTL-Angebote in den vergangenen Jahren abzuwarten. Es ist allerdings anzumerken, dass es in Neuseeland, Lateinamerika und Brasilien nach wie vor jeweils einen Pay-TV-Anbieter mit dem Namen Sky gibt, obwohl der langj\u00e4hrige Mutterkonzern News Corporation von Rupert Murdoch seine Anteile an diesen bereits vor l\u00e4ngerer Zeit ver\u00e4u\u00dfert hat und auch Comcast nie etwas damit zu tun hatte.<\/p>\n\n\n\n<p>Was sich an der Organisation, am Personal sowie an den Ambitionen auf Sportrechte \u00e4ndern wird, l\u00e4sst sich aktuell noch nicht prognostizieren. Sicher ist nur: Vertr\u00e4ge bleiben erst einmal bestehen, wie sie sind, insbesondere was die erworbenen TV-Rechte angeht. Auch der Standort von Sky in M\u00fcnchen soll auch nach der \u00dcbernahme durch RTL erhalten bleiben. Nat\u00fcrlich ist es gut m\u00f6glich, dass neben der gr\u00f6\u00dferen M\u00f6glichkeiten zum Austausch von Inhalten auch der Pool an On-Air-Personal einheitlicher werden k\u00f6nnte. In Zeiten, in denen Premiere (heute Sky), SAT.1 und das DSF (heute SPORT1) allesamt zur Kirch-Gruppe geh\u00f6rten, war dies bereits zu beobachten. Ohnehin wird der bisherige Kommentator Nummer 1 von Sky, Wolff Fuss, demn\u00e4chst auch bei RTL ein Aush\u00e4ngeschild, mit Laura Wontorra wurde j\u00fcngst allerdings auch das Gesicht des gr\u00f6\u00dften Sky-Konkurrenten DAZN wieder f\u00fcr die L\u00e4nderspiele mit an Bord geholt. Auch Christian Stra\u00dfburger oder neuerdings Corni K\u00fcpper stehen bereits f\u00fcr beide Anbieter.<\/p>\n\n\n\n<p>Somit sei schon einmal das akut Wichtigste zum Thema gekl\u00e4rt. Weiteres wird sich erst \u00fcber einen l\u00e4ngeren Zeitraum beobachten lassen. Die Folgen der \u00dcbernahme werden sicher auch nach Abschluss des Deals, sofern er \u00fcberhaupt genehmigt werden sollte, erst nach und nach sichtbar werden. Kommen wir nun also zur\u00fcck zum Sport, der am Wochenende ansteht:<\/p>\n\n\n\n<hr class=\"wp-block-separator has-alpha-channel-opacity\"\/>\n\n\n\n<p><strong>Die Ansetzungen vom 28. Juni bis zum 2. Juli 2025<\/strong><\/p>\n\n\n\n<hr class=\"wp-block-separator has-alpha-channel-opacity\"\/>\n\n\n\n<p><strong>UEFA U21-Europameisterschaft 2025, Finale (SAT.1)<\/strong><\/p>\n\n\n\n<p><span style=\"text-decoration: underline;\">Samstag, 28. Juni 2025, ab 20.15 Uhr<\/span><\/p>\n\n\n\n<p><strong><em>England<\/em> \u2013&nbsp;<em>Deut<\/em><\/strong><em><strong>schland (21.00 Uhr)<\/strong><\/em><br><img loading=\"lazy\" decoding=\"async\" width=\"10\" height=\"21\" srcset=\"https:\/\/kommentatorenblog.de\/wp-content\/uploads\/2020\/09\/shure-55sh-ii-e1601485394796.jpg 415w, https:\/\/kommentatorenblog.de\/wp-content\/uploads\/2020\/09\/shure-55sh-ii-e1601485394796-142x300.jpg 142w\" src=\"http:\/\/kommentatorenblog.de\/wp-content\/uploads\/2020\/09\/shure-55sh-ii-e1601485394796.jpg\" alt=\"\">&nbsp;Flo Hauser, Experte: Markus Babbel<br>Moderation: Matthias Opdenh\u00f6vel, Field-Reporter: <s>Bent Mildner<\/s> Matthias Killing<\/p>\n\n\n\n<hr class=\"wp-block-separator has-alpha-channel-opacity\"\/>\n\n\n\n<p><strong>FIFA Club World Cup 2025, Achtelfinale (DAZN\/SAT.1)<\/strong><\/p>\n\n\n\n<p><span style=\"text-decoration: underline;\">Samstag, 28. Juni 2025 (DAZN)<\/span><\/p>\n\n\n\n<p><strong><em>Palmeiras S\u00e3o Paulo <\/em>\u2013&nbsp;<\/strong><em><strong>Botafogo Rio de Janeiro <\/strong><\/em><em><strong>(18.00 Uhr)<\/strong><\/em><br><img loading=\"lazy\" decoding=\"async\" width=\"10\" height=\"21\" srcset=\"https:\/\/kommentatorenblog.de\/wp-content\/uploads\/2020\/09\/shure-55sh-ii-e1601485394796.jpg 415w, https:\/\/kommentatorenblog.de\/wp-content\/uploads\/2020\/09\/shure-55sh-ii-e1601485394796-142x300.jpg 142w\" src=\"http:\/\/kommentatorenblog.de\/wp-content\/uploads\/2020\/09\/shure-55sh-ii-e1601485394796.jpg\" alt=\"\">&nbsp;Marcel Seufert, Experte: Sebastian Knei\u00dfl<\/p>\n\n\n\n<p><strong><em>Benfica Lissabon <\/em>\u2013&nbsp;<em>FC Chelsea <\/em><\/strong><em><strong>(22.00 Uhr)<\/strong><\/em><br><img loading=\"lazy\" decoding=\"async\" width=\"10\" height=\"21\" srcset=\"https:\/\/kommentatorenblog.de\/wp-content\/uploads\/2020\/09\/shure-55sh-ii-e1601485394796.jpg 415w, https:\/\/kommentatorenblog.de\/wp-content\/uploads\/2020\/09\/shure-55sh-ii-e1601485394796-142x300.jpg 142w\" src=\"http:\/\/kommentatorenblog.de\/wp-content\/uploads\/2020\/09\/shure-55sh-ii-e1601485394796.jpg\" alt=\"\">&nbsp;Christoph Stadtler, Experte: Tobias Schweinsteiger<\/p>\n\n\n\n<p><span style=\"text-decoration: underline;\">Sonntag, 29. Juni 2025 (DAZN)<\/span><\/p>\n\n\n\n<p><strong><em>Paris Saint-Germain <\/em>\u2013&nbsp;<\/strong><em><strong>Inter Miami <\/strong><\/em><em><strong>(18.00 Uhr)<\/strong><\/em><br><img loading=\"lazy\" decoding=\"async\" width=\"10\" height=\"21\" srcset=\"https:\/\/kommentatorenblog.de\/wp-content\/uploads\/2020\/09\/shure-55sh-ii-e1601485394796.jpg 415w, https:\/\/kommentatorenblog.de\/wp-content\/uploads\/2020\/09\/shure-55sh-ii-e1601485394796-142x300.jpg 142w\" src=\"http:\/\/kommentatorenblog.de\/wp-content\/uploads\/2020\/09\/shure-55sh-ii-e1601485394796.jpg\" alt=\"\">&nbsp;Chris Putz, Experte: Sebastian Knei\u00dfl<\/p>\n\n\n\n<p><span style=\"text-decoration: underline;\">ab 21.15 Uhr (DAZN\/SAT.1)<\/span><\/p>\n\n\n\n<p><strong><em>Flamengo Rio der Janeiro <\/em>\u2013&nbsp;<\/strong><em><strong>FC Bayern M\u00fcnchen (22.00 Uhr)<\/strong><\/em><\/p>\n\n\n\n<p><img loading=\"lazy\" decoding=\"async\" width=\"10\" height=\"21\" srcset=\"https:\/\/kommentatorenblog.de\/wp-content\/uploads\/2020\/09\/shure-55sh-ii-e1601485394796.jpg 415w, https:\/\/kommentatorenblog.de\/wp-content\/uploads\/2020\/09\/shure-55sh-ii-e1601485394796-142x300.jpg 142w\" src=\"http:\/\/kommentatorenblog.de\/wp-content\/uploads\/2020\/09\/shure-55sh-ii-e1601485394796.jpg\" alt=\"\">&nbsp;<em>DAZN<\/em>: Max Siebald, Experte: Sami Khedira<br>Moderation (<em>DAZN<\/em>): Christoph Stadtler, Experte: Tobias Schweinsteiger, Field-Reporter: Andres Veredas<\/p>\n\n\n\n<p><img loading=\"lazy\" decoding=\"async\" width=\"10\" height=\"21\" srcset=\"https:\/\/kommentatorenblog.de\/wp-content\/uploads\/2020\/09\/shure-55sh-ii-e1601485394796.jpg 415w, https:\/\/kommentatorenblog.de\/wp-content\/uploads\/2020\/09\/shure-55sh-ii-e1601485394796-142x300.jpg 142w\" src=\"http:\/\/kommentatorenblog.de\/wp-content\/uploads\/2020\/09\/shure-55sh-ii-e1601485394796.jpg\" alt=\"\">&nbsp;<em>SAT.1<\/em>: Franz B\u00fcchner, Experte: Thomas Helmer<br>Moderation (<em>SAT.1<\/em>): Andrea Kaiser<\/p>\n\n\n\n<p><span style=\"text-decoration: underline;\">Montag, 30. Juni 2025 (DAZN)<\/span><\/p>\n\n\n\n<p><strong><em>Inter Mailand <\/em>\u2013&nbsp;<\/strong><em><strong>Fluminense Rio de Janeiro <\/strong><\/em><em><strong>(21.00 Uhr)<\/strong><\/em><br><img loading=\"lazy\" decoding=\"async\" width=\"10\" height=\"21\" srcset=\"https:\/\/kommentatorenblog.de\/wp-content\/uploads\/2020\/09\/shure-55sh-ii-e1601485394796.jpg 415w, https:\/\/kommentatorenblog.de\/wp-content\/uploads\/2020\/09\/shure-55sh-ii-e1601485394796-142x300.jpg 142w\" src=\"http:\/\/kommentatorenblog.de\/wp-content\/uploads\/2020\/09\/shure-55sh-ii-e1601485394796.jpg\" alt=\"\">&nbsp;Carsten Fu\u00df, Experte: Christian Bernhard<\/p>\n\n\n\n<p><span style=\"text-decoration: underline;\">Dienstag, 01. Juli 2025 (DAZN)<\/span><\/p>\n\n\n\n<p><strong><em>Manchester City <\/em>\u2013&nbsp;<\/strong><em><strong>Al Hilal<\/strong><\/em><em><strong> <\/strong><\/em><em><strong>(03.00 Uhr)<\/strong><\/em><br><img loading=\"lazy\" decoding=\"async\" width=\"10\" height=\"21\" srcset=\"https:\/\/kommentatorenblog.de\/wp-content\/uploads\/2020\/09\/shure-55sh-ii-e1601485394796.jpg 415w, https:\/\/kommentatorenblog.de\/wp-content\/uploads\/2020\/09\/shure-55sh-ii-e1601485394796-142x300.jpg 142w\" src=\"http:\/\/kommentatorenblog.de\/wp-content\/uploads\/2020\/09\/shure-55sh-ii-e1601485394796.jpg\" alt=\"\">&nbsp;Nico Seepe, Experte: Benny Lauth<\/p>\n\n\n\n<p><span style=\"text-decoration: underline;\">ab 20.15 Uhr (DAZN)<\/span><\/p>\n\n\n\n<p><strong><em>Real Madrid <\/em>\u2013&nbsp;<em>Juvent<\/em><\/strong><em><strong>us Turin <\/strong><\/em><em><strong>(21.00 Uhr)<\/strong><\/em><br><img loading=\"lazy\" decoding=\"async\" width=\"10\" height=\"21\" srcset=\"https:\/\/kommentatorenblog.de\/wp-content\/uploads\/2020\/09\/shure-55sh-ii-e1601485394796.jpg 415w, https:\/\/kommentatorenblog.de\/wp-content\/uploads\/2020\/09\/shure-55sh-ii-e1601485394796-142x300.jpg 142w\" src=\"http:\/\/kommentatorenblog.de\/wp-content\/uploads\/2020\/09\/shure-55sh-ii-e1601485394796.jpg\" alt=\"\">&nbsp;Chris Putz, Experte: Christian Bernhard<br>Moderation: Tobi Wahnschaffe<\/p>\n\n\n\n<p><span style=\"text-decoration: underline;\">Mittwoch, 02. Juli 2025, ab 02.15 Uhr (DAZN) bzw. 02.40 Uhr (SAT.1)<\/span><\/p>\n\n\n\n<p><strong><em>Bor<\/em>ussia Dortmund \u2013&nbsp;<\/strong><em><strong>CF Monterrey <\/strong><\/em><em><strong>(03.00 Uhr)<\/strong><\/em><\/p>\n\n\n\n<p><img loading=\"lazy\" decoding=\"async\" width=\"10\" height=\"21\" srcset=\"https:\/\/kommentatorenblog.de\/wp-content\/uploads\/2020\/09\/shure-55sh-ii-e1601485394796.jpg 415w, https:\/\/kommentatorenblog.de\/wp-content\/uploads\/2020\/09\/shure-55sh-ii-e1601485394796-142x300.jpg 142w\" src=\"http:\/\/kommentatorenblog.de\/wp-content\/uploads\/2020\/09\/shure-55sh-ii-e1601485394796.jpg\" alt=\"\">&nbsp;<em>DAZN<\/em>: Tom Kirsten, Experte: Tobias Schweinsteiger<br>Moderation (<em>DAZN<\/em>): Tobi Wahnschaffe, Field-Reporter: Andres Veredas und David Ploch<\/p>\n\n\n\n<p><img loading=\"lazy\" decoding=\"async\" width=\"10\" height=\"21\" srcset=\"https:\/\/kommentatorenblog.de\/wp-content\/uploads\/2020\/09\/shure-55sh-ii-e1601485394796.jpg 415w, https:\/\/kommentatorenblog.de\/wp-content\/uploads\/2020\/09\/shure-55sh-ii-e1601485394796-142x300.jpg 142w\" src=\"http:\/\/kommentatorenblog.de\/wp-content\/uploads\/2020\/09\/shure-55sh-ii-e1601485394796.jpg\" alt=\"\">&nbsp;<em>SAT.1<\/em>: Franz B\u00fcchner, Experte: Markus Babbel<br><s>Moderation (<em>SAT.1<\/em>): Andrea Kaiser<\/s><\/p>\n\n\n\n<hr class=\"wp-block-separator has-alpha-channel-opacity\"\/>\n\n\n\n<p><strong>CONCACAF Gold Cup 2025, Viertelfinale (Sportdigital)<\/strong><\/p>\n\n\n\n<p><span style=\"text-decoration: underline;\">Sonntag, 29. Juni 2025 (DAZN)<\/span><\/p>\n\n\n\n<p><strong><em>Panama <\/em>\u2013&nbsp;<\/strong><em><strong>Honduras <\/strong><\/em><em><strong>(01.15 Uhr)<\/strong><\/em><br><img loading=\"lazy\" decoding=\"async\" width=\"10\" height=\"21\" srcset=\"https:\/\/kommentatorenblog.de\/wp-content\/uploads\/2020\/09\/shure-55sh-ii-e1601485394796.jpg 415w, https:\/\/kommentatorenblog.de\/wp-content\/uploads\/2020\/09\/shure-55sh-ii-e1601485394796-142x300.jpg 142w\" src=\"http:\/\/kommentatorenblog.de\/wp-content\/uploads\/2020\/09\/shure-55sh-ii-e1601485394796.jpg\" alt=\"\">&nbsp;Martin Hahn<\/p>\n\n\n\n<p><strong><em>Mexiko <\/em>\u2013&nbsp;<\/strong><em><strong>Saudi-Arabien <\/strong><\/em><em><strong>(04.15 Uhr)<\/strong><\/em><br><img loading=\"lazy\" decoding=\"async\" width=\"10\" height=\"21\" srcset=\"https:\/\/kommentatorenblog.de\/wp-content\/uploads\/2020\/09\/shure-55sh-ii-e1601485394796.jpg 415w, https:\/\/kommentatorenblog.de\/wp-content\/uploads\/2020\/09\/shure-55sh-ii-e1601485394796-142x300.jpg 142w\" src=\"http:\/\/kommentatorenblog.de\/wp-content\/uploads\/2020\/09\/shure-55sh-ii-e1601485394796.jpg\" alt=\"\">&nbsp;Karsten Linke<\/p>\n\n\n\n<p><strong><em>K<\/em>anada \u2013&nbsp;<\/strong><em><strong>Guatemala <\/strong><\/em><em><strong>(22.00 Uhr)<\/strong><\/em><br><img loading=\"lazy\" decoding=\"async\" width=\"10\" height=\"21\" srcset=\"https:\/\/kommentatorenblog.de\/wp-content\/uploads\/2020\/09\/shure-55sh-ii-e1601485394796.jpg 415w, https:\/\/kommentatorenblog.de\/wp-content\/uploads\/2020\/09\/shure-55sh-ii-e1601485394796-142x300.jpg 142w\" src=\"http:\/\/kommentatorenblog.de\/wp-content\/uploads\/2020\/09\/shure-55sh-ii-e1601485394796.jpg\" alt=\"\">&nbsp;J\u00f6rg Steiger<\/p>\n\n\n\n<p><span style=\"text-decoration: underline;\">Montag, 30. Juni 2025<\/span><\/p>\n\n\n\n<p><strong><em>USA <\/em>\u2013&nbsp;<\/strong><em><strong>Costa Rica <\/strong><\/em><em><strong>(01.00 Uhr)<\/strong><\/em><br><img loading=\"lazy\" decoding=\"async\" width=\"10\" height=\"21\" srcset=\"https:\/\/kommentatorenblog.de\/wp-content\/uploads\/2020\/09\/shure-55sh-ii-e1601485394796.jpg 415w, https:\/\/kommentatorenblog.de\/wp-content\/uploads\/2020\/09\/shure-55sh-ii-e1601485394796-142x300.jpg 142w\" src=\"http:\/\/kommentatorenblog.de\/wp-content\/uploads\/2020\/09\/shure-55sh-ii-e1601485394796.jpg\" alt=\"\">&nbsp;Marvin Kirsch<\/p>\n\n\n\n<hr class=\"wp-block-separator has-alpha-channel-opacity\"\/>\n\n\n\n<p><strong>Testspiel (MDR-Livestream)<\/strong><\/p>\n\n\n\n<p><span style=\"text-decoration: underline;\">Dienstag, 01. Juli 2025<\/span><\/p>\n\n\n\n<p><strong><em>MSV Eisleben <\/em>\u2013&nbsp;<\/strong><em><strong>Hallescher FC <\/strong><\/em><em><strong>(19.00 Uhr)<\/strong><\/em><br><img loading=\"lazy\" decoding=\"async\" width=\"10\" height=\"21\" srcset=\"https:\/\/kommentatorenblog.de\/wp-content\/uploads\/2020\/09\/shure-55sh-ii-e1601485394796.jpg 415w, https:\/\/kommentatorenblog.de\/wp-content\/uploads\/2020\/09\/shure-55sh-ii-e1601485394796-142x300.jpg 142w\" src=\"http:\/\/kommentatorenblog.de\/wp-content\/uploads\/2020\/09\/shure-55sh-ii-e1601485394796.jpg\" alt=\"\">&nbsp;Patrick Fritzsche<\/p>\n\n\n\n<hr class=\"wp-block-separator has-alpha-channel-opacity\"\/>\n\n\n\n<p><strong>Die Analyse<\/strong><\/p>\n\n\n\n<p>Highlight des Wochenendes ist das Finale der U21-EM am Samstag, an dem Deutschland bereits zum vierten Mal in den vergangenen f\u00fcnf Turnieren teilnimmt. Zweimal holte die Mannschaft in dieser Zeit den Titel, seit zwei Jahren ist sie ungeschlagen, folgt nun am Samstag die Kr\u00f6nung? Die Crew um Hauser, Babbel, Opdenh\u00f6vel und Mildner, die das Team schon durch das ganze Turnier f\u00fcr SAT.1 begleitet hat, ist nat\u00fcrlich wieder mit dabei. <strong>Update:<\/strong> Mildner ist wegen privater Verpflichtungen verhindert, f\u00fcr ihn wird Matthias Killing einspringen.<\/p>\n\n\n\n<p>Der Juni neigt sich dem Ende zu und bekannte DAZN-Stimmen wie Marco Hagemann, Uli Hebel, Freddy Harder, Jan Platte oder Lukas Sch\u00f6nm\u00fcller haben sich vorerst in den Urlaub verabschiedet &#8211; oder im Falle der letzteren beiden nach Wimbledon, was in K\u00fcrze zum zweiten Mal bei Prime \u00fcbertragen werden wird. Stattdessen teilen sich Christoph Stadtler, Chris Putz, Marcel Seufert, Nico Seepe und Italien-Experte Carsten Fu\u00df die Achtelfinals der Klub-WM untereinander auf. Bei jedem Spiel wird es auch einen Co-Kommentar geben, allerdings ist auch hier die Auswahl zwischen Tobi Schweinsteiger, Seb Knei\u00dfl, Christian Bernhard und Benny Lauth recht schmal. Ausnahme wird das Spiel der Bayern gegen Flamengo am sp\u00e4ten Sonntagabend sein, das der als Bayern-Reporter in die USA entsandte Max Siebald gemeinsam mit dem f\u00fcr die internationalen \u00dcbertragungen anwesenden Sami Khedira im Stadion in Miami kommentieren wird. Auch der \u00fcberwiegend als BVB-Reporter vorgesehene Andres Veredas wird dort im Einsatz sein, aus dem Studio in Ismaning \u00fcbernehmen Christoph Stadtler und Tobi Schweinsteiger die Moderation. Das Spiel des anderen deutschen Vertreters BVB gegen Monterrey wird hingegen aus Ismaning kommentiert, n\u00e4mlich von Tom Kirsten mit Schweinsteiger. Andres Veredas wird auch in Atlanta die Interviews f\u00fchren.<\/p>\n\n\n\n<p>Auch SAT.1 \u00fcbertr\u00e4gt erneut die Spiele mit deutscher Beteiligung und setzt hierbei erneut auf Franz B\u00fcchner und Andrea Kaiser &#8211; was sich allerdings ab dem Viertelfinale \u00e4ndern wird, so viel sei schonmal gesagt. Als Experten sind nach derzeitigem Stand Thomas Helmer bei Flamengo gegen Bayern und der dann wieder von der U21-EM zur\u00fcckgekehrte Markus Babbel bei Dortmund gegen Monterrey eingeplant. Da das BVB-Spiel in der Nacht zum Mittwoch stattfinden wird, ist diese Ansetzung allerdings noch unsicher, nachdem zun\u00e4chst der Sendeplatz am Montag ab 20.15 Uhr reserviert worden war. Hat SAT.1 etwa erwartet, dass der BVB nur Gruppenzweiter wird? G\u00fcnstiger f\u00fcr die Einschaltquoten w\u00e4re dies in jedem Fall gewesen. <strong>Update:<\/strong> die Ansetzung zum BVB-Spiel bleibt bestehen. <strong>Update 2:<\/strong> oder auch nicht &#8211; jedenfalls f\u00e4llt die Moderation weg.<\/p>\n\n\n\n<p>Nicht unerw\u00e4hnt bleiben sollen nat\u00fcrlich auch die Viertelfinalspiele des CONCACAF Gold Cups bleiben. Das Sportdigital-Team bleibt teils best\u00e4ndig, andererseits kehrt neben Martin Hahn auch Karsten Linke wieder aus dem Urlaub zur\u00fcck.<\/p>\n\n\n\n<p>Somit habt ihr hiermit schon einmal einen Ausblick auf die kommenden Spiele bis in die Nacht zum kommenden Mittwoch, bis wohin sich die Achtelfinals der Klub-WM strecken. Der n\u00e4chste Beitrag wird allerdings bereits am Montag ver\u00f6ffentlicht werden, da wir uns darin noch einmal ausf\u00fchrlich mit der Frauen-EM auseinandersetzen werden, die am Mittwoch beginnen wird. Habt bis dahin ein sch\u00f6nes Wochenende!<\/p>\n","protected":false},"excerpt":{"rendered":"<p>N&#8217;Abend allerseits, mitten in das derzeit recht \u00fcberschaubare sportliche Geschehen platzte in den fr\u00fchen Morgenstunden eine Meldung, mit der wohl niemand gerechnet h\u00e4tte und die den deutschen TV-Markt wohl nachhaltig ver\u00e4ndern wird: RTL hat bekanntgegeben, die Sky Deutschland GmbH vollst\u00e4ndig zu \u00fcbernehmen und mit ihr die zugeh\u00f6rigen Gesch\u00e4fte in Deutschland, \u00d6sterreich und der Schweiz. Die [&hellip;]<\/p>\n","protected":false},"author":17,"featured_media":0,"comment_status":"open","ping_status":"open","sticky":false,"template":"","format":"standard","meta":{"footnotes":""},"categories":[429],"tags":[583,610,166,131,499,164,171,165,13,132,120,58,59,276,587,649,581,730,101,279,17,191,1347,138,732,306,222,22,134,595,252,882,200],"class_list":["post-22062","post","type-post","status-publish","format-standard","hentry","category-diverses","tag-andrea-kaiser","tag-andres-veredas","tag-benny-lauth","tag-carsten-fuss","tag-chris-putz","tag-christian-bernhard","tag-christoph-stadtler","tag-david-ploch","tag-dazn","tag-flo-hauser","tag-franz-buechner","tag-joerg-steiger","tag-karsten-linke","tag-marcel-seufert","tag-markus-babbel","tag-martin-hahn","tag-marvin-kirsch","tag-matthias-killing","tag-matthias-opdenhoevel","tag-max-siebald","tag-mdr","tag-nico-seepe","tag-patrick-fritzsche","tag-rtl","tag-sami-khedira","tag-sat-1","tag-sebastian-kneissl","tag-sky","tag-sportdigital-fussball","tag-thomas-helmer","tag-tobi-wahnschaffe","tag-tobias-schweinsteiger","tag-tom-kirsten"],"_links":{"self":[{"href":"http:\/\/kommentatorenblog.de\/index.php?rest_route=\/wp\/v2\/posts\/22062","targetHints":{"allow":["GET"]}}],"collection":[{"href":"http:\/\/kommentatorenblog.de\/index.php?rest_route=\/wp\/v2\/posts"}],"about":[{"href":"http:\/\/kommentatorenblog.de\/index.php?rest_route=\/wp\/v2\/types\/post"}],"author":[{"embeddable":true,"href":"http:\/\/kommentatorenblog.de\/index.php?rest_route=\/wp\/v2\/users\/17"}],"replies":[{"embeddable":true,"href":"http:\/\/kommentatorenblog.de\/index.php?rest_route=%2Fwp%2Fv2%2Fcomments&post=22062"}],"version-history":[{"count":23,"href":"http:\/\/kommentatorenblog.de\/index.php?rest_route=\/wp\/v2\/posts\/22062\/revisions"}],"predecessor-version":[{"id":22120,"href":"http:\/\/kommentatorenblog.de\/index.php?rest_route=\/wp\/v2\/posts\/22062\/revisions\/22120"}],"wp:attachment":[{"href":"http:\/\/kommentatorenblog.de\/index.php?rest_route=%2Fwp%2Fv2%2Fmedia&parent=22062"}],"wp:term":[{"taxonomy":"category","embeddable":true,"href":"http:\/\/kommentatorenblog.de\/index.php?rest_route=%2Fwp%2Fv2%2Fcategories&post=22062"},{"taxonomy":"post_tag","embeddable":true,"href":"http:\/\/kommentatorenblog.de\/index.php?rest_route=%2Fwp%2Fv2%2Ftags&post=22062"}],"curies":[{"name":"wp","href":"https:\/\/api.w.org\/{rel}","templated":true}]}}