{"id":22188,"date":"2025-07-15T16:47:09","date_gmt":"2025-07-15T15:47:09","guid":{"rendered":"https:\/\/kommentatorenblog.de\/?p=22188"},"modified":"2025-07-20T15:15:50","modified_gmt":"2025-07-20T14:15:50","slug":"1524-rein-in-die-k-o-phase","status":"publish","type":"post","link":"http:\/\/kommentatorenblog.de\/?p=22188","title":{"rendered":"1524 &#8211; Rein in die K.O.-Phase"},"content":{"rendered":"\n<p>N&#8217;Abend allerseits,<\/p>\n\n\n\n<p>die Gruppenphase der EM ist vor\u00fcber, die ersten K.O.-Spiele stehen an. Die Veranstalter als auch ARD und ZDF (bei DAZN liegen mir keine Daten vor) d\u00fcrften mit Blick auf die Zuschauerzahlen bisher sehr zufrieden sein, auch wenn die weitere Entwicklung im TV auch durch das weitere deutsche Abschneiden beeinflusst werden d\u00fcrfte.<\/p>\n\n\n\n<p>Wir erinnern, 2022 war das Finale die meistgesehene Fernsehsendung des Jahres in Deutschland und das Turnier konnte einige Entwicklungen beschleunigen. Zum einen gab es eine deutliche Steigerung der TV-Erl\u00f6se mit gleich zwei Partnern, die alle Spiele \u00fcbertragen, zum anderen konnte der Zuschauerschnitt mehr als verdreifacht werden. Auch spielen die DFB-Damen jetzt ihre L\u00e4nderspiele au\u00dferhalb der Gro\u00dfereignisse fr\u00fchestens ab 18 Uhr. Auch scheint es Bild der Bev\u00f6lkerung selbstverst\u00e4ndlicher geworden zu sein, dass eine EM bei den Frauen \u00fcbertragen wird und diese auch von vielen verfolgt wird.<\/p>\n\n\n\n<p>Trotzdem gibt es nat\u00fcrlich weiterhin viele Entwicklungsschritte und viel Potenzial. So hat sich der Zuschauerschnitt nach der EM 2022 erfreulicherweise verbessert, bleibt seitdem aber nahezu konstant. Highlight-Spiele finden vor zehntausend Zuschauern statt, w\u00e4hrend es weiterhin Spiele vor unter tausend Menschen gibt. Auch, dass die Meisterinnen aus M\u00fcnchen im (nahezu) immer ausverkauften Stadion nur 2500 Menschen begr\u00fc\u00dfen d\u00fcrfen, ist nicht ideal, zum Saisonstart geht es daf\u00fcr in die Allianz Arena, wo schon jetzt die zehnfache Anzahl an Tickets verkauft wurde &#8211; dauerhaft ist aber die Arena in Fr\u00f6ttmaning (noch) keine L\u00f6sung &#8211; daf\u00fcr vielleicht das Gr\u00fcnwalder Stadion. Anders sieht dies bei den Aufsteigerinnen aus, welche allesamt in den gro\u00dfen Stadien spielen werden. Insbesondere Union hat bewiesen, welch Potenzial vorhanden ist und hatte, als Zweitligist (!), den h\u00f6chsten Zuschauerschnitt aller deutschen Frauen-Teams. Was m\u00f6glich ist, zeigte auch der HSV im Pokal gegen Werder als man einen neuen Zuschauerrekord auf deutscher Vereinsebene aufstellte. \u00dcbrigens, am 6. Spieltag empf\u00e4ngt Werder den HSV, die M\u00f6glichkeit f\u00fcr einen neuen Bundesliga-Rekord.<\/p>\n\n\n\n<p>Das angesprochene Er\u00f6ffnungsspiel im September in der Allianz Arena wird es neben den \u00dcbertragungen bei Magenta und DAZN auch im Ersten zu sehen geben. Trotz mehr Spieltagen bleibt die Anzahl an Spielen die ARD und ZDF frei empfangbar \u00fcbertragen d\u00fcrfen, konstant bei zehn, daf\u00fcr wird das ZDF auch den Supercup aus Karlsruhe \u00fcbertragen.<\/p>\n\n\n\n<hr class=\"wp-block-separator has-alpha-channel-opacity\"\/>\n\n\n\n<p><strong>Die Ansetzungen vom 16. bis zum 20. Juli 2025<\/strong><\/p>\n\n\n\n<hr class=\"wp-block-separator has-alpha-channel-opacity\"\/>\n\n\n\n<p><strong>UEFA Women&#8217;s EURO 2025, Viertelfinale (<mark style=\"background-color:rgba(0, 0, 0, 0)\" class=\"has-inline-color has-vivid-cyan-blue-color\">Das Erste<\/mark>\/<mark style=\"background-color:rgba(0, 0, 0, 0)\" class=\"has-inline-color has-luminous-vivid-orange-color\">ZDF<\/mark>\/DAZN)<\/strong><\/p>\n\n\n\n<p><span style=\"text-decoration: underline;\">Mittwoch, 16. Juli 2025, ab 20.15 Uhr (<mark style=\"background-color:rgba(0, 0, 0, 0)\" class=\"has-inline-color has-luminous-vivid-orange-color\">ZDF<\/mark>) bzw. ab 21.00 Uhr (DAZN)<\/span><\/p>\n\n\n\n<p><strong><em><strong>Norwegen \u2013 Italien<\/strong> (21.00 Uhr)<\/em><\/strong><\/p>\n\n\n\n<p><em><strong><img loading=\"lazy\" decoding=\"async\" width=\"415\" height=\"874\" class=\"wp-image-3656\" style=\"width: 10px\" src=\"http:\/\/kommentatorenblog.de\/wp-content\/uploads\/2020\/09\/shure-55sh-ii-e1601485394796.jpg\" alt=\"\" srcset=\"http:\/\/kommentatorenblog.de\/wp-content\/uploads\/2020\/09\/shure-55sh-ii-e1601485394796.jpg 415w, http:\/\/kommentatorenblog.de\/wp-content\/uploads\/2020\/09\/shure-55sh-ii-e1601485394796-142x300.jpg 142w\" sizes=\"auto, (max-width: 415px) 100vw, 415px\" \/><\/strong><\/em> <em><mark style=\"background-color:rgba(0, 0, 0, 0)\" class=\"has-inline-color has-luminous-vivid-orange-color\">ZDF<\/mark><\/em>: Norbert Galeske, Field-Reporterin: Amelie Stiefvatter<br>Moderation (<em><mark style=\"background-color:rgba(0, 0, 0, 0)\" class=\"has-inline-color has-luminous-vivid-orange-color\">ZDF<\/mark><\/em>): Sven Voss, Expertin: Kathrin Lehmann, G\u00e4stin: Lina Magull<\/p>\n\n\n\n<p><em><strong><img loading=\"lazy\" decoding=\"async\" width=\"415\" height=\"874\" class=\"wp-image-3656\" style=\"width: 10px\" src=\"http:\/\/kommentatorenblog.de\/wp-content\/uploads\/2020\/09\/shure-55sh-ii-e1601485394796.jpg\" alt=\"\" srcset=\"http:\/\/kommentatorenblog.de\/wp-content\/uploads\/2020\/09\/shure-55sh-ii-e1601485394796.jpg 415w, http:\/\/kommentatorenblog.de\/wp-content\/uploads\/2020\/09\/shure-55sh-ii-e1601485394796-142x300.jpg 142w\" sizes=\"auto, (max-width: 415px) 100vw, 415px\" \/><\/strong><\/em> <em><mark style=\"background-color:rgba(0, 0, 0, 0)\" class=\"has-inline-color has-black-color\">DAZN<\/mark><\/em>: Matthias Naebers<\/p>\n\n\n\n<p><span style=\"text-decoration: underline;\">Donnerstag, 17. Juli 2025, ab 20.15 Uhr (<mark style=\"background-color:rgba(0, 0, 0, 0)\" class=\"has-inline-color has-vivid-cyan-blue-color\">Das Erste<\/mark>) bzw. ab 21.00 Uhr (DAZN)<\/span><\/p>\n\n\n\n<p><strong><em>Schweden <strong><em><strong>\u2013 <\/strong><\/em><\/strong>England (21.00 Uhr)<\/em><\/strong><\/p>\n\n\n\n<p><em><strong><img loading=\"lazy\" decoding=\"async\" width=\"415\" height=\"874\" class=\"wp-image-3656\" style=\"width: 10px\" src=\"http:\/\/kommentatorenblog.de\/wp-content\/uploads\/2020\/09\/shure-55sh-ii-e1601485394796.jpg\" alt=\"\" srcset=\"http:\/\/kommentatorenblog.de\/wp-content\/uploads\/2020\/09\/shure-55sh-ii-e1601485394796.jpg 415w, http:\/\/kommentatorenblog.de\/wp-content\/uploads\/2020\/09\/shure-55sh-ii-e1601485394796-142x300.jpg 142w\" sizes=\"auto, (max-width: 415px) 100vw, 415px\" \/><\/strong><\/em> <em><mark style=\"background-color:rgba(0, 0, 0, 0)\" class=\"has-inline-color has-vivid-cyan-blue-color\">ARD<\/mark><\/em>: Christina Graf, Field-Reporterin: Ina Kast<br>Moderation (<em><mark style=\"background-color:rgba(0, 0, 0, 0)\" class=\"has-inline-color has-vivid-cyan-blue-color\">ARD<\/mark><\/em>): Claus Lufen, Expertin: Almuth Schult<\/p>\n\n\n\n<p><em><strong><img loading=\"lazy\" decoding=\"async\" width=\"415\" height=\"874\" class=\"wp-image-3656\" style=\"width: 10px\" src=\"http:\/\/kommentatorenblog.de\/wp-content\/uploads\/2020\/09\/shure-55sh-ii-e1601485394796.jpg\" alt=\"\" srcset=\"http:\/\/kommentatorenblog.de\/wp-content\/uploads\/2020\/09\/shure-55sh-ii-e1601485394796.jpg 415w, http:\/\/kommentatorenblog.de\/wp-content\/uploads\/2020\/09\/shure-55sh-ii-e1601485394796-142x300.jpg 142w\" sizes=\"auto, (max-width: 415px) 100vw, 415px\" \/><\/strong><\/em> <em><mark style=\"background-color:rgba(0, 0, 0, 0)\" class=\"has-inline-color has-black-color\">DAZN<\/mark><\/em>: Markus Theil<\/p>\n\n\n\n<p><span style=\"text-decoration: underline;\">Freitag, 18. Juli 2025, ab 20.15 Uhr (<mark style=\"background-color:rgba(0, 0, 0, 0)\" class=\"has-inline-color has-vivid-cyan-blue-color\">Das Erste<\/mark>) bzw. ab 21.00 Uhr (DAZN)<\/span><\/p>\n\n\n\n<p><strong><em>Spanien <strong><em><strong>\u2013 <\/strong><\/em><\/strong>Schweiz (21.00 Uhr)<\/em><\/strong><\/p>\n\n\n\n<p><em><strong><img loading=\"lazy\" decoding=\"async\" width=\"415\" height=\"874\" class=\"wp-image-3656\" style=\"width: 10px\" src=\"http:\/\/kommentatorenblog.de\/wp-content\/uploads\/2020\/09\/shure-55sh-ii-e1601485394796.jpg\" alt=\"\" srcset=\"http:\/\/kommentatorenblog.de\/wp-content\/uploads\/2020\/09\/shure-55sh-ii-e1601485394796.jpg 415w, http:\/\/kommentatorenblog.de\/wp-content\/uploads\/2020\/09\/shure-55sh-ii-e1601485394796-142x300.jpg 142w\" sizes=\"auto, (max-width: 415px) 100vw, 415px\" \/><\/strong><\/em> <em><mark style=\"background-color:rgba(0, 0, 0, 0)\" class=\"has-inline-color has-vivid-cyan-blue-color\">ARD<\/mark><\/em>: Bernd Schmelzer, Field-Reporter: Patrick Halatsch<br>Moderation (<em><mark style=\"background-color:rgba(0, 0, 0, 0)\" class=\"has-inline-color has-vivid-cyan-blue-color\">ARD<\/mark><\/em>): Claus Lufen, Expertin: Almuth Schult<\/p>\n\n\n\n<p><em><strong><img loading=\"lazy\" decoding=\"async\" width=\"415\" height=\"874\" class=\"wp-image-3656\" style=\"width: 10px\" src=\"http:\/\/kommentatorenblog.de\/wp-content\/uploads\/2020\/09\/shure-55sh-ii-e1601485394796.jpg\" alt=\"\" srcset=\"http:\/\/kommentatorenblog.de\/wp-content\/uploads\/2020\/09\/shure-55sh-ii-e1601485394796.jpg 415w, http:\/\/kommentatorenblog.de\/wp-content\/uploads\/2020\/09\/shure-55sh-ii-e1601485394796-142x300.jpg 142w\" sizes=\"auto, (max-width: 415px) 100vw, 415px\" \/><\/strong><\/em> <em><mark style=\"background-color:rgba(0, 0, 0, 0)\" class=\"has-inline-color has-black-color\">DAZN<\/mark><\/em>: Oliver Fa\u00dfnacht<\/p>\n\n\n\n<p><span style=\"text-decoration: underline;\">Samstag, 19. Juli 2025, ab 20.15 Uhr (<mark style=\"background-color:rgba(0, 0, 0, 0)\" class=\"has-inline-color has-luminous-vivid-orange-color\">ZDF<\/mark>) bzw. ab 21.00 Uhr (DAZN)<\/span><\/p>\n\n\n\n<p><strong><em><strong>Deutschland \u2013 Schweden <\/strong>(21.00 Uhr)<\/em><\/strong><\/p>\n\n\n\n<p><em><strong><img loading=\"lazy\" decoding=\"async\" width=\"415\" height=\"874\" class=\"wp-image-3656\" style=\"width: 10px\" src=\"http:\/\/kommentatorenblog.de\/wp-content\/uploads\/2020\/09\/shure-55sh-ii-e1601485394796.jpg\" alt=\"\" srcset=\"http:\/\/kommentatorenblog.de\/wp-content\/uploads\/2020\/09\/shure-55sh-ii-e1601485394796.jpg 415w, http:\/\/kommentatorenblog.de\/wp-content\/uploads\/2020\/09\/shure-55sh-ii-e1601485394796-142x300.jpg 142w\" sizes=\"auto, (max-width: 415px) 100vw, 415px\" \/><\/strong><\/em> <em><mark style=\"background-color:rgba(0, 0, 0, 0)\" class=\"has-inline-color has-luminous-vivid-orange-color\">ZDF<\/mark><\/em>: Claudia Neumann<br>Moderation (Stadion) (<em><mark style=\"background-color:rgba(0, 0, 0, 0)\" class=\"has-inline-color has-luminous-vivid-orange-color\">ZDF<\/mark><\/em>): Katja Streso, Interviews: Johanna R\u00fcdiger &amp; Hermann Valkyser<br>Moderation (Studio) (<em><mark style=\"background-color:rgba(0, 0, 0, 0)\" class=\"has-inline-color has-luminous-vivid-orange-color\">ZDF<\/mark><\/em>): Sven Voss, Expertin: Kathrin Lehmann<\/p>\n\n\n\n<p><em><strong><img loading=\"lazy\" decoding=\"async\" width=\"415\" height=\"874\" class=\"wp-image-3656\" style=\"width: 10px\" src=\"http:\/\/kommentatorenblog.de\/wp-content\/uploads\/2020\/09\/shure-55sh-ii-e1601485394796.jpg\" alt=\"\" srcset=\"http:\/\/kommentatorenblog.de\/wp-content\/uploads\/2020\/09\/shure-55sh-ii-e1601485394796.jpg 415w, http:\/\/kommentatorenblog.de\/wp-content\/uploads\/2020\/09\/shure-55sh-ii-e1601485394796-142x300.jpg 142w\" sizes=\"auto, (max-width: 415px) 100vw, 415px\" \/><\/strong><\/em> <em><mark style=\"background-color:rgba(0, 0, 0, 0)\" class=\"has-inline-color has-black-color\">DAZN<\/mark><\/em>: Simon Sterzer<\/p>\n\n\n\n<hr class=\"wp-block-separator has-alpha-channel-opacity\"\/>\n\n\n\n<p><strong>Scottish League Cup (SCO), Gruppenphase (<mark style=\"background-color:rgba(0, 0, 0, 0)\" class=\"has-inline-color has-pale-cyan-blue-color\">Sportdigital<\/mark>)<\/strong><\/p>\n\n\n\n<p><span style=\"text-decoration: underline;\">Mittwoch, 16. Juli 2025<\/span><\/p>\n\n\n\n<p><strong><em>FC Kilmarnock <strong><em><strong>\u2013<\/strong><\/em><\/strong> FC Livingston<\/em><\/strong><strong><em> (20.45 Uhr)<\/em><\/strong><br><em><strong><img loading=\"lazy\" decoding=\"async\" width=\"415\" height=\"874\" class=\"wp-image-3656\" style=\"width: 10px\" src=\"http:\/\/kommentatorenblog.de\/wp-content\/uploads\/2020\/09\/shure-55sh-ii-e1601485394796.jpg\" alt=\"\" srcset=\"http:\/\/kommentatorenblog.de\/wp-content\/uploads\/2020\/09\/shure-55sh-ii-e1601485394796.jpg 415w, http:\/\/kommentatorenblog.de\/wp-content\/uploads\/2020\/09\/shure-55sh-ii-e1601485394796-142x300.jpg 142w\" sizes=\"auto, (max-width: 415px) 100vw, 415px\" \/><\/strong><\/em> Jakob Vogel<\/p>\n\n\n\n<p><span style=\"text-decoration: underline;\">Samstag, 19. Juli 2025<\/span><\/p>\n\n\n\n<p><strong><em>Stirling Albion &#8211; Heart of Midlothian (18.15 Uhr)<\/em><\/strong><br><em><strong><img loading=\"lazy\" decoding=\"async\" width=\"415\" height=\"874\" class=\"wp-image-3656\" style=\"width: 10px\" src=\"http:\/\/kommentatorenblog.de\/wp-content\/uploads\/2020\/09\/shure-55sh-ii-e1601485394796.jpg\" alt=\"\" srcset=\"http:\/\/kommentatorenblog.de\/wp-content\/uploads\/2020\/09\/shure-55sh-ii-e1601485394796.jpg 415w, http:\/\/kommentatorenblog.de\/wp-content\/uploads\/2020\/09\/shure-55sh-ii-e1601485394796-142x300.jpg 142w\" sizes=\"auto, (max-width: 415px) 100vw, 415px\" \/><\/strong><\/em> Christian Blunck<\/p>\n\n\n\n<hr class=\"wp-block-separator has-alpha-channel-opacity\"\/>\n\n\n\n<p><strong>Ekstraklasa (POL), 1. Spieltag (<mark style=\"background-color:rgba(0, 0, 0, 0)\" class=\"has-inline-color has-pale-cyan-blue-color\">Sportdigital<\/mark>)<\/strong><\/p>\n\n\n\n<p><span style=\"text-decoration: underline;\">Freitag, 18. Juli 2025<\/span><\/p>\n\n\n\n<p><strong><em>Lech Posen &#8211; Cracovia Krakau (20.30 Uhr)<\/em><\/strong><br><em><strong><img loading=\"lazy\" decoding=\"async\" width=\"415\" height=\"874\" class=\"wp-image-3656\" style=\"width: 10px\" src=\"http:\/\/kommentatorenblog.de\/wp-content\/uploads\/2020\/09\/shure-55sh-ii-e1601485394796.jpg\" alt=\"\" srcset=\"http:\/\/kommentatorenblog.de\/wp-content\/uploads\/2020\/09\/shure-55sh-ii-e1601485394796.jpg 415w, http:\/\/kommentatorenblog.de\/wp-content\/uploads\/2020\/09\/shure-55sh-ii-e1601485394796-142x300.jpg 142w\" sizes=\"auto, (max-width: 415px) 100vw, 415px\" \/><\/strong><\/em> Jonathan Dreier<\/p>\n\n\n\n<p><span style=\"text-decoration: underline;\"><span style=\"text-decoration: underline;\">Sonntag, 20. Juli 2025<\/span><\/span><\/p>\n\n\n\n<p><strong><em>Gornik Zabrze &#8211; Lechia Gdansk<\/em><\/strong> <strong><em>(14.45 Uhr)<\/em><\/strong><br><em><strong><img loading=\"lazy\" decoding=\"async\" width=\"415\" height=\"874\" class=\"wp-image-3656\" style=\"width: 10px\" src=\"http:\/\/kommentatorenblog.de\/wp-content\/uploads\/2020\/09\/shure-55sh-ii-e1601485394796.jpg\" alt=\"\" srcset=\"http:\/\/kommentatorenblog.de\/wp-content\/uploads\/2020\/09\/shure-55sh-ii-e1601485394796.jpg 415w, http:\/\/kommentatorenblog.de\/wp-content\/uploads\/2020\/09\/shure-55sh-ii-e1601485394796-142x300.jpg 142w\" sizes=\"auto, (max-width: 415px) 100vw, 415px\" \/><\/strong><\/em> J\u00f6rg Steiger<\/p>\n\n\n\n<hr class=\"wp-block-separator has-alpha-channel-opacity\"\/>\n\n\n\n<p><strong>Chance Liga (CZE), 1. Spieltag (<mark style=\"background-color:rgba(0, 0, 0, 0)\" class=\"has-inline-color has-pale-cyan-blue-color\">Sportdigital<\/mark>)<\/strong><\/p>\n\n\n\n<p><span style=\"text-decoration: underline;\"><span style=\"text-decoration: underline;\"><span style=\"text-decoration: underline;\">Sonntag, 20. Juli 2025<\/span><\/span><\/span><\/p>\n\n\n\n<p><strong><em>Slavia Prag &#8211; FC Hradec Kralove (20.30 Uhr)<\/em><\/strong><br><em><strong><img loading=\"lazy\" decoding=\"async\" width=\"415\" height=\"874\" class=\"wp-image-3656\" style=\"width: 10px\" src=\"http:\/\/kommentatorenblog.de\/wp-content\/uploads\/2020\/09\/shure-55sh-ii-e1601485394796.jpg\" alt=\"\" srcset=\"http:\/\/kommentatorenblog.de\/wp-content\/uploads\/2020\/09\/shure-55sh-ii-e1601485394796.jpg 415w, http:\/\/kommentatorenblog.de\/wp-content\/uploads\/2020\/09\/shure-55sh-ii-e1601485394796-142x300.jpg 142w\" sizes=\"auto, (max-width: 415px) 100vw, 415px\" \/><\/strong><\/em> Jakob Vogel<\/p>\n\n\n\n<hr class=\"wp-block-separator has-alpha-channel-opacity\"\/>\n\n\n\n<p><strong>Campeonato Brasileiro (BRA) (<mark style=\"background-color:rgba(0, 0, 0, 0)\" class=\"has-inline-color has-pale-cyan-blue-color\">Sportdigital<\/mark>)<\/strong><\/p>\n\n\n\n<p><strong>14. Spieltag<\/strong><\/p>\n\n\n\n<p><span style=\"text-decoration: underline;\"><span style=\"text-decoration: underline;\">Donnerstag, 17. Juli 2025<\/span><\/span><\/p>\n\n\n\n<p><strong><em>Palmeiras &#8211; Mirassol (0.00 Uhr)<\/em><\/strong><br><em><strong><img loading=\"lazy\" decoding=\"async\" width=\"415\" height=\"874\" class=\"wp-image-3656\" style=\"width: 10px\" src=\"http:\/\/kommentatorenblog.de\/wp-content\/uploads\/2020\/09\/shure-55sh-ii-e1601485394796.jpg\" alt=\"\" srcset=\"http:\/\/kommentatorenblog.de\/wp-content\/uploads\/2020\/09\/shure-55sh-ii-e1601485394796.jpg 415w, http:\/\/kommentatorenblog.de\/wp-content\/uploads\/2020\/09\/shure-55sh-ii-e1601485394796-142x300.jpg 142w\" sizes=\"auto, (max-width: 415px) 100vw, 415px\" \/><\/strong><\/em> Jonathan Dreier<\/p>\n\n\n\n<p><strong><em>Red Bull Bragantino &#8211; FC Sao Paulo (02.30 Uhr)<\/em><\/strong><br><em><strong><img loading=\"lazy\" decoding=\"async\" width=\"415\" height=\"874\" class=\"wp-image-3656\" style=\"width: 10px\" src=\"http:\/\/kommentatorenblog.de\/wp-content\/uploads\/2020\/09\/shure-55sh-ii-e1601485394796.jpg\" alt=\"\" srcset=\"http:\/\/kommentatorenblog.de\/wp-content\/uploads\/2020\/09\/shure-55sh-ii-e1601485394796.jpg 415w, http:\/\/kommentatorenblog.de\/wp-content\/uploads\/2020\/09\/shure-55sh-ii-e1601485394796-142x300.jpg 142w\" sizes=\"auto, (max-width: 415px) 100vw, 415px\" \/><\/strong><\/em> Arne Malsch<\/p>\n\n\n\n<p><strong>15. Spieltag<\/strong><\/p>\n\n\n\n<p><span style=\"text-decoration: underline;\"><span style=\"text-decoration: underline;\">Samstag, 19. Juli 2025<\/span><\/span><\/p>\n\n\n\n<p><strong><em>Vasco da Gama &#8211; Gremio<\/em><\/strong> <strong><em>(22.30 Uhr)<\/em><\/strong><br><em><strong><img loading=\"lazy\" decoding=\"async\" width=\"415\" height=\"874\" class=\"wp-image-3656\" style=\"width: 10px\" src=\"http:\/\/kommentatorenblog.de\/wp-content\/uploads\/2020\/09\/shure-55sh-ii-e1601485394796.jpg\" alt=\"\" srcset=\"http:\/\/kommentatorenblog.de\/wp-content\/uploads\/2020\/09\/shure-55sh-ii-e1601485394796.jpg 415w, http:\/\/kommentatorenblog.de\/wp-content\/uploads\/2020\/09\/shure-55sh-ii-e1601485394796-142x300.jpg 142w\" sizes=\"auto, (max-width: 415px) 100vw, 415px\" \/><\/strong><\/em> Karsten Linke<\/p>\n\n\n\n<p><span style=\"text-decoration: underline;\"><span style=\"text-decoration: underline;\">Sonntag, 20. Juli 2025<\/span><\/span><\/p>\n\n\n\n<p><strong><em>FC Sao Paulo &#8211; Corinthians<\/em><\/strong> <strong><em>(02.00 Uhr)<\/em><\/strong><br><em><strong><img loading=\"lazy\" decoding=\"async\" width=\"415\" height=\"874\" class=\"wp-image-3656\" style=\"width: 10px\" src=\"http:\/\/kommentatorenblog.de\/wp-content\/uploads\/2020\/09\/shure-55sh-ii-e1601485394796.jpg\" alt=\"\" srcset=\"http:\/\/kommentatorenblog.de\/wp-content\/uploads\/2020\/09\/shure-55sh-ii-e1601485394796.jpg 415w, http:\/\/kommentatorenblog.de\/wp-content\/uploads\/2020\/09\/shure-55sh-ii-e1601485394796-142x300.jpg 142w\" sizes=\"auto, (max-width: 415px) 100vw, 415px\" \/><\/strong><\/em>&nbsp;Marcus Radefeld<\/p>\n\n\n\n<p><strong><em>Palmeiras &#8211; Atletico Mineiro<\/em><\/strong> <strong><em>(22.30 Uhr)<\/em><\/strong><br><em><strong><img loading=\"lazy\" decoding=\"async\" width=\"415\" height=\"874\" class=\"wp-image-3656\" style=\"width: 10px\" src=\"http:\/\/kommentatorenblog.de\/wp-content\/uploads\/2020\/09\/shure-55sh-ii-e1601485394796.jpg\" alt=\"\" srcset=\"http:\/\/kommentatorenblog.de\/wp-content\/uploads\/2020\/09\/shure-55sh-ii-e1601485394796.jpg 415w, http:\/\/kommentatorenblog.de\/wp-content\/uploads\/2020\/09\/shure-55sh-ii-e1601485394796-142x300.jpg 142w\" sizes=\"auto, (max-width: 415px) 100vw, 415px\" \/><\/strong><\/em>&nbsp;Martin Hahn<\/p>\n\n\n\n<hr class=\"wp-block-separator has-alpha-channel-opacity\"\/>\n\n\n\n<p><strong>Liga Profesional (ARG), 2. Spieltag (<mark style=\"background-color:rgba(0, 0, 0, 0)\" class=\"has-inline-color has-pale-cyan-blue-color\">Sportdigital<\/mark>)<\/strong><\/p>\n\n\n\n<p><span style=\"text-decoration: underline;\"><span style=\"text-decoration: underline;\">Samstag, 19. Juli 2025<\/span><\/span><\/p>\n\n\n\n<p><strong><em>Boca Juniors &#8211; CA Union Santa Fe<\/em><\/strong> <strong><em>(00.30 Uhr)<\/em><\/strong><br><em><strong><img loading=\"lazy\" decoding=\"async\" width=\"415\" height=\"874\" class=\"wp-image-3656\" style=\"width: 10px\" src=\"http:\/\/kommentatorenblog.de\/wp-content\/uploads\/2020\/09\/shure-55sh-ii-e1601485394796.jpg\" alt=\"\" srcset=\"http:\/\/kommentatorenblog.de\/wp-content\/uploads\/2020\/09\/shure-55sh-ii-e1601485394796.jpg 415w, http:\/\/kommentatorenblog.de\/wp-content\/uploads\/2020\/09\/shure-55sh-ii-e1601485394796-142x300.jpg 142w\" sizes=\"auto, (max-width: 415px) 100vw, 415px\" \/><\/strong><\/em> Karsten Linke<\/p>\n\n\n\n<hr class=\"wp-block-separator has-alpha-channel-opacity\"\/>\n\n\n\n<p><strong>CONMEBOL Sudamericana, Playoff-Runde, Hin (<mark style=\"background-color:rgba(0, 0, 0, 0)\" class=\"has-inline-color has-pale-cyan-blue-color\">Sportdigital<\/mark>)<\/strong><\/p>\n\n\n\n<p><span style=\"text-decoration: underline;\">Mittwoch, 16. Juli 2025<\/span><\/p>\n\n\n\n<p><em><strong>Central Cordoba <\/strong>(ARG)<strong>&nbsp;\u2013 Cerro Largo <\/strong>(URU)<strong>&nbsp;(00.00 Uhr)<\/strong><\/em><br><img loading=\"lazy\" decoding=\"async\" width=\"10\" height=\"21\" srcset=\"https:\/\/kommentatorenblog.de\/wp-content\/uploads\/2020\/09\/shure-55sh-ii-e1601485394796.jpg 415w, https:\/\/kommentatorenblog.de\/wp-content\/uploads\/2020\/09\/shure-55sh-ii-e1601485394796-142x300.jpg 142w\" src=\"http:\/\/kommentatorenblog.de\/wp-content\/uploads\/2020\/09\/shure-55sh-ii-e1601485394796.jpg\" alt=\"\">&nbsp;Moritz Knorr<\/p>\n\n\n\n<p><em><strong>Independiente del Valle <\/strong>(ECU)<strong> <em><strong>\u2013<\/strong><\/em> CR Vasco da Gama <\/strong>(BRA)<strong>&nbsp;(02.30 Uhr)<\/strong><\/em><br><img loading=\"lazy\" decoding=\"async\" width=\"10\" height=\"21\" srcset=\"https:\/\/kommentatorenblog.de\/wp-content\/uploads\/2020\/09\/shure-55sh-ii-e1601485394796.jpg 415w, https:\/\/kommentatorenblog.de\/wp-content\/uploads\/2020\/09\/shure-55sh-ii-e1601485394796-142x300.jpg 142w\" src=\"http:\/\/kommentatorenblog.de\/wp-content\/uploads\/2020\/09\/shure-55sh-ii-e1601485394796.jpg\" alt=\"\">&nbsp;Christian Blunck<\/p>\n\n\n\n<hr class=\"wp-block-separator has-alpha-channel-opacity\"\/>\n\n\n\n<p><strong>J. League (JPN), 24. Spieltag (<mark style=\"background-color:rgba(0, 0, 0, 0)\" class=\"has-inline-color has-pale-cyan-blue-color\">Sportdigital<\/mark>)<\/strong><\/p>\n\n\n\n<p><span style=\"text-decoration: underline;\"><span style=\"text-decoration: underline;\">Sonntag, 20. Juli 2025<\/span><\/span><\/p>\n\n\n\n<p><strong><em>Gamba Osaka &#8211; Kawasaki Frontale<\/em><\/strong> <strong><em>(12.00 Uhr)<\/em><\/strong><br><em><strong><img loading=\"lazy\" decoding=\"async\" width=\"415\" height=\"874\" class=\"wp-image-3656\" style=\"width: 10px\" src=\"http:\/\/kommentatorenblog.de\/wp-content\/uploads\/2020\/09\/shure-55sh-ii-e1601485394796.jpg\" alt=\"\" srcset=\"http:\/\/kommentatorenblog.de\/wp-content\/uploads\/2020\/09\/shure-55sh-ii-e1601485394796.jpg 415w, http:\/\/kommentatorenblog.de\/wp-content\/uploads\/2020\/09\/shure-55sh-ii-e1601485394796-142x300.jpg 142w\" sizes=\"auto, (max-width: 415px) 100vw, 415px\" \/><\/strong><\/em> Ulf Kahmke<\/p>\n\n\n\n<hr class=\"wp-block-separator has-alpha-channel-opacity\"\/>\n\n\n\n<p><strong>Testspiele<\/strong><\/p>\n\n\n\n<p><span style=\"text-decoration: underline;\">Freitag, 18. Juli 2025, ab 14.00 Uhr (<mark style=\"background-color:rgba(0, 0, 0, 0)\" class=\"has-inline-color has-pale-cyan-blue-color\">Volksstimme<\/mark>)<\/span><\/p>\n\n\n\n<p><strong><em>1. FC Magdeburg <\/em><\/strong><em>(GER)<\/em><strong><em> &#8211; Rot-Weiss Essen <\/em><\/strong><em>(GER)<\/em><strong><em> (14.00 Uhr)<\/em><\/strong><br><em><strong><img loading=\"lazy\" decoding=\"async\" width=\"415\" height=\"874\" class=\"wp-image-3656\" style=\"width: 10px\" src=\"http:\/\/kommentatorenblog.de\/wp-content\/uploads\/2020\/09\/shure-55sh-ii-e1601485394796.jpg\" alt=\"\" srcset=\"http:\/\/kommentatorenblog.de\/wp-content\/uploads\/2020\/09\/shure-55sh-ii-e1601485394796.jpg 415w, http:\/\/kommentatorenblog.de\/wp-content\/uploads\/2020\/09\/shure-55sh-ii-e1601485394796-142x300.jpg 142w\" sizes=\"auto, (max-width: 415px) 100vw, 415px\" \/><\/strong><\/em> Torsten Grundmann, Experte: Christian Beck<\/p>\n\n\n\n<p><span style=\"text-decoration: underline;\">ab 17.50 Uhr (<mark style=\"background-color:rgba(0, 0, 0, 0)\" class=\"has-inline-color has-vivid-red-color\">ServusTV On<\/mark>)<\/span><\/p>\n\n\n\n<p><strong><em>FC Salzburg <\/em><\/strong><em>(AUT)<\/em><strong><em> &#8211; Derby County <\/em><\/strong><em>(ENG)<\/em><strong><em> (18.00 Uhr)<\/em><\/strong><br><em><strong><img loading=\"lazy\" decoding=\"async\" width=\"415\" height=\"874\" class=\"wp-image-3656\" style=\"width: 10px\" src=\"http:\/\/kommentatorenblog.de\/wp-content\/uploads\/2020\/09\/shure-55sh-ii-e1601485394796.jpg\" alt=\"\" srcset=\"http:\/\/kommentatorenblog.de\/wp-content\/uploads\/2020\/09\/shure-55sh-ii-e1601485394796.jpg 415w, http:\/\/kommentatorenblog.de\/wp-content\/uploads\/2020\/09\/shure-55sh-ii-e1601485394796-142x300.jpg 142w\" sizes=\"auto, (max-width: 415px) 100vw, 415px\" \/><\/strong><\/em> ???<\/p>\n\n\n\n<p><span style=\"text-decoration: underline;\">ab 19.55 Uhr (DAZN\/Sky)<\/span><\/p>\n\n\n\n<p><strong><em>Flamengo Rio de Janeiro U20 <\/em><\/strong><em>(BRA)<\/em><strong><em> &#8211; Bayer 04 Leverkusen <\/em><\/strong><em>(GER)<\/em><strong><em> (20.00 Uhr)<\/em><\/strong><\/p>\n\n\n\n<p><em><strong><img loading=\"lazy\" decoding=\"async\" width=\"415\" height=\"874\" class=\"wp-image-3656\" style=\"width: 10px\" src=\"http:\/\/kommentatorenblog.de\/wp-content\/uploads\/2020\/09\/shure-55sh-ii-e1601485394796.jpg\" alt=\"\" srcset=\"http:\/\/kommentatorenblog.de\/wp-content\/uploads\/2020\/09\/shure-55sh-ii-e1601485394796.jpg 415w, http:\/\/kommentatorenblog.de\/wp-content\/uploads\/2020\/09\/shure-55sh-ii-e1601485394796-142x300.jpg 142w\" sizes=\"auto, (max-width: 415px) 100vw, 415px\" \/><\/strong><\/em> <em>DAZN<\/em>: \u00dcbernahme von Werkself-TV<\/p>\n\n\n\n<p><em><strong><img loading=\"lazy\" decoding=\"async\" width=\"415\" height=\"874\" class=\"wp-image-3656\" style=\"width: 10px\" src=\"http:\/\/kommentatorenblog.de\/wp-content\/uploads\/2020\/09\/shure-55sh-ii-e1601485394796.jpg\" alt=\"\" srcset=\"http:\/\/kommentatorenblog.de\/wp-content\/uploads\/2020\/09\/shure-55sh-ii-e1601485394796.jpg 415w, http:\/\/kommentatorenblog.de\/wp-content\/uploads\/2020\/09\/shure-55sh-ii-e1601485394796-142x300.jpg 142w\" sizes=\"auto, (max-width: 415px) 100vw, 415px\" \/><\/strong><\/em> <em>Sky<\/em>: Tobias Roth<\/p>\n\n\n\n<p><span style=\"text-decoration: underline;\">Samstag, 19. Juli 2025, ab 13.55 Uhr (<mark style=\"background-color:rgba(0, 0, 0, 0)\" class=\"has-inline-color has-vivid-cyan-blue-color\">DF1<\/mark>\/<mark style=\"background-color:rgba(0, 0, 0, 0)\" class=\"has-inline-color has-vivid-red-color\">ServusTV On<\/mark>)<\/span><\/p>\n\n\n\n<p><strong><em>FC Schalke 04 <\/em><\/strong><em>(GER)<\/em><strong><em> &#8211; FC Twente Enschede <\/em><\/strong><em>(NED)<\/em><strong><em> (14.00 Uhr)<\/em><\/strong><br><em><strong><img loading=\"lazy\" decoding=\"async\" width=\"415\" height=\"874\" class=\"wp-image-3656\" style=\"width: 10px\" src=\"http:\/\/kommentatorenblog.de\/wp-content\/uploads\/2020\/09\/shure-55sh-ii-e1601485394796.jpg\" alt=\"\" srcset=\"http:\/\/kommentatorenblog.de\/wp-content\/uploads\/2020\/09\/shure-55sh-ii-e1601485394796.jpg 415w, http:\/\/kommentatorenblog.de\/wp-content\/uploads\/2020\/09\/shure-55sh-ii-e1601485394796-142x300.jpg 142w\" sizes=\"auto, (max-width: 415px) 100vw, 415px\" \/><\/strong><\/em> Klaus Veltman, Experte: Mirko Slomka<\/p>\n\n\n\n<p><span style=\"text-decoration: underline;\">ab 15.15 Uhr (Sky\/sport.sky.de)<\/span><\/p>\n\n\n\n<p><strong><em>BSV Kickers Emden <\/em><\/strong><em>(GER)<\/em><strong><em> &#8211; SV Werder Bremen <\/em><\/strong><em>(GER)<\/em><strong><em> (15.30 Uhr)<\/em><\/strong><br><em><strong><img loading=\"lazy\" decoding=\"async\" width=\"415\" height=\"874\" class=\"wp-image-3656\" style=\"width: 10px\" src=\"http:\/\/kommentatorenblog.de\/wp-content\/uploads\/2020\/09\/shure-55sh-ii-e1601485394796.jpg\" alt=\"\" srcset=\"http:\/\/kommentatorenblog.de\/wp-content\/uploads\/2020\/09\/shure-55sh-ii-e1601485394796.jpg 415w, http:\/\/kommentatorenblog.de\/wp-content\/uploads\/2020\/09\/shure-55sh-ii-e1601485394796-142x300.jpg 142w\" sizes=\"auto, (max-width: 415px) 100vw, 415px\" \/><\/strong><\/em> Jesco von Eichmann<br>Moderation: Sven T\u00f6llner<\/p>\n\n\n\n<p><span style=\"text-decoration: underline;\">ab 15.55 Uhr (<mark style=\"background-color:rgba(0, 0, 0, 0)\" class=\"has-inline-color has-vivid-cyan-blue-color\">MDR-Livestream<\/mark>\/<mark style=\"background-color:rgba(0, 0, 0, 0)\" class=\"has-inline-color has-pale-cyan-blue-color\">Volksstimme<\/mark>)<\/span><\/p>\n\n\n\n<p><strong><em>Chemnitzer FC <\/em><\/strong><em>(GER)<\/em><strong><em> &#8211; 1. FC Magdeburg <\/em><\/strong><em>(GER)<\/em><strong><em> (16.00 Uhr)<\/em><\/strong><\/p>\n\n\n\n<p><em><strong><img loading=\"lazy\" decoding=\"async\" width=\"415\" height=\"874\" class=\"wp-image-3656\" style=\"width: 10px\" src=\"http:\/\/kommentatorenblog.de\/wp-content\/uploads\/2020\/09\/shure-55sh-ii-e1601485394796.jpg\" alt=\"\" srcset=\"http:\/\/kommentatorenblog.de\/wp-content\/uploads\/2020\/09\/shure-55sh-ii-e1601485394796.jpg 415w, http:\/\/kommentatorenblog.de\/wp-content\/uploads\/2020\/09\/shure-55sh-ii-e1601485394796-142x300.jpg 142w\" sizes=\"auto, (max-width: 415px) 100vw, 415px\" \/><\/strong><\/em> <mark style=\"background-color:rgba(0, 0, 0, 0)\" class=\"has-inline-color has-vivid-cyan-blue-color\"><em>MDR-Livestream<\/em><\/mark>: Thomas Kunze<\/p>\n\n\n\n<p><em><strong><img loading=\"lazy\" decoding=\"async\" width=\"415\" height=\"874\" class=\"wp-image-3656\" style=\"width: 10px\" src=\"http:\/\/kommentatorenblog.de\/wp-content\/uploads\/2020\/09\/shure-55sh-ii-e1601485394796.jpg\" alt=\"\" srcset=\"http:\/\/kommentatorenblog.de\/wp-content\/uploads\/2020\/09\/shure-55sh-ii-e1601485394796.jpg 415w, http:\/\/kommentatorenblog.de\/wp-content\/uploads\/2020\/09\/shure-55sh-ii-e1601485394796-142x300.jpg 142w\" sizes=\"auto, (max-width: 415px) 100vw, 415px\" \/><\/strong><\/em> <mark style=\"background-color:rgba(0, 0, 0, 0)\" class=\"has-inline-color has-pale-cyan-blue-color\"><em>Volksstimme<\/em><\/mark>: Torsten Grundmann<\/p>\n\n\n\n<p><span style=\"text-decoration: underline;\">ab 16.00 Uhr (<mark style=\"background-color:rgba(0, 0, 0, 0)\" class=\"has-inline-color has-vivid-red-color\">ServusTV On<\/mark>)<\/span><\/p>\n\n\n\n<p><strong><em>FC Hansa Rostock <\/em><\/strong><em>(GER)<\/em><strong><em> &#8211; Aston Villa <\/em><\/strong><em>(ENG)<\/em><strong><em> (16.00 Uhr)<\/em><\/strong><br><em><strong><img loading=\"lazy\" decoding=\"async\" width=\"415\" height=\"874\" class=\"wp-image-3656\" style=\"width: 10px\" src=\"http:\/\/kommentatorenblog.de\/wp-content\/uploads\/2020\/09\/shure-55sh-ii-e1601485394796.jpg\" alt=\"\" srcset=\"http:\/\/kommentatorenblog.de\/wp-content\/uploads\/2020\/09\/shure-55sh-ii-e1601485394796.jpg 415w, http:\/\/kommentatorenblog.de\/wp-content\/uploads\/2020\/09\/shure-55sh-ii-e1601485394796-142x300.jpg 142w\" sizes=\"auto, (max-width: 415px) 100vw, 415px\" \/><\/strong><\/em> Klaus Veltman, Experte: Mirko Slomka<\/p>\n\n\n\n<p><span style=\"text-decoration: underline;\">Sonntag, 20. Juli 2025, ab 13.55 Uhr (<mark style=\"background-color:rgba(0, 0, 0, 0)\" class=\"has-inline-color has-vivid-cyan-blue-color\">MDR-Livestream<\/mark>)<\/span><\/p>\n\n\n\n<p><strong><em>VW-Cup mit FSV Zwickau, Dynamo Dresden, VfL Wolfsburg (14.00 Uhr)<\/em><\/strong><br><em><strong><img loading=\"lazy\" decoding=\"async\" width=\"415\" height=\"874\" class=\"wp-image-3656\" style=\"width: 10px\" src=\"http:\/\/kommentatorenblog.de\/wp-content\/uploads\/2020\/09\/shure-55sh-ii-e1601485394796.jpg\" alt=\"\" srcset=\"http:\/\/kommentatorenblog.de\/wp-content\/uploads\/2020\/09\/shure-55sh-ii-e1601485394796.jpg 415w, http:\/\/kommentatorenblog.de\/wp-content\/uploads\/2020\/09\/shure-55sh-ii-e1601485394796-142x300.jpg 142w\" sizes=\"auto, (max-width: 415px) 100vw, 415px\" \/><\/strong><\/em> Eik Galley<br>Moderation: Ren\u00e9 Kindermann<\/p>\n\n\n\n<p><span style=\"text-decoration: underline;\">ab 15.55 Uhr (Sky\/sport.sky.de)<\/span><\/p>\n\n\n\n<p><strong><em>FC St. Pauli <\/em><\/strong><em>(GER)<\/em><strong><em> &#8211; Karlsruher SC <\/em><\/strong><em>(GER)<\/em><strong><em> (16.00 Uhr)<\/em><\/strong><br><em><strong><img loading=\"lazy\" decoding=\"async\" width=\"415\" height=\"874\" class=\"wp-image-3656\" style=\"width: 10px\" src=\"http:\/\/kommentatorenblog.de\/wp-content\/uploads\/2020\/09\/shure-55sh-ii-e1601485394796.jpg\" alt=\"\" srcset=\"http:\/\/kommentatorenblog.de\/wp-content\/uploads\/2020\/09\/shure-55sh-ii-e1601485394796.jpg 415w, http:\/\/kommentatorenblog.de\/wp-content\/uploads\/2020\/09\/shure-55sh-ii-e1601485394796-142x300.jpg 142w\" sizes=\"auto, (max-width: 415px) 100vw, 415px\" \/><\/strong><\/em> Dominik M\u00fcller<\/p>\n\n\n\n<hr class=\"wp-block-separator has-alpha-channel-opacity\"\/>\n\n\n\n<p><strong>Die Analyse<\/strong><\/p>\n\n\n\n<p>Wie gewohnt haben ARD und ZDF die Viertelfinals nach dem letzten Gruppenspieltag verteilt, klar war bereits, dass das Zweite die Partie der DFB-Frauen \u00fcbertragen wird. Ein m\u00f6gliches Halbfinale des DFB-Teams g\u00e4be es im Ersten zu sehen, w\u00e4hrend das ZDF das Finale aus Basel \u00fcbertragen wird.<\/p>\n\n\n\n<p>Los geht es am Mittwoch im ZDF mit Norwegen-Italien, hier k\u00f6nnte Norbert Galeske m\u00f6glicherweise von der EM-B\u00fchne verabschiedet werden, sollte er nicht auch noch f\u00fcr das Halb- oder Finale eingeteilt werden. <\/p>\n\n\n\n<p>Dass Christina Graf ein Viertelfinale in der ARD \u00fcbernehmen wird, war bereits bekannt, da sie direkt im Anschluss von der bereits laufenden Schwimm-WM berichten wird, \u00fcberrascht es auch nicht, dass sie das erste Viertelfinale der ARD, mit dem deutschen Gruppengegner Schweden, \u00fcbernimmt.<\/p>\n\n\n\n<p>Daf\u00fcr \u00fcbernimmt dann Bernd Schmelzer das andere Viertelfinale im Ersten. Stephanie Baczyk, die die meisten Eins\u00e4tze in der Gruppenphase hatte, hat sich wohl via Instagram mittlerweile von der EM verabschiedet, so sieht es danach aus, dass Schmelzer auch bei dieser EM das Halbfinale kommentieren wird. Offen ist noch, wer das Re-Live der DFB-Elf gegen Frankreich \u00fcbernehmen wird, die Partie gegen Schweden kommentierte ebenfalls Stephanie Baczyk. Die Aufteilung bei den Interviews f\u00fcr die ARD ist uns aktuell noch unklar, anzunehmen ist jedoch, dass Halatsch und\/oder Kast zum Einsatz kommen (<strong><em>Update<\/em><\/strong>: am Donnerstag Kast, am Freitag dann Halatsch).<\/p>\n\n\n\n<p>Klar ist hingegen, wer live im ZDF die Partie Frankreich-Deutschland kommentiert: Claudia Neumann \u00fcbernimmt erneut das deutsche Spiel und meldet sich live aus Basel. Vom Spielfeld meldet sich dazu erneut Katja Streso, allerdings ohne Fritzy Kromp. Das \u00fcberrascht weniger, da sie zu Beginn des Turnieres meinte, dass ihre Eins\u00e4tze vor allem auf die Gruppenphase fokussiert seien und f\u00fcr ihre Mannschaft (Werder) am Samstag Trainingsauftakt ist.<\/p>\n\n\n\n<p>Bei DAZN wird im Viertelfinale munter durch rotiert, hier kommentieren Fa\u00dfnacht, Theil und Naebers. Das deutsche Viertelfinale \u00fcbernimmt Simon Sterzer. Erster Einsatz von ihm bei einem DFB-Spiel und &#8211; Stand jetzt &#8211; auch das erste deutsche Spiel ohne eine Expertin. <\/p>\n\n\n\n<p>Bei Sportdigital gibt es wie gewohnt eine Menge internationalen Fu\u00dfball, darunter neu auch die Campeonato Brasileiro.<\/p>\n\n\n\n<p>Hier geht es dann am Montag wieder weiter, dann meldet sich Nico an dieser Stelle mit den Halbfinals &#8211; hoffentlich mit deutscher Beteiligung.<\/p>\n","protected":false},"excerpt":{"rendered":"<p>N&#8217;Abend allerseits, die Gruppenphase der EM ist vor\u00fcber, die ersten K.O.-Spiele stehen an. Die Veranstalter als auch ARD und ZDF (bei DAZN liegen mir keine Daten vor) d\u00fcrften mit Blick auf die Zuschauerzahlen bisher sehr zufrieden sein, auch wenn die weitere Entwicklung im TV auch durch das weitere deutsche Abschneiden beeinflusst werden d\u00fcrfte. Wir erinnern, [&hellip;]<\/p>\n","protected":false},"author":10,"featured_media":0,"comment_status":"open","ping_status":"open","sticky":false,"template":"","format":"standard","meta":{"footnotes":""},"categories":[1343,426],"tags":[548,920,19,263,582,57,615,36,636,13,1017,580,462,1055,1168,405,267,960,507,58,59,737,958,676,1349,503,239,649,223,17,303,715,709,665,497,525,1208,696,22,134,102,710,1167,1308,1351,402,1350,37],"class_list":["post-22188","post","type-post","status-publish","format-standard","hentry","category-em-2025","category-laenderspiele","tag-almuth-schult","tag-amelie-stiefvatter","tag-ard","tag-arne-malsch","tag-bernd-schmelzer","tag-christian-blunck","tag-christina-graf","tag-claudia-neumann","tag-claus-lufen","tag-dazn","tag-df1","tag-dominik-mueller","tag-eik-galley","tag-hermann-valkyser","tag-ina-kast","tag-jakob-vogel","tag-jesco-von-eichmann","tag-johanna-ruediger","tag-jonathan-dreier","tag-joerg-steiger","tag-karsten-linke","tag-kathrin-lehmann","tag-katja-streso","tag-klaus-veltman","tag-lina-magull","tag-marcus-radefeld","tag-markus-theil","tag-martin-hahn","tag-matthias-naebers","tag-mdr","tag-mirko-slomka","tag-moritz-knorr","tag-norbert-galeske","tag-oliver-fassnacht-2","tag-patrick-halatsch","tag-rene-kindermann","tag-servustv-on","tag-simon-sterzer","tag-sky","tag-sportdigital-fussball","tag-sven-toellner","tag-sven-voss","tag-thomas-kunze","tag-tobias-roth","tag-torsten-grundmann","tag-ulf-kahmke","tag-volksstimme","tag-zdf"],"_links":{"self":[{"href":"http:\/\/kommentatorenblog.de\/index.php?rest_route=\/wp\/v2\/posts\/22188","targetHints":{"allow":["GET"]}}],"collection":[{"href":"http:\/\/kommentatorenblog.de\/index.php?rest_route=\/wp\/v2\/posts"}],"about":[{"href":"http:\/\/kommentatorenblog.de\/index.php?rest_route=\/wp\/v2\/types\/post"}],"author":[{"embeddable":true,"href":"http:\/\/kommentatorenblog.de\/index.php?rest_route=\/wp\/v2\/users\/10"}],"replies":[{"embeddable":true,"href":"http:\/\/kommentatorenblog.de\/index.php?rest_route=%2Fwp%2Fv2%2Fcomments&post=22188"}],"version-history":[{"count":34,"href":"http:\/\/kommentatorenblog.de\/index.php?rest_route=\/wp\/v2\/posts\/22188\/revisions"}],"predecessor-version":[{"id":22248,"href":"http:\/\/kommentatorenblog.de\/index.php?rest_route=\/wp\/v2\/posts\/22188\/revisions\/22248"}],"wp:attachment":[{"href":"http:\/\/kommentatorenblog.de\/index.php?rest_route=%2Fwp%2Fv2%2Fmedia&parent=22188"}],"wp:term":[{"taxonomy":"category","embeddable":true,"href":"http:\/\/kommentatorenblog.de\/index.php?rest_route=%2Fwp%2Fv2%2Fcategories&post=22188"},{"taxonomy":"post_tag","embeddable":true,"href":"http:\/\/kommentatorenblog.de\/index.php?rest_route=%2Fwp%2Fv2%2Ftags&post=22188"}],"curies":[{"name":"wp","href":"https:\/\/api.w.org\/{rel}","templated":true}]}}