{"id":222,"date":"2019-08-26T18:33:34","date_gmt":"2019-08-26T18:33:34","guid":{"rendered":"http:\/\/kommentatorenblog.de\/?p=222"},"modified":"2020-12-30T16:08:01","modified_gmt":"2020-12-30T16:08:01","slug":"1010-eingespieltes-team","status":"publish","type":"post","link":"http:\/\/kommentatorenblog.de\/?p=222","title":{"rendered":"1011 &#8211; Eingespieltes Team"},"content":{"rendered":"\n<p>N\u2018Abend allerseits,<\/p>\n\n\n\n<p>Viel gesehen habe ich vom vergangenen Spieltag nicht, die letzten Arbeitstage als Azubi haben mich am Wochenende eingespannt. Die Partie am Freitag zwischen den K\u00f6lnern und dem BVB habe ich jedoch gesehen &#8211; die \u00dcbertragung von DAZN hat mir pers\u00f6nlich gut gefallen, Jan Platte und Ralph Gunesch sind ein eingespieltes Team. Lediglich bin ich der Meinung, dass die Vorberichte durchaus auf eine halbe Stunde ausgeweitet werden d\u00fcrfen, der Vorspann wirkte ein bisschen&#8230; gehetzt. <\/p>\n\n\n\n<p>Ihr habt bereits unterm letzten Beitrag flei\u00dfig eure Meinung zu den \u00dcbertragungen abgegeben, gerne weiter so. Es ist immer interessant zu lesen, die Meinungen gehen bei gewissen Dingen sehr weit auseinander, aber das ist auch vollkommen in Ordnung so. Solange es nicht in Trollerei ausartet, ist alles im gr\u00fcnem Bereich!<\/p>\n\n\n\n<p><strong><em><span style=\"text-decoration: underline;\">Die Ansetzungen vom 27. August 2019 bis zum 29. August 2019<\/span><\/em><\/strong><\/p>\n\n\n\n<p><strong><em>Auslosungen<\/em><\/strong><\/p>\n\n\n\n<p><span style=\"text-decoration: underline;\">Donnerstag, 29. August 2019<\/span><\/p>\n\n\n\n<p><strong><em>Auslosung UEFA Champions League, Gruppenphase (18.00 Uhr)<\/em><\/strong><\/p>\n\n\n\n<p>Sky Sport News HD: ???<br>DAZN: Christoph Stadtler, Experte: Lutz Pfannenstiel<\/p>\n\n\n\n<p><strong><em>UEFA Champions-League, Playoff-R\u00fcckspiele<\/em><\/strong><\/p>\n\n\n\n<p><span style=\"text-decoration: underline;\">Dienstag, 27. August 2019<\/span><\/p>\n\n\n\n<p><strong><em>FK Krasnodar &#8211; Olympiakos Pir\u00e4us (21.00 Uhr)<\/em><\/strong><\/p>\n\n\n\n<p>DAZN: Carsten Fu\u00df (Einzelspiel)<br>Sky: Toni Tomic (Konferenz)<\/p>\n\n\n\n<p><strong><em>Roter Stern Belgrad &#8211; Young Boys Bern (21.00 Uhr)<\/em><\/strong><\/p>\n\n\n\n<p>Sky: Roland Evers (Einzelspiel), Marcel Meinert (Konferenz)<\/p>\n\n\n\n<p><strong><em>Rosenborg Trondheim &#8211; Dinamo Zagreb (21.00 Uhr)<\/em><\/strong><\/p>\n\n\n\n<p>Sky: J\u00f6rg Dahlmann (Konferenz)<\/p>\n\n\n\n<p><span style=\"text-decoration: underline;\">Mittwoch, 28. August 2019<\/span><\/p>\n\n\n\n<p><strong><em>FC Br\u00fcgge &#8211; LASK Linz (21.00 Uhr)<\/em><\/strong><\/p>\n\n\n\n<p>Sky: Martin Konrad (Einzelspiel), Kai Dittmann (Konferenz)<br>DAZN: Philipp Krummholz, Experte: Oliver Lederer (Einzelspiel)<\/p>\n\n\n\n<p><strong><em>Slavia Prag &#8211; CFR Cluj (21.00 Uhr)<\/em><\/strong><\/p>\n\n\n\n<p>DAZN: Flo Hauser (Einzelspiel)<br>Sky: J\u00f6rg Dahlmann (Konferenz)<\/p>\n\n\n\n<p><strong><em>Ajax Amsterdam &#8211; APOEL Nikosia (21.00 Uhr)<\/em><\/strong><\/p>\n\n\n\n<p>Sky: Toni Tomic (Konferenz)<\/p>\n\n\n\n<p><strong><em>UEFA Europa League, Playoff-R\u00fcckspiele<\/em><\/strong><\/p>\n\n\n\n<p><span style=\"text-decoration: underline;\">Donnerstag, 29. August 2019<\/span><\/p>\n\n\n\n<p><strong><em>Eintracht Frankfurt &#8211; Racing Stra\u00dfburg (20.30 Uhr)<\/em><\/strong><\/p>\n\n\n\n<p>Nitro: Marco Hagemann <\/p>\n\n\n\n<p>Moderation (Nitro): Laura Wontorra<\/p>\n\n\n\n<p><strong><em>Fu\u00dfball International <\/em><\/strong><\/p>\n\n\n\n<p><span style=\"text-decoration: underline;\">Dienstag, 27. August 2019<\/span><\/p>\n\n\n\n<p>Carabao Cup, 2. Runde: <strong><em>Crewe Alexandra &#8211; Aston Villa (20.45 Uhr)<\/em><\/strong><\/p>\n\n\n\n<p>DAZN: Uli Hebel<\/p>\n\n\n\n<p>Carabao Cup, 2. Runde: <strong><em>AFC<\/em><\/strong> <b><i>Newport <\/i><\/b><strong><em>County &#8211; West Ham United (20.45 Uhr)<\/em><\/strong><\/p>\n\n\n\n<p>DAZN: Marcel Seufert<\/p>\n\n\n\n<p><span style=\"text-decoration: underline;\">Mittwoch, 28. August 2019<\/span><\/p>\n\n\n\n<p>Carabao Cup, 2. Runde: <strong><em>Lincoln City F.C. &#8211; FC Everton (20.45 Uhr)<\/em><\/strong><\/p>\n\n\n\n<p>DAZN: Tom Kirsten<\/p>\n\n\n\n<p>Ligue 1, 3. Spieltag: <strong><em>O.G.C. Nizza &#8211; Olympique Marseille (21.00 Uhr)<\/em><\/strong><\/p>\n\n\n\n<p>DAZN: David Ploch <\/p>\n\n\n\n<p><span style=\"text-decoration: underline;\">Donnerstag, 29. August 2019<\/span><\/p>\n\n\n\n<p>Copa Libertadores, Viertelfinale, R\u00fcckspiel: <strong><em>Boca Juniors (ARG) &#8211; LDU Quito (ECU) (00.15 Uhr)<\/em><\/strong><\/p>\n\n\n\n<p>Sportdigital: Arne Malsch<\/p>\n\n\n\n<p>Copa Libertadores, Viertelfinale, R\u00fcckspiel: <strong><em>Internacional (BRA) &#8211; Flamengo (BRA)<\/em><\/strong><\/p>\n\n\n\n<p>Sportdigital: Christian Blunck <\/p>\n\n\n\n<p><strong><em><span style=\"text-decoration: underline;\">Die Analyse<\/span><\/em><\/strong><\/p>\n\n\n\n<p>Kleines Vorwort zur Auslosung bei Sky Sport News HD: Vermutlich werden Thomas Fleischmann und Kai Dittmann durch die Losung f\u00fchren, jedoch ist dies noch nicht best\u00e4tigt.<\/p>\n\n\n\n<p>In der Champions League Quali finden die R\u00fcckspiele statt, DAZN und Sky sind schon flei\u00dfig am \u00fcbertragen. Schauen wir mal, was sich im Vergleich zur Vorwoche am Personal ver\u00e4ndert hat. Sky hatte letzte Woche noch das Einzelspiel zwischen Krasnodar und Pir\u00e4us \u00fcbertragen, dieses mal ist DAZN an der Reihe. Italien-Fachmann Carsten Fu\u00df leiht dem Spiel seine Stimme. Martin Gro\u00df \u00fcbernahm die Partie letzte Woche in der Konferenz, seinen Platz \u00fcbernimmt Toni Tomic. Sky \u00fcbertr\u00e4gt am Dienstag das Einzelspiel Belgrad &#8211; Bern, Roland Evers kommentiert, dieser hatte letzte Woche das Spiel in der Konferenz verfolgt. Dies macht nun Marcel Meinert. J\u00f6rg Dahlmann bleibt seiner Partie am Dienstag treu.<\/p>\n\n\n\n<p>Im Vergleich zu letzter Woche ist DAZN dieses mal auch bei der Partie Br\u00fcgge &#8211; Linz am Start, dementsprechend kommentiert auch ein \u00f6sterreichisches Duo die Begegnung. Kai Dittmann bleibt bei selbiger Partie in der Konferenz, Martin Gro\u00df wird durch Martin Konrad ersetzt. Ansonsten: Toni Tomic macht es sich auch in der Konferenz gem\u00fctlich, Roland Evers darf daheim bleiben. <\/p>\n\n\n\n<p>Euch eine sch\u00f6ne Woche!<\/p>\n\n\n\n<p><\/p>\n\n\n\n<p> <\/p>\n\n\n\n<p><\/p>\n\n\n\n<p><strong><em> <\/em><\/strong><\/p>\n","protected":false},"excerpt":{"rendered":"<p>N\u2018Abend allerseits, Viel gesehen habe ich vom vergangenen Spieltag nicht, die letzten Arbeitstage als Azubi haben mich am Wochenende eingespannt. Die Partie am Freitag zwischen den K\u00f6lnern und dem BVB habe ich jedoch gesehen &#8211; die \u00dcbertragung von DAZN hat mir pers\u00f6nlich gut gefallen, Jan Platte und Ralph Gunesch sind ein eingespieltes Team. Lediglich bin [&hellip;]<\/p>\n","protected":false},"author":4,"featured_media":0,"comment_status":"open","ping_status":"open","sticky":false,"template":"","format":"standard","meta":{"footnotes":""},"categories":[429],"tags":[],"class_list":["post-222","post","type-post","status-publish","format-standard","hentry","category-diverses"],"_links":{"self":[{"href":"http:\/\/kommentatorenblog.de\/index.php?rest_route=\/wp\/v2\/posts\/222","targetHints":{"allow":["GET"]}}],"collection":[{"href":"http:\/\/kommentatorenblog.de\/index.php?rest_route=\/wp\/v2\/posts"}],"about":[{"href":"http:\/\/kommentatorenblog.de\/index.php?rest_route=\/wp\/v2\/types\/post"}],"author":[{"embeddable":true,"href":"http:\/\/kommentatorenblog.de\/index.php?rest_route=\/wp\/v2\/users\/4"}],"replies":[{"embeddable":true,"href":"http:\/\/kommentatorenblog.de\/index.php?rest_route=%2Fwp%2Fv2%2Fcomments&post=222"}],"version-history":[{"count":4,"href":"http:\/\/kommentatorenblog.de\/index.php?rest_route=\/wp\/v2\/posts\/222\/revisions"}],"predecessor-version":[{"id":226,"href":"http:\/\/kommentatorenblog.de\/index.php?rest_route=\/wp\/v2\/posts\/222\/revisions\/226"}],"wp:attachment":[{"href":"http:\/\/kommentatorenblog.de\/index.php?rest_route=%2Fwp%2Fv2%2Fmedia&parent=222"}],"wp:term":[{"taxonomy":"category","embeddable":true,"href":"http:\/\/kommentatorenblog.de\/index.php?rest_route=%2Fwp%2Fv2%2Fcategories&post=222"},{"taxonomy":"post_tag","embeddable":true,"href":"http:\/\/kommentatorenblog.de\/index.php?rest_route=%2Fwp%2Fv2%2Ftags&post=222"}],"curies":[{"name":"wp","href":"https:\/\/api.w.org\/{rel}","templated":true}]}}