{"id":22250,"date":"2025-07-21T14:21:42","date_gmt":"2025-07-21T13:21:42","guid":{"rendered":"https:\/\/kommentatorenblog.de\/?p=22250"},"modified":"2025-07-24T13:00:50","modified_gmt":"2025-07-24T12:00:50","slug":"1525-das-studio-wird-zum-stadion","status":"publish","type":"post","link":"http:\/\/kommentatorenblog.de\/?p=22250","title":{"rendered":"1525 &#8211; Das Studio wird zum Stadion"},"content":{"rendered":"\n<p>N&#8217;Abend allerseits,<\/p>\n\n\n\n<p>\u201eBerger hat ihn! Ann-Kathrin Berger h\u00e4lt! Deutschland steht im Halbfinale!\u201c \u2013 die Schlussakorde von Claudia Neumann an einem bemerkenswerten Fu\u00dfballabend, den wir sicher in dem ein oder anderen Jahresr\u00fcckblick wiedersehen werden und der sicherlich der einen oder dem anderen auch einen Zugang zur diesj\u00e4hrigen Europameisterschaft er\u00f6ffnet hat. Allein von den Quoten wurden neue Rekorde f\u00fcr dieses Turnier aufgestellt: Insgesamt 10,70 Millionen Menschen schauten das Spiel \u2013 ein erheblicher Anstieg im Vergleich zu den Gruppenspielen. Nun stehen noch drei Spiele an, und speziell am Mittwoch d\u00fcrften die Quoten weiter steigen, wenn die DFB-Auswahl ihr Halbfinale gegen die Weltmeisterinnen aus Spanien absolviert \u2013 alles zum Personal dazu folgt gleich noch.<\/p>\n\n\n\n<p>Dieses Vorwort m\u00f6chte ich aber auch nutzen f\u00fcr einen kleinen R\u00fcckblick auf das f\u00fcr mich sch\u00f6nste Sportereignis des Jahres \u2013 Wimbledon:<\/p>\n\n\n\n<p>Zum zweiten Mal lief das prestigetr\u00e4chtigste und traditionsreichste Tennisturnier der Welt hierzulande auf Prime Video, und f\u00fcr mich pers\u00f6nlich wurde mehr als geliefert. Ich habe mir an manchen Tagen gut und gerne bis zu 12 Stunden \u00dcbertragungen angeschaut und wurde \u00fcber 100 Stunden lang hervorragend unterhalten. Die Art und Weise, wie ein so breites Team mit vielen Expert:innen und Kommentierenden arbeitet, ist einfach top \u2013 auch das Rahmenprogramm war sehr stark. Im Vergleich zum letzten Jahr hat Prime die Anzahl der deutsch kommentierten Spiele deutlich gesteigert \u2013 und das alles weiterhin direkt von der Anlage selbst. Neuzug\u00e4nge wie Jens Huiber, Florian Heer, Sascha Bandermann und ganz besonders Andreas Thies waren dabei eine sehr gute Erg\u00e4nzung. M\u00f6glich ist eine solche \u00dcbertragung, so ehrlich muss man sein, nur, weil Prime finanziell in ganz anderen Sph\u00e4ren als die Konkurrenz spielt und der Sport hier nicht als entscheidende Einnahmequelle, sondern vielmehr als Teil eines breiteren Angebots gesehen wird. Nichtsdestotrotz muss man aus hohen finanziellen M\u00f6glichkeiten auch erst einmal etwas Gutes machen und ein entsprechendes Konzept haben \u2013 das gilt, wie wir unschwer bei einem im vergangenen Jahr zur\u00fcckgekehrten Moderator aus dem Unterhaltungsbereich sehen konnten, nicht nur im Sport, sondern auch in den Medien. Ein gro\u00dfes Kompliment geht an dieser Stelle auch an Mario Harter, der als Verantwortlicher einen erheblichen Teil zu diesem starken Produkt beigetragen hat.<\/p>\n\n\n\n<p>\u00dcber die Wimbledon und vieles mehr haben auch die Kollegen von ScreenTime Sport in ihrer neuen Folge gesprochen.<\/p>\n\n\n\n<figure class=\"wp-block-embed is-type-rich is-provider-spotify wp-block-embed-spotify wp-embed-aspect-21-9 wp-has-aspect-ratio\"><div class=\"wp-block-embed__wrapper\">\n<iframe title=\"Spotify Embed: Ansto\u00df f\u00fcr die neue Bundesliga-Rechteperiode\" style=\"border-radius: 12px\" width=\"100%\" height=\"152\" frameborder=\"0\" allowfullscreen allow=\"autoplay; clipboard-write; encrypted-media; fullscreen; picture-in-picture\" loading=\"lazy\" src=\"https:\/\/open.spotify.com\/embed\/episode\/6BUuBC4Fx5dQCsuGAUOVJY?si=n0FWc_hIS_CATAdga7WdQg&#038;utm_source=oembed\"><\/iframe>\n<\/div><\/figure>\n\n\n\n<p>Nach diesen Worten zum Tennis nun aber der Blick voraus auf den Fu\u00dfball und die Ansetzungen der EM-Halbfinals!<\/p>\n\n\n\n<hr class=\"wp-block-separator has-alpha-channel-opacity\"\/>\n\n\n\n<p><strong>Die Ansetzungen vom 22. bis zum 24. Juli 2025<\/strong><\/p>\n\n\n\n<hr class=\"wp-block-separator has-alpha-channel-opacity\"\/>\n\n\n\n<p><strong>UEFA Women&#8217;s EURO 2025, Halbfinale (<mark style=\"background-color:rgba(0, 0, 0, 0)\" class=\"has-inline-color has-vivid-cyan-blue-color\">Das Erste<\/mark>\/<mark style=\"background-color:rgba(0, 0, 0, 0)\" class=\"has-inline-color has-luminous-vivid-orange-color\">ZDF<\/mark>\/DAZN)<\/strong><\/p>\n\n\n\n<p><span style=\"text-decoration: underline;\">Dienstag, 22. Juli 2025, ab 20.15 Uhr (<mark style=\"background-color:rgba(0, 0, 0, 0)\" class=\"has-inline-color has-luminous-vivid-orange-color\">ZDF<\/mark>) bzw. ab 21.00 Uhr (DAZN)<\/span><\/p>\n\n\n\n<p><strong><em><strong>England \u2013 Italien<\/strong> (21.00 Uhr)<\/em><\/strong><\/p>\n\n\n\n<p><em><strong><img loading=\"lazy\" decoding=\"async\" width=\"415\" height=\"874\" class=\"wp-image-3656\" style=\"width: 10px\" src=\"http:\/\/kommentatorenblog.de\/wp-content\/uploads\/2020\/09\/shure-55sh-ii-e1601485394796.jpg\" alt=\"\" srcset=\"http:\/\/kommentatorenblog.de\/wp-content\/uploads\/2020\/09\/shure-55sh-ii-e1601485394796.jpg 415w, http:\/\/kommentatorenblog.de\/wp-content\/uploads\/2020\/09\/shure-55sh-ii-e1601485394796-142x300.jpg 142w\" sizes=\"auto, (max-width: 415px) 100vw, 415px\" \/><\/strong><\/em> <em><mark style=\"background-color:rgba(0, 0, 0, 0)\" class=\"has-inline-color has-luminous-vivid-orange-color\">ZDF<\/mark><\/em>: Gari Paubandt, Field-Reporterin: Lili Engels<br>Moderation (<em><mark style=\"background-color:rgba(0, 0, 0, 0)\" class=\"has-inline-color has-luminous-vivid-orange-color\">ZDF<\/mark><\/em>): Sven Voss, Expertin: Kathrin Lehmann<\/p>\n\n\n\n<p><em><strong><img loading=\"lazy\" decoding=\"async\" width=\"415\" height=\"874\" class=\"wp-image-3656\" style=\"width: 10px\" src=\"http:\/\/kommentatorenblog.de\/wp-content\/uploads\/2020\/09\/shure-55sh-ii-e1601485394796.jpg\" alt=\"\" srcset=\"http:\/\/kommentatorenblog.de\/wp-content\/uploads\/2020\/09\/shure-55sh-ii-e1601485394796.jpg 415w, http:\/\/kommentatorenblog.de\/wp-content\/uploads\/2020\/09\/shure-55sh-ii-e1601485394796-142x300.jpg 142w\" sizes=\"auto, (max-width: 415px) 100vw, 415px\" \/><\/strong><\/em> <em><mark style=\"background-color:rgba(0, 0, 0, 0)\" class=\"has-inline-color has-black-color\">DAZN<\/mark><\/em>: Markus Theil<\/p>\n\n\n\n<p><span style=\"text-decoration: underline;\">Mittwoch, 23. Juli 2025, ab 20.15 Uhr (<mark style=\"background-color:rgba(0, 0, 0, 0)\" class=\"has-inline-color has-vivid-cyan-blue-color\">Das Erste<\/mark>) bzw. ab 21.00 Uhr (DAZN)<\/span><\/p>\n\n\n\n<p><strong><em>Deutschland <strong><em><strong>\u2013 <\/strong><\/em><\/strong>Spanien (21.00 Uhr)<\/em><\/strong><\/p>\n\n\n\n<p><em><strong><img loading=\"lazy\" decoding=\"async\" width=\"415\" height=\"874\" class=\"wp-image-3656\" style=\"width: 10px\" src=\"http:\/\/kommentatorenblog.de\/wp-content\/uploads\/2020\/09\/shure-55sh-ii-e1601485394796.jpg\" alt=\"\" srcset=\"http:\/\/kommentatorenblog.de\/wp-content\/uploads\/2020\/09\/shure-55sh-ii-e1601485394796.jpg 415w, http:\/\/kommentatorenblog.de\/wp-content\/uploads\/2020\/09\/shure-55sh-ii-e1601485394796-142x300.jpg 142w\" sizes=\"auto, (max-width: 415px) 100vw, 415px\" \/><\/strong><\/em> <em><mark style=\"background-color:rgba(0, 0, 0, 0)\" class=\"has-inline-color has-vivid-cyan-blue-color\">ARD<\/mark><\/em>: Bernd Schmelzer, Field-Reporterinnen: Lea Wagner und Inka Blumensaat<br>Moderation (<em><mark style=\"background-color:rgba(0, 0, 0, 0)\" class=\"has-inline-color has-vivid-cyan-blue-color\">ARD<\/mark><\/em>): Claus Lufen, Expertin: Almuth Schult<\/p>\n\n\n\n<p><em><strong><img loading=\"lazy\" decoding=\"async\" width=\"415\" height=\"874\" class=\"wp-image-3656\" style=\"width: 10px\" src=\"http:\/\/kommentatorenblog.de\/wp-content\/uploads\/2020\/09\/shure-55sh-ii-e1601485394796.jpg\" alt=\"\" srcset=\"http:\/\/kommentatorenblog.de\/wp-content\/uploads\/2020\/09\/shure-55sh-ii-e1601485394796.jpg 415w, http:\/\/kommentatorenblog.de\/wp-content\/uploads\/2020\/09\/shure-55sh-ii-e1601485394796-142x300.jpg 142w\" sizes=\"auto, (max-width: 415px) 100vw, 415px\" \/><\/strong><\/em> <em><mark style=\"background-color:rgba(0, 0, 0, 0)\" class=\"has-inline-color has-black-color\">DAZN<\/mark><\/em>: Nico Seepe<\/p>\n\n\n\n<hr class=\"wp-block-separator has-alpha-channel-opacity\"\/>\n\n\n\n<p><strong>Regionalliga Bayern, 1. Spieltag (BR24Sport)<\/strong><\/p>\n\n\n\n<p><span style=\"text-decoration: underline;\">Donnerstag, 24. Juli 2025<\/span><\/p>\n\n\n\n<p><strong><em>SpVgg Ansbach &#8211; SpVgg Bayreuth (19.00 Uhr)<\/em><\/strong><br><em><strong><img loading=\"lazy\" decoding=\"async\" width=\"415\" height=\"874\" class=\"wp-image-3656\" style=\"width: 10px\" src=\"http:\/\/kommentatorenblog.de\/wp-content\/uploads\/2020\/09\/shure-55sh-ii-e1601485394796.jpg\" alt=\"\" srcset=\"http:\/\/kommentatorenblog.de\/wp-content\/uploads\/2020\/09\/shure-55sh-ii-e1601485394796.jpg 415w, http:\/\/kommentatorenblog.de\/wp-content\/uploads\/2020\/09\/shure-55sh-ii-e1601485394796-142x300.jpg 142w\" sizes=\"auto, (max-width: 415px) 100vw, 415px\" \/><\/strong><\/em> Edgar Endres<\/p>\n\n\n\n<hr class=\"wp-block-separator has-alpha-channel-opacity\"\/>\n\n\n\n<p><strong>Afrika-Cup Frauen, Halbfinale (<mark style=\"background-color:rgba(0, 0, 0, 0)\" class=\"has-inline-color has-pale-cyan-blue-color\">Sportdigital<\/mark>)<\/strong><\/p>\n\n\n\n<p><span style=\"text-decoration: underline;\">Dienstag, 22. Juli 2025<\/span><\/p>\n\n\n\n<p><strong><em>Nigeria &#8211; S\u00fcdafrika (18.00 Uhr)<\/em><\/strong><br><em><strong><img loading=\"lazy\" decoding=\"async\" width=\"415\" height=\"874\" class=\"wp-image-3656\" style=\"width: 10px\" src=\"http:\/\/kommentatorenblog.de\/wp-content\/uploads\/2020\/09\/shure-55sh-ii-e1601485394796.jpg\" alt=\"\" srcset=\"http:\/\/kommentatorenblog.de\/wp-content\/uploads\/2020\/09\/shure-55sh-ii-e1601485394796.jpg 415w, http:\/\/kommentatorenblog.de\/wp-content\/uploads\/2020\/09\/shure-55sh-ii-e1601485394796-142x300.jpg 142w\" sizes=\"auto, (max-width: 415px) 100vw, 415px\" \/><\/strong><\/em> Marvin Kirsch<\/p>\n\n\n\n<p><strong><em>Marokko &#8211; Ghana (21.00 Uhr)<\/em><\/strong><br><em><strong><img loading=\"lazy\" decoding=\"async\" width=\"415\" height=\"874\" class=\"wp-image-3656\" style=\"width: 10px\" src=\"http:\/\/kommentatorenblog.de\/wp-content\/uploads\/2020\/09\/shure-55sh-ii-e1601485394796.jpg\" alt=\"\" srcset=\"http:\/\/kommentatorenblog.de\/wp-content\/uploads\/2020\/09\/shure-55sh-ii-e1601485394796.jpg 415w, http:\/\/kommentatorenblog.de\/wp-content\/uploads\/2020\/09\/shure-55sh-ii-e1601485394796-142x300.jpg 142w\" sizes=\"auto, (max-width: 415px) 100vw, 415px\" \/><\/strong><\/em> Marcus Radefeld<\/p>\n\n\n\n<hr class=\"wp-block-separator has-alpha-channel-opacity\"\/>\n\n\n\n<p><strong>Campeonato Brasileiro, 16. Spieltag (BRA) (<mark style=\"background-color:rgba(0, 0, 0, 0)\" class=\"has-inline-color has-pale-cyan-blue-color\">Sportdigital<\/mark>)<\/strong><\/p>\n\n\n\n<p><span style=\"text-decoration: underline;\"><span style=\"text-decoration: underline;\">Donnerstag, 24. Juli 2025<\/span><\/span><\/p>\n\n\n\n<p><strong><em>Fluminense &#8211; Palmeiras (0.00 Uhr)<\/em><\/strong><br><em><strong><img loading=\"lazy\" decoding=\"async\" width=\"415\" height=\"874\" class=\"wp-image-3656\" style=\"width: 10px\" src=\"http:\/\/kommentatorenblog.de\/wp-content\/uploads\/2020\/09\/shure-55sh-ii-e1601485394796.jpg\" alt=\"\" srcset=\"http:\/\/kommentatorenblog.de\/wp-content\/uploads\/2020\/09\/shure-55sh-ii-e1601485394796.jpg 415w, http:\/\/kommentatorenblog.de\/wp-content\/uploads\/2020\/09\/shure-55sh-ii-e1601485394796-142x300.jpg 142w\" sizes=\"auto, (max-width: 415px) 100vw, 415px\" \/><\/strong><\/em> Jonathan Dreier<\/p>\n\n\n\n<p><strong><em>Santos FC &#8211; Internacional (02.30 Uhr)<\/em><\/strong><br><em><strong><img loading=\"lazy\" decoding=\"async\" width=\"415\" height=\"874\" class=\"wp-image-3656\" style=\"width: 10px\" src=\"http:\/\/kommentatorenblog.de\/wp-content\/uploads\/2020\/09\/shure-55sh-ii-e1601485394796.jpg\" alt=\"\" srcset=\"http:\/\/kommentatorenblog.de\/wp-content\/uploads\/2020\/09\/shure-55sh-ii-e1601485394796.jpg 415w, http:\/\/kommentatorenblog.de\/wp-content\/uploads\/2020\/09\/shure-55sh-ii-e1601485394796-142x300.jpg 142w\" sizes=\"auto, (max-width: 415px) 100vw, 415px\" \/><\/strong><\/em> Arne Malsch<\/p>\n\n\n\n<hr class=\"wp-block-separator has-alpha-channel-opacity\"\/>\n\n\n\n<p><strong>CONMEBOL Sudamericana, Playoff-Runde, R\u00fcck (<mark style=\"background-color:rgba(0, 0, 0, 0)\" class=\"has-inline-color has-pale-cyan-blue-color\">Sportdigital<\/mark>)<\/strong><\/p>\n\n\n\n<p><span style=\"text-decoration: underline;\">Mittwoch, 23. Juli 2025<\/span><\/p>\n\n\n\n<p><strong><em>Cerro Largo (URU) &#8211; Central Cordoba (ARG)&nbsp;(00.00 Uhr)<br><\/em><\/strong><img loading=\"lazy\" decoding=\"async\" width=\"10\" height=\"21\" srcset=\"https:\/\/kommentatorenblog.de\/wp-content\/uploads\/2020\/09\/shure-55sh-ii-e1601485394796.jpg 415w, https:\/\/kommentatorenblog.de\/wp-content\/uploads\/2020\/09\/shure-55sh-ii-e1601485394796-142x300.jpg 142w\" src=\"http:\/\/kommentatorenblog.de\/wp-content\/uploads\/2020\/09\/shure-55sh-ii-e1601485394796.jpg\" alt=\"\">&nbsp;Karsten Linke<\/p>\n\n\n\n<p><strong><em>Vasco da Gama (BRA) &#8211; Independiente del Valle (ECU)&nbsp;(02.30 Uhr)<br><\/em><\/strong><img loading=\"lazy\" decoding=\"async\" width=\"10\" height=\"21\" srcset=\"https:\/\/kommentatorenblog.de\/wp-content\/uploads\/2020\/09\/shure-55sh-ii-e1601485394796.jpg 415w, https:\/\/kommentatorenblog.de\/wp-content\/uploads\/2020\/09\/shure-55sh-ii-e1601485394796-142x300.jpg 142w\" src=\"http:\/\/kommentatorenblog.de\/wp-content\/uploads\/2020\/09\/shure-55sh-ii-e1601485394796.jpg\" alt=\"\">&nbsp;Christian Blunck<\/p>\n\n\n\n<hr class=\"wp-block-separator has-alpha-channel-opacity\"\/>\n\n\n\n<p><strong>Testspiele (Sky)<\/strong><\/p>\n\n\n\n<p><span style=\"text-decoration: underline;\">Dienstag, 22. Juli 2025, ab 17.45 Uhr<\/span><\/p>\n\n\n\n<p><strong><em>Borussia M\u00f6nchengladbach &#8211; FK Metalist Charkiw (18.00 Uhr)<\/em><\/strong><br><em><strong><img loading=\"lazy\" decoding=\"async\" width=\"415\" height=\"874\" class=\"wp-image-3656\" style=\"width: 10px\" src=\"http:\/\/kommentatorenblog.de\/wp-content\/uploads\/2020\/09\/shure-55sh-ii-e1601485394796.jpg\" alt=\"\" srcset=\"http:\/\/kommentatorenblog.de\/wp-content\/uploads\/2020\/09\/shure-55sh-ii-e1601485394796.jpg 415w, http:\/\/kommentatorenblog.de\/wp-content\/uploads\/2020\/09\/shure-55sh-ii-e1601485394796-142x300.jpg 142w\" sizes=\"auto, (max-width: 415px) 100vw, 415px\" \/><\/strong><\/em> Timo Sch\u00e4fers<\/p>\n\n\n\n<p><span style=\"text-decoration: underline;\">Mittwoch, 23. Juli 2025<\/span><\/p>\n\n\n\n<p><strong><em>FC Arsenal &#8211; AC Mailand (13.30 Uhr)<\/em><br><\/strong><em><strong><img loading=\"lazy\" decoding=\"async\" width=\"415\" height=\"874\" class=\"wp-image-3656\" style=\"width: 10px\" src=\"http:\/\/kommentatorenblog.de\/wp-content\/uploads\/2020\/09\/shure-55sh-ii-e1601485394796.jpg\" alt=\"\" srcset=\"http:\/\/kommentatorenblog.de\/wp-content\/uploads\/2020\/09\/shure-55sh-ii-e1601485394796.jpg 415w, http:\/\/kommentatorenblog.de\/wp-content\/uploads\/2020\/09\/shure-55sh-ii-e1601485394796-142x300.jpg 142w\" sizes=\"auto, (max-width: 415px) 100vw, 415px\" \/><\/strong><\/em> Jaron Steiner<\/p>\n\n\n\n<hr class=\"wp-block-separator has-alpha-channel-opacity\"\/>\n\n\n\n<p><strong>Die Analyse<\/strong><\/p>\n\n\n\n<p>Crunchtime im Turnier bedeutet auch Endspurt f\u00fcr die beiden Sender. W\u00e4hrend das ZDF neben dem Halbfinale am Dienstag auch das Finale zeigen wird, ist f\u00fcr die ARD am Mittwoch mit der Partie von Deutschland Schluss.<\/p>\n\n\n\n<p>Personell startet das ZDF am Dienstag ab 20.15 Uhr aus Mainz mit Sven Voss und Kathrin Lehmann, die auf die Begegnung zwischen England und Italien aus Genf einstimmen \u2013 und nat\u00fcrlich auch schon einen Blick auf das deutsche Halbfinale werfen. Kommentieren wird dann Gari Paubandt aus Genf. <s>Wer auf Stimmenfang geht, versuchen wir noch nachzuliefern<\/s>Edit: Lili Engels wird im Halbfinale f\u00fcrs ZDF auf Stimmenfang gehen . Bei DAZN meldet sich Markus Theil, der nach zwei intensiven Wimbledon-Wochen weiter flei\u00dfig im Einsatz ist, kurz vor Anpfiff aus der Box.<\/p>\n\n\n\n<p>Am Mittwoch hei\u00dft es dann bei der ARD \u201eDas Studio wird zum Stadion\u201c. Claus Lufen meldet sich zusammen mit Almuth Schult ab 20.15 Uhr aus Z\u00fcrich und stimmt aus dem Letzigrund-Stadion auf die Partie der Deutschen gegen Spanien ein \u2013 eine Entscheidung, die wir sehr begr\u00fc\u00dfen. Kommentieren wird Bernd Schmelzer, der das Turnier aus ARD-Live-Sicht beschlie\u00dft. Zus\u00e4tzlich geht unter anderem Lea Wagner auf Stimmenfang. Auf DAZN \u00fcbernimmt Nico Seepe die Partie.<\/p>\n\n\n\n<p>Au\u00dferdem startet am Donnerstag die Regionalliga Bayern \u2013 zu sehen im BR \u2013 und auch im Afrika-Cup der Frauen geht es bei Sportdigital ins Halbfinale. Hier melden wir uns dann am Donnerstag mit dem Finalbeitrag von Karl zur\u00fcck. Bis dahin euch eine sch\u00f6ne Woche \u2013 und frei nach Ingo Zamperoni: \u201eQue ganen los mejores, m\u00f6gen die Besseren gewinnen.\u201c<\/p>\n","protected":false},"excerpt":{"rendered":"<p>N&#8217;Abend allerseits, \u201eBerger hat ihn! Ann-Kathrin Berger h\u00e4lt! Deutschland steht im Halbfinale!\u201c \u2013 die Schlussakorde von Claudia Neumann an einem bemerkenswerten Fu\u00dfballabend, den wir sicher in dem ein oder anderen Jahresr\u00fcckblick wiedersehen werden und der sicherlich der einen oder dem anderen auch einen Zugang zur diesj\u00e4hrigen Europameisterschaft er\u00f6ffnet hat. Allein von den Quoten wurden neue [&hellip;]<\/p>\n","protected":false},"author":5,"featured_media":0,"comment_status":"open","ping_status":"open","sticky":false,"template":"","format":"standard","meta":{"footnotes":""},"categories":[1343,426],"tags":[],"class_list":["post-22250","post","type-post","status-publish","format-standard","hentry","category-em-2025","category-laenderspiele"],"_links":{"self":[{"href":"http:\/\/kommentatorenblog.de\/index.php?rest_route=\/wp\/v2\/posts\/22250","targetHints":{"allow":["GET"]}}],"collection":[{"href":"http:\/\/kommentatorenblog.de\/index.php?rest_route=\/wp\/v2\/posts"}],"about":[{"href":"http:\/\/kommentatorenblog.de\/index.php?rest_route=\/wp\/v2\/types\/post"}],"author":[{"embeddable":true,"href":"http:\/\/kommentatorenblog.de\/index.php?rest_route=\/wp\/v2\/users\/5"}],"replies":[{"embeddable":true,"href":"http:\/\/kommentatorenblog.de\/index.php?rest_route=%2Fwp%2Fv2%2Fcomments&post=22250"}],"version-history":[{"count":13,"href":"http:\/\/kommentatorenblog.de\/index.php?rest_route=\/wp\/v2\/posts\/22250\/revisions"}],"predecessor-version":[{"id":22267,"href":"http:\/\/kommentatorenblog.de\/index.php?rest_route=\/wp\/v2\/posts\/22250\/revisions\/22267"}],"wp:attachment":[{"href":"http:\/\/kommentatorenblog.de\/index.php?rest_route=%2Fwp%2Fv2%2Fmedia&parent=22250"}],"wp:term":[{"taxonomy":"category","embeddable":true,"href":"http:\/\/kommentatorenblog.de\/index.php?rest_route=%2Fwp%2Fv2%2Fcategories&post=22250"},{"taxonomy":"post_tag","embeddable":true,"href":"http:\/\/kommentatorenblog.de\/index.php?rest_route=%2Fwp%2Fv2%2Ftags&post=22250"}],"curies":[{"name":"wp","href":"https:\/\/api.w.org\/{rel}","templated":true}]}}