{"id":22268,"date":"2025-07-24T23:43:53","date_gmt":"2025-07-24T22:43:53","guid":{"rendered":"https:\/\/kommentatorenblog.de\/?p=22268"},"modified":"2025-07-31T23:44:47","modified_gmt":"2025-07-31T22:44:47","slug":"1526-finale-und-saisonstarts","status":"publish","type":"post","link":"http:\/\/kommentatorenblog.de\/?p=22268","title":{"rendered":"1526 &#8211; Finale und Saisonstarts"},"content":{"rendered":"\n<p>N&#8217;Abend allerseits,<\/p>\n\n\n\n<p>trotz vieler Widrigkeiten, inklusive einem Tag weniger Pause und 120 Minuten in den Knochen, schaffte es die deutsche Nationalmannschaft der Frauen, die hochfavorisierten Spanierinnen am Mittwoch abermals in Schach zu halten und in die Verl\u00e4ngerung zu zwingen, wo man sich dann aber doch knapp mit 0:1 geschlagen gegeben werden musste und weiter auf den ersten Titel seit 2013 warten muss. Nichtsdestotrotz hat die Leistung des Teams, die sich nach der Entt\u00e4uschung gegen Schweden vor allem defensiv stark gesteigert hatte, Spa\u00df gemacht und macht Lust auf mehr. 14 Mio. Zuschauer best\u00e4tigten dies auch eindeutig.<\/p>\n\n\n\n<p>Daneben m\u00f6chte ich den Fokus gerne auch mal auf einen Bereich des heimischen Fu\u00dfballs legen, der in der Regel nicht ganz so stark unter Beobachtung steht, der mir allerdings besonders am Herzen liegt, da ich selbst aus dem Osten Deutschlands stamme: in vier der f\u00fcnf Regionalligen beginnt an diesem Wochenende die neue Saison. Aus vier davon ist je ein Klub in die 3. Liga aufgestiegen, nur die Regionalliga Nordost ist (leider) nach oben unver\u00e4ndert geblieben &#8211; mal wieder, nachdem seitdem sich nur noch zwei Meister in der Relegation messen m\u00fcssen, immer nur dann der Nordost-Meister aufgestiegen ist, wenn er den abwechselnd umhergehenden &#8222;Freifahrtschein&#8220; hatte. Zum vierten Mal in vier Versuchen scheiterte ein Team aus dem Nordosten in der Relegation.<\/p>\n\n\n\n<p>Liegt das daran, dass die Liga trotz der vergleichsweise hohen Aufmerksamkeit schw\u00e4cher ist? Ich w\u00fcrde sogar eher das Gegenteil behaupten, denn die durch die Relegation erschwerten Aufstiegsm\u00f6glichkeiten und die Abstiege zahlreicher mitglieder &#8211; und anh\u00e4ngerstarker Traditionsvereine hat sich mittlerweile nahezu ein Abziehbild der einstigen DDR-Oberliga gebildet. Im Vergleich etwa zur Regionalliga Nord oder zur Regionalliga Bayern haben mehr Teams professionelle Bedingungen, was man nicht zuletzt an der Anzahl der Antr\u00e4ge zur Drittliga-Lizenz erkennt. Das sorgt insgesamt f\u00fcr eine h\u00f6here Intensit\u00e4t in der Liga und eine st\u00e4rkere k\u00f6rperliche Auslastung. In den 2010er Jahren scheiterten hingegen regelm\u00e4\u00dfig die Meister aus dem Westen in der Relegation, wo sich damals auch noch mehr anh\u00e4ngerstarke und professionell gef\u00fchrte Klubs in der Regionalliga tummelten. Mittlerweile genie\u00dft die Westliga das Privileg eines festen Aufstiegsplatzes, ebenso der S\u00fcdwesten, die Gr\u00fcnde, weswegen es zu der aktuellen Regelung kam, sind jedoch h\u00f6chstwahrscheinlich auf die Anteile in der DFB-Versammlung zur\u00fcckzuf\u00fchren und somit stark umstritten. Die meisten Aush\u00e4ngeschilder des Westens spielen mittlerweile in der 3. Liga oder h\u00f6her, \u00fcbrig geblieben sind zahlreiche Zweitvertretungen und kleine Vereine, die zunehmend unter den strengeren Auflagen der Liga in finanzielle Probleme geraten &#8211; was letztendlich auch zum Tiefpunkt mit zwei vorzeitigen Abmeldungen aus dem laufenden Spielbetrieb und einer weiteren Insolvenz in der vergangenen Saison f\u00fchrte. In Bayern herrscht vor allem das Problem, dass die Anzahl der Teams, die in die 3. Liga aufsteigen m\u00f6chten, aufgrund des hohen Amateuranteils klein ist. Gl\u00fccklicherweise musste bislang dennoch kein Vizemeister &#8222;nachr\u00fccken&#8220;. Die Nordklubs setzten sich in den letzten Jahren zwar regelm\u00e4\u00dfig in der Relegation durch, wenn sie dort antraten, mussten aber anschlie\u00dfend immer den Gang zur\u00fcck in Liga 4 antreten &#8211; zuletzt f\u00fcnf Mal in Folge.<\/p>\n\n\n\n<p>Somit geraten die Fu\u00dfballverb\u00e4nde zunehmend unter Zugzwang, dass sich an den Bedingungen etwas \u00e4ndern muss, und mittlerweile hat sich auch eine Initiative gebildet, die dazu f\u00fchren soll, dass alle Meister der Regionalligen in Zukunft aufsteigen k\u00f6nnen. 40 Vereine von Nord bis S\u00fcd und teilweise auch im Westen haben sich der &#8222;Aufstiegsreform 2025&#8220; mittlerweile angeschlossen, favorisiert wird aktuell ein Modell mit nur noch vier statt f\u00fcnf Regionalligen. Schwierig ist allerdings die Verteilung der Klubs auf diese, dazu ben\u00f6tigt man auch eine Zustimmungsmehrheit beim gesamten DFB. Eine Entscheidung noch in diesem Jahr wird vermutlich eng, in den kommenden Jahren d\u00fcrfte das Thema allerdings noch h\u00e4ufiger zur Sprache kommen.<\/p>\n\n\n\n<hr class=\"wp-block-separator has-alpha-channel-opacity\"\/>\n\n\n\n<p><strong>Die Ansetzungen vom 25. bis zum 31. Juli 2025<\/strong><\/p>\n\n\n\n<hr class=\"wp-block-separator has-alpha-channel-opacity\"\/>\n\n\n\n<p><strong>UEFA Women&#8217;s EURO 2025, Finale (<mark style=\"background-color:rgba(0, 0, 0, 0)\" class=\"has-inline-color has-luminous-vivid-orange-color\">ZDF<\/mark>\/DAZN)<\/strong><\/p>\n\n\n\n<p><span style=\"text-decoration: underline;\">Sonntag, 27. Juli 2025, ab 17.15 Uhr (ZDF) bzw. ab 18.00 Uhr (DAZN)<\/span><\/p>\n\n\n\n<p><strong><em>England &#8211; Spanien (18.00 Uhr)<\/em><\/strong><\/p>\n\n\n\n<p><em><strong><img loading=\"lazy\" decoding=\"async\" width=\"415\" height=\"874\" class=\"wp-image-3656\" style=\"width: 10px\" src=\"http:\/\/kommentatorenblog.de\/wp-content\/uploads\/2020\/09\/shure-55sh-ii-e1601485394796.jpg\" alt=\"\" srcset=\"http:\/\/kommentatorenblog.de\/wp-content\/uploads\/2020\/09\/shure-55sh-ii-e1601485394796.jpg 415w, http:\/\/kommentatorenblog.de\/wp-content\/uploads\/2020\/09\/shure-55sh-ii-e1601485394796-142x300.jpg 142w\" sizes=\"auto, (max-width: 415px) 100vw, 415px\" \/><\/strong><\/em> <em><mark style=\"background-color:rgba(0, 0, 0, 0)\" class=\"has-inline-color has-luminous-vivid-orange-color\">ZDF<\/mark><\/em>: Claudia Neumann<br>Field-Reporterin: Lili Engels<br>Moderation: Sven Voss, Expertinnen: Kathrin Lehmann und Fritzy Kromp<\/p>\n\n\n\n<p><em><strong><img loading=\"lazy\" decoding=\"async\" width=\"415\" height=\"874\" class=\"wp-image-3656\" style=\"width: 10px\" src=\"http:\/\/kommentatorenblog.de\/wp-content\/uploads\/2020\/09\/shure-55sh-ii-e1601485394796.jpg\" alt=\"\" srcset=\"http:\/\/kommentatorenblog.de\/wp-content\/uploads\/2020\/09\/shure-55sh-ii-e1601485394796.jpg 415w, http:\/\/kommentatorenblog.de\/wp-content\/uploads\/2020\/09\/shure-55sh-ii-e1601485394796-142x300.jpg 142w\" sizes=\"auto, (max-width: 415px) 100vw, 415px\" \/><\/strong><\/em> <em>DAZN<\/em>: Christoph Fetzer<\/p>\n\n\n\n<hr class=\"wp-block-separator has-alpha-channel-opacity\"\/>\n\n\n\n<p><strong>Afrika-Cup Frauen 2025 (<mark style=\"background-color:rgba(0, 0, 0, 0)\" class=\"has-inline-color has-pale-cyan-blue-color\">Sportdigital<\/mark>)<\/strong><\/p>\n\n\n\n<p><strong>Spiel um Platz 3<\/strong><\/p>\n\n\n\n<p><span style=\"text-decoration: underline;\">Freitag, 25. Juli 2025<\/span><\/p>\n\n\n\n<p><strong><em>Ghana &#8211; S\u00fcdafrika (21.00 Uhr)<\/em><\/strong><br><em><strong><img loading=\"lazy\" decoding=\"async\" width=\"415\" height=\"874\" class=\"wp-image-3656\" style=\"width: 10px\" src=\"http:\/\/kommentatorenblog.de\/wp-content\/uploads\/2020\/09\/shure-55sh-ii-e1601485394796.jpg\" alt=\"\" srcset=\"http:\/\/kommentatorenblog.de\/wp-content\/uploads\/2020\/09\/shure-55sh-ii-e1601485394796.jpg 415w, http:\/\/kommentatorenblog.de\/wp-content\/uploads\/2020\/09\/shure-55sh-ii-e1601485394796-142x300.jpg 142w\" sizes=\"auto, (max-width: 415px) 100vw, 415px\" \/><\/strong><\/em> Marcus Radefeld<\/p>\n\n\n\n<p><strong>Finale<\/strong><\/p>\n\n\n\n<p><span style=\"text-decoration: underline;\">Samstag, 26. Juli 2025<\/span><\/p>\n\n\n\n<p><strong><em>Marokko &#8211; Nigeria (22.00 Uhr)<\/em><\/strong><br><em><strong><img loading=\"lazy\" decoding=\"async\" width=\"415\" height=\"874\" class=\"wp-image-3656\" style=\"width: 10px\" src=\"http:\/\/kommentatorenblog.de\/wp-content\/uploads\/2020\/09\/shure-55sh-ii-e1601485394796.jpg\" alt=\"\" srcset=\"http:\/\/kommentatorenblog.de\/wp-content\/uploads\/2020\/09\/shure-55sh-ii-e1601485394796.jpg 415w, http:\/\/kommentatorenblog.de\/wp-content\/uploads\/2020\/09\/shure-55sh-ii-e1601485394796-142x300.jpg 142w\" sizes=\"auto, (max-width: 415px) 100vw, 415px\" \/><\/strong><\/em> Marvin Kirsch<\/p>\n\n\n\n<hr class=\"wp-block-separator has-alpha-channel-opacity\"\/>\n\n\n\n<p><strong>Regionalliga Nordost (GER) (<mark style=\"background-color:rgba(0, 0, 0, 0)\" class=\"has-inline-color has-vivid-red-color\">OST<\/mark>SPORT.<mark style=\"background-color:rgba(0, 0, 0, 0)\" class=\"has-inline-color has-vivid-red-color\">TV<\/mark>\/<mark style=\"background-color:rgba(0, 0, 0, 0)\" class=\"has-inline-color has-vivid-cyan-blue-color\">MDR<\/mark>)<\/strong><\/p>\n\n\n\n<p><strong>1. Spieltag<\/strong><\/p>\n\n\n\n<p><span style=\"text-decoration: underline;\">Freitag, 25. Juli 2025, ab 18.45 Uhr (<mark style=\"background-color:rgba(0, 0, 0, 0)\" class=\"has-inline-color has-vivid-red-color\">OST<\/mark>SPORT.<mark style=\"background-color:rgba(0, 0, 0, 0)\" class=\"has-inline-color has-vivid-red-color\">TV<\/mark> \u00fcber YouTube)<\/span><\/p>\n\n\n\n<p><strong><em>FC Rot-Wei\u00df Erfurt &#8211; FSV 63 Luckenwalde (19.00 Uhr)<\/em><\/strong><br><em><strong><img loading=\"lazy\" decoding=\"async\" width=\"415\" height=\"874\" class=\"wp-image-3656\" style=\"width: 10px\" src=\"http:\/\/kommentatorenblog.de\/wp-content\/uploads\/2020\/09\/shure-55sh-ii-e1601485394796.jpg\" alt=\"\" srcset=\"http:\/\/kommentatorenblog.de\/wp-content\/uploads\/2020\/09\/shure-55sh-ii-e1601485394796.jpg 415w, http:\/\/kommentatorenblog.de\/wp-content\/uploads\/2020\/09\/shure-55sh-ii-e1601485394796-142x300.jpg 142w\" sizes=\"auto, (max-width: 415px) 100vw, 415px\" \/><\/strong><\/em> <s>Heiko Mallwitz<\/s> Christian R\u00fcdiger<br>Moderation: Toni Mielke<\/p>\n\n\n\n<p><span style=\"text-decoration: underline;\">Samstag, 26. Juli 2025, ab 14.00 Uhr (<mark style=\"background-color:rgba(0, 0, 0, 0)\" class=\"has-inline-color has-vivid-cyan-blue-color\">MDR<\/mark>)<\/span><\/p>\n\n\n\n<p><strong><em>Hallescher FC &#8211; BFC Dynamo (14.00 Uhr)<\/em><\/strong><br><em><strong><img loading=\"lazy\" decoding=\"async\" width=\"415\" height=\"874\" class=\"wp-image-3656\" style=\"width: 10px\" src=\"http:\/\/kommentatorenblog.de\/wp-content\/uploads\/2020\/09\/shure-55sh-ii-e1601485394796.jpg\" alt=\"\" srcset=\"http:\/\/kommentatorenblog.de\/wp-content\/uploads\/2020\/09\/shure-55sh-ii-e1601485394796.jpg 415w, http:\/\/kommentatorenblog.de\/wp-content\/uploads\/2020\/09\/shure-55sh-ii-e1601485394796-142x300.jpg 142w\" sizes=\"auto, (max-width: 415px) 100vw, 415px\" \/><\/strong><\/em> Stephan Weidling, Experte: Lutz Lindemann<br>Moderation: Stephanie M\u00fcller-Spirra<\/p>\n\n\n\n<p><strong><em>FSV Zwickau &#8211; 1. FC Lokomotive Leipzig (16.00 Uhr)<\/em><\/strong><br><em><strong><img loading=\"lazy\" decoding=\"async\" width=\"415\" height=\"874\" class=\"wp-image-3656\" style=\"width: 10px\" src=\"http:\/\/kommentatorenblog.de\/wp-content\/uploads\/2020\/09\/shure-55sh-ii-e1601485394796.jpg\" alt=\"\" srcset=\"http:\/\/kommentatorenblog.de\/wp-content\/uploads\/2020\/09\/shure-55sh-ii-e1601485394796.jpg 415w, http:\/\/kommentatorenblog.de\/wp-content\/uploads\/2020\/09\/shure-55sh-ii-e1601485394796-142x300.jpg 142w\" sizes=\"auto, (max-width: 415px) 100vw, 415px\" \/><\/strong><\/em> Eik Galley<br>Moderation: Ren\u00e9 Kindermann<\/p>\n\n\n\n<p><span style=\"text-decoration: underline;\">Sonntag, 27. Juli 2025, ab 13.50 Uhr (<mark style=\"background-color:rgba(0, 0, 0, 0)\" class=\"has-inline-color has-vivid-red-color\">OST<\/mark>SPORT.<mark style=\"background-color:rgba(0, 0, 0, 0)\" class=\"has-inline-color has-vivid-red-color\">TV<\/mark> \u00fcber TA\/OTZ\/TLZ)<\/span><\/p>\n\n\n\n<p><strong><em>SV Babelsberg 03 &#8211; FC Carl Zeiss Jena (14.00 Uhr)<\/em><\/strong><br><em><strong><img loading=\"lazy\" decoding=\"async\" width=\"415\" height=\"874\" class=\"wp-image-3656\" style=\"width: 10px\" src=\"http:\/\/kommentatorenblog.de\/wp-content\/uploads\/2020\/09\/shure-55sh-ii-e1601485394796.jpg\" alt=\"\" srcset=\"http:\/\/kommentatorenblog.de\/wp-content\/uploads\/2020\/09\/shure-55sh-ii-e1601485394796.jpg 415w, http:\/\/kommentatorenblog.de\/wp-content\/uploads\/2020\/09\/shure-55sh-ii-e1601485394796-142x300.jpg 142w\" sizes=\"auto, (max-width: 415px) 100vw, 415px\" \/><\/strong><\/em> Heiko Mallwitz<br>Moderation: Toni Mielke<\/p>\n\n\n\n<p><span style=\"text-decoration: underline;\">ab 13.50 Uhr (<mark style=\"background-color:rgba(0, 0, 0, 0)\" class=\"has-inline-color has-vivid-red-color\">OST<\/mark>SPORT.<mark style=\"background-color:rgba(0, 0, 0, 0)\" class=\"has-inline-color has-vivid-red-color\">TV<\/mark> \u00fcber LVZ\/SZ\/Volksstimme)<\/span><\/p>\n\n\n\n<p><strong><em>BSG Chemie Leipzig &#8211; 1. FC Magdeburg II (14.00 Uhr)<\/em><\/strong><br><em><strong><img loading=\"lazy\" decoding=\"async\" width=\"415\" height=\"874\" class=\"wp-image-3656\" style=\"width: 10px\" src=\"http:\/\/kommentatorenblog.de\/wp-content\/uploads\/2020\/09\/shure-55sh-ii-e1601485394796.jpg\" alt=\"\" srcset=\"http:\/\/kommentatorenblog.de\/wp-content\/uploads\/2020\/09\/shure-55sh-ii-e1601485394796.jpg 415w, http:\/\/kommentatorenblog.de\/wp-content\/uploads\/2020\/09\/shure-55sh-ii-e1601485394796-142x300.jpg 142w\" sizes=\"auto, (max-width: 415px) 100vw, 415px\" \/><\/strong><\/em> Christian R\u00fcdiger<\/p>\n\n\n\n<p><strong>2. Spieltag<\/strong><\/p>\n\n\n\n<p><span style=\"text-decoration: underline;\">Donnerstag, 31. Juli 2025, ab 18.45 Uhr (<mark style=\"background-color:rgba(0, 0, 0, 0)\" class=\"has-inline-color has-vivid-red-color\">OST<\/mark>SPORT.<mark style=\"background-color:rgba(0, 0, 0, 0)\" class=\"has-inline-color has-vivid-red-color\">TV<\/mark> \u00fcber Volksstimme\/MZ)<\/span><\/p>\n\n\n\n<p><strong><em>1. FC Magdeburg II &#8211; Hallescher FC (19.00 Uhr)<\/em><\/strong><br><em><strong><img loading=\"lazy\" decoding=\"async\" width=\"415\" height=\"874\" class=\"wp-image-3656\" style=\"width: 10px\" src=\"http:\/\/kommentatorenblog.de\/wp-content\/uploads\/2020\/09\/shure-55sh-ii-e1601485394796.jpg\" alt=\"\" srcset=\"http:\/\/kommentatorenblog.de\/wp-content\/uploads\/2020\/09\/shure-55sh-ii-e1601485394796.jpg 415w, http:\/\/kommentatorenblog.de\/wp-content\/uploads\/2020\/09\/shure-55sh-ii-e1601485394796-142x300.jpg 142w\" sizes=\"auto, (max-width: 415px) 100vw, 415px\" \/><\/strong><\/em> Christian R\u00fcdiger<br>Moderation: Toni Mielke<\/p>\n\n\n\n<hr class=\"wp-block-separator has-alpha-channel-opacity\"\/>\n\n\n\n<p><strong>Regionalliga West (GER), 1. Spieltag (<mark style=\"background-color:rgba(0, 0, 0, 0)\" class=\"has-inline-color has-pale-cyan-blue-color\">Leagues<\/mark>)<\/strong><\/p>\n\n\n\n<p><span style=\"text-decoration: underline;\">Freitag, 25. Juli 2025<\/span><\/p>\n\n\n\n<p><strong><em>Wuppertaler SV &#8211; SC Fortuna K\u00f6ln (19.00 Uhr)<\/em><\/strong><br><em><strong><img loading=\"lazy\" decoding=\"async\" width=\"415\" height=\"874\" class=\"wp-image-3656\" style=\"width: 10px\" src=\"http:\/\/kommentatorenblog.de\/wp-content\/uploads\/2020\/09\/shure-55sh-ii-e1601485394796.jpg\" alt=\"\" srcset=\"http:\/\/kommentatorenblog.de\/wp-content\/uploads\/2020\/09\/shure-55sh-ii-e1601485394796.jpg 415w, http:\/\/kommentatorenblog.de\/wp-content\/uploads\/2020\/09\/shure-55sh-ii-e1601485394796-142x300.jpg 142w\" sizes=\"auto, (max-width: 415px) 100vw, 415px\" \/><\/strong><\/em> Sven Lesser<\/p>\n\n\n\n<p><span style=\"text-decoration: underline;\">Samstag, 26. Juli 2025<\/span><\/p>\n\n\n\n<p><strong><em>1. FC Bocholt &#8211; 1. FC K\u00f6ln II (14.00 Uhr)<\/em><\/strong><br><em><strong><img loading=\"lazy\" decoding=\"async\" width=\"415\" height=\"874\" class=\"wp-image-3656\" style=\"width: 10px\" src=\"http:\/\/kommentatorenblog.de\/wp-content\/uploads\/2020\/09\/shure-55sh-ii-e1601485394796.jpg\" alt=\"\" srcset=\"http:\/\/kommentatorenblog.de\/wp-content\/uploads\/2020\/09\/shure-55sh-ii-e1601485394796.jpg 415w, http:\/\/kommentatorenblog.de\/wp-content\/uploads\/2020\/09\/shure-55sh-ii-e1601485394796-142x300.jpg 142w\" sizes=\"auto, (max-width: 415px) 100vw, 415px\" \/><\/strong><\/em> Thorben Albrecht<\/p>\n\n\n\n<p><strong><em>Borussia M\u00f6nchengladbach II &#8211; Fortuna D\u00fcsseldorf II (14.00 Uhr)<\/em><\/strong><br><em><strong><img loading=\"lazy\" decoding=\"async\" width=\"415\" height=\"874\" class=\"wp-image-3656\" style=\"width: 10px\" src=\"http:\/\/kommentatorenblog.de\/wp-content\/uploads\/2020\/09\/shure-55sh-ii-e1601485394796.jpg\" alt=\"\" srcset=\"http:\/\/kommentatorenblog.de\/wp-content\/uploads\/2020\/09\/shure-55sh-ii-e1601485394796.jpg 415w, http:\/\/kommentatorenblog.de\/wp-content\/uploads\/2020\/09\/shure-55sh-ii-e1601485394796-142x300.jpg 142w\" sizes=\"auto, (max-width: 415px) 100vw, 415px\" \/><\/strong><\/em> Henry Nischan<\/p>\n\n\n\n<p><strong><em>VfL Bochum II &#8211; Bonner SC (14.00 Uhr)<\/em><\/strong><br><em><strong><img loading=\"lazy\" decoding=\"async\" width=\"415\" height=\"874\" class=\"wp-image-3656\" style=\"width: 10px\" src=\"http:\/\/kommentatorenblog.de\/wp-content\/uploads\/2020\/09\/shure-55sh-ii-e1601485394796.jpg\" alt=\"\" srcset=\"http:\/\/kommentatorenblog.de\/wp-content\/uploads\/2020\/09\/shure-55sh-ii-e1601485394796.jpg 415w, http:\/\/kommentatorenblog.de\/wp-content\/uploads\/2020\/09\/shure-55sh-ii-e1601485394796-142x300.jpg 142w\" sizes=\"auto, (max-width: 415px) 100vw, 415px\" \/><\/strong><\/em> Marc Rohde<\/p>\n\n\n\n<p><strong><em>VfL Sportfreunde Lotte &#8211; SSVg Velbert 02 (14.00 Uhr)<\/em><\/strong><br><em><strong><img loading=\"lazy\" decoding=\"async\" width=\"415\" height=\"874\" class=\"wp-image-3656\" style=\"width: 10px\" src=\"http:\/\/kommentatorenblog.de\/wp-content\/uploads\/2020\/09\/shure-55sh-ii-e1601485394796.jpg\" alt=\"\" srcset=\"http:\/\/kommentatorenblog.de\/wp-content\/uploads\/2020\/09\/shure-55sh-ii-e1601485394796.jpg 415w, http:\/\/kommentatorenblog.de\/wp-content\/uploads\/2020\/09\/shure-55sh-ii-e1601485394796-142x300.jpg 142w\" sizes=\"auto, (max-width: 415px) 100vw, 415px\" \/><\/strong><\/em> Marvin Scholz<\/p>\n\n\n\n<p><strong><em>Sportfreunde Siegen &#8211; SV R\u00f6dinghausen (14.00 Uhr)<\/em><\/strong><br><em><strong><img loading=\"lazy\" decoding=\"async\" width=\"415\" height=\"874\" class=\"wp-image-3656\" style=\"width: 10px\" src=\"http:\/\/kommentatorenblog.de\/wp-content\/uploads\/2020\/09\/shure-55sh-ii-e1601485394796.jpg\" alt=\"\" srcset=\"http:\/\/kommentatorenblog.de\/wp-content\/uploads\/2020\/09\/shure-55sh-ii-e1601485394796.jpg 415w, http:\/\/kommentatorenblog.de\/wp-content\/uploads\/2020\/09\/shure-55sh-ii-e1601485394796-142x300.jpg 142w\" sizes=\"auto, (max-width: 415px) 100vw, 415px\" \/><\/strong><\/em> Marius H\u00fcttmann<\/p>\n\n\n\n<p><strong><em>SC Wiedenbr\u00fcck &#8211; FC Schalke 04 II (14.00 Uhr)<\/em><\/strong><br><em><strong><img loading=\"lazy\" decoding=\"async\" width=\"415\" height=\"874\" class=\"wp-image-3656\" style=\"width: 10px\" src=\"http:\/\/kommentatorenblog.de\/wp-content\/uploads\/2020\/09\/shure-55sh-ii-e1601485394796.jpg\" alt=\"\" srcset=\"http:\/\/kommentatorenblog.de\/wp-content\/uploads\/2020\/09\/shure-55sh-ii-e1601485394796.jpg 415w, http:\/\/kommentatorenblog.de\/wp-content\/uploads\/2020\/09\/shure-55sh-ii-e1601485394796-142x300.jpg 142w\" sizes=\"auto, (max-width: 415px) 100vw, 415px\" \/><\/strong><\/em> Noah Kersting<\/p>\n\n\n\n<p><strong><em>SC Rot-Wei\u00df Oberhausen &#8211; FC G\u00fctersloh (14.00 Uhr)<\/em><\/strong><br><em><strong><img loading=\"lazy\" decoding=\"async\" width=\"415\" height=\"874\" class=\"wp-image-3656\" style=\"width: 10px\" src=\"http:\/\/kommentatorenblog.de\/wp-content\/uploads\/2020\/09\/shure-55sh-ii-e1601485394796.jpg\" alt=\"\" srcset=\"http:\/\/kommentatorenblog.de\/wp-content\/uploads\/2020\/09\/shure-55sh-ii-e1601485394796.jpg 415w, http:\/\/kommentatorenblog.de\/wp-content\/uploads\/2020\/09\/shure-55sh-ii-e1601485394796-142x300.jpg 142w\" sizes=\"auto, (max-width: 415px) 100vw, 415px\" \/><\/strong><\/em> Maurice Schneider<\/p>\n\n\n\n<p><span style=\"text-decoration: underline;\">Sonntag, 27. Juli 2025<\/span><\/p>\n\n\n\n<p><strong><em>SC Paderborn 07 II &#8211; Borussia Dortmund II (14.00 Uhr)<\/em><\/strong><br><em><strong><img loading=\"lazy\" decoding=\"async\" width=\"415\" height=\"874\" class=\"wp-image-3656\" style=\"width: 10px\" src=\"http:\/\/kommentatorenblog.de\/wp-content\/uploads\/2020\/09\/shure-55sh-ii-e1601485394796.jpg\" alt=\"\" srcset=\"http:\/\/kommentatorenblog.de\/wp-content\/uploads\/2020\/09\/shure-55sh-ii-e1601485394796.jpg 415w, http:\/\/kommentatorenblog.de\/wp-content\/uploads\/2020\/09\/shure-55sh-ii-e1601485394796-142x300.jpg 142w\" sizes=\"auto, (max-width: 415px) 100vw, 415px\" \/><\/strong><\/em> Julian Schildheuer<\/p>\n\n\n\n<hr class=\"wp-block-separator has-alpha-channel-opacity\"\/>\n\n\n\n<p><strong>Pro League 1A (BEL), 1. Spieltag (DAZN)<\/strong><\/p>\n\n\n\n<p><span style=\"text-decoration: underline;\">Sonntag, 27. Juli 2025<\/span><\/p>\n\n\n\n<p><strong><em>Club Br\u00fcgge &#8211; KRC Genk (18.30 Uhr)<\/em><\/strong><br><em><strong><img loading=\"lazy\" decoding=\"async\" width=\"415\" height=\"874\" class=\"wp-image-3656\" style=\"width: 10px\" src=\"http:\/\/kommentatorenblog.de\/wp-content\/uploads\/2020\/09\/shure-55sh-ii-e1601485394796.jpg\" alt=\"\" srcset=\"http:\/\/kommentatorenblog.de\/wp-content\/uploads\/2020\/09\/shure-55sh-ii-e1601485394796.jpg 415w, http:\/\/kommentatorenblog.de\/wp-content\/uploads\/2020\/09\/shure-55sh-ii-e1601485394796-142x300.jpg 142w\" sizes=\"auto, (max-width: 415px) 100vw, 415px\" \/><\/strong><\/em> Stefan Galler<\/p>\n\n\n\n<hr class=\"wp-block-separator has-alpha-channel-opacity\"\/>\n\n\n\n<p><strong>Scottish League Cup (SCO), Gruppenphase (<mark style=\"background-color:rgba(0, 0, 0, 0)\" class=\"has-inline-color has-pale-cyan-blue-color\">Sportdigital<\/mark>)<\/strong><\/p>\n\n\n\n<p><span style=\"text-decoration: underline;\">Sonntag, 27. Juli 2025<\/span><\/p>\n\n\n\n<p><em><strong>FC St. Mirren &#8211; Ayr United (16.00 Uhr)<\/strong><\/em><br><em><strong><img loading=\"lazy\" decoding=\"async\" width=\"415\" height=\"874\" class=\"wp-image-3656\" style=\"width: 10px\" src=\"http:\/\/kommentatorenblog.de\/wp-content\/uploads\/2020\/09\/shure-55sh-ii-e1601485394796.jpg\" alt=\"\" srcset=\"http:\/\/kommentatorenblog.de\/wp-content\/uploads\/2020\/09\/shure-55sh-ii-e1601485394796.jpg 415w, http:\/\/kommentatorenblog.de\/wp-content\/uploads\/2020\/09\/shure-55sh-ii-e1601485394796-142x300.jpg 142w\" sizes=\"auto, (max-width: 415px) 100vw, 415px\" \/><\/strong><\/em> Ulf Kahmke<\/p>\n\n\n\n<hr class=\"wp-block-separator has-alpha-channel-opacity\"\/>\n\n\n\n<p><strong>Ekstraklasa (POL), 2. Spieltag (<mark style=\"background-color:rgba(0, 0, 0, 0)\" class=\"has-inline-color has-pale-cyan-blue-color\">Sportdigital<\/mark>)<\/strong><\/p>\n\n\n\n<p><span style=\"text-decoration: underline;\">Samstag, 26. Juli 2025<\/span><\/p>\n\n\n\n<p><strong><em>Piast Gliwice &#8211; Gornik Zabrze (14.45 Uhr)<\/em><\/strong><br><em><strong><img loading=\"lazy\" decoding=\"async\" width=\"415\" height=\"874\" class=\"wp-image-3656\" style=\"width: 10px\" src=\"http:\/\/kommentatorenblog.de\/wp-content\/uploads\/2020\/09\/shure-55sh-ii-e1601485394796.jpg\" alt=\"\" srcset=\"http:\/\/kommentatorenblog.de\/wp-content\/uploads\/2020\/09\/shure-55sh-ii-e1601485394796.jpg 415w, http:\/\/kommentatorenblog.de\/wp-content\/uploads\/2020\/09\/shure-55sh-ii-e1601485394796-142x300.jpg 142w\" sizes=\"auto, (max-width: 415px) 100vw, 415px\" \/><\/strong><\/em> J\u00f6rg Steiger<\/p>\n\n\n\n<hr class=\"wp-block-separator has-alpha-channel-opacity\"\/>\n\n\n\n<p><strong>1. \u010desk\u00e1 fotbalov\u00e1 liga (CZE), 2. Spieltag (<mark style=\"background-color:rgba(0, 0, 0, 0)\" class=\"has-inline-color has-pale-cyan-blue-color\">Sportdigital<\/mark>)<\/strong><\/p>\n\n\n\n<p><span style=\"text-decoration: underline;\">Samstag, 26. Juli 2025<\/span><\/p>\n\n\n\n<p><strong><em>Viktoria Pilsen &#8211; FK Jablonec (17.00 Uhr)<\/em><\/strong><br><em><strong><img loading=\"lazy\" decoding=\"async\" width=\"415\" height=\"874\" class=\"wp-image-3656\" style=\"width: 10px\" src=\"http:\/\/kommentatorenblog.de\/wp-content\/uploads\/2020\/09\/shure-55sh-ii-e1601485394796.jpg\" alt=\"\" srcset=\"http:\/\/kommentatorenblog.de\/wp-content\/uploads\/2020\/09\/shure-55sh-ii-e1601485394796.jpg 415w, http:\/\/kommentatorenblog.de\/wp-content\/uploads\/2020\/09\/shure-55sh-ii-e1601485394796-142x300.jpg 142w\" sizes=\"auto, (max-width: 415px) 100vw, 415px\" \/><\/strong><\/em> Karsten Linke<\/p>\n\n\n\n<p><strong><em>Bohemians 1905 Prag &#8211; Slavia Prag (20.00 Uhr)<\/em><\/strong><br><em><strong><img loading=\"lazy\" decoding=\"async\" width=\"415\" height=\"874\" class=\"wp-image-3656\" style=\"width: 10px\" src=\"http:\/\/kommentatorenblog.de\/wp-content\/uploads\/2020\/09\/shure-55sh-ii-e1601485394796.jpg\" alt=\"\" srcset=\"http:\/\/kommentatorenblog.de\/wp-content\/uploads\/2020\/09\/shure-55sh-ii-e1601485394796.jpg 415w, http:\/\/kommentatorenblog.de\/wp-content\/uploads\/2020\/09\/shure-55sh-ii-e1601485394796-142x300.jpg 142w\" sizes=\"auto, (max-width: 415px) 100vw, 415px\" \/><\/strong><\/em> Jonathan Dreier<\/p>\n\n\n\n<hr class=\"wp-block-separator has-alpha-channel-opacity\"\/>\n\n\n\n<p><strong>Campeonato Brasileiro (BRA), 17. Spieltag (<mark style=\"background-color:rgba(0, 0, 0, 0)\" class=\"has-inline-color has-pale-cyan-blue-color\">Sportdigital<\/mark>)<\/strong><\/p>\n\n\n\n<p><span style=\"text-decoration: underline;\">Sonntag, 27. Juli 2025<\/span><\/p>\n\n\n\n<p><strong><em>Palmeiras S\u00e3o Paulo &#8211; Gremio Porto Alegre (02.00 Uhr)<\/em><\/strong><br><em><strong><img loading=\"lazy\" decoding=\"async\" width=\"415\" height=\"874\" class=\"wp-image-3656\" style=\"width: 10px\" src=\"http:\/\/kommentatorenblog.de\/wp-content\/uploads\/2020\/09\/shure-55sh-ii-e1601485394796.jpg\" alt=\"\" srcset=\"http:\/\/kommentatorenblog.de\/wp-content\/uploads\/2020\/09\/shure-55sh-ii-e1601485394796.jpg 415w, http:\/\/kommentatorenblog.de\/wp-content\/uploads\/2020\/09\/shure-55sh-ii-e1601485394796-142x300.jpg 142w\" sizes=\"auto, (max-width: 415px) 100vw, 415px\" \/><\/strong><\/em> Moritz Knorr<\/p>\n\n\n\n<p><strong><em>FC S\u00e3o Paulo &#8211; Fluminense Rio de Janeiro (21.00 Uhr)<\/em><\/strong><br><em><strong><img loading=\"lazy\" decoding=\"async\" width=\"415\" height=\"874\" class=\"wp-image-3656\" style=\"width: 10px\" src=\"http:\/\/kommentatorenblog.de\/wp-content\/uploads\/2020\/09\/shure-55sh-ii-e1601485394796.jpg\" alt=\"\" srcset=\"http:\/\/kommentatorenblog.de\/wp-content\/uploads\/2020\/09\/shure-55sh-ii-e1601485394796.jpg 415w, http:\/\/kommentatorenblog.de\/wp-content\/uploads\/2020\/09\/shure-55sh-ii-e1601485394796-142x300.jpg 142w\" sizes=\"auto, (max-width: 415px) 100vw, 415px\" \/><\/strong><\/em> Christian Blunck<\/p>\n\n\n\n<hr class=\"wp-block-separator has-alpha-channel-opacity\"\/>\n\n\n\n<p><strong>Liga Profesional (ARG), 3. Spieltag (<mark style=\"background-color:rgba(0, 0, 0, 0)\" class=\"has-inline-color has-pale-cyan-blue-color\">Sportdigital<\/mark>)<\/strong><\/p>\n\n\n\n<p><span style=\"text-decoration: underline;\">Sonntag, 27. Juli 2025<\/span><\/p>\n\n\n\n<p><strong><em>CA Huracan &#8211; Boca Juniors (23.30 Uhr)<\/em><\/strong><br><em><strong><img loading=\"lazy\" decoding=\"async\" width=\"415\" height=\"874\" class=\"wp-image-3656\" style=\"width: 10px\" src=\"http:\/\/kommentatorenblog.de\/wp-content\/uploads\/2020\/09\/shure-55sh-ii-e1601485394796.jpg\" alt=\"\" srcset=\"http:\/\/kommentatorenblog.de\/wp-content\/uploads\/2020\/09\/shure-55sh-ii-e1601485394796.jpg 415w, http:\/\/kommentatorenblog.de\/wp-content\/uploads\/2020\/09\/shure-55sh-ii-e1601485394796-142x300.jpg 142w\" sizes=\"auto, (max-width: 415px) 100vw, 415px\" \/><\/strong><\/em> J\u00f6rg Steiger<\/p>\n\n\n\n<p><span style=\"text-decoration: underline;\">Montag, 28. Juli 2025<\/span><\/p>\n\n\n\n<p><strong><em>CA River Plate &#8211; CA San Lorenzo (01.30 Uhr)<\/em><\/strong><br><em><strong><img loading=\"lazy\" decoding=\"async\" width=\"415\" height=\"874\" class=\"wp-image-3656\" style=\"width: 10px\" src=\"http:\/\/kommentatorenblog.de\/wp-content\/uploads\/2020\/09\/shure-55sh-ii-e1601485394796.jpg\" alt=\"\" srcset=\"http:\/\/kommentatorenblog.de\/wp-content\/uploads\/2020\/09\/shure-55sh-ii-e1601485394796.jpg 415w, http:\/\/kommentatorenblog.de\/wp-content\/uploads\/2020\/09\/shure-55sh-ii-e1601485394796-142x300.jpg 142w\" sizes=\"auto, (max-width: 415px) 100vw, 415px\" \/><\/strong><\/em> Marcus Radefeld<\/p>\n\n\n\n<hr class=\"wp-block-separator has-alpha-channel-opacity\"\/>\n\n\n\n<p><strong>Testspiele<\/strong><\/p>\n\n\n\n<p><span style=\"text-decoration: underline;\">Samstag, 26. Juli 2025, ab 13.25 Uhr (Sky)<\/span><\/p>\n\n\n\n<p><strong><em>FC Liverpool <\/em><\/strong><em>(ENG)<\/em><strong><em> &#8211; AC Mailand <\/em><\/strong><em>(ITA)<\/em><strong><em> (13.30 Uhr)<\/em><\/strong><br><em><strong><img loading=\"lazy\" decoding=\"async\" width=\"415\" height=\"874\" class=\"wp-image-3656\" style=\"width: 10px\" src=\"http:\/\/kommentatorenblog.de\/wp-content\/uploads\/2020\/09\/shure-55sh-ii-e1601485394796.jpg\" alt=\"\" srcset=\"http:\/\/kommentatorenblog.de\/wp-content\/uploads\/2020\/09\/shure-55sh-ii-e1601485394796.jpg 415w, http:\/\/kommentatorenblog.de\/wp-content\/uploads\/2020\/09\/shure-55sh-ii-e1601485394796-142x300.jpg 142w\" sizes=\"auto, (max-width: 415px) 100vw, 415px\" \/><\/strong><\/em> Jaron Steiner<\/p>\n\n\n\n<p><span style=\"text-decoration: underline;\">ab 15.00 Uhr (DAZN)<\/span><\/p>\n\n\n\n<p><em><strong>Hamburger SV<\/strong> (GER)<strong> &#8211; Olympique Lyon<\/strong> (FRA) <strong>(15.00 Uhr)<\/strong><\/em><br><em><strong><img loading=\"lazy\" decoding=\"async\" width=\"415\" height=\"874\" class=\"wp-image-3656\" style=\"width: 10px\" src=\"http:\/\/kommentatorenblog.de\/wp-content\/uploads\/2020\/09\/shure-55sh-ii-e1601485394796.jpg\" alt=\"\" srcset=\"http:\/\/kommentatorenblog.de\/wp-content\/uploads\/2020\/09\/shure-55sh-ii-e1601485394796.jpg 415w, http:\/\/kommentatorenblog.de\/wp-content\/uploads\/2020\/09\/shure-55sh-ii-e1601485394796-142x300.jpg 142w\" sizes=\"auto, (max-width: 415px) 100vw, 415px\" \/><\/strong><\/em> Oliver Fa\u00dfnacht<\/p>\n\n\n\n<p><span style=\"text-decoration: underline;\">ab 15.15 Uhr (<mark style=\"background-color:rgba(0, 0, 0, 0)\" class=\"has-inline-color has-vivid-red-color\">ServusTV On<\/mark>)<\/span><\/p>\n\n\n\n<p><strong><em>RB Leipzig <\/em><\/strong><em>(GER)<\/em><strong><em> &#8211; FC Toulouse <\/em><\/strong><em>(FRA)<\/em><strong><em> (15.30 Uhr)<\/em><\/strong><br><em><strong><img loading=\"lazy\" decoding=\"async\" width=\"415\" height=\"874\" class=\"wp-image-3656\" style=\"width: 10px\" src=\"http:\/\/kommentatorenblog.de\/wp-content\/uploads\/2020\/09\/shure-55sh-ii-e1601485394796.jpg\" alt=\"\" srcset=\"http:\/\/kommentatorenblog.de\/wp-content\/uploads\/2020\/09\/shure-55sh-ii-e1601485394796.jpg 415w, http:\/\/kommentatorenblog.de\/wp-content\/uploads\/2020\/09\/shure-55sh-ii-e1601485394796-142x300.jpg 142w\" sizes=\"auto, (max-width: 415px) 100vw, 415px\" \/><\/strong><\/em> Vereinskommentar<\/p>\n\n\n\n<p><span style=\"text-decoration: underline;\">ab 15.30 Uhr (<mark style=\"background-color:rgba(0, 0, 0, 0)\" class=\"has-inline-color has-pale-cyan-blue-color\">Volksstimme<\/mark>)<\/span><\/p>\n\n\n\n<p><strong><em>1. FC Magdeburg <\/em><\/strong><em>(GER)<\/em><strong><em> &#8211; VfL Wolfsburg <\/em><\/strong><em>(GER)<\/em><strong><em> (15.30 Uhr)<\/em><\/strong><br><em><strong><img loading=\"lazy\" decoding=\"async\" width=\"415\" height=\"874\" class=\"wp-image-3656\" style=\"width: 10px\" src=\"http:\/\/kommentatorenblog.de\/wp-content\/uploads\/2020\/09\/shure-55sh-ii-e1601485394796.jpg\" alt=\"\" srcset=\"http:\/\/kommentatorenblog.de\/wp-content\/uploads\/2020\/09\/shure-55sh-ii-e1601485394796.jpg 415w, http:\/\/kommentatorenblog.de\/wp-content\/uploads\/2020\/09\/shure-55sh-ii-e1601485394796-142x300.jpg 142w\" sizes=\"auto, (max-width: 415px) 100vw, 415px\" \/><\/strong><\/em> Torsten Grundmann, Experte: Axel Tyll<\/p>\n\n\n\n<p><span style=\"text-decoration: underline;\">ab 16.45 Uhr (Sky\/sport.sky.de)<\/span><\/p>\n\n\n\n<p><strong><em>FC Schalke 04 <\/em><\/strong><em>(GER)<\/em><strong><em> &#8211; FC Sevilla <\/em><\/strong><em>(ESP)<\/em><strong><em> (17.00 Uhr)<\/em><\/strong><br><em><strong><img loading=\"lazy\" decoding=\"async\" width=\"415\" height=\"874\" class=\"wp-image-3656\" style=\"width: 10px\" src=\"http:\/\/kommentatorenblog.de\/wp-content\/uploads\/2020\/09\/shure-55sh-ii-e1601485394796.jpg\" alt=\"\" srcset=\"http:\/\/kommentatorenblog.de\/wp-content\/uploads\/2020\/09\/shure-55sh-ii-e1601485394796.jpg 415w, http:\/\/kommentatorenblog.de\/wp-content\/uploads\/2020\/09\/shure-55sh-ii-e1601485394796-142x300.jpg 142w\" sizes=\"auto, (max-width: 415px) 100vw, 415px\" \/><\/strong><\/em> Timo Sch\u00e4fers<br>Moderation: Cedric Pick<\/p>\n\n\n\n<p><span style=\"text-decoration: underline;\">ab 17.50 Uhr (<mark style=\"background-color:rgba(0, 0, 0, 0)\" class=\"has-inline-color has-vivid-purple-color\">SWR Rheinland-Pfalz<\/mark>)<\/span><\/p>\n\n\n\n<p><em><strong>1. FC Kaiserslautern <\/strong>(GER)<strong> &#8211; AS Rom <\/strong>(ITA)<strong> (18.00 Uhr)<\/strong><\/em><br><em><strong><img loading=\"lazy\" decoding=\"async\" width=\"415\" height=\"874\" class=\"wp-image-3656\" style=\"width: 10px\" src=\"http:\/\/kommentatorenblog.de\/wp-content\/uploads\/2020\/09\/shure-55sh-ii-e1601485394796.jpg\" alt=\"\" srcset=\"http:\/\/kommentatorenblog.de\/wp-content\/uploads\/2020\/09\/shure-55sh-ii-e1601485394796.jpg 415w, http:\/\/kommentatorenblog.de\/wp-content\/uploads\/2020\/09\/shure-55sh-ii-e1601485394796-142x300.jpg 142w\" sizes=\"auto, (max-width: 415px) 100vw, 415px\" \/><\/strong><\/em> Michael Bollenbacher<br>Moderation: Holger Wienpahl, Experte: Roger Lutz<\/p>\n\n\n\n<p><span style=\"text-decoration: underline;\">Sonntag, 27. Juli 2025, ab 00.55 Uhr (Sky\/DAZN)<\/span><\/p>\n\n\n\n<p><strong><em>Eintracht Frankfurt <\/em><\/strong><em>(GER)<\/em><strong><em> &#8211; Aston Villa <\/em><\/strong><em>(ENG)<\/em><strong><em> (01.00 Uhr<\/em><\/strong><em><strong>)<\/strong><\/em><\/p>\n\n\n\n<p><em><strong><img loading=\"lazy\" decoding=\"async\" width=\"415\" height=\"874\" class=\"wp-image-3656\" style=\"width: 10px\" src=\"http:\/\/kommentatorenblog.de\/wp-content\/uploads\/2020\/09\/shure-55sh-ii-e1601485394796.jpg\" alt=\"\" srcset=\"http:\/\/kommentatorenblog.de\/wp-content\/uploads\/2020\/09\/shure-55sh-ii-e1601485394796.jpg 415w, http:\/\/kommentatorenblog.de\/wp-content\/uploads\/2020\/09\/shure-55sh-ii-e1601485394796-142x300.jpg 142w\" sizes=\"auto, (max-width: 415px) 100vw, 415px\" \/><\/strong><\/em> <em>Sky<\/em>: \u00dcbernahme von Eintracht-TV<\/p>\n\n\n\n<p><em><strong><img loading=\"lazy\" decoding=\"async\" width=\"415\" height=\"874\" class=\"wp-image-3656\" style=\"width: 10px\" src=\"http:\/\/kommentatorenblog.de\/wp-content\/uploads\/2020\/09\/shure-55sh-ii-e1601485394796.jpg\" alt=\"\" srcset=\"http:\/\/kommentatorenblog.de\/wp-content\/uploads\/2020\/09\/shure-55sh-ii-e1601485394796.jpg 415w, http:\/\/kommentatorenblog.de\/wp-content\/uploads\/2020\/09\/shure-55sh-ii-e1601485394796-142x300.jpg 142w\" sizes=\"auto, (max-width: 415px) 100vw, 415px\" \/><\/strong><\/em> <em>DAZN<\/em>: Lukas Flottmeyer<\/p>\n\n\n\n<p><span style=\"text-decoration: underline;\">ab 13.25 Uhr (Sky)<\/span><\/p>\n\n\n\n<p><strong><em>FC Arsenal <\/em><\/strong><em>(ENG)<\/em><strong><em> &#8211; Newcastle United <\/em><\/strong><em>(ENG)<\/em><strong><em> (13.30 Uhr)<\/em><\/strong><br><em><strong><img loading=\"lazy\" decoding=\"async\" width=\"415\" height=\"874\" class=\"wp-image-3656\" style=\"width: 10px\" src=\"http:\/\/kommentatorenblog.de\/wp-content\/uploads\/2020\/09\/shure-55sh-ii-e1601485394796.jpg\" alt=\"\" srcset=\"http:\/\/kommentatorenblog.de\/wp-content\/uploads\/2020\/09\/shure-55sh-ii-e1601485394796.jpg 415w, http:\/\/kommentatorenblog.de\/wp-content\/uploads\/2020\/09\/shure-55sh-ii-e1601485394796-142x300.jpg 142w\" sizes=\"auto, (max-width: 415px) 100vw, 415px\" \/><\/strong><\/em> Jaron Steiner<\/p>\n\n\n\n<p><span style=\"text-decoration: underline;\">ab 17.55 Uhr (<mark style=\"background-color:rgba(0, 0, 0, 0)\" class=\"has-inline-color has-vivid-red-color\">ServusTV On<\/mark>)<\/span><\/p>\n\n\n\n<p><strong><em>VfL Bochum <\/em><\/strong><em>(GER)<\/em><strong><em> &#8211; Bayer 04 Leverkusen <\/em><\/strong><em>(GER)<\/em><strong><em> (18.00 Uhr)<\/em><\/strong><br><em><strong><img loading=\"lazy\" decoding=\"async\" width=\"415\" height=\"874\" class=\"wp-image-3656\" style=\"width: 10px\" src=\"http:\/\/kommentatorenblog.de\/wp-content\/uploads\/2020\/09\/shure-55sh-ii-e1601485394796.jpg\" alt=\"\" srcset=\"http:\/\/kommentatorenblog.de\/wp-content\/uploads\/2020\/09\/shure-55sh-ii-e1601485394796.jpg 415w, http:\/\/kommentatorenblog.de\/wp-content\/uploads\/2020\/09\/shure-55sh-ii-e1601485394796-142x300.jpg 142w\" sizes=\"auto, (max-width: 415px) 100vw, 415px\" \/><\/strong><\/em> Markus Theil<\/p>\n\n\n\n<p><span style=\"text-decoration: underline;\">Mittwoch, 30. Juli 2025, ab 01.25 Uhr (Sky\/DAZN)<\/span><\/p>\n\n\n\n<p><strong><em>Louisville City FC <\/em><\/strong><em>(USA)<\/em><strong><em> &#8211; Eintracht Frankfurt <\/em><\/strong><em>(GER)<\/em><strong><em> (01.30 Uhr)<\/em><\/strong><\/p>\n\n\n\n<p><em><strong><img loading=\"lazy\" decoding=\"async\" width=\"415\" height=\"874\" class=\"wp-image-3656\" style=\"width: 10px\" src=\"http:\/\/kommentatorenblog.de\/wp-content\/uploads\/2020\/09\/shure-55sh-ii-e1601485394796.jpg\" alt=\"\" srcset=\"http:\/\/kommentatorenblog.de\/wp-content\/uploads\/2020\/09\/shure-55sh-ii-e1601485394796.jpg 415w, http:\/\/kommentatorenblog.de\/wp-content\/uploads\/2020\/09\/shure-55sh-ii-e1601485394796-142x300.jpg 142w\" sizes=\"auto, (max-width: 415px) 100vw, 415px\" \/><\/strong><\/em> <em>Sky<\/em>: \u00dcbernahme von Eintracht-TV<\/p>\n\n\n\n<p><em><strong><img loading=\"lazy\" decoding=\"async\" width=\"415\" height=\"874\" class=\"wp-image-3656\" style=\"width: 10px\" src=\"http:\/\/kommentatorenblog.de\/wp-content\/uploads\/2020\/09\/shure-55sh-ii-e1601485394796.jpg\" alt=\"\" srcset=\"http:\/\/kommentatorenblog.de\/wp-content\/uploads\/2020\/09\/shure-55sh-ii-e1601485394796.jpg 415w, http:\/\/kommentatorenblog.de\/wp-content\/uploads\/2020\/09\/shure-55sh-ii-e1601485394796-142x300.jpg 142w\" sizes=\"auto, (max-width: 415px) 100vw, 415px\" \/><\/strong><\/em> <em>DAZN<\/em>: Korbinian Rundel<\/p>\n\n\n\n<p><span style=\"text-decoration: underline;\">ab 12.25 Uhr (Sky)<\/span><\/p>\n\n\n\n<p><strong><em>Yokohama F. Marinos <\/em><\/strong><em>(JPN)<\/em><strong><em> &#8211; FC Liverpool <\/em><\/strong><em>(ENG)<\/em><strong><em> (12.30 Uhr)<\/em><\/strong><br><em><strong><img loading=\"lazy\" decoding=\"async\" width=\"415\" height=\"874\" class=\"wp-image-3656\" style=\"width: 10px\" src=\"http:\/\/kommentatorenblog.de\/wp-content\/uploads\/2020\/09\/shure-55sh-ii-e1601485394796.jpg\" alt=\"\" srcset=\"http:\/\/kommentatorenblog.de\/wp-content\/uploads\/2020\/09\/shure-55sh-ii-e1601485394796.jpg 415w, http:\/\/kommentatorenblog.de\/wp-content\/uploads\/2020\/09\/shure-55sh-ii-e1601485394796-142x300.jpg 142w\" sizes=\"auto, (max-width: 415px) 100vw, 415px\" \/><\/strong><\/em> Timo Sch\u00e4fers<\/p>\n\n\n\n<p><span style=\"text-decoration: underline;\">ab 18.15 Uhr (Sky\/sport.sky.de)<\/span><\/p>\n\n\n\n<p><strong><em>Sportfreunde Siegen <\/em><\/strong><em>(GER)<\/em><strong><em> &#8211; Borussia Dortmund <\/em><\/strong><em>(GER)<\/em><strong><em> (18.30 Uhr)<\/em><\/strong><br><em><strong><img loading=\"lazy\" decoding=\"async\" width=\"415\" height=\"874\" class=\"wp-image-3656\" style=\"width: 10px\" src=\"http:\/\/kommentatorenblog.de\/wp-content\/uploads\/2020\/09\/shure-55sh-ii-e1601485394796.jpg\" alt=\"\" srcset=\"http:\/\/kommentatorenblog.de\/wp-content\/uploads\/2020\/09\/shure-55sh-ii-e1601485394796.jpg 415w, http:\/\/kommentatorenblog.de\/wp-content\/uploads\/2020\/09\/shure-55sh-ii-e1601485394796-142x300.jpg 142w\" sizes=\"auto, (max-width: 415px) 100vw, 415px\" \/><\/strong><\/em> Dominik M\u00fcller<br>Field-Reporter: Patrick Berger<\/p>\n\n\n\n<p><span style=\"text-decoration: underline;\">ab 18.55 Uhr (<mark style=\"background-color:rgba(0, 0, 0, 0)\" class=\"has-inline-color has-vivid-red-color\">ServusTV On<\/mark>)<\/span><\/p>\n\n\n\n<p><strong><em>VfL Wolfsburg <\/em><\/strong><em>(GER)<\/em><strong><em> &#8211; Espanyol Barcelona <\/em><\/strong><em>(ESP)<\/em><strong><em> (19.00 Uhr)<\/em><\/strong><br><em><strong><img loading=\"lazy\" decoding=\"async\" width=\"415\" height=\"874\" class=\"wp-image-3656\" style=\"width: 10px\" src=\"http:\/\/kommentatorenblog.de\/wp-content\/uploads\/2020\/09\/shure-55sh-ii-e1601485394796.jpg\" alt=\"\" srcset=\"http:\/\/kommentatorenblog.de\/wp-content\/uploads\/2020\/09\/shure-55sh-ii-e1601485394796.jpg 415w, http:\/\/kommentatorenblog.de\/wp-content\/uploads\/2020\/09\/shure-55sh-ii-e1601485394796-142x300.jpg 142w\" sizes=\"auto, (max-width: 415px) 100vw, 415px\" \/><\/strong><\/em> Philipp Eger<\/p>\n\n\n\n<p><span style=\"text-decoration: underline;\">Donnerstag, 31. Juli 2025, <\/span><span style=\"text-decoration: underline;\">ab 13.00 Uhr (<mark style=\"background-color:rgba(0, 0, 0, 0)\" class=\"has-inline-color has-pale-cyan-blue-color\">Sportdigital<\/mark>)<\/span><\/p>\n\n\n\n<p><strong><em>FC Seoul <\/em><\/strong><em>(KOR)<\/em><strong><em> &#8211; FC Barcelona <\/em><\/strong><em>(ESP)<\/em><strong><em> (13.00 Uhr)<\/em><\/strong><br><em><strong><img loading=\"lazy\" decoding=\"async\" width=\"415\" height=\"874\" class=\"wp-image-3656\" style=\"width: 10px\" src=\"http:\/\/kommentatorenblog.de\/wp-content\/uploads\/2020\/09\/shure-55sh-ii-e1601485394796.jpg\" alt=\"\" srcset=\"http:\/\/kommentatorenblog.de\/wp-content\/uploads\/2020\/09\/shure-55sh-ii-e1601485394796.jpg 415w, http:\/\/kommentatorenblog.de\/wp-content\/uploads\/2020\/09\/shure-55sh-ii-e1601485394796-142x300.jpg 142w\" sizes=\"auto, (max-width: 415px) 100vw, 415px\" \/><\/strong><\/em> Marvin Kirsch<\/p>\n\n\n\n<p><span style=\"text-decoration: underline;\">ab 13.25 Uhr (Sky)<\/span><\/p>\n\n\n\n<p><strong><em>FC Arsenal <\/em><\/strong><em>(ENG)<\/em><strong><em> &#8211; Tottenham Hotspur <\/em><\/strong><em>(ENG)<\/em><strong><em> (13.30 Uhr)<\/em><\/strong><br><em><strong><img loading=\"lazy\" decoding=\"async\" width=\"415\" height=\"874\" class=\"wp-image-3656\" style=\"width: 10px\" src=\"http:\/\/kommentatorenblog.de\/wp-content\/uploads\/2020\/09\/shure-55sh-ii-e1601485394796.jpg\" alt=\"\" srcset=\"http:\/\/kommentatorenblog.de\/wp-content\/uploads\/2020\/09\/shure-55sh-ii-e1601485394796.jpg 415w, http:\/\/kommentatorenblog.de\/wp-content\/uploads\/2020\/09\/shure-55sh-ii-e1601485394796-142x300.jpg 142w\" sizes=\"auto, (max-width: 415px) 100vw, 415px\" \/><\/strong><\/em> Dominik M\u00fcller<\/p>\n\n\n\n<hr class=\"wp-block-separator has-alpha-channel-opacity\"\/>\n\n\n\n<p><strong>Die Analyse<\/strong><\/p>\n\n\n\n<p>Das Finale der Frauen-EM, das wie bereits bei der WM 2023 und auch bei der M\u00e4nner-EM vor einem Jahr abermals England und Spanien unter sich ausmachen, wird im ZDF und nat\u00fcrlich auch wieder bei DAZN \u00fcbertragen. Die langj\u00e4hrige &#8222;Nummer 1&#8220; im Frauenfu\u00dfball beim ZDF, Claudia Neumann, \u00fcbernimmt den Kommentar, m\u00f6glicherweise zum letzten Mal bei einem internationalen Finale in ihrer langen Reporterkarriere. Anstelle von Katja Streso und Johanna R\u00fcdiger, die wahrscheinlich bei einem Finaleinzug des DFB noch in der Schweiz geblieben w\u00e4ren, \u00fcbernimmt Lili Engels die Interviews, w\u00e4hrend sich Fritzy Kromp zu Sven Voss und Kathrin Lehmann aufs Sofa in Mainz gesellt. Bei DAZN wird Christoph Fetzer kommentieren &#8211; voraussichtlich erneut alleine, somit w\u00fcrde Carmen H\u00f6fflin trotz urspr\u00fcnglicher Ank\u00fcndigung ihrer Beteiligung komplett ohne Einsatz beim Turnier bleiben.<\/p>\n\n\n\n<p>Bereits einen Tag vorher wird auch in Afrika der Meister des Damenfu\u00dfballs ermittelt, und zwar zwischen Marokko und Nigeria. Marvin Kirsch wird f\u00fcr Sportdigital kommentieren und bekommt somit erneut ein Topspiel.<\/p>\n\n\n\n<p>In der Regionalliga Nordost gibt es zur neuen Saison eine tiefgreifende \u00c4nderung, was die Terminierung der Spiele betrifft. Statt 13 Uhr werden k\u00fcnftig sowohl samstags als auch sonntags alle Spiele um 14 Uhr angepfiffen, entschieden wurde dies nach einer Umfrage unter den Vereinen. Somit brauchen in Zukunft nicht mehr so viele Spiele wie bisher auf Wunsch des MDR gesondert terminiert werden, sondern k\u00f6nnen noch h\u00e4ufiger parallel zueinander stattfinden. Da TV-Rechteinhaber OSTSPORT.TV jedoch die Sublizenzen an immer mehr verschiedene Interessenten verteilt, wird es Konferenzen wahrscheinlich weiterhin nur in Ausnahmef\u00e4llen geben. Nachdem mit Erzgebirge Aue nur noch ein Klub aus der MDR-Zone in der 3. Liga spielt, kann der MDR k\u00fcnftig die Regionalliga-\u00dcbertragungen wieder vermehrt ins lineare TV verlegen und samstags auch mal zwei Spiele nacheinander zeigen, so wie auch an diesem Samstag. Zu den Sublizenznehmern von OSTSPORT.TV, die deren \u00dcbertragungen auf ihre Online-Plattform \u00fcbernehmen, sto\u00dfen neben Funke Medien Th\u00fcringen und der Bauer Media Group, die neben den Spielen des HFC bei der MZ nun auch Spiele der Zweitvertretung des FCM bei der Volksstimme anbieten wird, auch die Madsack Mediengruppe mit der Leipziger Volkszeitung (LVZ) und der S\u00e4chsischen Zeitung (SZ). Letztere werden sogar an jedem Spieltag gemeinsam je ein Spiel \u00fcbertragen, auch die Anzahl der Spiele bei den anderen Zeitungsportalen wurde erneut erh\u00f6ht. Der Vorteil, der sich daraus ergibt, ist, dass sich die Anzahl der \u00dcbertragungen pro Spieltag dauerhaft erh\u00f6hen k\u00f6nnte, der Nachteil, dass die urspr\u00fcngliche Absichtserkl\u00e4rung des OSTSPORT-Gr\u00fcnders Heiko Mallwitz &#8222;Bei uns wird es keine Bezahlschranke geben&#8220; immer h\u00e4ufiger nicht mehr zutrifft &#8211; auch wenn die Bezahlschranke in diesen F\u00e4llen zugegebenerma\u00dfen nicht von OSTSPORT selbst verh\u00e4ngt wird. Etwas unter dem Radar bleiben weiterhin die Klubs aus Berlin, Brandenburg und Mecklenburg-Vorpommern. Dass der MDR auch Spiele ohne Beteiligung von Klubs aus der eigenen Zone \u00fcbertr\u00e4gt, kam in der Vergangenheit bereits vor, d\u00fcrfte aber auch k\u00fcnftig eher von der sportlichen Situation im Saisonverlauf abh\u00e4ngen.<\/p>\n\n\n\n<p>Auch in den Regionalligen West, Nord und Bayern steigt an diesem Wochenende der erste Spieltag. Die Spiele im Norden werden nach wie vor auf der eigenen Plattform des NFV, NORDFV.TV, \u00fcbertragen, die Kommentatoren werden von den Klubs selbst gestellt. Die Regionalliga West ist bereits im Winter von Sporttotal, das mittlerweile als Plattform gar nicht mehr existiert, zu Leagues umgezogen. In der Leagues-Community findet sich auch bereits ein Hinweis, dass m\u00f6glicherweise auch die 2. Frauen-Bundesliga den gleichen Weg gehen k\u00f6nnte, hierzu gibt es allerdings noch keine Best\u00e4tigung. Eine einheitliche Plattform f\u00fcr die Regionalliga Bayern wird es nach derzeitigem Stand hingegen nicht mehr geben. Es wird weiterhin ein Spiel pro Woche bei BR24Sport \u00fcbertragen, dazu haben die Klubs selbst die M\u00f6glichkeit, ihre Spiele live zu streamen.<\/p>\n\n\n\n<p>DAZN wird nach einiger Verwirrung die belgische Pro League nun doch selbst \u00fcbertragen, nachdem die Spiele kurzzeitig wieder aus der \u00dcbersicht entfernt worden waren. Im Gegensatz zum Supercup am vergangenen Wochenende wird am Sonntag auch ein Spiel auf Deutsch kommentiert werden, n\u00e4mlich das Traditionsduell zwischen Br\u00fcgge und Genk, von Frankreich-Experte Stefan Galler.<\/p>\n\n\n\n<p>Ansonsten spielt sich das Pflichtspielgeschehen noch \u00fcberwiegend im Ausland und bei Sportdigital ab, es wird allerdings auch wieder zahlreiche Testspiele auf verschiedenen Plattformen geben. Passend dazu, dass ab der kommenden Saison noch mehr englischer Fu\u00dfball als jemals zuvor bei Sky Deutschland \u00fcbertragen wird, sind unter den Testspielen auch s\u00e4mtliche mit englischer, aber ohne deutsche Beteiligung, u.a. zeigt Sky auch die diesj\u00e4hrige Premier League Summer Series. (<strong>Update:<\/strong> dort gibt es nur einen englischen Kommentar.) Die Asienreise des FC Barcelona steht noch auf der Kippe, nachdem das urspr\u00fcnglich am Sonntag angedachte Testspiel gegen Vissel Kobe nach einem mutma\u00dflichen Betrugsfall bei der Organisation bereits gestrichen wurde. <strong>Update:<\/strong> von wegen Betrug, das Problem konnte gekl\u00e4rt werden und das Spiel wird nun doch stattfinden, die \u00dcbertragung gibt es nun aber wohl exklusiv beim Verein und nicht wie zuerst angedacht bei Sportdigital.<\/p>\n\n\n\n<p>Vorl\u00e4ufige Infos zu den Testspielen sind rar, aber wir werden \u00fcber die Tage beobachten, wer zum Einsatz kommen wird. In der kommenden Woche ist au\u00dfer weiteren Vorbereitungsspielen nichts los, was bedeutet, dass unser n\u00e4chster Beitrag erst am kommenden Donnerstag ver\u00f6ffentlicht wird, dann mit den Saisonstarts der 2. Bundesliga und der 3. Liga. Ich w\u00fcnsche euch bis dahin eine sch\u00f6ne Woche!<\/p>\n","protected":false},"excerpt":{"rendered":"<p>N&#8217;Abend allerseits, trotz vieler Widrigkeiten, inklusive einem Tag weniger Pause und 120 Minuten in den Knochen, schaffte es die deutsche Nationalmannschaft der Frauen, die hochfavorisierten Spanierinnen am Mittwoch abermals in Schach zu halten und in die Verl\u00e4ngerung zu zwingen, wo man sich dann aber doch knapp mit 0:1 geschlagen gegeben werden musste und weiter auf [&hellip;]<\/p>\n","protected":false},"author":17,"featured_media":0,"comment_status":"open","ping_status":"open","sticky":false,"template":"","format":"standard","meta":{"footnotes":""},"categories":[1343],"tags":[256,57,1066,302,36,13,580,462,1140,92,1303,604,72,507,58,1352,59,737,962,1276,965,1281,526,806,503,1296,239,581,1213,1034,17,593,715,1011,665,1041,1020,238,525,1208,22,134,154,524,575,983,710,16,1317,838,1008,1351,402,1350,37],"class_list":["post-22268","post","type-post","status-publish","format-standard","hentry","category-em-2025","tag-cedric-pick","tag-christian-blunck","tag-christian-ruediger","tag-christoph-fetzer","tag-claudia-neumann","tag-dazn","tag-dominik-mueller","tag-eik-galley","tag-friederike-kromp","tag-heiko-mallwitz","tag-henry-nischan","tag-holger-wienpahl","tag-jaron-steiner","tag-jonathan-dreier","tag-joerg-steiger","tag-julian-schildheuer","tag-karsten-linke","tag-kathrin-lehmann","tag-korbinian-rundel","tag-leagues","tag-lili-engels","tag-lukas-flottmeyer","tag-lutz-lindemann","tag-marc-rohde","tag-marcus-radefeld","tag-marius-huettmann","tag-markus-theil","tag-marvin-kirsch","tag-marvin-scholz","tag-maurice-schneider","tag-mdr","tag-michael-bollenbacher","tag-moritz-knorr","tag-noah-kersting","tag-oliver-fassnacht-2","tag-ostsport-tv","tag-patrick-berger","tag-philipp-eger","tag-rene-kindermann","tag-servustv-on","tag-sky","tag-sportdigital-fussball","tag-stefan-galler","tag-stephan-weidling","tag-stephanie-mueller-spirra","tag-sven-lesser","tag-sven-voss","tag-swr","tag-thorben-albrecht","tag-timo-schaefers","tag-toni-mielke","tag-torsten-grundmann","tag-ulf-kahmke","tag-volksstimme","tag-zdf"],"_links":{"self":[{"href":"http:\/\/kommentatorenblog.de\/index.php?rest_route=\/wp\/v2\/posts\/22268","targetHints":{"allow":["GET"]}}],"collection":[{"href":"http:\/\/kommentatorenblog.de\/index.php?rest_route=\/wp\/v2\/posts"}],"about":[{"href":"http:\/\/kommentatorenblog.de\/index.php?rest_route=\/wp\/v2\/types\/post"}],"author":[{"embeddable":true,"href":"http:\/\/kommentatorenblog.de\/index.php?rest_route=\/wp\/v2\/users\/17"}],"replies":[{"embeddable":true,"href":"http:\/\/kommentatorenblog.de\/index.php?rest_route=%2Fwp%2Fv2%2Fcomments&post=22268"}],"version-history":[{"count":58,"href":"http:\/\/kommentatorenblog.de\/index.php?rest_route=\/wp\/v2\/posts\/22268\/revisions"}],"predecessor-version":[{"id":22353,"href":"http:\/\/kommentatorenblog.de\/index.php?rest_route=\/wp\/v2\/posts\/22268\/revisions\/22353"}],"wp:attachment":[{"href":"http:\/\/kommentatorenblog.de\/index.php?rest_route=%2Fwp%2Fv2%2Fmedia&parent=22268"}],"wp:term":[{"taxonomy":"category","embeddable":true,"href":"http:\/\/kommentatorenblog.de\/index.php?rest_route=%2Fwp%2Fv2%2Fcategories&post=22268"},{"taxonomy":"post_tag","embeddable":true,"href":"http:\/\/kommentatorenblog.de\/index.php?rest_route=%2Fwp%2Fv2%2Ftags&post=22268"}],"curies":[{"name":"wp","href":"https:\/\/api.w.org\/{rel}","templated":true}]}}