{"id":22342,"date":"2025-07-31T16:53:46","date_gmt":"2025-07-31T15:53:46","guid":{"rendered":"https:\/\/kommentatorenblog.de\/?p=22342"},"modified":"2025-08-17T00:33:33","modified_gmt":"2025-08-16T23:33:33","slug":"1527-rein-in-die-neue-rechteperiode","status":"publish","type":"post","link":"http:\/\/kommentatorenblog.de\/?p=22342","title":{"rendered":"1527 &#8211; Rein in die neue Rechteperiode"},"content":{"rendered":"\n<p>N\u2018Abend allerseits,<\/p>\n\n\n\n<p>nachdem uns das Thema in den letzten rund 18 Monaten eigentlich durchg\u00e4ngig besch\u00e4ftigt hat, geht es nun tats\u00e4chlich hinein in die neue Rechteperiode der DFL (also Bundesliga und 2. Bundesliga). Damit liegen inzwischen auch die konkreten Pl\u00e4ne der einzelnen Sender vor, die die Spiele live und als Highlights zeigen werden. In den kommenden vier Wochen werden wir uns daher ein wenig den einzelnen Ligen und Sendern widmen. Heute werfen wir dabei einen Blick auf die 2. Bundesliga und die Pl\u00e4ne von Sky und RTL dazu. N\u00e4chste Woche gibt es dann die Infos zur Highlight-Berichterstattung zur Bundesliga und 2. Bundesliga, bevor wir uns in der Woche des Saisonstarts den Pl\u00e4nen von Sky und DAZN als Liveverwerter der Bundesliga widmen.<\/p>\n\n\n\n<p>Starten wir also mit der 2. Bundesliga \u2013 wo es ja doch auch ein paar Ver\u00e4nderungen gegeben hat. Grunds\u00e4tzlich sind auch weiterhin alle 306 Spiele der 2. Bundesliga bei Sky zu sehen. Das Topspiel am Samstagabend (in 33 Ausgaben) l\u00e4uft ab sofort co-exklusiv bei RTL (oder Nitro), und das Auftaktspiel gibt es wie gehabt bei Sat.1 zu sehen. Die strategische Content-Partnerschaft von Sky und RTL sorgt zudem f\u00fcr einige Konferenzen am Sonntag bei RTL. Das zur grunds\u00e4tzlichen Materie \u2013 und nun zur Praxis:<\/p>\n\n\n\n<p class=\"has-large-font-size\"><strong>Sky <\/strong><\/p>\n\n\n\n<p>Bei Sky bleibt in der 2. Bundesliga vieles beim Alten, ein paar Dinge werden aber auch ver\u00e4ndert. Unver\u00e4ndert bleibt, dass weiterhin bei allen vier Ansto\u00dfzeiten aus einem Stadion moderiert wird (auch die Sendezeiten bleiben gleich) und \u2013 falls Spiele parallel stattfinden \u2013 in die anderen Stadien geschaltet wird. Kommentiert werden leider auch weiterhin, bis auf das Topspiel am Samstagnachmittag, alle Einzelspiele aus der Box.<\/p>\n\n\n\n<p>Eine gro\u00dfe Ver\u00e4nderung gibt es jedoch: die R\u00fcckkehr der Original-Sky-Konferenz am Samstag und Sonntag nach sechs Saisons im \u201eRedzone\u201c-Stil. In diesem Format wird es die Konferenz k\u00fcnftig nur noch am Freitag geben. Mit Blick auf die Kommentatoren werden daher auch Stimmen zu h\u00f6ren sein, die wir bislang eher aus der Bundesliga kennen, wie Kai Dittmann, Frank Buschmann oder Schmiso \u2013 wirkliche externe Neuzug\u00e4nge sind allerdings nicht zu vermelden.<\/p>\n\n\n\n<p>Das Moderationsteam wird erweitert: Neben Nele Ocik, Yannick Erkenbrecher, Thomas Wagner, Max Zielke, Stefan Hempel und Hartmut von Kameke st\u00f6\u00dft Katharina Kleinfeldt dazu. Ihre Sky-R\u00fcckkehr in der Bundesliga und 2. Bundesliga wurde ja in dieser Woche publik gemacht. Das Expertenteam bleibt unver\u00e4ndert und umfasst Simon Terodde, Torsten Mattuschka und S\u00f6ren Gonther.<\/p>\n\n\n\n<p class=\"has-large-font-size\"><mark style=\"background-color:rgba(0, 0, 0, 0)\" class=\"has-inline-color has-vivid-purple-color\">RTL<\/mark><\/p>\n\n\n\n<p>Die RTL-Mediengruppe, die das Topspiel am Samstagabend auf RTL oder Nitro pr\u00e4sentieren wird, hat ein gro\u00dfes Team bekanntgegeben. Mit Blick auf das Drumherum muss man leider festhalten, dass der Vorlauf im Vergleich zu Sport1 deutlich eingedampft wurde. Statt 19.30 Uhr geht es nun erst um 20.15 Uhr los \u2013 durch die Werbung also weniger als 15 Minuten Vorlauf, was f\u00fcr meinen Geschmack deutlich zu wenig ist.<\/p>\n\n\n\n<p>Durch den Vorlauf werden bei den RTL-Spielen Florian K\u00f6nig oder R\u00fcckkehrerin Laura Wontorra f\u00fchren, w\u00e4hrend Anna Kraft die Spiele auf Nitro moderieren wird. Als Experten stehen die bekannten RTL-Gesichter Felix Kroos und Patrick Helmes zur Verf\u00fcgung. Auch das Kommentatorenteam birgt keine \u00dcberraschungen: Neben Marco Hagemann sind hier Robby Hunke und Corni K\u00fcpper dabei, die ja auch in der Vergangenheit popul\u00e4re Europa-League-Spiele auf RTL+ kommentierten. Komplettiert wird das Team von einer Field-Reporterin bzw. einem Field-Reporter: Jana Wosnitza kehrt nach l\u00e4ngerer Zeit zum Fu\u00dfball zur\u00fcck, und auch Thomas Wagner ist dabei \u2013 dem damit an den Wochenenden weiterhin nicht langweilig werden d\u00fcrfte.<\/p>\n\n\n\n<p>So viel zu den beiden Sendern \u2013 und nun der Blick auf den 1. Spieltag und darauf, wie sich diese Ver\u00e4nderungen in der Praxis zeigen.<\/p>\n\n\n\n<hr class=\"wp-block-separator has-alpha-channel-opacity\"\/>\n\n\n\n<p><strong>Die Ansetzungen vom 01. August bis 04. August 2025<\/strong><\/p>\n\n\n\n<hr class=\"wp-block-separator has-alpha-channel-opacity\"\/>\n\n\n\n<p><strong>2. Bundesliga, 1. Spieltag<\/strong><\/p>\n\n\n\n<p><span style=\"text-decoration: underline;\">Freitag, 01. August 2025, ab 19.30 Uhr (Sky) bzw. ab 19.50 Uhr (<mark style=\"background-color:rgba(0, 0, 0, 0)\" class=\"has-inline-color has-light-green-cyan-color\">Sat1<\/mark>)<\/span><\/p>\n\n\n\n<p><strong><em>FC Schalke 04 \u2013 Hertha BSC (20.30 Uhr)<\/em><\/strong><\/p>\n\n\n\n<p><em><strong><img loading=\"lazy\" decoding=\"async\" width=\"415\" height=\"874\" class=\"wp-image-3656\" style=\"width: 10px\" src=\"http:\/\/kommentatorenblog.de\/wp-content\/uploads\/2020\/09\/shure-55sh-ii-e1601485394796.jpg\" alt=\"\" srcset=\"http:\/\/kommentatorenblog.de\/wp-content\/uploads\/2020\/09\/shure-55sh-ii-e1601485394796.jpg 415w, http:\/\/kommentatorenblog.de\/wp-content\/uploads\/2020\/09\/shure-55sh-ii-e1601485394796-142x300.jpg 142w\" sizes=\"auto, (max-width: 415px) 100vw, 415px\" \/><\/strong><\/em> <em><mark style=\"background-color:rgba(0, 0, 0, 0)\" class=\"has-inline-color has-light-green-cyan-color\">Sat1<\/mark><\/em>: Jonas Friedrich, Experte: Thomas Helmer<br>Moderation (<em><mark style=\"background-color:rgba(0, 0, 0, 0)\" class=\"has-inline-color has-vivid-purple-color\"><em><mark style=\"background-color:rgba(0, 0, 0, 0)\" class=\"has-inline-color has-light-green-cyan-color\">Sat1<\/mark><\/em><\/mark><\/em>): Matthias Opdenh\u00f6vel, Field-Reporterin: Andrea Kaiser<\/p>\n\n\n\n<p><em><strong><img loading=\"lazy\" decoding=\"async\" width=\"415\" height=\"874\" class=\"wp-image-3656\" style=\"width: 10px\" src=\"http:\/\/kommentatorenblog.de\/wp-content\/uploads\/2020\/09\/shure-55sh-ii-e1601485394796.jpg\" alt=\"\" srcset=\"http:\/\/kommentatorenblog.de\/wp-content\/uploads\/2020\/09\/shure-55sh-ii-e1601485394796.jpg 415w, http:\/\/kommentatorenblog.de\/wp-content\/uploads\/2020\/09\/shure-55sh-ii-e1601485394796-142x300.jpg 142w\" sizes=\"auto, (max-width: 415px) 100vw, 415px\" \/><\/strong><\/em> <em><mark style=\"background-color:rgba(0, 0, 0, 0)\" class=\"has-inline-color has-black-color\">Sky<\/mark><\/em>: Hannes Herrmann, Experte: Simon Terodde<br>Moderation (<em><mark style=\"background-color:rgba(0, 0, 0, 0)\" class=\"has-inline-color has-black-color\">Sky<\/mark><\/em>): Nele Ocik, Field-Reporter: Dirk gro\u00dfe Schlarmann<\/p>\n\n\n\n<p><span style=\"text-decoration: underline;\">Samstag, 02. August 2025, ab 12.30 Uhr (Sky)<\/span><\/p>\n\n\n\n<p><strong><em>SV Darmstadt 98 \u2013 VfL Bochum (13.00 Uhr)<\/em><\/strong><br><em><strong><img loading=\"lazy\" decoding=\"async\" width=\"415\" height=\"874\" class=\"wp-image-3656\" style=\"width: 10px\" src=\"http:\/\/kommentatorenblog.de\/wp-content\/uploads\/2020\/09\/shure-55sh-ii-e1601485394796.jpg\" alt=\"\" srcset=\"http:\/\/kommentatorenblog.de\/wp-content\/uploads\/2020\/09\/shure-55sh-ii-e1601485394796.jpg 415w, http:\/\/kommentatorenblog.de\/wp-content\/uploads\/2020\/09\/shure-55sh-ii-e1601485394796-142x300.jpg 142w\" sizes=\"auto, (max-width: 415px) 100vw, 415px\" \/><\/strong><\/em>&nbsp;Hannes Herrmann (Einzelspiel), Kai Dittmann (Konferenz)<\/p>\n\n\n\n<p><strong><em>SC Paderborn 07 \u2013 Holstein Kiel (13.00 Uhr)<\/em><\/strong><br><em><strong><img loading=\"lazy\" decoding=\"async\" width=\"415\" height=\"874\" class=\"wp-image-3656\" style=\"width: 10px\" src=\"http:\/\/kommentatorenblog.de\/wp-content\/uploads\/2020\/09\/shure-55sh-ii-e1601485394796.jpg\" alt=\"\" srcset=\"http:\/\/kommentatorenblog.de\/wp-content\/uploads\/2020\/09\/shure-55sh-ii-e1601485394796.jpg 415w, http:\/\/kommentatorenblog.de\/wp-content\/uploads\/2020\/09\/shure-55sh-ii-e1601485394796-142x300.jpg 142w\" sizes=\"auto, (max-width: 415px) 100vw, 415px\" \/><\/strong><\/em> Karsten Petrzika&nbsp;(Einzelspiel), Marcel Meinert (Konferenz)<br>Field-Reporter: Marlon Irlbacher<\/p>\n\n\n\n<p><strong><em>SV Elversberg \u2013 1. FC N\u00fcrnberg (13.00 Uhr)<\/em><\/strong><br><em><strong><img loading=\"lazy\" decoding=\"async\" width=\"415\" height=\"874\" class=\"wp-image-3656\" style=\"width: 10px\" src=\"http:\/\/kommentatorenblog.de\/wp-content\/uploads\/2020\/09\/shure-55sh-ii-e1601485394796.jpg\" alt=\"\" srcset=\"http:\/\/kommentatorenblog.de\/wp-content\/uploads\/2020\/09\/shure-55sh-ii-e1601485394796.jpg 415w, http:\/\/kommentatorenblog.de\/wp-content\/uploads\/2020\/09\/shure-55sh-ii-e1601485394796-142x300.jpg 142w\" sizes=\"auto, (max-width: 415px) 100vw, 415px\" \/><\/strong><\/em>&nbsp;Joachim Hebel (Einzelspiel), Markus G\u00f6tz (Konferenz)<br>Field-Reporter: Hartmut von Kameke<\/p>\n\n\n\n<p><strong><em>Karlsruher SC \u2013 Preu\u00dfen M\u00fcnster (13.00 Uhr)<\/em><\/strong><br><em><strong><img loading=\"lazy\" decoding=\"async\" width=\"415\" height=\"874\" class=\"wp-image-3656\" style=\"width: 10px\" src=\"http:\/\/kommentatorenblog.de\/wp-content\/uploads\/2020\/09\/shure-55sh-ii-e1601485394796.jpg\" alt=\"\" srcset=\"http:\/\/kommentatorenblog.de\/wp-content\/uploads\/2020\/09\/shure-55sh-ii-e1601485394796.jpg 415w, http:\/\/kommentatorenblog.de\/wp-content\/uploads\/2020\/09\/shure-55sh-ii-e1601485394796-142x300.jpg 142w\" sizes=\"auto, (max-width: 415px) 100vw, 415px\" \/><\/strong><\/em>&nbsp;J\u00fcrgen Schmitz (Einzelspiel), Klaus Veltman (Konferenz)<br>Field-Reporter: Dennis Bayer<\/p>\n\n\n\n<p>Moderation (aus Darmstadt): Stefan Hempel, Experte: S\u00f6ren Gonther, Gast: Manuel Riemann<\/p>\n\n\n\n<p><span style=\"text-decoration: underline;\">ab 20.15 Uhr (<span style=\"text-decoration: underline;\"><mark style=\"background-color:rgba(0, 0, 0, 0)\" class=\"has-inline-color has-vivid-purple-color\">RTL<\/mark><\/span>) bzw. ab 20.00 Uhr (Sky)<\/span><\/p>\n\n\n\n<p><strong><em>Arminia Bielefeld \u2013 Fortuna D\u00fcsseldorf (20.30 Uhr)<\/em><\/strong><\/p>\n\n\n\n<p><em><strong><img loading=\"lazy\" decoding=\"async\" width=\"415\" height=\"874\" class=\"wp-image-3656\" style=\"width: 10px\" src=\"http:\/\/kommentatorenblog.de\/wp-content\/uploads\/2020\/09\/shure-55sh-ii-e1601485394796.jpg\" alt=\"\" srcset=\"http:\/\/kommentatorenblog.de\/wp-content\/uploads\/2020\/09\/shure-55sh-ii-e1601485394796.jpg 415w, http:\/\/kommentatorenblog.de\/wp-content\/uploads\/2020\/09\/shure-55sh-ii-e1601485394796-142x300.jpg 142w\" sizes=\"auto, (max-width: 415px) 100vw, 415px\" \/><\/strong><\/em> <em><mark style=\"background-color:rgba(0, 0, 0, 0)\" class=\"has-inline-color has-vivid-purple-color\">RTL<\/mark><\/em>: Marco Hagemann, Experte: Felix Kroos<br>Moderation (<em><mark style=\"background-color:rgba(0, 0, 0, 0)\" class=\"has-inline-color has-vivid-purple-color\">RTL<\/mark><\/em>): Florian K\u00f6nig, Field-Reporter: Thomas Wagner<\/p>\n\n\n\n<p><em><strong><img loading=\"lazy\" decoding=\"async\" width=\"415\" height=\"874\" class=\"wp-image-3656\" style=\"width: 10px\" src=\"http:\/\/kommentatorenblog.de\/wp-content\/uploads\/2020\/09\/shure-55sh-ii-e1601485394796.jpg\" alt=\"\" srcset=\"http:\/\/kommentatorenblog.de\/wp-content\/uploads\/2020\/09\/shure-55sh-ii-e1601485394796.jpg 415w, http:\/\/kommentatorenblog.de\/wp-content\/uploads\/2020\/09\/shure-55sh-ii-e1601485394796-142x300.jpg 142w\" sizes=\"auto, (max-width: 415px) 100vw, 415px\" \/><\/strong><\/em> <em>Sky<\/em>: Oliver Seidler, Experte: Torsten Mattuschka<br>Moderation (<em>Sky<\/em>): Max Zielke, Gast: Ansgar Brinkmann<\/p>\n\n\n\n<p><span style=\"text-decoration: underline;\">Sonntag, 03. August 2025, ab 13.00 Uhr (Sky\/<mark style=\"background-color:rgba(0, 0, 0, 0)\" class=\"has-inline-color has-vivid-purple-color\">RTL<\/mark> (nur Konferenz))<\/span><\/p>\n\n\n\n<p><strong><em>Hannover 96 \u2013 1. FC Kaiserslautern (13.30 Uhr)<\/em><\/strong><br><em><strong><img loading=\"lazy\" decoding=\"async\" width=\"415\" height=\"874\" class=\"wp-image-3656\" style=\"width: 10px\" src=\"http:\/\/kommentatorenblog.de\/wp-content\/uploads\/2020\/09\/shure-55sh-ii-e1601485394796.jpg\" alt=\"\" srcset=\"http:\/\/kommentatorenblog.de\/wp-content\/uploads\/2020\/09\/shure-55sh-ii-e1601485394796.jpg 415w, http:\/\/kommentatorenblog.de\/wp-content\/uploads\/2020\/09\/shure-55sh-ii-e1601485394796-142x300.jpg 142w\" sizes=\"auto, (max-width: 415px) 100vw, 415px\" \/><\/strong><\/em> Sky: Kai Dittmann (Einzelspiel)<br><em><strong><img loading=\"lazy\" decoding=\"async\" width=\"415\" height=\"874\" class=\"wp-image-3656\" style=\"width: 10px\" src=\"http:\/\/kommentatorenblog.de\/wp-content\/uploads\/2020\/09\/shure-55sh-ii-e1601485394796.jpg\" alt=\"\" srcset=\"http:\/\/kommentatorenblog.de\/wp-content\/uploads\/2020\/09\/shure-55sh-ii-e1601485394796.jpg 415w, http:\/\/kommentatorenblog.de\/wp-content\/uploads\/2020\/09\/shure-55sh-ii-e1601485394796-142x300.jpg 142w\" sizes=\"auto, (max-width: 415px) 100vw, 415px\" \/><\/strong><\/em> Sky\/<mark style=\"background-color:rgba(0, 0, 0, 0)\" class=\"has-inline-color has-vivid-purple-color\">RTL<\/mark>: Frank Buschmann (Konferenz)<\/p>\n\n\n\n<p><strong><em>SpVgg Greuther F\u00fcrth \u2013 SG Dynamo Dresden (13.30 Uhr)<\/em><\/strong><br><em><strong><img loading=\"lazy\" decoding=\"async\" width=\"415\" height=\"874\" class=\"wp-image-3656\" style=\"width: 10px\" src=\"http:\/\/kommentatorenblog.de\/wp-content\/uploads\/2020\/09\/shure-55sh-ii-e1601485394796.jpg\" alt=\"\" srcset=\"http:\/\/kommentatorenblog.de\/wp-content\/uploads\/2020\/09\/shure-55sh-ii-e1601485394796.jpg 415w, http:\/\/kommentatorenblog.de\/wp-content\/uploads\/2020\/09\/shure-55sh-ii-e1601485394796-142x300.jpg 142w\" sizes=\"auto, (max-width: 415px) 100vw, 415px\" \/><\/strong><\/em> Sky: Marcel Meinert (Einzelspiel)<br><em><strong><img loading=\"lazy\" decoding=\"async\" width=\"415\" height=\"874\" class=\"wp-image-3656\" style=\"width: 10px\" src=\"http:\/\/kommentatorenblog.de\/wp-content\/uploads\/2020\/09\/shure-55sh-ii-e1601485394796.jpg\" alt=\"\" srcset=\"http:\/\/kommentatorenblog.de\/wp-content\/uploads\/2020\/09\/shure-55sh-ii-e1601485394796.jpg 415w, http:\/\/kommentatorenblog.de\/wp-content\/uploads\/2020\/09\/shure-55sh-ii-e1601485394796-142x300.jpg 142w\" sizes=\"auto, (max-width: 415px) 100vw, 415px\" \/><\/strong><\/em> Sky\/<mark style=\"background-color:rgba(0, 0, 0, 0)\" class=\"has-inline-color has-vivid-purple-color\">RTL<\/mark>: Christian Stra\u00dfburger (Konferenz)<br>Field-Reporter: Hartmut von Kameke<\/p>\n\n\n\n<p><strong><em>1. FC Magdeburg \u2013 Eintracht Braunschweig (13.30 Uhr)<\/em><\/strong><br><em><strong><img loading=\"lazy\" decoding=\"async\" width=\"415\" height=\"874\" class=\"wp-image-3656\" style=\"width: 10px\" src=\"http:\/\/kommentatorenblog.de\/wp-content\/uploads\/2020\/09\/shure-55sh-ii-e1601485394796.jpg\" alt=\"\" srcset=\"http:\/\/kommentatorenblog.de\/wp-content\/uploads\/2020\/09\/shure-55sh-ii-e1601485394796.jpg 415w, http:\/\/kommentatorenblog.de\/wp-content\/uploads\/2020\/09\/shure-55sh-ii-e1601485394796-142x300.jpg 142w\" sizes=\"auto, (max-width: 415px) 100vw, 415px\" \/><\/strong><\/em> Sky: Dominik M\u00fcller (Einzelspiel)<br><em><strong><img loading=\"lazy\" decoding=\"async\" width=\"415\" height=\"874\" class=\"wp-image-3656\" style=\"width: 10px\" src=\"http:\/\/kommentatorenblog.de\/wp-content\/uploads\/2020\/09\/shure-55sh-ii-e1601485394796.jpg\" alt=\"\" srcset=\"http:\/\/kommentatorenblog.de\/wp-content\/uploads\/2020\/09\/shure-55sh-ii-e1601485394796.jpg 415w, http:\/\/kommentatorenblog.de\/wp-content\/uploads\/2020\/09\/shure-55sh-ii-e1601485394796-142x300.jpg 142w\" sizes=\"auto, (max-width: 415px) 100vw, 415px\" \/><\/strong><\/em> Sky\/<mark style=\"background-color:rgba(0, 0, 0, 0)\" class=\"has-inline-color has-vivid-purple-color\">RTL<\/mark>: Klaus Veltman (Konferenz)<br>Field-Reporter: Max Zielke<\/p>\n\n\n\n<p>Moderation (<em>Sky<\/em>) (aus Hannover): Yannick Erkenbrecher, Experte: S\u00f6ren Gonther<br>Moderation (<em><mark style=\"background-color:rgba(0, 0, 0, 0)\" class=\"has-inline-color has-vivid-purple-color\">RTL<\/mark><\/em>) (aus Hannover): Jana Wosnitza, Experte: Patrick Helmes<\/p>\n\n\n\n<hr class=\"wp-block-separator has-alpha-channel-opacity\"\/>\n\n\n\n<p><strong>3. Liga, 01. Spieltag<\/strong><\/p>\n\n\n\n<p><span style=\"text-decoration: underline;\">Freitag, 01. August 2025, ab 18.30 Uhr (<mark style=\"background-color:rgba(0, 0, 0, 0)\" class=\"has-inline-color has-pale-pink-color\">Magenta Sport<\/mark>&#8211; frei verf\u00fcgbar)<\/span><\/p>\n\n\n\n<p><em><strong>Rot-Weiss Essen &#8211; TSV 1860 M\u00fcnchen (19.00 Uhr)<\/strong><\/em><br><em><strong><img loading=\"lazy\" decoding=\"async\" width=\"415\" height=\"874\" class=\"wp-image-3656\" style=\"width: 10px\" src=\"http:\/\/kommentatorenblog.de\/wp-content\/uploads\/2020\/09\/shure-55sh-ii-e1601485394796.jpg\" alt=\"\" srcset=\"http:\/\/kommentatorenblog.de\/wp-content\/uploads\/2020\/09\/shure-55sh-ii-e1601485394796.jpg 415w, http:\/\/kommentatorenblog.de\/wp-content\/uploads\/2020\/09\/shure-55sh-ii-e1601485394796-142x300.jpg 142w\" sizes=\"auto, (max-width: 415px) 100vw, 415px\" \/><\/strong><\/em> Christian Stra\u00dfburger, Experte: Fabian Klos<br>Moderation: Thomas Wagner<\/p>\n\n\n\n<p><span style=\"text-decoration: underline;\">Samstag, 02. August 2025, ab 13.30 Uhr (<mark style=\"background-color:rgba(0, 0, 0, 0)\" class=\"has-inline-color has-pale-pink-color\">Magenta Sport<\/mark>)<\/span><\/p>\n\n\n\n<p><strong><em>Die Konferenz (14.00 Uhr)<\/em><\/strong><br><em><strong><img loading=\"lazy\" decoding=\"async\" width=\"415\" height=\"874\" class=\"wp-image-3656\" style=\"width: 10px\" src=\"http:\/\/kommentatorenblog.de\/wp-content\/uploads\/2020\/09\/shure-55sh-ii-e1601485394796.jpg\" alt=\"\" srcset=\"http:\/\/kommentatorenblog.de\/wp-content\/uploads\/2020\/09\/shure-55sh-ii-e1601485394796.jpg 415w, http:\/\/kommentatorenblog.de\/wp-content\/uploads\/2020\/09\/shure-55sh-ii-e1601485394796-142x300.jpg 142w\" sizes=\"auto, (max-width: 415px) 100vw, 415px\" \/><\/strong><\/em> Alex Klich, Experte: Steven Ruprecht<\/p>\n\n\n\n<p><span style=\"text-decoration: underline;\">ab 13.45 Uhr (<mark style=\"background-color:rgba(0, 0, 0, 0)\" class=\"has-inline-color has-pale-pink-color\">Magenta Sport<\/mark>)<\/span><\/p>\n\n\n\n<p><strong><em>Energie Cottbus &#8211; 1. FC Saarbr\u00fccken (14.00 Uhr)<\/em><\/strong><br><em><strong><img loading=\"lazy\" decoding=\"async\" width=\"415\" height=\"874\" class=\"wp-image-3656\" style=\"width: 10px\" src=\"http:\/\/kommentatorenblog.de\/wp-content\/uploads\/2020\/09\/shure-55sh-ii-e1601485394796.jpg\" alt=\"\" srcset=\"http:\/\/kommentatorenblog.de\/wp-content\/uploads\/2020\/09\/shure-55sh-ii-e1601485394796.jpg 415w, http:\/\/kommentatorenblog.de\/wp-content\/uploads\/2020\/09\/shure-55sh-ii-e1601485394796-142x300.jpg 142w\" sizes=\"auto, (max-width: 415px) 100vw, 415px\" \/><\/strong><\/em> Markus Herwig<br>Moderation: Miriam Sinno<\/p>\n\n\n\n<p><strong><em>SV Waldhof Mannheim &#8211; SC Verl (14.00 Uhr)<\/em><\/strong><br><em><strong><img loading=\"lazy\" decoding=\"async\" width=\"415\" height=\"874\" class=\"wp-image-3656\" style=\"width: 10px\" src=\"http:\/\/kommentatorenblog.de\/wp-content\/uploads\/2020\/09\/shure-55sh-ii-e1601485394796.jpg\" alt=\"\" srcset=\"http:\/\/kommentatorenblog.de\/wp-content\/uploads\/2020\/09\/shure-55sh-ii-e1601485394796.jpg 415w, http:\/\/kommentatorenblog.de\/wp-content\/uploads\/2020\/09\/shure-55sh-ii-e1601485394796-142x300.jpg 142w\" sizes=\"auto, (max-width: 415px) 100vw, 415px\" \/><\/strong><\/em> Philip Konrad<br>Moderation: Tobi Wahnschaffe<\/p>\n\n\n\n<p><strong><em>TSG 1899 Hoffenheim II &#8211; TSV Havelse (14.00 Uhr)<\/em><\/strong><br><em><strong><img loading=\"lazy\" decoding=\"async\" width=\"415\" height=\"874\" class=\"wp-image-3656\" style=\"width: 10px\" src=\"http:\/\/kommentatorenblog.de\/wp-content\/uploads\/2020\/09\/shure-55sh-ii-e1601485394796.jpg\" alt=\"\" srcset=\"http:\/\/kommentatorenblog.de\/wp-content\/uploads\/2020\/09\/shure-55sh-ii-e1601485394796.jpg 415w, http:\/\/kommentatorenblog.de\/wp-content\/uploads\/2020\/09\/shure-55sh-ii-e1601485394796-142x300.jpg 142w\" sizes=\"auto, (max-width: 415px) 100vw, 415px\" \/><\/strong><\/em> Mario Bast<br>Moderation: Kevin Gerwin<\/p>\n\n\n\n<p><strong><em>VfL Osnabr\u00fcck &#8211; Alemannia Aachen (14.00 Uhr)<\/em><\/strong><br><em><strong><img loading=\"lazy\" decoding=\"async\" width=\"415\" height=\"874\" class=\"wp-image-3656\" style=\"width: 10px\" src=\"http:\/\/kommentatorenblog.de\/wp-content\/uploads\/2020\/09\/shure-55sh-ii-e1601485394796.jpg\" alt=\"\" srcset=\"http:\/\/kommentatorenblog.de\/wp-content\/uploads\/2020\/09\/shure-55sh-ii-e1601485394796.jpg 415w, http:\/\/kommentatorenblog.de\/wp-content\/uploads\/2020\/09\/shure-55sh-ii-e1601485394796-142x300.jpg 142w\" sizes=\"auto, (max-width: 415px) 100vw, 415px\" \/><\/strong><\/em> Julian Engelhard<br>Moderation: Kamila Benschop<\/p>\n\n\n\n<p><span style=\"text-decoration: underline;\">ab 13.45 Uhr (Magenta Sport) bzw. ab 14.00 Uhr (<mark style=\"background-color:rgba(0, 0, 0, 0)\" class=\"has-inline-color has-vivid-purple-color\"><mark style=\"background-color:rgba(0, 0, 0, 0)\" class=\"has-inline-color has-pale-cyan-blue-color\">BR<\/mark><\/mark>)<\/span><\/p>\n\n\n\n<p><strong><em>FC Ingolstadt 04 &#8211; SSV Jahn Regensburg (14.00 Uhr)<\/em><\/strong><\/p>\n\n\n\n<p><em><strong><img loading=\"lazy\" decoding=\"async\" width=\"415\" height=\"874\" class=\"wp-image-3656\" style=\"width: 10px\" src=\"http:\/\/kommentatorenblog.de\/wp-content\/uploads\/2020\/09\/shure-55sh-ii-e1601485394796.jpg\" alt=\"\" srcset=\"http:\/\/kommentatorenblog.de\/wp-content\/uploads\/2020\/09\/shure-55sh-ii-e1601485394796.jpg 415w, http:\/\/kommentatorenblog.de\/wp-content\/uploads\/2020\/09\/shure-55sh-ii-e1601485394796-142x300.jpg 142w\" sizes=\"auto, (max-width: 415px) 100vw, 415px\" \/><\/strong><\/em> <em><mark style=\"background-color:rgba(0, 0, 0, 0)\" class=\"has-inline-color has-pale-pink-color\">Magenta Sport<\/mark><\/em>: Oskar Heirler<br>Moderation (<em><mark style=\"background-color:rgba(0, 0, 0, 0)\" class=\"has-inline-color has-pale-pink-color\">Magenta Sport<\/mark><\/em>): Sascha Bandermann<\/p>\n\n\n\n<p><em><strong><img loading=\"lazy\" decoding=\"async\" width=\"415\" height=\"874\" class=\"wp-image-3656\" style=\"width: 10px\" src=\"http:\/\/kommentatorenblog.de\/wp-content\/uploads\/2020\/09\/shure-55sh-ii-e1601485394796.jpg\" alt=\"\" srcset=\"http:\/\/kommentatorenblog.de\/wp-content\/uploads\/2020\/09\/shure-55sh-ii-e1601485394796.jpg 415w, http:\/\/kommentatorenblog.de\/wp-content\/uploads\/2020\/09\/shure-55sh-ii-e1601485394796-142x300.jpg 142w\" sizes=\"auto, (max-width: 415px) 100vw, 415px\" \/><\/strong><\/em> <em><mark style=\"background-color:rgba(0, 0, 0, 0)\" class=\"has-inline-color has-vivid-purple-color\"><mark style=\"background-color:rgba(0, 0, 0, 0)\" class=\"has-inline-color has-pale-cyan-blue-color\">BR<\/mark><\/mark><\/em>: Bernd Schmelzer<br>Moderation (<em><mark style=\"background-color:rgba(0, 0, 0, 0)\" class=\"has-inline-color has-vivid-purple-color\"><mark style=\"background-color:rgba(0, 0, 0, 0)\" class=\"has-inline-color has-pale-cyan-blue-color\">BR<\/mark><\/mark><\/em>): Markus Othmer<\/p>\n\n\n\n<p><span style=\"text-decoration: underline;\">ab 16.15 Uhr (<mark style=\"background-color:rgba(0, 0, 0, 0)\" class=\"has-inline-color has-pale-pink-color\">Magenta Sport<\/mark>)<\/span><\/p>\n\n\n\n<p><strong><em>MSV Duisburg &#8211; VfB Stuttgart II (16.30 Uhr)<br><\/em><\/strong><em><strong><img loading=\"lazy\" decoding=\"async\" width=\"415\" height=\"874\" class=\"wp-image-3656\" style=\"width: 10px\" src=\"http:\/\/kommentatorenblog.de\/wp-content\/uploads\/2020\/09\/shure-55sh-ii-e1601485394796.jpg\" alt=\"\" srcset=\"http:\/\/kommentatorenblog.de\/wp-content\/uploads\/2020\/09\/shure-55sh-ii-e1601485394796.jpg 415w, http:\/\/kommentatorenblog.de\/wp-content\/uploads\/2020\/09\/shure-55sh-ii-e1601485394796-142x300.jpg 142w\" sizes=\"auto, (max-width: 415px) 100vw, 415px\" \/><\/strong><\/em> Markus H\u00f6hner<br>Moderation: Stefan Fuckert<\/p>\n\n\n\n<p><span style=\"text-decoration: underline;\">Sonntag, 03. August 2025, ab 13.15 Uhr (<mark style=\"background-color:rgba(0, 0, 0, 0)\" class=\"has-inline-color has-pale-pink-color\">Magenta Sport<\/mark>\/<mark style=\"background-color:rgba(0, 0, 0, 0)\" class=\"has-inline-color has-vivid-purple-color\">MDR<\/mark>)<\/span><\/p>\n\n\n\n<p><strong><em>FC Erzgebirge Aue &#8211; FC Hansa Rostock (13.30 Uhr)<\/em><\/strong><\/p>\n\n\n\n<p><em><strong><img loading=\"lazy\" decoding=\"async\" width=\"415\" height=\"874\" class=\"wp-image-3656\" style=\"width: 10px\" src=\"http:\/\/kommentatorenblog.de\/wp-content\/uploads\/2020\/09\/shure-55sh-ii-e1601485394796.jpg\" alt=\"\" srcset=\"http:\/\/kommentatorenblog.de\/wp-content\/uploads\/2020\/09\/shure-55sh-ii-e1601485394796.jpg 415w, http:\/\/kommentatorenblog.de\/wp-content\/uploads\/2020\/09\/shure-55sh-ii-e1601485394796-142x300.jpg 142w\" sizes=\"auto, (max-width: 415px) 100vw, 415px\" \/><\/strong><\/em> <em><mark style=\"background-color:rgba(0, 0, 0, 0)\" class=\"has-inline-color has-pale-pink-color\">Magenta Sport<\/mark><\/em>: Andreas Mann<br>Moderation (<em><mark style=\"background-color:rgba(0, 0, 0, 0)\" class=\"has-inline-color has-pale-pink-color\">Magenta Sport<\/mark><\/em>): Stefanie Blochwitz<\/p>\n\n\n\n<p><em><strong><img loading=\"lazy\" decoding=\"async\" width=\"415\" height=\"874\" class=\"wp-image-3656\" style=\"width: 10px\" src=\"http:\/\/kommentatorenblog.de\/wp-content\/uploads\/2020\/09\/shure-55sh-ii-e1601485394796.jpg\" alt=\"\" srcset=\"http:\/\/kommentatorenblog.de\/wp-content\/uploads\/2020\/09\/shure-55sh-ii-e1601485394796.jpg 415w, http:\/\/kommentatorenblog.de\/wp-content\/uploads\/2020\/09\/shure-55sh-ii-e1601485394796-142x300.jpg 142w\" sizes=\"auto, (max-width: 415px) 100vw, 415px\" \/><\/strong><\/em> <em><mark style=\"background-color:rgba(0, 0, 0, 0)\" class=\"has-inline-color has-vivid-purple-color\">MDR<\/mark><\/em>: Alex K\u00fcpper, Experte: Torsten Ziegner<br>Moderation (<em><mark style=\"background-color:rgba(0, 0, 0, 0)\" class=\"has-inline-color has-vivid-purple-color\">MDR<\/mark><\/em>): <s>Ren\u00e9 Kindermann<\/s> Tom Scheunemann<\/p>\n\n\n\n<p><span style=\"text-decoration: underline;\">ab 16.15 Uhr (<mark style=\"background-color:rgba(0, 0, 0, 0)\" class=\"has-inline-color has-pale-pink-color\">Magenta Sport<\/mark>)<\/span><\/p>\n\n\n\n<p><strong><em>FC Viktoria K\u00f6ln &#8211; 1. FC Schweinfurt 05 (16.30 Uhr)<\/em><\/strong><br><em><strong><img loading=\"lazy\" decoding=\"async\" width=\"415\" height=\"874\" class=\"wp-image-3656\" style=\"width: 10px\" src=\"http:\/\/kommentatorenblog.de\/wp-content\/uploads\/2020\/09\/shure-55sh-ii-e1601485394796.jpg\" alt=\"\" srcset=\"http:\/\/kommentatorenblog.de\/wp-content\/uploads\/2020\/09\/shure-55sh-ii-e1601485394796.jpg 415w, http:\/\/kommentatorenblog.de\/wp-content\/uploads\/2020\/09\/shure-55sh-ii-e1601485394796-142x300.jpg 142w\" sizes=\"auto, (max-width: 415px) 100vw, 415px\" \/><\/strong><\/em> Max Giesen<br>Moderation: Konstantin Klostermann<\/p>\n\n\n\n<p><span style=\"text-decoration: underline;\">ab 19.15 Uhr (<mark style=\"background-color:rgba(0, 0, 0, 0)\" class=\"has-inline-color has-pale-pink-color\">Magenta Sport<\/mark>)<\/span><\/p>\n\n\n\n<p><strong><em>SV Wehen Wiesbaden &#8211; SSV Ulm 1846 (19.30 Uhr)<\/em><\/strong><br><em><strong><img loading=\"lazy\" decoding=\"async\" width=\"415\" height=\"874\" class=\"wp-image-3656\" style=\"width: 10px\" src=\"http:\/\/kommentatorenblog.de\/wp-content\/uploads\/2020\/09\/shure-55sh-ii-e1601485394796.jpg\" alt=\"\" srcset=\"http:\/\/kommentatorenblog.de\/wp-content\/uploads\/2020\/09\/shure-55sh-ii-e1601485394796.jpg 415w, http:\/\/kommentatorenblog.de\/wp-content\/uploads\/2020\/09\/shure-55sh-ii-e1601485394796-142x300.jpg 142w\" sizes=\"auto, (max-width: 415px) 100vw, 415px\" \/><\/strong><\/em> Basti Schwele<br>Moderation: Simon K\u00f6pfer<\/p>\n\n\n\n<hr class=\"wp-block-separator has-alpha-channel-opacity\"\/>\n\n\n\n<p><strong>U19-DFB-Nachwuchsliga, 1. Spieltag<\/strong><\/p>\n\n\n\n<p><span style=\"text-decoration: underline;\">Sonntag, 03. August 2025<\/span><\/p>\n\n\n\n<p><strong><em>1. FC K\u00f6ln &#8211; Fortuna D\u00fcsseldorf (11.00 Uhr)<\/em><\/strong><br><em><strong><img loading=\"lazy\" decoding=\"async\" width=\"415\" height=\"874\" class=\"wp-image-3656\" style=\"width: 10px\" src=\"http:\/\/kommentatorenblog.de\/wp-content\/uploads\/2020\/09\/shure-55sh-ii-e1601485394796.jpg\" alt=\"\" srcset=\"http:\/\/kommentatorenblog.de\/wp-content\/uploads\/2020\/09\/shure-55sh-ii-e1601485394796.jpg 415w, http:\/\/kommentatorenblog.de\/wp-content\/uploads\/2020\/09\/shure-55sh-ii-e1601485394796-142x300.jpg 142w\" sizes=\"auto, (max-width: 415px) 100vw, 415px\" \/><\/strong><\/em> Sky: Sven Schr\u00f6ter<\/p>\n\n\n\n<p><strong><em>FC Schalke 04 &#8211; Borussia M\u00f6nchengladbach (11.00 Uhr)<\/em><\/strong><br><em><strong><img loading=\"lazy\" decoding=\"async\" width=\"415\" height=\"874\" class=\"wp-image-3656\" style=\"width: 10px\" src=\"http:\/\/kommentatorenblog.de\/wp-content\/uploads\/2020\/09\/shure-55sh-ii-e1601485394796.jpg\" alt=\"\" srcset=\"http:\/\/kommentatorenblog.de\/wp-content\/uploads\/2020\/09\/shure-55sh-ii-e1601485394796.jpg 415w, http:\/\/kommentatorenblog.de\/wp-content\/uploads\/2020\/09\/shure-55sh-ii-e1601485394796-142x300.jpg 142w\" sizes=\"auto, (max-width: 415px) 100vw, 415px\" \/><\/strong><\/em> DFB-TV\/sport.sky.de: Clemens Mauksch<\/p>\n\n\n\n<hr class=\"wp-block-separator has-alpha-channel-opacity\"\/>\n\n\n\n<p><strong>EFL League One (ENG), 1. Spieltag (Sky)<\/strong><\/p>\n\n\n\n<p><span style=\"text-decoration: underline;\">Freitag, 01. August 2025, ab 20.50 Uhr<\/span><\/p>\n\n\n\n<p><strong><em>Luton Town &#8211; AFC Wimbledon (21.00 Uhr)<\/em><\/strong><br><em><strong><img loading=\"lazy\" decoding=\"async\" width=\"415\" height=\"874\" class=\"wp-image-3656\" style=\"width: 10px\" src=\"http:\/\/kommentatorenblog.de\/wp-content\/uploads\/2020\/09\/shure-55sh-ii-e1601485394796.jpg\" alt=\"\" srcset=\"http:\/\/kommentatorenblog.de\/wp-content\/uploads\/2020\/09\/shure-55sh-ii-e1601485394796.jpg 415w, http:\/\/kommentatorenblog.de\/wp-content\/uploads\/2020\/09\/shure-55sh-ii-e1601485394796-142x300.jpg 142w\" sizes=\"auto, (max-width: 415px) 100vw, 415px\" \/><\/strong><\/em> Originalkommentar<\/p>\n\n\n\n<hr class=\"wp-block-separator has-alpha-channel-opacity\"\/>\n\n\n\n<p><strong>Scottish Premiership (SCO), 1. Spieltag (<mark style=\"background-color:rgba(0, 0, 0, 0)\" class=\"has-inline-color has-pale-cyan-blue-color\">Sportdigital<\/mark>)<\/strong><\/p>\n\n\n\n<p><span style=\"text-decoration: underline;\">Samstag, 02. August 2025<\/span><\/p>\n\n\n\n<p><em><strong>FC Motherwell &#8211; Glasgow Rangers (18.30 Uhr)<\/strong><\/em><br><em><strong><img loading=\"lazy\" decoding=\"async\" width=\"415\" height=\"874\" class=\"wp-image-3656\" style=\"width: 10px\" src=\"http:\/\/kommentatorenblog.de\/wp-content\/uploads\/2020\/09\/shure-55sh-ii-e1601485394796.jpg\" alt=\"\" srcset=\"http:\/\/kommentatorenblog.de\/wp-content\/uploads\/2020\/09\/shure-55sh-ii-e1601485394796.jpg 415w, http:\/\/kommentatorenblog.de\/wp-content\/uploads\/2020\/09\/shure-55sh-ii-e1601485394796-142x300.jpg 142w\" sizes=\"auto, (max-width: 415px) 100vw, 415px\" \/><\/strong><\/em> Jonathan Dreier<\/p>\n\n\n\n<hr class=\"wp-block-separator has-alpha-channel-opacity\"\/>\n\n\n\n<p><strong>Ekstraklasa (POL), 3. Spieltag (<mark style=\"background-color:rgba(0, 0, 0, 0)\" class=\"has-inline-color has-pale-cyan-blue-color\">Sportdigital<\/mark>)<\/strong><\/p>\n\n\n\n<p><span style=\"text-decoration: underline;\">Samstag, 02. August 2025<\/span><\/p>\n\n\n\n<p><em><strong>Lech Posen &#8211; Gornik Zabrze (20.15 Uhr)<\/strong><\/em><br><em><strong><img loading=\"lazy\" decoding=\"async\" width=\"415\" height=\"874\" class=\"wp-image-3656\" style=\"width: 10px\" src=\"http:\/\/kommentatorenblog.de\/wp-content\/uploads\/2020\/09\/shure-55sh-ii-e1601485394796.jpg\" alt=\"\" srcset=\"http:\/\/kommentatorenblog.de\/wp-content\/uploads\/2020\/09\/shure-55sh-ii-e1601485394796.jpg 415w, http:\/\/kommentatorenblog.de\/wp-content\/uploads\/2020\/09\/shure-55sh-ii-e1601485394796-142x300.jpg 142w\" sizes=\"auto, (max-width: 415px) 100vw, 415px\" \/><\/strong><\/em> Jakob Vogel<\/p>\n\n\n\n<hr class=\"wp-block-separator has-alpha-channel-opacity\"\/>\n\n\n\n<p><strong><strong>Campeonato Brasileiro<\/strong><\/strong> <strong>(BRA), 18. Spieltag (<mark style=\"background-color:rgba(0, 0, 0, 0)\" class=\"has-inline-color has-pale-cyan-blue-color\">Sportdigital<\/mark>)<\/strong><\/p>\n\n\n\n<p><span style=\"text-decoration: underline;\">Samstag, 02. August 2025<\/span><\/p>\n\n\n\n<p><em><strong>Mirassol &#8211; Vasco da Gama (23.30 Uhr)<\/strong><\/em><br><em><strong><img loading=\"lazy\" decoding=\"async\" width=\"415\" height=\"874\" class=\"wp-image-3656\" style=\"width: 10px\" src=\"http:\/\/kommentatorenblog.de\/wp-content\/uploads\/2020\/09\/shure-55sh-ii-e1601485394796.jpg\" alt=\"\" srcset=\"http:\/\/kommentatorenblog.de\/wp-content\/uploads\/2020\/09\/shure-55sh-ii-e1601485394796.jpg 415w, http:\/\/kommentatorenblog.de\/wp-content\/uploads\/2020\/09\/shure-55sh-ii-e1601485394796-142x300.jpg 142w\" sizes=\"auto, (max-width: 415px) 100vw, 415px\" \/><\/strong><\/em> Christian Blunck<\/p>\n\n\n\n<p><span style=\"text-decoration: underline;\">Sonntag, 03. August 2025<\/span><\/p>\n\n\n\n<p><em><strong>Botafogo &#8211; Cruzeiro Belo Horizonte (21.00 Uhr)<\/strong><\/em><br><em><strong><img loading=\"lazy\" decoding=\"async\" width=\"415\" height=\"874\" class=\"wp-image-3656\" style=\"width: 10px\" src=\"http:\/\/kommentatorenblog.de\/wp-content\/uploads\/2020\/09\/shure-55sh-ii-e1601485394796.jpg\" alt=\"\" srcset=\"http:\/\/kommentatorenblog.de\/wp-content\/uploads\/2020\/09\/shure-55sh-ii-e1601485394796.jpg 415w, http:\/\/kommentatorenblog.de\/wp-content\/uploads\/2020\/09\/shure-55sh-ii-e1601485394796-142x300.jpg 142w\" sizes=\"auto, (max-width: 415px) 100vw, 415px\" \/><\/strong><\/em> J\u00f6rg Steiger<\/p>\n\n\n\n<p><em><strong>Atletico Mineiro &#8211; Red Bull Bragantino (23.30 Uhr)<\/strong><\/em><br><em><strong><img loading=\"lazy\" decoding=\"async\" width=\"415\" height=\"874\" class=\"wp-image-3656\" style=\"width: 10px\" src=\"http:\/\/kommentatorenblog.de\/wp-content\/uploads\/2020\/09\/shure-55sh-ii-e1601485394796.jpg\" alt=\"\" srcset=\"http:\/\/kommentatorenblog.de\/wp-content\/uploads\/2020\/09\/shure-55sh-ii-e1601485394796.jpg 415w, http:\/\/kommentatorenblog.de\/wp-content\/uploads\/2020\/09\/shure-55sh-ii-e1601485394796-142x300.jpg 142w\" sizes=\"auto, (max-width: 415px) 100vw, 415px\" \/><\/strong><\/em> Martin Hahn<\/p>\n\n\n\n<hr class=\"wp-block-separator has-alpha-channel-opacity\"\/>\n\n\n\n<p><strong><strong>Chance Liga<\/strong><\/strong> <strong>(CZE), 3. Spieltag (<mark style=\"background-color:rgba(0, 0, 0, 0)\" class=\"has-inline-color has-pale-cyan-blue-color\">Sportdigital<\/mark>)<\/strong><\/p>\n\n\n\n<p><span style=\"text-decoration: underline;\">Sonntag, 03. August 2025<\/span><\/p>\n\n\n\n<p><em><strong>1. FC Slovacko &#8211; Slavia Prag (15.00 Uhr)<\/strong><\/em><br><em><strong><img loading=\"lazy\" decoding=\"async\" width=\"415\" height=\"874\" class=\"wp-image-3656\" style=\"width: 10px\" src=\"http:\/\/kommentatorenblog.de\/wp-content\/uploads\/2020\/09\/shure-55sh-ii-e1601485394796.jpg\" alt=\"\" srcset=\"http:\/\/kommentatorenblog.de\/wp-content\/uploads\/2020\/09\/shure-55sh-ii-e1601485394796.jpg 415w, http:\/\/kommentatorenblog.de\/wp-content\/uploads\/2020\/09\/shure-55sh-ii-e1601485394796-142x300.jpg 142w\" sizes=\"auto, (max-width: 415px) 100vw, 415px\" \/><\/strong><\/em> Jakob Vogel<\/p>\n\n\n\n<hr class=\"wp-block-separator has-alpha-channel-opacity\"\/>\n\n\n\n<p><strong><strong>Johan Cruijff Schaal<\/strong><\/strong> <strong>(NED) (<mark style=\"background-color:rgba(0, 0, 0, 0)\" class=\"has-inline-color has-pale-cyan-blue-color\">Sportdigital<\/mark>)<\/strong><\/p>\n\n\n\n<p><span style=\"text-decoration: underline;\">Sonntag, 03. August 2025<\/span><\/p>\n\n\n\n<p><em><strong>PSV Eindhoven &#8211; Go Ahead Eagles (18.00 Uhr)<\/strong><\/em><br><em><strong><img loading=\"lazy\" decoding=\"async\" width=\"415\" height=\"874\" class=\"wp-image-3656\" style=\"width: 10px\" src=\"http:\/\/kommentatorenblog.de\/wp-content\/uploads\/2020\/09\/shure-55sh-ii-e1601485394796.jpg\" alt=\"\" srcset=\"http:\/\/kommentatorenblog.de\/wp-content\/uploads\/2020\/09\/shure-55sh-ii-e1601485394796.jpg 415w, http:\/\/kommentatorenblog.de\/wp-content\/uploads\/2020\/09\/shure-55sh-ii-e1601485394796-142x300.jpg 142w\" sizes=\"auto, (max-width: 415px) 100vw, 415px\" \/><\/strong><\/em> Karsten Linke<\/p>\n\n\n\n<hr class=\"wp-block-separator has-alpha-channel-opacity\"\/>\n\n\n\n<p><strong>UEFA Champions League, 3. Qualifikationsrunde, Hinspiel (<mark style=\"background-color:rgba(0, 0, 0, 0)\" class=\"has-inline-color has-pale-cyan-blue-color\">Sportdigital<\/mark>)<\/strong><\/p>\n\n\n\n<p><span style=\"text-decoration: underline;\">Mittwoch, 06. August 2025<\/span><\/p>\n\n\n\n<p><em><strong>Feyenoord Rotterdam &#8211; Fenerbahce Istanbul (21.00 Uhr)<\/strong><\/em><br><em><strong><img loading=\"lazy\" decoding=\"async\" width=\"415\" height=\"874\" class=\"wp-image-3656\" style=\"width: 10px\" src=\"http:\/\/kommentatorenblog.de\/wp-content\/uploads\/2020\/09\/shure-55sh-ii-e1601485394796.jpg\" alt=\"\" srcset=\"http:\/\/kommentatorenblog.de\/wp-content\/uploads\/2020\/09\/shure-55sh-ii-e1601485394796.jpg 415w, http:\/\/kommentatorenblog.de\/wp-content\/uploads\/2020\/09\/shure-55sh-ii-e1601485394796-142x300.jpg 142w\" sizes=\"auto, (max-width: 415px) 100vw, 415px\" \/><\/strong><\/em> Jonathan Dreier<\/p>\n\n\n\n<hr class=\"wp-block-separator has-alpha-channel-opacity\"\/>\n\n\n\n<p><strong>\u00d6sterreichische Fu\u00dfball-Bundesliga, 1. Runde (Sky)<\/strong><\/p>\n\n\n\n<p><span style=\"text-decoration: underline;\">Freitag, 01. August 2025, ab 20.00 Uhr<\/span><\/p>\n\n\n\n<p><strong><em>LASK &#8211; SK Sturm Graz (20.30 Uhr)<\/em><\/strong><br><em><strong><img loading=\"lazy\" decoding=\"async\" width=\"415\" height=\"874\" class=\"wp-image-3656\" style=\"width: 10px\" src=\"http:\/\/kommentatorenblog.de\/wp-content\/uploads\/2020\/09\/shure-55sh-ii-e1601485394796.jpg\" alt=\"\" srcset=\"http:\/\/kommentatorenblog.de\/wp-content\/uploads\/2020\/09\/shure-55sh-ii-e1601485394796.jpg 415w, http:\/\/kommentatorenblog.de\/wp-content\/uploads\/2020\/09\/shure-55sh-ii-e1601485394796-142x300.jpg 142w\" sizes=\"auto, (max-width: 415px) 100vw, 415px\" \/><\/strong><\/em> Guido Friedrich<br>Moderation: Kimberly Budinsky, Experte: Andreas Herzog, Field-Reporter: Michael Ganh\u00f6r<\/p>\n\n\n\n<p><span style=\"text-decoration: underline;\">Samstag, 02. August 2025, ab 16.30 Uhr<\/span><\/p>\n\n\n\n<p><strong><em>Wolfsberger AC &#8211; SCR Altach (17.00 Uhr)<\/em><\/strong><br><em><strong><img loading=\"lazy\" decoding=\"async\" width=\"415\" height=\"874\" class=\"wp-image-3656\" style=\"width: 10px\" src=\"http:\/\/kommentatorenblog.de\/wp-content\/uploads\/2020\/09\/shure-55sh-ii-e1601485394796.jpg\" alt=\"\" srcset=\"http:\/\/kommentatorenblog.de\/wp-content\/uploads\/2020\/09\/shure-55sh-ii-e1601485394796.jpg 415w, http:\/\/kommentatorenblog.de\/wp-content\/uploads\/2020\/09\/shure-55sh-ii-e1601485394796-142x300.jpg 142w\" sizes=\"auto, (max-width: 415px) 100vw, 415px\" \/><\/strong><\/em> Tom Ole Mink (Einzelspiel), Andi Brandt (Konferenz)<br>Field-Reporter: Benjamin Vollmann<\/p>\n\n\n\n<p><strong><em>WSG Tirol &#8211; TSV Hartberg (17.00 Uhr)<\/em><\/strong><br><em><strong><img loading=\"lazy\" decoding=\"async\" width=\"415\" height=\"874\" class=\"wp-image-3656\" style=\"width: 10px\" src=\"http:\/\/kommentatorenblog.de\/wp-content\/uploads\/2020\/09\/shure-55sh-ii-e1601485394796.jpg\" alt=\"\" srcset=\"http:\/\/kommentatorenblog.de\/wp-content\/uploads\/2020\/09\/shure-55sh-ii-e1601485394796.jpg 415w, http:\/\/kommentatorenblog.de\/wp-content\/uploads\/2020\/09\/shure-55sh-ii-e1601485394796-142x300.jpg 142w\" sizes=\"auto, (max-width: 415px) 100vw, 415px\" \/><\/strong><\/em> Gerhard Krabath (Einzelspiel), Phillip Lautischer (Konferenz)<br>Field-Reporterin: Lisa Perstaller<\/p>\n\n\n\n<p><span style=\"text-decoration: underline;\">ab 19.00 Uhr<\/span><\/p>\n\n\n\n<p><strong><em>SV Ried &#8211; FC Salzburg (19.30 Uhr)<\/em><\/strong><br><em><strong><img loading=\"lazy\" decoding=\"async\" width=\"415\" height=\"874\" class=\"wp-image-3656\" style=\"width: 10px\" src=\"http:\/\/kommentatorenblog.de\/wp-content\/uploads\/2020\/09\/shure-55sh-ii-e1601485394796.jpg\" alt=\"\" srcset=\"http:\/\/kommentatorenblog.de\/wp-content\/uploads\/2020\/09\/shure-55sh-ii-e1601485394796.jpg 415w, http:\/\/kommentatorenblog.de\/wp-content\/uploads\/2020\/09\/shure-55sh-ii-e1601485394796-142x300.jpg 142w\" sizes=\"auto, (max-width: 415px) 100vw, 415px\" \/><\/strong><\/em> Otto Rosenauer<br>Field-Reporter: Roland Streinz<\/p>\n\n\n\n<p>Moderation: Constanze Weiss, Experte: Alfred Tatar<\/p>\n\n\n\n<p><span style=\"text-decoration: underline;\">Sonntag, 03. August 2025, ab 16.30 Uhr<\/span><\/p>\n\n\n\n<p><strong><em>SK Rapid Wien &#8211; FC Blau-Wei\u00df Linz (17.00 Uhr)<\/em><\/strong><br><em><strong><img loading=\"lazy\" decoding=\"async\" width=\"415\" height=\"874\" class=\"wp-image-3656\" style=\"width: 10px\" src=\"http:\/\/kommentatorenblog.de\/wp-content\/uploads\/2020\/09\/shure-55sh-ii-e1601485394796.jpg\" alt=\"\" srcset=\"http:\/\/kommentatorenblog.de\/wp-content\/uploads\/2020\/09\/shure-55sh-ii-e1601485394796.jpg 415w, http:\/\/kommentatorenblog.de\/wp-content\/uploads\/2020\/09\/shure-55sh-ii-e1601485394796-142x300.jpg 142w\" sizes=\"auto, (max-width: 415px) 100vw, 415px\" \/><\/strong><\/em> Philipp Paternina (Einzelspiel), David Eder (Konferenz)<br>Field-Reporterin: Kimberly Budinsky<\/p>\n\n\n\n<p><strong><em>Grazer AK 1902 &#8211; FK Austria Wien (17.00 Uhr)<\/em><\/strong><br><em><strong><img loading=\"lazy\" decoding=\"async\" width=\"415\" height=\"874\" class=\"wp-image-3656\" style=\"width: 10px\" src=\"http:\/\/kommentatorenblog.de\/wp-content\/uploads\/2020\/09\/shure-55sh-ii-e1601485394796.jpg\" alt=\"\" srcset=\"http:\/\/kommentatorenblog.de\/wp-content\/uploads\/2020\/09\/shure-55sh-ii-e1601485394796.jpg 415w, http:\/\/kommentatorenblog.de\/wp-content\/uploads\/2020\/09\/shure-55sh-ii-e1601485394796-142x300.jpg 142w\" sizes=\"auto, (max-width: 415px) 100vw, 415px\" \/><\/strong><\/em> Luca Kielhauser (Einzelspiel), Gerfried Pr\u00f6ll (Konferenz)<br>Field-Reporter: Marko Stankovic<\/p>\n\n\n\n<p>Moderation: Johannes Brandl, Experten: Hans Krankl (Stadion) und Marc Janko (Studio)<\/p>\n\n\n\n<hr class=\"wp-block-separator has-alpha-channel-opacity\"\/>\n\n\n\n<p><strong>Regionalliga Nordost, 2. Spieltag (<mark style=\"background-color:rgba(0, 0, 0, 0)\" class=\"has-inline-color has-vivid-red-color\">OST<\/mark>SPORT.<mark style=\"background-color:rgba(0, 0, 0, 0)\" class=\"has-inline-color has-vivid-red-color\">TV<\/mark>)<\/strong><\/p>\n\n\n\n<p><span style=\"text-decoration: underline;\">Donnerstag, 31. Juli 2025, ab 18.45 Uhr (<mark style=\"background-color:rgba(0, 0, 0, 0)\" class=\"has-inline-color has-vivid-red-color\">OST<\/mark>SPORT.<mark style=\"background-color:rgba(0, 0, 0, 0)\" class=\"has-inline-color has-vivid-red-color\">TV<\/mark> \u00fcber Volksstimme\/MZ)<\/span><\/p>\n\n\n\n<p><strong><em>1. FC Magdeburg II &#8211; Hallescher FC (19.00 Uhr)<\/em><\/strong><br><em><strong><img loading=\"lazy\" decoding=\"async\" width=\"415\" height=\"874\" class=\"wp-image-3656\" style=\"width: 10px\" src=\"http:\/\/kommentatorenblog.de\/wp-content\/uploads\/2020\/09\/shure-55sh-ii-e1601485394796.jpg\" alt=\"\" srcset=\"http:\/\/kommentatorenblog.de\/wp-content\/uploads\/2020\/09\/shure-55sh-ii-e1601485394796.jpg 415w, http:\/\/kommentatorenblog.de\/wp-content\/uploads\/2020\/09\/shure-55sh-ii-e1601485394796-142x300.jpg 142w\" sizes=\"auto, (max-width: 415px) 100vw, 415px\" \/><\/strong><\/em> Christian R\u00fcdiger<br>Moderation: Toni Mielke<\/p>\n\n\n\n<p><span style=\"text-decoration: underline;\">Freitag, 01. August 2025, ab 18.45 Uhr (<mark style=\"background-color:rgba(0, 0, 0, 0)\" class=\"has-inline-color has-vivid-red-color\">OST<\/mark>SPORT.<mark style=\"background-color:rgba(0, 0, 0, 0)\" class=\"has-inline-color has-vivid-red-color\">TV<\/mark> \u00fcber TA\/OTZ\/TLZ)<\/span><\/p>\n\n\n\n<p><strong><em>BFC Dynamo &#8211; FC Rot-Wei\u00df Erfurt (19.00 Uhr)<\/em><\/strong><br><em><strong><img loading=\"lazy\" decoding=\"async\" width=\"415\" height=\"874\" class=\"wp-image-3656\" style=\"width: 10px\" src=\"http:\/\/kommentatorenblog.de\/wp-content\/uploads\/2020\/09\/shure-55sh-ii-e1601485394796.jpg\" alt=\"\" srcset=\"http:\/\/kommentatorenblog.de\/wp-content\/uploads\/2020\/09\/shure-55sh-ii-e1601485394796.jpg 415w, http:\/\/kommentatorenblog.de\/wp-content\/uploads\/2020\/09\/shure-55sh-ii-e1601485394796-142x300.jpg 142w\" sizes=\"auto, (max-width: 415px) 100vw, 415px\" \/><\/strong><\/em> Heiko Mallwitz<br>Moderation: Toni Mielke<\/p>\n\n\n\n<p><span style=\"text-decoration: underline;\">Samstag, 02. August 2025, ab 13.45 Uhr (<mark style=\"background-color:rgba(0, 0, 0, 0)\" class=\"has-inline-color has-vivid-red-color\">OST<\/mark>SPORT.<mark style=\"background-color:rgba(0, 0, 0, 0)\" class=\"has-inline-color has-vivid-red-color\">TV<\/mark> \u00fcber LVZ\/SZ\/OZ)<\/span><\/p>\n\n\n\n<p><strong><em>Greifswalder FC &#8211; BSG Chemie Leipzig (14.00 Uhr)<\/em><\/strong><br><em><strong><img loading=\"lazy\" decoding=\"async\" width=\"415\" height=\"874\" class=\"wp-image-3656\" style=\"width: 10px\" src=\"http:\/\/kommentatorenblog.de\/wp-content\/uploads\/2020\/09\/shure-55sh-ii-e1601485394796.jpg\" alt=\"\" srcset=\"http:\/\/kommentatorenblog.de\/wp-content\/uploads\/2020\/09\/shure-55sh-ii-e1601485394796.jpg 415w, http:\/\/kommentatorenblog.de\/wp-content\/uploads\/2020\/09\/shure-55sh-ii-e1601485394796-142x300.jpg 142w\" sizes=\"auto, (max-width: 415px) 100vw, 415px\" \/><\/strong><\/em> Heiko Mallwitz<\/p>\n\n\n\n<hr class=\"wp-block-separator has-alpha-channel-opacity\"\/>\n\n\n\n<p><strong>Regionalliga Bayern, 2. Spieltag (<mark style=\"background-color:rgba(0, 0, 0, 0)\" class=\"has-inline-color has-pale-cyan-blue-color\">BR24Sport<\/mark>)<\/strong><\/p>\n\n\n\n<p><span style=\"text-decoration: underline;\">Freitag, 01. August 2025<\/span><\/p>\n\n\n\n<p><strong><em>FC Memmingen &#8211; 1. FC N\u00fcrnberg II (19.00 Uhr)<\/em><\/strong><br><em><strong><img loading=\"lazy\" decoding=\"async\" width=\"415\" height=\"874\" class=\"wp-image-3656\" style=\"width: 10px\" src=\"http:\/\/kommentatorenblog.de\/wp-content\/uploads\/2020\/09\/shure-55sh-ii-e1601485394796.jpg\" alt=\"\" srcset=\"http:\/\/kommentatorenblog.de\/wp-content\/uploads\/2020\/09\/shure-55sh-ii-e1601485394796.jpg 415w, http:\/\/kommentatorenblog.de\/wp-content\/uploads\/2020\/09\/shure-55sh-ii-e1601485394796-142x300.jpg 142w\" sizes=\"auto, (max-width: 415px) 100vw, 415px\" \/><\/strong><\/em> <s>Lukas Sch\u00f6nm\u00fcller<\/s> Edgar Endres<\/p>\n\n\n\n<hr class=\"wp-block-separator has-alpha-channel-opacity\"\/>\n\n\n\n<p><strong><strong>Testspiele<\/strong><\/strong><\/p>\n\n\n\n<p><span style=\"text-decoration: underline;\">Freitag, 01. August 2025<\/span><\/p>\n\n\n\n<p><em><strong>TSG 1899 Hoffenheim &#8211; SV Werder Bremen (14.00 Uhr)<\/strong><\/em><br><em><strong><img loading=\"lazy\" decoding=\"async\" width=\"415\" height=\"874\" class=\"wp-image-3656\" style=\"width: 10px\" src=\"http:\/\/kommentatorenblog.de\/wp-content\/uploads\/2020\/09\/shure-55sh-ii-e1601485394796.jpg\" alt=\"\" srcset=\"http:\/\/kommentatorenblog.de\/wp-content\/uploads\/2020\/09\/shure-55sh-ii-e1601485394796.jpg 415w, http:\/\/kommentatorenblog.de\/wp-content\/uploads\/2020\/09\/shure-55sh-ii-e1601485394796-142x300.jpg 142w\" sizes=\"auto, (max-width: 415px) 100vw, 415px\" \/><\/strong><\/em><mark style=\"background-color:rgba(0, 0, 0, 0);color:#050057\" class=\"has-inline-color\"> <\/mark><mark style=\"background-color:rgba(0, 0, 0, 0)\" class=\"has-inline-color has-vivid-cyan-blue-color\"><mark style=\"background-color:rgba(0, 0, 0, 0);color:#050057\" class=\"has-inline-color\">DF1<\/mark><\/mark>\/<mark style=\"background-color:rgba(0, 0, 0, 0)\" class=\"has-inline-color has-vivid-red-color\">ServusTV On<\/mark>: Klaus Veltman<\/p>\n\n\n\n<p><span style=\"text-decoration: underline;\">Samstag, 02. August 2025<\/span><\/p>\n\n\n\n<p><em><strong>RB Leipzig &#8211; Atalanta Bergamo (15.00 Uhr)<\/strong><\/em><br><em><strong><img loading=\"lazy\" decoding=\"async\" width=\"415\" height=\"874\" class=\"wp-image-3656\" style=\"width: 10px\" src=\"http:\/\/kommentatorenblog.de\/wp-content\/uploads\/2020\/09\/shure-55sh-ii-e1601485394796.jpg\" alt=\"\" srcset=\"http:\/\/kommentatorenblog.de\/wp-content\/uploads\/2020\/09\/shure-55sh-ii-e1601485394796.jpg 415w, http:\/\/kommentatorenblog.de\/wp-content\/uploads\/2020\/09\/shure-55sh-ii-e1601485394796-142x300.jpg 142w\" sizes=\"auto, (max-width: 415px) 100vw, 415px\" \/><\/strong><\/em><mark style=\"background-color:rgba(0, 0, 0, 0);color:#050057\" class=\"has-inline-color\"> DF1<\/mark>\/<mark style=\"background-color:rgba(0, 0, 0, 0)\" class=\"has-inline-color has-vivid-red-color\">ServusTV On<\/mark>\/<mark style=\"background-color:rgba(0, 0, 0, 0)\" class=\"has-inline-color has-vivid-purple-color\">Red Bull TV<\/mark>: Markus Theil, Experte: Steffen Freund<\/p>\n\n\n\n<p><em><strong>Borussia Dortmund &#8211; OSC Lille (17.00 Uhr)<\/strong><\/em><br><mark style=\"background-color:rgba(0, 0, 0, 0)\" class=\"has-inline-color has-black-color\"><em><strong><img loading=\"lazy\" decoding=\"async\" width=\"415\" height=\"874\" class=\"wp-image-3656\" style=\"width: 10px\" src=\"http:\/\/kommentatorenblog.de\/wp-content\/uploads\/2020\/09\/shure-55sh-ii-e1601485394796.jpg\" alt=\"\" srcset=\"http:\/\/kommentatorenblog.de\/wp-content\/uploads\/2020\/09\/shure-55sh-ii-e1601485394796.jpg 415w, http:\/\/kommentatorenblog.de\/wp-content\/uploads\/2020\/09\/shure-55sh-ii-e1601485394796-142x300.jpg 142w\" sizes=\"auto, (max-width: 415px) 100vw, 415px\" \/><\/strong><\/em> Sky: <\/mark>Dominik M\u00fcller<\/p>\n\n\n\n<p><em><strong>Borussia M\u00f6nchengladbach &#8211; FC Valencia (20.30 Uhr)<\/strong><\/em><br><mark style=\"background-color:rgba(0, 0, 0, 0)\" class=\"has-inline-color has-black-color\"><em><strong><img loading=\"lazy\" decoding=\"async\" width=\"415\" height=\"874\" class=\"wp-image-3656\" style=\"width: 10px\" src=\"http:\/\/kommentatorenblog.de\/wp-content\/uploads\/2020\/09\/shure-55sh-ii-e1601485394796.jpg\" alt=\"\" srcset=\"http:\/\/kommentatorenblog.de\/wp-content\/uploads\/2020\/09\/shure-55sh-ii-e1601485394796.jpg 415w, http:\/\/kommentatorenblog.de\/wp-content\/uploads\/2020\/09\/shure-55sh-ii-e1601485394796-142x300.jpg 142w\" sizes=\"auto, (max-width: 415px) 100vw, 415px\" \/><\/strong><\/em> Sky: Christian Stra\u00dfburger<\/mark><br>Moderation (Sky): Yannick Erkenbrecher, Field-Reporterin: Nele Ocik<\/p>\n\n\n\n<p><em><strong>Philadelphia Union &#8211; Eintracht Frankfurt (23.30 Uhr)<\/strong><\/em><\/p>\n\n\n\n<p><mark style=\"background-color:rgba(0, 0, 0, 0)\" class=\"has-inline-color has-black-color\"><em><strong><img loading=\"lazy\" decoding=\"async\" width=\"415\" height=\"874\" class=\"wp-image-3656\" style=\"width: 10px\" src=\"http:\/\/kommentatorenblog.de\/wp-content\/uploads\/2020\/09\/shure-55sh-ii-e1601485394796.jpg\" alt=\"\" srcset=\"http:\/\/kommentatorenblog.de\/wp-content\/uploads\/2020\/09\/shure-55sh-ii-e1601485394796.jpg 415w, http:\/\/kommentatorenblog.de\/wp-content\/uploads\/2020\/09\/shure-55sh-ii-e1601485394796-142x300.jpg 142w\" sizes=\"auto, (max-width: 415px) 100vw, 415px\" \/><\/strong><\/em> Sky: <\/mark>\u00dcbernahme von Eintracht-TV<\/p>\n\n\n\n<p><mark style=\"background-color:rgba(0, 0, 0, 0)\" class=\"has-inline-color has-black-color\"><em><strong><img loading=\"lazy\" decoding=\"async\" width=\"415\" height=\"874\" class=\"wp-image-3656\" style=\"width: 10px\" src=\"http:\/\/kommentatorenblog.de\/wp-content\/uploads\/2020\/09\/shure-55sh-ii-e1601485394796.jpg\" alt=\"\" srcset=\"http:\/\/kommentatorenblog.de\/wp-content\/uploads\/2020\/09\/shure-55sh-ii-e1601485394796.jpg 415w, http:\/\/kommentatorenblog.de\/wp-content\/uploads\/2020\/09\/shure-55sh-ii-e1601485394796-142x300.jpg 142w\" sizes=\"auto, (max-width: 415px) 100vw, 415px\" \/><\/strong><\/em><\/mark> DAZN: Michael Brandes<\/p>\n\n\n\n<p><span style=\"text-decoration: underline;\">Sonntag, 03. August 2025<\/span><\/p>\n\n\n\n<p><strong><em>SGS Essen (Frauen) &#8211; VfL Bochum (Frauen) (12.30 Uhr)<\/em><\/strong><br><mark style=\"background-color:rgba(0, 0, 0, 0)\" class=\"has-inline-color has-black-color\"><em><strong><img loading=\"lazy\" decoding=\"async\" width=\"415\" height=\"874\" class=\"wp-image-3656\" style=\"width: 10px\" src=\"http:\/\/kommentatorenblog.de\/wp-content\/uploads\/2020\/09\/shure-55sh-ii-e1601485394796.jpg\" alt=\"\" srcset=\"http:\/\/kommentatorenblog.de\/wp-content\/uploads\/2020\/09\/shure-55sh-ii-e1601485394796.jpg 415w, http:\/\/kommentatorenblog.de\/wp-content\/uploads\/2020\/09\/shure-55sh-ii-e1601485394796-142x300.jpg 142w\" sizes=\"auto, (max-width: 415px) 100vw, 415px\" \/><\/strong><\/em><\/mark> Ruhrsport.tv (Twitch): Johannes H\u00fclstrung<\/p>\n\n\n\n<p><span style=\"text-decoration: underline;\">Montag, 04. August 2025<\/span><\/p>\n\n\n\n<p><em><strong>Daegu FC &#8211; FC Barcelona (13.00 Uhr)<\/strong><\/em><br><em><strong><img loading=\"lazy\" decoding=\"async\" width=\"415\" height=\"874\" class=\"wp-image-3656\" style=\"width: 10px\" src=\"http:\/\/kommentatorenblog.de\/wp-content\/uploads\/2020\/09\/shure-55sh-ii-e1601485394796.jpg\" alt=\"\" srcset=\"http:\/\/kommentatorenblog.de\/wp-content\/uploads\/2020\/09\/shure-55sh-ii-e1601485394796.jpg 415w, http:\/\/kommentatorenblog.de\/wp-content\/uploads\/2020\/09\/shure-55sh-ii-e1601485394796-142x300.jpg 142w\" sizes=\"auto, (max-width: 415px) 100vw, 415px\" \/><\/strong><\/em> <mark style=\"background-color:rgba(0, 0, 0, 0)\" class=\"has-inline-color has-pale-cyan-blue-color\">Sportdigital<\/mark>: Marvin Kirsch<\/p>\n\n\n\n<p><em><strong>FC Liverpool &#8211; Athletic Bilbao (18.00 Uhr)<\/strong><\/em><br><em><strong><img loading=\"lazy\" decoding=\"async\" width=\"415\" height=\"874\" class=\"wp-image-3656\" style=\"width: 10px\" src=\"http:\/\/kommentatorenblog.de\/wp-content\/uploads\/2020\/09\/shure-55sh-ii-e1601485394796.jpg\" alt=\"\" srcset=\"http:\/\/kommentatorenblog.de\/wp-content\/uploads\/2020\/09\/shure-55sh-ii-e1601485394796.jpg 415w, http:\/\/kommentatorenblog.de\/wp-content\/uploads\/2020\/09\/shure-55sh-ii-e1601485394796-142x300.jpg 142w\" sizes=\"auto, (max-width: 415px) 100vw, 415px\" \/><\/strong><\/em> <mark style=\"background-color:rgba(0, 0, 0, 0)\" class=\"has-inline-color has-pale-cyan-blue-color\">Sportdigital<\/mark>: Jonathan Dreier<\/p>\n\n\n\n<p><strong><em>FC Liverpool &#8211; Athletic Bilbao No.2 (21.00 Uhr)<br><\/em><\/strong><em><strong><img loading=\"lazy\" decoding=\"async\" width=\"415\" height=\"874\" class=\"wp-image-3656\" style=\"width: 10px\" src=\"http:\/\/kommentatorenblog.de\/wp-content\/uploads\/2020\/09\/shure-55sh-ii-e1601485394796.jpg\" alt=\"\" srcset=\"http:\/\/kommentatorenblog.de\/wp-content\/uploads\/2020\/09\/shure-55sh-ii-e1601485394796.jpg 415w, http:\/\/kommentatorenblog.de\/wp-content\/uploads\/2020\/09\/shure-55sh-ii-e1601485394796-142x300.jpg 142w\" sizes=\"auto, (max-width: 415px) 100vw, 415px\" \/><\/strong><\/em> <mark style=\"background-color:rgba(0, 0, 0, 0)\" class=\"has-inline-color has-pale-cyan-blue-color\">Sportdigital<\/mark>: Martin Hahn<\/p>\n\n\n\n<p><span style=\"text-decoration: underline;\">Dienstag, 05. August 2025<\/span><\/p>\n\n\n\n<p><strong><em>Bayer 04 Leverkusen &#8211; Pisa Sporting Club (18.00 Uhr)<\/em><\/strong><br><mark style=\"background-color:rgba(0, 0, 0, 0)\" class=\"has-inline-color has-black-color\"><em><strong><img loading=\"lazy\" decoding=\"async\" width=\"415\" height=\"874\" class=\"wp-image-3656\" style=\"width: 10px\" src=\"http:\/\/kommentatorenblog.de\/wp-content\/uploads\/2020\/09\/shure-55sh-ii-e1601485394796.jpg\" alt=\"\" srcset=\"http:\/\/kommentatorenblog.de\/wp-content\/uploads\/2020\/09\/shure-55sh-ii-e1601485394796.jpg 415w, http:\/\/kommentatorenblog.de\/wp-content\/uploads\/2020\/09\/shure-55sh-ii-e1601485394796-142x300.jpg 142w\" sizes=\"auto, (max-width: 415px) 100vw, 415px\" \/><\/strong><\/em><\/mark> Sky: Timo Sch\u00e4fers<br>Moderation (Sky): Marlon Irlbacher<\/p>\n\n\n\n<p><span style=\"text-decoration: underline;\">Donnerstag, 07. August 2025, ab 18.00 Uhr<\/span><\/p>\n\n\n\n<p><strong><em>FC Bayern M\u00fcnchen &#8211; Tottenham Hotspur (18.30 Uhr)<\/em><\/strong><br><mark style=\"background-color:rgba(0, 0, 0, 0)\" class=\"has-inline-color has-black-color\"><em><strong><img loading=\"lazy\" decoding=\"async\" width=\"415\" height=\"874\" class=\"wp-image-3656\" style=\"width: 10px\" src=\"http:\/\/kommentatorenblog.de\/wp-content\/uploads\/2020\/09\/shure-55sh-ii-e1601485394796.jpg\" alt=\"\" srcset=\"http:\/\/kommentatorenblog.de\/wp-content\/uploads\/2020\/09\/shure-55sh-ii-e1601485394796.jpg 415w, http:\/\/kommentatorenblog.de\/wp-content\/uploads\/2020\/09\/shure-55sh-ii-e1601485394796-142x300.jpg 142w\" sizes=\"auto, (max-width: 415px) 100vw, 415px\" \/><\/strong><\/em><\/mark> <mark style=\"background-color:rgba(0, 0, 0, 0)\" class=\"has-inline-color has-pale-pink-color\">Magenta Sport<\/mark>: Christian Stra\u00dfburger<br>Moderation (<mark style=\"background-color:rgba(0, 0, 0, 0)\" class=\"has-inline-color has-pale-pink-color\">Magenta Sport<\/mark>): Sascha Bandermann, Experte: Rafinha, Field-Reporter: Simon K\u00f6pfer<\/p>\n\n\n\n<hr class=\"wp-block-separator has-alpha-channel-opacity\"\/>\n\n\n\n<p><strong>Die Analyse<\/strong><\/p>\n\n\n\n<p>Die 2. Bundesliga startet mit einem Duell zweier gro\u00dfer Clubs, die gemeinsam 2023 aus dem Oberhaus abgestiegen sind \u2013 Schalke 04 gegen Hertha BSC! Sky meldet sich mit Nele Ocik und Simon Terodde ab 19.30 Uhr aus der Veltins-Arena und stimmt auf die neue Spielzeit ein. Am Spielfeldrand ist \u2013 auf Schalke nat\u00fcrlich zu Hause \u2013 Dirk gro\u00dfe Schlarmann im Einsatz, w\u00e4hrend sich Hannes Herrmann von der Kommentatorenposition meldet.<\/p>\n\n\n\n<p>Das Er\u00f6ffnungsspiel zeigt aber nat\u00fcrlich auch Sat.1 \u2013 wie bereits vor vier Jahren startet man auf Schalke in die neue Rechteperiode. Matthias Opdenh\u00f6vel begr\u00fc\u00dft hier Thomas Helmer, der ja bereits bei der Klub-WM als Experte im Einsatz war, ab 19.50 Uhr zum Vorlauf, w\u00e4hrend Andrea Kaiser zus\u00e4tzlich auf Stimmenfang geht. Kommentieren wird der neue ran-Fu\u00dfball-Kommentator Jonas Friedrich.<\/p>\n\n\n\n<p>Am Samstag finden dann \u2013 aufgrund des alleinstehenden Er\u00f6ffnungsspiels \u2013 vier Partien parallel um 13.00 Uhr statt. Ab 12.30 Uhr meldet sich Stefan Hempel mit S\u00f6ren Gonther aus dem B\u00f6llenfalltor, wo Absteiger Bochum zu Gast ist. Passend dazu ist auch der ehemalige Bochumer Keeper Manuel Riemann mit dabei \u2013 durchaus interessant angesichts der Tatsache, dass Riemann und der VfL nicht im besten Einvernehmen auseinandergegangen sind. Kommentieren wird dieses Spiel ebenfalls Hannes Herrmann, der danach aus Gelsenkirchen schnell nach M\u00fcnchen eilt.<\/p>\n\n\n\n<p>Die weiteren Einzelspiele \u00fcbernehmen Karsten Petrzika, Jogi Hebel und J\u00fcrgen Schmitz \u2013 nat\u00fcrlich aus der Box. In den Stadien gibt es bei den Field-Reportern keine \u00dcberraschungen. Nun aber zur ersten Original-Konferenz: Mit Kai Dittmann und Markus G\u00f6tz sind hier zwei Kommentatoren dabei, die bis zur vergangenen Saison auch h\u00e4ufig in der Bundesliga-Konferenz zum Einsatz kamen. Und Klaus Veltman und Marcel Meinert, die das Quartett komplettieren, sind ja ebenfalls sehr konferenzerfahren.<\/p>\n\n\n\n<p>Das erste Topspiel der Saison kommt aus der Sch\u00fccoArena, wo Fortuna D\u00fcsseldorf zu Gast ist. F\u00fcr Sky melden sich ab 20.00 Uhr Max Zielke und Torsten Mattuschka aus der Arena. Auch Ansgar Brinkmann wird als On-Air-Gast dabei sein. Kommentieren wird Oliver Seidler. Die Topspielreise der RTL-Gruppe startet bei RTL, wo Florian K\u00f6nig gemeinsam mit Felix Kroos durch den kurzen Vorlauf f\u00fchrt. Thomas Wagner geht am Spielfeldrand auf Stimmenfang. Kommentator ist Marco Hagemann, der sich in der ostwestf\u00e4lischen Heimat nat\u00fcrlich besonders wohlf\u00fchlt.<\/p>\n\n\n\n<p>Am Sonntag gibt es die Konferenz dann auch bei RTL zu sehen \u2013 Stichwort Content-Partnerschaft. Sowohl Sky mit Yannick Erkenbrecher und S\u00f6ren Gonther als auch RTL mit Jana Wosnitza und Patrick Helmes melden sich aus Hannover, wo der 1. FC Kaiserslautern zu Gast ist, und stimmen eine halbe Stunde auf das Programm ein. In dieser Konferenz ist wie am Vortag Klaus Veltman mit dabei, unterst\u00fctzt von Christian Stra\u00dfburger und Frank Buschmann \u2013 ein Trio, das man sowohl bei Sky als auch RTL bestens kennt. Nach Konferenzeins\u00e4tzen am Samstag \u00fcbernehmen Kai Dittmann und Marcel Meinert am Sonntag jeweils ein Einzelspiel, und auch Dominik M\u00fcller gibt hier sein Saisondeb\u00fct.<\/p>\n\n\n\n<p>Auch die 3. Liga startet in die Saison. Hier gibt es rechtlich keine Ver\u00e4nderungen, und auch die Sender \u2013 speziell MagentaSport \u2013 ver\u00e4ndern kaum etwas, das es zu analysieren g\u00e4be. Beim Auftaktspiel zwischen Rot-Weiss Essen und den L\u00f6wen kommt das wohl prominenteste Trio zum Einsatz: Thomas Wagner, Fabian Klos und Christian Stra\u00dfburger. Das Spiel k\u00f6nnen \u00fcbrigens auch Nicht-Magenta-Kunden kostenfrei sehen.<\/p>\n\n\n\n<p>Bei den Spielen am Samstag und Sonntag gibt es keine gr\u00f6\u00dferen \u00dcberraschungen. Mit Blick auf die \u00dcbertragungen in den dritten Programmen \u00fcbernehmen BR und MDR jeweils Partien, in denen nur Vereine aus dem eigenen Sendegebiet vertreten sind <strong>[Anm: Hansa Rostock geh\u00f6rt nat\u00fcrlich zum Sendegebiet des NDR]<\/strong>.<\/p>\n\n\n\n<p>Au\u00dferdem gibt es auch auf Sportdigital einiges an Programm. In jedem Fall freue ich mich sehr dar\u00fcber, dass die Zahl der Testspiele immer weiter abnimmt \ud83d\ude00<\/p>\n\n\n\n<p>Nun w\u00fcnsche ich uns allen einen guten Start in den August und in die neue Rechteperiode \u2013 und hoffe, dass wir einige tolle Sendungen zu sehen bekommen. Und vielleicht wird ja auch die neue Spielstandsanzeige richtig gut \ud83d\ude09 Bis dahin!<\/p>\n","protected":false},"excerpt":{"rendered":"<p>N\u2018Abend allerseits, nachdem uns das Thema in den letzten rund 18 Monaten eigentlich durchg\u00e4ngig besch\u00e4ftigt hat, geht es nun tats\u00e4chlich hinein in die neue Rechteperiode der DFL (also Bundesliga und 2. Bundesliga). Damit liegen inzwischen auch die konkreten Pl\u00e4ne der einzelnen Sender vor, die die Spiele live und als Highlights zeigen werden. In den kommenden [&hellip;]<\/p>\n","protected":false},"author":5,"featured_media":0,"comment_status":"open","ping_status":"open","sticky":false,"template":"","format":"standard","meta":{"footnotes":""},"categories":[424],"tags":[],"class_list":["post-22342","post","type-post","status-publish","format-standard","hentry","category-bundesliga-und-co"],"_links":{"self":[{"href":"http:\/\/kommentatorenblog.de\/index.php?rest_route=\/wp\/v2\/posts\/22342","targetHints":{"allow":["GET"]}}],"collection":[{"href":"http:\/\/kommentatorenblog.de\/index.php?rest_route=\/wp\/v2\/posts"}],"about":[{"href":"http:\/\/kommentatorenblog.de\/index.php?rest_route=\/wp\/v2\/types\/post"}],"author":[{"embeddable":true,"href":"http:\/\/kommentatorenblog.de\/index.php?rest_route=\/wp\/v2\/users\/5"}],"replies":[{"embeddable":true,"href":"http:\/\/kommentatorenblog.de\/index.php?rest_route=%2Fwp%2Fv2%2Fcomments&post=22342"}],"version-history":[{"count":27,"href":"http:\/\/kommentatorenblog.de\/index.php?rest_route=\/wp\/v2\/posts\/22342\/revisions"}],"predecessor-version":[{"id":22482,"href":"http:\/\/kommentatorenblog.de\/index.php?rest_route=\/wp\/v2\/posts\/22342\/revisions\/22482"}],"wp:attachment":[{"href":"http:\/\/kommentatorenblog.de\/index.php?rest_route=%2Fwp%2Fv2%2Fmedia&parent=22342"}],"wp:term":[{"taxonomy":"category","embeddable":true,"href":"http:\/\/kommentatorenblog.de\/index.php?rest_route=%2Fwp%2Fv2%2Fcategories&post=22342"},{"taxonomy":"post_tag","embeddable":true,"href":"http:\/\/kommentatorenblog.de\/index.php?rest_route=%2Fwp%2Fv2%2Ftags&post=22342"}],"curies":[{"name":"wp","href":"https:\/\/api.w.org\/{rel}","templated":true}]}}