{"id":22452,"date":"2025-08-14T23:02:54","date_gmt":"2025-08-14T22:02:54","guid":{"rendered":"https:\/\/kommentatorenblog.de\/?p=22452"},"modified":"2025-08-25T11:56:39","modified_gmt":"2025-08-25T10:56:39","slug":"1529-grosskampftag-und-prime-news","status":"publish","type":"post","link":"http:\/\/kommentatorenblog.de\/?p=22452","title":{"rendered":"1529 &#8211; Gro\u00dfkampftag und Prime-News"},"content":{"rendered":"\n<p>N\u2019Abend allerseits,<\/p>\n\n\n\n<p>Amateure gegen Profis, Fu\u00dfball en masse \u2013 wieder einmal geht es rein ins Pokalwochenende der 1. Hauptrunde. Doch bevor wir dazu kommen, blicken wir noch auf zwei Neuigkeiten dieser Woche:<\/p>\n\n\n\n<p>RTL hat bei einer Presseveranstaltung bekanntgegeben, dass Max Kruse zum Expertenteam in der 2. Bundesliga und bei den Europapokal\u00fcbertragungen bei RTL+ sto\u00dfen wird. Ebenso vorgestellt wurden Wolff Fuss und Laura Wontorra als Neuzug\u00e4nge \u2013 beides war ja allerdings bereits l\u00e4nger bekannt.<\/p>\n\n\n\n<p>Im Laufe des Donnerstags kam zudem die Meldung von Prime, dass Hannes Herrmann neuer Champions-League-Kommentator f\u00fcr den Anbieter wird. Damit wird er als Nachfolger von Jonas Friedrich, der ja ab sofort als Moderator fungiert, die 17 Spiele der K\u00f6nigsklasse kommentieren. Prime selbst kennt er nat\u00fcrlich ganz gut, da er schon in den beiden letzten Jahren Wimbledon kommentierte \u2013 und das in diesem Jahr auch teils sehr prominent von den beiden gro\u00dfen Courts. Mich pers\u00f6nlich hat diese Entscheidung sehr gefreut, da Hannes Herrmann am Mikro eigentlich immer \u00fcberzeugt hat. Mit seinem Wechsel 2019 zu Sky hat er stetig gr\u00f6\u00dfere Spiele gemacht: von Premier League zu Beginn \u00fcber die DFB-Pokalspiele der Frauen, die 2. Bundesliga und 2022 auch die Bundesliga. F\u00fcr mich ist er jemand, der stets durch starke Vorbereitung, eine gesunde Mischung aus Information, Emotion und Geschehen-Kommentieren aufgefallen ist. In jedem Fall w\u00fcnsche ich nat\u00fcrlich Hannes Herrmann im Rahmen des Kommentatorenblogs viel Erfolg bei dieser neuen Aufgabe und gratuliere auch recht herzlich.<\/p>\n\n\n\n<p>Wo Hannes Herrmann an diesem Wochenende im Pokal im Einsatz ist und welche Spiele aus dem Stadion kommentiert werden, folgt nun inkl. XXL-Analyse.<\/p>\n\n\n\n<hr class=\"wp-block-separator has-css-opacity\"\/>\n\n\n\n<p><strong>Die Ansetzungen vom 15. bis zum 21. August 2025<\/strong><\/p>\n\n\n\n<hr class=\"wp-block-separator has-css-opacity\"\/>\n\n\n\n<p><strong>DFB-Pokal, 1. Runde<\/strong><br>* <mark style=\"background-color:rgba(0, 0, 0, 0)\" class=\"has-inline-color has-vivid-green-cyan-color\">Gr\u00fcn<\/mark>= Kommentar aus dem Stadion, Schwarz = Kommentar aus der Box<\/p>\n\n\n\n<p><span style=\"text-decoration: underline;\">Freitag, 15. August 2025, ab 17.30 Uhr (Sky)<\/span><\/p>\n\n\n\n<p><strong><em><strong>SG Sonnenhof Gro\u00dfaspach &#8211; Bayer 04 Leverkusen<\/strong> (18.00 Uhr)<\/em><\/strong><br><img loading=\"lazy\" decoding=\"async\" width=\"10\" height=\"21\" class=\"wp-image-3656\" style=\"width: 10px;\" src=\"http:\/\/kommentatorenblog.de\/wp-content\/uploads\/2020\/09\/shure-55sh-ii-e1601485394796.jpg\" alt=\"\" srcset=\"http:\/\/kommentatorenblog.de\/wp-content\/uploads\/2020\/09\/shure-55sh-ii-e1601485394796.jpg 415w, http:\/\/kommentatorenblog.de\/wp-content\/uploads\/2020\/09\/shure-55sh-ii-e1601485394796-142x300.jpg 142w\" sizes=\"auto, (max-width: 10px) 100vw, 10px\" \/> <mark style=\"background-color:rgba(0, 0, 0, 0)\" class=\"has-inline-color has-light-green-cyan-color\">Hannes Herrmann<\/mark> (Einzelspiel), Roland Evers (Konferenz)<br>Field-Reporterin: Mara Mones<\/p>\n\n\n\n<p><strong><em><strong><em><strong>FC G\u00fctersloh &#8211; 1. FC Union Berlin<\/strong><\/em><\/strong> <strong><em>(18.00 Uhr)<\/em><\/strong><\/em><\/strong><br><img loading=\"lazy\" decoding=\"async\" width=\"10\" height=\"21\" class=\"wp-image-3656\" style=\"width: 10px;\" src=\"http:\/\/kommentatorenblog.de\/wp-content\/uploads\/2020\/09\/shure-55sh-ii-e1601485394796.jpg\" alt=\"\" srcset=\"http:\/\/kommentatorenblog.de\/wp-content\/uploads\/2020\/09\/shure-55sh-ii-e1601485394796.jpg 415w, http:\/\/kommentatorenblog.de\/wp-content\/uploads\/2020\/09\/shure-55sh-ii-e1601485394796-142x300.jpg 142w\" sizes=\"auto, (max-width: 10px) 100vw, 10px\" \/> Dominik M\u00fcller (Einzelspiel), Markus G\u00f6tz (Konferenz)<br>Field-Reporter: Marlon Irlbacher<\/p>\n\n\n\n<p><strong><em>1. FC Saarbr\u00fccken &#8211; 1. FC Magdeburg (18.00 Uhr)<\/em><\/strong><br><img loading=\"lazy\" decoding=\"async\" width=\"10\" height=\"21\" class=\"wp-image-3656\" style=\"width: 10px;\" src=\"http:\/\/kommentatorenblog.de\/wp-content\/uploads\/2020\/09\/shure-55sh-ii-e1601485394796.jpg\" alt=\"\" srcset=\"http:\/\/kommentatorenblog.de\/wp-content\/uploads\/2020\/09\/shure-55sh-ii-e1601485394796.jpg 415w, http:\/\/kommentatorenblog.de\/wp-content\/uploads\/2020\/09\/shure-55sh-ii-e1601485394796-142x300.jpg 142w\" sizes=\"auto, (max-width: 10px) 100vw, 10px\" \/> Joachim Hebel (Einzelspiel), Hansi K\u00fcpper (Konferenz)<\/p>\n\n\n\n<p><span style=\"text-decoration: underline;\">ab 20.15 Uhr (ZDF) bzw. ab 20.40 Uhr (Sky)<\/span><\/p>\n\n\n\n<p><strong><em><strong>DSC Arminia Bielefeld &#8211; SV Werder Breme<\/strong>n (20.45 Uhr)<\/em><\/strong><\/p>\n\n\n\n<p><img loading=\"lazy\" decoding=\"async\" width=\"10\" height=\"21\" class=\"wp-image-3656\" style=\"width: 10px;\" src=\"http:\/\/kommentatorenblog.de\/wp-content\/uploads\/2020\/09\/shure-55sh-ii-e1601485394796.jpg\" alt=\"\" srcset=\"http:\/\/kommentatorenblog.de\/wp-content\/uploads\/2020\/09\/shure-55sh-ii-e1601485394796.jpg 415w, http:\/\/kommentatorenblog.de\/wp-content\/uploads\/2020\/09\/shure-55sh-ii-e1601485394796-142x300.jpg 142w\" sizes=\"auto, (max-width: 10px) 100vw, 10px\" \/> ZDF: <mark style=\"background-color:rgba(0, 0, 0, 0)\" class=\"has-inline-color has-light-green-cyan-color\">Martin Schneider, Experte: Hanno Balitsch<\/mark><br>Moderation (ZDF): Jochen Breyer, Field-Reporter: Thomas Skulski<\/p>\n\n\n\n<p><img loading=\"lazy\" decoding=\"async\" width=\"10\" height=\"21\" class=\"wp-image-3656\" style=\"width: 10px;\" src=\"http:\/\/kommentatorenblog.de\/wp-content\/uploads\/2020\/09\/shure-55sh-ii-e1601485394796.jpg\" alt=\"\" srcset=\"http:\/\/kommentatorenblog.de\/wp-content\/uploads\/2020\/09\/shure-55sh-ii-e1601485394796.jpg 415w, http:\/\/kommentatorenblog.de\/wp-content\/uploads\/2020\/09\/shure-55sh-ii-e1601485394796-142x300.jpg 142w\" sizes=\"auto, (max-width: 10px) 100vw, 10px\" \/> Sky: <mark style=\"background-color:rgba(0, 0, 0, 0)\" class=\"has-inline-color has-light-green-cyan-color\">Martin Gro\u00df<\/mark><br>Field-Reporter (Sky): Yannick Erkenbrecher<\/p>\n\n\n\n<p>Moderation (Sky): Britta Hofmann<\/p>\n\n\n\n<p><span style=\"text-decoration: underline;\">Samstag, 16. August 2025, ab 12.30 Uhr (Sky)<\/span><\/p>\n\n\n\n<p><strong><em><strong>FK Pirmasens &#8211; Hamburger SV<\/strong> (13.00 Uhr)<\/em><\/strong><br><img loading=\"lazy\" decoding=\"async\" width=\"10\" height=\"21\" class=\"wp-image-3656\" style=\"width: 10px;\" src=\"http:\/\/kommentatorenblog.de\/wp-content\/uploads\/2020\/09\/shure-55sh-ii-e1601485394796.jpg\" alt=\"\" srcset=\"http:\/\/kommentatorenblog.de\/wp-content\/uploads\/2020\/09\/shure-55sh-ii-e1601485394796.jpg 415w, http:\/\/kommentatorenblog.de\/wp-content\/uploads\/2020\/09\/shure-55sh-ii-e1601485394796-142x300.jpg 142w\" sizes=\"auto, (max-width: 10px) 100vw, 10px\" \/> <mark style=\"background-color:rgba(0, 0, 0, 0)\" class=\"has-inline-color has-light-green-cyan-color\">Klaus Veltman<\/mark> (Einzelspiel), Kai Dittmann (Konferenz)<br>Field-Reporter: Thomas Wagner<\/p>\n\n\n\n<p><em><strong><strong>BFC Dynamo &#8211; VfL Boch<\/strong><\/strong><\/em><strong><em>um <\/em><\/strong><strong><em>(13.00 Uhr)<\/em><\/strong><br><img loading=\"lazy\" decoding=\"async\" width=\"10\" height=\"21\" class=\"wp-image-3656\" style=\"width: 10px;\" src=\"http:\/\/kommentatorenblog.de\/wp-content\/uploads\/2020\/09\/shure-55sh-ii-e1601485394796.jpg\" alt=\"\" srcset=\"http:\/\/kommentatorenblog.de\/wp-content\/uploads\/2020\/09\/shure-55sh-ii-e1601485394796.jpg 415w, http:\/\/kommentatorenblog.de\/wp-content\/uploads\/2020\/09\/shure-55sh-ii-e1601485394796-142x300.jpg 142w\" sizes=\"auto, (max-width: 10px) 100vw, 10px\" \/> Jari Schaller (Einzelspiel), Toni Tomic (Konferenz)<\/p>\n\n\n\n<p><span style=\"text-decoration: underline;\">ab 14.30 Uhr (Sky)<\/span><\/p>\n\n\n\n<p><strong><em>FC Eintracht Norderstedt &#8211; FC St. Pauli (15.30 Uhr)<\/em><\/strong><br><img loading=\"lazy\" decoding=\"async\" width=\"10\" height=\"21\" class=\"wp-image-3656\" style=\"width: 10px;\" src=\"http:\/\/kommentatorenblog.de\/wp-content\/uploads\/2020\/09\/shure-55sh-ii-e1601485394796.jpg\" alt=\"\" srcset=\"http:\/\/kommentatorenblog.de\/wp-content\/uploads\/2020\/09\/shure-55sh-ii-e1601485394796.jpg 415w, http:\/\/kommentatorenblog.de\/wp-content\/uploads\/2020\/09\/shure-55sh-ii-e1601485394796-142x300.jpg 142w\" sizes=\"auto, (max-width: 10px) 100vw, 10px\" \/> <mark style=\"background-color:rgba(0, 0, 0, 0)\" class=\"has-inline-color has-light-green-cyan-color\">Torsten Kunde<\/mark> (Einzelspiel), Frank Buschmann (Konferenz)<br>Field-Reporter: Patrick Wasserziehr<\/p>\n\n\n\n<p><strong><em><strong>SV Sandhausen &#8211; RB Leip<\/strong>zig (15.30 Uhr)<\/em><\/strong><br><img loading=\"lazy\" decoding=\"async\" width=\"10\" height=\"21\" class=\"wp-image-3656\" style=\"width: 10px;\" src=\"http:\/\/kommentatorenblog.de\/wp-content\/uploads\/2020\/09\/shure-55sh-ii-e1601485394796.jpg\" alt=\"\" srcset=\"http:\/\/kommentatorenblog.de\/wp-content\/uploads\/2020\/09\/shure-55sh-ii-e1601485394796.jpg 415w, http:\/\/kommentatorenblog.de\/wp-content\/uploads\/2020\/09\/shure-55sh-ii-e1601485394796-142x300.jpg 142w\" sizes=\"auto, (max-width: 10px) 100vw, 10px\" \/> Oliver Fa\u00dfnacht (Einzelspiel), Florian Schmidt-Sommerfeld (Konferenz)<br>Field-Reporter: Dennis Bayer<\/p>\n\n\n\n<p><strong><em><strong>FC Hansa Rostock &#8211; TSG 1899 Hoffenheim<\/strong> (15.30 Uhr)<\/em><\/strong><br><img loading=\"lazy\" decoding=\"async\" width=\"10\" height=\"21\" class=\"wp-image-3656\" style=\"width: 10px;\" src=\"http:\/\/kommentatorenblog.de\/wp-content\/uploads\/2020\/09\/shure-55sh-ii-e1601485394796.jpg\" alt=\"\" srcset=\"http:\/\/kommentatorenblog.de\/wp-content\/uploads\/2020\/09\/shure-55sh-ii-e1601485394796.jpg 415w, http:\/\/kommentatorenblog.de\/wp-content\/uploads\/2020\/09\/shure-55sh-ii-e1601485394796-142x300.jpg 142w\" sizes=\"auto, (max-width: 10px) 100vw, 10px\" \/> Timo Sch\u00e4fers (Einzelspiel), Hansi K\u00fcpper (Konferenz)<\/p>\n\n\n\n<p><strong><em><strong>Bahlinger SC &#8211; 1. FC Heidenheim<\/strong> (15.30 Uhr)<\/em><\/strong><br><img loading=\"lazy\" decoding=\"async\" width=\"10\" height=\"21\" class=\"wp-image-3656\" style=\"width: 10px;\" src=\"http:\/\/kommentatorenblog.de\/wp-content\/uploads\/2020\/09\/shure-55sh-ii-e1601485394796.jpg\" alt=\"\" srcset=\"http:\/\/kommentatorenblog.de\/wp-content\/uploads\/2020\/09\/shure-55sh-ii-e1601485394796.jpg 415w, http:\/\/kommentatorenblog.de\/wp-content\/uploads\/2020\/09\/shure-55sh-ii-e1601485394796-142x300.jpg 142w\" sizes=\"auto, (max-width: 10px) 100vw, 10px\" \/> Karsten Petrzika (Einzelspiel), Hannes Herrmann (Konferenz)<\/p>\n\n\n\n<p><strong><em><strong>SV Hemelingen &#8211; VfL Wolfsburg<\/strong><\/em><\/strong> <strong><em>(15.30 Uhr)<\/em><\/strong><br><img loading=\"lazy\" decoding=\"async\" width=\"10\" height=\"21\" class=\"wp-image-3656\" style=\"width: 10px;\" src=\"http:\/\/kommentatorenblog.de\/wp-content\/uploads\/2020\/09\/shure-55sh-ii-e1601485394796.jpg\" alt=\"\" srcset=\"http:\/\/kommentatorenblog.de\/wp-content\/uploads\/2020\/09\/shure-55sh-ii-e1601485394796.jpg 415w, http:\/\/kommentatorenblog.de\/wp-content\/uploads\/2020\/09\/shure-55sh-ii-e1601485394796-142x300.jpg 142w\" sizes=\"auto, (max-width: 10px) 100vw, 10px\" \/> Philipp Langosz (Einzelspiel), Christian Stra\u00dfburger (Konferenz)<br>Field-Reporter: Jens Westen, Gast: Ailton<\/p>\n\n\n\n<p><strong><em><strong>FV Illertissen &#8211; 1. FC N\u00fcrnber<\/strong>g<\/em><\/strong><strong><em> (15.30 Uhr)<\/em><\/strong><br><img loading=\"lazy\" decoding=\"async\" width=\"10\" height=\"21\" class=\"wp-image-3656\" style=\"width: 10px;\" src=\"http:\/\/kommentatorenblog.de\/wp-content\/uploads\/2020\/09\/shure-55sh-ii-e1601485394796.jpg\" alt=\"\" srcset=\"http:\/\/kommentatorenblog.de\/wp-content\/uploads\/2020\/09\/shure-55sh-ii-e1601485394796.jpg 415w, http:\/\/kommentatorenblog.de\/wp-content\/uploads\/2020\/09\/shure-55sh-ii-e1601485394796-142x300.jpg 142w\" sizes=\"auto, (max-width: 10px) 100vw, 10px\" \/> Jaron Steiner (Einzelspiel), Sven Schr\u00f6ter (Konferenz)<\/p>\n\n\n\n<p><span style=\"text-decoration: underline;\">ab 17.45 Uhr (Sky)<\/span><\/p>\n\n\n\n<p><strong><em>FC Energie Cottbus &#8211; Hannover 96 (18.00 Uhr)<\/em><\/strong><br><img loading=\"lazy\" decoding=\"async\" width=\"10\" height=\"21\" class=\"wp-image-3656\" style=\"width: 10px;\" src=\"http:\/\/kommentatorenblog.de\/wp-content\/uploads\/2020\/09\/shure-55sh-ii-e1601485394796.jpg\" alt=\"\" srcset=\"http:\/\/kommentatorenblog.de\/wp-content\/uploads\/2020\/09\/shure-55sh-ii-e1601485394796.jpg 415w, http:\/\/kommentatorenblog.de\/wp-content\/uploads\/2020\/09\/shure-55sh-ii-e1601485394796-142x300.jpg 142w\" sizes=\"auto, (max-width: 10px) 100vw, 10px\" \/> <mark style=\"background-color:rgba(0, 0, 0, 0)\" class=\"has-inline-color has-light-green-cyan-color\">Oliver Seidler <\/mark>(Einzelspiel), Marcel Meinert (Konferenz)<br>Field-Reporterin: Lisa de Ruiter<\/p>\n\n\n\n<p><strong><em>VfB L\u00fcbeck &#8211; SV Darmstadt 98 (18.00 Uhr)<\/em><\/strong><br><img loading=\"lazy\" decoding=\"async\" width=\"10\" height=\"21\" class=\"wp-image-3656\" style=\"width: 10px;\" src=\"http:\/\/kommentatorenblog.de\/wp-content\/uploads\/2020\/09\/shure-55sh-ii-e1601485394796.jpg\" alt=\"\" srcset=\"http:\/\/kommentatorenblog.de\/wp-content\/uploads\/2020\/09\/shure-55sh-ii-e1601485394796.jpg 415w, http:\/\/kommentatorenblog.de\/wp-content\/uploads\/2020\/09\/shure-55sh-ii-e1601485394796-142x300.jpg 142w\" sizes=\"auto, (max-width: 10px) 100vw, 10px\" \/> Timo Schmidtchen (Einzelspiel), Stefan Hempel (Konferenz)<\/p>\n\n\n\n<p><strong><em>Sportfreunde Lotte &#8211; SC Freiburg (18.00 Uhr)<\/em><\/strong><br><img loading=\"lazy\" decoding=\"async\" width=\"10\" height=\"21\" class=\"wp-image-3656\" style=\"width: 10px;\" src=\"http:\/\/kommentatorenblog.de\/wp-content\/uploads\/2020\/09\/shure-55sh-ii-e1601485394796.jpg\" alt=\"\" srcset=\"http:\/\/kommentatorenblog.de\/wp-content\/uploads\/2020\/09\/shure-55sh-ii-e1601485394796.jpg 415w, http:\/\/kommentatorenblog.de\/wp-content\/uploads\/2020\/09\/shure-55sh-ii-e1601485394796-142x300.jpg 142w\" sizes=\"auto, (max-width: 10px) 100vw, 10px\" \/> Marcus Lindemann (Einzelspiel), Markus G\u00f6tz (Konferenz)<\/p>\n\n\n\n<p>Moderation: Michael Leopold, Experte: Fabian Klos<br>Moderation (ASAT): Max Zielke<\/p>\n\n\n\n<p><span style=\"text-decoration: underline;\">Sonntag, 17. August 2025, ab 12.30 Uhr (Sky)<\/span><\/p>\n\n\n\n<p><strong><em><strong>FV Engers 07 &#8211; Eintracht Frankfurt <\/strong>(13.00 Uhr)<\/em><\/strong><br><img loading=\"lazy\" decoding=\"async\" width=\"10\" height=\"21\" class=\"wp-image-3656\" style=\"width: 10px;\" src=\"http:\/\/kommentatorenblog.de\/wp-content\/uploads\/2020\/09\/shure-55sh-ii-e1601485394796.jpg\" alt=\"\" srcset=\"http:\/\/kommentatorenblog.de\/wp-content\/uploads\/2020\/09\/shure-55sh-ii-e1601485394796.jpg 415w, http:\/\/kommentatorenblog.de\/wp-content\/uploads\/2020\/09\/shure-55sh-ii-e1601485394796-142x300.jpg 142w\" sizes=\"auto, (max-width: 10px) 100vw, 10px\" \/> <mark style=\"background-color:rgba(0, 0, 0, 0)\" class=\"has-inline-color has-light-green-cyan-color\">Klaus Veltman <\/mark>(Einzelspiel), Hansi K\u00fcpper (Konferenz)<br>Field-Reporter: Hartmut von Kameke<\/p>\n\n\n\n<p><em><strong><strong>FC Viktoria K\u00f6ln &#8211; SC Paderborn 07<\/strong><\/strong><\/em><strong><em> <\/em><\/strong><strong><em>(13.00 Uhr)<\/em><\/strong><br><img loading=\"lazy\" decoding=\"async\" width=\"10\" height=\"21\" class=\"wp-image-3656\" style=\"width: 10px;\" src=\"http:\/\/kommentatorenblog.de\/wp-content\/uploads\/2020\/09\/shure-55sh-ii-e1601485394796.jpg\" alt=\"\" srcset=\"http:\/\/kommentatorenblog.de\/wp-content\/uploads\/2020\/09\/shure-55sh-ii-e1601485394796.jpg 415w, http:\/\/kommentatorenblog.de\/wp-content\/uploads\/2020\/09\/shure-55sh-ii-e1601485394796-142x300.jpg 142w\" sizes=\"auto, (max-width: 10px) 100vw, 10px\" \/> Karsten Petrzika (Einzelspiel), Christian Stra\u00dfburger (Konferenz)<\/p>\n\n\n\n<p><span style=\"text-decoration: underline;\">ab 14.30 Uhr (Sky)<\/span><\/p>\n\n\n\n<p><strong><em>SV Atlas Delmenhorst &#8211; Borussia M\u00f6nchengladbach (15.30 Uhr)<br><\/em><\/strong><img loading=\"lazy\" decoding=\"async\" width=\"10\" height=\"21\" class=\"wp-image-3656\" style=\"width: 10px;\" src=\"http:\/\/kommentatorenblog.de\/wp-content\/uploads\/2020\/09\/shure-55sh-ii-e1601485394796.jpg\" alt=\"\" srcset=\"http:\/\/kommentatorenblog.de\/wp-content\/uploads\/2020\/09\/shure-55sh-ii-e1601485394796.jpg 415w, http:\/\/kommentatorenblog.de\/wp-content\/uploads\/2020\/09\/shure-55sh-ii-e1601485394796-142x300.jpg 142w\" sizes=\"auto, (max-width: 10px) 100vw, 10px\" \/> <mark style=\"background-color:rgba(0, 0, 0, 0)\" class=\"has-inline-color has-light-green-cyan-color\">Martin Gro\u00df<\/mark> (Einzelspiel), Jonas Friedrich (Konferenz)<br>Field-Reporter: Jens Westen<\/p>\n\n\n\n<p><strong><em><strong>1. FC Lok Leipzig &#8211; FC Schalke 04<\/strong> (15.30 Uhr)<\/em><\/strong><br><img loading=\"lazy\" decoding=\"async\" width=\"10\" height=\"21\" class=\"wp-image-3656\" style=\"width: 10px;\" src=\"http:\/\/kommentatorenblog.de\/wp-content\/uploads\/2020\/09\/shure-55sh-ii-e1601485394796.jpg\" alt=\"\" srcset=\"http:\/\/kommentatorenblog.de\/wp-content\/uploads\/2020\/09\/shure-55sh-ii-e1601485394796.jpg 415w, http:\/\/kommentatorenblog.de\/wp-content\/uploads\/2020\/09\/shure-55sh-ii-e1601485394796-142x300.jpg 142w\" sizes=\"auto, (max-width: 10px) 100vw, 10px\" \/> <mark style=\"background-color:rgba(0, 0, 0, 0)\" class=\"has-inline-color has-light-green-cyan-color\">Kai Dittmann<\/mark> (Einzelspiel), Frank Buschmann (Konferenz)<br>Field-Reporter: Patrick Wasserziehr<\/p>\n\n\n\n<p><strong><em><strong>SSV Jahn Regensburg &#8211; 1. FC K\u00f6ln<\/strong><\/em><\/strong> <strong><em>(15.30 Uhr)<\/em><\/strong><br><img loading=\"lazy\" decoding=\"async\" width=\"10\" height=\"21\" class=\"wp-image-3656\" style=\"width: 10px;\" src=\"http:\/\/kommentatorenblog.de\/wp-content\/uploads\/2020\/09\/shure-55sh-ii-e1601485394796.jpg\" alt=\"\" srcset=\"http:\/\/kommentatorenblog.de\/wp-content\/uploads\/2020\/09\/shure-55sh-ii-e1601485394796.jpg 415w, http:\/\/kommentatorenblog.de\/wp-content\/uploads\/2020\/09\/shure-55sh-ii-e1601485394796-142x300.jpg 142w\" sizes=\"auto, (max-width: 10px) 100vw, 10px\" \/> Marcus Lindemann (Einzelspiel), Roland Evers (Konferenz)<br>Field-Reporter: Andi Lengenfelder<\/p>\n\n\n\n<p><em><strong>TuS BW Lohne &#8211; SpVgg Greuther F\u00fcrth <\/strong><\/em><strong><em>(15.30 Uhr)<\/em><\/strong><br><img loading=\"lazy\" decoding=\"async\" width=\"10\" height=\"21\" class=\"wp-image-3656\" style=\"width: 10px;\" src=\"http:\/\/kommentatorenblog.de\/wp-content\/uploads\/2020\/09\/shure-55sh-ii-e1601485394796.jpg\" alt=\"\" srcset=\"http:\/\/kommentatorenblog.de\/wp-content\/uploads\/2020\/09\/shure-55sh-ii-e1601485394796.jpg 415w, http:\/\/kommentatorenblog.de\/wp-content\/uploads\/2020\/09\/shure-55sh-ii-e1601485394796-142x300.jpg 142w\" sizes=\"auto, (max-width: 10px) 100vw, 10px\" \/> Oliver Fa\u00dfnacht (Einzelspiel), Dominik M\u00fcller (Konferenz)<\/p>\n\n\n\n<p><strong><em>RSV Eintracht 1949 &#8211; 1. FC Kaiserslautern (15.30 Uhr)<br><\/em><\/strong><img loading=\"lazy\" decoding=\"async\" width=\"10\" height=\"21\" class=\"wp-image-3656\" style=\"width: 10px;\" src=\"http:\/\/kommentatorenblog.de\/wp-content\/uploads\/2020\/09\/shure-55sh-ii-e1601485394796.jpg\" alt=\"\" srcset=\"http:\/\/kommentatorenblog.de\/wp-content\/uploads\/2020\/09\/shure-55sh-ii-e1601485394796.jpg 415w, http:\/\/kommentatorenblog.de\/wp-content\/uploads\/2020\/09\/shure-55sh-ii-e1601485394796-142x300.jpg 142w\" sizes=\"auto, (max-width: 10px) 100vw, 10px\" \/> Stefan Hempel (Einzelspiel), Michael Leopold (Konferenz)<\/p>\n\n\n\n<p><strong><em>ZFC Meuselwitz &#8211; Karlsruher SC (15.30 Uhr)<br><\/em><\/strong><img loading=\"lazy\" decoding=\"async\" width=\"10\" height=\"21\" class=\"wp-image-3656\" style=\"width: 10px;\" src=\"http:\/\/kommentatorenblog.de\/wp-content\/uploads\/2020\/09\/shure-55sh-ii-e1601485394796.jpg\" alt=\"\" srcset=\"http:\/\/kommentatorenblog.de\/wp-content\/uploads\/2020\/09\/shure-55sh-ii-e1601485394796.jpg 415w, http:\/\/kommentatorenblog.de\/wp-content\/uploads\/2020\/09\/shure-55sh-ii-e1601485394796-142x300.jpg 142w\" sizes=\"auto, (max-width: 10px) 100vw, 10px\" \/> Thomas Wagner (Einzelspiel), Markus Gaupp (Konferenz)<\/p>\n\n\n\n<p><span style=\"text-decoration: underline;\">ab 17.45 Uhr (Sky)<\/span><\/p>\n\n\n\n<p><strong><em>Hallescher FC &#8211; FC Augsburg (18.00 Uhr)<\/em><\/strong><br><img loading=\"lazy\" decoding=\"async\" width=\"10\" height=\"21\" class=\"wp-image-3656\" style=\"width: 10px;\" src=\"http:\/\/kommentatorenblog.de\/wp-content\/uploads\/2020\/09\/shure-55sh-ii-e1601485394796.jpg\" alt=\"\" srcset=\"http:\/\/kommentatorenblog.de\/wp-content\/uploads\/2020\/09\/shure-55sh-ii-e1601485394796.jpg 415w, http:\/\/kommentatorenblog.de\/wp-content\/uploads\/2020\/09\/shure-55sh-ii-e1601485394796-142x300.jpg 142w\" sizes=\"auto, (max-width: 10px) 100vw, 10px\" \/><mark style=\"background-color:rgba(0, 0, 0, 0)\" class=\"has-inline-color has-light-green-cyan-color\"> Oliver Seidler<\/mark> (Einzelspiel), Markus G\u00f6tz (Konferenz)<br>Field-Reporterin: Lisa de Ruiter<\/p>\n\n\n\n<p><strong><em>FC 08 Homburg &#8211; Holstein Kiel (18.00 Uhr)<\/em><\/strong><br><img loading=\"lazy\" decoding=\"async\" width=\"10\" height=\"21\" class=\"wp-image-3656\" style=\"width: 10px;\" src=\"http:\/\/kommentatorenblog.de\/wp-content\/uploads\/2020\/09\/shure-55sh-ii-e1601485394796.jpg\" alt=\"\" srcset=\"http:\/\/kommentatorenblog.de\/wp-content\/uploads\/2020\/09\/shure-55sh-ii-e1601485394796.jpg 415w, http:\/\/kommentatorenblog.de\/wp-content\/uploads\/2020\/09\/shure-55sh-ii-e1601485394796-142x300.jpg 142w\" sizes=\"auto, (max-width: 10px) 100vw, 10px\" \/> Jari Schaller (Einzelspiel), Marcel Meinert (Konferenz)<\/p>\n\n\n\n<p><strong><em>SSV Ulm 1846 &#8211; SV Elversberg (18.00 Uhr)<\/em><\/strong><br><img loading=\"lazy\" decoding=\"async\" width=\"10\" height=\"21\" class=\"wp-image-3656\" style=\"width: 10px;\" src=\"http:\/\/kommentatorenblog.de\/wp-content\/uploads\/2020\/09\/shure-55sh-ii-e1601485394796.jpg\" alt=\"\" srcset=\"http:\/\/kommentatorenblog.de\/wp-content\/uploads\/2020\/09\/shure-55sh-ii-e1601485394796.jpg 415w, http:\/\/kommentatorenblog.de\/wp-content\/uploads\/2020\/09\/shure-55sh-ii-e1601485394796-142x300.jpg 142w\" sizes=\"auto, (max-width: 10px) 100vw, 10px\" \/> Timo Sch\u00e4fers (Einzelspiel), Hannes Herrmann (Konferenz)<\/p>\n\n\n\n<p>Moderation: Yannick Erkenbrecher, Experte: Fabian Klos<br>Moderation (ASAT): Nele Ocik<\/p>\n\n\n\n<p><span style=\"text-decoration: underline;\">Montag, 18. August 2024, ab 17.30 Uhr (Sky)<\/span><\/p>\n\n\n\n<p><strong><em>SG Dynamo Dresden &#8211; 1. FSV Mainz 05 (18.00 Uhr)<\/em><\/strong><br><img loading=\"lazy\" decoding=\"async\" width=\"10\" height=\"21\" class=\"wp-image-3656\" style=\"width: 10px;\" src=\"http:\/\/kommentatorenblog.de\/wp-content\/uploads\/2020\/09\/shure-55sh-ii-e1601485394796.jpg\" alt=\"\" srcset=\"http:\/\/kommentatorenblog.de\/wp-content\/uploads\/2020\/09\/shure-55sh-ii-e1601485394796.jpg 415w, http:\/\/kommentatorenblog.de\/wp-content\/uploads\/2020\/09\/shure-55sh-ii-e1601485394796-142x300.jpg 142w\" sizes=\"auto, (max-width: 10px) 100vw, 10px\" \/><mark style=\"background-color:rgba(0, 0, 0, 0)\" class=\"has-inline-color has-light-green-cyan-color\"> Kai Dittmann <\/mark>(Einzelspiel), Jonas Friedrich (Konferenz)<br>Field-Reporterin: Lisa de Ruiter<\/p>\n\n\n\n<p><strong><em>SC Preu\u00dfen M\u00fcnster &#8211; Hertha BSC (18.00 Uhr)<\/em><\/strong><br><img loading=\"lazy\" decoding=\"async\" width=\"10\" height=\"21\" class=\"wp-image-3656\" style=\"width: 10px;\" src=\"http:\/\/kommentatorenblog.de\/wp-content\/uploads\/2020\/09\/shure-55sh-ii-e1601485394796.jpg\" alt=\"\" srcset=\"http:\/\/kommentatorenblog.de\/wp-content\/uploads\/2020\/09\/shure-55sh-ii-e1601485394796.jpg 415w, http:\/\/kommentatorenblog.de\/wp-content\/uploads\/2020\/09\/shure-55sh-ii-e1601485394796-142x300.jpg 142w\" sizes=\"auto, (max-width: 10px) 100vw, 10px\" \/> Marcel Meinert (Einzelspiel), Roland Evers (Konferenz)<br>Field-Reporter: Patrick Berger<\/p>\n\n\n\n<p><strong><em>1. FC Schweinfurt &#8211; Fortuna D\u00fcsseldorf (18.00 Uhr)<\/em><\/strong><br><img loading=\"lazy\" decoding=\"async\" width=\"10\" height=\"21\" class=\"wp-image-3656\" style=\"width: 10px;\" src=\"http:\/\/kommentatorenblog.de\/wp-content\/uploads\/2020\/09\/shure-55sh-ii-e1601485394796.jpg\" alt=\"\" srcset=\"http:\/\/kommentatorenblog.de\/wp-content\/uploads\/2020\/09\/shure-55sh-ii-e1601485394796.jpg 415w, http:\/\/kommentatorenblog.de\/wp-content\/uploads\/2020\/09\/shure-55sh-ii-e1601485394796-142x300.jpg 142w\" sizes=\"auto, (max-width: 10px) 100vw, 10px\" \/> Sven Schr\u00f6ter (Einzelspiel), Florian Schmidt-Sommerfeld (Konferenz)<\/p>\n\n\n\n<p><span style=\"text-decoration: underline;\">ab <s>20.15<\/s> 20.25 Uhr (ARD) bzw. ab 20.40 Uhr (Sky)<\/span><\/p>\n\n\n\n<p><strong><em>Rot-Weiss Essen &#8211; Borussia Dortmund (20.45 Uhr)<\/em><\/strong><\/p>\n\n\n\n<p><img loading=\"lazy\" decoding=\"async\" width=\"10\" height=\"21\" class=\"wp-image-3656\" style=\"width: 10px;\" src=\"http:\/\/kommentatorenblog.de\/wp-content\/uploads\/2020\/09\/shure-55sh-ii-e1601485394796.jpg\" alt=\"\" srcset=\"http:\/\/kommentatorenblog.de\/wp-content\/uploads\/2020\/09\/shure-55sh-ii-e1601485394796.jpg 415w, http:\/\/kommentatorenblog.de\/wp-content\/uploads\/2020\/09\/shure-55sh-ii-e1601485394796-142x300.jpg 142w\" sizes=\"auto, (max-width: 10px) 100vw, 10px\" \/> ARD: <mark style=\"background-color:rgba(0, 0, 0, 0)\" class=\"has-inline-color has-light-green-cyan-color\">Christina Graf<\/mark><br>Moderation (ARD): Alex Schl\u00fcter, Experte: Bastian Schweinsteiger, Field-Reporter: Claus Lufen<\/p>\n\n\n\n<p><img loading=\"lazy\" decoding=\"async\" width=\"10\" height=\"21\" class=\"wp-image-3656\" style=\"width: 10px;\" src=\"http:\/\/kommentatorenblog.de\/wp-content\/uploads\/2020\/09\/shure-55sh-ii-e1601485394796.jpg\" alt=\"\" srcset=\"http:\/\/kommentatorenblog.de\/wp-content\/uploads\/2020\/09\/shure-55sh-ii-e1601485394796.jpg 415w, http:\/\/kommentatorenblog.de\/wp-content\/uploads\/2020\/09\/shure-55sh-ii-e1601485394796-142x300.jpg 142w\" sizes=\"auto, (max-width: 10px) 100vw, 10px\" \/> Sky: <mark style=\"background-color:rgba(0, 0, 0, 0)\" class=\"has-inline-color has-light-green-cyan-color\">Wolff Fuss<\/mark><br>Field-Reporter (Sky): Patrick Wasserziehr<\/p>\n\n\n\n<p>Moderation (Sky): Michael Leopold<\/p>\n\n\n\n<hr class=\"wp-block-separator has-css-opacity\"\/>\n\n\n\n<p><strong>Franz Beckenbauer Supercup (<mark style=\"background-color:rgba(0, 0, 0, 0)\" class=\"has-inline-color has-light-green-cyan-color\">SAT.1<\/mark>\/Sky)<\/strong><\/p>\n\n\n\n<p><span style=\"text-decoration: underline;\">Samstag, 17. August 2025, ab 19.30 Uhr (<mark style=\"background-color:rgba(0, 0, 0, 0)\" class=\"has-inline-color has-light-green-cyan-color\">SAT.1<\/mark>) bzw. ab 20.00 Uhr (Sky)<\/span><\/p>\n\n\n\n<p><strong><em>VfB Stuttgart &#8211; FC Bayern M\u00fcnchen (20.30 Uhr)<\/em><\/strong><\/p>\n\n\n\n<p><img loading=\"lazy\" decoding=\"async\" width=\"10\" height=\"21\" class=\"wp-image-3656\" style=\"width: 10px;\" src=\"http:\/\/kommentatorenblog.de\/wp-content\/uploads\/2020\/09\/shure-55sh-ii-e1601485394796.jpg\" alt=\"\" srcset=\"http:\/\/kommentatorenblog.de\/wp-content\/uploads\/2020\/09\/shure-55sh-ii-e1601485394796.jpg 415w, http:\/\/kommentatorenblog.de\/wp-content\/uploads\/2020\/09\/shure-55sh-ii-e1601485394796-142x300.jpg 142w\" sizes=\"auto, (max-width: 10px) 100vw, 10px\" \/> <mark style=\"background-color:rgba(0, 0, 0, 0)\" class=\"has-inline-color has-light-green-cyan-color\">SAT.1<\/mark>: Jonas Friedrich, Experte: Markus Babbel<br>Moderation (<mark style=\"background-color:rgba(0, 0, 0, 0)\" class=\"has-inline-color has-light-green-cyan-color\">SAT.1<\/mark>): Matthias Opdenh\u00f6vel, Field-Reporterin: Andrea Kaiser, On-Air-Gast: Nina Windm\u00fcller<\/p>\n\n\n\n<p><img loading=\"lazy\" decoding=\"async\" width=\"10\" height=\"21\" class=\"wp-image-3656\" style=\"width: 10px;\" src=\"http:\/\/kommentatorenblog.de\/wp-content\/uploads\/2020\/09\/shure-55sh-ii-e1601485394796.jpg\" alt=\"\" srcset=\"http:\/\/kommentatorenblog.de\/wp-content\/uploads\/2020\/09\/shure-55sh-ii-e1601485394796.jpg 415w, http:\/\/kommentatorenblog.de\/wp-content\/uploads\/2020\/09\/shure-55sh-ii-e1601485394796-142x300.jpg 142w\" sizes=\"auto, (max-width: 10px) 100vw, 10px\" \/> Sky: Wolff Fuss<br>Moderation (Sky): Sebastian Hellmann, Field-Reporterin: Britta Hofmann<\/p>\n\n\n\n<hr class=\"wp-block-separator has-css-opacity\"\/>\n\n\n\n<p><strong>Premier League, 1. Spieltag (Sky\/<mark style=\"background-color:rgba(0, 0, 0, 0)\" class=\"has-inline-color has-vivid-purple-color\">RTL+<\/mark>)<\/strong><\/p>\n\n\n\n<p><span style=\"text-decoration: underline;\">Freitag, 15. August 2025, ab 20.45 Uhr (Sky)<\/span><\/p>\n\n\n\n<p><strong><em>FC Liverpool \u2013 AFC Bournemouth (21.00 Uhr)<\/em><\/strong><br><img loading=\"lazy\" decoding=\"async\" width=\"10\" height=\"21\" class=\"wp-image-3656\" style=\"width: 10px;\" src=\"http:\/\/kommentatorenblog.de\/wp-content\/uploads\/2020\/09\/shure-55sh-ii-e1601485394796.jpg\" alt=\"\" srcset=\"http:\/\/kommentatorenblog.de\/wp-content\/uploads\/2020\/09\/shure-55sh-ii-e1601485394796.jpg 415w, http:\/\/kommentatorenblog.de\/wp-content\/uploads\/2020\/09\/shure-55sh-ii-e1601485394796-142x300.jpg 142w\" sizes=\"auto, (max-width: 10px) 100vw, 10px\" \/> Toni Tomic<br>Field-Reporter: Sven T\u00f6llner<\/p>\n\n\n\n<p><span style=\"text-decoration: underline;\">Samstag, 16. August 2025, ab 13.20 Uhr (Sky)<\/span><\/p>\n\n\n\n<p><strong><em>Aston Villa \u2013 Newcastle United<\/em><\/strong> <strong><em>(13.30 Uhr)<\/em><\/strong><br><img loading=\"lazy\" decoding=\"async\" width=\"10\" height=\"21\" class=\"wp-image-3656\" style=\"width: 10px;\" src=\"http:\/\/kommentatorenblog.de\/wp-content\/uploads\/2020\/09\/shure-55sh-ii-e1601485394796.jpg\" alt=\"\" srcset=\"http:\/\/kommentatorenblog.de\/wp-content\/uploads\/2020\/09\/shure-55sh-ii-e1601485394796.jpg 415w, http:\/\/kommentatorenblog.de\/wp-content\/uploads\/2020\/09\/shure-55sh-ii-e1601485394796-142x300.jpg 142w\" sizes=\"auto, (max-width: 10px) 100vw, 10px\" \/> Markus Gaupp<\/p>\n\n\n\n<p><span style=\"text-decoration: underline;\">ab 15.50 Uhr (Sky)<\/span><\/p>\n\n\n\n<p><strong><em>Goal Rush-Konferenz<\/em><\/strong> <strong><em>(Fokus auf Tottenham-Burnley) (16.00 Uhr)<\/em><\/strong><br><img loading=\"lazy\" decoding=\"async\" width=\"10\" height=\"21\" class=\"wp-image-3656\" style=\"width: 10px;\" src=\"http:\/\/kommentatorenblog.de\/wp-content\/uploads\/2020\/09\/shure-55sh-ii-e1601485394796.jpg\" alt=\"\" srcset=\"http:\/\/kommentatorenblog.de\/wp-content\/uploads\/2020\/09\/shure-55sh-ii-e1601485394796.jpg 415w, http:\/\/kommentatorenblog.de\/wp-content\/uploads\/2020\/09\/shure-55sh-ii-e1601485394796-142x300.jpg 142w\" sizes=\"auto, (max-width: 10px) 100vw, 10px\" \/> Uli Hebel<\/p>\n\n\n\n<p><span style=\"text-decoration: underline;\">ab 18.20 Uhr (Sky\/<mark style=\"background-color:rgba(0, 0, 0, 0)\" class=\"has-inline-color has-vivid-purple-color\">RTL+<\/mark>)<\/span><\/p>\n\n\n\n<p><strong><em>Wolverhampton Wanderers \u2013 Manchester City<\/em><\/strong><strong><em> (18.30 Uhr)<\/em><\/strong><br><img loading=\"lazy\" decoding=\"async\" width=\"10\" height=\"21\" class=\"wp-image-3656\" style=\"width: 10px;\" src=\"http:\/\/kommentatorenblog.de\/wp-content\/uploads\/2020\/09\/shure-55sh-ii-e1601485394796.jpg\" alt=\"\" srcset=\"http:\/\/kommentatorenblog.de\/wp-content\/uploads\/2020\/09\/shure-55sh-ii-e1601485394796.jpg 415w, http:\/\/kommentatorenblog.de\/wp-content\/uploads\/2020\/09\/shure-55sh-ii-e1601485394796-142x300.jpg 142w\" sizes=\"auto, (max-width: 10px) 100vw, 10px\" \/> Joachim Hebel<\/p>\n\n\n\n<p><span style=\"text-decoration: underline;\">Sonntag, 17. August 2025, ab 14.50 Uhr (Sky)<\/span><\/p>\n\n\n\n<p><strong><em>FC Chelsea \u2013 Crystal Palace (15.00 Uhr)<\/em><\/strong><br><img loading=\"lazy\" decoding=\"async\" width=\"10\" height=\"21\" class=\"wp-image-3656\" style=\"width: 10px;\" src=\"http:\/\/kommentatorenblog.de\/wp-content\/uploads\/2020\/09\/shure-55sh-ii-e1601485394796.jpg\" alt=\"\" srcset=\"http:\/\/kommentatorenblog.de\/wp-content\/uploads\/2020\/09\/shure-55sh-ii-e1601485394796.jpg 415w, http:\/\/kommentatorenblog.de\/wp-content\/uploads\/2020\/09\/shure-55sh-ii-e1601485394796-142x300.jpg 142w\" sizes=\"auto, (max-width: 10px) 100vw, 10px\" \/> Toni Tomic<\/p>\n\n\n\n<p><strong><em>Nottingham Forest \u2013 FC Brentford (15.00 Uhr)<\/em><\/strong><br><img loading=\"lazy\" decoding=\"async\" width=\"10\" height=\"21\" class=\"wp-image-3656\" style=\"width: 10px;\" src=\"http:\/\/kommentatorenblog.de\/wp-content\/uploads\/2020\/09\/shure-55sh-ii-e1601485394796.jpg\" alt=\"\" srcset=\"http:\/\/kommentatorenblog.de\/wp-content\/uploads\/2020\/09\/shure-55sh-ii-e1601485394796.jpg 415w, http:\/\/kommentatorenblog.de\/wp-content\/uploads\/2020\/09\/shure-55sh-ii-e1601485394796-142x300.jpg 142w\" sizes=\"auto, (max-width: 10px) 100vw, 10px\" \/> Uli Hebel<\/p>\n\n\n\n<p><span style=\"text-decoration: underline;\">ab 17.00 Uhr (Sky)<\/span><\/p>\n\n\n\n<p><strong><em>Manchester United \u2013 FC Arsenal (17.30 Uhr)<\/em><\/strong><br><img loading=\"lazy\" decoding=\"async\" width=\"10\" height=\"21\" class=\"wp-image-3656\" style=\"width: 10px;\" src=\"http:\/\/kommentatorenblog.de\/wp-content\/uploads\/2020\/09\/shure-55sh-ii-e1601485394796.jpg\" alt=\"\" srcset=\"http:\/\/kommentatorenblog.de\/wp-content\/uploads\/2020\/09\/shure-55sh-ii-e1601485394796.jpg 415w, http:\/\/kommentatorenblog.de\/wp-content\/uploads\/2020\/09\/shure-55sh-ii-e1601485394796-142x300.jpg 142w\" sizes=\"auto, (max-width: 10px) 100vw, 10px\" \/> Florian Schmidt-Sommerfeld, Experte: Ren\u00e9 Adler<br>Field-Reporter: Raphael Honigstein<\/p>\n\n\n\n<p><span style=\"text-decoration: underline;\">Montag, 18. August 2025, ab 20.50 Uhr (Sky)<\/span><\/p>\n\n\n\n<p><strong><em>Leed United \u2013 FC Everton (21.00 Uhr)<\/em><\/strong><br><img loading=\"lazy\" decoding=\"async\" width=\"10\" height=\"21\" class=\"wp-image-3656\" style=\"width: 10px;\" src=\"http:\/\/kommentatorenblog.de\/wp-content\/uploads\/2020\/09\/shure-55sh-ii-e1601485394796.jpg\" alt=\"\" srcset=\"http:\/\/kommentatorenblog.de\/wp-content\/uploads\/2020\/09\/shure-55sh-ii-e1601485394796.jpg 415w, http:\/\/kommentatorenblog.de\/wp-content\/uploads\/2020\/09\/shure-55sh-ii-e1601485394796-142x300.jpg 142w\" sizes=\"auto, (max-width: 10px) 100vw, 10px\" \/> Joachim Hebel<\/p>\n\n\n\n<hr class=\"wp-block-separator has-css-opacity\"\/>\n\n\n\n<p><strong>LaLiga, 1. Spieltag (DAZN)<\/strong><\/p>\n\n\n\n<p><span style=\"text-decoration: underline;\">Samstag, 16. August 2025<\/span><\/p>\n\n\n\n<p><strong><em>RCD Mallorca &#8211; FC Barcelona (19.30 Uhr)<\/em><\/strong><br><img loading=\"lazy\" decoding=\"async\" width=\"10\" height=\"21\" class=\"wp-image-3656\" style=\"width: 10px;\" src=\"http:\/\/kommentatorenblog.de\/wp-content\/uploads\/2020\/09\/shure-55sh-ii-e1601485394796.jpg\" alt=\"\" srcset=\"http:\/\/kommentatorenblog.de\/wp-content\/uploads\/2020\/09\/shure-55sh-ii-e1601485394796.jpg 415w, http:\/\/kommentatorenblog.de\/wp-content\/uploads\/2020\/09\/shure-55sh-ii-e1601485394796-142x300.jpg 142w\" sizes=\"auto, (max-width: 10px) 100vw, 10px\" \/> Flo Hauser, Experte: Max Nicu<\/p>\n\n\n\n<p><strong><em>FC Valencia &#8211; Real Sociedad (21.30 Uhr)<\/em><\/strong><br><img loading=\"lazy\" decoding=\"async\" width=\"10\" height=\"21\" class=\"wp-image-3656\" style=\"width: 10px;\" src=\"http:\/\/kommentatorenblog.de\/wp-content\/uploads\/2020\/09\/shure-55sh-ii-e1601485394796.jpg\" alt=\"\" srcset=\"http:\/\/kommentatorenblog.de\/wp-content\/uploads\/2020\/09\/shure-55sh-ii-e1601485394796.jpg 415w, http:\/\/kommentatorenblog.de\/wp-content\/uploads\/2020\/09\/shure-55sh-ii-e1601485394796-142x300.jpg 142w\" sizes=\"auto, (max-width: 10px) 100vw, 10px\" \/> Uwe Morawe<\/p>\n\n\n\n<p><span style=\"text-decoration: underline;\">Sonntag, 17. August 2025<\/span><\/p>\n\n\n\n<p><strong><em>Athletic Club Bilbao &#8211; FC Sevilla (19.30 Uhr)<\/em><\/strong><br><img loading=\"lazy\" decoding=\"async\" width=\"10\" height=\"21\" class=\"wp-image-3656\" style=\"width: 10px;\" src=\"http:\/\/kommentatorenblog.de\/wp-content\/uploads\/2020\/09\/shure-55sh-ii-e1601485394796.jpg\" alt=\"\" srcset=\"http:\/\/kommentatorenblog.de\/wp-content\/uploads\/2020\/09\/shure-55sh-ii-e1601485394796.jpg 415w, http:\/\/kommentatorenblog.de\/wp-content\/uploads\/2020\/09\/shure-55sh-ii-e1601485394796-142x300.jpg 142w\" sizes=\"auto, (max-width: 10px) 100vw, 10px\" \/> Max Siebald<\/p>\n\n\n\n<p><strong><em>Espanyol Barcelona &#8211; Atl\u00e9tico Madrid (21.30 Uhr)<\/em><\/strong><br><img loading=\"lazy\" decoding=\"async\" width=\"10\" height=\"21\" class=\"wp-image-3656\" style=\"width: 10px;\" src=\"http:\/\/kommentatorenblog.de\/wp-content\/uploads\/2020\/09\/shure-55sh-ii-e1601485394796.jpg\" alt=\"\" srcset=\"http:\/\/kommentatorenblog.de\/wp-content\/uploads\/2020\/09\/shure-55sh-ii-e1601485394796.jpg 415w, http:\/\/kommentatorenblog.de\/wp-content\/uploads\/2020\/09\/shure-55sh-ii-e1601485394796-142x300.jpg 142w\" sizes=\"auto, (max-width: 10px) 100vw, 10px\" \/> Marcel Seufert<\/p>\n\n\n\n<p><span style=\"text-decoration: underline;\">Dienstag, 18. August 2025, ab 20.45 Uhr<\/span><\/p>\n\n\n\n<p><strong><em>Real Madrid &#8211; CA Osasuna (21.00 Uhr)<\/em><\/strong><br><img loading=\"lazy\" decoding=\"async\" width=\"10\" height=\"21\" class=\"wp-image-3656\" style=\"width: 10px;\" src=\"http:\/\/kommentatorenblog.de\/wp-content\/uploads\/2020\/09\/shure-55sh-ii-e1601485394796.jpg\" alt=\"\" srcset=\"http:\/\/kommentatorenblog.de\/wp-content\/uploads\/2020\/09\/shure-55sh-ii-e1601485394796.jpg 415w, http:\/\/kommentatorenblog.de\/wp-content\/uploads\/2020\/09\/shure-55sh-ii-e1601485394796-142x300.jpg 142w\" sizes=\"auto, (max-width: 10px) 100vw, 10px\" \/> David Ploch, Experte: Michi Hofmann<br>Moderation: Andres Veredas<\/p>\n\n\n\n<hr class=\"wp-block-separator has-css-opacity\"\/>\n\n\n\n<p><strong>Coppa Italia, 1. Runde (DAZN)<\/strong><\/p>\n\n\n\n<p><span style=\"text-decoration: underline;\">Samstag, 16. August 2025<\/span><\/p>\n\n\n\n<p><strong><em>Como &#8211; FC S\u00fcdtirol (18.30 Uhr)<\/em><\/strong><br><img loading=\"lazy\" decoding=\"async\" width=\"10\" height=\"21\" class=\"wp-image-3656\" style=\"width: 10px;\" src=\"http:\/\/kommentatorenblog.de\/wp-content\/uploads\/2020\/09\/shure-55sh-ii-e1601485394796.jpg\" alt=\"\" srcset=\"http:\/\/kommentatorenblog.de\/wp-content\/uploads\/2020\/09\/shure-55sh-ii-e1601485394796.jpg 415w, http:\/\/kommentatorenblog.de\/wp-content\/uploads\/2020\/09\/shure-55sh-ii-e1601485394796-142x300.jpg 142w\" sizes=\"auto, (max-width: 10px) 100vw, 10px\" \/> Jan-Lucas Krenzer<\/p>\n\n\n\n<p><span style=\"text-decoration: underline;\">Sonntag, 17. August 2025<\/span><\/p>\n\n\n\n<p><strong><em>AC Mailand &#8211; SSC Bari (21.15 Uhr)<\/em><\/strong><br><img loading=\"lazy\" decoding=\"async\" width=\"10\" height=\"21\" class=\"wp-image-3656\" style=\"width: 10px;\" src=\"http:\/\/kommentatorenblog.de\/wp-content\/uploads\/2020\/09\/shure-55sh-ii-e1601485394796.jpg\" alt=\"\" srcset=\"http:\/\/kommentatorenblog.de\/wp-content\/uploads\/2020\/09\/shure-55sh-ii-e1601485394796.jpg 415w, http:\/\/kommentatorenblog.de\/wp-content\/uploads\/2020\/09\/shure-55sh-ii-e1601485394796-142x300.jpg 142w\" sizes=\"auto, (max-width: 10px) 100vw, 10px\" \/> Mario Rieker<\/p>\n\n\n\n<hr class=\"wp-block-separator has-css-opacity\"\/>\n\n\n\n<p><strong>Ligue 1, 1. Spieltag (DAZN)<\/strong><\/p>\n\n\n\n<p><span style=\"text-decoration: underline;\">Samstag, 16. August 2025<\/span><\/p>\n\n\n\n<p><strong><em>RC Lens &#8211; Olympique Lyon (17.00 Uhr)<\/em><\/strong><br><img loading=\"lazy\" decoding=\"async\" width=\"10\" height=\"21\" class=\"wp-image-3656\" style=\"width: 10px;\" src=\"http:\/\/kommentatorenblog.de\/wp-content\/uploads\/2020\/09\/shure-55sh-ii-e1601485394796.jpg\" alt=\"\" srcset=\"http:\/\/kommentatorenblog.de\/wp-content\/uploads\/2020\/09\/shure-55sh-ii-e1601485394796.jpg 415w, http:\/\/kommentatorenblog.de\/wp-content\/uploads\/2020\/09\/shure-55sh-ii-e1601485394796-142x300.jpg 142w\" sizes=\"auto, (max-width: 10px) 100vw, 10px\" \/> Matthias Naebers<\/p>\n\n\n\n<p><span style=\"text-decoration: underline;\">Sonntag, 17. August 2025<\/span><\/p>\n\n\n\n<p><strong><em>FC Nantes &#8211; Paris Saint-Germain (20.45 Uhr)<\/em><\/strong><br><img loading=\"lazy\" decoding=\"async\" width=\"10\" height=\"21\" class=\"wp-image-3656\" style=\"width: 10px;\" src=\"http:\/\/kommentatorenblog.de\/wp-content\/uploads\/2020\/09\/shure-55sh-ii-e1601485394796.jpg\" alt=\"\" srcset=\"http:\/\/kommentatorenblog.de\/wp-content\/uploads\/2020\/09\/shure-55sh-ii-e1601485394796.jpg 415w, http:\/\/kommentatorenblog.de\/wp-content\/uploads\/2020\/09\/shure-55sh-ii-e1601485394796-142x300.jpg 142w\" sizes=\"auto, (max-width: 10px) 100vw, 10px\" \/> Stefan Galler<\/p>\n\n\n\n<hr class=\"wp-block-separator has-css-opacity\"\/>\n\n\n\n<p><strong>Primeira Liga, 2. Spieltag (<mark style=\"background-color:rgba(0, 0, 0, 0)\" class=\"has-inline-color has-pale-cyan-blue-color\">Sportdigital<\/mark>)<\/strong><\/p>\n\n\n\n<p><span style=\"text-decoration: underline;\">Samstag, 16. August 2025<\/span><\/p>\n\n\n\n<p><strong><em>Estrela Amadora &#8211; Benfica Lissabon<\/em><\/strong> <strong><em>(21.30 Uhr)<\/em><\/strong><br><img loading=\"lazy\" decoding=\"async\" width=\"10\" height=\"21\" class=\"wp-image-3656\" style=\"width: 10px;\" src=\"http:\/\/kommentatorenblog.de\/wp-content\/uploads\/2020\/09\/shure-55sh-ii-e1601485394796.jpg\" alt=\"\" srcset=\"http:\/\/kommentatorenblog.de\/wp-content\/uploads\/2020\/09\/shure-55sh-ii-e1601485394796.jpg 415w, http:\/\/kommentatorenblog.de\/wp-content\/uploads\/2020\/09\/shure-55sh-ii-e1601485394796-142x300.jpg 142w\" sizes=\"auto, (max-width: 10px) 100vw, 10px\" \/> Karsten Linke<\/p>\n\n\n\n<p><span style=\"text-decoration: underline;\">Sonntag, 17. August 2025<\/span><\/p>\n\n\n\n<p><strong><em>FC Alverca &#8211; Sporting Braga (19.00 Uhr)<\/em><\/strong><br><img loading=\"lazy\" decoding=\"async\" width=\"10\" height=\"21\" class=\"wp-image-3656\" style=\"width: 10px;\" src=\"http:\/\/kommentatorenblog.de\/wp-content\/uploads\/2020\/09\/shure-55sh-ii-e1601485394796.jpg\" alt=\"\" srcset=\"http:\/\/kommentatorenblog.de\/wp-content\/uploads\/2020\/09\/shure-55sh-ii-e1601485394796.jpg 415w, http:\/\/kommentatorenblog.de\/wp-content\/uploads\/2020\/09\/shure-55sh-ii-e1601485394796-142x300.jpg 142w\" sizes=\"auto, (max-width: 10px) 100vw, 10px\" \/> Marcus Radefeld<\/p>\n\n\n\n<p><strong><em>Sporting Lissabon &#8211; FC Arouca (21.30 Uhr)<\/em><\/strong><br><img loading=\"lazy\" decoding=\"async\" width=\"10\" height=\"21\" class=\"wp-image-3656\" style=\"width: 10px;\" src=\"http:\/\/kommentatorenblog.de\/wp-content\/uploads\/2020\/09\/shure-55sh-ii-e1601485394796.jpg\" alt=\"\" srcset=\"http:\/\/kommentatorenblog.de\/wp-content\/uploads\/2020\/09\/shure-55sh-ii-e1601485394796.jpg 415w, http:\/\/kommentatorenblog.de\/wp-content\/uploads\/2020\/09\/shure-55sh-ii-e1601485394796-142x300.jpg 142w\" sizes=\"auto, (max-width: 10px) 100vw, 10px\" \/> Tim Hemmrich<\/p>\n\n\n\n<p><span style=\"text-decoration: underline;\">Montag, 18. August 2025<\/span><\/p>\n\n\n\n<p><strong><em>FC Gil Vicente &#8211; FC Porto (21.15 Uhr)<\/em><\/strong><br><img loading=\"lazy\" decoding=\"async\" width=\"10\" height=\"21\" class=\"wp-image-3656\" style=\"width: 10px;\" src=\"http:\/\/kommentatorenblog.de\/wp-content\/uploads\/2020\/09\/shure-55sh-ii-e1601485394796.jpg\" alt=\"\" srcset=\"http:\/\/kommentatorenblog.de\/wp-content\/uploads\/2020\/09\/shure-55sh-ii-e1601485394796.jpg 415w, http:\/\/kommentatorenblog.de\/wp-content\/uploads\/2020\/09\/shure-55sh-ii-e1601485394796-142x300.jpg 142w\" sizes=\"auto, (max-width: 10px) 100vw, 10px\" \/> <s>Moritz Knorr<\/s> Karsten Linke<\/p>\n\n\n\n<hr class=\"wp-block-separator has-css-opacity\"\/>\n\n\n\n<p><strong>Eredivisie, 2. Spieltag (<mark style=\"background-color:rgba(0, 0, 0, 0)\" class=\"has-inline-color has-pale-cyan-blue-color\">Sportdigital<\/mark>)<\/strong><\/p>\n\n\n\n<p><span style=\"text-decoration: underline;\">Samstag, 16. August 2025<\/span><\/p>\n\n\n\n<p><strong><em>Excelsior Rotterdam &#8211; Feyenoord Rotterdam (18.45 Uhr)<\/em><\/strong><br><img loading=\"lazy\" decoding=\"async\" width=\"10\" height=\"21\" class=\"wp-image-3656\" style=\"width: 10px;\" src=\"http:\/\/kommentatorenblog.de\/wp-content\/uploads\/2020\/09\/shure-55sh-ii-e1601485394796.jpg\" alt=\"\" srcset=\"http:\/\/kommentatorenblog.de\/wp-content\/uploads\/2020\/09\/shure-55sh-ii-e1601485394796.jpg 415w, http:\/\/kommentatorenblog.de\/wp-content\/uploads\/2020\/09\/shure-55sh-ii-e1601485394796-142x300.jpg 142w\" sizes=\"auto, (max-width: 10px) 100vw, 10px\" \/> Christian Blunck<\/p>\n\n\n\n<p><span style=\"text-decoration: underline;\">Sonntag, 17. August 2025<\/span><\/p>\n\n\n\n<p><strong><em>Go Ahead Eagles &#8211; Ajax Amsterdam<\/em><\/strong> <strong><em>(12.15 Uhr)<\/em><\/strong><br><img loading=\"lazy\" decoding=\"async\" width=\"10\" height=\"21\" class=\"wp-image-3656\" style=\"width: 10px;\" src=\"http:\/\/kommentatorenblog.de\/wp-content\/uploads\/2020\/09\/shure-55sh-ii-e1601485394796.jpg\" alt=\"\" srcset=\"http:\/\/kommentatorenblog.de\/wp-content\/uploads\/2020\/09\/shure-55sh-ii-e1601485394796.jpg 415w, http:\/\/kommentatorenblog.de\/wp-content\/uploads\/2020\/09\/shure-55sh-ii-e1601485394796-142x300.jpg 142w\" sizes=\"auto, (max-width: 10px) 100vw, 10px\" \/> Karsten Linke<\/p>\n\n\n\n<p><strong><em>FC Twente Enschede &#8211; PSV Eindhoven<\/em><\/strong> <strong><em>(14.30 Uhr)<\/em><\/strong><br><img loading=\"lazy\" decoding=\"async\" width=\"10\" height=\"21\" class=\"wp-image-3656\" style=\"width: 10px;\" src=\"http:\/\/kommentatorenblog.de\/wp-content\/uploads\/2020\/09\/shure-55sh-ii-e1601485394796.jpg\" alt=\"\" srcset=\"http:\/\/kommentatorenblog.de\/wp-content\/uploads\/2020\/09\/shure-55sh-ii-e1601485394796.jpg 415w, http:\/\/kommentatorenblog.de\/wp-content\/uploads\/2020\/09\/shure-55sh-ii-e1601485394796-142x300.jpg 142w\" sizes=\"auto, (max-width: 10px) 100vw, 10px\" \/> Jakob Vogel<\/p>\n\n\n\n<p><strong><em>FC Volendam &#8211; AZ Alkmaar (16.45 Uhr)<br><\/em><\/strong><img loading=\"lazy\" decoding=\"async\" width=\"10\" height=\"21\" class=\"wp-image-3656\" style=\"width: 10px;\" src=\"http:\/\/kommentatorenblog.de\/wp-content\/uploads\/2020\/09\/shure-55sh-ii-e1601485394796.jpg\" alt=\"\" srcset=\"http:\/\/kommentatorenblog.de\/wp-content\/uploads\/2020\/09\/shure-55sh-ii-e1601485394796.jpg 415w, http:\/\/kommentatorenblog.de\/wp-content\/uploads\/2020\/09\/shure-55sh-ii-e1601485394796-142x300.jpg 142w\" sizes=\"auto, (max-width: 10px) 100vw, 10px\" \/> Christian Blunck<\/p>\n\n\n\n<hr class=\"wp-block-separator has-css-opacity\"\/>\n\n\n\n<p><strong><strong>Scottish League Cup<\/strong>, Achtelfinale (<mark style=\"background-color:rgba(0, 0, 0, 0)\" class=\"has-inline-color has-pale-cyan-blue-color\">Sportdigital<\/mark>)<\/strong><\/p>\n\n\n\n<p><span style=\"text-decoration: underline;\">Freitag, 15. August 2025<\/span><\/p>\n\n\n\n<p><strong><em>Celtic Glasgow &#8211; Falkirk FC (20.45 Uhr)<\/em><\/strong><br><img loading=\"lazy\" decoding=\"async\" width=\"10\" height=\"21\" class=\"wp-image-3656\" style=\"width: 10px;\" src=\"http:\/\/kommentatorenblog.de\/wp-content\/uploads\/2020\/09\/shure-55sh-ii-e1601485394796.jpg\" alt=\"\" srcset=\"http:\/\/kommentatorenblog.de\/wp-content\/uploads\/2020\/09\/shure-55sh-ii-e1601485394796.jpg 415w, http:\/\/kommentatorenblog.de\/wp-content\/uploads\/2020\/09\/shure-55sh-ii-e1601485394796-142x300.jpg 142w\" sizes=\"auto, (max-width: 10px) 100vw, 10px\" \/> Jonathan Dreier<\/p>\n\n\n\n<hr class=\"wp-block-separator has-css-opacity\"\/>\n\n\n\n<p><strong>J. League, 26. Spieltag (<mark style=\"background-color:rgba(0, 0, 0, 0)\" class=\"has-inline-color has-pale-cyan-blue-color\">Sportdigital<\/mark>)<\/strong><\/p>\n\n\n\n<p><span style=\"text-decoration: underline;\">Samstag, 16. August 2025<\/span><\/p>\n\n\n\n<p><em><strong>Sanfrecce Hiroshima &#8211; Gamba Osaka (12.03 Uhr)<\/strong><\/em><br><img loading=\"lazy\" decoding=\"async\" width=\"10\" height=\"21\" class=\"wp-image-3656\" style=\"width: 10px;\" src=\"http:\/\/kommentatorenblog.de\/wp-content\/uploads\/2020\/09\/shure-55sh-ii-e1601485394796.jpg\" alt=\"\" srcset=\"http:\/\/kommentatorenblog.de\/wp-content\/uploads\/2020\/09\/shure-55sh-ii-e1601485394796.jpg 415w, http:\/\/kommentatorenblog.de\/wp-content\/uploads\/2020\/09\/shure-55sh-ii-e1601485394796-142x300.jpg 142w\" sizes=\"auto, (max-width: 10px) 100vw, 10px\" \/> Martin Hahn<\/p>\n\n\n\n<hr class=\"wp-block-separator has-css-opacity\"\/>\n\n\n\n<p><strong><strong>Campeonato Brasileiro<\/strong>, 20. Spieltag (<mark style=\"background-color:rgba(0, 0, 0, 0)\" class=\"has-inline-color has-pale-cyan-blue-color\">Sportdigital<\/mark>)<\/strong><\/p>\n\n\n\n<p><span style=\"text-decoration: underline;\">Sonntag, 17. August 2025<\/span><\/p>\n\n\n\n<p><strong><em>Internacional &#8211; Flamengo (23.30 Uhr)<\/em><\/strong><br><img loading=\"lazy\" decoding=\"async\" width=\"10\" height=\"21\" class=\"wp-image-3656\" style=\"width: 10px;\" src=\"http:\/\/kommentatorenblog.de\/wp-content\/uploads\/2020\/09\/shure-55sh-ii-e1601485394796.jpg\" alt=\"\" srcset=\"http:\/\/kommentatorenblog.de\/wp-content\/uploads\/2020\/09\/shure-55sh-ii-e1601485394796.jpg 415w, http:\/\/kommentatorenblog.de\/wp-content\/uploads\/2020\/09\/shure-55sh-ii-e1601485394796-142x300.jpg 142w\" sizes=\"auto, (max-width: 10px) 100vw, 10px\" \/> Ulf Kahmke<\/p>\n\n\n\n<hr class=\"wp-block-separator has-alpha-channel-opacity\"\/>\n\n\n\n<p><strong>\u00d6sterreichische Fu\u00dfball-Bundesliga, 3. Runde (Sky)<\/strong><\/p>\n\n\n\n<p><span style=\"text-decoration: underline;\">Samstag, 16. August 2025, ab 16.30 Uhr<\/span><\/p>\n\n\n\n<p><strong><em>TSV Hartberg &#8211; FC Salzburg (17.00 Uhr)<\/em><\/strong><br><img loading=\"lazy\" decoding=\"async\" width=\"10\" height=\"21\" class=\"wp-image-3656\" style=\"width: 10px;\" src=\"http:\/\/kommentatorenblog.de\/wp-content\/uploads\/2020\/09\/shure-55sh-ii-e1601485394796.jpg\" alt=\"\" srcset=\"http:\/\/kommentatorenblog.de\/wp-content\/uploads\/2020\/09\/shure-55sh-ii-e1601485394796.jpg 415w, http:\/\/kommentatorenblog.de\/wp-content\/uploads\/2020\/09\/shure-55sh-ii-e1601485394796-142x300.jpg 142w\" sizes=\"auto, (max-width: 10px) 100vw, 10px\" \/> Andi Brandt (Einzelspiel), Guido Friedrich (Konferenz)<br>Field-Reporterin: Constanze Weiss<\/p>\n\n\n\n<p><strong><em>Grazer AK 1902 &#8211; WSG Tirol (17.00 Uhr)<\/em><\/strong><br><img loading=\"lazy\" decoding=\"async\" width=\"10\" height=\"21\" class=\"wp-image-3656\" style=\"width: 10px;\" src=\"http:\/\/kommentatorenblog.de\/wp-content\/uploads\/2020\/09\/shure-55sh-ii-e1601485394796.jpg\" alt=\"\" srcset=\"http:\/\/kommentatorenblog.de\/wp-content\/uploads\/2020\/09\/shure-55sh-ii-e1601485394796.jpg 415w, http:\/\/kommentatorenblog.de\/wp-content\/uploads\/2020\/09\/shure-55sh-ii-e1601485394796-142x300.jpg 142w\" sizes=\"auto, (max-width: 10px) 100vw, 10px\" \/> Luca Kielhauser (Einzelspiel), Tom Ole Mink (Konferenz)<br>Field-Reporterin: Kimberly Budinsky<\/p>\n\n\n\n<p><span style=\"text-decoration: underline;\">ab 19.00 Uhr<\/span><\/p>\n\n\n\n<p><strong><em>SV Ried &#8211; SK Sturm Graz (19.30 Uhr)<\/em><\/strong><br><img loading=\"lazy\" decoding=\"async\" width=\"10\" height=\"21\" class=\"wp-image-3656\" style=\"width: 10px;\" src=\"http:\/\/kommentatorenblog.de\/wp-content\/uploads\/2020\/09\/shure-55sh-ii-e1601485394796.jpg\" alt=\"\" srcset=\"http:\/\/kommentatorenblog.de\/wp-content\/uploads\/2020\/09\/shure-55sh-ii-e1601485394796.jpg 415w, http:\/\/kommentatorenblog.de\/wp-content\/uploads\/2020\/09\/shure-55sh-ii-e1601485394796-142x300.jpg 142w\" sizes=\"auto, (max-width: 10px) 100vw, 10px\" \/> Philipp Paternina<br>Field-Reporterin: Lisa Perstaller<\/p>\n\n\n\n<p>Moderation: Marko Stankovic, Experte: Andreas Herzog<\/p>\n\n\n\n<p><span style=\"text-decoration: underline;\">Sonntag, 17. August 2025, ab 16.30 Uhr<\/span><\/p>\n\n\n\n<p><strong><em>LASK &#8211; FK Austria Wien (17.00 Uhr)<\/em><\/strong><br><img loading=\"lazy\" decoding=\"async\" width=\"10\" height=\"21\" class=\"wp-image-3656\" style=\"width: 10px;\" src=\"http:\/\/kommentatorenblog.de\/wp-content\/uploads\/2020\/09\/shure-55sh-ii-e1601485394796.jpg\" alt=\"\" srcset=\"http:\/\/kommentatorenblog.de\/wp-content\/uploads\/2020\/09\/shure-55sh-ii-e1601485394796.jpg 415w, http:\/\/kommentatorenblog.de\/wp-content\/uploads\/2020\/09\/shure-55sh-ii-e1601485394796-142x300.jpg 142w\" sizes=\"auto, (max-width: 10px) 100vw, 10px\" \/> Otto Rosenauer (Einzelspiel), David Eder (Konferenz)<br>Field-Reporter: Johannes Brandl<\/p>\n\n\n\n<p><strong><em>SK Rapid Wien &#8211; SCR Altach (17.00 Uhr)<\/em><\/strong><br><img loading=\"lazy\" decoding=\"async\" width=\"10\" height=\"21\" class=\"wp-image-3656\" style=\"width: 10px;\" src=\"http:\/\/kommentatorenblog.de\/wp-content\/uploads\/2020\/09\/shure-55sh-ii-e1601485394796.jpg\" alt=\"\" srcset=\"http:\/\/kommentatorenblog.de\/wp-content\/uploads\/2020\/09\/shure-55sh-ii-e1601485394796.jpg 415w, http:\/\/kommentatorenblog.de\/wp-content\/uploads\/2020\/09\/shure-55sh-ii-e1601485394796-142x300.jpg 142w\" sizes=\"auto, (max-width: 10px) 100vw, 10px\" \/> Gerhard Krabath (Einzelspiel), Gerfried Pr\u00f6ll (Konferenz)<br>Field-Reporter: Michael Ganh\u00f6r<\/p>\n\n\n\n<p><strong><em>Wolfsberger AC &#8211; FC Blau-Wei\u00df Linz (17.00 Uhr)<\/em><\/strong><br><img loading=\"lazy\" decoding=\"async\" width=\"10\" height=\"21\" class=\"wp-image-3656\" style=\"width: 10px;\" src=\"http:\/\/kommentatorenblog.de\/wp-content\/uploads\/2020\/09\/shure-55sh-ii-e1601485394796.jpg\" alt=\"\" srcset=\"http:\/\/kommentatorenblog.de\/wp-content\/uploads\/2020\/09\/shure-55sh-ii-e1601485394796.jpg 415w, http:\/\/kommentatorenblog.de\/wp-content\/uploads\/2020\/09\/shure-55sh-ii-e1601485394796-142x300.jpg 142w\" sizes=\"auto, (max-width: 10px) 100vw, 10px\" \/> Martin Konrad (Einzelspiel), Benjamin Vollmann (Konferenz)<br>Field-Reporterin: Kimberly Budinsky<\/p>\n\n\n\n<p>Moderation: Constanze Weiss, Experten: Hans Krankl (Stadion) und Thomas Silberberger (Studio)<\/p>\n\n\n\n<hr class=\"wp-block-separator has-alpha-channel-opacity\"\/>\n\n\n\n<p><strong>Regionalliga Bayern, 4. Spieltag (<mark style=\"background-color:rgba(0, 0, 0, 0)\" class=\"has-inline-color has-pale-cyan-blue-color\">BR24Sport<\/mark>)<\/strong><\/p>\n\n\n\n<p><span style=\"text-decoration: underline;\">Freitag, 15. August 2025<\/span><\/p>\n\n\n\n<p><strong><em>SpVgg Unterhaching &#8211; FC Bayern M\u00fcnchen II (19.00 Uhr)<\/em><\/strong><br><img loading=\"lazy\" decoding=\"async\" width=\"10\" height=\"21\" class=\"wp-image-3656\" style=\"width: 10px;\" src=\"http:\/\/kommentatorenblog.de\/wp-content\/uploads\/2020\/09\/shure-55sh-ii-e1601485394796.jpg\" alt=\"\" srcset=\"http:\/\/kommentatorenblog.de\/wp-content\/uploads\/2020\/09\/shure-55sh-ii-e1601485394796.jpg 415w, http:\/\/kommentatorenblog.de\/wp-content\/uploads\/2020\/09\/shure-55sh-ii-e1601485394796-142x300.jpg 142w\" sizes=\"auto, (max-width: 10px) 100vw, 10px\" \/> Florian Eckl<\/p>\n\n\n\n<hr class=\"wp-block-separator has-alpha-channel-opacity\"\/>\n\n\n\n<p><strong>Testspiel (Frauen) (<mark style=\"background-color:rgba(0, 0, 0, 0)\" class=\"has-inline-color has-vivid-red-color\">rbb<\/mark>)<\/strong><\/p>\n\n\n\n<p><span style=\"text-decoration: underline;\">Sonntag, 17. August 2025, ab 15.15 Uhr<\/span><\/p>\n\n\n\n<p><strong><em>1. FC Union Berlin &#8211; Real Madrid (15.30 Uhr)<\/em><\/strong><br><img loading=\"lazy\" decoding=\"async\" width=\"10\" height=\"21\" class=\"wp-image-3656\" style=\"width: 10px;\" src=\"http:\/\/kommentatorenblog.de\/wp-content\/uploads\/2020\/09\/shure-55sh-ii-e1601485394796.jpg\" alt=\"\" srcset=\"http:\/\/kommentatorenblog.de\/wp-content\/uploads\/2020\/09\/shure-55sh-ii-e1601485394796.jpg 415w, http:\/\/kommentatorenblog.de\/wp-content\/uploads\/2020\/09\/shure-55sh-ii-e1601485394796-142x300.jpg 142w\" sizes=\"auto, (max-width: 10px) 100vw, 10px\" \/> Jan Ole Behrens<br>Moderation: Caroline Labes<\/p>\n\n\n\n<hr class=\"wp-block-separator has-alpha-channel-opacity\"\/>\n\n\n\n<p><strong>DFB-Pokal Frauen, Playoff (sky)<\/strong><\/p>\n\n\n\n<p><span style=\"text-decoration: underline;\">Dienstag, 19. August 2025 ab 18.45 Uhr<\/span><\/p>\n\n\n\n<p><em><strong>Borussia Dortmund \u2013 Borussia M\u00f6nchengladbach (19.00 Uhr)<\/strong><\/em><br><img loading=\"lazy\" decoding=\"async\" width=\"10\" height=\"21\" class=\"wp-image-3656\" style=\"width: 10px;\" src=\"http:\/\/kommentatorenblog.de\/wp-content\/uploads\/2020\/09\/shure-55sh-ii-e1601485394796.jpg\" alt=\"\" srcset=\"http:\/\/kommentatorenblog.de\/wp-content\/uploads\/2020\/09\/shure-55sh-ii-e1601485394796.jpg 415w, http:\/\/kommentatorenblog.de\/wp-content\/uploads\/2020\/09\/shure-55sh-ii-e1601485394796-142x300.jpg 142w\" sizes=\"auto, (max-width: 10px) 100vw, 10px\" \/> Jari Schaller<br>Moderation: Nele Ocik, Expertin: Turid Knaak<\/p>\n\n\n\n<hr class=\"wp-block-separator has-alpha-channel-opacity\"\/>\n\n\n\n<p><strong>Champions League, Playoff-Hinspiele <mark style=\"background-color:rgba(0, 0, 0, 0)\" class=\"has-inline-color has-vivid-cyan-blue-color\">(Prime<\/mark>\/DAZN)<\/strong><\/p>\n\n\n\n<p><span style=\"text-decoration: underline;\">Dienstag, 19. August 2025 ab 20.45 Uhr (<mark style=\"background-color:rgba(0, 0, 0, 0)\" class=\"has-inline-color has-vivid-cyan-blue-color\">Prime<\/mark>)<\/span><\/p>\n\n\n\n<p><em><strong>Glasgow Rangers \u2013 Club Br\u00fcgge (21.00 Uhr)<\/strong><\/em><br><img loading=\"lazy\" decoding=\"async\" width=\"10\" height=\"21\" class=\"wp-image-3656\" style=\"width: 10px;\" src=\"http:\/\/kommentatorenblog.de\/wp-content\/uploads\/2020\/09\/shure-55sh-ii-e1601485394796.jpg\" alt=\"\" srcset=\"http:\/\/kommentatorenblog.de\/wp-content\/uploads\/2020\/09\/shure-55sh-ii-e1601485394796.jpg 415w, http:\/\/kommentatorenblog.de\/wp-content\/uploads\/2020\/09\/shure-55sh-ii-e1601485394796-142x300.jpg 142w\" sizes=\"auto, (max-width: 10px) 100vw, 10px\" \/> Hannes Herrmann, Experte: Benedikt H\u00f6wedes<\/p>\n\n\n\n<p><span style=\"text-decoration: underline;\">ab 21.00 Uhr (DAZN)<\/span><\/p>\n\n\n\n<p><em><strong>Ferencvaros Budapest \u2013 Quarabag <\/strong><\/em><br><img loading=\"lazy\" decoding=\"async\" width=\"10\" height=\"21\" class=\"wp-image-3656\" style=\"width: 10px;\" src=\"http:\/\/kommentatorenblog.de\/wp-content\/uploads\/2020\/09\/shure-55sh-ii-e1601485394796.jpg\" alt=\"\" srcset=\"http:\/\/kommentatorenblog.de\/wp-content\/uploads\/2020\/09\/shure-55sh-ii-e1601485394796.jpg 415w, http:\/\/kommentatorenblog.de\/wp-content\/uploads\/2020\/09\/shure-55sh-ii-e1601485394796-142x300.jpg 142w\" sizes=\"auto, (max-width: 10px) 100vw, 10px\" \/> Max Gross <\/p>\n\n\n\n<p><em><strong>Roter Stern Belgrad \u2013 Pafos <\/strong><\/em><br><img loading=\"lazy\" decoding=\"async\" width=\"10\" height=\"21\" class=\"wp-image-3656\" style=\"width: 10px;\" src=\"http:\/\/kommentatorenblog.de\/wp-content\/uploads\/2020\/09\/shure-55sh-ii-e1601485394796.jpg\" alt=\"\" srcset=\"http:\/\/kommentatorenblog.de\/wp-content\/uploads\/2020\/09\/shure-55sh-ii-e1601485394796.jpg 415w, http:\/\/kommentatorenblog.de\/wp-content\/uploads\/2020\/09\/shure-55sh-ii-e1601485394796-142x300.jpg 142w\" sizes=\"auto, (max-width: 10px) 100vw, 10px\" \/> Mario Rieker <\/p>\n\n\n\n<p><span style=\"text-decoration: underline;\">Mittwoch, 20. August 2025 ab 21.00 Uhr (DAZN)<\/span><\/p>\n\n\n\n<p><em><strong>Fenerbahce Istanbul \u2013 Benfica Lissabon <\/strong><\/em><br><img loading=\"lazy\" decoding=\"async\" width=\"10\" height=\"21\" class=\"wp-image-3656\" style=\"width: 10px;\" src=\"http:\/\/kommentatorenblog.de\/wp-content\/uploads\/2020\/09\/shure-55sh-ii-e1601485394796.jpg\" alt=\"\" srcset=\"http:\/\/kommentatorenblog.de\/wp-content\/uploads\/2020\/09\/shure-55sh-ii-e1601485394796.jpg 415w, http:\/\/kommentatorenblog.de\/wp-content\/uploads\/2020\/09\/shure-55sh-ii-e1601485394796-142x300.jpg 142w\" sizes=\"auto, (max-width: 10px) 100vw, 10px\" \/> Simon Sterzer<\/p>\n\n\n\n<p><em><strong>Celtic Glasgow \u2013 Almaty <\/strong><\/em><br><img loading=\"lazy\" decoding=\"async\" width=\"10\" height=\"21\" class=\"wp-image-3656\" style=\"width: 10px;\" src=\"http:\/\/kommentatorenblog.de\/wp-content\/uploads\/2020\/09\/shure-55sh-ii-e1601485394796.jpg\" alt=\"\" srcset=\"http:\/\/kommentatorenblog.de\/wp-content\/uploads\/2020\/09\/shure-55sh-ii-e1601485394796.jpg 415w, http:\/\/kommentatorenblog.de\/wp-content\/uploads\/2020\/09\/shure-55sh-ii-e1601485394796-142x300.jpg 142w\" sizes=\"auto, (max-width: 10px) 100vw, 10px\" \/> Lukas Flottmeyer <\/p>\n\n\n\n<p><strong><em>Bod\u00f8\/Glimt \u2013 SK Sturm Graz <\/em><\/strong><br><img loading=\"lazy\" decoding=\"async\" width=\"10\" height=\"21\" class=\"wp-image-3656\" style=\"width: 10px;\" src=\"http:\/\/kommentatorenblog.de\/wp-content\/uploads\/2020\/09\/shure-55sh-ii-e1601485394796.jpg\" alt=\"\" srcset=\"http:\/\/kommentatorenblog.de\/wp-content\/uploads\/2020\/09\/shure-55sh-ii-e1601485394796.jpg 415w, http:\/\/kommentatorenblog.de\/wp-content\/uploads\/2020\/09\/shure-55sh-ii-e1601485394796-142x300.jpg 142w\" sizes=\"auto, (max-width: 10px) 100vw, 10px\" \/> Max Gross<\/p>\n\n\n\n<p><strong><em>FC Basel \u2013 FC Kopenhagen <\/em><\/strong><br><img loading=\"lazy\" decoding=\"async\" width=\"10\" height=\"21\" class=\"wp-image-3656\" style=\"width: 10px;\" src=\"http:\/\/kommentatorenblog.de\/wp-content\/uploads\/2020\/09\/shure-55sh-ii-e1601485394796.jpg\" alt=\"\" srcset=\"http:\/\/kommentatorenblog.de\/wp-content\/uploads\/2020\/09\/shure-55sh-ii-e1601485394796.jpg 415w, http:\/\/kommentatorenblog.de\/wp-content\/uploads\/2020\/09\/shure-55sh-ii-e1601485394796-142x300.jpg 142w\" sizes=\"auto, (max-width: 10px) 100vw, 10px\" \/> Nico Seepe<\/p>\n\n\n\n<hr class=\"wp-block-separator has-alpha-channel-opacity\"\/>\n\n\n\n<p><strong>Europa League, Playoff-Hinspiel (SPORT1)<\/strong><\/p>\n\n\n\n<p><span style=\"text-decoration: underline;\">Donnerstag, 21. August 2025 ab 19.55 Uhr<\/span><\/p>\n\n\n\n<p><strong><em>Panathinaikos Athen \u2013 Samsunspor (20.00 Uhr)<\/em><\/strong><br><img loading=\"lazy\" decoding=\"async\" width=\"10\" height=\"21\" class=\"wp-image-3656\" style=\"width: 10px;\" src=\"http:\/\/kommentatorenblog.de\/wp-content\/uploads\/2020\/09\/shure-55sh-ii-e1601485394796.jpg\" alt=\"\" srcset=\"http:\/\/kommentatorenblog.de\/wp-content\/uploads\/2020\/09\/shure-55sh-ii-e1601485394796.jpg 415w, http:\/\/kommentatorenblog.de\/wp-content\/uploads\/2020\/09\/shure-55sh-ii-e1601485394796-142x300.jpg 142w\" sizes=\"auto, (max-width: 10px) 100vw, 10px\" \/> Oliver Forster<\/p>\n\n\n\n<hr class=\"wp-block-separator has-alpha-channel-opacity\"\/>\n\n\n\n<p><strong>Conference League, Playoff-Hinspiel (<mark style=\"background-color:rgba(0, 0, 0, 0)\" class=\"has-inline-color has-vivid-purple-color\">SWR.de\/sport<\/mark> bzw. <mark style=\"background-color:rgba(0, 0, 0, 0)\" class=\"has-inline-color has-vivid-cyan-blue-color\">ARD-Mediathek<\/mark>)<\/strong><\/p>\n\n\n\n<p><span style=\"text-decoration: underline;\">Donnerstag, 21. August 2025 ab 18.00 Uhr<\/span><\/p>\n\n\n\n<p><strong><em>Rosenborg BK Trondheim \u2013 1. FSV Mainz 05<\/em><\/strong><br><img loading=\"lazy\" decoding=\"async\" width=\"10\" height=\"21\" class=\"wp-image-3656\" style=\"width: 10px;\" src=\"http:\/\/kommentatorenblog.de\/wp-content\/uploads\/2020\/09\/shure-55sh-ii-e1601485394796.jpg\" alt=\"\" srcset=\"http:\/\/kommentatorenblog.de\/wp-content\/uploads\/2020\/09\/shure-55sh-ii-e1601485394796.jpg 415w, http:\/\/kommentatorenblog.de\/wp-content\/uploads\/2020\/09\/shure-55sh-ii-e1601485394796-142x300.jpg 142w\" sizes=\"auto, (max-width: 10px) 100vw, 10px\" \/> Christina Graf<\/p>\n\n\n\n<hr class=\"wp-block-separator has-alpha-channel-opacity\"\/>\n\n\n\n<p><strong>Conmebol Libertadores, Achtelfinal-R\u00fcckspiel (<mark style=\"background-color:rgba(0, 0, 0, 0)\" class=\"has-inline-color has-pale-cyan-blue-color\">Sportdigital<\/mark>)<\/strong><\/p>\n\n\n\n<p><span style=\"text-decoration: underline;\">Donnerstag, 21. August 2025 ab 02.30 Uhr<\/span><\/p>\n\n\n\n<p><em><strong>Internacional (BRA) \u2013 Flamengo (BRA)<\/strong><\/em><br><img loading=\"lazy\" decoding=\"async\" width=\"10\" height=\"21\" class=\"wp-image-3656\" style=\"width: 10px;\" src=\"http:\/\/kommentatorenblog.de\/wp-content\/uploads\/2020\/09\/shure-55sh-ii-e1601485394796.jpg\" alt=\"\" srcset=\"http:\/\/kommentatorenblog.de\/wp-content\/uploads\/2020\/09\/shure-55sh-ii-e1601485394796.jpg 415w, http:\/\/kommentatorenblog.de\/wp-content\/uploads\/2020\/09\/shure-55sh-ii-e1601485394796-142x300.jpg 142w\" sizes=\"auto, (max-width: 10px) 100vw, 10px\" \/> Marvin Kirsch<\/p>\n\n\n\n<hr class=\"wp-block-separator has-alpha-channel-opacity\"\/>\n\n\n\n<p><strong>U19-DFB-Nachwuchsliga, 3. Spieltag (sky)<\/strong><\/p>\n\n\n\n<p><span style=\"text-decoration: underline;\">Mittwoch, 20. August 2025 ab 17.55 Uhr<\/span><\/p>\n\n\n\n<p><em><strong>RB Leipzig U19<\/strong><\/em><strong><em> \u2013 Viktoria Berlin U19 (18.00 Uhr)<\/em><\/strong><br><img loading=\"lazy\" decoding=\"async\" width=\"10\" height=\"21\" class=\"wp-image-3656\" style=\"width: 10px;\" src=\"http:\/\/kommentatorenblog.de\/wp-content\/uploads\/2020\/09\/shure-55sh-ii-e1601485394796.jpg\" alt=\"\" srcset=\"http:\/\/kommentatorenblog.de\/wp-content\/uploads\/2020\/09\/shure-55sh-ii-e1601485394796.jpg 415w, http:\/\/kommentatorenblog.de\/wp-content\/uploads\/2020\/09\/shure-55sh-ii-e1601485394796-142x300.jpg 142w\" sizes=\"auto, (max-width: 10px) 100vw, 10px\" \/> Sven Schr\u00f6ter<\/p>\n\n\n\n<hr class=\"wp-block-separator has-css-opacity\"\/>\n\n\n\n<p><strong>Die Analyse<\/strong><\/p>\n\n\n\n<p>Wie \u00fcblich zeigt Sky alle Spiele des DFB-Pokals und damit auch des Gro\u00dfkampftags-Wochenendes. Wie seit 2020 leider \u00fcblich, werden dabei nicht mehr alle Spiele aus dem Stadion kommentiert. Anders als in den letzten Jahren ist die Zahl an Stadionspielen zudem von 12 auf 11 geschrumpft &#8211; pro Ansto\u00dfzeit wird allerdings weiterhin mindestens ein Spiel aus dem Stadion kommentiert. Interviewm\u00f6glichkeiten gibt es nat\u00fcrlich bei jedem Spiel, entweder durch Field-Reporter oder per Schalten aus Studio oder Kommentatorenbox.<\/p>\n\n\n\n<p><strong>D\u00e9j\u00e0-vu bei Schneider und Gro\u00df<\/strong><\/p>\n\n\n\n<p>Den Auftakt macht dabei der Freitag: Sky startet ab 17.30 Uhr mit Britta Hofmann aus dem Studio, die auf die drei Partien der fr\u00fchen Ansto\u00dfzeit einstimmt. Unter anderem geht es dabei f\u00fcr den ehemaligen Titelverteidiger Bayer Leverkusen nach Gro\u00dfaspach. Neben Field-Reporterin Mara Mones ist auch Champions-League-Kommentator Hannes Herrmann am Start. Bei den anderen beiden Spielen kommen die Einzelspiele aus der Box, Interviews f\u00fchrt in G\u00fctersloh Marlon Irlbacher, und in Saarbr\u00fccken gibt es lediglich die Schaltm\u00f6glichkeit. In der ersten Pokalkonferenz ist \u2013 wie schon in der 2. Bundesliga letzte Woche \u2013 Hansi K\u00fcpper am Start und spielt sich mit Roland Evers und Markus G\u00f6tz die B\u00e4lle hin und her.<\/p>\n\n\n\n<p>Zur sp\u00e4ten Ansto\u00dfzeit steigt dann neben Sky auch das ZDF ein. Im Free-TV geht es ab 20.15 Uhr in den Vorlauf, wo sich Jochen Breyer mit Experte Hanno Balitsch von der Bielefelder Alm meldet. Zu Gast beim Pokalfinalisten ist Werder Bremen &#8211; ein Duell, das es ja auch in der letzten Pokalsaison gab. Kommentieren wird &#8211; wenig \u00fcberraschend bei Hanno Balitsch als Experte und Co-Kommentator &#8211; Martin Schneider. Sky wiederum ist mit Kommentator Martin Gro\u00df und Fielder Yannick Erkenbrecher am Start. Damit schlie\u00dft sich bei beiden Sendern gewisserma\u00dfen ein Kreis: Sowohl Schneider als auch Gro\u00df waren beim Duell der beiden in der Vorsaison ebenfalls am Mikro.<\/p>\n\n\n\n<p><strong>Der Samstag der gro\u00dfen Stadien<\/strong><\/p>\n\n\n\n<p>Der lange Pokalsamstag mit insgesamt 11 Spielen geht bei Sky ab 12.30 Uhr los, wo Moderator Michael Leopold gemeinsam mit Experte Fabian Klos auf die erste Ansto\u00dfzeit mit zwei Spielen einstimmt. W\u00e4hrend bei BFC Dynamo gegen Bochum der Kommentator aus der Box kommt und es lediglich Schalt-Interviews gibt, schickt Sky Klaus Veltman und Thomas Wagner nach Pirmasens, wo der Erstligist HSV gastiert. Die Zweierkonferenz ist eine Sache f\u00fcr Kai Dittmann und Toni Tomic. Unabh\u00e4ngig von diesen beiden Spielen geht es dann ab 14.30 Uhr mit dem Vorlauf auf die sechs Spiele vom Nachmittag. Dabei kommt anders als in den Vorjahren nur ein Spiel mit Kommentator aus dem Stadion. Es geht f\u00fcr Field-Reporter Patrick Wasserziehr und Kommentator Torsten Kunde ins Millerntorstadion, wo St. Pauli im Hamburger Stadtduell gegen Eintracht Norderstedt im eigenen Stadion gastiert &#8211; Grund hierf\u00fcr sind nat\u00fcrlich auch die dadurch m\u00f6glichen zus\u00e4tzlichen Ticketverk\u00e4ufe. Auch ins gro\u00dfe Stadion geht es f\u00fcr den SV Hemelingen, der auf den VfL Wolfsburg trifft. Da das eigene Stadion die Anforderungen nicht erf\u00fcllen konnte, wird im Weserstadion in Bremen gespielt. Mit am Start ist Jens Westen, w\u00e4hrend sich Philipp Langosz aus der Box meldet. Wie schon vor vier Jahren trifft der SV Sandhausen (damals allerdings noch als langj\u00e4hriger Zweitligist) auf RB Leipzig. Mit dabei sind Fielder Dennis Bayer und in der Kommentatorenbox in Unterf\u00f6hring Oliver Fa\u00dfnacht. Bei den drei weiteren Spielen gibt es Schaltm\u00f6glichkeiten und durch die Einzelspiele f\u00fchren Timo Sch\u00e4fers, Karsten Petrzika und Jaron Steiner \u2013 letzterer ist eigentlich schon Stammgast am Gro\u00dfkampftags-Wochenende. Die Sechserkonferenz mit Frank Buschmann, Florian Schmidt-Sommerfeld und Hansi K\u00fcpper enth\u00e4lt gleich drei der vier Flutlichtfreitag-Kommentatoren (Corni K\u00fcpper steigt \u00fcbrigens noch nicht im Pokal bei Sky ein). Au\u00dferdem sind Christian Stra\u00dfburger, Sven Schr\u00f6ter sowie Hannes Herrmann dabei \u2013 letzterer also nach Einzelspiel am Freitag nun auch mit einem Konferenzeinsatz.<\/p>\n\n\n\n<p>Die Abendschicht kommt mit drei Spielen daher: Oliver Seidler und Lisa de Ruiter melden sich aus Cottbus, wo Hannover 96 nach einem Saisonstart ohne Gegentor und Punktverlust zu Gast ist. Die anderen Spiele werden von Marcus Lindemann und Timo Schmidtchen leider nur aus der Box kommentiert. Zum Abschluss des reinen DFB-Pokalsamstags gibt es dann noch eine Ausgabe von Alle Spiele, alle Tore, durch die Max Zielke f\u00fchrt.<\/p>\n\n\n\n<p><strong>Neuer Name &#8211; altes Problem<\/strong><\/p>\n\n\n\n<p>Alternativ dazu geht es nun inzwischen ja schon traditionell mit dem Supercup weiter. Auch mit dem neuen Namensgeber Franz Beckenbauer bleibe ich dabei, dass der Terminslot, den wir seit vier Jahren haben, weiterhin keine gute Idee ist und die erste Pokalrunde unn\u00f6tig entzerrt \u2013 aber wie auch immer. Rechtlich hat sich ja mit den \u00fcbertragenden Sendern Sky und Sat.1 nichts ver\u00e4ndert. Im Free-TV startet ran ab 19.30 Uhr mit Matthias Opdenh\u00f6vel und Markus Babbel aus Stuttgart. Unterbrochen wird der Vorlauf aber zwischendurch \u2013 neben der Werbung \u2013 auch von der Nachrichtensendung :newstime. Kommentieren wird dann nat\u00fcrlich Jonas Friedrich, und Andrea Kaiser f\u00fchrt die Interviews. Bei Sky geht es ab 20 Uhr mit Sebastian Hellmann (ausnahmsweise ohne Lothar Matth\u00e4us) los, und auch Britta Hofmann ist als Fielderin dabei. Kommentieren wird Wolff Fuss \u2013 nach vier Jahren bei ran nun wieder f\u00fcr Sky bei diesem Wettbewerb.<\/p>\n\n\n\n<p><strong>Hansi K\u00fcpper und Hannes Herrmann als Dauerbrenner<\/strong><\/p>\n\n\n\n<p>Der Pokalsonntag l\u00e4uft dann bei Sky wie schon der Samstag. Diesmal meldet sich Yannick Erkenbrecher mit Fabian Klos aus dem Studio. Wie bereits am Vortag meldet sich zur fr\u00fchen Ansto\u00dfzeit Klaus Veltman als Kommentator aus dem Stadion &#8211; diesmal bei der Partie Engers gegen Frankfurt. Als Fielder ist au\u00dferdem Hartmut von Kameke am Start. Beim anderen Spiel meldet sich Karsten Petrzika &#8211; wie am Vortag &#8211; aus der Box. Die Zweierkonferenz ist eine Sache f\u00fcr Christian Stra\u00dfburger und Dauerbrenner Hansi K\u00fcpper, der bereits seine dritte Konferenz an diesem Wochenende \u00fcbernimmt.<\/p>\n\n\n\n<p>Beim Sechserpack am Sonntag kommen zwei Spiele aus dem Stadion. F\u00fcr Martin Gro\u00df geht es nach einem Tag Pause von Bielefeld nach Delmenhorst, wo zudem Jens Westen am Start ist, der eine \u00e4u\u00dferst kurze Anreise nach dem Weserstadion am Vortag hat. Stimmungsvoll wird es f\u00fcr Kai Dittmann, der die Partie Lok Leipzig gegen Schalke 04 begleitet &#8211; als Fielder ist Patrick Wasserziehr am Start. Bei den weiteren Einzelspielen sind wie am Vortag Marcus Lindemann und Oliver Fa\u00dfnacht aus der Box am Start. Zudem sind auch mit Thomas Wagner und Stefan Hempel zwei erfahrene Herren dabei. Interviews gibt es \u2013 au\u00dfer in Regensburg, wo Andi Lengenfelder die Interviews f\u00fchrt \u2013 als Schalten. In der Sechserkonferenz bleibt im Vergleich zum Vortag nur Frank Buschmann dabei, der sich um Schalke bei Lok k\u00fcmmert. F\u00fcr Jonas Friedrich geht es nach dem Supercup bei ran zur Konferenz bei Sky. Au\u00dferdem ist Roland Evers nach dem freien Samstag wieder dabei, und Michael Leopold verzeichnet wie \u00fcblich auch noch einen Einsatz. Komplettiert wird das Sextett von Dominik M\u00fcller und Markus Gaupp.<\/p>\n\n\n\n<p>In der Sp\u00e4tschicht \u00fcbernimmt \u2013 wie schon am Vortag \u2013 das einzige Stadionspiel das Duo Seidler &amp; de Ruiter. Es geht zum Wagner-Deb\u00fct nach Halle. Die weiteren Einzelspiele \u00fcbernehmen Jari Schaller und Timo Sch\u00e4fers. Markus G\u00f6tz und Marcel Meinert wiederum bleiben der sp\u00e4ten Konferenz treu, zudem st\u00f6\u00dft Hannes Herrmann dazu &#8211; auch er als Dauerbrenner mit Einsatz Nr.3. ASAT-Moderatorin am Sonntag ist Nele Ocik.<\/p>\n\n\n\n<p><strong>Schl\u00fcter-Livespiel-Deb\u00fct aus Essen<\/strong><\/p>\n\n\n\n<p>Der ungeliebte Pokalmontag startet dann ab 17.30 Uhr auf Sky mit dem Vorlauf auf drei Partien \u2013 moderieren wird Michael Leopold. Besonders gilt das f\u00fcr Mainz 05, die ja am n\u00e4chsten Donnerstag gleich wieder in den Conference-League-Playoffs ranm\u00fcssen \u2013 zugegebenerma\u00dfen auch sehr ungl\u00fccklich terminiert. Mit dabei ist beim Spiel bei Dynamo Dresden Lisa de Ruiter am dritten Tag in Folge als Fielderin, kommentieren wird Kai Dittmann. Die weiteren Spiele \u00fcbernehmen Marcel Meinert und Sven Schr\u00f6ter aus der Box; in M\u00fcnster ist Patrick Berger als Field-Reporter. Die letzte Pokalkonferenz der 1. Runde ist eine Sache f\u00fcr Jonas Friedrich, Roland Evers und Florian Schmidt-Sommerfeld.<\/p>\n\n\n\n<p>Den Abschluss des verl\u00e4ngerten Wochenendes macht die Partie Essen gegen Dortmund. Im Ersten Deutschen Fernsehen geht es nach der Sportschau los. Von der Hafenstra\u00dfe meldet sich Alex Schl\u00fcter mit seinem Livespiel-Deb\u00fct f\u00fcr die Sportschau, der Bastian Schweinsteiger als Experte begr\u00fc\u00dft. Au\u00dferdem dabei ist Claus Lufen am Spielfeldrand, w\u00e4hrend sich Christina Graf von der Kommentator:innenposition meldet. Bei Sky ist das Duo Wolff Fuss und Patrick Wasserziehr am Start.<\/p>\n\n\n\n<p><strong>Internationales<\/strong><\/p>\n\n\n\n<p>In der Premier League \u00fcbernimmt in diesem Jahr Toni Tomic den Auftakt mit Meister und Shopping-King Liverpool. Am Samstag gibt es erstmals das neue Format der Goal-Rush-Konferenz, in der man den \u00dcberblick \u00fcber alle Spiele vom Samstagnachmittag mit einem Fokusspiel bekommt. Durch die \u00dcbertragung f\u00fchrt Uli Hebel. Das erste Match of the Week begleitet &#8211; wie ab sofort ja wieder h\u00e4ufiger &#8211; Florian Schmidt-Sommerfeld gemeinsam mit Ren\u00e9 Adler. Nat\u00fcrlich ist aber auch Raphael Hongstein als Fielder und Experte aus Old Trafford dabei.<\/p>\n\n\n\n<p>W\u00e4hrend in Italien ebenfalls noch ein Pokalwochenende ansteht, geht es in La Liga und Ligue 1 rein in die neue Saison. In La Liga wird dabei die H\u00e4lfte der Spiele auf Deutsch kommentiert \u2013 die Spiele von Barcelona und Real zudem mit einem Co-Kommentator. Bei Real gegen Osasuna gibt es sogar mit Andres Veredas einen gesonderten Moderator, der im viertelst\u00fcndigen Vorlauf mit Michi Hofmann auf die Begegnung einstimmt. In Ligue 1 gibt es mit Stefan Galler bei Paris keine \u00dcberraschung. Das Programm bei Sportdigital f\u00fcllt sich auch immer weiter: Der Fokus liegt dabei auf der portugiesischen und niederl\u00e4ndischen Liga, wo jeweils vier Spiele auf Deutsch kommentiert werden.<\/p>\n\n\n\n<p>Nun aber genug der Vorschau und rein in dieses Pokalwochenende. Kommenden Donnerstag geht es dann hier weiter mit dem Bundesliga-Auftakt, wo wir im Rahmen unserer Rechteperioden-Vorschau nat\u00fcrlich auch nochmal auf die Pl\u00e4ne von Sky und DAZN schauen werden. Bis dahin: Lasset die Spiele beginnen!<\/p>\n","protected":false},"excerpt":{"rendered":"<p>N\u2019Abend allerseits, Amateure gegen Profis, Fu\u00dfball en masse \u2013 wieder einmal geht es rein ins Pokalwochenende der 1. Hauptrunde. Doch bevor wir dazu kommen, blicken wir noch auf zwei Neuigkeiten dieser Woche: RTL hat bei einer Presseveranstaltung bekanntgegeben, dass Max Kruse zum Expertenteam in der 2. Bundesliga und bei den Europapokal\u00fcbertragungen bei RTL+ sto\u00dfen wird. [&hellip;]<\/p>\n","protected":false},"author":5,"featured_media":0,"comment_status":"open","ping_status":"open","sticky":false,"template":"","format":"standard","meta":{"footnotes":""},"categories":[504],"tags":[],"class_list":["post-22452","post","type-post","status-publish","format-standard","hentry","category-dfb-pokal-co"],"_links":{"self":[{"href":"http:\/\/kommentatorenblog.de\/index.php?rest_route=\/wp\/v2\/posts\/22452","targetHints":{"allow":["GET"]}}],"collection":[{"href":"http:\/\/kommentatorenblog.de\/index.php?rest_route=\/wp\/v2\/posts"}],"about":[{"href":"http:\/\/kommentatorenblog.de\/index.php?rest_route=\/wp\/v2\/types\/post"}],"author":[{"embeddable":true,"href":"http:\/\/kommentatorenblog.de\/index.php?rest_route=\/wp\/v2\/users\/5"}],"replies":[{"embeddable":true,"href":"http:\/\/kommentatorenblog.de\/index.php?rest_route=%2Fwp%2Fv2%2Fcomments&post=22452"}],"version-history":[{"count":44,"href":"http:\/\/kommentatorenblog.de\/index.php?rest_route=\/wp\/v2\/posts\/22452\/revisions"}],"predecessor-version":[{"id":22567,"href":"http:\/\/kommentatorenblog.de\/index.php?rest_route=\/wp\/v2\/posts\/22452\/revisions\/22567"}],"wp:attachment":[{"href":"http:\/\/kommentatorenblog.de\/index.php?rest_route=%2Fwp%2Fv2%2Fmedia&parent=22452"}],"wp:term":[{"taxonomy":"category","embeddable":true,"href":"http:\/\/kommentatorenblog.de\/index.php?rest_route=%2Fwp%2Fv2%2Fcategories&post=22452"},{"taxonomy":"post_tag","embeddable":true,"href":"http:\/\/kommentatorenblog.de\/index.php?rest_route=%2Fwp%2Fv2%2Ftags&post=22452"}],"curies":[{"name":"wp","href":"https:\/\/api.w.org\/{rel}","templated":true}]}}