{"id":22572,"date":"2025-08-25T19:01:45","date_gmt":"2025-08-25T18:01:45","guid":{"rendered":"https:\/\/kommentatorenblog.de\/?p=22572"},"modified":"2025-08-28T22:53:47","modified_gmt":"2025-08-28T21:53:47","slug":"1531-eine-grosse-auswahl","status":"publish","type":"post","link":"http:\/\/kommentatorenblog.de\/?p=22572","title":{"rendered":"1531 &#8211; Eine gro\u00dfe Auswahl"},"content":{"rendered":"\n<p>N\u2019Abend allerseits,<\/p>\n\n\n\n<p>das erste Wochenende der Bundesligasaison ist vorbei und das mit vielen neuen Sendungen und Formaten. Sportlich ging es am Freitag und Samstag torreich zu, der Sonntag lebte dann eher von den Bundesligar\u00fcckkehrern und dem Drumherum, fu\u00dfballerisch war das eher d\u00fcnn.<\/p>\n\n\n\n<p>Ich habe versucht, so gut es geht \u00fcberall mal reinzuschauen, und muss schon sagen: Es ist &#8211; zugegeben ein Luxusproblem &#8211; bei all den Formaten schwierig, den \u00dcberblick zu behalten. Allein am Samstagnachmittag konnte man f\u00fcnf Einzelspiele auf Sky (wahlweise im Multifeed), die Konferenz auf DAZN, die Samstagnachmittagsshow auf SSN oder den Sportschau-Twitch-Kanal verfolgen und das sind nur die audiovisuellen Angebote. Auf die einzelnen Formate und meine Eindr\u00fccke gehe ich am Donnerstag genauer ein. Festzuhalten ist aber jetzt schon, dass die neue Rechteperiode zu einer deutlichen Ausweitung des Angebots gef\u00fchrt hat &#8211; man k\u00f6nnte fast von einem \u00dcberangebot sprechen. Allein die M\u00f6glichkeit, bei DAZN und Sky alle Spiele im Re-Live zu sehen, ist ein klarer Fortschritt. Bei Sky gibt es zudem nun die Option, alle Zweitligaspiele in voller L\u00e4nge auf Abruf zu schauen und das endlich nicht nur \u00fcber Sky Q und Sky Stream, sondern auch bei WOW. Alles Weitere dann, wie gesagt, am Donnerstag im Beitrag zum 2. Spieltag.<\/p>\n\n\n\n<p>Nun aber der Blick auf die Ansetzungen der Woche.<\/p>\n\n\n\n<hr class=\"wp-block-separator has-css-opacity\"\/>\n\n\n\n<p><strong>Die Ansetzungen vom 26. bis zum 28. August 2025<\/strong><\/p>\n\n\n\n<hr class=\"wp-block-separator has-css-opacity\"\/>\n\n\n\n<p><strong>DFB-Pokal, 1. Runde<\/strong><\/p>\n\n\n\n<p><span style=\"text-decoration: underline;\">Dienstag, 26. August 2025, ab 20.15 Uhr (<mark style=\"background-color:rgba(0, 0, 0, 0);color:#00267a\" class=\"has-inline-color\">ARD<\/mark>\/Sky)<\/span><\/p>\n\n\n\n<p><strong><em><strong>Eintracht Braunschweig &#8211; VfB Stuttgart<\/strong> (20.45 Uhr)<\/em><\/strong><\/p>\n\n\n\n<p><img loading=\"lazy\" decoding=\"async\" width=\"10\" height=\"21\" class=\"wp-image-3656\" style=\"width: 10px;\" src=\"http:\/\/kommentatorenblog.de\/wp-content\/uploads\/2020\/09\/shure-55sh-ii-e1601485394796.jpg\" alt=\"\" srcset=\"http:\/\/kommentatorenblog.de\/wp-content\/uploads\/2020\/09\/shure-55sh-ii-e1601485394796.jpg 415w, http:\/\/kommentatorenblog.de\/wp-content\/uploads\/2020\/09\/shure-55sh-ii-e1601485394796-142x300.jpg 142w\" sizes=\"auto, (max-width: 10px) 100vw, 10px\" \/> <mark style=\"background-color:rgba(0, 0, 0, 0);color:#00267a\" class=\"has-inline-color\">ARD<\/mark>: Tom Bartels<br>Moderation (<mark style=\"background-color:rgba(0, 0, 0, 0);color:#00267a\" class=\"has-inline-color\">ARD<\/mark>): Lea Wagner, Experte: Bastian Schweinsteiger, Field-Reporter: Patrick Halatsch<\/p>\n\n\n\n<p><img loading=\"lazy\" decoding=\"async\" width=\"10\" height=\"21\" class=\"wp-image-3656\" style=\"width: 10px;\" src=\"http:\/\/kommentatorenblog.de\/wp-content\/uploads\/2020\/09\/shure-55sh-ii-e1601485394796.jpg\" alt=\"\" srcset=\"http:\/\/kommentatorenblog.de\/wp-content\/uploads\/2020\/09\/shure-55sh-ii-e1601485394796.jpg 415w, http:\/\/kommentatorenblog.de\/wp-content\/uploads\/2020\/09\/shure-55sh-ii-e1601485394796-142x300.jpg 142w\" sizes=\"auto, (max-width: 10px) 100vw, 10px\" \/> Sky: Martin Gro\u00df<br>Moderation (Sky): Patrick Wasserziehr, Field-Reporte: Yannick Erkenbrecher<\/p>\n\n\n\n<p><span style=\"text-decoration: underline;\">Mittwoch, 27. August 2024, ab 20.1<\/span><span style=\"\"><u>5 Uhr (<mark style=\"background-color:rgba(0, 0, 0, 0);color:#fa7d19\" class=\"has-inline-color\">ZDF<\/mark>\/Sky)<\/u><\/span><\/p>\n\n\n\n<p><strong><em>SV Wehen Wiesbaden &#8211; FC Bayern M\u00fcnchen (20.45 Uhr)<\/em><\/strong><\/p>\n\n\n\n<p><img loading=\"lazy\" decoding=\"async\" width=\"10\" height=\"21\" class=\"wp-image-3656\" style=\"width: 10px;\" src=\"http:\/\/kommentatorenblog.de\/wp-content\/uploads\/2020\/09\/shure-55sh-ii-e1601485394796.jpg\" alt=\"\" srcset=\"http:\/\/kommentatorenblog.de\/wp-content\/uploads\/2020\/09\/shure-55sh-ii-e1601485394796.jpg 415w, http:\/\/kommentatorenblog.de\/wp-content\/uploads\/2020\/09\/shure-55sh-ii-e1601485394796-142x300.jpg 142w\" sizes=\"auto, (max-width: 10px) 100vw, 10px\" \/> <mark style=\"background-color:rgba(0, 0, 0, 0);color:#fa7d19\" class=\"has-inline-color\">ZDF<\/mark>: Oliver Schmidt<br>Moderation (<mark style=\"background-color:rgba(0, 0, 0, 0);color:#fa7d19\" class=\"has-inline-color\">ZDF<\/mark>): Lili Engels, Experte: Christoph Kramer, Field-Reporter: Boris B\u00fcchler<\/p>\n\n\n\n<p><img loading=\"lazy\" decoding=\"async\" width=\"10\" height=\"21\" class=\"wp-image-3656\" style=\"width: 10px;\" src=\"http:\/\/kommentatorenblog.de\/wp-content\/uploads\/2020\/09\/shure-55sh-ii-e1601485394796.jpg\" alt=\"\" srcset=\"http:\/\/kommentatorenblog.de\/wp-content\/uploads\/2020\/09\/shure-55sh-ii-e1601485394796.jpg 415w, http:\/\/kommentatorenblog.de\/wp-content\/uploads\/2020\/09\/shure-55sh-ii-e1601485394796-142x300.jpg 142w\" sizes=\"auto, (max-width: 10px) 100vw, 10px\" \/> Sky: Kai Dittmann<br>Moderation (Sky): Sebastian Hellmann, Field-Reporterin: Britta Hofmann<\/p>\n\n\n\n<hr class=\"wp-block-separator has-alpha-channel-opacity\"\/>\n\n\n\n<p><strong>Conference League, Playoff-R\u00fcckspiele (<mark style=\"background-color:rgba(0, 0, 0, 0)\" class=\"has-inline-color has-vivid-purple-color\">SWR<\/mark>\/<mark style=\"background-color:rgba(0, 0, 0, 0);color:#485258\" class=\"has-inline-color\">SPORT<\/mark><mark style=\"background-color:rgba(0, 0, 0, 0);color:#f9a83c\" class=\"has-inline-color\">1<\/mark>)<\/strong><\/p>\n\n\n\n<p><span style=\"text-decoration: underline;\">Donnerstag, 28. August 2025 ab 18.55 Uhr (<mark style=\"background-color:rgba(0, 0, 0, 0);color:#485258\" class=\"has-inline-color\">SPORT<\/mark><mark style=\"background-color:rgba(0, 0, 0, 0);color:#f9a83c\" class=\"has-inline-color\">1<\/mark><mark style=\"background-color:rgba(0, 0, 0, 0)\" class=\"has-inline-color has-black-color\">)<\/mark><\/span><\/p>\n\n\n\n<p><strong><em>Besiktas Istanbul &#8211; FC Lausanne-Sport (19.00 Uhr)<\/em><\/strong><br><img loading=\"lazy\" decoding=\"async\" width=\"10\" height=\"21\" class=\"wp-image-3656\" style=\"width: 10px;\" src=\"http:\/\/kommentatorenblog.de\/wp-content\/uploads\/2020\/09\/shure-55sh-ii-e1601485394796.jpg\" alt=\"\" srcset=\"http:\/\/kommentatorenblog.de\/wp-content\/uploads\/2020\/09\/shure-55sh-ii-e1601485394796.jpg 415w, http:\/\/kommentatorenblog.de\/wp-content\/uploads\/2020\/09\/shure-55sh-ii-e1601485394796-142x300.jpg 142w\" sizes=\"auto, (max-width: 10px) 100vw, 10px\" \/> Hartwig Th\u00f6ne<\/p>\n\n\n\n<p><span style=\"text-decoration: underline;\">ab 21.00 Uhr (<mark style=\"background-color:rgba(0, 0, 0, 0)\" class=\"has-inline-color has-vivid-purple-color\">SWR<\/mark> <mark style=\"background-color:rgba(0, 0, 0, 0)\" class=\"has-inline-color has-vivid-purple-color\">Rheinland-Pfalz<\/mark>)<\/span><\/p>\n\n\n\n<p><strong><em>Rosenborg BK Trondheim \u2013 1. FSV Mainz 05 (21.00 Uhr)<\/em><\/strong><br><img loading=\"lazy\" decoding=\"async\" width=\"10\" height=\"21\" class=\"wp-image-3656\" style=\"width: 10px;\" src=\"http:\/\/kommentatorenblog.de\/wp-content\/uploads\/2020\/09\/shure-55sh-ii-e1601485394796.jpg\" alt=\"\" srcset=\"http:\/\/kommentatorenblog.de\/wp-content\/uploads\/2020\/09\/shure-55sh-ii-e1601485394796.jpg 415w, http:\/\/kommentatorenblog.de\/wp-content\/uploads\/2020\/09\/shure-55sh-ii-e1601485394796-142x300.jpg 142w\" sizes=\"auto, (max-width: 10px) 100vw, 10px\" \/> Tom Bartels<br>Moderation: D\u00e9sir\u00e9e Krause, Field-Reporter: Felix Mansel<\/p>\n\n\n\n<hr class=\"wp-block-separator has-alpha-channel-opacity\"\/>\n\n\n\n<p><strong>Champions League, Playoff-R\u00fcckspiele <mark style=\"background-color:rgba(0, 0, 0, 0)\" class=\"has-inline-color has-vivid-cyan-blue-color\">(Prime<\/mark>\/DAZN)<\/strong><\/p>\n\n\n\n<p><span style=\"text-decoration: underline;\">Dienstag, 26. August 2025 ab 18.30 Uhr (<mark style=\"background-color:rgba(0, 0, 0, 0)\" class=\"has-inline-color has-vivid-cyan-blue-color\">Prime<\/mark>)<\/span><\/p>\n\n\n\n<p><em><strong><em><strong>Kairat Almaty &#8211; Celtic Glasgow<\/strong><\/em> (18.45 Uhr)<\/strong><\/em><br><img loading=\"lazy\" decoding=\"async\" width=\"10\" height=\"21\" class=\"wp-image-3656\" style=\"width: 10px;\" src=\"http:\/\/kommentatorenblog.de\/wp-content\/uploads\/2020\/09\/shure-55sh-ii-e1601485394796.jpg\" alt=\"\" srcset=\"http:\/\/kommentatorenblog.de\/wp-content\/uploads\/2020\/09\/shure-55sh-ii-e1601485394796.jpg 415w, http:\/\/kommentatorenblog.de\/wp-content\/uploads\/2020\/09\/shure-55sh-ii-e1601485394796-142x300.jpg 142w\" sizes=\"auto, (max-width: 10px) 100vw, 10px\" \/> Hannes Herrmann, Experte: Benedikt H\u00f6wedes<\/p>\n\n\n\n<p><span style=\"text-decoration: underline;\">ab 20.50 Uhr (DAZN)<\/span><\/p>\n\n\n\n<p><em><strong>Sturm Graz &#8211; Bod\u00f6\/Glimt (21.00 Uhr)<\/strong><\/em><br><img loading=\"lazy\" decoding=\"async\" width=\"10\" height=\"21\" class=\"wp-image-3656\" style=\"width: 10px;\" src=\"http:\/\/kommentatorenblog.de\/wp-content\/uploads\/2020\/09\/shure-55sh-ii-e1601485394796.jpg\" alt=\"\" srcset=\"http:\/\/kommentatorenblog.de\/wp-content\/uploads\/2020\/09\/shure-55sh-ii-e1601485394796.jpg 415w, http:\/\/kommentatorenblog.de\/wp-content\/uploads\/2020\/09\/shure-55sh-ii-e1601485394796-142x300.jpg 142w\" sizes=\"auto, (max-width: 10px) 100vw, 10px\" \/> Max Gross<\/p>\n\n\n\n<p><em><strong>FC Pafos &#8211; Roter Stern Belgrad (21.00 Uhr)<\/strong><\/em><br><img loading=\"lazy\" decoding=\"async\" width=\"10\" height=\"21\" class=\"wp-image-3656\" style=\"width: 10px;\" src=\"http:\/\/kommentatorenblog.de\/wp-content\/uploads\/2020\/09\/shure-55sh-ii-e1601485394796.jpg\" alt=\"\" srcset=\"http:\/\/kommentatorenblog.de\/wp-content\/uploads\/2020\/09\/shure-55sh-ii-e1601485394796.jpg 415w, http:\/\/kommentatorenblog.de\/wp-content\/uploads\/2020\/09\/shure-55sh-ii-e1601485394796-142x300.jpg 142w\" sizes=\"auto, (max-width: 10px) 100vw, 10px\" \/> Jan-Lucas Krenzer<\/p>\n\n\n\n<p><span style=\"text-decoration: underline;\">Mittwoch, 27. August 2025 ab 18.35 Uhr (DAZN)<\/span><\/p>\n\n\n\n<p><strong><em>Qarabag Agdam &#8211; Ferencvaros Budapest (18.45 Uhr)<br><\/em><\/strong><img loading=\"lazy\" decoding=\"async\" width=\"10\" height=\"21\" class=\"wp-image-3656\" style=\"width: 10px;\" src=\"http:\/\/kommentatorenblog.de\/wp-content\/uploads\/2020\/09\/shure-55sh-ii-e1601485394796.jpg\" alt=\"\" srcset=\"http:\/\/kommentatorenblog.de\/wp-content\/uploads\/2020\/09\/shure-55sh-ii-e1601485394796.jpg 415w, http:\/\/kommentatorenblog.de\/wp-content\/uploads\/2020\/09\/shure-55sh-ii-e1601485394796-142x300.jpg 142w\" sizes=\"auto, (max-width: 10px) 100vw, 10px\" \/> Michael Brandes<\/p>\n\n\n\n<p><span style=\"text-decoration: underline;\">ab 20.50 Uhr (DAZN)<\/span><\/p>\n\n\n\n<p><em><strong>Benfica Lissabon &#8211; Fenerbahce Istanbul (21.00 Uhr)<\/strong><\/em><br><img loading=\"lazy\" decoding=\"async\" width=\"10\" height=\"21\" class=\"wp-image-3656\" style=\"width: 10px;\" src=\"http:\/\/kommentatorenblog.de\/wp-content\/uploads\/2020\/09\/shure-55sh-ii-e1601485394796.jpg\" alt=\"\" srcset=\"http:\/\/kommentatorenblog.de\/wp-content\/uploads\/2020\/09\/shure-55sh-ii-e1601485394796.jpg 415w, http:\/\/kommentatorenblog.de\/wp-content\/uploads\/2020\/09\/shure-55sh-ii-e1601485394796-142x300.jpg 142w\" sizes=\"auto, (max-width: 10px) 100vw, 10px\" \/> Simon Sterzer<\/p>\n\n\n\n<p><em><strong>FC Kopenhagen &#8211; FC Basel (21.00 Uhr)<\/strong><\/em><br><img loading=\"lazy\" decoding=\"async\" width=\"10\" height=\"21\" class=\"wp-image-3656\" style=\"width: 10px;\" src=\"http:\/\/kommentatorenblog.de\/wp-content\/uploads\/2020\/09\/shure-55sh-ii-e1601485394796.jpg\" alt=\"\" srcset=\"http:\/\/kommentatorenblog.de\/wp-content\/uploads\/2020\/09\/shure-55sh-ii-e1601485394796.jpg 415w, http:\/\/kommentatorenblog.de\/wp-content\/uploads\/2020\/09\/shure-55sh-ii-e1601485394796-142x300.jpg 142w\" sizes=\"auto, (max-width: 10px) 100vw, 10px\" \/> Moritz Grimmig<\/p>\n\n\n\n<p><em><strong>Club Br\u00fcgge &#8211; Glasgow Rangers (21.00 Uhr)<\/strong><\/em><br><img loading=\"lazy\" decoding=\"async\" width=\"10\" height=\"21\" class=\"wp-image-3656\" style=\"width: 10px;\" src=\"http:\/\/kommentatorenblog.de\/wp-content\/uploads\/2020\/09\/shure-55sh-ii-e1601485394796.jpg\" alt=\"\" srcset=\"http:\/\/kommentatorenblog.de\/wp-content\/uploads\/2020\/09\/shure-55sh-ii-e1601485394796.jpg 415w, http:\/\/kommentatorenblog.de\/wp-content\/uploads\/2020\/09\/shure-55sh-ii-e1601485394796-142x300.jpg 142w\" sizes=\"auto, (max-width: 10px) 100vw, 10px\" \/> David Ploch<\/p>\n\n\n\n<hr class=\"wp-block-separator has-alpha-channel-opacity\"\/>\n\n\n\n<p><strong>EFL Cup (Carabao Cup), 2. Runde (Sky)<\/strong><\/p>\n\n\n\n<p><span style=\"text-decoration: underline;\">Mittwoch, 27. August 2025 ab 20.50 Uhr<\/span><\/p>\n\n\n\n<p><em><strong>Grimsby Town &#8211; Manchester United (21.00 Uhr)<\/strong><\/em><br><img loading=\"lazy\" decoding=\"async\" width=\"10\" height=\"21\" class=\"wp-image-3656\" style=\"width: 10px;\" src=\"http:\/\/kommentatorenblog.de\/wp-content\/uploads\/2020\/09\/shure-55sh-ii-e1601485394796.jpg\" alt=\"\" srcset=\"http:\/\/kommentatorenblog.de\/wp-content\/uploads\/2020\/09\/shure-55sh-ii-e1601485394796.jpg 415w, http:\/\/kommentatorenblog.de\/wp-content\/uploads\/2020\/09\/shure-55sh-ii-e1601485394796-142x300.jpg 142w\" sizes=\"auto, (max-width: 10px) 100vw, 10px\" \/> Uli Hebel<\/p>\n\n\n\n<hr class=\"wp-block-separator has-alpha-channel-opacity\"\/>\n\n\n\n<p><strong>Regionalliga Nordost, 5. Spieltag (<mark style=\"background-color:rgba(0, 0, 0, 0)\" class=\"has-inline-color has-vivid-red-color\">OST<\/mark>SPORT.<mark style=\"background-color:rgba(0, 0, 0, 0)\" class=\"has-inline-color has-vivid-red-color\">TV<\/mark>\/<mark style=\"background-color:rgba(0, 0, 0, 0)\" class=\"has-inline-color has-vivid-cyan-blue-color\">MDR<\/mark>)<\/strong><\/p>\n\n\n\n<p><span style=\"text-decoration: underline;\">Dienstag, 26. August 2025 ab 17.20 Uhr (<mark style=\"background-color:rgba(0, 0, 0, 0)\" class=\"has-inline-color has-vivid-red-color\">OST<\/mark>SPORT.<mark style=\"background-color:rgba(0, 0, 0, 0)\" class=\"has-inline-color has-vivid-red-color\">TV<\/mark> \u00fcber LVZ\/SZ)<\/span><\/p>\n\n\n\n<p><em><strong>BFC Preussen &#8211; BSG Chemie Leipzig (17.30 Uhr)<\/strong><\/em><br><img loading=\"lazy\" decoding=\"async\" width=\"10\" height=\"21\" class=\"wp-image-3656\" style=\"width: 10px;\" src=\"http:\/\/kommentatorenblog.de\/wp-content\/uploads\/2020\/09\/shure-55sh-ii-e1601485394796.jpg\" alt=\"\" srcset=\"http:\/\/kommentatorenblog.de\/wp-content\/uploads\/2020\/09\/shure-55sh-ii-e1601485394796.jpg 415w, http:\/\/kommentatorenblog.de\/wp-content\/uploads\/2020\/09\/shure-55sh-ii-e1601485394796-142x300.jpg 142w\" sizes=\"auto, (max-width: 10px) 100vw, 10px\" \/> Heiko Mallwitz<\/p>\n\n\n\n<p><span style=\"text-decoration: underline;\">ab 18.50 Uhr (<mark style=\"background-color:rgba(0, 0, 0, 0)\" class=\"has-inline-color has-vivid-red-color\">OST<\/mark>SPORT.<mark style=\"background-color:rgba(0, 0, 0, 0)\" class=\"has-inline-color has-vivid-red-color\">TV<\/mark> \u00fcber TA\/OTZ\/TLZ)<\/span><\/p>\n\n\n\n<p><em><strong>VSG Altglienicke &#8211; FC Rot-Wei\u00df Erfurt (19.00 Uhr)<\/strong><\/em><br><img loading=\"lazy\" decoding=\"async\" width=\"10\" height=\"21\" class=\"wp-image-3656\" style=\"width: 10px;\" src=\"http:\/\/kommentatorenblog.de\/wp-content\/uploads\/2020\/09\/shure-55sh-ii-e1601485394796.jpg\" alt=\"\" srcset=\"http:\/\/kommentatorenblog.de\/wp-content\/uploads\/2020\/09\/shure-55sh-ii-e1601485394796.jpg 415w, http:\/\/kommentatorenblog.de\/wp-content\/uploads\/2020\/09\/shure-55sh-ii-e1601485394796-142x300.jpg 142w\" sizes=\"auto, (max-width: 10px) 100vw, 10px\" \/> Christian R\u00fcdiger<\/p>\n\n\n\n<p><span style=\"text-decoration: underline;\">Mittwoch, 27. August 2025 ab 18.45 Uhr (<mark style=\"background-color:rgba(0, 0, 0, 0)\" class=\"has-inline-color has-vivid-red-color\">OST<\/mark>SPORT.<mark style=\"background-color:rgba(0, 0, 0, 0)\" class=\"has-inline-color has-vivid-red-color\">TV<\/mark> \u00fcber Volksstimme\/MZ)<\/span><\/p>\n\n\n\n<p><em><strong>1<\/strong><\/em><strong><em>.<\/em><\/strong><em><strong> FC Magdeburg II &#8211; BFC Dynamo (19.00 Uhr)<\/strong><\/em><br><img loading=\"lazy\" decoding=\"async\" width=\"10\" height=\"21\" class=\"wp-image-3656\" style=\"width: 10px;\" src=\"http:\/\/kommentatorenblog.de\/wp-content\/uploads\/2020\/09\/shure-55sh-ii-e1601485394796.jpg\" alt=\"\" srcset=\"http:\/\/kommentatorenblog.de\/wp-content\/uploads\/2020\/09\/shure-55sh-ii-e1601485394796.jpg 415w, http:\/\/kommentatorenblog.de\/wp-content\/uploads\/2020\/09\/shure-55sh-ii-e1601485394796-142x300.jpg 142w\" sizes=\"auto, (max-width: 10px) 100vw, 10px\" \/> Heiko Mallwitz<br>Moderation: Toni Mielke<\/p>\n\n\n\n<p><span style=\"text-decoration: underline;\">ab 19.00 Uhr (<mark style=\"background-color:rgba(0, 0, 0, 0)\" class=\"has-inline-color has-vivid-cyan-blue-color\">MDR-Livestream<\/mark>)<\/span><\/p>\n\n\n\n<p><em><strong>1<\/strong><\/em><strong><em>.<\/em><\/strong><em><strong> FC Lokomotive Leipzig &#8211; Chemnitzer FC (19.00 Uhr)<\/strong><\/em><br><img loading=\"lazy\" decoding=\"async\" width=\"10\" height=\"21\" class=\"wp-image-3656\" style=\"width: 10px;\" src=\"http:\/\/kommentatorenblog.de\/wp-content\/uploads\/2020\/09\/shure-55sh-ii-e1601485394796.jpg\" alt=\"\" srcset=\"http:\/\/kommentatorenblog.de\/wp-content\/uploads\/2020\/09\/shure-55sh-ii-e1601485394796.jpg 415w, http:\/\/kommentatorenblog.de\/wp-content\/uploads\/2020\/09\/shure-55sh-ii-e1601485394796-142x300.jpg 142w\" sizes=\"auto, (max-width: 10px) 100vw, 10px\" \/> Stephan Weidling<\/p>\n\n\n\n<hr class=\"wp-block-separator has-alpha-channel-opacity\"\/>\n\n\n\n<p><strong>Die Analyse<\/strong><\/p>\n\n\n\n<p>Im DFB-Pokal wird unter der Woche die 1. Runde mit den Spielen der Supercup-Teilnehmer komplettiert. Den Anfang macht am Dienstag Pokalsieger Stuttgart, der am Wochenende in Berlin einen suboptimalen Start in die Bundesligasaison erwischt hat. F\u00fcr die Schwaben geht es nach Braunschweig &#8211; ein Klub, der in der 1. Runde fast schon traditionell ein schweres Los im Amateurtopf darstellt. Neben Sky \u00fcbertr\u00e4gt auch das Erste die Partie. Dort meldet sich, wenn ich nichts \u00fcbersehen habe, Lea Wagner erstmals als Moderatorin bei einem DFB-Pokalspiel der Herren und f\u00fchrt gemeinsam mit Bastian Schweinsteiger durch den Vorlauf. Patrick Halatsch ist als Reporter auf Stimmenfang unterwegs, w\u00e4hrend sich Tom Bartels vom Kommentatorenplatz meldet. Bei Sky \u00fcbernimmt Patrick Wasserziehr die Moderation, Yannick Erkenbrecher f\u00fchrt die zus\u00e4tzlichen Interviews und Martin Gro\u00df kommentiert.<\/p>\n\n\n\n<p>Abgeschlossen wird die 1. Runde dann am Donnerstag mit dem Ausw\u00e4rtsspiel der Bayern bei Wehen Wiesbaden. Auch im ZDF steht (wenn ich nichts \u00fcbersehen habe) hier ein Deb\u00fct an: Lili Engels feiert ihren Einstand als Moderatorin im DFB-Pokal der Herren, gemeinsam mit Christoph Kramer am Spielfeldrand. Oliver Schmidt kommentiert, Boris B\u00fcchler \u00fcbernimmt die Interviews. Bei Sky kommt gr\u00f6\u00dftenteils die Supercup-Crew zum Einsatz: Sebastian Hellmann moderiert, Britta Hofmann ist als Reporterin im Stadion, einzig Kai Dittmann \u00fcbernimmt im Vergleich zum Supercup den Kommentar.<\/p>\n\n\n\n<p>In den Champions-League-Playoffs gab es keine \u00dcberraschungen. F\u00fcr Hannes Herrmann und Benedikt H\u00f6wedes geht es ausnahmsweise schon zur fr\u00fchen Ansto\u00dfzeit ans Mikro. Das Personal f\u00fcr die Conference League liefern wir noch nach. Die Auslosung zur Champions League steigt dann am Donnerstag um 18 Uhr \u2013 zu sehen bei Prime, DAZN, Sky und im ZDF-Stream.<\/p>\n\n\n\n<p>Bis dahin, eine sch\u00f6ne Woche und bis am Donnerstag!<\/p>\n","protected":false},"excerpt":{"rendered":"<p>N\u2019Abend allerseits, das erste Wochenende der Bundesligasaison ist vorbei und das mit vielen neuen Sendungen und Formaten. Sportlich ging es am Freitag und Samstag torreich zu, der Sonntag lebte dann eher von den Bundesligar\u00fcckkehrern und dem Drumherum, fu\u00dfballerisch war das eher d\u00fcnn. Ich habe versucht, so gut es geht \u00fcberall mal reinzuschauen, und muss schon [&hellip;]<\/p>\n","protected":false},"author":5,"featured_media":0,"comment_status":"open","ping_status":"open","sticky":false,"template":"","format":"standard","meta":{"footnotes":""},"categories":[504],"tags":[],"class_list":["post-22572","post","type-post","status-publish","format-standard","hentry","category-dfb-pokal-co"],"_links":{"self":[{"href":"http:\/\/kommentatorenblog.de\/index.php?rest_route=\/wp\/v2\/posts\/22572","targetHints":{"allow":["GET"]}}],"collection":[{"href":"http:\/\/kommentatorenblog.de\/index.php?rest_route=\/wp\/v2\/posts"}],"about":[{"href":"http:\/\/kommentatorenblog.de\/index.php?rest_route=\/wp\/v2\/types\/post"}],"author":[{"embeddable":true,"href":"http:\/\/kommentatorenblog.de\/index.php?rest_route=\/wp\/v2\/users\/5"}],"replies":[{"embeddable":true,"href":"http:\/\/kommentatorenblog.de\/index.php?rest_route=%2Fwp%2Fv2%2Fcomments&post=22572"}],"version-history":[{"count":17,"href":"http:\/\/kommentatorenblog.de\/index.php?rest_route=\/wp\/v2\/posts\/22572\/revisions"}],"predecessor-version":[{"id":22604,"href":"http:\/\/kommentatorenblog.de\/index.php?rest_route=\/wp\/v2\/posts\/22572\/revisions\/22604"}],"wp:attachment":[{"href":"http:\/\/kommentatorenblog.de\/index.php?rest_route=%2Fwp%2Fv2%2Fmedia&parent=22572"}],"wp:term":[{"taxonomy":"category","embeddable":true,"href":"http:\/\/kommentatorenblog.de\/index.php?rest_route=%2Fwp%2Fv2%2Fcategories&post=22572"},{"taxonomy":"post_tag","embeddable":true,"href":"http:\/\/kommentatorenblog.de\/index.php?rest_route=%2Fwp%2Fv2%2Ftags&post=22572"}],"curies":[{"name":"wp","href":"https:\/\/api.w.org\/{rel}","templated":true}]}}