{"id":22699,"date":"2025-09-11T23:09:33","date_gmt":"2025-09-11T22:09:33","guid":{"rendered":"https:\/\/kommentatorenblog.de\/?p=22699"},"modified":"2025-09-22T09:40:31","modified_gmt":"2025-09-22T08:40:31","slug":"1534-30-jahre-doppelpass","status":"publish","type":"post","link":"http:\/\/kommentatorenblog.de\/?p=22699","title":{"rendered":"1534 &#8211; 30 Jahre Doppelpass"},"content":{"rendered":"\n<p>N&#8217;Abend allerseits, <\/p>\n\n\n\n<p>wenn man auf die letzte Woche zur\u00fcckblickt, ist es schwierig zu beurteilen, welches der beiden Ereignisse mehr Wellen in der deutschen Fu\u00dfball-Welt geschlagen hat: Der unterirdische Auftritt der Nationalmannschaft in Bratislava oder der epochale Auftritt Uli Hoene\u00df&#8216; im Doppelpass. <\/p>\n\n\n\n<p>Man kann daraus vieles ableiten. Vieles mag auch an der Hoene\u00df&#8217;schen F\u00e4higkeit liegen, die Autorit\u00e4t der eignen Verantwortlichen in Grund und Boden zu reden. Vieles liegt aber auch an der Institution &#8222;Doppelpass&#8220;, die mit dieser Sendung ihr 30-j\u00e4hriges Jubil\u00e4um feierte und gewisserma\u00dfen das letzte Qu\u00e4ntchen &#8222;Sport&#8220; f\u00fcr &#8222;Sport1&#8220; ist. Kritiker w\u00fcrden sagen, es ist auch das letzte Qu\u00e4ntchen Relevanz f\u00fcr den Sender. <br>Welche Wucht das erzeugen kann, zeigte sich gewisserma\u00dfen auch im Nachgang der Sendung. <\/p>\n\n\n\n<p>Und so darf das Format &#8222;Doppelpass&#8220; v\u00f6llig zurecht als Institution betitelt werden. Kein anderes Fu\u00dfball-Format abseits von Live-\u00dcbertragungen liefert so best\u00e4ndig Schlagzeilen, hat best\u00e4ndig so hochkar\u00e4tige G\u00e4ste und einen so gro\u00dfen Namen &#8211; wie sich auch an der Zahl von nur bisher vier festen Moderatoren zeigt, die auch allesamt positiv gestimmt die Jubil\u00e4umssendung mit begleiteten. <br>Trotz alledem wird die Sendung hier im Blog etwas stiefm\u00fctterlich behandelt. Man k\u00f6nnte sagen: &#8222;Klar, es ist keine Kommentatorensendung&#8220;. Trotzdem ist beachtlich, dass sie es auch bei den Community Awards 2024 nicht mal ann\u00e4hernd in die engere Auswahl geschafft hat. Die Frage nach den Gr\u00fcnden daf\u00fcr, kann nur jede*r individuell beantworten. Sofern ich Sonntagvormittag nicht selbst auf dem Fu\u00dfballplatz stehe, schaue ich f\u00fcr meinen Teil gerne mal in den Doppelpass rein. Aber nur, wenn mich bestimmte G\u00e4ste locken, weil sie kluge Dinge (wie Christoph Kr\u00f6ger am Sonntag) oder spektakul\u00e4re Dinge (wie Uli Hoene\u00df am Sonntag) sagen werden &#8211; und ich deshalb auch bereit bin, den herablassenden Populismus von Stefan Effenberg und insbesondere Alfred Draxler zu ertragen. <\/p>\n\n\n\n<p>An diesem Sonntag sind \u00fcbrigens Marcel Sch\u00e4fer (RB Leipzig), SSN-Reporter Philipp Hinze, Cedric Pick und Tobias Holtkamp zu Gast. Und nat\u00fcrlich Stefan Effenberg.<\/p>\n\n\n\n<hr class=\"wp-block-separator has-alpha-channel-opacity\"\/>\n\n\n\n<p><strong>Die Ansetzungen vom Freitag, dem 12. September bis Montag, dem 15. September 2025:<\/strong><\/p>\n\n\n\n<hr class=\"wp-block-separator has-alpha-channel-opacity\"\/>\n\n\n\n<p><strong>Bundesliga (GER), 3. Spieltag (Sky\/DAZN)<\/strong><\/p>\n\n\n\n<p><span style=\"text-decoration: underline;\">Freitag, 12. September 2025, ab 19.30 Uhr (Sky)<\/span><\/p>\n\n\n\n<p><em><strong>Bayer 04 Leverkusen \u2013 Eintracht Frankfurt (20.30 Uhr)<\/strong><\/em><br><img loading=\"lazy\" decoding=\"async\" width=\"10\" height=\"21\" class=\"wp-image-3656\" style=\"width: 10px;\" src=\"http:\/\/kommentatorenblog.de\/wp-content\/uploads\/2020\/09\/shure-55sh-ii-e1601485394796.jpg\" alt=\"\" srcset=\"http:\/\/kommentatorenblog.de\/wp-content\/uploads\/2020\/09\/shure-55sh-ii-e1601485394796.jpg 415w, http:\/\/kommentatorenblog.de\/wp-content\/uploads\/2020\/09\/shure-55sh-ii-e1601485394796-142x300.jpg 142w\" sizes=\"auto, (max-width: 10px) 100vw, 10px\" \/> Hansi K\u00fcpper und Corni K\u00fcpper<br>Field-Reporter: Dirk gro\u00dfe Schlarmann<br>Moderation: Nele Ocik, Experte: Patrick Helmes<\/p>\n\n\n\n<p><span style=\"text-decoration: underline;\">Samstag, 13. September 2025, ab 14.00 Uhr (DAZN\/Sky)<\/span><\/p>\n\n\n\n<p><em><strong>1. FC Heidenheim \u2013 Borussia Dortmund (15.30 Uhr)<\/strong><\/em><\/p>\n\n\n\n<p><img loading=\"lazy\" decoding=\"async\" width=\"10\" height=\"21\" class=\"wp-image-3656\" style=\"width: 10px;\" src=\"http:\/\/kommentatorenblog.de\/wp-content\/uploads\/2020\/09\/shure-55sh-ii-e1601485394796.jpg\" alt=\"\" srcset=\"http:\/\/kommentatorenblog.de\/wp-content\/uploads\/2020\/09\/shure-55sh-ii-e1601485394796.jpg 415w, http:\/\/kommentatorenblog.de\/wp-content\/uploads\/2020\/09\/shure-55sh-ii-e1601485394796-142x300.jpg 142w\" sizes=\"auto, (max-width: 10px) 100vw, 10px\" \/> <em>Sky: <\/em>Kai Dittmann (Einzelspiel)<br>Field-Reporter (<em>Sky)<\/em>: Mara Mones<\/p>\n\n\n\n<p><img loading=\"lazy\" decoding=\"async\" width=\"10\" height=\"21\" class=\"wp-image-3656\" style=\"width: 10px;\" src=\"http:\/\/kommentatorenblog.de\/wp-content\/uploads\/2020\/09\/shure-55sh-ii-e1601485394796.jpg\" alt=\"\" srcset=\"http:\/\/kommentatorenblog.de\/wp-content\/uploads\/2020\/09\/shure-55sh-ii-e1601485394796.jpg 415w, http:\/\/kommentatorenblog.de\/wp-content\/uploads\/2020\/09\/shure-55sh-ii-e1601485394796-142x300.jpg 142w\" sizes=\"auto, (max-width: 10px) 100vw, 10px\" \/> <em>DAZN: <\/em>Jan Platte (Konferenz)<br>Field-Reporter (<em>DAZN)<\/em>: Andr\u00e9s Veredas Salazar<\/p>\n\n\n\n<p><em><strong>Sport-Club Freiburg \u2013 VfB Stuttgart (15.30 Uhr)<\/strong><\/em><\/p>\n\n\n\n<p><img loading=\"lazy\" decoding=\"async\" width=\"10\" height=\"21\" class=\"wp-image-3656\" style=\"width: 10px;\" src=\"http:\/\/kommentatorenblog.de\/wp-content\/uploads\/2020\/09\/shure-55sh-ii-e1601485394796.jpg\" alt=\"\" srcset=\"http:\/\/kommentatorenblog.de\/wp-content\/uploads\/2020\/09\/shure-55sh-ii-e1601485394796.jpg 415w, http:\/\/kommentatorenblog.de\/wp-content\/uploads\/2020\/09\/shure-55sh-ii-e1601485394796-142x300.jpg 142w\" sizes=\"auto, (max-width: 10px) 100vw, 10px\" \/> <em>Sky: <\/em>Jonas Friedrich, Experte: Shkodran Mustafi (Einzelspiel)<br>Field-Reporter (<em>Sky)<\/em>: Riccardo Basile<\/p>\n\n\n\n<p><img loading=\"lazy\" decoding=\"async\" width=\"10\" height=\"21\" class=\"wp-image-3656\" style=\"width: 10px;\" src=\"http:\/\/kommentatorenblog.de\/wp-content\/uploads\/2020\/09\/shure-55sh-ii-e1601485394796.jpg\" alt=\"\" srcset=\"http:\/\/kommentatorenblog.de\/wp-content\/uploads\/2020\/09\/shure-55sh-ii-e1601485394796.jpg 415w, http:\/\/kommentatorenblog.de\/wp-content\/uploads\/2020\/09\/shure-55sh-ii-e1601485394796-142x300.jpg 142w\" sizes=\"auto, (max-width: 10px) 100vw, 10px\" \/> <em>DAZN: <\/em>Tom Kirsten (Konferenz)<br>Field-Reporter (<em>DAZN)<\/em>: Ann-Sophie Kimmel<\/p>\n\n\n\n<p><em><strong>1. FSV Mainz 05<\/strong><\/em><em><strong> \u2013 RasenBallsport Leipzig (15.30 Uhr)<\/strong><\/em><\/p>\n\n\n\n<p><img loading=\"lazy\" decoding=\"async\" width=\"10\" height=\"21\" class=\"wp-image-3656\" style=\"width: 10px;\" src=\"http:\/\/kommentatorenblog.de\/wp-content\/uploads\/2020\/09\/shure-55sh-ii-e1601485394796.jpg\" alt=\"\" srcset=\"http:\/\/kommentatorenblog.de\/wp-content\/uploads\/2020\/09\/shure-55sh-ii-e1601485394796.jpg 415w, http:\/\/kommentatorenblog.de\/wp-content\/uploads\/2020\/09\/shure-55sh-ii-e1601485394796-142x300.jpg 142w\" sizes=\"auto, (max-width: 10px) 100vw, 10px\" \/> <em>Sky: <\/em>Hansi K\u00fcpper (Einzelspiel)<br>Field-Reporter (<em>Sky)<\/em>: Patrick Wasserziehr<\/p>\n\n\n\n<p><img loading=\"lazy\" decoding=\"async\" width=\"10\" height=\"21\" class=\"wp-image-3656\" style=\"width: 10px;\" src=\"http:\/\/kommentatorenblog.de\/wp-content\/uploads\/2020\/09\/shure-55sh-ii-e1601485394796.jpg\" alt=\"\" srcset=\"http:\/\/kommentatorenblog.de\/wp-content\/uploads\/2020\/09\/shure-55sh-ii-e1601485394796.jpg 415w, http:\/\/kommentatorenblog.de\/wp-content\/uploads\/2020\/09\/shure-55sh-ii-e1601485394796-142x300.jpg 142w\" sizes=\"auto, (max-width: 10px) 100vw, 10px\" \/> <em>DAZN: <\/em>Oliver Forster (Konferenz)<br>Field-Reporter (<em>DAZN)<\/em>: Jan Wochner<\/p>\n\n\n\n<p><em><strong>VfL Wolfsburg \u2013 1. FC K\u00f6ln (15.30 Uhr)<\/strong><\/em><\/p>\n\n\n\n<p><img loading=\"lazy\" decoding=\"async\" width=\"10\" height=\"21\" class=\"wp-image-3656\" style=\"width: 10px;\" src=\"http:\/\/kommentatorenblog.de\/wp-content\/uploads\/2020\/09\/shure-55sh-ii-e1601485394796.jpg\" alt=\"\" srcset=\"http:\/\/kommentatorenblog.de\/wp-content\/uploads\/2020\/09\/shure-55sh-ii-e1601485394796.jpg 415w, http:\/\/kommentatorenblog.de\/wp-content\/uploads\/2020\/09\/shure-55sh-ii-e1601485394796-142x300.jpg 142w\" sizes=\"auto, (max-width: 10px) 100vw, 10px\" \/> <em>Sky: <\/em>Oliver Seidler (Einzelspiel)<br>Field-Reporter (<em>Sky)<\/em>: Yannick Erkenbrecher<\/p>\n\n\n\n<p><img loading=\"lazy\" decoding=\"async\" width=\"10\" height=\"21\" class=\"wp-image-3656\" style=\"width: 10px;\" src=\"http:\/\/kommentatorenblog.de\/wp-content\/uploads\/2020\/09\/shure-55sh-ii-e1601485394796.jpg\" alt=\"\" srcset=\"http:\/\/kommentatorenblog.de\/wp-content\/uploads\/2020\/09\/shure-55sh-ii-e1601485394796.jpg 415w, http:\/\/kommentatorenblog.de\/wp-content\/uploads\/2020\/09\/shure-55sh-ii-e1601485394796-142x300.jpg 142w\" sizes=\"auto, (max-width: 10px) 100vw, 10px\" \/> <em>DAZN: <\/em>Lukas Sch\u00f6nm\u00fcller (Konferenz)<br>Field-Reporter (<em>DAZN)<\/em>: Tom Scheunemann<\/p>\n\n\n\n<p><em><strong>1. FC Union Berlin \u2013 TSG 1899 Hoffenheim (15.30 Uhr)<\/strong><\/em><\/p>\n\n\n\n<p><img loading=\"lazy\" decoding=\"async\" width=\"10\" height=\"21\" class=\"wp-image-3656\" style=\"width: 10px;\" src=\"http:\/\/kommentatorenblog.de\/wp-content\/uploads\/2020\/09\/shure-55sh-ii-e1601485394796.jpg\" alt=\"\" srcset=\"http:\/\/kommentatorenblog.de\/wp-content\/uploads\/2020\/09\/shure-55sh-ii-e1601485394796.jpg 415w, http:\/\/kommentatorenblog.de\/wp-content\/uploads\/2020\/09\/shure-55sh-ii-e1601485394796-142x300.jpg 142w\" sizes=\"auto, (max-width: 10px) 100vw, 10px\" \/> <em>Sky: <\/em>Roland Evers (Einzelspiel)<br>Field-Reporter (<em>Sky)<\/em>: Katharina Kleinfeldt<\/p>\n\n\n\n<p><img loading=\"lazy\" decoding=\"async\" width=\"10\" height=\"21\" class=\"wp-image-3656\" style=\"width: 10px;\" src=\"http:\/\/kommentatorenblog.de\/wp-content\/uploads\/2020\/09\/shure-55sh-ii-e1601485394796.jpg\" alt=\"\" srcset=\"http:\/\/kommentatorenblog.de\/wp-content\/uploads\/2020\/09\/shure-55sh-ii-e1601485394796.jpg 415w, http:\/\/kommentatorenblog.de\/wp-content\/uploads\/2020\/09\/shure-55sh-ii-e1601485394796-142x300.jpg 142w\" sizes=\"auto, (max-width: 10px) 100vw, 10px\" \/> <em>DAZN: <\/em>Max Gross (Konferenz)<br>Field-Reporter (<em>DAZN)<\/em>: Benni Zander<\/p>\n\n\n\n<p>Moderation (<em>Sky, aus dem Studio<\/em>): Michael Leopold, Experten: Dietmar Hamann und Patrick Helmes<\/p>\n\n\n\n<p>Moderation (<em>DAZN, aus Heidenheim<\/em>): Daniel Herzog, Experte: Sebastian Knei\u00dfl<\/p>\n\n\n\n<p><span style=\"text-decoration: underline;\">ab 17.30 Uhr (Sky)<\/span> <\/p>\n\n\n\n<p><em><strong>FC Bayern M\u00fcnchen \u2013 Hamburger SV (18.30 Uhr)<\/strong><\/em><br><img loading=\"lazy\" decoding=\"async\" width=\"10\" height=\"21\" class=\"wp-image-3656\" style=\"width: 10px;\" src=\"http:\/\/kommentatorenblog.de\/wp-content\/uploads\/2020\/09\/shure-55sh-ii-e1601485394796.jpg\" alt=\"\" srcset=\"http:\/\/kommentatorenblog.de\/wp-content\/uploads\/2020\/09\/shure-55sh-ii-e1601485394796.jpg 415w, http:\/\/kommentatorenblog.de\/wp-content\/uploads\/2020\/09\/shure-55sh-ii-e1601485394796-142x300.jpg 142w\" sizes=\"auto, (max-width: 10px) 100vw, 10px\" \/> Wolff Fuss<br>Field-Reporterin: Britta Hofmann<br>Moderation: Sebastian Hellmann, Expert:innen: Tabea Kemme und Lothar Matth\u00e4us<\/p>\n\n\n\n<p><span style=\"text-decoration: underline;\">Sonntag, 14. September 2025, ab 14.45 Uhr (DAZN)<\/span><\/p>\n\n\n\n<p><em><strong>FC St. Pauli \u2013 FC Augsburg (15.30 Uhr)<\/strong><\/em><br><img loading=\"lazy\" decoding=\"async\" width=\"10\" height=\"21\" class=\"wp-image-3656\" style=\"width: 10px;\" src=\"http:\/\/kommentatorenblog.de\/wp-content\/uploads\/2020\/09\/shure-55sh-ii-e1601485394796.jpg\" alt=\"\" srcset=\"http:\/\/kommentatorenblog.de\/wp-content\/uploads\/2020\/09\/shure-55sh-ii-e1601485394796.jpg 415w, http:\/\/kommentatorenblog.de\/wp-content\/uploads\/2020\/09\/shure-55sh-ii-e1601485394796-142x300.jpg 142w\" sizes=\"auto, (max-width: 10px) 100vw, 10px\" \/> Mario Rieker, Experte: Tobias Schweinsteiger<br>Moderation: Freddy Harder<\/p>\n\n\n\n<p><span style=\"text-decoration: underline;\">ab 17.00 Uhr (DAZN)<\/span><\/p>\n\n\n\n<p><em><strong>Borussia M\u00f6nchengladbach \u2013 SV Werder Bremen (17.30 Uhr)<\/strong><\/em><br><img loading=\"lazy\" decoding=\"async\" width=\"10\" height=\"21\" class=\"wp-image-3656\" style=\"width: 10px;\" src=\"http:\/\/kommentatorenblog.de\/wp-content\/uploads\/2020\/09\/shure-55sh-ii-e1601485394796.jpg\" alt=\"\" srcset=\"http:\/\/kommentatorenblog.de\/wp-content\/uploads\/2020\/09\/shure-55sh-ii-e1601485394796.jpg 415w, http:\/\/kommentatorenblog.de\/wp-content\/uploads\/2020\/09\/shure-55sh-ii-e1601485394796-142x300.jpg 142w\" sizes=\"auto, (max-width: 10px) 100vw, 10px\" \/> Jan Platte, Expertin: Turid Knaak<br>Moderation: Tobi Wahnschaffe<\/p>\n\n\n\n<hr class=\"wp-block-separator has-css-opacity is-style-default\"\/>\n\n\n\n<p><strong>Frauen-Bundesliga (GER), 2. Spieltag (Magenta Sport\/DAZN\/Sport1)<\/strong><\/p>\n\n\n\n<p><span style=\"text-decoration: underline;\">Freitag, 12. September 2025, ab 18.15 Uhr (Magenta\/DAZN)<\/span><\/p>\n\n\n\n<p><em><strong>Sport-Club Freiburg \u2013 1. FC K\u00f6ln (18.30 Uhr)<\/strong><\/em><\/p>\n\n\n\n<p><img loading=\"lazy\" decoding=\"async\" width=\"10\" height=\"21\" class=\"wp-image-3656\" style=\"width: 10px;\" src=\"http:\/\/kommentatorenblog.de\/wp-content\/uploads\/2020\/09\/shure-55sh-ii-e1601485394796.jpg\" alt=\"\" srcset=\"http:\/\/kommentatorenblog.de\/wp-content\/uploads\/2020\/09\/shure-55sh-ii-e1601485394796.jpg 415w, http:\/\/kommentatorenblog.de\/wp-content\/uploads\/2020\/09\/shure-55sh-ii-e1601485394796-142x300.jpg 142w\" sizes=\"auto, (max-width: 10px) 100vw, 10px\" \/> <em>Magenta: <\/em>Michael Seyberth<\/p>\n\n\n\n<p><img loading=\"lazy\" decoding=\"async\" width=\"10\" height=\"21\" class=\"wp-image-3656\" style=\"width: 10px;\" src=\"http:\/\/kommentatorenblog.de\/wp-content\/uploads\/2020\/09\/shure-55sh-ii-e1601485394796.jpg\" alt=\"\" srcset=\"http:\/\/kommentatorenblog.de\/wp-content\/uploads\/2020\/09\/shure-55sh-ii-e1601485394796.jpg 415w, http:\/\/kommentatorenblog.de\/wp-content\/uploads\/2020\/09\/shure-55sh-ii-e1601485394796-142x300.jpg 142w\" sizes=\"auto, (max-width: 10px) 100vw, 10px\" \/> <em>DAZN: <\/em>Simon Sterzer<\/p>\n\n\n\n<p><span style=\"text-decoration: underline;\">Samstag, 13. September 2025, ab 11.45 Uhr (Magenta\/DAZN)<\/span><\/p>\n\n\n\n<p><em><strong>1. FC N\u00fcrnberg \u2013 SV Werder Bremen (12.00 Uhr)<\/strong><\/em><\/p>\n\n\n\n<p><img loading=\"lazy\" decoding=\"async\" width=\"10\" height=\"21\" class=\"wp-image-3656\" style=\"width: 10px;\" src=\"http:\/\/kommentatorenblog.de\/wp-content\/uploads\/2020\/09\/shure-55sh-ii-e1601485394796.jpg\" alt=\"\" srcset=\"http:\/\/kommentatorenblog.de\/wp-content\/uploads\/2020\/09\/shure-55sh-ii-e1601485394796.jpg 415w, http:\/\/kommentatorenblog.de\/wp-content\/uploads\/2020\/09\/shure-55sh-ii-e1601485394796-142x300.jpg 142w\" sizes=\"auto, (max-width: 10px) 100vw, 10px\" \/> <em>Magenta: <\/em>Adrian Geiler<\/p>\n\n\n\n<p><img loading=\"lazy\" decoding=\"async\" width=\"10\" height=\"21\" class=\"wp-image-3656\" style=\"width: 10px;\" src=\"http:\/\/kommentatorenblog.de\/wp-content\/uploads\/2020\/09\/shure-55sh-ii-e1601485394796.jpg\" alt=\"\" srcset=\"http:\/\/kommentatorenblog.de\/wp-content\/uploads\/2020\/09\/shure-55sh-ii-e1601485394796.jpg 415w, http:\/\/kommentatorenblog.de\/wp-content\/uploads\/2020\/09\/shure-55sh-ii-e1601485394796-142x300.jpg 142w\" sizes=\"auto, (max-width: 10px) 100vw, 10px\" \/> <em>DAZN: <\/em>Oliver Fa\u00dfnacht<\/p>\n\n\n\n<p><span style=\"text-decoration: underline;\">ab 13.45 Uhr (Magenta\/DAZN)<\/span> <\/p>\n\n\n\n<p><em><strong>SGS Essen \u2013 Hamburger SV (14.00 Uhr)<\/strong><\/em><\/p>\n\n\n\n<p><img loading=\"lazy\" decoding=\"async\" width=\"10\" height=\"21\" class=\"wp-image-3656\" style=\"width: 10px;\" src=\"http:\/\/kommentatorenblog.de\/wp-content\/uploads\/2020\/09\/shure-55sh-ii-e1601485394796.jpg\" alt=\"\" srcset=\"http:\/\/kommentatorenblog.de\/wp-content\/uploads\/2020\/09\/shure-55sh-ii-e1601485394796.jpg 415w, http:\/\/kommentatorenblog.de\/wp-content\/uploads\/2020\/09\/shure-55sh-ii-e1601485394796-142x300.jpg 142w\" sizes=\"auto, (max-width: 10px) 100vw, 10px\" \/> <em>Magenta: <\/em>Daniel Wimmer<\/p>\n\n\n\n<p><img loading=\"lazy\" decoding=\"async\" width=\"10\" height=\"21\" class=\"wp-image-3656\" style=\"width: 10px;\" src=\"http:\/\/kommentatorenblog.de\/wp-content\/uploads\/2020\/09\/shure-55sh-ii-e1601485394796.jpg\" alt=\"\" srcset=\"http:\/\/kommentatorenblog.de\/wp-content\/uploads\/2020\/09\/shure-55sh-ii-e1601485394796.jpg 415w, http:\/\/kommentatorenblog.de\/wp-content\/uploads\/2020\/09\/shure-55sh-ii-e1601485394796-142x300.jpg 142w\" sizes=\"auto, (max-width: 10px) 100vw, 10px\" \/> <em>DAZN: <\/em>Matthias Naebers<\/p>\n\n\n\n<p><span style=\"text-decoration: underline;\">Sonntag, 14. September 2025, ab 13.45 Uhr (Magenta\/DAZN)<\/span><\/p>\n\n\n\n<p><em><strong>RasenBallsport Leipzig \u2013 FC Bayern M\u00fcnchen (14.00 Uhr)<\/strong><\/em><\/p>\n\n\n\n<p><img loading=\"lazy\" decoding=\"async\" width=\"10\" height=\"21\" class=\"wp-image-3656\" style=\"width: 10px;\" src=\"http:\/\/kommentatorenblog.de\/wp-content\/uploads\/2020\/09\/shure-55sh-ii-e1601485394796.jpg\" alt=\"\" srcset=\"http:\/\/kommentatorenblog.de\/wp-content\/uploads\/2020\/09\/shure-55sh-ii-e1601485394796.jpg 415w, http:\/\/kommentatorenblog.de\/wp-content\/uploads\/2020\/09\/shure-55sh-ii-e1601485394796-142x300.jpg 142w\" sizes=\"auto, (max-width: 10px) 100vw, 10px\" \/> <em>Magenta: <\/em>Michael Seyberth<\/p>\n\n\n\n<p><img loading=\"lazy\" decoding=\"async\" width=\"10\" height=\"21\" class=\"wp-image-3656\" style=\"width: 10px;\" src=\"http:\/\/kommentatorenblog.de\/wp-content\/uploads\/2020\/09\/shure-55sh-ii-e1601485394796.jpg\" alt=\"\" srcset=\"http:\/\/kommentatorenblog.de\/wp-content\/uploads\/2020\/09\/shure-55sh-ii-e1601485394796.jpg 415w, http:\/\/kommentatorenblog.de\/wp-content\/uploads\/2020\/09\/shure-55sh-ii-e1601485394796-142x300.jpg 142w\" sizes=\"auto, (max-width: 10px) 100vw, 10px\" \/> <em>DAZN: <\/em>Jeremias Diel<\/p>\n\n\n\n<p><span style=\"text-decoration: underline;\">ab 15.45 Uhr (Magenta\/DAZN)<\/span><\/p>\n\n\n\n<p><em><strong>VfL Wolfsburg \u2013 FC Carl Zeiss Jena (16.00 Uhr)<\/strong><\/em><\/p>\n\n\n\n<p><img loading=\"lazy\" decoding=\"async\" width=\"10\" height=\"21\" class=\"wp-image-3656\" style=\"width: 10px;\" src=\"http:\/\/kommentatorenblog.de\/wp-content\/uploads\/2020\/09\/shure-55sh-ii-e1601485394796.jpg\" alt=\"\" srcset=\"http:\/\/kommentatorenblog.de\/wp-content\/uploads\/2020\/09\/shure-55sh-ii-e1601485394796.jpg 415w, http:\/\/kommentatorenblog.de\/wp-content\/uploads\/2020\/09\/shure-55sh-ii-e1601485394796-142x300.jpg 142w\" sizes=\"auto, (max-width: 10px) 100vw, 10px\" \/> <em>Magenta: <\/em>Martin Piller<\/p>\n\n\n\n<p><img loading=\"lazy\" decoding=\"async\" width=\"10\" height=\"21\" class=\"wp-image-3656\" style=\"width: 10px;\" src=\"http:\/\/kommentatorenblog.de\/wp-content\/uploads\/2020\/09\/shure-55sh-ii-e1601485394796.jpg\" alt=\"\" srcset=\"http:\/\/kommentatorenblog.de\/wp-content\/uploads\/2020\/09\/shure-55sh-ii-e1601485394796.jpg 415w, http:\/\/kommentatorenblog.de\/wp-content\/uploads\/2020\/09\/shure-55sh-ii-e1601485394796-142x300.jpg 142w\" sizes=\"auto, (max-width: 10px) 100vw, 10px\" \/> <em>DAZN: <\/em>Markus Theil<\/p>\n\n\n\n<p><span style=\"text-decoration: underline;\">ab 18.15 Uhr (Magenta\/DAZN)<\/span> <\/p>\n\n\n\n<p><em><strong>TSG 1899 Hoffenheim \u2013 Eintracht Frankfurt (18.30 Uhr)<\/strong><\/em><\/p>\n\n\n\n<p><img loading=\"lazy\" decoding=\"async\" width=\"10\" height=\"21\" class=\"wp-image-3656\" style=\"width: 10px;\" src=\"http:\/\/kommentatorenblog.de\/wp-content\/uploads\/2020\/09\/shure-55sh-ii-e1601485394796.jpg\" alt=\"\" srcset=\"http:\/\/kommentatorenblog.de\/wp-content\/uploads\/2020\/09\/shure-55sh-ii-e1601485394796.jpg 415w, http:\/\/kommentatorenblog.de\/wp-content\/uploads\/2020\/09\/shure-55sh-ii-e1601485394796-142x300.jpg 142w\" sizes=\"auto, (max-width: 10px) 100vw, 10px\" \/> <em>Magenta: <\/em>Oskar Heirler<br>Moderation (<em>Magenta<\/em>): Simon K\u00f6pfer, Expertin: Tabea Kemme<\/p>\n\n\n\n<p><img loading=\"lazy\" decoding=\"async\" width=\"10\" height=\"21\" class=\"wp-image-3656\" style=\"width: 10px;\" src=\"http:\/\/kommentatorenblog.de\/wp-content\/uploads\/2020\/09\/shure-55sh-ii-e1601485394796.jpg\" alt=\"\" srcset=\"http:\/\/kommentatorenblog.de\/wp-content\/uploads\/2020\/09\/shure-55sh-ii-e1601485394796.jpg 415w, http:\/\/kommentatorenblog.de\/wp-content\/uploads\/2020\/09\/shure-55sh-ii-e1601485394796-142x300.jpg 142w\" sizes=\"auto, (max-width: 10px) 100vw, 10px\" \/> <em>DAZN: <\/em><s>Benni Zander<\/s> Oliver Fa\u00dfnacht<\/p>\n\n\n\n<p><span style=\"text-decoration: underline;\">Montag, 15. September 2024, ab 17.45 Uhr (Sport1\/Magenta\/DAZN)<\/span><\/p>\n\n\n\n<p><em><strong>Bayer 04 Leverkusen \u2013 1. FC Union Berlin (18.00 Uhr)<\/strong><\/em><\/p>\n\n\n\n<p><img loading=\"lazy\" decoding=\"async\" width=\"10\" height=\"21\" class=\"wp-image-3656\" style=\"width: 10px;\" src=\"http:\/\/kommentatorenblog.de\/wp-content\/uploads\/2020\/09\/shure-55sh-ii-e1601485394796.jpg\" alt=\"\" srcset=\"http:\/\/kommentatorenblog.de\/wp-content\/uploads\/2020\/09\/shure-55sh-ii-e1601485394796.jpg 415w, http:\/\/kommentatorenblog.de\/wp-content\/uploads\/2020\/09\/shure-55sh-ii-e1601485394796-142x300.jpg 142w\" sizes=\"auto, (max-width: 10px) 100vw, 10px\" \/> <em>Sport1: <\/em>Christina Rann<br>Moderation (<em>Sport1<\/em>): Katharina Kleinfeldt<\/p>\n\n\n\n<p><img loading=\"lazy\" decoding=\"async\" width=\"10\" height=\"21\" class=\"wp-image-3656\" style=\"width: 10px;\" src=\"http:\/\/kommentatorenblog.de\/wp-content\/uploads\/2020\/09\/shure-55sh-ii-e1601485394796.jpg\" alt=\"\" srcset=\"http:\/\/kommentatorenblog.de\/wp-content\/uploads\/2020\/09\/shure-55sh-ii-e1601485394796.jpg 415w, http:\/\/kommentatorenblog.de\/wp-content\/uploads\/2020\/09\/shure-55sh-ii-e1601485394796-142x300.jpg 142w\" sizes=\"auto, (max-width: 10px) 100vw, 10px\" \/> <em>Magenta: <\/em>Adrian Geiler<\/p>\n\n\n\n<p><img loading=\"lazy\" decoding=\"async\" width=\"10\" height=\"21\" class=\"wp-image-3656\" style=\"width: 10px;\" src=\"http:\/\/kommentatorenblog.de\/wp-content\/uploads\/2020\/09\/shure-55sh-ii-e1601485394796.jpg\" alt=\"\" srcset=\"http:\/\/kommentatorenblog.de\/wp-content\/uploads\/2020\/09\/shure-55sh-ii-e1601485394796.jpg 415w, http:\/\/kommentatorenblog.de\/wp-content\/uploads\/2020\/09\/shure-55sh-ii-e1601485394796-142x300.jpg 142w\" sizes=\"auto, (max-width: 10px) 100vw, 10px\" \/> <em>DAZN: <\/em>Matthias Naebers<\/p>\n\n\n\n<hr class=\"wp-block-separator has-alpha-channel-opacity\"\/>\n\n\n\n<p><strong>2. Bundesliga (GER), 5. Spieltag (Sky\/RTL)<\/strong><\/p>\n\n\n\n<p><span style=\"text-decoration: underline;\">Freitag, 12. September 2025, ab 18.00 Uhr (Sky)<\/span><\/p>\n\n\n\n<p><em><strong>Die Konferenz (18.30 Uhr)<\/strong><\/em><br><img loading=\"lazy\" decoding=\"async\" width=\"10\" height=\"21\" class=\"wp-image-3656\" style=\"width: 10px;\" src=\"http:\/\/kommentatorenblog.de\/wp-content\/uploads\/2020\/09\/shure-55sh-ii-e1601485394796.jpg\" alt=\"\" srcset=\"http:\/\/kommentatorenblog.de\/wp-content\/uploads\/2020\/09\/shure-55sh-ii-e1601485394796.jpg 415w, http:\/\/kommentatorenblog.de\/wp-content\/uploads\/2020\/09\/shure-55sh-ii-e1601485394796-142x300.jpg 142w\" sizes=\"auto, (max-width: 10px) 100vw, 10px\" \/> Martin Gro\u00df (Fokus auf DSC-FCM)<\/p>\n\n\n\n<p><em><strong>DSC Arminia Bielefeld \u2013 1. FC Magdeburg (18.30 Uhr)<\/strong><\/em><br><img loading=\"lazy\" decoding=\"async\" width=\"10\" height=\"21\" class=\"wp-image-3656\" style=\"width: 10px;\" src=\"http:\/\/kommentatorenblog.de\/wp-content\/uploads\/2020\/09\/shure-55sh-ii-e1601485394796.jpg\" alt=\"\" srcset=\"http:\/\/kommentatorenblog.de\/wp-content\/uploads\/2020\/09\/shure-55sh-ii-e1601485394796.jpg 415w, http:\/\/kommentatorenblog.de\/wp-content\/uploads\/2020\/09\/shure-55sh-ii-e1601485394796-142x300.jpg 142w\" sizes=\"auto, (max-width: 10px) 100vw, 10px\" \/> Christian Stra\u00dfburger<\/p>\n\n\n\n<p><em><strong>SC Paderborn 07 \u2013 VfL Bochum (18.30 Uhr)<\/strong><\/em><br><img loading=\"lazy\" decoding=\"async\" width=\"10\" height=\"21\" class=\"wp-image-3656\" style=\"width: 10px;\" src=\"http:\/\/kommentatorenblog.de\/wp-content\/uploads\/2020\/09\/shure-55sh-ii-e1601485394796.jpg\" alt=\"\" srcset=\"http:\/\/kommentatorenblog.de\/wp-content\/uploads\/2020\/09\/shure-55sh-ii-e1601485394796.jpg 415w, http:\/\/kommentatorenblog.de\/wp-content\/uploads\/2020\/09\/shure-55sh-ii-e1601485394796-142x300.jpg 142w\" sizes=\"auto, (max-width: 10px) 100vw, 10px\" \/> Joachim Hebel<br>Field-Reporter: Marlon Irlbacher<\/p>\n\n\n\n<p>Moderation (aus Bielefeld): Thomas Wagner, Experte: S\u00f6ren Gonther, Gast: Fabian Klos<\/p>\n\n\n\n<p><span style=\"text-decoration: underline;\">Samstag, 13. September 2025, ab 12.30 Uhr (Sky)<\/span><\/p>\n\n\n\n<p><em><strong>FC Schalke 04 \u2013 <em><strong>Holstein Kiel<\/strong><\/em> (13.00 Uhr)<\/strong><\/em><br><img loading=\"lazy\" decoding=\"async\" width=\"10\" height=\"21\" class=\"wp-image-3656\" style=\"width: 10px;\" src=\"http:\/\/kommentatorenblog.de\/wp-content\/uploads\/2020\/09\/shure-55sh-ii-e1601485394796.jpg\" alt=\"\" srcset=\"http:\/\/kommentatorenblog.de\/wp-content\/uploads\/2020\/09\/shure-55sh-ii-e1601485394796.jpg 415w, http:\/\/kommentatorenblog.de\/wp-content\/uploads\/2020\/09\/shure-55sh-ii-e1601485394796-142x300.jpg 142w\" sizes=\"auto, (max-width: 10px) 100vw, 10px\" \/> Martin Gro\u00df (Einzelspiel), Markus G\u00f6tz (Konferenz)<br>Field-Reporter: Dirk gro\u00dfe Schlarmann<\/p>\n\n\n\n<p><em><strong>Karlsruher SC \u2013 1. FC N\u00fcrnberg (13.00 Uhr)<\/strong><\/em><br><img loading=\"lazy\" decoding=\"async\" width=\"10\" height=\"21\" class=\"wp-image-3656\" style=\"width: 10px;\" src=\"http:\/\/kommentatorenblog.de\/wp-content\/uploads\/2020\/09\/shure-55sh-ii-e1601485394796.jpg\" alt=\"\" srcset=\"http:\/\/kommentatorenblog.de\/wp-content\/uploads\/2020\/09\/shure-55sh-ii-e1601485394796.jpg 415w, http:\/\/kommentatorenblog.de\/wp-content\/uploads\/2020\/09\/shure-55sh-ii-e1601485394796-142x300.jpg 142w\" sizes=\"auto, (max-width: 10px) 100vw, 10px\" \/> <s>Dominik M\u00fcller<\/s> Toni Tomic (Einzelspiel), <s>Toni Tomic<\/s> Dominik M\u00fcller (Konferenz)<br>Field-Reporter: Dennis Bayer<\/p>\n\n\n\n<p><em><strong>SV Darmstadt 98 \u2013 Eintracht Braunschweig (13.00 Uhr)<\/strong><\/em><br><img loading=\"lazy\" decoding=\"async\" width=\"10\" height=\"21\" class=\"wp-image-3656\" style=\"width: 10px;\" src=\"http:\/\/kommentatorenblog.de\/wp-content\/uploads\/2020\/09\/shure-55sh-ii-e1601485394796.jpg\" alt=\"\" srcset=\"http:\/\/kommentatorenblog.de\/wp-content\/uploads\/2020\/09\/shure-55sh-ii-e1601485394796.jpg 415w, http:\/\/kommentatorenblog.de\/wp-content\/uploads\/2020\/09\/shure-55sh-ii-e1601485394796-142x300.jpg 142w\" sizes=\"auto, (max-width: 10px) 100vw, 10px\" \/> <s>Marcus Lindemann<\/s> Timo Sch\u00e4fers (Einzelspiel), Sven Schr\u00f6ter (Konferenz)<br>Field-Reporter: Klaus Veltman<\/p>\n\n\n\n<p>Moderation (aus Gelsenkirchen): Max Zielke, Experte: Simon Terodde<\/p>\n\n\n\n<p><span style=\"text-decoration: underline;\">ab 20.00 Uhr (Sky) bzw. ab 20.15 Uhr (RTL)<\/span><\/p>\n\n\n\n<p><em><strong><em><strong>Hannover 96<\/strong><\/em> \u2013 Hertha BSC (20.30 Uhr)<\/strong><\/em><\/p>\n\n\n\n<p><img loading=\"lazy\" decoding=\"async\" width=\"10\" height=\"21\" class=\"wp-image-3656\" style=\"width: 10px;\" src=\"http:\/\/kommentatorenblog.de\/wp-content\/uploads\/2020\/09\/shure-55sh-ii-e1601485394796.jpg\" alt=\"\" srcset=\"http:\/\/kommentatorenblog.de\/wp-content\/uploads\/2020\/09\/shure-55sh-ii-e1601485394796.jpg 415w, http:\/\/kommentatorenblog.de\/wp-content\/uploads\/2020\/09\/shure-55sh-ii-e1601485394796-142x300.jpg 142w\" sizes=\"auto, (max-width: 10px) 100vw, 10px\" \/> <em>Sky: <\/em>Christian Stra\u00dfburger, Experte: Torsten Mattuschka<br>Field-Reporterin: Lisa de Ruiter<br>Moderation: Stefan Hempel<\/p>\n\n\n\n<p><img loading=\"lazy\" decoding=\"async\" width=\"10\" height=\"21\" class=\"wp-image-3656\" style=\"width: 10px;\" src=\"http:\/\/kommentatorenblog.de\/wp-content\/uploads\/2020\/09\/shure-55sh-ii-e1601485394796.jpg\" alt=\"\" srcset=\"http:\/\/kommentatorenblog.de\/wp-content\/uploads\/2020\/09\/shure-55sh-ii-e1601485394796.jpg 415w, http:\/\/kommentatorenblog.de\/wp-content\/uploads\/2020\/09\/shure-55sh-ii-e1601485394796-142x300.jpg 142w\" sizes=\"auto, (max-width: 10px) 100vw, 10px\" \/> <em>RTL: <\/em>Marco Hagemann, Experte: Felix Kroos<br>Field-Reporterin: Jana Wosnitza<br>Moderation: Florian K\u00f6nig<\/p>\n\n\n\n<p><span style=\"text-decoration: underline;\">Sonntag, 14. September 2025, ab 13.00 Uhr (Sky)<\/span><\/p>\n\n\n\n<p><em><strong>Preu\u00dfen M\u00fcnster \u2013 Fortuna D\u00fcsseldorf (13.30 Uhr)<\/strong><\/em><br><img loading=\"lazy\" decoding=\"async\" width=\"10\" height=\"21\" class=\"wp-image-3656\" style=\"width: 10px;\" src=\"http:\/\/kommentatorenblog.de\/wp-content\/uploads\/2020\/09\/shure-55sh-ii-e1601485394796.jpg\" alt=\"\" srcset=\"http:\/\/kommentatorenblog.de\/wp-content\/uploads\/2020\/09\/shure-55sh-ii-e1601485394796.jpg 415w, http:\/\/kommentatorenblog.de\/wp-content\/uploads\/2020\/09\/shure-55sh-ii-e1601485394796-142x300.jpg 142w\" sizes=\"auto, (max-width: 10px) 100vw, 10px\" \/> Kai Dittmann (Einzelspiel), Hannes Herrmann (Konferenz)<\/p>\n\n\n\n<p><em><strong><em><strong>SV Elversberg<\/strong><\/em> \u2013 Dynamo Dresden (13.30 Uhr)<\/strong><\/em><br><img loading=\"lazy\" decoding=\"async\" width=\"10\" height=\"21\" class=\"wp-image-3656\" style=\"width: 10px;\" src=\"http:\/\/kommentatorenblog.de\/wp-content\/uploads\/2020\/09\/shure-55sh-ii-e1601485394796.jpg\" alt=\"\" srcset=\"http:\/\/kommentatorenblog.de\/wp-content\/uploads\/2020\/09\/shure-55sh-ii-e1601485394796.jpg 415w, http:\/\/kommentatorenblog.de\/wp-content\/uploads\/2020\/09\/shure-55sh-ii-e1601485394796-142x300.jpg 142w\" sizes=\"auto, (max-width: 10px) 100vw, 10px\" \/> Joachim Hebel (Einzelspiel), Sven Schr\u00f6ter (Konferenz)<br>Field-Reporter: Max Zielke<\/p>\n\n\n\n<p><em><strong>SpVgg Greuther F\u00fcrth \u2013 <em><strong><em><strong>1. FC Kaiserslautern<\/strong><\/em><\/strong><\/em> (13.30 Uhr)<\/strong><\/em><br><img loading=\"lazy\" decoding=\"async\" width=\"10\" height=\"21\" class=\"wp-image-3656\" style=\"width: 10px;\" src=\"http:\/\/kommentatorenblog.de\/wp-content\/uploads\/2020\/09\/shure-55sh-ii-e1601485394796.jpg\" alt=\"\" srcset=\"http:\/\/kommentatorenblog.de\/wp-content\/uploads\/2020\/09\/shure-55sh-ii-e1601485394796.jpg 415w, http:\/\/kommentatorenblog.de\/wp-content\/uploads\/2020\/09\/shure-55sh-ii-e1601485394796-142x300.jpg 142w\" sizes=\"auto, (max-width: 10px) 100vw, 10px\" \/> Marcel Meinert (Einzelspiel), Toni Tomic (Konferenz)<br>Field-Reporterin: Mara Mones<\/p>\n\n\n\n<p>Moderation (aus M\u00fcnster): Yannick Erkenbrecher, Experte: Torsten Mattuschka<\/p>\n\n\n\n<hr class=\"wp-block-separator has-alpha-channel-opacity\"\/>\n\n\n\n<p><strong>3. Liga (GER), 5. Spieltag (Magenta Sport\/MDR\/BR)<\/strong><\/p>\n\n\n\n<p><span style=\"text-decoration: underline;\">Freitag, 12. September 2025, ab 18.30 Uhr (Magenta)<\/span><\/p>\n\n\n\n<p><em><strong>SSV Jahn Regensburg \u2013 Rot-Weiss Essen (19.00 Uhr)<\/strong><\/em><br><img loading=\"lazy\" decoding=\"async\" width=\"10\" height=\"21\" class=\"wp-image-3656\" style=\"width: 10px;\" src=\"http:\/\/kommentatorenblog.de\/wp-content\/uploads\/2020\/09\/shure-55sh-ii-e1601485394796.jpg\" alt=\"\" srcset=\"http:\/\/kommentatorenblog.de\/wp-content\/uploads\/2020\/09\/shure-55sh-ii-e1601485394796.jpg 415w, http:\/\/kommentatorenblog.de\/wp-content\/uploads\/2020\/09\/shure-55sh-ii-e1601485394796-142x300.jpg 142w\" sizes=\"auto, (max-width: 10px) 100vw, 10px\" \/> Alexander Klich, Experte: Steven Ruprecht<br>Moderation: Sascha Bandermann<\/p>\n\n\n\n<p><span style=\"text-decoration: underline;\">Samstag, 13. September 2025, ab 13.30 Uhr (Magenta)<\/span><\/p>\n\n\n\n<p><em><strong>Die Konferenz (14.00 Uhr)<\/strong><\/em><br><img loading=\"lazy\" decoding=\"async\" width=\"10\" height=\"21\" class=\"wp-image-3656\" style=\"width: 10px;\" src=\"http:\/\/kommentatorenblog.de\/wp-content\/uploads\/2020\/09\/shure-55sh-ii-e1601485394796.jpg\" alt=\"\" srcset=\"http:\/\/kommentatorenblog.de\/wp-content\/uploads\/2020\/09\/shure-55sh-ii-e1601485394796.jpg 415w, http:\/\/kommentatorenblog.de\/wp-content\/uploads\/2020\/09\/shure-55sh-ii-e1601485394796-142x300.jpg 142w\" sizes=\"auto, (max-width: 10px) 100vw, 10px\" \/> Sascha Bandermann, Experte: Steven Ruprecht<\/p>\n\n\n\n<p><span style=\"text-decoration: underline;\">ab 13.45 Uhr (Magenta)<\/span> <\/p>\n\n\n\n<p><strong><em><em><strong>MSV Duisburg<\/strong><\/em> <\/em><\/strong><em><strong>\u2013 SV Wehen Wiesbaden (14.00 Uhr)<\/strong><\/em><br><img loading=\"lazy\" decoding=\"async\" width=\"10\" height=\"21\" class=\"wp-image-3656\" style=\"width: 10px;\" src=\"http:\/\/kommentatorenblog.de\/wp-content\/uploads\/2020\/09\/shure-55sh-ii-e1601485394796.jpg\" alt=\"\" srcset=\"http:\/\/kommentatorenblog.de\/wp-content\/uploads\/2020\/09\/shure-55sh-ii-e1601485394796.jpg 415w, http:\/\/kommentatorenblog.de\/wp-content\/uploads\/2020\/09\/shure-55sh-ii-e1601485394796-142x300.jpg 142w\" sizes=\"auto, (max-width: 10px) 100vw, 10px\" \/> Julian-Luca Sch\u00e4fer<br>Moderation: Kamila Benschop<\/p>\n\n\n\n<p><em><strong>VfB Stuttgart II \u2013 1. FC Saarbr\u00fccken (14.00 Uhr)<\/strong><\/em><br><img loading=\"lazy\" decoding=\"async\" width=\"10\" height=\"21\" class=\"wp-image-3656\" style=\"width: 10px;\" src=\"http:\/\/kommentatorenblog.de\/wp-content\/uploads\/2020\/09\/shure-55sh-ii-e1601485394796.jpg\" alt=\"\" srcset=\"http:\/\/kommentatorenblog.de\/wp-content\/uploads\/2020\/09\/shure-55sh-ii-e1601485394796.jpg 415w, http:\/\/kommentatorenblog.de\/wp-content\/uploads\/2020\/09\/shure-55sh-ii-e1601485394796-142x300.jpg 142w\" sizes=\"auto, (max-width: 10px) 100vw, 10px\" \/> Oskar Heirler<br>Moderation: Hannes Jakobi<\/p>\n\n\n\n<p><em><strong>TSG 1899 Hoffenheim II \u2013 SC Verl (14.00 Uhr)<\/strong><\/em><br><img loading=\"lazy\" decoding=\"async\" width=\"10\" height=\"21\" class=\"wp-image-3656\" style=\"width: 10px;\" src=\"http:\/\/kommentatorenblog.de\/wp-content\/uploads\/2020\/09\/shure-55sh-ii-e1601485394796.jpg\" alt=\"\" srcset=\"http:\/\/kommentatorenblog.de\/wp-content\/uploads\/2020\/09\/shure-55sh-ii-e1601485394796.jpg 415w, http:\/\/kommentatorenblog.de\/wp-content\/uploads\/2020\/09\/shure-55sh-ii-e1601485394796-142x300.jpg 142w\" sizes=\"auto, (max-width: 10px) 100vw, 10px\" \/> Philip Konrad<br>Moderation: Julia Kleine<\/p>\n\n\n\n<p><span style=\"text-decoration: underline;\">ab 13.45 Uhr (Magenta) bzw. ab 14.00 Uhr (MDR)<\/span><\/p>\n\n\n\n<p><strong><em>FC Erzgebirge Aue <\/em><\/strong><em><strong>\u2013 FC Viktoria K\u00f6ln (14.00 Uhr)<\/strong><\/em><\/p>\n\n\n\n<p><img loading=\"lazy\" decoding=\"async\" width=\"10\" height=\"21\" class=\"wp-image-3656\" style=\"width: 10px;\" src=\"http:\/\/kommentatorenblog.de\/wp-content\/uploads\/2020\/09\/shure-55sh-ii-e1601485394796.jpg\" alt=\"\" srcset=\"http:\/\/kommentatorenblog.de\/wp-content\/uploads\/2020\/09\/shure-55sh-ii-e1601485394796.jpg 415w, http:\/\/kommentatorenblog.de\/wp-content\/uploads\/2020\/09\/shure-55sh-ii-e1601485394796-142x300.jpg 142w\" sizes=\"auto, (max-width: 10px) 100vw, 10px\" \/> <em>Magenta: <\/em>Andreas Mann<br>Moderation (<em>Magenta<\/em>): Miriam Sinno<\/p>\n\n\n\n<p><img loading=\"lazy\" decoding=\"async\" width=\"10\" height=\"21\" class=\"wp-image-3656\" style=\"width: 10px;\" src=\"http:\/\/kommentatorenblog.de\/wp-content\/uploads\/2020\/09\/shure-55sh-ii-e1601485394796.jpg\" alt=\"\" srcset=\"http:\/\/kommentatorenblog.de\/wp-content\/uploads\/2020\/09\/shure-55sh-ii-e1601485394796.jpg 415w, http:\/\/kommentatorenblog.de\/wp-content\/uploads\/2020\/09\/shure-55sh-ii-e1601485394796-142x300.jpg 142w\" sizes=\"auto, (max-width: 10px) 100vw, 10px\" \/> <em>MDR: <\/em>Thomas Kunze, Experte: Torsten Ziegner<br>Moderation (<em>MDR<\/em>): Stephanie M\u00fcller-Spirra<\/p>\n\n\n\n<p><span style=\"text-decoration: underline;\">ab 13.45 Uhr (Magenta) bzw. ab 14.00 Uhr (BR)<\/span><\/p>\n\n\n\n<p><strong><em><em><strong>FC Ingolstadt<\/strong><\/em> <\/em><\/strong><em><strong>\u2013 <strong><em><em><strong>FC Schweinfurt<\/strong><\/em><\/em><\/strong> (14.00 Uhr)<\/strong><\/em><\/p>\n\n\n\n<p><img loading=\"lazy\" decoding=\"async\" width=\"10\" height=\"21\" class=\"wp-image-3656\" style=\"width: 10px;\" src=\"http:\/\/kommentatorenblog.de\/wp-content\/uploads\/2020\/09\/shure-55sh-ii-e1601485394796.jpg\" alt=\"\" srcset=\"http:\/\/kommentatorenblog.de\/wp-content\/uploads\/2020\/09\/shure-55sh-ii-e1601485394796.jpg 415w, http:\/\/kommentatorenblog.de\/wp-content\/uploads\/2020\/09\/shure-55sh-ii-e1601485394796-142x300.jpg 142w\" sizes=\"auto, (max-width: 10px) 100vw, 10px\" \/> <em>Magenta: <\/em>Franz B\u00fcchner<br>Moderation (<em>Magenta<\/em>): Tobi Wahnschaffe<\/p>\n\n\n\n<p><img loading=\"lazy\" decoding=\"async\" width=\"10\" height=\"21\" class=\"wp-image-3656\" style=\"width: 10px;\" src=\"http:\/\/kommentatorenblog.de\/wp-content\/uploads\/2020\/09\/shure-55sh-ii-e1601485394796.jpg\" alt=\"\" srcset=\"http:\/\/kommentatorenblog.de\/wp-content\/uploads\/2020\/09\/shure-55sh-ii-e1601485394796.jpg 415w, http:\/\/kommentatorenblog.de\/wp-content\/uploads\/2020\/09\/shure-55sh-ii-e1601485394796-142x300.jpg 142w\" sizes=\"auto, (max-width: 10px) 100vw, 10px\" \/> <em>BR: <\/em>Bernd Schmelzer<br>Moderation (<em>BR<\/em>): Julia B\u00fcchler<\/p>\n\n\n\n<p><span style=\"text-decoration: underline;\">ab 16.15 Uhr (Magenta)<\/span> <\/p>\n\n\n\n<p><em><strong><em><strong>Alemannia Aachen<\/strong><\/em> \u2013 SSV Ulm 1846 (16.30 Uhr)<\/strong><\/em><br><img loading=\"lazy\" decoding=\"async\" width=\"10\" height=\"21\" class=\"wp-image-3656\" style=\"width: 10px;\" src=\"http:\/\/kommentatorenblog.de\/wp-content\/uploads\/2020\/09\/shure-55sh-ii-e1601485394796.jpg\" alt=\"\" srcset=\"http:\/\/kommentatorenblog.de\/wp-content\/uploads\/2020\/09\/shure-55sh-ii-e1601485394796.jpg 415w, http:\/\/kommentatorenblog.de\/wp-content\/uploads\/2020\/09\/shure-55sh-ii-e1601485394796-142x300.jpg 142w\" sizes=\"auto, (max-width: 10px) 100vw, 10px\" \/> Julian Engelhard<br>Moderation: Stefan Fuckert<\/p>\n\n\n\n<p><span style=\"text-decoration: underline;\"><span style=\"text-decoration: underline;\">Sonntag, 14. September 2025<\/span>, ab 13.00 Uhr (Magenta)<\/span><\/p>\n\n\n\n<p><em><strong>VfL Osnabr\u00fcck \u2013 F.C. Hansa Rostock (13.30 Uhr)<\/strong><\/em><br><img loading=\"lazy\" decoding=\"async\" width=\"10\" height=\"21\" class=\"wp-image-3656\" style=\"width: 10px;\" src=\"http:\/\/kommentatorenblog.de\/wp-content\/uploads\/2020\/09\/shure-55sh-ii-e1601485394796.jpg\" alt=\"\" srcset=\"http:\/\/kommentatorenblog.de\/wp-content\/uploads\/2020\/09\/shure-55sh-ii-e1601485394796.jpg 415w, http:\/\/kommentatorenblog.de\/wp-content\/uploads\/2020\/09\/shure-55sh-ii-e1601485394796-142x300.jpg 142w\" sizes=\"auto, (max-width: 10px) 100vw, 10px\" \/> Christian Stra\u00dfburger, Experte: Daniel Flottmann<br>Moderation: Thomas Wagner<\/p>\n\n\n\n<p><span style=\"text-decoration: underline;\">ab 16.00 Uhr (Magenta)<\/span><\/p>\n\n\n\n<p><em><strong><em><strong>SV Waldhof Mannheim \u2013 <\/strong><\/em>FC Energie Cottbus (16.30 Uhr)<\/strong><\/em><br><img loading=\"lazy\" decoding=\"async\" width=\"10\" height=\"21\" class=\"wp-image-3656\" style=\"width: 10px;\" src=\"http:\/\/kommentatorenblog.de\/wp-content\/uploads\/2020\/09\/shure-55sh-ii-e1601485394796.jpg\" alt=\"\" srcset=\"http:\/\/kommentatorenblog.de\/wp-content\/uploads\/2020\/09\/shure-55sh-ii-e1601485394796.jpg 415w, http:\/\/kommentatorenblog.de\/wp-content\/uploads\/2020\/09\/shure-55sh-ii-e1601485394796-142x300.jpg 142w\" sizes=\"auto, (max-width: 10px) 100vw, 10px\" \/> Markus H\u00f6hner, Experte: Steven Ruprecht<br>Moderation: Konstantin Klostermann<\/p>\n\n\n\n<p><span style=\"text-decoration: underline;\">ab 19.00 Uhr (Magenta)<\/span><\/p>\n\n\n\n<p><em><strong><em><strong>TSV 1860 M\u00fcnchen \u2013 TSV Havelse<\/strong><\/em> (19.30 Uhr)<\/strong><\/em><br><img loading=\"lazy\" decoding=\"async\" width=\"10\" height=\"21\" class=\"wp-image-3656\" style=\"width: 10px;\" src=\"http:\/\/kommentatorenblog.de\/wp-content\/uploads\/2020\/09\/shure-55sh-ii-e1601485394796.jpg\" alt=\"\" srcset=\"http:\/\/kommentatorenblog.de\/wp-content\/uploads\/2020\/09\/shure-55sh-ii-e1601485394796.jpg 415w, http:\/\/kommentatorenblog.de\/wp-content\/uploads\/2020\/09\/shure-55sh-ii-e1601485394796-142x300.jpg 142w\" sizes=\"auto, (max-width: 10px) 100vw, 10px\" \/> Oliver Forster, Experte: Markus Schwabl<br>Moderation: Alexander K\u00fcpper<\/p>\n\n\n\n<hr class=\"wp-block-separator has-css-opacity is-style-default\"\/>\n\n\n\n<p><strong>U19-DFB-Nachwuchsliga A (GER), 6. Spieltag (DFB-TV\/Sky)<\/strong><\/p>\n\n\n\n<p><span style=\"text-decoration: underline;\">Samstag, 13. September 2025 (DFB-TV\/sport.sky.de)<\/span><\/p>\n\n\n\n<p><strong><em>Hertha BSC U19 <strong><em><em><strong>\u2013<\/strong><\/em><\/em><\/strong> 1. FC Union Berlin U19 (13.00 Uhr)<\/em><\/strong><br><img loading=\"lazy\" decoding=\"async\" width=\"10\" height=\"21\" class=\"wp-image-3656\" style=\"width: 10px;\" src=\"http:\/\/kommentatorenblog.de\/wp-content\/uploads\/2020\/09\/shure-55sh-ii-e1601485394796.jpg\" alt=\"\" srcset=\"http:\/\/kommentatorenblog.de\/wp-content\/uploads\/2020\/09\/shure-55sh-ii-e1601485394796.jpg 415w, http:\/\/kommentatorenblog.de\/wp-content\/uploads\/2020\/09\/shure-55sh-ii-e1601485394796-142x300.jpg 142w\" sizes=\"auto, (max-width: 10px) 100vw, 10px\" \/> tba<\/p>\n\n\n\n<p><span style=\"text-decoration: underline;\">Sonntag, 14. September 2025 (Sky)<\/span><\/p>\n\n\n\n<p><strong><em>1. FC K\u00f6ln U19 <strong><em><em><strong>\u2013<\/strong><\/em><\/em><\/strong> Alemannia Aachen U19 (11.00 Uhr)<\/em><\/strong><br><img loading=\"lazy\" decoding=\"async\" width=\"10\" height=\"21\" class=\"wp-image-3656\" style=\"width: 10px;\" src=\"http:\/\/kommentatorenblog.de\/wp-content\/uploads\/2020\/09\/shure-55sh-ii-e1601485394796.jpg\" alt=\"\" srcset=\"http:\/\/kommentatorenblog.de\/wp-content\/uploads\/2020\/09\/shure-55sh-ii-e1601485394796.jpg 415w, http:\/\/kommentatorenblog.de\/wp-content\/uploads\/2020\/09\/shure-55sh-ii-e1601485394796-142x300.jpg 142w\" sizes=\"auto, (max-width: 10px) 100vw, 10px\" \/> Uli Hebel<\/p>\n\n\n\n<hr class=\"wp-block-separator has-alpha-channel-opacity\"\/>\n\n\n\n<p><strong>Regionalliga West (GER), 7. Spieltag (LEAGUES)<\/strong><\/p>\n\n\n\n<p><span style=\"text-decoration: underline;\">Freitag, 12. September 2025<\/span><\/p>\n\n\n\n<p><em><strong>Sportfreunde Lotte \u2013 SC Paderborn 07 U23 (19.30 Uhr)<\/strong><\/em><br><img loading=\"lazy\" decoding=\"async\" width=\"10\" height=\"21\" class=\"wp-image-3656\" style=\"width: 10px;\" src=\"http:\/\/kommentatorenblog.de\/wp-content\/uploads\/2020\/09\/shure-55sh-ii-e1601485394796.jpg\" alt=\"\" srcset=\"http:\/\/kommentatorenblog.de\/wp-content\/uploads\/2020\/09\/shure-55sh-ii-e1601485394796.jpg 415w, http:\/\/kommentatorenblog.de\/wp-content\/uploads\/2020\/09\/shure-55sh-ii-e1601485394796-142x300.jpg 142w\" sizes=\"auto, (max-width: 10px) 100vw, 10px\" \/> Julian Schildheuer<\/p>\n\n\n\n<p><em><strong>FC Bocholt \u2013 Sportfreunde Siegen (19.30 Uhr)<\/strong><\/em><br><img loading=\"lazy\" decoding=\"async\" width=\"10\" height=\"21\" class=\"wp-image-3656\" style=\"width: 10px;\" src=\"http:\/\/kommentatorenblog.de\/wp-content\/uploads\/2020\/09\/shure-55sh-ii-e1601485394796.jpg\" alt=\"\" srcset=\"http:\/\/kommentatorenblog.de\/wp-content\/uploads\/2020\/09\/shure-55sh-ii-e1601485394796.jpg 415w, http:\/\/kommentatorenblog.de\/wp-content\/uploads\/2020\/09\/shure-55sh-ii-e1601485394796-142x300.jpg 142w\" sizes=\"auto, (max-width: 10px) 100vw, 10px\" \/> Robin Niehaus<\/p>\n\n\n\n<p><span style=\"text-decoration: underline;\">Samstag, 13. September 2025<\/span><\/p>\n\n\n\n<p><em><strong>Rot-Wei\u00df Oberhausen \u2013 Borussia Dortmund II (14.00 Uhr)<\/strong><\/em><br><img loading=\"lazy\" decoding=\"async\" width=\"10\" height=\"21\" class=\"wp-image-3656\" style=\"width: 10px;\" src=\"http:\/\/kommentatorenblog.de\/wp-content\/uploads\/2020\/09\/shure-55sh-ii-e1601485394796.jpg\" alt=\"\" srcset=\"http:\/\/kommentatorenblog.de\/wp-content\/uploads\/2020\/09\/shure-55sh-ii-e1601485394796.jpg 415w, http:\/\/kommentatorenblog.de\/wp-content\/uploads\/2020\/09\/shure-55sh-ii-e1601485394796-142x300.jpg 142w\" sizes=\"auto, (max-width: 10px) 100vw, 10px\" \/> Malik Miles Fengler<\/p>\n\n\n\n<p><em><strong>Wuppertaler SV \u2013 SC Wiedenbr\u00fcck (14.00 Uhr)<\/strong><\/em><br><img loading=\"lazy\" decoding=\"async\" width=\"10\" height=\"21\" class=\"wp-image-3656\" style=\"width: 10px;\" src=\"http:\/\/kommentatorenblog.de\/wp-content\/uploads\/2020\/09\/shure-55sh-ii-e1601485394796.jpg\" alt=\"\" srcset=\"http:\/\/kommentatorenblog.de\/wp-content\/uploads\/2020\/09\/shure-55sh-ii-e1601485394796.jpg 415w, http:\/\/kommentatorenblog.de\/wp-content\/uploads\/2020\/09\/shure-55sh-ii-e1601485394796-142x300.jpg 142w\" sizes=\"auto, (max-width: 10px) 100vw, 10px\" \/> tba<\/p>\n\n\n\n<p><em><strong>FC G\u00fctersloh \u2013 SV R\u00f6dinghausen (14.00 Uhr)<\/strong><\/em><br><img loading=\"lazy\" decoding=\"async\" width=\"10\" height=\"21\" class=\"wp-image-3656\" style=\"width: 10px;\" src=\"http:\/\/kommentatorenblog.de\/wp-content\/uploads\/2020\/09\/shure-55sh-ii-e1601485394796.jpg\" alt=\"\" srcset=\"http:\/\/kommentatorenblog.de\/wp-content\/uploads\/2020\/09\/shure-55sh-ii-e1601485394796.jpg 415w, http:\/\/kommentatorenblog.de\/wp-content\/uploads\/2020\/09\/shure-55sh-ii-e1601485394796-142x300.jpg 142w\" sizes=\"auto, (max-width: 10px) 100vw, 10px\" \/> Maurice Schneider<\/p>\n\n\n\n<p><em><strong>Fortuna D\u00fcsseldorf U23 \u2013 SSVg Velbert (14.00 Uhr)<\/strong><\/em><br><img loading=\"lazy\" decoding=\"async\" width=\"10\" height=\"21\" class=\"wp-image-3656\" style=\"width: 10px;\" src=\"http:\/\/kommentatorenblog.de\/wp-content\/uploads\/2020\/09\/shure-55sh-ii-e1601485394796.jpg\" alt=\"\" srcset=\"http:\/\/kommentatorenblog.de\/wp-content\/uploads\/2020\/09\/shure-55sh-ii-e1601485394796.jpg 415w, http:\/\/kommentatorenblog.de\/wp-content\/uploads\/2020\/09\/shure-55sh-ii-e1601485394796-142x300.jpg 142w\" sizes=\"auto, (max-width: 10px) 100vw, 10px\" \/> Sven Lesser<\/p>\n\n\n\n<p><em><strong>VfL Bochum II \u2013 1. FC K\u00f6ln U23 (14.00 Uhr)<\/strong><\/em><br><img loading=\"lazy\" decoding=\"async\" width=\"10\" height=\"21\" class=\"wp-image-3656\" style=\"width: 10px;\" src=\"http:\/\/kommentatorenblog.de\/wp-content\/uploads\/2020\/09\/shure-55sh-ii-e1601485394796.jpg\" alt=\"\" srcset=\"http:\/\/kommentatorenblog.de\/wp-content\/uploads\/2020\/09\/shure-55sh-ii-e1601485394796.jpg 415w, http:\/\/kommentatorenblog.de\/wp-content\/uploads\/2020\/09\/shure-55sh-ii-e1601485394796-142x300.jpg 142w\" sizes=\"auto, (max-width: 10px) 100vw, 10px\" \/> Marius H\u00fcttmann<\/p>\n\n\n\n<p><em><strong>Borussia M\u00f6nchengladbach U23 \u2013 FC Schalke 04 U23 (14.00 Uhr)<\/strong><\/em><br><img loading=\"lazy\" decoding=\"async\" width=\"10\" height=\"21\" class=\"wp-image-3656\" style=\"width: 10px;\" src=\"http:\/\/kommentatorenblog.de\/wp-content\/uploads\/2020\/09\/shure-55sh-ii-e1601485394796.jpg\" alt=\"\" srcset=\"http:\/\/kommentatorenblog.de\/wp-content\/uploads\/2020\/09\/shure-55sh-ii-e1601485394796.jpg 415w, http:\/\/kommentatorenblog.de\/wp-content\/uploads\/2020\/09\/shure-55sh-ii-e1601485394796-142x300.jpg 142w\" sizes=\"auto, (max-width: 10px) 100vw, 10px\" \/> Thorben Albrecht<\/p>\n\n\n\n<hr class=\"wp-block-separator has-alpha-channel-opacity\"\/>\n\n\n\n<p><strong>Regionalliga Nordost (GER), 7. Spieltag (LVZ+\/MDR\/Funke Medien)<\/strong><\/p>\n\n\n\n<p><span style=\"text-decoration: underline;\">Freitag, 12. September 2025, ab 17.45 Uhr (Leipziger Volkszeitung+)<\/span><\/p>\n\n\n\n<p><em><strong>Hallescher FC \u2013 BSG Chemie Leipzig (18.00 Uhr)<\/strong><\/em><br><img loading=\"lazy\" decoding=\"async\" width=\"10\" height=\"21\" class=\"wp-image-3656\" style=\"width: 10px;\" src=\"http:\/\/kommentatorenblog.de\/wp-content\/uploads\/2020\/09\/shure-55sh-ii-e1601485394796.jpg\" alt=\"\" srcset=\"http:\/\/kommentatorenblog.de\/wp-content\/uploads\/2020\/09\/shure-55sh-ii-e1601485394796.jpg 415w, http:\/\/kommentatorenblog.de\/wp-content\/uploads\/2020\/09\/shure-55sh-ii-e1601485394796-142x300.jpg 142w\" sizes=\"auto, (max-width: 10px) 100vw, 10px\" \/> Christian R\u00fcdiger<\/p>\n\n\n\n<p><span style=\"text-decoration: underline;\">Samstag, 13. September 2025, ab 13.45 Uhr (Funke Medien)<\/span><\/p>\n\n\n\n<p><em><strong>BFC Preu\u00dfen \u2013 Rot-Weiss Erfurt (14.00 Uhr)<\/strong><\/em><br><img loading=\"lazy\" decoding=\"async\" width=\"10\" height=\"21\" class=\"wp-image-3656\" style=\"width: 10px;\" src=\"http:\/\/kommentatorenblog.de\/wp-content\/uploads\/2020\/09\/shure-55sh-ii-e1601485394796.jpg\" alt=\"\" srcset=\"http:\/\/kommentatorenblog.de\/wp-content\/uploads\/2020\/09\/shure-55sh-ii-e1601485394796.jpg 415w, http:\/\/kommentatorenblog.de\/wp-content\/uploads\/2020\/09\/shure-55sh-ii-e1601485394796-142x300.jpg 142w\" sizes=\"auto, (max-width: 10px) 100vw, 10px\" \/> Heiko Mallwitz<br>Moderation: Toni Mielke<\/p>\n\n\n\n<p><span style=\"text-decoration: underline;\">ab 16.00 Uhr (MDR)<\/span><\/p>\n\n\n\n<p><em><strong>SV Babelsberg 03 \u2013 Chemnitzer FC (16.00 Uhr)<\/strong><\/em><br><img loading=\"lazy\" decoding=\"async\" width=\"10\" height=\"21\" class=\"wp-image-3656\" style=\"width: 10px;\" src=\"http:\/\/kommentatorenblog.de\/wp-content\/uploads\/2020\/09\/shure-55sh-ii-e1601485394796.jpg\" alt=\"\" srcset=\"http:\/\/kommentatorenblog.de\/wp-content\/uploads\/2020\/09\/shure-55sh-ii-e1601485394796.jpg 415w, http:\/\/kommentatorenblog.de\/wp-content\/uploads\/2020\/09\/shure-55sh-ii-e1601485394796-142x300.jpg 142w\" sizes=\"auto, (max-width: 10px) 100vw, 10px\" \/> Alexander K\u00fcpper, Experte: Lutz Lindemann<br>Moderation: Stephanie M\u00fcller-Spirra<\/p>\n\n\n\n<hr class=\"wp-block-separator has-alpha-channel-opacity\"\/>\n\n\n\n<p><strong>Regionalliga Bayern (GER), 9. Spieltag (BR24Sport)<\/strong><\/p>\n\n\n\n<p><span style=\"text-decoration: underline;\">Freitag, 12. September 2025<\/span><\/p>\n\n\n\n<p><em><strong>SpVgg Unterhaching \u2013 TSV Aubstadt (19.00 Uhr)<\/strong><\/em><br><img loading=\"lazy\" decoding=\"async\" width=\"10\" height=\"21\" class=\"wp-image-3656\" style=\"width: 10px;\" src=\"http:\/\/kommentatorenblog.de\/wp-content\/uploads\/2020\/09\/shure-55sh-ii-e1601485394796.jpg\" alt=\"\" srcset=\"http:\/\/kommentatorenblog.de\/wp-content\/uploads\/2020\/09\/shure-55sh-ii-e1601485394796.jpg 415w, http:\/\/kommentatorenblog.de\/wp-content\/uploads\/2020\/09\/shure-55sh-ii-e1601485394796-142x300.jpg 142w\" sizes=\"auto, (max-width: 10px) 100vw, 10px\" \/> Flo Eckl<\/p>\n\n\n\n<hr class=\"wp-block-separator has-alpha-channel-opacity\"\/>\n\n\n\n<hr class=\"wp-block-separator has-alpha-channel-opacity\"\/>\n\n\n\n<p><strong>Premier League, 4. Spieltag (Sky\/RTL+)<\/strong><\/p>\n\n\n\n<p><span style=\"text-decoration: underline;\">Samstag, 13. September 2025, ab 13.20 Uhr (Sky\/RTL+)<\/span><\/p>\n\n\n\n<p><strong><em>FC Arsenal <strong><em><em><strong>\u2013<\/strong><\/em><\/em><\/strong> Nottingham Forest (13.30 Uhr)<\/em><\/strong><br><img loading=\"lazy\" decoding=\"async\" width=\"10\" height=\"21\" class=\"wp-image-3656\" style=\"width: 10px;\" src=\"http:\/\/kommentatorenblog.de\/wp-content\/uploads\/2020\/09\/shure-55sh-ii-e1601485394796.jpg\" alt=\"\" srcset=\"http:\/\/kommentatorenblog.de\/wp-content\/uploads\/2020\/09\/shure-55sh-ii-e1601485394796.jpg 415w, http:\/\/kommentatorenblog.de\/wp-content\/uploads\/2020\/09\/shure-55sh-ii-e1601485394796-142x300.jpg 142w\" sizes=\"auto, (max-width: 10px) 100vw, 10px\" \/> Joachim Hebel<\/p>\n\n\n\n<p><span style=\"text-decoration: underline;\">ab 15.50 Uhr (Sky)<\/span><\/p>\n\n\n\n<p><strong><em>Goal Rush mit Hauptspiel Newcastle United <strong><em><strong><em><em><strong>\u2013<\/strong><\/em><\/em><\/strong><\/em><\/strong> Wolverhampton Wanderers (16.00 Uhr)<\/em><\/strong><br><img loading=\"lazy\" decoding=\"async\" width=\"10\" height=\"21\" class=\"wp-image-3656\" style=\"width: 10px;\" src=\"http:\/\/kommentatorenblog.de\/wp-content\/uploads\/2020\/09\/shure-55sh-ii-e1601485394796.jpg\" alt=\"\" srcset=\"http:\/\/kommentatorenblog.de\/wp-content\/uploads\/2020\/09\/shure-55sh-ii-e1601485394796.jpg 415w, http:\/\/kommentatorenblog.de\/wp-content\/uploads\/2020\/09\/shure-55sh-ii-e1601485394796-142x300.jpg 142w\" sizes=\"auto, (max-width: 10px) 100vw, 10px\" \/> <s>Markus Gaupp<\/s> Uli Hebel<\/p>\n\n\n\n<p><strong><em>FC Fulham <strong><em><em><strong>\u2013<\/strong><\/em><\/em><\/strong> Leeds United (16.00 Uhr)<\/em><\/strong><br><img loading=\"lazy\" decoding=\"async\" width=\"10\" height=\"21\" class=\"wp-image-3656\" style=\"width: 10px;\" src=\"http:\/\/kommentatorenblog.de\/wp-content\/uploads\/2020\/09\/shure-55sh-ii-e1601485394796.jpg\" alt=\"\" srcset=\"http:\/\/kommentatorenblog.de\/wp-content\/uploads\/2020\/09\/shure-55sh-ii-e1601485394796.jpg 415w, http:\/\/kommentatorenblog.de\/wp-content\/uploads\/2020\/09\/shure-55sh-ii-e1601485394796-142x300.jpg 142w\" sizes=\"auto, (max-width: 10px) 100vw, 10px\" \/> <s>Uli Hebel<\/s> Markus Gaupp<\/p>\n\n\n\n<p><span style=\"text-decoration: underline;\">ab 18.20 Uhr (Sky)<\/span><\/p>\n\n\n\n<p><strong><em>West Ham United <strong><em><em><strong>\u2013<\/strong><\/em><\/em><\/strong> Tottenham Hotspur (18.30 Uhr)<\/em><\/strong><br><img loading=\"lazy\" decoding=\"async\" width=\"10\" height=\"21\" class=\"wp-image-3656\" style=\"width: 10px;\" src=\"http:\/\/kommentatorenblog.de\/wp-content\/uploads\/2020\/09\/shure-55sh-ii-e1601485394796.jpg\" alt=\"\" srcset=\"http:\/\/kommentatorenblog.de\/wp-content\/uploads\/2020\/09\/shure-55sh-ii-e1601485394796.jpg 415w, http:\/\/kommentatorenblog.de\/wp-content\/uploads\/2020\/09\/shure-55sh-ii-e1601485394796-142x300.jpg 142w\" sizes=\"auto, (max-width: 10px) 100vw, 10px\" \/> Sven Schr\u00f6ter<\/p>\n\n\n\n<p><span style=\"text-decoration: underline;\">ab 20.50 Uhr (Sky)<\/span><\/p>\n\n\n\n<p><strong><em>FC Brentford <strong><em><em><strong>\u2013<\/strong><\/em><\/em><\/strong> FC Chelsea (21.00 Uhr)<\/em><\/strong><br><img loading=\"lazy\" decoding=\"async\" width=\"10\" height=\"21\" class=\"wp-image-3656\" style=\"width: 10px;\" src=\"http:\/\/kommentatorenblog.de\/wp-content\/uploads\/2020\/09\/shure-55sh-ii-e1601485394796.jpg\" alt=\"\" srcset=\"http:\/\/kommentatorenblog.de\/wp-content\/uploads\/2020\/09\/shure-55sh-ii-e1601485394796.jpg 415w, http:\/\/kommentatorenblog.de\/wp-content\/uploads\/2020\/09\/shure-55sh-ii-e1601485394796-142x300.jpg 142w\" sizes=\"auto, (max-width: 10px) 100vw, 10px\" \/> Rachel Rinast<\/p>\n\n\n\n<p><span style=\"text-decoration: underline;\">Sonntag, 14. September 2025, ab 14.50 Uhr (Sky)<\/span><\/p>\n\n\n\n<p><strong><em>FC Burnley <strong><em><em><strong>\u2013<\/strong><\/em><\/em><\/strong> FC Liverpool (15.00 Uhr)<\/em><\/strong><br><img loading=\"lazy\" decoding=\"async\" width=\"10\" height=\"21\" class=\"wp-image-3656\" style=\"width: 10px;\" src=\"http:\/\/kommentatorenblog.de\/wp-content\/uploads\/2020\/09\/shure-55sh-ii-e1601485394796.jpg\" alt=\"\" srcset=\"http:\/\/kommentatorenblog.de\/wp-content\/uploads\/2020\/09\/shure-55sh-ii-e1601485394796.jpg 415w, http:\/\/kommentatorenblog.de\/wp-content\/uploads\/2020\/09\/shure-55sh-ii-e1601485394796-142x300.jpg 142w\" sizes=\"auto, (max-width: 10px) 100vw, 10px\" \/> Uli Hebel<\/p>\n\n\n\n<p><span style=\"text-decoration: underline;\">ab 17.00 Uhr (Sky)<\/span><\/p>\n\n\n\n<p><strong><em>Manchester City <strong><em><em><strong>\u2013<\/strong><\/em><\/em><\/strong> Manchester United (17.00 Uhr)<\/em><\/strong><br><img loading=\"lazy\" decoding=\"async\" width=\"10\" height=\"21\" class=\"wp-image-3656\" style=\"width: 10px;\" src=\"http:\/\/kommentatorenblog.de\/wp-content\/uploads\/2020\/09\/shure-55sh-ii-e1601485394796.jpg\" alt=\"\" srcset=\"http:\/\/kommentatorenblog.de\/wp-content\/uploads\/2020\/09\/shure-55sh-ii-e1601485394796.jpg 415w, http:\/\/kommentatorenblog.de\/wp-content\/uploads\/2020\/09\/shure-55sh-ii-e1601485394796-142x300.jpg 142w\" sizes=\"auto, (max-width: 10px) 100vw, 10px\" \/> Markus G\u00f6tz, Experte: Shkodran Mustafi<br>Field-Reporter: Raphael Honigstein<\/p>\n\n\n\n<hr class=\"wp-block-separator has-alpha-channel-opacity\"\/>\n\n\n\n<p><strong>Serie A (ITA), 3. Spieltag (DAZN)<\/strong><\/p>\n\n\n\n<p><span style=\"text-decoration: underline;\">Samstag, 13. September2025<\/span><\/p>\n\n\n\n<p><em><strong>Juventus Turin \u2013 Inter Mailand (18.00 Uhr)<\/strong><\/em><br><img loading=\"lazy\" decoding=\"async\" width=\"10\" height=\"21\" class=\"wp-image-3656\" style=\"width: 10px;\" src=\"http:\/\/kommentatorenblog.de\/wp-content\/uploads\/2020\/09\/shure-55sh-ii-e1601485394796.jpg\" alt=\"\" srcset=\"http:\/\/kommentatorenblog.de\/wp-content\/uploads\/2020\/09\/shure-55sh-ii-e1601485394796.jpg 415w, http:\/\/kommentatorenblog.de\/wp-content\/uploads\/2020\/09\/shure-55sh-ii-e1601485394796-142x300.jpg 142w\" sizes=\"auto, (max-width: 10px) 100vw, 10px\" \/> Marcel Seufert, Experte: Christian Bernhard<\/p>\n\n\n\n<p><em><strong>AC Florenz \u2013 SSC Neapel (20.45 Uhr)<\/strong><\/em><br><img loading=\"lazy\" decoding=\"async\" width=\"10\" height=\"21\" class=\"wp-image-3656\" style=\"width: 10px;\" src=\"http:\/\/kommentatorenblog.de\/wp-content\/uploads\/2020\/09\/shure-55sh-ii-e1601485394796.jpg\" alt=\"\" srcset=\"http:\/\/kommentatorenblog.de\/wp-content\/uploads\/2020\/09\/shure-55sh-ii-e1601485394796.jpg 415w, http:\/\/kommentatorenblog.de\/wp-content\/uploads\/2020\/09\/shure-55sh-ii-e1601485394796-142x300.jpg 142w\" sizes=\"auto, (max-width: 10px) 100vw, 10px\" \/> Freddie Schulz<\/p>\n\n\n\n<p><span style=\"text-decoration: underline;\">Sonntag, 14. September 2025<\/span><\/p>\n\n\n\n<p><em><strong>AS Rom \u2013 FC Turin (12.30 Uhr)<\/strong><\/em><br><img loading=\"lazy\" decoding=\"async\" width=\"10\" height=\"21\" class=\"wp-image-3656\" style=\"width: 10px;\" src=\"http:\/\/kommentatorenblog.de\/wp-content\/uploads\/2020\/09\/shure-55sh-ii-e1601485394796.jpg\" alt=\"\" srcset=\"http:\/\/kommentatorenblog.de\/wp-content\/uploads\/2020\/09\/shure-55sh-ii-e1601485394796.jpg 415w, http:\/\/kommentatorenblog.de\/wp-content\/uploads\/2020\/09\/shure-55sh-ii-e1601485394796-142x300.jpg 142w\" sizes=\"auto, (max-width: 10px) 100vw, 10px\" \/> Carsten Fu\u00df<\/p>\n\n\n\n<p><em><strong>AC Mailand \u2013 FC Bologna (20.45 Uhr)<\/strong><\/em><br><img loading=\"lazy\" decoding=\"async\" width=\"10\" height=\"21\" class=\"wp-image-3656\" style=\"width: 10px;\" src=\"http:\/\/kommentatorenblog.de\/wp-content\/uploads\/2020\/09\/shure-55sh-ii-e1601485394796.jpg\" alt=\"\" srcset=\"http:\/\/kommentatorenblog.de\/wp-content\/uploads\/2020\/09\/shure-55sh-ii-e1601485394796.jpg 415w, http:\/\/kommentatorenblog.de\/wp-content\/uploads\/2020\/09\/shure-55sh-ii-e1601485394796-142x300.jpg 142w\" sizes=\"auto, (max-width: 10px) 100vw, 10px\" \/> Oliver Fa\u00dfnacht<\/p>\n\n\n\n<hr class=\"wp-block-separator has-css-opacity is-style-default\"\/>\n\n\n\n<p><strong>LaLiga (ESP), 4. Spieltag (DAZN)<\/strong><\/p>\n\n\n\n<p><span style=\"text-decoration: underline;\">Samstag, 13. September 2025<\/span><\/p>\n\n\n\n<p><em><strong>Real Sociedad \u2013 <em>Real Madrid<\/em><\/strong><\/em><em><strong> (16.15 Uhr)<\/strong><\/em><br><img loading=\"lazy\" decoding=\"async\" width=\"10\" height=\"21\" class=\"wp-image-3656\" style=\"width: 10px;\" src=\"http:\/\/kommentatorenblog.de\/wp-content\/uploads\/2020\/09\/shure-55sh-ii-e1601485394796.jpg\" alt=\"\" srcset=\"http:\/\/kommentatorenblog.de\/wp-content\/uploads\/2020\/09\/shure-55sh-ii-e1601485394796.jpg 415w, http:\/\/kommentatorenblog.de\/wp-content\/uploads\/2020\/09\/shure-55sh-ii-e1601485394796-142x300.jpg 142w\" sizes=\"auto, (max-width: 10px) 100vw, 10px\" \/> Uwe Morawe, Experte: Max Nicu<\/p>\n\n\n\n<p><em><strong>Athletic Bilbao \u2013 <em>Deportivo Alav\u00e9s<\/em><\/strong><\/em><em><strong> (18.30 Uhr)<\/strong><\/em><br><img loading=\"lazy\" decoding=\"async\" width=\"10\" height=\"21\" class=\"wp-image-3656\" style=\"width: 10px;\" src=\"http:\/\/kommentatorenblog.de\/wp-content\/uploads\/2020\/09\/shure-55sh-ii-e1601485394796.jpg\" alt=\"\" srcset=\"http:\/\/kommentatorenblog.de\/wp-content\/uploads\/2020\/09\/shure-55sh-ii-e1601485394796.jpg 415w, http:\/\/kommentatorenblog.de\/wp-content\/uploads\/2020\/09\/shure-55sh-ii-e1601485394796-142x300.jpg 142w\" sizes=\"auto, (max-width: 10px) 100vw, 10px\" \/> Michael Born<\/p>\n\n\n\n<p><em><strong>Atl\u00e9tico Madrid \u2013 <em>FC Villarreal<\/em><\/strong><\/em><em><strong> (21.00 Uhr)<\/strong><\/em><br><img loading=\"lazy\" decoding=\"async\" width=\"10\" height=\"21\" class=\"wp-image-3656\" style=\"width: 10px;\" src=\"http:\/\/kommentatorenblog.de\/wp-content\/uploads\/2020\/09\/shure-55sh-ii-e1601485394796.jpg\" alt=\"\" srcset=\"http:\/\/kommentatorenblog.de\/wp-content\/uploads\/2020\/09\/shure-55sh-ii-e1601485394796.jpg 415w, http:\/\/kommentatorenblog.de\/wp-content\/uploads\/2020\/09\/shure-55sh-ii-e1601485394796-142x300.jpg 142w\" sizes=\"auto, (max-width: 10px) 100vw, 10px\" \/> Tobi Fischbeck<\/p>\n\n\n\n<p><span style=\"text-decoration: underline;\">Sonntag, 14. September 2025<\/span><\/p>\n\n\n\n<p><em><strong>FC Barcelona \u2013 <em>FC Valencia<\/em> (21.00 Uhr)<\/strong><\/em><br><img loading=\"lazy\" decoding=\"async\" width=\"10\" height=\"21\" class=\"wp-image-3656\" style=\"width: 10px;\" src=\"http:\/\/kommentatorenblog.de\/wp-content\/uploads\/2020\/09\/shure-55sh-ii-e1601485394796.jpg\" alt=\"\" srcset=\"http:\/\/kommentatorenblog.de\/wp-content\/uploads\/2020\/09\/shure-55sh-ii-e1601485394796.jpg 415w, http:\/\/kommentatorenblog.de\/wp-content\/uploads\/2020\/09\/shure-55sh-ii-e1601485394796-142x300.jpg 142w\" sizes=\"auto, (max-width: 10px) 100vw, 10px\" \/> Uli Hebel, Experte: Benny Lauth<\/p>\n\n\n\n<hr class=\"wp-block-separator has-css-opacity is-style-default\"\/>\n\n\n\n<p><strong>Ligue 1 (FRA), 4. Spieltag (DAZN)<\/strong><\/p>\n\n\n\n<p><span style=\"text-decoration: underline;\">Sonntag, 14. September 2025<\/span><\/p>\n\n\n\n<p><em><strong><em><strong><em><strong><em><strong>Paris Saint-Germain<\/strong><\/em><\/strong><\/em><\/strong><\/em> \u2013 <em><strong><em><strong>RSC Lens<\/strong><\/em><\/strong><\/em> (17.15 Uhr)<\/strong><\/em><br><img loading=\"lazy\" decoding=\"async\" width=\"10\" height=\"21\" class=\"wp-image-3656\" style=\"width: 10px;\" src=\"http:\/\/kommentatorenblog.de\/wp-content\/uploads\/2020\/09\/shure-55sh-ii-e1601485394796.jpg\" alt=\"\" srcset=\"http:\/\/kommentatorenblog.de\/wp-content\/uploads\/2020\/09\/shure-55sh-ii-e1601485394796.jpg 415w, http:\/\/kommentatorenblog.de\/wp-content\/uploads\/2020\/09\/shure-55sh-ii-e1601485394796-142x300.jpg 142w\" sizes=\"auto, (max-width: 10px) 100vw, 10px\" \/> Alexis Menuge<\/p>\n\n\n\n<p><em><strong>Stade Rennes \u2013 <em><strong><em><strong>Olympique Lyon<\/strong><\/em><\/strong><\/em> (20.45 Uhr)<\/strong><\/em><br><img loading=\"lazy\" decoding=\"async\" width=\"10\" height=\"21\" class=\"wp-image-3656\" style=\"width: 10px;\" src=\"http:\/\/kommentatorenblog.de\/wp-content\/uploads\/2020\/09\/shure-55sh-ii-e1601485394796.jpg\" alt=\"\" srcset=\"http:\/\/kommentatorenblog.de\/wp-content\/uploads\/2020\/09\/shure-55sh-ii-e1601485394796.jpg 415w, http:\/\/kommentatorenblog.de\/wp-content\/uploads\/2020\/09\/shure-55sh-ii-e1601485394796-142x300.jpg 142w\" sizes=\"auto, (max-width: 10px) 100vw, 10px\" \/> Stefan Galler<\/p>\n\n\n\n<hr class=\"wp-block-separator has-alpha-channel-opacity\"\/>\n\n\n\n<p><strong>Primeira Liga (POR), 5. Spieltag (Sportdigital Fu\u00dfball)<\/strong><\/p>\n\n\n\n<p><span style=\"text-decoration: underline;\">Freitag, 12. September 2025<\/span><\/p>\n\n\n\n<p><em><strong>Benfica Lissabon \u2013 CD Santa Clara (21.15 Uhr)<\/strong><\/em><br><img loading=\"lazy\" decoding=\"async\" width=\"10\" height=\"21\" class=\"wp-image-3656\" style=\"width: 10px;\" src=\"http:\/\/kommentatorenblog.de\/wp-content\/uploads\/2020\/09\/shure-55sh-ii-e1601485394796.jpg\" alt=\"\" srcset=\"http:\/\/kommentatorenblog.de\/wp-content\/uploads\/2020\/09\/shure-55sh-ii-e1601485394796.jpg 415w, http:\/\/kommentatorenblog.de\/wp-content\/uploads\/2020\/09\/shure-55sh-ii-e1601485394796-142x300.jpg 142w\" sizes=\"auto, (max-width: 10px) 100vw, 10px\" \/> <s>Marvin Kirsch<\/s> Jakob Vogel<\/p>\n\n\n\n<p><span style=\"text-decoration: underline;\">Samstag, 13. September 2025, ab 18.50 Uhr<\/span><\/p>\n\n\n\n<p><em><strong>FC Porto \u2013 CD Nacional Funchal (19.00 Uhr)<\/strong><\/em><br><img loading=\"lazy\" decoding=\"async\" width=\"10\" height=\"21\" class=\"wp-image-3656\" style=\"width: 10px;\" src=\"http:\/\/kommentatorenblog.de\/wp-content\/uploads\/2020\/09\/shure-55sh-ii-e1601485394796.jpg\" alt=\"\" srcset=\"http:\/\/kommentatorenblog.de\/wp-content\/uploads\/2020\/09\/shure-55sh-ii-e1601485394796.jpg 415w, http:\/\/kommentatorenblog.de\/wp-content\/uploads\/2020\/09\/shure-55sh-ii-e1601485394796-142x300.jpg 142w\" sizes=\"auto, (max-width: 10px) 100vw, 10px\" \/> J\u00f6rg Steiger<\/p>\n\n\n\n<hr class=\"wp-block-separator has-css-opacity is-style-default\"\/>\n\n\n\n<p><strong>Eredivisie (NED), 5. Spieltag (Sportdigital Fu\u00dfball)<\/strong><\/p>\n\n\n\n<p><span style=\"text-decoration: underline;\">Samstag, 13. September 2025<\/span><\/p>\n\n\n\n<p><em><strong>Ajax Amsterdam \u2013 PEC Zwolle (16.30 Uhr)<\/strong><\/em><br><img loading=\"lazy\" decoding=\"async\" width=\"10\" height=\"21\" class=\"wp-image-3656\" style=\"width: 10px;\" src=\"http:\/\/kommentatorenblog.de\/wp-content\/uploads\/2020\/09\/shure-55sh-ii-e1601485394796.jpg\" alt=\"\" srcset=\"http:\/\/kommentatorenblog.de\/wp-content\/uploads\/2020\/09\/shure-55sh-ii-e1601485394796.jpg 415w, http:\/\/kommentatorenblog.de\/wp-content\/uploads\/2020\/09\/shure-55sh-ii-e1601485394796-142x300.jpg 142w\" sizes=\"auto, (max-width: 10px) 100vw, 10px\" \/> Karsten Linke<\/p>\n\n\n\n<p><em><strong>Feyenoord Rotterdam \u2013 SC Heerenveen (21.00 Uhr)<\/strong><\/em><br><img loading=\"lazy\" decoding=\"async\" width=\"10\" height=\"21\" class=\"wp-image-3656\" style=\"width: 10px;\" src=\"http:\/\/kommentatorenblog.de\/wp-content\/uploads\/2020\/09\/shure-55sh-ii-e1601485394796.jpg\" alt=\"\" srcset=\"http:\/\/kommentatorenblog.de\/wp-content\/uploads\/2020\/09\/shure-55sh-ii-e1601485394796.jpg 415w, http:\/\/kommentatorenblog.de\/wp-content\/uploads\/2020\/09\/shure-55sh-ii-e1601485394796-142x300.jpg 142w\" sizes=\"auto, (max-width: 10px) 100vw, 10px\" \/> Marvin Kirsch<\/p>\n\n\n\n<p><span style=\"text-decoration: underline;\">Sonntag, 14. September 2025<\/span><\/p>\n\n\n\n<p><em><strong>Heracles Almelo \u2013 AZ Alkmaar (14.30 Uhr)<\/strong><\/em><br><img loading=\"lazy\" decoding=\"async\" width=\"10\" height=\"21\" class=\"wp-image-3656\" style=\"width: 10px;\" src=\"http:\/\/kommentatorenblog.de\/wp-content\/uploads\/2020\/09\/shure-55sh-ii-e1601485394796.jpg\" alt=\"\" srcset=\"http:\/\/kommentatorenblog.de\/wp-content\/uploads\/2020\/09\/shure-55sh-ii-e1601485394796.jpg 415w, http:\/\/kommentatorenblog.de\/wp-content\/uploads\/2020\/09\/shure-55sh-ii-e1601485394796-142x300.jpg 142w\" sizes=\"auto, (max-width: 10px) 100vw, 10px\" \/> Karsten Linke<\/p>\n\n\n\n<hr class=\"wp-block-separator has-css-opacity is-style-default\"\/>\n\n\n\n<p><strong>Chance League (CZE), 8. Spieltag (Sportdigital Fu\u00dfball)<\/strong><\/p>\n\n\n\n<p><span style=\"text-decoration: underline;\">Sonntag, 14<\/span><span style=\"text-decoration: underline;\">. September 2025<\/span><\/p>\n\n\n\n<p><em><strong>FC Hradec Kr\u00e1lov\u00e9 \u2013 Sparta Prag (18.00 Uhr)<\/strong><\/em><br><img loading=\"lazy\" decoding=\"async\" width=\"10\" height=\"21\" class=\"wp-image-3656\" style=\"width: 10px;\" src=\"http:\/\/kommentatorenblog.de\/wp-content\/uploads\/2020\/09\/shure-55sh-ii-e1601485394796.jpg\" alt=\"\" srcset=\"http:\/\/kommentatorenblog.de\/wp-content\/uploads\/2020\/09\/shure-55sh-ii-e1601485394796.jpg 415w, http:\/\/kommentatorenblog.de\/wp-content\/uploads\/2020\/09\/shure-55sh-ii-e1601485394796-142x300.jpg 142w\" sizes=\"auto, (max-width: 10px) 100vw, 10px\" \/> Jakob Vogel<\/p>\n\n\n\n<hr class=\"wp-block-separator has-alpha-channel-opacity\"\/>\n\n\n\n<p><strong>Ekstraklasa (POL), 8. Spieltag (Sportdigital Fu\u00dfball)<\/strong><\/p>\n\n\n\n<p><span style=\"text-decoration: underline;\">Montag, 15<\/span><span style=\"text-decoration: underline;\">. September 2025<\/span><\/p>\n\n\n\n<p><em><strong>Rak\u00f3w Cz\u0119stochowa \u2013 G\u00f3rnik Zabrze (19.00 Uhr)<\/strong><\/em><br><img loading=\"lazy\" decoding=\"async\" width=\"10\" height=\"21\" class=\"wp-image-3656\" style=\"width: 10px;\" src=\"http:\/\/kommentatorenblog.de\/wp-content\/uploads\/2020\/09\/shure-55sh-ii-e1601485394796.jpg\" alt=\"\" srcset=\"http:\/\/kommentatorenblog.de\/wp-content\/uploads\/2020\/09\/shure-55sh-ii-e1601485394796.jpg 415w, http:\/\/kommentatorenblog.de\/wp-content\/uploads\/2020\/09\/shure-55sh-ii-e1601485394796-142x300.jpg 142w\" sizes=\"auto, (max-width: 10px) 100vw, 10px\" \/> Jonathan Dreier<\/p>\n\n\n\n<hr class=\"wp-block-separator has-alpha-channel-opacity\"\/>\n\n\n\n<p><strong>Bundesliga (AUT), 6. Runde (Sky)<\/strong><\/p>\n\n\n\n<p><span style=\"text-decoration: underline;\">Samstag, 13<\/span><span style=\"text-decoration: underline;\">. September 2025, ab 16.30 Uhr<\/span><\/p>\n\n\n\n<p><em><strong>Wolfsberger AC \u2013 FC Salzburg (17.00 Uhr)<\/strong><\/em><br><img loading=\"lazy\" decoding=\"async\" width=\"10\" height=\"21\" class=\"wp-image-3656\" style=\"width: 10px;\" src=\"http:\/\/kommentatorenblog.de\/wp-content\/uploads\/2020\/09\/shure-55sh-ii-e1601485394796.jpg\" alt=\"\" srcset=\"http:\/\/kommentatorenblog.de\/wp-content\/uploads\/2020\/09\/shure-55sh-ii-e1601485394796.jpg 415w, http:\/\/kommentatorenblog.de\/wp-content\/uploads\/2020\/09\/shure-55sh-ii-e1601485394796-142x300.jpg 142w\" sizes=\"auto, (max-width: 10px) 100vw, 10px\" \/> David Eder (Einzelspiel), Guido Friedrich (Konferenz)<br>Field-Reporter: Benjamin Vollmann<\/p>\n\n\n\n<p><em><strong>SCR Altach \u2013 Linzer ASK (17.00 Uhr)<\/strong><\/em><br><img loading=\"lazy\" decoding=\"async\" width=\"10\" height=\"21\" class=\"wp-image-3656\" style=\"width: 10px;\" src=\"http:\/\/kommentatorenblog.de\/wp-content\/uploads\/2020\/09\/shure-55sh-ii-e1601485394796.jpg\" alt=\"\" srcset=\"http:\/\/kommentatorenblog.de\/wp-content\/uploads\/2020\/09\/shure-55sh-ii-e1601485394796.jpg 415w, http:\/\/kommentatorenblog.de\/wp-content\/uploads\/2020\/09\/shure-55sh-ii-e1601485394796-142x300.jpg 142w\" sizes=\"auto, (max-width: 10px) 100vw, 10px\" \/> Charly Leitner (Einzelspiel), Andi Brandt (Konferenz)<br>Field-Reporterin: Lisa Perstaller<\/p>\n\n\n\n<p><em><strong>FC Blau-Wei\u00df Linz \u2013 Grazer AK (17.00 Uhr)<\/strong><\/em><br><img loading=\"lazy\" decoding=\"async\" width=\"10\" height=\"21\" class=\"wp-image-3656\" style=\"width: 10px;\" src=\"http:\/\/kommentatorenblog.de\/wp-content\/uploads\/2020\/09\/shure-55sh-ii-e1601485394796.jpg\" alt=\"\" srcset=\"http:\/\/kommentatorenblog.de\/wp-content\/uploads\/2020\/09\/shure-55sh-ii-e1601485394796.jpg 415w, http:\/\/kommentatorenblog.de\/wp-content\/uploads\/2020\/09\/shure-55sh-ii-e1601485394796-142x300.jpg 142w\" sizes=\"auto, (max-width: 10px) 100vw, 10px\" \/> Luca Kielhauser (Einzelspiel), Tom Ole Mink (Konferenz)<br>Field-Reporter: Michael Ganh\u00f6r<\/p>\n\n\n\n<p>Moderation: Constanze Weiss, Experte: Marc Janko<\/p>\n\n\n\n<p><span style=\"text-decoration: underline;\">Sonntag, 14<\/span><span style=\"text-decoration: underline;\">. September 2025, ab 14.00 Uhr<\/span><\/p>\n\n\n\n<p><em><strong><em><strong>SK Rapid Wien<\/strong><\/em> \u2013 WSG Tirol (14.30 Uhr)<\/strong><\/em><br><img loading=\"lazy\" decoding=\"async\" width=\"10\" height=\"21\" class=\"wp-image-3656\" style=\"width: 10px;\" src=\"http:\/\/kommentatorenblog.de\/wp-content\/uploads\/2020\/09\/shure-55sh-ii-e1601485394796.jpg\" alt=\"\" srcset=\"http:\/\/kommentatorenblog.de\/wp-content\/uploads\/2020\/09\/shure-55sh-ii-e1601485394796.jpg 415w, http:\/\/kommentatorenblog.de\/wp-content\/uploads\/2020\/09\/shure-55sh-ii-e1601485394796-142x300.jpg 142w\" sizes=\"auto, (max-width: 10px) 100vw, 10px\" \/> Martin Konrad (Einzelspiel), Otto Rosenauer (Konferenz)<br>Field-Reporterin: Kimberly Budinsky<\/p>\n\n\n\n<p><em><strong>SV Ried \u2013 TSV Hartberg (14.30 Uhr)<\/strong><\/em><br><img loading=\"lazy\" decoding=\"async\" width=\"10\" height=\"21\" class=\"wp-image-3656\" style=\"width: 10px;\" src=\"http:\/\/kommentatorenblog.de\/wp-content\/uploads\/2020\/09\/shure-55sh-ii-e1601485394796.jpg\" alt=\"\" srcset=\"http:\/\/kommentatorenblog.de\/wp-content\/uploads\/2020\/09\/shure-55sh-ii-e1601485394796.jpg 415w, http:\/\/kommentatorenblog.de\/wp-content\/uploads\/2020\/09\/shure-55sh-ii-e1601485394796-142x300.jpg 142w\" sizes=\"auto, (max-width: 10px) 100vw, 10px\" \/> Phillip Lautischer (Einzelspiel), Gerfried Pr\u00f6ll (Konferenz)<br>Field-Reporter: Gerhard Krabath<\/p>\n\n\n\n<p><span style=\"text-decoration: underline;\">ab 16.30 Uhr<\/span><\/p>\n\n\n\n<p><em><strong>SK Sturm Graz \u2013 FK Austria Wien (17.00 Uhr)<\/strong><\/em><br><img loading=\"lazy\" decoding=\"async\" width=\"10\" height=\"21\" class=\"wp-image-3656\" style=\"width: 10px;\" src=\"http:\/\/kommentatorenblog.de\/wp-content\/uploads\/2020\/09\/shure-55sh-ii-e1601485394796.jpg\" alt=\"\" srcset=\"http:\/\/kommentatorenblog.de\/wp-content\/uploads\/2020\/09\/shure-55sh-ii-e1601485394796.jpg 415w, http:\/\/kommentatorenblog.de\/wp-content\/uploads\/2020\/09\/shure-55sh-ii-e1601485394796-142x300.jpg 142w\" sizes=\"auto, (max-width: 10px) 100vw, 10px\" \/> <s>Gerhard Krabath<\/s> Philipp Paternina<br>Field-Reporter: J\u00f6rg K\u00fcnne<\/p>\n\n\n\n<p>Moderation: Johannes Brandl, Experte: Thomas Silberberger<\/p>\n\n\n\n<hr class=\"wp-block-separator has-alpha-channel-opacity\"\/>\n\n\n\n<p><strong>Scottish Premiership (SCO), 5. Spieltag (Sportdigital Fu\u00dfball)<\/strong><\/p>\n\n\n\n<p><span style=\"text-decoration: underline;\">Sonntag, 14. September 2025<\/span><\/p>\n\n\n\n<p><em><strong>FC Kilmarnock <em><strong>\u2013<\/strong><\/em> Celtic Glasgow (16.00 Uhr)<\/strong><\/em><br><img loading=\"lazy\" decoding=\"async\" width=\"10\" height=\"21\" class=\"wp-image-3656\" style=\"width: 10px;\" src=\"http:\/\/kommentatorenblog.de\/wp-content\/uploads\/2020\/09\/shure-55sh-ii-e1601485394796.jpg\" alt=\"\" srcset=\"http:\/\/kommentatorenblog.de\/wp-content\/uploads\/2020\/09\/shure-55sh-ii-e1601485394796.jpg 415w, http:\/\/kommentatorenblog.de\/wp-content\/uploads\/2020\/09\/shure-55sh-ii-e1601485394796-142x300.jpg 142w\" sizes=\"auto, (max-width: 10px) 100vw, 10px\" \/> Martin Hahn<\/p>\n\n\n\n<hr class=\"wp-block-separator has-alpha-channel-opacity\"\/>\n\n\n\n<hr class=\"wp-block-separator has-alpha-channel-opacity\"\/>\n\n\n\n<p><strong>Campeonato Brasileiro (BRA), 23. Spieltag (Sportdigital Fu\u00dfball)<\/strong><\/p>\n\n\n\n<p><span style=\"text-decoration: underline;\">Samstag, 13. September 2025<\/span><\/p>\n\n\n\n<p><em><strong>Palmeiras S\u00e3o Paulo <em><strong>\u2013<\/strong><\/em> Internacional Porto Alegre (23.30 Uhr)<\/strong><\/em><br><img loading=\"lazy\" decoding=\"async\" width=\"10\" height=\"21\" class=\"wp-image-3656\" style=\"width: 10px;\" src=\"http:\/\/kommentatorenblog.de\/wp-content\/uploads\/2020\/09\/shure-55sh-ii-e1601485394796.jpg\" alt=\"\" srcset=\"http:\/\/kommentatorenblog.de\/wp-content\/uploads\/2020\/09\/shure-55sh-ii-e1601485394796.jpg 415w, http:\/\/kommentatorenblog.de\/wp-content\/uploads\/2020\/09\/shure-55sh-ii-e1601485394796-142x300.jpg 142w\" sizes=\"auto, (max-width: 10px) 100vw, 10px\" \/> Christian Blunck<\/p>\n\n\n\n<p><span style=\"text-decoration: underline;\">Sonntag, 14. September 2025<\/span><\/p>\n\n\n\n<p><em><strong>Fluminense Rio de Janeiro <em><strong>\u2013<\/strong><\/em> Corinthians S\u00e3o Paulo (02.00 Uhr)<\/strong><\/em><br><img loading=\"lazy\" decoding=\"async\" width=\"10\" height=\"21\" class=\"wp-image-3656\" style=\"width: 10px;\" src=\"http:\/\/kommentatorenblog.de\/wp-content\/uploads\/2020\/09\/shure-55sh-ii-e1601485394796.jpg\" alt=\"\" srcset=\"http:\/\/kommentatorenblog.de\/wp-content\/uploads\/2020\/09\/shure-55sh-ii-e1601485394796.jpg 415w, http:\/\/kommentatorenblog.de\/wp-content\/uploads\/2020\/09\/shure-55sh-ii-e1601485394796-142x300.jpg 142w\" sizes=\"auto, (max-width: 10px) 100vw, 10px\" \/> Marcus Radefeld<\/p>\n\n\n\n<hr class=\"wp-block-separator has-alpha-channel-opacity\"\/>\n\n\n\n<p><strong>Liga Profesional Clausura (ARG), 8. Spieltag (Sportdigital Fu\u00dfball)<\/strong><\/p>\n\n\n\n<p><span style=\"text-decoration: underline;\">Sonntag, 14. September 2025<\/span><\/p>\n\n\n\n<p><em><strong>CA Rosario Central <em><strong>\u2013<\/strong><\/em> Boca Juniors (22.30 Uhr)<\/strong><\/em><br><img loading=\"lazy\" decoding=\"async\" width=\"10\" height=\"21\" class=\"wp-image-3656\" style=\"width: 10px;\" src=\"http:\/\/kommentatorenblog.de\/wp-content\/uploads\/2020\/09\/shure-55sh-ii-e1601485394796.jpg\" alt=\"\" srcset=\"http:\/\/kommentatorenblog.de\/wp-content\/uploads\/2020\/09\/shure-55sh-ii-e1601485394796.jpg 415w, http:\/\/kommentatorenblog.de\/wp-content\/uploads\/2020\/09\/shure-55sh-ii-e1601485394796-142x300.jpg 142w\" sizes=\"auto, (max-width: 10px) 100vw, 10px\" \/> Arne Malsch<\/p>\n\n\n\n<hr class=\"wp-block-separator has-alpha-channel-opacity\"\/>\n\n\n\n<p><strong>Saudi Pro League (KSA), 2. Spieltag (Sportdigital Fu\u00dfball)<\/strong><\/p>\n\n\n\n<p><span style=\"text-decoration: underline;\">Sonntag, 14. September 2025<\/span><\/p>\n\n\n\n<p><em><strong>Al-Nassr \u2013 Al-Kholood (20.00 Uhr)<\/strong><\/em><br><img loading=\"lazy\" decoding=\"async\" width=\"10\" height=\"21\" class=\"wp-image-3656\" style=\"width: 10px;\" src=\"http:\/\/kommentatorenblog.de\/wp-content\/uploads\/2020\/09\/shure-55sh-ii-e1601485394796.jpg\" alt=\"\" srcset=\"http:\/\/kommentatorenblog.de\/wp-content\/uploads\/2020\/09\/shure-55sh-ii-e1601485394796.jpg 415w, http:\/\/kommentatorenblog.de\/wp-content\/uploads\/2020\/09\/shure-55sh-ii-e1601485394796-142x300.jpg 142w\" sizes=\"auto, (max-width: 10px) 100vw, 10px\" \/> Ulf Kahmke<\/p>\n\n\n\n<hr class=\"wp-block-separator has-alpha-channel-opacity\"\/>\n\n\n\n<p><strong>AFC Champions League Elite, Gruppenphase, 1. Spieltag (Sportdigital Fu\u00dfball)<\/strong><\/p>\n\n\n\n<p><span style=\"text-decoration: underline;\">Montag, 15. September 2025<\/span><\/p>\n\n\n\n<p><strong>Al Wahda <\/strong>(<em>VAE<\/em>)<strong> \u2013 Al-Ittihad <\/strong><em>(KSA)<\/em><strong> (18.00 Uhr)<\/strong><br><img loading=\"lazy\" decoding=\"async\" width=\"10\" height=\"21\" class=\"wp-image-3656\" style=\"width: 10px;\" src=\"http:\/\/kommentatorenblog.de\/wp-content\/uploads\/2020\/09\/shure-55sh-ii-e1601485394796.jpg\" alt=\"\" srcset=\"http:\/\/kommentatorenblog.de\/wp-content\/uploads\/2020\/09\/shure-55sh-ii-e1601485394796.jpg 415w, http:\/\/kommentatorenblog.de\/wp-content\/uploads\/2020\/09\/shure-55sh-ii-e1601485394796-142x300.jpg 142w\" sizes=\"auto, (max-width: 10px) 100vw, 10px\" \/> Tim Hemmrich<\/p>\n\n\n\n<hr class=\"wp-block-separator has-alpha-channel-opacity\"\/>\n\n\n\n<hr class=\"wp-block-separator has-alpha-channel-opacity\"\/>\n\n\n\n<p><strong><code>Analyse<\/code><\/strong> &#8211; in aller K\u00fcrze:<\/p>\n\n\n\n<ul class=\"wp-block-list\">\n<li><strong>Dritter Flutlicht-Freitag, dritte Moderatorin: <\/strong>W\u00e4hrend Sch\u00fcler und Mentor noch in Riga weilen, \u00fcbernehmen Vater und Sohn den zweiten Flutlicht-Freitag in Folge und kommentieren die 90 Minuten des Spitzenspiels Leverkusen-Frankfurt. Dann wird auch die dritte Moderatorin des vierk\u00f6pfigen Pools zum Einsatz kommen: Nele Ocik. Auch Patrick Helmes feiert Saisondeb\u00fct auf diesem Sendeplatz. Dirk gro\u00dfe Schlarmann f\u00fchrt auf gro\u00dfer B\u00fchne die Interviews.<\/li>\n\n\n\n<li><strong>Dieses Mal Doppeleinsatz f\u00fcr Hansi K\u00fcpper:<\/strong> Wie sein Sohn vor zwei Wochen, darf nun Hansi K\u00fcpper nach dem Freitag auch am Samstag direkt ins Stadion und \u00fcbernimmt aus dem Stadion am Europakreisel. Patrick Wasserziehr f\u00fchrt dort geographisch etwas \u00fcberraschend die Interviews.<\/li>\n\n\n\n<li><strong>Wieder unterschiedlicher Fokus am Samstag: <\/strong>Vor der Saison haben wir noch ger\u00e4tselt, wie oft der Fokus von Sky und DAZN am Samstagnachmittag auseinander gehen wird. Also das Studio-Stadion von DAZN ein anderes sein wird als das Co-Kommentatoren-Spiel von Sky. Und: Am 3. Spieltag ist das bereits zum zweiten Mal der Fall! W\u00e4hrend sich DAZN mit Experte Seb Knei\u00dfl aus Heidenheim meldet, referiert Shkodran Mustafi an der Seite von Jonas Friedrich in Freiburg.<\/li>\n\n\n\n<li><strong>Tom Kirsten und Max Gross mit BL-Konferenzdeb\u00fct: <\/strong>Die beiden DAZN-Eigengew\u00e4chse werden am Samstagnachmittag zum ersten Mal in der Bundesliga-Konferenz kommentieren. Damit sind nach den ersten drei Spieltagen schon elf der angek\u00fcndigten 16 Kommentator*innen f\u00fcr die Konferenz im Einsatz gewesen. Nach diesem Wochenende freuen wir uns dann im Herbst noch auf die Deb\u00fcts von Christina Rann, Mario Rieker, Freddy Harder und David Ploch. Auch f\u00fcr Marco Hagemann steht zumindest noch der erste Bundesliga-Konferenzeinsatz f\u00fcr DAZN aus.<\/li>\n\n\n\n<li><strong>Kemme und Hofmann<\/strong>: Saisondeb\u00fct f\u00fcr Tabea Kemme beim Topspiel am Samstagabend. Die andere Antwort auf die zweite offene Frage ist Britta Hofmann als Field-Reporterin.<\/li>\n\n\n\n<li><strong>Zweimal aus dem Stadion: <\/strong>Die Stadion-Quote bleibt hoch beim Bundesliga-Streamer: DAZN zeigt sowohl das Rautenduell als auch Sandro Wagners Gastspiel auf St. Pauli jeweils mit der kompletten Crew aus dem Stadion.<\/li>\n\n\n\n<li><strong>Fast die gleiche Konferenz: <\/strong>Mit Blick auf Liga 2 fallen die Doppeleins\u00e4tze von Sven Schr\u00f6ter und Toni Tomic in der Samstags- und Sonntagskonferenz auf, was die Schaltung fast mit gleicher Besetzung daherkommen l\u00e4sst. Einzig Markus G\u00f6tz verabschiedet sich nach dem Samstagseinsatz am Sonntag zur Premier League und macht Platz f\u00fcr Hannes Herrmann. Des weiteren d\u00fcrfen wir uns erneut in einem Zweitligaspiel auf Kai Dittmann freuen.<\/li>\n\n\n\n<li><strong>Gro\u00dfe Nord-Duelle mit Stra\u00dfburger<\/strong>: Wer die traditionsreichen Spitzenspiele in den Ligen 2 und 3 sehen m\u00f6chte, kommt am Namen Christian Stra\u00dfburger nicht vorbei. Sowohl am Samstagabend f\u00fcr Sky (bemerkenswert!) in Hannover, als auch am Sonntagmittag f\u00fcr Magenta in Osnabr\u00fcck ist der begehrte Kommentator im Einsatz.<\/li>\n<\/ul>\n\n\n\n<p>Damit w\u00fcnsche ich allen ein sch\u00f6nes Wochenende &#8211; ob bei den Live-\u00dcbertragungen, auf dem Fu\u00dfballplatz oder beim Doppelpass.<\/p>\n","protected":false},"excerpt":{"rendered":"<p>N&#8217;Abend allerseits, wenn man auf die letzte Woche zur\u00fcckblickt, ist es schwierig zu beurteilen, welches der beiden Ereignisse mehr Wellen in der deutschen Fu\u00dfball-Welt geschlagen hat: Der unterirdische Auftritt der Nationalmannschaft in Bratislava oder der epochale Auftritt Uli Hoene\u00df&#8216; im Doppelpass. Man kann daraus vieles ableiten. Vieles mag auch an der Hoene\u00df&#8217;schen F\u00e4higkeit liegen, die [&hellip;]<\/p>\n","protected":false},"author":12,"featured_media":0,"comment_status":"open","ping_status":"open","sticky":false,"template":"","format":"standard","meta":{"footnotes":""},"categories":[424],"tags":[],"class_list":["post-22699","post","type-post","status-publish","format-standard","hentry","category-bundesliga-und-co"],"_links":{"self":[{"href":"http:\/\/kommentatorenblog.de\/index.php?rest_route=\/wp\/v2\/posts\/22699","targetHints":{"allow":["GET"]}}],"collection":[{"href":"http:\/\/kommentatorenblog.de\/index.php?rest_route=\/wp\/v2\/posts"}],"about":[{"href":"http:\/\/kommentatorenblog.de\/index.php?rest_route=\/wp\/v2\/types\/post"}],"author":[{"embeddable":true,"href":"http:\/\/kommentatorenblog.de\/index.php?rest_route=\/wp\/v2\/users\/12"}],"replies":[{"embeddable":true,"href":"http:\/\/kommentatorenblog.de\/index.php?rest_route=%2Fwp%2Fv2%2Fcomments&post=22699"}],"version-history":[{"count":44,"href":"http:\/\/kommentatorenblog.de\/index.php?rest_route=\/wp\/v2\/posts\/22699\/revisions"}],"predecessor-version":[{"id":22825,"href":"http:\/\/kommentatorenblog.de\/index.php?rest_route=\/wp\/v2\/posts\/22699\/revisions\/22825"}],"wp:attachment":[{"href":"http:\/\/kommentatorenblog.de\/index.php?rest_route=%2Fwp%2Fv2%2Fmedia&parent=22699"}],"wp:term":[{"taxonomy":"category","embeddable":true,"href":"http:\/\/kommentatorenblog.de\/index.php?rest_route=%2Fwp%2Fv2%2Fcategories&post=22699"},{"taxonomy":"post_tag","embeddable":true,"href":"http:\/\/kommentatorenblog.de\/index.php?rest_route=%2Fwp%2Fv2%2Ftags&post=22699"}],"curies":[{"name":"wp","href":"https:\/\/api.w.org\/{rel}","templated":true}]}}