{"id":23622,"date":"2025-12-08T17:18:06","date_gmt":"2025-12-08T16:18:06","guid":{"rendered":"https:\/\/kommentatorenblog.de\/?p=23622"},"modified":"2025-12-10T21:01:38","modified_gmt":"2025-12-10T20:01:38","slug":"1555-rueckkehr-der-awards","status":"publish","type":"post","link":"http:\/\/kommentatorenblog.de\/?p=23622","title":{"rendered":"1555 &#8211; R\u00fcckkehr der Awards"},"content":{"rendered":"\n<p>N&#8217;Abend allerseits,<\/p>\n\n\n\n<p>die Wintersport-Saison ist im vollen Gange, die Handball-WM biegt in die K.O.-Phase ein, das deutsche Viertelfinale gibt es am Dienstag im ZDF zu sehen, und die n\u00e4chsten Highlights au\u00dferhalb des Fu\u00dfballs stehen auch schon bald an (Vierschanzentournee, Handball-EM, Olympia, Paralympics&#8230;). Grund f\u00fcr uns, die diesj\u00e4hrigen Kommentatorenblog Community Awards auf Sportarten au\u00dferhalb des Fu\u00dfballs zu richten.<\/p>\n\n\n\n<p><strong>Unsere Kategorien<\/strong><\/p>\n\n\n\n<ol class=\"wp-block-list\">\n<li>Motorsport<\/li>\n\n\n\n<li>Handball<\/li>\n\n\n\n<li>Basketball<\/li>\n\n\n\n<li>Eishockey<\/li>\n\n\n\n<li>Tennis<\/li>\n\n\n\n<li>Wintersport<\/li>\n\n\n\n<li>Olympische Kernsportarten (Leichtathletik, Rad, Schwimmen etc)<\/li>\n\n\n\n<li>Kampfsport<\/li>\n\n\n\n<li>Football<\/li>\n\n\n\n<li>Bester Newcomer \/ beste Newcomerin<\/li>\n\n\n\n<li>Beste TV-\u00dcbertragung<\/li>\n\n\n\n<li>Special Award Fu\u00dfball-EM 2025<br><\/li>\n<\/ol>\n\n\n\n<p><strong>Das Prozedere<\/strong><\/p>\n\n\n\n<p>Ab n\u00e4chstem Donnerstag (11.12) werden auf Instagram und hier im Blog die Nominierungsrunden f\u00fcr jede Kategorie starten. In jeder Kategorie k\u00f6nnen sowohl <strong>Expertinnen <\/strong>und <strong>Experten<\/strong>, <strong>Kommentatorinnen <\/strong>und <strong>Kommentatoren <\/strong>als auch <strong>Moderatorinnen <\/strong>und <strong>Moderatoren <\/strong>gew\u00e4hlt werden. M\u00f6glich ist dabei auch die Nominierung von Duos, wie beispielsweise Ralf Scholt\/Tim Tonder, Matthias Stach\/Boris Becker oder Claus Lufen\/Frank Busemann. Einzige <strong>Voraussetzung<\/strong>: die Person\/das Duo muss ab dem 01.01.2024 bei mindestens <strong>5 \u00dcbertragungen dieser Sportart<\/strong> im deutschen TV (oder Streaming) dabei gewesen sein.<\/p>\n\n\n\n<p>Die drei Personen, die am h\u00e4ufigsten vorgeschlagen wurden, sowie eine von uns bestimmte Wildcard, stehen dann Anfang n\u00e4chsten Jahres zur Abstimmung f\u00fcr den jeweiligen Award. Hierbei werden die Ergebnisse aus Blog und Instagram je zu 50 % gewichtet.<\/p>\n\n\n\n<p><strong>Der Zeitraum<\/strong><\/p>\n\n\n\n<p>Die Nominierungsrunde startet am <strong>Donnerstag, den 11.12.<\/strong> Hier im Blog k\u00f6nnt ihr dann bis zum 24.12 f\u00fcr alle Kategorien nominieren, auf Instagram wird es zwischen dem 11. und 23.12 t\u00e4glich eine Nominierungsrunde in einer Kategorie geben. Macht euch also schon mal Gedanken, wen ihr nominiert. <\/p>\n\n\n\n<p>Mit Start der R\u00fcckrunde geben wir euch dann die Ergebnisse bekannt und die Abstimmung wird voraussichtlich ab dem 12.01.2026 beginnen.<\/p>\n\n\n\n<hr class=\"wp-block-separator has-alpha-channel-opacity\"\/>\n\n\n\n<p><strong>Die Ansetzungen vom 09. bis zum 11. Dezember 2025<\/strong><\/p>\n\n\n\n<hr class=\"wp-block-separator has-alpha-channel-opacity\"\/>\n\n\n\n<p><strong>UEFA Champions League, Ligaphase, 6. Spieltag (DAZN\/<mark style=\"background-color:rgba(0, 0, 0, 0)\" class=\"has-inline-color has-vivid-cyan-blue-color\">Prime<\/mark>)<\/strong><\/p>\n\n\n\n<p><span style=\"text-decoration: underline;\">Dienstag, 09. Dezember 2025, ab 16.30 Uhr (DAZN)<\/span><\/p>\n\n\n\n<p><strong><em>Almaty &#8211; Pir\u00e4us (16.30 Uhr)<\/em><\/strong><br><img loading=\"lazy\" decoding=\"async\" width=\"10\" height=\"21\" class=\"wp-image-3656\" style=\"width: 10px;\" src=\"http:\/\/kommentatorenblog.de\/wp-content\/uploads\/2020\/09\/shure-55sh-ii-e1601485394796.jpg\" alt=\"\" srcset=\"http:\/\/kommentatorenblog.de\/wp-content\/uploads\/2020\/09\/shure-55sh-ii-e1601485394796.jpg 415w, http:\/\/kommentatorenblog.de\/wp-content\/uploads\/2020\/09\/shure-55sh-ii-e1601485394796-142x300.jpg 142w\" sizes=\"auto, (max-width: 10px) 100vw, 10px\" \/> Simon Sterzer<\/p>\n\n\n\n<p><span style=\"text-decoration: underline;\">ab 18.00 Uhr (DAZN)<\/span><\/p>\n\n\n\n<p><strong><em>FC Bayern M\u00fcnchen &#8211; Sporting<\/em> <em>Lissabon (18.45 Uhr)<\/em><\/strong><br><img loading=\"lazy\" decoding=\"async\" width=\"10\" height=\"21\" class=\"wp-image-3656\" style=\"width: 10px;\" src=\"http:\/\/kommentatorenblog.de\/wp-content\/uploads\/2020\/09\/shure-55sh-ii-e1601485394796.jpg\" alt=\"\" srcset=\"http:\/\/kommentatorenblog.de\/wp-content\/uploads\/2020\/09\/shure-55sh-ii-e1601485394796.jpg 415w, http:\/\/kommentatorenblog.de\/wp-content\/uploads\/2020\/09\/shure-55sh-ii-e1601485394796-142x300.jpg 142w\" sizes=\"auto, (max-width: 10px) 100vw, 10px\" \/> Freddy Harder, Experte: Sami Khedira <br>Moderation: Laura Wontorra, Field-Reporter: Max Siebald<\/p>\n\n\n\n<p><span style=\"text-decoration: underline;\">ab 20.00 Uhr (<mark style=\"background-color:rgba(0, 0, 0, 0)\" class=\"has-inline-color has-vivid-cyan-blue-color\">Prime<\/mark>)<\/span><\/p>\n\n\n\n<p><em><strong>FC Barcelona &#8211; Eintracht Frankfurt <\/strong><\/em><strong><em>(21.00 Uhr)<\/em><\/strong><br><img loading=\"lazy\" decoding=\"async\" width=\"10\" height=\"21\" class=\"wp-image-3656\" style=\"width: 10px;\" src=\"http:\/\/kommentatorenblog.de\/wp-content\/uploads\/2020\/09\/shure-55sh-ii-e1601485394796.jpg\" alt=\"\" srcset=\"http:\/\/kommentatorenblog.de\/wp-content\/uploads\/2020\/09\/shure-55sh-ii-e1601485394796.jpg 415w, http:\/\/kommentatorenblog.de\/wp-content\/uploads\/2020\/09\/shure-55sh-ii-e1601485394796-142x300.jpg 142w\" sizes=\"auto, (max-width: 10px) 100vw, 10px\" \/> Hannes Herrmann, Experte: Benedikt H\u00f6wedes<br>Field-Reporter:innen: Cayana Freeman und Sebastian Benesch<br>Moderation: Jonas Friedrich, Expert:innen: Matthias Sammer, Christoph Kramer und Tabea Kemme, Schiedsrichter-Experte: Lutz Wagner<\/p>\n\n\n\n<p><strong><em>Highlight-Show (23.00 Uhr)<br><\/em><\/strong>Moderation: Lena Cassel, Experte: Patrick Owomoyela<\/p>\n\n\n\n<p><span style=\"text-decoration: underline;\">ab 20.30 (Konferenz) bzw. 21.00 Uhr (DAZN)<\/span><\/p>\n\n\n\n<p><strong><em>Inter Mailand &#8211; Liverpool&nbsp; (21.00 Uhr)<\/em><\/strong><br><img loading=\"lazy\" decoding=\"async\" width=\"10\" height=\"21\" class=\"wp-image-3656\" style=\"width: 10px;\" src=\"http:\/\/kommentatorenblog.de\/wp-content\/uploads\/2020\/09\/shure-55sh-ii-e1601485394796.jpg\" alt=\"\" srcset=\"http:\/\/kommentatorenblog.de\/wp-content\/uploads\/2020\/09\/shure-55sh-ii-e1601485394796.jpg 415w, http:\/\/kommentatorenblog.de\/wp-content\/uploads\/2020\/09\/shure-55sh-ii-e1601485394796-142x300.jpg 142w\" sizes=\"auto, (max-width: 10px) 100vw, 10px\" \/> Uli Hebel (Einzelspiel), Lukas Sch\u00f6nm\u00fcller (Konferenz)<\/p>\n\n\n\n<p><strong><em>Atalanta Bergamo &#8211; Chelsea&nbsp;London (21.00 Uhr)<\/em><\/strong><br><img loading=\"lazy\" decoding=\"async\" width=\"10\" height=\"21\" class=\"wp-image-3656\" style=\"width: 10px;\" src=\"http:\/\/kommentatorenblog.de\/wp-content\/uploads\/2020\/09\/shure-55sh-ii-e1601485394796.jpg\" alt=\"\" srcset=\"http:\/\/kommentatorenblog.de\/wp-content\/uploads\/2020\/09\/shure-55sh-ii-e1601485394796.jpg 415w, http:\/\/kommentatorenblog.de\/wp-content\/uploads\/2020\/09\/shure-55sh-ii-e1601485394796-142x300.jpg 142w\" sizes=\"auto, (max-width: 10px) 100vw, 10px\" \/> Nico Seepe (Einzelspiel), Mario Rieker (Konferenz)<\/p>\n\n\n\n<p><strong><em>AS Monaco &#8211; Galatasaray (21.00 Uhr)<\/em><\/strong><br><img loading=\"lazy\" decoding=\"async\" width=\"10\" height=\"21\" class=\"wp-image-3656\" style=\"width: 10px;\" src=\"http:\/\/kommentatorenblog.de\/wp-content\/uploads\/2020\/09\/shure-55sh-ii-e1601485394796.jpg\" alt=\"\" srcset=\"http:\/\/kommentatorenblog.de\/wp-content\/uploads\/2020\/09\/shure-55sh-ii-e1601485394796.jpg 415w, http:\/\/kommentatorenblog.de\/wp-content\/uploads\/2020\/09\/shure-55sh-ii-e1601485394796-142x300.jpg 142w\" sizes=\"auto, (max-width: 10px) 100vw, 10px\" \/>&nbsp;Julian Engelhard (Einzelspiel), Michael Born (Konferenz)<br><img loading=\"lazy\" decoding=\"async\" width=\"10\" height=\"21\" class=\"wp-image-3656\" style=\"width: 10px;\" src=\"http:\/\/kommentatorenblog.de\/wp-content\/uploads\/2020\/09\/shure-55sh-ii-e1601485394796.jpg\" alt=\"\" srcset=\"http:\/\/kommentatorenblog.de\/wp-content\/uploads\/2020\/09\/shure-55sh-ii-e1601485394796.jpg 415w, http:\/\/kommentatorenblog.de\/wp-content\/uploads\/2020\/09\/shure-55sh-ii-e1601485394796-142x300.jpg 142w\" sizes=\"auto, (max-width: 10px) 100vw, 10px\" \/>&nbsp;<em>t\u00fcrkischer Kommentar<\/em>: Ozan S\u00fcl\u00fcm (Einzelspiel)<\/p>\n\n\n\n<p><strong><em>PSV Eindhoven &#8211; Atletico Madrid (21.00 Uhr)<\/em><\/strong><br><img loading=\"lazy\" decoding=\"async\" width=\"10\" height=\"21\" class=\"wp-image-3656\" style=\"width: 10px;\" src=\"http:\/\/kommentatorenblog.de\/wp-content\/uploads\/2020\/09\/shure-55sh-ii-e1601485394796.jpg\" alt=\"\" srcset=\"http:\/\/kommentatorenblog.de\/wp-content\/uploads\/2020\/09\/shure-55sh-ii-e1601485394796.jpg 415w, http:\/\/kommentatorenblog.de\/wp-content\/uploads\/2020\/09\/shure-55sh-ii-e1601485394796-142x300.jpg 142w\" sizes=\"auto, (max-width: 10px) 100vw, 10px\" \/> Freddie Schulz (Einzelspiel), Oliver Forster (Konferenz)<\/p>\n\n\n\n<p><strong><em>Tottenham &#8211; Slavia Prag (21.00 Uhr)<\/em><\/strong><br><img loading=\"lazy\" decoding=\"async\" width=\"10\" height=\"21\" class=\"wp-image-3656\" style=\"width: 10px;\" src=\"http:\/\/kommentatorenblog.de\/wp-content\/uploads\/2020\/09\/shure-55sh-ii-e1601485394796.jpg\" alt=\"\" srcset=\"http:\/\/kommentatorenblog.de\/wp-content\/uploads\/2020\/09\/shure-55sh-ii-e1601485394796.jpg 415w, http:\/\/kommentatorenblog.de\/wp-content\/uploads\/2020\/09\/shure-55sh-ii-e1601485394796-142x300.jpg 142w\" sizes=\"auto, (max-width: 10px) 100vw, 10px\" \/> David Ploch (Einzelspiel), Marco Hagemann (Konferenz)<\/p>\n\n\n\n<p><strong><em>Union Saint-Gilloise &#8211; Olympique Marseille (21.00 Uhr)<\/em><\/strong><br><img loading=\"lazy\" decoding=\"async\" width=\"10\" height=\"21\" class=\"wp-image-3656\" style=\"width: 10px;\" src=\"http:\/\/kommentatorenblog.de\/wp-content\/uploads\/2020\/09\/shure-55sh-ii-e1601485394796.jpg\" alt=\"\" srcset=\"http:\/\/kommentatorenblog.de\/wp-content\/uploads\/2020\/09\/shure-55sh-ii-e1601485394796.jpg 415w, http:\/\/kommentatorenblog.de\/wp-content\/uploads\/2020\/09\/shure-55sh-ii-e1601485394796-142x300.jpg 142w\" sizes=\"auto, (max-width: 10px) 100vw, 10px\" \/> Stefan Galler (Einzelspiel), <s>Tom Kirsten<\/s> Marcel Seufert (Konferenz)<\/p>\n\n\n\n<p>Moderation (Konferenz): Christoph Stadtler<\/p>\n\n\n\n<p><span style=\"text-decoration: underline;\">Mittwoch, 10. Dezember 2025, ab 18.25 Uhr (DAZN)<\/span><\/p>\n\n\n\n<p><strong><em>Qarabag Agdam &#8211; Ajax Amsterdam (18.45 Uhr)<\/em><\/strong><br><img loading=\"lazy\" decoding=\"async\" width=\"10\" height=\"21\" class=\"wp-image-3656\" style=\"width: 10px;\" src=\"http:\/\/kommentatorenblog.de\/wp-content\/uploads\/2020\/09\/shure-55sh-ii-e1601485394796.jpg\" alt=\"\" srcset=\"http:\/\/kommentatorenblog.de\/wp-content\/uploads\/2020\/09\/shure-55sh-ii-e1601485394796.jpg 415w, http:\/\/kommentatorenblog.de\/wp-content\/uploads\/2020\/09\/shure-55sh-ii-e1601485394796-142x300.jpg 142w\" sizes=\"auto, (max-width: 10px) 100vw, 10px\" \/> Julian Engelhard (Einzelspiel), Flo Hauser (Konferenz)<\/p>\n\n\n\n<p><strong><em>Villarreal &#8211; Kopenhagen&nbsp; (18.45 Uhr)<\/em><\/strong><br><img loading=\"lazy\" decoding=\"async\" width=\"10\" height=\"21\" class=\"wp-image-3656\" style=\"width: 10px;\" src=\"http:\/\/kommentatorenblog.de\/wp-content\/uploads\/2020\/09\/shure-55sh-ii-e1601485394796.jpg\" alt=\"\" srcset=\"http:\/\/kommentatorenblog.de\/wp-content\/uploads\/2020\/09\/shure-55sh-ii-e1601485394796.jpg 415w, http:\/\/kommentatorenblog.de\/wp-content\/uploads\/2020\/09\/shure-55sh-ii-e1601485394796-142x300.jpg 142w\" sizes=\"auto, (max-width: 10px) 100vw, 10px\" \/> Nico Seepe (Einzelspiel), David Ploch (Konferenz)<\/p>\n\n\n\n<p><span style=\"text-decoration: underline;\">ab 20.15 Uhr (DAZN)<\/span><\/p>\n\n\n\n<p><em><strong>Borussia Dortmund &#8211; Bod\u00f6\/Glimt<\/strong><\/em><strong><em> (21.00 Uhr)<\/em><\/strong><br><img loading=\"lazy\" decoding=\"async\" width=\"10\" height=\"21\" class=\"wp-image-3656\" style=\"width: 10px;\" src=\"http:\/\/kommentatorenblog.de\/wp-content\/uploads\/2020\/09\/shure-55sh-ii-e1601485394796.jpg\" alt=\"\" srcset=\"http:\/\/kommentatorenblog.de\/wp-content\/uploads\/2020\/09\/shure-55sh-ii-e1601485394796.jpg 415w, http:\/\/kommentatorenblog.de\/wp-content\/uploads\/2020\/09\/shure-55sh-ii-e1601485394796-142x300.jpg 142w\" sizes=\"auto, (max-width: 10px) 100vw, 10px\" \/> Mario Rieker, Experte: Sebastian Knei\u00dfl (Einzelspiel), Lukas Sch\u00f6nm\u00fcller (Konferenz)<br>Moderation: Christina Rann, Experte: Marco Reus, Field-Reporter: Jan Wochner<\/p>\n\n\n\n<p><em><strong>Bayer 04 Leverkusen &#8211; Newcastle United<\/strong><\/em><strong><em> (21.00 Uhr)<\/em><\/strong><br><img loading=\"lazy\" decoding=\"async\" width=\"10\" height=\"21\" class=\"wp-image-3656\" style=\"width: 10px;\" src=\"http:\/\/kommentatorenblog.de\/wp-content\/uploads\/2020\/09\/shure-55sh-ii-e1601485394796.jpg\" alt=\"\" srcset=\"http:\/\/kommentatorenblog.de\/wp-content\/uploads\/2020\/09\/shure-55sh-ii-e1601485394796.jpg 415w, http:\/\/kommentatorenblog.de\/wp-content\/uploads\/2020\/09\/shure-55sh-ii-e1601485394796-142x300.jpg 142w\" sizes=\"auto, (max-width: 10px) 100vw, 10px\" \/> Marco Hagemann, Experte:&nbsp;Michael Ballack (Einzelspiel), Max Gross (Konferenz)<br>Moderation: Freddy Harder<\/p>\n\n\n\n<p><span style=\"text-decoration: underline;\">ab 20.15 Uhr (DAZN &#8211; Konferenz) bzw. ab 21.00 Uhr (DAZN &#8211; Einzelspiel)<\/span><\/p>\n\n\n\n<p><strong><em>Real Madrid &#8211; Manchester City (21.00 Uhr)<\/em><\/strong><br><img loading=\"lazy\" decoding=\"async\" width=\"10\" height=\"21\" class=\"wp-image-3656\" style=\"width: 10px;\" src=\"http:\/\/kommentatorenblog.de\/wp-content\/uploads\/2020\/09\/shure-55sh-ii-e1601485394796.jpg\" alt=\"\" srcset=\"http:\/\/kommentatorenblog.de\/wp-content\/uploads\/2020\/09\/shure-55sh-ii-e1601485394796.jpg 415w, http:\/\/kommentatorenblog.de\/wp-content\/uploads\/2020\/09\/shure-55sh-ii-e1601485394796-142x300.jpg 142w\" sizes=\"auto, (max-width: 10px) 100vw, 10px\" \/> Jan Platte, Expertin: Ariane Hingst (Einzelspiel), Max Siebald (Konferenz)<\/p>\n\n\n\n<p><strong><em>Club Br\u00fcgge &#8211; Arsenal London<\/em><\/strong> <strong><em> (21.00 Uhr)<\/em><\/strong><br><img loading=\"lazy\" decoding=\"async\" width=\"10\" height=\"21\" class=\"wp-image-3656\" style=\"width: 10px;\" src=\"http:\/\/kommentatorenblog.de\/wp-content\/uploads\/2020\/09\/shure-55sh-ii-e1601485394796.jpg\" alt=\"\" srcset=\"http:\/\/kommentatorenblog.de\/wp-content\/uploads\/2020\/09\/shure-55sh-ii-e1601485394796.jpg 415w, http:\/\/kommentatorenblog.de\/wp-content\/uploads\/2020\/09\/shure-55sh-ii-e1601485394796-142x300.jpg 142w\" sizes=\"auto, (max-width: 10px) 100vw, 10px\" \/> <s>Marcel Seufert<\/s> Michael Born (Einzelspiel), <s>Michael Born<\/s> Marcel Seufert (Konferenz)<\/p>\n\n\n\n<p><strong><em>Athletic Bilbao &#8211; Paris Saint-Germain (21.00 Uhr)<\/em><\/strong><br><img loading=\"lazy\" decoding=\"async\" width=\"10\" height=\"21\" class=\"wp-image-3656\" style=\"width: 10px;\" src=\"http:\/\/kommentatorenblog.de\/wp-content\/uploads\/2020\/09\/shure-55sh-ii-e1601485394796.jpg\" alt=\"\" srcset=\"http:\/\/kommentatorenblog.de\/wp-content\/uploads\/2020\/09\/shure-55sh-ii-e1601485394796.jpg 415w, http:\/\/kommentatorenblog.de\/wp-content\/uploads\/2020\/09\/shure-55sh-ii-e1601485394796-142x300.jpg 142w\" sizes=\"auto, (max-width: 10px) 100vw, 10px\" \/> Stefan Galler (Einzelspiel), Chris Putz (Konferenz)<\/p>\n\n\n\n<p><strong><em>Benfica Lissabon &#8211; SSC Neapel (21.00 Uhr)<\/em><\/strong><br><img loading=\"lazy\" decoding=\"async\" width=\"10\" height=\"21\" class=\"wp-image-3656\" style=\"width: 10px;\" src=\"http:\/\/kommentatorenblog.de\/wp-content\/uploads\/2020\/09\/shure-55sh-ii-e1601485394796.jpg\" alt=\"\" srcset=\"http:\/\/kommentatorenblog.de\/wp-content\/uploads\/2020\/09\/shure-55sh-ii-e1601485394796.jpg 415w, http:\/\/kommentatorenblog.de\/wp-content\/uploads\/2020\/09\/shure-55sh-ii-e1601485394796-142x300.jpg 142w\" sizes=\"auto, (max-width: 10px) 100vw, 10px\" \/> Simon Sterzer (Einzelspiel), Oliver Forster (Konferenz)<\/p>\n\n\n\n<p><strong><em>Juventus Turin &#8211; Pafos (21.00 Uhr)<\/em><\/strong><br><img loading=\"lazy\" decoding=\"async\" width=\"10\" height=\"21\" class=\"wp-image-3656\" style=\"width: 10px;\" src=\"http:\/\/kommentatorenblog.de\/wp-content\/uploads\/2020\/09\/shure-55sh-ii-e1601485394796.jpg\" alt=\"\" srcset=\"http:\/\/kommentatorenblog.de\/wp-content\/uploads\/2020\/09\/shure-55sh-ii-e1601485394796.jpg 415w, http:\/\/kommentatorenblog.de\/wp-content\/uploads\/2020\/09\/shure-55sh-ii-e1601485394796-142x300.jpg 142w\" sizes=\"auto, (max-width: 10px) 100vw, 10px\" \/> Carsten Fu\u00df (Einzelspiel), Christoph Stadtler (Konferenz)<\/p>\n\n\n\n<p>Moderation (Konferenz): Tobi Wahnschaffe<\/p>\n\n\n\n<hr class=\"wp-block-separator has-alpha-channel-opacity\"\/>\n\n\n\n<p><strong>UEFA Champions League, Ligaphase, 5. Spieltag (<mark style=\"background-color:rgba(0, 0, 0, 0)\" class=\"has-inline-color has-vivid-purple-color\">Disney+<\/mark>)<\/strong><\/p>\n\n\n\n<p><span style=\"text-decoration: underline;\">Dienstag, 09. Dezember 2025, ab 18.45 Uhr<\/span><\/p>\n\n\n\n<p><strong><em>SKN St P\u00f6lten &#8211; Juventus Turin (18.45 Uhr)<\/em><\/strong><br><img loading=\"lazy\" decoding=\"async\" width=\"10\" height=\"21\" class=\"wp-image-3656\" style=\"width: 10px;\" src=\"http:\/\/kommentatorenblog.de\/wp-content\/uploads\/2020\/09\/shure-55sh-ii-e1601485394796.jpg\" alt=\"\" srcset=\"http:\/\/kommentatorenblog.de\/wp-content\/uploads\/2020\/09\/shure-55sh-ii-e1601485394796.jpg 415w, http:\/\/kommentatorenblog.de\/wp-content\/uploads\/2020\/09\/shure-55sh-ii-e1601485394796-142x300.jpg 142w\" sizes=\"auto, (max-width: 10px) 100vw, 10px\" \/> Michael Pinter<\/p>\n\n\n\n<p><strong><em>Real Madrid <\/em><\/strong><strong><em>&#8211; VfL Wolfsburg<\/em><\/strong><strong><em> (21.00 Uhr)<\/em><\/strong><br><img loading=\"lazy\" decoding=\"async\" width=\"10\" height=\"21\" class=\"wp-image-3656\" style=\"width: 10px;\" src=\"http:\/\/kommentatorenblog.de\/wp-content\/uploads\/2020\/09\/shure-55sh-ii-e1601485394796.jpg\" alt=\"\" srcset=\"http:\/\/kommentatorenblog.de\/wp-content\/uploads\/2020\/09\/shure-55sh-ii-e1601485394796.jpg 415w, http:\/\/kommentatorenblog.de\/wp-content\/uploads\/2020\/09\/shure-55sh-ii-e1601485394796-142x300.jpg 142w\" sizes=\"auto, (max-width: 10px) 100vw, 10px\" \/> Matthias Naebers<\/p>\n\n\n\n<p><span style=\"text-decoration: underline;\">Mittwoch, 10. Dezember 2025, ab 21.00 Uhr<\/span><\/p>\n\n\n\n<p><strong><em>Atletico Madrid &#8211; FC Bayern M\u00fcnchen (21.00 Uhr)<\/em><\/strong><br><img loading=\"lazy\" decoding=\"async\" width=\"10\" height=\"21\" class=\"wp-image-3656\" style=\"width: 10px;\" src=\"http:\/\/kommentatorenblog.de\/wp-content\/uploads\/2020\/09\/shure-55sh-ii-e1601485394796.jpg\" alt=\"\" srcset=\"http:\/\/kommentatorenblog.de\/wp-content\/uploads\/2020\/09\/shure-55sh-ii-e1601485394796.jpg 415w, http:\/\/kommentatorenblog.de\/wp-content\/uploads\/2020\/09\/shure-55sh-ii-e1601485394796-142x300.jpg 142w\" sizes=\"auto, (max-width: 10px) 100vw, 10px\" \/> Ruben Zimmermann<\/p>\n\n\n\n<hr class=\"wp-block-separator has-alpha-channel-opacity\"\/>\n\n\n\n<p><strong>UEFA Europa League, Ligaphase, 6. Spieltag \/ UEFA Conference League, Ligaphase, 5. Spieltag (<mark style=\"background-color:rgba(0, 0, 0, 0)\" class=\"has-inline-color has-vivid-purple-color\">RTL<\/mark>\/<mark style=\"background-color:rgba(0, 0, 0, 0)\" class=\"has-inline-color has-vivid-purple-color\">RTL+<\/mark>\/Sky)<\/strong><\/p>\n\n\n\n<p><span style=\"text-decoration: underline;\">Donnerstag, 11. Dezember  2025, ab 18.15 Uhr (<mark style=\"background-color:rgba(0, 0, 0, 0)\" class=\"has-inline-color has-vivid-purple-color\">RTL+<\/mark>)<\/span><\/p>\n\n\n\n<p><strong><em>VfB Stuttgart \u2013 Maccabi Tel Aviv (18.45 Uhr)<br><\/em><\/strong><img loading=\"lazy\" decoding=\"async\" width=\"10\" height=\"21\" class=\"wp-image-3656\" style=\"width: 10px;\" src=\"http:\/\/kommentatorenblog.de\/wp-content\/uploads\/2020\/09\/shure-55sh-ii-e1601485394796.jpg\" alt=\"\" srcset=\"http:\/\/kommentatorenblog.de\/wp-content\/uploads\/2020\/09\/shure-55sh-ii-e1601485394796.jpg 415w, http:\/\/kommentatorenblog.de\/wp-content\/uploads\/2020\/09\/shure-55sh-ii-e1601485394796-142x300.jpg 142w\" sizes=\"auto, (max-width: 10px) 100vw, 10px\" \/> Robby Hunke (Einzelspiel), Cornelius K\u00fcpper (Konferenz)<br>Field-Reporter: Marcel Klein<\/p>\n\n\n\n<p><strong><em>FC Utrecht \u2013 Nottingham Forest<\/em><\/strong> <strong><em>(18.45 Uhr)<br><\/em><\/strong><img loading=\"lazy\" decoding=\"async\" width=\"10\" height=\"21\" class=\"wp-image-3656\" style=\"width: 10px;\" src=\"http:\/\/kommentatorenblog.de\/wp-content\/uploads\/2020\/09\/shure-55sh-ii-e1601485394796.jpg\" alt=\"\" srcset=\"http:\/\/kommentatorenblog.de\/wp-content\/uploads\/2020\/09\/shure-55sh-ii-e1601485394796.jpg 415w, http:\/\/kommentatorenblog.de\/wp-content\/uploads\/2020\/09\/shure-55sh-ii-e1601485394796-142x300.jpg 142w\" sizes=\"auto, (max-width: 10px) 100vw, 10px\" \/> J\u00fcrgen Schmitz (Einzelspiel), Stefan Fuckert (Konferenz)<\/p>\n\n\n\n<p><strong><em>GNK Dinamo Zagreb \u2013 Real Betis&nbsp; (18.45 Uhr)<br><\/em><\/strong><img loading=\"lazy\" decoding=\"async\" width=\"10\" height=\"21\" class=\"wp-image-3656\" style=\"width: 10px;\" src=\"http:\/\/kommentatorenblog.de\/wp-content\/uploads\/2020\/09\/shure-55sh-ii-e1601485394796.jpg\" alt=\"\" srcset=\"http:\/\/kommentatorenblog.de\/wp-content\/uploads\/2020\/09\/shure-55sh-ii-e1601485394796.jpg 415w, http:\/\/kommentatorenblog.de\/wp-content\/uploads\/2020\/09\/shure-55sh-ii-e1601485394796-142x300.jpg 142w\" sizes=\"auto, (max-width: 10px) 100vw, 10px\" \/> Max Giesen (Einzelspiel), Julian Engelhard (Konferenz)<\/p>\n\n\n\n<p><strong><em>Ferencvaros Budapest \u2013 Glasgow Rangers<\/em><\/strong> <strong><em>(18.45 Uhr)<br><\/em><\/strong><img loading=\"lazy\" decoding=\"async\" width=\"10\" height=\"21\" class=\"wp-image-3656\" style=\"width: 10px;\" src=\"http:\/\/kommentatorenblog.de\/wp-content\/uploads\/2020\/09\/shure-55sh-ii-e1601485394796.jpg\" alt=\"\" srcset=\"http:\/\/kommentatorenblog.de\/wp-content\/uploads\/2020\/09\/shure-55sh-ii-e1601485394796.jpg 415w, http:\/\/kommentatorenblog.de\/wp-content\/uploads\/2020\/09\/shure-55sh-ii-e1601485394796-142x300.jpg 142w\" sizes=\"auto, (max-width: 10px) 100vw, 10px\" \/> Benedikt Brinsa (Einzelspiel),&nbsp;Peter Reichert (Konferenz)<\/p>\n\n\n\n<p><span style=\"text-decoration: underline;\">ab 18.15 Uhr (<mark style=\"background-color:rgba(0, 0, 0, 0)\" class=\"has-inline-color has-vivid-purple-color\">RTL+<\/mark>) bzw. ab 18.35 Uhr (Sky)<\/span><\/p>\n\n\n\n<p><strong><em><strong><em>AC Florenz \u2013 Dynamo Kiew <\/em><\/strong> (18.45 Uhr)<\/em><\/strong><br><img loading=\"lazy\" decoding=\"async\" width=\"10\" height=\"21\" class=\"wp-image-3656\" style=\"width: 10px;\" src=\"http:\/\/kommentatorenblog.de\/wp-content\/uploads\/2020\/09\/shure-55sh-ii-e1601485394796.jpg\" alt=\"\" srcset=\"http:\/\/kommentatorenblog.de\/wp-content\/uploads\/2020\/09\/shure-55sh-ii-e1601485394796.jpg 415w, http:\/\/kommentatorenblog.de\/wp-content\/uploads\/2020\/09\/shure-55sh-ii-e1601485394796-142x300.jpg 142w\" sizes=\"auto, (max-width: 10px) 100vw, 10px\" \/> <em><mark style=\"background-color:rgba(0, 0, 0, 0)\" class=\"has-inline-color has-vivid-purple-color\">RTL+<\/mark><\/em>\/<em>Sky<\/em>: Tim Hemmrich&nbsp;(Einzelspiel)<br><img loading=\"lazy\" decoding=\"async\" width=\"10\" height=\"21\" class=\"wp-image-3656\" style=\"width: 10px;\" src=\"http:\/\/kommentatorenblog.de\/wp-content\/uploads\/2020\/09\/shure-55sh-ii-e1601485394796.jpg\" alt=\"\" srcset=\"http:\/\/kommentatorenblog.de\/wp-content\/uploads\/2020\/09\/shure-55sh-ii-e1601485394796.jpg 415w, http:\/\/kommentatorenblog.de\/wp-content\/uploads\/2020\/09\/shure-55sh-ii-e1601485394796-142x300.jpg 142w\" sizes=\"auto, (max-width: 10px) 100vw, 10px\" \/> <em><mark style=\"background-color:rgba(0, 0, 0, 0)\" class=\"has-inline-color has-vivid-purple-color\">RTL+<\/mark><\/em>: Jochen Stutzky (Konferenz)<\/p>\n\n\n\n<p><span style=\"text-decoration: underline;\">ab 20.40<\/span><span style=\"\"><u> Uhr (<\/u><mark style=\"text-decoration-line: underline; background-color: rgba(0, 0, 0, 0);\" class=\"has-inline-color has-vivid-purple-color\">RTL<\/mark><u>) bzw. ab 20.30 Uhr (<\/u><mark style=\"text-decoration-line: underline; background-color: rgba(0, 0, 0, 0);\" class=\"has-inline-color has-vivid-purple-color\">RTL+<\/mark><u>)<\/u><\/span><\/p>\n\n\n\n<p><strong><em>SC Freiburg \u2013 FC Salzburg (21.00 Uhr)<\/em><\/strong><\/p>\n\n\n\n<p><img loading=\"lazy\" decoding=\"async\" width=\"10\" height=\"21\" class=\"wp-image-3656\" style=\"width: 10px;\" src=\"http:\/\/kommentatorenblog.de\/wp-content\/uploads\/2020\/09\/shure-55sh-ii-e1601485394796.jpg\" alt=\"\" srcset=\"http:\/\/kommentatorenblog.de\/wp-content\/uploads\/2020\/09\/shure-55sh-ii-e1601485394796.jpg 415w, http:\/\/kommentatorenblog.de\/wp-content\/uploads\/2020\/09\/shure-55sh-ii-e1601485394796-142x300.jpg 142w\" sizes=\"auto, (max-width: 10px) 100vw, 10px\" \/> <em><mark style=\"background-color:rgba(0, 0, 0, 0)\" class=\"has-inline-color has-vivid-purple-color\">RTL<\/mark><\/em>: Marco Hagemann, Experte: Lothar Matth\u00e4us<br>Moderation (<em><mark style=\"background-color:rgba(0, 0, 0, 0)\" class=\"has-inline-color has-vivid-purple-color\">RTL<\/mark><\/em>): Laura Papendick<\/p>\n\n\n\n<p><img loading=\"lazy\" decoding=\"async\" width=\"10\" height=\"21\" class=\"wp-image-3656\" style=\"width: 10px;\" src=\"http:\/\/kommentatorenblog.de\/wp-content\/uploads\/2020\/09\/shure-55sh-ii-e1601485394796.jpg\" alt=\"\" srcset=\"http:\/\/kommentatorenblog.de\/wp-content\/uploads\/2020\/09\/shure-55sh-ii-e1601485394796.jpg 415w, http:\/\/kommentatorenblog.de\/wp-content\/uploads\/2020\/09\/shure-55sh-ii-e1601485394796-142x300.jpg 142w\" sizes=\"auto, (max-width: 10px) 100vw, 10px\" \/> <em><mark style=\"background-color:rgba(0, 0, 0, 0)\" class=\"has-inline-color has-vivid-purple-color\">RTL+<\/mark><\/em>: Michael Born (Einzelspiel), Christian Stra\u00dfburger (Konferenz)<\/p>\n\n\n\n<p>Field-Reporter: Jonas Gerdes und Christoph K\u00fcppers<\/p>\n\n\n\n<p><span style=\"text-decoration: underline;\">ab 20.30 Uhr (<mark style=\"background-color:rgba(0, 0, 0, 0)\" class=\"has-inline-color has-vivid-purple-color\">RTL+<\/mark>)<\/span><\/p>\n\n\n\n<p><strong><em>Lech Posen \u2013 1. FSV Mainz 05&nbsp; (21.00 Uhr)<br><\/em><\/strong><img loading=\"lazy\" decoding=\"async\" width=\"10\" height=\"21\" class=\"wp-image-3656\" style=\"width: 10px;\" src=\"http:\/\/kommentatorenblog.de\/wp-content\/uploads\/2020\/09\/shure-55sh-ii-e1601485394796.jpg\" alt=\"\" srcset=\"http:\/\/kommentatorenblog.de\/wp-content\/uploads\/2020\/09\/shure-55sh-ii-e1601485394796.jpg 415w, http:\/\/kommentatorenblog.de\/wp-content\/uploads\/2020\/09\/shure-55sh-ii-e1601485394796-142x300.jpg 142w\" sizes=\"auto, (max-width: 10px) 100vw, 10px\" \/> Oliver Seidler (Einzelspiel), Klaus Veltman (Konferenz)<br>Field-Reporter: Thomas Wagner<\/p>\n\n\n\n<p><strong><em>SK Brann \u2013 Fenerbahce Istanbul<\/em><\/strong>&nbsp;<strong><em>(21.00 Uhr)<br><\/em><\/strong><img loading=\"lazy\" decoding=\"async\" width=\"10\" height=\"21\" class=\"wp-image-3656\" style=\"width: 10px;\" src=\"http:\/\/kommentatorenblog.de\/wp-content\/uploads\/2020\/09\/shure-55sh-ii-e1601485394796.jpg\" alt=\"\" srcset=\"http:\/\/kommentatorenblog.de\/wp-content\/uploads\/2020\/09\/shure-55sh-ii-e1601485394796.jpg 415w, http:\/\/kommentatorenblog.de\/wp-content\/uploads\/2020\/09\/shure-55sh-ii-e1601485394796-142x300.jpg 142w\" sizes=\"auto, (max-width: 10px) 100vw, 10px\" \/> Christoph Stadtler (Einzelspiel), Alexander K\u00fcpper (Konferenz)<\/p>\n\n\n\n<p><strong><em>FC Basel \u2013 Aston Villa&nbsp;<\/em><\/strong> <strong><em>(21.00 Uhr)<br><\/em><\/strong><img loading=\"lazy\" decoding=\"async\" width=\"10\" height=\"21\" class=\"wp-image-3656\" style=\"width: 10px;\" src=\"http:\/\/kommentatorenblog.de\/wp-content\/uploads\/2020\/09\/shure-55sh-ii-e1601485394796.jpg\" alt=\"\" srcset=\"http:\/\/kommentatorenblog.de\/wp-content\/uploads\/2020\/09\/shure-55sh-ii-e1601485394796.jpg 415w, http:\/\/kommentatorenblog.de\/wp-content\/uploads\/2020\/09\/shure-55sh-ii-e1601485394796-142x300.jpg 142w\" sizes=\"auto, (max-width: 10px) 100vw, 10px\" \/> Jan Wochner (Einzelspiel), Christina Rann (Konferenz)<\/p>\n\n\n\n<p><span style=\"text-decoration: underline;\">ab 20.30 Uhr (<mark style=\"background-color:rgba(0, 0, 0, 0)\" class=\"has-inline-color has-vivid-purple-color\">RTL+<\/mark>) bzw. ab 20.50 Uhr (Sky)<\/span><\/p>\n\n\n\n<p><strong><em>Celtic Glasgow \u2013 AS Rom (21.00 Uhr)<br><\/em><\/strong><img loading=\"lazy\" decoding=\"async\" width=\"10\" height=\"21\" class=\"wp-image-3656\" style=\"width: 10px;\" src=\"http:\/\/kommentatorenblog.de\/wp-content\/uploads\/2020\/09\/shure-55sh-ii-e1601485394796.jpg\" alt=\"\" srcset=\"http:\/\/kommentatorenblog.de\/wp-content\/uploads\/2020\/09\/shure-55sh-ii-e1601485394796.jpg 415w, http:\/\/kommentatorenblog.de\/wp-content\/uploads\/2020\/09\/shure-55sh-ii-e1601485394796-142x300.jpg 142w\" sizes=\"auto, (max-width: 10px) 100vw, 10px\" \/> <em><mark style=\"background-color:rgba(0, 0, 0, 0)\" class=\"has-inline-color has-vivid-purple-color\">RTL+<\/mark><\/em>\/<em>Sky<\/em>: Florian von Stackelberg (Einzelspiel)<br><img loading=\"lazy\" decoding=\"async\" width=\"10\" height=\"21\" class=\"wp-image-3656\" style=\"width: 10px;\" src=\"http:\/\/kommentatorenblog.de\/wp-content\/uploads\/2020\/09\/shure-55sh-ii-e1601485394796.jpg\" alt=\"\" srcset=\"http:\/\/kommentatorenblog.de\/wp-content\/uploads\/2020\/09\/shure-55sh-ii-e1601485394796.jpg 415w, http:\/\/kommentatorenblog.de\/wp-content\/uploads\/2020\/09\/shure-55sh-ii-e1601485394796-142x300.jpg 142w\" sizes=\"auto, (max-width: 10px) 100vw, 10px\" \/> <em><mark style=\"background-color:rgba(0, 0, 0, 0)\" class=\"has-inline-color has-vivid-purple-color\">RTL+<\/mark><\/em>: Freddie Schulz (Konferenz)<\/p>\n\n\n\n<p>Moderation (<em><mark style=\"background-color:rgba(0, 0, 0, 0)\" class=\"has-inline-color has-vivid-purple-color\">RTL+<\/mark><\/em>): Jana Wosnitza, Experte: Patrick Helmes, Community Host: Julius Fellermann<\/p>\n\n\n\n<hr class=\"wp-block-separator has-alpha-channel-opacity\"\/>\n\n\n\n<p><strong>Frauen-Bundesliga, Nachholspiel, 5. Spieltag (<mark style=\"background-color:rgba(0, 0, 0, 0)\" class=\"has-inline-color has-pale-pink-color\">Magenta Sport<\/mark><mark style=\"background-color:rgba(0, 0, 0, 0)\" class=\"has-inline-color has-black-color\">\/DAZN<\/mark>)<\/strong><\/p>\n\n\n\n<p><span style=\"text-decoration: underline;\">Mittwoch, 10. Dezember 2025, ab 18.15 Uhr<\/span><\/p>\n\n\n\n<p><strong><em>1. FC N\u00fcrnberg &#8211; Eintracht Frankfurt (18.30 Uhr)<\/em><\/strong><br><img loading=\"lazy\" decoding=\"async\" width=\"10\" height=\"21\" class=\"wp-image-3656\" style=\"width: 10px;\" src=\"http:\/\/kommentatorenblog.de\/wp-content\/uploads\/2020\/09\/shure-55sh-ii-e1601485394796.jpg\" alt=\"\" srcset=\"http:\/\/kommentatorenblog.de\/wp-content\/uploads\/2020\/09\/shure-55sh-ii-e1601485394796.jpg 415w, http:\/\/kommentatorenblog.de\/wp-content\/uploads\/2020\/09\/shure-55sh-ii-e1601485394796-142x300.jpg 142w\" sizes=\"auto, (max-width: 10px) 100vw, 10px\" \/> <em><mark style=\"background-color:rgba(0, 0, 0, 0)\" class=\"has-inline-color has-pale-pink-color\">Magenta Sport<\/mark><\/em>: Martin Piller<\/p>\n\n\n\n<p><img loading=\"lazy\" decoding=\"async\" width=\"10\" height=\"21\" class=\"wp-image-3656\" style=\"width: 10px;\" src=\"http:\/\/kommentatorenblog.de\/wp-content\/uploads\/2020\/09\/shure-55sh-ii-e1601485394796.jpg\" alt=\"\" srcset=\"http:\/\/kommentatorenblog.de\/wp-content\/uploads\/2020\/09\/shure-55sh-ii-e1601485394796.jpg 415w, http:\/\/kommentatorenblog.de\/wp-content\/uploads\/2020\/09\/shure-55sh-ii-e1601485394796-142x300.jpg 142w\" sizes=\"auto, (max-width: 10px) 100vw, 10px\" \/> <em>DAZN<\/em>: &nbsp;Christoph Fetzer<\/p>\n\n\n\n<hr class=\"wp-block-separator has-alpha-channel-opacity\"\/>\n\n\n\n<p><strong>UEFA Youth League, Ligaphase, 6. Spieltag (DAZN)<\/strong><\/p>\n\n\n\n<p><span style=\"text-decoration: underline;\">Dienstag, 09. Dezember 2025<\/span><\/p>\n\n\n\n<p><strong><em>FC Barcelona U19 &#8211; Eintracht Frankfurt U19 (16.00 Uhr)<\/em><\/strong><br><img loading=\"lazy\" decoding=\"async\" width=\"10\" height=\"21\" class=\"wp-image-3656\" style=\"width: 10px;\" src=\"http:\/\/kommentatorenblog.de\/wp-content\/uploads\/2020\/09\/shure-55sh-ii-e1601485394796.jpg\" alt=\"\" srcset=\"http:\/\/kommentatorenblog.de\/wp-content\/uploads\/2020\/09\/shure-55sh-ii-e1601485394796.jpg 415w, http:\/\/kommentatorenblog.de\/wp-content\/uploads\/2020\/09\/shure-55sh-ii-e1601485394796-142x300.jpg 142w\" sizes=\"auto, (max-width: 10px) 100vw, 10px\" \/> Korbinian Rundel<\/p>\n\n\n\n<hr class=\"wp-block-separator has-alpha-channel-opacity\"\/>\n\n\n\n<p><strong><s>Regionalliga Nordost, 14. Spieltag, Nachholspiel (<mark style=\"background-color:rgba(0, 0, 0, 0)\" class=\"has-inline-color has-vivid-red-color\">OST<\/mark>SPORT.<mark style=\"background-color:rgba(0, 0, 0, 0)\" class=\"has-inline-color has-vivid-red-color\">TV<\/mark> \u00fcver LVZ\/SZ)<\/s><\/strong><\/p>\n\n\n\n<p><span style=\"text-decoration: underline;\"><s>Mittwoch, 10. Dezember 2025, ab 18.45 Uhr<\/s><\/span><\/p>\n\n\n\n<p><strong><em><s>FC Hertha 03 Zehlendorf &#8211; BSG Chemie Leipzig (19.00 Uhr)<\/s><\/em><\/strong><br><img loading=\"lazy\" decoding=\"async\" width=\"10\" height=\"21\" class=\"wp-image-3656\" style=\"width: 10px;\" src=\"http:\/\/kommentatorenblog.de\/wp-content\/uploads\/2020\/09\/shure-55sh-ii-e1601485394796.jpg\" alt=\"\" srcset=\"http:\/\/kommentatorenblog.de\/wp-content\/uploads\/2020\/09\/shure-55sh-ii-e1601485394796.jpg 415w, http:\/\/kommentatorenblog.de\/wp-content\/uploads\/2020\/09\/shure-55sh-ii-e1601485394796-142x300.jpg 142w\" sizes=\"auto, (max-width: 10px) 100vw, 10px\" \/> &#8211;<\/p>\n\n\n\n<hr class=\"wp-block-separator has-alpha-channel-opacity\"\/>\n\n\n\n<p><strong>Die Analyse<\/strong><\/p>\n\n\n\n<p>Die Bayern haben am Dienstag das fr\u00fche Spiel, das d\u00fcrfte auch ein Grund sein, weshalb sich Prime lieber mit der gewohnten Crew aus dem Camp Nou melden wird.<\/p>\n\n\n\n<p>Bei DAZN gibt es einige Doppeleins\u00e4tze in der Champions League, sowohl am Dienstag als auch Mittwoch kommentieren Sterzer, Sch\u00f6nm\u00fcller, Rieker, Seepe, und Ploch. Siebald f\u00fchrt am Dienstag Interviews (in M\u00fcnchen) und wird von dort dann auch am Mittwoch die Konferenz kommentieren. Ebenfalls einen DAZN-Doppeleinsatz haben Marco Hagemann, Julian Engelhard und Michael Born, welche zudem aber auch noch am Donnerstag bei RTL(+) im Einsatz sein werden. F\u00fcr Hagemann k\u00f6nnte es dabei eine Reiserei werden, von Leverkusen (falls aus der BayArena kommentiert wird), nach M\u00fcnchen und dann wieder gen Westen nach Freiburg. Christoph Stadtler wird ebenfalls f\u00fcr DAZN und RTL+ kommentieren, w\u00e4hrend Rann und Wochner bei RTL+ kommentieren, f\u00fcr DAZN jedoch moderieren bzw. interviewen.<\/p>\n\n\n\n<p>Neben der Herren-CL steht auch wieder die UWCL an, ihr kennt das Problem, Personal kennen wir keins. Zudem gibt es noch den Nachholer der Eintracht in der Liga bei DAZN und Magenta zu sehen.<\/p>\n\n\n\n<p>Aus zeitlichen Gr\u00fcnden soll es das dann heute auch mit der Analyse gewesen sein. Seht deshalb auch bitte nach, wenn sich Fehler eingeschlichen haben sollten.<\/p>\n","protected":false},"excerpt":{"rendered":"<p>N&#8217;Abend allerseits, die Wintersport-Saison ist im vollen Gange, die Handball-WM biegt in die K.O.-Phase ein, das deutsche Viertelfinale gibt es am Dienstag im ZDF zu sehen, und die n\u00e4chsten Highlights au\u00dferhalb des Fu\u00dfballs stehen auch schon bald an (Vierschanzentournee, Handball-EM, Olympia, Paralympics&#8230;). Grund f\u00fcr uns, die diesj\u00e4hrigen Kommentatorenblog Community Awards auf Sportarten au\u00dferhalb des Fu\u00dfballs [&hellip;]<\/p>\n","protected":false},"author":10,"featured_media":0,"comment_status":"open","ping_status":"open","sticky":false,"template":"","format":"standard","meta":{"footnotes":""},"categories":[1],"tags":[],"class_list":["post-23622","post","type-post","status-publish","format-standard","hentry","category-uncategorized"],"_links":{"self":[{"href":"http:\/\/kommentatorenblog.de\/index.php?rest_route=\/wp\/v2\/posts\/23622","targetHints":{"allow":["GET"]}}],"collection":[{"href":"http:\/\/kommentatorenblog.de\/index.php?rest_route=\/wp\/v2\/posts"}],"about":[{"href":"http:\/\/kommentatorenblog.de\/index.php?rest_route=\/wp\/v2\/types\/post"}],"author":[{"embeddable":true,"href":"http:\/\/kommentatorenblog.de\/index.php?rest_route=\/wp\/v2\/users\/10"}],"replies":[{"embeddable":true,"href":"http:\/\/kommentatorenblog.de\/index.php?rest_route=%2Fwp%2Fv2%2Fcomments&post=23622"}],"version-history":[{"count":21,"href":"http:\/\/kommentatorenblog.de\/index.php?rest_route=\/wp\/v2\/posts\/23622\/revisions"}],"predecessor-version":[{"id":23665,"href":"http:\/\/kommentatorenblog.de\/index.php?rest_route=\/wp\/v2\/posts\/23622\/revisions\/23665"}],"wp:attachment":[{"href":"http:\/\/kommentatorenblog.de\/index.php?rest_route=%2Fwp%2Fv2%2Fmedia&parent=23622"}],"wp:term":[{"taxonomy":"category","embeddable":true,"href":"http:\/\/kommentatorenblog.de\/index.php?rest_route=%2Fwp%2Fv2%2Fcategories&post=23622"},{"taxonomy":"post_tag","embeddable":true,"href":"http:\/\/kommentatorenblog.de\/index.php?rest_route=%2Fwp%2Fv2%2Ftags&post=23622"}],"curies":[{"name":"wp","href":"https:\/\/api.w.org\/{rel}","templated":true}]}}