{"id":23663,"date":"2025-12-11T21:37:47","date_gmt":"2025-12-11T20:37:47","guid":{"rendered":"https:\/\/kommentatorenblog.de\/?p=23663"},"modified":"2026-01-04T12:25:33","modified_gmt":"2026-01-04T11:25:33","slug":"1556-nominiert-eure-favoriten","status":"publish","type":"post","link":"http:\/\/kommentatorenblog.de\/?p=23663","title":{"rendered":"1556 &#8211; Nominiert eure Favoriten!"},"content":{"rendered":"\n<p>N&#8217;Abend allerseits,<\/p>\n\n\n\n<p>am heutigen Donnerstag beginnt die Nominierungsphase f\u00fcr unsere diesj\u00e4hrigen Kommentatorenblog Community Awards. Klickt einfach auf den Button und gebt an, welche Kommentator\/innen, Expert\/innen oder Moderator\/innen in den verschiedenen Sportarten eurer Meinung nach die Auszeichnung verdient haben:<\/p>\n\n\n\n<div class=\"wp-block-buttons is-layout-flex wp-block-buttons-is-layout-flex\">\n<div class=\"wp-block-button\"><a class=\"wp-block-button__link wp-element-button\" href=\"https:\/\/kommentatorenblog.de\/?page_id=19685\">Vorschl\u00e4ge f\u00fcr die Awards einreichen<\/a><\/div>\n<\/div>\n\n\n\n<p>Da es sich einige Leser gew\u00fcnscht hatten, haben wir uns nun entschieden, auch Darts als weitere Kategorie f\u00fcr die Awards zu addieren &#8211; passend auch dazu, dass in K\u00fcrze die Darts-WM startet.<\/p>\n\n\n\n<p>Um den Abstimmungsprozess hier noch einmal n\u00e4her zu erl\u00e4utern, zitiere ich Jonas aus dem letzten Beitrag:<\/p>\n\n\n\n<p><strong>Das Prozedere<\/strong><\/p>\n\n\n\n<p>Ab n\u00e4chstem Donnerstag (11.12) werden auf Instagram und hier im Blog die Nominierungsrunden f\u00fcr jede Kategorie starten. In jeder Kategorie k\u00f6nnen sowohl <strong>Expertinnen <\/strong>und <strong>Experten<\/strong>, <strong>Kommentatorinnen <\/strong>und <strong>Kommentatoren <\/strong>als auch <strong>Moderatorinnen <\/strong>und <strong>Moderatoren <\/strong>gew\u00e4hlt werden. M\u00f6glich ist dabei auch die Nominierung von Duos, wie beispielsweise Ralf Scholt\/Tim Tonder, Matthias Stach\/Boris Becker oder Claus Lufen\/Frank Busemann. Einzige <strong>Voraussetzung<\/strong>: die Person\/das Duo muss ab dem 01.01.2024 bei mindestens <strong>5 \u00dcbertragungen dieser Sportart<\/strong> im deutschen TV (oder Streaming) dabei gewesen sein.<\/p>\n\n\n\n<p>Die drei Personen, die am h\u00e4ufigsten vorgeschlagen wurden, sowie eine von uns bestimmte Wildcard, stehen dann Anfang n\u00e4chsten Jahres zur Abstimmung f\u00fcr den jeweiligen Award. Hierbei werden die Ergebnisse aus Blog und Instagram je zu 50 % gewichtet.<\/p>\n\n\n\n<p><strong>Der Zeitraum<\/strong><\/p>\n\n\n\n<p>Die Nominierungsrunde startet am <strong>Donnerstag, den 11.12.<\/strong> Hier im Blog k\u00f6nnt ihr dann bis zum 24.12 f\u00fcr alle Kategorien nominieren, auf Instagram wird es zwischen dem 11. und 23.12 t\u00e4glich eine Nominierungsrunde in einer Kategorie geben. Macht euch also schon mal Gedanken, wen ihr nominiert. <\/p>\n\n\n\n<p>Mit Start der R\u00fcckrunde geben wir euch dann die Ergebnisse bekannt und die Abstimmung wird voraussichtlich ab dem 12.01.2026 beginnen.<\/p>\n\n\n\n<hr class=\"wp-block-separator has-alpha-channel-opacity\"\/>\n\n\n\n<p><strong>Die Ansetzungen vom 12. bis zum 15. Dezember 2025<\/strong><\/p>\n\n\n\n<hr class=\"wp-block-separator has-alpha-channel-opacity\"\/>\n\n\n\n<p><strong>Bundesliga (GER), 14. Spieltag (Sky\/DAZN)<\/strong><\/p>\n\n\n\n<p><span style=\"text-decoration: underline;\">Freitag, 12. Dezember 2025, ab 19.30 Uhr (Sky)<\/span><\/p>\n\n\n\n<p><strong><em>1. FC Union Berlin &#8211; RasenBallsport Leipzig (20.30 Uhr)<\/em><\/strong><br><img loading=\"lazy\" decoding=\"async\" width=\"10\" height=\"21\" class=\"wp-image-3656\" style=\"width: 10px;\" src=\"http:\/\/kommentatorenblog.de\/wp-content\/uploads\/2020\/09\/shure-55sh-ii-e1601485394796.jpg\" alt=\"\" srcset=\"http:\/\/kommentatorenblog.de\/wp-content\/uploads\/2020\/09\/shure-55sh-ii-e1601485394796.jpg 415w, http:\/\/kommentatorenblog.de\/wp-content\/uploads\/2020\/09\/shure-55sh-ii-e1601485394796-142x300.jpg 142w\" sizes=\"auto, (max-width: 10px) 100vw, 10px\" \/> Hansi K\u00fcpper &amp; Corni K\u00fcpper<br>Moderation: Mara Mones, Experte: Thomas Hitzlsperger, Field-Reporter: Michael Leopold<\/p>\n\n\n\n<p><span style=\"text-decoration: underline;\">Samstag, 13. Dezember 2025, ab 14.00 Uhr (Sky (Einzelspiele) \/ DAZN (Konferenz))<\/span><\/p>\n\n\n\n<p><strong><em>Eintracht Frankfurt &#8211; FC Augsburg (15.30 Uhr)<\/em><\/strong><\/p>\n\n\n\n<p><img loading=\"lazy\" decoding=\"async\" width=\"10\" height=\"21\" class=\"wp-image-3656\" style=\"width: 10px;\" src=\"http:\/\/kommentatorenblog.de\/wp-content\/uploads\/2020\/09\/shure-55sh-ii-e1601485394796.jpg\" alt=\"\" srcset=\"http:\/\/kommentatorenblog.de\/wp-content\/uploads\/2020\/09\/shure-55sh-ii-e1601485394796.jpg 415w, http:\/\/kommentatorenblog.de\/wp-content\/uploads\/2020\/09\/shure-55sh-ii-e1601485394796-142x300.jpg 142w\" sizes=\"auto, (max-width: 10px) 100vw, 10px\" \/> <em>Sky<\/em>: Roland Evers, Experte: Roman Weidenfeller (Einzelspiel)<br>Field-Reporter (<em>Sky<\/em>): Patrick Wasserziehr<\/p>\n\n\n\n<p><img loading=\"lazy\" decoding=\"async\" width=\"10\" height=\"21\" class=\"wp-image-3656\" style=\"width: 10px;\" src=\"http:\/\/kommentatorenblog.de\/wp-content\/uploads\/2020\/09\/shure-55sh-ii-e1601485394796.jpg\" alt=\"\" srcset=\"http:\/\/kommentatorenblog.de\/wp-content\/uploads\/2020\/09\/shure-55sh-ii-e1601485394796.jpg 415w, http:\/\/kommentatorenblog.de\/wp-content\/uploads\/2020\/09\/shure-55sh-ii-e1601485394796-142x300.jpg 142w\" sizes=\"auto, (max-width: 10px) 100vw, 10px\" \/> <em>DAZN<\/em>: Jan Platte (Konferenz)<br>Field-Reporter (<em>DAZN<\/em>): Jochen Stutzky<\/p>\n\n\n\n<p><strong><em>TSG 1899 Hoffenheim &#8211; Hamburger SV (15.30 Uhr)<\/em><\/strong><\/p>\n\n\n\n<p><img loading=\"lazy\" decoding=\"async\" width=\"10\" height=\"21\" class=\"wp-image-3656\" style=\"width: 10px;\" src=\"http:\/\/kommentatorenblog.de\/wp-content\/uploads\/2020\/09\/shure-55sh-ii-e1601485394796.jpg\" alt=\"\" srcset=\"http:\/\/kommentatorenblog.de\/wp-content\/uploads\/2020\/09\/shure-55sh-ii-e1601485394796.jpg 415w, http:\/\/kommentatorenblog.de\/wp-content\/uploads\/2020\/09\/shure-55sh-ii-e1601485394796-142x300.jpg 142w\" sizes=\"auto, (max-width: 10px) 100vw, 10px\" \/> <em>Sky<\/em>: Kai Dittmann (Einzelspiel)<br>Field-Reporter (<em>Sky<\/em>): Riccardo Basile<\/p>\n\n\n\n<p><img loading=\"lazy\" decoding=\"async\" width=\"10\" height=\"21\" class=\"wp-image-3656\" style=\"width: 10px;\" src=\"http:\/\/kommentatorenblog.de\/wp-content\/uploads\/2020\/09\/shure-55sh-ii-e1601485394796.jpg\" alt=\"\" srcset=\"http:\/\/kommentatorenblog.de\/wp-content\/uploads\/2020\/09\/shure-55sh-ii-e1601485394796.jpg 415w, http:\/\/kommentatorenblog.de\/wp-content\/uploads\/2020\/09\/shure-55sh-ii-e1601485394796-142x300.jpg 142w\" sizes=\"auto, (max-width: 10px) 100vw, 10px\" \/> <em>DAZN<\/em>: Max Siebald (Konferenz)<br>Field-Reporterin (<em>DAZN<\/em>): Ann-Sophie Kimmel<\/p>\n\n\n\n<p><strong><em>Borussia M\u00f6nchengladbach &#8211; VfL Wolfsburg (15.30 Uhr)<\/em><\/strong><\/p>\n\n\n\n<p><img loading=\"lazy\" decoding=\"async\" width=\"10\" height=\"21\" class=\"wp-image-3656\" style=\"width: 10px;\" src=\"http:\/\/kommentatorenblog.de\/wp-content\/uploads\/2020\/09\/shure-55sh-ii-e1601485394796.jpg\" alt=\"\" srcset=\"http:\/\/kommentatorenblog.de\/wp-content\/uploads\/2020\/09\/shure-55sh-ii-e1601485394796.jpg 415w, http:\/\/kommentatorenblog.de\/wp-content\/uploads\/2020\/09\/shure-55sh-ii-e1601485394796-142x300.jpg 142w\" sizes=\"auto, (max-width: 10px) 100vw, 10px\" \/> <em>Sky<\/em>: Christian Stra\u00dfburger (Einzelspiel)<br>Field-Reporter (<em>Sky<\/em>): Yannick Erkenbrecher<\/p>\n\n\n\n<p><img loading=\"lazy\" decoding=\"async\" width=\"10\" height=\"21\" class=\"wp-image-3656\" style=\"width: 10px;\" src=\"http:\/\/kommentatorenblog.de\/wp-content\/uploads\/2020\/09\/shure-55sh-ii-e1601485394796.jpg\" alt=\"\" srcset=\"http:\/\/kommentatorenblog.de\/wp-content\/uploads\/2020\/09\/shure-55sh-ii-e1601485394796.jpg 415w, http:\/\/kommentatorenblog.de\/wp-content\/uploads\/2020\/09\/shure-55sh-ii-e1601485394796-142x300.jpg 142w\" sizes=\"auto, (max-width: 10px) 100vw, 10px\" \/> <em>DAZN<\/em>: Michael Born (Konferenz)<br>Field-Reporterin (<em>DAZN<\/em>): Sylvia Walker<\/p>\n\n\n\n<p><strong><em>FC St. Pauli &#8211; 1. FC Heidenheim (15.30 Uhr)<\/em><\/strong><\/p>\n\n\n\n<p><img loading=\"lazy\" decoding=\"async\" width=\"10\" height=\"21\" class=\"wp-image-3656\" style=\"width: 10px;\" src=\"http:\/\/kommentatorenblog.de\/wp-content\/uploads\/2020\/09\/shure-55sh-ii-e1601485394796.jpg\" alt=\"\" srcset=\"http:\/\/kommentatorenblog.de\/wp-content\/uploads\/2020\/09\/shure-55sh-ii-e1601485394796.jpg 415w, http:\/\/kommentatorenblog.de\/wp-content\/uploads\/2020\/09\/shure-55sh-ii-e1601485394796-142x300.jpg 142w\" sizes=\"auto, (max-width: 10px) 100vw, 10px\" \/> <em>Sky<\/em>: Hansi K\u00fcpper (Einzelspiel)<br>Field-Reporter (<em>Sky<\/em>): Jens Westen, Gast: Marius Ebbers<\/p>\n\n\n\n<p><img loading=\"lazy\" decoding=\"async\" width=\"10\" height=\"21\" class=\"wp-image-3656\" style=\"width: 10px;\" src=\"http:\/\/kommentatorenblog.de\/wp-content\/uploads\/2020\/09\/shure-55sh-ii-e1601485394796.jpg\" alt=\"\" srcset=\"http:\/\/kommentatorenblog.de\/wp-content\/uploads\/2020\/09\/shure-55sh-ii-e1601485394796.jpg 415w, http:\/\/kommentatorenblog.de\/wp-content\/uploads\/2020\/09\/shure-55sh-ii-e1601485394796-142x300.jpg 142w\" sizes=\"auto, (max-width: 10px) 100vw, 10px\" \/> <em>DAZN<\/em>: Marco Hagemann (Konferenz)<br>Field-Reporterin (<em>DAZN<\/em>): Christina Rann<\/p>\n\n\n\n<p>Moderation (<em>Sky<\/em> &#8211; aus dem Studio): Britta Hofmann, Experten: Didi Hamann und Erik Meijer<\/p>\n\n\n\n<p>Moderation (<em>DAZN<\/em> &#8211; auf St. Pauli): Daniel Herzog, Experte: Tobias Schweinsteiger<\/p>\n\n\n\n<p><span style=\"text-decoration: underline;\">ab 17.30 Uhr (Sky)<\/span><\/p>\n\n\n\n<p><strong><em>Bayer 04 Leverkusen &#8211; 1. FC K\u00f6ln (18.30 Uhr)<\/em><\/strong><br><img loading=\"lazy\" decoding=\"async\" width=\"10\" height=\"21\" class=\"wp-image-3656\" style=\"width: 10px;\" src=\"http:\/\/kommentatorenblog.de\/wp-content\/uploads\/2020\/09\/shure-55sh-ii-e1601485394796.jpg\" alt=\"\" srcset=\"http:\/\/kommentatorenblog.de\/wp-content\/uploads\/2020\/09\/shure-55sh-ii-e1601485394796.jpg 415w, http:\/\/kommentatorenblog.de\/wp-content\/uploads\/2020\/09\/shure-55sh-ii-e1601485394796-142x300.jpg 142w\" sizes=\"auto, (max-width: 10px) 100vw, 10px\" \/> Wolff Fuss<br>Moderation: Sebastian Hellmann, Expert:innen: Lothar Matth\u00e4us und Julia Simic, Field-Reporter: Max Zielke<\/p>\n\n\n\n<p><span style=\"text-decoration: underline;\">Sonntag, 14. Dezember 2025, ab 14.45 Uhr (DAZN)<\/span><\/p>\n\n\n\n<p><strong><em>SC Freiburg &#8211; Borussia Dortmund (15.30 Uhr)<\/em><\/strong><br><img loading=\"lazy\" decoding=\"async\" width=\"10\" height=\"21\" class=\"wp-image-3656\" style=\"width: 10px;\" src=\"http:\/\/kommentatorenblog.de\/wp-content\/uploads\/2020\/09\/shure-55sh-ii-e1601485394796.jpg\" alt=\"\" srcset=\"http:\/\/kommentatorenblog.de\/wp-content\/uploads\/2020\/09\/shure-55sh-ii-e1601485394796.jpg 415w, http:\/\/kommentatorenblog.de\/wp-content\/uploads\/2020\/09\/shure-55sh-ii-e1601485394796-142x300.jpg 142w\" sizes=\"auto, (max-width: 10px) 100vw, 10px\" \/> Tom Kirsten, Experte: Nils Petersen<br>Moderation: Tobi Wahnschaffe<\/p>\n\n\n\n<p><span style=\"text-decoration: underline;\">ab 16.45 Uhr (DAZN)<\/span><\/p>\n\n\n\n<p><strong><em>FC Bayern M\u00fcnchen &#8211; 1. FSV Mainz 05 (17.30 Uhr)<\/em><\/strong><br><img loading=\"lazy\" decoding=\"async\" width=\"10\" height=\"21\" class=\"wp-image-3656\" style=\"width: 10px;\" src=\"http:\/\/kommentatorenblog.de\/wp-content\/uploads\/2020\/09\/shure-55sh-ii-e1601485394796.jpg\" alt=\"\" srcset=\"http:\/\/kommentatorenblog.de\/wp-content\/uploads\/2020\/09\/shure-55sh-ii-e1601485394796.jpg 415w, http:\/\/kommentatorenblog.de\/wp-content\/uploads\/2020\/09\/shure-55sh-ii-e1601485394796-142x300.jpg 142w\" sizes=\"auto, (max-width: 10px) 100vw, 10px\" \/> Marco Hagemann, Experte: Michael Ballack<br>Moderation: Mario Rieker, Field-Reporterin: Sylvia Walker<\/p>\n\n\n\n<p><span style=\"text-decoration: underline;\">ab 19.00 Uhr (DAZN)<\/span><\/p>\n\n\n\n<p><strong><em>SV Werder Bremen &#8211; VfB Stuttgart (19.30 Uhr)<\/em><\/strong><br><img loading=\"lazy\" decoding=\"async\" width=\"10\" height=\"21\" class=\"wp-image-3656\" style=\"width: 10px;\" src=\"http:\/\/kommentatorenblog.de\/wp-content\/uploads\/2020\/09\/shure-55sh-ii-e1601485394796.jpg\" alt=\"\" srcset=\"http:\/\/kommentatorenblog.de\/wp-content\/uploads\/2020\/09\/shure-55sh-ii-e1601485394796.jpg 415w, http:\/\/kommentatorenblog.de\/wp-content\/uploads\/2020\/09\/shure-55sh-ii-e1601485394796-142x300.jpg 142w\" sizes=\"auto, (max-width: 10px) 100vw, 10px\" \/> Jan Platte, Expertin: Turid Knaak<br>Moderation: Christina Rann<\/p>\n\n\n\n<hr class=\"wp-block-separator has-alpha-channel-opacity\"\/>\n\n\n\n<p><strong>Frauen-Bundesliga (GER), 13. Spieltag (<mark style=\"background-color:rgba(0, 0, 0, 0)\" class=\"has-inline-color has-pale-pink-color\">Magenta Sport<\/mark>\/DAZN\/SPORT1)<\/strong><\/p>\n\n\n\n<p><span style=\"text-decoration: underline;\">Freitag, 12. Dezember 2025, ab 18.15 Uhr (<mark style=\"background-color:rgba(0, 0, 0, 0)\" class=\"has-inline-color has-pale-pink-color\">Magenta Sport<\/mark>\/DAZN)<\/span><\/p>\n\n\n\n<p><strong><em>SV Werder Bremen &#8211; Bayer 04 Leverkusen (18.30 Uhr)<\/em><\/strong><\/p>\n\n\n\n<p><img loading=\"lazy\" decoding=\"async\" width=\"10\" height=\"21\" class=\"wp-image-3656\" style=\"width: 10px;\" src=\"http:\/\/kommentatorenblog.de\/wp-content\/uploads\/2020\/09\/shure-55sh-ii-e1601485394796.jpg\" alt=\"\" srcset=\"http:\/\/kommentatorenblog.de\/wp-content\/uploads\/2020\/09\/shure-55sh-ii-e1601485394796.jpg 415w, http:\/\/kommentatorenblog.de\/wp-content\/uploads\/2020\/09\/shure-55sh-ii-e1601485394796-142x300.jpg 142w\" sizes=\"auto, (max-width: 10px) 100vw, 10px\" \/> <em><mark style=\"background-color:rgba(0, 0, 0, 0)\" class=\"has-inline-color has-pale-pink-color\">Magenta Sport<\/mark><\/em>: Michael Seyberth<\/p>\n\n\n\n<p><img loading=\"lazy\" decoding=\"async\" width=\"10\" height=\"21\" class=\"wp-image-3656\" style=\"width: 10px;\" src=\"http:\/\/kommentatorenblog.de\/wp-content\/uploads\/2020\/09\/shure-55sh-ii-e1601485394796.jpg\" alt=\"\" srcset=\"http:\/\/kommentatorenblog.de\/wp-content\/uploads\/2020\/09\/shure-55sh-ii-e1601485394796.jpg 415w, http:\/\/kommentatorenblog.de\/wp-content\/uploads\/2020\/09\/shure-55sh-ii-e1601485394796-142x300.jpg 142w\" sizes=\"auto, (max-width: 10px) 100vw, 10px\" \/> <em>DAZN<\/em>: Markus Theil<\/p>\n\n\n\n<p><span style=\"text-decoration: underline;\">Samstag, 13. Dezember 2025, ab 11.45 Uhr (<mark style=\"background-color:rgba(0, 0, 0, 0)\" class=\"has-inline-color has-pale-pink-color\">Magenta Sport<\/mark>\/DAZN)<\/span><\/p>\n\n\n\n<p><strong><em>SC Freiburg &#8211; SGS Essen (12.00 Uhr)<\/em><\/strong><\/p>\n\n\n\n<p><img loading=\"lazy\" decoding=\"async\" width=\"10\" height=\"21\" class=\"wp-image-3656\" style=\"width: 10px;\" src=\"http:\/\/kommentatorenblog.de\/wp-content\/uploads\/2020\/09\/shure-55sh-ii-e1601485394796.jpg\" alt=\"\" srcset=\"http:\/\/kommentatorenblog.de\/wp-content\/uploads\/2020\/09\/shure-55sh-ii-e1601485394796.jpg 415w, http:\/\/kommentatorenblog.de\/wp-content\/uploads\/2020\/09\/shure-55sh-ii-e1601485394796-142x300.jpg 142w\" sizes=\"auto, (max-width: 10px) 100vw, 10px\" \/> <em><mark style=\"background-color:rgba(0, 0, 0, 0)\" class=\"has-inline-color has-pale-pink-color\">Magenta Sport<\/mark><\/em>: Martin Piller<\/p>\n\n\n\n<p><img loading=\"lazy\" decoding=\"async\" width=\"10\" height=\"21\" class=\"wp-image-3656\" style=\"width: 10px;\" src=\"http:\/\/kommentatorenblog.de\/wp-content\/uploads\/2020\/09\/shure-55sh-ii-e1601485394796.jpg\" alt=\"\" srcset=\"http:\/\/kommentatorenblog.de\/wp-content\/uploads\/2020\/09\/shure-55sh-ii-e1601485394796.jpg 415w, http:\/\/kommentatorenblog.de\/wp-content\/uploads\/2020\/09\/shure-55sh-ii-e1601485394796-142x300.jpg 142w\" sizes=\"auto, (max-width: 10px) 100vw, 10px\" \/> <em>DAZN<\/em>: Patrick Gerspacher<\/p>\n\n\n\n<p><span style=\"text-decoration: underline;\">ab 13.45 Uhr (<mark style=\"background-color:rgba(0, 0, 0, 0)\" class=\"has-inline-color has-pale-pink-color\">Magenta Sport<\/mark>\/DAZN)<\/span><\/p>\n\n\n\n<p><strong><em>1. FC N\u00fcrnberg &#8211; VfL Wolfsburg (14.00 Uhr)<\/em><\/strong><\/p>\n\n\n\n<p><img loading=\"lazy\" decoding=\"async\" width=\"10\" height=\"21\" class=\"wp-image-3656\" style=\"width: 10px;\" src=\"http:\/\/kommentatorenblog.de\/wp-content\/uploads\/2020\/09\/shure-55sh-ii-e1601485394796.jpg\" alt=\"\" srcset=\"http:\/\/kommentatorenblog.de\/wp-content\/uploads\/2020\/09\/shure-55sh-ii-e1601485394796.jpg 415w, http:\/\/kommentatorenblog.de\/wp-content\/uploads\/2020\/09\/shure-55sh-ii-e1601485394796-142x300.jpg 142w\" sizes=\"auto, (max-width: 10px) 100vw, 10px\" \/> <em><mark style=\"background-color:rgba(0, 0, 0, 0)\" class=\"has-inline-color has-pale-pink-color\">Magenta Sport<\/mark><\/em>: Nina Potzel<\/p>\n\n\n\n<p><img loading=\"lazy\" decoding=\"async\" width=\"10\" height=\"21\" class=\"wp-image-3656\" style=\"width: 10px;\" src=\"http:\/\/kommentatorenblog.de\/wp-content\/uploads\/2020\/09\/shure-55sh-ii-e1601485394796.jpg\" alt=\"\" srcset=\"http:\/\/kommentatorenblog.de\/wp-content\/uploads\/2020\/09\/shure-55sh-ii-e1601485394796.jpg 415w, http:\/\/kommentatorenblog.de\/wp-content\/uploads\/2020\/09\/shure-55sh-ii-e1601485394796-142x300.jpg 142w\" sizes=\"auto, (max-width: 10px) 100vw, 10px\" \/> <em>DAZN<\/em>: Guido H\u00fcsgen<\/p>\n\n\n\n<p><span style=\"text-decoration: underline;\">Sonntag, 14. Dezember 2025, ab 13.45 Uhr (<mark style=\"background-color:rgba(0, 0, 0, 0)\" class=\"has-inline-color has-pale-pink-color\">Magenta Sport<\/mark>\/DAZN)<\/span><\/p>\n\n\n\n<p><strong><em>FC Bayern M\u00fcnchen &#8211; Hamburger SV (14.00 Uhr)<\/em><\/strong><\/p>\n\n\n\n<p><img loading=\"lazy\" decoding=\"async\" width=\"10\" height=\"21\" class=\"wp-image-3656\" style=\"width: 10px;\" src=\"http:\/\/kommentatorenblog.de\/wp-content\/uploads\/2020\/09\/shure-55sh-ii-e1601485394796.jpg\" alt=\"\" srcset=\"http:\/\/kommentatorenblog.de\/wp-content\/uploads\/2020\/09\/shure-55sh-ii-e1601485394796.jpg 415w, http:\/\/kommentatorenblog.de\/wp-content\/uploads\/2020\/09\/shure-55sh-ii-e1601485394796-142x300.jpg 142w\" sizes=\"auto, (max-width: 10px) 100vw, 10px\" \/> <em><mark style=\"background-color:rgba(0, 0, 0, 0)\" class=\"has-inline-color has-pale-pink-color\">Magenta Sport<\/mark><\/em>: Adrian Geiler<\/p>\n\n\n\n<p><img loading=\"lazy\" decoding=\"async\" width=\"10\" height=\"21\" class=\"wp-image-3656\" style=\"width: 10px;\" src=\"http:\/\/kommentatorenblog.de\/wp-content\/uploads\/2020\/09\/shure-55sh-ii-e1601485394796.jpg\" alt=\"\" srcset=\"http:\/\/kommentatorenblog.de\/wp-content\/uploads\/2020\/09\/shure-55sh-ii-e1601485394796.jpg 415w, http:\/\/kommentatorenblog.de\/wp-content\/uploads\/2020\/09\/shure-55sh-ii-e1601485394796-142x300.jpg 142w\" sizes=\"auto, (max-width: 10px) 100vw, 10px\" \/> <em>DAZN<\/em>: Oliver Fa\u00dfnacht, Expertin: Carmen H\u00f6fflin<\/p>\n\n\n\n<p><span style=\"text-decoration: underline;\">ab 15.45 Uhr (<mark style=\"background-color:rgba(0, 0, 0, 0)\" class=\"has-inline-color has-pale-pink-color\">Magenta Sport<\/mark>\/DAZN)<\/span><\/p>\n\n\n\n<p><strong><em>1. FC K\u00f6ln &#8211; FC Carl Zeiss Jena (16.00 Uhr)<\/em><\/strong><\/p>\n\n\n\n<p><img loading=\"lazy\" decoding=\"async\" width=\"10\" height=\"21\" class=\"wp-image-3656\" style=\"width: 10px;\" src=\"http:\/\/kommentatorenblog.de\/wp-content\/uploads\/2020\/09\/shure-55sh-ii-e1601485394796.jpg\" alt=\"\" srcset=\"http:\/\/kommentatorenblog.de\/wp-content\/uploads\/2020\/09\/shure-55sh-ii-e1601485394796.jpg 415w, http:\/\/kommentatorenblog.de\/wp-content\/uploads\/2020\/09\/shure-55sh-ii-e1601485394796-142x300.jpg 142w\" sizes=\"auto, (max-width: 10px) 100vw, 10px\" \/> <em><mark style=\"background-color:rgba(0, 0, 0, 0)\" class=\"has-inline-color has-pale-pink-color\">Magenta Sport<\/mark><\/em>: Daniel Wimmer<\/p>\n\n\n\n<p><img loading=\"lazy\" decoding=\"async\" width=\"10\" height=\"21\" class=\"wp-image-3656\" style=\"width: 10px;\" src=\"http:\/\/kommentatorenblog.de\/wp-content\/uploads\/2020\/09\/shure-55sh-ii-e1601485394796.jpg\" alt=\"\" srcset=\"http:\/\/kommentatorenblog.de\/wp-content\/uploads\/2020\/09\/shure-55sh-ii-e1601485394796.jpg 415w, http:\/\/kommentatorenblog.de\/wp-content\/uploads\/2020\/09\/shure-55sh-ii-e1601485394796-142x300.jpg 142w\" sizes=\"auto, (max-width: 10px) 100vw, 10px\" \/> <em>DAZN<\/em>: Matthias Naebers<\/p>\n\n\n\n<p><span style=\"text-decoration: underline;\">ab 18.15 Uhr (<mark style=\"background-color:rgba(0, 0, 0, 0)\" class=\"has-inline-color has-pale-pink-color\">Magenta Sport<\/mark>\/DAZN)<\/span><\/p>\n\n\n\n<p><strong><em>RasenBallsport Leipzig &#8211; TSG 1899 Hoffenheim (18.30 Uhr)<\/em><\/strong><\/p>\n\n\n\n<p><img loading=\"lazy\" decoding=\"async\" width=\"10\" height=\"21\" class=\"wp-image-3656\" style=\"width: 10px;\" src=\"http:\/\/kommentatorenblog.de\/wp-content\/uploads\/2020\/09\/shure-55sh-ii-e1601485394796.jpg\" alt=\"\" srcset=\"http:\/\/kommentatorenblog.de\/wp-content\/uploads\/2020\/09\/shure-55sh-ii-e1601485394796.jpg 415w, http:\/\/kommentatorenblog.de\/wp-content\/uploads\/2020\/09\/shure-55sh-ii-e1601485394796-142x300.jpg 142w\" sizes=\"auto, (max-width: 10px) 100vw, 10px\" \/> <em><mark style=\"background-color:rgba(0, 0, 0, 0)\" class=\"has-inline-color has-pale-pink-color\">Magenta Sport<\/mark><\/em>: Alex Kunz<\/p>\n\n\n\n<p><img loading=\"lazy\" decoding=\"async\" width=\"10\" height=\"21\" class=\"wp-image-3656\" style=\"width: 10px;\" src=\"http:\/\/kommentatorenblog.de\/wp-content\/uploads\/2020\/09\/shure-55sh-ii-e1601485394796.jpg\" alt=\"\" srcset=\"http:\/\/kommentatorenblog.de\/wp-content\/uploads\/2020\/09\/shure-55sh-ii-e1601485394796.jpg 415w, http:\/\/kommentatorenblog.de\/wp-content\/uploads\/2020\/09\/shure-55sh-ii-e1601485394796-142x300.jpg 142w\" sizes=\"auto, (max-width: 10px) 100vw, 10px\" \/> <em>DAZN<\/em>: Markus Theil<\/p>\n\n\n\n<p><span style=\"text-decoration: underline;\">Montag, 15. Dezember 2025, ab 17.30 Uhr (SPORT1\/<mark style=\"background-color:rgba(0, 0, 0, 0)\" class=\"has-inline-color has-pale-pink-color\">Magenta Sport<\/mark>) bzw. ab 17.45 Uhr (DAZN)<\/span><\/p>\n\n\n\n<p><strong><em>1. FC Union Berlin &#8211; Eintracht Frankfurt (18.00 Uhr)<\/em><\/strong><\/p>\n\n\n\n<p><img loading=\"lazy\" decoding=\"async\" width=\"10\" height=\"21\" class=\"wp-image-3656\" style=\"width: 10px;\" src=\"http:\/\/kommentatorenblog.de\/wp-content\/uploads\/2020\/09\/shure-55sh-ii-e1601485394796.jpg\" alt=\"\" srcset=\"http:\/\/kommentatorenblog.de\/wp-content\/uploads\/2020\/09\/shure-55sh-ii-e1601485394796.jpg 415w, http:\/\/kommentatorenblog.de\/wp-content\/uploads\/2020\/09\/shure-55sh-ii-e1601485394796-142x300.jpg 142w\" sizes=\"auto, (max-width: 10px) 100vw, 10px\" \/> <em>SPORT1<\/em>: Christina Rann, Expertin: Johanna Elsig<br>Moderation (<em>SPORT1<\/em>): Anna Dollak<\/p>\n\n\n\n<p><img loading=\"lazy\" decoding=\"async\" width=\"10\" height=\"21\" class=\"wp-image-3656\" style=\"width: 10px;\" src=\"http:\/\/kommentatorenblog.de\/wp-content\/uploads\/2020\/09\/shure-55sh-ii-e1601485394796.jpg\" alt=\"\" srcset=\"http:\/\/kommentatorenblog.de\/wp-content\/uploads\/2020\/09\/shure-55sh-ii-e1601485394796.jpg 415w, http:\/\/kommentatorenblog.de\/wp-content\/uploads\/2020\/09\/shure-55sh-ii-e1601485394796-142x300.jpg 142w\" sizes=\"auto, (max-width: 10px) 100vw, 10px\" \/> <em><mark style=\"background-color:rgba(0, 0, 0, 0)\" class=\"has-inline-color has-pale-pink-color\">Magenta Sport<\/mark><\/em>: Oskar Heirler, Expertin: Kathrin Lehmann<br>Moderation (<em><mark style=\"background-color:rgba(0, 0, 0, 0)\" class=\"has-inline-color has-pale-pink-color\">Magenta Sport<\/mark><\/em>): Simon K\u00f6pfer<\/p>\n\n\n\n<p><img loading=\"lazy\" decoding=\"async\" width=\"10\" height=\"21\" class=\"wp-image-3656\" style=\"width: 10px;\" src=\"http:\/\/kommentatorenblog.de\/wp-content\/uploads\/2020\/09\/shure-55sh-ii-e1601485394796.jpg\" alt=\"\" srcset=\"http:\/\/kommentatorenblog.de\/wp-content\/uploads\/2020\/09\/shure-55sh-ii-e1601485394796.jpg 415w, http:\/\/kommentatorenblog.de\/wp-content\/uploads\/2020\/09\/shure-55sh-ii-e1601485394796-142x300.jpg 142w\" sizes=\"auto, (max-width: 10px) 100vw, 10px\" \/> <em>DAZN<\/em>: Christoph Fetzer<\/p>\n\n\n\n<hr class=\"wp-block-separator has-alpha-channel-opacity\"\/>\n\n\n\n<p><strong>2. Bundesliga (GER), 16. Spieltag (Sky\/<mark style=\"background-color:rgba(0, 0, 0, 0);color:#4eff69\" class=\"has-inline-color\">NITRO<\/mark>)<\/strong><\/p>\n\n\n\n<p><span style=\"text-decoration: underline;\">Freitag, 12. Dezember 2025, ab 18.00 Uhr (Sky)<\/span><\/p>\n\n\n\n<p><strong><em>Die Konferenz (18.30 Uhr)<\/em><\/strong><br><img loading=\"lazy\" decoding=\"async\" width=\"10\" height=\"21\" class=\"wp-image-3656\" style=\"width: 10px;\" src=\"http:\/\/kommentatorenblog.de\/wp-content\/uploads\/2020\/09\/shure-55sh-ii-e1601485394796.jpg\" alt=\"\" srcset=\"http:\/\/kommentatorenblog.de\/wp-content\/uploads\/2020\/09\/shure-55sh-ii-e1601485394796.jpg 415w, http:\/\/kommentatorenblog.de\/wp-content\/uploads\/2020\/09\/shure-55sh-ii-e1601485394796-142x300.jpg 142w\" sizes=\"auto, (max-width: 10px) 100vw, 10px\" \/> Toni Tomic (Fokus auf SGD-EBS)<\/p>\n\n\n\n<p><strong><em>SG Dynamo Dresden &#8211; Eintracht Braunschweig (18.30 Uhr)<\/em><\/strong><br><img loading=\"lazy\" decoding=\"async\" width=\"10\" height=\"21\" class=\"wp-image-3656\" style=\"width: 10px;\" src=\"http:\/\/kommentatorenblog.de\/wp-content\/uploads\/2020\/09\/shure-55sh-ii-e1601485394796.jpg\" alt=\"\" srcset=\"http:\/\/kommentatorenblog.de\/wp-content\/uploads\/2020\/09\/shure-55sh-ii-e1601485394796.jpg 415w, http:\/\/kommentatorenblog.de\/wp-content\/uploads\/2020\/09\/shure-55sh-ii-e1601485394796-142x300.jpg 142w\" sizes=\"auto, (max-width: 10px) 100vw, 10px\" \/> Marcus Lindemann<\/p>\n\n\n\n<p><strong><em>SpVgg Greuther F\u00fcrth &#8211; Hertha BSC (18.30 Uhr)<\/em><\/strong><br><img loading=\"lazy\" decoding=\"async\" width=\"10\" height=\"21\" class=\"wp-image-3656\" style=\"width: 10px;\" src=\"http:\/\/kommentatorenblog.de\/wp-content\/uploads\/2020\/09\/shure-55sh-ii-e1601485394796.jpg\" alt=\"\" srcset=\"http:\/\/kommentatorenblog.de\/wp-content\/uploads\/2020\/09\/shure-55sh-ii-e1601485394796.jpg 415w, http:\/\/kommentatorenblog.de\/wp-content\/uploads\/2020\/09\/shure-55sh-ii-e1601485394796-142x300.jpg 142w\" sizes=\"auto, (max-width: 10px) 100vw, 10px\" \/> Klaus Veltman<br>Field-Reporter: Felix Fischer<\/p>\n\n\n\n<p>Moderation (aus Dresden): Max Zielke, Experte: Torsten Mattuschka<\/p>\n\n\n\n<p><span style=\"text-decoration: underline;\">Samstag, 13. Dezember 2025, ab 12.30 Uhr (Sky)<\/span><\/p>\n\n\n\n<p><strong><em>DSC Arminia Bielefeld &#8211; 1. FC Kaiserslautern (13.00 Uhr)<\/em><\/strong><br><img loading=\"lazy\" decoding=\"async\" width=\"10\" height=\"21\" class=\"wp-image-3656\" style=\"width: 10px;\" src=\"http:\/\/kommentatorenblog.de\/wp-content\/uploads\/2020\/09\/shure-55sh-ii-e1601485394796.jpg\" alt=\"\" srcset=\"http:\/\/kommentatorenblog.de\/wp-content\/uploads\/2020\/09\/shure-55sh-ii-e1601485394796.jpg 415w, http:\/\/kommentatorenblog.de\/wp-content\/uploads\/2020\/09\/shure-55sh-ii-e1601485394796-142x300.jpg 142w\" sizes=\"auto, (max-width: 10px) 100vw, 10px\" \/> Martin Gro\u00df (Einzelspiel), Frank Buschmann (Konferenz)<\/p>\n\n\n\n<p><strong><em>1. FC Magdeburg &#8211; KSV Holstein Kiel (13.00 Uhr)<\/em><\/strong><br><img loading=\"lazy\" decoding=\"async\" width=\"10\" height=\"21\" class=\"wp-image-3656\" style=\"width: 10px;\" src=\"http:\/\/kommentatorenblog.de\/wp-content\/uploads\/2020\/09\/shure-55sh-ii-e1601485394796.jpg\" alt=\"\" srcset=\"http:\/\/kommentatorenblog.de\/wp-content\/uploads\/2020\/09\/shure-55sh-ii-e1601485394796.jpg 415w, http:\/\/kommentatorenblog.de\/wp-content\/uploads\/2020\/09\/shure-55sh-ii-e1601485394796-142x300.jpg 142w\" sizes=\"auto, (max-width: 10px) 100vw, 10px\" \/> Marcus Lindemann (Einzelspiel), Markus G\u00f6tz (Konferenz)<br>Field-Reporter: Philipp Hinze<\/p>\n\n\n\n<p><strong><em>Karlsruher SC &#8211; SC Paderborn 07 (13.00 Uhr)<\/em><\/strong><br><img loading=\"lazy\" decoding=\"async\" width=\"10\" height=\"21\" class=\"wp-image-3656\" style=\"width: 10px;\" src=\"http:\/\/kommentatorenblog.de\/wp-content\/uploads\/2020\/09\/shure-55sh-ii-e1601485394796.jpg\" alt=\"\" srcset=\"http:\/\/kommentatorenblog.de\/wp-content\/uploads\/2020\/09\/shure-55sh-ii-e1601485394796.jpg 415w, http:\/\/kommentatorenblog.de\/wp-content\/uploads\/2020\/09\/shure-55sh-ii-e1601485394796-142x300.jpg 142w\" sizes=\"auto, (max-width: 10px) 100vw, 10px\" \/> Toni Tomic (Einzelspiel), Florian Schmidt-Sommerfeld (Konferenz)<br>Field-Reporter: Hartmut von Kameke<\/p>\n\n\n\n<p>Moderation (aus Bielefeld): Stefan Hempel, Gast: Daniel Halfar<\/p>\n\n\n\n<p><span style=\"text-decoration: underline;\">ab 19.30 Uhr (Sky) bzw. ab 20.15 Uhr (<mark style=\"background-color:rgba(0, 0, 0, 0);color:#4eff69\" class=\"has-inline-color\">NITRO<\/mark>)<\/span><\/p>\n\n\n\n<p><strong><em>Hannover 96 &#8211; VfL Bochum (20.30 Uhr)<\/em><\/strong><\/p>\n\n\n\n<p><img loading=\"lazy\" decoding=\"async\" width=\"10\" height=\"21\" class=\"wp-image-3656\" style=\"width: 10px;\" src=\"http:\/\/kommentatorenblog.de\/wp-content\/uploads\/2020\/09\/shure-55sh-ii-e1601485394796.jpg\" alt=\"\" srcset=\"http:\/\/kommentatorenblog.de\/wp-content\/uploads\/2020\/09\/shure-55sh-ii-e1601485394796.jpg 415w, http:\/\/kommentatorenblog.de\/wp-content\/uploads\/2020\/09\/shure-55sh-ii-e1601485394796-142x300.jpg 142w\" sizes=\"auto, (max-width: 10px) 100vw, 10px\" \/> <mark style=\"background-color:rgba(0, 0, 0, 0);color:#4eff69\" class=\"has-inline-color\"><em>NITRO<\/em><\/mark>: Robby Hunke, Experte: Felix Kroos<br>Moderation (<mark style=\"background-color:rgba(0, 0, 0, 0);color:#4eff69\" class=\"has-inline-color\"><em>NITRO<\/em><\/mark>): Anna Kraft, Field-Reporter: Thomas Wagner<\/p>\n\n\n\n<p><img loading=\"lazy\" decoding=\"async\" width=\"10\" height=\"21\" class=\"wp-image-3656\" style=\"width: 10px;\" src=\"http:\/\/kommentatorenblog.de\/wp-content\/uploads\/2020\/09\/shure-55sh-ii-e1601485394796.jpg\" alt=\"\" srcset=\"http:\/\/kommentatorenblog.de\/wp-content\/uploads\/2020\/09\/shure-55sh-ii-e1601485394796.jpg 415w, http:\/\/kommentatorenblog.de\/wp-content\/uploads\/2020\/09\/shure-55sh-ii-e1601485394796-142x300.jpg 142w\" sizes=\"auto, (max-width: 10px) 100vw, 10px\" \/> <em>Sky<\/em>: Oliver Seidler, Experte: Torsten Mattuschka<br>Moderation (<em>Sky<\/em>): Nele Ocik<\/p>\n\n\n\n<p><span style=\"text-decoration: underline;\">Sonntag, 14. Dezember 2025, ab 13.00 Uhr (Sky)<\/span><\/p>\n\n\n\n<p><strong><em>FC Schalke 04 &#8211; 1. FC N\u00fcrnberg (13.30 Uhr)<\/em><\/strong><br><img loading=\"lazy\" decoding=\"async\" width=\"10\" height=\"21\" class=\"wp-image-3656\" style=\"width: 10px;\" src=\"http:\/\/kommentatorenblog.de\/wp-content\/uploads\/2020\/09\/shure-55sh-ii-e1601485394796.jpg\" alt=\"\" srcset=\"http:\/\/kommentatorenblog.de\/wp-content\/uploads\/2020\/09\/shure-55sh-ii-e1601485394796.jpg 415w, http:\/\/kommentatorenblog.de\/wp-content\/uploads\/2020\/09\/shure-55sh-ii-e1601485394796-142x300.jpg 142w\" sizes=\"auto, (max-width: 10px) 100vw, 10px\" \/> Hannes Herrmann (Einzelspiel), Martin Gro\u00df (Konferenz)<\/p>\n\n\n\n<p><strong><em>SV Elversberg &#8211; Fortuna D\u00fcsseldorf (13.30 Uhr)<\/em><\/strong><br><img loading=\"lazy\" decoding=\"async\" width=\"10\" height=\"21\" class=\"wp-image-3656\" style=\"width: 10px;\" src=\"http:\/\/kommentatorenblog.de\/wp-content\/uploads\/2020\/09\/shure-55sh-ii-e1601485394796.jpg\" alt=\"\" srcset=\"http:\/\/kommentatorenblog.de\/wp-content\/uploads\/2020\/09\/shure-55sh-ii-e1601485394796.jpg 415w, http:\/\/kommentatorenblog.de\/wp-content\/uploads\/2020\/09\/shure-55sh-ii-e1601485394796-142x300.jpg 142w\" sizes=\"auto, (max-width: 10px) 100vw, 10px\" \/> Joachim Hebel (Einzelspiel), Markus G\u00f6tz (Konferenz)<br>Field-Reporter: Klaus Veltman<\/p>\n\n\n\n<p><strong><em>SV Darmstadt 98 &#8211; SC Preu\u00dfen M\u00fcnster (13.30 Uhr)<\/em><\/strong><br><img loading=\"lazy\" decoding=\"async\" width=\"10\" height=\"21\" class=\"wp-image-3656\" style=\"width: 10px;\" src=\"http:\/\/kommentatorenblog.de\/wp-content\/uploads\/2020\/09\/shure-55sh-ii-e1601485394796.jpg\" alt=\"\" srcset=\"http:\/\/kommentatorenblog.de\/wp-content\/uploads\/2020\/09\/shure-55sh-ii-e1601485394796.jpg 415w, http:\/\/kommentatorenblog.de\/wp-content\/uploads\/2020\/09\/shure-55sh-ii-e1601485394796-142x300.jpg 142w\" sizes=\"auto, (max-width: 10px) 100vw, 10px\" \/> Dominik M\u00fcller (Einzelspiel), Marcel Meinert (Konferenz)<br>Field-Reporter: Jens Westen<\/p>\n\n\n\n<p>Moderation (aus Gelsenkirchen): Yannick Erkenbrecher, Experte: S\u00f6ren Gonther<\/p>\n\n\n\n<hr class=\"wp-block-separator has-alpha-channel-opacity\"\/>\n\n\n\n<p><strong>2. Frauen-Bundesliga (GER), 13. Spieltag (<mark style=\"background-color:rgba(0, 0, 0, 0)\" class=\"has-inline-color has-pale-cyan-blue-color\">Leagues<\/mark>)<\/strong><\/p>\n\n\n\n<p><span style=\"text-decoration: underline;\">Sonntag, 14. Dezember 2025<\/span><\/p>\n\n\n\n<p><strong><em>VfB Stuttgart &#8211; SC Sand (13.00 Uhr)<\/em><\/strong><br><img loading=\"lazy\" decoding=\"async\" width=\"10\" height=\"21\" class=\"wp-image-3656\" style=\"width: 10px;\" src=\"http:\/\/kommentatorenblog.de\/wp-content\/uploads\/2020\/09\/shure-55sh-ii-e1601485394796.jpg\" alt=\"\" srcset=\"http:\/\/kommentatorenblog.de\/wp-content\/uploads\/2020\/09\/shure-55sh-ii-e1601485394796.jpg 415w, http:\/\/kommentatorenblog.de\/wp-content\/uploads\/2020\/09\/shure-55sh-ii-e1601485394796-142x300.jpg 142w\" sizes=\"auto, (max-width: 10px) 100vw, 10px\" \/> Clemens Mauksch<\/p>\n\n\n\n<p><strong><em>SG 99 Andernach &#8211; Borussia M\u00f6nchengladbach (14.00 Uhr)<\/em><\/strong><br><img loading=\"lazy\" decoding=\"async\" width=\"10\" height=\"21\" class=\"wp-image-3656\" style=\"width: 10px;\" src=\"http:\/\/kommentatorenblog.de\/wp-content\/uploads\/2020\/09\/shure-55sh-ii-e1601485394796.jpg\" alt=\"\" srcset=\"http:\/\/kommentatorenblog.de\/wp-content\/uploads\/2020\/09\/shure-55sh-ii-e1601485394796.jpg 415w, http:\/\/kommentatorenblog.de\/wp-content\/uploads\/2020\/09\/shure-55sh-ii-e1601485394796-142x300.jpg 142w\" sizes=\"auto, (max-width: 10px) 100vw, 10px\" \/> Kai Esser<\/p>\n\n\n\n<p><strong><em>FC Viktoria Berlin &#8211; 1. FFC Turbine Potsdam (14.00 Uhr)<\/em><\/strong><br><img loading=\"lazy\" decoding=\"async\" width=\"10\" height=\"21\" class=\"wp-image-3656\" style=\"width: 10px;\" src=\"http:\/\/kommentatorenblog.de\/wp-content\/uploads\/2020\/09\/shure-55sh-ii-e1601485394796.jpg\" alt=\"\" srcset=\"http:\/\/kommentatorenblog.de\/wp-content\/uploads\/2020\/09\/shure-55sh-ii-e1601485394796.jpg 415w, http:\/\/kommentatorenblog.de\/wp-content\/uploads\/2020\/09\/shure-55sh-ii-e1601485394796-142x300.jpg 142w\" sizes=\"auto, (max-width: 10px) 100vw, 10px\" \/> Benedikt L\u00fclsdorff<\/p>\n\n\n\n<p><strong><em>VfL Bochum &#8211; SV Meppen (14.00 Uhr)<\/em><\/strong><br><img loading=\"lazy\" decoding=\"async\" width=\"10\" height=\"21\" class=\"wp-image-3656\" style=\"width: 10px;\" src=\"http:\/\/kommentatorenblog.de\/wp-content\/uploads\/2020\/09\/shure-55sh-ii-e1601485394796.jpg\" alt=\"\" srcset=\"http:\/\/kommentatorenblog.de\/wp-content\/uploads\/2020\/09\/shure-55sh-ii-e1601485394796.jpg 415w, http:\/\/kommentatorenblog.de\/wp-content\/uploads\/2020\/09\/shure-55sh-ii-e1601485394796-142x300.jpg 142w\" sizes=\"auto, (max-width: 10px) 100vw, 10px\" \/> Thorben Albrecht<\/p>\n\n\n\n<p><strong><em>Eintracht Frankfurt II &#8211; VfL Wolfsburg II (14.00 Uhr)<\/em><\/strong><br><img loading=\"lazy\" decoding=\"async\" width=\"10\" height=\"21\" class=\"wp-image-3656\" style=\"width: 10px;\" src=\"http:\/\/kommentatorenblog.de\/wp-content\/uploads\/2020\/09\/shure-55sh-ii-e1601485394796.jpg\" alt=\"\" srcset=\"http:\/\/kommentatorenblog.de\/wp-content\/uploads\/2020\/09\/shure-55sh-ii-e1601485394796.jpg 415w, http:\/\/kommentatorenblog.de\/wp-content\/uploads\/2020\/09\/shure-55sh-ii-e1601485394796-142x300.jpg 142w\" sizes=\"auto, (max-width: 10px) 100vw, 10px\" \/> Marius H\u00fcttmann<\/p>\n\n\n\n<p><strong><em>1. FSV Mainz 05 &#8211; VfR Warbeyen (14.00 Uhr)<\/em><\/strong><br><img loading=\"lazy\" decoding=\"async\" width=\"10\" height=\"21\" class=\"wp-image-3656\" style=\"width: 10px;\" src=\"http:\/\/kommentatorenblog.de\/wp-content\/uploads\/2020\/09\/shure-55sh-ii-e1601485394796.jpg\" alt=\"\" srcset=\"http:\/\/kommentatorenblog.de\/wp-content\/uploads\/2020\/09\/shure-55sh-ii-e1601485394796.jpg 415w, http:\/\/kommentatorenblog.de\/wp-content\/uploads\/2020\/09\/shure-55sh-ii-e1601485394796-142x300.jpg 142w\" sizes=\"auto, (max-width: 10px) 100vw, 10px\" \/> Klim Popov<\/p>\n\n\n\n<p><strong><em>FC Bayern M\u00fcnchen II &#8211; FC Ingolstadt 04 (14.00 Uhr)<\/em><\/strong><br><img loading=\"lazy\" decoding=\"async\" width=\"10\" height=\"21\" class=\"wp-image-3656\" style=\"width: 10px;\" src=\"http:\/\/kommentatorenblog.de\/wp-content\/uploads\/2020\/09\/shure-55sh-ii-e1601485394796.jpg\" alt=\"\" srcset=\"http:\/\/kommentatorenblog.de\/wp-content\/uploads\/2020\/09\/shure-55sh-ii-e1601485394796.jpg 415w, http:\/\/kommentatorenblog.de\/wp-content\/uploads\/2020\/09\/shure-55sh-ii-e1601485394796-142x300.jpg 142w\" sizes=\"auto, (max-width: 10px) 100vw, 10px\" \/> Claas Sch\u00f6nfeld<\/p>\n\n\n\n<hr class=\"wp-block-separator has-alpha-channel-opacity\"\/>\n\n\n\n<p><strong>3. Liga (GER), 18. Spieltag (<mark style=\"background-color:rgba(0, 0, 0, 0)\" class=\"has-inline-color has-pale-pink-color\">Magenta Sport<\/mark>\/<mark style=\"background-color:rgba(0, 0, 0, 0)\" class=\"has-inline-color has-pale-cyan-blue-color\">BR<\/mark>\/<mark style=\"background-color:rgba(0, 0, 0, 0)\" class=\"has-inline-color has-vivid-cyan-blue-color\">MDR<\/mark>)<\/strong><\/p>\n\n\n\n<p><span style=\"text-decoration: underline;\">Freitag, 12. Dezember 2025, ab 18.30 Uhr (<mark style=\"background-color:rgba(0, 0, 0, 0)\" class=\"has-inline-color has-pale-pink-color\">Magenta Sport<\/mark>)<\/span><\/p>\n\n\n\n<p><strong><em>SSV Ulm 1846 &#8211; VfL Osnabr\u00fcck (19.00 Uhr)<\/em><\/strong><br><img loading=\"lazy\" decoding=\"async\" width=\"10\" height=\"21\" class=\"wp-image-3656\" style=\"width: 10px;\" src=\"http:\/\/kommentatorenblog.de\/wp-content\/uploads\/2020\/09\/shure-55sh-ii-e1601485394796.jpg\" alt=\"\" srcset=\"http:\/\/kommentatorenblog.de\/wp-content\/uploads\/2020\/09\/shure-55sh-ii-e1601485394796.jpg 415w, http:\/\/kommentatorenblog.de\/wp-content\/uploads\/2020\/09\/shure-55sh-ii-e1601485394796-142x300.jpg 142w\" sizes=\"auto, (max-width: 10px) 100vw, 10px\" \/> Christian Stra\u00dfburger, Experte: Markus Schwabl<br>Moderation: Sascha Bandermann<\/p>\n\n\n\n<p><span style=\"text-decoration: underline;\">Samstag, 13. Dezember 2025, ab 13.30 Uhr (<mark style=\"background-color:rgba(0, 0, 0, 0)\" class=\"has-inline-color has-pale-pink-color\">Magenta Sport<\/mark>)<\/span><\/p>\n\n\n\n<p><strong><em>Die Konferenz (14.00 Uhr)<\/em><\/strong><br><img loading=\"lazy\" decoding=\"async\" width=\"10\" height=\"21\" class=\"wp-image-3656\" style=\"width: 10px;\" src=\"http:\/\/kommentatorenblog.de\/wp-content\/uploads\/2020\/09\/shure-55sh-ii-e1601485394796.jpg\" alt=\"\" srcset=\"http:\/\/kommentatorenblog.de\/wp-content\/uploads\/2020\/09\/shure-55sh-ii-e1601485394796.jpg 415w, http:\/\/kommentatorenblog.de\/wp-content\/uploads\/2020\/09\/shure-55sh-ii-e1601485394796-142x300.jpg 142w\" sizes=\"auto, (max-width: 10px) 100vw, 10px\" \/> Benni Zander, Experte: Steven Ruprecht<\/p>\n\n\n\n<p><span style=\"text-decoration: underline;\">ab 13.45 Uhr (<mark style=\"background-color:rgba(0, 0, 0, 0)\" class=\"has-inline-color has-pale-pink-color\">Magenta Sport<\/mark>)<\/span><\/p>\n\n\n\n<p><strong><em>1. FC Saarbr\u00fccken &#8211; TSG 1899 Hoffenheim II (14.00 Uhr)<\/em><\/strong><br><img loading=\"lazy\" decoding=\"async\" width=\"10\" height=\"21\" class=\"wp-image-3656\" style=\"width: 10px;\" src=\"http:\/\/kommentatorenblog.de\/wp-content\/uploads\/2020\/09\/shure-55sh-ii-e1601485394796.jpg\" alt=\"\" srcset=\"http:\/\/kommentatorenblog.de\/wp-content\/uploads\/2020\/09\/shure-55sh-ii-e1601485394796.jpg 415w, http:\/\/kommentatorenblog.de\/wp-content\/uploads\/2020\/09\/shure-55sh-ii-e1601485394796-142x300.jpg 142w\" sizes=\"auto, (max-width: 10px) 100vw, 10px\" \/> Max Giesen<br>Moderation: Cedric Pick<\/p>\n\n\n\n<p><strong><em>VfB Stuttgart II &#8211; FC Hansa Rostock (14.00 Uhr)<\/em><\/strong><br><img loading=\"lazy\" decoding=\"async\" width=\"10\" height=\"21\" class=\"wp-image-3656\" style=\"width: 10px;\" src=\"http:\/\/kommentatorenblog.de\/wp-content\/uploads\/2020\/09\/shure-55sh-ii-e1601485394796.jpg\" alt=\"\" srcset=\"http:\/\/kommentatorenblog.de\/wp-content\/uploads\/2020\/09\/shure-55sh-ii-e1601485394796.jpg 415w, http:\/\/kommentatorenblog.de\/wp-content\/uploads\/2020\/09\/shure-55sh-ii-e1601485394796-142x300.jpg 142w\" sizes=\"auto, (max-width: 10px) 100vw, 10px\" \/> Oskar Heirler<br>Moderation: Tobi Wahnschaffe<\/p>\n\n\n\n<p><strong><em>Alemannia Aachen &#8211; FC Viktoria K\u00f6ln (14.00 Uhr)<\/em><\/strong><br><img loading=\"lazy\" decoding=\"async\" width=\"10\" height=\"21\" class=\"wp-image-3656\" style=\"width: 10px;\" src=\"http:\/\/kommentatorenblog.de\/wp-content\/uploads\/2020\/09\/shure-55sh-ii-e1601485394796.jpg\" alt=\"\" srcset=\"http:\/\/kommentatorenblog.de\/wp-content\/uploads\/2020\/09\/shure-55sh-ii-e1601485394796.jpg 415w, http:\/\/kommentatorenblog.de\/wp-content\/uploads\/2020\/09\/shure-55sh-ii-e1601485394796-142x300.jpg 142w\" sizes=\"auto, (max-width: 10px) 100vw, 10px\" \/> Julian Engelhard<br>Moderation: Tobi Sch\u00e4fer<\/p>\n\n\n\n<p><span style=\"text-decoration: underline;\">ab 13.45 Uhr (<mark style=\"background-color:rgba(0, 0, 0, 0)\" class=\"has-inline-color has-pale-pink-color\">Magenta Sport<\/mark>) bzw. ab 14.00 Uhr (<mark style=\"background-color:rgba(0, 0, 0, 0)\" class=\"has-inline-color has-pale-cyan-blue-color\">BR<\/mark>)<\/span><\/p>\n\n\n\n<p><strong><em>FC Ingolstadt 04 &#8211; TSV 1860 M\u00fcnchen (14.00 Uhr)<\/em><\/strong><\/p>\n\n\n\n<p><img loading=\"lazy\" decoding=\"async\" width=\"10\" height=\"21\" class=\"wp-image-3656\" style=\"width: 10px;\" src=\"http:\/\/kommentatorenblog.de\/wp-content\/uploads\/2020\/09\/shure-55sh-ii-e1601485394796.jpg\" alt=\"\" srcset=\"http:\/\/kommentatorenblog.de\/wp-content\/uploads\/2020\/09\/shure-55sh-ii-e1601485394796.jpg 415w, http:\/\/kommentatorenblog.de\/wp-content\/uploads\/2020\/09\/shure-55sh-ii-e1601485394796-142x300.jpg 142w\" sizes=\"auto, (max-width: 10px) 100vw, 10px\" \/> <em><mark style=\"background-color:rgba(0, 0, 0, 0)\" class=\"has-inline-color has-pale-pink-color\">Magenta Sport<\/mark><\/em>: Alexander Klich<br>Moderation (<mark style=\"background-color:rgba(0, 0, 0, 0)\" class=\"has-inline-color has-pale-pink-color\"><em>Magenta Sport<\/em><\/mark>): Jan L\u00fcdeke<\/p>\n\n\n\n<p><img loading=\"lazy\" decoding=\"async\" width=\"10\" height=\"21\" class=\"wp-image-3656\" style=\"width: 10px;\" src=\"http:\/\/kommentatorenblog.de\/wp-content\/uploads\/2020\/09\/shure-55sh-ii-e1601485394796.jpg\" alt=\"\" srcset=\"http:\/\/kommentatorenblog.de\/wp-content\/uploads\/2020\/09\/shure-55sh-ii-e1601485394796.jpg 415w, http:\/\/kommentatorenblog.de\/wp-content\/uploads\/2020\/09\/shure-55sh-ii-e1601485394796-142x300.jpg 142w\" sizes=\"auto, (max-width: 10px) 100vw, 10px\" \/> <em><mark style=\"background-color:rgba(0, 0, 0, 0)\" class=\"has-inline-color has-pale-cyan-blue-color\">BR<\/mark><\/em>: Florian Eckl<br>Moderation (<em><mark style=\"background-color:rgba(0, 0, 0, 0)\" class=\"has-inline-color has-pale-cyan-blue-color\">BR<\/mark><\/em>): Lukas Sch\u00f6nm\u00fcller<\/p>\n\n\n\n<p><span style=\"text-decoration: underline;\">ab 13.45 Uhr (<mark style=\"background-color:rgba(0, 0, 0, 0)\" class=\"has-inline-color has-pale-pink-color\">Magenta Sport<\/mark>) bzw. ab 14.00 Uhr (<mark style=\"background-color:rgba(0, 0, 0, 0)\" class=\"has-inline-color has-vivid-cyan-blue-color\">MDR<\/mark>)<\/span><\/p>\n\n\n\n<p><strong><em>MSV Duisburg &#8211; FC Erzgebirge Aue (14.00 Uhr)<\/em><\/strong><\/p>\n\n\n\n<p><img loading=\"lazy\" decoding=\"async\" width=\"10\" height=\"21\" class=\"wp-image-3656\" style=\"width: 10px;\" src=\"http:\/\/kommentatorenblog.de\/wp-content\/uploads\/2020\/09\/shure-55sh-ii-e1601485394796.jpg\" alt=\"\" srcset=\"http:\/\/kommentatorenblog.de\/wp-content\/uploads\/2020\/09\/shure-55sh-ii-e1601485394796.jpg 415w, http:\/\/kommentatorenblog.de\/wp-content\/uploads\/2020\/09\/shure-55sh-ii-e1601485394796-142x300.jpg 142w\" sizes=\"auto, (max-width: 10px) 100vw, 10px\" \/> <mark style=\"background-color:rgba(0, 0, 0, 0)\" class=\"has-inline-color has-pale-pink-color\"><em>Magenta Sport<\/em><\/mark>: Markus H\u00f6hner<br>Moderation (<em><mark style=\"background-color:rgba(0, 0, 0, 0)\" class=\"has-inline-color has-pale-pink-color\">Magenta Sport<\/mark><\/em>): Kamila Benschop<\/p>\n\n\n\n<p><img loading=\"lazy\" decoding=\"async\" width=\"10\" height=\"21\" class=\"wp-image-3656\" style=\"width: 10px;\" src=\"http:\/\/kommentatorenblog.de\/wp-content\/uploads\/2020\/09\/shure-55sh-ii-e1601485394796.jpg\" alt=\"\" srcset=\"http:\/\/kommentatorenblog.de\/wp-content\/uploads\/2020\/09\/shure-55sh-ii-e1601485394796.jpg 415w, http:\/\/kommentatorenblog.de\/wp-content\/uploads\/2020\/09\/shure-55sh-ii-e1601485394796-142x300.jpg 142w\" sizes=\"auto, (max-width: 10px) 100vw, 10px\" \/> <em><mark style=\"background-color:rgba(0, 0, 0, 0)\" class=\"has-inline-color has-vivid-cyan-blue-color\">MDR<\/mark><\/em>: Alex K\u00fcpper, Experte: Lutz Lindemann<br>Moderation (<em><mark style=\"background-color:rgba(0, 0, 0, 0)\" class=\"has-inline-color has-vivid-cyan-blue-color\">MDR<\/mark><\/em>): Ren\u00e9 Kindermann<\/p>\n\n\n\n<p><span style=\"text-decoration: underline;\">ab 16.15 Uhr (<mark style=\"background-color:rgba(0, 0, 0, 0)\" class=\"has-inline-color has-pale-pink-color\">Magenta Sport<\/mark>)<\/span><\/p>\n\n\n\n<p><strong><em>SC Verl &#8211; Rot-Weiss Essen (16.30 Uhr)<\/em><\/strong><br><img loading=\"lazy\" decoding=\"async\" width=\"10\" height=\"21\" class=\"wp-image-3656\" style=\"width: 10px;\" src=\"http:\/\/kommentatorenblog.de\/wp-content\/uploads\/2020\/09\/shure-55sh-ii-e1601485394796.jpg\" alt=\"\" srcset=\"http:\/\/kommentatorenblog.de\/wp-content\/uploads\/2020\/09\/shure-55sh-ii-e1601485394796.jpg 415w, http:\/\/kommentatorenblog.de\/wp-content\/uploads\/2020\/09\/shure-55sh-ii-e1601485394796-142x300.jpg 142w\" sizes=\"auto, (max-width: 10px) 100vw, 10px\" \/> Martin Hahn<br>Moderation: Holger Speckhahn<\/p>\n\n\n\n<p><span style=\"text-decoration: underline;\">Sonntag, 14. Dezember 2025, ab 13.15 Uhr (<mark style=\"background-color:rgba(0, 0, 0, 0)\" class=\"has-inline-color has-pale-pink-color\">Magenta Sport<\/mark>)<\/span><\/p>\n\n\n\n<p><strong><em>SV Wehen Wiesbaden &#8211; FC Energie Cottbus (13.30 Uhr)<\/em><\/strong><br><img loading=\"lazy\" decoding=\"async\" width=\"10\" height=\"21\" class=\"wp-image-3656\" style=\"width: 10px;\" src=\"http:\/\/kommentatorenblog.de\/wp-content\/uploads\/2020\/09\/shure-55sh-ii-e1601485394796.jpg\" alt=\"\" srcset=\"http:\/\/kommentatorenblog.de\/wp-content\/uploads\/2020\/09\/shure-55sh-ii-e1601485394796.jpg 415w, http:\/\/kommentatorenblog.de\/wp-content\/uploads\/2020\/09\/shure-55sh-ii-e1601485394796-142x300.jpg 142w\" sizes=\"auto, (max-width: 10px) 100vw, 10px\" \/> Philip Konrad<br>Moderation: Thomas Wagner<\/p>\n\n\n\n<p><span style=\"text-decoration: underline;\">ab 16.15 Uhr (<mark style=\"background-color:rgba(0, 0, 0, 0)\" class=\"has-inline-color has-pale-pink-color\">Magenta Sport<\/mark>)<\/span><\/p>\n\n\n\n<p><strong><em>SSV Jahn Regensburg &#8211; SV Waldhof Mannheim (16.30 Uhr)<\/em><\/strong><br><img loading=\"lazy\" decoding=\"async\" width=\"10\" height=\"21\" class=\"wp-image-3656\" style=\"width: 10px;\" src=\"http:\/\/kommentatorenblog.de\/wp-content\/uploads\/2020\/09\/shure-55sh-ii-e1601485394796.jpg\" alt=\"\" srcset=\"http:\/\/kommentatorenblog.de\/wp-content\/uploads\/2020\/09\/shure-55sh-ii-e1601485394796.jpg 415w, http:\/\/kommentatorenblog.de\/wp-content\/uploads\/2020\/09\/shure-55sh-ii-e1601485394796-142x300.jpg 142w\" sizes=\"auto, (max-width: 10px) 100vw, 10px\" \/> Martin Piller<br>Moderation: Alex K\u00fcpper<\/p>\n\n\n\n<p><span style=\"text-decoration: underline;\">ab 19.15 Uhr (<mark style=\"background-color:rgba(0, 0, 0, 0)\" class=\"has-inline-color has-pale-pink-color\">Magenta Sport<\/mark>)<\/span><\/p>\n\n\n\n<p><strong><em>1. FC Schweinfurt 05 &#8211; TSV Havelse (19.30 Uhr)<\/em><\/strong><br><img loading=\"lazy\" decoding=\"async\" width=\"10\" height=\"21\" class=\"wp-image-3656\" style=\"width: 10px;\" src=\"http:\/\/kommentatorenblog.de\/wp-content\/uploads\/2020\/09\/shure-55sh-ii-e1601485394796.jpg\" alt=\"\" srcset=\"http:\/\/kommentatorenblog.de\/wp-content\/uploads\/2020\/09\/shure-55sh-ii-e1601485394796.jpg 415w, http:\/\/kommentatorenblog.de\/wp-content\/uploads\/2020\/09\/shure-55sh-ii-e1601485394796-142x300.jpg 142w\" sizes=\"auto, (max-width: 10px) 100vw, 10px\" \/> <s>Mario Bast<\/s> Oskar Heirler<br>Moderation: Stefanie Blochwitz<\/p>\n\n\n\n<hr class=\"wp-block-separator has-alpha-channel-opacity\"\/>\n\n\n\n<p><strong>Regionalliga Nordost (GER), 19. Spieltag (<mark style=\"background-color:rgba(0, 0, 0, 0)\" class=\"has-inline-color has-vivid-red-color\">OST<\/mark>SPORT.<mark style=\"background-color:rgba(0, 0, 0, 0)\" class=\"has-inline-color has-vivid-red-color\">TV<\/mark>\/<mark style=\"background-color:rgba(0, 0, 0, 0)\" class=\"has-inline-color has-vivid-cyan-blue-color\">MDR<\/mark>)<\/strong><\/p>\n\n\n\n<p><span style=\"text-decoration: underline;\">Freitag, 12. Dezember 2025, ab 18.45 Uhr (<mark style=\"background-color:rgba(0, 0, 0, 0)\" class=\"has-inline-color has-vivid-red-color\">OST<\/mark>SPORT.<mark style=\"background-color:rgba(0, 0, 0, 0)\" class=\"has-inline-color has-vivid-red-color\">TV<\/mark> \u00fcber LVZ\/SZ)<\/span><\/p>\n\n\n\n<p><strong><em>VSG Altglienicke &#8211; 1. FC Lokomotive Leipzig (19.00 Uhr)<\/em><\/strong><br><img loading=\"lazy\" decoding=\"async\" width=\"10\" height=\"21\" class=\"wp-image-3656\" style=\"width: 10px;\" src=\"http:\/\/kommentatorenblog.de\/wp-content\/uploads\/2020\/09\/shure-55sh-ii-e1601485394796.jpg\" alt=\"\" srcset=\"http:\/\/kommentatorenblog.de\/wp-content\/uploads\/2020\/09\/shure-55sh-ii-e1601485394796.jpg 415w, http:\/\/kommentatorenblog.de\/wp-content\/uploads\/2020\/09\/shure-55sh-ii-e1601485394796-142x300.jpg 142w\" sizes=\"auto, (max-width: 10px) 100vw, 10px\" \/> Christian R\u00fcdiger<br>Moderation: Toni Mielke<\/p>\n\n\n\n<p><span style=\"text-decoration: underline;\">Samstag, 13. Dezember 2025 (<mark style=\"background-color:rgba(0, 0, 0, 0)\" class=\"has-inline-color has-vivid-cyan-blue-color\">MDR-Livestream<\/mark>)<\/span><\/p>\n\n\n\n<p><strong><em>FC Rot-Wei\u00df Erfurt &#8211; BFC Dynamo (14.00 Uhr)<\/em><\/strong><br><img loading=\"lazy\" decoding=\"async\" width=\"10\" height=\"21\" class=\"wp-image-3656\" style=\"width: 10px;\" src=\"http:\/\/kommentatorenblog.de\/wp-content\/uploads\/2020\/09\/shure-55sh-ii-e1601485394796.jpg\" alt=\"\" srcset=\"http:\/\/kommentatorenblog.de\/wp-content\/uploads\/2020\/09\/shure-55sh-ii-e1601485394796.jpg 415w, http:\/\/kommentatorenblog.de\/wp-content\/uploads\/2020\/09\/shure-55sh-ii-e1601485394796-142x300.jpg 142w\" sizes=\"auto, (max-width: 10px) 100vw, 10px\" \/> Julian Pink<\/p>\n\n\n\n<p><span style=\"text-decoration: underline;\">Sonntag, 14. Dezember 2025, ab 13.45 Uhr (<mark style=\"background-color:rgba(0, 0, 0, 0)\" class=\"has-inline-color has-vivid-red-color\">OST<\/mark>SPORT.<mark style=\"background-color:rgba(0, 0, 0, 0)\" class=\"has-inline-color has-vivid-red-color\">TV<\/mark> \u00fcber TA\/OTZ\/TLZ)<\/span><\/p>\n\n\n\n<p><strong><em>Hertha BSC II &#8211; FC Carl Zeiss Jena (14.00 Uhr)<\/em><\/strong><br><img loading=\"lazy\" decoding=\"async\" width=\"10\" height=\"21\" class=\"wp-image-3656\" style=\"width: 10px;\" src=\"http:\/\/kommentatorenblog.de\/wp-content\/uploads\/2020\/09\/shure-55sh-ii-e1601485394796.jpg\" alt=\"\" srcset=\"http:\/\/kommentatorenblog.de\/wp-content\/uploads\/2020\/09\/shure-55sh-ii-e1601485394796.jpg 415w, http:\/\/kommentatorenblog.de\/wp-content\/uploads\/2020\/09\/shure-55sh-ii-e1601485394796-142x300.jpg 142w\" sizes=\"auto, (max-width: 10px) 100vw, 10px\" \/> Heiko Mallwitz<br>Moderation: Toni Mielke<\/p>\n\n\n\n<p><span style=\"text-decoration: underline;\">ab 13.45 Uhr (<mark style=\"background-color:rgba(0, 0, 0, 0)\" class=\"has-inline-color has-vivid-red-color\">OST<\/mark>SPORT.<mark style=\"background-color:rgba(0, 0, 0, 0)\" class=\"has-inline-color has-vivid-red-color\">TV<\/mark> \u00fcber MZ\/Volksstimme)<\/span><\/p>\n\n\n\n<p><strong><em>Hallescher FC &#8211; 1. FC Magdeburg II (14.00 Uhr)<\/em><\/strong><br><img loading=\"lazy\" decoding=\"async\" width=\"10\" height=\"21\" class=\"wp-image-3656\" style=\"width: 10px;\" src=\"http:\/\/kommentatorenblog.de\/wp-content\/uploads\/2020\/09\/shure-55sh-ii-e1601485394796.jpg\" alt=\"\" srcset=\"http:\/\/kommentatorenblog.de\/wp-content\/uploads\/2020\/09\/shure-55sh-ii-e1601485394796.jpg 415w, http:\/\/kommentatorenblog.de\/wp-content\/uploads\/2020\/09\/shure-55sh-ii-e1601485394796-142x300.jpg 142w\" sizes=\"auto, (max-width: 10px) 100vw, 10px\" \/> Christian R\u00fcdiger<\/p>\n\n\n\n<hr class=\"wp-block-separator has-alpha-channel-opacity\"\/>\n\n\n\n<p><strong>DFB-Pokal der Junioren (GER), Viertelfinale (DFB \u00fcber YouTube)<\/strong><\/p>\n\n\n\n<p><span style=\"text-decoration: underline;\">Sonntag, 14. Dezember 2025<\/span><\/p>\n\n\n\n<p><strong><em>Borussia M\u00f6nchengladbach U19 &#8211; VfB Stuttgart U19 (13.30 Uhr)<\/em><\/strong><br><img loading=\"lazy\" decoding=\"async\" width=\"10\" height=\"21\" class=\"wp-image-3656\" style=\"width: 10px;\" src=\"http:\/\/kommentatorenblog.de\/wp-content\/uploads\/2020\/09\/shure-55sh-ii-e1601485394796.jpg\" alt=\"\" srcset=\"http:\/\/kommentatorenblog.de\/wp-content\/uploads\/2020\/09\/shure-55sh-ii-e1601485394796.jpg 415w, http:\/\/kommentatorenblog.de\/wp-content\/uploads\/2020\/09\/shure-55sh-ii-e1601485394796-142x300.jpg 142w\" sizes=\"auto, (max-width: 10px) 100vw, 10px\" \/> Arne Albrecht<\/p>\n\n\n\n<hr class=\"wp-block-separator has-alpha-channel-opacity\"\/>\n\n\n\n<hr class=\"wp-block-separator has-alpha-channel-opacity\"\/>\n\n\n\n<p><strong>Premier League (ENG), 16. Spieltag (Sky\/<mark style=\"background-color:rgba(0, 0, 0, 0)\" class=\"has-inline-color has-vivid-purple-color\">RTL+<\/mark>)<\/strong><\/p>\n\n\n\n<p><span style=\"text-decoration: underline;\">Samstag, 13. Dezember 2025, ab 15.50 Uhr (Sky)<\/span><\/p>\n\n\n\n<p><strong><em>FC Liverpool &#8211; Brighton &amp; Hove Albion (16.00 Uhr)<\/em><\/strong><br><img loading=\"lazy\" decoding=\"async\" width=\"10\" height=\"21\" class=\"wp-image-3656\" style=\"width: 10px;\" src=\"http:\/\/kommentatorenblog.de\/wp-content\/uploads\/2020\/09\/shure-55sh-ii-e1601485394796.jpg\" alt=\"\" srcset=\"http:\/\/kommentatorenblog.de\/wp-content\/uploads\/2020\/09\/shure-55sh-ii-e1601485394796.jpg 415w, http:\/\/kommentatorenblog.de\/wp-content\/uploads\/2020\/09\/shure-55sh-ii-e1601485394796-142x300.jpg 142w\" sizes=\"auto, (max-width: 10px) 100vw, 10px\" \/> Uli Hebel<\/p>\n\n\n\n<p><strong><em>FC Chelsea &#8211; FC Everton (16.00 Uhr)<\/em><\/strong><br><img loading=\"lazy\" decoding=\"async\" width=\"10\" height=\"21\" class=\"wp-image-3656\" style=\"width: 10px;\" src=\"http:\/\/kommentatorenblog.de\/wp-content\/uploads\/2020\/09\/shure-55sh-ii-e1601485394796.jpg\" alt=\"\" srcset=\"http:\/\/kommentatorenblog.de\/wp-content\/uploads\/2020\/09\/shure-55sh-ii-e1601485394796.jpg 415w, http:\/\/kommentatorenblog.de\/wp-content\/uploads\/2020\/09\/shure-55sh-ii-e1601485394796-142x300.jpg 142w\" sizes=\"auto, (max-width: 10px) 100vw, 10px\" \/> Rachel Rinast<\/p>\n\n\n\n<p><span style=\"text-decoration: underline;\">ab 18.20 Uhr (Sky)<\/span><\/p>\n\n\n\n<p><strong><em>FC Burnley &#8211; FC Fulham (18.30 Uhr)<\/em><\/strong><br><img loading=\"lazy\" decoding=\"async\" width=\"10\" height=\"21\" class=\"wp-image-3656\" style=\"width: 10px;\" src=\"http:\/\/kommentatorenblog.de\/wp-content\/uploads\/2020\/09\/shure-55sh-ii-e1601485394796.jpg\" alt=\"\" srcset=\"http:\/\/kommentatorenblog.de\/wp-content\/uploads\/2020\/09\/shure-55sh-ii-e1601485394796.jpg 415w, http:\/\/kommentatorenblog.de\/wp-content\/uploads\/2020\/09\/shure-55sh-ii-e1601485394796-142x300.jpg 142w\" sizes=\"auto, (max-width: 10px) 100vw, 10px\" \/> Marcel Meinert<\/p>\n\n\n\n<p><span style=\"text-decoration: underline;\">ab 20.50 Uhr (Sky)<\/span><\/p>\n\n\n\n<p><strong><em>FC Arsenal &#8211; Wolverhampton Wanderers (21.00 Uhr)<\/em><\/strong><br><img loading=\"lazy\" decoding=\"async\" width=\"10\" height=\"21\" class=\"wp-image-3656\" style=\"width: 10px;\" src=\"http:\/\/kommentatorenblog.de\/wp-content\/uploads\/2020\/09\/shure-55sh-ii-e1601485394796.jpg\" alt=\"\" srcset=\"http:\/\/kommentatorenblog.de\/wp-content\/uploads\/2020\/09\/shure-55sh-ii-e1601485394796.jpg 415w, http:\/\/kommentatorenblog.de\/wp-content\/uploads\/2020\/09\/shure-55sh-ii-e1601485394796-142x300.jpg 142w\" sizes=\"auto, (max-width: 10px) 100vw, 10px\" \/> Joachim Hebel<\/p>\n\n\n\n<p><span style=\"text-decoration: underline;\">Sonntag, 14. Dezember 2025, ab 14.30 Uhr (Sky)<\/span><\/p>\n\n\n\n<p><strong><em>AFC Sunderland &#8211; Newcastle United (15.00 Uhr)<\/em><\/strong><br><img loading=\"lazy\" decoding=\"async\" width=\"10\" height=\"21\" class=\"wp-image-3656\" style=\"width: 10px;\" src=\"http:\/\/kommentatorenblog.de\/wp-content\/uploads\/2020\/09\/shure-55sh-ii-e1601485394796.jpg\" alt=\"\" srcset=\"http:\/\/kommentatorenblog.de\/wp-content\/uploads\/2020\/09\/shure-55sh-ii-e1601485394796.jpg 415w, http:\/\/kommentatorenblog.de\/wp-content\/uploads\/2020\/09\/shure-55sh-ii-e1601485394796-142x300.jpg 142w\" sizes=\"auto, (max-width: 10px) 100vw, 10px\" \/> Florian Schmidt-Sommerfeld, Experte: Thomas Hitzlsperger<br>Field-Reporter: Raphael Honigstein<\/p>\n\n\n\n<p><span style=\"text-decoration: underline;\">ab 14.50 Uhr (Sky\/<mark style=\"background-color:rgba(0, 0, 0, 0)\" class=\"has-inline-color has-vivid-purple-color\">RTL+<\/mark>)<\/span><\/p>\n\n\n\n<p><strong><em>Crystal Palace &#8211; Manchester City (15.00 Uhr)<\/em><\/strong><br><img loading=\"lazy\" decoding=\"async\" width=\"10\" height=\"21\" class=\"wp-image-3656\" style=\"width: 10px;\" src=\"http:\/\/kommentatorenblog.de\/wp-content\/uploads\/2020\/09\/shure-55sh-ii-e1601485394796.jpg\" alt=\"\" srcset=\"http:\/\/kommentatorenblog.de\/wp-content\/uploads\/2020\/09\/shure-55sh-ii-e1601485394796.jpg 415w, http:\/\/kommentatorenblog.de\/wp-content\/uploads\/2020\/09\/shure-55sh-ii-e1601485394796-142x300.jpg 142w\" sizes=\"auto, (max-width: 10px) 100vw, 10px\" \/> Uli Hebel<\/p>\n\n\n\n<p><span style=\"text-decoration: underline;\">ab 14.50 Uhr (Sky)<\/span><\/p>\n\n\n\n<p><strong><em>Nottingham Forest &#8211; Tottenham Hotspur (15.00 Uhr)<\/em><\/strong><br><img loading=\"lazy\" decoding=\"async\" width=\"10\" height=\"21\" class=\"wp-image-3656\" style=\"width: 10px;\" src=\"http:\/\/kommentatorenblog.de\/wp-content\/uploads\/2020\/09\/shure-55sh-ii-e1601485394796.jpg\" alt=\"\" srcset=\"http:\/\/kommentatorenblog.de\/wp-content\/uploads\/2020\/09\/shure-55sh-ii-e1601485394796.jpg 415w, http:\/\/kommentatorenblog.de\/wp-content\/uploads\/2020\/09\/shure-55sh-ii-e1601485394796-142x300.jpg 142w\" sizes=\"auto, (max-width: 10px) 100vw, 10px\" \/> Jaron Steiner<\/p>\n\n\n\n<p><strong><em>West Ham United &#8211; Aston Villa (15.00 Uhr)<\/em><\/strong><br><img loading=\"lazy\" decoding=\"async\" width=\"10\" height=\"21\" class=\"wp-image-3656\" style=\"width: 10px;\" src=\"http:\/\/kommentatorenblog.de\/wp-content\/uploads\/2020\/09\/shure-55sh-ii-e1601485394796.jpg\" alt=\"\" srcset=\"http:\/\/kommentatorenblog.de\/wp-content\/uploads\/2020\/09\/shure-55sh-ii-e1601485394796.jpg 415w, http:\/\/kommentatorenblog.de\/wp-content\/uploads\/2020\/09\/shure-55sh-ii-e1601485394796-142x300.jpg 142w\" sizes=\"auto, (max-width: 10px) 100vw, 10px\" \/> Timo Sch\u00e4fers<\/p>\n\n\n\n<p><span style=\"text-decoration: underline;\">ab 17.20 Uhr (Sky)<\/span><\/p>\n\n\n\n<p><strong><em>FC Brentford &#8211; Leeds United (17.30 Uhr)<\/em><\/strong><br><img loading=\"lazy\" decoding=\"async\" width=\"10\" height=\"21\" class=\"wp-image-3656\" style=\"width: 10px;\" src=\"http:\/\/kommentatorenblog.de\/wp-content\/uploads\/2020\/09\/shure-55sh-ii-e1601485394796.jpg\" alt=\"\" srcset=\"http:\/\/kommentatorenblog.de\/wp-content\/uploads\/2020\/09\/shure-55sh-ii-e1601485394796.jpg 415w, http:\/\/kommentatorenblog.de\/wp-content\/uploads\/2020\/09\/shure-55sh-ii-e1601485394796-142x300.jpg 142w\" sizes=\"auto, (max-width: 10px) 100vw, 10px\" \/> Sven Schr\u00f6ter<\/p>\n\n\n\n<p><span style=\"text-decoration: underline;\">Montag, 15. Dezember 2025, ab 20.50 Uhr (Sky)<\/span><\/p>\n\n\n\n<p><strong><em>Manchester United &#8211; AFC Bournemouth (21.00 Uhr)<\/em><\/strong><br><img loading=\"lazy\" decoding=\"async\" width=\"10\" height=\"21\" class=\"wp-image-3656\" style=\"width: 10px;\" src=\"http:\/\/kommentatorenblog.de\/wp-content\/uploads\/2020\/09\/shure-55sh-ii-e1601485394796.jpg\" alt=\"\" srcset=\"http:\/\/kommentatorenblog.de\/wp-content\/uploads\/2020\/09\/shure-55sh-ii-e1601485394796.jpg 415w, http:\/\/kommentatorenblog.de\/wp-content\/uploads\/2020\/09\/shure-55sh-ii-e1601485394796-142x300.jpg 142w\" sizes=\"auto, (max-width: 10px) 100vw, 10px\" \/> Joachim Hebel<\/p>\n\n\n\n<hr class=\"wp-block-separator has-alpha-channel-opacity\"\/>\n\n\n\n<p><strong>Women&#8217;s Super League (ENG), 11. Spieltag (<mark style=\"background-color:rgba(0, 0, 0, 0)\" class=\"has-inline-color has-pale-cyan-blue-color\">Sportdigital1+<\/mark>\/<mark style=\"background-color:rgba(0, 0, 0, 0);color:#151942\" class=\"has-inline-color\">DF1<\/mark>)<\/strong><\/p>\n\n\n\n<p><span style=\"text-decoration: underline;\">Sonntag, 14. Dezember 2025<strong> <\/strong>(<mark style=\"background-color:rgba(0, 0, 0, 0)\" class=\"has-inline-color has-pale-cyan-blue-color\">Sportdigital1+<\/mark>\/<mark style=\"background-color:rgba(0, 0, 0, 0);color:#151942\" class=\"has-inline-color\">DF1<\/mark>)<\/span><\/p>\n\n\n\n<p><strong><em>Manchester City &#8211; Aston Villa (12.55 Uhr)<\/em><\/strong><br><img loading=\"lazy\" decoding=\"async\" width=\"10\" height=\"21\" class=\"wp-image-3656\" style=\"width: 10px;\" src=\"http:\/\/kommentatorenblog.de\/wp-content\/uploads\/2020\/09\/shure-55sh-ii-e1601485394796.jpg\" alt=\"\" srcset=\"http:\/\/kommentatorenblog.de\/wp-content\/uploads\/2020\/09\/shure-55sh-ii-e1601485394796.jpg 415w, http:\/\/kommentatorenblog.de\/wp-content\/uploads\/2020\/09\/shure-55sh-ii-e1601485394796-142x300.jpg 142w\" sizes=\"auto, (max-width: 10px) 100vw, 10px\" \/> Martin Hahn<\/p>\n\n\n\n<p><span style=\"text-decoration: underline;\">(<mark style=\"background-color:rgba(0, 0, 0, 0)\" class=\"has-inline-color has-pale-cyan-blue-color\">Sportdigital1+<\/mark>)<\/span><\/p>\n\n\n\n<p><strong><em>Manchester United &#8211; Tottenham Hotspur (15.30 Uhr)<\/em><\/strong><br><img loading=\"lazy\" decoding=\"async\" width=\"10\" height=\"21\" class=\"wp-image-3656\" style=\"width: 10px;\" src=\"http:\/\/kommentatorenblog.de\/wp-content\/uploads\/2020\/09\/shure-55sh-ii-e1601485394796.jpg\" alt=\"\" srcset=\"http:\/\/kommentatorenblog.de\/wp-content\/uploads\/2020\/09\/shure-55sh-ii-e1601485394796.jpg 415w, http:\/\/kommentatorenblog.de\/wp-content\/uploads\/2020\/09\/shure-55sh-ii-e1601485394796-142x300.jpg 142w\" sizes=\"auto, (max-width: 10px) 100vw, 10px\" \/> J\u00f6rg Steiger<\/p>\n\n\n\n<hr class=\"wp-block-separator has-alpha-channel-opacity\"\/>\n\n\n\n<p><strong>LaLiga (ESP), 16. Spieltag (DAZN)<\/strong><\/p>\n\n\n\n<p><span style=\"text-decoration: underline;\">Samstag, 13. Dezember 2025<\/span><\/p>\n\n\n\n<p><strong><em>Atletico Madrid &#8211; FC Valencia (14.00 Uhr)<\/em><\/strong><br><img loading=\"lazy\" decoding=\"async\" width=\"10\" height=\"21\" class=\"wp-image-3656\" style=\"width: 10px;\" src=\"http:\/\/kommentatorenblog.de\/wp-content\/uploads\/2020\/09\/shure-55sh-ii-e1601485394796.jpg\" alt=\"\" srcset=\"http:\/\/kommentatorenblog.de\/wp-content\/uploads\/2020\/09\/shure-55sh-ii-e1601485394796.jpg 415w, http:\/\/kommentatorenblog.de\/wp-content\/uploads\/2020\/09\/shure-55sh-ii-e1601485394796-142x300.jpg 142w\" sizes=\"auto, (max-width: 10px) 100vw, 10px\" \/> Matthias Naebers<\/p>\n\n\n\n<p><strong><em>FC Barcelona &#8211; CA Osasuna (18.30 Uhr)<\/em><\/strong><br><img loading=\"lazy\" decoding=\"async\" width=\"10\" height=\"21\" class=\"wp-image-3656\" style=\"width: 10px;\" src=\"http:\/\/kommentatorenblog.de\/wp-content\/uploads\/2020\/09\/shure-55sh-ii-e1601485394796.jpg\" alt=\"\" srcset=\"http:\/\/kommentatorenblog.de\/wp-content\/uploads\/2020\/09\/shure-55sh-ii-e1601485394796.jpg 415w, http:\/\/kommentatorenblog.de\/wp-content\/uploads\/2020\/09\/shure-55sh-ii-e1601485394796-142x300.jpg 142w\" sizes=\"auto, (max-width: 10px) 100vw, 10px\" \/> Uwe Morawe<\/p>\n\n\n\n<p><span style=\"text-decoration: underline;\">Sonntag, 14. Dezember 2025<\/span><\/p>\n\n\n\n<p><strong><em>Deportivo Alaves &#8211; Real Madrid (21.00 Uhr)<\/em><\/strong><br><img loading=\"lazy\" decoding=\"async\" width=\"10\" height=\"21\" class=\"wp-image-3656\" style=\"width: 10px;\" src=\"http:\/\/kommentatorenblog.de\/wp-content\/uploads\/2020\/09\/shure-55sh-ii-e1601485394796.jpg\" alt=\"\" srcset=\"http:\/\/kommentatorenblog.de\/wp-content\/uploads\/2020\/09\/shure-55sh-ii-e1601485394796.jpg 415w, http:\/\/kommentatorenblog.de\/wp-content\/uploads\/2020\/09\/shure-55sh-ii-e1601485394796-142x300.jpg 142w\" sizes=\"auto, (max-width: 10px) 100vw, 10px\" \/> Michael Born<\/p>\n\n\n\n<p><span style=\"text-decoration: underline;\">Montag, 15. Dezember 2025<\/span><\/p>\n\n\n\n<p><strong><em>Rayo Vallecano &#8211; Real Betis Sevilla (21.00 Uhr)<\/em><\/strong><br><img loading=\"lazy\" decoding=\"async\" width=\"10\" height=\"21\" class=\"wp-image-3656\" style=\"width: 10px;\" src=\"http:\/\/kommentatorenblog.de\/wp-content\/uploads\/2020\/09\/shure-55sh-ii-e1601485394796.jpg\" alt=\"\" srcset=\"http:\/\/kommentatorenblog.de\/wp-content\/uploads\/2020\/09\/shure-55sh-ii-e1601485394796.jpg 415w, http:\/\/kommentatorenblog.de\/wp-content\/uploads\/2020\/09\/shure-55sh-ii-e1601485394796-142x300.jpg 142w\" sizes=\"auto, (max-width: 10px) 100vw, 10px\" \/> Christoph Stadtler<\/p>\n\n\n\n<hr class=\"wp-block-separator has-alpha-channel-opacity\"\/>\n\n\n\n<p><strong>Serie A (ITA), 15. Spieltag (DAZN)<\/strong><\/p>\n\n\n\n<p><span style=\"text-decoration: underline;\">Sonntag, 14. Dezember 2025<\/span><\/p>\n\n\n\n<p><strong><em>AC Mailand &#8211; US Sassuolo Calcio (12.30 Uhr)<\/em><\/strong><br><img loading=\"lazy\" decoding=\"async\" width=\"10\" height=\"21\" class=\"wp-image-3656\" style=\"width: 10px;\" src=\"http:\/\/kommentatorenblog.de\/wp-content\/uploads\/2020\/09\/shure-55sh-ii-e1601485394796.jpg\" alt=\"\" srcset=\"http:\/\/kommentatorenblog.de\/wp-content\/uploads\/2020\/09\/shure-55sh-ii-e1601485394796.jpg 415w, http:\/\/kommentatorenblog.de\/wp-content\/uploads\/2020\/09\/shure-55sh-ii-e1601485394796-142x300.jpg 142w\" sizes=\"auto, (max-width: 10px) 100vw, 10px\" \/> Tobi Fischbeck<\/p>\n\n\n\n<p><strong><em>Udinese Calcio &#8211; SSC Neapel (15.00 Uhr)<\/em><\/strong><br><img loading=\"lazy\" decoding=\"async\" width=\"10\" height=\"21\" class=\"wp-image-3656\" style=\"width: 10px;\" src=\"http:\/\/kommentatorenblog.de\/wp-content\/uploads\/2020\/09\/shure-55sh-ii-e1601485394796.jpg\" alt=\"\" srcset=\"http:\/\/kommentatorenblog.de\/wp-content\/uploads\/2020\/09\/shure-55sh-ii-e1601485394796.jpg 415w, http:\/\/kommentatorenblog.de\/wp-content\/uploads\/2020\/09\/shure-55sh-ii-e1601485394796-142x300.jpg 142w\" sizes=\"auto, (max-width: 10px) 100vw, 10px\" \/> Andreas Renner<\/p>\n\n\n\n<p><strong><em>CFC Genua &#8211; Inter Mailand (18.00 Uhr)<\/em><\/strong><br><img loading=\"lazy\" decoding=\"async\" width=\"10\" height=\"21\" class=\"wp-image-3656\" style=\"width: 10px;\" src=\"http:\/\/kommentatorenblog.de\/wp-content\/uploads\/2020\/09\/shure-55sh-ii-e1601485394796.jpg\" alt=\"\" srcset=\"http:\/\/kommentatorenblog.de\/wp-content\/uploads\/2020\/09\/shure-55sh-ii-e1601485394796.jpg 415w, http:\/\/kommentatorenblog.de\/wp-content\/uploads\/2020\/09\/shure-55sh-ii-e1601485394796-142x300.jpg 142w\" sizes=\"auto, (max-width: 10px) 100vw, 10px\" \/> Lukas Flottmeyer<\/p>\n\n\n\n<p><strong><em>FC Bologna &#8211; Juventus Turin (20.45 Uhr)<\/em><\/strong><br><img loading=\"lazy\" decoding=\"async\" width=\"10\" height=\"21\" class=\"wp-image-3656\" style=\"width: 10px;\" src=\"http:\/\/kommentatorenblog.de\/wp-content\/uploads\/2020\/09\/shure-55sh-ii-e1601485394796.jpg\" alt=\"\" srcset=\"http:\/\/kommentatorenblog.de\/wp-content\/uploads\/2020\/09\/shure-55sh-ii-e1601485394796.jpg 415w, http:\/\/kommentatorenblog.de\/wp-content\/uploads\/2020\/09\/shure-55sh-ii-e1601485394796-142x300.jpg 142w\" sizes=\"auto, (max-width: 10px) 100vw, 10px\" \/> Uli Hebel<\/p>\n\n\n\n<p><span style=\"text-decoration: underline;\">Montag, 15. Dezember 2025<\/span><\/p>\n\n\n\n<p><strong><em>AS Rom &#8211; Como 1907 (20.45 Uhr)<\/em><\/strong><br><img loading=\"lazy\" decoding=\"async\" width=\"10\" height=\"21\" class=\"wp-image-3656\" style=\"width: 10px;\" src=\"http:\/\/kommentatorenblog.de\/wp-content\/uploads\/2020\/09\/shure-55sh-ii-e1601485394796.jpg\" alt=\"\" srcset=\"http:\/\/kommentatorenblog.de\/wp-content\/uploads\/2020\/09\/shure-55sh-ii-e1601485394796.jpg 415w, http:\/\/kommentatorenblog.de\/wp-content\/uploads\/2020\/09\/shure-55sh-ii-e1601485394796-142x300.jpg 142w\" sizes=\"auto, (max-width: 10px) 100vw, 10px\" \/> Carsten Fu\u00df<\/p>\n\n\n\n<hr class=\"wp-block-separator has-alpha-channel-opacity\"\/>\n\n\n\n<p><strong>Ligue 1 (FRA), 16. Spieltag (DAZN)<\/strong><\/p>\n\n\n\n<p><span style=\"text-decoration: underline;\">Samstag, 13. Dezember 2025<\/span><\/p>\n\n\n\n<p><strong><em>FC Metz &#8211; Paris Saint-Germain (19.00 Uhr)<\/em><\/strong><br><img loading=\"lazy\" decoding=\"async\" width=\"10\" height=\"21\" class=\"wp-image-3656\" style=\"width: 10px;\" src=\"http:\/\/kommentatorenblog.de\/wp-content\/uploads\/2020\/09\/shure-55sh-ii-e1601485394796.jpg\" alt=\"\" srcset=\"http:\/\/kommentatorenblog.de\/wp-content\/uploads\/2020\/09\/shure-55sh-ii-e1601485394796.jpg 415w, http:\/\/kommentatorenblog.de\/wp-content\/uploads\/2020\/09\/shure-55sh-ii-e1601485394796-142x300.jpg 142w\" sizes=\"auto, (max-width: 10px) 100vw, 10px\" \/> Simon Sterzer<\/p>\n\n\n\n<p><span style=\"text-decoration: underline;\">Sonntag, 14. Dezember 2025<\/span><\/p>\n\n\n\n<p><strong><em>Olympique Marseille &#8211; AS Monaco (20.45 Uhr)<\/em><\/strong><br><strong><img loading=\"lazy\" decoding=\"async\" width=\"10\" height=\"21\" class=\"wp-image-3656\" style=\"width: 10px;\" src=\"http:\/\/kommentatorenblog.de\/wp-content\/uploads\/2020\/09\/shure-55sh-ii-e1601485394796.jpg\" alt=\"\" srcset=\"http:\/\/kommentatorenblog.de\/wp-content\/uploads\/2020\/09\/shure-55sh-ii-e1601485394796.jpg 415w, http:\/\/kommentatorenblog.de\/wp-content\/uploads\/2020\/09\/shure-55sh-ii-e1601485394796-142x300.jpg 142w\" sizes=\"auto, (max-width: 10px) 100vw, 10px\" \/><\/strong> Stefan Galler<\/p>\n\n\n\n<hr class=\"wp-block-separator has-alpha-channel-opacity\"\/>\n\n\n\n<p><strong>Primeira Liga (POR), 14. Spieltag (<mark style=\"background-color:rgba(0, 0, 0, 0)\" class=\"has-inline-color has-pale-cyan-blue-color\">Sportdigital FUSSBALL<\/mark>)<\/strong><\/p>\n\n\n\n<p><span style=\"text-decoration: underline;\">Samstag, 13. Dezember 2025<\/span><\/p>\n\n\n\n<p><strong><em>Sporting Lissabon &#8211; AVS Futebol SAD (21.30 Uhr)<\/em><\/strong><br><img loading=\"lazy\" decoding=\"async\" width=\"10\" height=\"21\" class=\"wp-image-3656\" style=\"width: 10px;\" src=\"http:\/\/kommentatorenblog.de\/wp-content\/uploads\/2020\/09\/shure-55sh-ii-e1601485394796.jpg\" alt=\"\" srcset=\"http:\/\/kommentatorenblog.de\/wp-content\/uploads\/2020\/09\/shure-55sh-ii-e1601485394796.jpg 415w, http:\/\/kommentatorenblog.de\/wp-content\/uploads\/2020\/09\/shure-55sh-ii-e1601485394796-142x300.jpg 142w\" sizes=\"auto, (max-width: 10px) 100vw, 10px\" \/> Christian Blunck<\/p>\n\n\n\n<p><span style=\"text-decoration: underline;\">Montag, 15. Dezember 2025<\/span><\/p>\n\n\n\n<p><strong><em>FC Porto &#8211; Estrela Amadora (21.45 Uhr)<\/em><\/strong><br><img loading=\"lazy\" decoding=\"async\" width=\"10\" height=\"21\" class=\"wp-image-3656\" style=\"width: 10px;\" src=\"http:\/\/kommentatorenblog.de\/wp-content\/uploads\/2020\/09\/shure-55sh-ii-e1601485394796.jpg\" alt=\"\" srcset=\"http:\/\/kommentatorenblog.de\/wp-content\/uploads\/2020\/09\/shure-55sh-ii-e1601485394796.jpg 415w, http:\/\/kommentatorenblog.de\/wp-content\/uploads\/2020\/09\/shure-55sh-ii-e1601485394796-142x300.jpg 142w\" sizes=\"auto, (max-width: 10px) 100vw, 10px\" \/> Martin Hahn<\/p>\n\n\n\n<hr class=\"wp-block-separator has-alpha-channel-opacity\"\/>\n\n\n\n<p><strong>Eredivisie (NED), 16. Spieltag (<mark style=\"background-color:rgba(0, 0, 0, 0)\" class=\"has-inline-color has-pale-cyan-blue-color\">Sportdigital FUSSBALL<\/mark>)<\/strong><\/p>\n\n\n\n<p><span style=\"text-decoration: underline;\">Samstag, 13. Dezember 2025<\/span><\/p>\n\n\n\n<p><strong><em>PSV Eindhoven &#8211; Heracles Almelo (20.00 Uhr)<\/em><\/strong><br><img loading=\"lazy\" decoding=\"async\" width=\"10\" height=\"21\" class=\"wp-image-3656\" style=\"width: 10px;\" src=\"http:\/\/kommentatorenblog.de\/wp-content\/uploads\/2020\/09\/shure-55sh-ii-e1601485394796.jpg\" alt=\"\" srcset=\"http:\/\/kommentatorenblog.de\/wp-content\/uploads\/2020\/09\/shure-55sh-ii-e1601485394796.jpg 415w, http:\/\/kommentatorenblog.de\/wp-content\/uploads\/2020\/09\/shure-55sh-ii-e1601485394796-142x300.jpg 142w\" sizes=\"auto, (max-width: 10px) 100vw, 10px\" \/> Karsten Linke<\/p>\n\n\n\n<p><span style=\"text-decoration: underline;\">Sonntag, 14. Dezember 2025<\/span><\/p>\n\n\n\n<p><strong><em>Ajax Amsterdam &#8211; Feyenoord Rotterdam (14.30 Uhr)<\/em><\/strong><br><img loading=\"lazy\" decoding=\"async\" width=\"10\" height=\"21\" class=\"wp-image-3656\" style=\"width: 10px;\" src=\"http:\/\/kommentatorenblog.de\/wp-content\/uploads\/2020\/09\/shure-55sh-ii-e1601485394796.jpg\" alt=\"\" srcset=\"http:\/\/kommentatorenblog.de\/wp-content\/uploads\/2020\/09\/shure-55sh-ii-e1601485394796.jpg 415w, http:\/\/kommentatorenblog.de\/wp-content\/uploads\/2020\/09\/shure-55sh-ii-e1601485394796-142x300.jpg 142w\" sizes=\"auto, (max-width: 10px) 100vw, 10px\" \/> <s>Marvin Kirsch<\/s> Christian Blunck<\/p>\n\n\n\n<hr class=\"wp-block-separator has-alpha-channel-opacity\"\/>\n\n\n\n<p><strong>Scottish League Cup (SCO), Finale (<mark style=\"background-color:rgba(0, 0, 0, 0)\" class=\"has-inline-color has-pale-cyan-blue-color\">Sportdigital FUSSBALL<\/mark>)<\/strong><\/p>\n\n\n\n<p><span style=\"text-decoration: underline;\">Sonntag, 14. Dezember 2025<\/span><\/p>\n\n\n\n<p><strong><em>FC St. Mirren &#8211; Celtic Glasgow (16.30 Uhr)<\/em><\/strong><br><img loading=\"lazy\" decoding=\"async\" width=\"10\" height=\"21\" class=\"wp-image-3656\" style=\"width: 10px;\" src=\"http:\/\/kommentatorenblog.de\/wp-content\/uploads\/2020\/09\/shure-55sh-ii-e1601485394796.jpg\" alt=\"\" srcset=\"http:\/\/kommentatorenblog.de\/wp-content\/uploads\/2020\/09\/shure-55sh-ii-e1601485394796.jpg 415w, http:\/\/kommentatorenblog.de\/wp-content\/uploads\/2020\/09\/shure-55sh-ii-e1601485394796-142x300.jpg 142w\" sizes=\"auto, (max-width: 10px) 100vw, 10px\" \/> Karsten Linke<\/p>\n\n\n\n<hr class=\"wp-block-separator has-alpha-channel-opacity\"\/>\n\n\n\n<p><strong>Ekstraklasa (POL), 1. Spieltag, Nachholspiel (<mark style=\"background-color:rgba(0, 0, 0, 0)\" class=\"has-inline-color has-pale-cyan-blue-color\">Sportdigital FUSSBALL<\/mark>)<\/strong><\/p>\n\n\n\n<p><span style=\"text-decoration: underline;\">Sonntag, 14. Dezember 2025<\/span><\/p>\n\n\n\n<p><strong><em>Legia Warschau &#8211; Piast Gliwice (20.15 Uhr)<\/em><\/strong><br><img loading=\"lazy\" decoding=\"async\" width=\"10\" height=\"21\" class=\"wp-image-3656\" style=\"width: 10px;\" src=\"http:\/\/kommentatorenblog.de\/wp-content\/uploads\/2020\/09\/shure-55sh-ii-e1601485394796.jpg\" alt=\"\" srcset=\"http:\/\/kommentatorenblog.de\/wp-content\/uploads\/2020\/09\/shure-55sh-ii-e1601485394796.jpg 415w, http:\/\/kommentatorenblog.de\/wp-content\/uploads\/2020\/09\/shure-55sh-ii-e1601485394796-142x300.jpg 142w\" sizes=\"auto, (max-width: 10px) 100vw, 10px\" \/> Christian Blunck<\/p>\n\n\n\n<hr class=\"wp-block-separator has-alpha-channel-opacity\"\/>\n\n\n\n<p><strong>1.&nbsp;\u010desk\u00e1 fotbalov\u00e1 liga (CZE), 19. Spieltag (<mark style=\"background-color:rgba(0, 0, 0, 0)\" class=\"has-inline-color has-pale-cyan-blue-color\">Sportdigital FUSSBALL<\/mark>)<\/strong><\/p>\n\n\n\n<p><span style=\"text-decoration: underline;\">Samstag, 13. Dezember 2025<\/span><\/p>\n\n\n\n<p><strong><em>Slavia Prag &#8211; FK Jablonec (18.00 Uhr)<\/em><\/strong><br><img loading=\"lazy\" decoding=\"async\" width=\"10\" height=\"21\" class=\"wp-image-3656\" style=\"width: 10px;\" src=\"http:\/\/kommentatorenblog.de\/wp-content\/uploads\/2020\/09\/shure-55sh-ii-e1601485394796.jpg\" alt=\"\" srcset=\"http:\/\/kommentatorenblog.de\/wp-content\/uploads\/2020\/09\/shure-55sh-ii-e1601485394796.jpg 415w, http:\/\/kommentatorenblog.de\/wp-content\/uploads\/2020\/09\/shure-55sh-ii-e1601485394796-142x300.jpg 142w\" sizes=\"auto, (max-width: 10px) 100vw, 10px\" \/> Marcus Radefeld<\/p>\n\n\n\n<hr class=\"wp-block-separator has-alpha-channel-opacity\"\/>\n\n\n\n<p><strong>\u00d6sterreichische Fu\u00dfball-Bundesliga (AUT), 17. Runde (Sky)<\/strong><\/p>\n\n\n\n<p><span style=\"text-decoration: underline;\">Samstag, 13. Dezember 2025, ab 16.30 Uhr<\/span><\/p>\n\n\n\n<p><strong><em>Grazer AK 1902 &#8211; LASK (17.00 Uhr)<\/em><\/strong><br><img loading=\"lazy\" decoding=\"async\" width=\"10\" height=\"21\" class=\"wp-image-3656\" style=\"width: 10px;\" src=\"http:\/\/kommentatorenblog.de\/wp-content\/uploads\/2020\/09\/shure-55sh-ii-e1601485394796.jpg\" alt=\"\" srcset=\"http:\/\/kommentatorenblog.de\/wp-content\/uploads\/2020\/09\/shure-55sh-ii-e1601485394796.jpg 415w, http:\/\/kommentatorenblog.de\/wp-content\/uploads\/2020\/09\/shure-55sh-ii-e1601485394796-142x300.jpg 142w\" sizes=\"auto, (max-width: 10px) 100vw, 10px\" \/> David Eder (Einzelspiel), Guido Friedrich (Konferenz)<br>Field-Reporter: Marko Stankovic<\/p>\n\n\n\n<p><strong><em>SV Ried &#8211; SCR Altach (17.00 Uhr)<\/em><\/strong><br><img loading=\"lazy\" decoding=\"async\" width=\"10\" height=\"21\" class=\"wp-image-3656\" style=\"width: 10px;\" src=\"http:\/\/kommentatorenblog.de\/wp-content\/uploads\/2020\/09\/shure-55sh-ii-e1601485394796.jpg\" alt=\"\" srcset=\"http:\/\/kommentatorenblog.de\/wp-content\/uploads\/2020\/09\/shure-55sh-ii-e1601485394796.jpg 415w, http:\/\/kommentatorenblog.de\/wp-content\/uploads\/2020\/09\/shure-55sh-ii-e1601485394796-142x300.jpg 142w\" sizes=\"auto, (max-width: 10px) 100vw, 10px\" \/> Luca Kielhauser (Einzelspiel), Phillip Lautischer (Konferenz)<br>Field-Reporter: Gerhard Krabath<\/p>\n\n\n\n<p><strong><em>TSV Hartberg &#8211; WSG Tirol (17.00 Uhr)<\/em><\/strong><br><img loading=\"lazy\" decoding=\"async\" width=\"10\" height=\"21\" class=\"wp-image-3656\" style=\"width: 10px;\" src=\"http:\/\/kommentatorenblog.de\/wp-content\/uploads\/2020\/09\/shure-55sh-ii-e1601485394796.jpg\" alt=\"\" srcset=\"http:\/\/kommentatorenblog.de\/wp-content\/uploads\/2020\/09\/shure-55sh-ii-e1601485394796.jpg 415w, http:\/\/kommentatorenblog.de\/wp-content\/uploads\/2020\/09\/shure-55sh-ii-e1601485394796-142x300.jpg 142w\" sizes=\"auto, (max-width: 10px) 100vw, 10px\" \/> Andi Brandt (Einzelspiel), Gerfried Pr\u00f6ll (Konferenz)<br>Field-Reporter: Johannes Brandl<\/p>\n\n\n\n<p>Moderation: J\u00f6rg K\u00fcnne, Experte: Thomas Silberberger<\/p>\n\n\n\n<p><span style=\"text-decoration: underline;\">Sonntag, 14. Dezember 2025, ab 14.00 Uhr<\/span><\/p>\n\n\n\n<p><strong><em>FC Salzburg &#8211; Wolfsberger AC (14.30 Uhr)<\/em><\/strong><br><img loading=\"lazy\" decoding=\"async\" width=\"10\" height=\"21\" class=\"wp-image-3656\" style=\"width: 10px;\" src=\"http:\/\/kommentatorenblog.de\/wp-content\/uploads\/2020\/09\/shure-55sh-ii-e1601485394796.jpg\" alt=\"\" srcset=\"http:\/\/kommentatorenblog.de\/wp-content\/uploads\/2020\/09\/shure-55sh-ii-e1601485394796.jpg 415w, http:\/\/kommentatorenblog.de\/wp-content\/uploads\/2020\/09\/shure-55sh-ii-e1601485394796-142x300.jpg 142w\" sizes=\"auto, (max-width: 10px) 100vw, 10px\" \/> Otto Rosenauer (Einzelspiel), Philipp Paternina (Konferenz)<br>Field-Reporterin: Lisa Perstaller<\/p>\n\n\n\n<p><strong><em>FC Blau-Wei\u00df Linz &#8211; SK Rapid Wien (14.30 Uhr)<\/em><\/strong><br><img loading=\"lazy\" decoding=\"async\" width=\"10\" height=\"21\" class=\"wp-image-3656\" style=\"width: 10px;\" src=\"http:\/\/kommentatorenblog.de\/wp-content\/uploads\/2020\/09\/shure-55sh-ii-e1601485394796.jpg\" alt=\"\" srcset=\"http:\/\/kommentatorenblog.de\/wp-content\/uploads\/2020\/09\/shure-55sh-ii-e1601485394796.jpg 415w, http:\/\/kommentatorenblog.de\/wp-content\/uploads\/2020\/09\/shure-55sh-ii-e1601485394796-142x300.jpg 142w\" sizes=\"auto, (max-width: 10px) 100vw, 10px\" \/> Tom Ole Mink (Einzelspiel), Gerhard Krabath (Konferenz)<br>Field-Reporterin: Kimberly Budinsky<\/p>\n\n\n\n<p><span style=\"text-decoration: underline;\">ab 16.30 Uhr<\/span><\/p>\n\n\n\n<p><strong><em>FK Austria Wien &#8211; SK Sturm Graz (17.00 Uhr)<\/em><\/strong><br><img loading=\"lazy\" decoding=\"async\" width=\"10\" height=\"21\" class=\"wp-image-3656\" style=\"width: 10px;\" src=\"http:\/\/kommentatorenblog.de\/wp-content\/uploads\/2020\/09\/shure-55sh-ii-e1601485394796.jpg\" alt=\"\" srcset=\"http:\/\/kommentatorenblog.de\/wp-content\/uploads\/2020\/09\/shure-55sh-ii-e1601485394796.jpg 415w, http:\/\/kommentatorenblog.de\/wp-content\/uploads\/2020\/09\/shure-55sh-ii-e1601485394796-142x300.jpg 142w\" sizes=\"auto, (max-width: 10px) 100vw, 10px\" \/> Benjamin Vollmann<br>Field-Reporter: Michael Ganh\u00f6r<\/p>\n\n\n\n<p>Moderation: Constanze Weiss, Experte: Andreas Herzog<\/p>\n\n\n\n<hr class=\"wp-block-separator has-alpha-channel-opacity\"\/>\n\n\n\n<p><strong>\u00d6sterreichische 2. Liga (AUT), 17. Runde (LAOLA<mark style=\"background-color:rgba(0, 0, 0, 0)\" class=\"has-inline-color has-vivid-red-color\">1<\/mark>)<\/strong><\/p>\n\n\n\n<p><span style=\"text-decoration: underline;\">Freitag, 12. Dezember 2025<\/span><\/p>\n\n\n\n<p><strong><em>FC Hertha Wels &#8211; SC Austria Lustenau (18.00 Uhr)<\/em><\/strong><br><img loading=\"lazy\" decoding=\"async\" width=\"10\" height=\"21\" class=\"wp-image-3656\" style=\"width: 10px;\" src=\"http:\/\/kommentatorenblog.de\/wp-content\/uploads\/2020\/09\/shure-55sh-ii-e1601485394796.jpg\" alt=\"\" srcset=\"http:\/\/kommentatorenblog.de\/wp-content\/uploads\/2020\/09\/shure-55sh-ii-e1601485394796.jpg 415w, http:\/\/kommentatorenblog.de\/wp-content\/uploads\/2020\/09\/shure-55sh-ii-e1601485394796-142x300.jpg 142w\" sizes=\"auto, (max-width: 10px) 100vw, 10px\" \/> Fabian Benterbusch<\/p>\n\n\n\n<p><strong><em>Schwarz-Wei\u00df Bregenz &#8211; SKN St. P\u00f6lten (18.00 Uhr)<\/em><\/strong><br><img loading=\"lazy\" decoding=\"async\" width=\"10\" height=\"21\" class=\"wp-image-3656\" style=\"width: 10px;\" src=\"http:\/\/kommentatorenblog.de\/wp-content\/uploads\/2020\/09\/shure-55sh-ii-e1601485394796.jpg\" alt=\"\" srcset=\"http:\/\/kommentatorenblog.de\/wp-content\/uploads\/2020\/09\/shure-55sh-ii-e1601485394796.jpg 415w, http:\/\/kommentatorenblog.de\/wp-content\/uploads\/2020\/09\/shure-55sh-ii-e1601485394796-142x300.jpg 142w\" sizes=\"auto, (max-width: 10px) 100vw, 10px\" \/> Kevin Piticev<\/p>\n\n\n\n<p><span style=\"text-decoration: underline;\">Samstag, 13. Dezember 2025<\/span><\/p>\n\n\n\n<p><strong><em>SV Austria Salzburg &#8211; First Vienna FC (14.30 Uhr)<\/em><\/strong><br><img loading=\"lazy\" decoding=\"async\" width=\"10\" height=\"21\" class=\"wp-image-3656\" style=\"width: 10px;\" src=\"http:\/\/kommentatorenblog.de\/wp-content\/uploads\/2020\/09\/shure-55sh-ii-e1601485394796.jpg\" alt=\"\" srcset=\"http:\/\/kommentatorenblog.de\/wp-content\/uploads\/2020\/09\/shure-55sh-ii-e1601485394796.jpg 415w, http:\/\/kommentatorenblog.de\/wp-content\/uploads\/2020\/09\/shure-55sh-ii-e1601485394796-142x300.jpg 142w\" sizes=\"auto, (max-width: 10px) 100vw, 10px\" \/> Fabian Benterbusch<\/p>\n\n\n\n<hr class=\"wp-block-separator has-alpha-channel-opacity\"\/>\n\n\n\n<hr class=\"wp-block-separator has-alpha-channel-opacity\"\/>\n\n\n\n<p><strong>Liga Profesional (ARG), Finale (<mark style=\"background-color:rgba(0, 0, 0, 0)\" class=\"has-inline-color has-pale-cyan-blue-color\">Sportdigital FUSSBALL<\/mark>)<\/strong><\/p>\n\n\n\n<p><span style=\"text-decoration: underline;\">Sonntag, 14. Dezember 2025<\/span><\/p>\n\n\n\n<p><strong><em>Racing Club &#8211; Estudiantes (01.00 Uhr)<\/em><\/strong><br><img loading=\"lazy\" decoding=\"async\" width=\"10\" height=\"21\" class=\"wp-image-3656\" style=\"width: 10px;\" src=\"http:\/\/kommentatorenblog.de\/wp-content\/uploads\/2020\/09\/shure-55sh-ii-e1601485394796.jpg\" alt=\"\" srcset=\"http:\/\/kommentatorenblog.de\/wp-content\/uploads\/2020\/09\/shure-55sh-ii-e1601485394796.jpg 415w, http:\/\/kommentatorenblog.de\/wp-content\/uploads\/2020\/09\/shure-55sh-ii-e1601485394796-142x300.jpg 142w\" sizes=\"auto, (max-width: 10px) 100vw, 10px\" \/> Jakob Vogel<\/p>\n\n\n\n<hr class=\"wp-block-separator has-alpha-channel-opacity\"\/>\n\n\n\n<hr class=\"wp-block-separator has-alpha-channel-opacity\"\/>\n\n\n\n<p><strong>A-League (AUS), 8. Spieltag (<mark style=\"background-color:rgba(0, 0, 0, 0)\" class=\"has-inline-color has-pale-cyan-blue-color\">Sportdigital FUSSBALL<\/mark>)<\/strong><\/p>\n\n\n\n<p><span style=\"text-decoration: underline;\">Samstag, 13. Dezember 2025<\/span><\/p>\n\n\n\n<p><strong><em>Melbourne Victory &#8211; Adelaide United (09.35 Uhr)<\/em><\/strong><br><img loading=\"lazy\" decoding=\"async\" width=\"10\" height=\"21\" class=\"wp-image-3656\" style=\"width: 10px;\" src=\"http:\/\/kommentatorenblog.de\/wp-content\/uploads\/2020\/09\/shure-55sh-ii-e1601485394796.jpg\" alt=\"\" srcset=\"http:\/\/kommentatorenblog.de\/wp-content\/uploads\/2020\/09\/shure-55sh-ii-e1601485394796.jpg 415w, http:\/\/kommentatorenblog.de\/wp-content\/uploads\/2020\/09\/shure-55sh-ii-e1601485394796-142x300.jpg 142w\" sizes=\"auto, (max-width: 10px) 100vw, 10px\" \/> J\u00f6rg Steiger<\/p>\n\n\n\n<p><strong><em>Perth Glory &#8211; Sydney FC (11.45 Uhr)<\/em><\/strong><br><img loading=\"lazy\" decoding=\"async\" width=\"10\" height=\"21\" class=\"wp-image-3656\" style=\"width: 10px;\" src=\"http:\/\/kommentatorenblog.de\/wp-content\/uploads\/2020\/09\/shure-55sh-ii-e1601485394796.jpg\" alt=\"\" srcset=\"http:\/\/kommentatorenblog.de\/wp-content\/uploads\/2020\/09\/shure-55sh-ii-e1601485394796.jpg 415w, http:\/\/kommentatorenblog.de\/wp-content\/uploads\/2020\/09\/shure-55sh-ii-e1601485394796-142x300.jpg 142w\" sizes=\"auto, (max-width: 10px) 100vw, 10px\" \/> Ulf Kahmke<\/p>\n\n\n\n<hr class=\"wp-block-separator has-alpha-channel-opacity\"\/>\n\n\n\n<hr class=\"wp-block-separator has-alpha-channel-opacity\"\/>\n\n\n\n<p><strong>Die Analyse<\/strong><\/p>\n\n\n\n<p>Nach dem Flutlicht-Freitag an der Alten F\u00f6rsterei mit den K\u00fcppers \u00fcberrascht Sky am Samstag bei der Expertenwahl beim Fokusspiel: Roman Weidenfeller, sonst Teil von Riccardo Basiles &#8222;Triple&#8220;-Runde, unterst\u00fctzt Roland Evers bei Frankfurt &#8211; Augsburg. Nach Tabea Kemme ist er der zweite Co-Kommentator, der nicht als Teil des Expertenpools f\u00fcr die Bundesliga am Samstagnachmittag angek\u00fcndigt war. Christian Stra\u00dfburger ist mal wieder bei seinem alten Arbeitgeber in M\u00f6nchengladbach zu Gast, ansonsten sind Kai Dittmann in Hoffenheim und Hansi K\u00fcpper auf St. Pauli im Einsatz. In der DAZN-Konferenz sind erneut die beiden &#8222;Aush\u00e4ngeschilder&#8220; (gemessen an der Pr\u00e4sentation des Konferenz-Personals) Jan Platte und Marco Hagemann im Einsatz, au\u00dferdem Max Siebald und Michael Born. Bei den Interviews setzt DAZN mit Christina Rann (St. Pauli), Ann-Sophie Kimmel (Hoffenheim) und Sylvia Walker (Gladbach) gr\u00f6\u00dftenteils auf Frauen-Power, dazu kommt noch Jochen Stutzky in Frankfurt, auch f\u00fcr ihn ist es ein Gastauftritt beim fr\u00fcheren Arbeitgeber. Die Moderation kommt diesmal vom Millerntor, wo es zum Kellerduell gegen Heidenheim kommt.<\/p>\n\n\n\n<p>Nicht zuletzt da eine Europawoche voranging, sind es wieder nur vier Spiele am Samstagnachmittag, was bedeutet, dass DAZN drei Spiele am Sonntag \u00fcbertr\u00e4gt. Tats\u00e4chlich werden diese allesamt aus dem Stadion \u00fcbertragen, bereits zum zweiten Mal bei drei Spielen in dieser Saison, wenn ich es mir richtig gemerkt habe. Tobi Wahnschaffe, Nils Petersen und Tom Kirsten melden sich aus Freiburg, wo der BVB gastiert, beim ersten Sonntags-Heimspiel in M\u00fcnchen sind Mario Rieker, Michael Ballack, Marco Hagemann und Sylvia Walker (erster Einsatz am Sonntag) vor Ort sowie Christina Rann, Turid Knaak und Jan Platte in Bremen beim Traditionsduell gegen Stuttgart.<\/p>\n\n\n\n<p>In der Frauen-Bundesliga gibt es keine Auff\u00e4lligkeiten zu beobachten &#8211; au\u00dfer der, dass Christina Rann wettbewerbs\u00fcbergreifend im Dauereinsatz ist wie sonst nur Marco Hagemann. Da wir vor einer Woche auf die Analyse verzichtet hatten, soll die neue Magenta-Kommentatorin Nina Potzel an dieser Stelle allerdings erw\u00e4hnt werden. Sie hat trotz noch recht jungen Alters bereits einige Erfahrung als Moderatorin, etwa beim ehemaligen Sportradio Deutschland, w\u00e4hrend der EM 2024 in einer FanZone in Berlin sowie nicht zuletzt als Stadionsprecherin der Frauenmannschaft von Viktoria Berlin. Au\u00dferdem hostet sie bereits seit einiger Zeit einen Podcast \u00fcber Frauenfu\u00dfball gemeinsam mit Miriam Sinno.<\/p>\n\n\n\n<p>Nach seinem krankheitsbedingten Ausfall beim letzten Flutlicht-Freitag, wo wir nun auch wissen, dass die Experten im Zweifelsfall auch den Kommentar unterst\u00fctzen k\u00f6nnen, wenn es Bedarf gibt, wird Schmiso an diesem Wochenende wieder bei Sky zur\u00fcckerwartet. Er soll am Samstag Bielefeld &#8211; Kaiserslautern in der Zweitliga-Konferenz sowie am Sonntag Sunderland &#8211; Newcastle aus der Premier League kommentieren. Auch Frank Buschmann und Markus G\u00f6tz sind am Samstag in der Zweitliga-Konferenz zu h\u00f6ren. Statt einem der etatm\u00e4\u00dfigen Experten begr\u00fc\u00dft Stefan Hempel auf der Bielefelder Alm mit Daniel Halfar einen ehemaligen Profi sowohl der Arminia als auch des FCK. Am Sonntag erh\u00e4lt Klaus Veltman in Elversberg wieder einmal einen Einsatz als Field-Reporter.<\/p>\n\n\n\n<p>In der 3. Liga \u00fcbernimmt Benni Zander zum ersten Mal in dieser Saison die Konferenz am Samstag. Am Tag zuvor kommentiert er im Studio in M\u00fcnchen bereits ein Spiel der EuroLeague (Basketball) f\u00fcr Magenta Sport. Lukas Sch\u00f6nm\u00fcller zieht auch an diesem Samstag die 3. Liga der Bundesliga vor und moderiert das bayerische Duell zwischen Ingolstadt und 1860 M\u00fcnchen im BR Fernsehen. Seit Oktober nicht mehr zum Moderationsteam geh\u00f6rt hier Dominik Vischer, der die Sportredaktion des BR verlassen hat und auch keine Interviews mehr in der Bundesliga f\u00fchrt. \u00dcberraschend kam sein Abgang allerdings nicht mehr, nachdem er bereits ein Jahr zuvor seinen Lebensmittelpunkt ins Ausland verlegt hatte.<\/p>\n\n\n\n<p>Eine Neuerung, die bereits vor einer Woche umgesetzt wurde, ist, dass DF1 nun jeden Spieltag ein Spiel der Women&#8217;s Super League im Free-TV \u00fcbertr\u00e4gt. Ansto\u00dfzeiten k\u00f6nnen hierbei variieren und auch von anderen Events abh\u00e4ngen, so war vor einer Woche ein Samstagsspiel ausgew\u00e4hlt worden, diesmal wird ein Spiel am Sonntag gezeigt. Die \u00dcbertragung wird im Rahmen einer Sublizenz von Sportdigital \u00fcbernommen, inklusive des Kommentars.<\/p>\n\n\n\n<p>Zur Premier League: an diesem Wochenende wird es mal keine Goal-Rush-Konferenz geben, daf\u00fcr sind zahlreiche Einzelspiele zu sehen. Als MotW wurde zwar ein au\u00dfergew\u00f6hnlich fr\u00fch gelegenes, aber umso brisanteres Match festgelegt: das erste Tyne-Wear-Derby zwischen Sunderland und Newcastle seit 10 Jahren.<\/p>\n\n\n\n<p>Nachdem am vergangenen Wochenende bereits in den USA die Saison zu Ende ging, gibt es in der Nacht zum Sonntag nun das Finale der Liga Profesional in Argentinien. Racing Club und Estudiantes k\u00e4mpfen um den Titel, kommentiert von Jakob Vogel f\u00fcr Sportdigital. Ein Finale gibt es am Sonntag auch im schottischen League Cup, dort tritt der haushohe Favorit Celtic Glasgow gegen den FC St. Mirren an. Karsten Linke kommentiert f\u00fcr Sportdigital.<\/p>\n\n\n\n<hr class=\"wp-block-separator has-alpha-channel-opacity\"\/>\n\n\n\n<p><strong>Handball-WM der Frauen<\/strong><\/p>\n\n\n\n<p>Auch wenn das Turnier bereits vor einigen Wochen losging, m\u00f6chte ich mich an dieser Stelle auch noch einmal zur Handball-WM der Frauen \u00e4u\u00dfern. Es wurde bereits viel \u00fcber die Problematik geschrieben, dass der allergr\u00f6\u00dfte Teil des teils in Deutschland ausgetragenen Turniers ausschlie\u00dflich hinter einer Paywall \u00fcbertragen wurde. Zwar stand es bei der Rechtevergabe der Weltmeisterschaften im Jahr 2019 noch nicht fest, dass Deutschland 2025 Co-Ausrichter werden w\u00fcrde, dennoch hatten ARD und ZDF erst im Januar diesen Jahres Gespr\u00e4che mit Sporteurope.TV (ehemals Sportdeutschland.TV) \u00fcber eine m\u00f6gliche Sublizenz aufgenommen &#8211; relativ sp\u00e4t, die Planungen des Pay-Anbieters waren laut eigenen Angaben zu diesem Zeitpunkt schon weit fortgeschritten. Laut Dyn-Chef Christian Seifert gegen\u00fcber der BILD seien die von Sporteurope ge\u00e4u\u00dferten Preisvorstellungen allerdings auch &#8222;unrealistisch&#8220; gewesen, daf\u00fcr, dass auch Dyn eine Sublizenz h\u00e4tte erwerben k\u00f6nnen. Bei einer Europameisterschaft h\u00e4tte sich die Frage vermutlich nicht ganz so sehr gestellt, denn diese waren in den vergangenen Jahren immer kostenfrei auf der Plattform zu sehen, m\u00f6glicherweise durch die EHF vorausgesetzt. So war es definitiv schade, dass selbst die Spiele der DHB-Frauen nur gegen Bezahlung zu sehen waren, anders als etwa die Spiele der deutschen Basketball- und Hockey-Nationalmannschaften bei Magenta Sport bei den Turnieren im Sommer. Relive waren die deutschen Partien zumindest bei Eurosport zu sehen, allerdings verlief auch das aufgrund technischer Probleme nicht reibungslos. Jedenfalls wird sich diese Situation auf absehbare Zeit k\u00fcnftig nicht mehr wiederholen, denn die Rechte an den n\u00e4chsten Turnieren sowohl der M\u00e4nner als auch der Frauen liegen bei ARD\/ZDF (EMs) bzw. ProSiebenSat.1 (WMs), wo man mit kostenfreien \u00dcbertragungen rechnen kann.<\/p>\n\n\n\n<p>Zum Personal: Sporteurope.TV setzte neben dem bew\u00e4hrten Duo Tobi Schimon &amp; Ina Gro\u00dfmann auch Maik Thiele sowie Katharina Schielke, bekannt von Dyn, als Kommentator:innen ein. Eine weitere Co-Kommentatorin ist mit Lucie Marie Kretzschmar eine noch aktive Bundesliga-Spielerin, deren Vater Stefan sowohl einer der bekanntesten Ex-Profis als auch einer der bekanntesten TV-Experten im Handball ist. Der Kommentar kommt \u00fcberwiegend aus dem Sporteurope-Studio in Krefeld, das Personal vor Ort besteht aus Moderatorin Lina Lindner, bekannt als Social-Media-Reporterin der BBL, sowie den ehemaligen Nationalspielerinnen Kim Irion und Dinah Eckerle f\u00fcr die Analyse. Die Wiederholungen der deutschen Spiele bei Eurosport wurden von Uwe Semrau kommentiert.<\/p>\n\n\n\n<p>ARD und ZDF haben von den deutschen Spielen in der Gruppenphase ausschlie\u00dflich Zusammenfassungen gezeigt, zum Einsatz kamen hier Jeremias Diel f\u00fcr die ARD sowie Benno Krieger, Felix Tusche und Neuzugang Lukas Brachat f\u00fcr das ZDF. Das Viertelfinale gegen Brasilien im ZDF kommentierte am Dienstag mit Gari Paubandt die Nummer 2 hinter Martin Schneider, als Moderator war wie gewohnt Florian Zschiedrich im Einsatz. F\u00fcr die ARD werden beim Halbfinale gegen Frankreich am morgigen Freitag in Rotterdam Markus Herwig und Anna Bitter kommentieren &#8211; wie auch bereits bei der Olympia-Qualifikation im vergangenen Jahr. Moderieren wird Stephanie M\u00fcller-Spirra, somit ist einschlie\u00dflich Radio-Reporter Thorsten vom Wege nur Personal des MDR im Einsatz, der beim Frauen-Handball federf\u00fchrend ist. Beim Finale oder Spiel um Platz 3 am Sonntag k\u00f6nnte anstelle von Markus Herwig m\u00f6glicherweise auch ein anderer Reporter wie Handball-Stimme Florian Na\u00df eingesetzt werden, allerdings ist es nicht unwahrscheinlich, dass dieser Anlass auch Vorrang vor dem f\u00fcr Herwig bei Dyn vorgesehenen HBL-Spiel der F\u00fcchse Berlin gegen die HSG Wetzlar haben k\u00f6nnte.<\/p>\n\n\n\n<p>Daneben gibt es im Ersten auch wieder viel Wintersport zu sehen. Viel Auswahl also &#8211; genie\u00dft das Wochenende und stimmt flei\u00dfig ab!<\/p>\n","protected":false},"excerpt":{"rendered":"<p>N&#8217;Abend allerseits, am heutigen Donnerstag beginnt die Nominierungsphase f\u00fcr unsere diesj\u00e4hrigen Kommentatorenblog Community Awards. Klickt einfach auf den Button und gebt an, welche Kommentator\/innen, Expert\/innen oder Moderator\/innen in den verschiedenen Sportarten eurer Meinung nach die Auszeichnung verdient haben: Da es sich einige Leser gew\u00fcnscht hatten, haben wir uns nun entschieden, auch Darts als weitere Kategorie [&hellip;]<\/p>\n","protected":false},"author":17,"featured_media":0,"comment_status":"open","ping_status":"open","sticky":false,"template":"","format":"standard","meta":{"footnotes":""},"categories":[424],"tags":[],"class_list":["post-23663","post","type-post","status-publish","format-standard","hentry","category-bundesliga-und-co"],"_links":{"self":[{"href":"http:\/\/kommentatorenblog.de\/index.php?rest_route=\/wp\/v2\/posts\/23663","targetHints":{"allow":["GET"]}}],"collection":[{"href":"http:\/\/kommentatorenblog.de\/index.php?rest_route=\/wp\/v2\/posts"}],"about":[{"href":"http:\/\/kommentatorenblog.de\/index.php?rest_route=\/wp\/v2\/types\/post"}],"author":[{"embeddable":true,"href":"http:\/\/kommentatorenblog.de\/index.php?rest_route=\/wp\/v2\/users\/17"}],"replies":[{"embeddable":true,"href":"http:\/\/kommentatorenblog.de\/index.php?rest_route=%2Fwp%2Fv2%2Fcomments&post=23663"}],"version-history":[{"count":35,"href":"http:\/\/kommentatorenblog.de\/index.php?rest_route=\/wp\/v2\/posts\/23663\/revisions"}],"predecessor-version":[{"id":23908,"href":"http:\/\/kommentatorenblog.de\/index.php?rest_route=\/wp\/v2\/posts\/23663\/revisions\/23908"}],"wp:attachment":[{"href":"http:\/\/kommentatorenblog.de\/index.php?rest_route=%2Fwp%2Fv2%2Fmedia&parent=23663"}],"wp:term":[{"taxonomy":"category","embeddable":true,"href":"http:\/\/kommentatorenblog.de\/index.php?rest_route=%2Fwp%2Fv2%2Fcategories&post=23663"},{"taxonomy":"post_tag","embeddable":true,"href":"http:\/\/kommentatorenblog.de\/index.php?rest_route=%2Fwp%2Fv2%2Ftags&post=23663"}],"curies":[{"name":"wp","href":"https:\/\/api.w.org\/{rel}","templated":true}]}}