{"id":23725,"date":"2025-12-15T23:23:45","date_gmt":"2025-12-15T22:23:45","guid":{"rendered":"https:\/\/kommentatorenblog.de\/?p=23725"},"modified":"2025-12-18T23:38:06","modified_gmt":"2025-12-18T22:38:06","slug":"1557-darts-fieber-und-fuss-debuet","status":"publish","type":"post","link":"http:\/\/kommentatorenblog.de\/?p=23725","title":{"rendered":"1557 &#8211; Darts Fieber und Fuss-Deb\u00fct"},"content":{"rendered":"\n<p>N&#8217;Abend allerseits,<\/p>\n\n\n\n<p>auch heute m\u00f6chten wir nach dem Start der Nominierungsphase am Donnerstag darauf hinweisen, dass ihr ab sofort eure Vorschl\u00e4ge f\u00fcr unsere diesj\u00e4hrigen Kommentatorenblog Community Awards einreichen k\u00f6nnt. Klickt einfach auf den Button und gebt an, welche Kommentator:innen, Expert:innen oder Moderator:innen in den verschiedenen Sportarten eurer Meinung nach die Auszeichnung verdient haben:<\/p>\n\n\n\n<div class=\"wp-block-buttons is-layout-flex wp-block-buttons-is-layout-flex\">\n<div class=\"wp-block-button\"><a class=\"wp-block-button__link wp-element-button\" href=\"https:\/\/kommentatorenblog.de\/?page_id=19685\">Vorschl\u00e4ge f\u00fcr die Awards einreichen<\/a><\/div>\n<\/div>\n\n\n\n<p>Und da es bei den Awards 2025 erstmals auch um andere Sportarten geht, gibt es heute ausnahmsweise vorweg Ansetzungen au\u00dferhalb des Fu\u00dfballs &#8211; und zwar von der Darts-WM.<\/p>\n\n\n\n<hr class=\"wp-block-separator has-alpha-channel-opacity\"\/>\n\n\n\n<p><strong>Die Ansetzungen vom 16. bis zum 18. Dezember 2025<\/strong><\/p>\n\n\n\n<hr class=\"wp-block-separator has-alpha-channel-opacity\"\/>\n\n\n\n<p><strong>Darts-WM, 1. Runde (DAZN\/Sport<mark style=\"background-color:rgba(0, 0, 0, 0);color:#ffcb3b\" class=\"has-inline-color\">1<\/mark>)<\/strong><\/p>\n\n\n\n<p><span style=\"text-decoration: underline;\">Dienstag, 16. Dezember 2025, ab 13.00 Uhr (Sport<mark style=\"background-color:rgba(0, 0, 0, 0);color:#ffcb3b\" class=\"has-inline-color\">1<\/mark>) bzw. ab 13.30 Uhr (DAZN)<\/span><\/p>\n\n\n\n<p><strong><em>Tag 6 &#8211; Session 1 (u.a. Dobey-Zong) <\/em><\/strong><strong><em>(13.30 Uhr)<\/em><\/strong><\/p>\n\n\n\n<p><img loading=\"lazy\" decoding=\"async\" width=\"10\" height=\"21\" class=\"wp-image-3656\" style=\"width: 10px;\" src=\"http:\/\/kommentatorenblog.de\/wp-content\/uploads\/2020\/09\/shure-55sh-ii-e1601485394796.jpg\" alt=\"\" srcset=\"http:\/\/kommentatorenblog.de\/wp-content\/uploads\/2020\/09\/shure-55sh-ii-e1601485394796.jpg 415w, http:\/\/kommentatorenblog.de\/wp-content\/uploads\/2020\/09\/shure-55sh-ii-e1601485394796-142x300.jpg 142w\" sizes=\"auto, (max-width: 10px) 100vw, 10px\" \/> <em>Sport<mark style=\"background-color:rgba(0, 0, 0, 0);color:#ffcb3b\" class=\"has-inline-color\">1<\/mark><\/em>: Basti Schwele, Experte: Robert Marijanovi\u0107&nbsp;<br>Moderation (<em>Sport<mark style=\"background-color:rgba(0, 0, 0, 0);color:#ffcb3b\" class=\"has-inline-color\">1<\/mark><\/em>): Jana Wosnitza, Experte: Philip Brzezinski<\/p>\n\n\n\n<p><img loading=\"lazy\" decoding=\"async\" width=\"10\" height=\"21\" class=\"wp-image-3656\" style=\"width: 10px;\" src=\"http:\/\/kommentatorenblog.de\/wp-content\/uploads\/2020\/09\/shure-55sh-ii-e1601485394796.jpg\" alt=\"\" srcset=\"http:\/\/kommentatorenblog.de\/wp-content\/uploads\/2020\/09\/shure-55sh-ii-e1601485394796.jpg 415w, http:\/\/kommentatorenblog.de\/wp-content\/uploads\/2020\/09\/shure-55sh-ii-e1601485394796-142x300.jpg 142w\" sizes=\"auto, (max-width: 10px) 100vw, 10px\" \/> <em>DAZN:<\/em> Elmar Paulke, Experte: Florian Hempel<br>Field-Reporter (<em>DAZN<\/em>): Vincent Sommer<\/p>\n\n\n\n<p><span style=\"text-decoration: underline;\">ab 19.15 Uhr (Sport<mark style=\"background-color:rgba(0, 0, 0, 0);color:#ffcb3b\" class=\"has-inline-color\">1<\/mark>) bzw. ab 20.00 Uhr (DAZN)<\/span><\/p>\n\n\n\n<p><strong><em>Tag 6 &#8211; Session 2 (u.a. Price-Gawlas) <\/em><\/strong><strong><em>(20.00 Uhr)<\/em><\/strong><\/p>\n\n\n\n<p><img loading=\"lazy\" decoding=\"async\" width=\"10\" height=\"21\" class=\"wp-image-3656\" style=\"width: 10px;\" src=\"http:\/\/kommentatorenblog.de\/wp-content\/uploads\/2020\/09\/shure-55sh-ii-e1601485394796.jpg\" alt=\"\" srcset=\"http:\/\/kommentatorenblog.de\/wp-content\/uploads\/2020\/09\/shure-55sh-ii-e1601485394796.jpg 415w, http:\/\/kommentatorenblog.de\/wp-content\/uploads\/2020\/09\/shure-55sh-ii-e1601485394796-142x300.jpg 142w\" sizes=\"auto, (max-width: 10px) 100vw, 10px\" \/> <em>Sport<mark style=\"background-color:rgba(0, 0, 0, 0);color:#ffcb3b\" class=\"has-inline-color\">1<\/mark><\/em>: Basti Schwele, Experte: Robert Marijanovi\u0107&nbsp;<br>Moderation (<em>Sport<mark style=\"background-color:rgba(0, 0, 0, 0);color:#ffcb3b\" class=\"has-inline-color\">1<\/mark><\/em>): Jana Wosnitza, Experte: Philip Brzezinski<\/p>\n\n\n\n<p><img loading=\"lazy\" decoding=\"async\" width=\"10\" height=\"21\" class=\"wp-image-3656\" style=\"width: 10px;\" src=\"http:\/\/kommentatorenblog.de\/wp-content\/uploads\/2020\/09\/shure-55sh-ii-e1601485394796.jpg\" alt=\"\" srcset=\"http:\/\/kommentatorenblog.de\/wp-content\/uploads\/2020\/09\/shure-55sh-ii-e1601485394796.jpg 415w, http:\/\/kommentatorenblog.de\/wp-content\/uploads\/2020\/09\/shure-55sh-ii-e1601485394796-142x300.jpg 142w\" sizes=\"auto, (max-width: 10px) 100vw, 10px\" \/> <em>DAZN:<\/em> Elmar Paulke, Experte: Florian Hempel<br>Field-Reporter (<em>DAZN<\/em>): Vincent Sommer<\/p>\n\n\n\n<p><span style=\"text-decoration: underline;\">Mittwoch, 17. Dezember 2025, ab 20.00 Uhr (DAZN\/<span style=\"text-decoration: underline;\">Sport<mark style=\"background-color:rgba(0, 0, 0, 0);color:#ffcb3b\" class=\"has-inline-color\">1<\/mark><\/span>)<\/span><\/p>\n\n\n\n<p><strong><em>Tag 7 &#8211; Session 1 (u.a. van Barneveld-Bellmont) <\/em><\/strong><strong><em>(20.00 Uhr)<\/em><\/strong><\/p>\n\n\n\n<p><img loading=\"lazy\" decoding=\"async\" width=\"10\" height=\"21\" class=\"wp-image-3656\" style=\"width: 10px;\" src=\"http:\/\/kommentatorenblog.de\/wp-content\/uploads\/2020\/09\/shure-55sh-ii-e1601485394796.jpg\" alt=\"\" srcset=\"http:\/\/kommentatorenblog.de\/wp-content\/uploads\/2020\/09\/shure-55sh-ii-e1601485394796.jpg 415w, http:\/\/kommentatorenblog.de\/wp-content\/uploads\/2020\/09\/shure-55sh-ii-e1601485394796-142x300.jpg 142w\" sizes=\"auto, (max-width: 10px) 100vw, 10px\" \/> <em>Sport<mark style=\"background-color:rgba(0, 0, 0, 0);color:#ffcb3b\" class=\"has-inline-color\">1<\/mark><\/em>: Basti Schwele, Experte: Robert Marijanovi\u0107&nbsp;<br>Moderation (<em>Sport<mark style=\"background-color:rgba(0, 0, 0, 0);color:#ffcb3b\" class=\"has-inline-color\">1<\/mark><\/em>): Jana Wosnitza, Experte: Philip Brzezinski<\/p>\n\n\n\n<p><img loading=\"lazy\" decoding=\"async\" width=\"10\" height=\"21\" class=\"wp-image-3656\" style=\"width: 10px;\" src=\"http:\/\/kommentatorenblog.de\/wp-content\/uploads\/2020\/09\/shure-55sh-ii-e1601485394796.jpg\" alt=\"\" srcset=\"http:\/\/kommentatorenblog.de\/wp-content\/uploads\/2020\/09\/shure-55sh-ii-e1601485394796.jpg 415w, http:\/\/kommentatorenblog.de\/wp-content\/uploads\/2020\/09\/shure-55sh-ii-e1601485394796-142x300.jpg 142w\" sizes=\"auto, (max-width: 10px) 100vw, 10px\" \/> <em>DAZN:<\/em> Elmar Paulke, Experte: Florian Hempel<br>Field-Reporter (<em>DAZN<\/em>): Vincent Sommer<\/p>\n\n\n\n<p><span style=\"text-decoration: underline;\">Donnerstag, 18. Dezember 2025, ab 13.00 Uhr (Sport<mark style=\"background-color:rgba(0, 0, 0, 0);color:#ffcb3b\" class=\"has-inline-color\">1<\/mark>) bzw. ab 13.30 Uhr (DAZN)<\/span><\/p>\n\n\n\n<p><strong><em>Tag 8 &#8211; Session 1 (u.a. Rydz-Kovacs) <\/em><\/strong><strong><em>(13.30 Uhr)<\/em><\/strong><\/p>\n\n\n\n<p><img loading=\"lazy\" decoding=\"async\" width=\"10\" height=\"21\" class=\"wp-image-3656\" style=\"width: 10px;\" src=\"http:\/\/kommentatorenblog.de\/wp-content\/uploads\/2020\/09\/shure-55sh-ii-e1601485394796.jpg\" alt=\"\" srcset=\"http:\/\/kommentatorenblog.de\/wp-content\/uploads\/2020\/09\/shure-55sh-ii-e1601485394796.jpg 415w, http:\/\/kommentatorenblog.de\/wp-content\/uploads\/2020\/09\/shure-55sh-ii-e1601485394796-142x300.jpg 142w\" sizes=\"auto, (max-width: 10px) 100vw, 10px\" \/> <em>Sport<mark style=\"background-color:rgba(0, 0, 0, 0);color:#ffcb3b\" class=\"has-inline-color\">1<\/mark><\/em>: Basti Schwele, Experte: Robert Marijanovi\u0107&nbsp;<br>Moderation (<em>Sport<mark style=\"background-color:rgba(0, 0, 0, 0);color:#ffcb3b\" class=\"has-inline-color\">1<\/mark><\/em>): Jana Wosnitza, Experte: Philip Brzezinski<\/p>\n\n\n\n<p><img loading=\"lazy\" decoding=\"async\" width=\"10\" height=\"21\" class=\"wp-image-3656\" style=\"width: 10px;\" src=\"http:\/\/kommentatorenblog.de\/wp-content\/uploads\/2020\/09\/shure-55sh-ii-e1601485394796.jpg\" alt=\"\" srcset=\"http:\/\/kommentatorenblog.de\/wp-content\/uploads\/2020\/09\/shure-55sh-ii-e1601485394796.jpg 415w, http:\/\/kommentatorenblog.de\/wp-content\/uploads\/2020\/09\/shure-55sh-ii-e1601485394796-142x300.jpg 142w\" sizes=\"auto, (max-width: 10px) 100vw, 10px\" \/> <em>DAZN:<\/em> <s>Adrian Geiler<\/s> Martin Kern, Experte: Florian Hempel<br>Field-Reporter (<em>DAZN<\/em>): Vincent Sommer<\/p>\n\n\n\n<p><span style=\"text-decoration: underline;\">ab 19.15 Uhr (Sport<mark style=\"background-color:rgba(0, 0, 0, 0);color:#ffcb3b\" class=\"has-inline-color\">1<\/mark>) bzw. ab 20.00 Uhr (DAZN)<\/span><\/p>\n\n\n\n<p><strong><em>Tag 8 &#8211; Session 2 (u.a. van Gerwen-Tatsunami) <\/em><\/strong><strong><em>(20.00 Uhr)<\/em><\/strong><\/p>\n\n\n\n<p><img loading=\"lazy\" decoding=\"async\" width=\"10\" height=\"21\" class=\"wp-image-3656\" style=\"width: 10px;\" src=\"http:\/\/kommentatorenblog.de\/wp-content\/uploads\/2020\/09\/shure-55sh-ii-e1601485394796.jpg\" alt=\"\" srcset=\"http:\/\/kommentatorenblog.de\/wp-content\/uploads\/2020\/09\/shure-55sh-ii-e1601485394796.jpg 415w, http:\/\/kommentatorenblog.de\/wp-content\/uploads\/2020\/09\/shure-55sh-ii-e1601485394796-142x300.jpg 142w\" sizes=\"auto, (max-width: 10px) 100vw, 10px\" \/> <em>Sport<mark style=\"background-color:rgba(0, 0, 0, 0);color:#ffcb3b\" class=\"has-inline-color\">1<\/mark><\/em>: Basti Schwele, Experte: Robert Marijanovi\u0107&nbsp;<br>Moderation (<em>Sport<mark style=\"background-color:rgba(0, 0, 0, 0);color:#ffcb3b\" class=\"has-inline-color\">1<\/mark><\/em>): Jana Wosnitza, Experte: Philip Brzezinski<\/p>\n\n\n\n<p><img loading=\"lazy\" decoding=\"async\" width=\"10\" height=\"21\" class=\"wp-image-3656\" style=\"width: 10px;\" src=\"http:\/\/kommentatorenblog.de\/wp-content\/uploads\/2020\/09\/shure-55sh-ii-e1601485394796.jpg\" alt=\"\" srcset=\"http:\/\/kommentatorenblog.de\/wp-content\/uploads\/2020\/09\/shure-55sh-ii-e1601485394796.jpg 415w, http:\/\/kommentatorenblog.de\/wp-content\/uploads\/2020\/09\/shure-55sh-ii-e1601485394796-142x300.jpg 142w\" sizes=\"auto, (max-width: 10px) 100vw, 10px\" \/> <em>DAZN:<\/em> <s>Adrian Geiler<\/s> Fabian Dippold, Experte: Florian Hempel<br>Field-Reporter (<em>DAZN<\/em>): Vincent Sommer<\/p>\n\n\n\n<hr class=\"wp-block-separator has-alpha-channel-opacity\"\/>\n\n\n\n<p><strong>UEFA Champions League, Ligaphase, 6. Spieltag (<mark style=\"background-color:rgba(0, 0, 0, 0)\" class=\"has-inline-color has-vivid-purple-color\">Disney+<\/mark>)<\/strong><\/p>\n\n\n\n<p><span style=\"text-decoration: underline;\">Mittwoch, 17. Dezember 2025, ab 21.00 Uhr<\/span><\/p>\n\n\n\n<p><strong><em>VfL Wolfsburg &#8211; FC Chelsea (21.00 Uhr)<\/em><\/strong><br><img loading=\"lazy\" decoding=\"async\" width=\"10\" height=\"21\" class=\"wp-image-3656\" style=\"width: 10px;\" src=\"http:\/\/kommentatorenblog.de\/wp-content\/uploads\/2020\/09\/shure-55sh-ii-e1601485394796.jpg\" alt=\"\" srcset=\"http:\/\/kommentatorenblog.de\/wp-content\/uploads\/2020\/09\/shure-55sh-ii-e1601485394796.jpg 415w, http:\/\/kommentatorenblog.de\/wp-content\/uploads\/2020\/09\/shure-55sh-ii-e1601485394796-142x300.jpg 142w\" sizes=\"auto, (max-width: 10px) 100vw, 10px\" \/> Nico Seepe<\/p>\n\n\n\n<p><strong><em>FC Bayern M\u00fcnchen &#8211; V\u00e5lerenga Oslo  (21.00 Uhr)<\/em><\/strong><br><img loading=\"lazy\" decoding=\"async\" width=\"10\" height=\"21\" class=\"wp-image-3656\" style=\"width: 10px;\" src=\"http:\/\/kommentatorenblog.de\/wp-content\/uploads\/2020\/09\/shure-55sh-ii-e1601485394796.jpg\" alt=\"\" srcset=\"http:\/\/kommentatorenblog.de\/wp-content\/uploads\/2020\/09\/shure-55sh-ii-e1601485394796.jpg 415w, http:\/\/kommentatorenblog.de\/wp-content\/uploads\/2020\/09\/shure-55sh-ii-e1601485394796-142x300.jpg 142w\" sizes=\"auto, (max-width: 10px) 100vw, 10px\" \/> Matthias Naebers<\/p>\n\n\n\n<p><strong><em>AS Rom &#8211; SKN St. P\u00f6lten (21.00 Uhr)<\/em><\/strong><br><img loading=\"lazy\" decoding=\"async\" width=\"10\" height=\"21\" class=\"wp-image-3656\" style=\"width: 10px;\" src=\"http:\/\/kommentatorenblog.de\/wp-content\/uploads\/2020\/09\/shure-55sh-ii-e1601485394796.jpg\" alt=\"\" srcset=\"http:\/\/kommentatorenblog.de\/wp-content\/uploads\/2020\/09\/shure-55sh-ii-e1601485394796.jpg 415w, http:\/\/kommentatorenblog.de\/wp-content\/uploads\/2020\/09\/shure-55sh-ii-e1601485394796-142x300.jpg 142w\" sizes=\"auto, (max-width: 10px) 100vw, 10px\" \/> Michael Pinter<\/p>\n\n\n\n<hr class=\"wp-block-separator has-alpha-channel-opacity\"\/>\n\n\n\n<p><strong>UEFA Conference League, Ligaphase, 5. Spieltag (<mark style=\"background-color:rgba(0, 0, 0, 0)\" class=\"has-inline-color has-vivid-purple-color\">RTL<\/mark>\/<mark style=\"background-color:rgba(0, 0, 0, 0)\" class=\"has-inline-color has-vivid-purple-color\">RTL+<\/mark>\/Sky)<\/strong><\/p>\n\n\n\n<p><span style=\"text-decoration: underline;\">Donnerstag, 18. Dezember 2025, ab 20.35<\/span><span style=\"\"><u> Uhr (<\/u><mark style=\"text-decoration-line: underline; background-color: rgba(0, 0, 0, 0);\" class=\"has-inline-color has-vivid-purple-color\">RTL<\/mark><u>) bzw. ab 20.30 Uhr (<\/u><mark style=\"text-decoration-line: underline; background-color: rgba(0, 0, 0, 0);\" class=\"has-inline-color has-vivid-purple-color\">RTL+<\/mark><u>)<\/u><\/span><\/p>\n\n\n\n<p><strong><em>1. FSV Mainz 05 &#8211; Samsunspor (21.00 Uhr)<\/em><\/strong><\/p>\n\n\n\n<p><img loading=\"lazy\" decoding=\"async\" width=\"10\" height=\"21\" class=\"wp-image-3656\" style=\"width: 10px;\" src=\"http:\/\/kommentatorenblog.de\/wp-content\/uploads\/2020\/09\/shure-55sh-ii-e1601485394796.jpg\" alt=\"\" srcset=\"http:\/\/kommentatorenblog.de\/wp-content\/uploads\/2020\/09\/shure-55sh-ii-e1601485394796.jpg 415w, http:\/\/kommentatorenblog.de\/wp-content\/uploads\/2020\/09\/shure-55sh-ii-e1601485394796-142x300.jpg 142w\" sizes=\"auto, (max-width: 10px) 100vw, 10px\" \/> <em><mark style=\"background-color:rgba(0, 0, 0, 0)\" class=\"has-inline-color has-vivid-purple-color\">RTL<\/mark><\/em>: Wolff Fuss, Experte: Lothar Matth\u00e4us<br>Moderation (<em><mark style=\"background-color:rgba(0, 0, 0, 0)\" class=\"has-inline-color has-vivid-purple-color\">RTL<\/mark><\/em>): Laura Papendick<\/p>\n\n\n\n<p><img loading=\"lazy\" decoding=\"async\" width=\"10\" height=\"21\" class=\"wp-image-3656\" style=\"width: 10px;\" src=\"http:\/\/kommentatorenblog.de\/wp-content\/uploads\/2020\/09\/shure-55sh-ii-e1601485394796.jpg\" alt=\"\" srcset=\"http:\/\/kommentatorenblog.de\/wp-content\/uploads\/2020\/09\/shure-55sh-ii-e1601485394796.jpg 415w, http:\/\/kommentatorenblog.de\/wp-content\/uploads\/2020\/09\/shure-55sh-ii-e1601485394796-142x300.jpg 142w\" sizes=\"auto, (max-width: 10px) 100vw, 10px\" \/> <em><mark style=\"background-color:rgba(0, 0, 0, 0)\" class=\"has-inline-color has-vivid-purple-color\">RTL+<\/mark><\/em>: Cornelius K\u00fcpper (Einzelspiel), Robby Hunke (Konferenz)<\/p>\n\n\n\n<p>Field-Reporter:innen: Jessica Matyschok &amp; Dr. Felix G\u00f6rner<\/p>\n\n\n\n<p><span style=\"text-decoration: underline;\">ab 20.30 Uhr (<mark style=\"background-color:rgba(0, 0, 0, 0)\" class=\"has-inline-color has-vivid-purple-color\">RTL+<\/mark>)<\/span><\/p>\n\n\n\n<p><strong><em>AZ&nbsp; Alkmaar \u2013 Jagiellonia Bialistok<\/em><\/strong>&nbsp;<strong><em>(21.00 Uhr)<br><\/em><\/strong><img loading=\"lazy\" decoding=\"async\" width=\"10\" height=\"21\" class=\"wp-image-3656\" style=\"width: 10px;\" src=\"http:\/\/kommentatorenblog.de\/wp-content\/uploads\/2020\/09\/shure-55sh-ii-e1601485394796.jpg\" alt=\"\" srcset=\"http:\/\/kommentatorenblog.de\/wp-content\/uploads\/2020\/09\/shure-55sh-ii-e1601485394796.jpg 415w, http:\/\/kommentatorenblog.de\/wp-content\/uploads\/2020\/09\/shure-55sh-ii-e1601485394796-142x300.jpg 142w\" sizes=\"auto, (max-width: 10px) 100vw, 10px\" \/> Julian Engelhard (Einzelspiel), J\u00fcrgen Schmitz (Konferenz)<\/p>\n\n\n\n<p><strong><em>Crystal Palace \u2013 KuPS Kuopio<\/em><\/strong>&nbsp;<strong><em>(21.00 Uhr)<br><\/em><\/strong><img loading=\"lazy\" decoding=\"async\" width=\"10\" height=\"21\" class=\"wp-image-3656\" style=\"width: 10px;\" src=\"http:\/\/kommentatorenblog.de\/wp-content\/uploads\/2020\/09\/shure-55sh-ii-e1601485394796.jpg\" alt=\"\" srcset=\"http:\/\/kommentatorenblog.de\/wp-content\/uploads\/2020\/09\/shure-55sh-ii-e1601485394796.jpg 415w, http:\/\/kommentatorenblog.de\/wp-content\/uploads\/2020\/09\/shure-55sh-ii-e1601485394796-142x300.jpg 142w\" sizes=\"auto, (max-width: 10px) 100vw, 10px\" \/> Jan Wochner (Einzelspiel), Christina Rann (Konferenz)<\/p>\n\n\n\n<p><strong><em>Schachtar Donezk \u2013 HNK Rijeka<\/em><\/strong>&nbsp;<strong><em>(21.00 Uhr)<br><\/em><\/strong><img loading=\"lazy\" decoding=\"async\" width=\"10\" height=\"21\" class=\"wp-image-3656\" style=\"width: 10px;\" src=\"http:\/\/kommentatorenblog.de\/wp-content\/uploads\/2020\/09\/shure-55sh-ii-e1601485394796.jpg\" alt=\"\" srcset=\"http:\/\/kommentatorenblog.de\/wp-content\/uploads\/2020\/09\/shure-55sh-ii-e1601485394796.jpg 415w, http:\/\/kommentatorenblog.de\/wp-content\/uploads\/2020\/09\/shure-55sh-ii-e1601485394796-142x300.jpg 142w\" sizes=\"auto, (max-width: 10px) 100vw, 10px\" \/> Freddie Schulz (Einzelspiel), Peter Reichert (Konferenz)<\/p>\n\n\n\n<p><strong><em>FC Lausanne Sport \u2013 AC Florenz (21.00 Uhr)<br><\/em><\/strong><img loading=\"lazy\" decoding=\"async\" width=\"10\" height=\"21\" class=\"wp-image-3656\" style=\"width: 10px;\" src=\"http:\/\/kommentatorenblog.de\/wp-content\/uploads\/2020\/09\/shure-55sh-ii-e1601485394796.jpg\" alt=\"\" srcset=\"http:\/\/kommentatorenblog.de\/wp-content\/uploads\/2020\/09\/shure-55sh-ii-e1601485394796.jpg 415w, http:\/\/kommentatorenblog.de\/wp-content\/uploads\/2020\/09\/shure-55sh-ii-e1601485394796-142x300.jpg 142w\" sizes=\"auto, (max-width: 10px) 100vw, 10px\" \/> Florian von Stackelberg (Einzelspiel), Michael Born (Konferenz)<\/p>\n\n\n\n<p><strong><em>Rayo Vallecano \u2013 FC Drita<\/em><\/strong>&nbsp;<strong><em>(21.00 Uhr)<br><\/em><\/strong><img loading=\"lazy\" decoding=\"async\" width=\"10\" height=\"21\" class=\"wp-image-3656\" style=\"width: 10px;\" src=\"http:\/\/kommentatorenblog.de\/wp-content\/uploads\/2020\/09\/shure-55sh-ii-e1601485394796.jpg\" alt=\"\" srcset=\"http:\/\/kommentatorenblog.de\/wp-content\/uploads\/2020\/09\/shure-55sh-ii-e1601485394796.jpg 415w, http:\/\/kommentatorenblog.de\/wp-content\/uploads\/2020\/09\/shure-55sh-ii-e1601485394796-142x300.jpg 142w\" sizes=\"auto, (max-width: 10px) 100vw, 10px\" \/> Tim Hemmrich (Einzelspiel), Klaus Veltman (Konferenz)<\/p>\n\n\n\n<p><strong><em>Sparta Prag \u2013 FC Aberdeen<\/em><\/strong>&nbsp;<strong><em>(21.00 Uhr)<br><\/em><\/strong><img loading=\"lazy\" decoding=\"async\" width=\"10\" height=\"21\" class=\"wp-image-3656\" style=\"width: 10px;\" src=\"http:\/\/kommentatorenblog.de\/wp-content\/uploads\/2020\/09\/shure-55sh-ii-e1601485394796.jpg\" alt=\"\" srcset=\"http:\/\/kommentatorenblog.de\/wp-content\/uploads\/2020\/09\/shure-55sh-ii-e1601485394796.jpg 415w, http:\/\/kommentatorenblog.de\/wp-content\/uploads\/2020\/09\/shure-55sh-ii-e1601485394796-142x300.jpg 142w\" sizes=\"auto, (max-width: 10px) 100vw, 10px\" \/> Oliver Seidler (Einzelspiel)<\/p>\n\n\n\n<p><strong><em>Omonia Nikosia \u2013 Rakow Czestochowa<\/em><\/strong>&nbsp;<strong><em>(21.00 Uhr)<br><\/em><\/strong><img loading=\"lazy\" decoding=\"async\" width=\"10\" height=\"21\" class=\"wp-image-3656\" style=\"width: 10px;\" src=\"http:\/\/kommentatorenblog.de\/wp-content\/uploads\/2020\/09\/shure-55sh-ii-e1601485394796.jpg\" alt=\"\" srcset=\"http:\/\/kommentatorenblog.de\/wp-content\/uploads\/2020\/09\/shure-55sh-ii-e1601485394796.jpg 415w, http:\/\/kommentatorenblog.de\/wp-content\/uploads\/2020\/09\/shure-55sh-ii-e1601485394796-142x300.jpg 142w\" sizes=\"auto, (max-width: 10px) 100vw, 10px\" \/> Alex K\u00fcpper (Einzelspiel)<\/p>\n\n\n\n<p><strong><em>Racing Strasbourg \u2013 Breidablik<\/em><\/strong>&nbsp;<strong><em>(21.00 Uhr)<br><\/em><\/strong><img loading=\"lazy\" decoding=\"async\" width=\"10\" height=\"21\" class=\"wp-image-3656\" style=\"width: 10px;\" src=\"http:\/\/kommentatorenblog.de\/wp-content\/uploads\/2020\/09\/shure-55sh-ii-e1601485394796.jpg\" alt=\"\" srcset=\"http:\/\/kommentatorenblog.de\/wp-content\/uploads\/2020\/09\/shure-55sh-ii-e1601485394796.jpg 415w, http:\/\/kommentatorenblog.de\/wp-content\/uploads\/2020\/09\/shure-55sh-ii-e1601485394796-142x300.jpg 142w\" sizes=\"auto, (max-width: 10px) 100vw, 10px\" \/> Benedikt Brinsa (Einzelspiel)<\/p>\n\n\n\n<p><span style=\"text-decoration: underline;\">ab 20.30 Uhr (<mark style=\"background-color:rgba(0, 0, 0, 0)\" class=\"has-inline-color has-vivid-purple-color\">RTL+<\/mark>) bzw. ab 20.50 Uhr (Sky)<\/span><\/p>\n\n\n\n<p><strong><em>AEK Athen \u2013 Universitatea Craiova (21.00 Uhr)<br><\/em><\/strong><img loading=\"lazy\" decoding=\"async\" width=\"10\" height=\"21\" class=\"wp-image-3656\" style=\"width: 10px;\" src=\"http:\/\/kommentatorenblog.de\/wp-content\/uploads\/2020\/09\/shure-55sh-ii-e1601485394796.jpg\" alt=\"\" srcset=\"http:\/\/kommentatorenblog.de\/wp-content\/uploads\/2020\/09\/shure-55sh-ii-e1601485394796.jpg 415w, http:\/\/kommentatorenblog.de\/wp-content\/uploads\/2020\/09\/shure-55sh-ii-e1601485394796-142x300.jpg 142w\" sizes=\"auto, (max-width: 10px) 100vw, 10px\" \/> <em><mark style=\"background-color:rgba(0, 0, 0, 0)\" class=\"has-inline-color has-vivid-purple-color\">RTL+<\/mark><\/em>\/<em>Sky<\/em>: Christoph Stadtler (Einzelspiel)<\/p>\n\n\n\n<p>Moderation (<em><mark style=\"background-color:rgba(0, 0, 0, 0)\" class=\"has-inline-color has-vivid-purple-color\">RTL+<\/mark><\/em>): Anna Kraft, Experte: Felix Kroos, Community Host: Julius Fellermann<\/p>\n\n\n\n<hr class=\"wp-block-separator has-alpha-channel-opacity\"\/>\n\n\n\n<p><strong>FIFA-Interkontinental-Pokal 2025, Finale (DAZN)<\/strong><\/p>\n\n\n\n<p><span style=\"text-decoration: underline;\">Mittwoch, 17. Dezember 2025<\/span><\/p>\n\n\n\n<p><strong><em>Paris Saint-Germain &#8211; Flamengo Rio der Janeiro (18.00 Uhr)<\/em><\/strong><br><img loading=\"lazy\" decoding=\"async\" width=\"10\" height=\"21\" class=\"wp-image-3656\" style=\"width: 10px;\" src=\"http:\/\/kommentatorenblog.de\/wp-content\/uploads\/2020\/09\/shure-55sh-ii-e1601485394796.jpg\" alt=\"\" srcset=\"http:\/\/kommentatorenblog.de\/wp-content\/uploads\/2020\/09\/shure-55sh-ii-e1601485394796.jpg 415w, http:\/\/kommentatorenblog.de\/wp-content\/uploads\/2020\/09\/shure-55sh-ii-e1601485394796-142x300.jpg 142w\" sizes=\"auto, (max-width: 10px) 100vw, 10px\" \/> Stefan Galler, Experte: Max Nicu<\/p>\n\n\n\n<hr class=\"wp-block-separator has-alpha-channel-opacity\"\/>\n\n\n\n<p><strong>Carabao Cup, Viertelfinale (Sky)<\/strong><\/p>\n\n\n\n<p><span style=\"text-decoration: underline;\">Dienstag, 16. Dezember 2025, ab 20.55 Uhr<\/span><\/p>\n\n\n\n<p><strong><em>Cardiff City &#8211; FC Chelsea (21.00 Uhr)<\/em><\/strong><br><img loading=\"lazy\" decoding=\"async\" width=\"10\" height=\"21\" class=\"wp-image-3656\" style=\"width: 10px;\" src=\"http:\/\/kommentatorenblog.de\/wp-content\/uploads\/2020\/09\/shure-55sh-ii-e1601485394796.jpg\" alt=\"\" srcset=\"http:\/\/kommentatorenblog.de\/wp-content\/uploads\/2020\/09\/shure-55sh-ii-e1601485394796.jpg 415w, http:\/\/kommentatorenblog.de\/wp-content\/uploads\/2020\/09\/shure-55sh-ii-e1601485394796-142x300.jpg 142w\" sizes=\"auto, (max-width: 10px) 100vw, 10px\" \/> Timo Sch\u00e4fers<\/p>\n\n\n\n<p><span style=\"text-decoration: underline;\">Mittwoch, 17. Dezember 2025, ab 21.05 Uhr<\/span><\/p>\n\n\n\n<p><strong><em>Newcastle United &#8211; FC Fulham (21.15 Uhr)<\/em><\/strong><br><img loading=\"lazy\" decoding=\"async\" width=\"10\" height=\"21\" class=\"wp-image-3656\" style=\"width: 10px;\" src=\"http:\/\/kommentatorenblog.de\/wp-content\/uploads\/2020\/09\/shure-55sh-ii-e1601485394796.jpg\" alt=\"\" srcset=\"http:\/\/kommentatorenblog.de\/wp-content\/uploads\/2020\/09\/shure-55sh-ii-e1601485394796.jpg 415w, http:\/\/kommentatorenblog.de\/wp-content\/uploads\/2020\/09\/shure-55sh-ii-e1601485394796-142x300.jpg 142w\" sizes=\"auto, (max-width: 10px) 100vw, 10px\" \/> Toni Tomic<\/p>\n\n\n\n<hr class=\"wp-block-separator has-alpha-channel-opacity\"\/>\n\n\n\n<p><strong>Copa Del Rey, Sechzehntelfinale (DAZN)<\/strong><\/p>\n\n\n\n<p><span style=\"text-decoration: underline;\">Dienstag, 16. Dezember 2025<\/span><\/p>\n\n\n\n<p><strong><em>Guadalajara &#8211; FC Barcelona (21.00 Uhr)<\/em><\/strong><br><img loading=\"lazy\" decoding=\"async\" width=\"10\" height=\"21\" class=\"wp-image-3656\" style=\"width: 10px;\" src=\"http:\/\/kommentatorenblog.de\/wp-content\/uploads\/2020\/09\/shure-55sh-ii-e1601485394796.jpg\" alt=\"\" srcset=\"http:\/\/kommentatorenblog.de\/wp-content\/uploads\/2020\/09\/shure-55sh-ii-e1601485394796.jpg 415w, http:\/\/kommentatorenblog.de\/wp-content\/uploads\/2020\/09\/shure-55sh-ii-e1601485394796-142x300.jpg 142w\" sizes=\"auto, (max-width: 10px) 100vw, 10px\" \/> Manuel Angstenberger<\/p>\n\n\n\n<p><span style=\"text-decoration: underline;\">Mittwoch, 17. Dezember 2025<\/span><\/p>\n\n\n\n<p><strong><em>Santander &#8211; Villarreal (19.00 Uhr)<\/em><\/strong><br><img loading=\"lazy\" decoding=\"async\" width=\"10\" height=\"21\" class=\"wp-image-3656\" style=\"width: 10px;\" src=\"http:\/\/kommentatorenblog.de\/wp-content\/uploads\/2020\/09\/shure-55sh-ii-e1601485394796.jpg\" alt=\"\" srcset=\"http:\/\/kommentatorenblog.de\/wp-content\/uploads\/2020\/09\/shure-55sh-ii-e1601485394796.jpg 415w, http:\/\/kommentatorenblog.de\/wp-content\/uploads\/2020\/09\/shure-55sh-ii-e1601485394796-142x300.jpg 142w\" sizes=\"auto, (max-width: 10px) 100vw, 10px\" \/> Michael Brandes<\/p>\n\n\n\n<p><strong><em>Baleares &#8211; Atl\u00e9tico Madrid (19.00 Uhr)<\/em><\/strong><br><img loading=\"lazy\" decoding=\"async\" width=\"10\" height=\"21\" class=\"wp-image-3656\" style=\"width: 10px;\" src=\"http:\/\/kommentatorenblog.de\/wp-content\/uploads\/2020\/09\/shure-55sh-ii-e1601485394796.jpg\" alt=\"\" srcset=\"http:\/\/kommentatorenblog.de\/wp-content\/uploads\/2020\/09\/shure-55sh-ii-e1601485394796.jpg 415w, http:\/\/kommentatorenblog.de\/wp-content\/uploads\/2020\/09\/shure-55sh-ii-e1601485394796-142x300.jpg 142w\" sizes=\"auto, (max-width: 10px) 100vw, 10px\" \/> Simon Sterzer<\/p>\n\n\n\n<p><strong><em>Talavera &#8211; Real Madrid (21.00 Uhr)<\/em><\/strong><br><img loading=\"lazy\" decoding=\"async\" width=\"10\" height=\"21\" class=\"wp-image-3656\" style=\"width: 10px;\" src=\"http:\/\/kommentatorenblog.de\/wp-content\/uploads\/2020\/09\/shure-55sh-ii-e1601485394796.jpg\" alt=\"\" srcset=\"http:\/\/kommentatorenblog.de\/wp-content\/uploads\/2020\/09\/shure-55sh-ii-e1601485394796.jpg 415w, http:\/\/kommentatorenblog.de\/wp-content\/uploads\/2020\/09\/shure-55sh-ii-e1601485394796-142x300.jpg 142w\" sizes=\"auto, (max-width: 10px) 100vw, 10px\" \/> Lukas Flottmeyer<\/p>\n\n\n\n<hr class=\"wp-block-separator has-alpha-channel-opacity\"\/>\n\n\n\n<p><strong>EA Sports FC Supercup, Halbfinale (DAZN)<\/strong><\/p>\n\n\n\n<p><span style=\"text-decoration: underline;\">Donnerstag, 18. Dezember 2025<\/span><\/p>\n\n\n\n<p><strong><em>Neapel &#8211; Milan (22.00 Uhr)<\/em><\/strong><br><img loading=\"lazy\" decoding=\"async\" width=\"10\" height=\"21\" class=\"wp-image-3656\" style=\"width: 10px;\" src=\"http:\/\/kommentatorenblog.de\/wp-content\/uploads\/2020\/09\/shure-55sh-ii-e1601485394796.jpg\" alt=\"\" srcset=\"http:\/\/kommentatorenblog.de\/wp-content\/uploads\/2020\/09\/shure-55sh-ii-e1601485394796.jpg 415w, http:\/\/kommentatorenblog.de\/wp-content\/uploads\/2020\/09\/shure-55sh-ii-e1601485394796-142x300.jpg 142w\" sizes=\"auto, (max-width: 10px) 100vw, 10px\" \/> Nico Seepe, Experte: Christian Bernhard<\/p>\n\n\n\n<hr class=\"wp-block-separator has-alpha-channel-opacity\"\/>\n\n\n\n<p><strong>KNVB-Beker, 2. Runde (<mark style=\"background-color:rgba(0, 0, 0, 0)\" class=\"has-inline-color has-vivid-cyan-blue-color\">Sportdigital<\/mark> <mark style=\"background-color:rgba(0, 0, 0, 0)\" class=\"has-inline-color has-vivid-cyan-blue-color\">FUSSBALL<\/mark>)<\/strong><\/p>\n\n\n\n<p><span style=\"text-decoration: underline;\">Dienstag, 16. Dezember 2025<\/span><\/p>\n\n\n\n<p><strong><em>PSV Eindhoven &#8211; GVVV Veenendaal (21.00 Uhr)<\/em><\/strong><br><img loading=\"lazy\" decoding=\"async\" width=\"10\" height=\"21\" class=\"wp-image-3656\" style=\"width: 10px;\" src=\"http:\/\/kommentatorenblog.de\/wp-content\/uploads\/2020\/09\/shure-55sh-ii-e1601485394796.jpg\" alt=\"\" srcset=\"http:\/\/kommentatorenblog.de\/wp-content\/uploads\/2020\/09\/shure-55sh-ii-e1601485394796.jpg 415w, http:\/\/kommentatorenblog.de\/wp-content\/uploads\/2020\/09\/shure-55sh-ii-e1601485394796-142x300.jpg 142w\" sizes=\"auto, (max-width: 10px) 100vw, 10px\" \/> Jonathan Dreier<\/p>\n\n\n\n<p><span style=\"text-decoration: underline;\">Mittwoch, 17. Dezember 2025<\/span><\/p>\n\n\n\n<p><strong><em>Excelsior Maassluis &#8211; Ajax Amsterdam (18.45 Uhr)<\/em><\/strong><br><img loading=\"lazy\" decoding=\"async\" width=\"10\" height=\"21\" class=\"wp-image-3656\" style=\"width: 10px;\" src=\"http:\/\/kommentatorenblog.de\/wp-content\/uploads\/2020\/09\/shure-55sh-ii-e1601485394796.jpg\" alt=\"\" srcset=\"http:\/\/kommentatorenblog.de\/wp-content\/uploads\/2020\/09\/shure-55sh-ii-e1601485394796.jpg 415w, http:\/\/kommentatorenblog.de\/wp-content\/uploads\/2020\/09\/shure-55sh-ii-e1601485394796-142x300.jpg 142w\" sizes=\"auto, (max-width: 10px) 100vw, 10px\" \/> <s>Marvin Kirsch<\/s> J\u00f6rg Steiger<\/p>\n\n\n\n<p><strong><em>Feyenoord Rotterdam &#8211; SC Heerenveen (21.00 Uhr)<\/em><\/strong><br><img loading=\"lazy\" decoding=\"async\" width=\"10\" height=\"21\" class=\"wp-image-3656\" style=\"width: 10px;\" src=\"http:\/\/kommentatorenblog.de\/wp-content\/uploads\/2020\/09\/shure-55sh-ii-e1601485394796.jpg\" alt=\"\" srcset=\"http:\/\/kommentatorenblog.de\/wp-content\/uploads\/2020\/09\/shure-55sh-ii-e1601485394796.jpg 415w, http:\/\/kommentatorenblog.de\/wp-content\/uploads\/2020\/09\/shure-55sh-ii-e1601485394796-142x300.jpg 142w\" sizes=\"auto, (max-width: 10px) 100vw, 10px\" \/> Karsten Linke<\/p>\n\n\n\n<hr class=\"wp-block-separator has-alpha-channel-opacity\"\/>\n\n\n\n<p><strong>Scottish Premiership, 11. Spieltag &#8211; Nachholspiel (<mark style=\"background-color:rgba(0, 0, 0, 0)\" class=\"has-inline-color has-vivid-cyan-blue-color\">Sportdigital1+<\/mark>)<\/strong><\/p>\n\n\n\n<p><span style=\"text-decoration: underline;\">Mittwoch, 17. Dezember 2025<\/span><\/p>\n\n\n\n<p><strong><em>Dundee United &#8211; Celtic Glasgow (21.00 Uhr)<\/em><\/strong><br><img loading=\"lazy\" decoding=\"async\" width=\"10\" height=\"21\" class=\"wp-image-3656\" style=\"width: 10px;\" src=\"http:\/\/kommentatorenblog.de\/wp-content\/uploads\/2020\/09\/shure-55sh-ii-e1601485394796.jpg\" alt=\"\" srcset=\"http:\/\/kommentatorenblog.de\/wp-content\/uploads\/2020\/09\/shure-55sh-ii-e1601485394796.jpg 415w, http:\/\/kommentatorenblog.de\/wp-content\/uploads\/2020\/09\/shure-55sh-ii-e1601485394796-142x300.jpg 142w\" sizes=\"auto, (max-width: 10px) 100vw, 10px\" \/> Jakob Vogel<\/p>\n\n\n\n<hr class=\"wp-block-separator has-alpha-channel-opacity\"\/>\n\n\n\n<p><strong>Die Analyse<\/strong><\/p>\n\n\n\n<p>Auch hier starten wir mit der Darts-WM, wobei personell wenig zu vermelden ist. Elmar Paulke, die Stimme des Dartsports seit \u00fcber 20 Jahren, \u00fcbernimmt am Dienstag und Mittwoch. Eine Bedeutung eines Kommentators f\u00fcr eine Sportart, die ich pers\u00f6nlich so nur bei Matthias Stach im Tennis und Rolf Kalb beim Snooker sehe. Adrian Geiler macht beide Sessions am Donnerstag. <strong>Update:<\/strong> er f\u00e4llt leider krankheitsbedingt aus, Martin Kern und Fabian Dippold vertreten ihn. Dauerbrenner sind Florian Hempel als Experte und Vincent Sommer als Fielder vor Ort. Bei Sport1 \u00fcbernimmt bis einschlie\u00dflich Freitag Jana Wosnitza f\u00fcr Katharina Kleinfeldt und f\u00fchrt gemeinsam mit Philip Brzezinski durch die \u00dcbertragung. Kommentiert wird jede Session von Basti Schwele und Robert Marijanovi\u0107.<\/p>\n\n\n\n<p>Nun aber zum Fu\u00dfball. Entscheidungszeit steht am finalen Spieltag sowohl in der UEFA Women\u2019s Champions League als auch in der UEFA Conference League auf dem Programm. Zur UWCL k\u00f6nnen wir leider personell weiterhin nichts liefern, daf\u00fcr aber das volle Conference-League-Bankett. Von den 18 Parallelspielen zeigt RTL wie im Vorjahr zehn Spiele und davon leider auch in diesem Jahr nur sechs in der Konferenz. Das finde ich pers\u00f6nlich sehr schade, weil es eigentlich den Charme dieses letzten Spieltags ausmacht, dass es riesiges Chaos in der Konferenz gibt. Die Sechserkonferenz selbst ist \u00e4u\u00dferst prominent besetzt. Jede Menge Erfahrung bringen Klaus Veltman, J\u00fcrgen Schmitz und Peter Reichert mit. Auch Robby Hunke, Christina Rann und Michael Born sind als drei Stimmen der DAZN-Bundesligakonferenz routiniert im Hin- und Herschalten. Die Moderation auf RTL+ \u00fcbernimmt in dieser Woche Anna Kraft, da Jana Wosnitza wie bereits erw\u00e4hnt in London verweilt.<\/p>\n\n\n\n<p>Im Free-TV konzentriert man sich anders als im Vorjahr, als eine Zweierkonferenz aus Heidenheim und Chelsea gezeigt wurde, auf ein Einzelspiel. Dabei handelt es sich wenig \u00fcberraschend um das des deutschen Vertreters. Somit melden sich Laura Papendick gemeinsam mit Lothar Matth\u00e4us ab 20.35 Uhr aus Mainz zum Duell gegen Samsunspor von Thomas Reis. Au\u00dferdem gehen Jessica Matyschok und Dr. Felix G\u00f6rner auf Stimmenfang. Kommentiert wird nach Marco Hagemann in der Vorwoche diesmal von Wolff Fuss. Es m\u00fcsste sein Deb\u00fct in diesem Wettbewerb sein, was es bei Wolff Fuss inzwischen auch eher selten gibt.<\/p>\n\n\n\n<p>International stehen noch einige Pokalwettbewerbe an. Sky zeigt dabei zwei Spiele des Carabao Cup, w\u00e4hrend DAZN bei der zur\u00fcckgeholten und erworbenen Copa del Rey insgesamt vier Spiele mit deutschem Kommentar begleitet. Bei Sportdigital liegt der Fokus auf dem niederl\u00e4ndischen KNVB-Beker mit insgesamt drei Livespielen.<\/p>\n\n\n\n<p>Bis dahin frohes Nominieren und eine sch\u00f6ne Woche!<\/p>\n","protected":false},"excerpt":{"rendered":"<p>N&#8217;Abend allerseits, auch heute m\u00f6chten wir nach dem Start der Nominierungsphase am Donnerstag darauf hinweisen, dass ihr ab sofort eure Vorschl\u00e4ge f\u00fcr unsere diesj\u00e4hrigen Kommentatorenblog Community Awards einreichen k\u00f6nnt. Klickt einfach auf den Button und gebt an, welche Kommentator:innen, Expert:innen oder Moderator:innen in den verschiedenen Sportarten eurer Meinung nach die Auszeichnung verdient haben: Und da [&hellip;]<\/p>\n","protected":false},"author":5,"featured_media":0,"comment_status":"open","ping_status":"open","sticky":false,"template":"","format":"standard","meta":{"footnotes":""},"categories":[425],"tags":[],"class_list":["post-23725","post","type-post","status-publish","format-standard","hentry","category-champions-league-und-co"],"_links":{"self":[{"href":"http:\/\/kommentatorenblog.de\/index.php?rest_route=\/wp\/v2\/posts\/23725","targetHints":{"allow":["GET"]}}],"collection":[{"href":"http:\/\/kommentatorenblog.de\/index.php?rest_route=\/wp\/v2\/posts"}],"about":[{"href":"http:\/\/kommentatorenblog.de\/index.php?rest_route=\/wp\/v2\/types\/post"}],"author":[{"embeddable":true,"href":"http:\/\/kommentatorenblog.de\/index.php?rest_route=\/wp\/v2\/users\/5"}],"replies":[{"embeddable":true,"href":"http:\/\/kommentatorenblog.de\/index.php?rest_route=%2Fwp%2Fv2%2Fcomments&post=23725"}],"version-history":[{"count":14,"href":"http:\/\/kommentatorenblog.de\/index.php?rest_route=\/wp\/v2\/posts\/23725\/revisions"}],"predecessor-version":[{"id":23782,"href":"http:\/\/kommentatorenblog.de\/index.php?rest_route=\/wp\/v2\/posts\/23725\/revisions\/23782"}],"wp:attachment":[{"href":"http:\/\/kommentatorenblog.de\/index.php?rest_route=%2Fwp%2Fv2%2Fmedia&parent=23725"}],"wp:term":[{"taxonomy":"category","embeddable":true,"href":"http:\/\/kommentatorenblog.de\/index.php?rest_route=%2Fwp%2Fv2%2Fcategories&post=23725"},{"taxonomy":"post_tag","embeddable":true,"href":"http:\/\/kommentatorenblog.de\/index.php?rest_route=%2Fwp%2Fv2%2Ftags&post=23725"}],"curies":[{"name":"wp","href":"https:\/\/api.w.org\/{rel}","templated":true}]}}