{"id":2393,"date":"2020-06-08T15:04:06","date_gmt":"2020-06-08T14:04:06","guid":{"rendered":"http:\/\/kommentatorenblog.de\/?p=2393"},"modified":"2021-02-28T22:11:04","modified_gmt":"2021-02-28T21:11:04","slug":"1078-pokal-basketball-und-nachholspiele","status":"publish","type":"post","link":"http:\/\/kommentatorenblog.de\/?p=2393","title":{"rendered":"1078 \u2013 Pokal, Basketball und Nachholspiele"},"content":{"rendered":"\n<p>N\u2019Abend allerseits,<\/p>\n\n\n\n<p>diese Woche stehen die Halbfinalpartien im DFB-Pokal an. Die \u00dcbertragungen der ARD gestalten sich wegen Corona wohl ein wenig anders. Mehr dazu unten in der Analyse. <\/p>\n\n\n\n<p>Nicht nur bei den Herren, sondern auch bei den Frauen wird die Vorschlussrunde im Pokal ausgespielt. Die Sportschau zeigt beide Spiele am Mittwoch ab 14 Uhr im Livestream. Zus\u00e4tzlich m\u00f6chte ich an dieser Stelle auf das Finaltunier der BBL in M\u00fcnchen hinweisen. Die Jungs von Magenta Sport \u00fcbertragen. K\u00f6rner\/Krawinkel kommentieren abwechselnd zusammen mit Alex Vogel. Jan L\u00fcdeke hingegen \u201emuss\u201e zun\u00e4chst jeden Tag moderieren. Und Sascha Bandermann meldet sich direkt aus dem Hotel, in dem alle 10 Teams untergebracht sind.<\/p>\n\n\n\n<p>Und nun die Ansetzungen !<\/p>\n\n\n\n<p><strong><em>Die Ansetzungen vom 09. Juni 2020 bis zum 11. Juni 2020<\/em><\/strong><\/p>\n\n\n\n<p><strong>DFB-Pokal, Halbfinale<\/strong><\/p>\n\n\n\n<p><span style=\"text-decoration: underline;\">Dienstag 09. Juni 2020, ab 19.45 Uhr (Sky)\/ab 20.15 Uhr (ARD) <\/span><\/p>\n\n\n\n<p><strong><em>1.FC Saarbr\u00fccken<\/em><\/strong>&nbsp;<strong><em>\u2013&nbsp;<\/em><\/strong> <strong><em>Bayer 04 Leverkusen<\/em><\/strong> <strong><em>(20.45 Uhr)<\/em><\/strong><\/p>\n\n\n\n<p>Sky: Kai Dittmann, Field-Reporter: Martin Gro\u00df <\/p>\n\n\n\n<p>ARD: Florian Na\u00df, Field-Reporter: Thomas Braml<\/p>\n\n\n\n<p>Moderation (Sky): Sebastian Hellmann, Experte: Dirk Lottner<\/p>\n\n\n\n<p>Moderation (ARD): Alex Bommes, Experte: Thomas Broich <\/p>\n\n\n\n<p><span style=\"text-decoration: underline;\">Mittwoch 10. Juni 2020, ab 20.15 Uhr (Sky)\/(ARD) <\/span><\/p>\n\n\n\n<p><strong><em>FC Bayern M\u00fcnchen<\/em><\/strong>&nbsp;<strong><em>\u2013&nbsp;Eintracht Frankfurt <\/em><\/strong><strong><em>(20.45 Uhr)<\/em><\/strong><\/p>\n\n\n\n<p>Sky: Wolff Fuss, Field-Reporterin: Esther Sedlaczek <\/p>\n\n\n\n<p>ARD: Tom Bartels, Field-Reporter: Markus Othmer <\/p>\n\n\n\n<p>Moderation (Sky): Jessica Libbertz, Experte: Heribert Bruchhagen <\/p>\n\n\n\n<p>Moderation (ARD): Matthias Opdenh\u00f6vel, Experte: Thomas Broich <\/p>\n\n\n\n<p><strong>2. Bundesliga, Nachholspiel 27. Spieltag<\/strong><\/p>\n\n\n\n<p><span style=\"text-decoration: underline;\">Dienstag 09. Juni 2020, ab 18.20 Uhr (Sky)<\/span><\/p>\n\n\n\n<p><strong><em>Dynamo Dresden<\/em><\/strong>&nbsp;<strong><em>\u2013<\/em><\/strong> <strong><em>SpVgg Greuther F\u00fcrth (18.30 Uhr)<\/em><\/strong><\/p>\n\n\n\n<p>Sky: Toni Tomic<\/p>\n\n\n\n<p><strong>3. Liga, 31. Spieltag<\/strong><\/p>\n\n\n\n<p><span style=\"text-decoration: underline;\">Dienstag, 09. Juni 2020, ab 18.45 Uhr (Magenta Sport)<\/span><\/p>\n\n\n\n<p><strong><em>Konferenz (18.45 Uhr)<\/em><\/strong><\/p>\n\n\n\n<p>Magenta Sport: Alexander Klich und Martin Piller<\/p>\n\n\n\n<p><strong><em>FC Bayern M\u00fcnchen II<\/em><\/strong>&nbsp;<strong><em>\u2013<\/em><\/strong>&nbsp;<strong><em>FSV Zwickau (19.00 Uhr<\/em><\/strong><em><strong>)<\/strong><\/em><\/p>\n\n\n\n<p>Magenta Sport: Oskar Heirler <\/p>\n\n\n\n<p><strong><em>KFC Uerdingen 05<\/em><\/strong> <strong><em>\u2013<\/em><\/strong>&nbsp;<strong><em>TSV 1860 M\u00fcnchen (19.00 Uhr)<\/em><\/strong><\/p>\n\n\n\n<p>Magenta Sport: Christian Stra\u00dfburger<\/p>\n\n\n\n<p><strong><em>Viktoria K\u00f6ln \u2013<\/em><\/strong>&nbsp;<strong><em>SV Meppen (19.00 Uhr)<\/em><\/strong><\/p>\n\n\n\n<p>Magenta Sport: Markus H\u00f6hner <\/p>\n\n\n\n<p><span style=\"text-decoration: underline;\">ab 20.15 Uhr (Magenta Sport)<\/span><\/p>\n\n\n\n<p><strong><em>Hansa Rostock<\/em><\/strong>&nbsp;<strong><em>\u2013<\/em><\/strong>&nbsp;<strong><em>1.FC Magdeburg (20.30 Uhr)<\/em><\/strong><\/p>\n\n\n\n<p>Magenta Sport: Gari Paubandt <\/p>\n\n\n\n<p><strong><em>Hallescher FC<\/em><\/strong>&nbsp;<strong><em>\u2013<\/em><\/strong>&nbsp;<strong><em>Waldhof Mannheim (20.30 Uhr)<\/em><\/strong><\/p>\n\n\n\n<p>Magenta Sport: Lenny Leonhardt<\/p>\n\n\n\n<p><span style=\"text-decoration: underline;\">Mittwoch, 10. Juni 2020, ab 18.45 Uhr (Magenta Sport)<\/span><\/p>\n\n\n\n<p><strong><em>Konferenz (18.45 Uhr)<\/em><\/strong><\/p>\n\n\n\n<p>Magenta Sport: Alexander Klich und Martin Piller<\/p>\n\n\n\n<p><strong><em>SG Sonnenhof Gro\u00dfaspach<\/em><\/strong>&nbsp;<strong><em>\u2013<\/em><\/strong>&nbsp;<strong><em>Preu\u00dfen M\u00fcnster (19.00 Uhr<\/em><\/strong><em><strong>)<\/strong><\/em><\/p>\n\n\n\n<p>Magenta Sport: Oskar Heirler <\/p>\n\n\n\n<p><strong><em>Chemnitzer FC \u2013<\/em><\/strong>&nbsp;<strong><em>FC Ingolstadt (19.00 Uhr)<\/em><\/strong><\/p>\n\n\n\n<p>Magenta Sport: Lenny Leonhardt <\/p>\n\n\n\n<p><strong><em>W\u00fcrzburger Kickers \u2013<\/em><\/strong>&nbsp;<strong><em>Carl Zeiss Jena (19.00 Uhr)<\/em><\/strong><\/p>\n\n\n\n<p>Magenta Sport: Andreas Mann <\/p>\n\n\n\n<p><span style=\"text-decoration: underline;\">ab 20.15 Uhr (Magenta Sport)<\/span><\/p>\n\n\n\n<p><strong><em>SpVgg Unterhaching<\/em><\/strong>&nbsp;<strong><em>\u2013<\/em><\/strong>&nbsp;<strong><em>Eintracht Braunschweig (20.30 Uhr)<\/em><\/strong><\/p>\n\n\n\n<p>Magenta Sport: Franz B\u00fcchner <\/p>\n\n\n\n<p><strong><em>1.FC Kaiserslautern<\/em><\/strong>&nbsp;<strong><em>\u2013<\/em><\/strong>&nbsp;<strong><em>MSV Duisburg (20.30 Uhr)<\/em><\/strong><\/p>\n\n\n\n<p>Magenta Sport: Alex Kunz<\/p>\n\n\n\n<p><strong>Internationaler Fu\u00dfball<\/strong><\/p>\n\n\n\n<p><span style=\"text-decoration: underline;\">Dienstag, 09. Juni 2020<\/span><\/p>\n\n\n\n<p>Ekstraklasa, 29. Spieltag:&nbsp;<strong><em>Lechia Gdansk<\/em><\/strong>&nbsp;<strong><em>\u2013<\/em><\/strong>&nbsp;<strong><em>Cracovia Krakau (18.00 Uhr)<\/em><\/strong><\/p>\n\n\n\n<p>sportdigital FUSSBALL: Florian Obst<\/p>\n\n\n\n<p>Ekstraklasa, 29. Spieltag:&nbsp;<strong><em>Lechia Posen<\/em><\/strong>&nbsp;<strong><em>\u2013<\/em><\/strong>&nbsp;<strong><em>Pogon Szczesin (20.30 Uhr)<\/em><\/strong><\/p>\n\n\n\n<p>sportdigital FUSSBALL: Karsten Linke<\/p>\n\n\n\n<p><span style=\"text-decoration: underline;\">Mittwoch, 10. Juni 2020<\/span><\/p>\n\n\n\n<p>Liga NOS, 26. Spieltag:&nbsp;<strong><em>Portimonense SC \u2013 <\/em><\/strong><strong><em>Benfica Lissabon<\/em><\/strong> &nbsp;<strong><em>(20.15 Uhr)<\/em><\/strong><\/p>\n\n\n\n<p>DAZN: Fabian Pavlakovic <\/p>\n\n\n\n<p>sportdigital FUSSBALL: Karsten Linke<\/p>\n\n\n\n<p>Liga NOS, 26. Spieltag:&nbsp;<strong><em>FC Porto \u2013 Maritimo Funchal <\/em><\/strong><strong><em>(20.15 Uhr)<\/em><\/strong><\/p>\n\n\n\n<p>DAZN: David Ploch <\/p>\n\n\n\n<p>sportdigital FUSSBALL: Hannes Herrmann <\/p>\n\n\n\n<p><span style=\"text-decoration: underline;\">Donnerstag, 11.Juni 2020<\/span><\/p>\n\n\n\n<p>LaLiga, 28. Spieltag: <strong><em>FC Sevilla<\/em><\/strong> <strong><em>\u2013 Real Betis (22.00 Uhr)<\/em><\/strong> <\/p>\n\n\n\n<p>DAZN: Jan Platte, Experte: Jonas Hummels<\/p>\n\n\n\n<p>Moderation (DAZN): Tobi Wahnschaffe<\/p>\n\n\n\n<p><strong>Die Analyse<\/strong><\/p>\n\n\n\n<p>Dienstag kommentieren Kai Dittmann (Sky) und Florian Na\u00df (ARD) das erste Halbfinale live aus Saarbr\u00fccken. Mittlerweile ist die Ansetzung von Radsport- und Handballass Na\u00df an dieser Stelle auch keine \u00dcberraschung mehr. Interviews f\u00fchren Martin Gro\u00df (Sky) und Thomas Braml (ARD). Bei der ARD muss auf den sonst \u00fcblichen zweiten Interviewer, bedingt durch die Vorschriften, verzichtet werden. Ebenso werden die Bommes\/Opdenh\u00f6vel und Broich nicht live vom Spielfeldrand\/aus dem Stadion durch die Sendung f\u00fchren. Wir erwarten in der Folge eine Studioproduktion. Die Sky-Crew begr\u00fc\u00dft derweil am Dienstag Ex-Saarbr\u00fccken Coach Lottner und am Mittwoch Heribert Bruchhagen im Studio. Das passt. In der Allianz Arena gibt\u2019s bei Kommentatoren und Interviewern keine \u00dcberraschung.<\/p>\n\n\n\n<p>In der 3. Liga nehmen alle wieder ihre Bekannten Rollen ein. Neben Klich und Piller in der Konferenz, d\u00fcrfen auch Heirler und Leonhardt zweimal ans Mikro.<\/p>\n\n\n\n<p>Im Internationalen Fu\u00dfball kommentiert Hannes Herrmann nach langer Zeit mal wieder ein Spiel f\u00fcr sportdigital. Zudem gibt\u2019s die Spiele aus Portugal mit den bekannten Namen aus der Vorwoche, jeweils auf DAZN oder sportdigital. Donnerstagabend feiert zudem LaLiga ihr Comeback. Tobi Wahnschaffe f\u00fchrt ab 21.45 Uhr durch die Sendung. Standesgem\u00e4\u00df gibt\u2019s den Kommentar von DAZN-Chefreporter Platte und LaLiga-Kenner Jonas Hummels. <br><\/p>\n\n\n\n<p>Macht das Beste draus! <\/p>\n","protected":false},"excerpt":{"rendered":"<p>N\u2019Abend allerseits, diese Woche stehen die Halbfinalpartien im DFB-Pokal an. Die \u00dcbertragungen der ARD gestalten sich wegen Corona wohl ein wenig anders. Mehr dazu unten in der Analyse. Nicht nur bei den Herren, sondern auch bei den Frauen wird die Vorschlussrunde im Pokal ausgespielt. Die Sportschau zeigt beide Spiele am Mittwoch ab 14 Uhr im [&hellip;]<\/p>\n","protected":false},"author":3,"featured_media":0,"comment_status":"open","ping_status":"open","sticky":false,"template":"","format":"standard","meta":{"footnotes":""},"categories":[424,504],"tags":[20,10,232,299,246,19,165,13,65,251,99,123,48,169,93,59,122,294,79,300,130,101,298,293,12,22,134,252,273,24,107],"class_list":["post-2393","post","type-post","status-publish","format-standard","hentry","category-bundesliga-und-co","category-dfb-pokal-co","tag-2-bundesliga","tag-3-liga","tag-alexander-klich","tag-alex-vogel","tag-alexander-bommes","tag-ard","tag-david-ploch","tag-dazn","tag-dfb-pokal","tag-ekstraklasa","tag-florian-nass","tag-jan-luedeke","tag-jan-platte","tag-jonas-hummels","tag-kai-dittmann","tag-karsten-linke","tag-laliga","tag-lenny-leonhardt","tag-liga-nos","tag-markus-krawinkel","tag-martin-piller","tag-matthias-opdenhoevel","tag-michael-koerner","tag-oskar-heirler","tag-sascha-bandermann","tag-sky","tag-sportdigital-fussball","tag-tobi-wahnschaffe","tag-tom-bartels","tag-toni-tomic","tag-wolff-fuss"],"_links":{"self":[{"href":"http:\/\/kommentatorenblog.de\/index.php?rest_route=\/wp\/v2\/posts\/2393","targetHints":{"allow":["GET"]}}],"collection":[{"href":"http:\/\/kommentatorenblog.de\/index.php?rest_route=\/wp\/v2\/posts"}],"about":[{"href":"http:\/\/kommentatorenblog.de\/index.php?rest_route=\/wp\/v2\/types\/post"}],"author":[{"embeddable":true,"href":"http:\/\/kommentatorenblog.de\/index.php?rest_route=\/wp\/v2\/users\/3"}],"replies":[{"embeddable":true,"href":"http:\/\/kommentatorenblog.de\/index.php?rest_route=%2Fwp%2Fv2%2Fcomments&post=2393"}],"version-history":[{"count":33,"href":"http:\/\/kommentatorenblog.de\/index.php?rest_route=\/wp\/v2\/posts\/2393\/revisions"}],"predecessor-version":[{"id":2443,"href":"http:\/\/kommentatorenblog.de\/index.php?rest_route=\/wp\/v2\/posts\/2393\/revisions\/2443"}],"wp:attachment":[{"href":"http:\/\/kommentatorenblog.de\/index.php?rest_route=%2Fwp%2Fv2%2Fmedia&parent=2393"}],"wp:term":[{"taxonomy":"category","embeddable":true,"href":"http:\/\/kommentatorenblog.de\/index.php?rest_route=%2Fwp%2Fv2%2Fcategories&post=2393"},{"taxonomy":"post_tag","embeddable":true,"href":"http:\/\/kommentatorenblog.de\/index.php?rest_route=%2Fwp%2Fv2%2Ftags&post=2393"}],"curies":[{"name":"wp","href":"https:\/\/api.w.org\/{rel}","templated":true}]}}