{"id":2467,"date":"2020-06-14T18:30:06","date_gmt":"2020-06-14T18:30:06","guid":{"rendered":"http:\/\/kommentatorenblog.de\/?p=2467"},"modified":"2020-12-30T15:29:49","modified_gmt":"2020-12-30T15:29:49","slug":"1080-rueckblick-und-comeback","status":"publish","type":"post","link":"http:\/\/kommentatorenblog.de\/?p=2467","title":{"rendered":"1080 &#8211; R\u00fcckblick und Comeback"},"content":{"rendered":"\n<p>N&#8216; Abend allerseits,<\/p>\n\n\n\n<p>der 31. Spieltag der Bundesliga ist vorbei. Die n\u00e4chste und letzte englische Woche steht vor der T\u00fcr. Der anstehende Spieltag ist bekannterma\u00dfen der letzte mit verschiedenen Ansto\u00dfzeiten &#8211; unabh\u00e4ngig von Corona. Folglich steht auch das 40. und damit letzte Spiel der regul\u00e4ren Saison  an, dass auf DAZN\/Prime zu sehen ist. (Die Relegationsduelle zeigen ja beide Streamingdienste) Grund genug einen R\u00fcckblick auf die erste &#8222;DAZN-Saison&#8220; mit Live-Verwertungsrechte f\u00fcr die Bundesliga zu machen. <\/p>\n\n\n\n<p><strong>18.07.2019 \u2013 Vollzugsmeldung<\/strong><\/p>\n\n\n\n<p>Knapp einen Monat nachdem Erfolgsexperte Matthias Sammer seinen Abschied von der Expertenrolle bei Eurosport angek\u00fcndigte, kam es zu einer \u00fcberraschenden Bekanntgabe. Eurosport verkaufte via Sublizenzs sein Rechtepaket (bestehend aus 45 Spielen) an DAZN.<\/p>\n\n\n\n<p><strong>August 2019 \u2013 Die ersten \u00dcbertragungen <\/strong><\/p>\n\n\n\n<p>Am 3. August war es dann soweit. Mit der Begegnung Dortmund \u2013 Bayern beim Supercup zeigte DAZN erstmals ein nationales Pflichtspielduell. Der Vorbericht startete ab 20.00 Uhr und die Herren Schl\u00fcter &amp; Gunesch bereiteten die Zuschauer mit kaum Werbung und vielen taktischen Analysen sehr gut auf die 90 Minuten vor. Durch diese f\u00fchrte Jan Platte aus meiner Perspektive \u00fcberragend, w\u00e4hrend Daniel Herzog Interviews f\u00fchrte. Zwei Wochen sp\u00e4ter zum Bundesliga-Auftakt gab es dann das selbe Quartett im selben Umfang. Dar\u00fcber hinaus gab es eine zus\u00e4tzliches Angebot mit dem Legenden-Kommentars von Uli Hebel und nat\u00fcrlich Fritz von Thurn und Taxis. Diese \u00dcbertragung \u00fcberzeugte genauso, war aber im Nachhinein die aller letzte mit einem halbst\u00fcndigen Vorlauf. An den Spieltagen zwei und drei gab es jeweils nur 15 Minuten Vorberichterstattung. Selbstverst\u00e4ndlich sorgte dies f\u00fcr weniger Analysen, weniger Stimmen, etc. Mir pers\u00f6nlich ist und war diese Viertelstunde zu kurz, aber immer noch besser als das was uns im September \u00fcberrumpelte.<\/p>\n\n\n\n<p><strong>September-Dezember 2019 \u2013 \u00dcbertragungen aus der Box<\/strong><\/p>\n\n\n\n<p>Am vierten Spieltag kam es zu der \u00dcberraschung, dass DAZN das Bundesligaspiel Fortuna D\u00fcsseldorf gegen den VfL Wolfsburg aus der Box \u00fcbertrug, bzw. das mit Daniel Herzog als Field-Reporter nur ein On-Air Gesicht im Stadion war. Finanzielle Gr\u00fcnde hin oder her: Alle Spiele aus Deutschlands h\u00f6chster Spielklasse sollten\/m\u00fcssen aus dem Stadion kommentiert werden. Die &#8222;Schuld&#8220; liegt bei diesem Thema nat\u00fcrlich beim vorgegebenen Budget. Bis zum Ende der R\u00fcckrunde kamen die \u00dcbertragungen mal aus dem Stadion und mal aus der Box. <\/p>\n\n\n\n<p><strong>Januar-M\u00e4rz 2020 \u2013 Nur im Stadion bei Bayern und Dortmund<\/strong><\/p>\n\n\n\n<p>Bis zur unfreiwilligen Spielunterbrechung gab es insgesamt 10 \u00dcbertragungen. Vor Ort war DAZN nur bei den dreien bei denen Bayern oder Dortmund beteiligt waren. Die anderen sieben \u00dcbertragungen waren nat\u00fcrlich auch gut, trotzdem kommt es qualitativ nicht an \u00dcbertragungen aus dem Stadion ran.<\/p>\n\n\n\n<p><strong>Mai-Juni 2020 \u2013 Verwirrung um Rechte<\/strong><\/p>\n\n\n\n<p>Zum Re-Start vor einem knappen gab es die Verwirrung, was es damit auf sich hatte hat Leon im Beitrag <a href=\"http:\/\/kommentatorenblog.de\/?p=2150\">1073<\/a> ausf\u00fchrlich erkl\u00e4rt. Die bisherigen neun \u00dcbertragungen waren aus meiner Sicht gut. Man hat die Fan-Atmosph\u00e4re angeboten, hat die Post-Match Show installiert und so gut wie m\u00f6glich den Interviewer vor Ort eingebaut.<\/p>\n\n\n\n<p><strong>Pers\u00f6nliches Fazit<\/strong><\/p>\n\n\n\n<p>F\u00fcr die ersten 39 \u00dcbertragungen gebe ich eine 2-. Gut gefallen hat mir das kompetente Personal, der Fokus auf den Fussball und der Umgang mit dem Fussball seit dem Re-Start. Weniger gut waren aus meiner Sicht die \u00dcbertragungen aus der Box und der wirklich sehr kurze Vorlauf.<\/p>\n\n\n\n<p>Wie hat euch das erste Bundesliga Jahr von DAZN gefallen? W\u00fcrdet ihr gerne h\u00e4ufiger solche R\u00fcckblicke haben? Meinungen gerne in die Kommentare. <\/p>\n\n\n\n<p><strong>Premier-League Comeback<\/strong><\/p>\n\n\n\n<p>Und eine Sache wollen wir nat\u00fcrlich nicht unterschlagen. Diese Woche gibt\u00b4s den Re-Start der Premier League &#8211; zun\u00e4chst mit zwei Nachholspielen. Sky legt aber quasi noch einen drauf. Die folgenden ersten drei Spieltage nach der Unterbrechung wird Sky komplett live \u00fcbertragen. In Bezug auf die Spieltage 33-38 wird auf die konkrete Terminansetzung seitens der Engl\u00e4nder gewartet. Aber auch hier soll &#8222;umfangreicher als je zuvor&#8220; \u00fcber die h\u00f6chste englische Spielklasse berichtet werden. Insgesamt denken wir, dass dies eine feine Sache ist. Schlie\u00dflich bietet Sky dem Zuschauer in den kommenden Wochen mehr Live-Fu\u00dfball aus England, als er quasi bezahlt hat. Das &#8222;Match of the week&#8220; wird weiterhin von Schmiso und dem Expertentrio um Adler, Meijer und Petric begleitet. <\/p>\n\n\n\n<p>Und jetzt werfen wir einen Blick auf die wirklich interessanten Ansetzungen der kommenden Woche! <\/p>\n\n\n\n<p><em><strong>Die Ansetzungen vom 16. Mai 2020 bis zum 18. Mai 2020<\/strong><\/em><\/p>\n\n\n\n<p><strong>Bundesliga, 32. Spieltag<\/strong><\/p>\n\n\n\n<p><span style=\"text-decoration: underline;\">Dienstag, 16. Juni, ab 17.30 Uhr (Sky)<\/span><\/p>\n\n\n\n<p><strong><em>Borussia M&#8217;Gladbach \u2013&nbsp;VfL Wolfsburg (18.30 Uhr)<\/em><\/strong><\/p>\n\n\n\n<p>Sky: Wolff Fuss<\/p>\n\n\n\n<p>Field-Reporter: Martin Gro\u00df <\/p>\n\n\n\n<p><span style=\"text-decoration: underline;\">ab 20.00 Uhr (Sky)<\/span><\/p>\n\n\n\n<p><strong><em>SV Werder Bremen \u2013&nbsp;FC Bayern M\u00fcnchen (20.30 Uhr)<\/em><\/strong><\/p>\n\n\n\n<p>Sky: Kai Dittmann (Einzelspiel), Florian Schmidt-Sommerfeld (#CouchKurve), Frank Buschmann (Konferenz)<\/p>\n\n\n\n<p>Field-Reporter: Marcus Lindemann<\/p>\n\n\n\n<p><span style=\"text-decoration: underline;\">ab 20.20 Uhr (Sky)<\/span><\/p>\n\n\n\n<p><strong><em>SC Freiburg \u2013&nbsp;Hertha BSC (20.30 Uhr)<\/em><\/strong><\/p>\n\n\n\n<p>Sky: Roland Evers (Einzelspiel), Jonas Friedrich (Konferenz)<\/p>\n\n\n\n<p>Field-Reporter: Ulli Potofski<\/p>\n\n\n\n<p><strong><em>Union Berlin \u2013&nbsp;SC Paderborn (20.30 Uhr)<\/em><\/strong><\/p>\n\n\n\n<p>Sky: Oliver Seidler (Einzelspiel), Klaus Veltmann (Konferenz)<\/p>\n\n\n\n<p>Field-Reporter: Michael Leopold<\/p>\n\n\n\n<p>Moderation: Sebastian Hellmann,&nbsp;Experte: Lothar Matth\u00e4us<\/p>\n\n\n\n<p><span style=\"text-decoration: underline;\">Mittwoch, 17. Juni, ab 18.15 Uhr (DAZN\/Amazon Prime)<\/span><\/p>\n\n\n\n<p><em><strong>Eintracht Frankfurt \u2013&nbsp;FC Schalke 04 (18.30 Uhr)<\/strong><\/em><\/p>\n\n\n\n<p>DAZN: Jan Platte, Field-Reporter: Daniel Herzog<\/p>\n\n\n\n<p>Prime Video: Christoph Fetzer, Experte: Mirko Slomka<\/p>\n\n\n\n<p>Moderation (DAZN): Alex Schl\u00fcter, Experte: Ralph Gunesch<\/p>\n\n\n\n<p>Moderation (Prime Video): Benni Zander, Field-Reporter: Markus Herwig<\/p>\n\n\n\n<p><span style=\"text-decoration: underline;\">ab 19.30 Uhr (Sky)<\/span><\/p>\n\n\n\n<p><strong><em>Borussia Dortmund \u2013&nbsp;1.FSV Mainz 05 (20.30 Uhr)<\/em><\/strong><\/p>\n\n\n\n<p>Sky: Marcus Lindemann (Einzelspiel), Frank Buschmann (Konferenz)<\/p>\n\n\n\n<p>Field-Reporter: Patrick Wasserziehr<\/p>\n\n\n\n<p><strong><em>Bayer 04 Leverkusen \u2013&nbsp;1. FC K\u00f6ln (20.30 Uhr)<\/em><\/strong><\/p>\n\n\n\n<p>Sky: Tom Bayer (Einzelspiel), Toni Tomic (Konferenz)<\/p>\n\n\n\n<p>Field-Reporter: Martin Gro\u00df<\/p>\n\n\n\n<p><strong><em>RB Leipzig \u2013&nbsp;Fortuna D\u00fcsseldorf (20.30 Uhr)<\/em><\/strong><\/p>\n\n\n\n<p>Sky: Oliver Seidler (Einzelspiel), Kai Dittmann (Konferenz)<\/p>\n\n\n\n<p>Field-Reporterin: Britta Hofmann<\/p>\n\n\n\n<p><strong><em>FC Augsburg \u2013 TSG 1899 Hoffenheim (20.30 Uhr)<\/em><\/strong><\/p>\n\n\n\n<p>Sky: Roland Evers (Einzelspiel), Markus G\u00f6tz (Konferenz)<\/p>\n\n\n\n<p>Field-Reporterin: Jessica Libbertz<\/p>\n\n\n\n<p>Moderation: Esther Sedlaczek, Experte: Didi Hamann<\/p>\n\n\n\n<p><strong>2. Bundesliga, 32. Spieltag<\/strong><\/p>\n\n\n\n<p><span style=\"text-decoration: underline;\">Dienstag, 16. Juni, ab 18.00 Uhr (Sky)<\/span><\/p>\n\n\n\n<p><strong><em>Hamburger SV \u2013 VfL Osnabr\u00fcck (18.30 Uhr)<\/em><\/strong><\/p>\n\n\n\n<p>Sky: Holger Pfandt, Interviews: Schalte<\/p>\n\n\n\n<p><strong><em>SpVgg Greuther F\u00fcrth \u2013 1. FC Heidenheim (18.30 Uhr)<\/em><\/strong><\/p>\n\n\n\n<p>Sky: Sven Haist<\/p>\n\n\n\n<p><em><strong>SV Wehen Wiesbaden&nbsp;\u2013&nbsp;1. FC N\u00fcrnberg (18.30 Uhr)<\/strong><\/em><\/p>\n\n\n\n<p>Sky: Heiko Mallwitz, Interviews: Schalte<\/p>\n\n\n\n<p>Moderation: Peter Hardenacke<\/p>\n\n\n\n<p><span style=\"text-decoration: underline;\">Mittwoch, 17. Juni 2020, ab 18.00 Uhr (Sky)<\/span><\/p>\n\n\n\n<p><strong><em>VfB Stuttgart \u2013 SV Sandhausen (18.30 Uhr)<\/em><\/strong><\/p>\n\n\n\n<p>Sky: Holger Pfandt, Interviews: Schalte<\/p>\n\n\n\n<p><strong><em>Hannover 96 \u2013 FC St. Pauli (18.30 Uhr)<\/em><\/strong><\/p>\n\n\n\n<p>Sky: Sven Haist<\/p>\n\n\n\n<p><strong><em>Jahn Regensburg \u2013 Karlsruher SC (18.30 Uhr)<\/em><\/strong><\/p>\n\n\n\n<p>Sky: Klaus Veltmann, Interviews: Schalte<\/p>\n\n\n\n<p><strong><em>Erzgebirge Aue \u2013 VfL Bochum (18.30 Uhr)<\/em><\/strong><\/p>\n\n\n\n<p>Sky: Karsten Petrzika<\/p>\n\n\n\n<p>Moderation: Stefan Hempel<\/p>\n\n\n\n<p><span style=\"text-decoration: underline;\">Donnerstag, 18. Juni 2020, ab 18.00 Uhr (Sky)<\/span><\/p>\n\n\n\n<p><strong><em>Holstein Kiel \u2013 Dynamo Dresden (18.30 Uhr)<\/em><\/strong><\/p>\n\n\n\n<p>Sky: Roland Evers, Interviews: Schalte<\/p>\n\n\n\n<p><span style=\"text-decoration: underline;\">ab 20.25 Uhr (Sky)<\/span><\/p>\n\n\n\n<p><strong><em>Arminia Bielefeld \u2013 SV Darmstadt 98 (20.30 Uhr)<\/em><\/strong><\/p>\n\n\n\n<p>Sky: Toni Tomic, Field-Reporter: Dirk Gro\u00dfe Schlarmann <\/p>\n\n\n\n<p>Moderation: Yannick Erkenbrecher<\/p>\n\n\n\n<p><strong>3. Liga, 33. Spieltag<\/strong><\/p>\n\n\n\n<p><span style=\"text-decoration: underline;\">Dienstag, 16. Juni 2020, ab 18.45 Uhr (Magenta Sport)<\/span><\/p>\n\n\n\n<p><strong><em>Konferenz (19.00 Uhr)<\/em><\/strong><\/p>\n\n\n\n<p>Magenta Sport: Alexander Klich und Martin Piller<\/p>\n\n\n\n<p><strong><em>FC Ingolstadt \u2013 Eintracht Braunschweig (19.00 Uhr)<\/em><\/strong><\/p>\n\n\n\n<p>Magenta Sport: Oskar Heirler<\/p>\n\n\n\n<p><strong><em>Chemnitzer FC \u2013 Preu\u00dfen M\u00fcnster (19.00 Uhr)<\/em><\/strong><\/p>\n\n\n\n<p>Magenta Sport: Andreas Mann<\/p>\n\n\n\n<p><strong><em>W\u00fcrzburger Kickers \u2013 1. FC Kaiserslautern (19.00 Uhr)<\/em><\/strong><\/p>\n\n\n\n<p>Magenta Sport: Alex Kunz<\/p>\n\n\n\n<p><span style=\"text-decoration: underline;\">ab 20.15 Uhr (Magenta Sport)<\/span><\/p>\n\n\n\n<p><strong><em>Viktoria K\u00f6ln \u2013 TSV 1860 M\u00fcnchen (20.30 Uhr)<\/em><\/strong><\/p>\n\n\n\n<p>Magenta Sport: Markus H\u00f6hner<\/p>\n\n\n\n<p><strong><em>Hallescher FC \u2013 1. FC Magdeburg (20.30 Uhr)<\/em><\/strong><\/p>\n\n\n\n<p>Magenta Sport: Lenny Leonhardt <\/p>\n\n\n\n<p>MDR: tba<\/p>\n\n\n\n<p><span style=\"text-decoration: underline;\">Mittwoch, 17. Juni 2020, ab 18.45 Uhr (Magenta Sport)<\/span><\/p>\n\n\n\n<p><strong><em>Konferenz (19.00 Uhr)<\/em><\/strong><\/p>\n\n\n\n<p>Magenta Sport: Alexander Klich und Martin Piller<\/p>\n\n\n\n<p><strong><em>Sonnenhof Gro\u00dfaspach<\/em><\/strong> <strong><em>\u2013 FSV Zwickau (19.00 Uhr)<\/em><\/strong><\/p>\n\n\n\n<p>Magenta Sport: Alex Kunz<\/p>\n\n\n\n<p><strong><em>FC Bayern M\u00fcnchen II \u2013 SV Meppen (19.00 Uhr)<\/em><\/strong><\/p>\n\n\n\n<p>Magenta Sport: Franz B\u00fcchner <\/p>\n\n\n\n<p><strong><em>SpVgg Unterhaching \u2013 SV Waldhof Mannheim (19.00 Uhr)<\/em><\/strong><\/p>\n\n\n\n<p>Magenta Sport: Oskar Heirler<\/p>\n\n\n\n<p><span style=\"text-decoration: underline;\">ab 20.15 Uhr (Magenta Sport)<\/span><\/p>\n\n\n\n<p><strong><em>KFC Uerdingen \u2013 MSV Duisburg (20.30 Uhr)<\/em><\/strong><\/p>\n\n\n\n<p>Magenta Sport: Christian Stra\u00dfburger<\/p>\n\n\n\n<p><strong><em>Hansa Rostock \u2013 FC Carl Zeiss Jena (20.30 Uhr)<\/em><\/strong><\/p>\n\n\n\n<p>Magenta Sport: Gari Paubandt <\/p>\n\n\n\n<p><strong>Frauen-Bundesliga, 20. Spieltag<\/strong><\/p>\n\n\n\n<p><span style=\"text-decoration: underline;\">Mittwoch, 17. Juni 2020, ab 13.45 Uhr (Eurosport bzw. ab 14.00 Uhr (Magenta Sport)<\/span><\/p>\n\n\n\n<p><strong><em>VfL Wolfsburg \u2013 SC Freiburg (14.00 Uhr)<\/em><\/strong><\/p>\n\n\n\n<p>Eurosport: Matthias Stach<\/p>\n\n\n\n<p>Magenta Sport: Christoph Stadtler<\/p>\n\n\n\n<p>Moderation (Eurosport): Anna Kraft<\/p>\n\n\n\n<p><strong><em>1. FC K\u00f6ln \u2013 FC Bayern M\u00fcnchen (14.00 Uhr)<\/em><\/strong><\/p>\n\n\n\n<p>Magenta Sport: Martin Piller<\/p>\n\n\n\n<p><strong>Premier League, 28. Spieltag (Nachholspiele)<\/strong><\/p>\n\n\n\n<p><span style=\"text-decoration: underline;\">Mittwoch, 17. Mai 2020, ab 18.50 Uhr (Sky)<\/span><\/p>\n\n\n\n<p><strong><em>Aston Villa \u2013 Sheffield United (19.00 Uhr)<\/em><\/strong><\/p>\n\n\n\n<p>Sky: Jogi Hebel <\/p>\n\n\n\n<p><span style=\"text-decoration: underline;\">ab 21.00 Uhr (Sky)<\/span><\/p>\n\n\n\n<p><strong><em>Manchester City \u2013 FC Arsenal (21.15 Uhr)<\/em><\/strong><\/p>\n\n\n\n<p>Sky: Wolff Fuss<\/p>\n\n\n\n<p><strong>Internationaler Fussball<\/strong><\/p>\n\n\n\n<p><span style=\"text-decoration: underline;\">Dienstag, 16. Juni 2020<\/span><\/p>\n\n\n\n<p>LaLiga, 29. Spieltag:&nbsp;<strong><em>FC Getafe \u2013 Espanyol Barcelona (19.30 Uhr)<\/em><\/strong><\/p>\n\n\n\n<p>DAZN: Nico Seepe<\/p>\n\n\n\n<p>LaLiga, 29. Spieltag: <strong><em>FC Barcelona \u2013 CD Leganes (22.00 Uhr)<\/em><\/strong><\/p>\n\n\n\n<p>DAZN: Marco Hagemann, Experte: Jonas Hummels <\/p>\n\n\n\n<p>Moderation (DAZN): Lukas Sch\u00f6nm\u00fcller <\/p>\n\n\n\n<p>Liga NOS, 27. Spieltag: <strong><em>CD Aves \u2013 FC Porto (22.15 Uhr)<\/em><\/strong><\/p>\n\n\n\n<p>DAZN: Martin Sedlacek <\/p>\n\n\n\n<p><span style=\"text-decoration: underline;\">Mittwoch, 17. Juni 2020<\/span><\/p>\n\n\n\n<p>LaLiga, 29. Spieltag: <strong><em>SD Eibar \u2013 Athletic Bilbao (19.30 Uhr)<\/em><\/strong><\/p>\n\n\n\n<p>DAZN: Matthias Naebers<\/p>\n\n\n\n<p>Copa Italia, Finale: <strong><em>SSC Neapel \u2013 Juventus Turin (21.00 Uhr)<\/em><\/strong><\/p>\n\n\n\n<p>DAZN: Carsten Fu\u00df, Experte: Christian Bernhard<\/p>\n\n\n\n<p>Moderation (DAZN): Christoph Stadtler<\/p>\n\n\n\n<p>LaLiga, 29. Spieltag: <strong><em>Osasuna \u2013 Athletico Madrid (22.00 Uhr)<\/em><\/strong><\/p>\n\n\n\n<p>DAZN: Tobi Fischbeck <\/p>\n\n\n\n<p>Liga NOS, 27. Spieltag: <strong><em>Rio Ave \u2013 Benfica Lissabon (22.15 Uhr)<\/em><\/strong><\/p>\n\n\n\n<p>DAZN: Hans von Brockhausen<\/p>\n\n\n\n<p><span style=\"text-decoration: underline;\">Donnerstag, 18. Juni 2020<\/span><\/p>\n\n\n\n<p>LaLiga, 29. Spieltag: <strong><em>Real Madrid \u2013 FC Valencia (22.00 Uhr)<\/em><\/strong><\/p>\n\n\n\n<p>DAZN: Uli Hebel, Experte: Sebastian Knei\u00dfl<\/p>\n\n\n\n<p>Moderation (DAZN): Tobi Wahnschaffe <\/p>\n\n\n\n<p><strong>Die Analyse<\/strong><\/p>\n\n\n\n<p><strong>Ein letztes Mal das &#8222;Topspiel-Setting<\/strong>&#8222;<\/p>\n\n\n\n<p>Der Dienstag startet mit der Begegnung zwischen Gladbach und Wolfsburg. Sebastian Hellmann und Lothar Matt\u00e4us begr\u00fc\u00dfen die Zuschauer aus Unterf\u00f6hring. Kommentiert wird das letzte Topspiel in dieser Saison von Wolff Fuss, der gemeinsam mit Martin Gro\u00df im Borussia-Park ist. F\u00fcr Martin Gro\u00df ist ein Spieltag ohne Einsatz als Kommentator, daf\u00fcr f\u00fchrt er gleich doppelt Interviews. Mittwoch stellt er die Fragen in Leverkusen. <\/p>\n\n\n\n<p><strong>&#8222;Buschi&#8220; ist zur\u00fcck<\/strong><\/p>\n\n\n\n<p>Bei der sp\u00e4ten Schicht steht wenig \u00fcberraschend die Begegnung zwischen Werder und den Bayern im Fokus. Schlie\u00dflich k\u00f6nnen die G\u00e4ste aus M\u00fcnchen Meister werden. Somit gibt es alternativ zu Kai Dittmann, der das Spiel aus dem Weser-Stadion kommentiert, auch die Couchkurve mit Schmiso. <\/p>\n\n\n\n<p>Dar\u00fcber hinaus empf\u00e4ngt Christian Streich mit dem SC Freiburg nicht nur die Hertha, sondern auch Roland Evers und Ulli Potofski. In der alten F\u00f6rsterei gibt es keine \u00dcberraschung. Oliver Seidler ist wie bereits in der ersten englischen Woche nach dem Re-Start in K\u00f6penick. In der Konferenz meldet sich Frank Buschmann nach intensiven Wochen bei Ninja Warrior Germany zur\u00fcck und dann gleich bei Bremen gegen Bayern. Neben Frank Buschmann sind \u2013 wie bereits am Wochenende \u2013 Jonas Friedrich und Klaus Veltmann in der Konferenz zu h\u00f6ren. <\/p>\n\n\n\n<p><strong>Der Kreis schlie\u00dft sich<\/strong> &#8211; <strong>vorerst<\/strong><\/p>\n\n\n\n<p>Das schon bereits schon erw\u00e4hnte letzte regul\u00e4re Saisonspiel f\u00fcr DAZN und Amazon steigt in Frankfurt. DAZN ist mit dem Team, wie bereits bei der im Vorwort angesprochenen Bundesliga \u00dcbertragung Nummer eins, im Einsatz. Alex Schl\u00fcter, Ralph Gunesch, Jan Platte und Daniel Herzog sind gemeint. Im Stadion ist wenig \u00fcberraschend nur letzterer. Bei Prime f\u00fchrt das gewohnte Trio Zander, Slomka und Fetzer durch die \u00dcbertragung. Field-Reporter ist \u2013 Leon hatte es bereits im vergangenen Beitrag angek\u00fcndigt \u2013 Markus Herwig.<\/p>\n\n\n\n<p><strong>Westen fehlt und wieder Buschi <\/strong><\/p>\n\n\n\n<p>Sky startet in den Mittwoch um 19.30 Uhr mit Esther Sedlaczek und Didi Hamann aus M\u00fcnchen. Bei den Einzelspielen sind wie bereits am Vortag Oliver Seidler, Roland Evers und Marcus Lindemann im Einsatz. Tom Bayer ist auch auf Stadiontour. Leverkusen \u2013 K\u00f6ln riecht ja auch quasi nach ihm. Komplett ohne Einsatz ist in dieser Woche Jens Westen. Gef\u00fchlt ist der Mann aus dem hohen Norden der Republik sonst immer am Start.<\/p>\n\n\n\n<p>Mittwoch ist &#8222;Buschi&#8220; wieder in der Konferenz. Nach den Bayern am Vortag \u00fcbernimmt er hier den BVB gegen die Mainzer. Auch Kai Dittmann ist am Mittwoch wieder in der Konferenz. Vierter Konferenz-Einsatz f\u00fcr ihn seit dem Re-Start. Bemerkenswert wenn man bedenkt, dass er vor der Pause nur einmal in dieser zu h\u00f6ren war. Es komplettieren Markus G\u00f6tz und wie bereits an den vergangenen beiden Wochen mit Spieltagen mit Spielen des Effzeh&#8217;s Toni Tomic. Klingt nach einer launigen Runde.<\/p>\n\n\n\n<p><strong>Keine \u00dcberraschungen<\/strong> <strong>in Liga 2 und 3<\/strong><\/p>\n\n\n\n<p>In der zweiten Liga bleiben die \u00dcberraschungen aus. Holger Pfandt kommentiert sowohl den HSV als auch den VfB. Mal schauen, ob und wenn ja welches der beiden Teams er diesmal beim Patzen zuschauen darf. Auch Sven Haist kommentiert doppelt, u.a. auch die Heidenheimer, f\u00fcr die ein Aufstieg ja durchaus m\u00f6glich ist. Die Herren Veltmann, Petrzika, Mallwitz und Evers bekommen ebenfalls ihren \u00fcblichen Einsatz. Arminia Bielefeld wird aller Wahrscheinlichkeit nach am Donnerstag den Aufstieg und eventuell die Meisterschaft auch zu 100% klar machen. Toni Tomic kommentiert aus der Box. Field-Reporter Dirk Gro\u00dfe Schlarmann liefert die Interviews aus der Arena.<\/p>\n\n\n\n<p>Auch in Liga drei sieht alles normal aus. Alex Kunz und Oskar Heirler sind gleich doppelt im Einsatz. Dazu die \u00fcblichen Verd\u00e4chtigen Markus H\u00f6hner und Christian Stra\u00dfburger. In Corona-Zeiten setzt Magenta, noch mehr als zuvor, auf regionale Ansetzungen. <\/p>\n\n\n\n<p>Bei der Frauen-Bundesliga \u00fcbernehmen f\u00fcr Magenta Sport die Herren Stadtler und Piller die Begegnungen von Wolfsburg und den Bayern. Wolfsburg w\u00fcrde im Falle eines Sieges gegen Freiburg Meister werden. Grund genug f\u00fcr Eurosport die Partie zu \u00fcbertragen. Matthias Stach wird die Partie kommentieren, w\u00e4hrend Anna Kraft aus ihrem Home-Studio durch die Sendung f\u00fchren wird.<\/p>\n\n\n\n<p><strong>Comeback-Time<\/strong><\/p>\n\n\n\n<p>Die Premier League kehrt am Mittwoch mit zwei Nachholspielen zur\u00fcck. Die fr\u00fche Partie aus dem Villa Park kommentiert Jogi Hebel, der ja auch das letzte Spiel vor der Pause Anfang M\u00e4rz kommentierte. Zur Ansto\u00dfzeit um 21.15 Uhr gibt sich schlie\u00dflich Wolff Fuss die Ehre um das Spitzenspiel zwischen Man City und den Gunners zu kommentieren. Premier League Spiel Nummer drei f\u00fcr die Nummer eins von Sky.<\/p>\n\n\n\n<p><strong>Sonst ist noch ne Menge los in Europa<\/strong><\/p>\n\n\n\n<p>Die spanische Liga ist auch mit einer englischen Woche unterwegs. Da DAZN&#8217;s Chefkommentator Jan Platte ja bereits Bundesliga kommentiert, sind die anderen &#8222;Schwergewichte&#8220; Marco Hagemann und Uli Hebel mit Barca bzw. Real besch\u00e4ftigt. Diese beiden Spiele sind wenig \u00fcberraschend auch mit Moderatoren und Experten besetzt. Die Herren Sch\u00f6nm\u00fcller, Hummels, Wahnschaffe und Knei\u00dfl kommen da zudem nicht wahnsinnig \u00fcberraschend. Die drei weiteren Spiele, die es mit deutschem Kommentar gibt obliegen Nico Seepe, Tobi Fischbeck und dem gesch\u00e4tzten Matthias Naebers.<\/p>\n\n\n\n<p>In Italien ist am Mittwoch Finalzeit im nationalen Pokal. Selbstverst\u00e4ndlich eine Sache f\u00fcr Carsten Fu\u00df und Christian Bernhard. Als Moderator kommt, da die Herren Schl\u00fcter, Herzog, Wahnschaffe und Sch\u00f6nm\u00fcller besch\u00e4ftigt sind, Christoph Stadtler zum Einsatz.<\/p>\n\n\n\n<p>Deutschland, England, Spanien und Italien sind analysiert, fehlt nur noch Portugal. Bei DAZN sind es dieser Woche nur noch zwei Spiele mit eigenem Kommentar. Die Herren Sedlacek und Brockhausen sind hier eure Stimmen. Das Personal von Sportdigital reichen wir nach.<\/p>\n\n\n\n<p>Und insgesamt f\u00e4llt auf: Die &#8222;freien&#8220; DAZN-Kommentatoren kehren nach und nach ans Mikro zur\u00fcck. Wir freuen uns und w\u00fcnschen eine sch\u00f6ne Woche!<\/p>\n","protected":false},"excerpt":{"rendered":"<p>N&#8216; Abend allerseits, der 31. Spieltag der Bundesliga ist vorbei. Die n\u00e4chste und letzte englische Woche steht vor der T\u00fcr. Der anstehende Spieltag ist bekannterma\u00dfen der letzte mit verschiedenen Ansto\u00dfzeiten &#8211; unabh\u00e4ngig von Corona. Folglich steht auch das 40. und damit letzte Spiel der regul\u00e4ren Saison an, dass auf DAZN\/Prime zu sehen ist. (Die Relegationsduelle [&hellip;]<\/p>\n","protected":false},"author":5,"featured_media":0,"comment_status":"open","ping_status":"open","sticky":false,"template":"","format":"standard","meta":{"footnotes":""},"categories":[424],"tags":[],"class_list":["post-2467","post","type-post","status-publish","format-standard","hentry","category-bundesliga-und-co"],"_links":{"self":[{"href":"http:\/\/kommentatorenblog.de\/index.php?rest_route=\/wp\/v2\/posts\/2467","targetHints":{"allow":["GET"]}}],"collection":[{"href":"http:\/\/kommentatorenblog.de\/index.php?rest_route=\/wp\/v2\/posts"}],"about":[{"href":"http:\/\/kommentatorenblog.de\/index.php?rest_route=\/wp\/v2\/types\/post"}],"author":[{"embeddable":true,"href":"http:\/\/kommentatorenblog.de\/index.php?rest_route=\/wp\/v2\/users\/5"}],"replies":[{"embeddable":true,"href":"http:\/\/kommentatorenblog.de\/index.php?rest_route=%2Fwp%2Fv2%2Fcomments&post=2467"}],"version-history":[{"count":55,"href":"http:\/\/kommentatorenblog.de\/index.php?rest_route=\/wp\/v2\/posts\/2467\/revisions"}],"predecessor-version":[{"id":2732,"href":"http:\/\/kommentatorenblog.de\/index.php?rest_route=\/wp\/v2\/posts\/2467\/revisions\/2732"}],"wp:attachment":[{"href":"http:\/\/kommentatorenblog.de\/index.php?rest_route=%2Fwp%2Fv2%2Fmedia&parent=2467"}],"wp:term":[{"taxonomy":"category","embeddable":true,"href":"http:\/\/kommentatorenblog.de\/index.php?rest_route=%2Fwp%2Fv2%2Fcategories&post=2467"},{"taxonomy":"post_tag","embeddable":true,"href":"http:\/\/kommentatorenblog.de\/index.php?rest_route=%2Fwp%2Fv2%2Ftags&post=2467"}],"curies":[{"name":"wp","href":"https:\/\/api.w.org\/{rel}","templated":true}]}}