{"id":2534,"date":"2020-06-22T15:56:02","date_gmt":"2020-06-22T15:56:02","guid":{"rendered":"http:\/\/kommentatorenblog.de\/?p=2534"},"modified":"2020-12-30T16:04:56","modified_gmt":"2020-12-30T16:04:56","slug":"1082-offensichtlich-fakten-und-interessante-details","status":"publish","type":"post","link":"http:\/\/kommentatorenblog.de\/?p=2534","title":{"rendered":"1082 \u2013 offensichtlich Fakten und interessante Details"},"content":{"rendered":"\n<p>*Wer Lust hat, darf gerne im aktuellen Quotenmeter-Podcast reinh\u00f6ren. Wir sprechen nat\u00fcrlich \u00fcber die Bundesliga-Rechtevergabe. Weitere Themen: Der Kommentar aus der Box und die TV-Rechte der Formel1 und der Champions League. <\/p>\n\n\n\n<p><a href=\"http:\/\/m.quotenmeter.de\/mn\/119285\/die-bundesligarechtevergabe-in-der-audio-analyse\">http:\/\/m.quotenmeter.de\/mn\/119285\/die-bundesligarechtevergabe-in-der-audio-analyse<\/a><br><br><br><\/p>\n\n\n\n<p>N\u2019Abend allerseits!<\/p>\n\n\n\n<p>Im <a href=\"http:\/\/kommentatorenblog.de\/?p=2580\">letzten Eintrag<\/a> hatte Dennis sich ja bereits mit der Rechtevergabe in der Bundesliga besch\u00e4ftigt. B-D-C-A war heute die Reihenfolge, in der die Pakete an den Mann gebracht worden sind. Der Versuch einer Aufarbeitung der Geschehnisse folgt \ud83d\ude42 <\/p>\n\n\n\n<p><strong>offensichtliche Fakten<\/strong>&#8230;<\/p>\n\n\n\n<p>Sky bleibt weiterhin wichtigster Medienpartner der Bundesliga. Im Vergleich zur laufenden Rechteaufteilung verliert der Medienkonzern jedoch die beiden Spiele am Sonntag an DAZN. Der Streamingdienst zeigt so in Zukunft quasi mindestens zwei Spiele mehr pro Wochenende! Im Gegenzug werden die Relegation und der Supercup wieder bei Sky laufen. Die Rechte an neun Partien f\u00fcr das Free-TV sicherte sich die RAN-Crew von ProSiebenSat.1.  In der 2.Bundesliga werden alle neun Partien, davon acht exklusiv, bei Sky zu sehen sein. Das neue Spiel am Samstagabend l\u00e4uft zus\u00e4tzlich auch auf Sport1. Beide Rechtepakete Audio landen bei der ARD. Damit verabschiedet sich AmazonMusic aus der Bundesliga.  <\/p>\n\n\n\n<p>BILD sichert sich die Pay-TV-Highlights und das neue Rechtepaket &#8222;Digitale Au\u00dfenwerbung&#8220;. Die Spielzusammenfassungen im Free-TV, die aktuell bei SkySportNews\/Sport1 laufen, gibt\u00b4s ab der \u00fcbern\u00e4chsten Saison bei Sendern der ARD. Die Rechte an Free-Highlight-Clips ab Montag 0.00 Uhr besitzen ARD, Sport1 und das ZDF. Gleichbedeutend mit dem Ende von 100% Bundesliga auf Nitro. In Bezug auf Sportschau. Sportstudio, Doppelpass und Sport im Dritten bleibt alles beim Alten. <\/p>\n\n\n\n<p><strong>interessante Details&#8230;<\/strong><\/p>\n\n\n<blockquote>\n<p>&#8222;Mit mehr als 500 Live-Spielen pro Saison haben wir die Position von Sky als unangefochtene Heimat des Fu\u00dfballs gefestigt. Unsere Kunden k\u00f6nnen mindestens vier weitere Jahre die gr\u00f6\u00dften Spiele und das beste Bundesliga-Erlebnis genie\u00dfen.&#8220; &#8211; Devesh Raj, Vorsitzender der Gesch\u00e4ftsf\u00fchrung von Sky Deutschland\u00a0<\/p>\n<\/blockquote>\n<blockquote>\n<p>&#8222;Das ist ein Meilenstein f\u00fcr uns auf dem Weg, die neue Nummer 1 der Livesport-Anbieter in Deutschland zu werden. Das ist unser Ziel, und mit dem neuen Paket sind wir diesem Ziel einen gro\u00dfen Schritt n\u00e4hergekommen&#8220; &#8211; Thomas de Buhr, Executive Vice President Marketing &amp; Commercial f\u00fcr die Gesch\u00e4fte D-A-CH<\/p>\n<\/blockquote>\n<p>So, das w\u00e4ren die Stimmen der Verantwortlichen von Sky und DAZN. Beide liegen auf ihre Art und Weise nat\u00fcrlich nicht falsch.<\/p>\n<p><strong>zu DAZN: <\/strong>Der Weg f\u00fcr DAZN zur Nummer 1 der Sportanbieter zu werden, ist jedoch noch ein langer. Ja, es ist definitiv der n\u00e4chste gro\u00dfe Schritt, aber die drei wichtigsten Pakete landen bei Sky, dass weiterhin auch alle Spiele der zweiten Liga zeigt. Kosten und Aufwand sind hier in Referenz zu den Einschaltquoten mMn recht gering. Das Zitat von de Buhr gibt\u00b4s unter anderem im Kicker-Interview zu lesen &#8211; fragw\u00fcrdig! Und ja ich wei\u00df, dass eine Partnerschaft zwischen Kicker und DAZN existiert. Nicht falsch verstehen: Ich appelliere hier nicht an DAZN, sondern an den Kicker. Ich finde, dass wird einem seri\u00f6sen und eigentlich unabh\u00e4ngigen Medium nicht gerecht. Mein eigenes Wort zum Sonntag \ud83d\ude42<\/p>\n<p><strong>zu Sky:\u00a0<\/strong>Nach dem h\u00f6chstwahrscheinlichen (Sublizenzen hat\u00b4s schon \u00f6fters gegeben) Verlust der Champions League, hat Sky im nationalen Fu\u00dfball den Schaden in Grenzen gehalten. Ein Szenario, dass Sky alle Spiele der Bundesliga h\u00e4tte zeigen k\u00f6nnen, war von Anfang an ja nicht realistisch. Der Medienkonzern aus Unterf\u00f6hring ist keineswegs Gewinner der Ausschreibung. Zufriedenheit triff das Szenario vielleicht eher. Die Zeiten des Monopols bzw. der richtigen Abr\u00e4umens bei einer Ausschreibung dieser Art, sind einfach vorbei. Unabh\u00e4ngig vom Fu\u00dfball, wird ja ab dem n\u00e4chsten Jahr die Formel1 exklusiv bei Sky laufen. Der Sonntag findet hier quasi einen neuen Sinn. Dar\u00fcber hinaus hat Sky seine Partnerschaft mit Discovery verl\u00e4ngert.\u00a0<\/p>\n<p><strong>Freude bei ran und Sport1<\/strong><\/p>\n<p>Die vermeintlichen Gewinner, wobei ich mich bei teuren Investitionen dieser Art ungerne von &#8222;gewinnen&#8220; spreche, sind ran und Sport1. Killing, Zielke, Kaiser, Morawe, D\u00fcren oder Stach. Namen, die bei den Produktionen auftauchen k\u00f6nnten. Ich bin gespannt, inwiefern Sat1. auf alte\/neue Gesichter setzten wird. Sport1 freut sich \u00fcber die R\u00fcckkehr des Zweitliga-Topspiels in Free-TV. Ob die neue Ansto\u00dfzeit vom Publikum angenommen wird, bezweifel ja nicht nur ich. Viel wichtiger empfinde ich f\u00fcr Sport1 allerdings die Ersteigerung vom Rechtepaket K. Dies erm\u00f6glicht die Ausstrahlung von Spielbildern zur Bundesliga\/2.Bundesliga am Sonntag zwischen 6.00 und 15.00 Uhr. Ohne dieses Paket halte ich die Existenz des Doppelpasses f\u00fcr unm\u00f6glich.\u00a0<\/p>\n<p><strong>Amazon, Telekom und Nitro gehen leer aus<\/strong><\/p>\n<p>Der weitere Blick in die Details zeigt, dass das Rechtepaket von Nitro jetzt bei drei Anbietern liegt. Ich bin gespannt, welche Ideen ARD, ZDF und Sport1 damit verfolgen. In der Folge endet das Experiment 100% Bundesliga. Der wirkliche Erfolg blieb aus.\u00a0<\/p>\n<p>Amazon, dass in der Branche als aussichtsreicher Kandidat f\u00fcr das Recht am Bundesliga-Topspiel galt, geht bei den TV-Rechten komplett leer aus. Die Radio-Zeit von AmazonMusic ist ebenfalls vorerst Geschichte. Die Telekom, die gef\u00fchlt schon eine Hand an der zweiten Liga hatte, fehlte ebenfalls in der Bekanntgabe von DFL-Chef Seifert.\u00a0<\/p>\n<p>Ach, und Fu\u00dfball gespielt wird diese Woche auch noch!<\/p>\n\n\n<p><strong><em>Die Ansetzungen vom 23. Juni 2020 bis zum 25. Juni 2020<\/em><\/strong><\/p>\n\n\n\n<p><strong>3. Liga, 35. Spieltag<\/strong><\/p>\n\n\n\n<p><span style=\"text-decoration: underline;\">Dienstag, 23. Juni 2020, ab 18.45 Uhr (Magenta Sport)<\/span><\/p>\n\n\n\n<p><strong><em>Konferenz (18.45 Uhr)<\/em><\/strong><\/p>\n\n\n\n<p>Magenta Sport: Alex Klich und Martin Piller<\/p>\n\n\n\n<p><strong><em>Chemnitzer FC<\/em><\/strong>&nbsp;<strong><em>\u2013<\/em><\/strong>&nbsp;<strong><em>Eintracht Braunschweig (19.00 Uhr<\/em><\/strong><em><strong>)<\/strong><\/em><\/p>\n\n\n\n<p>Magenta Sport: Lenny Leonhardt <\/p>\n\n\n\n<p><strong><em>KFC Uerdingen 05<\/em><\/strong>&nbsp;<strong><em>\u2013<\/em><\/strong>&nbsp;<strong><em>W\u00fcrzburger Kickers (19.00 Uhr)<\/em><\/strong><\/p>\n\n\n\n<p>Magenta Sport: Markus H\u00f6hner<\/p>\n\n\n\n<p><span style=\"text-decoration: underline;\">ab 20.15 Uhr (Magenta Sport)<\/span><\/p>\n\n\n\n<p><strong><em>Hansa Rostock<\/em><\/strong>&nbsp;<strong><em>\u2013<\/em><\/strong>&nbsp;<strong><em>1.FC Kaiserslautern (20.30 Uhr)<\/em><\/strong><\/p>\n\n\n\n<p>Magenta Sport: Gari Paubandt<\/p>\n\n\n\n<p><strong><em>Viktoria K\u00f6ln<\/em><\/strong>&nbsp;<strong><em>\u2013<\/em><\/strong>&nbsp;<strong><em>MSV Duisburg (20.30 Uhr)<\/em><\/strong><\/p>\n\n\n\n<p>Magenta Sport: Christian Stra\u00dfburger <\/p>\n\n\n\n<p><span style=\"text-decoration: underline;\">Mittwoch, 24. Juni 2020, ab 18.45 Uhr (Magenta Sport)<\/span><\/p>\n\n\n\n<p><strong><em>Konferenz (18.45 Uhr)<\/em><\/strong><\/p>\n\n\n\n<p>Magenta Sport: Alex Klich und Martin Piller<\/p>\n\n\n\n<p><strong><em>Preu\u00dfen M\u00fcnster<\/em><\/strong>&nbsp;<strong><em>\u2013<\/em><\/strong>&nbsp;<strong><em>FSV Zwickau (19.00 Uhr<\/em><\/strong><em><strong>)<\/strong><\/em><\/p>\n\n\n\n<p>Magenta Sport: Markus H\u00f6hner <\/p>\n\n\n\n<p><strong><em>SpVgg Unterhaching \u2013<\/em><\/strong>&nbsp;<strong><em>1.FC Magdeburg (19.00 Uhr)<\/em><\/strong><\/p>\n\n\n\n<p>Magenta Sport: Franz B\u00fcchner <\/p>\n\n\n\n<p><strong><em>SG Sonnenhof Gro\u00dfaspach \u2013<\/em><\/strong>&nbsp;<strong><em>SV Meppen (19.00 Uhr)<\/em><\/strong><\/p>\n\n\n\n<p>Magenta Sport: Alex Kunz<\/p>\n\n\n\n<p><span style=\"text-decoration: underline;\">ab 20.15 Uhr (Magenta Sport)<\/span><\/p>\n\n\n\n<p><strong><em>Hallescher FC \u2013<\/em><\/strong>&nbsp;<strong><em>Carl Zeiss Jena (20.30 Uhr)<\/em><\/strong><\/p>\n\n\n\n<p>Magenta Sport: Lenny Leonhardt <\/p>\n\n\n\n<p><strong><em>FC Bayern M\u00fcnchen II<\/em><\/strong>&nbsp;<strong><em>\u2013<\/em><\/strong>&nbsp;<strong><em>TSV 1860 M\u00fcnchen (20.30 Uhr)<\/em><\/strong><\/p>\n\n\n\n<p>Magenta Sport: Oskar Heirler<\/p>\n\n\n\n<p><strong><em>FC Ingolstadt<\/em><\/strong>&nbsp;<strong><em>\u2013<\/em><\/strong>&nbsp;<strong><em>Waldhof Mannheim (20.30 Uhr)<\/em><\/strong><\/p>\n\n\n\n<p>Magenta Sport: Andreas Mann <\/p>\n\n\n\n<p><strong>Relegation zum Aufstieg in die 3.Liga &#8211; Hinspiel<\/strong><\/p>\n\n\n\n<p><span style=\"text-decoration: underline;\">Donnerstag, 25. Juni 2020 (Magenta Sport)<\/span><\/p>\n\n\n\n<p><strong><em>Lok Leipzig \u2013<\/em><\/strong>&nbsp;<strong><em>SC Verl (17.00 Uhr<\/em><\/strong><em><strong>)<\/strong><\/em><\/p>\n\n\n\n<p>Magenta Sport: Gari Paubandt <\/p>\n\n\n\n<p><strong>Premier League, 30. Spieltag<\/strong><\/p>\n\n\n\n<p><span style=\"text-decoration: underline;\">Dienstag, 23. Juni 2020, ab 18.50 Uhr (Sky)<\/span><\/p>\n\n\n\n<p><strong><em>Leicester City \u2013 Brighton &amp; Hove Albion (19.00 Uhr)<\/em><\/strong><\/p>\n\n\n\n<p>Sky: Joachim Hebel<\/p>\n\n\n\n<p><span style=\"text-decoration: underline;\">ab 21.00 Uhr (Sky)<\/span><\/p>\n\n\n\n<p><strong><em>Tottenham Hotspur \u2013 West Ham United (21.15 Uhr)<\/em><\/strong><\/p>\n\n\n\n<p>Sky: Hannes Herrmann<\/p>\n\n\n\n<p><span style=\"text-decoration: underline;\">Mittwoch, 24. Juni 2020, ab 18.50 Uhr (Sky)<\/span><\/p>\n\n\n\n<p><strong><em>Manchester United \u2013 Sheffield United (19.00 Uhr)<\/em><\/strong><\/p>\n\n\n\n<p>Sky: Toni Tomic<\/p>\n\n\n\n<p><strong><em>Newcastle United \u2013 Aston Villa (19.00 Uhr)<\/em><\/strong><\/p>\n\n\n\n<p>Sky: Sven Schr\u00f6ter <\/p>\n\n\n\n<p><strong><em>Norwich City \u2013 FC Everton (19.00 Uhr)<\/em><\/strong><\/p>\n\n\n\n<p>Sky: Hannes Herrmann <\/p>\n\n\n\n<p><strong><em>Wolverhampton Wanderers \u2013 AFC Bournemouth (19.00 Uhr)<\/em><\/strong><\/p>\n\n\n\n<p>Sky: Marcel Meinert <\/p>\n\n\n\n<p><span style=\"text-decoration: underline;\">ab 20.45 Uhr (Sky)<\/span><\/p>\n\n\n\n<p><strong><em>FC Liverpool \u2013 Crystal Palace (21.15 Uhr)<\/em><\/strong><\/p>\n\n\n\n<p>Sky: Florian Schmidt-Sommerfeld, Experte: Erik Meijer<\/p>\n\n\n\n<p><span style=\"text-decoration: underline;\">Donnerstag, 25. Juni 2020, ab 18.50 Uhr (Sky)<\/span><\/p>\n\n\n\n<p><strong><em>FC Burnley \u2013 FC Watford (19.00 Uhr)<\/em><\/strong><\/p>\n\n\n\n<p>Sky: Joachim Hebel<\/p>\n\n\n\n<p><strong><em>FC Southhampton \u2013 FC Arsenal (19.00 Uhr)<\/em><\/strong><\/p>\n\n\n\n<p>Sky: Roland Evers <\/p>\n\n\n\n<p><span style=\"text-decoration: underline;\">ab 21.00 Uhr (Sky)<\/span><\/p>\n\n\n\n<p><strong><em>FC Chelsea \u2013 <\/em><\/strong><strong><em>Manchester City<\/em><\/strong> <strong><em>(21.15 Uhr)<\/em><\/strong><\/p>\n\n\n\n<p>Sky: Florian Schmidt-Sommerfeld, Experte: Erik Meijer<\/p>\n\n\n\n<p><strong>Internationaler Fu\u00dfball<\/strong><\/p>\n\n\n\n<p><span style=\"text-decoration: underline;\">Dienstag, 23. Juni 2020<\/span><\/p>\n\n\n\n<p>LaLiga, 31. Spieltag:&nbsp;<strong><em>UD Levante \u2013 Atl\u00e9tico Madrid (19.30 Uhr)<\/em><\/strong><\/p>\n\n\n\n<p>DAZN: Oliver Forster <\/p>\n\n\n\n<p>Serie A, 28. Spieltag:&nbsp;<strong><em>Hellas Verona \u2013 SSC Neapel (19.30 Uhr)<\/em><\/strong><\/p>\n\n\n\n<p>DAZN: Tom Kirsten <\/p>\n\n\n\n<p>Liga NOS, 28. Spieltag:&nbsp;<strong><em>Benfica Lissabon \u2013 CD Santa Clara (20.15 Uhr)<\/em><\/strong><\/p>\n\n\n\n<p>DAZN: Max Gross<\/p>\n\n\n\n<p>sportdigital FUSSBALL:  Karsten Linke<\/p>\n\n\n\n<p>LaLiga, 31. Spieltag:&nbsp;<strong><em>FC Barcelona \u2013 CD Leganes (22.00 Uhr)<\/em><\/strong><\/p>\n\n\n\n<p>DAZN: Marco Hagemann, Experte: Ralph Gunesch<\/p>\n\n\n\n<p>Moderation: Alex Schl\u00fcter<\/p>\n\n\n\n<p>Liga NOS, 28. Spieltag:&nbsp;<strong><em>FC Porto \u2013 Boavista Porto (22.15 Uhr)<\/em><\/strong><\/p>\n\n\n\n<p>sportdigital FUSSBALL: Christian Blunck<\/p>\n\n\n\n<p>DAZN: David Ploch<\/p>\n\n\n\n<p><span style=\"text-decoration: underline;\">Mittwoch, 24. Juni 2020<\/span><\/p>\n\n\n\n<p>Serie A, 28. Spieltag:&nbsp;<strong><em>Inter Mailand \u2013 Sassuolo Calcio (19.30 Uhr)<\/em><\/strong><\/p>\n\n\n\n<p>DAZN: Freddy Harder, Experte: Sebastian Knei\u00dfl <\/p>\n\n\n\n<p>Fortuna Liga, 32. Spieltag:<strong> <em>Slavia Prag \u2013 Viktoria Pilsen (20.00 Uhr)<\/em><\/strong>  <\/p>\n\n\n\n<p>sportdigital FUSSBALL: Arne Malsch<\/p>\n\n\n\n<p>Serie A, 28. Spieltag:&nbsp;<strong><em>Atalanta Bergamo \u2013 Lazio Rom (21.45 Uhr)<\/em><\/strong><\/p>\n\n\n\n<p>DAZN: Carsten Fu\u00df, Experte: Christian Bernhard<\/p>\n\n\n\n<p>Moderation: Sebastian Benesch<\/p>\n\n\n\n<p>Serie A, 28. Spieltag:&nbsp;<strong><em>AS Rom \u2013 Sampdoria Genua (21.45 Uhr)<\/em><\/strong><\/p>\n\n\n\n<p>DAZN: Mario Rieker<\/p>\n\n\n\n<p>LaLiga, 31. Spieltag:&nbsp;<strong><em>Real Madrid \u2013 Real Mallorca (22.00 Uhr)<\/em><\/strong><\/p>\n\n\n\n<p>DAZN: Lukas Sch\u00f6nm\u00fcller, Experte: Michael Hofmann<\/p>\n\n\n\n<p><span style=\"text-decoration: underline;\">Donnerstag, 25. Juni<\/span><\/p>\n\n\n\n<p>Ekstraklasa, 32. Spieltag:&nbsp; <strong><em>Slask Wroclaw<\/em><\/strong> <strong><em>\u2013<\/em><\/strong> <strong><em>Cracovia Krakau (19.00 Uhr)<\/em><\/strong><\/p>\n\n\n\n<p>sportdigital FUSSBALL: Florian Obst<\/p>\n\n\n\n<p>LaLiga, 31. Spieltag:&nbsp;<strong><em>SD Eibar \u2013 FC Valencia (19.30 Uhr)<\/em><\/strong><\/p>\n\n\n\n<p>DAZN: Flo Hauser<\/p>\n\n\n\n<p><strong>Die Analyse<\/strong><\/p>\n\n\n\n<p><strong>Doppeleins\u00e4tze bei MagentaSport<\/strong><\/p>\n\n\n\n<p>In der 3. Liga verzichtet MagentaSport weiterhin auf Moderatoren am Spielfeldrand. Das Duo Klich\/Piller, dass seit dem Re-Start mit dem Konferenz-Dauerabo ausgestattet ist, er\u00f6ffnet die Sendungen jeweils um 18.45 Uhr. Kurz vor Ansto\u00df geht\u00b4s dann r\u00fcber in die Stadien. Lenny Leonhard \u00fcbernimmt &#8222;klassisch&#8220; zwei Partien im Osten der Republik. Sein Pendant im Westen ist in den letzten Wochen ja quasi Markus H\u00f6hner, der in D\u00fcsseldorf und M\u00fcnster am Mikro sitzt. Nummer 3 mit zwei Eins\u00e4tzen f\u00fcr die Telekom ist Gari Paubandt. Dienstag geht\u00b4s f\u00fcr Gari mal wieder zum Stammplatz nach Rostock. Donnerstag k\u00fcmmert sich Paubandt um das Relegations-Hinspiel zum Aufstieg in die 3.Liga. <\/p>\n\n\n\n<p><strong>Kai Dittmann wieder auf &#8222;Abwegen&#8220;<\/strong><\/p>\n\n\n\n<p>In der Premier League bei Sky werden auch diesen Spieltag wieder alle Partien gezeigt. In der Folge d\u00fcrfen Herrmann und Hebel wieder zweimal an Mikro. Die Ansetzungen von Meinert, Tomic, Schr\u00f6ter und Evers gestalten sich auch als &#8222;normal&#8220;. Bis zum Titelgewinn begleitet Sky zudem Liverpool mit dem &#8222;Match of the week&#8220;. Schmiso \u00fcbernimmt nat\u00fcrlich. Experte liefern wir nach. Der Einsatz von Kai Dittmann hingegen bei City gegen Chelsea \u00fcberrascht. Dittmann, der schon am vergangenen Sonntag in Liga2 kommentieren &#8222;musste&#8220;, kompensiert vielleicht so Eins\u00e4tze, die durch die Pause der ATP-Tour wegfallen. Who knows? <\/p>\n\n\n\n<p><strong>Viel los im Rest von Europa!<\/strong><\/p>\n\n\n\n<p>Im Rest von Europa rollt jeden Tag der Ball. Atl\u00e9tico scheint morgen Oliver Forster zu \u00fcbernehmen. Barca macht das beliebte Duo Hagemann\/Gunesch. Schl\u00fcter moderiert. Bei Real hingegen wird auf den Vorbericht verzichtet. Lukas Sch\u00f6nm\u00fcller wird\u00b4s aber auch zusammen mit Michi Hofmann schaffen. Beim SerieA-Topspiel zwischen Atalanta und Lazio erwarten wir einen Vorlauf. Sebastian Benesch kommt zu einem seiner sehr seltenen Eins\u00e4tze aus der Box. <\/p>\n\n\n\n<p>Macht das Beste draus!<\/p>\n","protected":false},"excerpt":{"rendered":"<p>*Wer Lust hat, darf gerne im aktuellen Quotenmeter-Podcast reinh\u00f6ren. Wir sprechen nat\u00fcrlich \u00fcber die Bundesliga-Rechtevergabe. Weitere Themen: Der Kommentar aus der Box und die TV-Rechte der Formel1 und der Champions League. http:\/\/m.quotenmeter.de\/mn\/119285\/die-bundesligarechtevergabe-in-der-audio-analyse N\u2019Abend allerseits! Im letzten Eintrag hatte Dennis sich ja bereits mit der Rechtevergabe in der Bundesliga besch\u00e4ftigt. B-D-C-A war heute die Reihenfolge, in [&hellip;]<\/p>\n","protected":false},"author":3,"featured_media":0,"comment_status":"open","ping_status":"open","sticky":false,"template":"","format":"standard","meta":{"footnotes":""},"categories":[429],"tags":[20,10,49,291,60,13,251,277,122,79,9,43,243,41,290,108,306,189,127,22,134,307],"class_list":["post-2534","post","type-post","status-publish","format-standard","hentry","category-diverses","tag-2-bundesliga","tag-3-liga","tag-alex-schlueter","tag-amazon","tag-bundesliga","tag-dazn","tag-ekstraklasa","tag-fortuna-liga","tag-laliga","tag-liga-nos","tag-magenta-sport","tag-marco-hagemann","tag-mario-rieker","tag-nitro","tag-primevideo","tag-ralph-gunesch","tag-sat-1","tag-sebastian-benesch","tag-serie-a","tag-sky","tag-sportdigital-fussball","tag-tv-rechte"],"_links":{"self":[{"href":"http:\/\/kommentatorenblog.de\/index.php?rest_route=\/wp\/v2\/posts\/2534","targetHints":{"allow":["GET"]}}],"collection":[{"href":"http:\/\/kommentatorenblog.de\/index.php?rest_route=\/wp\/v2\/posts"}],"about":[{"href":"http:\/\/kommentatorenblog.de\/index.php?rest_route=\/wp\/v2\/types\/post"}],"author":[{"embeddable":true,"href":"http:\/\/kommentatorenblog.de\/index.php?rest_route=\/wp\/v2\/users\/3"}],"replies":[{"embeddable":true,"href":"http:\/\/kommentatorenblog.de\/index.php?rest_route=%2Fwp%2Fv2%2Fcomments&post=2534"}],"version-history":[{"count":55,"href":"http:\/\/kommentatorenblog.de\/index.php?rest_route=\/wp\/v2\/posts\/2534\/revisions"}],"predecessor-version":[{"id":2717,"href":"http:\/\/kommentatorenblog.de\/index.php?rest_route=\/wp\/v2\/posts\/2534\/revisions\/2717"}],"wp:attachment":[{"href":"http:\/\/kommentatorenblog.de\/index.php?rest_route=%2Fwp%2Fv2%2Fmedia&parent=2534"}],"wp:term":[{"taxonomy":"category","embeddable":true,"href":"http:\/\/kommentatorenblog.de\/index.php?rest_route=%2Fwp%2Fv2%2Fcategories&post=2534"},{"taxonomy":"post_tag","embeddable":true,"href":"http:\/\/kommentatorenblog.de\/index.php?rest_route=%2Fwp%2Fv2%2Ftags&post=2534"}],"curies":[{"name":"wp","href":"https:\/\/api.w.org\/{rel}","templated":true}]}}