{"id":2638,"date":"2020-06-25T16:17:35","date_gmt":"2020-06-25T16:17:35","guid":{"rendered":"http:\/\/kommentatorenblog.de\/?p=2638"},"modified":"2020-12-30T15:29:38","modified_gmt":"2020-12-30T15:29:38","slug":"1083-entscheidungszeit-hagemann-und-gunesch","status":"publish","type":"post","link":"http:\/\/kommentatorenblog.de\/?p=2638","title":{"rendered":"1083 &#8211; Entscheidungszeit + Hagemann und Gunesch"},"content":{"rendered":"\n<p>N&#8216; Abend Allerseits,<\/p>\n\n\n\n<p>die n\u00e4chste Rechteperiode hin oder her, nat\u00fcrlich liegt am kommenden Wochenende der Fokus auf dem letzten Spieltag der ersten und zweiten Bundesliga. Trotzdem verweise ich an dieser Stelle auf die letzte Sendung vom Quotenmeter FM, in der sich Kollege Leon mit Manuel Weis (Chefredakteur Quotenmeter.de) \u00fcber die Bundesligarechtevergabe unterhalten hat, den Link gibt&#8217;s <a href=\"https:\/\/qmtvpodcast.podspot.de\/files\/567_bundesliga3.mp3\">hier <\/a>(nat\u00fcrlich auch Spotify, iTunes und Co. verf\u00fcgbar)<\/p>\n\n\n\n<p>Zur\u00fcck zum Fussball. Am Dienstagabend habe ich mir die Begegnung zwischen dem FC Barcelona und Athletic Bilbao angesehen. F\u00fcr Barca hege ich \u00e4hnlich wie Fortuna D\u00fcsseldorf und heimatbedingt dem FC Saarbr\u00fccken, neben meinem Herzensclub VfL Wolfsburg, die gr\u00f6\u00dften Sympathien, weshalb mich das angesprochene Spiel wirklich betroffen hat. Die Kreativit\u00e4t, das Tempo im Passspiel der Katalanen war, insbesondere in Halbzeit 1, grauenhaft. Allgemein hat man gesehen, wie abh\u00e4ngig Barca von Lionel Messi ist . Hat er einen schlechten Tag, hat Barca einen schlechten Tag. Aber ich will an dieser Stelle jetzt nicht in die taktische Tiefe gehen, sondern Marco Hagemann und Ralph Gunesch loben. Das Duo wei\u00df zu unterhalten, nimmt sich dabei aber nie wichtiger als Spiel selbst. Sinnbildlich daf\u00fcr ein von mir rausgesuchtes Zitat, dass eine ironische Diskussion \u00fcber die Videospielk\u00fcnste von Marco Hagemann einl\u00e4utete:<\/p>\n\n\n\n<blockquote class=\"wp-block-quote is-style-large is-layout-flow wp-block-quote-is-layout-flow\"><p> &#8222;Da durch zu kommen Marco, also du vielleicht in deiner besten Zeit, aber ansonsten, klappts heute nicht mal bei Lionel Messi, wie wir sehen&#8220;. <\/p><cite>Ralph Gunesch zu Marco Hagemann \u00fcber  das Abwehrbollwerk von Athletic Bibao<\/cite><\/blockquote>\n\n\n\n<p>Klar solche Scharm\u00fctzel m\u00fcssen nicht jedem gefallen, aber von mir gibt&#8217;s f\u00fcr die Leistung der beiden eine eins mit Sternchen.<\/p>\n\n\n\n<p>Ob und wo Marco Hagemann und Ralph Gunesch an diesem Wochenende eingesetzt werden und nat\u00fcrlich alles zur Bundesliga und 2. Bundesliga, erfahrt ihr in den Ansetzungen und der Analyse!<\/p>\n\n\n\n<p><em><strong>Die Ansetzungen vom 26. Juni 2020 bis zum 29. Juni 2020<\/strong><\/em><\/p>\n\n\n\n<p><strong>Bundesliga, 34. Spieltag<\/strong><\/p>\n\n\n\n<p><span style=\"text-decoration: underline;\">Samstag, 27. Juni 2020, ab 13.30 Uhr (Sky)<\/span><\/p>\n\n\n\n<p><strong><em>VfL Wolfsburg \u2013 FC Bayern M\u00fcnchen (15.30 Uhr)<\/em><\/strong><\/p>\n\n\n\n<p>Sky: Marcus Lindemann (Einzelspiel), Roland Evers (Konferenz)<\/p>\n\n\n\n<p>Field-Reporter: Sebastian Hellmann<\/p>\n\n\n\n<p><strong><em>SV Werder Bremen \u2013 1.FC K\u00f6ln (15.30 Uhr)<\/em><\/strong><\/p>\n\n\n\n<p>Sky: Wolff Fuss (Einzelspiel), Frank Buschmann (Konferenz)<\/p>\n\n\n\n<p>Field-Reporterin: Jessica Libbertz <\/p>\n\n\n\n<p><strong><em>1. FC Union Berlin \u2013 Fortuna D\u00fcsseldorf (15.30 Uhr)<\/em><\/strong><\/p>\n\n\n\n<p>Sky: Martin Gro\u00df (Einzelspiel), Kai Dittmann (Konferenz)<\/p>\n\n\n\n<p>Field-Reporter: Michael Leopold<\/p>\n\n\n\n<p><strong><em>Borussia Dortmund \u2013 TSG Hoffenheim (15.30 Uhr)<\/em><\/strong><\/p>\n\n\n\n<p>Sky: Oliver Seidler (Einzelspiel), Marcel Meinert (Konferenz)<\/p>\n\n\n\n<p>Field-Reporter: Dirk Grosse Schlarmann<\/p>\n\n\n\n<p><strong><em>Borussia M&#8217;Gladbach \u2013 Hertha BSC (15.30 Uhr)<\/em><\/strong><\/p>\n\n\n\n<p>Sky: Tom Bayer (Einzelspiel), Jonas Friedrich (Konferenz)<\/p>\n\n\n\n<p>Field-Reporter: Ecki Heuser<\/p>\n\n\n\n<p><strong><em>Bayer 04 Leverkusen \u2013 1.FSV Mainz 05 (15.30 Uhr)<\/em><\/strong><\/p>\n\n\n\n<p>Sky: Hansi K\u00fcpper (Einzelspiel), Florian Schmidt-Sommerfeld (Konferenz)<\/p>\n\n\n\n<p>Field-Reporter: Ulli Potofski <\/p>\n\n\n\n<p><strong><em>SC Freiburg \u2013 FC Schalke 04 (15.30 Uhr)<\/em><\/strong><\/p>\n\n\n\n<p>Sky: J\u00fcrgen Schmitz (Einzelspiel), J\u00f6rg Dahlmann (Konferenz)<\/p>\n\n\n\n<p>Field-Reporter: Jens Westen<\/p>\n\n\n\n<p><strong><em>FC Augsburg \u2013 RB Leipzig (15.30 Uhr)<\/em><\/strong><\/p>\n\n\n\n<p>Sky: Markus G\u00f6tz (Einzelspiel), Torsten Kunde (Konferenz)<\/p>\n\n\n\n<p>Field-Reporter: Stefan Hempel<\/p>\n\n\n\n<p><strong><em>Eintracht Frankfurt \u2013 SC Paderborn (15.30 Uhr)<\/em><\/strong><\/p>\n\n\n\n<p>Sky: Klaus Veltmann (Einzelspiel), Toni Tomic (Konferenz)<\/p>\n\n\n\n<p>Field-Reporter: Britta Hofmann<\/p>\n\n\n\n<p>Moderation: Esther Sedlaczek, Experten: Lothar Matth\u00e4us und Didi Hamann<\/p>\n\n\n\n<p><strong>2. Bundesliga, 34. Spieltag<\/strong><\/p>\n\n\n\n<p><span style=\"text-decoration: underline;\">Sonntag, 28. Juni 2020, ab 14.30 Uhr (Sky)<\/span><\/p>\n\n\n\n<p><strong><em>DSC Arminia Bielefeld  \u2013 1. FC Heidenheim (15.30 Uhr)<\/em><\/strong><\/p>\n\n\n\n<p>Sky: Marcus Lindemann (Einzelspiel live aus dem Stadion), Markus G\u00f6tz (Konferenz)<\/p>\n\n\n\n<p>Field-Reporter: Dirk Grosse Schlarmann<\/p>\n\n\n\n<p><strong><em>Hamburger SV \u2013 SV Sandhausen (15.30 Uhr)<\/em><\/strong><\/p>\n\n\n\n<p>Sky: Martin Gro\u00df (Einzelspiel live aus dem Stadion), Roland Evers (Konferenz)<\/p>\n\n\n\n<p>Field-Reporter: Jurek Rohrberg<\/p>\n\n\n\n<p><em><strong>VfB Stuttgart \u2013 SV Darmstadt 98 (15.30 Uhr)<\/strong><\/em><\/p>\n\n\n\n<p>Sky: Toni Tomic (Einzelspiel plus Interviews), Kai Dittmann (Konferenz)<\/p>\n\n\n\n<p><em><strong>Holstein Kiel \u2013&nbsp;1.FC N\u00fcrnberg (15.30 Uhr)<\/strong><\/em><\/p>\n\n\n\n<p>Sky: Hansi K\u00fcpper (Einzelspiel plus Interviews), Marcel Meinert (Konferenz)<\/p>\n\n\n\n<p><strong><em>SpVgg Greuther F\u00fcrth \u2013 Karlsruher SC (15.30 Uhr)<\/em><\/strong><\/p>\n\n\n\n<p>Sky: Sascha Roos (Einzelspiel), Jonas Friedrich (Konferenz)<\/p>\n\n\n\n<p>Interviews: Schalte<\/p>\n\n\n\n<p><strong><em>SV Wehen Wiesbaden \u2013 FC St. Pauli (15.30 Uhr)<\/em><\/strong><\/p>\n\n\n\n<p>Sky: Jaron Steiner (Einzelspiel), Heiko Mallwitz (Konferenz)<\/p>\n\n\n\n<p><strong><em>Dynamo Dresden \u2013 VfL Osnabr\u00fcck (15.30 Uhr)<\/em><\/strong><\/p>\n\n\n\n<p>Sky: Karsten Petrzika (Einzelspiel), Sven Schr\u00f6ter (Konferenz)<\/p>\n\n\n\n<p>Interviews: Schalte<\/p>\n\n\n\n<p><strong><em>Hannover 96 \u2013 VfL Bochum (15.30 Uhr)<\/em><\/strong><\/p>\n\n\n\n<p>Sky: Sven Haist (Einzelspiel), Ulli Potofski (Konferenz)<\/p>\n\n\n\n<p><strong><em>SSV Jahn Regensburg \u2013 Erzgebirge Aue (15.30 Uhr)<\/em><\/strong><\/p>\n\n\n\n<p>Sky: Florian Malburg (Einzelspiel), Markus Gaupp (Konferenz)<\/p>\n\n\n\n<p>Moderation: Stefan Hempel<\/p>\n\n\n\n<p><strong>3. Liga, 36. Spieltag<\/strong><\/p>\n\n\n\n<p><span style=\"text-decoration: underline;\">Freitag, 26. Juni 2020, ab 18.45 Uhr (Magenta Sport)<\/span><\/p>\n\n\n\n<p><em><strong>KFC Uerdingen \u2013 Chemnitzer FC&nbsp;(19.00 Uhr)<\/strong><\/em><\/p>\n\n\n\n<p>Magenta Sport: Christian Stra\u00dfburger<\/p>\n\n\n\n<p><span style=\"text-decoration: underline;\">Samstag, 27. Juni 2020, ab 13.45 Uhr (Magenta Sport)\/ab 14.00 Uhr (Dritte)<\/span><\/p>\n\n\n\n<p><strong><em>Konferenz (14.00 Uhr)<\/em><\/strong><\/p>\n\n\n\n<p>Magenta Sport: Alexander Klich &amp; Martin Piller<\/p>\n\n\n\n<p><strong><em>FSV Zwickau \u2013 Eintracht Braunschweig <\/em><\/strong><strong><em>(14.00 Uhr)<\/em><\/strong><\/p>\n\n\n\n<p>Magenta Sport: Lenny Leonhardt<\/p>\n\n\n\n<p>NDR: Matthias Cammann <\/p>\n\n\n\n<p>MDR: Markus Herwig<\/p>\n\n\n\n<p>Moderation (NDR): Ina Kast<\/p>\n\n\n\n<p>Moderation (MDR): Stephanie M\u00fcller-Spirra <\/p>\n\n\n\n<p><strong><em>SV Waldhof Mannheim \u2013 SC Preu\u00dfen M\u00fcnster (14.00 Uhr)<\/em><\/strong><\/p>\n\n\n\n<p>Magenta Sport: Oskar Heirler<\/p>\n\n\n\n<p><strong><em>W\u00fcrzburger Kickers \u2013 Hansa Rostock (14.00 Uhr)<\/em><\/strong><\/p>\n\n\n\n<p>Magenta Sport: Mike M\u00fcnkel<\/p>\n\n\n\n<p>BR: ???<\/p>\n\n\n\n<p>Moderation (BR): Dominik Vischer <\/p>\n\n\n\n<p><em><strong>TSV 1860 M\u00fcnchen \u2013 SpVgg Unterhaching (14.00 Uhr)<\/strong><\/em><\/p>\n\n\n\n<p>Magenta Sport: Franz B\u00fcchner <\/p>\n\n\n\n<p><strong><em>1.FC Kaiserslautern \u2013 FC Viktoria K\u00f6ln (14.00 Uhr)<\/em><\/strong><\/p>\n\n\n\n<p>Magenta Sport: Alex Kunz<\/p>\n\n\n\n<p>SWR: Martin Maib\u00fccher<\/p>\n\n\n\n<p>Moderation (SWR): Lea Wagner, Gast: Timo Staffeldt <\/p>\n\n\n\n<p><strong><em>MSV Duisburg \u2013 Hallescher FC<\/em><\/strong>&nbsp;<strong><em>(14.00 Uhr)<\/em><\/strong><\/p>\n\n\n\n<p>Magenta Sport: Markus H\u00f6hner<\/p>\n\n\n\n<p>WDR: Stefan H\u00e4nsel <\/p>\n\n\n\n<p>Moderation (WDR): Tobi Sch\u00e4fer<\/p>\n\n\n\n<p><strong><em>FC Carl Zeiss Jena \u2013 FC Bayern M\u00fcnchen II (14.00 Uhr)<\/em><\/strong><\/p>\n\n\n\n<p>Magenta Sport: Gari Paubandt<\/p>\n\n\n\n<p><span style=\"text-decoration: underline;\">Sonntag, 28. Juni 2020, ab 12.45 Uhr (Magenta Sport)<\/span><\/p>\n\n\n\n<p><strong><em>SV Meppen \u2013 FC Ingolstadt (13.00 Uhr)<\/em><\/strong><\/p>\n\n\n\n<p>Magenta Sport: Christian Stra\u00dfburger<\/p>\n\n\n\n<p><span style=\"text-decoration: underline;\">ab 13.45 Uhr (Magenta Sport)<\/span><\/p>\n\n\n\n<p><strong><em>1.FC Magdeburg \u2013 SG Sonnenhof Gro\u00dfaspach (14.00 Uhr)<\/em><\/strong><\/p>\n\n\n\n<p>Magenta Sport: Gari Paubandt<\/p>\n\n\n\n<p><strong>Premier League, 32. Spieltag<\/strong><\/p>\n\n\n\n<p><span style=\"text-decoration: underline;\">Samstag, 27. Juni 2020, ab 13.20 Uhr (Sky)<\/span><\/p>\n\n\n\n<p><strong><em>Aston Villa \u2013 Wolverhampton Wanderers (13.30 Uhr)<\/em><\/strong><\/p>\n\n\n\n<p>Sky: Hannes Herrmann<\/p>\n\n\n\n<p><span style=\"text-decoration: underline;\">ab 17.20 Uhr (Sky)<\/span><\/p>\n\n\n\n<p><strong><em>FC Watford \u2013 FC Southampton (17.30 Uhr)<\/em><\/strong><\/p>\n\n\n\n<p>Sky: Jogi Hebel<\/p>\n\n\n\n<p><span style=\"text-decoration: underline;\">Montag, 29. Juni 2020 ab 20.50 Uhr (Sky)<\/span><\/p>\n\n\n\n<p><strong><em>Crystal Palace \u2013&nbsp;FC Burnley (21.00 Uhr)<\/em><\/strong><\/p>\n\n\n\n<p>Sky: Sven Schr\u00f6ter<\/p>\n\n\n\n<p><strong>Frauen-Bundesliga, 22. Spieltag<\/strong><\/p>\n\n\n\n<p><span style=\"text-decoration: underline;\">Sonntag, 28. Juni 2020, ab 14.00 Uhr (Magenta Sport\/ Eurosport)<\/span><\/p>\n\n\n\n<p><strong><em>VfL Wolfsburg \u2013 Bayer Leverkusen (14.00 Uhr)<\/em><\/strong><\/p>\n\n\n\n<p>Eurosport: Matthias Stach<\/p>\n\n\n\n<p>Magenta Sport: Alex Kunz<\/p>\n\n\n\n<p><strong><em>SGS Essen \u2013 FC Bayern M\u00fcnchen (14.00 Uhr)<\/em><\/strong><\/p>\n\n\n\n<p>Magenta Sport: Martin Piller<\/p>\n\n\n\n<p><strong>Internationaler Fu\u00dfball<\/strong><\/p>\n\n\n\n<p><span style=\"text-decoration: underline;\">Freitag, 26. Juni 2020<\/span><\/p>\n\n\n\n<p>Liga NOS, 28. Spieltag: <strong><em>Belenenses SAD \u2013 Sporting Lissabon (20.15 Uhr)<\/em><\/strong><\/p>\n\n\n\n<p>DAZN: Fabian Pavlakovic<\/p>\n\n\n\n<p>Sky Bet Championship, 39. Spieltag: <strong><em>Brentford FC \u2013 West Bromwich Albion (20.45 Uhr)<\/em><\/strong><\/p>\n\n\n\n<p>Sportdigital FUSSBALL: Ulf Kahmke<\/p>\n\n\n\n<p>Serie A, 28. Spieltag: <strong><em>Juventus Turin \u2013 US Lecce (21.45 Uhr)<\/em><\/strong><\/p>\n\n\n\n<p>DAZN: Max Siebald, Experte: Helge Payer<\/p>\n\n\n\n<p>LaLiga, 32. Spieltag:&nbsp;<strong><em>FC Sevilla \u2013&nbsp;Real Valladolid (22.00 Uhr)<\/em><\/strong><\/p>\n\n\n\n<p>DAZN: Ruben Zimmermann<\/p>\n\n\n\n<p><span style=\"text-decoration: underline;\">Samstag, 27. Juni 2020<\/span><\/p>\n\n\n\n<p>Sky Bet Championship, 39. Spieltag: <strong><em>Preston North End \u2013 Cardiff City (13.30 Uhr)<\/em><\/strong><\/p>\n\n\n\n<p>Sportdigital FUSSBALL: Christian Blunk<\/p>\n\n\n\n<p>Sky Bet Championship, 39. Spieltag: <strong><em>Leeds United \u2013 FC Fulham (16.00 Uhr)<\/em><\/strong><\/p>\n\n\n\n<p>Sportdigital FUSSBALL: Florian Obst<\/p>\n\n\n\n<p>LaLiga, 32. Spieltag: <strong><em>Celta Vigo \u2013 FC Barcelona (17.00 Uhr)<\/em><\/strong><\/p>\n\n\n\n<p>DAZN: Christoph Stadtler, Experte: Michael Hofmann<\/p>\n\n\n\n<p>Ekstraklasa, 33. Spieltag: <strong><em>Legia Warschau \u2013 Piast Gliwice (18.00 Uhr)<\/em><\/strong><\/p>\n\n\n\n<p>Sportdigital FUSSBALL: Karsten Linke<\/p>\n\n\n\n<p>FA Cup, Viertelfinale: <strong><em>Norwich City <i>\u2013<\/i> Manchester United (18:30 Uhr)<\/em><\/strong><\/p>\n\n\n\n<p>DAZN: Uli Hebel, Experte: Helge Payer<\/p>\n\n\n\n<p>Moderation (DAZN): Daniel Herzog<\/p>\n\n\n\n<p>Serie A, 28. Spieltag:&nbsp;<strong><em>Lazio Rom \u2013&nbsp;AC Florenz (21.45 Uhr)<\/em><\/strong><\/p>\n\n\n\n<p>DAZN: Daniel G\u00fcnther, Experte: Benny Lauth<\/p>\n\n\n\n<p>LaLiga, 32. Spieltag:&nbsp;<strong><em>Atl\u00e9tico Madrid \u2013&nbsp;Deportivo Alav\u00e9s (22.00 Uhr)<\/em><\/strong><\/p>\n\n\n\n<p>DAZN: Hans von Brockhausen<\/p>\n\n\n\n<p><span style=\"text-decoration: underline;\">Sonntag, 28. Juni 2020<\/span><\/p>\n\n\n\n<p>K League, 9. Spieltag: <strong><em>Ulsan Hyundai FC \u2013 Jeonbuk Hyundai Motors (11.00 Uhr)<\/em><\/strong><\/p>\n\n\n\n<p>Sportdigital FUSSBALL: Christian Blunk<\/p>\n\n\n\n<p>Sky Bet Championship, 39. Spieltag: <strong><em>Bristol City \u2013 Sheffield Wednesday (13.00 Uhr)<\/em><\/strong><\/p>\n\n\n\n<p>Sportdigital FUSSBALL: Florian Obst<\/p>\n\n\n\n<p>FA Cup, Viertelfinale: <strong><em>Sheffield United \u2013 FC Arsenal (14.00 Uhr)<\/em><\/strong><\/p>\n\n\n\n<p>DAZN: Uwe Morawe, Experte: Ralph Gunesch<\/p>\n\n\n\n<p>Fortuna Liga, 33. Spieltag: <strong><em>Viktoria Pilsen \u2013 Sparta Prag (16.30 Uhr)<\/em><\/strong><\/p>\n\n\n\n<p>Sportdigital FUSSBALL: Karsten Linke<\/p>\n\n\n\n<p>FA Cup, Viertelfinale: <strong><em>Leicester City \u2013 FC Chelsea (17.00 Uhr)<\/em><\/strong><\/p>\n\n\n\n<p>DAZN: Lukas Sch\u00f6nm\u00fcller, Experte: Benny Lauth<\/p>\n\n\n\n<p>LaLiga, 30. Spieltag: <strong><em>FC Villareal \u2013 FC Valencia (17.00 Uhr)<\/em><\/strong><\/p>\n\n\n\n<p>DAZN: Daniel G\u00fcnther<\/p>\n\n\n\n<p>Serie A, 28. Spieltag: <strong><em>AC Mailand \u2013 AS Rom (17.15 Uhr)<\/em><\/strong><\/p>\n\n\n\n<p>DAZN: Carsten Fu\u00df, Experte: Christian Bernhard<\/p>\n\n\n\n<p>FA Cup, Viertelfinale:<strong><em> Newcastle United \u2013 Manchester City (19.30 Uhr)<\/em><\/strong><\/p>\n\n\n\n<p>DAZN: Jan Platte, Experte: Sebastian Knei\u00dfl<\/p>\n\n\n\n<p>Moderation (DAZN): Alex Schl\u00fcter<\/p>\n\n\n\n<p>Serie A, 28. Spieltag:&nbsp;<strong><em>Udinese Calcio \u2013 Atalanta Bergamo (19.30 Uhr)<\/em><\/strong><\/p>\n\n\n\n<p>DAZN: Stefan Galler<\/p>\n\n\n\n<p>Serie A, 28. Spieltag: <strong><em>SSC Neapel \u2013 SPAL (19.30 Uhr)<\/em><\/strong><\/p>\n\n\n\n<p>DAZN: Matthias Naebers<\/p>\n\n\n\n<p>Serie A, 28. Spieltag:&nbsp;<strong><em>Parma Calcio \u2013 Inter Mailand (21.45 Uhr)<\/em><\/strong><\/p>\n\n\n\n<p>DAZN: Flo Hauser, Experte: Max Nicu<\/p>\n\n\n\n<p>LaLiga, 30. Spieltag:&nbsp;<strong><em>Espanyol Barcelona \u2013&nbsp;Real Madrid (22.00 Uhr)<\/em><\/strong><\/p>\n\n\n\n<p>DAZN: Nico Seepe, Experte: Sascha Bigalke<\/p>\n\n\n\n<p><span style=\"text-decoration: underline;\">Montag, 29. Juni 2020<\/span><\/p>\n\n\n\n<p>Liga NOS, 29. Spieltag: <strong><em>Maritimo Funchal \u2013 Benfica Lissabon (19.00 Uhr)<\/em><\/strong><\/p>\n\n\n\n<p>Sportdigital FUSSBALL: Christian Blunk<\/p>\n\n\n\n<p>Liga NOS, 29. Spieltag: <strong><em>Pacos de Ferreira \u2013 FC Porto (22.15 Uhr)<\/em><\/strong><\/p>\n\n\n\n<p>Sportdigital FUSSBALL: Florian Obst<\/p>\n\n\n\n<p><strong><em>Die Analyse<\/em><\/strong><\/p>\n\n\n\n<p><strong>Abstiegskampf mit den &#8222;Big four&#8220;<\/strong><\/p>\n\n\n\n<p>Wie am vergangenen Samstag liegt der Fokus auf dem Abstiegskampf. Fortuna D\u00fcsseldorf w\u00e4re mit einem Sieg in der alten F\u00f6rsterei sicher in der Relegation. Es kommentiert, wie bereits das Hinspiel im Dezember, Martin Gro\u00df, der somit nach zwei Spieltagen auch mal wieder ein Bundesligaspiel kommentiert. In der Konferenz \u00fcbernimmt diese Partie Kai Dittmann. Beim anderen Spiel ben\u00f6tigt Werder Bremen einen Sieg gegen K\u00f6ln. Wolff Fuss ist, wie bereits beim letzten Werder Endspiel im Jahr 2016 gegen Eintracht Frankfurt im Weser Stadion. In der Konferenz sitzt hier Frank Buschmann, womit alle vier Topspielkommentatoren in den Abstiegskampf involviert sind. Die Field-Reporter-Besetzung bei den beiden Spielen mit Michael Leopold und Jessica Libbertz ist ebenfalls prominent. <\/p>\n\n\n\n<p><strong>Kampf um die Champions\/ Europa League <\/strong><\/p>\n\n\n\n<p>Fangen wir hier mit dem dritten RB Leipzig an. Dem Verein ist die dritte Champions League Teilnahme in vier Jahren nur noch theoretisch zu nehmen. Markus G\u00f6tz mit seinem \u2013 wenn ich mich nicht t\u00e4usche \u2013 ersten Bundesliga Einzelspiel seit er bei Sky ist. Kurios ist auch der Konferenz Kommentator dieser Partie. Torsten Kunde kehrt nach Jahren mal wieder in eine Bundesliga-Konferenz zur\u00fcck. Gladbach und Leverkusen duellieren sich um den verbleibenden Platz. Tom Bayer und Hansi K\u00fcpper bei den Einzelspielen sowie Jonas Friedrich und Florian Schmidt-Sommerfeld zeigen den hohen Stellenwert dieser Partien. Schmiso haben wir auch lange im nationalen Fu\u00dfball nicht mehr geh\u00f6rt (CouchKurve ausgenommen). <\/p>\n\n\n\n<p>Der VfL Wolfsburg und die TSG Hoffenheim w\u00fcrden gerne die zus\u00e4tzlichen Qualifikationsspiele f\u00fcr die Gruppenphase verhindern. Die Gegner der beiden Clubs (Bayern M\u00fcnchen und Borussia Dortmund) werden allerdings schwer zu besiegen sein. W\u00e4hrend in der Konferenz Roland Evers die W\u00f6lfe verfolgt, \u00fcbernimmt \u2013 Sachen gibts am letzten Spieltag \u2013 Marcel Meinert das Hoffenheim Spiel in Dortmund in selbiger. In Wolfsburg, wo die Bayern die Schale \u00fcberreicht bekommen werden, kommentiert Marcus Lindemann, Sebastian Hellmann muss sich in diesem Jahr keine Sorgen um Bierduschen machen. Eine Stimme des Westens also im Norden, w\u00e4hrend sich mit Olli Seidler eine Stimme des Nordens in den Westen begibt. <\/p>\n\n\n\n<p><strong>\u00dcbliche Namen bei den Ananasspielen<\/strong><\/p>\n\n\n\n<p>In Frankfurt und Freiburg geht es nur noch um die goldene Ananas. Klaus Veltmann &amp; J\u00fcrgen Schmitz kommentieren die Spiele einzeln und Toni Tomic &amp; J\u00f6rg Dahlmann in der Konferenz. Durch den Samstag begleiten im \u00fcbrigen von 13.30 Uhr bis 20.00 Uhr Esther Sedlaczek, Didi Hamann und Lothar Matth\u00e4us. \u00dcberhaupt nicht dabei sind an diesem Wochenende die Herren Born und Pfand. Ich tituliere das ganze mal als \u00fcberraschend.<\/p>\n\n\n\n<p><strong>Duell um den Aufstieg<\/strong> <\/p>\n\n\n\n<p>In Liga 2 hat sich der VfB vergangenen Woche eine so gute Tordifferenz erarbeitet. Platz 2 ist damit so gut wie sicher. Das Ziel, der direkte Wiederaufstieg, wurde damit erreicht. Toni Tomic begleitet damit, wie vor drei Jahren, das letzte 2.Liga Spiel der Stuttgarter. In der Konferenz \u00fcbernimmt Kai Dittmann dieses Spiel, womit er und Toni Tomic die Rollen im Vergleich zur Vorwoche tauschen. Deutlich spannender ist das Rennen um den Aufstiegs-Relegationsplatz. Wenn Heidenheim bei Meister Bielefeld gewinnt, ist Platz 3 sicher. Im Falle eines Remis oder einer Niederlage, w\u00e4ren die M\u00e4nner von Frank Schmidt auf einen Patzer des HSV gegen Sandhausen angewiesen. In Hamburg kommentiert Martin Gro\u00df. Die Anreise aus Berlin ist schlie\u00dflich nicht allzu weit. An der Alm wiederum wird Marcus Lindemann sein, der damit zwei Meisterfeiern an einem Wochenende kommentiert. Mal schauen ob beide Teams was zum Feiern haben werden.<\/p>\n\n\n\n<p>Im Abstiegskampf ist die Messe f\u00fcr Dresden und Wiesbaden aufgrund der schlechten Tordifferenz im Vergleich zum KSC zu 99% gelesen. Die letzten Spiele der beiden kommentieren Karsten Petrzika und Jaron Steiner. Der KSC und den &#8222;Club&#8220; k\u00e4mpfen um den Abstiegs-Relegationsplatz.<\/p>\n\n\n\n<p>Das Spiel der N\u00fcrnberger, die mit einem Sieg sicher nicht in die Relegation m\u00fcssen, begleitet Hansi K\u00fcpper aus dem Holstein Stadion in Kiel. Beim Einzelspiel des KSC kommt der Kommentar von Sascha Roos wiederum aus der Box. Bei den Einzelspielen gibt es noch einen \u00fcberraschenden Namen. Florian Malburg bekommt ein Ananas-Spiel. Kommentar-Deb\u00fct f\u00fcr den jungen Sky-Redakteur. <\/p>\n\n\n\n<p>In der Konferenz sind neben dem schon angesprochenen Kai Dittmann, Roland Evers und Markus G\u00f6tz beim Aufstiegskampf involviert. Ansonsten schauen auch mal wieder die Herren Gaupp und Schr\u00f6ter in der Konferenz vorbei. Klingt im Gesamten nach einer guten Runde!<\/p>\n\n\n\n<p><strong>Was sonst in Fussballdeutschland los ist<\/strong><\/p>\n\n\n\n<p>In Liga 3 gibts wie immer seit dem Re-Start regionale Eins\u00e4tze der Kommentatoren. Unter anderem kommt unser ehemaliger Interviewgast Christian Stra\u00dfburger doppelt zum Einsatz.<\/p>\n\n\n\n<p>Letzter Spieltag auch in der Frauen Bundesliga. Serienmeister Wolfsburg hat es auch dieses Jahr mit einer starken Saison zur Meisterschaft geschafft. Magenta Sport und Eurosport sind beim letzten Spiel dabei. Die Herren Kunz und Stach stehen zur Auswahl.<\/p>\n\n\n\n<p><strong>Alles zur Insel<\/strong><\/p>\n\n\n\n<p>In der Premier League finden an diesem Wochenende nur drei Spiele statt, da auch im FA-Cup gespielt wird. Sky setzt in der Liga drei Premier League Experten ein. Jogi Hebel, Hannes Herrmann und Sven Schr\u00f6ter sind gemeint. <\/p>\n\n\n\n<p>Die Spiele des FA-Cups laufen bekannterma\u00dfen bei DAZN. Den Anfang machen am Samstagabend &#8222;The Canaries&#8220; und Manchester United. England Experte Uli Hebel kommentiert, wie so h\u00e4ufig in englischen Pokalwettbewerben mit Helge Payer, w\u00e4hrend Daniel Herzog als Moderator fungiert. Am Sonntag gibt der von mir gelobte Experte Ralph Gunesch an der Seite von Uwe Morawe seine Expertise bei der Partie von Sheffield United gegen die bisher entt\u00e4uschenden Gunners aus London ab. Das nominell beste Spiel am fr\u00fchen Abend ist eine Sache f\u00fcr Lukas Sch\u00f6nm\u00fcller und Benny Lauth. Beim letzten Spiel setzt DAZN, wohl wegen der Beteiligung von Man City, seinen Chefmoderatoren Alex Schl\u00fcter und Chefkommentatoren Jan Platte an die Mikrophone. Experte ist Sebastian Knei\u00dfl.<\/p>\n\n\n\n<p>Um das Kapitel England f\u00fcr die Analyse abzuhacken, schauen wir noch kurz auf die Championship. Dort spielen an diesem Wochenende einige interessante Spiele im Hinblick auf das Aufstiegsturnier zum Ende der Saison. Sportdigital schickt die Herren Kahmke, Blunk und Obst ins Rennen.<\/p>\n\n\n\n<p><strong>Moderatoren? Fehlanzeige!<\/strong><\/p>\n\n\n\n<p>Da DAZN den Fokus an diesem Wochenende \u00fcberwiegend auf den FA-Cup legt, sucht man in Spanien und Italien vergeblich nach Moderatoren, wobei die stattfindenden Spiele auch keinen Grund daf\u00fcr geben. \u00dcber den FC Barcelona habe ich ja bereits in der Einleitung geschrieben, mal schauen, ob das Spiel der Katalanen bei Celta Vigo mehr anmutet. Christoph Stadtler und Michi Hofmann werden es beobachten. Ansonsten findet man in LaLiga das Duo Seepe und Bigalke bei Real Madrid und Daniel G\u00fcnther beim Spiel zweier Europa League Anw\u00e4rter. In Italien darf Max Siebald bei Juve ran. Matthias Naebers kommentiert Napoli und das Duo Fu\u00df\/ Bernhard \u00fcbernimmt das Spiel AC Mailand gegen die Roma.<\/p>\n\n\n\n<p>Von mir ist es das f\u00fcr diesen Beitrag gewesen, bis dahin ein sch\u00f6nes letztes Bundesliga Wochenende und bleiben sie sportlich!<\/p>\n","protected":false},"excerpt":{"rendered":"<p>N&#8216; Abend Allerseits, die n\u00e4chste Rechteperiode hin oder her, nat\u00fcrlich liegt am kommenden Wochenende der Fokus auf dem letzten Spieltag der ersten und zweiten Bundesliga. Trotzdem verweise ich an dieser Stelle auf die letzte Sendung vom Quotenmeter FM, in der sich Kollege Leon mit Manuel Weis (Chefredakteur Quotenmeter.de) \u00fcber die Bundesligarechtevergabe unterhalten hat, den Link [&hellip;]<\/p>\n","protected":false},"author":5,"featured_media":0,"comment_status":"open","ping_status":"open","sticky":false,"template":"","format":"standard","meta":{"footnotes":""},"categories":[424],"tags":[20,10,292,49,166,60,212,13,30,97,221,308,89,61,104,25,92,228,48,72,188,103,69,26,86,93,91,53,122,31,205,9,70,43,112,121,126,95,130,88,113,23,108,45,241,98,222,127,22,134,28,96,27,85,24,87,105,149,107],"class_list":["post-2638","post","type-post","status-publish","format-standard","hentry","category-bundesliga-und-co","tag-2-bundesliga","tag-3-liga","tag-alex-kunz","tag-alex-schlueter","tag-benny-lauth","tag-bundesliga","tag-daniel-herzog","tag-dazn","tag-didi-hamann","tag-esther-sedlaczek","tag-fa-cup","tag-florian-malburg","tag-florian-schmidt-sommerfeld","tag-frank-buschmann","tag-hannes-herrmann","tag-hansi-kuepper","tag-heiko-mallwitz","tag-helge-payer","tag-jan-platte","tag-jaron-steiner","tag-jessica-libbertz","tag-jogi-hebel","tag-jonas-friedrich","tag-joerg-dahlmann","tag-juergen-schmitz","tag-kai-dittmann","tag-karsten-petrzika","tag-klaus-veltmann","tag-laliga","tag-lothar-matthaeus","tag-lukas-schoenmueller","tag-magenta-sport","tag-marcel-meinert","tag-marco-hagemann","tag-marcus-lindemann","tag-markus-gaupp","tag-markus-goetz","tag-martin-gross","tag-martin-piller","tag-michael-leopold","tag-oliver-seidler","tag-premier-league","tag-ralph-gunesch","tag-roland-evers","tag-sascha-roos","tag-sebastian-hellmann","tag-sebastian-kneissl","tag-serie-a","tag-sky","tag-sportdigital-fussball","tag-stefan-hempel","tag-sven-haist","tag-sven-schroeter","tag-tom-bayer","tag-toni-tomic","tag-torsten-kunde","tag-uli-hebel","tag-uwe-morawe","tag-wolff-fuss"],"_links":{"self":[{"href":"http:\/\/kommentatorenblog.de\/index.php?rest_route=\/wp\/v2\/posts\/2638","targetHints":{"allow":["GET"]}}],"collection":[{"href":"http:\/\/kommentatorenblog.de\/index.php?rest_route=\/wp\/v2\/posts"}],"about":[{"href":"http:\/\/kommentatorenblog.de\/index.php?rest_route=\/wp\/v2\/types\/post"}],"author":[{"embeddable":true,"href":"http:\/\/kommentatorenblog.de\/index.php?rest_route=\/wp\/v2\/users\/5"}],"replies":[{"embeddable":true,"href":"http:\/\/kommentatorenblog.de\/index.php?rest_route=%2Fwp%2Fv2%2Fcomments&post=2638"}],"version-history":[{"count":44,"href":"http:\/\/kommentatorenblog.de\/index.php?rest_route=\/wp\/v2\/posts\/2638\/revisions"}],"predecessor-version":[{"id":2740,"href":"http:\/\/kommentatorenblog.de\/index.php?rest_route=\/wp\/v2\/posts\/2638\/revisions\/2740"}],"wp:attachment":[{"href":"http:\/\/kommentatorenblog.de\/index.php?rest_route=%2Fwp%2Fv2%2Fmedia&parent=2638"}],"wp:term":[{"taxonomy":"category","embeddable":true,"href":"http:\/\/kommentatorenblog.de\/index.php?rest_route=%2Fwp%2Fv2%2Fcategories&post=2638"},{"taxonomy":"post_tag","embeddable":true,"href":"http:\/\/kommentatorenblog.de\/index.php?rest_route=%2Fwp%2Fv2%2Ftags&post=2638"}],"curies":[{"name":"wp","href":"https:\/\/api.w.org\/{rel}","templated":true}]}}