{"id":27,"date":"2019-07-19T14:40:44","date_gmt":"2019-07-19T14:40:44","guid":{"rendered":"http:\/\/kommentatorenblog.de\/?p=27"},"modified":"2020-12-30T16:08:35","modified_gmt":"2020-12-30T16:08:35","slug":"01-wir-sind-wieder-da","status":"publish","type":"post","link":"http:\/\/kommentatorenblog.de\/?p=27","title":{"rendered":"1001 &#8211; Wir sind wieder da!"},"content":{"rendered":"\n<p>N`Abend allerseits, <\/p>\n\n\n\n<p>p\u00fcnktlich zum Start der Drittligasaison sind wir wieder da. Format, Aufbau und Gestaltung der Seite l\u00e4sst noch zu w\u00fcnschen \u00fcbrig &#8211; aber: Inhalt geht vor! Insbesondere nach dem Paukenschlag dieser Woche: DAZN ergattert die Bundesligarechte von Eurosport. Zus\u00e4tzlich werden die beiden Sender Eurosport1 und Eurosport2 zuk\u00fcnftig auch auf der Plattform angeboten. Gewinner und Verlierer des Deals scheinen auf den ersten Blick klar zu sein. Mehr dazu auf dieser Seite in der n\u00e4chsten Woche! <\/p>\n\n\n\n<p>Hier die Ansetzungen der 3.Liga in aller K\u00fcrze.<\/p>\n\n\n\n<p><strong>Freitag, 19.07, ab 18.30 Uhr <\/strong><\/p>\n\n\n\n<p><strong><em>TSV 1860 M\u00fcnchen &#8211; Preu\u00dfen M\u00fcnster (19.00 Uhr)<\/em><\/strong><\/p>\n\n\n\n<p>Magenta Sport: Alex Klich (Kommentar), Sascha Bandermann (Moderation), Martin Lanig (Experte)<\/p>\n\n\n\n<p><strong>Samstag, 20.07, ab 13.45 Uhr <\/strong><\/p>\n\n\n\n<p><em><strong>Konferenz<\/strong><\/em>: Sascha Bandermann (Kommentar)<\/p>\n\n\n\n<p><strong><em>W\u00fcrzburger Kickers &#8211; FC Bayern II (14.00 Uhr)<\/em><\/strong><\/p>\n\n\n\n<p>Magenta Sport:&nbsp;Basti Schwele&nbsp;(Kommentar), Konstantin Klostermann(Moderation)<\/p>\n\n\n\n<p><em><strong>MSV Duisburg &#8211; SG Sonnenhof Gro\u00dfaspach <\/strong><\/em><strong><em>(14.00 Uhr)<\/em><\/strong><\/p>\n\n\n\n<p>Magenta Sport: Mario Bast (Kommentar), Thomas Wagner (Moderation)<\/p>\n\n\n\n<p><strong><em>SV Meppen &#8211; FSV Zwickau (14.00 Uhr)<\/em><\/strong><\/p>\n\n\n\n<p>Magenta Sport: Mike M\u00fcnkel (Kommentar), Kamilla Benschop (Moderation) <\/p>\n\n\n\n<p><strong><em>1.FC Kaiserslautern &#8211; SpVgg Unterhaching <\/em><\/strong><em><strong>(14.00 Uhr)<\/strong><\/em><\/p>\n\n\n\n<p>Magenta Sport: Alex Kunz (Kommentar), Holger Speckhahn (Moderation)<\/p>\n\n\n\n<p>SWR: Philipp Sohmer (Kommentar), Lennert Brinkhoff (Moderation)<\/p>\n\n\n\n<p><strong><em>Hansa Rostock &#8211; Viktoria K\u00f6ln (14.00 Uhr)<\/em><\/strong><\/p>\n\n\n\n<p>Magenta Sport: Alex K\u00fcpper (Kommentar), Stefanie Blochwitz (Moderation)<\/p>\n\n\n\n<p>NDR: Patrick Halatsch (Kommentar), Peter Carstens (Moderation)<\/p>\n\n\n\n<p>MDR: Markus Herwig (Kommentar), Stephanie M\u00fcller-Spirra (Moderation) <\/p>\n\n\n\n<p><strong>ab 17.30 Uhr <\/strong><\/p>\n\n\n\n<p><strong><em>1.FC Magdeburg &#8211; Eintracht Braunschweig (18,00 Uhr)<\/em><\/strong><\/p>\n\n\n\n<p>Magenta Sport: Gari Paubandt (Kommentar), Anett Sattler (Moderation)<\/p>\n\n\n\n<p>ARD: Eik Galley (Kommentar), Julia Scharf (Moderation)<\/p>\n\n\n\n<p><strong>Sonntag, 21.07, ab 12.45 <\/strong><\/p>\n\n\n\n<p><strong><em>Chemnitzer FC &#8211; Waldhof Mannheim<\/em><\/strong> <strong><em>(13.00 Uhr)<\/em><\/strong><\/p>\n\n\n\n<p>Magenta Sport: Markus Herwig (Kommentar), Benni Zander (Moderation)<\/p>\n\n\n\n<p><strong>ab 13.45<\/strong><\/p>\n\n\n\n<p><strong><em>KFC Uerdingen &#8211; Hallescher FC (14.00 Uhr)<\/em><\/strong><\/p>\n\n\n\n<p>Magenta Sport: Stefan Fuckert (Kommentar), Cedric Pick (Moderation)<\/p>\n\n\n\n<p><strong>Montag, 22.07., ab 18.45 Uhr <\/strong><\/p>\n\n\n\n<p><strong><em>Carl Zeiss Jena&nbsp;&#8211; FC Ingolstadt <\/em><\/strong><\/p>\n\n\n\n<p>Magenta Sport: Andreas Mann (Kommentar), Anett Sattler<\/p>\n\n\n\n<p><strong>Die Analyse <\/strong><\/p>\n\n\n\n<p>Alte Gesichter, bekannte Namen in den \u00dcbertragungen der 3.Liga bei Magenta Sport. Die erste Konferenz der Spielzeit \u00fcbernimmt Bandermann. Nach seinem Sport1-Abgang wird der erfahrene Sportmoderator wohl \u00f6fters bei Magenta Sport zum Zug kommen. <\/p>\n\n\n\n<p><\/p>\n","protected":false},"excerpt":{"rendered":"<p>N`Abend allerseits, p\u00fcnktlich zum Start der Drittligasaison sind wir wieder da. Format, Aufbau und Gestaltung der Seite l\u00e4sst noch zu w\u00fcnschen \u00fcbrig &#8211; aber: Inhalt geht vor! Insbesondere nach dem Paukenschlag dieser Woche: DAZN ergattert die Bundesligarechte von Eurosport. Zus\u00e4tzlich werden die beiden Sender Eurosport1 und Eurosport2 zuk\u00fcnftig auch auf der Plattform angeboten. Gewinner und [&hellip;]<\/p>\n","protected":false},"author":1,"featured_media":0,"comment_status":"open","ping_status":"open","sticky":false,"template":"","format":"standard","meta":{"footnotes":""},"categories":[429],"tags":[10,19,13,14,9,17,15,12,16,18],"class_list":["post-27","post","type-post","status-publish","format-standard","hentry","category-diverses","tag-3-liga","tag-ard","tag-dazn","tag-eurosport","tag-magenta-sport","tag-mdr","tag-ndr","tag-sascha-bandermann","tag-swr","tag-wdr"],"_links":{"self":[{"href":"http:\/\/kommentatorenblog.de\/index.php?rest_route=\/wp\/v2\/posts\/27","targetHints":{"allow":["GET"]}}],"collection":[{"href":"http:\/\/kommentatorenblog.de\/index.php?rest_route=\/wp\/v2\/posts"}],"about":[{"href":"http:\/\/kommentatorenblog.de\/index.php?rest_route=\/wp\/v2\/types\/post"}],"author":[{"embeddable":true,"href":"http:\/\/kommentatorenblog.de\/index.php?rest_route=\/wp\/v2\/users\/1"}],"replies":[{"embeddable":true,"href":"http:\/\/kommentatorenblog.de\/index.php?rest_route=%2Fwp%2Fv2%2Fcomments&post=27"}],"version-history":[{"count":4,"href":"http:\/\/kommentatorenblog.de\/index.php?rest_route=\/wp\/v2\/posts\/27\/revisions"}],"predecessor-version":[{"id":67,"href":"http:\/\/kommentatorenblog.de\/index.php?rest_route=\/wp\/v2\/posts\/27\/revisions\/67"}],"wp:attachment":[{"href":"http:\/\/kommentatorenblog.de\/index.php?rest_route=%2Fwp%2Fv2%2Fmedia&parent=27"}],"wp:term":[{"taxonomy":"category","embeddable":true,"href":"http:\/\/kommentatorenblog.de\/index.php?rest_route=%2Fwp%2Fv2%2Fcategories&post=27"},{"taxonomy":"post_tag","embeddable":true,"href":"http:\/\/kommentatorenblog.de\/index.php?rest_route=%2Fwp%2Fv2%2Ftags&post=27"}],"curies":[{"name":"wp","href":"https:\/\/api.w.org\/{rel}","templated":true}]}}