{"id":2733,"date":"2020-06-29T17:12:30","date_gmt":"2020-06-29T17:12:30","guid":{"rendered":"http:\/\/kommentatorenblog.de\/?p=2733"},"modified":"2020-12-30T16:04:49","modified_gmt":"2020-12-30T16:04:49","slug":"1084-glueckwuensche","status":"publish","type":"post","link":"http:\/\/kommentatorenblog.de\/?p=2733","title":{"rendered":"1084 \u2013 Gl\u00fcckw\u00fcnsche"},"content":{"rendered":"\n<p>&#8230;bevor es richtig los geht ein kleiner Hinweis. Dieser Beitrag ist nicht nur von mir (Nico), sondern auch von Erik. Autor kann nur einer angegeben werden. <\/p>\n\n\n\n<p><\/p>\n\n\n\n<p>N&#8217;Abend allerseits,<\/p>\n\n\n\n<p>die Saison in der Bundesliga und 2.Bundesliga ist vorbei. An dieser Stelle wollen wir daher einige Mannschaften begl\u00fcckw\u00fcnschen. Zum Anfang dem FC Bayern M\u00fcnchen zu seiner verdienten 30. Meisterschaft und der damit verbunden Teilnahme an der Gruppenphase der Champions League. Auch ein Gl\u00fcckwunsch an die anderen f\u00fcnf Vereine (hoffentlich bald sechs), die sich f\u00fcr die Gruppenphase des internationalen Gesch\u00e4fts qualifiziert haben.<\/p>\n\n\n\n<p>Auch wenn sie in Anf\u00fchrungszeichen &#8222;nichts au\u00dfer den Klassenerhalt geschafft haben&#8220; m\u00f6chten wir dem SC Freiburg und Union Berlin f\u00fcr ihre starken Saisons gratulieren. Ebenfalls gratulieren wir Arminia Bielefeld und ich (Nico) gehe mit der These rein, dass sie in der kommenden Saison die Klasse halten werden. Zum Abschluss noch Gl\u00fcckwunsch an Stuttgart und den KSC zum Aufstieg bzw. Klassenerhalt. <\/p>\n\n\n\n<p>Wo es lachende Gesichter gibt, gibt es auch weinende. Paderborn nach einem Jahr und D\u00fcsseldorf nach zwei Jahren nehmen Abschied aus dem Oberhaus. In Liga 2 sind es Wiesbaden und Dresden. N\u00fcrnberg muss weiterhin zittern.  <\/p>\n\n\n\n<p>Am Donnerstag hei\u00dft es dann wieder Relegation um die Bundesliga. Im Hinspiel empf\u00e4ngt Werder Bremen den 1. FC Heidenheim. Die Relegation um die 2.Bundesliga folgt dann in der kommendenn Woche.<\/p>\n\n\n\n<p>Wer die Relegation \u00fcbertr\u00e4gt, wer kommentiert und alles weitere gibt es in den Ansetzungen und in der Analyse.<\/p>\n\n\n\n<p><strong>Relegation um die Bundesliga, Hinspiel<\/strong><\/p>\n\n\n\n<p><span style=\"text-decoration: underline;\">Donnerstag, 02. Juli 2020, ab 20.15 Uhr (DAZN\/ Prime Video)<\/span><\/p>\n\n\n\n<p><strong><em>SV Werder Bremen \u2013 1.FC Heidenheim (20.30 Uhr)<\/em><\/strong><\/p>\n\n\n\n<p>DAZN: Uli Hebel, Experte: Ralph Gunesch<\/p>\n\n\n\n<p>Prime Video: Christoph Fetzer, Experte: Mirko Slomka<\/p>\n\n\n\n<p>Moderation (DAZN): Tobi Wahnschaffe, Field-Reporter: Alex Schl\u00fcter<\/p>\n\n\n\n<p>Moderation (Prime Video): Benni Zander, Field-Reporter: Martin Feye<\/p>\n\n\n\n<p><strong>Regionalliga, Relegation um Aufstieg, R\u00fcckspiel<\/strong><\/p>\n\n\n\n<p><span style=\"text-decoration: underline;\">Dienstag, 30. Juni 2020, ab 15.45 Uhr (Magenta Sport)<\/span><\/p>\n\n\n\n<p><strong><em>SC Verl &#8211; Lokomotive Leipzig (16.00 Uhr)<\/em><\/strong><\/p>\n\n\n\n<p>Magenta Sport: Markus H\u00f6hner<\/p>\n\n\n\n<p><strong>3. Liga, 37. Spieltag<\/strong><\/p>\n\n\n\n<p><span style=\"text-decoration: underline;\">Mittwoch, 1. Juli 2020, ab 18.30 Uhr (Magenta Sport)<\/span><\/p>\n\n\n\n<p><strong><em>Konferenz (14.00 Uhr)<\/em><\/strong><\/p>\n\n\n\n<p>Magenta Sport: Alexander Klich &amp; Martin Piller<\/p>\n\n\n\n<p><strong><em>FSV Zwickau &#8211; Chemnitzer FC (19.00 Uhr)<\/em><\/strong><\/p>\n\n\n\n<p>Magenta Sport: Alex K\u00fcpper<\/p>\n\n\n\n<p><strong><em>Hansa Rostock &#8211; KFC Uerdingen (19.00 Uhr)<\/em><\/strong><\/p>\n\n\n\n<p>Magenta Sport: Gari Paubandt<\/p>\n\n\n\n<p><strong><em>Viktoria K\u00f6ln &#8211; Kickers W\u00fcrzburg (19.00 Uhr)<\/em><\/strong><\/p>\n\n\n\n<p>Magenta Sport: Markus H\u00f6hner<\/p>\n\n\n\n<p><strong><em>Hallescher FC &#8211; 1. FC Kaiserslautern (19.00 Uhr)<\/em><\/strong><\/p>\n\n\n\n<p>Magenta Sport: Lenny Leonhardt<\/p>\n\n\n\n<p><strong><em>FC Bayern M\u00fcnchen II &#8211; MSV Duisburg (19.00 Uhr)<\/em><\/strong><\/p>\n\n\n\n<p>Magenta Sport: Oskar Heirler<\/p>\n\n\n\n<p><strong><em>SpVgg Unterhaching &#8211; FC Carl Zeiss Jena (19.00 Uhr)<\/em><\/strong><\/p>\n\n\n\n<p>Magenta Sport: Franz B\u00fcchner<\/p>\n\n\n\n<p><strong><em>SG Sonnenhof Gro\u00dfaspach &#8211; 1860 M\u00fcnchen (19.00 Uhr)<\/em><\/strong><\/p>\n\n\n\n<p>Magenta Sport: Alex Kunz<\/p>\n\n\n\n<p><strong><em>FC Ingolstadt 04 &#8211; FC Magdeburg (19.00 Uhr)<\/em><\/strong><\/p>\n\n\n\n<p>Magenta Sport: Andreas Mann<\/p>\n\n\n\n<p><strong><em>Preu\u00dfen M\u00fcnster &#8211; SV Meppen (19.00 Uhr)<\/em><\/strong><\/p>\n\n\n\n<p>Magenta Sport: Christian Stra\u00dfburger<\/p>\n\n\n\n<p><strong><em>Eintracht Braunschweig &#8211; SV Waldhof Mannheim (19.00 Uhr)<\/em><\/strong><\/p>\n\n\n\n<p>Magenta Sport: Mike M\u00fcnkel<\/p>\n\n\n\n<p><strong>Premier League, 32. Spieltag <\/strong><\/p>\n\n\n\n<p><span style=\"text-decoration: underline;\">Dienstag, 30. Juni 2020, ab 21.05 Uhr (Sky)<\/span><\/p>\n\n\n\n<p><strong><em>Brighton &amp; Hove Albion \u2013 Manchester United (21.15 Uhr)<\/em><\/strong><\/p>\n\n\n\n<p>Sky: Sascha Roos<\/p>\n\n\n\n<p><span style=\"text-decoration: underline;\">Mittwoch, 01. Juli 2020, ab 18.50 Uhr (Sky)<\/span><\/p>\n\n\n\n<p><strong><em>FC Arsenal \u2013&nbsp;Norwich City (19.00 Uhr)<\/em><\/strong><\/p>\n\n\n\n<p>Sky: Hannes Herrmann<\/p>\n\n\n\n<p><strong><em>FC Everton \u2013 Leicester City (19.00 Uhr)<\/em><\/strong><\/p>\n\n\n\n<p>Sky: Jogi Hebel <\/p>\n\n\n\n<p><strong><em>AFC Bournemouth \u2013 Newcastle United (19.00 Uhr)<\/em><\/strong><\/p>\n\n\n\n<p>Sky: Sven Schr\u00f6ter<\/p>\n\n\n\n<p><span style=\"text-decoration: underline;\">ab 21.00 Uhr (Sky)<\/span><\/p>\n\n\n\n<p><strong><em>West Ham United \u2013 FC Chelsea (21.15 Uhr)<\/em><\/strong><\/p>\n\n\n\n<p>Sky: Toni Tomic <\/p>\n\n\n\n<p><span style=\"text-decoration: underline;\">Donnerstag, 02. Juli 2020, ab 18.50 Uhr (Sky)<\/span><\/p>\n\n\n\n<p><strong><em>Sheffield United \u2013 Tottenham Hotspur (19.00 Uhr)<\/em><\/strong><\/p>\n\n\n\n<p>Sky: Michael Born<\/p>\n\n\n\n<p><span style=\"text-decoration: underline;\">ab 20.45 Uhr (Sky)<\/span><\/p>\n\n\n\n<p><strong><em>Manchester City \u2013 FC Liverpool (21.15 Uhr)<\/em><\/strong><\/p>\n\n\n\n<p>Sky: Florian Schmidt-Sommerfeld, Experte: Ren\u00e9 Adler<\/p>\n\n\n\n<p><strong>Internationaler Fussball <\/strong><\/p>\n\n\n\n<p><span style=\"text-decoration: underline;\">Dienstag, 30. Juni 2020<\/span><\/p>\n\n\n\n<p>Sky Bet Championship, 40. Spieltag: <strong><em>FC Millwall &#8211; Swansea City (18.00 Uhr)<\/em><\/strong><\/p>\n\n\n\n<p>Sportdigital FUSSBALL: Karsten Linke<\/p>\n\n\n\n<p>Serie A, 29. Spieltag: <strong><em>FC Turin &#8211; Lazio Rom (19.30 Uhr)<\/em><\/strong><\/p>\n\n\n\n<p>DAZN: Flo Hauser, Experte: Maximilian Nicu<\/p>\n\n\n\n<p>LaLiga, 33. Spieltag: <strong><em>CD Legan\u00e9s &#8211; FC Sevilla (21.00 Uhr)<\/em><\/strong><\/p>\n\n\n\n<p>DAZN: David Ploch<\/p>\n\n\n\n<p>Serie A, 29. Spieltag: <strong><em>CFC Genua &#8211; Juventus Turin (21.45 Uhr)<\/em><\/strong><\/p>\n\n\n\n<p>DAZN: Mario Rieker, Experte: Lutz Pfannenstiel<\/p>\n\n\n\n<p>LaLiga, 33. Spieltag: <strong><em>FC Barcelona &#8211; Atletico Madrid (22.00 Uhr)<\/em><\/strong><\/p>\n\n\n\n<p>DAZN: Jan Platte, Experte: Benny Lauth<\/p>\n\n\n\n<p>Moderation (DAZN): Alex Schl\u00fcter<\/p>\n\n\n\n<p><span style=\"text-decoration: underline;\">Mittwoch, 1. Juli 2020<\/span><\/p>\n\n\n\n<p>Sky Bet Championship, 40. Spieltag: <strong><em>Preston North End &#8211; Derby County (18.00 Uhr)<\/em><\/strong><\/p>\n\n\n\n<p>Sportdigital FUSSBALL: Ulf Kahmke<\/p>\n\n\n\n<p>Serie A, 29. Spieltag: <strong><em>Inter Mailand &#8211; Brescia Calcio (19.30 Uhr)<\/em><\/strong><\/p>\n\n\n\n<p>DAZN: Flo Eckl, Experte: Lutz Pfannenstiel<\/p>\n\n\n\n<p>LaLiga, 33. Spieltag: <strong><em>FC Valencia &#8211; Athletic Bilbao (19.30 Uhr)<\/em><\/strong><\/p>\n\n\n\n<p>DAZN: Tom Kirsten<\/p>\n\n\n\n<p>Serie A, 29. Spieltag: <strong><em>SPAL &#8211; AC Mailand (21.45 Uhr)<\/em><\/strong><\/p>\n\n\n\n<p>DAZN: Tobi Fischbeck<\/p>\n\n\n\n<p>LaLiga, 33. Spieltag: <strong><em>Real Betis &#8211; FC Villarreal (22.00 Uhr)<\/em><\/strong><\/p>\n\n\n\n<p>DAZN: Matthias Naebers<\/p>\n\n\n\n<p>Liga NOS, 29. Spieltag: <strong><em>Sporting CP &#8211; FC Gil Vicente (22.15 Uhr)<\/em><\/strong><\/p>\n\n\n\n<p>DAZN: Claus M\u00fcller<\/p>\n\n\n\n<p>Sportdigital FUSSBALL: Christian Blunck<\/p>\n\n\n\n<p><span style=\"text-decoration: underline;\">Donnerstag, 2. Juli 2020<\/span><\/p>\n\n\n\n<p>Sky Bet Championship, 40. Spieltag: <strong><em>Hull City &#8211; FC Middlesbrough (18.00 Uhr)<\/em><\/strong><\/p>\n\n\n\n<p>Sportdigital FUSSBALL: Karsten Linke<\/p>\n\n\n\n<p>Serie A, 29. Spieltag: <strong><em>Atalanta Bergamo &#8211; SSC Neapel (19.30 Uhr)<\/em><\/strong><\/p>\n\n\n\n<p>DAZN: Franz B\u00fcchner, Experte: Sascha Bigalke<\/p>\n\n\n\n<p>Serie A, 29. Spieltag: <strong><em>AS Rom &#8211; Udinese Calcio (21.45 Uhr)<\/em><\/strong><\/p>\n\n\n\n<p>DAZN: Max Gross<\/p>\n\n\n\n<p>LaLiga, 33. Spieltag: <strong><em>Real Madrid &#8211; FC Getafe (22.00 Uhr)<\/em><\/strong><\/p>\n\n\n\n<p>DAZN: Max Siebald, Experte: Sebastian Knei\u00dfl<\/p>\n\n\n\n<p><strong>Die Analyse<\/strong><\/p>\n\n\n\n<p>Die Relegationsspiele gibt&#8217;s bei DAZN und Amazon. Bei DAZN meldet sich Tobi Wahnschaffe als Moderator. Es kommentiert, wie so oft seit dem Re-Start, Uli Hebel. An seiner Seite gibt Ralph Gunesch seine Expertise. Auf Stimmenfang geht f\u00fcr DAZN im Weser Stadion Alex Schl\u00fcter. Bei Prime Video gibt es das \u00fcbliche Trio aus der Box. Interviews f\u00fchrt Martin Feye.<\/p>\n\n\n\n<p>In der 3. Liga stehen noch zwei Spieltage aus. Da die Zweitauswahl des FC Bayern M\u00fcnchen (derzeit Erster) bekanntlich nicht aufsteigen darf, bleibt es m\u00e4chtig spannend im Kampf um die ersten drei Pl\u00e4tze. Gleich acht Teams buhlen theoretisch noch ums Treppchen. Die spannendsten Duelle am 37. Spieltag: Eintracht Braunschweig (3) empf\u00e4ngt den Aufsteiger Waldhof Mannheim (8), der nur noch Au\u00dfenseiterchancen hat beim Kampf um den Gang in Liga zwei. Aus Braunschweig meldet sich Mike M\u00fcnkel f\u00fcr Magenta Sport. Der zweite Kracher ist Bayern II gegen MSV Duisburg (5). Oskar Heirler \u00fcbernimmt. Da der Telekom-Streaming-Dienst erstmals alle Spiele zeitgleich besetzen muss, kommen auch ein paar &#8222;Rotationsspieler&#8220; um Alex K\u00fcpper (FSV Zwickau &#8211; Chemnitzer FC) zum Einsatz. Konkurrenz von den \u00d6ffentlich-Rechtlichen bekommt Magenta in der englischen Woche nicht.<\/p>\n\n\n\n<p>In der Premier League liegt der Fokus nat\u00fcrlich auf dem Spitzenspiel Manchester City gegen Liverpool. Nat\u00fcrlich eine Sache f\u00fcr Florian Schmidt-Sommerfeld, an dessen Seite Ren\u00e9 Adler kommentiert.<\/p>\n\n\n\n<p>Im Internationalen Fu\u00dfball liegt der Leckerbissen auf der Hand. Barca, das gerade drauf und dran ist, die spanische Meisterschaft zu verspielen, empf\u00e4ngt Atletico Madrid. Eine Sache f\u00fcr Chefkommentator Jan Platte. Benny Lauth wird Experte sein. Lutz Pfannenstiel hat bekanntlich wieder mehr Zeit f\u00fcr Expertisen. Wir h\u00f6ren ihm am Montag an der Seite von BR-Mann Flo Eckl. Auch Franz B\u00fcchner (sowohl f\u00fcr Magenta Sport als auch DAZN im Einsatz) darf sich auf ein hei\u00dfes Duell freuen, wenn Neapel in Bergamo sein Gl\u00fcck versucht. F\u00fcr die Neapolitaner geht es um den sicheren Einzug in die Europa League. Lutz Pfannenstiel hat bekanntlich wieder mehr Zeit f\u00fcr Expertisen. Wir h\u00f6ren ihm am Montag an der Seite von BR-Mann Flo Eckl.<\/p>\n","protected":false},"excerpt":{"rendered":"<p>&#8230;bevor es richtig los geht ein kleiner Hinweis. Dieser Beitrag ist nicht nur von mir (Nico), sondern auch von Erik. Autor kann nur einer angegeben werden. N&#8217;Abend allerseits, die Saison in der Bundesliga und 2.Bundesliga ist vorbei. An dieser Stelle wollen wir daher einige Mannschaften begl\u00fcckw\u00fcnschen. Zum Anfang dem FC Bayern M\u00fcnchen zu seiner verdienten [&hellip;]<\/p>\n","protected":false},"author":5,"featured_media":0,"comment_status":"open","ping_status":"open","sticky":false,"template":"","format":"standard","meta":{"footnotes":""},"categories":[429],"tags":[],"class_list":["post-2733","post","type-post","status-publish","format-standard","hentry","category-diverses"],"_links":{"self":[{"href":"http:\/\/kommentatorenblog.de\/index.php?rest_route=\/wp\/v2\/posts\/2733","targetHints":{"allow":["GET"]}}],"collection":[{"href":"http:\/\/kommentatorenblog.de\/index.php?rest_route=\/wp\/v2\/posts"}],"about":[{"href":"http:\/\/kommentatorenblog.de\/index.php?rest_route=\/wp\/v2\/types\/post"}],"author":[{"embeddable":true,"href":"http:\/\/kommentatorenblog.de\/index.php?rest_route=\/wp\/v2\/users\/5"}],"replies":[{"embeddable":true,"href":"http:\/\/kommentatorenblog.de\/index.php?rest_route=%2Fwp%2Fv2%2Fcomments&post=2733"}],"version-history":[{"count":17,"href":"http:\/\/kommentatorenblog.de\/index.php?rest_route=\/wp\/v2\/posts\/2733\/revisions"}],"predecessor-version":[{"id":2755,"href":"http:\/\/kommentatorenblog.de\/index.php?rest_route=\/wp\/v2\/posts\/2733\/revisions\/2755"}],"wp:attachment":[{"href":"http:\/\/kommentatorenblog.de\/index.php?rest_route=%2Fwp%2Fv2%2Fmedia&parent=2733"}],"wp:term":[{"taxonomy":"category","embeddable":true,"href":"http:\/\/kommentatorenblog.de\/index.php?rest_route=%2Fwp%2Fv2%2Fcategories&post=2733"},{"taxonomy":"post_tag","embeddable":true,"href":"http:\/\/kommentatorenblog.de\/index.php?rest_route=%2Fwp%2Fv2%2Ftags&post=2733"}],"curies":[{"name":"wp","href":"https:\/\/api.w.org\/{rel}","templated":true}]}}