{"id":2757,"date":"2020-07-02T15:41:24","date_gmt":"2020-07-02T14:41:24","guid":{"rendered":"http:\/\/kommentatorenblog.de\/?p=2757"},"modified":"2021-02-28T22:11:12","modified_gmt":"2021-02-28T21:11:12","slug":"1085-bartels-baczyk-und-broich","status":"publish","type":"post","link":"http:\/\/kommentatorenblog.de\/?p=2757","title":{"rendered":"1085 \u2013 Bartels, Baczyk und Broich"},"content":{"rendered":"\n<p>N\u2018 Abend allerseits!<\/p>\n\n\n\n<p>Die Bundesliga-Saison ist beendet. Bedingt durch die Corona-Pandemie bleiben uns im Juli aber noch die anderen Ansetzungen aus Europa. Die ausf\u00fchrliche Analyse folgt unten&#8230;<\/p>\n\n\n\n<p><strong><em>Die Ansetzungen vom 03. Juli 2020 bis zum 06. Juli 2020<\/em><\/strong><\/p>\n\n\n\n<p><strong>DFB <em>\u2013 <\/em>Pokal<\/strong>, <strong>Finale<\/strong><\/p>\n\n\n\n<p><span style=\"text-decoration: underline;\">Samstag, 04. Juli 2020, ab 19.00 Uhr (Sky)\/ ab 19.05 Uhr (ARD)<\/span> <\/p>\n\n\n\n<p><strong><em>FC Bayern M\u00fcnchen \u2013<\/em><\/strong> <strong><em>Bayer 04 Leverkusen (20.00 Uhr)<\/em><\/strong><\/p>\n\n\n\n<p>ARD: Tom Bartels, Field-Reporter: Christian Dexne<\/p>\n\n\n\n<p>Sky: Kai Dittmann, Field-Reporter: Marcus Lindemann <\/p>\n\n\n\n<p>Moderation (ARD): Matthias Opdenh\u00f6vel, Experte: Bastian Schweinsteiger<\/p>\n\n\n\n<p>Moderation (Sky): Michael Leopold, Experte: Lothar Matth\u00e4us <\/p>\n\n\n\n<p><strong>DFB<\/strong> <strong>\u2013 Pokal, Finale der Frauen<\/strong><\/p>\n\n\n\n<p><span style=\"text-decoration: underline;\">Samstag, 04. Juli 2020, ab 16.35 Uhr (ARD)<\/span><\/p>\n\n\n\n<p><strong><em>VfL Wolfsburg \u2013 SG Essen<\/em><\/strong> <strong><em>\u2013<\/em><\/strong> <strong><em>Sch\u00f6nebeck (16.45 Uhr)<\/em><\/strong><\/p>\n\n\n\n<p>ARD: Stephanie Baczyk, Field-Reporterin: Inka Blumensaat<\/p>\n\n\n\n<p>Moderation: Claus Lufen, Expertin: Nia K\u00fcnzer<\/p>\n\n\n\n<p><strong>Relegation um die Bundesliga, R\u00fcckspiel<\/strong><\/p>\n\n\n\n<p><span style=\"text-decoration: underline;\">Montag, 06. Juli 2020, ab 20.15 Uhr (DAZN\/ Prime Video)<\/span><\/p>\n\n\n\n<p><strong><em>1.FC Heidenheim \u2013 <\/em><\/strong> <strong><em>SV Werder Bremen <\/em><\/strong><strong><em>(20.30 Uhr)<\/em><\/strong><\/p>\n\n\n\n<p>DAZN: Uli Hebel, Experte: Ralph Gunesch<\/p>\n\n\n\n<p>Prime Video: Christoph Fetzer, Experte: Mirko Slomka<\/p>\n\n\n\n<p>Moderation (DAZN): Tobi Wahnschaffe, Field-Reporter: Alex Schl\u00fcter<\/p>\n\n\n\n<p>Moderation (Prime Video): Benni Zander, Field-Reporter: Martin Feye<\/p>\n\n\n\n<p><strong>3. Liga, 38. Spieltag<\/strong><\/p>\n\n\n\n<p><span style=\"text-decoration: underline;\">Samstag, 04. Juli 2020, ab 13.30 Uhr (Magenta Sport)\/ab 14.00 Uhr (Dritte)<\/span><\/p>\n\n\n\n<p><strong><em>Konferenz (14.00 Uhr)<\/em><\/strong><\/p>\n\n\n\n<p>Magenta Sport: Alexander Klich &amp; Martin Piller<\/p>\n\n\n\n<p><strong><em>Waldhof Mannheim \u2013 <\/em><\/strong> <strong><em>FSV Zwickau<\/em><\/strong> <strong><em>(14.00 Uhr)<\/em><\/strong><\/p>\n\n\n\n<p>Magenta Sport: Andreas Mann<\/p>\n\n\n\n<p>SWR: Philipp Sohmer<\/p>\n\n\n\n<p>MDR: tba<\/p>\n\n\n\n<p>Moderation (SWR): Lea Wagner, Gast: Michael Zeyer <\/p>\n\n\n\n<p>Moderation (MDR): tba <\/p>\n\n\n\n<p><strong><em>TSV 1860 M\u00fcnchen \u2013 FC Ingolstadt (14.00 Uhr)<\/em><\/strong><\/p>\n\n\n\n<p>Magenta Sport: Franz B\u00fcchner<\/p>\n\n\n\n<p>BR: Bernd Schmelzer <\/p>\n\n\n\n<p>Moderation (BR): Markus Othmer<\/p>\n\n\n\n<p><strong><em>MSV Duisburg \u2013 SpVgg Unterhaching (14.00 Uhr)<\/em><\/strong><\/p>\n\n\n\n<p>Magenta Sport: Christian Stra\u00dfburger<\/p>\n\n\n\n<p>WDR: Torsten Winkler<\/p>\n\n\n\n<p>Moderation (WDR): Tobi Sch\u00e4fer<\/p>\n\n\n\n<p><em><strong>SV Meppen \u2013 Eintracht Braunschweig (14.00 Uhr)<\/strong><\/em><\/p>\n\n\n\n<p>Magenta Sport: Mike M\u00fcnkel<\/p>\n\n\n\n<p>NDR: Matthias Cammann<\/p>\n\n\n\n<p>Moderation (NDR): Sina Braun<\/p>\n\n\n\n<p><strong><em>1.FC Magdeburg \u2013 Preu\u00dfen M\u00fcnster (14.00 Uhr)<\/em><\/strong><\/p>\n\n\n\n<p>Magenta Sport: Gari Paubandt <\/p>\n\n\n\n<p><strong><em>Carl Zeiss Jena \u2013 SG Sonnenhof Gro\u00dfaspach <\/em><\/strong><strong><em>(14.00 Uhr)<\/em><\/strong><\/p>\n\n\n\n<p>Magenta Sport: Alex K\u00fcpper<\/p>\n\n\n\n<p><strong><em>1.FC Kaiserslautern \u2013 FC Bayern M\u00fcnchen II (14.00 Uhr)<\/em><\/strong><\/p>\n\n\n\n<p>Magenta Sport: Alex Kunz<\/p>\n\n\n\n<p><strong><em>W\u00fcrzburger Kickers \u2013 Hallescher FC (14.00 Uhr)<\/em><\/strong><\/p>\n\n\n\n<p>Magenta Sport: Oskar Heirler <\/p>\n\n\n\n<p><strong><em>KFC Uerdingen \u2013 Viktoria K\u00f6ln (14.00 Uhr)<\/em><\/strong><\/p>\n\n\n\n<p>Magenta Sport: Markus H\u00f6hner <\/p>\n\n\n\n<p><strong><em>Chemnitzer FC \u2013 Hansa Rostock (14.00 Uhr)<\/em><\/strong><\/p>\n\n\n\n<p>Magenta Sport: Lenny Leonhardt <\/p>\n\n\n\n<p><strong>Premier League, 33. Spieltag<\/strong><\/p>\n\n\n\n<p><span style=\"text-decoration: underline;\">Samstag, 04. Juli 2020, ab 13.20 Uhr (Sky)<\/span><\/p>\n\n\n\n<p><strong><em>Norwich City \u2013 Brighton &amp; Hove Albion (13.30 Uhr)<\/em><\/strong><\/p>\n\n\n\n<p>Sky: Michael Born <\/p>\n\n\n\n<p><span style=\"text-decoration: underline;\">ab 15.50 Uhr (Sky)<\/span><\/p>\n\n\n\n<p><strong><em>Manchester United \u2013 AFC Bournemouth (16.00 Uhr)<\/em><\/strong><\/p>\n\n\n\n<p>Sky: Jogi Hebel<\/p>\n\n\n\n<p><strong><em>Leicester City \u2013 Crystal Palace (16.00 Uhr)<\/em><\/strong><\/p>\n\n\n\n<p>Sky: Hannes Herrmann <\/p>\n\n\n\n<p><span style=\"text-decoration: underline;\">ab 18.20 Uhr (Sky)<\/span><\/p>\n\n\n\n<p><strong><em>Wolverhampton Wanderers \u2013 FC Arsenal (18.30 Uhr)<\/em><\/strong><\/p>\n\n\n\n<p>Sky: Toni Tomic <\/p>\n\n\n\n<p><span style=\"text-decoration: underline\">ab 20.50 Uhr (Sky)<\/span><\/p>\n\n\n\n<p><strong><em>FC Chelsea \u2013 FC Watford (21.00 Uhr)<\/em><\/strong><\/p>\n\n\n\n<p>Sky: Markus Gaupp<\/p>\n\n\n\n<p><span style=\"text-decoration: underline;\">Sonntag, 05. Juli 2020, ab 12.50 Uhr (Sky)<\/span><\/p>\n\n\n\n<p><strong><em>FC Burnley \u2013 Sheffield United (13.00 Uhr)<\/em><\/strong> <\/p>\n\n\n\n<p>Sky: Hannes Herrmann<\/p>\n\n\n\n<p><span style=\"text-decoration: underline;\">ab 15.05 Uhr (Sky)<\/span><\/p>\n\n\n\n<p><strong><em>Newcastle United \u2013 West Ham United (15.15 Uhr)<\/em><\/strong> <\/p>\n\n\n\n<p>Sky: J\u00fcrgen Schmitz <\/p>\n\n\n\n<p><span style=\"text-decoration: underline;\">ab 17.00 Uhr (Sky)<\/span><\/p>\n\n\n\n<p><strong><em>FC Liverpool \u2013 Aston Villa (17.30 Uhr)<\/em><\/strong> <\/p>\n\n\n\n<p>Sky: Florian Schmidt-Sommerfeld <\/p>\n\n\n\n<p><span style=\"text-decoration: underline\">ab 19.50 Uhr (Sky)<\/span><\/p>\n\n\n\n<p><strong><em>FC Southampton \u2013 Manchester City (20.00 Uhr)<\/em><\/strong> <\/p>\n\n\n\n<p>Sky: Jogi Hebel <\/p>\n\n\n\n<p><span style=\"text-decoration: underline;\">Montag, 06. Juli 2020 ab 20.50 Uhr (Sky)<\/span><\/p>\n\n\n\n<p><strong><em>Tottenham Hotspur \u2013&nbsp;FC Everton (21.00 Uhr)<\/em><\/strong><\/p>\n\n\n\n<p>Sky: Toni Tomic<\/p>\n\n\n\n<p><strong>Internationaler Fu\u00dfball<\/strong><\/p>\n\n\n\n<p><span style=\"text-decoration: underline;\">Freitag, 03. Juli 2020<\/span><\/p>\n\n\n\n<p>Sky Bet Championship, 41. Spieltag:&nbsp;<strong><em>Charlton Athletic \u2013 FC Millwall (21.00 Uhr)<\/em><\/strong><\/p>\n\n\n\n<p>Sportdigital FUSSBALL: Arne Malsch <\/p>\n\n\n\n<p>LaLiga, 34. Spieltag:&nbsp;<strong><em>Atl\u00e9tico Madrid \u2013&nbsp;Real Mallorca (22.00 Uhr)<\/em><\/strong><\/p>\n\n\n\n<p>DAZN: Ruben Zimmermann<\/p>\n\n\n\n<p><span style=\"text-decoration: underline;\">Samstag, 04. Juli 2020<\/span><\/p>\n\n\n\n<p>J-League, 02. Spieltag: <strong><em>Gamba Osaka \u2013 Cerezo Osaka (11.00 Uhr)<\/em><\/strong><\/p>\n\n\n\n<p>Sportdigital FUSSBALL: Christian Blunk<\/p>\n\n\n\n<p>Sky Bet Championship, 41. Spieltag:&nbsp;<strong><em>Derby County \u2013 Nottingham Forest (13.30 Uhr)<\/em><\/strong><\/p>\n\n\n\n<p>Sportdigital FUSSBALL: Florian Obst <\/p>\n\n\n\n<p>Sky Bet Championship, 41. Spieltag:&nbsp;<strong><em>Bristol City \u2013 Cardiff City (16.00 Uhr)<\/em><\/strong><\/p>\n\n\n\n<p>Sportdigital FUSSBALL: Karsten Linke<\/p>\n\n\n\n<p>Ekstraklasa, 34. Spieltag:&nbsp;<strong><em>Lech Posen \u2013 <\/em><\/strong><strong><em>Legia Warschau <\/em><\/strong><strong><em>(17.30 Uhr)<\/em><\/strong><\/p>\n\n\n\n<p>Sportdigital FUSSBALL: Christian Blunk <\/p>\n\n\n\n<p>Serie A, 30. Spieltag:&nbsp;<strong><em>Juventus Turin \u2013&nbsp;FC Turin (17.15 Uhr)<\/em><\/strong><\/p>\n\n\n\n<p>DAZN: Carsten Fu\u00df, Experte: Christian Bernhard<\/p>\n\n\n\n<p>Moderation: Christoph Stadler<\/p>\n\n\n\n<p>Serie A, 30. Spieltag:&nbsp;<strong><em>Lazio Rom \u2013&nbsp;AC Mailand (21.45 Uhr)<\/em><\/strong><\/p>\n\n\n\n<p>DAZN: Andreas Renner, Experte: Alexis Menuge<\/p>\n\n\n\n<p>LaLiga, 34. Spieltag:&nbsp;<strong><em>Granada CF \u2013&nbsp;FC Valencia (22.00 Uhr)<\/em><\/strong><\/p>\n\n\n\n<p>DAZN: Felix Keil<\/p>\n\n\n\n<p>Liga NOS, 30. Spieltag:&nbsp;<strong><em>Benfica Lissabon \u2013 Boavista Porto FC (22.15 Uhr)<\/em><\/strong><\/p>\n\n\n\n<p>Sportdigital FUSSBALL: Karsten Linke <\/p>\n\n\n\n<p>DAZN: Uwe Morawe<\/p>\n\n\n\n<p><span style=\"text-decoration: underline;\">Sonntag, 05. Juli 2020<\/span><\/p>\n\n\n\n<p>Sky Bet Championship, 41. Spieltag:&nbsp;<strong><em>Swansea City \u2013 Sheffield Wednesday (13.00 Uhr)<\/em><\/strong><\/p>\n\n\n\n<p>Sportdigital FUSSBALL: Florian Obst<\/p>\n\n\n\n<p>LaLiga, 30. Spieltag:&nbsp;<strong><em>FC Villareal \u2013 FC Valencia (17.00 Uhr)<\/em><\/strong><\/p>\n\n\n\n<p>DAZN: Daniel G\u00fcnther<\/p>\n\n\n\n<p>Ekstraklasa, 34. Spieltag:&nbsp;<strong><em>Pogon Szczecin \u2013 Jagiellonia Bialystok (17.30 Uhr)<\/em><\/strong><\/p>\n\n\n\n<p>Sportdigital FUSSBALL: Arne Malsch <\/p>\n\n\n\n<p>LaLiga, 34. Spieltag:&nbsp;<strong><em>Athletic Bilbao \u2013 Real Madrid (14.00 Uhr)<\/em><\/strong><\/p>\n\n\n\n<p>DAZN: Marco Hagemann,  Experte: Ralph Gunesch<\/p>\n\n\n\n<p>Moderation: Lukas Sch\u00f6nm\u00fcller <\/p>\n\n\n\n<p>Serie A, 30. Spieltag:&nbsp;<strong><em>Inter Mailand \u2013 FC Bologna (17.15 Uhr)<\/em><\/strong><\/p>\n\n\n\n<p>DAZN: Andreas Renner, Experte: Michi Hofmann<\/p>\n\n\n\n<p>Serie A, 30. Spieltag:&nbsp;<strong><em>Cagliari Calcio \u2013 Atalanta Bergamo (19.30 Uhr)<\/em><\/strong><\/p>\n\n\n\n<p>DAZN: Nico Seepe <\/p>\n\n\n\n<p>Serie A, 30. Spieltag:&nbsp;<strong><em>Parma \u2013 AC Florenz (19.30 Uhr)<\/em><\/strong><\/p>\n\n\n\n<p>DAZN: Tom Kirsten<\/p>\n\n\n\n<p>Eliteserien ,06.Spieltag: <strong><em> Stabaek<\/em><\/strong> <strong><em>\u2013<\/em><\/strong> <strong><em>Rosenborg (20.30 Uhr)<\/em><\/strong><\/p>\n\n\n\n<p>Eurosport 1: Uwe Morawe<\/p>\n\n\n\n<p>Serie A, 30. Spieltag:&nbsp;<strong><em>SSC Neapel \u2013 AS Rom (21.45 Uhr)<\/em><\/strong><\/p>\n\n\n\n<p>DAZN: Guido H\u00fcsgen, Experte: Benny Lauth<\/p>\n\n\n\n<p>LaLiga, 34. Spieltag:&nbsp;<strong><em>Villareal \u2013&nbsp;FC Barcelona (22.00 Uhr)<\/em><\/strong><\/p>\n\n\n\n<p>DAZN: Freddy Harder, Experte: Sebastian Knei\u00dfl<\/p>\n\n\n\n<p>Moderation: Christoph Stadler<\/p>\n\n\n\n<p>Liga NOS, 30. Spieltag:&nbsp;<strong><em>FC Porto \u2013 Belenenses Lissabon (22.30 Uhr)<\/em><\/strong><\/p>\n\n\n\n<p>Sportdigital FUSSBALL: Christian Blunck <\/p>\n\n\n\n<p>DAZN: Martin Sedlaczek <\/p>\n\n\n\n<p><span style=\"text-decoration: underline;\">Montag, 06. Juli 2020<\/span><\/p>\n\n\n\n<p>LaLiga, 34. Spieltag:&nbsp;<strong><em>UD Levante \u2013&nbsp;Real Sociedad (19.30 Uhr)<\/em><\/strong><\/p>\n\n\n\n<p>DAZN: Uwe Morawe<\/p>\n\n\n\n<p>LaLiga, 34. Spieltag:&nbsp;<strong><em>FC Sevilla \u2013&nbsp;SD Eibar (22.00 Uhr)<\/em><\/strong><\/p>\n\n\n\n<p>DAZN: Tom Kirsten <\/p>\n\n\n\n<p>Liga NOS, 29. Spieltag:&nbsp;<strong><em>Moreirense \u2013 Sporting Lissabon (22.00 Uhr)<\/em><\/strong><\/p>\n\n\n\n<p>Sportdigital FUSSBALL: Hannes Herrmann<\/p>\n\n\n\n<p>DAZN: Martin Sedlaczek <\/p>\n\n\n\n<p><strong>Die Analyse<\/strong><\/p>\n\n\n\n<p><strong>Schweinsteiger am Start <\/strong><\/p>\n\n\n\n<p>Bei der ARD ist die Ansetzung von Tom Bartels keine wirkliche \u00dcberraschung, obwohl der Kommentator des WM-Finals von 2014 bereits bei einem Halbfinale ran durfte. Nass und Hunke kommen f\u00fcr diese Aufgaben noch nicht in Frage. Gottlob hat sich nach der Corona-Pause erstmal aus dem (Live)-Kommentar zur\u00fcckgezogen. Sportschau-Zusammenfassungen hat er mMn seither auch nicht gemacht. Steffen Simon macht \u00fcbrigens am Samstag den Supervisor f\u00fcr die ARD. Dar\u00fcber hinaus frauen wir uns auch auf das &#8222;richtige&#8220; Experten-Deb\u00fct von Bastian Schweinsteiger. Ja, schade f\u00fcr Thomas Broich, der ja seit dem Wegfall von Metzelder quasi die ganze DFB-Pokal der Saison als ARD-Experte im Alleingang bestritten hat. Im Endeffekt ist sein Name einfach zu klein. So realistisch m\u00fcssen wir sein Daf\u00fcr ist er im Anschluss ans Finale zu Gast im Sportschau Club bei Alex Bommes. &#8222;Opdi&#8220; moderiert und diesmal wird die Sendung wohl aus dem Olympiastadion und nicht aus dem Sportschau-Studio in K\u00f6ln kommen. Samstag wissen wir mehr. Christian Dexne, der sich im Winter u.a um den Biathlon-Kommentar k\u00fcmmert, ist die logische Field-Reporter-Ansetzung. Wieso? Dexne ist beim rbb angestellt. <\/p>\n\n\n\n<p><strong>Sky-\u00dcbertragung aus dem Studio<\/strong><\/p>\n\n\n\n<p>Michael Leopold und Lothar Matth\u00e4us \u00fcbernehmen die Pokal-Sendung aus dem Studio in Unterf\u00f6hring. Falls mich meine Erinnerungen nicht t\u00e4uschen, hatte dieses Duo auch die letztj\u00e4hrige Sendung \u00fcbernommen. Leider fehlt ja aus bekannten Gr\u00fcnden dieser Eintrag. Korrigiert mich gerne in den Kommentaren. Die Ansetzung von Lindemann als Field-Reporter \u00fcberrascht. Und weil Dittmann das Pokalfinale macht, wissen wir schon, dass Wolff Fuss nat\u00fcrlich die tragende Rolle beim CL-Finaltunier spielt. Der Vergleich der Sendekonzepte von Sky und DAZN wird in jedem Fall spannend. Wobei, eigentlich ist der Ablauf doch schon recht klar, oder?<\/p>\n\n\n\n<p>Zum Pokal-Finale gibt\u00b4s zudem auch ne #CouchKurve mit Schmiso. <\/p>\n\n\n\n<p><strong>Keine Ver\u00e4nderungen<\/strong><\/p>\n\n\n\n<p>Beim Relegations-R\u00fcckspiel gibt\u00b4s nix zu analysieren.<\/p>\n\n\n\n<p><strong>rbb-NDR-WDR-Mischung bei den Frauen<\/strong> <strong>und Finale in Liga 3<\/strong><\/p>\n\n\n\n<p>Kommentatorin Stephanie Baczyk geht f\u00fcr den rbb ins Rennen. Schmelzer hat quasi das Nachsehen, aber f\u00fcr ihn bleibt die wohl attraktivste Drittliga-Begegnung zwischen dem FCI und 1860 \u00fcbrig. Field-Reporterin ist Inka Blumensaat vom NDR. Sie macht u.a regelm\u00e4\u00dfig Beitr\u00e4ge f\u00fcr den NDR Sportclub. Lufen (WDR) und K\u00fcnzer sind hingegen das Duo bei Frauenfu\u00dfball-\u00dcbertragungen im Ersten. <\/p>\n\n\n\n<p>F\u00fcr Magenta Sport begleitet wenig \u00fcberraschend Franz B\u00fcchner das bayrische Duell zwischen Ingolstadt und M\u00fcnchen. Bei der &#8222;wichtigeren&#8220; West-Partie in Duisburg bekommt Christian Stra\u00dfburger quasi den Vorzug vor Markus H\u00f6hner, der nach D\u00fcsseldorf &#8222;muss&#8220;. Ein entscheidendes Spiel hatte H\u00f6hner ja unter der Woche schon :D. Den m\u00f6glichen Abstieg der Chemnitzer kommentiert standesgem\u00e4\u00df Lenny Leonhardt. <\/p>\n\n\n\n<p><strong>Anreisen und Doppelschichten im englischen Fu\u00dfball<\/strong><\/p>\n\n\n\n<p>L\u00e4ngere Anreisen f\u00fcr ihre PL-Spiele aus der Box haben Born (HH) und Schmitz (NRW). Die Attraktivit\u00e4t ihrer Partien l\u00e4sst irgendwie auch zu W\u00fcnschen \u00fcbrig. Hebel und Herrmann gibt\u00b4s hingegen wiedr im klassischen Doppelpack. Schmiso begleitet weiter den LFC und Toni Tomic macht am Montag den Deckel drauf. <\/p>\n\n\n\n<p><strong>f\u00fcr jeden etwas dabei&#8230;<\/strong><\/p>\n\n\n\n<p>Im Internationalen Fu\u00dfball ist f\u00fcr jeden etwas dabei. Bei sportdigital d\u00fcrfen, neben dem festen Trio um Obst, Linke und Blunck, auch andere Reporter wieder ran. Dieses Wochenende gibt\u00b4s den doppeltem Arne Malsch und am Montag reist Hannes Herrmann mal wieder nach Hamburg. <\/p>\n\n\n\n<p>In Frankreich ist die Saison ja bekanntlich vorbei. Alexis Menuge hilft f\u00fcr DAZN bei der Serie A aus. Barcelona macht Freddy Harder. Real kommentiert Marco Hagemann. Mir f\u00e4llt ein wenig auf, dass hier mit Seepe, Harder &amp; Co auch mal andere Namen bei den Top-Teams in LaLiga kommentieren d\u00fcrfen. Scheint aber auch so, als h\u00e4tte Jan Platte Urlaub. <\/p>\n\n\n\n<p>Zudem kann sich Uwe Morawe am Wochenende nicht \u00fcber mangelnde Besch\u00e4ftigung beschweren. Zwei Eins\u00e4tze verzeichnet er f\u00fcr DAZN von der iberischen Halbinsel. Sonntag kommentiert er norwegischen Fu\u00dfball f\u00fcr Eurosport. <\/p>\n","protected":false},"excerpt":{"rendered":"<p>N\u2018 Abend allerseits! Die Bundesliga-Saison ist beendet. Bedingt durch die Corona-Pandemie bleiben uns im Juli aber noch die anderen Ansetzungen aus Europa. Die ausf\u00fchrliche Analyse folgt unten&#8230; Die Ansetzungen vom 03. Juli 2020 bis zum 06. Juli 2020 DFB \u2013 Pokal, Finale Samstag, 04. Juli 2020, ab 19.00 Uhr (Sky)\/ ab 19.05 Uhr (ARD) FC [&hellip;]<\/p>\n","protected":false},"author":3,"featured_media":0,"comment_status":"open","ping_status":"open","sticky":false,"template":"","format":"standard","meta":{"footnotes":""},"categories":[504],"tags":[19,13,65,14,93,122,9,88,15,312,22,134,247,273,18],"class_list":["post-2757","post","type-post","status-publish","format-standard","hentry","category-dfb-pokal-co","tag-ard","tag-dazn","tag-dfb-pokal","tag-eurosport","tag-kai-dittmann","tag-laliga","tag-magenta-sport","tag-michael-leopold","tag-ndr","tag-rbb","tag-sky","tag-sportdigital-fussball","tag-thomas-broich","tag-tom-bartels","tag-wdr"],"_links":{"self":[{"href":"http:\/\/kommentatorenblog.de\/index.php?rest_route=\/wp\/v2\/posts\/2757","targetHints":{"allow":["GET"]}}],"collection":[{"href":"http:\/\/kommentatorenblog.de\/index.php?rest_route=\/wp\/v2\/posts"}],"about":[{"href":"http:\/\/kommentatorenblog.de\/index.php?rest_route=\/wp\/v2\/types\/post"}],"author":[{"embeddable":true,"href":"http:\/\/kommentatorenblog.de\/index.php?rest_route=\/wp\/v2\/users\/3"}],"replies":[{"embeddable":true,"href":"http:\/\/kommentatorenblog.de\/index.php?rest_route=%2Fwp%2Fv2%2Fcomments&post=2757"}],"version-history":[{"count":68,"href":"http:\/\/kommentatorenblog.de\/index.php?rest_route=\/wp\/v2\/posts\/2757\/revisions"}],"predecessor-version":[{"id":2825,"href":"http:\/\/kommentatorenblog.de\/index.php?rest_route=\/wp\/v2\/posts\/2757\/revisions\/2825"}],"wp:attachment":[{"href":"http:\/\/kommentatorenblog.de\/index.php?rest_route=%2Fwp%2Fv2%2Fmedia&parent=2757"}],"wp:term":[{"taxonomy":"category","embeddable":true,"href":"http:\/\/kommentatorenblog.de\/index.php?rest_route=%2Fwp%2Fv2%2Fcategories&post=2757"},{"taxonomy":"post_tag","embeddable":true,"href":"http:\/\/kommentatorenblog.de\/index.php?rest_route=%2Fwp%2Fv2%2Ftags&post=2757"}],"curies":[{"name":"wp","href":"https:\/\/api.w.org\/{rel}","templated":true}]}}