{"id":2828,"date":"2020-07-06T18:10:07","date_gmt":"2020-07-06T18:10:07","guid":{"rendered":"http:\/\/kommentatorenblog.de\/?p=2828"},"modified":"2020-12-30T16:04:40","modified_gmt":"2020-12-30T16:04:40","slug":"1086-in-den-letzten-zuegen","status":"publish","type":"post","link":"http:\/\/kommentatorenblog.de\/?p=2828","title":{"rendered":"1086 &#8211; In den letzten Z\u00fcgen"},"content":{"rendered":"\n<p>N&#8217;Abend allerseits,<\/p>\n\n\n\n<p>w\u00e4hrend in der Bundesliga die letzten sportlichen Fragen in diesen Augenblicken beantwortet werden, zieht das Unterhaus Dienstag und Samstag nach. Mit dem ZDF, DAZN und Amazon Prime Video haben sich gleich drei Anbieter die \u00dcbertragungsrechte der Relegation zur 2. Bundesliga gesichert.<\/p>\n\n\n\n<p>Aufeinandertreffen werden der 1.FC N\u00fcrnberg &#8211; durch eine Wende im Fernduell mit Karlsruhe am letzten Spieltag auf Rang 16 abgerutscht &#8211; und der FC Ingolstadt. Die Schanzer mussten schon im vergangenen Jahr in die Relegation. Gegen Wehen Wiesbaden hie\u00df es nach Hin- und R\u00fcckspiel 4:4. Aufgrund der Ausw\u00e4rtstorregel purzelten die Oberbayern jedoch in die Drittklassigkeit.<\/p>\n\n\n\n<p>Auch den N\u00fcrnberger Fans ist die Relegation l\u00e4ngst nicht fremd. Vielmehr ist der &#8222;Club&#8220; die Mannschaft, die seit der Wiedereinf\u00fchrung der finalen Qualifikationsrunde am h\u00e4ufigsten in der Relegation der ersten und zweiten Bundesliga gelandet ist. Zumindest, wenn man den aktuellen, vierten Anlauf mit einberechnet. <\/p>\n\n\n\n<p>Die ersten beiden Jahre nach der Wiederaufnahme war der FCN sogar Stammgast, eine Rolle die sp\u00e4ter der HSV einnehmen sollte. Am Ende der Saison 2008\/09 besiegten die Franken Energie Cottbus eindrucksvoll mit 5:0 nach Hin-und R\u00fcckspiel. Es war sowas wie der finale Gnadensto\u00df aus der Bundesliga. Danach ging es f\u00fcr Energie bekanntlich nur noch abw\u00e4rts. N\u00fcrnberg hingegen stieg auf und durfte gleich ein Jahr sp\u00e4ter sofort wieder in der Relegation ran, diesmal, um die Klasse zu halten. Das Vorhaben gl\u00fcckte mit einem 3:0 gegen Augsburg. Dass es auch anders geht und der FCN in der Extra-Runde nicht unbezwingbar ist, zeigte sich dann 2016. Eintracht Frankfurt besiegte das Team von Ren\u00e9 Weiler mit 2:1.<\/p>\n\n\n\n<p>Nun muss N\u00fcrnberg also ein viertes Mal ran. Zum ersten Mal jedoch geht es um den Klassenerhalt in der 2. Bundesliga. Doch auch der FCI ist hei\u00df. Das Team von Thomas Oral kann schlie\u00dflich den direkten Wiederaufstieg eint\u00fcten. Wir sind gespannt. <\/p>\n\n\n\n<p> <strong><em>Die Ansetzungen vom 7. Juli 2020 bis zum 9. Juli 2020<\/em><\/strong><\/p>\n\n\n\n<p><strong>Relegation zur 2. Bundesliga, Hinspiel<\/strong><\/p>\n\n\n\n<p><span style=\"text-decoration: underline;\">Dienstag, 7. Juli 2020, ab 18 Uhr (ZDF\/DAZN\/Prime Video)<\/span><\/p>\n\n\n\n<p><strong><em>1.FC N\u00fcrnberg &#8211; FC Ingolstadt 04 <\/em><\/strong><\/p>\n\n\n\n<p>ZDF: Martin Schneider<\/p>\n\n\n\n<p>DAZN: Mario Rieker, Experte: Sebastian Knei\u00dfl<\/p>\n\n\n\n<p>Prime Video: Christoph Fetzer, Experte: Mirko Slomka<\/p>\n\n\n\n<p>Moderation (ZDF): Katrin M\u00fcller-Hohenstein, Experte: Peter Hyballa<\/p>\n\n\n\n<p>Moderation (DAZN): Daniel Herzog, Field-Reporter: Max Siebald<\/p>\n\n\n\n<p>Moderation (Prime Video): Benni Zander, Field-Reporter: Markus Herwig<\/p>\n\n\n\n<p><strong>Premier League, 34. Spieltag<\/strong><\/p>\n\n\n\n<p><span style=\"text-decoration: underline;\">Dienstag, 7. Juli 2020<\/span><\/p>\n\n\n\n<p><strong><em>Crystal Palace \u2013 FC Chelsea (19.00 Uhr)<\/em><\/strong><\/p>\n\n\n\n<p>Sky: Jogi Hebel<\/p>\n\n\n\n<p><strong><em>FC Watford \u2013 Norwich City (19.00 Uhr)<\/em><\/strong><\/p>\n\n\n\n<p>Sky: Hannes Herrmann<\/p>\n\n\n\n<p><strong><em>Arsenal \u2013 Leicester City (21.15 Uhr)<\/em><\/strong><\/p>\n\n\n\n<p>Sky: Florian Schmidt-Sommerfeld, Experte: Mladen Petric <\/p>\n\n\n\n<p><span style=\"text-decoration: underline;\">Mittwoch, 8. Juli 2020<\/span><\/p>\n\n\n\n<p><strong><em>West Ham United \u2013 FC Burnley (19.00 Uhr)<\/em><\/strong><\/p>\n\n\n\n<p>Sky: Hannes Herrmann<\/p>\n\n\n\n<p><strong><em>Manchester City \u2013 Newcastle United (19.00 Uhr)<\/em><\/strong><\/p>\n\n\n\n<p>Sky: Toni Tomic<\/p>\n\n\n\n<p><strong><em>Sheffield United \u2013 Wolverhampton Wanderers (19.00 Uhr)<\/em><\/strong><\/p>\n\n\n\n<p>Sky: Markus G\u00f6tz<\/p>\n\n\n\n<p><strong><em>Brighton &amp; Hove Albion \u2013 FC Liverpool (21.15 Uhr)<\/em><\/strong><\/p>\n\n\n\n<p>Sky: Jogi Hebel<\/p>\n\n\n\n<p><span style=\"text-decoration: underline;\">Donnerstag, 9. Juli 2020<\/span><\/p>\n\n\n\n<p><strong><em>FC Everton \u2013 FC Southampton (19.00 Uhr)<\/em><\/strong><\/p>\n\n\n\n<p>Sky: Markus Gaupp<\/p>\n\n\n\n<p><strong><em>AFC Bournemouth \u2013 Tottenham Hotspur (19.00 Uhr)<\/em><\/strong><\/p>\n\n\n\n<p>Sky: Sven Schr\u00f6ter<\/p>\n\n\n\n<p><strong><em>Aston Villa \u2013 Manchester United (21.15 Uhr)<\/em><\/strong><\/p>\n\n\n\n<p>Sky: Marcel Meinert<\/p>\n\n\n\n<p><strong>Internationaler Fu\u00dfball<\/strong><\/p>\n\n\n\n<p><span style=\"text-decoration: underline;\">Dienstag, 7. Juli 2020<\/span><\/p>\n\n\n\n<p>Sky Bet Championship, 42. Spieltag: <strong><em>Nottingham Forest &#8211; FC Fulham (18.00 Uhr)<\/em><\/strong><\/p>\n\n\n\n<p>sportdigital FUSSBALL: Florian Obst<\/p>\n\n\n\n<p>Serie A, 31. Spieltag: <strong><em>US Lecce &#8211; Lazio Rom (19.30 Uhr)<\/em><\/strong><\/p>\n\n\n\n<p>DAZN: Tobi Fischbeck<\/p>\n\n\n\n<p>Serie A, 31. Spieltag: <strong><em>AC Mailand &#8211; Juventus Turin (21.45 Uhr)<\/em><\/strong><\/p>\n\n\n\n<p>DAZN: Carsten Fu\u00df, Experte: Andreas Brehme<\/p>\n\n\n\n<p>Moderation (DAZN): Sebastian Benesch<\/p>\n\n\n\n<p>LaLiga, 35. Spieltag: <strong><em>Celta Vigo &#8211; Atletico Madrid (22.00 Uhr)<\/em><\/strong><\/p>\n\n\n\n<p>DAZN: Hans von Brockhausen<\/p>\n\n\n\n<p><span style=\"text-decoration: underline;\">Mittwoch, 8. Juli 2020<\/span><\/p>\n\n\n\n<p>J. League, 3. Spieltag: <em><strong>FC Tokyo &#8211; Kawasaki Frontale (12:30 Uhr)<\/strong><\/em><\/p>\n\n\n\n<p>sportdigital FUSSBALL: Christian Blunck<\/p>\n\n\n\n<p>Fortuna Liga, 35. Spieltag: <strong><em>Slavia Prag &#8211; Sparta Prag (18.00 Uhr)<\/em><\/strong><\/p>\n\n\n\n<p>sportdigital FUSSBALL: Christian Blunck<\/p>\n\n\n\n<p>Serie A, 31. Spieltag: <strong><em>AS Rom &#8211; FC Parma (19.30 Uhr)<\/em><\/strong><\/p>\n\n\n\n<p>DAZN: Max Gross<\/p>\n\n\n\n<p>LaLiga, 35. Spieltag: <strong><em>FC Getafe &#8211; FC Villarreal (19.30 Uhr)<\/em><\/strong><\/p>\n\n\n\n<p>DAZN: Flo Eckl, Experte: Maximilian Nicu<\/p>\n\n\n\n<p>Serie A, 31. Spieltag: <strong><em>Atalanta Bergamo &#8211; Sampdoria Genua (21.45 Uhr)<\/em><\/strong><\/p>\n\n\n\n<p>DAZN: Lukas Sch\u00f6nm\u00fcller<\/p>\n\n\n\n<p>LaLiga, 35. Spieltag: <strong><em>FC Barcelona &#8211; Espanyol Barcelona (22.00 Uhr)<\/em><\/strong><\/p>\n\n\n\n<p>LaLiga: Jan Platte, Experte: Benny Lauth<\/p>\n\n\n\n<p><span style=\"text-decoration: underline;\">Donnerstag, 9. Juli 2020<\/span><\/p>\n\n\n\n<p>MLS, 1. Runde Gruppenphase: <strong><em>New York City FC &#8211; Philadelphia Union (15.08 Uhr)<\/em><\/strong><\/p>\n\n\n\n<p>sportdigital FUSSBALL: Ulf Kahmke<\/p>\n\n\n\n<p>Sky Bet Championship, 42. Spieltag: <strong><em>Leeds United &#8211; Stoke City (18.00 Uhr)<\/em><\/strong><\/p>\n\n\n\n<p>sportdigital FUSSBALL: Christian Blunck<\/p>\n\n\n\n<p>Liga NOS, 31. Spieltag: <strong><em>CD Tondela &#8211; FC Porto (20.15 Uhr)<\/em><\/strong><\/p>\n\n\n\n<p>DAZN: David Ploch<\/p>\n\n\n\n<p>sportdigital FUSSBALL: Arne Malsch<\/p>\n\n\n\n<p>Serie A, 31. Spieltag: <strong><em>Hellas Verona &#8211; Inter Mailand (21.45 Uhr)<\/em><\/strong><\/p>\n\n\n\n<p>DAZN: Marcel Seufert<\/p>\n\n\n\n<p>LaLiga, 35. Spieltag: <strong><em>Athletic Bilbao &#8211; FC Sevilla (22.00 Uhr)<\/em><\/strong><\/p>\n\n\n\n<p>DAZN: Nico Seepe<\/p>\n\n\n\n<p>Liga NOS, 31. Spieltag: <strong><em>FC Famalicao &#8211; Benfica Lissabon (22.30 Uhr)<\/em><\/strong><\/p>\n\n\n\n<p>DAZN: Franz B\u00fcchner<\/p>\n\n\n\n<p>sportdigital FUSSBALL: Karsten Linke<\/p>\n\n\n\n<p><strong>Die Analyse<\/strong><\/p>\n\n\n\n<p>Zum Relegations-Hinspiel ist fast alles gesagt. Bis auf die Ansetzungen&#8230; F\u00fcr das ZDF ist Martin Schneider vor Ort. Gast bei Katrin M\u00fcller-Hohenstein ist Peter Hyballa. W\u00e4hrend Prime Video auf das bew\u00e4hrte Duo aus Christoph Fetzer und Mirko Slomka setzt, sitzt f\u00fcr DAZN Mario Rieker am Mikro. An seiner Seite ist Sebastian Knei\u00dfl. Zus\u00e4tzlich zum herk\u00f6mmlichen Spiel bietet der Streaming-Dienst wie gewohnt eine Version mit Fanatmosph\u00e4re an. <\/p>\n\n\n\n<p>In der Premier League ist die Meisterschaftsfrage zwar gekl\u00e4rt, ein paar Wochen wird allerdings noch gespielt. Besonders interessant wird es im Kampf um die internationalen R\u00e4nge. Sky schickt eine routinierte Truppe ins Rennen. Jogi Hebel darf neben dem Londoner Derby (Chelsea gegen Crystal Palace) auch bei Brighton gegen Liverpool ran. Hannes Hermann verzeichnet auch zwei Eins\u00e4tze. Er begleitet den Abstiegskracher Watford gegen Norwich sowie West Ham gegen Burnley. Handball-Experte Markus G\u00f6tz, Toni Tomic, Sven Schr\u00f6ter, Markus Gaupp, Marcel Meinert und nat\u00fcrlich Florian Schmidt-Sommerfeld komplettieren die Riege.<\/p>\n\n\n\n<p>Ebenfalls noch nicht ganz in den letzten Z\u00fcgen sind die anderen Ligen, wie ein Blick auf den internationalen Fu\u00dfball zeigt. In der Serie A sticht vor allem AC Mailand gegen Juventus Turin ins Auge. Italien-Experte Carsten Fu\u00df l\u00e4sst sich das nicht nehmen. Co-Kommentator ist der einstige WM-Held Andreas Brehme. <\/p>\n\n\n\n<p>Ich finde es fraglich, dass DAZN f\u00fcr CFC Genua gegen den SSC Neapel keinen deutschen Kommentar ansetzt, aber vielleicht kommt die Ansetzung noch spontan. Geht es doch f\u00fcr die Neapolitaner um den Einzug ins europ\u00e4ische Gesch\u00e4ft, w\u00e4hrend Genua um den Klassenerhalt bangt. Klingt zumindest brisanter als Atalanta (CL-Quali im Grunde durch) gegen Sampdoria (d\u00fcmpelt im Mittelfeld herum). Hier ist \u00fcbrigens Lukas Sch\u00f6nm\u00fcller im Einsatz.<\/p>\n\n\n\n<p>DAZNs Chefkommentator Jan Platte \u00fcbernimmt beim Barcelona-Stadtderby.    Barca empf\u00e4ngt Espanyol. Experte ist Benny Lauth. Der Streaming-Dienst setzt zudem weiter auf den Nachwuchs. Hans von Brockhausen, zuletzt schon bei Atletico im Einsatz, bekommt es erneut mit den Colchoneros zu tun, die bei Celta Vigo ranm\u00fcssen.<\/p>\n\n\n\n<p>In diesem Sinne Euch eine sch\u00f6ne Woche!<\/p>\n","protected":false},"excerpt":{"rendered":"<p>N&#8217;Abend allerseits, w\u00e4hrend in der Bundesliga die letzten sportlichen Fragen in diesen Augenblicken beantwortet werden, zieht das Unterhaus Dienstag und Samstag nach. Mit dem ZDF, DAZN und Amazon Prime Video haben sich gleich drei Anbieter die \u00dcbertragungsrechte der Relegation zur 2. Bundesliga gesichert. Aufeinandertreffen werden der 1.FC N\u00fcrnberg &#8211; durch eine Wende im Fernduell mit [&hellip;]<\/p>\n","protected":false},"author":2,"featured_media":0,"comment_status":"open","ping_status":"open","sticky":false,"template":"","format":"standard","meta":{"footnotes":""},"categories":[429],"tags":[313,166,131,302,13,104,314,48,103,205,243,38,303,23,290,222,22,37],"class_list":["post-2828","post","type-post","status-publish","format-standard","hentry","category-diverses","tag-andreas-brehme","tag-benny-lauth","tag-carsten-fuss","tag-christoph-fetzer","tag-dazn","tag-hannes-herrmann","tag-hans-von-brockhausen","tag-jan-platte","tag-jogi-hebel","tag-lukas-schoenmueller","tag-mario-rieker","tag-martin-schneider","tag-mirko-slomka","tag-premier-league","tag-primevideo","tag-sebastian-kneissl","tag-sky","tag-zdf"],"_links":{"self":[{"href":"http:\/\/kommentatorenblog.de\/index.php?rest_route=\/wp\/v2\/posts\/2828","targetHints":{"allow":["GET"]}}],"collection":[{"href":"http:\/\/kommentatorenblog.de\/index.php?rest_route=\/wp\/v2\/posts"}],"about":[{"href":"http:\/\/kommentatorenblog.de\/index.php?rest_route=\/wp\/v2\/types\/post"}],"author":[{"embeddable":true,"href":"http:\/\/kommentatorenblog.de\/index.php?rest_route=\/wp\/v2\/users\/2"}],"replies":[{"embeddable":true,"href":"http:\/\/kommentatorenblog.de\/index.php?rest_route=%2Fwp%2Fv2%2Fcomments&post=2828"}],"version-history":[{"count":19,"href":"http:\/\/kommentatorenblog.de\/index.php?rest_route=\/wp\/v2\/posts\/2828\/revisions"}],"predecessor-version":[{"id":2876,"href":"http:\/\/kommentatorenblog.de\/index.php?rest_route=\/wp\/v2\/posts\/2828\/revisions\/2876"}],"wp:attachment":[{"href":"http:\/\/kommentatorenblog.de\/index.php?rest_route=%2Fwp%2Fv2%2Fmedia&parent=2828"}],"wp:term":[{"taxonomy":"category","embeddable":true,"href":"http:\/\/kommentatorenblog.de\/index.php?rest_route=%2Fwp%2Fv2%2Fcategories&post=2828"},{"taxonomy":"post_tag","embeddable":true,"href":"http:\/\/kommentatorenblog.de\/index.php?rest_route=%2Fwp%2Fv2%2Ftags&post=2828"}],"curies":[{"name":"wp","href":"https:\/\/api.w.org\/{rel}","templated":true}]}}