{"id":2837,"date":"2020-07-09T16:48:42","date_gmt":"2020-07-09T16:48:42","guid":{"rendered":"http:\/\/kommentatorenblog.de\/?p=2837"},"modified":"2020-12-30T16:04:36","modified_gmt":"2020-12-30T16:04:36","slug":"1087-schnelldurchgang","status":"publish","type":"post","link":"http:\/\/kommentatorenblog.de\/?p=2837","title":{"rendered":"1087 \u2013 Schnelldurchgang"},"content":{"rendered":"\n<p>N\u2018 Abend allerseits!<\/p>\n\n\n\n<p>Heute gibt\u00b4s leider nur die schnelle Variante, weil n\u00e4chste Woche Abgabetermin f\u00fcr die Bachelorarbeit ist!<\/p>\n\n\n\n<p><strong><em>Die Ansetzungen vom 10. Juli 2020 bis zum 13. Juli 2020<\/em><\/strong><\/p>\n\n\n\n<p><strong>Relegation um die 2. Bundesliga, R\u00fcckspiel<\/strong><\/p>\n\n\n\n<p><span style=\"text-decoration: underline;\">Samstag, 11. Juli 2020, ab 18.00 Uhr (ZDF\/DAZN\/PrimeVideo)<\/span><\/p>\n\n\n\n<p><strong><em>FC Ingolstadt \u2013&nbsp;1.FC N\u00fcrnberg <\/em><\/strong><strong><em>(18.15 Uhr)<\/em><\/strong><\/p>\n\n\n\n<p>ZDF: Claudia Neumann<\/p>\n\n\n\n<p>DAZN: Mario Rieker, Experte: Sebastian Knei\u00dfl<\/p>\n\n\n\n<p>Prime Video: Christoph Fetzer, Experte: Mirko Slomka<\/p>\n\n\n\n<p>Moderation (ZDF): Jochen Breyer, Experte: Peter Hyballa <\/p>\n\n\n\n<p>Moderation (DAZN): Daniel Herzog, Field-Reporter: tba<\/p>\n\n\n\n<p>Moderation (Prime Video): Benni Zander, Field-Reporter: Markus Herwig<\/p>\n\n\n\n<p><strong>Champions League, Auslosung Viertel- und Halbfinale<\/strong><\/p>\n\n\n\n<p><span style=\"text-decoration: underline;\">Freitag, 10 Juli, ab 12.00 Uhr (Sky Sport News\/DAZN\/Eurosport 1)<\/span><\/p>\n\n\n\n<p>Sky Sport News: Thomas Fleischmann, Experte: Kai Dittmann <\/p>\n\n\n\n<p>DAZN: Christoph Stadler, Experte: Ralph Gunesch<\/p>\n\n\n\n<p>Eurosport 1: ???<\/p>\n\n\n\n<p><strong>Europa League, Auslosung Viertel- und Halbfinale<\/strong><\/p>\n\n\n\n<p><span style=\"text-decoration: underline;\">ab 13.00 Uhr (DAZN\/Eurosport 1)<\/span> <\/p>\n\n\n\n<p>DAZN: Christoph Stadler, Experte: Ralph Gunesch <\/p>\n\n\n\n<p>Eurosport 1: ???<\/p>\n\n\n\n<p><strong>Premier League, 35. Spieltag<\/strong><\/p>\n\n\n\n<p><span style=\"text-decoration: underline;\">Samstag, 11. Juli 2020, ab 13.20 Uhr (Sky)<\/span><\/p>\n\n\n\n<p><strong><em>Norwich City \u2013 West Ham United (13.30 Uhr)<\/em><\/strong><\/p>\n\n\n\n<p>Sky: Hannes Herrmann <\/p>\n\n\n\n<p><strong><em>FC Watford \u2013 Newcastle United (13.30 Uhr)<\/em><\/strong><\/p>\n\n\n\n<p>Sky: Markus G\u00f6tz<\/p>\n\n\n\n<p><span style=\"text-decoration: underline;\">ab 15.50 Uhr (Sky)<\/span><\/p>\n\n\n\n<p><strong><em>FC Liverpool \u2013 FC Burnley (16.00 Uhr)<\/em><\/strong><\/p>\n\n\n\n<p>Sky: Sven Schr\u00f6ter <\/p>\n\n\n\n<p><span style=\"text-decoration: underline;\">ab 18.20 Uhr (Sky)<\/span><\/p>\n\n\n\n<p><strong><em>Sheffield United \u2013 FC Chelsea (18.30 Uhr)<\/em><\/strong><\/p>\n\n\n\n<p>Sky: Joachim Hebel <\/p>\n\n\n\n<p><span style=\"text-decoration: underline;\">ab 20.50 Uhr (Sky)<\/span><\/p>\n\n\n\n<p><strong><em>Brighton &amp; Hove Albion \u2013 Manchester City (21.00 Uhr)<\/em><\/strong><\/p>\n\n\n\n<p>Sky: Markus Gaupp<\/p>\n\n\n\n<p><span style=\"text-decoration: underline;\">Sonntag, 12. Juli 2020, ab 12.50 Uhr (Sky)<\/span><\/p>\n\n\n\n<p><strong><em>Wolverhampton Wanderers \u2013 FC Everton (13.00 Uhr)<\/em><\/strong><\/p>\n\n\n\n<p>Sky: Joachim Hebel<\/p>\n\n\n\n<p><span style=\"text-decoration: underline;\">ab 15.05 Uhr (Sky)<\/span><\/p>\n\n\n\n<p><strong><em>Aston Villa \u2013 Crystal Palace (15.15 Uhr)<\/em><\/strong><\/p>\n\n\n\n<p>Sky: Hannes Herrmann<\/p>\n\n\n\n<p><span style=\"text-decoration: underline;\">ab 17.00 Uhr (Sky)<\/span><\/p>\n\n\n\n<p><strong><em>Tottenham Hotspur<\/em><\/strong> <strong><em>\u2013 FC Arsenal (17.30 Uhr)<\/em><\/strong><\/p>\n\n\n\n<p>Sky: Florian Schmidt-Sommerfeld <\/p>\n\n\n\n<p><span style=\"text-decoration: underline;\">ab 19.50 Uhr (Sky)<\/span><\/p>\n\n\n\n<p><strong><em>AFC Bournemouth \u2013 Leicester City (20.00 Uhr)<\/em><\/strong><\/p>\n\n\n\n<p>Sky: Toni Tomic <\/p>\n\n\n\n<p><span style=\"text-decoration: underline;\">Montag, 13. Juli 2020 ab 20.50 Uhr (Sky)<\/span><\/p>\n\n\n\n<p><strong><em>Manchester United \u2013&nbsp;FC Southhampton (21.00 Uhr)<\/em><\/strong><\/p>\n\n\n\n<p>Sky: Roland Evers <\/p>\n\n\n\n<p><strong>Internationaler Fu\u00dfball<\/strong><\/p>\n\n\n\n<p><span style=\"text-decoration: underline;\">Freitag, 10. Juli 2020<\/span><\/p>\n\n\n\n<p>Liga NOS, 31. Spieltag:  <strong><em>Sporting Lissabon \u2013&nbsp;Santa Clara (20.15 Uhr)<\/em><\/strong> <\/p>\n\n\n\n<p>DAZN: David Ploch <\/p>\n\n\n\n<p>Sky Bet Championship, 43. Spieltag:&nbsp;<strong><em>FC Fulham \u2013 Cardiff City (21.00 Uhr)<\/em><\/strong><\/p>\n\n\n\n<p>Sportdigital FUSSBALL: Karsten Linke<\/p>\n\n\n\n<p>LaLiga, 35. Spieltag:&nbsp;<strong><em>Real Madrid \u2013&nbsp;Deportivo Alaves (22.00 Uhr)<\/em><\/strong><\/p>\n\n\n\n<p>DAZN: Jan Platte, Experte: Sascha Bigalke <\/p>\n\n\n\n<p><span style=\"text-decoration: underline;\">Samstag, 11. Juli 2020<\/span><\/p>\n\n\n\n<p>Sky Bet Championship, 43. Spieltag:\u00a0<strong><em>Derby County \u2013 Brentford FC (13.30 Uhr)<\/em><\/strong><\/p>\n\n\n\n<p>Sportdigital FUSSBALL: Florian Obst<\/p>\n\n\n\n<p>Serie A, 32. Spieltag:&nbsp;<strong><em>Lazio Rom \u2013&nbsp;Sassuolo (17.15 Uhr)<\/em><\/strong><\/p>\n\n\n\n<p>DAZN: Tino Polster, Experte: Michael Hofmann<\/p>\n\n\n\n<p>Ekstraklasa, 35. Spieltag:\u00a0<strong><em>Legia Warschau \u2013 <\/em><\/strong><strong><em>Cracovia Krakau (17.30 Uhr)<\/em><\/strong><\/p>\n\n\n\n<p>Sportdigital FUSSBALL: Christian Blunck <\/p>\n\n\n\n<p>LaLiga, 36. Spieltag:&nbsp;<strong><em>Real Valladolid \u2013&nbsp;FC Barcelona (19.30 Uhr)<\/em><\/strong><\/p>\n\n\n\n<p>DAZN: Matthias Naebers, Experte: Benny Lauth <\/p>\n\n\n\n<p>Serie A, 32. Spieltag:&nbsp;<strong><em>Brescia \u2013&nbsp;AS Rom (19.30 Uhr)<\/em><\/strong> <\/p>\n\n\n\n<p>DAZN: Uwe Morawe<\/p>\n\n\n\n<p>Serie A, 32. Spieltag:&nbsp;<strong><em>Juventus Turin \u2013&nbsp;Atalanta Bergamo (21.45 Uhr)<\/em><\/strong> <\/p>\n\n\n\n<p>DAZN: Carsten Fu\u00df, Experte: Christian Bernhard<\/p>\n\n\n\n<p>Moderator: Tobi Wahnschaffe <\/p>\n\n\n\n<p>LaLiga, 36. Spieltag:&nbsp;<strong><em>Atl\u00e9tico Madrid \u2013&nbsp;Real Betis (22.00 Uhr)<\/em><\/strong><\/p>\n\n\n\n<p>DAZN: Guido H\u00fcsgen <\/p>\n\n\n\n<p><span style=\"text-decoration: underline;\">Sonntag, 12. Juli 2020<\/span><\/p>\n\n\n\n<p>J-League, 04. Spieltag:&nbsp;<strong><em>Yokohama F-Marinos \u2013 FC Tokyo (12.30 Uhr)<\/em><\/strong><\/p>\n\n\n\n<p>Sportdigital FUSSBALL: Karsten Linke<\/p>\n\n\n\n<p>Sky Bet Championship, 43. Spieltag:&nbsp;<strong><em>Swansea City \u2013 Leeds United (14.30 Uhr)<\/em><\/strong><\/p>\n\n\n\n<p>Sportdigital FUSSBALL: Christian Blunck <\/p>\n\n\n\n<p>Serie A, 32. Spieltag:&nbsp;<strong><em>AC Florenz \u2013 Hellas Verona (19.30 Uhr)<\/em><\/strong><\/p>\n\n\n\n<p>DAZN: Tom Kirsten <\/p>\n\n\n\n<p>Serie A, 32. Spieltag:&nbsp;<strong><em>SSC Neapel \u2013 AC Mailand (21.45 Uhr)<\/em><\/strong><\/p>\n\n\n\n<p>DAZN: Flo Hauser, Experte: Max Nicu<\/p>\n\n\n\n<p>LaLiga, 36. Spieltag:&nbsp;<strong><em>FC Sevilla \u2013&nbsp;Real Mallorca (22.00 Uhr)<\/em><\/strong><\/p>\n\n\n\n<p>DAZN: Tino Polster <\/p>\n\n\n\n<p><span style=\"text-decoration: underline;\">Montag, 13. Juli 2020<\/span><\/p>\n\n\n\n<p>League One, Playoff-Finale: <strong><em>Oxford United<\/em><\/strong> <strong><em>\u2013<\/em><\/strong> <strong><em>Wycombe Wanderers (20.15 Uhr)<\/em><\/strong> <\/p>\n\n\n\n<p>Sportdigital FUSSBALL: Florian Obst<\/p>\n\n\n\n<p>DAZN: Uli Hebel  <\/p>\n\n\n\n<p>LaLiga, 36. Spieltag:\u00a0<strong><em>Villareal \u2013\u00a0Real Sociedad (19.30 Uhr)<\/em><\/strong><\/p>\n\n\n\n<p>DAZN: Oliver Forster <\/p>\n\n\n\n<p>Serie A, 32. Spieltag:\u00a0<strong><em>Inter Mailand \u2013 FC Turin (21.45 Uhr)<\/em><\/strong><\/p>\n\n\n\n<p>DAZN: Tino Polster <\/p>\n\n\n\n<p>LaLiga, 36. Spieltag:\u00a0<strong><em>Granada CF \u2013\u00a0Real Madrid (22.00 Uhr)<\/em><\/strong><\/p>\n\n\n\n<p>DAZN: Jan Platte, Experte: Ralph Gunesch  <\/p>\n\n\n\n<p><strong>Die Analyse<\/strong><\/p>\n\n\n\n<p>-entf\u00e4llt-<\/p>\n\n\n\n<p>Packt eure Einsch\u00e4tzungen gerne in die Kommentare!<\/p>\n","protected":false},"excerpt":{"rendered":"<p>N\u2018 Abend allerseits! Heute gibt\u00b4s leider nur die schnelle Variante, weil n\u00e4chste Woche Abgabetermin f\u00fcr die Bachelorarbeit ist! Die Ansetzungen vom 10. Juli 2020 bis zum 13. Juli 2020 Relegation um die 2. Bundesliga, R\u00fcckspiel Samstag, 11. Juli 2020, ab 18.00 Uhr (ZDF\/DAZN\/PrimeVideo) FC Ingolstadt \u2013&nbsp;1.FC N\u00fcrnberg (18.15 Uhr) ZDF: Claudia Neumann DAZN: Mario Rieker, [&hellip;]<\/p>\n","protected":false},"author":3,"featured_media":0,"comment_status":"open","ping_status":"open","sticky":false,"template":"","format":"standard","meta":{"footnotes":""},"categories":[429],"tags":[21,302,212,13,48,243,118,23,290,309,222,22,37],"class_list":["post-2837","post","type-post","status-publish","format-standard","hentry","category-diverses","tag-benni-zander","tag-christoph-fetzer","tag-daniel-herzog","tag-dazn","tag-jan-platte","tag-mario-rieker","tag-markus-herwig","tag-premier-league","tag-primevideo","tag-relegation","tag-sebastian-kneissl","tag-sky","tag-zdf"],"_links":{"self":[{"href":"http:\/\/kommentatorenblog.de\/index.php?rest_route=\/wp\/v2\/posts\/2837","targetHints":{"allow":["GET"]}}],"collection":[{"href":"http:\/\/kommentatorenblog.de\/index.php?rest_route=\/wp\/v2\/posts"}],"about":[{"href":"http:\/\/kommentatorenblog.de\/index.php?rest_route=\/wp\/v2\/types\/post"}],"author":[{"embeddable":true,"href":"http:\/\/kommentatorenblog.de\/index.php?rest_route=\/wp\/v2\/users\/3"}],"replies":[{"embeddable":true,"href":"http:\/\/kommentatorenblog.de\/index.php?rest_route=%2Fwp%2Fv2%2Fcomments&post=2837"}],"version-history":[{"count":32,"href":"http:\/\/kommentatorenblog.de\/index.php?rest_route=\/wp\/v2\/posts\/2837\/revisions"}],"predecessor-version":[{"id":2885,"href":"http:\/\/kommentatorenblog.de\/index.php?rest_route=\/wp\/v2\/posts\/2837\/revisions\/2885"}],"wp:attachment":[{"href":"http:\/\/kommentatorenblog.de\/index.php?rest_route=%2Fwp%2Fv2%2Fmedia&parent=2837"}],"wp:term":[{"taxonomy":"category","embeddable":true,"href":"http:\/\/kommentatorenblog.de\/index.php?rest_route=%2Fwp%2Fv2%2Fcategories&post=2837"},{"taxonomy":"post_tag","embeddable":true,"href":"http:\/\/kommentatorenblog.de\/index.php?rest_route=%2Fwp%2Fv2%2Ftags&post=2837"}],"curies":[{"name":"wp","href":"https:\/\/api.w.org\/{rel}","templated":true}]}}