{"id":2887,"date":"2020-07-13T17:58:20","date_gmt":"2020-07-13T17:58:20","guid":{"rendered":"http:\/\/kommentatorenblog.de\/?p=2887"},"modified":"2020-12-30T16:04:32","modified_gmt":"2020-12-30T16:04:32","slug":"1088-extra-wurst-oder-vorbild","status":"publish","type":"post","link":"http:\/\/kommentatorenblog.de\/?p=2887","title":{"rendered":"1088 &#8211; Extra-Wurst oder Vorbild?"},"content":{"rendered":"\n<p>N\u2019Abend allerseits,<\/p>\n\n\n\n<p>Mit dem R\u00fcckspiel in der Relegation zwischen N\u00fcrnberg und Ingolstadt endete am Samstag die Saison in Deutschlands Profifu\u00dfball endg\u00fcltig. Anlass genug, um zu versuchen, unter den sportlichen Schlussstrich ein kleines Fazit zu ziehen. Denn die vergangenen zwei Fu\u00dfball-Monate waren gew\u00f6hnungsbed\u00fcrftig, denkw\u00fcrdig und stellenweise sogar ein wenig befremdlich. Leere Stadien, zur\u00fcckhaltender Jubel und akribische Versuche aus allen Richtungen, die gedr\u00fcckte Stimmung zu erhellen.<\/p>\n\n\n\n<p>Die L\u00f6sungen von Vereinen bis hin zu Streamingdiensten waren kreativ. Sie sollten dem Fan nicht nur Alternativen zur tr\u00fcbseligen Atmosph\u00e4re bieten, sondern gleicherma\u00dfen einen Restart rechtfertigen, der zu Beginn mit vehementem Widerstand begleitet, sp\u00e4ter hingenommen und schlie\u00dflich toleriert wurde. Zumindest sprechen die Zuschauerzahlen f\u00fcr sich. War es also die richtige Entscheidung, die Saison fortzusetzen?<\/p>\n\n\n\n<p>Ich denke, dass es schwierig wird, die Frage absolut mit Ja oder Nein zu beantworten. Insbesondere aus heutiger Sicht, in der in meinen Augen Vieles f\u00fcr den Restart spricht. Schlie\u00dflich wurden diverse H\u00fcrden wie die positiven Tests im Lager von Dynamo Dresden gekonnt, vielleicht aber auch etwas gl\u00fccklich (was w\u00e4re gewesen, h\u00e4tten sich noch andere Teams, m\u00f6glicherweise zu sp\u00e4teren Zeitpunkten, infiziert?), gemeistert. Doch muss man f\u00fcr eine angemessene Betrachtung auch die Zeit ber\u00fccksichtigen, in der die Wiederaufnahme der Bundesliga hitzig diskutiert, ehe eine Entscheidung gef\u00e4llt wurde.<\/p>\n\n\n\n<p><strong>Eine Konstante bricht weg<\/strong><\/p>\n\n\n\n<p>F\u00fcr mich war die Fu\u00dfball-Bundesliga eine von vielen Konstanten, die Mitte M\u00e4rz mehr oder weniger pl\u00f6tzlich wegbrachen. Angek\u00fcndigt hatte es sich zwar durch die schon deutlich fr\u00fcher angesetzte Pause der Serie A, komisch war es trotzdem, am Samstagnachmittag alternativen Aktivit\u00e4ten nachzugehen. Zumindest am Anfang. Keine flimmernde Kiste, die dem guten Wetter trotzt, keine Torschreie, keine vom Sitzfleisch ausgel\u00f6ste Aush\u00f6hlung der Couch um 17.20 Uhr. Seltsam, aber nachvollziehbar. Denn die Pause war ein zu diesem Zeitpunkt unabdingbarer, logischer Schritt. Denn: Es lag zun\u00e4chst kein Hygienekonzept vor, dass sich den politischen Ma\u00dfnahmen beugen konnte. So lag der Fu\u00dfball, genau wie viele andere Bereiche des gesellschaftlichen Lebens, wie wir es kennen, brach.&nbsp;<\/p>\n\n\n\n<p>Aus pers\u00f6nlichen Gr\u00fcnden fiel es mir in der Folge einfach schwer, an die Bundesliga zu denken. Mir schwirrten eher Begriffe wie \u201eKurzarbeit\u201c und \u201eKontaktverbot\u201c im Kopf herum, als dass ich auf die unterhaltende sportliche Konstante pochte, die sonst mein Wochenende begleitete, teils vers\u00fc\u00dfte, teils versalzte. Der Fu\u00dfball war mir irgendwie ferner denn je. Ende April wurde die Debatte um die Wiederaufnahme der Bundesliga hei\u00dfer. Und ich muss gestehen, ich z\u00e4hlte anfangs wirklich nicht zu den Bef\u00fcrwortern. Und das, obwohl ich langsam aber sicher wieder richtig Bock darauf hatte, Fu\u00dfballspiele zu verfolgen.<\/p>\n\n\n\n<p>Es ging mir aber schlicht darum, dem Fu\u00dfball nicht so viel Bedeutung beimessen zu wollen in einer Zeit, die sich guten Gewissens als Ausnahmesituation betiteln l\u00e4sst und in der andere Fragen essenziellerer Natur ungekl\u00e4rt blieben. Denn offensichtlich befassten sich die Politiker in ausgiebigen Debatten mit der Bundesliga, anstatt sich mit ihrer Zeit ausschlie\u00dflich wichtigeren Themen zu widmen. Bis heute fehlt beispielsweise ein einheitliches Konzept zur \u00d6ffnung der Kitas. Ich finde selbst, dass dieser Vergleich hinkt, denn f\u00fcr Kitas und Schulen ist es viel schwieriger, einen funktionierenden Plan auszuarbeiten, es m\u00fcssen ja auch viel mehr Komponenten ber\u00fccksichtigt werden. Trotzdem kann ich jeden Kita-Mitarbeiter und jedes \u00fcberforderte Elternteil verstehen, das sich an den Kopf fasst bei der Gewichtung des Fu\u00dfballs. Denn es geht ja auch darum, welches Zeichen man setzt. Und im Verh\u00e4ltnis dr\u00fcckte der Schuh zu diesem Zeitpunkt in der Bundesliga einfach nicht.<\/p>\n\n\n\n<p><strong>Um Spa\u00df geht es schon lange nicht mehr<\/strong><\/p>\n\n\n\n<p>Zumindest dann nicht, wenn man den Fu\u00dfball als reine Unterhaltsindustrie sieht. Doch diese Ansicht entbehrt schlichtweg der Realit\u00e4t, wie <a href=\"https:\/\/www.focus.de\/sport\/fussball\/kolumne-von-martin-volkmar-quarantaene-liga-wie-fussball-fast-60-000-jobs-und-millionen-einnahmen-retten-kann_id_11821292.html\">eine Kolumne von Martin Volkmar<\/a> darstellt. \u201eUm Spa\u00df geht es schon lange nicht mehr\u201c, schreibt er und bezeichnet damit eine Entwicklung, die mit Corona gar nichts zu tun hat, sondern als fortschreitende Kommerzialisierung zu verstehen ist und unser heutiges Fu\u00dfballsystem schon seit vielen Jahren begleitet. Die \u201eExtra-Wurst-Debatte\u201c, die viele Gegner der Bundesliga-Wiederaufnahme herauskramten, ist nur bedingt angebracht. Denn glaubt man \u00fcbereinstimmenden Medienberichten, sind \u00fcber 50000 Arbeitspl\u00e4tze an die Bundesliga gekoppelt. Das macht den Fu\u00dfball zu einem Sektor, dessen wirtschaftliche und auch gesellschaftliche Auswirkungen jedem bewusst sein sollten.<\/p>\n\n\n\n<p>Auch als Wirtschaftszweig ist die Bundesliga noch lange nicht systemrelevant. Aber das sind Eisdielen und Klamottenl\u00e4den meines Erachtens auch nicht. Und wenn Ma\u00dfnahmen gelockert werden, geh\u00f6rt es dazu, auch in systemirrelevanten Bereichen wieder Freir\u00e4ume zu gew\u00e4hren, sofern der Politik schl\u00fcssige Sicherheitskonzepte vorliegen. Deshalb muss man der DFL hier zu gute halten, dass es ihr gelungen ist, in dieser Situation schnell zu handeln und ein selbst finanziertes Konzept auszuarbeiten, um die Saison sportlich zu Ende zu bringen.<\/p>\n\n\n\n<p>Kritische Stimmen gab es in der Folge zurecht viele, schlie\u00dflich trugen einige Protagonisten (Salomon Kalou in Zeiten des beinahe uneingeschr\u00e4nkten Kontaktverbots oder Heiko Herrlich kurz nach dem Wiederbeginn der Bundesliga) nicht gerade dazu bei, die Glaubw\u00fcrdigkeit des Konzepts zu f\u00f6rdern. Hinzu kam der heikle Zeitpunkt, in der die Debatte gef\u00fchrt wurde. Gegner des Spielbetriebs sahen im Restart gar ein Gl\u00fccksspiel auf Kosten der Gesundheit. Doch die erfolgreiche Umsetzung lie\u00df die meisten Kritiker dann doch schrittweise verstummen.<\/p>\n\n\n\n<p><strong>Kritik aufgrund der \u00fcppigen Geh\u00e4lter&nbsp;<\/strong><\/p>\n\n\n\n<p>Einer der Gr\u00fcnde, warum der Aufschrei zuvor \u00fcberhaupt so gro\u00df gewesen ist, sind die Geh\u00e4lter der Fu\u00dfballer, die die Bundesliga von anderen Wirtschaftszweigen unterscheidet. Das muss man einr\u00e4umen. Anders als es beispielsweise in der Friseurbranche der Fall w\u00e4re, k\u00f6nnten die Bundesliga-Profis mit einem l\u00e4ngerfristigen Gehaltsverzicht der Coronavirus-Krise locker trotzen, sodass die 50000 Arbeitspl\u00e4tze gar nicht erst in Gefahr geraten w\u00fcrden. Und es gibt genug Beispiele, dass Fu\u00dfball-Profis zu Einkommenseinbu\u00dfen tats\u00e4chlich nur sehr bedingt bereit sind. <a href=\"https:\/\/www.transfermarkt.de\/psg-profis-verweigern-gehaltsverzicht-ndash-kapitan-silva-beklagt-fehlende-wertschatzung\/view\/news\/361061\">Beispielsweise aus der Ligue 1<\/a>, deren laufende Saison ja sogar abgebrochen wurde, wodurch die Einnahmen ganz wegfallen\u2026 Aber zur\u00fcck zur Bundesliga. Auch dort k\u00f6nnten die Profis eine Fu\u00dfball-Pause mit einem Gehaltsverzicht kompensieren, das stimmt. Doch warum sollten sie das tun, wenn es es doch ein (wohlgemerkt erfolgreiches) Konzept gibt, nach dem weitergespielt werden kann?&nbsp;<\/p>\n\n\n\n<p>Oben habe ich geschrieben, dass es darum geht, welches Zeichen man mit einem Restart setzt. Zwar zeigt dieser unmittelbar die enorme Priorisierung des Fu\u00dfballs. Allerdings ist das kein neues Ph\u00e4nomen. Und wer den Spa\u00df mitmacht und einschaltet, <a href=\"https:\/\/twitter.com\/DWDL\/status\/1261911463804964864\">und das taten zuletzt mehr als je zuvor<\/a>, der darf sich auch nicht beschweren. Vielmehr l\u00e4sst sich die Wiederaufnahme auch als positives Signal verstehen. Ein gut ausgearbeitetes Konzept kann &#8211; und da m\u00fcssen die teils intransparenten Abl\u00e4ufe sowie das Fehlverhalten einiger Spieler und Funktion\u00e4re nat\u00fcrlich ausgeklammert werden &#8211; als Vorbild f\u00fcr andere Bereiche dienen. Somit ist die Bundesliga eine von mehreren Indikatoren, die zeigen: Es geht zur\u00fcck zur Normalit\u00e4t. Sicherlich nicht, weil die DFL die Ma\u00dfgabe hat, den Fans ihren Wochenendalltag zur\u00fcckzugeben, sondern aus eigenen finanziellen Interessen, aber das \u00e4ndert ja nichts an der Tatsache, dass die R\u00fcckkehr der Bundesliga f\u00fcr viele ein St\u00fcck Normalit\u00e4t bedeutet. Auch wenn wir kurz- und vielleicht sogar mittelfristig noch Abstriche machen m\u00fcssen.&nbsp;<\/p>\n\n\n\n<p>Extra-Wurst oder Vorbild?&nbsp;Die Bundesliga ist mit der Wiederaufnahme des Spielbetriebs schlussendlich wohl etwas von beidem. Dass die DFL ihr Vorhaben umsetzen konnte, fu\u00dfte sowohl&nbsp;auf einem sinnvollen Konzept als auch auf&nbsp;finanziellen M\u00f6glichkeiten, die andere Sportarten nicht hatten. Bestes Beispiel&nbsp;ist die Handball-Bundesliga. So&nbsp;nannte HBL-Vizepr\u00e4sident Franz Dressel&nbsp;als einen der Hauptgr\u00fcnde f\u00fcr die Annullierung, dass Spiele ohne Zuschauer insbesondere <a href=\"https:\/\/www.wa.de\/sport\/hamm\/coronavirus-hamm-asv-chef-dressel-rechnet-abbruch-13654465.html\">f\u00fcr die kleineren Vereine schlichtweg nicht tragbar<\/a> seien. Die Sonderrolle des Fu\u00dfballs ist&nbsp;demnach vor allem&nbsp;wirtschaftlich begr\u00fcndet, aber eben auch nicht neu. Gleicherma\u00dfen muss man&nbsp;den Vorbildcharakter an dieser Stelle eind\u00e4mmen, da die DFL&nbsp;eben ganz andere M\u00f6glichkeiten hatte, ihr Konzept zu realisieren. <\/p>\n\n\n\n<p><strong>Fu\u00dfnote aus gegebenem Anlass<\/strong><\/p>\n\n\n\n<p>Ich bin der Meinung, dass man die Corona-Tests, die in der Bundesliga regelm\u00e4\u00dfig von N\u00f6ten waren, sinnvoller einsetzen k\u00f6nnte als bei Fu\u00dfballspielern, die sehr wahrscheinlich nicht einmal infiziert sind. Aber es ist ja nicht so, dass die gleichen Tests anderenfalls bei der \u201enormalen\u201c Bev\u00f6lkerung landen w\u00fcrden. Denn die Finanzierung lief \u00fcber die DFL. Und weder h\u00e4tte die ein Interesse daran, ganz Deutschland durchzutesten noch ist das ihre Aufgabe. <a href=\"https:\/\/www.spiegel.de\/sport\/fussball\/fussball-bundesliga-1-fc-union-berlin-will-zuschauer-zum-saisonstart-zurueck-ins-stadion-lassen-a-a047dd62-5e0b-4adb-a474-d27577d8a09f\">\u00c4hnlich ist es gerade bei Union Berlin<\/a>. Der Klub aus dem Osten Berlins strebt zum Bundesligastart ein volles Stadion an, indem er Corona-Tests f\u00fcr die Stadiong\u00e4nger selbst finanzieren will.<\/p>\n\n\n\n<p>Solange die Testkapazit\u00e4ten in Deutschland nicht ersch\u00f6pft sind, halte ich es aus Sicht der Vereine und Verb\u00e4nde f\u00fcr legitim, solche Vorschl\u00e4ge zu machen. Die Entscheidung obliegt ja ohnehin der Politik. Stand jetzt sind in der Hauptstadt noch bis zum 24. Oktober Gro\u00dfveranstaltungen mit mehr als 5000 Personen untersagt. Doch wenn Corona uns eines gelehrt hat, dann, dass solche Regelungen schnell \u00fcberholt sind. Au\u00dferdem f\u00fchrt die DFL derzeit Gespr\u00e4che mit dem Bundesministerium f\u00fcr Gesundheit (BMG), \u00fcber Voraussetzungen f\u00fcr eine m\u00f6gliche Wiederzulassung von Stadionbesuchern.<\/p>\n\n\n\n<p>Und jetzt zum Tagesgesch\u00e4ft:<\/p>\n\n\n\n<p><strong><em>Die Ansetzungen vom 14. Juli 2020 bis zum 16. Juli 2020<\/em><\/strong><\/p>\n\n\n\n<p><strong>Premier League, 36. Spieltag<\/strong><\/p>\n\n\n\n<p><span style=\"text-decoration: underline;\">Dienstag, 14. Juli 2020, ab 21.05 (Sky)<\/span><\/p>\n\n\n\n<p><strong><em>FC Chelsea &#8211; Norwich City (21.15 Uhr)<\/em><\/strong><\/p>\n\n\n\n<p>Sky: Hannes Herrmann<\/p>\n\n\n\n<p><span style=\"text-decoration: underline;\">Mittwoch, 15. Juli 2020, ab 18.50 Uhr (Sky)<\/span><\/p>\n\n\n\n<p><strong><em>FC Burnley &#8211; Wolverhampton Wanderers (19.00 Uhr)<\/em><\/strong><\/p>\n\n\n\n<p>Sky: Hannes Herrmann<\/p>\n\n\n\n<p><strong><em>Manchester City &#8211; AFC Bournemouth (19.00 Uhr)<\/em><\/strong><\/p>\n\n\n\n<p>Sky: Toni Tomic<\/p>\n\n\n\n<p><strong><em>Newcastle United &#8211; Tottenham Hotspur (19.00 Uhr)<\/em><\/strong><\/p>\n\n\n\n<p>Sky: Jogi Hebel<\/p>\n\n\n\n<p><span style=\"text-decoration: underline;\">ab 20.45 Uhr (Sky)<\/span><\/p>\n\n\n\n<p><strong><em>FC Arsenal &#8211; FC Liverpool (21.15 Uhr)<\/em><\/strong><\/p>\n\n\n\n<p>Sky: Florian Schmidt-Sommerfeld, Experte: Ren\u00e9 Adler<\/p>\n\n\n\n<p><span style=\"text-decoration: underline;\">Donnerstag, 16. Juli 2020, ab 18.50 Uhr<\/span><\/p>\n\n\n\n<p><strong><em>FC Everton &#8211; Aston Villa (19.00 Uhr)<\/em><\/strong><\/p>\n\n\n\n<p>Sky: Hannes Herrmann<\/p>\n\n\n\n<p><strong><em>Leicester City &#8211; Sheffield United (19.00 Uhr)<\/em><\/strong><\/p>\n\n\n\n<p>Sky: Roland Evers<\/p>\n\n\n\n<p><span style=\"text-decoration: underline;\">ab 21.00 Uhr (Sky)<\/span><\/p>\n\n\n\n<p><strong><em>Crystal Palace &#8211; Manchester United (21.15 Uhr)<\/em><\/strong><\/p>\n\n\n\n<p>Sky: Jogi Hebel<\/p>\n\n\n\n<p><strong><em>FC Southampton &#8211; Brighton &amp; Hove Albion (21.15 Uhr)<\/em><\/strong><\/p>\n\n\n\n<p>Sky: Markus Gaupp<\/p>\n\n\n\n<p><strong>LaLiga, 37. Spieltag:<\/strong><\/p>\n\n\n\n<p><span style=\"text-decoration: underline;\">Donnerstag, ab 21.30 Uhr<\/span><\/p>\n\n\n\n<p><strong><em>Goalzone<\/em><\/strong><\/p>\n\n\n\n<p>Moderation (DAZN): Alex Schl\u00fcter, Experte: Ralph Gunesch<\/p>\n\n\n\n<p><strong><em>Real Sociedad &#8211; FC Sevilla (21.00 Uhr)<\/em><\/strong><\/p>\n\n\n\n<p>DAZN: Christoph Stadtler<\/p>\n\n\n\n<p><strong><em>FC Barcelona &#8211; CA Osasuna (21.00 Uhr)<\/em><\/strong><\/p>\n\n\n\n<p>DAZN: Uli Hebel<\/p>\n\n\n\n<p><strong><em>FC Getafe &#8211; Atletico Madrid (21.00 Uhr)<\/em><\/strong><\/p>\n\n\n\n<p>DAZN: Flo Hauser<\/p>\n\n\n\n<p><strong><em>Athletic Bilbao &#8211; CD Leganes (21.00 Uhr)<\/em><\/strong><\/p>\n\n\n\n<p>DAZN: Julian Engelhard<\/p>\n\n\n\n<p><strong><em>Real Madrid &#8211; FC Villarreal (21.00 Uhr)<\/em><\/strong><\/p>\n\n\n\n<p>DAZN: Jan Platte, Experte: Benny Lauth<\/p>\n\n\n\n<p><strong><em>FC Valencia &#8211; Espanyol Barcelona (21.00 Uhr)<\/em><\/strong><\/p>\n\n\n\n<p>DAZN: Franz B\u00fcchner<\/p>\n\n\n\n<p><strong><em>RCD Mallorca &#8211; FC Granada (21.00 Uhr)<\/em><\/strong><\/p>\n\n\n\n<p>DAZN: Tobi Fischbeck<\/p>\n\n\n\n<p><strong>Internationaler Fu\u00dfball<\/strong><\/p>\n\n\n\n<p><span style=\"text-decoration: underline;\">Dienstag, 14. Juli 2020<\/span><\/p>\n\n\n\n<p>Sky Bet Championship, 44. Spieltag: <strong><em>West Bromwich Albion &#8211; FC Fulham (18.00 Uhr)<\/em><\/strong><\/p>\n\n\n\n<p>sportdigital FUSSBALL: Florian Obst<\/p>\n\n\n\n<p>Serie A, 33. Spieltag: <strong><em>Atalanta Bergamo &#8211; Brescia Calcio (21.45 Uhr)<\/em><\/strong><\/p>\n\n\n\n<p>DAZN: Ruben Zimmermann<\/p>\n\n\n\n<p>Liga NOS, 32. Spieltag: <strong><em>Benfica Lissabon &#8211; Vitoria Guimaraes (22.30 Uhr)<\/em><\/strong><\/p>\n\n\n\n<p>DAZN: Uwe Morawe<\/p>\n\n\n\n<p>sportdigital FUSSBALL: Christian Blunck<\/p>\n\n\n\n<p><span style=\"text-decoration: underline;\">Mittwoch, 15. Juli 2020<\/span><\/p>\n\n\n\n<p>Sky Bet Championship, 44. Spieltag: <strong><em>Brentford FC &#8211; Preston North End (18.00 Uhr)<\/em><\/strong><\/p>\n\n\n\n<p>sportdigital FUSSBALL: Florian Obst<\/p>\n\n\n\n<p>Serie A, 33. Spieltag: <strong><em>AC Mailand &#8211; FC Parma (19.30 Uhr)<\/em><\/strong><\/p>\n\n\n\n<p>DAZN: Felix Keil<\/p>\n\n\n\n<p>Serie A, 33. Spieltag: <strong><em>US Sassuolo &#8211; Juventus Turin (21.45 Uhr)<\/em><\/strong><\/p>\n\n\n\n<p>DAZN: Guido H\u00fcsgen<\/p>\n\n\n\n<p>Serie A, 33. Spieltag: <strong><em>Udinese Calcio &#8211; Lazio Rom (21.45 Uhr)<\/em><\/strong><\/p>\n\n\n\n<p>DAZN: Julian Engelhard<\/p>\n\n\n\n<p>Serie A, 33. Spieltag: <strong><em>AS Rom &#8211; Hellas Verona (21.45 Uhr)<\/em><\/strong><\/p>\n\n\n\n<p>DAZN: Stefan Galler<\/p>\n\n\n\n<p>Liga NOS, 32. Spieltag: <strong><em>FC Porto &#8211; Sporting Lissabon (22.30 Uhr)<\/em><\/strong><\/p>\n\n\n\n<p>DAZN: David Ploch<\/p>\n\n\n\n<p>sportdigital FUSSBALL: Karsten Linke<\/p>\n\n\n\n<p><span style=\"text-decoration: underline;\">Donnerstag, 16. Juli 2020<\/span><\/p>\n\n\n\n<p>Hyundai A-League, 28. Spieltag: <strong><em>Melbourne Victory &#8211; Western United FC (11.36 Uhr)<\/em><\/strong><\/p>\n\n\n\n<p>sportdigital FUSSBALL: Christian Blunck<\/p>\n\n\n\n<p>Sky Bet Championship, 44. Spieltag: <strong><em>Leeds United &#8211; FC Barnsley (18.00 Uhr)<\/em><\/strong><\/p>\n\n\n\n<p>sportdigital FUSSBALL: Karsten Linke<\/p>\n\n\n\n<p>LaLiga, 37. Spieltag: ???<\/p>\n\n\n\n<p>Serie A, 33. Spieltag: <strong><em>SPAL &#8211; Inter Mailand (21.45 Uhr)<\/em><\/strong><\/p>\n\n\n\n<p>DAZN: Mario Rieker<\/p>\n\n\n\n<p><strong>Die Analyse<\/strong><\/p>\n\n\n\n<p>Den drittletzten Spieltag der Premier League l\u00e4uten Chelsea und Norwich ein. Hannes Herrmann sitzt f\u00fcr Sky am Mikro. Dem PL-Experten sind wieder einmal drei Eins\u00e4tze verg\u00f6nnt. Er meldet sich auch bei Burnley gegen Wolverhampton und Everton gegen Aston Villa zu Wort. Jogi Hebel kommentiert Newcastle gegen Tottenham sowie den Aufgalopp von Manchester United bei Crystal Palace.<\/p>\n\n\n\n<p>Manchester City, das nun also doch n\u00e4chste Saison in der Champions League ran darf (kein Kommentar), bekommt es mit Bournemouth zu tun. Eine Sache f\u00fcr Toni Tomic. Wenig \u00fcberraschend begleitet Florian Schmidt-Sommerfeld Arsenal gegen Liverpool. Experte ist Ren\u00e9 Adler. Roland Evers bekommt es mit Leicester und Sheffield zu tun. Der Meister von 2016 bangt noch um die CL-Teilnahme. Markus Gaupp sitzt bei Southampton gegen Brighton am Mikro.<\/p>\n\n\n\n<p><strong>LaLiga noch ungekl\u00e4rt \/ Meisterschaft in Portugal m\u00f6glich<\/strong><\/p>\n\n\n\n<p>F\u00fcr den internationalen Fu\u00dfball gibt es erstmal nur die unvollst\u00e4ndige Version. Denn DAZN hat sich laut eigenen Angaben noch nicht festgelegt, welche LaLiga-Spiele man austr\u00e4gt. Hintergrund: In Spanien stehen nur noch zwei Spieltage bevor, genau wie in der Bundesliga werden diese zur Vorbeugung einer Wettbewerbsverzerrung zeitgleich ausgetragen. M\u00f6glich ist also auch eine GoalZone, wie wir sie bereits aus der Europa League kennen. Ein Format, das sich in meinen Augen hier sehr anbietet, zumal es nur beim Duell Eibar gegen Valladolid um nichts mehr geht. Wir sind gespannt und tragen die Infos nach, sobald ein Blick in die Programmvorschau Klarheit verschafft.<\/p>\n\n\n\n<p>Kurzer Blick nach Italien: Lazio Rom h\u00e4tte mit einem Sieg \u00fcber Sassuolo seine Meisterschaftschancen wahren k\u00f6nnen, doch \u00fcberraschend verlor das Team von Simone Inzaghi vor heimischer Kulisse mit 1:2. Nun trifft Juventus auf den Ex-Klub von Kevin Prince-Boateng. Guido H\u00fcsgen kommentiert. Lazio gastiert zeitgleich&nbsp;am Mittwoch (21.45 Uhr)&nbsp;bei Udinese. Der zuletzt nur noch selten bedachte LaLiga-Experte Julian Engelhard \u00fcbernimmt.<\/p>\n\n\n\n<p>In Portugal kann der FC Porto die Meisterschaft klarmachen. Sporting Lissabon k\u00f6nnte die Drag\u00f5es&nbsp;dabei noch \u00e4rgern. F\u00fcr DAZN berichtet David Ploch, f\u00fcr sportdigital FUSSBALL Karsten Linke.<\/p>\n\n\n\n<p>In diesem Sinne euch eine sch\u00f6ne Woche, bleibt gesund!<\/p>\n","protected":false},"excerpt":{"rendered":"<p>N\u2019Abend allerseits, Mit dem R\u00fcckspiel in der Relegation zwischen N\u00fcrnberg und Ingolstadt endete am Samstag die Saison in Deutschlands Profifu\u00dfball endg\u00fcltig. Anlass genug, um zu versuchen, unter den sportlichen Schlussstrich ein kleines Fazit zu ziehen. Denn die vergangenen zwei Fu\u00dfball-Monate waren gew\u00f6hnungsbed\u00fcrftig, denkw\u00fcrdig und stellenweise sogar ein wenig befremdlich. Leere Stadien, zur\u00fcckhaltender Jubel und akribische [&hellip;]<\/p>\n","protected":false},"author":2,"featured_media":0,"comment_status":"open","ping_status":"open","sticky":false,"template":"","format":"standard","meta":{"footnotes":""},"categories":[429],"tags":[60,165,13,89,155,104,103,315,59,159,79,121,23,84,45,127,22,24],"class_list":["post-2887","post","type-post","status-publish","format-standard","hentry","category-diverses","tag-bundesliga","tag-david-ploch","tag-dazn","tag-florian-schmidt-sommerfeld","tag-guido-huesgen","tag-hannes-herrmann","tag-jogi-hebel","tag-julian-engelhard","tag-karsten-linke","tag-la-liga","tag-liga-nos","tag-markus-gaupp","tag-premier-league","tag-rene-adler","tag-roland-evers","tag-serie-a","tag-sky","tag-toni-tomic"],"_links":{"self":[{"href":"http:\/\/kommentatorenblog.de\/index.php?rest_route=\/wp\/v2\/posts\/2887","targetHints":{"allow":["GET"]}}],"collection":[{"href":"http:\/\/kommentatorenblog.de\/index.php?rest_route=\/wp\/v2\/posts"}],"about":[{"href":"http:\/\/kommentatorenblog.de\/index.php?rest_route=\/wp\/v2\/types\/post"}],"author":[{"embeddable":true,"href":"http:\/\/kommentatorenblog.de\/index.php?rest_route=\/wp\/v2\/users\/2"}],"replies":[{"embeddable":true,"href":"http:\/\/kommentatorenblog.de\/index.php?rest_route=%2Fwp%2Fv2%2Fcomments&post=2887"}],"version-history":[{"count":23,"href":"http:\/\/kommentatorenblog.de\/index.php?rest_route=\/wp\/v2\/posts\/2887\/revisions"}],"predecessor-version":[{"id":2913,"href":"http:\/\/kommentatorenblog.de\/index.php?rest_route=\/wp\/v2\/posts\/2887\/revisions\/2913"}],"wp:attachment":[{"href":"http:\/\/kommentatorenblog.de\/index.php?rest_route=%2Fwp%2Fv2%2Fmedia&parent=2887"}],"wp:term":[{"taxonomy":"category","embeddable":true,"href":"http:\/\/kommentatorenblog.de\/index.php?rest_route=%2Fwp%2Fv2%2Fcategories&post=2887"},{"taxonomy":"post_tag","embeddable":true,"href":"http:\/\/kommentatorenblog.de\/index.php?rest_route=%2Fwp%2Fv2%2Ftags&post=2887"}],"curies":[{"name":"wp","href":"https:\/\/api.w.org\/{rel}","templated":true}]}}