{"id":2890,"date":"2018-11-26T17:48:00","date_gmt":"2018-11-26T16:48:00","guid":{"rendered":"http:\/\/kommentatorenblog.de\/?p=2890"},"modified":"2021-03-02T19:14:03","modified_gmt":"2021-03-02T18:14:03","slug":"kommentatorenblog-1009-favoriten-mangelware","status":"publish","type":"post","link":"http:\/\/kommentatorenblog.de\/?p=2890","title":{"rendered":"[Kommentatorenblog 1009] \u2013 Favoriten? Mangelware!"},"content":{"rendered":"\n<p>N\u2019Abend allerseits!<\/p>\n\n\n\n<p>Bald beginnt sie wieder, die Darts WM. Zuletzt gab es das Turnier um die Player\u00b4s Championship. \u201eMighty Mike\u201c, Michael van Gerwen, seines Zeichens Weltranglistenerster, verlor im Finale jedoch gegen \u201eSuperchin\u201c Daryl Gurney. Eine ziemlich \u00fcberraschende Niederlage meiner Meinung nach, hatte MVG zuvor doch noch ein klasse Spiel gegen Gary Anderson absolviert. Wer sind die Favoriten der WM? Van Gerwen ist und bleibt f\u00fcr mich der Topfavorit. Der amtierende Weltmeister, Rob Cross, hat ein Jahr mit relativ wenig Erfolg hinter sich, konnte aber immerhin in Brisbane dann doch ein TV Turnier gewinnen, Gegner war kein geringerer wie Mighty Mike. Als amtierender Weltmeister muss man ihn auf dem Zettel stehen haben, aber um ehrlich zu sein, rechne ich nicht mit einer Titelverteidigung.<\/p>\n\n\n\n<p>Die aktuelle Nummer 3 der Welt, Peter Wright, macht zurzeit recht schwere Zeiten durch, bei ihm l\u00e4uft es derzeit nicht wirklich rund. Der einzige, der aus meiner Sicht auch das Zeug zum Weltmeister hat, ist der Schotte Gary Anderson. Es ist eine Wundert\u00fcte, diese WM. Gro\u00dfe Namen wie Lewis, Chisnall oder Wade haben nicht unbedingt ihr bestes Jahr hinter sich. Ich bin gespannt, was sagt ihr dazu?<\/p>\n\n\n\n<p><em><strong>Die Ansetzungen vom 27. November 2018 bis zum 29. November 2018<\/strong><\/em><\/p>\n\n\n\n<p><em><strong>UEFA Champions League, 5. Spieltag<\/strong><\/em><\/p>\n\n\n\n<p>Dienstag, 28. November 2018 ab 18.45 Uhr (DAZN) bzw. 18.50 Uhr (Sky)<\/p>\n\n\n\n<p><em><strong>AEK Athen \u2013 Ajax Amsterdam (18.55 Uhr)<\/strong><\/em><\/p>\n\n\n\n<ul class=\"wp-block-list\"><li>DAZN: Tino Polster (Einzelspiel)<\/li><li>Sky: Roland Evers (Konferenz)<\/li><\/ul>\n\n\n\n<p><strong><em>ZSKA Moskau \u2013 Pilsen (18.55 Uhr)<\/em><\/strong><\/p>\n\n\n\n<ul class=\"wp-block-list\"><li>DAZN: Flo Eckl (Einzelspiel)<\/li><li>Sky: Holger Pfandt (Konferenz)<\/li><\/ul>\n\n\n\n<p>Ab 19.30 Uhr (Sky) bzw. 20.45 Uhr (DAZN)<\/p>\n\n\n\n<p><em><strong>FC&nbsp;Bayern M\u00fcnchen&nbsp;\u2013&nbsp;Benfica Lissabon (21.00 Uhr)<\/strong><\/em><\/p>\n\n\n\n<ul class=\"wp-block-list\"><li>Sky: Wolff Fuss (Einzelspiel), Frank Buschmann (Konferenz)<\/li><\/ul>\n\n\n\n<p><strong><em>TSG Hoffenheim \u2013 Schachtjor Donezk (21.00 Uhr)<\/em><\/strong><\/p>\n\n\n\n<ul class=\"wp-block-list\"><li>DAZN: Marco Hagemann, Experte: Jonas Hummels (Einzelspiel)<\/li><li>Sky: Martin Gro\u00df (Konferenz)<\/li><\/ul>\n\n\n\n<p>Moderation (DAZN): Tobi Wahnschaffe<\/p>\n\n\n\n<p><strong><em>Juventus \u2013 Valencia (21.00 Uhr)<\/em><\/strong><\/p>\n\n\n\n<ul class=\"wp-block-list\"><li>DAZN: Lukas Sch\u00f6nm\u00fcller, Experte: Tobias Schweinsteiger (Einzelspiel)<\/li><li>Sky: Toni Tomic (Konferenz)<\/li><\/ul>\n\n\n\n<p><em><strong>AS Rom \u2013 Real Madrid (21.00 Uhr)<\/strong><\/em><\/p>\n\n\n\n<ul class=\"wp-block-list\"><li>DAZN: Oliver Forster, Experte: Benny Lauth (Einzelspiel)<\/li><li>Sky: Marcus Lindemann (Konferenz)<\/li><\/ul>\n\n\n\n<p><em><strong>Manchester United \u2013 Young Boys (21.00 Uhr)<\/strong><\/em><\/p>\n\n\n\n<ul class=\"wp-block-list\"><li>DAZN: Uwe Morawe, Experte: Sebastian Knei\u00dfl (Einzelspiel)<\/li><li>Sky: Klaus Veltmann (Konferenz)<\/li><\/ul>\n\n\n\n<p><em><strong>Lyon \u2013 Manchester City (21.00 Uhr)<\/strong><\/em><\/p>\n\n\n\n<ul class=\"wp-block-list\"><li>DAZN: Andreas Renner, Experte: Alexis Menuge (Einzelspiel)<\/li><li>Sky: Michael Born (Konferenz)<\/li><\/ul>\n\n\n\n<p>Mittwoch, 28. November 2018 ab 18.45 Uhr (DAZN) bzw. 18.50 Uhr (Sky)<\/p>\n\n\n\n<p><em><strong>Atletico Madrid \u2013 Monaco (18.55 Uhr)<\/strong><\/em><\/p>\n\n\n\n<ul class=\"wp-block-list\"><li>DAZN: Matthias Naebers (Einzelspiel)<\/li><li>Sky: Roland Evers (Konferenz)<\/li><\/ul>\n\n\n\n<p><em><strong>Lok Moskau \u2013 Galatasaray (18.55 Uhr)<\/strong><\/em><\/p>\n\n\n\n<ul class=\"wp-block-list\"><li>DAZN: Guido H\u00fcsgen, Experte: Necat Ayg\u00fcn (Einzelspiel)<\/li><li>Sky: Klaus Veltmann (Konferenz)<\/li><\/ul>\n\n\n\n<p>Ab 19.30 Uhr (Sky) bzw. 20.45 Uhr (DAZN)<\/p>\n\n\n\n<p><em><strong>Borussia Dortmund \u2013 FC Br\u00fcgge (21.00 Uhr)<\/strong><\/em><\/p>\n\n\n\n<ul class=\"wp-block-list\"><li>Sky: Kai Dittmann (Einzelspiel), Wolff Fuss (Konferenz)<\/li><\/ul>\n\n\n\n<p><em><strong>FC Porto \u2013 FC Schalke 04 (21.00 Uhr)<\/strong><\/em><\/p>\n\n\n\n<ul class=\"wp-block-list\"><li>DAZN: Jan Platte, Experte: Per Mertesacker (Einzelspiel)<\/li><li>Sky: Martin Gro\u00df (Konferenz)<\/li><\/ul>\n\n\n\n<p><em><strong>PSV \u2013 FC Barcelona (21.00 Uhr)<\/strong><\/em><\/p>\n\n\n\n<ul class=\"wp-block-list\"><li>DAZN: Andreas Renner, Experte: Jonas Hummels (Einzelspiel)<\/li><li>Sky: Holger Pfandt (Konferenz)<\/li><\/ul>\n\n\n\n<p><em><strong>Neapel \u2013 Roter Stern (21.00 Uhr)<\/strong><\/em><\/p>\n\n\n\n<ul class=\"wp-block-list\"><li>DAZN: Carsten Fu\u00df, Experte: Miki Stevic (Einzelspiel)<\/li><li>Sky: Marcel Meinert (Konferenz)<\/li><\/ul>\n\n\n\n<p><em><strong>Tottenham \u2013 Inter Mailand (21.00 Uhr)<\/strong><\/em><\/p>\n\n\n\n<ul class=\"wp-block-list\"><li>DAZN: Daniel G\u00fcnther, Experte: Moritz Volz (Einzelspiel)<\/li><li>Sky: Michael Born (Konferenz)<\/li><\/ul>\n\n\n\n<p><em><strong>PSG \u2013 Liverpool (21.00 Uhr)<\/strong><\/em><\/p>\n\n\n\n<ul class=\"wp-block-list\"><li>DAZN: Uli Hebel, Experte: Ralph Gunesch (Einzelspiel)<\/li><li>Sky: Toni Tomic (Konferenz)<\/li><\/ul>\n\n\n\n<p>Moderation (DAZN): Lukas Sch\u00f6nm\u00fcller<\/p>\n\n\n\n<p>Moderation (Sky): Michael Leopold, Experten: Dietmar Hamann &amp; Erik Meijer<\/p>\n\n\n\n<hr class=\"wp-block-separator\"\/>\n\n\n\n<p>Donnerstag, 29. November 2018 ab 16.35 Uhr (DAZN)<\/p>\n\n\n\n<p><em><strong>UEFA Europa League, 5. Spieltag<\/strong><\/em><\/p>\n\n\n\n<p><em><strong>GoalZone \u2013 5. Spieltag<\/strong><\/em><\/p>\n\n\n\n<ul class=\"wp-block-list\"><li>DAZN: Christoph Stadtler &amp; Jan L\u00fcdeke, Experte: Sebastian Knei\u00dfl<\/li><\/ul>\n\n\n\n<p><em><strong>Spartak Moskau \u2013 Rapid Wien (16.50 Uhr)<\/strong><\/em><\/p>\n\n\n\n<ul class=\"wp-block-list\"><li>DAZN: Philipp Krummholz, Experte: Andreas Ivanschitz<\/li><\/ul>\n\n\n\n<p>Moderation (DAZN): Sascha Bandermann<\/p>\n\n\n\n<p>Ab 18.55 Uhr (DAZN)<\/p>\n\n\n\n<p><em><strong>Fenerbahce \u2013 Zagreb (18.55 Uhr)<\/strong><\/em><\/p>\n\n\n\n<ul class=\"wp-block-list\"><li>DAZN: Guido H\u00fcsgen, Experte: Necat Ayg\u00fcn<\/li><\/ul>\n\n\n\n<p><em><strong>Bayer 04 Leverkusen \u2013 Rasgrad (18.55 Uhr)<\/strong><\/em><\/p>\n\n\n\n<ul class=\"wp-block-list\"><li>DAZN: Uwe Morawe, Experte: Peter Hyballa<\/li><\/ul>\n\n\n\n<p><em><strong>FC Salzburg \u2013 RB Leipzig (18.55 Uhr)<\/strong><\/em><\/p>\n\n\n\n<ul class=\"wp-block-list\"><li>DAZN: Christian Brugger, Experte. Ralph Gunesch<\/li><li>RTL Nitro: Marco Hagemann, Experte: Steffen Freund<\/li><\/ul>\n\n\n\n<p>Moderation (DAZN): Tobi Wahnschaffe<br>Moderation (RTL Nitro): Laura Wontorra, Experte: Roman Weidenfeller<\/p>\n\n\n\n<p><em><strong>Real Betis \u2013 Pir\u00e4us (18.55 Uhr)<\/strong><\/em><\/p>\n\n\n\n<ul class=\"wp-block-list\"><li>DAZN: Flo Hauser<\/li><\/ul>\n\n\n\n<p><em><strong>AC Mailand \u2013 D\u00fcdelingen (18.55 Uhr)<\/strong><\/em><\/p>\n\n\n\n<ul class=\"wp-block-list\"><li>DAZN: Stefan Galler, Experte: Miki Stevic<\/li><\/ul>\n\n\n\n<p><em><strong>Trondheim \u2013 Celtic (18.55 Uhr)<\/strong><\/em><\/p>\n\n\n\n<ul class=\"wp-block-list\"><li>DAZN: Oliver Forster, Experte: Lutz Pfannenstiel<\/li><\/ul>\n\n\n\n<p>Ab 21.00 Uhr (DAZN)<\/p>\n\n\n\n<p><strong><em>Rangers \u2013 Villarreal (21.00 Uhr)<\/em><\/strong><\/p>\n\n\n\n<ul class=\"wp-block-list\"><li>DAZN: Franz B\u00fcchner, Experte: Sascha Bigalke<\/li><\/ul>\n\n\n\n<p><em><strong>Limassol \u2013 Lazio Rom (21.00 Uhr)<\/strong><\/em><\/p>\n\n\n\n<ul class=\"wp-block-list\"><li>DAZN: Nico Seepe<\/li><\/ul>\n\n\n\n<p><em><strong>Eintracht Frankfurt \u2013 Marseille (21.00 Uhr)<\/strong><\/em><\/p>\n\n\n\n<ul class=\"wp-block-list\"><li>DAZN: Uli Hebel, Experte: Benny Lauth<\/li><\/ul>\n\n\n\n<p>Moderation (DAZN): Alex Schl\u00fcter<\/p>\n\n\n\n<p><em><strong>L\u00fcttich \u2013 FC Sevilla (21.00 Uhr)<\/strong><\/em><\/p>\n\n\n\n<ul class=\"wp-block-list\"><li>DAZN: Max Gross<\/li><\/ul>\n\n\n\n<p><em><strong>Sarpsborg \u2013 Besiktas (21.00 Uhr)<\/strong><\/em><\/p>\n\n\n\n<ul class=\"wp-block-list\"><li>DAZN: Max Siebald<\/li><\/ul>\n\n\n\n<p><em><strong>Chelsea \u2013 PAOK (21.00 Uhr)<\/strong><\/em><\/p>\n\n\n\n<ul class=\"wp-block-list\"><li>DAZN: Daniel G\u00fcnther, Experte: Moritz Volz<\/li><\/ul>\n\n\n\n<p><em>Der Rest der Spiele wird mit dem englischem Worldfeed-Kommentar \u00fcbertragen<\/em><\/p>\n\n\n\n<hr class=\"wp-block-separator\"\/>\n\n\n\n<p><em>Die&nbsp;aufgef\u00fchrten Ansetzungen gew\u00e4hren keine Vollst\u00e4ndigkeit. Die Autoren des Kommentatorenblogs behalten es sich vor, TV-\u00dcbertragungen und Livestreams zu ignorieren. Grunds\u00e4tzlich nicht aufgef\u00fchrt werden Ansetzungen ausl\u00e4ndischer Sender.<\/em><\/p>\n\n\n\n<hr class=\"wp-block-separator\"\/>\n\n\n\n<p><em><strong>Die Analyse<\/strong><\/em><\/p>\n\n\n\n<p>Welch Wunder, Sky pickt sich die Bayern, wer h\u00e4tte es gedacht. Wolff Fuss kommentiert. Somit bleibt DAZN wieder nur die Freude an der TSG aus Hoffenheim, Marco Hagemann ist vor Ort. Ansonsten: Toni Polster mal wieder bei den Holl\u00e4ndern, auch ansonsten sind die Spiele mit bekannten Namen besetzt (Morawe, Forster, Renner). Evers und Pfandt schieben sich bei Sky in der fr\u00fchen Konferenz die B\u00e4lle zu, die sp\u00e4te Konferenz ist, nun ja, Veltmann sei Dank, nichts f\u00fcr mich. Marcus Lindemann ist auch mal wieder in der Box anzutreffen. Warum Toni Tomic in der Champions League solch Spiele mit so gro\u00dfen Namen verfolgen darf, erschlie\u00dft sich mir nicht so ganz. Er ist nicht schlecht, aber ich h\u00f6re ihn l\u00e4ngst nicht so gerne wie Jonas Friedrich oder Michael Born. \u00dcbrigens: Erstgenannter ist, nicht zum ersten mal in dieser Saison, \u00fcberhaupt nicht dabei im europ\u00e4ischen Gesch\u00e4ft.<\/p>\n\n\n\n<p>Der Mittwoch, Sky \u00fcbertr\u00e4gt den BVB und schickt Kai Dittmann in den Pott. Wolff Fuss ist eh schon in M\u00fcnchen, kann das Spiel also auch sch\u00f6n in der Konferenz verfolgen. Klaus Veltmann ersetzt Holger Pfandt in der fr\u00fchen Konferenz, Roland Evers bleibt ein Kind der fr\u00fchen Stunde. Jan Platte und Per Mertesacker reisen den Schalkern hinterher, es geht nach Portugal. Ansonsten reibt sich der geneigte Sky-Zuschauer kurz die Augen, wenn er sieht, dass Andreas Renner parallel zur Konferenz das Einzelspiel des FC Barcelona kommentiert. Ansonsten: Nix besonderes, nur wundere ich mich auch hier \u00fcber die Rolle von Herrn Tomic. Wenigstens kann er dieses mal nicht wieder mit dem ach so lustigen \u00dcndertaker (In Anspielung auf den Spieler der Roma, Cengiz \u00dcnder) anfangen.<\/p>\n\n\n\n<p>Euro League, ganz fr\u00fches Spiel mit \u00d6sterreichischer Beteilung, dementsprechend \u00f6ffnet DAZN schon fr\u00fch die Fu\u00dfballtore. \u00d6sterreichischer Kommentator, \u00f6sterreichischer Experte, deutscher Moderator. Auch nicht schlecht, kommt aber gleich noch kurioser. Guido H\u00fcsgen und Necat Ayg\u00fcn gehen auch in der Euro League Hand in Hand. Leverkusen bleibt irgendwie das ungeliebte Kind der deutschen Vertreter. Dieses mal bekommen sie nicht einmal einen Moderator. Topspiel steigt in Salzburg, DAZN hat mit Ralph Gunesch und Tobi Wahnschaffe zwei deutsche Vertreter ins Nachbarland geschickt, mit Christian Brugger kommentiert das Spiel jedoch haupts\u00e4chlich ein \u00d6sterreicher. Kein Hagemann, kein Hebel, kein Platte bei einem Spiel, bei dem DAZN vor Ort ist. Hagemann ist mit RTL Nitro ebenfalls vor dort, vielleicht winkt er ja mal in die Kamera. Uli Hebel k\u00fcmmert sich um die Eintracht aus Frankfurt.<\/p>\n\n\n\n<p>Euch eine ruhige Woche!<\/p>\n","protected":false},"excerpt":{"rendered":"<p>N\u2019Abend allerseits! Bald beginnt sie wieder, die Darts WM. Zuletzt gab es das Turnier um die Player\u00b4s Championship. \u201eMighty Mike\u201c, Michael van Gerwen, seines Zeichens Weltranglistenerster, verlor im Finale jedoch gegen \u201eSuperchin\u201c Daryl Gurney. Eine ziemlich \u00fcberraschende Niederlage meiner Meinung nach, hatte MVG zuvor doch noch ein klasse Spiel gegen Gary Anderson absolviert. Wer sind [&hellip;]<\/p>\n","protected":false},"author":1,"featured_media":0,"comment_status":"open","ping_status":"open","sticky":false,"template":"","format":"standard","meta":{"footnotes":""},"categories":[429],"tags":[],"class_list":["post-2890","post","type-post","status-publish","format-standard","hentry","category-diverses"],"_links":{"self":[{"href":"http:\/\/kommentatorenblog.de\/index.php?rest_route=\/wp\/v2\/posts\/2890","targetHints":{"allow":["GET"]}}],"collection":[{"href":"http:\/\/kommentatorenblog.de\/index.php?rest_route=\/wp\/v2\/posts"}],"about":[{"href":"http:\/\/kommentatorenblog.de\/index.php?rest_route=\/wp\/v2\/types\/post"}],"author":[{"embeddable":true,"href":"http:\/\/kommentatorenblog.de\/index.php?rest_route=\/wp\/v2\/users\/1"}],"replies":[{"embeddable":true,"href":"http:\/\/kommentatorenblog.de\/index.php?rest_route=%2Fwp%2Fv2%2Fcomments&post=2890"}],"version-history":[{"count":1,"href":"http:\/\/kommentatorenblog.de\/index.php?rest_route=\/wp\/v2\/posts\/2890\/revisions"}],"predecessor-version":[{"id":2891,"href":"http:\/\/kommentatorenblog.de\/index.php?rest_route=\/wp\/v2\/posts\/2890\/revisions\/2891"}],"wp:attachment":[{"href":"http:\/\/kommentatorenblog.de\/index.php?rest_route=%2Fwp%2Fv2%2Fmedia&parent=2890"}],"wp:term":[{"taxonomy":"category","embeddable":true,"href":"http:\/\/kommentatorenblog.de\/index.php?rest_route=%2Fwp%2Fv2%2Fcategories&post=2890"},{"taxonomy":"post_tag","embeddable":true,"href":"http:\/\/kommentatorenblog.de\/index.php?rest_route=%2Fwp%2Fv2%2Ftags&post=2890"}],"curies":[{"name":"wp","href":"https:\/\/api.w.org\/{rel}","templated":true}]}}