{"id":2992,"date":"2020-07-30T17:25:13","date_gmt":"2020-07-30T17:25:13","guid":{"rendered":"http:\/\/kommentatorenblog.de\/?p=2992"},"modified":"2020-12-30T16:04:08","modified_gmt":"2020-12-30T16:04:08","slug":"1093-letzte-runde","status":"publish","type":"post","link":"http:\/\/kommentatorenblog.de\/?p=2992","title":{"rendered":"1093 \u2013 Letzte Runde"},"content":{"rendered":"\n<p>N\u2019Abend allerseits!<\/p>\n\n\n\n<p>Das <a href=\"http:\/\/kommentatorenblog.de\/?p=2976\">Vorwort<\/a> vom Montag gilt weiterhin&#8230;<\/p>\n\n\n\n<p>Neben Fu\u00dfball starten NBA und NHL wieder. Schl\u00fcter, Harder, Vogel, Voigt, Stadtler &amp; Co k\u00fcmmern sich drum. <\/p>\n\n\n\n<p><strong><em>Die Ansetzungen vom 31. Juli 2020 bis zum 03. August 2020<\/em><\/strong><\/p>\n\n\n\n<p><strong>Internationaler Fu\u00dfball<\/strong><\/p>\n\n\n\n<p><span style=\"text-decoration: underline;\">Freitag, 31. Juli 2020<\/span><\/p>\n\n\n\n<p>Coupe de la Ligue:&nbsp;<em><strong>Paris Saint-Germain \u2013 Olympique Lyon (21.10 Uhr)<\/strong><\/em><\/p>\n\n\n\n<p>DAZN: Stefan Galler, Experte: Alexis Menuge <\/p>\n\n\n\n<p><span style=\"text-decoration: underline;\">Samstag, 01. August 2020<\/span><\/p>\n\n\n\n<p>MLS, Viertelfinale:&nbsp;<em><strong>Orlando City \u2013 Los Angeles FC (01.40 Uhr)<\/strong><\/em><\/p>\n\n\n\n<p>sportdigital FUSSBALL: Karsten Linke<\/p>\n\n\n\n<p>Hyundai A-League, 09. Spieltag:&nbsp;<em><strong>Melbourne City \u2013 Sydney FC (09.05 Uhr)<\/strong><\/em><\/p>\n\n\n\n<p>sportdigital FUSSBALL: Christian Blunck <\/p>\n\n\n\n<p>J. League, 08. Spieltag:&nbsp;<strong><em>Gamba Osaka \u2013 Kawasaki Frontale (12.00 Uhr)<\/em><\/strong> <\/p>\n\n\n\n<p>sportdigital FUSSBALL: Ulf Kahmke<\/p>\n\n\n\n<p>Testspiel:&nbsp;<strong><em>Eintracht Frankfurt \u2013 AS Monaco (18.00 Uhr)<\/em><\/strong><\/p>\n\n\n\n<p>DAZN: Mario Rieker, Experte: Sebastian Knei\u00dfl<\/p>\n\n\n\n<p>Sport 1: Oliver Forster<\/p>\n\n\n\n<p>FA Cup, Finale: <strong><em>FC Arsenal \u2013 FC Chelsea (18.30 Uhr)<\/em><\/strong> <\/p>\n\n\n\n<p>DAZN: Uli Hebel, Experte: Helge Payer<\/p>\n\n\n\n<p>Moderation: Tobi Wahnschaffe <\/p>\n\n\n\n<p>Serie A, 38. Spieltag:&nbsp;<em><strong>Juventus Turin \u2013 AS Rom (20.45 Uhr)<\/strong><\/em><\/p>\n\n\n\n<p>DAZN: Carsten Fu\u00df, Experte: Christian Bernhard<\/p>\n\n\n\n<p>Moderation: Lukas Sch\u00f6nm\u00fcller<\/p>\n\n\n\n<p>Serie A, 38. Spieltag:&nbsp;<em><strong>AC Mailand \u2013 Cagliari Calcio (20.45 Uhr)<\/strong><\/em><\/p>\n\n\n\n<p>DAZN: Uwe Morawe, Experte: Michi Hofmann <\/p>\n\n\n\n<p>Serie A, 38. Spieltag:&nbsp;<em><strong>Atalanta Bergamo \u2013 Inter Mailand (20.45 Uhr)<\/strong><\/em><\/p>\n\n\n\n<p>DAZN: Marco Hagemann, Experte: Ralph Gunesch&nbsp;<\/p>\n\n\n\n<p>Serie A, 38. Spieltag:&nbsp;<em><strong>SSC Neapel \u2013 Lazio Rom (20.45 Uhr)<\/strong><\/em><\/p>\n\n\n\n<p>DAZN: Tino Polster, Experte: Jonas Hummels &nbsp;<\/p>\n\n\n\n<p>Taca de Portugal, Finale: <strong><em>Benfica Lissabon \u2013 Sporting Lissabon (21.45 Uhr)<\/em><\/strong> <\/p>\n\n\n\n<p>sportdigital FUSSBALL: Karsten Linke<\/p>\n\n\n\n<p><span style=\"text-decoration: underline;\">Sonntag, 02. August 2020<\/span><\/p>\n\n\n\n<p>MLS, Viertelfinale:&nbsp;<em><strong>San Jose Earthquakes \u2013 Minnesota United (02.10 Uhr)<\/strong><\/em><\/p>\n\n\n\n<p>sportdigital FUSSBALL: Karsten Linke<\/p>\n\n\n\n<p>K League, 14. Spieltag:&nbsp;<strong><em>Busan IPark \u2013 Ulsan Hyundai FC (12.00 Uhr)<\/em><\/strong><\/p>\n\n\n\n<p>sportdigital FUSSBALL: Florian Obst <\/p>\n\n\n\n<p>Serie A, 38. Spieltag:&nbsp;<em><strong>CFC Genua \u2013 Hellas Verona (20.45 Uhr)<\/strong><\/em><\/p>\n\n\n\n<p>DAZN: Tobi Fischbeck<\/p>\n\n\n\n<p>Serie A, 38. Spieltag:&nbsp;<em><strong>Lecce \u2013 Parma (20.45 Uhr)<\/strong><\/em><\/p>\n\n\n\n<p>DAZN: Mario Rieker &nbsp;<\/p>\n\n\n\n<p><strong>Die Analyse<\/strong><\/p>\n\n\n\n<p>Im franz\u00f6sischen Ligapokal gibt\u00b4s mit Galler und Menuge wieder das Duo f\u00fcr den franz\u00f6sischen Fu\u00dfball. In der Serie A spielen alle Topteams am Samstag. DAZN besetzt diese Spiele alle mit deutschem Kommentar. Fu\u00df, Bernhard und Sch\u00f6nm\u00fcller k\u00fcmmern sich um den Meister. Sonntag werden nicht alle Partien von deutschen Stimmen begleitet. <\/p>\n\n\n\n<p>Karsten Linke kommentiert am Wochenende drei Partien innerhalb von 26 Stunden &#8211; Wahnsinn. <\/p>\n\n\n\n<p>Macht das Beste draus!<\/p>\n","protected":false},"excerpt":{"rendered":"<p>N\u2019Abend allerseits! Das Vorwort vom Montag gilt weiterhin&#8230; Neben Fu\u00dfball starten NBA und NHL wieder. Schl\u00fcter, Harder, Vogel, Voigt, Stadtler &amp; Co k\u00fcmmern sich drum. Die Ansetzungen vom 31. Juli 2020 bis zum 03. August 2020 Internationaler Fu\u00dfball Freitag, 31. Juli 2020 Coupe de la Ligue:&nbsp;Paris Saint-Germain \u2013 Olympique Lyon (21.10 Uhr) DAZN: Stefan Galler, [&hellip;]<\/p>\n","protected":false},"author":3,"featured_media":0,"comment_status":"open","ping_status":"open","sticky":false,"template":"","format":"standard","meta":{"footnotes":""},"categories":[429],"tags":[],"class_list":["post-2992","post","type-post","status-publish","format-standard","hentry","category-diverses"],"_links":{"self":[{"href":"http:\/\/kommentatorenblog.de\/index.php?rest_route=\/wp\/v2\/posts\/2992","targetHints":{"allow":["GET"]}}],"collection":[{"href":"http:\/\/kommentatorenblog.de\/index.php?rest_route=\/wp\/v2\/posts"}],"about":[{"href":"http:\/\/kommentatorenblog.de\/index.php?rest_route=\/wp\/v2\/types\/post"}],"author":[{"embeddable":true,"href":"http:\/\/kommentatorenblog.de\/index.php?rest_route=\/wp\/v2\/users\/3"}],"replies":[{"embeddable":true,"href":"http:\/\/kommentatorenblog.de\/index.php?rest_route=%2Fwp%2Fv2%2Fcomments&post=2992"}],"version-history":[{"count":8,"href":"http:\/\/kommentatorenblog.de\/index.php?rest_route=\/wp\/v2\/posts\/2992\/revisions"}],"predecessor-version":[{"id":3001,"href":"http:\/\/kommentatorenblog.de\/index.php?rest_route=\/wp\/v2\/posts\/2992\/revisions\/3001"}],"wp:attachment":[{"href":"http:\/\/kommentatorenblog.de\/index.php?rest_route=%2Fwp%2Fv2%2Fmedia&parent=2992"}],"wp:term":[{"taxonomy":"category","embeddable":true,"href":"http:\/\/kommentatorenblog.de\/index.php?rest_route=%2Fwp%2Fv2%2Fcategories&post=2992"},{"taxonomy":"post_tag","embeddable":true,"href":"http:\/\/kommentatorenblog.de\/index.php?rest_route=%2Fwp%2Fv2%2Ftags&post=2992"}],"curies":[{"name":"wp","href":"https:\/\/api.w.org\/{rel}","templated":true}]}}