{"id":3004,"date":"2020-08-04T14:45:55","date_gmt":"2020-08-04T14:45:55","guid":{"rendered":"http:\/\/kommentatorenblog.de\/?p=3004"},"modified":"2020-12-30T16:04:04","modified_gmt":"2020-12-30T16:04:04","slug":"1094-rueckkehr-des-internationalen-fussballs","status":"publish","type":"post","link":"http:\/\/kommentatorenblog.de\/?p=3004","title":{"rendered":"1094 \u2013 R\u00fcckkehr des Internationalen Fu\u00dfballs"},"content":{"rendered":"\n<p>N&#8217;Abend allerseits,<\/p>\n\n\n\n<p>lang ersehnt und doch pl\u00f6tzlich ereilt uns die R\u00fcckkehr des internationalen Vereinsfu\u00dfballs. Die Europa League geht nach mittlerweile fast f\u00fcnf Monaten weiter, die K\u00f6nigsklasse folgt dann am kommenden Wochenende.<\/p>\n\n\n\n<p>Bei den meisten Vereinen und wohl gemerkt bei allen deutschen Klubs, die im Wettbewerb noch vertreten sind, steht nur noch das R\u00fcckspiel aus. Frankfurt rennt gegen Basel einem 0:3-R\u00fcckstand aus dem Hinspiel hinterher, Wolfsburg steht nur unwesentlich besser da und muss gegen Donezk ein 1:2 wettmachen. Lediglich Leverkusen, das die Glasgow Rangers  mit 3:1 bezwang, steht vor einer dankbaren Aufgabe. Trotzdem ist alles m\u00f6glich, insbesondere nach einer so langen Pause.<\/p>\n\n\n\n<p>Dann w\u00e4ren da noch kurz die Partien Inter gegen Getafe und Sevilla gegen Rom zu nennen. In beiden F\u00e4llen kam es nicht zu einem Hinspiel, weshalb dort eine Entscheidung binnen 90 Minuten f\u00e4llt. In allen anderen Spielen kommt die Ausw\u00e4rtstorregel tats\u00e4chlich noch zum Tragen, wenngleich sich die Sinnlosigkeit der Regel aufgrund der aktuellen Situation nicht wegdiskutieren l\u00e4sst. Denn ohne Zuschauer bleibt der Heimvorteil eher begrenzt. Ab dem Viertelfinale sind die Austragungsorte dann bekanntlich \u00fcbergreifend das Rheinland und Ruhrgebiet, mit inbegriffen ist unter anderem die Veltins-Arena auf Schalke. <\/p>\n\n\n\n<p><strong>DAZN sichert sich gr\u00f6\u00dftes TV-Paket f\u00fcr K\u00f6nigsklasse<\/strong><\/p>\n\n\n\n<p>Noch befinden wir uns am Ende der Spielzeit 2019\/20, aber ein Blick in die nahe Zukunft lohnt sich. Denn seit heute sind die Infos zu den Champions-League-TV-Rechten ab 2021\/22 raus. Dass Sky als Verlierer dastehen w\u00fcrde stand bereits fest. Nun ist die Frage gekl\u00e4rt, wer das Zepter \u00fcbernimmt. Nicht ganz \u00fcberraschend wird es DAZN sein. Der Internet-Streamingdienst wird pro Saison 121 von 137 Spielen exklusiv zeigen.<\/p>\n\n\n\n<p>Und apropos Internet-Streaming. Die \u00fcbrigen Spiele &#8211; oder genauer gesagt das jeweilige Topspiel am Dienstagabend &#8211; hat sich Amazon unter den Nagel gerissen. Das Duo um Christoph Fetzer und Mirko Slomka hat sich bew\u00e4hrt. Ob es im Lager von Prime Video trotzdem im Laufe der Zeit zu ein wenig Abwechslung kommt? Das Rechtepaket gilt jedenfalls bis 2024. Eure Meinungen zu der Vergabe gerne in die Kommentare!<\/p>\n\n\n\n<p>Dieser Eintrag kommt \u00fcbrigens nicht wegen der TV-Rechte, sondern deshalb einen Tag sp\u00e4ter, weil DAZN die Ansetzungen gestern noch nicht parat hatte. Klar war jedoch &#8211; und das war wenig \u00fcberraschend &#8211; es wird eine GoalZone geben. Wer was kommentiert und warum auch nach dem Ende der Premier League ein Blick auf die Insel lohnt, erfahrt ihr unten in der Analyse.<\/p>\n\n\n\n<p><strong><em>Die Ansetzungen vom 4. August 2020 bis zum 6. August 2020<\/em><\/strong> <\/p>\n\n\n\n<p><strong>Europa League, Achtelfinale (R\u00fcckspiel)<\/strong><\/p>\n\n\n\n<p><span style=\"text-decoration: underline;\">Mittwoch, 5. August 2020, ab 18.55 Uhr (DAZN)<\/span><\/p>\n\n\n\n<p><strong><em>Goalzone<\/em><\/strong><\/p>\n\n\n\n<p>DAZN: Jan L\u00fcdeke, Experte: Ralph Gunesch <\/p>\n\n\n\n<p><em><strong>Schachtjor Donezk<\/strong><\/em> <em><strong>\u2013<\/strong><\/em> <em><strong>VfL Wolfsburg (18.55 Uhr)<\/strong><\/em><\/p>\n\n\n\n<p>DAZN: Lukas Sch\u00f6nm\u00fcller, Expert: Benny Lauth<\/p>\n\n\n\n<p><em><strong>FC Kopenhagen &#8211; Istanbul Basaksehir (18.55 Uhr)<\/strong><\/em><\/p>\n\n\n\n<p>DAZN: David Ploch <\/p>\n\n\n\n<p><span style=\"text-decoration: underline;\">ab 21 Uhr (DAZN)<\/span><\/p>\n\n\n\n<p><strong><em>Manchester United<\/em><\/strong> <em><strong>\u2013<\/strong><\/em> <strong><em>LASK (21.00 Uhr)<\/em><\/strong><\/p>\n\n\n\n<p>DAZN: Christian Brugger, Experte: Helge Payer <\/p>\n\n\n\n<p><em><strong>Inter Mailand<\/strong><\/em> <em><strong>\u2013<\/strong><\/em> <em><strong>FC Getafe (21.00 Uhr)<\/strong><\/em><\/p>\n\n\n\n<p>DAZN: Carsten Fu\u00df, Experte: Christian Bernhard <\/p>\n\n\n\n<p><span style=\"text-decoration: underline;\">Donnerstag, 6. August 2020, ab 18.55 Uhr (DAZN)<\/span><\/p>\n\n\n\n<p><strong><em>Goalzone<\/em><\/strong><\/p>\n\n\n\n<p>DAZN: Christoph Stadtler, Experte: Jonas Hummels <\/p>\n\n\n\n<p><em><strong>FC Sevilla<\/strong><\/em> <em><strong>\u2013<\/strong><\/em> <em><strong>AS Rom (18.55 Uhr)<\/strong><\/em><\/p>\n\n\n\n<p>DAZN: Max Gross, Experte: Christian Bernhard<\/p>\n\n\n\n<p><em><strong>Bayer 04 Leverkusen<\/strong><\/em> <em><strong>\u2013<\/strong><\/em> <em><strong>Glasgow Rangers (18.55 Uhr)<\/strong><\/em><\/p>\n\n\n\n<p>DAZN: Uli Hebel, Experte: Sebastian Knei\u00dfl<\/p>\n\n\n\n<p>Moderation (DAZN): Tobi Wahnschaffe, Field-Reporter: Max Siebald<\/p>\n\n\n\n<p><span style=\"text-decoration: underline;\">ab 20.15 Uhr (RTL) \/ 21 Uhr (DAZN)<\/span><\/p>\n\n\n\n<p><strong><em>FC Basel<\/em><\/strong> <em><strong>\u2013<\/strong><\/em> <strong><em>Eintracht Frankfurt (21.00 Uhr)<\/em><\/strong><\/p>\n\n\n\n<p>RTL: Marco Hagemann, Experte: Steffen Freund<\/p>\n\n\n\n<p>Moderation (RTL): Laura Wontorra, Gast: Roman Weidenfeller<\/p>\n\n\n\n<p>DAZN: Jan Platte, Experte: Ralph Gunesch<\/p>\n\n\n\n<p><em><strong>Wolverhampton Wanderers<\/strong><\/em> <em><strong>\u2013<\/strong><\/em> <em><strong>Olympiakos Pir\u00e4us (21.00 Uhr)<\/strong><\/em><\/p>\n\n\n\n<p>DAZN: Flo Hauser<\/p>\n\n\n\n<p><strong>Internationaler Fu\u00dfball<\/strong><\/p>\n\n\n\n<p><span style=\"text-decoration: underline;\">Dienstag, 4. August 2020<\/span><\/p>\n\n\n\n<p>Sky Bet Championship, Playoff-Finale: <strong><em> Brentford FC<\/em><\/strong> <em><strong>\u2013<\/strong><\/em> <strong><em>FC Fulham (20.45 Uhr)<\/em><\/strong><\/p>\n\n\n\n<p>DAZN: Uli Hebel, Experte: Ralph Gunesch<\/p>\n\n\n\n<p>sportdigital FUSSBALL: Flo Obst<\/p>\n\n\n\n<p>Moderation (DAZN): Tobi Wahnschaffe<\/p>\n\n\n\n<p><span style=\"text-decoration: underline;\">Mittwoch, 5. August 2020<\/span><\/p>\n\n\n\n<p>Hyundai A-League, 28. Spieltag: <strong><em>Wellington Phoenix<\/em><\/strong> <em><strong>\u2013<\/strong><\/em> <strong><em>Brisbane Roar (10.05 Uhr)<\/em><\/strong><\/p>\n\n\n\n<p>sportdigital FUSSBALL: Arne Malsch<\/p>\n\n\n\n<p><span style=\"text-decoration: underline;\">Donnerstag, 6. August 2020<\/span><\/p>\n\n\n\n<p>MLS Halbfinale: <strong><em>Philadelphia Union<\/em><\/strong> <em><strong>\u2013<\/strong><\/em> <strong><em>Portland Timbers (2.00 Uhr)<\/em><\/strong><\/p>\n\n\n\n<p>sportdigital FUSSBALL: Christian Blunck<\/p>\n\n\n\n<p>Chinese Super League, 3. Spieltag: <em><strong>Tianjin Teda<\/strong><\/em> <em><strong>\u2013<\/strong><\/em> <em><strong>Beijing Guoan (12.00 Uhr)<\/strong><\/em><\/p>\n\n\n\n<p>sportdigital FUSSBALL: Karsten Linke <\/p>\n\n\n\n<p><strong>Die Analyse<\/strong> <\/p>\n\n\n\n<p>Sowohl am Mittwoch als auch am Donnerstag setzt DAZN auf seine GoalZone. Beim letzten Mal leitete Alex Schl\u00fcter als Moderator durch die Konferenz. Diesmal sind es Jan L\u00fcdecke und Christoph Stadtler, Unterst\u00fctzung gibt es von Ralph Gunesch und Jonas Hummels. <\/p>\n\n\n\n<p>Bei einem Blick auf die Einzelspiele f\u00e4llt auf, dass DAZN mit Max Siebald einen Field-Reporter nach Leverkusen schickt. Kommentieren wird das Spiel Uli Hebel, an seiner Seite ist Sebastian Knei\u00dfl. Tobi Wahnschaffe gibt den Moderator. Die anderen Spiele mit deutscher Beteiligung scheinen aus der Sicht von DAZN ohne Stimmenf\u00e4nger bzw. Personal vor Ort auszukommen. Experten gibt es trotzdem.<\/p>\n\n\n\n<p>Im Aufeinandertreffen von Donezk und Wolfsburg \u00fcbernehmen Lukas Sch\u00f6nm\u00fcller und Benny Lauth, bei Basel und Frankfurt sind es Jan Platte und Ralph Gunesch. Parallel l\u00e4uft das Spiel der Eintracht nat\u00fcrlich auch bei RTL. Laura Wontorra und Roman Weidenfeller berichten bereits ab 20.15 Uhr. Eine Dreiviertelstunde sp\u00e4ter geht es dann richtig los, logischerweise mit dem eingespielten Team Marco Hagemann und Steffen Freund. <\/p>\n\n\n\n<p>Dass Carsten Fu\u00df und Christian Bernhard das Kr\u00e4ftemessen von Inter und Getafe begleiten, kommt nicht von ungef\u00e4hr. \u00dcberraschend ist eher die Personalie Christian Brugger, der schon l\u00e4nger nicht mehr ber\u00fccksichtigt wurde. Doch seine Nationalit\u00e4t hilft bei der Aufkl\u00e4rung: Der \u00d6sterreicher k\u00fcmmert sich um Manchester United und Linz, Landsmann Helge Payer wirkt als Experte mit.<\/p>\n\n\n\n<p><strong>Finale um Premier League steht an<\/strong><\/p>\n\n\n\n<p>Nicht untergehen im Rummel des Euro-League-Restarts sollte die Begegnung zwischen Brentford und Fulham heute Abend. DAZN berichtet, wer n\u00e4chstes Jahr in der Premier League auflaufen wird. F\u00fcr Fulham w\u00e4re ein Erfolg gleichbedeutend mit dem direkten Wiederaufstieg. Ein brisantes Duell, dem der Streamingdienst deshalb sogar einen 15-minutigen Vorbericht widmet&#8230; ungewohnt, aber gern genommen. Achja, Uli Hebel und Ralph Gunesch sind am Mikro. Flo Obst bietet die Alternative f\u00fcr alle Empf\u00e4nger von sportdigital FUSSBALL.<\/p>\n\n\n\n<p>In diesem Sinne, Euch eine sch\u00f6ne Woche!<\/p>\n","protected":false},"excerpt":{"rendered":"<p>N&#8217;Abend allerseits, lang ersehnt und doch pl\u00f6tzlich ereilt uns die R\u00fcckkehr des internationalen Vereinsfu\u00dfballs. Die Europa League geht nach mittlerweile fast f\u00fcnf Monaten weiter, die K\u00f6nigsklasse folgt dann am kommenden Wochenende. Bei den meisten Vereinen und wohl gemerkt bei allen deutschen Klubs, die im Wettbewerb noch vertreten sind, steht nur noch das R\u00fcckspiel aus. Frankfurt [&hellip;]<\/p>\n","protected":false},"author":2,"featured_media":0,"comment_status":"open","ping_status":"open","sticky":false,"template":"","format":"standard","meta":{"footnotes":""},"categories":[425],"tags":[166,131,164,319,171,13,42,318,228,123,48,169,44,205,43,279,23,290,108,269,138,222,22,151,252,105],"class_list":["post-3004","post","type-post","status-publish","format-standard","hentry","category-champions-league-und-co","tag-benny-lauth","tag-carsten-fuss","tag-christian-bernhard","tag-christian-brugger","tag-christoph-stadtler","tag-dazn","tag-europa-league","tag-flo-eckl","tag-helge-payer","tag-jan-luedeke","tag-jan-platte","tag-jonas-hummels","tag-laura-wontorra","tag-lukas-schoenmueller","tag-marco-hagemann","tag-max-siebald","tag-premier-league","tag-primevideo","tag-ralph-gunesch","tag-roman-weidenfeller","tag-rtl","tag-sebastian-kneissl","tag-sky","tag-steffen-freund","tag-tobi-wahnschaffe","tag-uli-hebel"],"_links":{"self":[{"href":"http:\/\/kommentatorenblog.de\/index.php?rest_route=\/wp\/v2\/posts\/3004","targetHints":{"allow":["GET"]}}],"collection":[{"href":"http:\/\/kommentatorenblog.de\/index.php?rest_route=\/wp\/v2\/posts"}],"about":[{"href":"http:\/\/kommentatorenblog.de\/index.php?rest_route=\/wp\/v2\/types\/post"}],"author":[{"embeddable":true,"href":"http:\/\/kommentatorenblog.de\/index.php?rest_route=\/wp\/v2\/users\/2"}],"replies":[{"embeddable":true,"href":"http:\/\/kommentatorenblog.de\/index.php?rest_route=%2Fwp%2Fv2%2Fcomments&post=3004"}],"version-history":[{"count":19,"href":"http:\/\/kommentatorenblog.de\/index.php?rest_route=\/wp\/v2\/posts\/3004\/revisions"}],"predecessor-version":[{"id":3024,"href":"http:\/\/kommentatorenblog.de\/index.php?rest_route=\/wp\/v2\/posts\/3004\/revisions\/3024"}],"wp:attachment":[{"href":"http:\/\/kommentatorenblog.de\/index.php?rest_route=%2Fwp%2Fv2%2Fmedia&parent=3004"}],"wp:term":[{"taxonomy":"category","embeddable":true,"href":"http:\/\/kommentatorenblog.de\/index.php?rest_route=%2Fwp%2Fv2%2Fcategories&post=3004"},{"taxonomy":"post_tag","embeddable":true,"href":"http:\/\/kommentatorenblog.de\/index.php?rest_route=%2Fwp%2Fv2%2Ftags&post=3004"}],"curies":[{"name":"wp","href":"https:\/\/api.w.org\/{rel}","templated":true}]}}